{"id":22304,"date":"2019-05-21T22:53:18","date_gmt":"2019-05-21T20:53:18","guid":{"rendered":"https:\/\/www.laguiadepamplona.es\/actualidad\/?p=22304"},"modified":"2019-05-21T22:53:18","modified_gmt":"2019-05-21T20:53:18","slug":"el-ayuntamiento-de-pamplona-celebra-el-dia-de-la-diversidad-cultural-con-un-brindis-festivo-con-colectivos-y-asociaciones-que-trabajan-por-la-convivencia-y-la-pluralidad","status":"publish","type":"post","link":"https:\/\/www.laguiadepamplona.com\/actualidad\/el-ayuntamiento-de-pamplona-celebra-el-dia-de-la-diversidad-cultural-con-un-brindis-festivo-con-colectivos-y-asociaciones-que-trabajan-por-la-convivencia-y-la-pluralidad\/","title":{"rendered":"El Ayuntamiento de Pamplona celebra el D\u00eda de la Diversidad Cultural con un brindis festivo con colectivos y asociaciones que trabajan por la convivencia y la pluralidad"},"content":{"rendered":"<p><!--more--><\/p>\n<h3>Representantes de m\u00e1s de una veintena de colectivos han participado en el acto, esta tarde en el Palacio del Condestable<\/h3>\n<p>El Ayuntamiento de Pamplona ha celebrado hoy 21 de mayo el D\u00eda de la Diversidad Cultural para el Di\u00e1logo y el Desarrollo con un brindis festivo con los colectivos y asociaciones que trabajan en este \u00e1mbito. Las entidades, que forman parte del Foro de la Diversidad Cultural de Pamplona, han acompa\u00f1ado a los representantes municipales en un acto simb\u00f3lico realizado en el patio del Palacio del Condestable. Con este brindis, el Ayuntamiento ha querido poner en valor la pluralidad y fomentar la imagen positiva de la convivencia de la diversidad cultural de la ciudad.<\/p>\n<p>El D\u00eda Mundial de la Diversidad Cultura para el Di\u00e1logo y el Desarrollo es una jornada instituida por la ONU en 2002.Seg\u00fan recoge la Declaraci\u00f3n Universal de Derechos Humanos, la diversidad \u201cconstituye patrimonio com\u00fan de la humanidad y debe reconocerse y consolidarse en beneficio de las generaciones presentes y futuras\u201d. En esa l\u00ednea se enmarca el trabajo del Foro de la Diversidad Cultural de Pamplona, creado a finales de 2016 con el objetivo de trabajar por los derechos y la igualdad de oportunidades de todas las personas de la ciudad, independientemente de su origen.<\/p>\n<p>De entre las m\u00e1s de 20 asociaciones presentes en esa reflexi\u00f3n estrat\u00e9gica hoy en el Palacio del Condestable levantaban su copa Pirina (Bulgaria), Asocolon (Colombia), Centro Argentino Navarro (Argentina), Renacer Andino (Ecuador), Balgarskite Kipri (Bulgaria), Orfey BG (Bulgaria), Asociaci\u00f3n Peruarte (Per\u00fa), Rosa de Bulgaria (Bulgaria), Asociaci\u00f3n Munata Folklor Boliviano (Bolivia), Mujeres del Ma\u00edz (Nicaragua), Asociaci\u00f3n Folklorica Boliviana (Bolivia), Asociaci\u00f3n Integraci\u00f3n sin Fronteras, EH11kolore, Zaska Red Antirrumores de Navarra y la Federaci\u00f3n de Asociaciones de Inmigrantes FAIN, entre otras.<\/p>\n<p>Las copas se han retirado de una mesa cubierta por un mantel multicultural. Se trata de una pieza de patchwork creada hace un a\u00f1o a partir de la agregaci\u00f3n de retazos de tela o tapices aportados por las asociaciones del foro de la diversidad cultural seleccionadas como representativas de sus culturas. El mantel fue cosido a mano entre 11 personas del Tajo municipal de Corte y Confecci\u00f3n, un programa de empleo social en el que conviven diversas nacionalidades. El mantel, su dise\u00f1o, colorido, texturas y composici\u00f3n, quer\u00eda ser tambi\u00e9n un s\u00edmbolo del trabajo com\u00fan y los resultados compartidos, en definitiva, de la poblaci\u00f3n de la ciudad.<\/p>\n<p>Como complemento al brindis, varias asociaciones han llevado por iniciativa propia platos t\u00edpicos de su pa\u00eds, para que todos pudiesen degustarlas.<\/p>\n","protected":false},"excerpt":{"rendered":"","protected":false},"author":1,"featured_media":22306,"comment_status":"open","ping_status":"closed","sticky":false,"template":"","format":"standard","meta":{"footnotes":""},"categories":[2],"tags":[],"class_list":["post-22304","post","type-post","status-publish","format-standard","has-post-thumbnail","hentry","category-ayuntamiento-pamplona"],"yoast_head":"<!-- This site is optimized with the Yoast SEO plugin v27.3 - https:\/\/yoast.com\/product\/yoast-seo-wordpress\/ -->\n<title>El Ayuntamiento de Pamplona celebra el D\u00eda de la Diversidad Cultural con un brindis festivo con colectivos y asociaciones que trabajan por la convivencia y la pluralidad<\/title>\n<meta name=\"robots\" content=\"index, follow, max-snippet:-1, max-image-preview:large, max-video-preview:-1\" \/>\n<link rel=\"canonical\" href=\"https:\/\/www.laguiadepamplona.com\/actualidad\/el-ayuntamiento-de-pamplona-celebra-el-dia-de-la-diversidad-cultural-con-un-brindis-festivo-con-colectivos-y-asociaciones-que-trabajan-por-la-convivencia-y-la-pluralidad\/\" \/>\n<meta property=\"og:locale\" content=\"es_ES\" \/>\n<meta property=\"og:type\" content=\"article\" \/>\n<meta property=\"og:title\" content=\"El Ayuntamiento de Pamplona celebra el D\u00eda de la Diversidad Cultural con un brindis festivo con colectivos y asociaciones que trabajan por la convivencia y la pluralidad\" \/>\n<meta property=\"og:url\" content=\"https:\/\/www.laguiadepamplona.com\/actualidad\/el-ayuntamiento-de-pamplona-celebra-el-dia-de-la-diversidad-cultural-con-un-brindis-festivo-con-colectivos-y-asociaciones-que-trabajan-por-la-convivencia-y-la-pluralidad\/\" \/>\n<meta property=\"og:site_name\" content=\"La Gu\u00eda de Pamplona\" \/>\n<meta property=\"article:publisher\" content=\"https:\/\/www.facebook.com\/laguiadepamplonacom-133175176762273\/?ref=hl\" \/>\n<meta property=\"article:published_time\" content=\"2019-05-21T20:53:18+00:00\" \/>\n<meta property=\"og:image\" content=\"https:\/\/www.laguiadepamplona.com\/actualidad\/wp-content\/uploads\/2019\/05\/dia-diversidad-cultural-2019.jpg\" \/>\n\t<meta property=\"og:image:width\" content=\"1920\" \/>\n\t<meta property=\"og:image:height\" content=\"1280\" \/>\n\t<meta property=\"og:image:type\" content=\"image\/jpeg\" \/>\n<meta name=\"author\" content=\"La Gu\u00eda de Pamplona\" \/>\n<meta name=\"twitter:card\" content=\"summary_large_image\" \/>\n<meta name=\"twitter:creator\" content=\"@LaGuiadPamplona\" \/>\n<meta name=\"twitter:site\" content=\"@LaGuiadPamplona\" \/>\n<meta name=\"twitter:label1\" content=\"Escrito por\" \/>\n\t<meta name=\"twitter:data1\" content=\"La Gu\u00eda de Pamplona\" \/>\n\t<meta name=\"twitter:label2\" content=\"Tiempo de lectura\" \/>\n\t<meta name=\"twitter:data2\" content=\"2 minutos\" \/>\n<script type=\"application\/ld+json\" class=\"yoast-schema-graph\">{\"@context\":\"https:\\\/\\\/schema.org\",\"@graph\":[{\"@type\":\"Article\",\"@id\":\"https:\\\/\\\/www.laguiadepamplona.com\\\/actualidad\\\/el-ayuntamiento-de-pamplona-celebra-el-dia-de-la-diversidad-cultural-con-un-brindis-festivo-con-colectivos-y-asociaciones-que-trabajan-por-la-convivencia-y-la-pluralidad\\\/#article\",\"isPartOf\":{\"@id\":\"https:\\\/\\\/www.laguiadepamplona.com\\\/actualidad\\\/el-ayuntamiento-de-pamplona-celebra-el-dia-de-la-diversidad-cultural-con-un-brindis-festivo-con-colectivos-y-asociaciones-que-trabajan-por-la-convivencia-y-la-pluralidad\\\/\"},\"author\":{\"name\":\"La Gu\u00eda de Pamplona\",\"@id\":\"https:\\\/\\\/www.laguiadepamplona.com\\\/actualidad\\\/#\\\/schema\\\/person\\\/efe887376f0213d4657c93adc50b1fdb\"},\"headline\":\"El Ayuntamiento de Pamplona celebra el D\u00eda de la Diversidad Cultural con un brindis festivo con colectivos y asociaciones que trabajan por la convivencia y la pluralidad\",\"datePublished\":\"2019-05-21T20:53:18+00:00\",\"mainEntityOfPage\":{\"@id\":\"https:\\\/\\\/www.laguiadepamplona.com\\\/actualidad\\\/el-ayuntamiento-de-pamplona-celebra-el-dia-de-la-diversidad-cultural-con-un-brindis-festivo-con-colectivos-y-asociaciones-que-trabajan-por-la-convivencia-y-la-pluralidad\\\/\"},\"wordCount\":471,\"commentCount\":0,\"publisher\":{\"@id\":\"https:\\\/\\\/www.laguiadepamplona.com\\\/actualidad\\\/#organization\"},\"image\":{\"@id\":\"https:\\\/\\\/www.laguiadepamplona.com\\\/actualidad\\\/el-ayuntamiento-de-pamplona-celebra-el-dia-de-la-diversidad-cultural-con-un-brindis-festivo-con-colectivos-y-asociaciones-que-trabajan-por-la-convivencia-y-la-pluralidad\\\/#primaryimage\"},\"thumbnailUrl\":\"https:\\\/\\\/www.laguiadepamplona.com\\\/actualidad\\\/wp-content\\\/uploads\\\/2019\\\/05\\\/dia-diversidad-cultural-2019.jpg\",\"articleSection\":[\"Ayto Pamplona\"],\"inLanguage\":\"es\",\"potentialAction\":[{\"@type\":\"CommentAction\",\"name\":\"Comment\",\"target\":[\"https:\\\/\\\/www.laguiadepamplona.com\\\/actualidad\\\/el-ayuntamiento-de-pamplona-celebra-el-dia-de-la-diversidad-cultural-con-un-brindis-festivo-con-colectivos-y-asociaciones-que-trabajan-por-la-convivencia-y-la-pluralidad\\\/#respond\"]}]},{\"@type\":\"WebPage\",\"@id\":\"https:\\\/\\\/www.laguiadepamplona.com\\\/actualidad\\\/el-ayuntamiento-de-pamplona-celebra-el-dia-de-la-diversidad-cultural-con-un-brindis-festivo-con-colectivos-y-asociaciones-que-trabajan-por-la-convivencia-y-la-pluralidad\\\/\",\"url\":\"https:\\\/\\\/www.laguiadepamplona.com\\\/actualidad\\\/el-ayuntamiento-de-pamplona-celebra-el-dia-de-la-diversidad-cultural-con-un-brindis-festivo-con-colectivos-y-asociaciones-que-trabajan-por-la-convivencia-y-la-pluralidad\\\/\",\"name\":\"El Ayuntamiento de Pamplona celebra el D\u00eda de la Diversidad Cultural con un brindis festivo con colectivos y asociaciones que trabajan por la convivencia y la pluralidad\",\"isPartOf\":{\"@id\":\"https:\\\/\\\/www.laguiadepamplona.com\\\/actualidad\\\/#website\"},\"primaryImageOfPage\":{\"@id\":\"https:\\\/\\\/www.laguiadepamplona.com\\\/actualidad\\\/el-ayuntamiento-de-pamplona-celebra-el-dia-de-la-diversidad-cultural-con-un-brindis-festivo-con-colectivos-y-asociaciones-que-trabajan-por-la-convivencia-y-la-pluralidad\\\/#primaryimage\"},\"image\":{\"@id\":\"https:\\\/\\\/www.laguiadepamplona.com\\\/actualidad\\\/el-ayuntamiento-de-pamplona-celebra-el-dia-de-la-diversidad-cultural-con-un-brindis-festivo-con-colectivos-y-asociaciones-que-trabajan-por-la-convivencia-y-la-pluralidad\\\/#primaryimage\"},\"thumbnailUrl\":\"https:\\\/\\\/www.laguiadepamplona.com\\\/actualidad\\\/wp-content\\\/uploads\\\/2019\\\/05\\\/dia-diversidad-cultural-2019.jpg\",\"datePublished\":\"2019-05-21T20:53:18+00:00\",\"breadcrumb\":{\"@id\":\"https:\\\/\\\/www.laguiadepamplona.com\\\/actualidad\\\/el-ayuntamiento-de-pamplona-celebra-el-dia-de-la-diversidad-cultural-con-un-brindis-festivo-con-colectivos-y-asociaciones-que-trabajan-por-la-convivencia-y-la-pluralidad\\\/#breadcrumb\"},\"inLanguage\":\"es\",\"potentialAction\":[{\"@type\":\"ReadAction\",\"target\":[\"https:\\\/\\\/www.laguiadepamplona.com\\\/actualidad\\\/el-ayuntamiento-de-pamplona-celebra-el-dia-de-la-diversidad-cultural-con-un-brindis-festivo-con-colectivos-y-asociaciones-que-trabajan-por-la-convivencia-y-la-pluralidad\\\/\"]}]},{\"@type\":\"ImageObject\",\"inLanguage\":\"es\",\"@id\":\"https:\\\/\\\/www.laguiadepamplona.com\\\/actualidad\\\/el-ayuntamiento-de-pamplona-celebra-el-dia-de-la-diversidad-cultural-con-un-brindis-festivo-con-colectivos-y-asociaciones-que-trabajan-por-la-convivencia-y-la-pluralidad\\\/#primaryimage\",\"url\":\"https:\\\/\\\/www.laguiadepamplona.com\\\/actualidad\\\/wp-content\\\/uploads\\\/2019\\\/05\\\/dia-diversidad-cultural-2019.jpg\",\"contentUrl\":\"https:\\\/\\\/www.laguiadepamplona.com\\\/actualidad\\\/wp-content\\\/uploads\\\/2019\\\/05\\\/dia-diversidad-cultural-2019.jpg\",\"width\":1920,\"height\":1280},{\"@type\":\"BreadcrumbList\",\"@id\":\"https:\\\/\\\/www.laguiadepamplona.com\\\/actualidad\\\/el-ayuntamiento-de-pamplona-celebra-el-dia-de-la-diversidad-cultural-con-un-brindis-festivo-con-colectivos-y-asociaciones-que-trabajan-por-la-convivencia-y-la-pluralidad\\\/#breadcrumb\",\"itemListElement\":[{\"@type\":\"ListItem\",\"position\":1,\"name\":\"Portada\",\"item\":\"https:\\\/\\\/www.laguiadepamplona.com\\\/actualidad\\\/\"},{\"@type\":\"ListItem\",\"position\":2,\"name\":\"El Ayuntamiento de Pamplona celebra el D\u00eda de la Diversidad Cultural con un brindis festivo con colectivos y asociaciones que trabajan por la convivencia y la pluralidad\"}]},{\"@type\":\"WebSite\",\"@id\":\"https:\\\/\\\/www.laguiadepamplona.com\\\/actualidad\\\/#website\",\"url\":\"https:\\\/\\\/www.laguiadepamplona.com\\\/actualidad\\\/\",\"name\":\"La gu\u00eda de Pamplona\",\"description\":\"Noticias de Pamplona\",\"publisher\":{\"@id\":\"https:\\\/\\\/www.laguiadepamplona.com\\\/actualidad\\\/#organization\"},\"potentialAction\":[{\"@type\":\"SearchAction\",\"target\":{\"@type\":\"EntryPoint\",\"urlTemplate\":\"https:\\\/\\\/www.laguiadepamplona.com\\\/actualidad\\\/?s={search_term_string}\"},\"query-input\":{\"@type\":\"PropertyValueSpecification\",\"valueRequired\":true,\"valueName\":\"search_term_string\"}}],\"inLanguage\":\"es\"},{\"@type\":\"Organization\",\"@id\":\"https:\\\/\\\/www.laguiadepamplona.com\\\/actualidad\\\/#organization\",\"name\":\"La Gu\u00eda de Pamplona \\\/ Noticias\",\"url\":\"https:\\\/\\\/www.laguiadepamplona.com\\\/actualidad\\\/\",\"logo\":{\"@type\":\"ImageObject\",\"inLanguage\":\"es\",\"@id\":\"https:\\\/\\\/www.laguiadepamplona.com\\\/actualidad\\\/#\\\/schema\\\/logo\\\/image\\\/\",\"url\":\"https:\\\/\\\/www.laguiadepamplona.com\\\/actualidad\\\/wp-content\\\/uploads\\\/2018\\\/11\\\/logo-laguiadepamplona18-web1.png\",\"contentUrl\":\"https:\\\/\\\/www.laguiadepamplona.com\\\/actualidad\\\/wp-content\\\/uploads\\\/2018\\\/11\\\/logo-laguiadepamplona18-web1.png\",\"width\":600,\"height\":196,\"caption\":\"La Gu\u00eda de Pamplona \\\/ Noticias\"},\"image\":{\"@id\":\"https:\\\/\\\/www.laguiadepamplona.com\\\/actualidad\\\/#\\\/schema\\\/logo\\\/image\\\/\"},\"sameAs\":[\"https:\\\/\\\/www.facebook.com\\\/laguiadepamplonacom-133175176762273\\\/?ref=hl\",\"https:\\\/\\\/x.com\\\/LaGuiadPamplona\",\"https:\\\/\\\/www.instagram.com\\\/la_guia_de_pamplona\\\/\",\"https:\\\/\\\/www.youtube.com\\\/user\\\/laguiadepamplona\"]},{\"@type\":\"Person\",\"@id\":\"https:\\\/\\\/www.laguiadepamplona.com\\\/actualidad\\\/#\\\/schema\\\/person\\\/efe887376f0213d4657c93adc50b1fdb\",\"name\":\"La Gu\u00eda de Pamplona\",\"image\":{\"@type\":\"ImageObject\",\"inLanguage\":\"es\",\"@id\":\"https:\\\/\\\/secure.gravatar.com\\\/avatar\\\/b6992f131dc8d30ab0dff15446e9d346d9dbd95992de0fef795073f5ea83a81c?s=96&d=mm&r=g\",\"url\":\"https:\\\/\\\/secure.gravatar.com\\\/avatar\\\/b6992f131dc8d30ab0dff15446e9d346d9dbd95992de0fef795073f5ea83a81c?s=96&d=mm&r=g\",\"contentUrl\":\"https:\\\/\\\/secure.gravatar.com\\\/avatar\\\/b6992f131dc8d30ab0dff15446e9d346d9dbd95992de0fef795073f5ea83a81c?s=96&d=mm&r=g\",\"caption\":\"La Gu\u00eda de Pamplona\"}}]}<\/script>\n<!-- \/ Yoast SEO plugin. -->","yoast_head_json":{"title":"El Ayuntamiento de Pamplona celebra el D\u00eda de la Diversidad Cultural con un brindis festivo con colectivos y asociaciones que trabajan por la convivencia y la pluralidad","robots":{"index":"index","follow":"follow","max-snippet":"max-snippet:-1","max-image-preview":"max-image-preview:large","max-video-preview":"max-video-preview:-1"},"canonical":"https:\/\/www.laguiadepamplona.com\/actualidad\/el-ayuntamiento-de-pamplona-celebra-el-dia-de-la-diversidad-cultural-con-un-brindis-festivo-con-colectivos-y-asociaciones-que-trabajan-por-la-convivencia-y-la-pluralidad\/","og_locale":"es_ES","og_type":"article","og_title":"El Ayuntamiento de Pamplona celebra el D\u00eda de la Diversidad Cultural con un brindis festivo con colectivos y asociaciones que trabajan por la convivencia y la pluralidad","og_url":"https:\/\/www.laguiadepamplona.com\/actualidad\/el-ayuntamiento-de-pamplona-celebra-el-dia-de-la-diversidad-cultural-con-un-brindis-festivo-con-colectivos-y-asociaciones-que-trabajan-por-la-convivencia-y-la-pluralidad\/","og_site_name":"La Gu\u00eda de Pamplona","article_publisher":"https:\/\/www.facebook.com\/laguiadepamplonacom-133175176762273\/?ref=hl","article_published_time":"2019-05-21T20:53:18+00:00","og_image":[{"width":1920,"height":1280,"url":"https:\/\/www.laguiadepamplona.com\/actualidad\/wp-content\/uploads\/2019\/05\/dia-diversidad-cultural-2019.jpg","type":"image\/jpeg"}],"author":"La Gu\u00eda de Pamplona","twitter_card":"summary_large_image","twitter_creator":"@LaGuiadPamplona","twitter_site":"@LaGuiadPamplona","twitter_misc":{"Escrito por":"La Gu\u00eda de Pamplona","Tiempo de lectura":"2 minutos"},"schema":{"@context":"https:\/\/schema.org","@graph":[{"@type":"Article","@id":"https:\/\/www.laguiadepamplona.com\/actualidad\/el-ayuntamiento-de-pamplona-celebra-el-dia-de-la-diversidad-cultural-con-un-brindis-festivo-con-colectivos-y-asociaciones-que-trabajan-por-la-convivencia-y-la-pluralidad\/#article","isPartOf":{"@id":"https:\/\/www.laguiadepamplona.com\/actualidad\/el-ayuntamiento-de-pamplona-celebra-el-dia-de-la-diversidad-cultural-con-un-brindis-festivo-con-colectivos-y-asociaciones-que-trabajan-por-la-convivencia-y-la-pluralidad\/"},"author":{"name":"La Gu\u00eda de Pamplona","@id":"https:\/\/www.laguiadepamplona.com\/actualidad\/#\/schema\/person\/efe887376f0213d4657c93adc50b1fdb"},"headline":"El Ayuntamiento de Pamplona celebra el D\u00eda de la Diversidad Cultural con un brindis festivo con colectivos y asociaciones que trabajan por la convivencia y la pluralidad","datePublished":"2019-05-21T20:53:18+00:00","mainEntityOfPage":{"@id":"https:\/\/www.laguiadepamplona.com\/actualidad\/el-ayuntamiento-de-pamplona-celebra-el-dia-de-la-diversidad-cultural-con-un-brindis-festivo-con-colectivos-y-asociaciones-que-trabajan-por-la-convivencia-y-la-pluralidad\/"},"wordCount":471,"commentCount":0,"publisher":{"@id":"https:\/\/www.laguiadepamplona.com\/actualidad\/#organization"},"image":{"@id":"https:\/\/www.laguiadepamplona.com\/actualidad\/el-ayuntamiento-de-pamplona-celebra-el-dia-de-la-diversidad-cultural-con-un-brindis-festivo-con-colectivos-y-asociaciones-que-trabajan-por-la-convivencia-y-la-pluralidad\/#primaryimage"},"thumbnailUrl":"https:\/\/www.laguiadepamplona.com\/actualidad\/wp-content\/uploads\/2019\/05\/dia-diversidad-cultural-2019.jpg","articleSection":["Ayto Pamplona"],"inLanguage":"es","potentialAction":[{"@type":"CommentAction","name":"Comment","target":["https:\/\/www.laguiadepamplona.com\/actualidad\/el-ayuntamiento-de-pamplona-celebra-el-dia-de-la-diversidad-cultural-con-un-brindis-festivo-con-colectivos-y-asociaciones-que-trabajan-por-la-convivencia-y-la-pluralidad\/#respond"]}]},{"@type":"WebPage","@id":"https:\/\/www.laguiadepamplona.com\/actualidad\/el-ayuntamiento-de-pamplona-celebra-el-dia-de-la-diversidad-cultural-con-un-brindis-festivo-con-colectivos-y-asociaciones-que-trabajan-por-la-convivencia-y-la-pluralidad\/","url":"https:\/\/www.laguiadepamplona.com\/actualidad\/el-ayuntamiento-de-pamplona-celebra-el-dia-de-la-diversidad-cultural-con-un-brindis-festivo-con-colectivos-y-asociaciones-que-trabajan-por-la-convivencia-y-la-pluralidad\/","name":"El Ayuntamiento de Pamplona celebra el D\u00eda de la Diversidad Cultural con un brindis festivo con colectivos y asociaciones que trabajan por la convivencia y la pluralidad","isPartOf":{"@id":"https:\/\/www.laguiadepamplona.com\/actualidad\/#website"},"primaryImageOfPage":{"@id":"https:\/\/www.laguiadepamplona.com\/actualidad\/el-ayuntamiento-de-pamplona-celebra-el-dia-de-la-diversidad-cultural-con-un-brindis-festivo-con-colectivos-y-asociaciones-que-trabajan-por-la-convivencia-y-la-pluralidad\/#primaryimage"},"image":{"@id":"https:\/\/www.laguiadepamplona.com\/actualidad\/el-ayuntamiento-de-pamplona-celebra-el-dia-de-la-diversidad-cultural-con-un-brindis-festivo-con-colectivos-y-asociaciones-que-trabajan-por-la-convivencia-y-la-pluralidad\/#primaryimage"},"thumbnailUrl":"https:\/\/www.laguiadepamplona.com\/actualidad\/wp-content\/uploads\/2019\/05\/dia-diversidad-cultural-2019.jpg","datePublished":"2019-05-21T20:53:18+00:00","breadcrumb":{"@id":"https:\/\/www.laguiadepamplona.com\/actualidad\/el-ayuntamiento-de-pamplona-celebra-el-dia-de-la-diversidad-cultural-con-un-brindis-festivo-con-colectivos-y-asociaciones-que-trabajan-por-la-convivencia-y-la-pluralidad\/#breadcrumb"},"inLanguage":"es","potentialAction":[{"@type":"ReadAction","target":["https:\/\/www.laguiadepamplona.com\/actualidad\/el-ayuntamiento-de-pamplona-celebra-el-dia-de-la-diversidad-cultural-con-un-brindis-festivo-con-colectivos-y-asociaciones-que-trabajan-por-la-convivencia-y-la-pluralidad\/"]}]},{"@type":"ImageObject","inLanguage":"es","@id":"https:\/\/www.laguiadepamplona.com\/actualidad\/el-ayuntamiento-de-pamplona-celebra-el-dia-de-la-diversidad-cultural-con-un-brindis-festivo-con-colectivos-y-asociaciones-que-trabajan-por-la-convivencia-y-la-pluralidad\/#primaryimage","url":"https:\/\/www.laguiadepamplona.com\/actualidad\/wp-content\/uploads\/2019\/05\/dia-diversidad-cultural-2019.jpg","contentUrl":"https:\/\/www.laguiadepamplona.com\/actualidad\/wp-content\/uploads\/2019\/05\/dia-diversidad-cultural-2019.jpg","width":1920,"height":1280},{"@type":"BreadcrumbList","@id":"https:\/\/www.laguiadepamplona.com\/actualidad\/el-ayuntamiento-de-pamplona-celebra-el-dia-de-la-diversidad-cultural-con-un-brindis-festivo-con-colectivos-y-asociaciones-que-trabajan-por-la-convivencia-y-la-pluralidad\/#breadcrumb","itemListElement":[{"@type":"ListItem","position":1,"name":"Portada","item":"https:\/\/www.laguiadepamplona.com\/actualidad\/"},{"@type":"ListItem","position":2,"name":"El Ayuntamiento de Pamplona celebra el D\u00eda de la Diversidad Cultural con un brindis festivo con colectivos y asociaciones que trabajan por la convivencia y la pluralidad"}]},{"@type":"WebSite","@id":"https:\/\/www.laguiadepamplona.com\/actualidad\/#website","url":"https:\/\/www.laguiadepamplona.com\/actualidad\/","name":"La gu\u00eda de Pamplona","description":"Noticias de Pamplona","publisher":{"@id":"https:\/\/www.laguiadepamplona.com\/actualidad\/#organization"},"potentialAction":[{"@type":"SearchAction","target":{"@type":"EntryPoint","urlTemplate":"https:\/\/www.laguiadepamplona.com\/actualidad\/?s={search_term_string}"},"query-input":{"@type":"PropertyValueSpecification","valueRequired":true,"valueName":"search_term_string"}}],"inLanguage":"es"},{"@type":"Organization","@id":"https:\/\/www.laguiadepamplona.com\/actualidad\/#organization","name":"La Gu\u00eda de Pamplona \/ Noticias","url":"https:\/\/www.laguiadepamplona.com\/actualidad\/","logo":{"@type":"ImageObject","inLanguage":"es","@id":"https:\/\/www.laguiadepamplona.com\/actualidad\/#\/schema\/logo\/image\/","url":"https:\/\/www.laguiadepamplona.com\/actualidad\/wp-content\/uploads\/2018\/11\/logo-laguiadepamplona18-web1.png","contentUrl":"https:\/\/www.laguiadepamplona.com\/actualidad\/wp-content\/uploads\/2018\/11\/logo-laguiadepamplona18-web1.png","width":600,"height":196,"caption":"La Gu\u00eda de Pamplona \/ Noticias"},"image":{"@id":"https:\/\/www.laguiadepamplona.com\/actualidad\/#\/schema\/logo\/image\/"},"sameAs":["https:\/\/www.facebook.com\/laguiadepamplonacom-133175176762273\/?ref=hl","https:\/\/x.com\/LaGuiadPamplona","https:\/\/www.instagram.com\/la_guia_de_pamplona\/","https:\/\/www.youtube.com\/user\/laguiadepamplona"]},{"@type":"Person","@id":"https:\/\/www.laguiadepamplona.com\/actualidad\/#\/schema\/person\/efe887376f0213d4657c93adc50b1fdb","name":"La Gu\u00eda de Pamplona","image":{"@type":"ImageObject","inLanguage":"es","@id":"https:\/\/secure.gravatar.com\/avatar\/b6992f131dc8d30ab0dff15446e9d346d9dbd95992de0fef795073f5ea83a81c?s=96&d=mm&r=g","url":"https:\/\/secure.gravatar.com\/avatar\/b6992f131dc8d30ab0dff15446e9d346d9dbd95992de0fef795073f5ea83a81c?s=96&d=mm&r=g","contentUrl":"https:\/\/secure.gravatar.com\/avatar\/b6992f131dc8d30ab0dff15446e9d346d9dbd95992de0fef795073f5ea83a81c?s=96&d=mm&r=g","caption":"La Gu\u00eda de Pamplona"}}]}},"post_mailing_queue_ids":[],"_links":{"self":[{"href":"https:\/\/www.laguiadepamplona.com\/actualidad\/wp-json\/wp\/v2\/posts\/22304","targetHints":{"allow":["GET"]}}],"collection":[{"href":"https:\/\/www.laguiadepamplona.com\/actualidad\/wp-json\/wp\/v2\/posts"}],"about":[{"href":"https:\/\/www.laguiadepamplona.com\/actualidad\/wp-json\/wp\/v2\/types\/post"}],"author":[{"embeddable":true,"href":"https:\/\/www.laguiadepamplona.com\/actualidad\/wp-json\/wp\/v2\/users\/1"}],"replies":[{"embeddable":true,"href":"https:\/\/www.laguiadepamplona.com\/actualidad\/wp-json\/wp\/v2\/comments?post=22304"}],"version-history":[{"count":0,"href":"https:\/\/www.laguiadepamplona.com\/actualidad\/wp-json\/wp\/v2\/posts\/22304\/revisions"}],"wp:featuredmedia":[{"embeddable":true,"href":"https:\/\/www.laguiadepamplona.com\/actualidad\/wp-json\/wp\/v2\/media\/22306"}],"wp:attachment":[{"href":"https:\/\/www.laguiadepamplona.com\/actualidad\/wp-json\/wp\/v2\/media?parent=22304"}],"wp:term":[{"taxonomy":"category","embeddable":true,"href":"https:\/\/www.laguiadepamplona.com\/actualidad\/wp-json\/wp\/v2\/categories?post=22304"},{"taxonomy":"post_tag","embeddable":true,"href":"https:\/\/www.laguiadepamplona.com\/actualidad\/wp-json\/wp\/v2\/tags?post=22304"}],"curies":[{"name":"wp","href":"https:\/\/api.w.org\/{rel}","templated":true}]}}