{"id":22300,"date":"2019-05-21T15:06:20","date_gmt":"2019-05-21T13:06:20","guid":{"rendered":"https:\/\/www.laguiadepamplona.es\/actualidad\/?p=22300"},"modified":"2019-05-21T15:06:20","modified_gmt":"2019-05-21T13:06:20","slug":"el-ayuntamiento-de-pamplona-firma-con-los-sindicatos-el-convenio-colectivo-del-personal-laboral-para-los-anos-2019-2020","status":"publish","type":"post","link":"https:\/\/www.laguiadepamplona.com\/actualidad\/el-ayuntamiento-de-pamplona-firma-con-los-sindicatos-el-convenio-colectivo-del-personal-laboral-para-los-anos-2019-2020\/","title":{"rendered":"El Ayuntamiento de Pamplona firma con los sindicatos el convenio colectivo del personal laboral para los a\u00f1os 2019 2020"},"content":{"rendered":"<p><!--more--><\/p>\n<h3>El nuevo texto sustituye actualiza y mejora las condiciones del anterior, vigente de 2011 a 2014<\/h3>\n<p>El Ayuntamiento de Pamplona ha firmado este mediod\u00eda con los representantes sindicales el convenio colectivo del personal laboral municipal para los a\u00f1os 2019 y 2020. Se trata de un texto que actualiza las relaciones laborales y el condicionado social de la plantilla laboral municipal, que no contaba con convenio vigente desde el a\u00f1o 2014. En la firma han participado la concejala delegada de Econom\u00eda Local Sostenible, Patricia Perales; y representantes de los sindicatos CCOO, LAB y Solidari.<\/p>\n<p>El texto, aprobado esta misma ma\u00f1ana por la Junta de Gobierno Local, ratifica el convenio negociado y acordado con la representaci\u00f3n sindical en la Mesa Negociadora de 12 de abril de este a\u00f1o 2019. El convenio se aplicar\u00e1 con efectos retroactivos desde el 1 de enero de 2019.<\/p>\n<p>El convenio regula a lo largo de 10 cap\u00edtulos, 66 art\u00edculos y ocho anexos las condiciones de trabajo de todo el personal con contrato indefinido, indefinido no fijo y temporal al servicio del Ayuntamiento de Pamplona y sus Organismos Aut\u00f3nomos. Seg\u00fan los datos de cierre de 2018, se trata de un total de 400 personas, de las cuales 330 est\u00e1n al servicio del Ayuntamiento y 71, de las escuelas infantiles municipales.<\/p>\n<p>Entre otros aspectos, se recoge la promoci\u00f3n de la igualdad de oportunidades, el acceso a la formaci\u00f3n en euskera, la regulaci\u00f3n de la jornada laboral, vacaciones, permisos y promoci\u00f3n del empleo p\u00fablico. En el cap\u00edtulo de derechos econ\u00f3micos, las partes firmantes el acuerdo se comprometen a negociar, cuando el marco normativo lo permita, medidas para revertir la situaci\u00f3n de p\u00e9rdida de poder adquisitivo consecuencia de las medidas adoptadas por la Administraci\u00f3n del Estado en el periodo de 2010 a 2015.<\/p>\n<p><strong>Calidad de recursos humanos, condiciones y servicios<\/strong><\/p>\n<p>Tal y como recoge el pre\u00e1mbulo del acuerdo, el Ayuntamiento de Pamplona y la representaci\u00f3n legal del personal laboral a su servicio comparten el principio de que, para que los servicios p\u00fablicos sean eficaces y de calidad, los recursos humanos tambi\u00e9n lo tienen que ser y, adem\u00e1s, estos servicios deben ser compatibles con la mejora de las condiciones de empleo del personal.<\/p>\n<p>El cap\u00edtulo primero del convenio recoge el \u00e1mbito de aplicaci\u00f3n y el seguimiento del acuerdo, a trav\u00e9s de una comisi\u00f3n de seguimiento paritaria entre la representaci\u00f3n de la Corporaci\u00f3n municipal y la correspondiente al personal laboral municipal. El segundo cap\u00edtulo regula la permanencia y asistencia al trabajo; el tercero, los derechos econ\u00f3micos; y el cuarto, lo correspondiente a vacaciones, licencias y permisos, reducci\u00f3n de jornada y otros.<\/p>\n<p>El cap\u00edtulo V recoge la normativa en materia de traslados, movilidad, ascensos y permuta; el VI cap\u00edtulo se dedica a la salud laboral y la prevenci\u00f3n de riesgos laborales; el VII recoge los derechos de representaci\u00f3n, reuni\u00f3n y otros derechos; y el VIII cap\u00edtulo, las ayudas sociales y asistenciales. Los dos cap\u00edtulos finales se dedican a la formaci\u00f3n (IX) y al r\u00e9gimen de faltas y sanciones (X).<\/p>\n<p>Ocho anexos recogen acuerdos y procedimientos para la realizaci\u00f3n de una segunda actividad, reubicaci\u00f3n por protecci\u00f3n e la salud, horas complementarias y ampliaciones de jornada en el EMAD y conductas hostiles. Asimismo, se recoge el acuerdo por el que se regula la contrataci\u00f3n temporal en r\u00e9gimen laboral del personal del Ayuntamiento de Pamplona.<\/p>\n<p>&nbsp;<\/p>\n","protected":false},"excerpt":{"rendered":"","protected":false},"author":1,"featured_media":21939,"comment_status":"open","ping_status":"closed","sticky":false,"template":"","format":"standard","meta":{"footnotes":""},"categories":[2],"tags":[],"class_list":["post-22300","post","type-post","status-publish","format-standard","has-post-thumbnail","hentry","category-ayuntamiento-pamplona"],"yoast_head":"<!-- This site is optimized with the Yoast SEO plugin v27.3 - https:\/\/yoast.com\/product\/yoast-seo-wordpress\/ -->\n<title>El Ayuntamiento de Pamplona firma con los sindicatos el convenio colectivo del personal laboral para los a\u00f1os 2019 2020<\/title>\n<meta name=\"robots\" content=\"index, follow, max-snippet:-1, max-image-preview:large, max-video-preview:-1\" \/>\n<link rel=\"canonical\" href=\"https:\/\/www.laguiadepamplona.com\/actualidad\/el-ayuntamiento-de-pamplona-firma-con-los-sindicatos-el-convenio-colectivo-del-personal-laboral-para-los-anos-2019-2020\/\" \/>\n<meta property=\"og:locale\" content=\"es_ES\" \/>\n<meta property=\"og:type\" content=\"article\" \/>\n<meta property=\"og:title\" content=\"El Ayuntamiento de Pamplona firma con los sindicatos el convenio colectivo del personal laboral para los a\u00f1os 2019 2020\" \/>\n<meta property=\"og:url\" content=\"https:\/\/www.laguiadepamplona.com\/actualidad\/el-ayuntamiento-de-pamplona-firma-con-los-sindicatos-el-convenio-colectivo-del-personal-laboral-para-los-anos-2019-2020\/\" \/>\n<meta property=\"og:site_name\" content=\"La Gu\u00eda de Pamplona\" \/>\n<meta property=\"article:publisher\" content=\"https:\/\/www.facebook.com\/laguiadepamplonacom-133175176762273\/?ref=hl\" \/>\n<meta property=\"article:published_time\" content=\"2019-05-21T13:06:20+00:00\" \/>\n<meta property=\"og:image\" content=\"https:\/\/www.laguiadepamplona.com\/actualidad\/wp-content\/uploads\/2019\/05\/ayuntamiento-pamplona-laguiadepamplona.jpg\" \/>\n\t<meta property=\"og:image:width\" content=\"1920\" \/>\n\t<meta property=\"og:image:height\" content=\"1100\" \/>\n\t<meta property=\"og:image:type\" content=\"image\/jpeg\" \/>\n<meta name=\"author\" content=\"La Gu\u00eda de Pamplona\" \/>\n<meta name=\"twitter:card\" content=\"summary_large_image\" \/>\n<meta name=\"twitter:creator\" content=\"@LaGuiadPamplona\" \/>\n<meta name=\"twitter:site\" content=\"@LaGuiadPamplona\" \/>\n<meta name=\"twitter:label1\" content=\"Escrito por\" \/>\n\t<meta name=\"twitter:data1\" content=\"La Gu\u00eda de Pamplona\" \/>\n\t<meta name=\"twitter:label2\" content=\"Tiempo de lectura\" \/>\n\t<meta name=\"twitter:data2\" content=\"3 minutos\" \/>\n<script type=\"application\/ld+json\" class=\"yoast-schema-graph\">{\"@context\":\"https:\\\/\\\/schema.org\",\"@graph\":[{\"@type\":\"Article\",\"@id\":\"https:\\\/\\\/www.laguiadepamplona.com\\\/actualidad\\\/el-ayuntamiento-de-pamplona-firma-con-los-sindicatos-el-convenio-colectivo-del-personal-laboral-para-los-anos-2019-2020\\\/#article\",\"isPartOf\":{\"@id\":\"https:\\\/\\\/www.laguiadepamplona.com\\\/actualidad\\\/el-ayuntamiento-de-pamplona-firma-con-los-sindicatos-el-convenio-colectivo-del-personal-laboral-para-los-anos-2019-2020\\\/\"},\"author\":{\"name\":\"La Gu\u00eda de Pamplona\",\"@id\":\"https:\\\/\\\/www.laguiadepamplona.com\\\/actualidad\\\/#\\\/schema\\\/person\\\/efe887376f0213d4657c93adc50b1fdb\"},\"headline\":\"El Ayuntamiento de Pamplona firma con los sindicatos el convenio colectivo del personal laboral para los a\u00f1os 2019 2020\",\"datePublished\":\"2019-05-21T13:06:20+00:00\",\"mainEntityOfPage\":{\"@id\":\"https:\\\/\\\/www.laguiadepamplona.com\\\/actualidad\\\/el-ayuntamiento-de-pamplona-firma-con-los-sindicatos-el-convenio-colectivo-del-personal-laboral-para-los-anos-2019-2020\\\/\"},\"wordCount\":600,\"commentCount\":0,\"publisher\":{\"@id\":\"https:\\\/\\\/www.laguiadepamplona.com\\\/actualidad\\\/#organization\"},\"image\":{\"@id\":\"https:\\\/\\\/www.laguiadepamplona.com\\\/actualidad\\\/el-ayuntamiento-de-pamplona-firma-con-los-sindicatos-el-convenio-colectivo-del-personal-laboral-para-los-anos-2019-2020\\\/#primaryimage\"},\"thumbnailUrl\":\"https:\\\/\\\/www.laguiadepamplona.com\\\/actualidad\\\/wp-content\\\/uploads\\\/2019\\\/05\\\/ayuntamiento-pamplona-laguiadepamplona.jpg\",\"articleSection\":[\"Ayto Pamplona\"],\"inLanguage\":\"es\",\"potentialAction\":[{\"@type\":\"CommentAction\",\"name\":\"Comment\",\"target\":[\"https:\\\/\\\/www.laguiadepamplona.com\\\/actualidad\\\/el-ayuntamiento-de-pamplona-firma-con-los-sindicatos-el-convenio-colectivo-del-personal-laboral-para-los-anos-2019-2020\\\/#respond\"]}]},{\"@type\":\"WebPage\",\"@id\":\"https:\\\/\\\/www.laguiadepamplona.com\\\/actualidad\\\/el-ayuntamiento-de-pamplona-firma-con-los-sindicatos-el-convenio-colectivo-del-personal-laboral-para-los-anos-2019-2020\\\/\",\"url\":\"https:\\\/\\\/www.laguiadepamplona.com\\\/actualidad\\\/el-ayuntamiento-de-pamplona-firma-con-los-sindicatos-el-convenio-colectivo-del-personal-laboral-para-los-anos-2019-2020\\\/\",\"name\":\"El Ayuntamiento de Pamplona firma con los sindicatos el convenio colectivo del personal laboral para los a\u00f1os 2019 2020\",\"isPartOf\":{\"@id\":\"https:\\\/\\\/www.laguiadepamplona.com\\\/actualidad\\\/#website\"},\"primaryImageOfPage\":{\"@id\":\"https:\\\/\\\/www.laguiadepamplona.com\\\/actualidad\\\/el-ayuntamiento-de-pamplona-firma-con-los-sindicatos-el-convenio-colectivo-del-personal-laboral-para-los-anos-2019-2020\\\/#primaryimage\"},\"image\":{\"@id\":\"https:\\\/\\\/www.laguiadepamplona.com\\\/actualidad\\\/el-ayuntamiento-de-pamplona-firma-con-los-sindicatos-el-convenio-colectivo-del-personal-laboral-para-los-anos-2019-2020\\\/#primaryimage\"},\"thumbnailUrl\":\"https:\\\/\\\/www.laguiadepamplona.com\\\/actualidad\\\/wp-content\\\/uploads\\\/2019\\\/05\\\/ayuntamiento-pamplona-laguiadepamplona.jpg\",\"datePublished\":\"2019-05-21T13:06:20+00:00\",\"breadcrumb\":{\"@id\":\"https:\\\/\\\/www.laguiadepamplona.com\\\/actualidad\\\/el-ayuntamiento-de-pamplona-firma-con-los-sindicatos-el-convenio-colectivo-del-personal-laboral-para-los-anos-2019-2020\\\/#breadcrumb\"},\"inLanguage\":\"es\",\"potentialAction\":[{\"@type\":\"ReadAction\",\"target\":[\"https:\\\/\\\/www.laguiadepamplona.com\\\/actualidad\\\/el-ayuntamiento-de-pamplona-firma-con-los-sindicatos-el-convenio-colectivo-del-personal-laboral-para-los-anos-2019-2020\\\/\"]}]},{\"@type\":\"ImageObject\",\"inLanguage\":\"es\",\"@id\":\"https:\\\/\\\/www.laguiadepamplona.com\\\/actualidad\\\/el-ayuntamiento-de-pamplona-firma-con-los-sindicatos-el-convenio-colectivo-del-personal-laboral-para-los-anos-2019-2020\\\/#primaryimage\",\"url\":\"https:\\\/\\\/www.laguiadepamplona.com\\\/actualidad\\\/wp-content\\\/uploads\\\/2019\\\/05\\\/ayuntamiento-pamplona-laguiadepamplona.jpg\",\"contentUrl\":\"https:\\\/\\\/www.laguiadepamplona.com\\\/actualidad\\\/wp-content\\\/uploads\\\/2019\\\/05\\\/ayuntamiento-pamplona-laguiadepamplona.jpg\",\"width\":1920,\"height\":1100},{\"@type\":\"BreadcrumbList\",\"@id\":\"https:\\\/\\\/www.laguiadepamplona.com\\\/actualidad\\\/el-ayuntamiento-de-pamplona-firma-con-los-sindicatos-el-convenio-colectivo-del-personal-laboral-para-los-anos-2019-2020\\\/#breadcrumb\",\"itemListElement\":[{\"@type\":\"ListItem\",\"position\":1,\"name\":\"Portada\",\"item\":\"https:\\\/\\\/www.laguiadepamplona.com\\\/actualidad\\\/\"},{\"@type\":\"ListItem\",\"position\":2,\"name\":\"El Ayuntamiento de Pamplona firma con los sindicatos el convenio colectivo del personal laboral para los a\u00f1os 2019 2020\"}]},{\"@type\":\"WebSite\",\"@id\":\"https:\\\/\\\/www.laguiadepamplona.com\\\/actualidad\\\/#website\",\"url\":\"https:\\\/\\\/www.laguiadepamplona.com\\\/actualidad\\\/\",\"name\":\"La gu\u00eda de Pamplona\",\"description\":\"Noticias de Pamplona\",\"publisher\":{\"@id\":\"https:\\\/\\\/www.laguiadepamplona.com\\\/actualidad\\\/#organization\"},\"potentialAction\":[{\"@type\":\"SearchAction\",\"target\":{\"@type\":\"EntryPoint\",\"urlTemplate\":\"https:\\\/\\\/www.laguiadepamplona.com\\\/actualidad\\\/?s={search_term_string}\"},\"query-input\":{\"@type\":\"PropertyValueSpecification\",\"valueRequired\":true,\"valueName\":\"search_term_string\"}}],\"inLanguage\":\"es\"},{\"@type\":\"Organization\",\"@id\":\"https:\\\/\\\/www.laguiadepamplona.com\\\/actualidad\\\/#organization\",\"name\":\"La Gu\u00eda de Pamplona \\\/ Noticias\",\"url\":\"https:\\\/\\\/www.laguiadepamplona.com\\\/actualidad\\\/\",\"logo\":{\"@type\":\"ImageObject\",\"inLanguage\":\"es\",\"@id\":\"https:\\\/\\\/www.laguiadepamplona.com\\\/actualidad\\\/#\\\/schema\\\/logo\\\/image\\\/\",\"url\":\"https:\\\/\\\/www.laguiadepamplona.com\\\/actualidad\\\/wp-content\\\/uploads\\\/2018\\\/11\\\/logo-laguiadepamplona18-web1.png\",\"contentUrl\":\"https:\\\/\\\/www.laguiadepamplona.com\\\/actualidad\\\/wp-content\\\/uploads\\\/2018\\\/11\\\/logo-laguiadepamplona18-web1.png\",\"width\":600,\"height\":196,\"caption\":\"La Gu\u00eda de Pamplona \\\/ Noticias\"},\"image\":{\"@id\":\"https:\\\/\\\/www.laguiadepamplona.com\\\/actualidad\\\/#\\\/schema\\\/logo\\\/image\\\/\"},\"sameAs\":[\"https:\\\/\\\/www.facebook.com\\\/laguiadepamplonacom-133175176762273\\\/?ref=hl\",\"https:\\\/\\\/x.com\\\/LaGuiadPamplona\",\"https:\\\/\\\/www.instagram.com\\\/la_guia_de_pamplona\\\/\",\"https:\\\/\\\/www.youtube.com\\\/user\\\/laguiadepamplona\"]},{\"@type\":\"Person\",\"@id\":\"https:\\\/\\\/www.laguiadepamplona.com\\\/actualidad\\\/#\\\/schema\\\/person\\\/efe887376f0213d4657c93adc50b1fdb\",\"name\":\"La Gu\u00eda de Pamplona\",\"image\":{\"@type\":\"ImageObject\",\"inLanguage\":\"es\",\"@id\":\"https:\\\/\\\/secure.gravatar.com\\\/avatar\\\/b6992f131dc8d30ab0dff15446e9d346d9dbd95992de0fef795073f5ea83a81c?s=96&d=mm&r=g\",\"url\":\"https:\\\/\\\/secure.gravatar.com\\\/avatar\\\/b6992f131dc8d30ab0dff15446e9d346d9dbd95992de0fef795073f5ea83a81c?s=96&d=mm&r=g\",\"contentUrl\":\"https:\\\/\\\/secure.gravatar.com\\\/avatar\\\/b6992f131dc8d30ab0dff15446e9d346d9dbd95992de0fef795073f5ea83a81c?s=96&d=mm&r=g\",\"caption\":\"La Gu\u00eda de Pamplona\"}}]}<\/script>\n<!-- \/ Yoast SEO plugin. -->","yoast_head_json":{"title":"El Ayuntamiento de Pamplona firma con los sindicatos el convenio colectivo del personal laboral para los a\u00f1os 2019 2020","robots":{"index":"index","follow":"follow","max-snippet":"max-snippet:-1","max-image-preview":"max-image-preview:large","max-video-preview":"max-video-preview:-1"},"canonical":"https:\/\/www.laguiadepamplona.com\/actualidad\/el-ayuntamiento-de-pamplona-firma-con-los-sindicatos-el-convenio-colectivo-del-personal-laboral-para-los-anos-2019-2020\/","og_locale":"es_ES","og_type":"article","og_title":"El Ayuntamiento de Pamplona firma con los sindicatos el convenio colectivo del personal laboral para los a\u00f1os 2019 2020","og_url":"https:\/\/www.laguiadepamplona.com\/actualidad\/el-ayuntamiento-de-pamplona-firma-con-los-sindicatos-el-convenio-colectivo-del-personal-laboral-para-los-anos-2019-2020\/","og_site_name":"La Gu\u00eda de Pamplona","article_publisher":"https:\/\/www.facebook.com\/laguiadepamplonacom-133175176762273\/?ref=hl","article_published_time":"2019-05-21T13:06:20+00:00","og_image":[{"width":1920,"height":1100,"url":"https:\/\/www.laguiadepamplona.com\/actualidad\/wp-content\/uploads\/2019\/05\/ayuntamiento-pamplona-laguiadepamplona.jpg","type":"image\/jpeg"}],"author":"La Gu\u00eda de Pamplona","twitter_card":"summary_large_image","twitter_creator":"@LaGuiadPamplona","twitter_site":"@LaGuiadPamplona","twitter_misc":{"Escrito por":"La Gu\u00eda de Pamplona","Tiempo de lectura":"3 minutos"},"schema":{"@context":"https:\/\/schema.org","@graph":[{"@type":"Article","@id":"https:\/\/www.laguiadepamplona.com\/actualidad\/el-ayuntamiento-de-pamplona-firma-con-los-sindicatos-el-convenio-colectivo-del-personal-laboral-para-los-anos-2019-2020\/#article","isPartOf":{"@id":"https:\/\/www.laguiadepamplona.com\/actualidad\/el-ayuntamiento-de-pamplona-firma-con-los-sindicatos-el-convenio-colectivo-del-personal-laboral-para-los-anos-2019-2020\/"},"author":{"name":"La Gu\u00eda de Pamplona","@id":"https:\/\/www.laguiadepamplona.com\/actualidad\/#\/schema\/person\/efe887376f0213d4657c93adc50b1fdb"},"headline":"El Ayuntamiento de Pamplona firma con los sindicatos el convenio colectivo del personal laboral para los a\u00f1os 2019 2020","datePublished":"2019-05-21T13:06:20+00:00","mainEntityOfPage":{"@id":"https:\/\/www.laguiadepamplona.com\/actualidad\/el-ayuntamiento-de-pamplona-firma-con-los-sindicatos-el-convenio-colectivo-del-personal-laboral-para-los-anos-2019-2020\/"},"wordCount":600,"commentCount":0,"publisher":{"@id":"https:\/\/www.laguiadepamplona.com\/actualidad\/#organization"},"image":{"@id":"https:\/\/www.laguiadepamplona.com\/actualidad\/el-ayuntamiento-de-pamplona-firma-con-los-sindicatos-el-convenio-colectivo-del-personal-laboral-para-los-anos-2019-2020\/#primaryimage"},"thumbnailUrl":"https:\/\/www.laguiadepamplona.com\/actualidad\/wp-content\/uploads\/2019\/05\/ayuntamiento-pamplona-laguiadepamplona.jpg","articleSection":["Ayto Pamplona"],"inLanguage":"es","potentialAction":[{"@type":"CommentAction","name":"Comment","target":["https:\/\/www.laguiadepamplona.com\/actualidad\/el-ayuntamiento-de-pamplona-firma-con-los-sindicatos-el-convenio-colectivo-del-personal-laboral-para-los-anos-2019-2020\/#respond"]}]},{"@type":"WebPage","@id":"https:\/\/www.laguiadepamplona.com\/actualidad\/el-ayuntamiento-de-pamplona-firma-con-los-sindicatos-el-convenio-colectivo-del-personal-laboral-para-los-anos-2019-2020\/","url":"https:\/\/www.laguiadepamplona.com\/actualidad\/el-ayuntamiento-de-pamplona-firma-con-los-sindicatos-el-convenio-colectivo-del-personal-laboral-para-los-anos-2019-2020\/","name":"El Ayuntamiento de Pamplona firma con los sindicatos el convenio colectivo del personal laboral para los a\u00f1os 2019 2020","isPartOf":{"@id":"https:\/\/www.laguiadepamplona.com\/actualidad\/#website"},"primaryImageOfPage":{"@id":"https:\/\/www.laguiadepamplona.com\/actualidad\/el-ayuntamiento-de-pamplona-firma-con-los-sindicatos-el-convenio-colectivo-del-personal-laboral-para-los-anos-2019-2020\/#primaryimage"},"image":{"@id":"https:\/\/www.laguiadepamplona.com\/actualidad\/el-ayuntamiento-de-pamplona-firma-con-los-sindicatos-el-convenio-colectivo-del-personal-laboral-para-los-anos-2019-2020\/#primaryimage"},"thumbnailUrl":"https:\/\/www.laguiadepamplona.com\/actualidad\/wp-content\/uploads\/2019\/05\/ayuntamiento-pamplona-laguiadepamplona.jpg","datePublished":"2019-05-21T13:06:20+00:00","breadcrumb":{"@id":"https:\/\/www.laguiadepamplona.com\/actualidad\/el-ayuntamiento-de-pamplona-firma-con-los-sindicatos-el-convenio-colectivo-del-personal-laboral-para-los-anos-2019-2020\/#breadcrumb"},"inLanguage":"es","potentialAction":[{"@type":"ReadAction","target":["https:\/\/www.laguiadepamplona.com\/actualidad\/el-ayuntamiento-de-pamplona-firma-con-los-sindicatos-el-convenio-colectivo-del-personal-laboral-para-los-anos-2019-2020\/"]}]},{"@type":"ImageObject","inLanguage":"es","@id":"https:\/\/www.laguiadepamplona.com\/actualidad\/el-ayuntamiento-de-pamplona-firma-con-los-sindicatos-el-convenio-colectivo-del-personal-laboral-para-los-anos-2019-2020\/#primaryimage","url":"https:\/\/www.laguiadepamplona.com\/actualidad\/wp-content\/uploads\/2019\/05\/ayuntamiento-pamplona-laguiadepamplona.jpg","contentUrl":"https:\/\/www.laguiadepamplona.com\/actualidad\/wp-content\/uploads\/2019\/05\/ayuntamiento-pamplona-laguiadepamplona.jpg","width":1920,"height":1100},{"@type":"BreadcrumbList","@id":"https:\/\/www.laguiadepamplona.com\/actualidad\/el-ayuntamiento-de-pamplona-firma-con-los-sindicatos-el-convenio-colectivo-del-personal-laboral-para-los-anos-2019-2020\/#breadcrumb","itemListElement":[{"@type":"ListItem","position":1,"name":"Portada","item":"https:\/\/www.laguiadepamplona.com\/actualidad\/"},{"@type":"ListItem","position":2,"name":"El Ayuntamiento de Pamplona firma con los sindicatos el convenio colectivo del personal laboral para los a\u00f1os 2019 2020"}]},{"@type":"WebSite","@id":"https:\/\/www.laguiadepamplona.com\/actualidad\/#website","url":"https:\/\/www.laguiadepamplona.com\/actualidad\/","name":"La gu\u00eda de Pamplona","description":"Noticias de Pamplona","publisher":{"@id":"https:\/\/www.laguiadepamplona.com\/actualidad\/#organization"},"potentialAction":[{"@type":"SearchAction","target":{"@type":"EntryPoint","urlTemplate":"https:\/\/www.laguiadepamplona.com\/actualidad\/?s={search_term_string}"},"query-input":{"@type":"PropertyValueSpecification","valueRequired":true,"valueName":"search_term_string"}}],"inLanguage":"es"},{"@type":"Organization","@id":"https:\/\/www.laguiadepamplona.com\/actualidad\/#organization","name":"La Gu\u00eda de Pamplona \/ Noticias","url":"https:\/\/www.laguiadepamplona.com\/actualidad\/","logo":{"@type":"ImageObject","inLanguage":"es","@id":"https:\/\/www.laguiadepamplona.com\/actualidad\/#\/schema\/logo\/image\/","url":"https:\/\/www.laguiadepamplona.com\/actualidad\/wp-content\/uploads\/2018\/11\/logo-laguiadepamplona18-web1.png","contentUrl":"https:\/\/www.laguiadepamplona.com\/actualidad\/wp-content\/uploads\/2018\/11\/logo-laguiadepamplona18-web1.png","width":600,"height":196,"caption":"La Gu\u00eda de Pamplona \/ Noticias"},"image":{"@id":"https:\/\/www.laguiadepamplona.com\/actualidad\/#\/schema\/logo\/image\/"},"sameAs":["https:\/\/www.facebook.com\/laguiadepamplonacom-133175176762273\/?ref=hl","https:\/\/x.com\/LaGuiadPamplona","https:\/\/www.instagram.com\/la_guia_de_pamplona\/","https:\/\/www.youtube.com\/user\/laguiadepamplona"]},{"@type":"Person","@id":"https:\/\/www.laguiadepamplona.com\/actualidad\/#\/schema\/person\/efe887376f0213d4657c93adc50b1fdb","name":"La Gu\u00eda de Pamplona","image":{"@type":"ImageObject","inLanguage":"es","@id":"https:\/\/secure.gravatar.com\/avatar\/b6992f131dc8d30ab0dff15446e9d346d9dbd95992de0fef795073f5ea83a81c?s=96&d=mm&r=g","url":"https:\/\/secure.gravatar.com\/avatar\/b6992f131dc8d30ab0dff15446e9d346d9dbd95992de0fef795073f5ea83a81c?s=96&d=mm&r=g","contentUrl":"https:\/\/secure.gravatar.com\/avatar\/b6992f131dc8d30ab0dff15446e9d346d9dbd95992de0fef795073f5ea83a81c?s=96&d=mm&r=g","caption":"La Gu\u00eda de Pamplona"}}]}},"post_mailing_queue_ids":[],"_links":{"self":[{"href":"https:\/\/www.laguiadepamplona.com\/actualidad\/wp-json\/wp\/v2\/posts\/22300","targetHints":{"allow":["GET"]}}],"collection":[{"href":"https:\/\/www.laguiadepamplona.com\/actualidad\/wp-json\/wp\/v2\/posts"}],"about":[{"href":"https:\/\/www.laguiadepamplona.com\/actualidad\/wp-json\/wp\/v2\/types\/post"}],"author":[{"embeddable":true,"href":"https:\/\/www.laguiadepamplona.com\/actualidad\/wp-json\/wp\/v2\/users\/1"}],"replies":[{"embeddable":true,"href":"https:\/\/www.laguiadepamplona.com\/actualidad\/wp-json\/wp\/v2\/comments?post=22300"}],"version-history":[{"count":0,"href":"https:\/\/www.laguiadepamplona.com\/actualidad\/wp-json\/wp\/v2\/posts\/22300\/revisions"}],"wp:featuredmedia":[{"embeddable":true,"href":"https:\/\/www.laguiadepamplona.com\/actualidad\/wp-json\/wp\/v2\/media\/21939"}],"wp:attachment":[{"href":"https:\/\/www.laguiadepamplona.com\/actualidad\/wp-json\/wp\/v2\/media?parent=22300"}],"wp:term":[{"taxonomy":"category","embeddable":true,"href":"https:\/\/www.laguiadepamplona.com\/actualidad\/wp-json\/wp\/v2\/categories?post=22300"},{"taxonomy":"post_tag","embeddable":true,"href":"https:\/\/www.laguiadepamplona.com\/actualidad\/wp-json\/wp\/v2\/tags?post=22300"}],"curies":[{"name":"wp","href":"https:\/\/api.w.org\/{rel}","templated":true}]}}