{"id":22291,"date":"2019-05-21T15:03:28","date_gmt":"2019-05-21T13:03:28","guid":{"rendered":"https:\/\/www.laguiadepamplona.es\/actualidad\/?p=22291"},"modified":"2019-05-21T15:03:28","modified_gmt":"2019-05-21T13:03:28","slug":"adjudicadas-las-obras-de-la-casa-de-la-mujeres-que-se-iniciaran-en-primavera-y-convertiran-el-antiguo-pablo-sarasate-en-espacio-de-sensibilizacion-y-empoderamiento","status":"publish","type":"post","link":"https:\/\/www.laguiadepamplona.com\/actualidad\/adjudicadas-las-obras-de-la-casa-de-la-mujeres-que-se-iniciaran-en-primavera-y-convertiran-el-antiguo-pablo-sarasate-en-espacio-de-sensibilizacion-y-empoderamiento\/","title":{"rendered":"Adjudicadas las obras de la Casa de la Mujeres que se iniciar\u00e1n en primavera y convertir\u00e1n el antiguo Pablo Sarasate en espacio de sensibilizaci\u00f3n y empoderamiento"},"content":{"rendered":"<p><!--more--><\/p>\n<h3>El gasto aprobado, de 135.114 euros (IVA incluido), servir\u00e1 para mejorar condiciones de accesibilidad, antiincendios y acabados interiores<\/h3>\n<p>La Junta de Gobierno Local ha aprobado hoy la adjudicaci\u00f3n de las obras de la Casa de la Mujeres que est\u00e1 previsto se inicien en primavera. Ocupar\u00e1 un espacio de m\u00e1s de 300 m<sup>2<\/sup> en la planta baja del antiguo conservatorio Pablo Sarasate que de esta manera se convertir\u00e1 en un espacio de encuentro, sensibilizaci\u00f3n y empoderamiento individual y colectivo de las mujeres para contribuir a la consecuci\u00f3n de la igualdad real entre mujeres y hombres.<\/p>\n<p>El Ayuntamiento ha destinado a esos trabajos 135.114,65 euros (IVA incluido) y ser\u00e1n realizados por Bisel Navarra S.L. con un plazo de ejecuci\u00f3n de 50 d\u00edas naturales. Esta cantidad supone una rebaja del 5% sobre el precio de licitaci\u00f3n que ascend\u00eda a 142.299,16 euros. Los trabajos consistir\u00e1n b\u00e1sicamente en mejorar las condiciones de accesibilidad y antiincendios y la renovaci\u00f3n de los acabados interiores de una zona de la planta baja del edificio municipal situado en la calle Aoiz, 9. Se trabajar\u00e1 para acondicionar un punto de informaci\u00f3n-conserjer\u00eda, tres aulas polivalentes, una sala de reuniones, otro espacio de consulta y reprograf\u00eda, la zona de descanso y las taquillas.<\/p>\n<p>El Ayuntamiento firm\u00f3 el mes pasado abril un convenio de colaboraci\u00f3n con la asociaci\u00f3n Casa de las Mujeres de Pamplona -Iru\u00f1eko Emakumeen Etxea para la cesi\u00f3n del uso gratuita del espacio y comenzar el pr\u00f3ximo curso, tras la finalizaci\u00f3n de las obras, con las actividades. La Casa de la Mujeres estar\u00e1 abierta las tardes de los d\u00edas laborables, de 17 a 21 horas, y ser\u00e1 el Ayuntamiento quien lo dote del personal necesario para ello. Compartir\u00e1 edificio con el Equipo Municipal de Atenci\u00f3n a Domicilio, cuya sede est\u00e1 en la primera planta.<\/p>\n<p><strong>Acondicionar espacios de reuni\u00f3n, entrada accesible, instalaci\u00f3n el\u00e9ctrica y aseos<\/strong><\/p>\n<p>La empresa adjudicataria llevar\u00e1 a cabo el lijado y barnizado de todas las tarimas de las aulas y el pulido del suelo de terrazo del pasillo y la zona entrada. Adem\u00e1s, se pintar\u00e1n techo, paredes y radiadores; se lacar\u00e1n todas las carpinter\u00edas de madera; se remodelar\u00e1 la carpinter\u00eda exterior de aluminio y la acristalada del interior; se posibilitar\u00e1 que las puertas se abran hacia el exterior sin invadir el pasillo o sean correderas y el cierre de recepci\u00f3n de madera se modificar\u00e1 para que tenga un paso libre m\u00ednimo de 80 cm. Al mismo tiempo se renovar\u00e1n por completo los aseos del ala oeste, ejecutando un aseo para mujeres y otro accesible, que incluir\u00e1n nuevos aparatos sanitarios, y se colocar\u00e1 un fregadero en la zona de descanso.<\/p>\n<p>La instalaci\u00f3n el\u00e9ctrica se completar\u00e1 con nuevos puntos de fuerza y la sustituci\u00f3n de las l\u00e1mparas en mal estado mientras que la red de datos de la Casa de las Mujeres ser\u00e1 independiente del resto del edificio y contar\u00e1 con puntos de red fijos y de red inal\u00e1mbrica. En recepci\u00f3n se instalar\u00e1 un puesto de trabajo con conexi\u00f3n doble a la red de datos de la Casa de mujeres y a la corporativa del Ayuntamiento. Por lo que respecta a la calefacci\u00f3n, se sustituir\u00e1n las v\u00e1lvulas en mal estado; el portero autom\u00e1tico en entrada al edificio se reubicar\u00e1 porque no es accesible, y de la instalaci\u00f3n contra incendios se repondr\u00e1n los elementos necesarios.<\/p>\n<p>En el exterior, se ejecutar\u00e1 una rampa accesible dotada con un pasamanos y nuevas escaleras. La puerta de la fachada no es accesible ya que tiene 70 cm de anchura de paso y ser\u00e1 sustituida por otra de 90 cm. Se retirar\u00e1 el felpudo y se realizar\u00e1 un tratamiento del suelo de la entrada del edificio para evitar resbalones. Asimismo, se eliminar\u00e1 la valla del jard\u00edn de la parcela. Por \u00faltimo, la actuaci\u00f3n se completa con nuevo mobiliario: unas 140 sillas, 20 mesas de distintos tama\u00f1os, armarios, estanter\u00edas, pantalla mural, papeleras, cajoneras, cortinas o percheros, entre otros elementos.<\/p>\n<p><strong>Iniciativa enmarcada en el III Plan para la Igualdad de Pamplona (2016-2022)<\/strong><\/p>\n<p>La creaci\u00f3n de la Casa de las Mujeres se enmarca en los principios rectores que gu\u00edan el III Plan para la Igualdad de Pamplona (2016-2022) y responde a los objetivos marcados en la L\u00ednea Estrat\u00e9gica de Participaci\u00f3n e Incidencia Pol\u00edtica para conseguir fortalecer el movimiento asociativo de mujeres y que se convierta en \u00f3rgano de interlocuci\u00f3n con el Ayuntamiento. Con este nuevo recurso municipal se quiere crear un espacio de referencia feminista, interseccional e intergeneracional que permita lleva a cabo estrategias conjuntas.<\/p>\n<p>Se dota tambi\u00e9n a las asociaciones de mujeres y colectivo feministas de un espacio donde llevar a cabo sus actividades. Asimismo, se ofrece como mecanismo de participaci\u00f3n y supone establecer canales de comunicaci\u00f3n que permitir\u00e1n el di\u00e1logo entre las asociaciones de mujeres y la administraci\u00f3n para impulsar el cambio de valores socioculturales y pol\u00edticos en Pamplona a favor de la igualdad. Por \u00faltimo, la Casa de las Mujeres generar\u00e1 un espacio de reflexi\u00f3n, debate y creaci\u00f3n que permitir\u00e1 visibilizar el impacto que la discriminaci\u00f3n tiene sobre la vida de las mujeres.<\/p>\n","protected":false},"excerpt":{"rendered":"","protected":false},"author":1,"featured_media":21939,"comment_status":"open","ping_status":"closed","sticky":false,"template":"","format":"standard","meta":{"footnotes":""},"categories":[2],"tags":[],"class_list":["post-22291","post","type-post","status-publish","format-standard","has-post-thumbnail","hentry","category-ayuntamiento-pamplona"],"yoast_head":"<!-- This site is optimized with the Yoast SEO plugin v27.3 - https:\/\/yoast.com\/product\/yoast-seo-wordpress\/ -->\n<title>Adjudicadas las obras de la Casa de la Mujeres que se iniciar\u00e1n en primavera y convertir\u00e1n el antiguo Pablo Sarasate en espacio de sensibilizaci\u00f3n y empoderamiento<\/title>\n<meta name=\"robots\" content=\"index, follow, max-snippet:-1, max-image-preview:large, max-video-preview:-1\" \/>\n<link rel=\"canonical\" href=\"https:\/\/www.laguiadepamplona.com\/actualidad\/adjudicadas-las-obras-de-la-casa-de-la-mujeres-que-se-iniciaran-en-primavera-y-convertiran-el-antiguo-pablo-sarasate-en-espacio-de-sensibilizacion-y-empoderamiento\/\" \/>\n<meta property=\"og:locale\" content=\"es_ES\" \/>\n<meta property=\"og:type\" content=\"article\" \/>\n<meta property=\"og:title\" content=\"Adjudicadas las obras de la Casa de la Mujeres que se iniciar\u00e1n en primavera y convertir\u00e1n el antiguo Pablo Sarasate en espacio de sensibilizaci\u00f3n y empoderamiento\" \/>\n<meta property=\"og:url\" content=\"https:\/\/www.laguiadepamplona.com\/actualidad\/adjudicadas-las-obras-de-la-casa-de-la-mujeres-que-se-iniciaran-en-primavera-y-convertiran-el-antiguo-pablo-sarasate-en-espacio-de-sensibilizacion-y-empoderamiento\/\" \/>\n<meta property=\"og:site_name\" content=\"La Gu\u00eda de Pamplona\" \/>\n<meta property=\"article:publisher\" content=\"https:\/\/www.facebook.com\/laguiadepamplonacom-133175176762273\/?ref=hl\" \/>\n<meta property=\"article:published_time\" content=\"2019-05-21T13:03:28+00:00\" \/>\n<meta property=\"og:image\" content=\"https:\/\/www.laguiadepamplona.com\/actualidad\/wp-content\/uploads\/2019\/05\/ayuntamiento-pamplona-laguiadepamplona.jpg\" \/>\n\t<meta property=\"og:image:width\" content=\"1920\" \/>\n\t<meta property=\"og:image:height\" content=\"1100\" \/>\n\t<meta property=\"og:image:type\" content=\"image\/jpeg\" \/>\n<meta name=\"author\" content=\"La Gu\u00eda de Pamplona\" \/>\n<meta name=\"twitter:card\" content=\"summary_large_image\" \/>\n<meta name=\"twitter:creator\" content=\"@LaGuiadPamplona\" \/>\n<meta name=\"twitter:site\" content=\"@LaGuiadPamplona\" \/>\n<meta name=\"twitter:label1\" content=\"Escrito por\" \/>\n\t<meta name=\"twitter:data1\" content=\"La Gu\u00eda de Pamplona\" \/>\n\t<meta name=\"twitter:label2\" content=\"Tiempo de lectura\" \/>\n\t<meta name=\"twitter:data2\" content=\"4 minutos\" \/>\n<script type=\"application\/ld+json\" class=\"yoast-schema-graph\">{\"@context\":\"https:\\\/\\\/schema.org\",\"@graph\":[{\"@type\":\"Article\",\"@id\":\"https:\\\/\\\/www.laguiadepamplona.com\\\/actualidad\\\/adjudicadas-las-obras-de-la-casa-de-la-mujeres-que-se-iniciaran-en-primavera-y-convertiran-el-antiguo-pablo-sarasate-en-espacio-de-sensibilizacion-y-empoderamiento\\\/#article\",\"isPartOf\":{\"@id\":\"https:\\\/\\\/www.laguiadepamplona.com\\\/actualidad\\\/adjudicadas-las-obras-de-la-casa-de-la-mujeres-que-se-iniciaran-en-primavera-y-convertiran-el-antiguo-pablo-sarasate-en-espacio-de-sensibilizacion-y-empoderamiento\\\/\"},\"author\":{\"name\":\"La Gu\u00eda de Pamplona\",\"@id\":\"https:\\\/\\\/www.laguiadepamplona.com\\\/actualidad\\\/#\\\/schema\\\/person\\\/efe887376f0213d4657c93adc50b1fdb\"},\"headline\":\"Adjudicadas las obras de la Casa de la Mujeres que se iniciar\u00e1n en primavera y convertir\u00e1n el antiguo Pablo Sarasate en espacio de sensibilizaci\u00f3n y empoderamiento\",\"datePublished\":\"2019-05-21T13:03:28+00:00\",\"mainEntityOfPage\":{\"@id\":\"https:\\\/\\\/www.laguiadepamplona.com\\\/actualidad\\\/adjudicadas-las-obras-de-la-casa-de-la-mujeres-que-se-iniciaran-en-primavera-y-convertiran-el-antiguo-pablo-sarasate-en-espacio-de-sensibilizacion-y-empoderamiento\\\/\"},\"wordCount\":911,\"commentCount\":0,\"publisher\":{\"@id\":\"https:\\\/\\\/www.laguiadepamplona.com\\\/actualidad\\\/#organization\"},\"image\":{\"@id\":\"https:\\\/\\\/www.laguiadepamplona.com\\\/actualidad\\\/adjudicadas-las-obras-de-la-casa-de-la-mujeres-que-se-iniciaran-en-primavera-y-convertiran-el-antiguo-pablo-sarasate-en-espacio-de-sensibilizacion-y-empoderamiento\\\/#primaryimage\"},\"thumbnailUrl\":\"https:\\\/\\\/www.laguiadepamplona.com\\\/actualidad\\\/wp-content\\\/uploads\\\/2019\\\/05\\\/ayuntamiento-pamplona-laguiadepamplona.jpg\",\"articleSection\":[\"Ayto Pamplona\"],\"inLanguage\":\"es\",\"potentialAction\":[{\"@type\":\"CommentAction\",\"name\":\"Comment\",\"target\":[\"https:\\\/\\\/www.laguiadepamplona.com\\\/actualidad\\\/adjudicadas-las-obras-de-la-casa-de-la-mujeres-que-se-iniciaran-en-primavera-y-convertiran-el-antiguo-pablo-sarasate-en-espacio-de-sensibilizacion-y-empoderamiento\\\/#respond\"]}]},{\"@type\":\"WebPage\",\"@id\":\"https:\\\/\\\/www.laguiadepamplona.com\\\/actualidad\\\/adjudicadas-las-obras-de-la-casa-de-la-mujeres-que-se-iniciaran-en-primavera-y-convertiran-el-antiguo-pablo-sarasate-en-espacio-de-sensibilizacion-y-empoderamiento\\\/\",\"url\":\"https:\\\/\\\/www.laguiadepamplona.com\\\/actualidad\\\/adjudicadas-las-obras-de-la-casa-de-la-mujeres-que-se-iniciaran-en-primavera-y-convertiran-el-antiguo-pablo-sarasate-en-espacio-de-sensibilizacion-y-empoderamiento\\\/\",\"name\":\"Adjudicadas las obras de la Casa de la Mujeres que se iniciar\u00e1n en primavera y convertir\u00e1n el antiguo Pablo Sarasate en espacio de sensibilizaci\u00f3n y empoderamiento\",\"isPartOf\":{\"@id\":\"https:\\\/\\\/www.laguiadepamplona.com\\\/actualidad\\\/#website\"},\"primaryImageOfPage\":{\"@id\":\"https:\\\/\\\/www.laguiadepamplona.com\\\/actualidad\\\/adjudicadas-las-obras-de-la-casa-de-la-mujeres-que-se-iniciaran-en-primavera-y-convertiran-el-antiguo-pablo-sarasate-en-espacio-de-sensibilizacion-y-empoderamiento\\\/#primaryimage\"},\"image\":{\"@id\":\"https:\\\/\\\/www.laguiadepamplona.com\\\/actualidad\\\/adjudicadas-las-obras-de-la-casa-de-la-mujeres-que-se-iniciaran-en-primavera-y-convertiran-el-antiguo-pablo-sarasate-en-espacio-de-sensibilizacion-y-empoderamiento\\\/#primaryimage\"},\"thumbnailUrl\":\"https:\\\/\\\/www.laguiadepamplona.com\\\/actualidad\\\/wp-content\\\/uploads\\\/2019\\\/05\\\/ayuntamiento-pamplona-laguiadepamplona.jpg\",\"datePublished\":\"2019-05-21T13:03:28+00:00\",\"breadcrumb\":{\"@id\":\"https:\\\/\\\/www.laguiadepamplona.com\\\/actualidad\\\/adjudicadas-las-obras-de-la-casa-de-la-mujeres-que-se-iniciaran-en-primavera-y-convertiran-el-antiguo-pablo-sarasate-en-espacio-de-sensibilizacion-y-empoderamiento\\\/#breadcrumb\"},\"inLanguage\":\"es\",\"potentialAction\":[{\"@type\":\"ReadAction\",\"target\":[\"https:\\\/\\\/www.laguiadepamplona.com\\\/actualidad\\\/adjudicadas-las-obras-de-la-casa-de-la-mujeres-que-se-iniciaran-en-primavera-y-convertiran-el-antiguo-pablo-sarasate-en-espacio-de-sensibilizacion-y-empoderamiento\\\/\"]}]},{\"@type\":\"ImageObject\",\"inLanguage\":\"es\",\"@id\":\"https:\\\/\\\/www.laguiadepamplona.com\\\/actualidad\\\/adjudicadas-las-obras-de-la-casa-de-la-mujeres-que-se-iniciaran-en-primavera-y-convertiran-el-antiguo-pablo-sarasate-en-espacio-de-sensibilizacion-y-empoderamiento\\\/#primaryimage\",\"url\":\"https:\\\/\\\/www.laguiadepamplona.com\\\/actualidad\\\/wp-content\\\/uploads\\\/2019\\\/05\\\/ayuntamiento-pamplona-laguiadepamplona.jpg\",\"contentUrl\":\"https:\\\/\\\/www.laguiadepamplona.com\\\/actualidad\\\/wp-content\\\/uploads\\\/2019\\\/05\\\/ayuntamiento-pamplona-laguiadepamplona.jpg\",\"width\":1920,\"height\":1100},{\"@type\":\"BreadcrumbList\",\"@id\":\"https:\\\/\\\/www.laguiadepamplona.com\\\/actualidad\\\/adjudicadas-las-obras-de-la-casa-de-la-mujeres-que-se-iniciaran-en-primavera-y-convertiran-el-antiguo-pablo-sarasate-en-espacio-de-sensibilizacion-y-empoderamiento\\\/#breadcrumb\",\"itemListElement\":[{\"@type\":\"ListItem\",\"position\":1,\"name\":\"Portada\",\"item\":\"https:\\\/\\\/www.laguiadepamplona.com\\\/actualidad\\\/\"},{\"@type\":\"ListItem\",\"position\":2,\"name\":\"Adjudicadas las obras de la Casa de la Mujeres que se iniciar\u00e1n en primavera y convertir\u00e1n el antiguo Pablo Sarasate en espacio de sensibilizaci\u00f3n y empoderamiento\"}]},{\"@type\":\"WebSite\",\"@id\":\"https:\\\/\\\/www.laguiadepamplona.com\\\/actualidad\\\/#website\",\"url\":\"https:\\\/\\\/www.laguiadepamplona.com\\\/actualidad\\\/\",\"name\":\"La gu\u00eda de Pamplona\",\"description\":\"Noticias de Pamplona\",\"publisher\":{\"@id\":\"https:\\\/\\\/www.laguiadepamplona.com\\\/actualidad\\\/#organization\"},\"potentialAction\":[{\"@type\":\"SearchAction\",\"target\":{\"@type\":\"EntryPoint\",\"urlTemplate\":\"https:\\\/\\\/www.laguiadepamplona.com\\\/actualidad\\\/?s={search_term_string}\"},\"query-input\":{\"@type\":\"PropertyValueSpecification\",\"valueRequired\":true,\"valueName\":\"search_term_string\"}}],\"inLanguage\":\"es\"},{\"@type\":\"Organization\",\"@id\":\"https:\\\/\\\/www.laguiadepamplona.com\\\/actualidad\\\/#organization\",\"name\":\"La Gu\u00eda de Pamplona \\\/ Noticias\",\"url\":\"https:\\\/\\\/www.laguiadepamplona.com\\\/actualidad\\\/\",\"logo\":{\"@type\":\"ImageObject\",\"inLanguage\":\"es\",\"@id\":\"https:\\\/\\\/www.laguiadepamplona.com\\\/actualidad\\\/#\\\/schema\\\/logo\\\/image\\\/\",\"url\":\"https:\\\/\\\/www.laguiadepamplona.com\\\/actualidad\\\/wp-content\\\/uploads\\\/2018\\\/11\\\/logo-laguiadepamplona18-web1.png\",\"contentUrl\":\"https:\\\/\\\/www.laguiadepamplona.com\\\/actualidad\\\/wp-content\\\/uploads\\\/2018\\\/11\\\/logo-laguiadepamplona18-web1.png\",\"width\":600,\"height\":196,\"caption\":\"La Gu\u00eda de Pamplona \\\/ Noticias\"},\"image\":{\"@id\":\"https:\\\/\\\/www.laguiadepamplona.com\\\/actualidad\\\/#\\\/schema\\\/logo\\\/image\\\/\"},\"sameAs\":[\"https:\\\/\\\/www.facebook.com\\\/laguiadepamplonacom-133175176762273\\\/?ref=hl\",\"https:\\\/\\\/x.com\\\/LaGuiadPamplona\",\"https:\\\/\\\/www.instagram.com\\\/la_guia_de_pamplona\\\/\",\"https:\\\/\\\/www.youtube.com\\\/user\\\/laguiadepamplona\"]},{\"@type\":\"Person\",\"@id\":\"https:\\\/\\\/www.laguiadepamplona.com\\\/actualidad\\\/#\\\/schema\\\/person\\\/efe887376f0213d4657c93adc50b1fdb\",\"name\":\"La Gu\u00eda de Pamplona\",\"image\":{\"@type\":\"ImageObject\",\"inLanguage\":\"es\",\"@id\":\"https:\\\/\\\/secure.gravatar.com\\\/avatar\\\/b6992f131dc8d30ab0dff15446e9d346d9dbd95992de0fef795073f5ea83a81c?s=96&d=mm&r=g\",\"url\":\"https:\\\/\\\/secure.gravatar.com\\\/avatar\\\/b6992f131dc8d30ab0dff15446e9d346d9dbd95992de0fef795073f5ea83a81c?s=96&d=mm&r=g\",\"contentUrl\":\"https:\\\/\\\/secure.gravatar.com\\\/avatar\\\/b6992f131dc8d30ab0dff15446e9d346d9dbd95992de0fef795073f5ea83a81c?s=96&d=mm&r=g\",\"caption\":\"La Gu\u00eda de Pamplona\"}}]}<\/script>\n<!-- \/ Yoast SEO plugin. -->","yoast_head_json":{"title":"Adjudicadas las obras de la Casa de la Mujeres que se iniciar\u00e1n en primavera y convertir\u00e1n el antiguo Pablo Sarasate en espacio de sensibilizaci\u00f3n y empoderamiento","robots":{"index":"index","follow":"follow","max-snippet":"max-snippet:-1","max-image-preview":"max-image-preview:large","max-video-preview":"max-video-preview:-1"},"canonical":"https:\/\/www.laguiadepamplona.com\/actualidad\/adjudicadas-las-obras-de-la-casa-de-la-mujeres-que-se-iniciaran-en-primavera-y-convertiran-el-antiguo-pablo-sarasate-en-espacio-de-sensibilizacion-y-empoderamiento\/","og_locale":"es_ES","og_type":"article","og_title":"Adjudicadas las obras de la Casa de la Mujeres que se iniciar\u00e1n en primavera y convertir\u00e1n el antiguo Pablo Sarasate en espacio de sensibilizaci\u00f3n y empoderamiento","og_url":"https:\/\/www.laguiadepamplona.com\/actualidad\/adjudicadas-las-obras-de-la-casa-de-la-mujeres-que-se-iniciaran-en-primavera-y-convertiran-el-antiguo-pablo-sarasate-en-espacio-de-sensibilizacion-y-empoderamiento\/","og_site_name":"La Gu\u00eda de Pamplona","article_publisher":"https:\/\/www.facebook.com\/laguiadepamplonacom-133175176762273\/?ref=hl","article_published_time":"2019-05-21T13:03:28+00:00","og_image":[{"width":1920,"height":1100,"url":"https:\/\/www.laguiadepamplona.com\/actualidad\/wp-content\/uploads\/2019\/05\/ayuntamiento-pamplona-laguiadepamplona.jpg","type":"image\/jpeg"}],"author":"La Gu\u00eda de Pamplona","twitter_card":"summary_large_image","twitter_creator":"@LaGuiadPamplona","twitter_site":"@LaGuiadPamplona","twitter_misc":{"Escrito por":"La Gu\u00eda de Pamplona","Tiempo de lectura":"4 minutos"},"schema":{"@context":"https:\/\/schema.org","@graph":[{"@type":"Article","@id":"https:\/\/www.laguiadepamplona.com\/actualidad\/adjudicadas-las-obras-de-la-casa-de-la-mujeres-que-se-iniciaran-en-primavera-y-convertiran-el-antiguo-pablo-sarasate-en-espacio-de-sensibilizacion-y-empoderamiento\/#article","isPartOf":{"@id":"https:\/\/www.laguiadepamplona.com\/actualidad\/adjudicadas-las-obras-de-la-casa-de-la-mujeres-que-se-iniciaran-en-primavera-y-convertiran-el-antiguo-pablo-sarasate-en-espacio-de-sensibilizacion-y-empoderamiento\/"},"author":{"name":"La Gu\u00eda de Pamplona","@id":"https:\/\/www.laguiadepamplona.com\/actualidad\/#\/schema\/person\/efe887376f0213d4657c93adc50b1fdb"},"headline":"Adjudicadas las obras de la Casa de la Mujeres que se iniciar\u00e1n en primavera y convertir\u00e1n el antiguo Pablo Sarasate en espacio de sensibilizaci\u00f3n y empoderamiento","datePublished":"2019-05-21T13:03:28+00:00","mainEntityOfPage":{"@id":"https:\/\/www.laguiadepamplona.com\/actualidad\/adjudicadas-las-obras-de-la-casa-de-la-mujeres-que-se-iniciaran-en-primavera-y-convertiran-el-antiguo-pablo-sarasate-en-espacio-de-sensibilizacion-y-empoderamiento\/"},"wordCount":911,"commentCount":0,"publisher":{"@id":"https:\/\/www.laguiadepamplona.com\/actualidad\/#organization"},"image":{"@id":"https:\/\/www.laguiadepamplona.com\/actualidad\/adjudicadas-las-obras-de-la-casa-de-la-mujeres-que-se-iniciaran-en-primavera-y-convertiran-el-antiguo-pablo-sarasate-en-espacio-de-sensibilizacion-y-empoderamiento\/#primaryimage"},"thumbnailUrl":"https:\/\/www.laguiadepamplona.com\/actualidad\/wp-content\/uploads\/2019\/05\/ayuntamiento-pamplona-laguiadepamplona.jpg","articleSection":["Ayto Pamplona"],"inLanguage":"es","potentialAction":[{"@type":"CommentAction","name":"Comment","target":["https:\/\/www.laguiadepamplona.com\/actualidad\/adjudicadas-las-obras-de-la-casa-de-la-mujeres-que-se-iniciaran-en-primavera-y-convertiran-el-antiguo-pablo-sarasate-en-espacio-de-sensibilizacion-y-empoderamiento\/#respond"]}]},{"@type":"WebPage","@id":"https:\/\/www.laguiadepamplona.com\/actualidad\/adjudicadas-las-obras-de-la-casa-de-la-mujeres-que-se-iniciaran-en-primavera-y-convertiran-el-antiguo-pablo-sarasate-en-espacio-de-sensibilizacion-y-empoderamiento\/","url":"https:\/\/www.laguiadepamplona.com\/actualidad\/adjudicadas-las-obras-de-la-casa-de-la-mujeres-que-se-iniciaran-en-primavera-y-convertiran-el-antiguo-pablo-sarasate-en-espacio-de-sensibilizacion-y-empoderamiento\/","name":"Adjudicadas las obras de la Casa de la Mujeres que se iniciar\u00e1n en primavera y convertir\u00e1n el antiguo Pablo Sarasate en espacio de sensibilizaci\u00f3n y empoderamiento","isPartOf":{"@id":"https:\/\/www.laguiadepamplona.com\/actualidad\/#website"},"primaryImageOfPage":{"@id":"https:\/\/www.laguiadepamplona.com\/actualidad\/adjudicadas-las-obras-de-la-casa-de-la-mujeres-que-se-iniciaran-en-primavera-y-convertiran-el-antiguo-pablo-sarasate-en-espacio-de-sensibilizacion-y-empoderamiento\/#primaryimage"},"image":{"@id":"https:\/\/www.laguiadepamplona.com\/actualidad\/adjudicadas-las-obras-de-la-casa-de-la-mujeres-que-se-iniciaran-en-primavera-y-convertiran-el-antiguo-pablo-sarasate-en-espacio-de-sensibilizacion-y-empoderamiento\/#primaryimage"},"thumbnailUrl":"https:\/\/www.laguiadepamplona.com\/actualidad\/wp-content\/uploads\/2019\/05\/ayuntamiento-pamplona-laguiadepamplona.jpg","datePublished":"2019-05-21T13:03:28+00:00","breadcrumb":{"@id":"https:\/\/www.laguiadepamplona.com\/actualidad\/adjudicadas-las-obras-de-la-casa-de-la-mujeres-que-se-iniciaran-en-primavera-y-convertiran-el-antiguo-pablo-sarasate-en-espacio-de-sensibilizacion-y-empoderamiento\/#breadcrumb"},"inLanguage":"es","potentialAction":[{"@type":"ReadAction","target":["https:\/\/www.laguiadepamplona.com\/actualidad\/adjudicadas-las-obras-de-la-casa-de-la-mujeres-que-se-iniciaran-en-primavera-y-convertiran-el-antiguo-pablo-sarasate-en-espacio-de-sensibilizacion-y-empoderamiento\/"]}]},{"@type":"ImageObject","inLanguage":"es","@id":"https:\/\/www.laguiadepamplona.com\/actualidad\/adjudicadas-las-obras-de-la-casa-de-la-mujeres-que-se-iniciaran-en-primavera-y-convertiran-el-antiguo-pablo-sarasate-en-espacio-de-sensibilizacion-y-empoderamiento\/#primaryimage","url":"https:\/\/www.laguiadepamplona.com\/actualidad\/wp-content\/uploads\/2019\/05\/ayuntamiento-pamplona-laguiadepamplona.jpg","contentUrl":"https:\/\/www.laguiadepamplona.com\/actualidad\/wp-content\/uploads\/2019\/05\/ayuntamiento-pamplona-laguiadepamplona.jpg","width":1920,"height":1100},{"@type":"BreadcrumbList","@id":"https:\/\/www.laguiadepamplona.com\/actualidad\/adjudicadas-las-obras-de-la-casa-de-la-mujeres-que-se-iniciaran-en-primavera-y-convertiran-el-antiguo-pablo-sarasate-en-espacio-de-sensibilizacion-y-empoderamiento\/#breadcrumb","itemListElement":[{"@type":"ListItem","position":1,"name":"Portada","item":"https:\/\/www.laguiadepamplona.com\/actualidad\/"},{"@type":"ListItem","position":2,"name":"Adjudicadas las obras de la Casa de la Mujeres que se iniciar\u00e1n en primavera y convertir\u00e1n el antiguo Pablo Sarasate en espacio de sensibilizaci\u00f3n y empoderamiento"}]},{"@type":"WebSite","@id":"https:\/\/www.laguiadepamplona.com\/actualidad\/#website","url":"https:\/\/www.laguiadepamplona.com\/actualidad\/","name":"La gu\u00eda de Pamplona","description":"Noticias de Pamplona","publisher":{"@id":"https:\/\/www.laguiadepamplona.com\/actualidad\/#organization"},"potentialAction":[{"@type":"SearchAction","target":{"@type":"EntryPoint","urlTemplate":"https:\/\/www.laguiadepamplona.com\/actualidad\/?s={search_term_string}"},"query-input":{"@type":"PropertyValueSpecification","valueRequired":true,"valueName":"search_term_string"}}],"inLanguage":"es"},{"@type":"Organization","@id":"https:\/\/www.laguiadepamplona.com\/actualidad\/#organization","name":"La Gu\u00eda de Pamplona \/ Noticias","url":"https:\/\/www.laguiadepamplona.com\/actualidad\/","logo":{"@type":"ImageObject","inLanguage":"es","@id":"https:\/\/www.laguiadepamplona.com\/actualidad\/#\/schema\/logo\/image\/","url":"https:\/\/www.laguiadepamplona.com\/actualidad\/wp-content\/uploads\/2018\/11\/logo-laguiadepamplona18-web1.png","contentUrl":"https:\/\/www.laguiadepamplona.com\/actualidad\/wp-content\/uploads\/2018\/11\/logo-laguiadepamplona18-web1.png","width":600,"height":196,"caption":"La Gu\u00eda de Pamplona \/ Noticias"},"image":{"@id":"https:\/\/www.laguiadepamplona.com\/actualidad\/#\/schema\/logo\/image\/"},"sameAs":["https:\/\/www.facebook.com\/laguiadepamplonacom-133175176762273\/?ref=hl","https:\/\/x.com\/LaGuiadPamplona","https:\/\/www.instagram.com\/la_guia_de_pamplona\/","https:\/\/www.youtube.com\/user\/laguiadepamplona"]},{"@type":"Person","@id":"https:\/\/www.laguiadepamplona.com\/actualidad\/#\/schema\/person\/efe887376f0213d4657c93adc50b1fdb","name":"La Gu\u00eda de Pamplona","image":{"@type":"ImageObject","inLanguage":"es","@id":"https:\/\/secure.gravatar.com\/avatar\/b6992f131dc8d30ab0dff15446e9d346d9dbd95992de0fef795073f5ea83a81c?s=96&d=mm&r=g","url":"https:\/\/secure.gravatar.com\/avatar\/b6992f131dc8d30ab0dff15446e9d346d9dbd95992de0fef795073f5ea83a81c?s=96&d=mm&r=g","contentUrl":"https:\/\/secure.gravatar.com\/avatar\/b6992f131dc8d30ab0dff15446e9d346d9dbd95992de0fef795073f5ea83a81c?s=96&d=mm&r=g","caption":"La Gu\u00eda de Pamplona"}}]}},"post_mailing_queue_ids":[],"_links":{"self":[{"href":"https:\/\/www.laguiadepamplona.com\/actualidad\/wp-json\/wp\/v2\/posts\/22291","targetHints":{"allow":["GET"]}}],"collection":[{"href":"https:\/\/www.laguiadepamplona.com\/actualidad\/wp-json\/wp\/v2\/posts"}],"about":[{"href":"https:\/\/www.laguiadepamplona.com\/actualidad\/wp-json\/wp\/v2\/types\/post"}],"author":[{"embeddable":true,"href":"https:\/\/www.laguiadepamplona.com\/actualidad\/wp-json\/wp\/v2\/users\/1"}],"replies":[{"embeddable":true,"href":"https:\/\/www.laguiadepamplona.com\/actualidad\/wp-json\/wp\/v2\/comments?post=22291"}],"version-history":[{"count":0,"href":"https:\/\/www.laguiadepamplona.com\/actualidad\/wp-json\/wp\/v2\/posts\/22291\/revisions"}],"wp:featuredmedia":[{"embeddable":true,"href":"https:\/\/www.laguiadepamplona.com\/actualidad\/wp-json\/wp\/v2\/media\/21939"}],"wp:attachment":[{"href":"https:\/\/www.laguiadepamplona.com\/actualidad\/wp-json\/wp\/v2\/media?parent=22291"}],"wp:term":[{"taxonomy":"category","embeddable":true,"href":"https:\/\/www.laguiadepamplona.com\/actualidad\/wp-json\/wp\/v2\/categories?post=22291"},{"taxonomy":"post_tag","embeddable":true,"href":"https:\/\/www.laguiadepamplona.com\/actualidad\/wp-json\/wp\/v2\/tags?post=22291"}],"curies":[{"name":"wp","href":"https:\/\/api.w.org\/{rel}","templated":true}]}}