{"id":22283,"date":"2019-05-21T15:01:20","date_gmt":"2019-05-21T13:01:20","guid":{"rendered":"https:\/\/www.laguiadepamplona.es\/actualidad\/?p=22283"},"modified":"2019-05-21T15:01:20","modified_gmt":"2019-05-21T13:01:20","slug":"una-conferencia-este-miercoles-en-el-museo-de-educacion-ambiental-da-a-conocer-los-aspectos-principales-de-los-cultivos-de-primavera-y-verano","status":"publish","type":"post","link":"https:\/\/www.laguiadepamplona.com\/actualidad\/una-conferencia-este-miercoles-en-el-museo-de-educacion-ambiental-da-a-conocer-los-aspectos-principales-de-los-cultivos-de-primavera-y-verano\/","title":{"rendered":"Una conferencia este mi\u00e9rcoles en el Museo de Educaci\u00f3n Ambiental da a conocer los aspectos principales de los cultivos de primavera y verano"},"content":{"rendered":"<p><!--more--><\/p>\n<h3>Durante la semana se ha programado un mercadillo de intercambio sin dinero y se puede visitar una exposici\u00f3n sobre energ\u00eda<\/h3>\n<p>Nueva semana de actividades en el Museo de Educaci\u00f3n Ambiental. De martes a viernes se ha programado un mercadillo de intercambio sin dinero, el mi\u00e9rcoles una conferencia sobre cultivos de primavera y verano y durante toda la semana se podr\u00e1 visitar una exposici\u00f3n sobre la energ\u00eda. Todas las actividades son gratuitas y est\u00e1n abiertas a la participaci\u00f3n.<\/p>\n<p>El agricultor ecol\u00f3gico y horticultor, Aingeru Tabar, ser\u00e1 el ponente el mi\u00e9rcoles de la conferencia \u2018Conocer el manejo de los cultivos de primavera y verano. Tabar trabaja como agricultor en Bidaurreta, entre la vega del r\u00edo Arga y la sierra de Esparaz. En la charla se dar\u00e1 informaci\u00f3n sobre los principales cultivos de primavera, centr\u00e1ndose en aspectos como el suelo, el abonado, el riego, la plantaci\u00f3n, el mantenimiento, la sanidad y las labores culturales. La charla comenzar\u00e1 a las 19 horas, con entrada libre.<\/p>\n<p>Durante la semana, de martes a viernes, tendr\u00e1 lugar un mercadillo de intercambio sin dinero, ya habitual cada mes en la programaci\u00f3n del Museo de Educaci\u00f3n Ambiental. Se ofrece una alternativa a la compra, impulsando la reutilizaci\u00f3n, y as\u00ed se contribuye al cuidado del entorno, ya que se ahorra materia prima y energ\u00eda. En el mercadillo se puede encontrar ropa, calzado, abalorios, libros, juguetes&#8230; Las personas participantes deben llevar objetos en buen estado que ya no utilicen y que puedan ser de inter\u00e9s para otras personas. Se podr\u00e1n intercambiar, hasta un m\u00e1ximo de cuatro objetos de valor similar, por otros objetos del mercadillo. El horario coincide con el de apertura del museo, es decir, de martes a viernes por la ma\u00f1ana de 10 a 13 horas y de martes a jueves por la tarde de 18 a 20 horas.<\/p>\n<p>Asimismo, el Museo de Educaci\u00f3n Ambiental exhibe hasta el 14 de junio una muestra de un proyecto de aprendizaje-servicio llevado a cabo por el colegio Larraona. El proyecto parte de una necesidad que detectaron en el centro educativo, en los hogares y en el barrio de Iturrama: un excesivo gasto de energ\u00eda. En colaboraci\u00f3n con el Museo de Educaci\u00f3n Ambiental, observaron y midieron los consumos e investigaron su posible repercusi\u00f3n en el medio ambiente. A partir de ah\u00ed, idearon soluciones realistas y concretas para intentar reducir el gasto energ\u00e9tico en casa, en el colegio y en el barrio y las llevaron a la pr\u00e1ctica, con normas para el uso de la energ\u00eda (consumo de agua, apagado de luces&#8230;) y acciones de sensibilizaci\u00f3n para todo el entorno.<\/p>\n","protected":false},"excerpt":{"rendered":"","protected":false},"author":1,"featured_media":11071,"comment_status":"open","ping_status":"closed","sticky":false,"template":"","format":"standard","meta":{"footnotes":""},"categories":[2],"tags":[],"class_list":["post-22283","post","type-post","status-publish","format-standard","has-post-thumbnail","hentry","category-ayuntamiento-pamplona"],"yoast_head":"<!-- This site is optimized with the Yoast SEO plugin v27.3 - https:\/\/yoast.com\/product\/yoast-seo-wordpress\/ -->\n<title>Una conferencia este mi\u00e9rcoles en el Museo de Educaci\u00f3n Ambiental da a conocer los aspectos principales de los cultivos de primavera y verano<\/title>\n<meta name=\"robots\" content=\"index, follow, max-snippet:-1, max-image-preview:large, max-video-preview:-1\" \/>\n<link rel=\"canonical\" href=\"https:\/\/www.laguiadepamplona.com\/actualidad\/una-conferencia-este-miercoles-en-el-museo-de-educacion-ambiental-da-a-conocer-los-aspectos-principales-de-los-cultivos-de-primavera-y-verano\/\" \/>\n<meta property=\"og:locale\" content=\"es_ES\" \/>\n<meta property=\"og:type\" content=\"article\" \/>\n<meta property=\"og:title\" content=\"Una conferencia este mi\u00e9rcoles en el Museo de Educaci\u00f3n Ambiental da a conocer los aspectos principales de los cultivos de primavera y verano\" \/>\n<meta property=\"og:url\" content=\"https:\/\/www.laguiadepamplona.com\/actualidad\/una-conferencia-este-miercoles-en-el-museo-de-educacion-ambiental-da-a-conocer-los-aspectos-principales-de-los-cultivos-de-primavera-y-verano\/\" \/>\n<meta property=\"og:site_name\" content=\"La Gu\u00eda de Pamplona\" \/>\n<meta property=\"article:publisher\" content=\"https:\/\/www.facebook.com\/laguiadepamplonacom-133175176762273\/?ref=hl\" \/>\n<meta property=\"article:published_time\" content=\"2019-05-21T13:01:20+00:00\" \/>\n<meta property=\"og:image\" content=\"https:\/\/www.laguiadepamplona.com\/actualidad\/wp-content\/uploads\/2016\/12\/Museo-Educacion-Ambiental-Pamplona.jpg\" \/>\n\t<meta property=\"og:image:width\" content=\"627\" \/>\n\t<meta property=\"og:image:height\" content=\"352\" \/>\n\t<meta property=\"og:image:type\" content=\"image\/jpeg\" \/>\n<meta name=\"author\" content=\"La Gu\u00eda de Pamplona\" \/>\n<meta name=\"twitter:card\" content=\"summary_large_image\" \/>\n<meta name=\"twitter:creator\" content=\"@LaGuiadPamplona\" \/>\n<meta name=\"twitter:site\" content=\"@LaGuiadPamplona\" \/>\n<meta name=\"twitter:label1\" content=\"Escrito por\" \/>\n\t<meta name=\"twitter:data1\" content=\"La Gu\u00eda de Pamplona\" \/>\n\t<meta name=\"twitter:label2\" content=\"Tiempo de lectura\" \/>\n\t<meta name=\"twitter:data2\" content=\"2 minutos\" \/>\n<script type=\"application\/ld+json\" class=\"yoast-schema-graph\">{\"@context\":\"https:\\\/\\\/schema.org\",\"@graph\":[{\"@type\":\"Article\",\"@id\":\"https:\\\/\\\/www.laguiadepamplona.com\\\/actualidad\\\/una-conferencia-este-miercoles-en-el-museo-de-educacion-ambiental-da-a-conocer-los-aspectos-principales-de-los-cultivos-de-primavera-y-verano\\\/#article\",\"isPartOf\":{\"@id\":\"https:\\\/\\\/www.laguiadepamplona.com\\\/actualidad\\\/una-conferencia-este-miercoles-en-el-museo-de-educacion-ambiental-da-a-conocer-los-aspectos-principales-de-los-cultivos-de-primavera-y-verano\\\/\"},\"author\":{\"name\":\"La Gu\u00eda de Pamplona\",\"@id\":\"https:\\\/\\\/www.laguiadepamplona.com\\\/actualidad\\\/#\\\/schema\\\/person\\\/efe887376f0213d4657c93adc50b1fdb\"},\"headline\":\"Una conferencia este mi\u00e9rcoles en el Museo de Educaci\u00f3n Ambiental da a conocer los aspectos principales de los cultivos de primavera y verano\",\"datePublished\":\"2019-05-21T13:01:20+00:00\",\"mainEntityOfPage\":{\"@id\":\"https:\\\/\\\/www.laguiadepamplona.com\\\/actualidad\\\/una-conferencia-este-miercoles-en-el-museo-de-educacion-ambiental-da-a-conocer-los-aspectos-principales-de-los-cultivos-de-primavera-y-verano\\\/\"},\"wordCount\":476,\"commentCount\":0,\"publisher\":{\"@id\":\"https:\\\/\\\/www.laguiadepamplona.com\\\/actualidad\\\/#organization\"},\"image\":{\"@id\":\"https:\\\/\\\/www.laguiadepamplona.com\\\/actualidad\\\/una-conferencia-este-miercoles-en-el-museo-de-educacion-ambiental-da-a-conocer-los-aspectos-principales-de-los-cultivos-de-primavera-y-verano\\\/#primaryimage\"},\"thumbnailUrl\":\"https:\\\/\\\/www.laguiadepamplona.com\\\/actualidad\\\/wp-content\\\/uploads\\\/2016\\\/12\\\/Museo-Educacion-Ambiental-Pamplona.jpg\",\"articleSection\":[\"Ayto Pamplona\"],\"inLanguage\":\"es\",\"potentialAction\":[{\"@type\":\"CommentAction\",\"name\":\"Comment\",\"target\":[\"https:\\\/\\\/www.laguiadepamplona.com\\\/actualidad\\\/una-conferencia-este-miercoles-en-el-museo-de-educacion-ambiental-da-a-conocer-los-aspectos-principales-de-los-cultivos-de-primavera-y-verano\\\/#respond\"]}]},{\"@type\":\"WebPage\",\"@id\":\"https:\\\/\\\/www.laguiadepamplona.com\\\/actualidad\\\/una-conferencia-este-miercoles-en-el-museo-de-educacion-ambiental-da-a-conocer-los-aspectos-principales-de-los-cultivos-de-primavera-y-verano\\\/\",\"url\":\"https:\\\/\\\/www.laguiadepamplona.com\\\/actualidad\\\/una-conferencia-este-miercoles-en-el-museo-de-educacion-ambiental-da-a-conocer-los-aspectos-principales-de-los-cultivos-de-primavera-y-verano\\\/\",\"name\":\"Una conferencia este mi\u00e9rcoles en el Museo de Educaci\u00f3n Ambiental da a conocer los aspectos principales de los cultivos de primavera y verano\",\"isPartOf\":{\"@id\":\"https:\\\/\\\/www.laguiadepamplona.com\\\/actualidad\\\/#website\"},\"primaryImageOfPage\":{\"@id\":\"https:\\\/\\\/www.laguiadepamplona.com\\\/actualidad\\\/una-conferencia-este-miercoles-en-el-museo-de-educacion-ambiental-da-a-conocer-los-aspectos-principales-de-los-cultivos-de-primavera-y-verano\\\/#primaryimage\"},\"image\":{\"@id\":\"https:\\\/\\\/www.laguiadepamplona.com\\\/actualidad\\\/una-conferencia-este-miercoles-en-el-museo-de-educacion-ambiental-da-a-conocer-los-aspectos-principales-de-los-cultivos-de-primavera-y-verano\\\/#primaryimage\"},\"thumbnailUrl\":\"https:\\\/\\\/www.laguiadepamplona.com\\\/actualidad\\\/wp-content\\\/uploads\\\/2016\\\/12\\\/Museo-Educacion-Ambiental-Pamplona.jpg\",\"datePublished\":\"2019-05-21T13:01:20+00:00\",\"breadcrumb\":{\"@id\":\"https:\\\/\\\/www.laguiadepamplona.com\\\/actualidad\\\/una-conferencia-este-miercoles-en-el-museo-de-educacion-ambiental-da-a-conocer-los-aspectos-principales-de-los-cultivos-de-primavera-y-verano\\\/#breadcrumb\"},\"inLanguage\":\"es\",\"potentialAction\":[{\"@type\":\"ReadAction\",\"target\":[\"https:\\\/\\\/www.laguiadepamplona.com\\\/actualidad\\\/una-conferencia-este-miercoles-en-el-museo-de-educacion-ambiental-da-a-conocer-los-aspectos-principales-de-los-cultivos-de-primavera-y-verano\\\/\"]}]},{\"@type\":\"ImageObject\",\"inLanguage\":\"es\",\"@id\":\"https:\\\/\\\/www.laguiadepamplona.com\\\/actualidad\\\/una-conferencia-este-miercoles-en-el-museo-de-educacion-ambiental-da-a-conocer-los-aspectos-principales-de-los-cultivos-de-primavera-y-verano\\\/#primaryimage\",\"url\":\"https:\\\/\\\/www.laguiadepamplona.com\\\/actualidad\\\/wp-content\\\/uploads\\\/2016\\\/12\\\/Museo-Educacion-Ambiental-Pamplona.jpg\",\"contentUrl\":\"https:\\\/\\\/www.laguiadepamplona.com\\\/actualidad\\\/wp-content\\\/uploads\\\/2016\\\/12\\\/Museo-Educacion-Ambiental-Pamplona.jpg\",\"width\":627,\"height\":352},{\"@type\":\"BreadcrumbList\",\"@id\":\"https:\\\/\\\/www.laguiadepamplona.com\\\/actualidad\\\/una-conferencia-este-miercoles-en-el-museo-de-educacion-ambiental-da-a-conocer-los-aspectos-principales-de-los-cultivos-de-primavera-y-verano\\\/#breadcrumb\",\"itemListElement\":[{\"@type\":\"ListItem\",\"position\":1,\"name\":\"Portada\",\"item\":\"https:\\\/\\\/www.laguiadepamplona.com\\\/actualidad\\\/\"},{\"@type\":\"ListItem\",\"position\":2,\"name\":\"Una conferencia este mi\u00e9rcoles en el Museo de Educaci\u00f3n Ambiental da a conocer los aspectos principales de los cultivos de primavera y verano\"}]},{\"@type\":\"WebSite\",\"@id\":\"https:\\\/\\\/www.laguiadepamplona.com\\\/actualidad\\\/#website\",\"url\":\"https:\\\/\\\/www.laguiadepamplona.com\\\/actualidad\\\/\",\"name\":\"La gu\u00eda de Pamplona\",\"description\":\"Noticias de Pamplona\",\"publisher\":{\"@id\":\"https:\\\/\\\/www.laguiadepamplona.com\\\/actualidad\\\/#organization\"},\"potentialAction\":[{\"@type\":\"SearchAction\",\"target\":{\"@type\":\"EntryPoint\",\"urlTemplate\":\"https:\\\/\\\/www.laguiadepamplona.com\\\/actualidad\\\/?s={search_term_string}\"},\"query-input\":{\"@type\":\"PropertyValueSpecification\",\"valueRequired\":true,\"valueName\":\"search_term_string\"}}],\"inLanguage\":\"es\"},{\"@type\":\"Organization\",\"@id\":\"https:\\\/\\\/www.laguiadepamplona.com\\\/actualidad\\\/#organization\",\"name\":\"La Gu\u00eda de Pamplona \\\/ Noticias\",\"url\":\"https:\\\/\\\/www.laguiadepamplona.com\\\/actualidad\\\/\",\"logo\":{\"@type\":\"ImageObject\",\"inLanguage\":\"es\",\"@id\":\"https:\\\/\\\/www.laguiadepamplona.com\\\/actualidad\\\/#\\\/schema\\\/logo\\\/image\\\/\",\"url\":\"https:\\\/\\\/www.laguiadepamplona.com\\\/actualidad\\\/wp-content\\\/uploads\\\/2018\\\/11\\\/logo-laguiadepamplona18-web1.png\",\"contentUrl\":\"https:\\\/\\\/www.laguiadepamplona.com\\\/actualidad\\\/wp-content\\\/uploads\\\/2018\\\/11\\\/logo-laguiadepamplona18-web1.png\",\"width\":600,\"height\":196,\"caption\":\"La Gu\u00eda de Pamplona \\\/ Noticias\"},\"image\":{\"@id\":\"https:\\\/\\\/www.laguiadepamplona.com\\\/actualidad\\\/#\\\/schema\\\/logo\\\/image\\\/\"},\"sameAs\":[\"https:\\\/\\\/www.facebook.com\\\/laguiadepamplonacom-133175176762273\\\/?ref=hl\",\"https:\\\/\\\/x.com\\\/LaGuiadPamplona\",\"https:\\\/\\\/www.instagram.com\\\/la_guia_de_pamplona\\\/\",\"https:\\\/\\\/www.youtube.com\\\/user\\\/laguiadepamplona\"]},{\"@type\":\"Person\",\"@id\":\"https:\\\/\\\/www.laguiadepamplona.com\\\/actualidad\\\/#\\\/schema\\\/person\\\/efe887376f0213d4657c93adc50b1fdb\",\"name\":\"La Gu\u00eda de Pamplona\",\"image\":{\"@type\":\"ImageObject\",\"inLanguage\":\"es\",\"@id\":\"https:\\\/\\\/secure.gravatar.com\\\/avatar\\\/b6992f131dc8d30ab0dff15446e9d346d9dbd95992de0fef795073f5ea83a81c?s=96&d=mm&r=g\",\"url\":\"https:\\\/\\\/secure.gravatar.com\\\/avatar\\\/b6992f131dc8d30ab0dff15446e9d346d9dbd95992de0fef795073f5ea83a81c?s=96&d=mm&r=g\",\"contentUrl\":\"https:\\\/\\\/secure.gravatar.com\\\/avatar\\\/b6992f131dc8d30ab0dff15446e9d346d9dbd95992de0fef795073f5ea83a81c?s=96&d=mm&r=g\",\"caption\":\"La Gu\u00eda de Pamplona\"}}]}<\/script>\n<!-- \/ Yoast SEO plugin. -->","yoast_head_json":{"title":"Una conferencia este mi\u00e9rcoles en el Museo de Educaci\u00f3n Ambiental da a conocer los aspectos principales de los cultivos de primavera y verano","robots":{"index":"index","follow":"follow","max-snippet":"max-snippet:-1","max-image-preview":"max-image-preview:large","max-video-preview":"max-video-preview:-1"},"canonical":"https:\/\/www.laguiadepamplona.com\/actualidad\/una-conferencia-este-miercoles-en-el-museo-de-educacion-ambiental-da-a-conocer-los-aspectos-principales-de-los-cultivos-de-primavera-y-verano\/","og_locale":"es_ES","og_type":"article","og_title":"Una conferencia este mi\u00e9rcoles en el Museo de Educaci\u00f3n Ambiental da a conocer los aspectos principales de los cultivos de primavera y verano","og_url":"https:\/\/www.laguiadepamplona.com\/actualidad\/una-conferencia-este-miercoles-en-el-museo-de-educacion-ambiental-da-a-conocer-los-aspectos-principales-de-los-cultivos-de-primavera-y-verano\/","og_site_name":"La Gu\u00eda de Pamplona","article_publisher":"https:\/\/www.facebook.com\/laguiadepamplonacom-133175176762273\/?ref=hl","article_published_time":"2019-05-21T13:01:20+00:00","og_image":[{"width":627,"height":352,"url":"https:\/\/www.laguiadepamplona.com\/actualidad\/wp-content\/uploads\/2016\/12\/Museo-Educacion-Ambiental-Pamplona.jpg","type":"image\/jpeg"}],"author":"La Gu\u00eda de Pamplona","twitter_card":"summary_large_image","twitter_creator":"@LaGuiadPamplona","twitter_site":"@LaGuiadPamplona","twitter_misc":{"Escrito por":"La Gu\u00eda de Pamplona","Tiempo de lectura":"2 minutos"},"schema":{"@context":"https:\/\/schema.org","@graph":[{"@type":"Article","@id":"https:\/\/www.laguiadepamplona.com\/actualidad\/una-conferencia-este-miercoles-en-el-museo-de-educacion-ambiental-da-a-conocer-los-aspectos-principales-de-los-cultivos-de-primavera-y-verano\/#article","isPartOf":{"@id":"https:\/\/www.laguiadepamplona.com\/actualidad\/una-conferencia-este-miercoles-en-el-museo-de-educacion-ambiental-da-a-conocer-los-aspectos-principales-de-los-cultivos-de-primavera-y-verano\/"},"author":{"name":"La Gu\u00eda de Pamplona","@id":"https:\/\/www.laguiadepamplona.com\/actualidad\/#\/schema\/person\/efe887376f0213d4657c93adc50b1fdb"},"headline":"Una conferencia este mi\u00e9rcoles en el Museo de Educaci\u00f3n Ambiental da a conocer los aspectos principales de los cultivos de primavera y verano","datePublished":"2019-05-21T13:01:20+00:00","mainEntityOfPage":{"@id":"https:\/\/www.laguiadepamplona.com\/actualidad\/una-conferencia-este-miercoles-en-el-museo-de-educacion-ambiental-da-a-conocer-los-aspectos-principales-de-los-cultivos-de-primavera-y-verano\/"},"wordCount":476,"commentCount":0,"publisher":{"@id":"https:\/\/www.laguiadepamplona.com\/actualidad\/#organization"},"image":{"@id":"https:\/\/www.laguiadepamplona.com\/actualidad\/una-conferencia-este-miercoles-en-el-museo-de-educacion-ambiental-da-a-conocer-los-aspectos-principales-de-los-cultivos-de-primavera-y-verano\/#primaryimage"},"thumbnailUrl":"https:\/\/www.laguiadepamplona.com\/actualidad\/wp-content\/uploads\/2016\/12\/Museo-Educacion-Ambiental-Pamplona.jpg","articleSection":["Ayto Pamplona"],"inLanguage":"es","potentialAction":[{"@type":"CommentAction","name":"Comment","target":["https:\/\/www.laguiadepamplona.com\/actualidad\/una-conferencia-este-miercoles-en-el-museo-de-educacion-ambiental-da-a-conocer-los-aspectos-principales-de-los-cultivos-de-primavera-y-verano\/#respond"]}]},{"@type":"WebPage","@id":"https:\/\/www.laguiadepamplona.com\/actualidad\/una-conferencia-este-miercoles-en-el-museo-de-educacion-ambiental-da-a-conocer-los-aspectos-principales-de-los-cultivos-de-primavera-y-verano\/","url":"https:\/\/www.laguiadepamplona.com\/actualidad\/una-conferencia-este-miercoles-en-el-museo-de-educacion-ambiental-da-a-conocer-los-aspectos-principales-de-los-cultivos-de-primavera-y-verano\/","name":"Una conferencia este mi\u00e9rcoles en el Museo de Educaci\u00f3n Ambiental da a conocer los aspectos principales de los cultivos de primavera y verano","isPartOf":{"@id":"https:\/\/www.laguiadepamplona.com\/actualidad\/#website"},"primaryImageOfPage":{"@id":"https:\/\/www.laguiadepamplona.com\/actualidad\/una-conferencia-este-miercoles-en-el-museo-de-educacion-ambiental-da-a-conocer-los-aspectos-principales-de-los-cultivos-de-primavera-y-verano\/#primaryimage"},"image":{"@id":"https:\/\/www.laguiadepamplona.com\/actualidad\/una-conferencia-este-miercoles-en-el-museo-de-educacion-ambiental-da-a-conocer-los-aspectos-principales-de-los-cultivos-de-primavera-y-verano\/#primaryimage"},"thumbnailUrl":"https:\/\/www.laguiadepamplona.com\/actualidad\/wp-content\/uploads\/2016\/12\/Museo-Educacion-Ambiental-Pamplona.jpg","datePublished":"2019-05-21T13:01:20+00:00","breadcrumb":{"@id":"https:\/\/www.laguiadepamplona.com\/actualidad\/una-conferencia-este-miercoles-en-el-museo-de-educacion-ambiental-da-a-conocer-los-aspectos-principales-de-los-cultivos-de-primavera-y-verano\/#breadcrumb"},"inLanguage":"es","potentialAction":[{"@type":"ReadAction","target":["https:\/\/www.laguiadepamplona.com\/actualidad\/una-conferencia-este-miercoles-en-el-museo-de-educacion-ambiental-da-a-conocer-los-aspectos-principales-de-los-cultivos-de-primavera-y-verano\/"]}]},{"@type":"ImageObject","inLanguage":"es","@id":"https:\/\/www.laguiadepamplona.com\/actualidad\/una-conferencia-este-miercoles-en-el-museo-de-educacion-ambiental-da-a-conocer-los-aspectos-principales-de-los-cultivos-de-primavera-y-verano\/#primaryimage","url":"https:\/\/www.laguiadepamplona.com\/actualidad\/wp-content\/uploads\/2016\/12\/Museo-Educacion-Ambiental-Pamplona.jpg","contentUrl":"https:\/\/www.laguiadepamplona.com\/actualidad\/wp-content\/uploads\/2016\/12\/Museo-Educacion-Ambiental-Pamplona.jpg","width":627,"height":352},{"@type":"BreadcrumbList","@id":"https:\/\/www.laguiadepamplona.com\/actualidad\/una-conferencia-este-miercoles-en-el-museo-de-educacion-ambiental-da-a-conocer-los-aspectos-principales-de-los-cultivos-de-primavera-y-verano\/#breadcrumb","itemListElement":[{"@type":"ListItem","position":1,"name":"Portada","item":"https:\/\/www.laguiadepamplona.com\/actualidad\/"},{"@type":"ListItem","position":2,"name":"Una conferencia este mi\u00e9rcoles en el Museo de Educaci\u00f3n Ambiental da a conocer los aspectos principales de los cultivos de primavera y verano"}]},{"@type":"WebSite","@id":"https:\/\/www.laguiadepamplona.com\/actualidad\/#website","url":"https:\/\/www.laguiadepamplona.com\/actualidad\/","name":"La gu\u00eda de Pamplona","description":"Noticias de Pamplona","publisher":{"@id":"https:\/\/www.laguiadepamplona.com\/actualidad\/#organization"},"potentialAction":[{"@type":"SearchAction","target":{"@type":"EntryPoint","urlTemplate":"https:\/\/www.laguiadepamplona.com\/actualidad\/?s={search_term_string}"},"query-input":{"@type":"PropertyValueSpecification","valueRequired":true,"valueName":"search_term_string"}}],"inLanguage":"es"},{"@type":"Organization","@id":"https:\/\/www.laguiadepamplona.com\/actualidad\/#organization","name":"La Gu\u00eda de Pamplona \/ Noticias","url":"https:\/\/www.laguiadepamplona.com\/actualidad\/","logo":{"@type":"ImageObject","inLanguage":"es","@id":"https:\/\/www.laguiadepamplona.com\/actualidad\/#\/schema\/logo\/image\/","url":"https:\/\/www.laguiadepamplona.com\/actualidad\/wp-content\/uploads\/2018\/11\/logo-laguiadepamplona18-web1.png","contentUrl":"https:\/\/www.laguiadepamplona.com\/actualidad\/wp-content\/uploads\/2018\/11\/logo-laguiadepamplona18-web1.png","width":600,"height":196,"caption":"La Gu\u00eda de Pamplona \/ Noticias"},"image":{"@id":"https:\/\/www.laguiadepamplona.com\/actualidad\/#\/schema\/logo\/image\/"},"sameAs":["https:\/\/www.facebook.com\/laguiadepamplonacom-133175176762273\/?ref=hl","https:\/\/x.com\/LaGuiadPamplona","https:\/\/www.instagram.com\/la_guia_de_pamplona\/","https:\/\/www.youtube.com\/user\/laguiadepamplona"]},{"@type":"Person","@id":"https:\/\/www.laguiadepamplona.com\/actualidad\/#\/schema\/person\/efe887376f0213d4657c93adc50b1fdb","name":"La Gu\u00eda de Pamplona","image":{"@type":"ImageObject","inLanguage":"es","@id":"https:\/\/secure.gravatar.com\/avatar\/b6992f131dc8d30ab0dff15446e9d346d9dbd95992de0fef795073f5ea83a81c?s=96&d=mm&r=g","url":"https:\/\/secure.gravatar.com\/avatar\/b6992f131dc8d30ab0dff15446e9d346d9dbd95992de0fef795073f5ea83a81c?s=96&d=mm&r=g","contentUrl":"https:\/\/secure.gravatar.com\/avatar\/b6992f131dc8d30ab0dff15446e9d346d9dbd95992de0fef795073f5ea83a81c?s=96&d=mm&r=g","caption":"La Gu\u00eda de Pamplona"}}]}},"post_mailing_queue_ids":[],"_links":{"self":[{"href":"https:\/\/www.laguiadepamplona.com\/actualidad\/wp-json\/wp\/v2\/posts\/22283","targetHints":{"allow":["GET"]}}],"collection":[{"href":"https:\/\/www.laguiadepamplona.com\/actualidad\/wp-json\/wp\/v2\/posts"}],"about":[{"href":"https:\/\/www.laguiadepamplona.com\/actualidad\/wp-json\/wp\/v2\/types\/post"}],"author":[{"embeddable":true,"href":"https:\/\/www.laguiadepamplona.com\/actualidad\/wp-json\/wp\/v2\/users\/1"}],"replies":[{"embeddable":true,"href":"https:\/\/www.laguiadepamplona.com\/actualidad\/wp-json\/wp\/v2\/comments?post=22283"}],"version-history":[{"count":0,"href":"https:\/\/www.laguiadepamplona.com\/actualidad\/wp-json\/wp\/v2\/posts\/22283\/revisions"}],"wp:featuredmedia":[{"embeddable":true,"href":"https:\/\/www.laguiadepamplona.com\/actualidad\/wp-json\/wp\/v2\/media\/11071"}],"wp:attachment":[{"href":"https:\/\/www.laguiadepamplona.com\/actualidad\/wp-json\/wp\/v2\/media?parent=22283"}],"wp:term":[{"taxonomy":"category","embeddable":true,"href":"https:\/\/www.laguiadepamplona.com\/actualidad\/wp-json\/wp\/v2\/categories?post=22283"},{"taxonomy":"post_tag","embeddable":true,"href":"https:\/\/www.laguiadepamplona.com\/actualidad\/wp-json\/wp\/v2\/tags?post=22283"}],"curies":[{"name":"wp","href":"https:\/\/api.w.org\/{rel}","templated":true}]}}