{"id":22268,"date":"2019-05-20T15:19:30","date_gmt":"2019-05-20T13:19:30","guid":{"rendered":"https:\/\/www.laguiadepamplona.es\/actualidad\/?p=22268"},"modified":"2019-05-20T15:19:30","modified_gmt":"2019-05-20T13:19:30","slug":"etxabakoitz-sutan-ofrecera-en-agosto-conciertos-de-tomasito-y-sonakay-denontzat-dentro-de-auzokale-el-programa-que-lleva-la-cultura-a-la-calle-y-a-los-barrios","status":"publish","type":"post","link":"https:\/\/www.laguiadepamplona.com\/actualidad\/etxabakoitz-sutan-ofrecera-en-agosto-conciertos-de-tomasito-y-sonakay-denontzat-dentro-de-auzokale-el-programa-que-lleva-la-cultura-a-la-calle-y-a-los-barrios\/","title":{"rendered":"\u2018Etxabakoitz sutan\u2019 ofrecer\u00e1 en agosto conciertos de Tomasito y Sonakay Denontzat dentro de \u2018Auzokale\u2019, el programa que lleva la cultura a la calle y a los barrios"},"content":{"rendered":"<p><!--more--><\/p>\n<h3>\u2018Auzokale\u2019 ampliar\u00e1 este verano las actividades para llegar a Etxabakoitz, Txantrea, Milagrosa, Casco Antiguo, Mendillorri, Rochapea y San Jorge<\/h3>\n<p>Etxabakoitz contar\u00e1 el pr\u00f3ximo mes de agosto con las actuaciones de Tomasito y de Sonakay Denontzat, espect\u00e1culo incluidos en el nuevo ciclo \u2018Etxabakoitz sutan\u2019 que ofrecer\u00e1 adem\u00e1s una clase magistral con el cantaor y una mesa redonda sobre flamenco y euskera. De esta manera, regresar\u00e1 de nuevo este a\u00f1o el programa Auzokale, que apuesta por llevar la cultura a la calle y a los barrios de Pamplona en los meses estivales con actividades de teatro, m\u00fasica, exposiciones, circo y cine. Todo ello impulsando que el vecindario y las entidades de los barrios participen en la organizaci\u00f3n de la programaci\u00f3n. Todas las propuestas tienen entrada gratuita.<\/p>\n<p>A \u2018Etxabakoitz sutan\u2019 se unir\u00e1n otras nuevas propuestas como \u2018Mendillorri auzortzen\u2019 con el teatro-circo de \u2018Spazi\u2026o\u2019 y conciertos de Pilgrim\u2019s y Jhana Beat en la plaza de Antzara; \u2018La Mila de oro\u2019 con exposiciones y actuaciones musicales de artistas y colectivos y del barrio y \u2018San Jorge&#8230; de calle\u2019 con cuentacuentos en la plaza Doctor Gortari. Adem\u00e1s, incluir\u00e1 \u2018Solsticio multicultural: transici\u00f3n(es) de luz y cultura\u2019 en la Txantrea con motivo de la puesta en marcha del nuevo espacio cultural de Salesianas y las actuaciones teatrales de \u2018La Rochapea de muestra\u2019 en el parque de los Enamorados.<\/p>\n<p><strong>16 de agosto Sonakay Denontzat y Tomasito el 17 de agosto<\/strong><\/p>\n<p>Sonakay, el grupo donostiarra de fuertes ra\u00edces tanto vascas como gitanas, llegar\u00e1 a Etxabakoitz el viernes 16 de agosto a las 20 horas para presentar su disco \u2018Denontzat\u2019. Ofrecer\u00e1 un concierto de cante flamenco en euskera que incluye versiones de Mikel Laboa, Benito Lertxundi y Urko combinadas con temas propios. Aprovechando la visita del grupo se ha organizado una mesa redonda sobre el flamenco y el euskera.<\/p>\n<p>Al d\u00eda siguiente, subir\u00e1 al escenario Tomasito, tambi\u00e9n a las 20 horas. Previamente, a las 17 horas impartir\u00e1 un taller de iniciaci\u00f3n al comp\u00e1s flamenco que tiene inscripci\u00f3n previa gratuita en cualquier Civivox. El concierto ser\u00e1 un recorrido por lo mejor del repertorio de la dilatada carrera del cantaor que comenz\u00f3 hace m\u00e1s de dos d\u00e9cadas.<\/p>\n<p>\u2018Etxabakoitz sutan\u2019 es fruto del trabajo conjunto con el barrio que se hizo el a\u00f1o pasado a ra\u00edz del desarrollo del programa \u2018Ibaiertzean\u2019. Se detect\u00f3 la demanda de programaci\u00f3n cultural y espec\u00edficamente de flamenco. Para ponerlo en marcha, el Ayuntamiento ha colaborado con Flamenco On Fire, quien ha participado en el dise\u00f1o de este nuevo ciclo el fin de semana anterior al inicio del festival.<\/p>\n<p><strong>Comienzo de Auzokale en la Txantea y continuaci\u00f3n en Casco Antiguo y San Jorge<\/strong><\/p>\n<p>Auzokale comenzar\u00e1 este a\u00f1o el fin de semana del 21 al 23 de junio con la apertura del nuevo espacio cultural Salesianas en la Txantrea. Esta programaci\u00f3n es ejemplo de la colaboraci\u00f3n municipal con las entidades de Pamplona, ya que ha sido dise\u00f1ada por el grupo de cultura creado en torno al nuevo espacio cultural. El viernes 21, habr\u00e1 m\u00fasica DJ y proyecci\u00f3n del videomapping del artista Patxi Araujo. La jornada del s\u00e1bado contar\u00e1 con espacios creativos y talleres, pasarela de modelos locales y de otros pa\u00edses, degustaciones de comidas de distintos lugares y un espect\u00e1culo con dantzaris, gaiteros, fanfarre y coral. El domingo se celebrar\u00e1n las hogueras de San Juan.<\/p>\n<p>\u2018Versionando\u2019 mantendr\u00e1 su ubicaci\u00f3n en la plaza de San Jos\u00e9 con actuaciones musicales a las 20 horas. El 5 de agosto, Mind The Gap llevar\u00e1 versiones de Allman Brothers Band, Lynyrd Skynyrd, Eric Clapton, Blackberry Smoke o Bob Dylan; el 12 de agosto ser\u00e1 el turno de La Tribu Obembe; el 19 de agosto llegar\u00e1n las canciones de The Beatles de la mano de A Beatle Bit y para finalizar, el 26 de agosto, Rockstarts y los mejores cl\u00e1sicos de rock: Deep Purple, Bon Jovi, Whitesnake, Europe, Scorpions, Guns and Roses, Iron Maiden o AC\/DC, entre otros grupos.<\/p>\n<p>Las actividades llegar\u00e1n a San Jorge, en colaboraci\u00f3n con Umetxea, el 7 de agosto. La plaza Doctor Gortari acoger\u00e1 sesiones de cuentacuentos con Sergio de Andr\u00e9s ese d\u00eda y 14 y 21 de agosto a las 12 horas. El ciclo se completa en el barrio con jornadas juveniles el 20 y 21 de septiembre y un programa de talleres, conciertos, teatro de calle y circo.<\/p>\n<p><strong>Teatro en Rochapea y M\u00fasica en Mendillorri y artistas del barrio en Milagrosa<\/strong><\/p>\n<p>Auzokale llevar\u00e1 sus actividades la segunda quincena de agosto a Rochapea y Mendillorri. \u2018La Rochapea de muestra\u2019 presentar\u00e1 en el parque de los Enamorados, el 22 de agosto, una sesi\u00f3n de juegos naturales con materiales desestructurados que fomentan el desarrollo de la creatividad. Continuar\u00e1 con \u2018La m\u00e1quina y yo\u2019, el 5 de septiembre; una obra gestual que cuenta la curiosa relaci\u00f3n de una m\u00e1quina extravagante y una persona sencilla. Para finalizar, el 6 de septiembre, llegar\u00e1, un a\u00f1o m\u00e1s, \u2018Bat night: la noche de los murci\u00e9lagos\u2019 con inscripciones en Civivox a 2 euros.<\/p>\n<p>La plaza de Antzara ser\u00e1 el escenario de Mendillorri auzortzen, que del 26 al 28 de agosto ofrecer\u00e1 como la Rochapea, juegos naturales de 17 a 20 horas. Adem\u00e1s, el 26 de agosto, la compa\u00f1\u00eda vasca Dikothomia Cia presentar\u00e1 \u2018Spazio\u2019, obra que busca en la t\u00e9cnica circense el lenguaje para expresar las emociones y las vivencias. La m\u00fasica celta de Pilgrim\u2019s sonar\u00e1 al d\u00eda siguiente y el 28 de agosto ser\u00e1n sonidos electr\u00f3nicos de la mano de Jhana Beat los que lleguen a Mendillorri a las 20 horas. Este ciclo est\u00e1 organizado en colaboraci\u00f3n con el Centro Comunitario Antzara, Bideberri y la Comisi\u00f3n de Fiestas de Mendillorri.<\/p>\n<p>Para terminar, Auzokale propondr\u00e1 el nuevo ciclo \u2018La mila de oro\u2019 que ofrecer\u00e1 16 y 17 de septiembre, en distintos lugares emblem\u00e1ticos del barrio, exposiciones y actuaciones musicales de artistas y colectivos que se completar\u00e1 con espacios infantiles. La idea de esta iniciativa parti\u00f3 del propio vecindario, quien propuso sacar el \u2018oro\u2019 que tiene esa zona y poner en valor el movimiento art\u00edstico y cultural que existe.<\/p>\n<p>&nbsp;<\/p>\n<h3><span style=\"color: #ff0000;\">Auzokale 2019. Entrada libre<\/span><\/h3>\n<ul>\n<li><span style=\"color: #ff0000;\"><strong>Etxabakoitz sutan<\/strong>.<\/span> <strong>Grupo Urd\u00e1noz<\/strong><\/li>\n<li><strong>16 de agosto. Mesa redonda: el flamenco y el euskera. 17 horas<\/strong><\/li>\n<li><strong>16 de agosto. Sonakay Denontzat. 20 horas<\/strong><\/li>\n<li><strong>17 de agosto. Taller de iniciaci\u00f3n al comp\u00e1s flamenco por Tomasito. 17 horas<\/strong><\/li>\n<li><strong>17 de agosto. Tomasito: ciudadano gitano. 20 horas<\/strong><\/li>\n<li><strong><span style=\"color: #ff0000;\">La Mila de oro.<\/span> Lugares emblem\u00e1ticos del barrio<\/strong><\/li>\n<li><strong>16 y 17 de septiembre. Artistas, colectivos y asociaciones. Exposiciones, actuaciones musicales, espacios infantiles<\/strong><\/li>\n<li><strong>&#8211;<span style=\"color: #ff0000;\">La Rochapea de muestra<\/span>. Parque de los Enamorados<\/strong><\/li>\n<li><strong>22 de agosto. Juegos naturales. De 17 a 20 horas<\/strong><\/li>\n<li><strong>5 de septiembre. La m\u00e1quina y yo. 19 horas<\/strong><\/li>\n<li><strong>6 de septiembre. Bat night: la noche de los murci\u00e9lagos. De 17 a 22 horas. Inscripciones en Civivox 2 euros.<\/strong><\/li>\n<li><strong><span style=\"color: #ff0000;\">Mendillorri auzortzen.<\/span> Plaza Antzara<\/strong><\/li>\n<li><strong>Del 26 al 28 de agosto. Juegos naturales. De 17 a 20 horas<\/strong><\/li>\n<li><strong>26 de agosto. Spazio..O. 20 horas<\/strong><\/li>\n<li><strong>27 de agosto. Pilgrim\u2019s. 20 horas<\/strong><\/li>\n<li><strong>28 de agosto. Jhana Beat. 20 hors<\/strong><\/li>\n<li><strong><span style=\"color: #ff0000;\">San Jorge&#8230; de calle.<\/span> Plaza Doctor Gortari<\/strong><\/li>\n<li><strong>7 de agosto. Cuentos en flor. 12 horas<\/strong><\/li>\n<li><strong>14 de agosto. Cuentos veganos. 12 horas<\/strong><\/li>\n<li><strong>21 de agosto. Cuentos reciclados. 12 horas<\/strong><\/li>\n<li><strong>20 y 21 de septiembre. Jornadas juveniles<\/strong><\/li>\n<li><strong><span style=\"color: #ff0000;\">Solsticio multicultural: transici\u00f3n(es) de luz y cultura. Txantrea.<\/span> Salesianas, nuevo espacio cultural<\/strong><\/li>\n<li><strong>21, 22 y 23 de junio. M\u00fasica, proyecciones, degustaciones\u2026<\/strong><\/li>\n<li><strong><span style=\"color: #ff0000;\">Versionando. Casco Antiguo. <\/span>Plaza San Jos\u00e9. 20 horas<\/strong><\/li>\n<li><strong>5 de agosto. Mind The Gap<\/strong><\/li>\n<li><strong>12 de agosto. La Tribu Obembe<\/strong><\/li>\n<li><strong>19 de agosto. A Beatle Bit<\/strong><\/li>\n<li><strong>26 de agosto. Rockstarts<\/strong><\/li>\n<\/ul>\n<p>&nbsp;<\/p>\n","protected":false},"excerpt":{"rendered":"","protected":false},"author":1,"featured_media":22270,"comment_status":"open","ping_status":"closed","sticky":false,"template":"","format":"standard","meta":{"footnotes":""},"categories":[2],"tags":[],"class_list":["post-22268","post","type-post","status-publish","format-standard","has-post-thumbnail","hentry","category-ayuntamiento-pamplona"],"yoast_head":"<!-- This site is optimized with the Yoast SEO plugin v27.5 - https:\/\/yoast.com\/product\/yoast-seo-wordpress\/ -->\n<title>\u2018Etxabakoitz sutan\u2019 ofrecer\u00e1 en agosto conciertos de Tomasito y Sonakay Denontzat dentro de \u2018Auzokale\u2019, el programa que lleva la cultura a la calle y a los barrios<\/title>\n<meta name=\"robots\" content=\"index, follow, max-snippet:-1, max-image-preview:large, max-video-preview:-1\" \/>\n<link rel=\"canonical\" href=\"https:\/\/www.laguiadepamplona.com\/actualidad\/etxabakoitz-sutan-ofrecera-en-agosto-conciertos-de-tomasito-y-sonakay-denontzat-dentro-de-auzokale-el-programa-que-lleva-la-cultura-a-la-calle-y-a-los-barrios\/\" \/>\n<meta property=\"og:locale\" content=\"es_ES\" \/>\n<meta property=\"og:type\" content=\"article\" \/>\n<meta property=\"og:title\" content=\"\u2018Etxabakoitz sutan\u2019 ofrecer\u00e1 en agosto conciertos de Tomasito y Sonakay Denontzat dentro de \u2018Auzokale\u2019, el programa que lleva la cultura a la calle y a los barrios\" \/>\n<meta property=\"og:url\" content=\"https:\/\/www.laguiadepamplona.com\/actualidad\/etxabakoitz-sutan-ofrecera-en-agosto-conciertos-de-tomasito-y-sonakay-denontzat-dentro-de-auzokale-el-programa-que-lleva-la-cultura-a-la-calle-y-a-los-barrios\/\" \/>\n<meta property=\"og:site_name\" content=\"La Gu\u00eda de Pamplona\" \/>\n<meta property=\"article:publisher\" content=\"https:\/\/www.facebook.com\/laguiadepamplonacom-133175176762273\/?ref=hl\" \/>\n<meta property=\"article:published_time\" content=\"2019-05-20T13:19:30+00:00\" \/>\n<meta property=\"og:image\" content=\"https:\/\/www.laguiadepamplona.com\/actualidad\/wp-content\/uploads\/2019\/05\/tomasito.jpg\" \/>\n\t<meta property=\"og:image:width\" content=\"1280\" \/>\n\t<meta property=\"og:image:height\" content=\"720\" \/>\n\t<meta property=\"og:image:type\" content=\"image\/jpeg\" \/>\n<meta name=\"author\" content=\"La Gu\u00eda de Pamplona\" \/>\n<meta name=\"twitter:card\" content=\"summary_large_image\" \/>\n<meta name=\"twitter:creator\" content=\"@LaGuiadPamplona\" \/>\n<meta name=\"twitter:site\" content=\"@LaGuiadPamplona\" \/>\n<meta name=\"twitter:label1\" content=\"Escrito por\" \/>\n\t<meta name=\"twitter:data1\" content=\"La Gu\u00eda de Pamplona\" \/>\n\t<meta name=\"twitter:label2\" content=\"Tiempo de lectura\" \/>\n\t<meta name=\"twitter:data2\" content=\"6 minutos\" \/>\n<script type=\"application\/ld+json\" class=\"yoast-schema-graph\">{\"@context\":\"https:\\\/\\\/schema.org\",\"@graph\":[{\"@type\":\"Article\",\"@id\":\"https:\\\/\\\/www.laguiadepamplona.com\\\/actualidad\\\/etxabakoitz-sutan-ofrecera-en-agosto-conciertos-de-tomasito-y-sonakay-denontzat-dentro-de-auzokale-el-programa-que-lleva-la-cultura-a-la-calle-y-a-los-barrios\\\/#article\",\"isPartOf\":{\"@id\":\"https:\\\/\\\/www.laguiadepamplona.com\\\/actualidad\\\/etxabakoitz-sutan-ofrecera-en-agosto-conciertos-de-tomasito-y-sonakay-denontzat-dentro-de-auzokale-el-programa-que-lleva-la-cultura-a-la-calle-y-a-los-barrios\\\/\"},\"author\":{\"name\":\"La Gu\u00eda de Pamplona\",\"@id\":\"https:\\\/\\\/www.laguiadepamplona.com\\\/actualidad\\\/#\\\/schema\\\/person\\\/efe887376f0213d4657c93adc50b1fdb\"},\"headline\":\"\u2018Etxabakoitz sutan\u2019 ofrecer\u00e1 en agosto conciertos de Tomasito y Sonakay Denontzat dentro de \u2018Auzokale\u2019, el programa que lleva la cultura a la calle y a los barrios\",\"datePublished\":\"2019-05-20T13:19:30+00:00\",\"mainEntityOfPage\":{\"@id\":\"https:\\\/\\\/www.laguiadepamplona.com\\\/actualidad\\\/etxabakoitz-sutan-ofrecera-en-agosto-conciertos-de-tomasito-y-sonakay-denontzat-dentro-de-auzokale-el-programa-que-lleva-la-cultura-a-la-calle-y-a-los-barrios\\\/\"},\"wordCount\":1253,\"commentCount\":0,\"publisher\":{\"@id\":\"https:\\\/\\\/www.laguiadepamplona.com\\\/actualidad\\\/#organization\"},\"image\":{\"@id\":\"https:\\\/\\\/www.laguiadepamplona.com\\\/actualidad\\\/etxabakoitz-sutan-ofrecera-en-agosto-conciertos-de-tomasito-y-sonakay-denontzat-dentro-de-auzokale-el-programa-que-lleva-la-cultura-a-la-calle-y-a-los-barrios\\\/#primaryimage\"},\"thumbnailUrl\":\"https:\\\/\\\/www.laguiadepamplona.com\\\/actualidad\\\/wp-content\\\/uploads\\\/2019\\\/05\\\/tomasito.jpg\",\"articleSection\":[\"Ayto Pamplona\"],\"inLanguage\":\"es\",\"potentialAction\":[{\"@type\":\"CommentAction\",\"name\":\"Comment\",\"target\":[\"https:\\\/\\\/www.laguiadepamplona.com\\\/actualidad\\\/etxabakoitz-sutan-ofrecera-en-agosto-conciertos-de-tomasito-y-sonakay-denontzat-dentro-de-auzokale-el-programa-que-lleva-la-cultura-a-la-calle-y-a-los-barrios\\\/#respond\"]}]},{\"@type\":\"WebPage\",\"@id\":\"https:\\\/\\\/www.laguiadepamplona.com\\\/actualidad\\\/etxabakoitz-sutan-ofrecera-en-agosto-conciertos-de-tomasito-y-sonakay-denontzat-dentro-de-auzokale-el-programa-que-lleva-la-cultura-a-la-calle-y-a-los-barrios\\\/\",\"url\":\"https:\\\/\\\/www.laguiadepamplona.com\\\/actualidad\\\/etxabakoitz-sutan-ofrecera-en-agosto-conciertos-de-tomasito-y-sonakay-denontzat-dentro-de-auzokale-el-programa-que-lleva-la-cultura-a-la-calle-y-a-los-barrios\\\/\",\"name\":\"\u2018Etxabakoitz sutan\u2019 ofrecer\u00e1 en agosto conciertos de Tomasito y Sonakay Denontzat dentro de \u2018Auzokale\u2019, el programa que lleva la cultura a la calle y a los barrios\",\"isPartOf\":{\"@id\":\"https:\\\/\\\/www.laguiadepamplona.com\\\/actualidad\\\/#website\"},\"primaryImageOfPage\":{\"@id\":\"https:\\\/\\\/www.laguiadepamplona.com\\\/actualidad\\\/etxabakoitz-sutan-ofrecera-en-agosto-conciertos-de-tomasito-y-sonakay-denontzat-dentro-de-auzokale-el-programa-que-lleva-la-cultura-a-la-calle-y-a-los-barrios\\\/#primaryimage\"},\"image\":{\"@id\":\"https:\\\/\\\/www.laguiadepamplona.com\\\/actualidad\\\/etxabakoitz-sutan-ofrecera-en-agosto-conciertos-de-tomasito-y-sonakay-denontzat-dentro-de-auzokale-el-programa-que-lleva-la-cultura-a-la-calle-y-a-los-barrios\\\/#primaryimage\"},\"thumbnailUrl\":\"https:\\\/\\\/www.laguiadepamplona.com\\\/actualidad\\\/wp-content\\\/uploads\\\/2019\\\/05\\\/tomasito.jpg\",\"datePublished\":\"2019-05-20T13:19:30+00:00\",\"breadcrumb\":{\"@id\":\"https:\\\/\\\/www.laguiadepamplona.com\\\/actualidad\\\/etxabakoitz-sutan-ofrecera-en-agosto-conciertos-de-tomasito-y-sonakay-denontzat-dentro-de-auzokale-el-programa-que-lleva-la-cultura-a-la-calle-y-a-los-barrios\\\/#breadcrumb\"},\"inLanguage\":\"es\",\"potentialAction\":[{\"@type\":\"ReadAction\",\"target\":[\"https:\\\/\\\/www.laguiadepamplona.com\\\/actualidad\\\/etxabakoitz-sutan-ofrecera-en-agosto-conciertos-de-tomasito-y-sonakay-denontzat-dentro-de-auzokale-el-programa-que-lleva-la-cultura-a-la-calle-y-a-los-barrios\\\/\"]}]},{\"@type\":\"ImageObject\",\"inLanguage\":\"es\",\"@id\":\"https:\\\/\\\/www.laguiadepamplona.com\\\/actualidad\\\/etxabakoitz-sutan-ofrecera-en-agosto-conciertos-de-tomasito-y-sonakay-denontzat-dentro-de-auzokale-el-programa-que-lleva-la-cultura-a-la-calle-y-a-los-barrios\\\/#primaryimage\",\"url\":\"https:\\\/\\\/www.laguiadepamplona.com\\\/actualidad\\\/wp-content\\\/uploads\\\/2019\\\/05\\\/tomasito.jpg\",\"contentUrl\":\"https:\\\/\\\/www.laguiadepamplona.com\\\/actualidad\\\/wp-content\\\/uploads\\\/2019\\\/05\\\/tomasito.jpg\",\"width\":1280,\"height\":720},{\"@type\":\"BreadcrumbList\",\"@id\":\"https:\\\/\\\/www.laguiadepamplona.com\\\/actualidad\\\/etxabakoitz-sutan-ofrecera-en-agosto-conciertos-de-tomasito-y-sonakay-denontzat-dentro-de-auzokale-el-programa-que-lleva-la-cultura-a-la-calle-y-a-los-barrios\\\/#breadcrumb\",\"itemListElement\":[{\"@type\":\"ListItem\",\"position\":1,\"name\":\"Portada\",\"item\":\"https:\\\/\\\/www.laguiadepamplona.com\\\/actualidad\\\/\"},{\"@type\":\"ListItem\",\"position\":2,\"name\":\"\u2018Etxabakoitz sutan\u2019 ofrecer\u00e1 en agosto conciertos de Tomasito y Sonakay Denontzat dentro de \u2018Auzokale\u2019, el programa que lleva la cultura a la calle y a los barrios\"}]},{\"@type\":\"WebSite\",\"@id\":\"https:\\\/\\\/www.laguiadepamplona.com\\\/actualidad\\\/#website\",\"url\":\"https:\\\/\\\/www.laguiadepamplona.com\\\/actualidad\\\/\",\"name\":\"La gu\u00eda de Pamplona\",\"description\":\"Noticias de Pamplona\",\"publisher\":{\"@id\":\"https:\\\/\\\/www.laguiadepamplona.com\\\/actualidad\\\/#organization\"},\"potentialAction\":[{\"@type\":\"SearchAction\",\"target\":{\"@type\":\"EntryPoint\",\"urlTemplate\":\"https:\\\/\\\/www.laguiadepamplona.com\\\/actualidad\\\/?s={search_term_string}\"},\"query-input\":{\"@type\":\"PropertyValueSpecification\",\"valueRequired\":true,\"valueName\":\"search_term_string\"}}],\"inLanguage\":\"es\"},{\"@type\":\"Organization\",\"@id\":\"https:\\\/\\\/www.laguiadepamplona.com\\\/actualidad\\\/#organization\",\"name\":\"La Gu\u00eda de Pamplona \\\/ Noticias\",\"url\":\"https:\\\/\\\/www.laguiadepamplona.com\\\/actualidad\\\/\",\"logo\":{\"@type\":\"ImageObject\",\"inLanguage\":\"es\",\"@id\":\"https:\\\/\\\/www.laguiadepamplona.com\\\/actualidad\\\/#\\\/schema\\\/logo\\\/image\\\/\",\"url\":\"https:\\\/\\\/www.laguiadepamplona.com\\\/actualidad\\\/wp-content\\\/uploads\\\/2018\\\/11\\\/logo-laguiadepamplona18-web1.png\",\"contentUrl\":\"https:\\\/\\\/www.laguiadepamplona.com\\\/actualidad\\\/wp-content\\\/uploads\\\/2018\\\/11\\\/logo-laguiadepamplona18-web1.png\",\"width\":600,\"height\":196,\"caption\":\"La Gu\u00eda de Pamplona \\\/ Noticias\"},\"image\":{\"@id\":\"https:\\\/\\\/www.laguiadepamplona.com\\\/actualidad\\\/#\\\/schema\\\/logo\\\/image\\\/\"},\"sameAs\":[\"https:\\\/\\\/www.facebook.com\\\/laguiadepamplonacom-133175176762273\\\/?ref=hl\",\"https:\\\/\\\/x.com\\\/LaGuiadPamplona\",\"https:\\\/\\\/www.instagram.com\\\/la_guia_de_pamplona\\\/\",\"https:\\\/\\\/www.youtube.com\\\/user\\\/laguiadepamplona\"]},{\"@type\":\"Person\",\"@id\":\"https:\\\/\\\/www.laguiadepamplona.com\\\/actualidad\\\/#\\\/schema\\\/person\\\/efe887376f0213d4657c93adc50b1fdb\",\"name\":\"La Gu\u00eda de Pamplona\",\"image\":{\"@type\":\"ImageObject\",\"inLanguage\":\"es\",\"@id\":\"https:\\\/\\\/secure.gravatar.com\\\/avatar\\\/b6992f131dc8d30ab0dff15446e9d346d9dbd95992de0fef795073f5ea83a81c?s=96&d=mm&r=g\",\"url\":\"https:\\\/\\\/secure.gravatar.com\\\/avatar\\\/b6992f131dc8d30ab0dff15446e9d346d9dbd95992de0fef795073f5ea83a81c?s=96&d=mm&r=g\",\"contentUrl\":\"https:\\\/\\\/secure.gravatar.com\\\/avatar\\\/b6992f131dc8d30ab0dff15446e9d346d9dbd95992de0fef795073f5ea83a81c?s=96&d=mm&r=g\",\"caption\":\"La Gu\u00eda de Pamplona\"}}]}<\/script>\n<!-- \/ Yoast SEO plugin. -->","yoast_head_json":{"title":"\u2018Etxabakoitz sutan\u2019 ofrecer\u00e1 en agosto conciertos de Tomasito y Sonakay Denontzat dentro de \u2018Auzokale\u2019, el programa que lleva la cultura a la calle y a los barrios","robots":{"index":"index","follow":"follow","max-snippet":"max-snippet:-1","max-image-preview":"max-image-preview:large","max-video-preview":"max-video-preview:-1"},"canonical":"https:\/\/www.laguiadepamplona.com\/actualidad\/etxabakoitz-sutan-ofrecera-en-agosto-conciertos-de-tomasito-y-sonakay-denontzat-dentro-de-auzokale-el-programa-que-lleva-la-cultura-a-la-calle-y-a-los-barrios\/","og_locale":"es_ES","og_type":"article","og_title":"\u2018Etxabakoitz sutan\u2019 ofrecer\u00e1 en agosto conciertos de Tomasito y Sonakay Denontzat dentro de \u2018Auzokale\u2019, el programa que lleva la cultura a la calle y a los barrios","og_url":"https:\/\/www.laguiadepamplona.com\/actualidad\/etxabakoitz-sutan-ofrecera-en-agosto-conciertos-de-tomasito-y-sonakay-denontzat-dentro-de-auzokale-el-programa-que-lleva-la-cultura-a-la-calle-y-a-los-barrios\/","og_site_name":"La Gu\u00eda de Pamplona","article_publisher":"https:\/\/www.facebook.com\/laguiadepamplonacom-133175176762273\/?ref=hl","article_published_time":"2019-05-20T13:19:30+00:00","og_image":[{"width":1280,"height":720,"url":"https:\/\/www.laguiadepamplona.com\/actualidad\/wp-content\/uploads\/2019\/05\/tomasito.jpg","type":"image\/jpeg"}],"author":"La Gu\u00eda de Pamplona","twitter_card":"summary_large_image","twitter_creator":"@LaGuiadPamplona","twitter_site":"@LaGuiadPamplona","twitter_misc":{"Escrito por":"La Gu\u00eda de Pamplona","Tiempo de lectura":"6 minutos"},"schema":{"@context":"https:\/\/schema.org","@graph":[{"@type":"Article","@id":"https:\/\/www.laguiadepamplona.com\/actualidad\/etxabakoitz-sutan-ofrecera-en-agosto-conciertos-de-tomasito-y-sonakay-denontzat-dentro-de-auzokale-el-programa-que-lleva-la-cultura-a-la-calle-y-a-los-barrios\/#article","isPartOf":{"@id":"https:\/\/www.laguiadepamplona.com\/actualidad\/etxabakoitz-sutan-ofrecera-en-agosto-conciertos-de-tomasito-y-sonakay-denontzat-dentro-de-auzokale-el-programa-que-lleva-la-cultura-a-la-calle-y-a-los-barrios\/"},"author":{"name":"La Gu\u00eda de Pamplona","@id":"https:\/\/www.laguiadepamplona.com\/actualidad\/#\/schema\/person\/efe887376f0213d4657c93adc50b1fdb"},"headline":"\u2018Etxabakoitz sutan\u2019 ofrecer\u00e1 en agosto conciertos de Tomasito y Sonakay Denontzat dentro de \u2018Auzokale\u2019, el programa que lleva la cultura a la calle y a los barrios","datePublished":"2019-05-20T13:19:30+00:00","mainEntityOfPage":{"@id":"https:\/\/www.laguiadepamplona.com\/actualidad\/etxabakoitz-sutan-ofrecera-en-agosto-conciertos-de-tomasito-y-sonakay-denontzat-dentro-de-auzokale-el-programa-que-lleva-la-cultura-a-la-calle-y-a-los-barrios\/"},"wordCount":1253,"commentCount":0,"publisher":{"@id":"https:\/\/www.laguiadepamplona.com\/actualidad\/#organization"},"image":{"@id":"https:\/\/www.laguiadepamplona.com\/actualidad\/etxabakoitz-sutan-ofrecera-en-agosto-conciertos-de-tomasito-y-sonakay-denontzat-dentro-de-auzokale-el-programa-que-lleva-la-cultura-a-la-calle-y-a-los-barrios\/#primaryimage"},"thumbnailUrl":"https:\/\/www.laguiadepamplona.com\/actualidad\/wp-content\/uploads\/2019\/05\/tomasito.jpg","articleSection":["Ayto Pamplona"],"inLanguage":"es","potentialAction":[{"@type":"CommentAction","name":"Comment","target":["https:\/\/www.laguiadepamplona.com\/actualidad\/etxabakoitz-sutan-ofrecera-en-agosto-conciertos-de-tomasito-y-sonakay-denontzat-dentro-de-auzokale-el-programa-que-lleva-la-cultura-a-la-calle-y-a-los-barrios\/#respond"]}]},{"@type":"WebPage","@id":"https:\/\/www.laguiadepamplona.com\/actualidad\/etxabakoitz-sutan-ofrecera-en-agosto-conciertos-de-tomasito-y-sonakay-denontzat-dentro-de-auzokale-el-programa-que-lleva-la-cultura-a-la-calle-y-a-los-barrios\/","url":"https:\/\/www.laguiadepamplona.com\/actualidad\/etxabakoitz-sutan-ofrecera-en-agosto-conciertos-de-tomasito-y-sonakay-denontzat-dentro-de-auzokale-el-programa-que-lleva-la-cultura-a-la-calle-y-a-los-barrios\/","name":"\u2018Etxabakoitz sutan\u2019 ofrecer\u00e1 en agosto conciertos de Tomasito y Sonakay Denontzat dentro de \u2018Auzokale\u2019, el programa que lleva la cultura a la calle y a los barrios","isPartOf":{"@id":"https:\/\/www.laguiadepamplona.com\/actualidad\/#website"},"primaryImageOfPage":{"@id":"https:\/\/www.laguiadepamplona.com\/actualidad\/etxabakoitz-sutan-ofrecera-en-agosto-conciertos-de-tomasito-y-sonakay-denontzat-dentro-de-auzokale-el-programa-que-lleva-la-cultura-a-la-calle-y-a-los-barrios\/#primaryimage"},"image":{"@id":"https:\/\/www.laguiadepamplona.com\/actualidad\/etxabakoitz-sutan-ofrecera-en-agosto-conciertos-de-tomasito-y-sonakay-denontzat-dentro-de-auzokale-el-programa-que-lleva-la-cultura-a-la-calle-y-a-los-barrios\/#primaryimage"},"thumbnailUrl":"https:\/\/www.laguiadepamplona.com\/actualidad\/wp-content\/uploads\/2019\/05\/tomasito.jpg","datePublished":"2019-05-20T13:19:30+00:00","breadcrumb":{"@id":"https:\/\/www.laguiadepamplona.com\/actualidad\/etxabakoitz-sutan-ofrecera-en-agosto-conciertos-de-tomasito-y-sonakay-denontzat-dentro-de-auzokale-el-programa-que-lleva-la-cultura-a-la-calle-y-a-los-barrios\/#breadcrumb"},"inLanguage":"es","potentialAction":[{"@type":"ReadAction","target":["https:\/\/www.laguiadepamplona.com\/actualidad\/etxabakoitz-sutan-ofrecera-en-agosto-conciertos-de-tomasito-y-sonakay-denontzat-dentro-de-auzokale-el-programa-que-lleva-la-cultura-a-la-calle-y-a-los-barrios\/"]}]},{"@type":"ImageObject","inLanguage":"es","@id":"https:\/\/www.laguiadepamplona.com\/actualidad\/etxabakoitz-sutan-ofrecera-en-agosto-conciertos-de-tomasito-y-sonakay-denontzat-dentro-de-auzokale-el-programa-que-lleva-la-cultura-a-la-calle-y-a-los-barrios\/#primaryimage","url":"https:\/\/www.laguiadepamplona.com\/actualidad\/wp-content\/uploads\/2019\/05\/tomasito.jpg","contentUrl":"https:\/\/www.laguiadepamplona.com\/actualidad\/wp-content\/uploads\/2019\/05\/tomasito.jpg","width":1280,"height":720},{"@type":"BreadcrumbList","@id":"https:\/\/www.laguiadepamplona.com\/actualidad\/etxabakoitz-sutan-ofrecera-en-agosto-conciertos-de-tomasito-y-sonakay-denontzat-dentro-de-auzokale-el-programa-que-lleva-la-cultura-a-la-calle-y-a-los-barrios\/#breadcrumb","itemListElement":[{"@type":"ListItem","position":1,"name":"Portada","item":"https:\/\/www.laguiadepamplona.com\/actualidad\/"},{"@type":"ListItem","position":2,"name":"\u2018Etxabakoitz sutan\u2019 ofrecer\u00e1 en agosto conciertos de Tomasito y Sonakay Denontzat dentro de \u2018Auzokale\u2019, el programa que lleva la cultura a la calle y a los barrios"}]},{"@type":"WebSite","@id":"https:\/\/www.laguiadepamplona.com\/actualidad\/#website","url":"https:\/\/www.laguiadepamplona.com\/actualidad\/","name":"La gu\u00eda de Pamplona","description":"Noticias de Pamplona","publisher":{"@id":"https:\/\/www.laguiadepamplona.com\/actualidad\/#organization"},"potentialAction":[{"@type":"SearchAction","target":{"@type":"EntryPoint","urlTemplate":"https:\/\/www.laguiadepamplona.com\/actualidad\/?s={search_term_string}"},"query-input":{"@type":"PropertyValueSpecification","valueRequired":true,"valueName":"search_term_string"}}],"inLanguage":"es"},{"@type":"Organization","@id":"https:\/\/www.laguiadepamplona.com\/actualidad\/#organization","name":"La Gu\u00eda de Pamplona \/ Noticias","url":"https:\/\/www.laguiadepamplona.com\/actualidad\/","logo":{"@type":"ImageObject","inLanguage":"es","@id":"https:\/\/www.laguiadepamplona.com\/actualidad\/#\/schema\/logo\/image\/","url":"https:\/\/www.laguiadepamplona.com\/actualidad\/wp-content\/uploads\/2018\/11\/logo-laguiadepamplona18-web1.png","contentUrl":"https:\/\/www.laguiadepamplona.com\/actualidad\/wp-content\/uploads\/2018\/11\/logo-laguiadepamplona18-web1.png","width":600,"height":196,"caption":"La Gu\u00eda de Pamplona \/ Noticias"},"image":{"@id":"https:\/\/www.laguiadepamplona.com\/actualidad\/#\/schema\/logo\/image\/"},"sameAs":["https:\/\/www.facebook.com\/laguiadepamplonacom-133175176762273\/?ref=hl","https:\/\/x.com\/LaGuiadPamplona","https:\/\/www.instagram.com\/la_guia_de_pamplona\/","https:\/\/www.youtube.com\/user\/laguiadepamplona"]},{"@type":"Person","@id":"https:\/\/www.laguiadepamplona.com\/actualidad\/#\/schema\/person\/efe887376f0213d4657c93adc50b1fdb","name":"La Gu\u00eda de Pamplona","image":{"@type":"ImageObject","inLanguage":"es","@id":"https:\/\/secure.gravatar.com\/avatar\/b6992f131dc8d30ab0dff15446e9d346d9dbd95992de0fef795073f5ea83a81c?s=96&d=mm&r=g","url":"https:\/\/secure.gravatar.com\/avatar\/b6992f131dc8d30ab0dff15446e9d346d9dbd95992de0fef795073f5ea83a81c?s=96&d=mm&r=g","contentUrl":"https:\/\/secure.gravatar.com\/avatar\/b6992f131dc8d30ab0dff15446e9d346d9dbd95992de0fef795073f5ea83a81c?s=96&d=mm&r=g","caption":"La Gu\u00eda de Pamplona"}}]}},"post_mailing_queue_ids":[],"_links":{"self":[{"href":"https:\/\/www.laguiadepamplona.com\/actualidad\/wp-json\/wp\/v2\/posts\/22268","targetHints":{"allow":["GET"]}}],"collection":[{"href":"https:\/\/www.laguiadepamplona.com\/actualidad\/wp-json\/wp\/v2\/posts"}],"about":[{"href":"https:\/\/www.laguiadepamplona.com\/actualidad\/wp-json\/wp\/v2\/types\/post"}],"author":[{"embeddable":true,"href":"https:\/\/www.laguiadepamplona.com\/actualidad\/wp-json\/wp\/v2\/users\/1"}],"replies":[{"embeddable":true,"href":"https:\/\/www.laguiadepamplona.com\/actualidad\/wp-json\/wp\/v2\/comments?post=22268"}],"version-history":[{"count":0,"href":"https:\/\/www.laguiadepamplona.com\/actualidad\/wp-json\/wp\/v2\/posts\/22268\/revisions"}],"wp:featuredmedia":[{"embeddable":true,"href":"https:\/\/www.laguiadepamplona.com\/actualidad\/wp-json\/wp\/v2\/media\/22270"}],"wp:attachment":[{"href":"https:\/\/www.laguiadepamplona.com\/actualidad\/wp-json\/wp\/v2\/media?parent=22268"}],"wp:term":[{"taxonomy":"category","embeddable":true,"href":"https:\/\/www.laguiadepamplona.com\/actualidad\/wp-json\/wp\/v2\/categories?post=22268"},{"taxonomy":"post_tag","embeddable":true,"href":"https:\/\/www.laguiadepamplona.com\/actualidad\/wp-json\/wp\/v2\/tags?post=22268"}],"curies":[{"name":"wp","href":"https:\/\/api.w.org\/{rel}","templated":true}]}}