{"id":22263,"date":"2019-05-20T15:17:02","date_gmt":"2019-05-20T13:17:02","guid":{"rendered":"https:\/\/www.laguiadepamplona.es\/actualidad\/?p=22263"},"modified":"2019-05-20T15:17:02","modified_gmt":"2019-05-20T13:17:02","slug":"los-emprendedores-jovenes-tienen-su-primera-cita-con-programa-municipal-cafeteando-para-hablar-del-ambiguo-perfil-del-fracaso-empresarial","status":"publish","type":"post","link":"https:\/\/www.laguiadepamplona.com\/actualidad\/los-emprendedores-jovenes-tienen-su-primera-cita-con-programa-municipal-cafeteando-para-hablar-del-ambiguo-perfil-del-fracaso-empresarial\/","title":{"rendered":"Los emprendedores j\u00f3venes tienen su primera cita con programa municipal \u2018Cafeteando\u2019 para hablar del ambiguo perfil del fracaso empresarial"},"content":{"rendered":"<p><!--more--><\/p>\n<h3>Esta sesi\u00f3n, que tendr\u00e1 lugar el viernes, es una de las cinco actividades de la cafeter\u00eda de la Casa de la Juventud para esta semana<\/h3>\n<p>Esta semana la cafeter\u00eda de la Casa de la Juventud contin\u00faa con su programaci\u00f3n espec\u00edfica. \u2018Cafeteando\u2019 traer\u00e1 cinco propuestas gratuitas para la franja de edad de 14 a 30 a\u00f1os que comenzar\u00e1n ma\u00f1ana con el club de conversaci\u00f3n \u2018Babeleando\u2019, durante este mes dedicado al euskera (de 18 a 19 horas).<\/p>\n<p>El mi\u00e9rcoles ser\u00e1 el momento de la Asesor\u00eda psicol\u00f3gica que en \u2018\u00bfHablamos? propone una sesi\u00f3n sobre amor y relaciones de pareja. De 19 a 20 horas la psic\u00f3loga Idoia \u00c1ngel explicar\u00e1 c\u00f3mo analizar las relaciones de pareja y los requerimientos que debe tener para que una historia entre dos sea positiva. El jueves, de 19 a 20 horas, la cafeter\u00eda acoger\u00e1 manualidades con un taller de papiroflexia a cargo de Silvia Oroz, animadora sociocultural de la Casa de la Juventud. La Casa de la Juventud pondr\u00e1 a disposici\u00f3n de las personas participantes el material necesario para hacer esas creaciones de tradici\u00f3n japonesa.<\/p>\n<p>El viernes habr\u00e1 doble oferta. La primera propuesta es el inicio de las sesiones de la nueva asesor\u00eda especializada en Emprendimiento dentro del programa \u2018Cafeteando\u2019. Bajo el t\u00edtulo \u2018El club de los primeros pasos\u2019, el encuentro tendr\u00e1 lugar de 12 a 14 horas y se centrar\u00e1 en explicar a quienes asistan c\u00f3mo el fracaso empresarial puede convertirse en una buena experiencia y servir de aprendizaje para ir encauzando la trayectoria profesional de los emprendedores. Adem\u00e1s, se dar\u00e1 a conocer la \u2018Experteka\u2019 un cat\u00e1logo de personas expertas en emprendimiento dispuestas a poner su conocimiento a disposici\u00f3n de la juventud. La sesi\u00f3n ser\u00e1 coordinada por Ana Bel\u00e9n Albero, responsable tambi\u00e9n de las asesor\u00edas especializadas de las Casa en el \u00e1mbito jur\u00eddico y en el de asociacionismo juvenil.<\/p>\n<p>Y para cerrar el viernes: Karaoke, una actividad que est\u00e1 suscitando mucha atenci\u00f3n y que suele aglutinar no solo a quienes van a la casa atra\u00eddos por la actividad, sino tambi\u00e9n a quienes se encuentran participando en alguna actividad o reuni\u00f3n en las instalaciones en ese momento. La actividad tendr\u00e1 lugar de 19 a 20 horas.<\/p>\n<p>\u2018Cafeteando\u2019 es un nuevo programa de la Casa de la Juventud que ha comenzado su andadura este mes de mayo. La programaci\u00f3n engloba mensualmente una veintena de actividades con diversas periodicidades y de contenido variado; desde las meramente l\u00fadicas como sesiones de \u2018micro abierto\u2019, hasta las que se enmarcan en un contexto formativo y de aprendizaje, pero siempre desde el punto de vista informal, como procede en el espacio en el que tienen lugar.<\/p>\n<h3><span style=\"color: #ff0000;\">Cafeteando (semana del 20 al24 de mayo)<\/span><\/h3>\n<p><strong>Martes 21 de mayo<\/strong><\/p>\n<p><strong>BABELEANDO (club de conversaci\u00f3n)<\/strong><\/p>\n<ul>\n<li><strong>Encuentro para hablar y practicar el euskera<\/strong><\/li>\n<li><strong>Casa de la Juventud, de 18 a 19 horas. Entrada libre<\/strong><\/li>\n<\/ul>\n<p><strong>Mi\u00e9rcoles 22 de mayo<\/strong><\/p>\n<p><strong>\u00bfHABLAMOS? (asesor\u00eda psicol\u00f3gica)<\/strong><\/p>\n<ul>\n<li><strong>Amor y relaciones de Pareja<\/strong><\/li>\n<li><strong>Casa de la Juventud, de 19 a 20 horas. Entrada libre<\/strong><\/li>\n<\/ul>\n<p><strong>Jueves 23 de mayo<\/strong><\/p>\n<p><strong>MANO A MANO (taller)<\/strong><\/p>\n<ul>\n<li><strong>Papiroflexia<\/strong><\/li>\n<li><strong>Casa de la Juventud, de 19 a 20 horas. Entrada libre<\/strong><\/li>\n<\/ul>\n<p><strong>Viernes 24 de mayo<\/strong><\/p>\n<p><strong>EL CLUB DE LOS PRIMEROS PASOS (asesor\u00eda emprendimiento)<\/strong><\/p>\n<ul>\n<li><strong>\u00bfAprendes o fracasas?<\/strong><\/li>\n<li><strong>Casa de la Juventud, de 12 a 14 horas. Entrada libre<\/strong><\/li>\n<\/ul>\n<p>KARAOKE<\/p>\n<ul>\n<li><strong>Casa de la Juventud, de 19 a 20 horas. Entrada libre<\/strong><\/li>\n<\/ul>\n","protected":false},"excerpt":{"rendered":"","protected":false},"author":1,"featured_media":22265,"comment_status":"open","ping_status":"closed","sticky":false,"template":"","format":"standard","meta":{"footnotes":""},"categories":[2],"tags":[],"class_list":["post-22263","post","type-post","status-publish","format-standard","has-post-thumbnail","hentry","category-ayuntamiento-pamplona"],"yoast_head":"<!-- This site is optimized with the Yoast SEO plugin v27.3 - https:\/\/yoast.com\/product\/yoast-seo-wordpress\/ -->\n<title>Los emprendedores j\u00f3venes tienen su primera cita con programa municipal \u2018Cafeteando\u2019 para hablar del ambiguo perfil del fracaso empresarial<\/title>\n<meta name=\"robots\" content=\"index, follow, max-snippet:-1, max-image-preview:large, max-video-preview:-1\" \/>\n<link rel=\"canonical\" href=\"https:\/\/www.laguiadepamplona.com\/actualidad\/los-emprendedores-jovenes-tienen-su-primera-cita-con-programa-municipal-cafeteando-para-hablar-del-ambiguo-perfil-del-fracaso-empresarial\/\" \/>\n<meta property=\"og:locale\" content=\"es_ES\" \/>\n<meta property=\"og:type\" content=\"article\" \/>\n<meta property=\"og:title\" content=\"Los emprendedores j\u00f3venes tienen su primera cita con programa municipal \u2018Cafeteando\u2019 para hablar del ambiguo perfil del fracaso empresarial\" \/>\n<meta property=\"og:url\" content=\"https:\/\/www.laguiadepamplona.com\/actualidad\/los-emprendedores-jovenes-tienen-su-primera-cita-con-programa-municipal-cafeteando-para-hablar-del-ambiguo-perfil-del-fracaso-empresarial\/\" \/>\n<meta property=\"og:site_name\" content=\"La Gu\u00eda de Pamplona\" \/>\n<meta property=\"article:publisher\" content=\"https:\/\/www.facebook.com\/laguiadepamplonacom-133175176762273\/?ref=hl\" \/>\n<meta property=\"article:published_time\" content=\"2019-05-20T13:17:02+00:00\" \/>\n<meta property=\"og:image\" content=\"https:\/\/www.laguiadepamplona.com\/actualidad\/wp-content\/uploads\/2019\/05\/cafeteando.jpg\" \/>\n\t<meta property=\"og:image:width\" content=\"1900\" \/>\n\t<meta property=\"og:image:height\" content=\"1088\" \/>\n\t<meta property=\"og:image:type\" content=\"image\/jpeg\" \/>\n<meta name=\"author\" content=\"La Gu\u00eda de Pamplona\" \/>\n<meta name=\"twitter:card\" content=\"summary_large_image\" \/>\n<meta name=\"twitter:creator\" content=\"@LaGuiadPamplona\" \/>\n<meta name=\"twitter:site\" content=\"@LaGuiadPamplona\" \/>\n<meta name=\"twitter:label1\" content=\"Escrito por\" \/>\n\t<meta name=\"twitter:data1\" content=\"La Gu\u00eda de Pamplona\" \/>\n\t<meta name=\"twitter:label2\" content=\"Tiempo de lectura\" \/>\n\t<meta name=\"twitter:data2\" content=\"3 minutos\" \/>\n<script type=\"application\/ld+json\" class=\"yoast-schema-graph\">{\"@context\":\"https:\\\/\\\/schema.org\",\"@graph\":[{\"@type\":\"Article\",\"@id\":\"https:\\\/\\\/www.laguiadepamplona.com\\\/actualidad\\\/los-emprendedores-jovenes-tienen-su-primera-cita-con-programa-municipal-cafeteando-para-hablar-del-ambiguo-perfil-del-fracaso-empresarial\\\/#article\",\"isPartOf\":{\"@id\":\"https:\\\/\\\/www.laguiadepamplona.com\\\/actualidad\\\/los-emprendedores-jovenes-tienen-su-primera-cita-con-programa-municipal-cafeteando-para-hablar-del-ambiguo-perfil-del-fracaso-empresarial\\\/\"},\"author\":{\"name\":\"La Gu\u00eda de Pamplona\",\"@id\":\"https:\\\/\\\/www.laguiadepamplona.com\\\/actualidad\\\/#\\\/schema\\\/person\\\/efe887376f0213d4657c93adc50b1fdb\"},\"headline\":\"Los emprendedores j\u00f3venes tienen su primera cita con programa municipal \u2018Cafeteando\u2019 para hablar del ambiguo perfil del fracaso empresarial\",\"datePublished\":\"2019-05-20T13:17:02+00:00\",\"mainEntityOfPage\":{\"@id\":\"https:\\\/\\\/www.laguiadepamplona.com\\\/actualidad\\\/los-emprendedores-jovenes-tienen-su-primera-cita-con-programa-municipal-cafeteando-para-hablar-del-ambiguo-perfil-del-fracaso-empresarial\\\/\"},\"wordCount\":580,\"commentCount\":0,\"publisher\":{\"@id\":\"https:\\\/\\\/www.laguiadepamplona.com\\\/actualidad\\\/#organization\"},\"image\":{\"@id\":\"https:\\\/\\\/www.laguiadepamplona.com\\\/actualidad\\\/los-emprendedores-jovenes-tienen-su-primera-cita-con-programa-municipal-cafeteando-para-hablar-del-ambiguo-perfil-del-fracaso-empresarial\\\/#primaryimage\"},\"thumbnailUrl\":\"https:\\\/\\\/www.laguiadepamplona.com\\\/actualidad\\\/wp-content\\\/uploads\\\/2019\\\/05\\\/cafeteando.jpg\",\"articleSection\":[\"Ayto Pamplona\"],\"inLanguage\":\"es\",\"potentialAction\":[{\"@type\":\"CommentAction\",\"name\":\"Comment\",\"target\":[\"https:\\\/\\\/www.laguiadepamplona.com\\\/actualidad\\\/los-emprendedores-jovenes-tienen-su-primera-cita-con-programa-municipal-cafeteando-para-hablar-del-ambiguo-perfil-del-fracaso-empresarial\\\/#respond\"]}]},{\"@type\":\"WebPage\",\"@id\":\"https:\\\/\\\/www.laguiadepamplona.com\\\/actualidad\\\/los-emprendedores-jovenes-tienen-su-primera-cita-con-programa-municipal-cafeteando-para-hablar-del-ambiguo-perfil-del-fracaso-empresarial\\\/\",\"url\":\"https:\\\/\\\/www.laguiadepamplona.com\\\/actualidad\\\/los-emprendedores-jovenes-tienen-su-primera-cita-con-programa-municipal-cafeteando-para-hablar-del-ambiguo-perfil-del-fracaso-empresarial\\\/\",\"name\":\"Los emprendedores j\u00f3venes tienen su primera cita con programa municipal \u2018Cafeteando\u2019 para hablar del ambiguo perfil del fracaso empresarial\",\"isPartOf\":{\"@id\":\"https:\\\/\\\/www.laguiadepamplona.com\\\/actualidad\\\/#website\"},\"primaryImageOfPage\":{\"@id\":\"https:\\\/\\\/www.laguiadepamplona.com\\\/actualidad\\\/los-emprendedores-jovenes-tienen-su-primera-cita-con-programa-municipal-cafeteando-para-hablar-del-ambiguo-perfil-del-fracaso-empresarial\\\/#primaryimage\"},\"image\":{\"@id\":\"https:\\\/\\\/www.laguiadepamplona.com\\\/actualidad\\\/los-emprendedores-jovenes-tienen-su-primera-cita-con-programa-municipal-cafeteando-para-hablar-del-ambiguo-perfil-del-fracaso-empresarial\\\/#primaryimage\"},\"thumbnailUrl\":\"https:\\\/\\\/www.laguiadepamplona.com\\\/actualidad\\\/wp-content\\\/uploads\\\/2019\\\/05\\\/cafeteando.jpg\",\"datePublished\":\"2019-05-20T13:17:02+00:00\",\"breadcrumb\":{\"@id\":\"https:\\\/\\\/www.laguiadepamplona.com\\\/actualidad\\\/los-emprendedores-jovenes-tienen-su-primera-cita-con-programa-municipal-cafeteando-para-hablar-del-ambiguo-perfil-del-fracaso-empresarial\\\/#breadcrumb\"},\"inLanguage\":\"es\",\"potentialAction\":[{\"@type\":\"ReadAction\",\"target\":[\"https:\\\/\\\/www.laguiadepamplona.com\\\/actualidad\\\/los-emprendedores-jovenes-tienen-su-primera-cita-con-programa-municipal-cafeteando-para-hablar-del-ambiguo-perfil-del-fracaso-empresarial\\\/\"]}]},{\"@type\":\"ImageObject\",\"inLanguage\":\"es\",\"@id\":\"https:\\\/\\\/www.laguiadepamplona.com\\\/actualidad\\\/los-emprendedores-jovenes-tienen-su-primera-cita-con-programa-municipal-cafeteando-para-hablar-del-ambiguo-perfil-del-fracaso-empresarial\\\/#primaryimage\",\"url\":\"https:\\\/\\\/www.laguiadepamplona.com\\\/actualidad\\\/wp-content\\\/uploads\\\/2019\\\/05\\\/cafeteando.jpg\",\"contentUrl\":\"https:\\\/\\\/www.laguiadepamplona.com\\\/actualidad\\\/wp-content\\\/uploads\\\/2019\\\/05\\\/cafeteando.jpg\",\"width\":1900,\"height\":1088},{\"@type\":\"BreadcrumbList\",\"@id\":\"https:\\\/\\\/www.laguiadepamplona.com\\\/actualidad\\\/los-emprendedores-jovenes-tienen-su-primera-cita-con-programa-municipal-cafeteando-para-hablar-del-ambiguo-perfil-del-fracaso-empresarial\\\/#breadcrumb\",\"itemListElement\":[{\"@type\":\"ListItem\",\"position\":1,\"name\":\"Portada\",\"item\":\"https:\\\/\\\/www.laguiadepamplona.com\\\/actualidad\\\/\"},{\"@type\":\"ListItem\",\"position\":2,\"name\":\"Los emprendedores j\u00f3venes tienen su primera cita con programa municipal \u2018Cafeteando\u2019 para hablar del ambiguo perfil del fracaso empresarial\"}]},{\"@type\":\"WebSite\",\"@id\":\"https:\\\/\\\/www.laguiadepamplona.com\\\/actualidad\\\/#website\",\"url\":\"https:\\\/\\\/www.laguiadepamplona.com\\\/actualidad\\\/\",\"name\":\"La gu\u00eda de Pamplona\",\"description\":\"Noticias de Pamplona\",\"publisher\":{\"@id\":\"https:\\\/\\\/www.laguiadepamplona.com\\\/actualidad\\\/#organization\"},\"potentialAction\":[{\"@type\":\"SearchAction\",\"target\":{\"@type\":\"EntryPoint\",\"urlTemplate\":\"https:\\\/\\\/www.laguiadepamplona.com\\\/actualidad\\\/?s={search_term_string}\"},\"query-input\":{\"@type\":\"PropertyValueSpecification\",\"valueRequired\":true,\"valueName\":\"search_term_string\"}}],\"inLanguage\":\"es\"},{\"@type\":\"Organization\",\"@id\":\"https:\\\/\\\/www.laguiadepamplona.com\\\/actualidad\\\/#organization\",\"name\":\"La Gu\u00eda de Pamplona \\\/ Noticias\",\"url\":\"https:\\\/\\\/www.laguiadepamplona.com\\\/actualidad\\\/\",\"logo\":{\"@type\":\"ImageObject\",\"inLanguage\":\"es\",\"@id\":\"https:\\\/\\\/www.laguiadepamplona.com\\\/actualidad\\\/#\\\/schema\\\/logo\\\/image\\\/\",\"url\":\"https:\\\/\\\/www.laguiadepamplona.com\\\/actualidad\\\/wp-content\\\/uploads\\\/2018\\\/11\\\/logo-laguiadepamplona18-web1.png\",\"contentUrl\":\"https:\\\/\\\/www.laguiadepamplona.com\\\/actualidad\\\/wp-content\\\/uploads\\\/2018\\\/11\\\/logo-laguiadepamplona18-web1.png\",\"width\":600,\"height\":196,\"caption\":\"La Gu\u00eda de Pamplona \\\/ Noticias\"},\"image\":{\"@id\":\"https:\\\/\\\/www.laguiadepamplona.com\\\/actualidad\\\/#\\\/schema\\\/logo\\\/image\\\/\"},\"sameAs\":[\"https:\\\/\\\/www.facebook.com\\\/laguiadepamplonacom-133175176762273\\\/?ref=hl\",\"https:\\\/\\\/x.com\\\/LaGuiadPamplona\",\"https:\\\/\\\/www.instagram.com\\\/la_guia_de_pamplona\\\/\",\"https:\\\/\\\/www.youtube.com\\\/user\\\/laguiadepamplona\"]},{\"@type\":\"Person\",\"@id\":\"https:\\\/\\\/www.laguiadepamplona.com\\\/actualidad\\\/#\\\/schema\\\/person\\\/efe887376f0213d4657c93adc50b1fdb\",\"name\":\"La Gu\u00eda de Pamplona\",\"image\":{\"@type\":\"ImageObject\",\"inLanguage\":\"es\",\"@id\":\"https:\\\/\\\/secure.gravatar.com\\\/avatar\\\/b6992f131dc8d30ab0dff15446e9d346d9dbd95992de0fef795073f5ea83a81c?s=96&d=mm&r=g\",\"url\":\"https:\\\/\\\/secure.gravatar.com\\\/avatar\\\/b6992f131dc8d30ab0dff15446e9d346d9dbd95992de0fef795073f5ea83a81c?s=96&d=mm&r=g\",\"contentUrl\":\"https:\\\/\\\/secure.gravatar.com\\\/avatar\\\/b6992f131dc8d30ab0dff15446e9d346d9dbd95992de0fef795073f5ea83a81c?s=96&d=mm&r=g\",\"caption\":\"La Gu\u00eda de Pamplona\"}}]}<\/script>\n<!-- \/ Yoast SEO plugin. -->","yoast_head_json":{"title":"Los emprendedores j\u00f3venes tienen su primera cita con programa municipal \u2018Cafeteando\u2019 para hablar del ambiguo perfil del fracaso empresarial","robots":{"index":"index","follow":"follow","max-snippet":"max-snippet:-1","max-image-preview":"max-image-preview:large","max-video-preview":"max-video-preview:-1"},"canonical":"https:\/\/www.laguiadepamplona.com\/actualidad\/los-emprendedores-jovenes-tienen-su-primera-cita-con-programa-municipal-cafeteando-para-hablar-del-ambiguo-perfil-del-fracaso-empresarial\/","og_locale":"es_ES","og_type":"article","og_title":"Los emprendedores j\u00f3venes tienen su primera cita con programa municipal \u2018Cafeteando\u2019 para hablar del ambiguo perfil del fracaso empresarial","og_url":"https:\/\/www.laguiadepamplona.com\/actualidad\/los-emprendedores-jovenes-tienen-su-primera-cita-con-programa-municipal-cafeteando-para-hablar-del-ambiguo-perfil-del-fracaso-empresarial\/","og_site_name":"La Gu\u00eda de Pamplona","article_publisher":"https:\/\/www.facebook.com\/laguiadepamplonacom-133175176762273\/?ref=hl","article_published_time":"2019-05-20T13:17:02+00:00","og_image":[{"width":1900,"height":1088,"url":"https:\/\/www.laguiadepamplona.com\/actualidad\/wp-content\/uploads\/2019\/05\/cafeteando.jpg","type":"image\/jpeg"}],"author":"La Gu\u00eda de Pamplona","twitter_card":"summary_large_image","twitter_creator":"@LaGuiadPamplona","twitter_site":"@LaGuiadPamplona","twitter_misc":{"Escrito por":"La Gu\u00eda de Pamplona","Tiempo de lectura":"3 minutos"},"schema":{"@context":"https:\/\/schema.org","@graph":[{"@type":"Article","@id":"https:\/\/www.laguiadepamplona.com\/actualidad\/los-emprendedores-jovenes-tienen-su-primera-cita-con-programa-municipal-cafeteando-para-hablar-del-ambiguo-perfil-del-fracaso-empresarial\/#article","isPartOf":{"@id":"https:\/\/www.laguiadepamplona.com\/actualidad\/los-emprendedores-jovenes-tienen-su-primera-cita-con-programa-municipal-cafeteando-para-hablar-del-ambiguo-perfil-del-fracaso-empresarial\/"},"author":{"name":"La Gu\u00eda de Pamplona","@id":"https:\/\/www.laguiadepamplona.com\/actualidad\/#\/schema\/person\/efe887376f0213d4657c93adc50b1fdb"},"headline":"Los emprendedores j\u00f3venes tienen su primera cita con programa municipal \u2018Cafeteando\u2019 para hablar del ambiguo perfil del fracaso empresarial","datePublished":"2019-05-20T13:17:02+00:00","mainEntityOfPage":{"@id":"https:\/\/www.laguiadepamplona.com\/actualidad\/los-emprendedores-jovenes-tienen-su-primera-cita-con-programa-municipal-cafeteando-para-hablar-del-ambiguo-perfil-del-fracaso-empresarial\/"},"wordCount":580,"commentCount":0,"publisher":{"@id":"https:\/\/www.laguiadepamplona.com\/actualidad\/#organization"},"image":{"@id":"https:\/\/www.laguiadepamplona.com\/actualidad\/los-emprendedores-jovenes-tienen-su-primera-cita-con-programa-municipal-cafeteando-para-hablar-del-ambiguo-perfil-del-fracaso-empresarial\/#primaryimage"},"thumbnailUrl":"https:\/\/www.laguiadepamplona.com\/actualidad\/wp-content\/uploads\/2019\/05\/cafeteando.jpg","articleSection":["Ayto Pamplona"],"inLanguage":"es","potentialAction":[{"@type":"CommentAction","name":"Comment","target":["https:\/\/www.laguiadepamplona.com\/actualidad\/los-emprendedores-jovenes-tienen-su-primera-cita-con-programa-municipal-cafeteando-para-hablar-del-ambiguo-perfil-del-fracaso-empresarial\/#respond"]}]},{"@type":"WebPage","@id":"https:\/\/www.laguiadepamplona.com\/actualidad\/los-emprendedores-jovenes-tienen-su-primera-cita-con-programa-municipal-cafeteando-para-hablar-del-ambiguo-perfil-del-fracaso-empresarial\/","url":"https:\/\/www.laguiadepamplona.com\/actualidad\/los-emprendedores-jovenes-tienen-su-primera-cita-con-programa-municipal-cafeteando-para-hablar-del-ambiguo-perfil-del-fracaso-empresarial\/","name":"Los emprendedores j\u00f3venes tienen su primera cita con programa municipal \u2018Cafeteando\u2019 para hablar del ambiguo perfil del fracaso empresarial","isPartOf":{"@id":"https:\/\/www.laguiadepamplona.com\/actualidad\/#website"},"primaryImageOfPage":{"@id":"https:\/\/www.laguiadepamplona.com\/actualidad\/los-emprendedores-jovenes-tienen-su-primera-cita-con-programa-municipal-cafeteando-para-hablar-del-ambiguo-perfil-del-fracaso-empresarial\/#primaryimage"},"image":{"@id":"https:\/\/www.laguiadepamplona.com\/actualidad\/los-emprendedores-jovenes-tienen-su-primera-cita-con-programa-municipal-cafeteando-para-hablar-del-ambiguo-perfil-del-fracaso-empresarial\/#primaryimage"},"thumbnailUrl":"https:\/\/www.laguiadepamplona.com\/actualidad\/wp-content\/uploads\/2019\/05\/cafeteando.jpg","datePublished":"2019-05-20T13:17:02+00:00","breadcrumb":{"@id":"https:\/\/www.laguiadepamplona.com\/actualidad\/los-emprendedores-jovenes-tienen-su-primera-cita-con-programa-municipal-cafeteando-para-hablar-del-ambiguo-perfil-del-fracaso-empresarial\/#breadcrumb"},"inLanguage":"es","potentialAction":[{"@type":"ReadAction","target":["https:\/\/www.laguiadepamplona.com\/actualidad\/los-emprendedores-jovenes-tienen-su-primera-cita-con-programa-municipal-cafeteando-para-hablar-del-ambiguo-perfil-del-fracaso-empresarial\/"]}]},{"@type":"ImageObject","inLanguage":"es","@id":"https:\/\/www.laguiadepamplona.com\/actualidad\/los-emprendedores-jovenes-tienen-su-primera-cita-con-programa-municipal-cafeteando-para-hablar-del-ambiguo-perfil-del-fracaso-empresarial\/#primaryimage","url":"https:\/\/www.laguiadepamplona.com\/actualidad\/wp-content\/uploads\/2019\/05\/cafeteando.jpg","contentUrl":"https:\/\/www.laguiadepamplona.com\/actualidad\/wp-content\/uploads\/2019\/05\/cafeteando.jpg","width":1900,"height":1088},{"@type":"BreadcrumbList","@id":"https:\/\/www.laguiadepamplona.com\/actualidad\/los-emprendedores-jovenes-tienen-su-primera-cita-con-programa-municipal-cafeteando-para-hablar-del-ambiguo-perfil-del-fracaso-empresarial\/#breadcrumb","itemListElement":[{"@type":"ListItem","position":1,"name":"Portada","item":"https:\/\/www.laguiadepamplona.com\/actualidad\/"},{"@type":"ListItem","position":2,"name":"Los emprendedores j\u00f3venes tienen su primera cita con programa municipal \u2018Cafeteando\u2019 para hablar del ambiguo perfil del fracaso empresarial"}]},{"@type":"WebSite","@id":"https:\/\/www.laguiadepamplona.com\/actualidad\/#website","url":"https:\/\/www.laguiadepamplona.com\/actualidad\/","name":"La gu\u00eda de Pamplona","description":"Noticias de Pamplona","publisher":{"@id":"https:\/\/www.laguiadepamplona.com\/actualidad\/#organization"},"potentialAction":[{"@type":"SearchAction","target":{"@type":"EntryPoint","urlTemplate":"https:\/\/www.laguiadepamplona.com\/actualidad\/?s={search_term_string}"},"query-input":{"@type":"PropertyValueSpecification","valueRequired":true,"valueName":"search_term_string"}}],"inLanguage":"es"},{"@type":"Organization","@id":"https:\/\/www.laguiadepamplona.com\/actualidad\/#organization","name":"La Gu\u00eda de Pamplona \/ Noticias","url":"https:\/\/www.laguiadepamplona.com\/actualidad\/","logo":{"@type":"ImageObject","inLanguage":"es","@id":"https:\/\/www.laguiadepamplona.com\/actualidad\/#\/schema\/logo\/image\/","url":"https:\/\/www.laguiadepamplona.com\/actualidad\/wp-content\/uploads\/2018\/11\/logo-laguiadepamplona18-web1.png","contentUrl":"https:\/\/www.laguiadepamplona.com\/actualidad\/wp-content\/uploads\/2018\/11\/logo-laguiadepamplona18-web1.png","width":600,"height":196,"caption":"La Gu\u00eda de Pamplona \/ Noticias"},"image":{"@id":"https:\/\/www.laguiadepamplona.com\/actualidad\/#\/schema\/logo\/image\/"},"sameAs":["https:\/\/www.facebook.com\/laguiadepamplonacom-133175176762273\/?ref=hl","https:\/\/x.com\/LaGuiadPamplona","https:\/\/www.instagram.com\/la_guia_de_pamplona\/","https:\/\/www.youtube.com\/user\/laguiadepamplona"]},{"@type":"Person","@id":"https:\/\/www.laguiadepamplona.com\/actualidad\/#\/schema\/person\/efe887376f0213d4657c93adc50b1fdb","name":"La Gu\u00eda de Pamplona","image":{"@type":"ImageObject","inLanguage":"es","@id":"https:\/\/secure.gravatar.com\/avatar\/b6992f131dc8d30ab0dff15446e9d346d9dbd95992de0fef795073f5ea83a81c?s=96&d=mm&r=g","url":"https:\/\/secure.gravatar.com\/avatar\/b6992f131dc8d30ab0dff15446e9d346d9dbd95992de0fef795073f5ea83a81c?s=96&d=mm&r=g","contentUrl":"https:\/\/secure.gravatar.com\/avatar\/b6992f131dc8d30ab0dff15446e9d346d9dbd95992de0fef795073f5ea83a81c?s=96&d=mm&r=g","caption":"La Gu\u00eda de Pamplona"}}]}},"post_mailing_queue_ids":[],"_links":{"self":[{"href":"https:\/\/www.laguiadepamplona.com\/actualidad\/wp-json\/wp\/v2\/posts\/22263","targetHints":{"allow":["GET"]}}],"collection":[{"href":"https:\/\/www.laguiadepamplona.com\/actualidad\/wp-json\/wp\/v2\/posts"}],"about":[{"href":"https:\/\/www.laguiadepamplona.com\/actualidad\/wp-json\/wp\/v2\/types\/post"}],"author":[{"embeddable":true,"href":"https:\/\/www.laguiadepamplona.com\/actualidad\/wp-json\/wp\/v2\/users\/1"}],"replies":[{"embeddable":true,"href":"https:\/\/www.laguiadepamplona.com\/actualidad\/wp-json\/wp\/v2\/comments?post=22263"}],"version-history":[{"count":0,"href":"https:\/\/www.laguiadepamplona.com\/actualidad\/wp-json\/wp\/v2\/posts\/22263\/revisions"}],"wp:featuredmedia":[{"embeddable":true,"href":"https:\/\/www.laguiadepamplona.com\/actualidad\/wp-json\/wp\/v2\/media\/22265"}],"wp:attachment":[{"href":"https:\/\/www.laguiadepamplona.com\/actualidad\/wp-json\/wp\/v2\/media?parent=22263"}],"wp:term":[{"taxonomy":"category","embeddable":true,"href":"https:\/\/www.laguiadepamplona.com\/actualidad\/wp-json\/wp\/v2\/categories?post=22263"},{"taxonomy":"post_tag","embeddable":true,"href":"https:\/\/www.laguiadepamplona.com\/actualidad\/wp-json\/wp\/v2\/tags?post=22263"}],"curies":[{"name":"wp","href":"https:\/\/api.w.org\/{rel}","templated":true}]}}