{"id":22259,"date":"2019-05-20T15:14:54","date_gmt":"2019-05-20T13:14:54","guid":{"rendered":"https:\/\/www.laguiadepamplona.es\/actualidad\/?p=22259"},"modified":"2019-05-20T15:14:54","modified_gmt":"2019-05-20T13:14:54","slug":"comienza-la-venta-de-abonos-de-verano-para-las-piscinas-municipales-de-aranzadi-y-san-jorge-que-abren-esta-temporada-los-dias-15-y-23-de-junio-respectivamente","status":"publish","type":"post","link":"https:\/\/www.laguiadepamplona.com\/actualidad\/comienza-la-venta-de-abonos-de-verano-para-las-piscinas-municipales-de-aranzadi-y-san-jorge-que-abren-esta-temporada-los-dias-15-y-23-de-junio-respectivamente\/","title":{"rendered":"Comienza la venta de abonos de verano para las piscinas municipales de Aranzadi y San Jorge, que abren esta temporada los d\u00edas 15 y 23 de junio, respectivamente"},"content":{"rendered":"<p><!--more--><\/p>\n<h3>El Ayuntamiento congela el precio de los abonos, que pueden utilizarse indistintamente en las dos instalaciones<\/h3>\n<p>Ya est\u00e1n a la venta los abonos de verano de las instalaciones deportivas municipales de Aranzadi y San Jorge, que podr\u00e1n utilizarse indistintamente en ambas piscinas. Aranzadi abrir\u00e1 la temporada estival el 15 de junio y San Jorge, d\u00eda 23. Igualmente ser\u00e1 escalonado el cierre de los vasos que en el caso de Aranzadi tendr\u00e1 lugar el 7 de septiembre y en la San Jorge se prolongar\u00e1 hasta el 15 de ese mismo mes.<\/p>\n<p>El precio de los abonos es el mismo que el a\u00f1o anterior: 40,30 euros para los menores de entre 2 y 14 a\u00f1os; 60,50 euros para el tramo de edad comprendido entre los 14 y 25 a\u00f1os; 80,75 euros para los adultos (de 25 a 65) y, una tarifa m\u00e1s barata de 40,30 euros para los mayores de 65.<\/p>\n<p>Como es usual el pago de los abonos se podr\u00e1 realizar en la misma instalaci\u00f3n mediante tarjeta de cr\u00e9dito o mediante el ingreso previo del importe en la cuenta que el Ayuntamiento de Pamplona tiene en las siguientes entidades: La Caixa, Caja Laboral, Caja Rural o BBVA. En este segundo caso y entregando el justificante en las instalaciones deportivas se podr\u00e1 obtener el abono. En ning\u00fan caso se admitir\u00e1 el pago con dinero en efectivo.<\/p>\n<p>Los interesados en obtener un abono deben presentar la tarjeta ciudadana (el carn\u00e9 de los a\u00f1os anteriores) o bien cumplimentar una ficha y presentar una fotograf\u00eda reciente y el DNI, aunque si son menores de 14 a\u00f1os podr\u00e1n optar entre el DNI o el Libro de Familia. En caso de que el usuario haya perdido o se le haya sustra\u00eddo la tarjeta ciudadana, la emisi\u00f3n de una nueva costar\u00e1 11,20 euros. Los abonos pueden obtenerse en ambas instalaciones de lunes a s\u00e1bado de 9 a 21 horas, salvo los d\u00edas festivos.<\/p>\n<p>&nbsp;<\/p>\n<h3><span style=\"color: #ff0000;\"><strong>Abonos de verano 2019 para CD Aranzadi y CD San Jorge<\/strong><\/span><\/h3>\n<ul>\n<li><strong>Apertura de las piscinas al p\u00fablico: con horario de lunes a domingo de 10.30 a 20.30 horas<\/strong>\n<ul>\n<li><strong>Complejo Deportivo Aranzadi: del 15 de junio al 7 de septiembre<\/strong><\/li>\n<li><strong>Ciudad Deportiva San Jorge: del 23 de junio al 15 de septiembre<\/strong><\/li>\n<\/ul>\n<\/li>\n<li><strong>Documentaci\u00f3n<\/strong>\n<ul>\n<li><strong>Ficha cumplimentada<\/strong><\/li>\n<li><strong>DNI (los menores de 14 a\u00f1os pueden sustituirlo por el libro de familia) y una fotograf\u00eda reciente. Esta documentaci\u00f3n no ser\u00e1 necesaria si se presenta la tarjeta ciudadana (carn\u00e9 de a\u00f1os anteriores)<\/strong><\/li>\n<li><strong>O tarjeta ciudadana<\/strong><\/li>\n<\/ul>\n<\/li>\n<li><strong>Precios<\/strong>\n<ul>\n<li><strong>De 2 a 14 a\u00f1os: 40,30 euros<\/strong><\/li>\n<li><strong>De 14 a 25 a\u00f1os: 60,50 euros<\/strong><\/li>\n<li><strong>De 25 a 65 a\u00f1os: 80,75 euros<\/strong><\/li>\n<li><strong>Mayores de 65 a\u00f1os: 40,30 euros<\/strong><\/li>\n<\/ul>\n<\/li>\n<\/ul>\n<p><strong>El importe se har\u00e1 efectivo:<\/strong><\/p>\n<ul>\n<li><strong>Con tarjeta de cualquier entidad bancaria en la instalaci\u00f3n deportiva<\/strong><\/li>\n<li><strong>O previo ingreso del importe en cualquiera de las sucursales de La Caixa, Caja Laboral Popular, Caja Rural de Navarra, BBVA<\/strong><\/li>\n<\/ul>\n<p>En caso de p\u00e9rdida o sustracci\u00f3n la emisi\u00f3n de una nueva tarjeta costar\u00e1 11,20 euros<\/p>\n<p>No se admitir\u00e1 en ning\u00fan caso el pago en efectivo en la instalaci\u00f3n. Se aplicar\u00e1n las reducciones de la tarifa en los supuestos que prev\u00e9 la \u201cNorma reguladora de precios p\u00fablicos por utilizaci\u00f3n de instalaciones deportivas y de locales e instalaciones escolares municipales\u201d<\/p>\n<ul>\n<li><strong>Fechas, lugar y horario de solicitud: de lunes a s\u00e1bado de 9 a 21 horas<\/strong><\/li>\n<li><strong>M\u00e1s informaci\u00f3n:<\/strong>\n<ul>\n<li><strong>CD Aranzadi: <a href=\"http:\/\/www.aranzadiciudaddeportiva.com\/\" target=\"_blank\" rel=\"noopener noreferrer\">aranzadiciudaddeportiva.com<\/a> y tel. 948 223 002<\/strong><\/li>\n<li><strong>CD San Jorge: <a href=\"http:\/\/www.aquavoxsanjorge.es\/\" target=\"_blank\" rel=\"noopener noreferrer\">aquavoxsanjorge.es<\/a> y tel. 948 287 778<\/strong><\/li>\n<\/ul>\n<\/li>\n<\/ul>\n","protected":false},"excerpt":{"rendered":"","protected":false},"author":1,"featured_media":17848,"comment_status":"open","ping_status":"closed","sticky":false,"template":"","format":"standard","meta":{"footnotes":""},"categories":[2],"tags":[],"class_list":["post-22259","post","type-post","status-publish","format-standard","has-post-thumbnail","hentry","category-ayuntamiento-pamplona"],"yoast_head":"<!-- This site is optimized with the Yoast SEO plugin v27.3 - https:\/\/yoast.com\/product\/yoast-seo-wordpress\/ -->\n<title>Comienza la venta de abonos de verano para las piscinas municipales de Aranzadi y San Jorge, que abren esta temporada los d\u00edas 15 y 23 de junio, respectivamente<\/title>\n<meta name=\"robots\" content=\"index, follow, max-snippet:-1, max-image-preview:large, max-video-preview:-1\" \/>\n<link rel=\"canonical\" href=\"https:\/\/www.laguiadepamplona.com\/actualidad\/comienza-la-venta-de-abonos-de-verano-para-las-piscinas-municipales-de-aranzadi-y-san-jorge-que-abren-esta-temporada-los-dias-15-y-23-de-junio-respectivamente\/\" \/>\n<meta property=\"og:locale\" content=\"es_ES\" \/>\n<meta property=\"og:type\" content=\"article\" \/>\n<meta property=\"og:title\" content=\"Comienza la venta de abonos de verano para las piscinas municipales de Aranzadi y San Jorge, que abren esta temporada los d\u00edas 15 y 23 de junio, respectivamente\" \/>\n<meta property=\"og:url\" content=\"https:\/\/www.laguiadepamplona.com\/actualidad\/comienza-la-venta-de-abonos-de-verano-para-las-piscinas-municipales-de-aranzadi-y-san-jorge-que-abren-esta-temporada-los-dias-15-y-23-de-junio-respectivamente\/\" \/>\n<meta property=\"og:site_name\" content=\"La Gu\u00eda de Pamplona\" \/>\n<meta property=\"article:publisher\" content=\"https:\/\/www.facebook.com\/laguiadepamplonacom-133175176762273\/?ref=hl\" \/>\n<meta property=\"article:published_time\" content=\"2019-05-20T13:14:54+00:00\" \/>\n<meta property=\"og:image\" content=\"https:\/\/www.laguiadepamplona.com\/actualidad\/wp-content\/uploads\/2018\/06\/piscina-aranzadi.jpg\" \/>\n\t<meta property=\"og:image:width\" content=\"800\" \/>\n\t<meta property=\"og:image:height\" content=\"533\" \/>\n\t<meta property=\"og:image:type\" content=\"image\/jpeg\" \/>\n<meta name=\"author\" content=\"La Gu\u00eda de Pamplona\" \/>\n<meta name=\"twitter:card\" content=\"summary_large_image\" \/>\n<meta name=\"twitter:creator\" content=\"@LaGuiadPamplona\" \/>\n<meta name=\"twitter:site\" content=\"@LaGuiadPamplona\" \/>\n<meta name=\"twitter:label1\" content=\"Escrito por\" \/>\n\t<meta name=\"twitter:data1\" content=\"La Gu\u00eda de Pamplona\" \/>\n\t<meta name=\"twitter:label2\" content=\"Tiempo de lectura\" \/>\n\t<meta name=\"twitter:data2\" content=\"3 minutos\" \/>\n<script type=\"application\/ld+json\" class=\"yoast-schema-graph\">{\"@context\":\"https:\\\/\\\/schema.org\",\"@graph\":[{\"@type\":\"Article\",\"@id\":\"https:\\\/\\\/www.laguiadepamplona.com\\\/actualidad\\\/comienza-la-venta-de-abonos-de-verano-para-las-piscinas-municipales-de-aranzadi-y-san-jorge-que-abren-esta-temporada-los-dias-15-y-23-de-junio-respectivamente\\\/#article\",\"isPartOf\":{\"@id\":\"https:\\\/\\\/www.laguiadepamplona.com\\\/actualidad\\\/comienza-la-venta-de-abonos-de-verano-para-las-piscinas-municipales-de-aranzadi-y-san-jorge-que-abren-esta-temporada-los-dias-15-y-23-de-junio-respectivamente\\\/\"},\"author\":{\"name\":\"La Gu\u00eda de Pamplona\",\"@id\":\"https:\\\/\\\/www.laguiadepamplona.com\\\/actualidad\\\/#\\\/schema\\\/person\\\/efe887376f0213d4657c93adc50b1fdb\"},\"headline\":\"Comienza la venta de abonos de verano para las piscinas municipales de Aranzadi y San Jorge, que abren esta temporada los d\u00edas 15 y 23 de junio, respectivamente\",\"datePublished\":\"2019-05-20T13:14:54+00:00\",\"mainEntityOfPage\":{\"@id\":\"https:\\\/\\\/www.laguiadepamplona.com\\\/actualidad\\\/comienza-la-venta-de-abonos-de-verano-para-las-piscinas-municipales-de-aranzadi-y-san-jorge-que-abren-esta-temporada-los-dias-15-y-23-de-junio-respectivamente\\\/\"},\"wordCount\":583,\"commentCount\":0,\"publisher\":{\"@id\":\"https:\\\/\\\/www.laguiadepamplona.com\\\/actualidad\\\/#organization\"},\"image\":{\"@id\":\"https:\\\/\\\/www.laguiadepamplona.com\\\/actualidad\\\/comienza-la-venta-de-abonos-de-verano-para-las-piscinas-municipales-de-aranzadi-y-san-jorge-que-abren-esta-temporada-los-dias-15-y-23-de-junio-respectivamente\\\/#primaryimage\"},\"thumbnailUrl\":\"https:\\\/\\\/www.laguiadepamplona.com\\\/actualidad\\\/wp-content\\\/uploads\\\/2018\\\/06\\\/piscina-aranzadi.jpg\",\"articleSection\":[\"Ayto Pamplona\"],\"inLanguage\":\"es\",\"potentialAction\":[{\"@type\":\"CommentAction\",\"name\":\"Comment\",\"target\":[\"https:\\\/\\\/www.laguiadepamplona.com\\\/actualidad\\\/comienza-la-venta-de-abonos-de-verano-para-las-piscinas-municipales-de-aranzadi-y-san-jorge-que-abren-esta-temporada-los-dias-15-y-23-de-junio-respectivamente\\\/#respond\"]}]},{\"@type\":\"WebPage\",\"@id\":\"https:\\\/\\\/www.laguiadepamplona.com\\\/actualidad\\\/comienza-la-venta-de-abonos-de-verano-para-las-piscinas-municipales-de-aranzadi-y-san-jorge-que-abren-esta-temporada-los-dias-15-y-23-de-junio-respectivamente\\\/\",\"url\":\"https:\\\/\\\/www.laguiadepamplona.com\\\/actualidad\\\/comienza-la-venta-de-abonos-de-verano-para-las-piscinas-municipales-de-aranzadi-y-san-jorge-que-abren-esta-temporada-los-dias-15-y-23-de-junio-respectivamente\\\/\",\"name\":\"Comienza la venta de abonos de verano para las piscinas municipales de Aranzadi y San Jorge, que abren esta temporada los d\u00edas 15 y 23 de junio, respectivamente\",\"isPartOf\":{\"@id\":\"https:\\\/\\\/www.laguiadepamplona.com\\\/actualidad\\\/#website\"},\"primaryImageOfPage\":{\"@id\":\"https:\\\/\\\/www.laguiadepamplona.com\\\/actualidad\\\/comienza-la-venta-de-abonos-de-verano-para-las-piscinas-municipales-de-aranzadi-y-san-jorge-que-abren-esta-temporada-los-dias-15-y-23-de-junio-respectivamente\\\/#primaryimage\"},\"image\":{\"@id\":\"https:\\\/\\\/www.laguiadepamplona.com\\\/actualidad\\\/comienza-la-venta-de-abonos-de-verano-para-las-piscinas-municipales-de-aranzadi-y-san-jorge-que-abren-esta-temporada-los-dias-15-y-23-de-junio-respectivamente\\\/#primaryimage\"},\"thumbnailUrl\":\"https:\\\/\\\/www.laguiadepamplona.com\\\/actualidad\\\/wp-content\\\/uploads\\\/2018\\\/06\\\/piscina-aranzadi.jpg\",\"datePublished\":\"2019-05-20T13:14:54+00:00\",\"breadcrumb\":{\"@id\":\"https:\\\/\\\/www.laguiadepamplona.com\\\/actualidad\\\/comienza-la-venta-de-abonos-de-verano-para-las-piscinas-municipales-de-aranzadi-y-san-jorge-que-abren-esta-temporada-los-dias-15-y-23-de-junio-respectivamente\\\/#breadcrumb\"},\"inLanguage\":\"es\",\"potentialAction\":[{\"@type\":\"ReadAction\",\"target\":[\"https:\\\/\\\/www.laguiadepamplona.com\\\/actualidad\\\/comienza-la-venta-de-abonos-de-verano-para-las-piscinas-municipales-de-aranzadi-y-san-jorge-que-abren-esta-temporada-los-dias-15-y-23-de-junio-respectivamente\\\/\"]}]},{\"@type\":\"ImageObject\",\"inLanguage\":\"es\",\"@id\":\"https:\\\/\\\/www.laguiadepamplona.com\\\/actualidad\\\/comienza-la-venta-de-abonos-de-verano-para-las-piscinas-municipales-de-aranzadi-y-san-jorge-que-abren-esta-temporada-los-dias-15-y-23-de-junio-respectivamente\\\/#primaryimage\",\"url\":\"https:\\\/\\\/www.laguiadepamplona.com\\\/actualidad\\\/wp-content\\\/uploads\\\/2018\\\/06\\\/piscina-aranzadi.jpg\",\"contentUrl\":\"https:\\\/\\\/www.laguiadepamplona.com\\\/actualidad\\\/wp-content\\\/uploads\\\/2018\\\/06\\\/piscina-aranzadi.jpg\",\"width\":800,\"height\":533},{\"@type\":\"BreadcrumbList\",\"@id\":\"https:\\\/\\\/www.laguiadepamplona.com\\\/actualidad\\\/comienza-la-venta-de-abonos-de-verano-para-las-piscinas-municipales-de-aranzadi-y-san-jorge-que-abren-esta-temporada-los-dias-15-y-23-de-junio-respectivamente\\\/#breadcrumb\",\"itemListElement\":[{\"@type\":\"ListItem\",\"position\":1,\"name\":\"Portada\",\"item\":\"https:\\\/\\\/www.laguiadepamplona.com\\\/actualidad\\\/\"},{\"@type\":\"ListItem\",\"position\":2,\"name\":\"Comienza la venta de abonos de verano para las piscinas municipales de Aranzadi y San Jorge, que abren esta temporada los d\u00edas 15 y 23 de junio, respectivamente\"}]},{\"@type\":\"WebSite\",\"@id\":\"https:\\\/\\\/www.laguiadepamplona.com\\\/actualidad\\\/#website\",\"url\":\"https:\\\/\\\/www.laguiadepamplona.com\\\/actualidad\\\/\",\"name\":\"La gu\u00eda de Pamplona\",\"description\":\"Noticias de Pamplona\",\"publisher\":{\"@id\":\"https:\\\/\\\/www.laguiadepamplona.com\\\/actualidad\\\/#organization\"},\"potentialAction\":[{\"@type\":\"SearchAction\",\"target\":{\"@type\":\"EntryPoint\",\"urlTemplate\":\"https:\\\/\\\/www.laguiadepamplona.com\\\/actualidad\\\/?s={search_term_string}\"},\"query-input\":{\"@type\":\"PropertyValueSpecification\",\"valueRequired\":true,\"valueName\":\"search_term_string\"}}],\"inLanguage\":\"es\"},{\"@type\":\"Organization\",\"@id\":\"https:\\\/\\\/www.laguiadepamplona.com\\\/actualidad\\\/#organization\",\"name\":\"La Gu\u00eda de Pamplona \\\/ Noticias\",\"url\":\"https:\\\/\\\/www.laguiadepamplona.com\\\/actualidad\\\/\",\"logo\":{\"@type\":\"ImageObject\",\"inLanguage\":\"es\",\"@id\":\"https:\\\/\\\/www.laguiadepamplona.com\\\/actualidad\\\/#\\\/schema\\\/logo\\\/image\\\/\",\"url\":\"https:\\\/\\\/www.laguiadepamplona.com\\\/actualidad\\\/wp-content\\\/uploads\\\/2018\\\/11\\\/logo-laguiadepamplona18-web1.png\",\"contentUrl\":\"https:\\\/\\\/www.laguiadepamplona.com\\\/actualidad\\\/wp-content\\\/uploads\\\/2018\\\/11\\\/logo-laguiadepamplona18-web1.png\",\"width\":600,\"height\":196,\"caption\":\"La Gu\u00eda de Pamplona \\\/ Noticias\"},\"image\":{\"@id\":\"https:\\\/\\\/www.laguiadepamplona.com\\\/actualidad\\\/#\\\/schema\\\/logo\\\/image\\\/\"},\"sameAs\":[\"https:\\\/\\\/www.facebook.com\\\/laguiadepamplonacom-133175176762273\\\/?ref=hl\",\"https:\\\/\\\/x.com\\\/LaGuiadPamplona\",\"https:\\\/\\\/www.instagram.com\\\/la_guia_de_pamplona\\\/\",\"https:\\\/\\\/www.youtube.com\\\/user\\\/laguiadepamplona\"]},{\"@type\":\"Person\",\"@id\":\"https:\\\/\\\/www.laguiadepamplona.com\\\/actualidad\\\/#\\\/schema\\\/person\\\/efe887376f0213d4657c93adc50b1fdb\",\"name\":\"La Gu\u00eda de Pamplona\",\"image\":{\"@type\":\"ImageObject\",\"inLanguage\":\"es\",\"@id\":\"https:\\\/\\\/secure.gravatar.com\\\/avatar\\\/b6992f131dc8d30ab0dff15446e9d346d9dbd95992de0fef795073f5ea83a81c?s=96&d=mm&r=g\",\"url\":\"https:\\\/\\\/secure.gravatar.com\\\/avatar\\\/b6992f131dc8d30ab0dff15446e9d346d9dbd95992de0fef795073f5ea83a81c?s=96&d=mm&r=g\",\"contentUrl\":\"https:\\\/\\\/secure.gravatar.com\\\/avatar\\\/b6992f131dc8d30ab0dff15446e9d346d9dbd95992de0fef795073f5ea83a81c?s=96&d=mm&r=g\",\"caption\":\"La Gu\u00eda de Pamplona\"}}]}<\/script>\n<!-- \/ Yoast SEO plugin. -->","yoast_head_json":{"title":"Comienza la venta de abonos de verano para las piscinas municipales de Aranzadi y San Jorge, que abren esta temporada los d\u00edas 15 y 23 de junio, respectivamente","robots":{"index":"index","follow":"follow","max-snippet":"max-snippet:-1","max-image-preview":"max-image-preview:large","max-video-preview":"max-video-preview:-1"},"canonical":"https:\/\/www.laguiadepamplona.com\/actualidad\/comienza-la-venta-de-abonos-de-verano-para-las-piscinas-municipales-de-aranzadi-y-san-jorge-que-abren-esta-temporada-los-dias-15-y-23-de-junio-respectivamente\/","og_locale":"es_ES","og_type":"article","og_title":"Comienza la venta de abonos de verano para las piscinas municipales de Aranzadi y San Jorge, que abren esta temporada los d\u00edas 15 y 23 de junio, respectivamente","og_url":"https:\/\/www.laguiadepamplona.com\/actualidad\/comienza-la-venta-de-abonos-de-verano-para-las-piscinas-municipales-de-aranzadi-y-san-jorge-que-abren-esta-temporada-los-dias-15-y-23-de-junio-respectivamente\/","og_site_name":"La Gu\u00eda de Pamplona","article_publisher":"https:\/\/www.facebook.com\/laguiadepamplonacom-133175176762273\/?ref=hl","article_published_time":"2019-05-20T13:14:54+00:00","og_image":[{"width":800,"height":533,"url":"https:\/\/www.laguiadepamplona.com\/actualidad\/wp-content\/uploads\/2018\/06\/piscina-aranzadi.jpg","type":"image\/jpeg"}],"author":"La Gu\u00eda de Pamplona","twitter_card":"summary_large_image","twitter_creator":"@LaGuiadPamplona","twitter_site":"@LaGuiadPamplona","twitter_misc":{"Escrito por":"La Gu\u00eda de Pamplona","Tiempo de lectura":"3 minutos"},"schema":{"@context":"https:\/\/schema.org","@graph":[{"@type":"Article","@id":"https:\/\/www.laguiadepamplona.com\/actualidad\/comienza-la-venta-de-abonos-de-verano-para-las-piscinas-municipales-de-aranzadi-y-san-jorge-que-abren-esta-temporada-los-dias-15-y-23-de-junio-respectivamente\/#article","isPartOf":{"@id":"https:\/\/www.laguiadepamplona.com\/actualidad\/comienza-la-venta-de-abonos-de-verano-para-las-piscinas-municipales-de-aranzadi-y-san-jorge-que-abren-esta-temporada-los-dias-15-y-23-de-junio-respectivamente\/"},"author":{"name":"La Gu\u00eda de Pamplona","@id":"https:\/\/www.laguiadepamplona.com\/actualidad\/#\/schema\/person\/efe887376f0213d4657c93adc50b1fdb"},"headline":"Comienza la venta de abonos de verano para las piscinas municipales de Aranzadi y San Jorge, que abren esta temporada los d\u00edas 15 y 23 de junio, respectivamente","datePublished":"2019-05-20T13:14:54+00:00","mainEntityOfPage":{"@id":"https:\/\/www.laguiadepamplona.com\/actualidad\/comienza-la-venta-de-abonos-de-verano-para-las-piscinas-municipales-de-aranzadi-y-san-jorge-que-abren-esta-temporada-los-dias-15-y-23-de-junio-respectivamente\/"},"wordCount":583,"commentCount":0,"publisher":{"@id":"https:\/\/www.laguiadepamplona.com\/actualidad\/#organization"},"image":{"@id":"https:\/\/www.laguiadepamplona.com\/actualidad\/comienza-la-venta-de-abonos-de-verano-para-las-piscinas-municipales-de-aranzadi-y-san-jorge-que-abren-esta-temporada-los-dias-15-y-23-de-junio-respectivamente\/#primaryimage"},"thumbnailUrl":"https:\/\/www.laguiadepamplona.com\/actualidad\/wp-content\/uploads\/2018\/06\/piscina-aranzadi.jpg","articleSection":["Ayto Pamplona"],"inLanguage":"es","potentialAction":[{"@type":"CommentAction","name":"Comment","target":["https:\/\/www.laguiadepamplona.com\/actualidad\/comienza-la-venta-de-abonos-de-verano-para-las-piscinas-municipales-de-aranzadi-y-san-jorge-que-abren-esta-temporada-los-dias-15-y-23-de-junio-respectivamente\/#respond"]}]},{"@type":"WebPage","@id":"https:\/\/www.laguiadepamplona.com\/actualidad\/comienza-la-venta-de-abonos-de-verano-para-las-piscinas-municipales-de-aranzadi-y-san-jorge-que-abren-esta-temporada-los-dias-15-y-23-de-junio-respectivamente\/","url":"https:\/\/www.laguiadepamplona.com\/actualidad\/comienza-la-venta-de-abonos-de-verano-para-las-piscinas-municipales-de-aranzadi-y-san-jorge-que-abren-esta-temporada-los-dias-15-y-23-de-junio-respectivamente\/","name":"Comienza la venta de abonos de verano para las piscinas municipales de Aranzadi y San Jorge, que abren esta temporada los d\u00edas 15 y 23 de junio, respectivamente","isPartOf":{"@id":"https:\/\/www.laguiadepamplona.com\/actualidad\/#website"},"primaryImageOfPage":{"@id":"https:\/\/www.laguiadepamplona.com\/actualidad\/comienza-la-venta-de-abonos-de-verano-para-las-piscinas-municipales-de-aranzadi-y-san-jorge-que-abren-esta-temporada-los-dias-15-y-23-de-junio-respectivamente\/#primaryimage"},"image":{"@id":"https:\/\/www.laguiadepamplona.com\/actualidad\/comienza-la-venta-de-abonos-de-verano-para-las-piscinas-municipales-de-aranzadi-y-san-jorge-que-abren-esta-temporada-los-dias-15-y-23-de-junio-respectivamente\/#primaryimage"},"thumbnailUrl":"https:\/\/www.laguiadepamplona.com\/actualidad\/wp-content\/uploads\/2018\/06\/piscina-aranzadi.jpg","datePublished":"2019-05-20T13:14:54+00:00","breadcrumb":{"@id":"https:\/\/www.laguiadepamplona.com\/actualidad\/comienza-la-venta-de-abonos-de-verano-para-las-piscinas-municipales-de-aranzadi-y-san-jorge-que-abren-esta-temporada-los-dias-15-y-23-de-junio-respectivamente\/#breadcrumb"},"inLanguage":"es","potentialAction":[{"@type":"ReadAction","target":["https:\/\/www.laguiadepamplona.com\/actualidad\/comienza-la-venta-de-abonos-de-verano-para-las-piscinas-municipales-de-aranzadi-y-san-jorge-que-abren-esta-temporada-los-dias-15-y-23-de-junio-respectivamente\/"]}]},{"@type":"ImageObject","inLanguage":"es","@id":"https:\/\/www.laguiadepamplona.com\/actualidad\/comienza-la-venta-de-abonos-de-verano-para-las-piscinas-municipales-de-aranzadi-y-san-jorge-que-abren-esta-temporada-los-dias-15-y-23-de-junio-respectivamente\/#primaryimage","url":"https:\/\/www.laguiadepamplona.com\/actualidad\/wp-content\/uploads\/2018\/06\/piscina-aranzadi.jpg","contentUrl":"https:\/\/www.laguiadepamplona.com\/actualidad\/wp-content\/uploads\/2018\/06\/piscina-aranzadi.jpg","width":800,"height":533},{"@type":"BreadcrumbList","@id":"https:\/\/www.laguiadepamplona.com\/actualidad\/comienza-la-venta-de-abonos-de-verano-para-las-piscinas-municipales-de-aranzadi-y-san-jorge-que-abren-esta-temporada-los-dias-15-y-23-de-junio-respectivamente\/#breadcrumb","itemListElement":[{"@type":"ListItem","position":1,"name":"Portada","item":"https:\/\/www.laguiadepamplona.com\/actualidad\/"},{"@type":"ListItem","position":2,"name":"Comienza la venta de abonos de verano para las piscinas municipales de Aranzadi y San Jorge, que abren esta temporada los d\u00edas 15 y 23 de junio, respectivamente"}]},{"@type":"WebSite","@id":"https:\/\/www.laguiadepamplona.com\/actualidad\/#website","url":"https:\/\/www.laguiadepamplona.com\/actualidad\/","name":"La gu\u00eda de Pamplona","description":"Noticias de Pamplona","publisher":{"@id":"https:\/\/www.laguiadepamplona.com\/actualidad\/#organization"},"potentialAction":[{"@type":"SearchAction","target":{"@type":"EntryPoint","urlTemplate":"https:\/\/www.laguiadepamplona.com\/actualidad\/?s={search_term_string}"},"query-input":{"@type":"PropertyValueSpecification","valueRequired":true,"valueName":"search_term_string"}}],"inLanguage":"es"},{"@type":"Organization","@id":"https:\/\/www.laguiadepamplona.com\/actualidad\/#organization","name":"La Gu\u00eda de Pamplona \/ Noticias","url":"https:\/\/www.laguiadepamplona.com\/actualidad\/","logo":{"@type":"ImageObject","inLanguage":"es","@id":"https:\/\/www.laguiadepamplona.com\/actualidad\/#\/schema\/logo\/image\/","url":"https:\/\/www.laguiadepamplona.com\/actualidad\/wp-content\/uploads\/2018\/11\/logo-laguiadepamplona18-web1.png","contentUrl":"https:\/\/www.laguiadepamplona.com\/actualidad\/wp-content\/uploads\/2018\/11\/logo-laguiadepamplona18-web1.png","width":600,"height":196,"caption":"La Gu\u00eda de Pamplona \/ Noticias"},"image":{"@id":"https:\/\/www.laguiadepamplona.com\/actualidad\/#\/schema\/logo\/image\/"},"sameAs":["https:\/\/www.facebook.com\/laguiadepamplonacom-133175176762273\/?ref=hl","https:\/\/x.com\/LaGuiadPamplona","https:\/\/www.instagram.com\/la_guia_de_pamplona\/","https:\/\/www.youtube.com\/user\/laguiadepamplona"]},{"@type":"Person","@id":"https:\/\/www.laguiadepamplona.com\/actualidad\/#\/schema\/person\/efe887376f0213d4657c93adc50b1fdb","name":"La Gu\u00eda de Pamplona","image":{"@type":"ImageObject","inLanguage":"es","@id":"https:\/\/secure.gravatar.com\/avatar\/b6992f131dc8d30ab0dff15446e9d346d9dbd95992de0fef795073f5ea83a81c?s=96&d=mm&r=g","url":"https:\/\/secure.gravatar.com\/avatar\/b6992f131dc8d30ab0dff15446e9d346d9dbd95992de0fef795073f5ea83a81c?s=96&d=mm&r=g","contentUrl":"https:\/\/secure.gravatar.com\/avatar\/b6992f131dc8d30ab0dff15446e9d346d9dbd95992de0fef795073f5ea83a81c?s=96&d=mm&r=g","caption":"La Gu\u00eda de Pamplona"}}]}},"post_mailing_queue_ids":[],"_links":{"self":[{"href":"https:\/\/www.laguiadepamplona.com\/actualidad\/wp-json\/wp\/v2\/posts\/22259","targetHints":{"allow":["GET"]}}],"collection":[{"href":"https:\/\/www.laguiadepamplona.com\/actualidad\/wp-json\/wp\/v2\/posts"}],"about":[{"href":"https:\/\/www.laguiadepamplona.com\/actualidad\/wp-json\/wp\/v2\/types\/post"}],"author":[{"embeddable":true,"href":"https:\/\/www.laguiadepamplona.com\/actualidad\/wp-json\/wp\/v2\/users\/1"}],"replies":[{"embeddable":true,"href":"https:\/\/www.laguiadepamplona.com\/actualidad\/wp-json\/wp\/v2\/comments?post=22259"}],"version-history":[{"count":0,"href":"https:\/\/www.laguiadepamplona.com\/actualidad\/wp-json\/wp\/v2\/posts\/22259\/revisions"}],"wp:featuredmedia":[{"embeddable":true,"href":"https:\/\/www.laguiadepamplona.com\/actualidad\/wp-json\/wp\/v2\/media\/17848"}],"wp:attachment":[{"href":"https:\/\/www.laguiadepamplona.com\/actualidad\/wp-json\/wp\/v2\/media?parent=22259"}],"wp:term":[{"taxonomy":"category","embeddable":true,"href":"https:\/\/www.laguiadepamplona.com\/actualidad\/wp-json\/wp\/v2\/categories?post=22259"},{"taxonomy":"post_tag","embeddable":true,"href":"https:\/\/www.laguiadepamplona.com\/actualidad\/wp-json\/wp\/v2\/tags?post=22259"}],"curies":[{"name":"wp","href":"https:\/\/api.w.org\/{rel}","templated":true}]}}