{"id":22255,"date":"2019-05-20T15:13:17","date_gmt":"2019-05-20T13:13:17","guid":{"rendered":"https:\/\/www.laguiadepamplona.es\/actualidad\/?p=22255"},"modified":"2019-05-20T15:13:17","modified_gmt":"2019-05-20T13:13:17","slug":"convocadas-ayudas-a-entidades-sin-animo-de-lucro-para-realizar-proyectos-formativos-para-el-fomento-de-la-igualdad-y-de-los-derechos-lgtbi","status":"publish","type":"post","link":"https:\/\/www.laguiadepamplona.com\/actualidad\/convocadas-ayudas-a-entidades-sin-animo-de-lucro-para-realizar-proyectos-formativos-para-el-fomento-de-la-igualdad-y-de-los-derechos-lgtbi\/","title":{"rendered":"Convocadas ayudas a entidades sin \u00e1nimo de lucro para realizar proyectos formativos para el fomento de la igualdad y de los derechos LGTBI"},"content":{"rendered":"<p><!--more--><\/p>\n<h3>El Ayuntamiento de Pamplona colaborar\u00e1 con hasta 20.000 euros las iniciativas, que podr\u00e1n presentarse hasta el 15 de junio<\/h3>\n<p>El Ayuntamiento de Pamplona ha lanzado la convocatoria de ayudas a entidades sociales sin \u00e1nimo de lucro para realizar proyectos formativos en fomento de la igualdad y de los derechos LGTBI durante el a\u00f1o 2019. La convocatoria, dotada con 20.000 euros, est\u00e1 publicada en el Bolet\u00edn Oficial de Navarra n\u00famero 91 de 13 de mayo, y las solicitudes podr\u00e1n presentarse hasta el d\u00eda 15 de junio.<\/p>\n<p>Esta convocatoria pretende ser una herramienta de apoyo y colaboraci\u00f3n desde el \u00e1mbito municipal para asociaciones y otras entidades sin \u00e1nimo de lucro en el desarrollo de actuaciones formativas que promuevan procesos de capacitaci\u00f3n en igualdad y derechos. Se trata de apoyar y acompa\u00f1ar desde el punto de vista pedag\u00f3gico a aquellas asociaciones y entidades que no cuentan con la experiencia suficiente o que deseen profundizar en aspectos de la formaci\u00f3n.<\/p>\n<p>Seg\u00fan recogen las bases de la convocatoria, la cuant\u00eda m\u00e1xima a solicitar ser\u00e1 igual o inferior a 6.000 euros por acci\u00f3n formativa. Los proyectos para los que se solicite subvenci\u00f3n deber\u00e1n enmarcarse en cualquiera de los siguientes objetivos: generar v\u00edas para la consecuci\u00f3n de la autonom\u00eda y el empoderamiento de las mujeres y ni\u00f1as para capacitar en la incidencia, participaci\u00f3n y empoderamiento colectivo; transformar los valores patriarcales y los modelos que sustentan la desigualdad y la violencia en cualquiera de sus manifestaciones; favorecer la reflexi\u00f3n y valorizar los cuidados y la corresponsabilidad, resolver las necesidades de conciliaci\u00f3n y cuestionar la divisi\u00f3n sexual de los trabajos; promover actitudes positivas y activas en la gesti\u00f3n de la salud y la calidad de vida de las mujeres y las j\u00f3venes; contribuir a integrar la perspectiva de g\u00e9nero en diferentes \u00e1mbitos sociales, econ\u00f3micos, culturales o profesionales, fomentando la formaci\u00f3n especializada y los estudios de g\u00e9nero; y actuaciones formativas dirigidas a sensibilizar y fomentar el pleno ejercicio del derecho de la igualdad de trato y respeto a las personas LGTBI, la protecci\u00f3n contra cualquier forma de discriminaci\u00f3n, actos o conductas intolerables.<\/p>\n<p>Las actuaciones formativas responder\u00e1n a acciones de empoderamiento personal, grupal y organizacional, o social y comunitario. Podr\u00e1n ser cursos monogr\u00e1ficos, seminarios, jornadas, encuentros formativos, intercambios formativos o investigaciones en el \u00e1mbito de la formaci\u00f3n, la participaci\u00f3n, la igualdad y el empoderamiento social. En todo caso, deber\u00e1n ser siempre de car\u00e1cter presencial, aunque podr\u00e1n ser apoyadas con actuaciones online. El n\u00famero de horas totales de informaci\u00f3n de cada proyecto formativo oscilar\u00e1 entre las 8 y las 60 horas.<\/p>\n<p>Las subvenciones se repartir\u00e1n entre los proyectos presentados e incluidos dentro de la convocatoria. Se establecer\u00e1 una prelaci\u00f3n de los proyectos seg\u00fan la puntuaci\u00f3n que hayan obtenido en la valoraci\u00f3n. Para puntuar los proyectos, las bases establecen como criterios las caracter\u00edsticas sobre entidades solicitantes (hasta 10 puntos), la elaboraci\u00f3n y desarrollo del proyecto (hasta 10 puntos), las personas formadoras, profesorado y coordinaci\u00f3n (hasta 20 puntos) y criterios relacionados con el proyecto (hasta 60 puntos).<\/p>\n<p>Como novedad, las solicitudes deber\u00e1n presentarse telem\u00e1ticamente a trav\u00e9s del tr\u00e1mite \u201csolicitud electr\u00f3nica de subvenciones para personas jur\u00eddicas\u201d, publicado en la sede electr\u00f3nica del Ayuntamiento de Pamplona <a href=\"http:\/\/www.pamplona.es\" target=\"_blank\" rel=\"noopener noreferrer\">www.pamplona.es<\/a>.<\/p>\n","protected":false},"excerpt":{"rendered":"","protected":false},"author":1,"featured_media":11094,"comment_status":"open","ping_status":"closed","sticky":false,"template":"","format":"standard","meta":{"footnotes":""},"categories":[2],"tags":[],"class_list":["post-22255","post","type-post","status-publish","format-standard","has-post-thumbnail","hentry","category-ayuntamiento-pamplona"],"yoast_head":"<!-- This site is optimized with the Yoast SEO plugin v27.3 - https:\/\/yoast.com\/product\/yoast-seo-wordpress\/ -->\n<title>Convocadas ayudas a entidades sin \u00e1nimo de lucro para realizar proyectos formativos para el fomento de la igualdad y de los derechos LGTBI<\/title>\n<meta name=\"robots\" content=\"index, follow, max-snippet:-1, max-image-preview:large, max-video-preview:-1\" \/>\n<link rel=\"canonical\" href=\"https:\/\/www.laguiadepamplona.com\/actualidad\/convocadas-ayudas-a-entidades-sin-animo-de-lucro-para-realizar-proyectos-formativos-para-el-fomento-de-la-igualdad-y-de-los-derechos-lgtbi\/\" \/>\n<meta property=\"og:locale\" content=\"es_ES\" \/>\n<meta property=\"og:type\" content=\"article\" \/>\n<meta property=\"og:title\" content=\"Convocadas ayudas a entidades sin \u00e1nimo de lucro para realizar proyectos formativos para el fomento de la igualdad y de los derechos LGTBI\" \/>\n<meta property=\"og:url\" content=\"https:\/\/www.laguiadepamplona.com\/actualidad\/convocadas-ayudas-a-entidades-sin-animo-de-lucro-para-realizar-proyectos-formativos-para-el-fomento-de-la-igualdad-y-de-los-derechos-lgtbi\/\" \/>\n<meta property=\"og:site_name\" content=\"La Gu\u00eda de Pamplona\" \/>\n<meta property=\"article:publisher\" content=\"https:\/\/www.facebook.com\/laguiadepamplonacom-133175176762273\/?ref=hl\" \/>\n<meta property=\"article:published_time\" content=\"2019-05-20T13:13:17+00:00\" \/>\n<meta property=\"og:image\" content=\"https:\/\/www.laguiadepamplona.com\/actualidad\/wp-content\/uploads\/2016\/12\/orgullo-gay-bandera-lgtb.jpg\" \/>\n\t<meta property=\"og:image:width\" content=\"860\" \/>\n\t<meta property=\"og:image:height\" content=\"520\" \/>\n\t<meta property=\"og:image:type\" content=\"image\/jpeg\" \/>\n<meta name=\"author\" content=\"La Gu\u00eda de Pamplona\" \/>\n<meta name=\"twitter:card\" content=\"summary_large_image\" \/>\n<meta name=\"twitter:creator\" content=\"@LaGuiadPamplona\" \/>\n<meta name=\"twitter:site\" content=\"@LaGuiadPamplona\" \/>\n<meta name=\"twitter:label1\" content=\"Escrito por\" \/>\n\t<meta name=\"twitter:data1\" content=\"La Gu\u00eda de Pamplona\" \/>\n\t<meta name=\"twitter:label2\" content=\"Tiempo de lectura\" \/>\n\t<meta name=\"twitter:data2\" content=\"3 minutos\" \/>\n<script type=\"application\/ld+json\" class=\"yoast-schema-graph\">{\"@context\":\"https:\\\/\\\/schema.org\",\"@graph\":[{\"@type\":\"Article\",\"@id\":\"https:\\\/\\\/www.laguiadepamplona.com\\\/actualidad\\\/convocadas-ayudas-a-entidades-sin-animo-de-lucro-para-realizar-proyectos-formativos-para-el-fomento-de-la-igualdad-y-de-los-derechos-lgtbi\\\/#article\",\"isPartOf\":{\"@id\":\"https:\\\/\\\/www.laguiadepamplona.com\\\/actualidad\\\/convocadas-ayudas-a-entidades-sin-animo-de-lucro-para-realizar-proyectos-formativos-para-el-fomento-de-la-igualdad-y-de-los-derechos-lgtbi\\\/\"},\"author\":{\"name\":\"La Gu\u00eda de Pamplona\",\"@id\":\"https:\\\/\\\/www.laguiadepamplona.com\\\/actualidad\\\/#\\\/schema\\\/person\\\/efe887376f0213d4657c93adc50b1fdb\"},\"headline\":\"Convocadas ayudas a entidades sin \u00e1nimo de lucro para realizar proyectos formativos para el fomento de la igualdad y de los derechos LGTBI\",\"datePublished\":\"2019-05-20T13:13:17+00:00\",\"mainEntityOfPage\":{\"@id\":\"https:\\\/\\\/www.laguiadepamplona.com\\\/actualidad\\\/convocadas-ayudas-a-entidades-sin-animo-de-lucro-para-realizar-proyectos-formativos-para-el-fomento-de-la-igualdad-y-de-los-derechos-lgtbi\\\/\"},\"wordCount\":590,\"commentCount\":0,\"publisher\":{\"@id\":\"https:\\\/\\\/www.laguiadepamplona.com\\\/actualidad\\\/#organization\"},\"image\":{\"@id\":\"https:\\\/\\\/www.laguiadepamplona.com\\\/actualidad\\\/convocadas-ayudas-a-entidades-sin-animo-de-lucro-para-realizar-proyectos-formativos-para-el-fomento-de-la-igualdad-y-de-los-derechos-lgtbi\\\/#primaryimage\"},\"thumbnailUrl\":\"https:\\\/\\\/www.laguiadepamplona.com\\\/actualidad\\\/wp-content\\\/uploads\\\/2016\\\/12\\\/orgullo-gay-bandera-lgtb.jpg\",\"articleSection\":[\"Ayto Pamplona\"],\"inLanguage\":\"es\",\"potentialAction\":[{\"@type\":\"CommentAction\",\"name\":\"Comment\",\"target\":[\"https:\\\/\\\/www.laguiadepamplona.com\\\/actualidad\\\/convocadas-ayudas-a-entidades-sin-animo-de-lucro-para-realizar-proyectos-formativos-para-el-fomento-de-la-igualdad-y-de-los-derechos-lgtbi\\\/#respond\"]}]},{\"@type\":\"WebPage\",\"@id\":\"https:\\\/\\\/www.laguiadepamplona.com\\\/actualidad\\\/convocadas-ayudas-a-entidades-sin-animo-de-lucro-para-realizar-proyectos-formativos-para-el-fomento-de-la-igualdad-y-de-los-derechos-lgtbi\\\/\",\"url\":\"https:\\\/\\\/www.laguiadepamplona.com\\\/actualidad\\\/convocadas-ayudas-a-entidades-sin-animo-de-lucro-para-realizar-proyectos-formativos-para-el-fomento-de-la-igualdad-y-de-los-derechos-lgtbi\\\/\",\"name\":\"Convocadas ayudas a entidades sin \u00e1nimo de lucro para realizar proyectos formativos para el fomento de la igualdad y de los derechos LGTBI\",\"isPartOf\":{\"@id\":\"https:\\\/\\\/www.laguiadepamplona.com\\\/actualidad\\\/#website\"},\"primaryImageOfPage\":{\"@id\":\"https:\\\/\\\/www.laguiadepamplona.com\\\/actualidad\\\/convocadas-ayudas-a-entidades-sin-animo-de-lucro-para-realizar-proyectos-formativos-para-el-fomento-de-la-igualdad-y-de-los-derechos-lgtbi\\\/#primaryimage\"},\"image\":{\"@id\":\"https:\\\/\\\/www.laguiadepamplona.com\\\/actualidad\\\/convocadas-ayudas-a-entidades-sin-animo-de-lucro-para-realizar-proyectos-formativos-para-el-fomento-de-la-igualdad-y-de-los-derechos-lgtbi\\\/#primaryimage\"},\"thumbnailUrl\":\"https:\\\/\\\/www.laguiadepamplona.com\\\/actualidad\\\/wp-content\\\/uploads\\\/2016\\\/12\\\/orgullo-gay-bandera-lgtb.jpg\",\"datePublished\":\"2019-05-20T13:13:17+00:00\",\"breadcrumb\":{\"@id\":\"https:\\\/\\\/www.laguiadepamplona.com\\\/actualidad\\\/convocadas-ayudas-a-entidades-sin-animo-de-lucro-para-realizar-proyectos-formativos-para-el-fomento-de-la-igualdad-y-de-los-derechos-lgtbi\\\/#breadcrumb\"},\"inLanguage\":\"es\",\"potentialAction\":[{\"@type\":\"ReadAction\",\"target\":[\"https:\\\/\\\/www.laguiadepamplona.com\\\/actualidad\\\/convocadas-ayudas-a-entidades-sin-animo-de-lucro-para-realizar-proyectos-formativos-para-el-fomento-de-la-igualdad-y-de-los-derechos-lgtbi\\\/\"]}]},{\"@type\":\"ImageObject\",\"inLanguage\":\"es\",\"@id\":\"https:\\\/\\\/www.laguiadepamplona.com\\\/actualidad\\\/convocadas-ayudas-a-entidades-sin-animo-de-lucro-para-realizar-proyectos-formativos-para-el-fomento-de-la-igualdad-y-de-los-derechos-lgtbi\\\/#primaryimage\",\"url\":\"https:\\\/\\\/www.laguiadepamplona.com\\\/actualidad\\\/wp-content\\\/uploads\\\/2016\\\/12\\\/orgullo-gay-bandera-lgtb.jpg\",\"contentUrl\":\"https:\\\/\\\/www.laguiadepamplona.com\\\/actualidad\\\/wp-content\\\/uploads\\\/2016\\\/12\\\/orgullo-gay-bandera-lgtb.jpg\",\"width\":860,\"height\":520,\"caption\":\"lgtbi\"},{\"@type\":\"BreadcrumbList\",\"@id\":\"https:\\\/\\\/www.laguiadepamplona.com\\\/actualidad\\\/convocadas-ayudas-a-entidades-sin-animo-de-lucro-para-realizar-proyectos-formativos-para-el-fomento-de-la-igualdad-y-de-los-derechos-lgtbi\\\/#breadcrumb\",\"itemListElement\":[{\"@type\":\"ListItem\",\"position\":1,\"name\":\"Portada\",\"item\":\"https:\\\/\\\/www.laguiadepamplona.com\\\/actualidad\\\/\"},{\"@type\":\"ListItem\",\"position\":2,\"name\":\"Convocadas ayudas a entidades sin \u00e1nimo de lucro para realizar proyectos formativos para el fomento de la igualdad y de los derechos LGTBI\"}]},{\"@type\":\"WebSite\",\"@id\":\"https:\\\/\\\/www.laguiadepamplona.com\\\/actualidad\\\/#website\",\"url\":\"https:\\\/\\\/www.laguiadepamplona.com\\\/actualidad\\\/\",\"name\":\"La gu\u00eda de Pamplona\",\"description\":\"Noticias de Pamplona\",\"publisher\":{\"@id\":\"https:\\\/\\\/www.laguiadepamplona.com\\\/actualidad\\\/#organization\"},\"potentialAction\":[{\"@type\":\"SearchAction\",\"target\":{\"@type\":\"EntryPoint\",\"urlTemplate\":\"https:\\\/\\\/www.laguiadepamplona.com\\\/actualidad\\\/?s={search_term_string}\"},\"query-input\":{\"@type\":\"PropertyValueSpecification\",\"valueRequired\":true,\"valueName\":\"search_term_string\"}}],\"inLanguage\":\"es\"},{\"@type\":\"Organization\",\"@id\":\"https:\\\/\\\/www.laguiadepamplona.com\\\/actualidad\\\/#organization\",\"name\":\"La Gu\u00eda de Pamplona \\\/ Noticias\",\"url\":\"https:\\\/\\\/www.laguiadepamplona.com\\\/actualidad\\\/\",\"logo\":{\"@type\":\"ImageObject\",\"inLanguage\":\"es\",\"@id\":\"https:\\\/\\\/www.laguiadepamplona.com\\\/actualidad\\\/#\\\/schema\\\/logo\\\/image\\\/\",\"url\":\"https:\\\/\\\/www.laguiadepamplona.com\\\/actualidad\\\/wp-content\\\/uploads\\\/2018\\\/11\\\/logo-laguiadepamplona18-web1.png\",\"contentUrl\":\"https:\\\/\\\/www.laguiadepamplona.com\\\/actualidad\\\/wp-content\\\/uploads\\\/2018\\\/11\\\/logo-laguiadepamplona18-web1.png\",\"width\":600,\"height\":196,\"caption\":\"La Gu\u00eda de Pamplona \\\/ Noticias\"},\"image\":{\"@id\":\"https:\\\/\\\/www.laguiadepamplona.com\\\/actualidad\\\/#\\\/schema\\\/logo\\\/image\\\/\"},\"sameAs\":[\"https:\\\/\\\/www.facebook.com\\\/laguiadepamplonacom-133175176762273\\\/?ref=hl\",\"https:\\\/\\\/x.com\\\/LaGuiadPamplona\",\"https:\\\/\\\/www.instagram.com\\\/la_guia_de_pamplona\\\/\",\"https:\\\/\\\/www.youtube.com\\\/user\\\/laguiadepamplona\"]},{\"@type\":\"Person\",\"@id\":\"https:\\\/\\\/www.laguiadepamplona.com\\\/actualidad\\\/#\\\/schema\\\/person\\\/efe887376f0213d4657c93adc50b1fdb\",\"name\":\"La Gu\u00eda de Pamplona\",\"image\":{\"@type\":\"ImageObject\",\"inLanguage\":\"es\",\"@id\":\"https:\\\/\\\/secure.gravatar.com\\\/avatar\\\/b6992f131dc8d30ab0dff15446e9d346d9dbd95992de0fef795073f5ea83a81c?s=96&d=mm&r=g\",\"url\":\"https:\\\/\\\/secure.gravatar.com\\\/avatar\\\/b6992f131dc8d30ab0dff15446e9d346d9dbd95992de0fef795073f5ea83a81c?s=96&d=mm&r=g\",\"contentUrl\":\"https:\\\/\\\/secure.gravatar.com\\\/avatar\\\/b6992f131dc8d30ab0dff15446e9d346d9dbd95992de0fef795073f5ea83a81c?s=96&d=mm&r=g\",\"caption\":\"La Gu\u00eda de Pamplona\"}}]}<\/script>\n<!-- \/ Yoast SEO plugin. -->","yoast_head_json":{"title":"Convocadas ayudas a entidades sin \u00e1nimo de lucro para realizar proyectos formativos para el fomento de la igualdad y de los derechos LGTBI","robots":{"index":"index","follow":"follow","max-snippet":"max-snippet:-1","max-image-preview":"max-image-preview:large","max-video-preview":"max-video-preview:-1"},"canonical":"https:\/\/www.laguiadepamplona.com\/actualidad\/convocadas-ayudas-a-entidades-sin-animo-de-lucro-para-realizar-proyectos-formativos-para-el-fomento-de-la-igualdad-y-de-los-derechos-lgtbi\/","og_locale":"es_ES","og_type":"article","og_title":"Convocadas ayudas a entidades sin \u00e1nimo de lucro para realizar proyectos formativos para el fomento de la igualdad y de los derechos LGTBI","og_url":"https:\/\/www.laguiadepamplona.com\/actualidad\/convocadas-ayudas-a-entidades-sin-animo-de-lucro-para-realizar-proyectos-formativos-para-el-fomento-de-la-igualdad-y-de-los-derechos-lgtbi\/","og_site_name":"La Gu\u00eda de Pamplona","article_publisher":"https:\/\/www.facebook.com\/laguiadepamplonacom-133175176762273\/?ref=hl","article_published_time":"2019-05-20T13:13:17+00:00","og_image":[{"width":860,"height":520,"url":"https:\/\/www.laguiadepamplona.com\/actualidad\/wp-content\/uploads\/2016\/12\/orgullo-gay-bandera-lgtb.jpg","type":"image\/jpeg"}],"author":"La Gu\u00eda de Pamplona","twitter_card":"summary_large_image","twitter_creator":"@LaGuiadPamplona","twitter_site":"@LaGuiadPamplona","twitter_misc":{"Escrito por":"La Gu\u00eda de Pamplona","Tiempo de lectura":"3 minutos"},"schema":{"@context":"https:\/\/schema.org","@graph":[{"@type":"Article","@id":"https:\/\/www.laguiadepamplona.com\/actualidad\/convocadas-ayudas-a-entidades-sin-animo-de-lucro-para-realizar-proyectos-formativos-para-el-fomento-de-la-igualdad-y-de-los-derechos-lgtbi\/#article","isPartOf":{"@id":"https:\/\/www.laguiadepamplona.com\/actualidad\/convocadas-ayudas-a-entidades-sin-animo-de-lucro-para-realizar-proyectos-formativos-para-el-fomento-de-la-igualdad-y-de-los-derechos-lgtbi\/"},"author":{"name":"La Gu\u00eda de Pamplona","@id":"https:\/\/www.laguiadepamplona.com\/actualidad\/#\/schema\/person\/efe887376f0213d4657c93adc50b1fdb"},"headline":"Convocadas ayudas a entidades sin \u00e1nimo de lucro para realizar proyectos formativos para el fomento de la igualdad y de los derechos LGTBI","datePublished":"2019-05-20T13:13:17+00:00","mainEntityOfPage":{"@id":"https:\/\/www.laguiadepamplona.com\/actualidad\/convocadas-ayudas-a-entidades-sin-animo-de-lucro-para-realizar-proyectos-formativos-para-el-fomento-de-la-igualdad-y-de-los-derechos-lgtbi\/"},"wordCount":590,"commentCount":0,"publisher":{"@id":"https:\/\/www.laguiadepamplona.com\/actualidad\/#organization"},"image":{"@id":"https:\/\/www.laguiadepamplona.com\/actualidad\/convocadas-ayudas-a-entidades-sin-animo-de-lucro-para-realizar-proyectos-formativos-para-el-fomento-de-la-igualdad-y-de-los-derechos-lgtbi\/#primaryimage"},"thumbnailUrl":"https:\/\/www.laguiadepamplona.com\/actualidad\/wp-content\/uploads\/2016\/12\/orgullo-gay-bandera-lgtb.jpg","articleSection":["Ayto Pamplona"],"inLanguage":"es","potentialAction":[{"@type":"CommentAction","name":"Comment","target":["https:\/\/www.laguiadepamplona.com\/actualidad\/convocadas-ayudas-a-entidades-sin-animo-de-lucro-para-realizar-proyectos-formativos-para-el-fomento-de-la-igualdad-y-de-los-derechos-lgtbi\/#respond"]}]},{"@type":"WebPage","@id":"https:\/\/www.laguiadepamplona.com\/actualidad\/convocadas-ayudas-a-entidades-sin-animo-de-lucro-para-realizar-proyectos-formativos-para-el-fomento-de-la-igualdad-y-de-los-derechos-lgtbi\/","url":"https:\/\/www.laguiadepamplona.com\/actualidad\/convocadas-ayudas-a-entidades-sin-animo-de-lucro-para-realizar-proyectos-formativos-para-el-fomento-de-la-igualdad-y-de-los-derechos-lgtbi\/","name":"Convocadas ayudas a entidades sin \u00e1nimo de lucro para realizar proyectos formativos para el fomento de la igualdad y de los derechos LGTBI","isPartOf":{"@id":"https:\/\/www.laguiadepamplona.com\/actualidad\/#website"},"primaryImageOfPage":{"@id":"https:\/\/www.laguiadepamplona.com\/actualidad\/convocadas-ayudas-a-entidades-sin-animo-de-lucro-para-realizar-proyectos-formativos-para-el-fomento-de-la-igualdad-y-de-los-derechos-lgtbi\/#primaryimage"},"image":{"@id":"https:\/\/www.laguiadepamplona.com\/actualidad\/convocadas-ayudas-a-entidades-sin-animo-de-lucro-para-realizar-proyectos-formativos-para-el-fomento-de-la-igualdad-y-de-los-derechos-lgtbi\/#primaryimage"},"thumbnailUrl":"https:\/\/www.laguiadepamplona.com\/actualidad\/wp-content\/uploads\/2016\/12\/orgullo-gay-bandera-lgtb.jpg","datePublished":"2019-05-20T13:13:17+00:00","breadcrumb":{"@id":"https:\/\/www.laguiadepamplona.com\/actualidad\/convocadas-ayudas-a-entidades-sin-animo-de-lucro-para-realizar-proyectos-formativos-para-el-fomento-de-la-igualdad-y-de-los-derechos-lgtbi\/#breadcrumb"},"inLanguage":"es","potentialAction":[{"@type":"ReadAction","target":["https:\/\/www.laguiadepamplona.com\/actualidad\/convocadas-ayudas-a-entidades-sin-animo-de-lucro-para-realizar-proyectos-formativos-para-el-fomento-de-la-igualdad-y-de-los-derechos-lgtbi\/"]}]},{"@type":"ImageObject","inLanguage":"es","@id":"https:\/\/www.laguiadepamplona.com\/actualidad\/convocadas-ayudas-a-entidades-sin-animo-de-lucro-para-realizar-proyectos-formativos-para-el-fomento-de-la-igualdad-y-de-los-derechos-lgtbi\/#primaryimage","url":"https:\/\/www.laguiadepamplona.com\/actualidad\/wp-content\/uploads\/2016\/12\/orgullo-gay-bandera-lgtb.jpg","contentUrl":"https:\/\/www.laguiadepamplona.com\/actualidad\/wp-content\/uploads\/2016\/12\/orgullo-gay-bandera-lgtb.jpg","width":860,"height":520,"caption":"lgtbi"},{"@type":"BreadcrumbList","@id":"https:\/\/www.laguiadepamplona.com\/actualidad\/convocadas-ayudas-a-entidades-sin-animo-de-lucro-para-realizar-proyectos-formativos-para-el-fomento-de-la-igualdad-y-de-los-derechos-lgtbi\/#breadcrumb","itemListElement":[{"@type":"ListItem","position":1,"name":"Portada","item":"https:\/\/www.laguiadepamplona.com\/actualidad\/"},{"@type":"ListItem","position":2,"name":"Convocadas ayudas a entidades sin \u00e1nimo de lucro para realizar proyectos formativos para el fomento de la igualdad y de los derechos LGTBI"}]},{"@type":"WebSite","@id":"https:\/\/www.laguiadepamplona.com\/actualidad\/#website","url":"https:\/\/www.laguiadepamplona.com\/actualidad\/","name":"La gu\u00eda de Pamplona","description":"Noticias de Pamplona","publisher":{"@id":"https:\/\/www.laguiadepamplona.com\/actualidad\/#organization"},"potentialAction":[{"@type":"SearchAction","target":{"@type":"EntryPoint","urlTemplate":"https:\/\/www.laguiadepamplona.com\/actualidad\/?s={search_term_string}"},"query-input":{"@type":"PropertyValueSpecification","valueRequired":true,"valueName":"search_term_string"}}],"inLanguage":"es"},{"@type":"Organization","@id":"https:\/\/www.laguiadepamplona.com\/actualidad\/#organization","name":"La Gu\u00eda de Pamplona \/ Noticias","url":"https:\/\/www.laguiadepamplona.com\/actualidad\/","logo":{"@type":"ImageObject","inLanguage":"es","@id":"https:\/\/www.laguiadepamplona.com\/actualidad\/#\/schema\/logo\/image\/","url":"https:\/\/www.laguiadepamplona.com\/actualidad\/wp-content\/uploads\/2018\/11\/logo-laguiadepamplona18-web1.png","contentUrl":"https:\/\/www.laguiadepamplona.com\/actualidad\/wp-content\/uploads\/2018\/11\/logo-laguiadepamplona18-web1.png","width":600,"height":196,"caption":"La Gu\u00eda de Pamplona \/ Noticias"},"image":{"@id":"https:\/\/www.laguiadepamplona.com\/actualidad\/#\/schema\/logo\/image\/"},"sameAs":["https:\/\/www.facebook.com\/laguiadepamplonacom-133175176762273\/?ref=hl","https:\/\/x.com\/LaGuiadPamplona","https:\/\/www.instagram.com\/la_guia_de_pamplona\/","https:\/\/www.youtube.com\/user\/laguiadepamplona"]},{"@type":"Person","@id":"https:\/\/www.laguiadepamplona.com\/actualidad\/#\/schema\/person\/efe887376f0213d4657c93adc50b1fdb","name":"La Gu\u00eda de Pamplona","image":{"@type":"ImageObject","inLanguage":"es","@id":"https:\/\/secure.gravatar.com\/avatar\/b6992f131dc8d30ab0dff15446e9d346d9dbd95992de0fef795073f5ea83a81c?s=96&d=mm&r=g","url":"https:\/\/secure.gravatar.com\/avatar\/b6992f131dc8d30ab0dff15446e9d346d9dbd95992de0fef795073f5ea83a81c?s=96&d=mm&r=g","contentUrl":"https:\/\/secure.gravatar.com\/avatar\/b6992f131dc8d30ab0dff15446e9d346d9dbd95992de0fef795073f5ea83a81c?s=96&d=mm&r=g","caption":"La Gu\u00eda de Pamplona"}}]}},"post_mailing_queue_ids":[],"_links":{"self":[{"href":"https:\/\/www.laguiadepamplona.com\/actualidad\/wp-json\/wp\/v2\/posts\/22255","targetHints":{"allow":["GET"]}}],"collection":[{"href":"https:\/\/www.laguiadepamplona.com\/actualidad\/wp-json\/wp\/v2\/posts"}],"about":[{"href":"https:\/\/www.laguiadepamplona.com\/actualidad\/wp-json\/wp\/v2\/types\/post"}],"author":[{"embeddable":true,"href":"https:\/\/www.laguiadepamplona.com\/actualidad\/wp-json\/wp\/v2\/users\/1"}],"replies":[{"embeddable":true,"href":"https:\/\/www.laguiadepamplona.com\/actualidad\/wp-json\/wp\/v2\/comments?post=22255"}],"version-history":[{"count":0,"href":"https:\/\/www.laguiadepamplona.com\/actualidad\/wp-json\/wp\/v2\/posts\/22255\/revisions"}],"wp:featuredmedia":[{"embeddable":true,"href":"https:\/\/www.laguiadepamplona.com\/actualidad\/wp-json\/wp\/v2\/media\/11094"}],"wp:attachment":[{"href":"https:\/\/www.laguiadepamplona.com\/actualidad\/wp-json\/wp\/v2\/media?parent=22255"}],"wp:term":[{"taxonomy":"category","embeddable":true,"href":"https:\/\/www.laguiadepamplona.com\/actualidad\/wp-json\/wp\/v2\/categories?post=22255"},{"taxonomy":"post_tag","embeddable":true,"href":"https:\/\/www.laguiadepamplona.com\/actualidad\/wp-json\/wp\/v2\/tags?post=22255"}],"curies":[{"name":"wp","href":"https:\/\/api.w.org\/{rel}","templated":true}]}}