{"id":22237,"date":"2019-05-17T17:35:37","date_gmt":"2019-05-17T15:35:37","guid":{"rendered":"https:\/\/www.laguiadepamplona.es\/actualidad\/?p=22237"},"modified":"2019-05-17T17:43:16","modified_gmt":"2019-05-17T15:43:16","slug":"el-entorno-del-lago-de-mendillorri-acogera-entre-abril-y-septiembre-actividades-de-musica-electronica-gratuitas-en-el-programa-joven-la-terraza-open-air-experience","status":"publish","type":"post","link":"https:\/\/www.laguiadepamplona.com\/actualidad\/el-entorno-del-lago-de-mendillorri-acogera-entre-abril-y-septiembre-actividades-de-musica-electronica-gratuitas-en-el-programa-joven-la-terraza-open-air-experience\/","title":{"rendered":"El entorno del Lago de Mendillorri acoger\u00e1, entre abril y septiembre, actividades de m\u00fasica electr\u00f3nica gratuitas en el programa joven \u2018La terraza. Open Air Experience\u2019"},"content":{"rendered":"<p><!--more--><\/p>\n<h3>Este s\u00e1bado entre las 16 y las 23 horas se podr\u00e1 disfrutar de una exhibici\u00f3n DJ de diferentes estilos y t\u00e9cnicas de m\u00fasica techno<\/h3>\n<p><a href=\"https:\/\/www.laguiadepamplona.es\/actualidad\/wp-content\/uploads\/2019\/05\/cartel-la-terraza-mendillorri.jpg\"><img loading=\"lazy\" decoding=\"async\" class=\"alignleft size-medium wp-image-22239\" src=\"https:\/\/www.laguiadepamplona.es\/actualidad\/wp-content\/uploads\/2019\/05\/cartel-la-terraza-mendillorri-211x300.jpg\" alt=\"\" width=\"211\" height=\"300\" srcset=\"https:\/\/www.laguiadepamplona.com\/actualidad\/wp-content\/uploads\/2019\/05\/cartel-la-terraza-mendillorri-211x300.jpg 211w, https:\/\/www.laguiadepamplona.com\/actualidad\/wp-content\/uploads\/2019\/05\/cartel-la-terraza-mendillorri-768x1092.jpg 768w, https:\/\/www.laguiadepamplona.com\/actualidad\/wp-content\/uploads\/2019\/05\/cartel-la-terraza-mendillorri-480x682.jpg 480w, https:\/\/www.laguiadepamplona.com\/actualidad\/wp-content\/uploads\/2019\/05\/cartel-la-terraza-mendillorri-640x910.jpg 640w, https:\/\/www.laguiadepamplona.com\/actualidad\/wp-content\/uploads\/2019\/05\/cartel-la-terraza-mendillorri.jpg 1124w\" sizes=\"auto, (max-width: 211px) 100vw, 211px\" \/><\/a>El patio del colegio Mendigoti, en el barrio de Mendillori, acoger\u00e1 este s\u00e1bado, a partir de las 16 horas un espect\u00e1culo de m\u00fasica electr\u00f3nica destinado a p\u00fablico joven como inicio de \u2018La terraza. Open Air Experience\u2019. Esta actividad se inscribe dentro de una programaci\u00f3n gratuita y al aire libre en el entorno del Palacio, que en esta ocasi\u00f3n se desarrollar\u00e1 en la cubierta del patio del colegio por las previsiones de lluvia. Con ella se busca generar espacios l\u00fadicos con un ocio alejado del mero consumismo y, de paso, acercar el espectro cultural de la electr\u00f3nica a la sociedad, desvincul\u00e1ndolo de conductas de riesgo para la juventud.<\/p>\n<p>El proyecto, organizado conjuntamente Bideberri y el Colectivo Open Air, ambos con larga experiencia en actividades de desarrollo comunitario en el barrio, pretende convertirse en un laboratorio de aprendizaje participativo torno a la m\u00fasica electr\u00f3nica como escuela popular al aire libre y, en paralelo, ofrecer a lo largo de los meses de mayo, junio y agosto una oferta musical atractiva para los sectores adolescentes. Mendillorri acoge en estos momentos a 1.833 menores de 18 a\u00f1os, lo que supone que esta franja de edad es el 16% de sus 11.186 vecinos.<\/p>\n<p>Contando con la de ma\u00f1ana, habr\u00e1 hasta 10 sesiones entre espect\u00e1culos, talleres, propuestas de formaci\u00f3n t\u00e9cnica y fiestas donde demostrar lo aprendido y baile. Para este s\u00e1bado est\u00e1 prevista la actuaci\u00f3n de varios DJ, que acercar\u00e1n diferentes estilos y t\u00e9cnicas de m\u00fasica electr\u00f3nica. La sesi\u00f3n se iniciar\u00e1 con la actuaci\u00f3n de los DJ invitados Roberto Mart\u00ednez y Fat Cat, que desarrollar\u00e1n una actuaci\u00f3n con los discos de vinilo como protagonistas. A continuaci\u00f3n, Jonai Rodz y B2B Ra\u00fal K., utilizando cuatro platos, realizar\u00e1n un \u201csampleo\u201d en directo (tomar una porci\u00f3n de un sonido grabado para reutilizarla posteriormente como un instrumento musical). La programaci\u00f3n se cerrar\u00e1 con The Beltran Brothers, que pinchar\u00e1n m\u00fasica m\u00e1s mel\u00f3dica, y Andr\u00e9s Tavares, con un repertorio mucho m\u00e1s techno. La programaci\u00f3n se desarrollar\u00e1 en s\u00e1bados o domingos y concluir\u00e1 el 15 de septiembre.<\/p>\n<p><script async src=\"\/\/pagead2.googlesyndication.com\/pagead\/js\/adsbygoogle.js\"><\/script><br \/>\n<!-- Noticias La Guia de Pamplona --><br \/>\n<ins class=\"adsbygoogle\"\nstyle=\"display:block\"\ndata-ad-client=\"ca-pub-6943679897239327\"\ndata-ad-slot=\"7048180777\"\ndata-ad-format=\"auto\"><\/ins><br \/>\n<script>\n(adsbygoogle = window.adsbygoogle || []).push({});\n<\/script><\/p>\n<p><strong>Una propuesta comunitaria, inclusiva e igualitaria<\/strong><\/p>\n<p>La propuesta para el barrio quiere ser abierta, plural e inclusiva, por lo que habr\u00e1 reserva de plazas para j\u00f3venes con diversidad funcional y se trabajar\u00e1 desde la perspectiva de la igualdad de g\u00e9nero. La m\u00fasica electr\u00f3nica es un g\u00e9nero musical donde prevalecen los hombres, tanto en n\u00famero de personas que la practican como en personalidades famosas referentes en este \u00e1mbito. En \u2018La terraza. Open Air Experience\u2019 se quiere dar visibilidad a la mujer, potenciando la participaci\u00f3n de mujeres en las actividades. Esta iniciativa busca, adem\u00e1s fortalecer el trabajo en red en el barrio como sistema preventivo de la juventud en situaci\u00f3n de desprotecci\u00f3n y est\u00e1 abierta a la participaci\u00f3n de diferentes colaboradores, desde el Centro Comunitario Antzara, al centro Civivox o a diferentes asociaciones y colectivos.<\/p>\n<p>La Asociaci\u00f3n Infanto \u2013 juvenil Bideberri lleva trabajando una d\u00e9cada con la infancia y adolescencia de Mendillorri dentro del Servicio de Acci\u00f3n Preventiva Comunitaria que organiza el Ayuntamiento de Pamplona. Su objetivo es preservar el bienestar de los m\u00e1s peque\u00f1os junto a la defensa activa de los derechos de la infancia ofreciendo alternativas de ocio saludables orientadas a la adquisici\u00f3n de herramientas pedag\u00f3gicas entre la poblaci\u00f3n menor de edad. \u2018Open Air Mendillorri\u2019 lleva tambi\u00e9n 10 a\u00f1os trabajando de forma comunitaria en el barrio de Mendillorri.<\/p>\n<h3><span style=\"color: #ff0000;\">\u00a0\u2018La terraza. Open Air Experience\u2019<\/span><\/h3>\n<p><span style=\"color: #ff0000;\"><strong>18 de mayo<\/strong><\/span><\/p>\n<ul>\n<li><strong>Espect\u00e1culo de m\u00fasica electr\u00f3nica en el \u2018D\u00eda de Mendillorri\u2019<\/strong><\/li>\n<\/ul>\n<p><span style=\"color: #ff0000;\"><strong>2 y 9 de junio<\/strong><\/span><\/p>\n<ul>\n<li><strong>Taller de iniciaci\u00f3n en la composici\u00f3n de m\u00fasica electr\u00f3nica y exhibici\u00f3n pr\u00e1ctica de los diferentes tipos<\/strong><\/li>\n<\/ul>\n<p><span style=\"color: #ff0000;\"><strong>23 de junio (especial San Juan); 4, 18 y 25 de julio<\/strong><\/span><\/p>\n<ul>\n<li><strong>Formaci\u00f3n t\u00e9cnica en el manejo de medios musicales, mesa de mezclas, Sound Player, Ordenadores\u2026 seguida de exhibici\u00f3n<\/strong><\/li>\n<\/ul>\n<p><span style=\"color: #ff0000;\"><strong>27 de agosto<\/strong><\/span><\/p>\n<ul>\n<li><strong>Fiesta final de verano con la exhibici\u00f3n de todos los aprendizajes realizados a lo largo de todo el proceso<\/strong><\/li>\n<\/ul>\n<p><span style=\"color: #ff0000;\"><strong>31 de agosto<\/strong><\/span><\/p>\n<ul>\n<li><strong>10\u00ba aniversario Open Air<\/strong><\/li>\n<\/ul>\n<p><span style=\"color: #ff0000;\"><strong>15 de septiembre<\/strong><\/span><\/p>\n<ul>\n<li><strong>Clausura oficial de \u2018La terraza. Open Air Experience\u2019<\/strong><\/li>\n<\/ul>\n<p>&nbsp;<\/p>\n","protected":false},"excerpt":{"rendered":"","protected":false},"author":1,"featured_media":22240,"comment_status":"open","ping_status":"closed","sticky":false,"template":"","format":"standard","meta":{"footnotes":""},"categories":[2],"tags":[],"class_list":["post-22237","post","type-post","status-publish","format-standard","has-post-thumbnail","hentry","category-ayuntamiento-pamplona"],"yoast_head":"<!-- This site is optimized with the Yoast SEO plugin v27.3 - https:\/\/yoast.com\/product\/yoast-seo-wordpress\/ -->\n<title>El entorno del Lago de Mendillorri acoger\u00e1, entre abril y septiembre, actividades de m\u00fasica electr\u00f3nica gratuitas en el programa joven \u2018La terraza. Open Air Experience\u2019<\/title>\n<meta name=\"robots\" content=\"index, follow, max-snippet:-1, max-image-preview:large, max-video-preview:-1\" \/>\n<link rel=\"canonical\" href=\"https:\/\/www.laguiadepamplona.com\/actualidad\/el-entorno-del-lago-de-mendillorri-acogera-entre-abril-y-septiembre-actividades-de-musica-electronica-gratuitas-en-el-programa-joven-la-terraza-open-air-experience\/\" \/>\n<meta property=\"og:locale\" content=\"es_ES\" \/>\n<meta property=\"og:type\" content=\"article\" \/>\n<meta property=\"og:title\" content=\"El entorno del Lago de Mendillorri acoger\u00e1, entre abril y septiembre, actividades de m\u00fasica electr\u00f3nica gratuitas en el programa joven \u2018La terraza. Open Air Experience\u2019\" \/>\n<meta property=\"og:url\" content=\"https:\/\/www.laguiadepamplona.com\/actualidad\/el-entorno-del-lago-de-mendillorri-acogera-entre-abril-y-septiembre-actividades-de-musica-electronica-gratuitas-en-el-programa-joven-la-terraza-open-air-experience\/\" \/>\n<meta property=\"og:site_name\" content=\"La Gu\u00eda de Pamplona\" \/>\n<meta property=\"article:publisher\" content=\"https:\/\/www.facebook.com\/laguiadepamplonacom-133175176762273\/?ref=hl\" \/>\n<meta property=\"article:published_time\" content=\"2019-05-17T15:35:37+00:00\" \/>\n<meta property=\"article:modified_time\" content=\"2019-05-17T15:43:16+00:00\" \/>\n<meta property=\"og:image\" content=\"https:\/\/www.laguiadepamplona.com\/actualidad\/wp-content\/uploads\/2019\/05\/cartel-la-terraza-mendillorri1.jpg\" \/>\n\t<meta property=\"og:image:width\" content=\"1124\" \/>\n\t<meta property=\"og:image:height\" content=\"506\" \/>\n\t<meta property=\"og:image:type\" content=\"image\/jpeg\" \/>\n<meta name=\"author\" content=\"La Gu\u00eda de Pamplona\" \/>\n<meta name=\"twitter:card\" content=\"summary_large_image\" \/>\n<meta name=\"twitter:creator\" content=\"@LaGuiadPamplona\" \/>\n<meta name=\"twitter:site\" content=\"@LaGuiadPamplona\" \/>\n<meta name=\"twitter:label1\" content=\"Escrito por\" \/>\n\t<meta name=\"twitter:data1\" content=\"La Gu\u00eda de Pamplona\" \/>\n\t<meta name=\"twitter:label2\" content=\"Tiempo de lectura\" \/>\n\t<meta name=\"twitter:data2\" content=\"4 minutos\" \/>\n<script type=\"application\/ld+json\" class=\"yoast-schema-graph\">{\"@context\":\"https:\\\/\\\/schema.org\",\"@graph\":[{\"@type\":\"Article\",\"@id\":\"https:\\\/\\\/www.laguiadepamplona.com\\\/actualidad\\\/el-entorno-del-lago-de-mendillorri-acogera-entre-abril-y-septiembre-actividades-de-musica-electronica-gratuitas-en-el-programa-joven-la-terraza-open-air-experience\\\/#article\",\"isPartOf\":{\"@id\":\"https:\\\/\\\/www.laguiadepamplona.com\\\/actualidad\\\/el-entorno-del-lago-de-mendillorri-acogera-entre-abril-y-septiembre-actividades-de-musica-electronica-gratuitas-en-el-programa-joven-la-terraza-open-air-experience\\\/\"},\"author\":{\"name\":\"La Gu\u00eda de Pamplona\",\"@id\":\"https:\\\/\\\/www.laguiadepamplona.com\\\/actualidad\\\/#\\\/schema\\\/person\\\/efe887376f0213d4657c93adc50b1fdb\"},\"headline\":\"El entorno del Lago de Mendillorri acoger\u00e1, entre abril y septiembre, actividades de m\u00fasica electr\u00f3nica gratuitas en el programa joven \u2018La terraza. Open Air Experience\u2019\",\"datePublished\":\"2019-05-17T15:35:37+00:00\",\"dateModified\":\"2019-05-17T15:43:16+00:00\",\"mainEntityOfPage\":{\"@id\":\"https:\\\/\\\/www.laguiadepamplona.com\\\/actualidad\\\/el-entorno-del-lago-de-mendillorri-acogera-entre-abril-y-septiembre-actividades-de-musica-electronica-gratuitas-en-el-programa-joven-la-terraza-open-air-experience\\\/\"},\"wordCount\":769,\"commentCount\":0,\"publisher\":{\"@id\":\"https:\\\/\\\/www.laguiadepamplona.com\\\/actualidad\\\/#organization\"},\"image\":{\"@id\":\"https:\\\/\\\/www.laguiadepamplona.com\\\/actualidad\\\/el-entorno-del-lago-de-mendillorri-acogera-entre-abril-y-septiembre-actividades-de-musica-electronica-gratuitas-en-el-programa-joven-la-terraza-open-air-experience\\\/#primaryimage\"},\"thumbnailUrl\":\"https:\\\/\\\/www.laguiadepamplona.com\\\/actualidad\\\/wp-content\\\/uploads\\\/2019\\\/05\\\/cartel-la-terraza-mendillorri1.jpg\",\"articleSection\":[\"Ayto Pamplona\"],\"inLanguage\":\"es\",\"potentialAction\":[{\"@type\":\"CommentAction\",\"name\":\"Comment\",\"target\":[\"https:\\\/\\\/www.laguiadepamplona.com\\\/actualidad\\\/el-entorno-del-lago-de-mendillorri-acogera-entre-abril-y-septiembre-actividades-de-musica-electronica-gratuitas-en-el-programa-joven-la-terraza-open-air-experience\\\/#respond\"]}]},{\"@type\":\"WebPage\",\"@id\":\"https:\\\/\\\/www.laguiadepamplona.com\\\/actualidad\\\/el-entorno-del-lago-de-mendillorri-acogera-entre-abril-y-septiembre-actividades-de-musica-electronica-gratuitas-en-el-programa-joven-la-terraza-open-air-experience\\\/\",\"url\":\"https:\\\/\\\/www.laguiadepamplona.com\\\/actualidad\\\/el-entorno-del-lago-de-mendillorri-acogera-entre-abril-y-septiembre-actividades-de-musica-electronica-gratuitas-en-el-programa-joven-la-terraza-open-air-experience\\\/\",\"name\":\"El entorno del Lago de Mendillorri acoger\u00e1, entre abril y septiembre, actividades de m\u00fasica electr\u00f3nica gratuitas en el programa joven \u2018La terraza. Open Air Experience\u2019\",\"isPartOf\":{\"@id\":\"https:\\\/\\\/www.laguiadepamplona.com\\\/actualidad\\\/#website\"},\"primaryImageOfPage\":{\"@id\":\"https:\\\/\\\/www.laguiadepamplona.com\\\/actualidad\\\/el-entorno-del-lago-de-mendillorri-acogera-entre-abril-y-septiembre-actividades-de-musica-electronica-gratuitas-en-el-programa-joven-la-terraza-open-air-experience\\\/#primaryimage\"},\"image\":{\"@id\":\"https:\\\/\\\/www.laguiadepamplona.com\\\/actualidad\\\/el-entorno-del-lago-de-mendillorri-acogera-entre-abril-y-septiembre-actividades-de-musica-electronica-gratuitas-en-el-programa-joven-la-terraza-open-air-experience\\\/#primaryimage\"},\"thumbnailUrl\":\"https:\\\/\\\/www.laguiadepamplona.com\\\/actualidad\\\/wp-content\\\/uploads\\\/2019\\\/05\\\/cartel-la-terraza-mendillorri1.jpg\",\"datePublished\":\"2019-05-17T15:35:37+00:00\",\"dateModified\":\"2019-05-17T15:43:16+00:00\",\"breadcrumb\":{\"@id\":\"https:\\\/\\\/www.laguiadepamplona.com\\\/actualidad\\\/el-entorno-del-lago-de-mendillorri-acogera-entre-abril-y-septiembre-actividades-de-musica-electronica-gratuitas-en-el-programa-joven-la-terraza-open-air-experience\\\/#breadcrumb\"},\"inLanguage\":\"es\",\"potentialAction\":[{\"@type\":\"ReadAction\",\"target\":[\"https:\\\/\\\/www.laguiadepamplona.com\\\/actualidad\\\/el-entorno-del-lago-de-mendillorri-acogera-entre-abril-y-septiembre-actividades-de-musica-electronica-gratuitas-en-el-programa-joven-la-terraza-open-air-experience\\\/\"]}]},{\"@type\":\"ImageObject\",\"inLanguage\":\"es\",\"@id\":\"https:\\\/\\\/www.laguiadepamplona.com\\\/actualidad\\\/el-entorno-del-lago-de-mendillorri-acogera-entre-abril-y-septiembre-actividades-de-musica-electronica-gratuitas-en-el-programa-joven-la-terraza-open-air-experience\\\/#primaryimage\",\"url\":\"https:\\\/\\\/www.laguiadepamplona.com\\\/actualidad\\\/wp-content\\\/uploads\\\/2019\\\/05\\\/cartel-la-terraza-mendillorri1.jpg\",\"contentUrl\":\"https:\\\/\\\/www.laguiadepamplona.com\\\/actualidad\\\/wp-content\\\/uploads\\\/2019\\\/05\\\/cartel-la-terraza-mendillorri1.jpg\",\"width\":1124,\"height\":506},{\"@type\":\"BreadcrumbList\",\"@id\":\"https:\\\/\\\/www.laguiadepamplona.com\\\/actualidad\\\/el-entorno-del-lago-de-mendillorri-acogera-entre-abril-y-septiembre-actividades-de-musica-electronica-gratuitas-en-el-programa-joven-la-terraza-open-air-experience\\\/#breadcrumb\",\"itemListElement\":[{\"@type\":\"ListItem\",\"position\":1,\"name\":\"Portada\",\"item\":\"https:\\\/\\\/www.laguiadepamplona.com\\\/actualidad\\\/\"},{\"@type\":\"ListItem\",\"position\":2,\"name\":\"El entorno del Lago de Mendillorri acoger\u00e1, entre abril y septiembre, actividades de m\u00fasica electr\u00f3nica gratuitas en el programa joven \u2018La terraza. Open Air Experience\u2019\"}]},{\"@type\":\"WebSite\",\"@id\":\"https:\\\/\\\/www.laguiadepamplona.com\\\/actualidad\\\/#website\",\"url\":\"https:\\\/\\\/www.laguiadepamplona.com\\\/actualidad\\\/\",\"name\":\"La gu\u00eda de Pamplona\",\"description\":\"Noticias de Pamplona\",\"publisher\":{\"@id\":\"https:\\\/\\\/www.laguiadepamplona.com\\\/actualidad\\\/#organization\"},\"potentialAction\":[{\"@type\":\"SearchAction\",\"target\":{\"@type\":\"EntryPoint\",\"urlTemplate\":\"https:\\\/\\\/www.laguiadepamplona.com\\\/actualidad\\\/?s={search_term_string}\"},\"query-input\":{\"@type\":\"PropertyValueSpecification\",\"valueRequired\":true,\"valueName\":\"search_term_string\"}}],\"inLanguage\":\"es\"},{\"@type\":\"Organization\",\"@id\":\"https:\\\/\\\/www.laguiadepamplona.com\\\/actualidad\\\/#organization\",\"name\":\"La Gu\u00eda de Pamplona \\\/ Noticias\",\"url\":\"https:\\\/\\\/www.laguiadepamplona.com\\\/actualidad\\\/\",\"logo\":{\"@type\":\"ImageObject\",\"inLanguage\":\"es\",\"@id\":\"https:\\\/\\\/www.laguiadepamplona.com\\\/actualidad\\\/#\\\/schema\\\/logo\\\/image\\\/\",\"url\":\"https:\\\/\\\/www.laguiadepamplona.com\\\/actualidad\\\/wp-content\\\/uploads\\\/2018\\\/11\\\/logo-laguiadepamplona18-web1.png\",\"contentUrl\":\"https:\\\/\\\/www.laguiadepamplona.com\\\/actualidad\\\/wp-content\\\/uploads\\\/2018\\\/11\\\/logo-laguiadepamplona18-web1.png\",\"width\":600,\"height\":196,\"caption\":\"La Gu\u00eda de Pamplona \\\/ Noticias\"},\"image\":{\"@id\":\"https:\\\/\\\/www.laguiadepamplona.com\\\/actualidad\\\/#\\\/schema\\\/logo\\\/image\\\/\"},\"sameAs\":[\"https:\\\/\\\/www.facebook.com\\\/laguiadepamplonacom-133175176762273\\\/?ref=hl\",\"https:\\\/\\\/x.com\\\/LaGuiadPamplona\",\"https:\\\/\\\/www.instagram.com\\\/la_guia_de_pamplona\\\/\",\"https:\\\/\\\/www.youtube.com\\\/user\\\/laguiadepamplona\"]},{\"@type\":\"Person\",\"@id\":\"https:\\\/\\\/www.laguiadepamplona.com\\\/actualidad\\\/#\\\/schema\\\/person\\\/efe887376f0213d4657c93adc50b1fdb\",\"name\":\"La Gu\u00eda de Pamplona\",\"image\":{\"@type\":\"ImageObject\",\"inLanguage\":\"es\",\"@id\":\"https:\\\/\\\/secure.gravatar.com\\\/avatar\\\/b6992f131dc8d30ab0dff15446e9d346d9dbd95992de0fef795073f5ea83a81c?s=96&d=mm&r=g\",\"url\":\"https:\\\/\\\/secure.gravatar.com\\\/avatar\\\/b6992f131dc8d30ab0dff15446e9d346d9dbd95992de0fef795073f5ea83a81c?s=96&d=mm&r=g\",\"contentUrl\":\"https:\\\/\\\/secure.gravatar.com\\\/avatar\\\/b6992f131dc8d30ab0dff15446e9d346d9dbd95992de0fef795073f5ea83a81c?s=96&d=mm&r=g\",\"caption\":\"La Gu\u00eda de Pamplona\"}}]}<\/script>\n<!-- \/ Yoast SEO plugin. -->","yoast_head_json":{"title":"El entorno del Lago de Mendillorri acoger\u00e1, entre abril y septiembre, actividades de m\u00fasica electr\u00f3nica gratuitas en el programa joven \u2018La terraza. Open Air Experience\u2019","robots":{"index":"index","follow":"follow","max-snippet":"max-snippet:-1","max-image-preview":"max-image-preview:large","max-video-preview":"max-video-preview:-1"},"canonical":"https:\/\/www.laguiadepamplona.com\/actualidad\/el-entorno-del-lago-de-mendillorri-acogera-entre-abril-y-septiembre-actividades-de-musica-electronica-gratuitas-en-el-programa-joven-la-terraza-open-air-experience\/","og_locale":"es_ES","og_type":"article","og_title":"El entorno del Lago de Mendillorri acoger\u00e1, entre abril y septiembre, actividades de m\u00fasica electr\u00f3nica gratuitas en el programa joven \u2018La terraza. Open Air Experience\u2019","og_url":"https:\/\/www.laguiadepamplona.com\/actualidad\/el-entorno-del-lago-de-mendillorri-acogera-entre-abril-y-septiembre-actividades-de-musica-electronica-gratuitas-en-el-programa-joven-la-terraza-open-air-experience\/","og_site_name":"La Gu\u00eda de Pamplona","article_publisher":"https:\/\/www.facebook.com\/laguiadepamplonacom-133175176762273\/?ref=hl","article_published_time":"2019-05-17T15:35:37+00:00","article_modified_time":"2019-05-17T15:43:16+00:00","og_image":[{"width":1124,"height":506,"url":"https:\/\/www.laguiadepamplona.com\/actualidad\/wp-content\/uploads\/2019\/05\/cartel-la-terraza-mendillorri1.jpg","type":"image\/jpeg"}],"author":"La Gu\u00eda de Pamplona","twitter_card":"summary_large_image","twitter_creator":"@LaGuiadPamplona","twitter_site":"@LaGuiadPamplona","twitter_misc":{"Escrito por":"La Gu\u00eda de Pamplona","Tiempo de lectura":"4 minutos"},"schema":{"@context":"https:\/\/schema.org","@graph":[{"@type":"Article","@id":"https:\/\/www.laguiadepamplona.com\/actualidad\/el-entorno-del-lago-de-mendillorri-acogera-entre-abril-y-septiembre-actividades-de-musica-electronica-gratuitas-en-el-programa-joven-la-terraza-open-air-experience\/#article","isPartOf":{"@id":"https:\/\/www.laguiadepamplona.com\/actualidad\/el-entorno-del-lago-de-mendillorri-acogera-entre-abril-y-septiembre-actividades-de-musica-electronica-gratuitas-en-el-programa-joven-la-terraza-open-air-experience\/"},"author":{"name":"La Gu\u00eda de Pamplona","@id":"https:\/\/www.laguiadepamplona.com\/actualidad\/#\/schema\/person\/efe887376f0213d4657c93adc50b1fdb"},"headline":"El entorno del Lago de Mendillorri acoger\u00e1, entre abril y septiembre, actividades de m\u00fasica electr\u00f3nica gratuitas en el programa joven \u2018La terraza. Open Air Experience\u2019","datePublished":"2019-05-17T15:35:37+00:00","dateModified":"2019-05-17T15:43:16+00:00","mainEntityOfPage":{"@id":"https:\/\/www.laguiadepamplona.com\/actualidad\/el-entorno-del-lago-de-mendillorri-acogera-entre-abril-y-septiembre-actividades-de-musica-electronica-gratuitas-en-el-programa-joven-la-terraza-open-air-experience\/"},"wordCount":769,"commentCount":0,"publisher":{"@id":"https:\/\/www.laguiadepamplona.com\/actualidad\/#organization"},"image":{"@id":"https:\/\/www.laguiadepamplona.com\/actualidad\/el-entorno-del-lago-de-mendillorri-acogera-entre-abril-y-septiembre-actividades-de-musica-electronica-gratuitas-en-el-programa-joven-la-terraza-open-air-experience\/#primaryimage"},"thumbnailUrl":"https:\/\/www.laguiadepamplona.com\/actualidad\/wp-content\/uploads\/2019\/05\/cartel-la-terraza-mendillorri1.jpg","articleSection":["Ayto Pamplona"],"inLanguage":"es","potentialAction":[{"@type":"CommentAction","name":"Comment","target":["https:\/\/www.laguiadepamplona.com\/actualidad\/el-entorno-del-lago-de-mendillorri-acogera-entre-abril-y-septiembre-actividades-de-musica-electronica-gratuitas-en-el-programa-joven-la-terraza-open-air-experience\/#respond"]}]},{"@type":"WebPage","@id":"https:\/\/www.laguiadepamplona.com\/actualidad\/el-entorno-del-lago-de-mendillorri-acogera-entre-abril-y-septiembre-actividades-de-musica-electronica-gratuitas-en-el-programa-joven-la-terraza-open-air-experience\/","url":"https:\/\/www.laguiadepamplona.com\/actualidad\/el-entorno-del-lago-de-mendillorri-acogera-entre-abril-y-septiembre-actividades-de-musica-electronica-gratuitas-en-el-programa-joven-la-terraza-open-air-experience\/","name":"El entorno del Lago de Mendillorri acoger\u00e1, entre abril y septiembre, actividades de m\u00fasica electr\u00f3nica gratuitas en el programa joven \u2018La terraza. Open Air Experience\u2019","isPartOf":{"@id":"https:\/\/www.laguiadepamplona.com\/actualidad\/#website"},"primaryImageOfPage":{"@id":"https:\/\/www.laguiadepamplona.com\/actualidad\/el-entorno-del-lago-de-mendillorri-acogera-entre-abril-y-septiembre-actividades-de-musica-electronica-gratuitas-en-el-programa-joven-la-terraza-open-air-experience\/#primaryimage"},"image":{"@id":"https:\/\/www.laguiadepamplona.com\/actualidad\/el-entorno-del-lago-de-mendillorri-acogera-entre-abril-y-septiembre-actividades-de-musica-electronica-gratuitas-en-el-programa-joven-la-terraza-open-air-experience\/#primaryimage"},"thumbnailUrl":"https:\/\/www.laguiadepamplona.com\/actualidad\/wp-content\/uploads\/2019\/05\/cartel-la-terraza-mendillorri1.jpg","datePublished":"2019-05-17T15:35:37+00:00","dateModified":"2019-05-17T15:43:16+00:00","breadcrumb":{"@id":"https:\/\/www.laguiadepamplona.com\/actualidad\/el-entorno-del-lago-de-mendillorri-acogera-entre-abril-y-septiembre-actividades-de-musica-electronica-gratuitas-en-el-programa-joven-la-terraza-open-air-experience\/#breadcrumb"},"inLanguage":"es","potentialAction":[{"@type":"ReadAction","target":["https:\/\/www.laguiadepamplona.com\/actualidad\/el-entorno-del-lago-de-mendillorri-acogera-entre-abril-y-septiembre-actividades-de-musica-electronica-gratuitas-en-el-programa-joven-la-terraza-open-air-experience\/"]}]},{"@type":"ImageObject","inLanguage":"es","@id":"https:\/\/www.laguiadepamplona.com\/actualidad\/el-entorno-del-lago-de-mendillorri-acogera-entre-abril-y-septiembre-actividades-de-musica-electronica-gratuitas-en-el-programa-joven-la-terraza-open-air-experience\/#primaryimage","url":"https:\/\/www.laguiadepamplona.com\/actualidad\/wp-content\/uploads\/2019\/05\/cartel-la-terraza-mendillorri1.jpg","contentUrl":"https:\/\/www.laguiadepamplona.com\/actualidad\/wp-content\/uploads\/2019\/05\/cartel-la-terraza-mendillorri1.jpg","width":1124,"height":506},{"@type":"BreadcrumbList","@id":"https:\/\/www.laguiadepamplona.com\/actualidad\/el-entorno-del-lago-de-mendillorri-acogera-entre-abril-y-septiembre-actividades-de-musica-electronica-gratuitas-en-el-programa-joven-la-terraza-open-air-experience\/#breadcrumb","itemListElement":[{"@type":"ListItem","position":1,"name":"Portada","item":"https:\/\/www.laguiadepamplona.com\/actualidad\/"},{"@type":"ListItem","position":2,"name":"El entorno del Lago de Mendillorri acoger\u00e1, entre abril y septiembre, actividades de m\u00fasica electr\u00f3nica gratuitas en el programa joven \u2018La terraza. Open Air Experience\u2019"}]},{"@type":"WebSite","@id":"https:\/\/www.laguiadepamplona.com\/actualidad\/#website","url":"https:\/\/www.laguiadepamplona.com\/actualidad\/","name":"La gu\u00eda de Pamplona","description":"Noticias de Pamplona","publisher":{"@id":"https:\/\/www.laguiadepamplona.com\/actualidad\/#organization"},"potentialAction":[{"@type":"SearchAction","target":{"@type":"EntryPoint","urlTemplate":"https:\/\/www.laguiadepamplona.com\/actualidad\/?s={search_term_string}"},"query-input":{"@type":"PropertyValueSpecification","valueRequired":true,"valueName":"search_term_string"}}],"inLanguage":"es"},{"@type":"Organization","@id":"https:\/\/www.laguiadepamplona.com\/actualidad\/#organization","name":"La Gu\u00eda de Pamplona \/ Noticias","url":"https:\/\/www.laguiadepamplona.com\/actualidad\/","logo":{"@type":"ImageObject","inLanguage":"es","@id":"https:\/\/www.laguiadepamplona.com\/actualidad\/#\/schema\/logo\/image\/","url":"https:\/\/www.laguiadepamplona.com\/actualidad\/wp-content\/uploads\/2018\/11\/logo-laguiadepamplona18-web1.png","contentUrl":"https:\/\/www.laguiadepamplona.com\/actualidad\/wp-content\/uploads\/2018\/11\/logo-laguiadepamplona18-web1.png","width":600,"height":196,"caption":"La Gu\u00eda de Pamplona \/ Noticias"},"image":{"@id":"https:\/\/www.laguiadepamplona.com\/actualidad\/#\/schema\/logo\/image\/"},"sameAs":["https:\/\/www.facebook.com\/laguiadepamplonacom-133175176762273\/?ref=hl","https:\/\/x.com\/LaGuiadPamplona","https:\/\/www.instagram.com\/la_guia_de_pamplona\/","https:\/\/www.youtube.com\/user\/laguiadepamplona"]},{"@type":"Person","@id":"https:\/\/www.laguiadepamplona.com\/actualidad\/#\/schema\/person\/efe887376f0213d4657c93adc50b1fdb","name":"La Gu\u00eda de Pamplona","image":{"@type":"ImageObject","inLanguage":"es","@id":"https:\/\/secure.gravatar.com\/avatar\/b6992f131dc8d30ab0dff15446e9d346d9dbd95992de0fef795073f5ea83a81c?s=96&d=mm&r=g","url":"https:\/\/secure.gravatar.com\/avatar\/b6992f131dc8d30ab0dff15446e9d346d9dbd95992de0fef795073f5ea83a81c?s=96&d=mm&r=g","contentUrl":"https:\/\/secure.gravatar.com\/avatar\/b6992f131dc8d30ab0dff15446e9d346d9dbd95992de0fef795073f5ea83a81c?s=96&d=mm&r=g","caption":"La Gu\u00eda de Pamplona"}}]}},"post_mailing_queue_ids":[],"_links":{"self":[{"href":"https:\/\/www.laguiadepamplona.com\/actualidad\/wp-json\/wp\/v2\/posts\/22237","targetHints":{"allow":["GET"]}}],"collection":[{"href":"https:\/\/www.laguiadepamplona.com\/actualidad\/wp-json\/wp\/v2\/posts"}],"about":[{"href":"https:\/\/www.laguiadepamplona.com\/actualidad\/wp-json\/wp\/v2\/types\/post"}],"author":[{"embeddable":true,"href":"https:\/\/www.laguiadepamplona.com\/actualidad\/wp-json\/wp\/v2\/users\/1"}],"replies":[{"embeddable":true,"href":"https:\/\/www.laguiadepamplona.com\/actualidad\/wp-json\/wp\/v2\/comments?post=22237"}],"version-history":[{"count":0,"href":"https:\/\/www.laguiadepamplona.com\/actualidad\/wp-json\/wp\/v2\/posts\/22237\/revisions"}],"wp:featuredmedia":[{"embeddable":true,"href":"https:\/\/www.laguiadepamplona.com\/actualidad\/wp-json\/wp\/v2\/media\/22240"}],"wp:attachment":[{"href":"https:\/\/www.laguiadepamplona.com\/actualidad\/wp-json\/wp\/v2\/media?parent=22237"}],"wp:term":[{"taxonomy":"category","embeddable":true,"href":"https:\/\/www.laguiadepamplona.com\/actualidad\/wp-json\/wp\/v2\/categories?post=22237"},{"taxonomy":"post_tag","embeddable":true,"href":"https:\/\/www.laguiadepamplona.com\/actualidad\/wp-json\/wp\/v2\/tags?post=22237"}],"curies":[{"name":"wp","href":"https:\/\/api.w.org\/{rel}","templated":true}]}}