{"id":22233,"date":"2019-05-17T17:32:13","date_gmt":"2019-05-17T15:32:13","guid":{"rendered":"https:\/\/www.laguiadepamplona.es\/actualidad\/?p=22233"},"modified":"2019-05-17T17:43:33","modified_gmt":"2019-05-17T15:43:33","slug":"historia-de-navarra-para-ninos-la-nueva-obra-de-la-escritora-y-periodista-begona-pro-se-presenta-este-lunes-en-la-biblioteca-publica-de-san-jorge","status":"publish","type":"post","link":"https:\/\/www.laguiadepamplona.com\/actualidad\/historia-de-navarra-para-ninos-la-nueva-obra-de-la-escritora-y-periodista-begona-pro-se-presenta-este-lunes-en-la-biblioteca-publica-de-san-jorge\/","title":{"rendered":"\u2018Historia de Navarra para ni\u00f1os\u2019, la nueva obra de la escritora y periodista Bego\u00f1a Pro, se presenta este lunes en la Biblioteca P\u00fablica de San Jorge"},"content":{"rendered":"<p><!--more--><\/p>\n<h3>La presentaci\u00f3n y el encuentro con los lectores tendr\u00e1 lugar el 20 de mayo, a las 18 horas, con entrada libre<\/h3>\n<p><a href=\"https:\/\/www.laguiadepamplona.es\/actualidad\/wp-content\/uploads\/2019\/05\/historia-navarra-ninos1.jpg\"><img loading=\"lazy\" decoding=\"async\" class=\"alignleft size-medium wp-image-22244\" src=\"https:\/\/www.laguiadepamplona.es\/actualidad\/wp-content\/uploads\/2019\/05\/historia-navarra-ninos1-207x300.jpg\" alt=\"\" width=\"207\" height=\"300\" srcset=\"https:\/\/www.laguiadepamplona.com\/actualidad\/wp-content\/uploads\/2019\/05\/historia-navarra-ninos1-207x300.jpg 207w, https:\/\/www.laguiadepamplona.com\/actualidad\/wp-content\/uploads\/2019\/05\/historia-navarra-ninos1-768x1113.jpg 768w, https:\/\/www.laguiadepamplona.com\/actualidad\/wp-content\/uploads\/2019\/05\/historia-navarra-ninos1-471x682.jpg 471w, https:\/\/www.laguiadepamplona.com\/actualidad\/wp-content\/uploads\/2019\/05\/historia-navarra-ninos1-640x928.jpg 640w, https:\/\/www.laguiadepamplona.com\/actualidad\/wp-content\/uploads\/2019\/05\/historia-navarra-ninos1.jpg 1035w\" sizes=\"auto, (max-width: 207px) 100vw, 207px\" \/><\/a>Este pr\u00f3ximo lunes, a las 18 horas, la escritora y periodista Bego\u00f1a Pro presentar\u00e1 en la Biblioteca P\u00fablica de San Jorge \u2018Historia de Navarra para ni\u00f1os\u2019 (2019, editorial Almuzara), una obra divulgativa y de acercamiento. Es la primera oportunidad en la que el p\u00fablico podr\u00e1 encontrarse con la autora para hablar de su nueva obra.<\/p>\n<p>El enfoque del libro es un esfuerzo did\u00e1ctico de la escritora, apoyada en las ilustraciones de Ernesto Lovera, para poner a disposici\u00f3n de los m\u00e1s peque\u00f1os la historia de Navarra, sus personajes m\u00e1s se\u00f1eros y algunos acontecimientos cuya relevancia quiere poner en valor. Se trata, asimismo, de hacer hincapi\u00e9 en el legado de patrimonio cultural que fe dejando como poso el paso de los siglos. En el libro aparecen personajes como I\u00f1igo Arista, considerado el primer rey de Pamplona; San Esteban de Deyo o Pablo Sarasate y Juli\u00e1n Gayarre; espacios como el Palacio Real de Olite; el Castillo de Marcilla, la Ciudadela de Pamplona y la Puerta del Socorro. Tambi\u00e9n tradiciones como las Javieradas o historias vivas como las que representan las cuevas de Zugarramurdi o el Monumento a los Fueros.<\/p>\n<p><script async src=\"\/\/pagead2.googlesyndication.com\/pagead\/js\/adsbygoogle.js\"><\/script><br \/>\n<!-- Noticias La Guia de Pamplona --><br \/>\n<ins class=\"adsbygoogle\"\nstyle=\"display:block\"\ndata-ad-client=\"ca-pub-6943679897239327\"\ndata-ad-slot=\"7048180777\"\ndata-ad-format=\"auto\"><\/ins><br \/>\n<script>\n(adsbygoogle = window.adsbygoogle || []).push({});\n<\/script><\/p>\n<p>Miembro de la Asociaci\u00f3n Navarra de escritores, esta es la rese\u00f1a biogr\u00e1fica que mantienen en su web: \u201cNacida en Pamplona, el 16 de julio de 1971. Est\u00e1 licenciada en Ciencias de la Informaci\u00f3n. Apasionada del Medievo y de las novelas del g\u00e9nero fant\u00e1stico. Escribe novela hist\u00f3rica y relatos cortos. Ha publicado una tetralog\u00eda ambientada en Navarra durante los a\u00f1os 1177 a 1220, que lleva por t\u00edtulo La chanson de los Infanzones. Se compone de los t\u00edtulos: \u2018El anillo del leal\u2019, \u2018La dama del velo y el laurel\u2019, \u2018Las cadenas del reino\u2019 y \u2018Las cartas codificadas\u2019.<\/p>\n<p>Tambi\u00e9n ha publicado un libro de relatos cortos: La trovera del Runa. Su relato \u2018Roncal el Salteador\u2019 fue incluido en el libro Antolog\u00eda. Narrativa vasca actual II. Y el titulado Jaque a Navarra, en el libro 24 relatos navarros. Ha ganado el I Certamen Internacional de Cuentos del Castillo, Castrum Fidelis, de Casteldefells con Pirata vos, pirata ella, y el II Certamen Walskium de microrrelato de Terror y Fant\u00e1stico con \u2018Las fauces de hielo\u2019. Blog: preferenciacubierta.blogspot.com\u201d.<\/p>\n<p>Adem\u00e1s de su trayectoria como autora literaria, Pro ha trabajado como periodista en Diario de Navarra y en la Oficina Internacional de Prensa de San Ferm\u00edn. Como dise\u00f1adora ha compaginado la ense\u00f1anza, con la maquetaci\u00f3n de revistas y libros.<\/p>\n","protected":false},"excerpt":{"rendered":"","protected":false},"author":1,"featured_media":22243,"comment_status":"open","ping_status":"closed","sticky":false,"template":"","format":"standard","meta":{"footnotes":""},"categories":[2],"tags":[],"class_list":["post-22233","post","type-post","status-publish","format-standard","has-post-thumbnail","hentry","category-ayuntamiento-pamplona"],"yoast_head":"<!-- This site is optimized with the Yoast SEO plugin v27.3 - https:\/\/yoast.com\/product\/yoast-seo-wordpress\/ -->\n<title>\u2018Historia de Navarra para ni\u00f1os\u2019, la nueva obra de la escritora y periodista Bego\u00f1a Pro, se presenta este lunes en la Biblioteca P\u00fablica de San Jorge<\/title>\n<meta name=\"robots\" content=\"index, follow, max-snippet:-1, max-image-preview:large, max-video-preview:-1\" \/>\n<link rel=\"canonical\" href=\"https:\/\/www.laguiadepamplona.com\/actualidad\/historia-de-navarra-para-ninos-la-nueva-obra-de-la-escritora-y-periodista-begona-pro-se-presenta-este-lunes-en-la-biblioteca-publica-de-san-jorge\/\" \/>\n<meta property=\"og:locale\" content=\"es_ES\" \/>\n<meta property=\"og:type\" content=\"article\" \/>\n<meta property=\"og:title\" content=\"\u2018Historia de Navarra para ni\u00f1os\u2019, la nueva obra de la escritora y periodista Bego\u00f1a Pro, se presenta este lunes en la Biblioteca P\u00fablica de San Jorge\" \/>\n<meta property=\"og:url\" content=\"https:\/\/www.laguiadepamplona.com\/actualidad\/historia-de-navarra-para-ninos-la-nueva-obra-de-la-escritora-y-periodista-begona-pro-se-presenta-este-lunes-en-la-biblioteca-publica-de-san-jorge\/\" \/>\n<meta property=\"og:site_name\" content=\"La Gu\u00eda de Pamplona\" \/>\n<meta property=\"article:publisher\" content=\"https:\/\/www.facebook.com\/laguiadepamplonacom-133175176762273\/?ref=hl\" \/>\n<meta property=\"article:published_time\" content=\"2019-05-17T15:32:13+00:00\" \/>\n<meta property=\"article:modified_time\" content=\"2019-05-17T15:43:33+00:00\" \/>\n<meta property=\"og:image\" content=\"https:\/\/www.laguiadepamplona.com\/actualidad\/wp-content\/uploads\/2019\/05\/historia-navarra-ninos.jpg\" \/>\n\t<meta property=\"og:image:width\" content=\"1772\" \/>\n\t<meta property=\"og:image:height\" content=\"774\" \/>\n\t<meta property=\"og:image:type\" content=\"image\/jpeg\" \/>\n<meta name=\"author\" content=\"La Gu\u00eda de Pamplona\" \/>\n<meta name=\"twitter:card\" content=\"summary_large_image\" \/>\n<meta name=\"twitter:creator\" content=\"@LaGuiadPamplona\" \/>\n<meta name=\"twitter:site\" content=\"@LaGuiadPamplona\" \/>\n<meta name=\"twitter:label1\" content=\"Escrito por\" \/>\n\t<meta name=\"twitter:data1\" content=\"La Gu\u00eda de Pamplona\" \/>\n\t<meta name=\"twitter:label2\" content=\"Tiempo de lectura\" \/>\n\t<meta name=\"twitter:data2\" content=\"2 minutos\" \/>\n<script type=\"application\/ld+json\" class=\"yoast-schema-graph\">{\"@context\":\"https:\\\/\\\/schema.org\",\"@graph\":[{\"@type\":\"Article\",\"@id\":\"https:\\\/\\\/www.laguiadepamplona.com\\\/actualidad\\\/historia-de-navarra-para-ninos-la-nueva-obra-de-la-escritora-y-periodista-begona-pro-se-presenta-este-lunes-en-la-biblioteca-publica-de-san-jorge\\\/#article\",\"isPartOf\":{\"@id\":\"https:\\\/\\\/www.laguiadepamplona.com\\\/actualidad\\\/historia-de-navarra-para-ninos-la-nueva-obra-de-la-escritora-y-periodista-begona-pro-se-presenta-este-lunes-en-la-biblioteca-publica-de-san-jorge\\\/\"},\"author\":{\"name\":\"La Gu\u00eda de Pamplona\",\"@id\":\"https:\\\/\\\/www.laguiadepamplona.com\\\/actualidad\\\/#\\\/schema\\\/person\\\/efe887376f0213d4657c93adc50b1fdb\"},\"headline\":\"\u2018Historia de Navarra para ni\u00f1os\u2019, la nueva obra de la escritora y periodista Bego\u00f1a Pro, se presenta este lunes en la Biblioteca P\u00fablica de San Jorge\",\"datePublished\":\"2019-05-17T15:32:13+00:00\",\"dateModified\":\"2019-05-17T15:43:33+00:00\",\"mainEntityOfPage\":{\"@id\":\"https:\\\/\\\/www.laguiadepamplona.com\\\/actualidad\\\/historia-de-navarra-para-ninos-la-nueva-obra-de-la-escritora-y-periodista-begona-pro-se-presenta-este-lunes-en-la-biblioteca-publica-de-san-jorge\\\/\"},\"wordCount\":473,\"commentCount\":0,\"publisher\":{\"@id\":\"https:\\\/\\\/www.laguiadepamplona.com\\\/actualidad\\\/#organization\"},\"image\":{\"@id\":\"https:\\\/\\\/www.laguiadepamplona.com\\\/actualidad\\\/historia-de-navarra-para-ninos-la-nueva-obra-de-la-escritora-y-periodista-begona-pro-se-presenta-este-lunes-en-la-biblioteca-publica-de-san-jorge\\\/#primaryimage\"},\"thumbnailUrl\":\"https:\\\/\\\/www.laguiadepamplona.com\\\/actualidad\\\/wp-content\\\/uploads\\\/2019\\\/05\\\/historia-navarra-ninos.jpg\",\"articleSection\":[\"Ayto Pamplona\"],\"inLanguage\":\"es\",\"potentialAction\":[{\"@type\":\"CommentAction\",\"name\":\"Comment\",\"target\":[\"https:\\\/\\\/www.laguiadepamplona.com\\\/actualidad\\\/historia-de-navarra-para-ninos-la-nueva-obra-de-la-escritora-y-periodista-begona-pro-se-presenta-este-lunes-en-la-biblioteca-publica-de-san-jorge\\\/#respond\"]}]},{\"@type\":\"WebPage\",\"@id\":\"https:\\\/\\\/www.laguiadepamplona.com\\\/actualidad\\\/historia-de-navarra-para-ninos-la-nueva-obra-de-la-escritora-y-periodista-begona-pro-se-presenta-este-lunes-en-la-biblioteca-publica-de-san-jorge\\\/\",\"url\":\"https:\\\/\\\/www.laguiadepamplona.com\\\/actualidad\\\/historia-de-navarra-para-ninos-la-nueva-obra-de-la-escritora-y-periodista-begona-pro-se-presenta-este-lunes-en-la-biblioteca-publica-de-san-jorge\\\/\",\"name\":\"\u2018Historia de Navarra para ni\u00f1os\u2019, la nueva obra de la escritora y periodista Bego\u00f1a Pro, se presenta este lunes en la Biblioteca P\u00fablica de San Jorge\",\"isPartOf\":{\"@id\":\"https:\\\/\\\/www.laguiadepamplona.com\\\/actualidad\\\/#website\"},\"primaryImageOfPage\":{\"@id\":\"https:\\\/\\\/www.laguiadepamplona.com\\\/actualidad\\\/historia-de-navarra-para-ninos-la-nueva-obra-de-la-escritora-y-periodista-begona-pro-se-presenta-este-lunes-en-la-biblioteca-publica-de-san-jorge\\\/#primaryimage\"},\"image\":{\"@id\":\"https:\\\/\\\/www.laguiadepamplona.com\\\/actualidad\\\/historia-de-navarra-para-ninos-la-nueva-obra-de-la-escritora-y-periodista-begona-pro-se-presenta-este-lunes-en-la-biblioteca-publica-de-san-jorge\\\/#primaryimage\"},\"thumbnailUrl\":\"https:\\\/\\\/www.laguiadepamplona.com\\\/actualidad\\\/wp-content\\\/uploads\\\/2019\\\/05\\\/historia-navarra-ninos.jpg\",\"datePublished\":\"2019-05-17T15:32:13+00:00\",\"dateModified\":\"2019-05-17T15:43:33+00:00\",\"breadcrumb\":{\"@id\":\"https:\\\/\\\/www.laguiadepamplona.com\\\/actualidad\\\/historia-de-navarra-para-ninos-la-nueva-obra-de-la-escritora-y-periodista-begona-pro-se-presenta-este-lunes-en-la-biblioteca-publica-de-san-jorge\\\/#breadcrumb\"},\"inLanguage\":\"es\",\"potentialAction\":[{\"@type\":\"ReadAction\",\"target\":[\"https:\\\/\\\/www.laguiadepamplona.com\\\/actualidad\\\/historia-de-navarra-para-ninos-la-nueva-obra-de-la-escritora-y-periodista-begona-pro-se-presenta-este-lunes-en-la-biblioteca-publica-de-san-jorge\\\/\"]}]},{\"@type\":\"ImageObject\",\"inLanguage\":\"es\",\"@id\":\"https:\\\/\\\/www.laguiadepamplona.com\\\/actualidad\\\/historia-de-navarra-para-ninos-la-nueva-obra-de-la-escritora-y-periodista-begona-pro-se-presenta-este-lunes-en-la-biblioteca-publica-de-san-jorge\\\/#primaryimage\",\"url\":\"https:\\\/\\\/www.laguiadepamplona.com\\\/actualidad\\\/wp-content\\\/uploads\\\/2019\\\/05\\\/historia-navarra-ninos.jpg\",\"contentUrl\":\"https:\\\/\\\/www.laguiadepamplona.com\\\/actualidad\\\/wp-content\\\/uploads\\\/2019\\\/05\\\/historia-navarra-ninos.jpg\",\"width\":1772,\"height\":774},{\"@type\":\"BreadcrumbList\",\"@id\":\"https:\\\/\\\/www.laguiadepamplona.com\\\/actualidad\\\/historia-de-navarra-para-ninos-la-nueva-obra-de-la-escritora-y-periodista-begona-pro-se-presenta-este-lunes-en-la-biblioteca-publica-de-san-jorge\\\/#breadcrumb\",\"itemListElement\":[{\"@type\":\"ListItem\",\"position\":1,\"name\":\"Portada\",\"item\":\"https:\\\/\\\/www.laguiadepamplona.com\\\/actualidad\\\/\"},{\"@type\":\"ListItem\",\"position\":2,\"name\":\"\u2018Historia de Navarra para ni\u00f1os\u2019, la nueva obra de la escritora y periodista Bego\u00f1a Pro, se presenta este lunes en la Biblioteca P\u00fablica de San Jorge\"}]},{\"@type\":\"WebSite\",\"@id\":\"https:\\\/\\\/www.laguiadepamplona.com\\\/actualidad\\\/#website\",\"url\":\"https:\\\/\\\/www.laguiadepamplona.com\\\/actualidad\\\/\",\"name\":\"La gu\u00eda de Pamplona\",\"description\":\"Noticias de Pamplona\",\"publisher\":{\"@id\":\"https:\\\/\\\/www.laguiadepamplona.com\\\/actualidad\\\/#organization\"},\"potentialAction\":[{\"@type\":\"SearchAction\",\"target\":{\"@type\":\"EntryPoint\",\"urlTemplate\":\"https:\\\/\\\/www.laguiadepamplona.com\\\/actualidad\\\/?s={search_term_string}\"},\"query-input\":{\"@type\":\"PropertyValueSpecification\",\"valueRequired\":true,\"valueName\":\"search_term_string\"}}],\"inLanguage\":\"es\"},{\"@type\":\"Organization\",\"@id\":\"https:\\\/\\\/www.laguiadepamplona.com\\\/actualidad\\\/#organization\",\"name\":\"La Gu\u00eda de Pamplona \\\/ Noticias\",\"url\":\"https:\\\/\\\/www.laguiadepamplona.com\\\/actualidad\\\/\",\"logo\":{\"@type\":\"ImageObject\",\"inLanguage\":\"es\",\"@id\":\"https:\\\/\\\/www.laguiadepamplona.com\\\/actualidad\\\/#\\\/schema\\\/logo\\\/image\\\/\",\"url\":\"https:\\\/\\\/www.laguiadepamplona.com\\\/actualidad\\\/wp-content\\\/uploads\\\/2018\\\/11\\\/logo-laguiadepamplona18-web1.png\",\"contentUrl\":\"https:\\\/\\\/www.laguiadepamplona.com\\\/actualidad\\\/wp-content\\\/uploads\\\/2018\\\/11\\\/logo-laguiadepamplona18-web1.png\",\"width\":600,\"height\":196,\"caption\":\"La Gu\u00eda de Pamplona \\\/ Noticias\"},\"image\":{\"@id\":\"https:\\\/\\\/www.laguiadepamplona.com\\\/actualidad\\\/#\\\/schema\\\/logo\\\/image\\\/\"},\"sameAs\":[\"https:\\\/\\\/www.facebook.com\\\/laguiadepamplonacom-133175176762273\\\/?ref=hl\",\"https:\\\/\\\/x.com\\\/LaGuiadPamplona\",\"https:\\\/\\\/www.instagram.com\\\/la_guia_de_pamplona\\\/\",\"https:\\\/\\\/www.youtube.com\\\/user\\\/laguiadepamplona\"]},{\"@type\":\"Person\",\"@id\":\"https:\\\/\\\/www.laguiadepamplona.com\\\/actualidad\\\/#\\\/schema\\\/person\\\/efe887376f0213d4657c93adc50b1fdb\",\"name\":\"La Gu\u00eda de Pamplona\",\"image\":{\"@type\":\"ImageObject\",\"inLanguage\":\"es\",\"@id\":\"https:\\\/\\\/secure.gravatar.com\\\/avatar\\\/b6992f131dc8d30ab0dff15446e9d346d9dbd95992de0fef795073f5ea83a81c?s=96&d=mm&r=g\",\"url\":\"https:\\\/\\\/secure.gravatar.com\\\/avatar\\\/b6992f131dc8d30ab0dff15446e9d346d9dbd95992de0fef795073f5ea83a81c?s=96&d=mm&r=g\",\"contentUrl\":\"https:\\\/\\\/secure.gravatar.com\\\/avatar\\\/b6992f131dc8d30ab0dff15446e9d346d9dbd95992de0fef795073f5ea83a81c?s=96&d=mm&r=g\",\"caption\":\"La Gu\u00eda de Pamplona\"}}]}<\/script>\n<!-- \/ Yoast SEO plugin. -->","yoast_head_json":{"title":"\u2018Historia de Navarra para ni\u00f1os\u2019, la nueva obra de la escritora y periodista Bego\u00f1a Pro, se presenta este lunes en la Biblioteca P\u00fablica de San Jorge","robots":{"index":"index","follow":"follow","max-snippet":"max-snippet:-1","max-image-preview":"max-image-preview:large","max-video-preview":"max-video-preview:-1"},"canonical":"https:\/\/www.laguiadepamplona.com\/actualidad\/historia-de-navarra-para-ninos-la-nueva-obra-de-la-escritora-y-periodista-begona-pro-se-presenta-este-lunes-en-la-biblioteca-publica-de-san-jorge\/","og_locale":"es_ES","og_type":"article","og_title":"\u2018Historia de Navarra para ni\u00f1os\u2019, la nueva obra de la escritora y periodista Bego\u00f1a Pro, se presenta este lunes en la Biblioteca P\u00fablica de San Jorge","og_url":"https:\/\/www.laguiadepamplona.com\/actualidad\/historia-de-navarra-para-ninos-la-nueva-obra-de-la-escritora-y-periodista-begona-pro-se-presenta-este-lunes-en-la-biblioteca-publica-de-san-jorge\/","og_site_name":"La Gu\u00eda de Pamplona","article_publisher":"https:\/\/www.facebook.com\/laguiadepamplonacom-133175176762273\/?ref=hl","article_published_time":"2019-05-17T15:32:13+00:00","article_modified_time":"2019-05-17T15:43:33+00:00","og_image":[{"width":1772,"height":774,"url":"https:\/\/www.laguiadepamplona.com\/actualidad\/wp-content\/uploads\/2019\/05\/historia-navarra-ninos.jpg","type":"image\/jpeg"}],"author":"La Gu\u00eda de Pamplona","twitter_card":"summary_large_image","twitter_creator":"@LaGuiadPamplona","twitter_site":"@LaGuiadPamplona","twitter_misc":{"Escrito por":"La Gu\u00eda de Pamplona","Tiempo de lectura":"2 minutos"},"schema":{"@context":"https:\/\/schema.org","@graph":[{"@type":"Article","@id":"https:\/\/www.laguiadepamplona.com\/actualidad\/historia-de-navarra-para-ninos-la-nueva-obra-de-la-escritora-y-periodista-begona-pro-se-presenta-este-lunes-en-la-biblioteca-publica-de-san-jorge\/#article","isPartOf":{"@id":"https:\/\/www.laguiadepamplona.com\/actualidad\/historia-de-navarra-para-ninos-la-nueva-obra-de-la-escritora-y-periodista-begona-pro-se-presenta-este-lunes-en-la-biblioteca-publica-de-san-jorge\/"},"author":{"name":"La Gu\u00eda de Pamplona","@id":"https:\/\/www.laguiadepamplona.com\/actualidad\/#\/schema\/person\/efe887376f0213d4657c93adc50b1fdb"},"headline":"\u2018Historia de Navarra para ni\u00f1os\u2019, la nueva obra de la escritora y periodista Bego\u00f1a Pro, se presenta este lunes en la Biblioteca P\u00fablica de San Jorge","datePublished":"2019-05-17T15:32:13+00:00","dateModified":"2019-05-17T15:43:33+00:00","mainEntityOfPage":{"@id":"https:\/\/www.laguiadepamplona.com\/actualidad\/historia-de-navarra-para-ninos-la-nueva-obra-de-la-escritora-y-periodista-begona-pro-se-presenta-este-lunes-en-la-biblioteca-publica-de-san-jorge\/"},"wordCount":473,"commentCount":0,"publisher":{"@id":"https:\/\/www.laguiadepamplona.com\/actualidad\/#organization"},"image":{"@id":"https:\/\/www.laguiadepamplona.com\/actualidad\/historia-de-navarra-para-ninos-la-nueva-obra-de-la-escritora-y-periodista-begona-pro-se-presenta-este-lunes-en-la-biblioteca-publica-de-san-jorge\/#primaryimage"},"thumbnailUrl":"https:\/\/www.laguiadepamplona.com\/actualidad\/wp-content\/uploads\/2019\/05\/historia-navarra-ninos.jpg","articleSection":["Ayto Pamplona"],"inLanguage":"es","potentialAction":[{"@type":"CommentAction","name":"Comment","target":["https:\/\/www.laguiadepamplona.com\/actualidad\/historia-de-navarra-para-ninos-la-nueva-obra-de-la-escritora-y-periodista-begona-pro-se-presenta-este-lunes-en-la-biblioteca-publica-de-san-jorge\/#respond"]}]},{"@type":"WebPage","@id":"https:\/\/www.laguiadepamplona.com\/actualidad\/historia-de-navarra-para-ninos-la-nueva-obra-de-la-escritora-y-periodista-begona-pro-se-presenta-este-lunes-en-la-biblioteca-publica-de-san-jorge\/","url":"https:\/\/www.laguiadepamplona.com\/actualidad\/historia-de-navarra-para-ninos-la-nueva-obra-de-la-escritora-y-periodista-begona-pro-se-presenta-este-lunes-en-la-biblioteca-publica-de-san-jorge\/","name":"\u2018Historia de Navarra para ni\u00f1os\u2019, la nueva obra de la escritora y periodista Bego\u00f1a Pro, se presenta este lunes en la Biblioteca P\u00fablica de San Jorge","isPartOf":{"@id":"https:\/\/www.laguiadepamplona.com\/actualidad\/#website"},"primaryImageOfPage":{"@id":"https:\/\/www.laguiadepamplona.com\/actualidad\/historia-de-navarra-para-ninos-la-nueva-obra-de-la-escritora-y-periodista-begona-pro-se-presenta-este-lunes-en-la-biblioteca-publica-de-san-jorge\/#primaryimage"},"image":{"@id":"https:\/\/www.laguiadepamplona.com\/actualidad\/historia-de-navarra-para-ninos-la-nueva-obra-de-la-escritora-y-periodista-begona-pro-se-presenta-este-lunes-en-la-biblioteca-publica-de-san-jorge\/#primaryimage"},"thumbnailUrl":"https:\/\/www.laguiadepamplona.com\/actualidad\/wp-content\/uploads\/2019\/05\/historia-navarra-ninos.jpg","datePublished":"2019-05-17T15:32:13+00:00","dateModified":"2019-05-17T15:43:33+00:00","breadcrumb":{"@id":"https:\/\/www.laguiadepamplona.com\/actualidad\/historia-de-navarra-para-ninos-la-nueva-obra-de-la-escritora-y-periodista-begona-pro-se-presenta-este-lunes-en-la-biblioteca-publica-de-san-jorge\/#breadcrumb"},"inLanguage":"es","potentialAction":[{"@type":"ReadAction","target":["https:\/\/www.laguiadepamplona.com\/actualidad\/historia-de-navarra-para-ninos-la-nueva-obra-de-la-escritora-y-periodista-begona-pro-se-presenta-este-lunes-en-la-biblioteca-publica-de-san-jorge\/"]}]},{"@type":"ImageObject","inLanguage":"es","@id":"https:\/\/www.laguiadepamplona.com\/actualidad\/historia-de-navarra-para-ninos-la-nueva-obra-de-la-escritora-y-periodista-begona-pro-se-presenta-este-lunes-en-la-biblioteca-publica-de-san-jorge\/#primaryimage","url":"https:\/\/www.laguiadepamplona.com\/actualidad\/wp-content\/uploads\/2019\/05\/historia-navarra-ninos.jpg","contentUrl":"https:\/\/www.laguiadepamplona.com\/actualidad\/wp-content\/uploads\/2019\/05\/historia-navarra-ninos.jpg","width":1772,"height":774},{"@type":"BreadcrumbList","@id":"https:\/\/www.laguiadepamplona.com\/actualidad\/historia-de-navarra-para-ninos-la-nueva-obra-de-la-escritora-y-periodista-begona-pro-se-presenta-este-lunes-en-la-biblioteca-publica-de-san-jorge\/#breadcrumb","itemListElement":[{"@type":"ListItem","position":1,"name":"Portada","item":"https:\/\/www.laguiadepamplona.com\/actualidad\/"},{"@type":"ListItem","position":2,"name":"\u2018Historia de Navarra para ni\u00f1os\u2019, la nueva obra de la escritora y periodista Bego\u00f1a Pro, se presenta este lunes en la Biblioteca P\u00fablica de San Jorge"}]},{"@type":"WebSite","@id":"https:\/\/www.laguiadepamplona.com\/actualidad\/#website","url":"https:\/\/www.laguiadepamplona.com\/actualidad\/","name":"La gu\u00eda de Pamplona","description":"Noticias de Pamplona","publisher":{"@id":"https:\/\/www.laguiadepamplona.com\/actualidad\/#organization"},"potentialAction":[{"@type":"SearchAction","target":{"@type":"EntryPoint","urlTemplate":"https:\/\/www.laguiadepamplona.com\/actualidad\/?s={search_term_string}"},"query-input":{"@type":"PropertyValueSpecification","valueRequired":true,"valueName":"search_term_string"}}],"inLanguage":"es"},{"@type":"Organization","@id":"https:\/\/www.laguiadepamplona.com\/actualidad\/#organization","name":"La Gu\u00eda de Pamplona \/ Noticias","url":"https:\/\/www.laguiadepamplona.com\/actualidad\/","logo":{"@type":"ImageObject","inLanguage":"es","@id":"https:\/\/www.laguiadepamplona.com\/actualidad\/#\/schema\/logo\/image\/","url":"https:\/\/www.laguiadepamplona.com\/actualidad\/wp-content\/uploads\/2018\/11\/logo-laguiadepamplona18-web1.png","contentUrl":"https:\/\/www.laguiadepamplona.com\/actualidad\/wp-content\/uploads\/2018\/11\/logo-laguiadepamplona18-web1.png","width":600,"height":196,"caption":"La Gu\u00eda de Pamplona \/ Noticias"},"image":{"@id":"https:\/\/www.laguiadepamplona.com\/actualidad\/#\/schema\/logo\/image\/"},"sameAs":["https:\/\/www.facebook.com\/laguiadepamplonacom-133175176762273\/?ref=hl","https:\/\/x.com\/LaGuiadPamplona","https:\/\/www.instagram.com\/la_guia_de_pamplona\/","https:\/\/www.youtube.com\/user\/laguiadepamplona"]},{"@type":"Person","@id":"https:\/\/www.laguiadepamplona.com\/actualidad\/#\/schema\/person\/efe887376f0213d4657c93adc50b1fdb","name":"La Gu\u00eda de Pamplona","image":{"@type":"ImageObject","inLanguage":"es","@id":"https:\/\/secure.gravatar.com\/avatar\/b6992f131dc8d30ab0dff15446e9d346d9dbd95992de0fef795073f5ea83a81c?s=96&d=mm&r=g","url":"https:\/\/secure.gravatar.com\/avatar\/b6992f131dc8d30ab0dff15446e9d346d9dbd95992de0fef795073f5ea83a81c?s=96&d=mm&r=g","contentUrl":"https:\/\/secure.gravatar.com\/avatar\/b6992f131dc8d30ab0dff15446e9d346d9dbd95992de0fef795073f5ea83a81c?s=96&d=mm&r=g","caption":"La Gu\u00eda de Pamplona"}}]}},"post_mailing_queue_ids":[],"_links":{"self":[{"href":"https:\/\/www.laguiadepamplona.com\/actualidad\/wp-json\/wp\/v2\/posts\/22233","targetHints":{"allow":["GET"]}}],"collection":[{"href":"https:\/\/www.laguiadepamplona.com\/actualidad\/wp-json\/wp\/v2\/posts"}],"about":[{"href":"https:\/\/www.laguiadepamplona.com\/actualidad\/wp-json\/wp\/v2\/types\/post"}],"author":[{"embeddable":true,"href":"https:\/\/www.laguiadepamplona.com\/actualidad\/wp-json\/wp\/v2\/users\/1"}],"replies":[{"embeddable":true,"href":"https:\/\/www.laguiadepamplona.com\/actualidad\/wp-json\/wp\/v2\/comments?post=22233"}],"version-history":[{"count":0,"href":"https:\/\/www.laguiadepamplona.com\/actualidad\/wp-json\/wp\/v2\/posts\/22233\/revisions"}],"wp:featuredmedia":[{"embeddable":true,"href":"https:\/\/www.laguiadepamplona.com\/actualidad\/wp-json\/wp\/v2\/media\/22243"}],"wp:attachment":[{"href":"https:\/\/www.laguiadepamplona.com\/actualidad\/wp-json\/wp\/v2\/media?parent=22233"}],"wp:term":[{"taxonomy":"category","embeddable":true,"href":"https:\/\/www.laguiadepamplona.com\/actualidad\/wp-json\/wp\/v2\/categories?post=22233"},{"taxonomy":"post_tag","embeddable":true,"href":"https:\/\/www.laguiadepamplona.com\/actualidad\/wp-json\/wp\/v2\/tags?post=22233"}],"curies":[{"name":"wp","href":"https:\/\/api.w.org\/{rel}","templated":true}]}}