{"id":22229,"date":"2019-05-17T17:31:12","date_gmt":"2019-05-17T15:31:12","guid":{"rendered":"https:\/\/www.laguiadepamplona.es\/actualidad\/?p=22229"},"modified":"2019-05-17T17:43:51","modified_gmt":"2019-05-17T15:43:51","slug":"la-escuela-de-musica-joaquin-maya-abre-este-lunes-su-ii-semana-historica-con-actividades-centradas-en-la-musica-del-barroco","status":"publish","type":"post","link":"https:\/\/www.laguiadepamplona.com\/actualidad\/la-escuela-de-musica-joaquin-maya-abre-este-lunes-su-ii-semana-historica-con-actividades-centradas-en-la-musica-del-barroco\/","title":{"rendered":"La Escuela de M\u00fasica Joaqu\u00edn Maya abre este lunes su II Semana Hist\u00f3rica con actividades centradas en la m\u00fasica del Barroco"},"content":{"rendered":"<p><!--more--><\/p>\n<h3>Habr\u00e1 conciertos, estrenos de producciones propias y una exposici\u00f3n did\u00e1ctica; la propia escuela se ambientar\u00e1 visual y sonoramente<\/h3>\n<p>La II Semana Hist\u00f3rica que organiza la Escuela de M\u00fasica Joaqu\u00edn Maya se celebrar\u00e1 del 20 de mayo al 4 de junio y estar\u00e1 dedicada al Barroco. Se han programado conciertos, una exposici\u00f3n y diferentes representaciones musicales, que interpretar\u00e1n alumnado y profesorado del centro. Esta iniciativa naci\u00f3 el a\u00f1o pasado, centrada en la Edad Media y el Renacimiento, con la idea de ir descubriendo diferentes periodos art\u00edsticos de la historia de la m\u00fasica. De este modo, el alumnado adquirir\u00e1 un conocimiento b\u00e1sico de las m\u00fasicas que sonaron y se compusieron en otras \u00e9pocas.<\/p>\n<p>La propia escuela se ambientar\u00e1 para la ocasi\u00f3n visual y sonoramente y, a lo largo de toda la semana, en las clases grupales, el profesorado programaci\u00f3n audiciones comentadas, proyecciones de v\u00eddeos y otras actividades. Una exposici\u00f3n did\u00e1ctica dar\u00e1 a conocer los hitos m\u00e1s importantes del per\u00edodo en el que se desarroll\u00f3 el estilo Barroco en las artes, la m\u00fasica o la arquitectura.<\/p>\n<p><script async src=\"\/\/pagead2.googlesyndication.com\/pagead\/js\/adsbygoogle.js\"><\/script><br \/>\n<!-- Noticias La Guia de Pamplona --><br \/>\n<ins class=\"adsbygoogle\"\nstyle=\"display:block\"\ndata-ad-client=\"ca-pub-6943679897239327\"\ndata-ad-slot=\"7048180777\"\ndata-ad-format=\"auto\"><\/ins><br \/>\n<script>\n(adsbygoogle = window.adsbygoogle || []).push({});\n<\/script><\/p>\n<p>La semana que viene se suceder\u00e1n tambi\u00e9n tres citas musicales en el sal\u00f3n de actos de la Escuela de M\u00fasica. El mi\u00e9rcoles, a las 20 horas, el alumnado de tromb\u00f3n del profesor Juan Carlos Aoiz ofrecer\u00e1 el concierto \u2018Varas trombarrocas\u2019. El jueves se estrenar\u00e1 la producci\u00f3n propia \u2018Concierto Barroco: homenaje a Juan Sebasti\u00e1n Bach\u2019. La actuaci\u00f3n ofrecer\u00e1 m\u00fasica barroca interpretada por alumnado y profesorado de la escuela, adem\u00e1s de lecturas del \u2018Peque\u00f1o libro de Anna Magdalena Bach\u2019. Habr\u00e1 dos pases, a las 17.30 y a las 18.30 horas. El viernes a las 18.30 horas el grupo Danserye ofrecer\u00e1 un concierto did\u00e1ctico.<\/p>\n<p>La clausura de la segunda edici\u00f3n de la Semana Hist\u00f3rica tendr\u00e1 lugar el martes 4 de junio en Civivox Iturrama con la representaci\u00f3n musical de \u2018Joaqu\u00edn y los Mayas: un teatro a la moda\u2019, que llevar\u00e1 a cabo alumnado y profesorado del centro. Se ha programado en doble sesi\u00f3n, a las 17.30 y a las 19 horas. El protagonista de la obra es Francesco Scholam\u00fasica, un casi arruinado empresario de \u00f3pera, que ha encontrado un manuscrito con el que cree haber hallado el secreto del \u00e9xito que hasta ahora no ha conseguido. Ese manuscrito es \u2018El teatro de la moda\u2019, una s\u00e1tira del mundo oper\u00edstico que Benedetto Marcello public\u00f3 an\u00f3nimamente en 1720. La acci\u00f3n transcurre en casa del empresario, donde realizar\u00e1 audiciones y entrevistas para su pr\u00f3xima \u00f3pera titulada \u2018Joaqu\u00edn y los Mayas\u2019, conforme se\u00f1alan las instrucciones del manuscrito.<\/p>\n","protected":false},"excerpt":{"rendered":"","protected":false},"author":1,"featured_media":17440,"comment_status":"open","ping_status":"closed","sticky":false,"template":"","format":"standard","meta":{"footnotes":""},"categories":[2],"tags":[],"class_list":["post-22229","post","type-post","status-publish","format-standard","has-post-thumbnail","hentry","category-ayuntamiento-pamplona"],"yoast_head":"<!-- This site is optimized with the Yoast SEO plugin v27.5 - https:\/\/yoast.com\/product\/yoast-seo-wordpress\/ -->\n<title>La Escuela de M\u00fasica Joaqu\u00edn Maya abre este lunes su II Semana Hist\u00f3rica con actividades centradas en la m\u00fasica del Barroco<\/title>\n<meta name=\"robots\" content=\"index, follow, max-snippet:-1, max-image-preview:large, max-video-preview:-1\" \/>\n<link rel=\"canonical\" href=\"https:\/\/www.laguiadepamplona.com\/actualidad\/la-escuela-de-musica-joaquin-maya-abre-este-lunes-su-ii-semana-historica-con-actividades-centradas-en-la-musica-del-barroco\/\" \/>\n<meta property=\"og:locale\" content=\"es_ES\" \/>\n<meta property=\"og:type\" content=\"article\" \/>\n<meta property=\"og:title\" content=\"La Escuela de M\u00fasica Joaqu\u00edn Maya abre este lunes su II Semana Hist\u00f3rica con actividades centradas en la m\u00fasica del Barroco\" \/>\n<meta property=\"og:url\" content=\"https:\/\/www.laguiadepamplona.com\/actualidad\/la-escuela-de-musica-joaquin-maya-abre-este-lunes-su-ii-semana-historica-con-actividades-centradas-en-la-musica-del-barroco\/\" \/>\n<meta property=\"og:site_name\" content=\"La Gu\u00eda de Pamplona\" \/>\n<meta property=\"article:publisher\" content=\"https:\/\/www.facebook.com\/laguiadepamplonacom-133175176762273\/?ref=hl\" \/>\n<meta property=\"article:published_time\" content=\"2019-05-17T15:31:12+00:00\" \/>\n<meta property=\"article:modified_time\" content=\"2019-05-17T15:43:51+00:00\" \/>\n<meta property=\"og:image\" content=\"https:\/\/www.laguiadepamplona.com\/actualidad\/wp-content\/uploads\/2018\/05\/escuela-musica-joaquin-maya.jpg\" \/>\n\t<meta property=\"og:image:width\" content=\"1000\" \/>\n\t<meta property=\"og:image:height\" content=\"667\" \/>\n\t<meta property=\"og:image:type\" content=\"image\/jpeg\" \/>\n<meta name=\"author\" content=\"La Gu\u00eda de Pamplona\" \/>\n<meta name=\"twitter:card\" content=\"summary_large_image\" \/>\n<meta name=\"twitter:creator\" content=\"@LaGuiadPamplona\" \/>\n<meta name=\"twitter:site\" content=\"@LaGuiadPamplona\" \/>\n<meta name=\"twitter:label1\" content=\"Escrito por\" \/>\n\t<meta name=\"twitter:data1\" content=\"La Gu\u00eda de Pamplona\" \/>\n\t<meta name=\"twitter:label2\" content=\"Tiempo de lectura\" \/>\n\t<meta name=\"twitter:data2\" content=\"2 minutos\" \/>\n<script type=\"application\/ld+json\" class=\"yoast-schema-graph\">{\"@context\":\"https:\\\/\\\/schema.org\",\"@graph\":[{\"@type\":\"Article\",\"@id\":\"https:\\\/\\\/www.laguiadepamplona.com\\\/actualidad\\\/la-escuela-de-musica-joaquin-maya-abre-este-lunes-su-ii-semana-historica-con-actividades-centradas-en-la-musica-del-barroco\\\/#article\",\"isPartOf\":{\"@id\":\"https:\\\/\\\/www.laguiadepamplona.com\\\/actualidad\\\/la-escuela-de-musica-joaquin-maya-abre-este-lunes-su-ii-semana-historica-con-actividades-centradas-en-la-musica-del-barroco\\\/\"},\"author\":{\"name\":\"La Gu\u00eda de Pamplona\",\"@id\":\"https:\\\/\\\/www.laguiadepamplona.com\\\/actualidad\\\/#\\\/schema\\\/person\\\/efe887376f0213d4657c93adc50b1fdb\"},\"headline\":\"La Escuela de M\u00fasica Joaqu\u00edn Maya abre este lunes su II Semana Hist\u00f3rica con actividades centradas en la m\u00fasica del Barroco\",\"datePublished\":\"2019-05-17T15:31:12+00:00\",\"dateModified\":\"2019-05-17T15:43:51+00:00\",\"mainEntityOfPage\":{\"@id\":\"https:\\\/\\\/www.laguiadepamplona.com\\\/actualidad\\\/la-escuela-de-musica-joaquin-maya-abre-este-lunes-su-ii-semana-historica-con-actividades-centradas-en-la-musica-del-barroco\\\/\"},\"wordCount\":474,\"commentCount\":0,\"publisher\":{\"@id\":\"https:\\\/\\\/www.laguiadepamplona.com\\\/actualidad\\\/#organization\"},\"image\":{\"@id\":\"https:\\\/\\\/www.laguiadepamplona.com\\\/actualidad\\\/la-escuela-de-musica-joaquin-maya-abre-este-lunes-su-ii-semana-historica-con-actividades-centradas-en-la-musica-del-barroco\\\/#primaryimage\"},\"thumbnailUrl\":\"https:\\\/\\\/www.laguiadepamplona.com\\\/actualidad\\\/wp-content\\\/uploads\\\/2018\\\/05\\\/escuela-musica-joaquin-maya.jpg\",\"articleSection\":[\"Ayto Pamplona\"],\"inLanguage\":\"es\",\"potentialAction\":[{\"@type\":\"CommentAction\",\"name\":\"Comment\",\"target\":[\"https:\\\/\\\/www.laguiadepamplona.com\\\/actualidad\\\/la-escuela-de-musica-joaquin-maya-abre-este-lunes-su-ii-semana-historica-con-actividades-centradas-en-la-musica-del-barroco\\\/#respond\"]}]},{\"@type\":\"WebPage\",\"@id\":\"https:\\\/\\\/www.laguiadepamplona.com\\\/actualidad\\\/la-escuela-de-musica-joaquin-maya-abre-este-lunes-su-ii-semana-historica-con-actividades-centradas-en-la-musica-del-barroco\\\/\",\"url\":\"https:\\\/\\\/www.laguiadepamplona.com\\\/actualidad\\\/la-escuela-de-musica-joaquin-maya-abre-este-lunes-su-ii-semana-historica-con-actividades-centradas-en-la-musica-del-barroco\\\/\",\"name\":\"La Escuela de M\u00fasica Joaqu\u00edn Maya abre este lunes su II Semana Hist\u00f3rica con actividades centradas en la m\u00fasica del Barroco\",\"isPartOf\":{\"@id\":\"https:\\\/\\\/www.laguiadepamplona.com\\\/actualidad\\\/#website\"},\"primaryImageOfPage\":{\"@id\":\"https:\\\/\\\/www.laguiadepamplona.com\\\/actualidad\\\/la-escuela-de-musica-joaquin-maya-abre-este-lunes-su-ii-semana-historica-con-actividades-centradas-en-la-musica-del-barroco\\\/#primaryimage\"},\"image\":{\"@id\":\"https:\\\/\\\/www.laguiadepamplona.com\\\/actualidad\\\/la-escuela-de-musica-joaquin-maya-abre-este-lunes-su-ii-semana-historica-con-actividades-centradas-en-la-musica-del-barroco\\\/#primaryimage\"},\"thumbnailUrl\":\"https:\\\/\\\/www.laguiadepamplona.com\\\/actualidad\\\/wp-content\\\/uploads\\\/2018\\\/05\\\/escuela-musica-joaquin-maya.jpg\",\"datePublished\":\"2019-05-17T15:31:12+00:00\",\"dateModified\":\"2019-05-17T15:43:51+00:00\",\"breadcrumb\":{\"@id\":\"https:\\\/\\\/www.laguiadepamplona.com\\\/actualidad\\\/la-escuela-de-musica-joaquin-maya-abre-este-lunes-su-ii-semana-historica-con-actividades-centradas-en-la-musica-del-barroco\\\/#breadcrumb\"},\"inLanguage\":\"es\",\"potentialAction\":[{\"@type\":\"ReadAction\",\"target\":[\"https:\\\/\\\/www.laguiadepamplona.com\\\/actualidad\\\/la-escuela-de-musica-joaquin-maya-abre-este-lunes-su-ii-semana-historica-con-actividades-centradas-en-la-musica-del-barroco\\\/\"]}]},{\"@type\":\"ImageObject\",\"inLanguage\":\"es\",\"@id\":\"https:\\\/\\\/www.laguiadepamplona.com\\\/actualidad\\\/la-escuela-de-musica-joaquin-maya-abre-este-lunes-su-ii-semana-historica-con-actividades-centradas-en-la-musica-del-barroco\\\/#primaryimage\",\"url\":\"https:\\\/\\\/www.laguiadepamplona.com\\\/actualidad\\\/wp-content\\\/uploads\\\/2018\\\/05\\\/escuela-musica-joaquin-maya.jpg\",\"contentUrl\":\"https:\\\/\\\/www.laguiadepamplona.com\\\/actualidad\\\/wp-content\\\/uploads\\\/2018\\\/05\\\/escuela-musica-joaquin-maya.jpg\",\"width\":1000,\"height\":667},{\"@type\":\"BreadcrumbList\",\"@id\":\"https:\\\/\\\/www.laguiadepamplona.com\\\/actualidad\\\/la-escuela-de-musica-joaquin-maya-abre-este-lunes-su-ii-semana-historica-con-actividades-centradas-en-la-musica-del-barroco\\\/#breadcrumb\",\"itemListElement\":[{\"@type\":\"ListItem\",\"position\":1,\"name\":\"Portada\",\"item\":\"https:\\\/\\\/www.laguiadepamplona.com\\\/actualidad\\\/\"},{\"@type\":\"ListItem\",\"position\":2,\"name\":\"La Escuela de M\u00fasica Joaqu\u00edn Maya abre este lunes su II Semana Hist\u00f3rica con actividades centradas en la m\u00fasica del Barroco\"}]},{\"@type\":\"WebSite\",\"@id\":\"https:\\\/\\\/www.laguiadepamplona.com\\\/actualidad\\\/#website\",\"url\":\"https:\\\/\\\/www.laguiadepamplona.com\\\/actualidad\\\/\",\"name\":\"La gu\u00eda de Pamplona\",\"description\":\"Noticias de Pamplona\",\"publisher\":{\"@id\":\"https:\\\/\\\/www.laguiadepamplona.com\\\/actualidad\\\/#organization\"},\"potentialAction\":[{\"@type\":\"SearchAction\",\"target\":{\"@type\":\"EntryPoint\",\"urlTemplate\":\"https:\\\/\\\/www.laguiadepamplona.com\\\/actualidad\\\/?s={search_term_string}\"},\"query-input\":{\"@type\":\"PropertyValueSpecification\",\"valueRequired\":true,\"valueName\":\"search_term_string\"}}],\"inLanguage\":\"es\"},{\"@type\":\"Organization\",\"@id\":\"https:\\\/\\\/www.laguiadepamplona.com\\\/actualidad\\\/#organization\",\"name\":\"La Gu\u00eda de Pamplona \\\/ Noticias\",\"url\":\"https:\\\/\\\/www.laguiadepamplona.com\\\/actualidad\\\/\",\"logo\":{\"@type\":\"ImageObject\",\"inLanguage\":\"es\",\"@id\":\"https:\\\/\\\/www.laguiadepamplona.com\\\/actualidad\\\/#\\\/schema\\\/logo\\\/image\\\/\",\"url\":\"https:\\\/\\\/www.laguiadepamplona.com\\\/actualidad\\\/wp-content\\\/uploads\\\/2018\\\/11\\\/logo-laguiadepamplona18-web1.png\",\"contentUrl\":\"https:\\\/\\\/www.laguiadepamplona.com\\\/actualidad\\\/wp-content\\\/uploads\\\/2018\\\/11\\\/logo-laguiadepamplona18-web1.png\",\"width\":600,\"height\":196,\"caption\":\"La Gu\u00eda de Pamplona \\\/ Noticias\"},\"image\":{\"@id\":\"https:\\\/\\\/www.laguiadepamplona.com\\\/actualidad\\\/#\\\/schema\\\/logo\\\/image\\\/\"},\"sameAs\":[\"https:\\\/\\\/www.facebook.com\\\/laguiadepamplonacom-133175176762273\\\/?ref=hl\",\"https:\\\/\\\/x.com\\\/LaGuiadPamplona\",\"https:\\\/\\\/www.instagram.com\\\/la_guia_de_pamplona\\\/\",\"https:\\\/\\\/www.youtube.com\\\/user\\\/laguiadepamplona\"]},{\"@type\":\"Person\",\"@id\":\"https:\\\/\\\/www.laguiadepamplona.com\\\/actualidad\\\/#\\\/schema\\\/person\\\/efe887376f0213d4657c93adc50b1fdb\",\"name\":\"La Gu\u00eda de Pamplona\",\"image\":{\"@type\":\"ImageObject\",\"inLanguage\":\"es\",\"@id\":\"https:\\\/\\\/secure.gravatar.com\\\/avatar\\\/b6992f131dc8d30ab0dff15446e9d346d9dbd95992de0fef795073f5ea83a81c?s=96&d=mm&r=g\",\"url\":\"https:\\\/\\\/secure.gravatar.com\\\/avatar\\\/b6992f131dc8d30ab0dff15446e9d346d9dbd95992de0fef795073f5ea83a81c?s=96&d=mm&r=g\",\"contentUrl\":\"https:\\\/\\\/secure.gravatar.com\\\/avatar\\\/b6992f131dc8d30ab0dff15446e9d346d9dbd95992de0fef795073f5ea83a81c?s=96&d=mm&r=g\",\"caption\":\"La Gu\u00eda de Pamplona\"}}]}<\/script>\n<!-- \/ Yoast SEO plugin. -->","yoast_head_json":{"title":"La Escuela de M\u00fasica Joaqu\u00edn Maya abre este lunes su II Semana Hist\u00f3rica con actividades centradas en la m\u00fasica del Barroco","robots":{"index":"index","follow":"follow","max-snippet":"max-snippet:-1","max-image-preview":"max-image-preview:large","max-video-preview":"max-video-preview:-1"},"canonical":"https:\/\/www.laguiadepamplona.com\/actualidad\/la-escuela-de-musica-joaquin-maya-abre-este-lunes-su-ii-semana-historica-con-actividades-centradas-en-la-musica-del-barroco\/","og_locale":"es_ES","og_type":"article","og_title":"La Escuela de M\u00fasica Joaqu\u00edn Maya abre este lunes su II Semana Hist\u00f3rica con actividades centradas en la m\u00fasica del Barroco","og_url":"https:\/\/www.laguiadepamplona.com\/actualidad\/la-escuela-de-musica-joaquin-maya-abre-este-lunes-su-ii-semana-historica-con-actividades-centradas-en-la-musica-del-barroco\/","og_site_name":"La Gu\u00eda de Pamplona","article_publisher":"https:\/\/www.facebook.com\/laguiadepamplonacom-133175176762273\/?ref=hl","article_published_time":"2019-05-17T15:31:12+00:00","article_modified_time":"2019-05-17T15:43:51+00:00","og_image":[{"width":1000,"height":667,"url":"https:\/\/www.laguiadepamplona.com\/actualidad\/wp-content\/uploads\/2018\/05\/escuela-musica-joaquin-maya.jpg","type":"image\/jpeg"}],"author":"La Gu\u00eda de Pamplona","twitter_card":"summary_large_image","twitter_creator":"@LaGuiadPamplona","twitter_site":"@LaGuiadPamplona","twitter_misc":{"Escrito por":"La Gu\u00eda de Pamplona","Tiempo de lectura":"2 minutos"},"schema":{"@context":"https:\/\/schema.org","@graph":[{"@type":"Article","@id":"https:\/\/www.laguiadepamplona.com\/actualidad\/la-escuela-de-musica-joaquin-maya-abre-este-lunes-su-ii-semana-historica-con-actividades-centradas-en-la-musica-del-barroco\/#article","isPartOf":{"@id":"https:\/\/www.laguiadepamplona.com\/actualidad\/la-escuela-de-musica-joaquin-maya-abre-este-lunes-su-ii-semana-historica-con-actividades-centradas-en-la-musica-del-barroco\/"},"author":{"name":"La Gu\u00eda de Pamplona","@id":"https:\/\/www.laguiadepamplona.com\/actualidad\/#\/schema\/person\/efe887376f0213d4657c93adc50b1fdb"},"headline":"La Escuela de M\u00fasica Joaqu\u00edn Maya abre este lunes su II Semana Hist\u00f3rica con actividades centradas en la m\u00fasica del Barroco","datePublished":"2019-05-17T15:31:12+00:00","dateModified":"2019-05-17T15:43:51+00:00","mainEntityOfPage":{"@id":"https:\/\/www.laguiadepamplona.com\/actualidad\/la-escuela-de-musica-joaquin-maya-abre-este-lunes-su-ii-semana-historica-con-actividades-centradas-en-la-musica-del-barroco\/"},"wordCount":474,"commentCount":0,"publisher":{"@id":"https:\/\/www.laguiadepamplona.com\/actualidad\/#organization"},"image":{"@id":"https:\/\/www.laguiadepamplona.com\/actualidad\/la-escuela-de-musica-joaquin-maya-abre-este-lunes-su-ii-semana-historica-con-actividades-centradas-en-la-musica-del-barroco\/#primaryimage"},"thumbnailUrl":"https:\/\/www.laguiadepamplona.com\/actualidad\/wp-content\/uploads\/2018\/05\/escuela-musica-joaquin-maya.jpg","articleSection":["Ayto Pamplona"],"inLanguage":"es","potentialAction":[{"@type":"CommentAction","name":"Comment","target":["https:\/\/www.laguiadepamplona.com\/actualidad\/la-escuela-de-musica-joaquin-maya-abre-este-lunes-su-ii-semana-historica-con-actividades-centradas-en-la-musica-del-barroco\/#respond"]}]},{"@type":"WebPage","@id":"https:\/\/www.laguiadepamplona.com\/actualidad\/la-escuela-de-musica-joaquin-maya-abre-este-lunes-su-ii-semana-historica-con-actividades-centradas-en-la-musica-del-barroco\/","url":"https:\/\/www.laguiadepamplona.com\/actualidad\/la-escuela-de-musica-joaquin-maya-abre-este-lunes-su-ii-semana-historica-con-actividades-centradas-en-la-musica-del-barroco\/","name":"La Escuela de M\u00fasica Joaqu\u00edn Maya abre este lunes su II Semana Hist\u00f3rica con actividades centradas en la m\u00fasica del Barroco","isPartOf":{"@id":"https:\/\/www.laguiadepamplona.com\/actualidad\/#website"},"primaryImageOfPage":{"@id":"https:\/\/www.laguiadepamplona.com\/actualidad\/la-escuela-de-musica-joaquin-maya-abre-este-lunes-su-ii-semana-historica-con-actividades-centradas-en-la-musica-del-barroco\/#primaryimage"},"image":{"@id":"https:\/\/www.laguiadepamplona.com\/actualidad\/la-escuela-de-musica-joaquin-maya-abre-este-lunes-su-ii-semana-historica-con-actividades-centradas-en-la-musica-del-barroco\/#primaryimage"},"thumbnailUrl":"https:\/\/www.laguiadepamplona.com\/actualidad\/wp-content\/uploads\/2018\/05\/escuela-musica-joaquin-maya.jpg","datePublished":"2019-05-17T15:31:12+00:00","dateModified":"2019-05-17T15:43:51+00:00","breadcrumb":{"@id":"https:\/\/www.laguiadepamplona.com\/actualidad\/la-escuela-de-musica-joaquin-maya-abre-este-lunes-su-ii-semana-historica-con-actividades-centradas-en-la-musica-del-barroco\/#breadcrumb"},"inLanguage":"es","potentialAction":[{"@type":"ReadAction","target":["https:\/\/www.laguiadepamplona.com\/actualidad\/la-escuela-de-musica-joaquin-maya-abre-este-lunes-su-ii-semana-historica-con-actividades-centradas-en-la-musica-del-barroco\/"]}]},{"@type":"ImageObject","inLanguage":"es","@id":"https:\/\/www.laguiadepamplona.com\/actualidad\/la-escuela-de-musica-joaquin-maya-abre-este-lunes-su-ii-semana-historica-con-actividades-centradas-en-la-musica-del-barroco\/#primaryimage","url":"https:\/\/www.laguiadepamplona.com\/actualidad\/wp-content\/uploads\/2018\/05\/escuela-musica-joaquin-maya.jpg","contentUrl":"https:\/\/www.laguiadepamplona.com\/actualidad\/wp-content\/uploads\/2018\/05\/escuela-musica-joaquin-maya.jpg","width":1000,"height":667},{"@type":"BreadcrumbList","@id":"https:\/\/www.laguiadepamplona.com\/actualidad\/la-escuela-de-musica-joaquin-maya-abre-este-lunes-su-ii-semana-historica-con-actividades-centradas-en-la-musica-del-barroco\/#breadcrumb","itemListElement":[{"@type":"ListItem","position":1,"name":"Portada","item":"https:\/\/www.laguiadepamplona.com\/actualidad\/"},{"@type":"ListItem","position":2,"name":"La Escuela de M\u00fasica Joaqu\u00edn Maya abre este lunes su II Semana Hist\u00f3rica con actividades centradas en la m\u00fasica del Barroco"}]},{"@type":"WebSite","@id":"https:\/\/www.laguiadepamplona.com\/actualidad\/#website","url":"https:\/\/www.laguiadepamplona.com\/actualidad\/","name":"La gu\u00eda de Pamplona","description":"Noticias de Pamplona","publisher":{"@id":"https:\/\/www.laguiadepamplona.com\/actualidad\/#organization"},"potentialAction":[{"@type":"SearchAction","target":{"@type":"EntryPoint","urlTemplate":"https:\/\/www.laguiadepamplona.com\/actualidad\/?s={search_term_string}"},"query-input":{"@type":"PropertyValueSpecification","valueRequired":true,"valueName":"search_term_string"}}],"inLanguage":"es"},{"@type":"Organization","@id":"https:\/\/www.laguiadepamplona.com\/actualidad\/#organization","name":"La Gu\u00eda de Pamplona \/ Noticias","url":"https:\/\/www.laguiadepamplona.com\/actualidad\/","logo":{"@type":"ImageObject","inLanguage":"es","@id":"https:\/\/www.laguiadepamplona.com\/actualidad\/#\/schema\/logo\/image\/","url":"https:\/\/www.laguiadepamplona.com\/actualidad\/wp-content\/uploads\/2018\/11\/logo-laguiadepamplona18-web1.png","contentUrl":"https:\/\/www.laguiadepamplona.com\/actualidad\/wp-content\/uploads\/2018\/11\/logo-laguiadepamplona18-web1.png","width":600,"height":196,"caption":"La Gu\u00eda de Pamplona \/ Noticias"},"image":{"@id":"https:\/\/www.laguiadepamplona.com\/actualidad\/#\/schema\/logo\/image\/"},"sameAs":["https:\/\/www.facebook.com\/laguiadepamplonacom-133175176762273\/?ref=hl","https:\/\/x.com\/LaGuiadPamplona","https:\/\/www.instagram.com\/la_guia_de_pamplona\/","https:\/\/www.youtube.com\/user\/laguiadepamplona"]},{"@type":"Person","@id":"https:\/\/www.laguiadepamplona.com\/actualidad\/#\/schema\/person\/efe887376f0213d4657c93adc50b1fdb","name":"La Gu\u00eda de Pamplona","image":{"@type":"ImageObject","inLanguage":"es","@id":"https:\/\/secure.gravatar.com\/avatar\/b6992f131dc8d30ab0dff15446e9d346d9dbd95992de0fef795073f5ea83a81c?s=96&d=mm&r=g","url":"https:\/\/secure.gravatar.com\/avatar\/b6992f131dc8d30ab0dff15446e9d346d9dbd95992de0fef795073f5ea83a81c?s=96&d=mm&r=g","contentUrl":"https:\/\/secure.gravatar.com\/avatar\/b6992f131dc8d30ab0dff15446e9d346d9dbd95992de0fef795073f5ea83a81c?s=96&d=mm&r=g","caption":"La Gu\u00eda de Pamplona"}}]}},"post_mailing_queue_ids":[],"_links":{"self":[{"href":"https:\/\/www.laguiadepamplona.com\/actualidad\/wp-json\/wp\/v2\/posts\/22229","targetHints":{"allow":["GET"]}}],"collection":[{"href":"https:\/\/www.laguiadepamplona.com\/actualidad\/wp-json\/wp\/v2\/posts"}],"about":[{"href":"https:\/\/www.laguiadepamplona.com\/actualidad\/wp-json\/wp\/v2\/types\/post"}],"author":[{"embeddable":true,"href":"https:\/\/www.laguiadepamplona.com\/actualidad\/wp-json\/wp\/v2\/users\/1"}],"replies":[{"embeddable":true,"href":"https:\/\/www.laguiadepamplona.com\/actualidad\/wp-json\/wp\/v2\/comments?post=22229"}],"version-history":[{"count":0,"href":"https:\/\/www.laguiadepamplona.com\/actualidad\/wp-json\/wp\/v2\/posts\/22229\/revisions"}],"wp:featuredmedia":[{"embeddable":true,"href":"https:\/\/www.laguiadepamplona.com\/actualidad\/wp-json\/wp\/v2\/media\/17440"}],"wp:attachment":[{"href":"https:\/\/www.laguiadepamplona.com\/actualidad\/wp-json\/wp\/v2\/media?parent=22229"}],"wp:term":[{"taxonomy":"category","embeddable":true,"href":"https:\/\/www.laguiadepamplona.com\/actualidad\/wp-json\/wp\/v2\/categories?post=22229"},{"taxonomy":"post_tag","embeddable":true,"href":"https:\/\/www.laguiadepamplona.com\/actualidad\/wp-json\/wp\/v2\/tags?post=22229"}],"curies":[{"name":"wp","href":"https:\/\/api.w.org\/{rel}","templated":true}]}}