{"id":22213,"date":"2019-05-17T17:10:26","date_gmt":"2019-05-17T15:10:26","guid":{"rendered":"https:\/\/www.laguiadepamplona.es\/actualidad\/?p=22213"},"modified":"2019-05-17T17:23:23","modified_gmt":"2019-05-17T15:23:23","slug":"el-ayuntamiento-de-pamplona-abre-el-dia-20-de-mayo-las-inscripciones-para-el-servicio-de-atencion-infantil-de-verano-para-conciliar-la-vida-familiar-y-laboral-en-las-vacaciones","status":"publish","type":"post","link":"https:\/\/www.laguiadepamplona.com\/actualidad\/el-ayuntamiento-de-pamplona-abre-el-dia-20-de-mayo-las-inscripciones-para-el-servicio-de-atencion-infantil-de-verano-para-conciliar-la-vida-familiar-y-laboral-en-las-vacaciones\/","title":{"rendered":"El Ayuntamiento de Pamplona abre el d\u00eda 20 de mayo las inscripciones para el servicio de atenci\u00f3n infantil de verano para conciliar la vida familiar y laboral en las vacaciones"},"content":{"rendered":"<p><!--more--><\/p>\n<h3>Est\u00e1 dirigido a menores de 3 a 12 a\u00f1os (14 en caso de discapacidad) y se prestar\u00e1 del 1 de julio al 30 de agosto en el Colegio Cardenal Ilund\u00e1in<\/h3>\n<p>El Ayuntamiento de Pamplona abre el pr\u00f3ximo lunes 20 de mayo las inscripciones para el servicio de atenci\u00f3n infantil de verano, para poder conciliar la vida familiar y laboral durante las vacaciones escolares. Las inscripciones podr\u00e1n realizarse desde el 20 al 31 de mayo (ambos incluidos). Las inscripciones deber\u00e1n registrarse en cualquiera de los registros municipales o por v\u00eda telem\u00e1tica a trav\u00e9s de la Sede Electr\u00f3nica del Ayuntamiento en <a href=\"http:\/\/www.pamplona.es\" target=\"_blank\" rel=\"noopener noreferrer\">www.pamplona.es<\/a>. Las plazas se adjudicar\u00e1n por orden de inscripci\u00f3n. Si hubiese m\u00e1s solicitudes que plazas, se crear\u00e1 una lista de espera por orden de inscripci\u00f3n y se llamar\u00e1 si quedasen plazas libres.<\/p>\n<p>El servicio est\u00e1 dirigido a menores de 3 a 12 a\u00f1os, y hasta 14 si tienen una discapacidad reconocida. Se desarrollar\u00e1 del 1 de julio al 30 de agosto en el Colegio P\u00fablico Cardenal Ilund\u00e1in (avda. Marcelo Celayeta, 117), exceptuando las jornadas festivas y los fines de semana. La atenci\u00f3n se ofrecer\u00e1 en castellano y euskera (dependiendo de la demanda) y cubrir\u00e1 como m\u00e1ximo la franja horaria de 7.45 a 15.30 horas, dando opci\u00f3n a que los ni\u00f1os puedan o no disponer del servicio de comedor.<\/p>\n<p><script async src=\"\/\/pagead2.googlesyndication.com\/pagead\/js\/adsbygoogle.js\"><\/script><br \/>\n<!-- Noticias La Guia de Pamplona --><br \/>\n<ins class=\"adsbygoogle\"\nstyle=\"display:block\"\ndata-ad-client=\"ca-pub-6943679897239327\"\ndata-ad-slot=\"7048180777\"\ndata-ad-format=\"auto\"><\/ins><br \/>\n<script>\n(adsbygoogle = window.adsbygoogle || []).push({});\n<\/script><\/p>\n<p>La inscripci\u00f3n se realizar\u00e1 para la semana completa, no pudi\u00e9ndose apuntar por d\u00edas sueltos. Para solicitar plaza es requisito estar empadronado en Pamplona y que las personas responsables de los menores est\u00e9n trabajando por las ma\u00f1anas en las fechas en las que vaya a hacer uso del servicio. No obstante, tambi\u00e9n podr\u00e1n optar al servicio menores empadronados en otros municipios cuyos padres o madres trabajen en Pamplona. En ambos casos, es preciso presentar un justificante de que las personas responsables de los y las menores est\u00e1n trabajando por las ma\u00f1anas junto a la solicitud.<\/p>\n<p>En total, se ofrece un m\u00e1ximo de 80 plazas diarias. El precio por plaza es de 9 euros diarios sin servicio de comedor y salida a las 13.30 horas; y de 16 euros, en caso de que se utilice el servicio de comedor, con salida a las 14.30, 15 o 15.30 horas Existe una bonificaci\u00f3n del 10% por cada menor matriculado de una misma familia, y la posibilidad de solicitar subvenci\u00f3n, en funci\u00f3n de la renta.<\/p>\n<p>As\u00ed, podr\u00e1n pedir subvenci\u00f3n aquellas unidades familiares que no superen los siguientes niveles de renta mensual: hasta 1.248 euros mensuales para unidades familiares de 2 miembros; hasta 1.411 euros en caso de unidades de 3 miembros; hasta 1.575 euros si son 4 miembros; y hasta 1.745 euros mensuales para unidades de 5 o m\u00e1s miembros. Para el c\u00e1lculo de la renta mensual, se descontar\u00e1 de los ingresos el 70% del coste del alquiler o hipoteca de la vivienda familiar.<\/p>\n<p>&nbsp;<\/p>\n<h3><span style=\"color: #ff0000;\">Servicio de Atenci\u00f3n Infantil durante las vacaciones de verano 2019<\/span><\/h3>\n<ul>\n<li><span style=\"color: #ff0000;\"><strong>Inscripci\u00f3n<\/strong>:<\/span> <strong>del 20 al 31 de mayo a trav\u00e9s de los diferentes registros municipales, presenciales y online en <a href=\"http:\/\/www.pamplona.es\" target=\"_blank\" rel=\"noopener noreferrer\">pamplona.es<\/a>.<\/strong><\/li>\n<li><span style=\"color: #ff0000;\"><strong>Para qui\u00e9n<\/strong>:<\/span> <strong>menores de entre 3 y 12 a\u00f1os y hasta 14 a\u00f1os si tienen discapacidad reconocida.<\/strong><\/li>\n<li><span style=\"color: #ff0000;\"><strong>Cu\u00e1ndo:<\/strong><\/span> <strong>del 1 de julio al 30 de agosto. La inscripci\u00f3n se realizar\u00e1 para la semana completa, no pudi\u00e9ndose apuntar por d\u00edas sueltos.<\/strong><\/li>\n<li><span style=\"color: #ff0000;\"><strong>D\u00f3nde<\/strong>:<\/span> <strong>en el CP Cardenal Ilundain (Avda. Marcelo Celayeta, 117)<\/strong><\/li>\n<li><span style=\"color: #ff0000;\"><strong>Requisitos<\/strong>:<\/span>\n<ul>\n<li><strong>Prioridad para empadronados en Pamplona con padres o madres que trabajen durante la ma\u00f1ana.<\/strong><\/li>\n<li><strong>Podr\u00e1n optar al servicio menores empadronados en otros municipios cuyos padres o madres trabajen en Pamplona<\/strong><\/li>\n<\/ul>\n<\/li>\n<li><span style=\"color: #ff0000;\"><strong>Horario: <\/strong><\/span>\n<ul>\n<li><strong>Entrada: de 7.45 a 9.30 horas<\/strong><\/li>\n<li><strong>Salida: a las 13.30 horas (sin servicio de comedor); a las 14.30, 15 o 15.30 horas (con comida)<\/strong><\/li>\n<\/ul>\n<\/li>\n<li><span style=\"color: #ff0000;\"><strong>Precio<\/strong>:<\/span>\n<ul>\n<li><strong>9 euros\/d\u00eda sin servicio de comedor y salida a las 13.30 horas<\/strong><\/li>\n<li><strong>17 euros\/d\u00eda con servicio de comedor<\/strong><\/li>\n<li><strong>En el caso de inscribir a varios\/as menores de una misma familia, existe una bonificaci\u00f3n del 10% por cada uno de ellos\/as.<\/strong><\/li>\n<li><strong>Cabe solicitar plazas subvencionadas dependiendo del nivel de ingresos<\/strong><\/li>\n<\/ul>\n<\/li>\n<\/ul>\n<p>&nbsp;<\/p>\n<table width=\"624\">\n<tbody>\n<tr>\n<td rowspan=\"2\" width=\"236\">&nbsp;<\/p>\n<p>&nbsp;<\/p>\n<p>&nbsp;<\/p>\n<p>&nbsp;<\/td>\n<td colspan=\"2\" width=\"161\">1 MENOR<\/p>\n<p>&nbsp;<\/td>\n<td colspan=\"2\" width=\"227\">Cada inscripci\u00f3n, si se inscribe a m\u00e1s hijos\/as<\/p>\n<p>(10% descuento)<\/td>\n<\/tr>\n<tr>\n<td width=\"76\">Con comedor<\/p>\n<p>16 \u20ac\/d\u00eda<\/td>\n<td width=\"85\">Sin comedor<\/p>\n<p>9 \u20ac\/d\u00eda<\/td>\n<td width=\"123\">Con comedor<\/p>\n<p>14.1 \u20ac\/d\u00eda<\/td>\n<td width=\"104\">Sin comedor<\/p>\n<p>8.1 \u20ac\/d\u00eda<\/td>\n<\/tr>\n<tr>\n<td width=\"236\">Del 1 al 5 de julio<em> (5 d\u00edas)<\/em><\/td>\n<td width=\"76\">80 \u20ac<\/td>\n<td width=\"85\">45 \u20ac<\/td>\n<td width=\"123\">70,5 \u20ac<\/td>\n<td width=\"104\">40,5 \u20ac<\/td>\n<\/tr>\n<tr>\n<td width=\"236\">Del 8 al 12 de julio\u00a0 (5 d\u00edas)<\/td>\n<td width=\"76\">80 \u20ac<\/td>\n<td width=\"85\">\u00a045 \u20ac<\/td>\n<td width=\"123\">\u00a0\u00a0\u00a0\u00a0\u00a0\u00a0\u00a0 70,5 \u20ac<\/td>\n<td width=\"104\">40,5 \u20ac<\/td>\n<\/tr>\n<tr>\n<td width=\"236\">Del 15 al 19 de julio <em>(5 d\u00edas) <\/em><\/td>\n<td width=\"76\">80 \u20ac<\/td>\n<td width=\"85\">45 \u20ac<\/td>\n<td width=\"123\">70,5 \u20ac<\/td>\n<td width=\"104\">40,5 \u20ac<\/td>\n<\/tr>\n<tr>\n<td width=\"236\">Del 22 al 26 de julio <em>(5 d\u00edas) <\/em><\/td>\n<td width=\"76\">80 \u20ac<\/td>\n<td width=\"85\">45 \u20ac<\/td>\n<td width=\"123\">70,5 \u20ac<\/td>\n<td width=\"104\">40,5 \u20ac<\/td>\n<\/tr>\n<tr>\n<td width=\"236\">Del 29 de julio al 2 de agosto <em>(5 d\u00edas) <\/em><\/td>\n<td width=\"76\">80 \u20ac<\/td>\n<td width=\"85\">45 \u20ac<\/td>\n<td width=\"123\">70,5 \u20ac<\/td>\n<td width=\"104\">40,5 \u20ac<\/td>\n<\/tr>\n<tr>\n<td width=\"236\">Del 5 al\u00a0 9 de agosto <em>(5 d\u00edas)<\/em><\/td>\n<td width=\"76\">80 \u20ac<\/td>\n<td width=\"85\">45 \u20ac<\/td>\n<td width=\"123\">70,5 \u20ac<\/td>\n<td width=\"104\">40,5 \u20ac<\/td>\n<\/tr>\n<tr>\n<td width=\"236\">Del 12 al 16 de agosto <em>(4 d\u00edas)<\/em><\/td>\n<td width=\"76\">64 \u20ac<\/td>\n<td width=\"85\">36 \u20ac<\/td>\n<td width=\"123\">56,4 \u20ac<\/td>\n<td width=\"104\">32,4 \u20ac<\/td>\n<\/tr>\n<tr>\n<td width=\"236\">Del 19 al 23 de agosto <em>(5 d\u00edas)<\/em><\/td>\n<td width=\"76\">80 \u20ac<\/td>\n<td width=\"85\">45 \u20ac<\/td>\n<td width=\"123\">70,5 \u20ac<\/td>\n<td width=\"104\">40,5 \u20ac<\/td>\n<\/tr>\n<tr>\n<td width=\"236\">Del 26 al 30 de agosto <em>(5 d\u00edas)<\/em><\/td>\n<td width=\"76\">80 \u20ac<\/td>\n<td width=\"85\">45 \u20ac<\/td>\n<td width=\"123\">70,5 \u20ac<\/td>\n<td width=\"104\">40,5 \u20ac<\/td>\n<\/tr>\n<\/tbody>\n<\/table>\n<p>&nbsp;<\/p>\n","protected":false},"excerpt":{"rendered":"","protected":false},"author":1,"featured_media":21939,"comment_status":"open","ping_status":"closed","sticky":false,"template":"","format":"standard","meta":{"footnotes":""},"categories":[2],"tags":[],"class_list":["post-22213","post","type-post","status-publish","format-standard","has-post-thumbnail","hentry","category-ayuntamiento-pamplona"],"yoast_head":"<!-- This site is optimized with the Yoast SEO plugin v27.5 - https:\/\/yoast.com\/product\/yoast-seo-wordpress\/ -->\n<title>El Ayuntamiento de Pamplona abre el d\u00eda 20 de mayo las inscripciones para el servicio de atenci\u00f3n infantil de verano para conciliar la vida familiar y laboral en las vacaciones<\/title>\n<meta name=\"robots\" content=\"index, follow, max-snippet:-1, max-image-preview:large, max-video-preview:-1\" \/>\n<link rel=\"canonical\" href=\"https:\/\/www.laguiadepamplona.com\/actualidad\/el-ayuntamiento-de-pamplona-abre-el-dia-20-de-mayo-las-inscripciones-para-el-servicio-de-atencion-infantil-de-verano-para-conciliar-la-vida-familiar-y-laboral-en-las-vacaciones\/\" \/>\n<meta property=\"og:locale\" content=\"es_ES\" \/>\n<meta property=\"og:type\" content=\"article\" \/>\n<meta property=\"og:title\" content=\"El Ayuntamiento de Pamplona abre el d\u00eda 20 de mayo las inscripciones para el servicio de atenci\u00f3n infantil de verano para conciliar la vida familiar y laboral en las vacaciones\" \/>\n<meta property=\"og:url\" content=\"https:\/\/www.laguiadepamplona.com\/actualidad\/el-ayuntamiento-de-pamplona-abre-el-dia-20-de-mayo-las-inscripciones-para-el-servicio-de-atencion-infantil-de-verano-para-conciliar-la-vida-familiar-y-laboral-en-las-vacaciones\/\" \/>\n<meta property=\"og:site_name\" content=\"La Gu\u00eda de Pamplona\" \/>\n<meta property=\"article:publisher\" content=\"https:\/\/www.facebook.com\/laguiadepamplonacom-133175176762273\/?ref=hl\" \/>\n<meta property=\"article:published_time\" content=\"2019-05-17T15:10:26+00:00\" \/>\n<meta property=\"article:modified_time\" content=\"2019-05-17T15:23:23+00:00\" \/>\n<meta property=\"og:image\" content=\"https:\/\/www.laguiadepamplona.com\/actualidad\/wp-content\/uploads\/2019\/05\/ayuntamiento-pamplona-laguiadepamplona.jpg\" \/>\n\t<meta property=\"og:image:width\" content=\"1920\" \/>\n\t<meta property=\"og:image:height\" content=\"1100\" \/>\n\t<meta property=\"og:image:type\" content=\"image\/jpeg\" \/>\n<meta name=\"author\" content=\"La Gu\u00eda de Pamplona\" \/>\n<meta name=\"twitter:card\" content=\"summary_large_image\" \/>\n<meta name=\"twitter:creator\" content=\"@LaGuiadPamplona\" \/>\n<meta name=\"twitter:site\" content=\"@LaGuiadPamplona\" \/>\n<meta name=\"twitter:label1\" content=\"Escrito por\" \/>\n\t<meta name=\"twitter:data1\" content=\"La Gu\u00eda de Pamplona\" \/>\n\t<meta name=\"twitter:label2\" content=\"Tiempo de lectura\" \/>\n\t<meta name=\"twitter:data2\" content=\"4 minutos\" \/>\n<script type=\"application\/ld+json\" class=\"yoast-schema-graph\">{\"@context\":\"https:\\\/\\\/schema.org\",\"@graph\":[{\"@type\":\"Article\",\"@id\":\"https:\\\/\\\/www.laguiadepamplona.com\\\/actualidad\\\/el-ayuntamiento-de-pamplona-abre-el-dia-20-de-mayo-las-inscripciones-para-el-servicio-de-atencion-infantil-de-verano-para-conciliar-la-vida-familiar-y-laboral-en-las-vacaciones\\\/#article\",\"isPartOf\":{\"@id\":\"https:\\\/\\\/www.laguiadepamplona.com\\\/actualidad\\\/el-ayuntamiento-de-pamplona-abre-el-dia-20-de-mayo-las-inscripciones-para-el-servicio-de-atencion-infantil-de-verano-para-conciliar-la-vida-familiar-y-laboral-en-las-vacaciones\\\/\"},\"author\":{\"name\":\"La Gu\u00eda de Pamplona\",\"@id\":\"https:\\\/\\\/www.laguiadepamplona.com\\\/actualidad\\\/#\\\/schema\\\/person\\\/efe887376f0213d4657c93adc50b1fdb\"},\"headline\":\"El Ayuntamiento de Pamplona abre el d\u00eda 20 de mayo las inscripciones para el servicio de atenci\u00f3n infantil de verano para conciliar la vida familiar y laboral en las vacaciones\",\"datePublished\":\"2019-05-17T15:10:26+00:00\",\"dateModified\":\"2019-05-17T15:23:23+00:00\",\"mainEntityOfPage\":{\"@id\":\"https:\\\/\\\/www.laguiadepamplona.com\\\/actualidad\\\/el-ayuntamiento-de-pamplona-abre-el-dia-20-de-mayo-las-inscripciones-para-el-servicio-de-atencion-infantil-de-verano-para-conciliar-la-vida-familiar-y-laboral-en-las-vacaciones\\\/\"},\"wordCount\":784,\"commentCount\":0,\"publisher\":{\"@id\":\"https:\\\/\\\/www.laguiadepamplona.com\\\/actualidad\\\/#organization\"},\"image\":{\"@id\":\"https:\\\/\\\/www.laguiadepamplona.com\\\/actualidad\\\/el-ayuntamiento-de-pamplona-abre-el-dia-20-de-mayo-las-inscripciones-para-el-servicio-de-atencion-infantil-de-verano-para-conciliar-la-vida-familiar-y-laboral-en-las-vacaciones\\\/#primaryimage\"},\"thumbnailUrl\":\"https:\\\/\\\/www.laguiadepamplona.com\\\/actualidad\\\/wp-content\\\/uploads\\\/2019\\\/05\\\/ayuntamiento-pamplona-laguiadepamplona.jpg\",\"articleSection\":[\"Ayto Pamplona\"],\"inLanguage\":\"es\",\"potentialAction\":[{\"@type\":\"CommentAction\",\"name\":\"Comment\",\"target\":[\"https:\\\/\\\/www.laguiadepamplona.com\\\/actualidad\\\/el-ayuntamiento-de-pamplona-abre-el-dia-20-de-mayo-las-inscripciones-para-el-servicio-de-atencion-infantil-de-verano-para-conciliar-la-vida-familiar-y-laboral-en-las-vacaciones\\\/#respond\"]}]},{\"@type\":\"WebPage\",\"@id\":\"https:\\\/\\\/www.laguiadepamplona.com\\\/actualidad\\\/el-ayuntamiento-de-pamplona-abre-el-dia-20-de-mayo-las-inscripciones-para-el-servicio-de-atencion-infantil-de-verano-para-conciliar-la-vida-familiar-y-laboral-en-las-vacaciones\\\/\",\"url\":\"https:\\\/\\\/www.laguiadepamplona.com\\\/actualidad\\\/el-ayuntamiento-de-pamplona-abre-el-dia-20-de-mayo-las-inscripciones-para-el-servicio-de-atencion-infantil-de-verano-para-conciliar-la-vida-familiar-y-laboral-en-las-vacaciones\\\/\",\"name\":\"El Ayuntamiento de Pamplona abre el d\u00eda 20 de mayo las inscripciones para el servicio de atenci\u00f3n infantil de verano para conciliar la vida familiar y laboral en las vacaciones\",\"isPartOf\":{\"@id\":\"https:\\\/\\\/www.laguiadepamplona.com\\\/actualidad\\\/#website\"},\"primaryImageOfPage\":{\"@id\":\"https:\\\/\\\/www.laguiadepamplona.com\\\/actualidad\\\/el-ayuntamiento-de-pamplona-abre-el-dia-20-de-mayo-las-inscripciones-para-el-servicio-de-atencion-infantil-de-verano-para-conciliar-la-vida-familiar-y-laboral-en-las-vacaciones\\\/#primaryimage\"},\"image\":{\"@id\":\"https:\\\/\\\/www.laguiadepamplona.com\\\/actualidad\\\/el-ayuntamiento-de-pamplona-abre-el-dia-20-de-mayo-las-inscripciones-para-el-servicio-de-atencion-infantil-de-verano-para-conciliar-la-vida-familiar-y-laboral-en-las-vacaciones\\\/#primaryimage\"},\"thumbnailUrl\":\"https:\\\/\\\/www.laguiadepamplona.com\\\/actualidad\\\/wp-content\\\/uploads\\\/2019\\\/05\\\/ayuntamiento-pamplona-laguiadepamplona.jpg\",\"datePublished\":\"2019-05-17T15:10:26+00:00\",\"dateModified\":\"2019-05-17T15:23:23+00:00\",\"breadcrumb\":{\"@id\":\"https:\\\/\\\/www.laguiadepamplona.com\\\/actualidad\\\/el-ayuntamiento-de-pamplona-abre-el-dia-20-de-mayo-las-inscripciones-para-el-servicio-de-atencion-infantil-de-verano-para-conciliar-la-vida-familiar-y-laboral-en-las-vacaciones\\\/#breadcrumb\"},\"inLanguage\":\"es\",\"potentialAction\":[{\"@type\":\"ReadAction\",\"target\":[\"https:\\\/\\\/www.laguiadepamplona.com\\\/actualidad\\\/el-ayuntamiento-de-pamplona-abre-el-dia-20-de-mayo-las-inscripciones-para-el-servicio-de-atencion-infantil-de-verano-para-conciliar-la-vida-familiar-y-laboral-en-las-vacaciones\\\/\"]}]},{\"@type\":\"ImageObject\",\"inLanguage\":\"es\",\"@id\":\"https:\\\/\\\/www.laguiadepamplona.com\\\/actualidad\\\/el-ayuntamiento-de-pamplona-abre-el-dia-20-de-mayo-las-inscripciones-para-el-servicio-de-atencion-infantil-de-verano-para-conciliar-la-vida-familiar-y-laboral-en-las-vacaciones\\\/#primaryimage\",\"url\":\"https:\\\/\\\/www.laguiadepamplona.com\\\/actualidad\\\/wp-content\\\/uploads\\\/2019\\\/05\\\/ayuntamiento-pamplona-laguiadepamplona.jpg\",\"contentUrl\":\"https:\\\/\\\/www.laguiadepamplona.com\\\/actualidad\\\/wp-content\\\/uploads\\\/2019\\\/05\\\/ayuntamiento-pamplona-laguiadepamplona.jpg\",\"width\":1920,\"height\":1100},{\"@type\":\"BreadcrumbList\",\"@id\":\"https:\\\/\\\/www.laguiadepamplona.com\\\/actualidad\\\/el-ayuntamiento-de-pamplona-abre-el-dia-20-de-mayo-las-inscripciones-para-el-servicio-de-atencion-infantil-de-verano-para-conciliar-la-vida-familiar-y-laboral-en-las-vacaciones\\\/#breadcrumb\",\"itemListElement\":[{\"@type\":\"ListItem\",\"position\":1,\"name\":\"Portada\",\"item\":\"https:\\\/\\\/www.laguiadepamplona.com\\\/actualidad\\\/\"},{\"@type\":\"ListItem\",\"position\":2,\"name\":\"El Ayuntamiento de Pamplona abre el d\u00eda 20 de mayo las inscripciones para el servicio de atenci\u00f3n infantil de verano para conciliar la vida familiar y laboral en las vacaciones\"}]},{\"@type\":\"WebSite\",\"@id\":\"https:\\\/\\\/www.laguiadepamplona.com\\\/actualidad\\\/#website\",\"url\":\"https:\\\/\\\/www.laguiadepamplona.com\\\/actualidad\\\/\",\"name\":\"La gu\u00eda de Pamplona\",\"description\":\"Noticias de Pamplona\",\"publisher\":{\"@id\":\"https:\\\/\\\/www.laguiadepamplona.com\\\/actualidad\\\/#organization\"},\"potentialAction\":[{\"@type\":\"SearchAction\",\"target\":{\"@type\":\"EntryPoint\",\"urlTemplate\":\"https:\\\/\\\/www.laguiadepamplona.com\\\/actualidad\\\/?s={search_term_string}\"},\"query-input\":{\"@type\":\"PropertyValueSpecification\",\"valueRequired\":true,\"valueName\":\"search_term_string\"}}],\"inLanguage\":\"es\"},{\"@type\":\"Organization\",\"@id\":\"https:\\\/\\\/www.laguiadepamplona.com\\\/actualidad\\\/#organization\",\"name\":\"La Gu\u00eda de Pamplona \\\/ Noticias\",\"url\":\"https:\\\/\\\/www.laguiadepamplona.com\\\/actualidad\\\/\",\"logo\":{\"@type\":\"ImageObject\",\"inLanguage\":\"es\",\"@id\":\"https:\\\/\\\/www.laguiadepamplona.com\\\/actualidad\\\/#\\\/schema\\\/logo\\\/image\\\/\",\"url\":\"https:\\\/\\\/www.laguiadepamplona.com\\\/actualidad\\\/wp-content\\\/uploads\\\/2018\\\/11\\\/logo-laguiadepamplona18-web1.png\",\"contentUrl\":\"https:\\\/\\\/www.laguiadepamplona.com\\\/actualidad\\\/wp-content\\\/uploads\\\/2018\\\/11\\\/logo-laguiadepamplona18-web1.png\",\"width\":600,\"height\":196,\"caption\":\"La Gu\u00eda de Pamplona \\\/ Noticias\"},\"image\":{\"@id\":\"https:\\\/\\\/www.laguiadepamplona.com\\\/actualidad\\\/#\\\/schema\\\/logo\\\/image\\\/\"},\"sameAs\":[\"https:\\\/\\\/www.facebook.com\\\/laguiadepamplonacom-133175176762273\\\/?ref=hl\",\"https:\\\/\\\/x.com\\\/LaGuiadPamplona\",\"https:\\\/\\\/www.instagram.com\\\/la_guia_de_pamplona\\\/\",\"https:\\\/\\\/www.youtube.com\\\/user\\\/laguiadepamplona\"]},{\"@type\":\"Person\",\"@id\":\"https:\\\/\\\/www.laguiadepamplona.com\\\/actualidad\\\/#\\\/schema\\\/person\\\/efe887376f0213d4657c93adc50b1fdb\",\"name\":\"La Gu\u00eda de Pamplona\",\"image\":{\"@type\":\"ImageObject\",\"inLanguage\":\"es\",\"@id\":\"https:\\\/\\\/secure.gravatar.com\\\/avatar\\\/b6992f131dc8d30ab0dff15446e9d346d9dbd95992de0fef795073f5ea83a81c?s=96&d=mm&r=g\",\"url\":\"https:\\\/\\\/secure.gravatar.com\\\/avatar\\\/b6992f131dc8d30ab0dff15446e9d346d9dbd95992de0fef795073f5ea83a81c?s=96&d=mm&r=g\",\"contentUrl\":\"https:\\\/\\\/secure.gravatar.com\\\/avatar\\\/b6992f131dc8d30ab0dff15446e9d346d9dbd95992de0fef795073f5ea83a81c?s=96&d=mm&r=g\",\"caption\":\"La Gu\u00eda de Pamplona\"}}]}<\/script>\n<!-- \/ Yoast SEO plugin. -->","yoast_head_json":{"title":"El Ayuntamiento de Pamplona abre el d\u00eda 20 de mayo las inscripciones para el servicio de atenci\u00f3n infantil de verano para conciliar la vida familiar y laboral en las vacaciones","robots":{"index":"index","follow":"follow","max-snippet":"max-snippet:-1","max-image-preview":"max-image-preview:large","max-video-preview":"max-video-preview:-1"},"canonical":"https:\/\/www.laguiadepamplona.com\/actualidad\/el-ayuntamiento-de-pamplona-abre-el-dia-20-de-mayo-las-inscripciones-para-el-servicio-de-atencion-infantil-de-verano-para-conciliar-la-vida-familiar-y-laboral-en-las-vacaciones\/","og_locale":"es_ES","og_type":"article","og_title":"El Ayuntamiento de Pamplona abre el d\u00eda 20 de mayo las inscripciones para el servicio de atenci\u00f3n infantil de verano para conciliar la vida familiar y laboral en las vacaciones","og_url":"https:\/\/www.laguiadepamplona.com\/actualidad\/el-ayuntamiento-de-pamplona-abre-el-dia-20-de-mayo-las-inscripciones-para-el-servicio-de-atencion-infantil-de-verano-para-conciliar-la-vida-familiar-y-laboral-en-las-vacaciones\/","og_site_name":"La Gu\u00eda de Pamplona","article_publisher":"https:\/\/www.facebook.com\/laguiadepamplonacom-133175176762273\/?ref=hl","article_published_time":"2019-05-17T15:10:26+00:00","article_modified_time":"2019-05-17T15:23:23+00:00","og_image":[{"width":1920,"height":1100,"url":"https:\/\/www.laguiadepamplona.com\/actualidad\/wp-content\/uploads\/2019\/05\/ayuntamiento-pamplona-laguiadepamplona.jpg","type":"image\/jpeg"}],"author":"La Gu\u00eda de Pamplona","twitter_card":"summary_large_image","twitter_creator":"@LaGuiadPamplona","twitter_site":"@LaGuiadPamplona","twitter_misc":{"Escrito por":"La Gu\u00eda de Pamplona","Tiempo de lectura":"4 minutos"},"schema":{"@context":"https:\/\/schema.org","@graph":[{"@type":"Article","@id":"https:\/\/www.laguiadepamplona.com\/actualidad\/el-ayuntamiento-de-pamplona-abre-el-dia-20-de-mayo-las-inscripciones-para-el-servicio-de-atencion-infantil-de-verano-para-conciliar-la-vida-familiar-y-laboral-en-las-vacaciones\/#article","isPartOf":{"@id":"https:\/\/www.laguiadepamplona.com\/actualidad\/el-ayuntamiento-de-pamplona-abre-el-dia-20-de-mayo-las-inscripciones-para-el-servicio-de-atencion-infantil-de-verano-para-conciliar-la-vida-familiar-y-laboral-en-las-vacaciones\/"},"author":{"name":"La Gu\u00eda de Pamplona","@id":"https:\/\/www.laguiadepamplona.com\/actualidad\/#\/schema\/person\/efe887376f0213d4657c93adc50b1fdb"},"headline":"El Ayuntamiento de Pamplona abre el d\u00eda 20 de mayo las inscripciones para el servicio de atenci\u00f3n infantil de verano para conciliar la vida familiar y laboral en las vacaciones","datePublished":"2019-05-17T15:10:26+00:00","dateModified":"2019-05-17T15:23:23+00:00","mainEntityOfPage":{"@id":"https:\/\/www.laguiadepamplona.com\/actualidad\/el-ayuntamiento-de-pamplona-abre-el-dia-20-de-mayo-las-inscripciones-para-el-servicio-de-atencion-infantil-de-verano-para-conciliar-la-vida-familiar-y-laboral-en-las-vacaciones\/"},"wordCount":784,"commentCount":0,"publisher":{"@id":"https:\/\/www.laguiadepamplona.com\/actualidad\/#organization"},"image":{"@id":"https:\/\/www.laguiadepamplona.com\/actualidad\/el-ayuntamiento-de-pamplona-abre-el-dia-20-de-mayo-las-inscripciones-para-el-servicio-de-atencion-infantil-de-verano-para-conciliar-la-vida-familiar-y-laboral-en-las-vacaciones\/#primaryimage"},"thumbnailUrl":"https:\/\/www.laguiadepamplona.com\/actualidad\/wp-content\/uploads\/2019\/05\/ayuntamiento-pamplona-laguiadepamplona.jpg","articleSection":["Ayto Pamplona"],"inLanguage":"es","potentialAction":[{"@type":"CommentAction","name":"Comment","target":["https:\/\/www.laguiadepamplona.com\/actualidad\/el-ayuntamiento-de-pamplona-abre-el-dia-20-de-mayo-las-inscripciones-para-el-servicio-de-atencion-infantil-de-verano-para-conciliar-la-vida-familiar-y-laboral-en-las-vacaciones\/#respond"]}]},{"@type":"WebPage","@id":"https:\/\/www.laguiadepamplona.com\/actualidad\/el-ayuntamiento-de-pamplona-abre-el-dia-20-de-mayo-las-inscripciones-para-el-servicio-de-atencion-infantil-de-verano-para-conciliar-la-vida-familiar-y-laboral-en-las-vacaciones\/","url":"https:\/\/www.laguiadepamplona.com\/actualidad\/el-ayuntamiento-de-pamplona-abre-el-dia-20-de-mayo-las-inscripciones-para-el-servicio-de-atencion-infantil-de-verano-para-conciliar-la-vida-familiar-y-laboral-en-las-vacaciones\/","name":"El Ayuntamiento de Pamplona abre el d\u00eda 20 de mayo las inscripciones para el servicio de atenci\u00f3n infantil de verano para conciliar la vida familiar y laboral en las vacaciones","isPartOf":{"@id":"https:\/\/www.laguiadepamplona.com\/actualidad\/#website"},"primaryImageOfPage":{"@id":"https:\/\/www.laguiadepamplona.com\/actualidad\/el-ayuntamiento-de-pamplona-abre-el-dia-20-de-mayo-las-inscripciones-para-el-servicio-de-atencion-infantil-de-verano-para-conciliar-la-vida-familiar-y-laboral-en-las-vacaciones\/#primaryimage"},"image":{"@id":"https:\/\/www.laguiadepamplona.com\/actualidad\/el-ayuntamiento-de-pamplona-abre-el-dia-20-de-mayo-las-inscripciones-para-el-servicio-de-atencion-infantil-de-verano-para-conciliar-la-vida-familiar-y-laboral-en-las-vacaciones\/#primaryimage"},"thumbnailUrl":"https:\/\/www.laguiadepamplona.com\/actualidad\/wp-content\/uploads\/2019\/05\/ayuntamiento-pamplona-laguiadepamplona.jpg","datePublished":"2019-05-17T15:10:26+00:00","dateModified":"2019-05-17T15:23:23+00:00","breadcrumb":{"@id":"https:\/\/www.laguiadepamplona.com\/actualidad\/el-ayuntamiento-de-pamplona-abre-el-dia-20-de-mayo-las-inscripciones-para-el-servicio-de-atencion-infantil-de-verano-para-conciliar-la-vida-familiar-y-laboral-en-las-vacaciones\/#breadcrumb"},"inLanguage":"es","potentialAction":[{"@type":"ReadAction","target":["https:\/\/www.laguiadepamplona.com\/actualidad\/el-ayuntamiento-de-pamplona-abre-el-dia-20-de-mayo-las-inscripciones-para-el-servicio-de-atencion-infantil-de-verano-para-conciliar-la-vida-familiar-y-laboral-en-las-vacaciones\/"]}]},{"@type":"ImageObject","inLanguage":"es","@id":"https:\/\/www.laguiadepamplona.com\/actualidad\/el-ayuntamiento-de-pamplona-abre-el-dia-20-de-mayo-las-inscripciones-para-el-servicio-de-atencion-infantil-de-verano-para-conciliar-la-vida-familiar-y-laboral-en-las-vacaciones\/#primaryimage","url":"https:\/\/www.laguiadepamplona.com\/actualidad\/wp-content\/uploads\/2019\/05\/ayuntamiento-pamplona-laguiadepamplona.jpg","contentUrl":"https:\/\/www.laguiadepamplona.com\/actualidad\/wp-content\/uploads\/2019\/05\/ayuntamiento-pamplona-laguiadepamplona.jpg","width":1920,"height":1100},{"@type":"BreadcrumbList","@id":"https:\/\/www.laguiadepamplona.com\/actualidad\/el-ayuntamiento-de-pamplona-abre-el-dia-20-de-mayo-las-inscripciones-para-el-servicio-de-atencion-infantil-de-verano-para-conciliar-la-vida-familiar-y-laboral-en-las-vacaciones\/#breadcrumb","itemListElement":[{"@type":"ListItem","position":1,"name":"Portada","item":"https:\/\/www.laguiadepamplona.com\/actualidad\/"},{"@type":"ListItem","position":2,"name":"El Ayuntamiento de Pamplona abre el d\u00eda 20 de mayo las inscripciones para el servicio de atenci\u00f3n infantil de verano para conciliar la vida familiar y laboral en las vacaciones"}]},{"@type":"WebSite","@id":"https:\/\/www.laguiadepamplona.com\/actualidad\/#website","url":"https:\/\/www.laguiadepamplona.com\/actualidad\/","name":"La gu\u00eda de Pamplona","description":"Noticias de Pamplona","publisher":{"@id":"https:\/\/www.laguiadepamplona.com\/actualidad\/#organization"},"potentialAction":[{"@type":"SearchAction","target":{"@type":"EntryPoint","urlTemplate":"https:\/\/www.laguiadepamplona.com\/actualidad\/?s={search_term_string}"},"query-input":{"@type":"PropertyValueSpecification","valueRequired":true,"valueName":"search_term_string"}}],"inLanguage":"es"},{"@type":"Organization","@id":"https:\/\/www.laguiadepamplona.com\/actualidad\/#organization","name":"La Gu\u00eda de Pamplona \/ Noticias","url":"https:\/\/www.laguiadepamplona.com\/actualidad\/","logo":{"@type":"ImageObject","inLanguage":"es","@id":"https:\/\/www.laguiadepamplona.com\/actualidad\/#\/schema\/logo\/image\/","url":"https:\/\/www.laguiadepamplona.com\/actualidad\/wp-content\/uploads\/2018\/11\/logo-laguiadepamplona18-web1.png","contentUrl":"https:\/\/www.laguiadepamplona.com\/actualidad\/wp-content\/uploads\/2018\/11\/logo-laguiadepamplona18-web1.png","width":600,"height":196,"caption":"La Gu\u00eda de Pamplona \/ Noticias"},"image":{"@id":"https:\/\/www.laguiadepamplona.com\/actualidad\/#\/schema\/logo\/image\/"},"sameAs":["https:\/\/www.facebook.com\/laguiadepamplonacom-133175176762273\/?ref=hl","https:\/\/x.com\/LaGuiadPamplona","https:\/\/www.instagram.com\/la_guia_de_pamplona\/","https:\/\/www.youtube.com\/user\/laguiadepamplona"]},{"@type":"Person","@id":"https:\/\/www.laguiadepamplona.com\/actualidad\/#\/schema\/person\/efe887376f0213d4657c93adc50b1fdb","name":"La Gu\u00eda de Pamplona","image":{"@type":"ImageObject","inLanguage":"es","@id":"https:\/\/secure.gravatar.com\/avatar\/b6992f131dc8d30ab0dff15446e9d346d9dbd95992de0fef795073f5ea83a81c?s=96&d=mm&r=g","url":"https:\/\/secure.gravatar.com\/avatar\/b6992f131dc8d30ab0dff15446e9d346d9dbd95992de0fef795073f5ea83a81c?s=96&d=mm&r=g","contentUrl":"https:\/\/secure.gravatar.com\/avatar\/b6992f131dc8d30ab0dff15446e9d346d9dbd95992de0fef795073f5ea83a81c?s=96&d=mm&r=g","caption":"La Gu\u00eda de Pamplona"}}]}},"post_mailing_queue_ids":[],"_links":{"self":[{"href":"https:\/\/www.laguiadepamplona.com\/actualidad\/wp-json\/wp\/v2\/posts\/22213","targetHints":{"allow":["GET"]}}],"collection":[{"href":"https:\/\/www.laguiadepamplona.com\/actualidad\/wp-json\/wp\/v2\/posts"}],"about":[{"href":"https:\/\/www.laguiadepamplona.com\/actualidad\/wp-json\/wp\/v2\/types\/post"}],"author":[{"embeddable":true,"href":"https:\/\/www.laguiadepamplona.com\/actualidad\/wp-json\/wp\/v2\/users\/1"}],"replies":[{"embeddable":true,"href":"https:\/\/www.laguiadepamplona.com\/actualidad\/wp-json\/wp\/v2\/comments?post=22213"}],"version-history":[{"count":0,"href":"https:\/\/www.laguiadepamplona.com\/actualidad\/wp-json\/wp\/v2\/posts\/22213\/revisions"}],"wp:featuredmedia":[{"embeddable":true,"href":"https:\/\/www.laguiadepamplona.com\/actualidad\/wp-json\/wp\/v2\/media\/21939"}],"wp:attachment":[{"href":"https:\/\/www.laguiadepamplona.com\/actualidad\/wp-json\/wp\/v2\/media?parent=22213"}],"wp:term":[{"taxonomy":"category","embeddable":true,"href":"https:\/\/www.laguiadepamplona.com\/actualidad\/wp-json\/wp\/v2\/categories?post=22213"},{"taxonomy":"post_tag","embeddable":true,"href":"https:\/\/www.laguiadepamplona.com\/actualidad\/wp-json\/wp\/v2\/tags?post=22213"}],"curies":[{"name":"wp","href":"https:\/\/api.w.org\/{rel}","templated":true}]}}