{"id":22209,"date":"2019-05-17T17:08:40","date_gmt":"2019-05-17T15:08:40","guid":{"rendered":"https:\/\/www.laguiadepamplona.es\/actualidad\/?p=22209"},"modified":"2019-05-17T17:08:40","modified_gmt":"2019-05-17T15:08:40","slug":"convocadas-por-segundo-ano-ayudas-para-instalaciones-fotovoltaicas-de-autoconsumo-que-por-primera-vez-podran-ser-para-uso-compartido","status":"publish","type":"post","link":"https:\/\/www.laguiadepamplona.com\/actualidad\/convocadas-por-segundo-ano-ayudas-para-instalaciones-fotovoltaicas-de-autoconsumo-que-por-primera-vez-podran-ser-para-uso-compartido\/","title":{"rendered":"Convocadas por segundo a\u00f1o ayudas para instalaciones fotovoltaicas de autoconsumo que por primera vez podr\u00e1n ser para uso compartido"},"content":{"rendered":"<p><!--more--><\/p>\n<h3>La convocatoria, de 20.000 euros y abierta hasta el 31 de octubre, es para instalaciones realizadas y registradas entre el 1 de enero y el 31 de octubre<\/h3>\n<p>El Ayuntamiento de Pamplona quiere seguir impulsando el desarrollo de las energ\u00edas renovables entre la ciudadan\u00eda y para ello ha convocado por segundo a\u00f1o ayudas para instalaciones fotovoltaicas de autoconsumo, unas subvenciones que por primera vez incluir\u00e1n viviendas colectivas. En la primera convocatoria pudieron participar solamente viviendas unifamiliares. La partida econ\u00f3mica destinada a esta iniciativa es de 20.000 euros. Las solicitudes se pueden presentar hasta el 31 de octubre y para participar tienen que ser instalaciones realizadas, facturadas y registradas entre el 1 de enero y el 31 de octubre de 2019.<\/p>\n<p>De esta manera, el Consistorio promueve la instalaci\u00f3n de placas fotovoltaicas para producir electricidad de origen solar para autoconsumo, es decir, que se produce y consume en la misma vivienda. Con el consumo directo de la energ\u00eda el\u00e9ctrica se logra mayor autonom\u00eda; reducir la factura el\u00e9ctrica de cada edificio con el correspondiente ahorro econ\u00f3mico y consumir energ\u00eda 100% renovable. Adem\u00e1s, la producci\u00f3n local de renovables permite disminuir el impacto sobre el clima y la contaminaci\u00f3n del aire al ser una energ\u00eda totalmente limpia y libre de emisiones de efecto invernadero.<\/p>\n<p>Se subvencionar\u00e1n las inversiones en instalaciones de generaci\u00f3n de energ\u00eda el\u00e9ctrica fotovoltaica para autoconsumo realizadas en Pamplona, aisladas (no conectadas a la red) o conectadas a la red seg\u00fan establece el Real Decreto 244\/2019. Ambos tipos de instalaciones podr\u00e1n contar con sistema de acumulaci\u00f3n de energ\u00eda. Las instalaciones deber\u00e1n tener car\u00e1cter de permanente.<\/p>\n<p><strong>En viviendas colectivas para servicios comunes o consumo compartido<\/strong><\/p>\n<p>Para acogerse a estas ayudas, las instalaciones fotovoltaicas en viviendas unifamiliares tienen que ser de autoconsumo para la propia casa mientras que en el caso de edificios de viviendas colectivas puede darse dos casos. Una opci\u00f3n es que las instalaciones fotovoltaicas de autoconsumo se destinen a servicios comunes del edificio, es decir, para el consumo el\u00e9ctrico que ilumine zonas como portal, pasillos, escaleras, garajes, trasteros, locales comunes para calderas centrales o bicicletas, y para la puesta en funcionamiento de los ascensores.<\/p>\n<p>La segunda opci\u00f3n es para autoconsumo en edificios de 4 viviendas como m\u00e1ximo, con dos posibilidades en este caso. Que el autoconsumo de la producci\u00f3n el\u00e9ctrica solar sea compartido como m\u00ednimo por 2 viviendas, y m\u00e1ximo por las 4, haci\u00e9ndose un reparto de la producci\u00f3n para los diferentes consumos en las viviendas. Tambi\u00e9n puede darse el consumo individual en el que la producci\u00f3n el\u00e9ctrica solar se destina \u00fanicamente a uno de los suministros del edificio.<\/p>\n<p><script async src=\"\/\/pagead2.googlesyndication.com\/pagead\/js\/adsbygoogle.js\"><\/script><br \/>\n<!-- Noticias La Guia de Pamplona --><br \/>\n<ins class=\"adsbygoogle\"\nstyle=\"display:block\"\ndata-ad-client=\"ca-pub-6943679897239327\"\ndata-ad-slot=\"7048180777\"\ndata-ad-format=\"auto\"><\/ins><br \/>\n<script>\n(adsbygoogle = window.adsbygoogle || []).push({});\n<\/script><\/p>\n<p><strong>Solicitudes desde la publicaci\u00f3n en el BON hasta el 31 de octubre o se agote la partida<\/strong><\/p>\n<p>El plazo para la realizaci\u00f3n de las instalaciones subvencionables ser\u00e1 del 1 de enero de 2019 al 31 de octubre de este mismo a\u00f1o, es decir, todas las instalaciones habr\u00e1n tenido que ser realizadas, facturadas y legalizadas para esa fecha.<\/p>\n<p>La inversi\u00f3n subvencionable no podr\u00e1 ser inferior a 2.000 euros; los trabajos de dise\u00f1o o ingenier\u00eda no podr\u00e1n exceder del 10% del coste total de la instalaci\u00f3n; y el importe de la subvenci\u00f3n ser\u00e1 de hasta el 50% del gasto, con una cuant\u00eda m\u00e1xima por solicitud entre 2.000 y \u00a03.000 euros, seg\u00fan la tipolog\u00eda. Se consideran gastos subvencionables las inversiones en instalaciones de generaci\u00f3n de energ\u00eda el\u00e9ctrica fotovoltaica para autoconsumo, que pueden incluir elementos generadores, sistema de anclaje y sujeci\u00f3n, inversores, cableado y protecciones, bater\u00edas y los trabajos de dise\u00f1o o ingenier\u00eda.<\/p>\n<p>Las solicitudes se deben presentar en el Registro General del Ayuntamiento, en los registros auxiliares o en cualquiera de los previstos en la Ley del Procedimiento Administrativo Com\u00fan a partir del d\u00eda siguiente de la publicaci\u00f3n de la convocatoria en el Bolet\u00edn Oficial de Navarra hasta el 31 de octubre. Se resolver\u00e1n por orden de llegada, hasta que se agote la partida de 20.000 euros.<\/p>\n<p><strong>Impulsar instalaciones que ya existen en edificios p\u00fablicos<\/strong><\/p>\n<p>Esta convocatoria responde al objetivo del Ayuntamiento de impulsar la producci\u00f3n local de energ\u00edas renovables y forman parte de las l\u00edneas estrat\u00e9gicas municipales relacionadas con la energ\u00eda y la sostenibilidad en la ciudad. Por ejemplo, Pamplona puso en funcionamiento el a\u00f1o pasado nuevas instalaciones de autoconsumo en el C. P. Do\u00f1a Mayor, C.P. Bernat Etxepare I.P., en la Biblioteca P\u00fablica de la Txantrea y en el Centro de Atenci\u00f3n a Personas sin Hogar de Trinitarios y reconvirti\u00f3 a autoconsumo la instalaci\u00f3n existente del C.P. Buztintxuri I.P.<\/p>\n<p>La l\u00ednea de ayudas para viviendas quiere incentivar que la ciudadan\u00eda pueda realizar proyectos de este tipo en sus viviendas, lo que aumentar\u00e1 progresivamente el grado de autosuficiencia energ\u00e9tica en la ciudad desvincul\u00e1ndose as\u00ed de las energ\u00edas f\u00f3siles, contaminantes, costosas, y cuyos recursos se van agotando.<\/p>\n<p><strong>Atenci\u00f3n en el Servicio de Energ\u00eda Verde con dos sesiones informativas<\/strong><\/p>\n<p>Las personas que desean obtener m\u00e1s informaci\u00f3n respecto al procedimiento de solicitud de la ayuda, o sobre el autoconsumo, pueden contactar con el Servicio de Energ\u00eda Verde en el tel\u00e9fono 948420991; en el correo electr\u00f3nico <a href=\"mailto:agencia.energetica@pamplona.es\">agencia.energetica@pamplona.es<\/a>., o acudir presencialmente a la oficina del servicio, ubicado en el edificio del Monasterio Viejo de San Pedro en la calle Errotzar, de 8.30 a 14.30 horas.<\/p>\n<p>Tambi\u00e9n est\u00e1n programadas dos sesiones presenciales para explicar e informar sobre la subvenci\u00f3n y el proceso de solicitud. Tienen entrada libre sin necesidad de confirmar asistencia previamente. Ser\u00e1n los d\u00edas 22 de mayo de 13 a 14 horas, y 30 de mayo de 18.30 a 19.30 horas, en el Museo de Educaci\u00f3n Ambiental, en el mismo edificio del Monasterio Viejo de San Pedro.<\/p>\n<p>La informaci\u00f3n respecto a la ayuda est\u00e1 disponible en la sede electr\u00f3nica del Ayuntamiento de Pamplona en <a href=\"http:\/\/www.pamplona.es\/\" target=\"_blank\" rel=\"noopener noreferrer\">www.pamplona.es<\/a>, y en la p\u00e1gina web del Servicio de Energ\u00eda Verde.<\/p>\n<p>&nbsp;<\/p>\n","protected":false},"excerpt":{"rendered":"","protected":false},"author":1,"featured_media":21939,"comment_status":"open","ping_status":"closed","sticky":false,"template":"","format":"standard","meta":{"footnotes":""},"categories":[2],"tags":[],"class_list":["post-22209","post","type-post","status-publish","format-standard","has-post-thumbnail","hentry","category-ayuntamiento-pamplona"],"yoast_head":"<!-- This site is optimized with the Yoast SEO plugin v27.5 - https:\/\/yoast.com\/product\/yoast-seo-wordpress\/ -->\n<title>Convocadas por segundo a\u00f1o ayudas para instalaciones fotovoltaicas de autoconsumo que por primera vez podr\u00e1n ser para uso compartido<\/title>\n<meta name=\"robots\" content=\"index, follow, max-snippet:-1, max-image-preview:large, max-video-preview:-1\" \/>\n<link rel=\"canonical\" href=\"https:\/\/www.laguiadepamplona.com\/actualidad\/convocadas-por-segundo-ano-ayudas-para-instalaciones-fotovoltaicas-de-autoconsumo-que-por-primera-vez-podran-ser-para-uso-compartido\/\" \/>\n<meta property=\"og:locale\" content=\"es_ES\" \/>\n<meta property=\"og:type\" content=\"article\" \/>\n<meta property=\"og:title\" content=\"Convocadas por segundo a\u00f1o ayudas para instalaciones fotovoltaicas de autoconsumo que por primera vez podr\u00e1n ser para uso compartido\" \/>\n<meta property=\"og:url\" content=\"https:\/\/www.laguiadepamplona.com\/actualidad\/convocadas-por-segundo-ano-ayudas-para-instalaciones-fotovoltaicas-de-autoconsumo-que-por-primera-vez-podran-ser-para-uso-compartido\/\" \/>\n<meta property=\"og:site_name\" content=\"La Gu\u00eda de Pamplona\" \/>\n<meta property=\"article:publisher\" content=\"https:\/\/www.facebook.com\/laguiadepamplonacom-133175176762273\/?ref=hl\" \/>\n<meta property=\"article:published_time\" content=\"2019-05-17T15:08:40+00:00\" \/>\n<meta property=\"og:image\" content=\"https:\/\/www.laguiadepamplona.com\/actualidad\/wp-content\/uploads\/2019\/05\/ayuntamiento-pamplona-laguiadepamplona.jpg\" \/>\n\t<meta property=\"og:image:width\" content=\"1920\" \/>\n\t<meta property=\"og:image:height\" content=\"1100\" \/>\n\t<meta property=\"og:image:type\" content=\"image\/jpeg\" \/>\n<meta name=\"author\" content=\"La Gu\u00eda de Pamplona\" \/>\n<meta name=\"twitter:card\" content=\"summary_large_image\" \/>\n<meta name=\"twitter:creator\" content=\"@LaGuiadPamplona\" \/>\n<meta name=\"twitter:site\" content=\"@LaGuiadPamplona\" \/>\n<meta name=\"twitter:label1\" content=\"Escrito por\" \/>\n\t<meta name=\"twitter:data1\" content=\"La Gu\u00eda de Pamplona\" \/>\n\t<meta name=\"twitter:label2\" content=\"Tiempo de lectura\" \/>\n\t<meta name=\"twitter:data2\" content=\"5 minutos\" \/>\n<script type=\"application\/ld+json\" class=\"yoast-schema-graph\">{\"@context\":\"https:\\\/\\\/schema.org\",\"@graph\":[{\"@type\":\"Article\",\"@id\":\"https:\\\/\\\/www.laguiadepamplona.com\\\/actualidad\\\/convocadas-por-segundo-ano-ayudas-para-instalaciones-fotovoltaicas-de-autoconsumo-que-por-primera-vez-podran-ser-para-uso-compartido\\\/#article\",\"isPartOf\":{\"@id\":\"https:\\\/\\\/www.laguiadepamplona.com\\\/actualidad\\\/convocadas-por-segundo-ano-ayudas-para-instalaciones-fotovoltaicas-de-autoconsumo-que-por-primera-vez-podran-ser-para-uso-compartido\\\/\"},\"author\":{\"name\":\"La Gu\u00eda de Pamplona\",\"@id\":\"https:\\\/\\\/www.laguiadepamplona.com\\\/actualidad\\\/#\\\/schema\\\/person\\\/efe887376f0213d4657c93adc50b1fdb\"},\"headline\":\"Convocadas por segundo a\u00f1o ayudas para instalaciones fotovoltaicas de autoconsumo que por primera vez podr\u00e1n ser para uso compartido\",\"datePublished\":\"2019-05-17T15:08:40+00:00\",\"mainEntityOfPage\":{\"@id\":\"https:\\\/\\\/www.laguiadepamplona.com\\\/actualidad\\\/convocadas-por-segundo-ano-ayudas-para-instalaciones-fotovoltaicas-de-autoconsumo-que-por-primera-vez-podran-ser-para-uso-compartido\\\/\"},\"wordCount\":1043,\"commentCount\":0,\"publisher\":{\"@id\":\"https:\\\/\\\/www.laguiadepamplona.com\\\/actualidad\\\/#organization\"},\"image\":{\"@id\":\"https:\\\/\\\/www.laguiadepamplona.com\\\/actualidad\\\/convocadas-por-segundo-ano-ayudas-para-instalaciones-fotovoltaicas-de-autoconsumo-que-por-primera-vez-podran-ser-para-uso-compartido\\\/#primaryimage\"},\"thumbnailUrl\":\"https:\\\/\\\/www.laguiadepamplona.com\\\/actualidad\\\/wp-content\\\/uploads\\\/2019\\\/05\\\/ayuntamiento-pamplona-laguiadepamplona.jpg\",\"articleSection\":[\"Ayto Pamplona\"],\"inLanguage\":\"es\",\"potentialAction\":[{\"@type\":\"CommentAction\",\"name\":\"Comment\",\"target\":[\"https:\\\/\\\/www.laguiadepamplona.com\\\/actualidad\\\/convocadas-por-segundo-ano-ayudas-para-instalaciones-fotovoltaicas-de-autoconsumo-que-por-primera-vez-podran-ser-para-uso-compartido\\\/#respond\"]}]},{\"@type\":\"WebPage\",\"@id\":\"https:\\\/\\\/www.laguiadepamplona.com\\\/actualidad\\\/convocadas-por-segundo-ano-ayudas-para-instalaciones-fotovoltaicas-de-autoconsumo-que-por-primera-vez-podran-ser-para-uso-compartido\\\/\",\"url\":\"https:\\\/\\\/www.laguiadepamplona.com\\\/actualidad\\\/convocadas-por-segundo-ano-ayudas-para-instalaciones-fotovoltaicas-de-autoconsumo-que-por-primera-vez-podran-ser-para-uso-compartido\\\/\",\"name\":\"Convocadas por segundo a\u00f1o ayudas para instalaciones fotovoltaicas de autoconsumo que por primera vez podr\u00e1n ser para uso compartido\",\"isPartOf\":{\"@id\":\"https:\\\/\\\/www.laguiadepamplona.com\\\/actualidad\\\/#website\"},\"primaryImageOfPage\":{\"@id\":\"https:\\\/\\\/www.laguiadepamplona.com\\\/actualidad\\\/convocadas-por-segundo-ano-ayudas-para-instalaciones-fotovoltaicas-de-autoconsumo-que-por-primera-vez-podran-ser-para-uso-compartido\\\/#primaryimage\"},\"image\":{\"@id\":\"https:\\\/\\\/www.laguiadepamplona.com\\\/actualidad\\\/convocadas-por-segundo-ano-ayudas-para-instalaciones-fotovoltaicas-de-autoconsumo-que-por-primera-vez-podran-ser-para-uso-compartido\\\/#primaryimage\"},\"thumbnailUrl\":\"https:\\\/\\\/www.laguiadepamplona.com\\\/actualidad\\\/wp-content\\\/uploads\\\/2019\\\/05\\\/ayuntamiento-pamplona-laguiadepamplona.jpg\",\"datePublished\":\"2019-05-17T15:08:40+00:00\",\"breadcrumb\":{\"@id\":\"https:\\\/\\\/www.laguiadepamplona.com\\\/actualidad\\\/convocadas-por-segundo-ano-ayudas-para-instalaciones-fotovoltaicas-de-autoconsumo-que-por-primera-vez-podran-ser-para-uso-compartido\\\/#breadcrumb\"},\"inLanguage\":\"es\",\"potentialAction\":[{\"@type\":\"ReadAction\",\"target\":[\"https:\\\/\\\/www.laguiadepamplona.com\\\/actualidad\\\/convocadas-por-segundo-ano-ayudas-para-instalaciones-fotovoltaicas-de-autoconsumo-que-por-primera-vez-podran-ser-para-uso-compartido\\\/\"]}]},{\"@type\":\"ImageObject\",\"inLanguage\":\"es\",\"@id\":\"https:\\\/\\\/www.laguiadepamplona.com\\\/actualidad\\\/convocadas-por-segundo-ano-ayudas-para-instalaciones-fotovoltaicas-de-autoconsumo-que-por-primera-vez-podran-ser-para-uso-compartido\\\/#primaryimage\",\"url\":\"https:\\\/\\\/www.laguiadepamplona.com\\\/actualidad\\\/wp-content\\\/uploads\\\/2019\\\/05\\\/ayuntamiento-pamplona-laguiadepamplona.jpg\",\"contentUrl\":\"https:\\\/\\\/www.laguiadepamplona.com\\\/actualidad\\\/wp-content\\\/uploads\\\/2019\\\/05\\\/ayuntamiento-pamplona-laguiadepamplona.jpg\",\"width\":1920,\"height\":1100},{\"@type\":\"BreadcrumbList\",\"@id\":\"https:\\\/\\\/www.laguiadepamplona.com\\\/actualidad\\\/convocadas-por-segundo-ano-ayudas-para-instalaciones-fotovoltaicas-de-autoconsumo-que-por-primera-vez-podran-ser-para-uso-compartido\\\/#breadcrumb\",\"itemListElement\":[{\"@type\":\"ListItem\",\"position\":1,\"name\":\"Portada\",\"item\":\"https:\\\/\\\/www.laguiadepamplona.com\\\/actualidad\\\/\"},{\"@type\":\"ListItem\",\"position\":2,\"name\":\"Convocadas por segundo a\u00f1o ayudas para instalaciones fotovoltaicas de autoconsumo que por primera vez podr\u00e1n ser para uso compartido\"}]},{\"@type\":\"WebSite\",\"@id\":\"https:\\\/\\\/www.laguiadepamplona.com\\\/actualidad\\\/#website\",\"url\":\"https:\\\/\\\/www.laguiadepamplona.com\\\/actualidad\\\/\",\"name\":\"La gu\u00eda de Pamplona\",\"description\":\"Noticias de Pamplona\",\"publisher\":{\"@id\":\"https:\\\/\\\/www.laguiadepamplona.com\\\/actualidad\\\/#organization\"},\"potentialAction\":[{\"@type\":\"SearchAction\",\"target\":{\"@type\":\"EntryPoint\",\"urlTemplate\":\"https:\\\/\\\/www.laguiadepamplona.com\\\/actualidad\\\/?s={search_term_string}\"},\"query-input\":{\"@type\":\"PropertyValueSpecification\",\"valueRequired\":true,\"valueName\":\"search_term_string\"}}],\"inLanguage\":\"es\"},{\"@type\":\"Organization\",\"@id\":\"https:\\\/\\\/www.laguiadepamplona.com\\\/actualidad\\\/#organization\",\"name\":\"La Gu\u00eda de Pamplona \\\/ Noticias\",\"url\":\"https:\\\/\\\/www.laguiadepamplona.com\\\/actualidad\\\/\",\"logo\":{\"@type\":\"ImageObject\",\"inLanguage\":\"es\",\"@id\":\"https:\\\/\\\/www.laguiadepamplona.com\\\/actualidad\\\/#\\\/schema\\\/logo\\\/image\\\/\",\"url\":\"https:\\\/\\\/www.laguiadepamplona.com\\\/actualidad\\\/wp-content\\\/uploads\\\/2018\\\/11\\\/logo-laguiadepamplona18-web1.png\",\"contentUrl\":\"https:\\\/\\\/www.laguiadepamplona.com\\\/actualidad\\\/wp-content\\\/uploads\\\/2018\\\/11\\\/logo-laguiadepamplona18-web1.png\",\"width\":600,\"height\":196,\"caption\":\"La Gu\u00eda de Pamplona \\\/ Noticias\"},\"image\":{\"@id\":\"https:\\\/\\\/www.laguiadepamplona.com\\\/actualidad\\\/#\\\/schema\\\/logo\\\/image\\\/\"},\"sameAs\":[\"https:\\\/\\\/www.facebook.com\\\/laguiadepamplonacom-133175176762273\\\/?ref=hl\",\"https:\\\/\\\/x.com\\\/LaGuiadPamplona\",\"https:\\\/\\\/www.instagram.com\\\/la_guia_de_pamplona\\\/\",\"https:\\\/\\\/www.youtube.com\\\/user\\\/laguiadepamplona\"]},{\"@type\":\"Person\",\"@id\":\"https:\\\/\\\/www.laguiadepamplona.com\\\/actualidad\\\/#\\\/schema\\\/person\\\/efe887376f0213d4657c93adc50b1fdb\",\"name\":\"La Gu\u00eda de Pamplona\",\"image\":{\"@type\":\"ImageObject\",\"inLanguage\":\"es\",\"@id\":\"https:\\\/\\\/secure.gravatar.com\\\/avatar\\\/b6992f131dc8d30ab0dff15446e9d346d9dbd95992de0fef795073f5ea83a81c?s=96&d=mm&r=g\",\"url\":\"https:\\\/\\\/secure.gravatar.com\\\/avatar\\\/b6992f131dc8d30ab0dff15446e9d346d9dbd95992de0fef795073f5ea83a81c?s=96&d=mm&r=g\",\"contentUrl\":\"https:\\\/\\\/secure.gravatar.com\\\/avatar\\\/b6992f131dc8d30ab0dff15446e9d346d9dbd95992de0fef795073f5ea83a81c?s=96&d=mm&r=g\",\"caption\":\"La Gu\u00eda de Pamplona\"}}]}<\/script>\n<!-- \/ Yoast SEO plugin. -->","yoast_head_json":{"title":"Convocadas por segundo a\u00f1o ayudas para instalaciones fotovoltaicas de autoconsumo que por primera vez podr\u00e1n ser para uso compartido","robots":{"index":"index","follow":"follow","max-snippet":"max-snippet:-1","max-image-preview":"max-image-preview:large","max-video-preview":"max-video-preview:-1"},"canonical":"https:\/\/www.laguiadepamplona.com\/actualidad\/convocadas-por-segundo-ano-ayudas-para-instalaciones-fotovoltaicas-de-autoconsumo-que-por-primera-vez-podran-ser-para-uso-compartido\/","og_locale":"es_ES","og_type":"article","og_title":"Convocadas por segundo a\u00f1o ayudas para instalaciones fotovoltaicas de autoconsumo que por primera vez podr\u00e1n ser para uso compartido","og_url":"https:\/\/www.laguiadepamplona.com\/actualidad\/convocadas-por-segundo-ano-ayudas-para-instalaciones-fotovoltaicas-de-autoconsumo-que-por-primera-vez-podran-ser-para-uso-compartido\/","og_site_name":"La Gu\u00eda de Pamplona","article_publisher":"https:\/\/www.facebook.com\/laguiadepamplonacom-133175176762273\/?ref=hl","article_published_time":"2019-05-17T15:08:40+00:00","og_image":[{"width":1920,"height":1100,"url":"https:\/\/www.laguiadepamplona.com\/actualidad\/wp-content\/uploads\/2019\/05\/ayuntamiento-pamplona-laguiadepamplona.jpg","type":"image\/jpeg"}],"author":"La Gu\u00eda de Pamplona","twitter_card":"summary_large_image","twitter_creator":"@LaGuiadPamplona","twitter_site":"@LaGuiadPamplona","twitter_misc":{"Escrito por":"La Gu\u00eda de Pamplona","Tiempo de lectura":"5 minutos"},"schema":{"@context":"https:\/\/schema.org","@graph":[{"@type":"Article","@id":"https:\/\/www.laguiadepamplona.com\/actualidad\/convocadas-por-segundo-ano-ayudas-para-instalaciones-fotovoltaicas-de-autoconsumo-que-por-primera-vez-podran-ser-para-uso-compartido\/#article","isPartOf":{"@id":"https:\/\/www.laguiadepamplona.com\/actualidad\/convocadas-por-segundo-ano-ayudas-para-instalaciones-fotovoltaicas-de-autoconsumo-que-por-primera-vez-podran-ser-para-uso-compartido\/"},"author":{"name":"La Gu\u00eda de Pamplona","@id":"https:\/\/www.laguiadepamplona.com\/actualidad\/#\/schema\/person\/efe887376f0213d4657c93adc50b1fdb"},"headline":"Convocadas por segundo a\u00f1o ayudas para instalaciones fotovoltaicas de autoconsumo que por primera vez podr\u00e1n ser para uso compartido","datePublished":"2019-05-17T15:08:40+00:00","mainEntityOfPage":{"@id":"https:\/\/www.laguiadepamplona.com\/actualidad\/convocadas-por-segundo-ano-ayudas-para-instalaciones-fotovoltaicas-de-autoconsumo-que-por-primera-vez-podran-ser-para-uso-compartido\/"},"wordCount":1043,"commentCount":0,"publisher":{"@id":"https:\/\/www.laguiadepamplona.com\/actualidad\/#organization"},"image":{"@id":"https:\/\/www.laguiadepamplona.com\/actualidad\/convocadas-por-segundo-ano-ayudas-para-instalaciones-fotovoltaicas-de-autoconsumo-que-por-primera-vez-podran-ser-para-uso-compartido\/#primaryimage"},"thumbnailUrl":"https:\/\/www.laguiadepamplona.com\/actualidad\/wp-content\/uploads\/2019\/05\/ayuntamiento-pamplona-laguiadepamplona.jpg","articleSection":["Ayto Pamplona"],"inLanguage":"es","potentialAction":[{"@type":"CommentAction","name":"Comment","target":["https:\/\/www.laguiadepamplona.com\/actualidad\/convocadas-por-segundo-ano-ayudas-para-instalaciones-fotovoltaicas-de-autoconsumo-que-por-primera-vez-podran-ser-para-uso-compartido\/#respond"]}]},{"@type":"WebPage","@id":"https:\/\/www.laguiadepamplona.com\/actualidad\/convocadas-por-segundo-ano-ayudas-para-instalaciones-fotovoltaicas-de-autoconsumo-que-por-primera-vez-podran-ser-para-uso-compartido\/","url":"https:\/\/www.laguiadepamplona.com\/actualidad\/convocadas-por-segundo-ano-ayudas-para-instalaciones-fotovoltaicas-de-autoconsumo-que-por-primera-vez-podran-ser-para-uso-compartido\/","name":"Convocadas por segundo a\u00f1o ayudas para instalaciones fotovoltaicas de autoconsumo que por primera vez podr\u00e1n ser para uso compartido","isPartOf":{"@id":"https:\/\/www.laguiadepamplona.com\/actualidad\/#website"},"primaryImageOfPage":{"@id":"https:\/\/www.laguiadepamplona.com\/actualidad\/convocadas-por-segundo-ano-ayudas-para-instalaciones-fotovoltaicas-de-autoconsumo-que-por-primera-vez-podran-ser-para-uso-compartido\/#primaryimage"},"image":{"@id":"https:\/\/www.laguiadepamplona.com\/actualidad\/convocadas-por-segundo-ano-ayudas-para-instalaciones-fotovoltaicas-de-autoconsumo-que-por-primera-vez-podran-ser-para-uso-compartido\/#primaryimage"},"thumbnailUrl":"https:\/\/www.laguiadepamplona.com\/actualidad\/wp-content\/uploads\/2019\/05\/ayuntamiento-pamplona-laguiadepamplona.jpg","datePublished":"2019-05-17T15:08:40+00:00","breadcrumb":{"@id":"https:\/\/www.laguiadepamplona.com\/actualidad\/convocadas-por-segundo-ano-ayudas-para-instalaciones-fotovoltaicas-de-autoconsumo-que-por-primera-vez-podran-ser-para-uso-compartido\/#breadcrumb"},"inLanguage":"es","potentialAction":[{"@type":"ReadAction","target":["https:\/\/www.laguiadepamplona.com\/actualidad\/convocadas-por-segundo-ano-ayudas-para-instalaciones-fotovoltaicas-de-autoconsumo-que-por-primera-vez-podran-ser-para-uso-compartido\/"]}]},{"@type":"ImageObject","inLanguage":"es","@id":"https:\/\/www.laguiadepamplona.com\/actualidad\/convocadas-por-segundo-ano-ayudas-para-instalaciones-fotovoltaicas-de-autoconsumo-que-por-primera-vez-podran-ser-para-uso-compartido\/#primaryimage","url":"https:\/\/www.laguiadepamplona.com\/actualidad\/wp-content\/uploads\/2019\/05\/ayuntamiento-pamplona-laguiadepamplona.jpg","contentUrl":"https:\/\/www.laguiadepamplona.com\/actualidad\/wp-content\/uploads\/2019\/05\/ayuntamiento-pamplona-laguiadepamplona.jpg","width":1920,"height":1100},{"@type":"BreadcrumbList","@id":"https:\/\/www.laguiadepamplona.com\/actualidad\/convocadas-por-segundo-ano-ayudas-para-instalaciones-fotovoltaicas-de-autoconsumo-que-por-primera-vez-podran-ser-para-uso-compartido\/#breadcrumb","itemListElement":[{"@type":"ListItem","position":1,"name":"Portada","item":"https:\/\/www.laguiadepamplona.com\/actualidad\/"},{"@type":"ListItem","position":2,"name":"Convocadas por segundo a\u00f1o ayudas para instalaciones fotovoltaicas de autoconsumo que por primera vez podr\u00e1n ser para uso compartido"}]},{"@type":"WebSite","@id":"https:\/\/www.laguiadepamplona.com\/actualidad\/#website","url":"https:\/\/www.laguiadepamplona.com\/actualidad\/","name":"La gu\u00eda de Pamplona","description":"Noticias de Pamplona","publisher":{"@id":"https:\/\/www.laguiadepamplona.com\/actualidad\/#organization"},"potentialAction":[{"@type":"SearchAction","target":{"@type":"EntryPoint","urlTemplate":"https:\/\/www.laguiadepamplona.com\/actualidad\/?s={search_term_string}"},"query-input":{"@type":"PropertyValueSpecification","valueRequired":true,"valueName":"search_term_string"}}],"inLanguage":"es"},{"@type":"Organization","@id":"https:\/\/www.laguiadepamplona.com\/actualidad\/#organization","name":"La Gu\u00eda de Pamplona \/ Noticias","url":"https:\/\/www.laguiadepamplona.com\/actualidad\/","logo":{"@type":"ImageObject","inLanguage":"es","@id":"https:\/\/www.laguiadepamplona.com\/actualidad\/#\/schema\/logo\/image\/","url":"https:\/\/www.laguiadepamplona.com\/actualidad\/wp-content\/uploads\/2018\/11\/logo-laguiadepamplona18-web1.png","contentUrl":"https:\/\/www.laguiadepamplona.com\/actualidad\/wp-content\/uploads\/2018\/11\/logo-laguiadepamplona18-web1.png","width":600,"height":196,"caption":"La Gu\u00eda de Pamplona \/ Noticias"},"image":{"@id":"https:\/\/www.laguiadepamplona.com\/actualidad\/#\/schema\/logo\/image\/"},"sameAs":["https:\/\/www.facebook.com\/laguiadepamplonacom-133175176762273\/?ref=hl","https:\/\/x.com\/LaGuiadPamplona","https:\/\/www.instagram.com\/la_guia_de_pamplona\/","https:\/\/www.youtube.com\/user\/laguiadepamplona"]},{"@type":"Person","@id":"https:\/\/www.laguiadepamplona.com\/actualidad\/#\/schema\/person\/efe887376f0213d4657c93adc50b1fdb","name":"La Gu\u00eda de Pamplona","image":{"@type":"ImageObject","inLanguage":"es","@id":"https:\/\/secure.gravatar.com\/avatar\/b6992f131dc8d30ab0dff15446e9d346d9dbd95992de0fef795073f5ea83a81c?s=96&d=mm&r=g","url":"https:\/\/secure.gravatar.com\/avatar\/b6992f131dc8d30ab0dff15446e9d346d9dbd95992de0fef795073f5ea83a81c?s=96&d=mm&r=g","contentUrl":"https:\/\/secure.gravatar.com\/avatar\/b6992f131dc8d30ab0dff15446e9d346d9dbd95992de0fef795073f5ea83a81c?s=96&d=mm&r=g","caption":"La Gu\u00eda de Pamplona"}}]}},"post_mailing_queue_ids":[],"_links":{"self":[{"href":"https:\/\/www.laguiadepamplona.com\/actualidad\/wp-json\/wp\/v2\/posts\/22209","targetHints":{"allow":["GET"]}}],"collection":[{"href":"https:\/\/www.laguiadepamplona.com\/actualidad\/wp-json\/wp\/v2\/posts"}],"about":[{"href":"https:\/\/www.laguiadepamplona.com\/actualidad\/wp-json\/wp\/v2\/types\/post"}],"author":[{"embeddable":true,"href":"https:\/\/www.laguiadepamplona.com\/actualidad\/wp-json\/wp\/v2\/users\/1"}],"replies":[{"embeddable":true,"href":"https:\/\/www.laguiadepamplona.com\/actualidad\/wp-json\/wp\/v2\/comments?post=22209"}],"version-history":[{"count":0,"href":"https:\/\/www.laguiadepamplona.com\/actualidad\/wp-json\/wp\/v2\/posts\/22209\/revisions"}],"wp:featuredmedia":[{"embeddable":true,"href":"https:\/\/www.laguiadepamplona.com\/actualidad\/wp-json\/wp\/v2\/media\/21939"}],"wp:attachment":[{"href":"https:\/\/www.laguiadepamplona.com\/actualidad\/wp-json\/wp\/v2\/media?parent=22209"}],"wp:term":[{"taxonomy":"category","embeddable":true,"href":"https:\/\/www.laguiadepamplona.com\/actualidad\/wp-json\/wp\/v2\/categories?post=22209"},{"taxonomy":"post_tag","embeddable":true,"href":"https:\/\/www.laguiadepamplona.com\/actualidad\/wp-json\/wp\/v2\/tags?post=22209"}],"curies":[{"name":"wp","href":"https:\/\/api.w.org\/{rel}","templated":true}]}}