{"id":22201,"date":"2019-05-16T16:22:50","date_gmt":"2019-05-16T14:22:50","guid":{"rendered":"https:\/\/www.laguiadepamplona.es\/actualidad\/?p=22201"},"modified":"2019-05-16T16:22:50","modified_gmt":"2019-05-16T14:22:50","slug":"adjudicadas-las-obras-de-reurbanizacion-del-i-ensanche-que-afectan-al-entorno-de-calle-taconera-y-frente-del-parlamento-y-que-se-preve-que-empiecen-tras-sanfermines","status":"publish","type":"post","link":"https:\/\/www.laguiadepamplona.com\/actualidad\/adjudicadas-las-obras-de-reurbanizacion-del-i-ensanche-que-afectan-al-entorno-de-calle-taconera-y-frente-del-parlamento-y-que-se-preve-que-empiecen-tras-sanfermines\/","title":{"rendered":"Adjudicadas las obras de reurbanizaci\u00f3n del I Ensanche que afectan al entorno de calle Taconera y frente del Parlamento y que se prev\u00e9 que empiecen tras Sanfermines"},"content":{"rendered":"<p><!--more--><\/p>\n<h3>Los trabajos se desarrollar\u00e1n durante cuatro meses con un presupuesto de 863.000 euros y consolidan el cambio de movilidad en el centro de la ciudad<\/h3>\n<p>La Junta de Gobierno Local del Ayuntamiento de Pamplona ha aprobado esta ma\u00f1ana la adjudicaci\u00f3n del contrato para la ejecuci\u00f3n de las obras de reurbanizaci\u00f3n del Primer Ensanche que se centrar\u00e1n en el entorno de la zona amabilizada en el centro. Los trabajos previstos afectan al tramo comprendido entre la intersecci\u00f3n de Navas de Tolosa con Yanguas y Miranda, frente al Parlamento de Navarra, y la calle Taconera en su enlace con Bosquecillo y calle Mayor. Se prev\u00e9 que las obras puedan comenzar despu\u00e9s de las fiestas de San Ferm\u00edn y se desarrollar\u00e1n durante cuatro meses.<\/p>\n<p>Se crear\u00e1 as\u00ed un eje de tr\u00e1nsito y movilidad que, m\u00e1s all\u00e1 de su funci\u00f3n conectora y distribuidora, incorpora dise\u00f1o humano y confortable que invite a pasear y a quedarse en la zona. El proyecto reajusta los trazados con el objetivo de suavizar y hacer intuitiva la continuidad del carril bici como eje longitudinal de las calles Navas de Tolosa y Taconera, y sus conexiones hacia el Ensanche y hacia el oeste de la ciudad. Contempla, adem\u00e1s, la ampliaci\u00f3n de aceras, el aumento y mejora de los espacios ajardinados y la creaci\u00f3n de nuevos espacios de estancia, relaci\u00f3n y juego. Las obras consolidan la apuesta del Ayuntamiento por el cambio en la movilidad en el centro de Pamplona iniciado en 2017, que busca la reducci\u00f3n de la presencia del coche, el fomento del uso del transporte p\u00fablico y medios sostenibles y una nueva ordenaci\u00f3n en la que se prioricen los espacios peatonales, la naturalizaci\u00f3n y los usos c\u00edvicos.<\/p>\n<p>Se trabajar\u00e1 sobre una superficie de 14.560,28 metros cuadrados, que se ha articulado en tres tramos: frente del Parlamento hasta la rotonda del Hotel Tres Reyes, el \u00e1mbito de la propia rotonda y la calle Taconera. El proyecto prev\u00e9 la ejecuci\u00f3n de dos de ellos. No se realizar\u00e1 el tramo de Taconera hasta que la Mancomunidad de la Comarca de Pamplona decida su proyecto del convento de Salesas. La empresa Obras Especiales Edificaci\u00f3n e Infraestructura S.A.U. ha sido la adjudicataria del contrato con un presupuesto de 863.152,21 euros, IVA no incluido, con una baja sobre el precio de licitaci\u00f3n del 17,5%.<\/p>\n<p><strong>Medidas y obras concretas<\/strong><\/p>\n<p>El proyecto recoge una nueva secci\u00f3n tipo en la calle Navas de Tolosa reduciendo la calzada a 7 metros e integrando un carril bici segregado de 2,5 metros. En el tramo entre el paseo Sarasate y el Parlamento se ampl\u00eda el ancho de calzada a 8 metros para garantizar la buena circulaci\u00f3n del transporte p\u00fablico. Con el fin de favorecer la conectividad transversal entre el Casco Antiguo y el I Ensanche, se incorpora un nuevo paso peatonal en la calle Marqu\u00e9s de Rozalejo y se redefinen otros dos pasos peatonales amplios, uno centrado a la salida del Parlamento de Navarra dando continuidad hacia el paseo de Sarasate y el otro como continuidad de la calle General Chinchilla.<\/p>\n<p>En su entrada en la rotonda de Navas de Tolosa con Taconera, el carril bici y el vial se bifurcan subiendo la bici al nivel acera y recorriendo la rotonda tras la parada de autobuses a trav\u00e9s de un trazado seguro, protegido por parterres y zonas verdes. La calle Taconera se redefine tambi\u00e9n con una secci\u00f3n de calzada de 7 metros y contin\u00faa el carril bici de 2,5 metros segregado a cota calzada. Al encontrarse con la parada de villavesa, el carril bici pasa a subir de nuevo a cota acera para recorrer en trazado seguro tras la parada de la villavesa hasta llegar al cruce con la calle Bosquecillo.<\/p>\n<p>En las aceras y en relaci\u00f3n directa con el objetivo de renaturalizaci\u00f3n de la propuesta, se establece una franja de 2,5 metros en el lado del Parlamento y de 2,6 metros en el lado Casco Antiguo, que permite determinan el l\u00edmite del pavimento caracter\u00edstico y tambi\u00e9n renaturalizar la base de los \u00e1rboles. Se integran espacios verdes de estancia que acompa\u00f1an el recorrido longitudinal alternado alcorque longitudinales plantados con pavimento mixto.<\/p>\n<p>El proyecto contempla tambi\u00e9n actuaciones de mejora estrat\u00e9gica en las escaleras de acceso entre la calle Navas de Tolosa y la calle San Gregorio y en el espacio frente a la Iglesia de San Lorenzo para eliminar los desniveles para mejorar la accesibilidad en ambos puntos. Asimismo, se trasladar\u00e1 el monumento a Navarro Villoslada ubicado en la rotonda del Hotel Tres Reyes a la zona ajardinada entre las calles Navas de Tolosa y Ciudadela frente a General Chinchilla.<\/p>\n<p>&nbsp;<\/p>\n","protected":false},"excerpt":{"rendered":"","protected":false},"author":1,"featured_media":21939,"comment_status":"open","ping_status":"closed","sticky":false,"template":"","format":"standard","meta":{"footnotes":""},"categories":[2],"tags":[],"class_list":["post-22201","post","type-post","status-publish","format-standard","has-post-thumbnail","hentry","category-ayuntamiento-pamplona"],"yoast_head":"<!-- This site is optimized with the Yoast SEO plugin v27.5 - https:\/\/yoast.com\/product\/yoast-seo-wordpress\/ -->\n<title>Adjudicadas las obras de reurbanizaci\u00f3n del I Ensanche que afectan al entorno de calle Taconera y frente del Parlamento y que se prev\u00e9 que empiecen tras Sanfermines<\/title>\n<meta name=\"robots\" content=\"index, follow, max-snippet:-1, max-image-preview:large, max-video-preview:-1\" \/>\n<link rel=\"canonical\" href=\"https:\/\/www.laguiadepamplona.com\/actualidad\/adjudicadas-las-obras-de-reurbanizacion-del-i-ensanche-que-afectan-al-entorno-de-calle-taconera-y-frente-del-parlamento-y-que-se-preve-que-empiecen-tras-sanfermines\/\" \/>\n<meta property=\"og:locale\" content=\"es_ES\" \/>\n<meta property=\"og:type\" content=\"article\" \/>\n<meta property=\"og:title\" content=\"Adjudicadas las obras de reurbanizaci\u00f3n del I Ensanche que afectan al entorno de calle Taconera y frente del Parlamento y que se prev\u00e9 que empiecen tras Sanfermines\" \/>\n<meta property=\"og:url\" content=\"https:\/\/www.laguiadepamplona.com\/actualidad\/adjudicadas-las-obras-de-reurbanizacion-del-i-ensanche-que-afectan-al-entorno-de-calle-taconera-y-frente-del-parlamento-y-que-se-preve-que-empiecen-tras-sanfermines\/\" \/>\n<meta property=\"og:site_name\" content=\"La Gu\u00eda de Pamplona\" \/>\n<meta property=\"article:publisher\" content=\"https:\/\/www.facebook.com\/laguiadepamplonacom-133175176762273\/?ref=hl\" \/>\n<meta property=\"article:published_time\" content=\"2019-05-16T14:22:50+00:00\" \/>\n<meta property=\"og:image\" content=\"https:\/\/www.laguiadepamplona.com\/actualidad\/wp-content\/uploads\/2019\/05\/ayuntamiento-pamplona-laguiadepamplona.jpg\" \/>\n\t<meta property=\"og:image:width\" content=\"1920\" \/>\n\t<meta property=\"og:image:height\" content=\"1100\" \/>\n\t<meta property=\"og:image:type\" content=\"image\/jpeg\" \/>\n<meta name=\"author\" content=\"La Gu\u00eda de Pamplona\" \/>\n<meta name=\"twitter:card\" content=\"summary_large_image\" \/>\n<meta name=\"twitter:creator\" content=\"@LaGuiadPamplona\" \/>\n<meta name=\"twitter:site\" content=\"@LaGuiadPamplona\" \/>\n<meta name=\"twitter:label1\" content=\"Escrito por\" \/>\n\t<meta name=\"twitter:data1\" content=\"La Gu\u00eda de Pamplona\" \/>\n\t<meta name=\"twitter:label2\" content=\"Tiempo de lectura\" \/>\n\t<meta name=\"twitter:data2\" content=\"4 minutos\" \/>\n<script type=\"application\/ld+json\" class=\"yoast-schema-graph\">{\"@context\":\"https:\\\/\\\/schema.org\",\"@graph\":[{\"@type\":\"Article\",\"@id\":\"https:\\\/\\\/www.laguiadepamplona.com\\\/actualidad\\\/adjudicadas-las-obras-de-reurbanizacion-del-i-ensanche-que-afectan-al-entorno-de-calle-taconera-y-frente-del-parlamento-y-que-se-preve-que-empiecen-tras-sanfermines\\\/#article\",\"isPartOf\":{\"@id\":\"https:\\\/\\\/www.laguiadepamplona.com\\\/actualidad\\\/adjudicadas-las-obras-de-reurbanizacion-del-i-ensanche-que-afectan-al-entorno-de-calle-taconera-y-frente-del-parlamento-y-que-se-preve-que-empiecen-tras-sanfermines\\\/\"},\"author\":{\"name\":\"La Gu\u00eda de Pamplona\",\"@id\":\"https:\\\/\\\/www.laguiadepamplona.com\\\/actualidad\\\/#\\\/schema\\\/person\\\/efe887376f0213d4657c93adc50b1fdb\"},\"headline\":\"Adjudicadas las obras de reurbanizaci\u00f3n del I Ensanche que afectan al entorno de calle Taconera y frente del Parlamento y que se prev\u00e9 que empiecen tras Sanfermines\",\"datePublished\":\"2019-05-16T14:22:50+00:00\",\"mainEntityOfPage\":{\"@id\":\"https:\\\/\\\/www.laguiadepamplona.com\\\/actualidad\\\/adjudicadas-las-obras-de-reurbanizacion-del-i-ensanche-que-afectan-al-entorno-de-calle-taconera-y-frente-del-parlamento-y-que-se-preve-que-empiecen-tras-sanfermines\\\/\"},\"wordCount\":821,\"commentCount\":0,\"publisher\":{\"@id\":\"https:\\\/\\\/www.laguiadepamplona.com\\\/actualidad\\\/#organization\"},\"image\":{\"@id\":\"https:\\\/\\\/www.laguiadepamplona.com\\\/actualidad\\\/adjudicadas-las-obras-de-reurbanizacion-del-i-ensanche-que-afectan-al-entorno-de-calle-taconera-y-frente-del-parlamento-y-que-se-preve-que-empiecen-tras-sanfermines\\\/#primaryimage\"},\"thumbnailUrl\":\"https:\\\/\\\/www.laguiadepamplona.com\\\/actualidad\\\/wp-content\\\/uploads\\\/2019\\\/05\\\/ayuntamiento-pamplona-laguiadepamplona.jpg\",\"articleSection\":[\"Ayto Pamplona\"],\"inLanguage\":\"es\",\"potentialAction\":[{\"@type\":\"CommentAction\",\"name\":\"Comment\",\"target\":[\"https:\\\/\\\/www.laguiadepamplona.com\\\/actualidad\\\/adjudicadas-las-obras-de-reurbanizacion-del-i-ensanche-que-afectan-al-entorno-de-calle-taconera-y-frente-del-parlamento-y-que-se-preve-que-empiecen-tras-sanfermines\\\/#respond\"]}]},{\"@type\":\"WebPage\",\"@id\":\"https:\\\/\\\/www.laguiadepamplona.com\\\/actualidad\\\/adjudicadas-las-obras-de-reurbanizacion-del-i-ensanche-que-afectan-al-entorno-de-calle-taconera-y-frente-del-parlamento-y-que-se-preve-que-empiecen-tras-sanfermines\\\/\",\"url\":\"https:\\\/\\\/www.laguiadepamplona.com\\\/actualidad\\\/adjudicadas-las-obras-de-reurbanizacion-del-i-ensanche-que-afectan-al-entorno-de-calle-taconera-y-frente-del-parlamento-y-que-se-preve-que-empiecen-tras-sanfermines\\\/\",\"name\":\"Adjudicadas las obras de reurbanizaci\u00f3n del I Ensanche que afectan al entorno de calle Taconera y frente del Parlamento y que se prev\u00e9 que empiecen tras Sanfermines\",\"isPartOf\":{\"@id\":\"https:\\\/\\\/www.laguiadepamplona.com\\\/actualidad\\\/#website\"},\"primaryImageOfPage\":{\"@id\":\"https:\\\/\\\/www.laguiadepamplona.com\\\/actualidad\\\/adjudicadas-las-obras-de-reurbanizacion-del-i-ensanche-que-afectan-al-entorno-de-calle-taconera-y-frente-del-parlamento-y-que-se-preve-que-empiecen-tras-sanfermines\\\/#primaryimage\"},\"image\":{\"@id\":\"https:\\\/\\\/www.laguiadepamplona.com\\\/actualidad\\\/adjudicadas-las-obras-de-reurbanizacion-del-i-ensanche-que-afectan-al-entorno-de-calle-taconera-y-frente-del-parlamento-y-que-se-preve-que-empiecen-tras-sanfermines\\\/#primaryimage\"},\"thumbnailUrl\":\"https:\\\/\\\/www.laguiadepamplona.com\\\/actualidad\\\/wp-content\\\/uploads\\\/2019\\\/05\\\/ayuntamiento-pamplona-laguiadepamplona.jpg\",\"datePublished\":\"2019-05-16T14:22:50+00:00\",\"breadcrumb\":{\"@id\":\"https:\\\/\\\/www.laguiadepamplona.com\\\/actualidad\\\/adjudicadas-las-obras-de-reurbanizacion-del-i-ensanche-que-afectan-al-entorno-de-calle-taconera-y-frente-del-parlamento-y-que-se-preve-que-empiecen-tras-sanfermines\\\/#breadcrumb\"},\"inLanguage\":\"es\",\"potentialAction\":[{\"@type\":\"ReadAction\",\"target\":[\"https:\\\/\\\/www.laguiadepamplona.com\\\/actualidad\\\/adjudicadas-las-obras-de-reurbanizacion-del-i-ensanche-que-afectan-al-entorno-de-calle-taconera-y-frente-del-parlamento-y-que-se-preve-que-empiecen-tras-sanfermines\\\/\"]}]},{\"@type\":\"ImageObject\",\"inLanguage\":\"es\",\"@id\":\"https:\\\/\\\/www.laguiadepamplona.com\\\/actualidad\\\/adjudicadas-las-obras-de-reurbanizacion-del-i-ensanche-que-afectan-al-entorno-de-calle-taconera-y-frente-del-parlamento-y-que-se-preve-que-empiecen-tras-sanfermines\\\/#primaryimage\",\"url\":\"https:\\\/\\\/www.laguiadepamplona.com\\\/actualidad\\\/wp-content\\\/uploads\\\/2019\\\/05\\\/ayuntamiento-pamplona-laguiadepamplona.jpg\",\"contentUrl\":\"https:\\\/\\\/www.laguiadepamplona.com\\\/actualidad\\\/wp-content\\\/uploads\\\/2019\\\/05\\\/ayuntamiento-pamplona-laguiadepamplona.jpg\",\"width\":1920,\"height\":1100},{\"@type\":\"BreadcrumbList\",\"@id\":\"https:\\\/\\\/www.laguiadepamplona.com\\\/actualidad\\\/adjudicadas-las-obras-de-reurbanizacion-del-i-ensanche-que-afectan-al-entorno-de-calle-taconera-y-frente-del-parlamento-y-que-se-preve-que-empiecen-tras-sanfermines\\\/#breadcrumb\",\"itemListElement\":[{\"@type\":\"ListItem\",\"position\":1,\"name\":\"Portada\",\"item\":\"https:\\\/\\\/www.laguiadepamplona.com\\\/actualidad\\\/\"},{\"@type\":\"ListItem\",\"position\":2,\"name\":\"Adjudicadas las obras de reurbanizaci\u00f3n del I Ensanche que afectan al entorno de calle Taconera y frente del Parlamento y que se prev\u00e9 que empiecen tras Sanfermines\"}]},{\"@type\":\"WebSite\",\"@id\":\"https:\\\/\\\/www.laguiadepamplona.com\\\/actualidad\\\/#website\",\"url\":\"https:\\\/\\\/www.laguiadepamplona.com\\\/actualidad\\\/\",\"name\":\"La gu\u00eda de Pamplona\",\"description\":\"Noticias de Pamplona\",\"publisher\":{\"@id\":\"https:\\\/\\\/www.laguiadepamplona.com\\\/actualidad\\\/#organization\"},\"potentialAction\":[{\"@type\":\"SearchAction\",\"target\":{\"@type\":\"EntryPoint\",\"urlTemplate\":\"https:\\\/\\\/www.laguiadepamplona.com\\\/actualidad\\\/?s={search_term_string}\"},\"query-input\":{\"@type\":\"PropertyValueSpecification\",\"valueRequired\":true,\"valueName\":\"search_term_string\"}}],\"inLanguage\":\"es\"},{\"@type\":\"Organization\",\"@id\":\"https:\\\/\\\/www.laguiadepamplona.com\\\/actualidad\\\/#organization\",\"name\":\"La Gu\u00eda de Pamplona \\\/ Noticias\",\"url\":\"https:\\\/\\\/www.laguiadepamplona.com\\\/actualidad\\\/\",\"logo\":{\"@type\":\"ImageObject\",\"inLanguage\":\"es\",\"@id\":\"https:\\\/\\\/www.laguiadepamplona.com\\\/actualidad\\\/#\\\/schema\\\/logo\\\/image\\\/\",\"url\":\"https:\\\/\\\/www.laguiadepamplona.com\\\/actualidad\\\/wp-content\\\/uploads\\\/2018\\\/11\\\/logo-laguiadepamplona18-web1.png\",\"contentUrl\":\"https:\\\/\\\/www.laguiadepamplona.com\\\/actualidad\\\/wp-content\\\/uploads\\\/2018\\\/11\\\/logo-laguiadepamplona18-web1.png\",\"width\":600,\"height\":196,\"caption\":\"La Gu\u00eda de Pamplona \\\/ Noticias\"},\"image\":{\"@id\":\"https:\\\/\\\/www.laguiadepamplona.com\\\/actualidad\\\/#\\\/schema\\\/logo\\\/image\\\/\"},\"sameAs\":[\"https:\\\/\\\/www.facebook.com\\\/laguiadepamplonacom-133175176762273\\\/?ref=hl\",\"https:\\\/\\\/x.com\\\/LaGuiadPamplona\",\"https:\\\/\\\/www.instagram.com\\\/la_guia_de_pamplona\\\/\",\"https:\\\/\\\/www.youtube.com\\\/user\\\/laguiadepamplona\"]},{\"@type\":\"Person\",\"@id\":\"https:\\\/\\\/www.laguiadepamplona.com\\\/actualidad\\\/#\\\/schema\\\/person\\\/efe887376f0213d4657c93adc50b1fdb\",\"name\":\"La Gu\u00eda de Pamplona\",\"image\":{\"@type\":\"ImageObject\",\"inLanguage\":\"es\",\"@id\":\"https:\\\/\\\/secure.gravatar.com\\\/avatar\\\/b6992f131dc8d30ab0dff15446e9d346d9dbd95992de0fef795073f5ea83a81c?s=96&d=mm&r=g\",\"url\":\"https:\\\/\\\/secure.gravatar.com\\\/avatar\\\/b6992f131dc8d30ab0dff15446e9d346d9dbd95992de0fef795073f5ea83a81c?s=96&d=mm&r=g\",\"contentUrl\":\"https:\\\/\\\/secure.gravatar.com\\\/avatar\\\/b6992f131dc8d30ab0dff15446e9d346d9dbd95992de0fef795073f5ea83a81c?s=96&d=mm&r=g\",\"caption\":\"La Gu\u00eda de Pamplona\"}}]}<\/script>\n<!-- \/ Yoast SEO plugin. -->","yoast_head_json":{"title":"Adjudicadas las obras de reurbanizaci\u00f3n del I Ensanche que afectan al entorno de calle Taconera y frente del Parlamento y que se prev\u00e9 que empiecen tras Sanfermines","robots":{"index":"index","follow":"follow","max-snippet":"max-snippet:-1","max-image-preview":"max-image-preview:large","max-video-preview":"max-video-preview:-1"},"canonical":"https:\/\/www.laguiadepamplona.com\/actualidad\/adjudicadas-las-obras-de-reurbanizacion-del-i-ensanche-que-afectan-al-entorno-de-calle-taconera-y-frente-del-parlamento-y-que-se-preve-que-empiecen-tras-sanfermines\/","og_locale":"es_ES","og_type":"article","og_title":"Adjudicadas las obras de reurbanizaci\u00f3n del I Ensanche que afectan al entorno de calle Taconera y frente del Parlamento y que se prev\u00e9 que empiecen tras Sanfermines","og_url":"https:\/\/www.laguiadepamplona.com\/actualidad\/adjudicadas-las-obras-de-reurbanizacion-del-i-ensanche-que-afectan-al-entorno-de-calle-taconera-y-frente-del-parlamento-y-que-se-preve-que-empiecen-tras-sanfermines\/","og_site_name":"La Gu\u00eda de Pamplona","article_publisher":"https:\/\/www.facebook.com\/laguiadepamplonacom-133175176762273\/?ref=hl","article_published_time":"2019-05-16T14:22:50+00:00","og_image":[{"width":1920,"height":1100,"url":"https:\/\/www.laguiadepamplona.com\/actualidad\/wp-content\/uploads\/2019\/05\/ayuntamiento-pamplona-laguiadepamplona.jpg","type":"image\/jpeg"}],"author":"La Gu\u00eda de Pamplona","twitter_card":"summary_large_image","twitter_creator":"@LaGuiadPamplona","twitter_site":"@LaGuiadPamplona","twitter_misc":{"Escrito por":"La Gu\u00eda de Pamplona","Tiempo de lectura":"4 minutos"},"schema":{"@context":"https:\/\/schema.org","@graph":[{"@type":"Article","@id":"https:\/\/www.laguiadepamplona.com\/actualidad\/adjudicadas-las-obras-de-reurbanizacion-del-i-ensanche-que-afectan-al-entorno-de-calle-taconera-y-frente-del-parlamento-y-que-se-preve-que-empiecen-tras-sanfermines\/#article","isPartOf":{"@id":"https:\/\/www.laguiadepamplona.com\/actualidad\/adjudicadas-las-obras-de-reurbanizacion-del-i-ensanche-que-afectan-al-entorno-de-calle-taconera-y-frente-del-parlamento-y-que-se-preve-que-empiecen-tras-sanfermines\/"},"author":{"name":"La Gu\u00eda de Pamplona","@id":"https:\/\/www.laguiadepamplona.com\/actualidad\/#\/schema\/person\/efe887376f0213d4657c93adc50b1fdb"},"headline":"Adjudicadas las obras de reurbanizaci\u00f3n del I Ensanche que afectan al entorno de calle Taconera y frente del Parlamento y que se prev\u00e9 que empiecen tras Sanfermines","datePublished":"2019-05-16T14:22:50+00:00","mainEntityOfPage":{"@id":"https:\/\/www.laguiadepamplona.com\/actualidad\/adjudicadas-las-obras-de-reurbanizacion-del-i-ensanche-que-afectan-al-entorno-de-calle-taconera-y-frente-del-parlamento-y-que-se-preve-que-empiecen-tras-sanfermines\/"},"wordCount":821,"commentCount":0,"publisher":{"@id":"https:\/\/www.laguiadepamplona.com\/actualidad\/#organization"},"image":{"@id":"https:\/\/www.laguiadepamplona.com\/actualidad\/adjudicadas-las-obras-de-reurbanizacion-del-i-ensanche-que-afectan-al-entorno-de-calle-taconera-y-frente-del-parlamento-y-que-se-preve-que-empiecen-tras-sanfermines\/#primaryimage"},"thumbnailUrl":"https:\/\/www.laguiadepamplona.com\/actualidad\/wp-content\/uploads\/2019\/05\/ayuntamiento-pamplona-laguiadepamplona.jpg","articleSection":["Ayto Pamplona"],"inLanguage":"es","potentialAction":[{"@type":"CommentAction","name":"Comment","target":["https:\/\/www.laguiadepamplona.com\/actualidad\/adjudicadas-las-obras-de-reurbanizacion-del-i-ensanche-que-afectan-al-entorno-de-calle-taconera-y-frente-del-parlamento-y-que-se-preve-que-empiecen-tras-sanfermines\/#respond"]}]},{"@type":"WebPage","@id":"https:\/\/www.laguiadepamplona.com\/actualidad\/adjudicadas-las-obras-de-reurbanizacion-del-i-ensanche-que-afectan-al-entorno-de-calle-taconera-y-frente-del-parlamento-y-que-se-preve-que-empiecen-tras-sanfermines\/","url":"https:\/\/www.laguiadepamplona.com\/actualidad\/adjudicadas-las-obras-de-reurbanizacion-del-i-ensanche-que-afectan-al-entorno-de-calle-taconera-y-frente-del-parlamento-y-que-se-preve-que-empiecen-tras-sanfermines\/","name":"Adjudicadas las obras de reurbanizaci\u00f3n del I Ensanche que afectan al entorno de calle Taconera y frente del Parlamento y que se prev\u00e9 que empiecen tras Sanfermines","isPartOf":{"@id":"https:\/\/www.laguiadepamplona.com\/actualidad\/#website"},"primaryImageOfPage":{"@id":"https:\/\/www.laguiadepamplona.com\/actualidad\/adjudicadas-las-obras-de-reurbanizacion-del-i-ensanche-que-afectan-al-entorno-de-calle-taconera-y-frente-del-parlamento-y-que-se-preve-que-empiecen-tras-sanfermines\/#primaryimage"},"image":{"@id":"https:\/\/www.laguiadepamplona.com\/actualidad\/adjudicadas-las-obras-de-reurbanizacion-del-i-ensanche-que-afectan-al-entorno-de-calle-taconera-y-frente-del-parlamento-y-que-se-preve-que-empiecen-tras-sanfermines\/#primaryimage"},"thumbnailUrl":"https:\/\/www.laguiadepamplona.com\/actualidad\/wp-content\/uploads\/2019\/05\/ayuntamiento-pamplona-laguiadepamplona.jpg","datePublished":"2019-05-16T14:22:50+00:00","breadcrumb":{"@id":"https:\/\/www.laguiadepamplona.com\/actualidad\/adjudicadas-las-obras-de-reurbanizacion-del-i-ensanche-que-afectan-al-entorno-de-calle-taconera-y-frente-del-parlamento-y-que-se-preve-que-empiecen-tras-sanfermines\/#breadcrumb"},"inLanguage":"es","potentialAction":[{"@type":"ReadAction","target":["https:\/\/www.laguiadepamplona.com\/actualidad\/adjudicadas-las-obras-de-reurbanizacion-del-i-ensanche-que-afectan-al-entorno-de-calle-taconera-y-frente-del-parlamento-y-que-se-preve-que-empiecen-tras-sanfermines\/"]}]},{"@type":"ImageObject","inLanguage":"es","@id":"https:\/\/www.laguiadepamplona.com\/actualidad\/adjudicadas-las-obras-de-reurbanizacion-del-i-ensanche-que-afectan-al-entorno-de-calle-taconera-y-frente-del-parlamento-y-que-se-preve-que-empiecen-tras-sanfermines\/#primaryimage","url":"https:\/\/www.laguiadepamplona.com\/actualidad\/wp-content\/uploads\/2019\/05\/ayuntamiento-pamplona-laguiadepamplona.jpg","contentUrl":"https:\/\/www.laguiadepamplona.com\/actualidad\/wp-content\/uploads\/2019\/05\/ayuntamiento-pamplona-laguiadepamplona.jpg","width":1920,"height":1100},{"@type":"BreadcrumbList","@id":"https:\/\/www.laguiadepamplona.com\/actualidad\/adjudicadas-las-obras-de-reurbanizacion-del-i-ensanche-que-afectan-al-entorno-de-calle-taconera-y-frente-del-parlamento-y-que-se-preve-que-empiecen-tras-sanfermines\/#breadcrumb","itemListElement":[{"@type":"ListItem","position":1,"name":"Portada","item":"https:\/\/www.laguiadepamplona.com\/actualidad\/"},{"@type":"ListItem","position":2,"name":"Adjudicadas las obras de reurbanizaci\u00f3n del I Ensanche que afectan al entorno de calle Taconera y frente del Parlamento y que se prev\u00e9 que empiecen tras Sanfermines"}]},{"@type":"WebSite","@id":"https:\/\/www.laguiadepamplona.com\/actualidad\/#website","url":"https:\/\/www.laguiadepamplona.com\/actualidad\/","name":"La gu\u00eda de Pamplona","description":"Noticias de Pamplona","publisher":{"@id":"https:\/\/www.laguiadepamplona.com\/actualidad\/#organization"},"potentialAction":[{"@type":"SearchAction","target":{"@type":"EntryPoint","urlTemplate":"https:\/\/www.laguiadepamplona.com\/actualidad\/?s={search_term_string}"},"query-input":{"@type":"PropertyValueSpecification","valueRequired":true,"valueName":"search_term_string"}}],"inLanguage":"es"},{"@type":"Organization","@id":"https:\/\/www.laguiadepamplona.com\/actualidad\/#organization","name":"La Gu\u00eda de Pamplona \/ Noticias","url":"https:\/\/www.laguiadepamplona.com\/actualidad\/","logo":{"@type":"ImageObject","inLanguage":"es","@id":"https:\/\/www.laguiadepamplona.com\/actualidad\/#\/schema\/logo\/image\/","url":"https:\/\/www.laguiadepamplona.com\/actualidad\/wp-content\/uploads\/2018\/11\/logo-laguiadepamplona18-web1.png","contentUrl":"https:\/\/www.laguiadepamplona.com\/actualidad\/wp-content\/uploads\/2018\/11\/logo-laguiadepamplona18-web1.png","width":600,"height":196,"caption":"La Gu\u00eda de Pamplona \/ Noticias"},"image":{"@id":"https:\/\/www.laguiadepamplona.com\/actualidad\/#\/schema\/logo\/image\/"},"sameAs":["https:\/\/www.facebook.com\/laguiadepamplonacom-133175176762273\/?ref=hl","https:\/\/x.com\/LaGuiadPamplona","https:\/\/www.instagram.com\/la_guia_de_pamplona\/","https:\/\/www.youtube.com\/user\/laguiadepamplona"]},{"@type":"Person","@id":"https:\/\/www.laguiadepamplona.com\/actualidad\/#\/schema\/person\/efe887376f0213d4657c93adc50b1fdb","name":"La Gu\u00eda de Pamplona","image":{"@type":"ImageObject","inLanguage":"es","@id":"https:\/\/secure.gravatar.com\/avatar\/b6992f131dc8d30ab0dff15446e9d346d9dbd95992de0fef795073f5ea83a81c?s=96&d=mm&r=g","url":"https:\/\/secure.gravatar.com\/avatar\/b6992f131dc8d30ab0dff15446e9d346d9dbd95992de0fef795073f5ea83a81c?s=96&d=mm&r=g","contentUrl":"https:\/\/secure.gravatar.com\/avatar\/b6992f131dc8d30ab0dff15446e9d346d9dbd95992de0fef795073f5ea83a81c?s=96&d=mm&r=g","caption":"La Gu\u00eda de Pamplona"}}]}},"post_mailing_queue_ids":[],"_links":{"self":[{"href":"https:\/\/www.laguiadepamplona.com\/actualidad\/wp-json\/wp\/v2\/posts\/22201","targetHints":{"allow":["GET"]}}],"collection":[{"href":"https:\/\/www.laguiadepamplona.com\/actualidad\/wp-json\/wp\/v2\/posts"}],"about":[{"href":"https:\/\/www.laguiadepamplona.com\/actualidad\/wp-json\/wp\/v2\/types\/post"}],"author":[{"embeddable":true,"href":"https:\/\/www.laguiadepamplona.com\/actualidad\/wp-json\/wp\/v2\/users\/1"}],"replies":[{"embeddable":true,"href":"https:\/\/www.laguiadepamplona.com\/actualidad\/wp-json\/wp\/v2\/comments?post=22201"}],"version-history":[{"count":0,"href":"https:\/\/www.laguiadepamplona.com\/actualidad\/wp-json\/wp\/v2\/posts\/22201\/revisions"}],"wp:featuredmedia":[{"embeddable":true,"href":"https:\/\/www.laguiadepamplona.com\/actualidad\/wp-json\/wp\/v2\/media\/21939"}],"wp:attachment":[{"href":"https:\/\/www.laguiadepamplona.com\/actualidad\/wp-json\/wp\/v2\/media?parent=22201"}],"wp:term":[{"taxonomy":"category","embeddable":true,"href":"https:\/\/www.laguiadepamplona.com\/actualidad\/wp-json\/wp\/v2\/categories?post=22201"},{"taxonomy":"post_tag","embeddable":true,"href":"https:\/\/www.laguiadepamplona.com\/actualidad\/wp-json\/wp\/v2\/tags?post=22201"}],"curies":[{"name":"wp","href":"https:\/\/api.w.org\/{rel}","templated":true}]}}