{"id":22196,"date":"2019-05-16T12:52:53","date_gmt":"2019-05-16T10:52:53","guid":{"rendered":"https:\/\/www.laguiadepamplona.es\/actualidad\/?p=22196"},"modified":"2019-05-16T12:52:53","modified_gmt":"2019-05-16T10:52:53","slug":"civivox-centro-comunitario-antzara-bideberri-y-la-comision-de-fiestas-de-mendillorri-presentan-el-sabado-rojo-estandar-mejor-espectaculo-de-calle-en-feten","status":"publish","type":"post","link":"https:\/\/www.laguiadepamplona.com\/actualidad\/civivox-centro-comunitario-antzara-bideberri-y-la-comision-de-fiestas-de-mendillorri-presentan-el-sabado-rojo-estandar-mejor-espectaculo-de-calle-en-feten\/","title":{"rendered":"Civivox, Centro Comunitario Antzara, Bideberri y la Comisi\u00f3n de Fiestas de Mendillorri presentan el s\u00e1bado \u2018Rojo est\u00e1ndar\u2019, mejor espect\u00e1culo de calle en FETEN"},"content":{"rendered":"<p><!--more--><\/p>\n<h3>El espect\u00e1culo de teatro, danza y circo, incluido en \u2018Auzortzen\u2019, podr\u00e1 verse a las 12 horas en la plaza de Antzara en Mendillorri con entrada libre<\/h3>\n<p>La compa\u00f1\u00eda Lan\u00f6rdika presentar\u00e1 este s\u00e1bado, 18 de mayo, \u2018Rojo est\u00e1ndar,\u2019 una obra de teatro, danza y circo reconocida el a\u00f1o pasado como mejor espect\u00e1culo de calle en FETEN y en el Premio Lorca. Llegar\u00e1 de la mano de la Red Civivox, Centro Comunitario Antzara, Bideberri y la Comisi\u00f3n de Fiestas de Mendillorri y se incluye en \u2018Auzortzen\u2019, la nueva l\u00ednea de trabajo en red puesta en marcha este a\u00f1o por el Ayuntamiento para impulsar actividades culturales y sociales en los barrios de Pamplona. De esta manera se involucran distintas entidades que desarrollan sus actividades en la misma zona para llevar a cabo sus iniciativas de manera coordinada e, incluso, conjunta.<\/p>\n<p>La actuaci\u00f3n tendr\u00e1 lugar en la plaza del Centro Comunitario Antzara a las 12 horas con entrada libre. La obra parte de la idea de que el amor es un misterio, todo en \u00e9l son fen\u00f3menos inexplicables, il\u00f3gicos e, incluso, absurdos. En esa tesitura se encuentran dos seres opuestos en una escena ba\u00f1ada por el surrealismo, donde los colores marcan su ritmo. Lan\u00f6rdika Circo y Danza es una compa\u00f1\u00eda afincada en Andaluc\u00eda que ha apostado por una l\u00ednea de trabajo propia en la que mezcla distintas disciplinas con el lenguaje contempor\u00e1neo. Est\u00e1 formada por Dar\u00edo Dumont y Greta Garc\u00eda.<\/p>\n<p><strong>Artistas especializados en equilibrios, acrobacias, danza y teatro<\/strong><\/p>\n<p>Dar\u00edo Dumont Swinkels, artista revelaci\u00f3n 2016 en los Premios del Circo Andaluz, est\u00e1 graduado en Ciencias de la Actividad F\u00edsica y el Deporte (INEF) en la Universidad de Granada. Comenz\u00f3 su formaci\u00f3n en el mundo de las artes esc\u00e9nicas en 2003 en la Escuela Internacional de Artes Circenses de Granada (Circo del Arte), y continu\u00f3 en la Escuela Internacional de Circo y Teatro CAU de Granada, especializ\u00e1ndose en equilibrios y portes acrob\u00e1ticos. Ha trabajado como acr\u00f3bata y portor en espect\u00e1culos de las compa\u00f1\u00edas Vaiv\u00e9n Circo, y Vol\u2019e Temps. En 2015 cre\u00f3 su primer n\u00famero de cabaret en solitario con equilibrios y acrobacia.<\/p>\n<p>Greta Garc\u00eda Jonsson ha sido reconocida como mejor bailarina de danza contempor\u00e1nea en el Premio Lorca 2017 y mejor int\u00e9rprete femenina en el FITC Bucarest 2016. Tras obtener el Grado Profesional de Danza Cl\u00e1sica en 2010, continu\u00f3 su formaci\u00f3n en danza contempor\u00e1nea en el Centro Andaluz de Danza. Ha participado como int\u00e9rprete y bailarina, entre otros espect\u00e1culos, en obras de las compa\u00f1\u00edas Porinercia Teatro y Date Danza con las que ha recibido varios premios.<\/p>\n<p><strong>Ejemplo del trabajo conjunto de recursos municipales y vecinales<\/strong><\/p>\n<p>En esta iniciativa social, cultural y comunitaria, que se desarrollar\u00e1 en el D\u00eda de Mendillorri, han trabajado de manera coordinada Civivox, Centro Comunitario Antzara, Bideberri y la Comisi\u00f3n de Fiestas. Los tres primeros servicios tienen numerosas caracter\u00edsticas en com\u00fan: trabajan en el d\u00eda a d\u00eda del barrio, son recursos centrados en la comunidad que impulsan la cultura de base y previenen situaciones de conflicto.<\/p>\n<p>Civivox Mendillorri es uno de los siete centros c\u00edvicos de la red municipal y cuenta con biblioteca, sal\u00f3n de actos y otros espacios, algunos que se ceden a las entidades del barrio. Ofrece programaci\u00f3n de cursos y ciclos de teatro danza o conferencias, entre otras actividades. El Centro Comunitario de Iniciativa Social Antzara es de titularidad p\u00fablica, se gestiona a trav\u00e9s de un convenio y se organiza alrededor de una asamblea vecinal. Pueden acceder a su uso entidades vecinales sin \u00e1nimo de lucro o grupos que persigan los objetivos de promover la participaci\u00f3n ciudadana en el \u00e1mbito vecinal; generar actividades desde la perspectiva de los intereses concretos y de las necesidades de las personas y colectivos que conviven en el barrio; o desarrollar el asociacionismo orientado a la creaci\u00f3n de redes socio-culturales de prevenci\u00f3n, asistencia y est\u00edmulo de la calidad de vida en Mendillorri. La Asociaci\u00f3n Bideberri es una de las ocho que llevan a cabo la gesti\u00f3n del Servicio de Acci\u00f3n Preventiva Comunitaria en otros tantos barrios de la ciudad. Atienden a personas menores, j\u00f3venes, sus familias y el entorno comunitario.<\/p>\n<p>Adem\u00e1s de construir un espacio de coordinaci\u00f3n conjunto para trabajar en red, entre los objetivos espec\u00edficos de \u2018Auzortzen\u2019 se sit\u00faan presentar alternativas de ocio m\u00e1s consistentes y plurales, generar espacios de cultura compartida, presentar estructuras comunitarias cohesionadas, ampliar las ofertas culturales buscando la eficiencia en espacio-tiempo, y hacer transversal la cultura comunitaria. La iniciativa es un proceso abierto a nuevos agentes de Mendillorri interesados en participar.<\/p>\n<p>&nbsp;<\/p>\n","protected":false},"excerpt":{"rendered":"","protected":false},"author":1,"featured_media":22198,"comment_status":"open","ping_status":"closed","sticky":false,"template":"","format":"standard","meta":{"footnotes":""},"categories":[2],"tags":[],"class_list":["post-22196","post","type-post","status-publish","format-standard","has-post-thumbnail","hentry","category-ayuntamiento-pamplona"],"yoast_head":"<!-- This site is optimized with the Yoast SEO plugin v27.5 - https:\/\/yoast.com\/product\/yoast-seo-wordpress\/ -->\n<title>Civivox, Centro Comunitario Antzara, Bideberri y la Comisi\u00f3n de Fiestas de Mendillorri presentan el s\u00e1bado \u2018Rojo est\u00e1ndar\u2019, mejor espect\u00e1culo de calle en FETEN<\/title>\n<meta name=\"robots\" content=\"index, follow, max-snippet:-1, max-image-preview:large, max-video-preview:-1\" \/>\n<link rel=\"canonical\" href=\"https:\/\/www.laguiadepamplona.com\/actualidad\/civivox-centro-comunitario-antzara-bideberri-y-la-comision-de-fiestas-de-mendillorri-presentan-el-sabado-rojo-estandar-mejor-espectaculo-de-calle-en-feten\/\" \/>\n<meta property=\"og:locale\" content=\"es_ES\" \/>\n<meta property=\"og:type\" content=\"article\" \/>\n<meta property=\"og:title\" content=\"Civivox, Centro Comunitario Antzara, Bideberri y la Comisi\u00f3n de Fiestas de Mendillorri presentan el s\u00e1bado \u2018Rojo est\u00e1ndar\u2019, mejor espect\u00e1culo de calle en FETEN\" \/>\n<meta property=\"og:url\" content=\"https:\/\/www.laguiadepamplona.com\/actualidad\/civivox-centro-comunitario-antzara-bideberri-y-la-comision-de-fiestas-de-mendillorri-presentan-el-sabado-rojo-estandar-mejor-espectaculo-de-calle-en-feten\/\" \/>\n<meta property=\"og:site_name\" content=\"La Gu\u00eda de Pamplona\" \/>\n<meta property=\"article:publisher\" content=\"https:\/\/www.facebook.com\/laguiadepamplonacom-133175176762273\/?ref=hl\" \/>\n<meta property=\"article:published_time\" content=\"2019-05-16T10:52:53+00:00\" \/>\n<meta property=\"og:image\" content=\"https:\/\/www.laguiadepamplona.com\/actualidad\/wp-content\/uploads\/2019\/05\/Rojo-estandar.jpg\" \/>\n\t<meta property=\"og:image:width\" content=\"1080\" \/>\n\t<meta property=\"og:image:height\" content=\"639\" \/>\n\t<meta property=\"og:image:type\" content=\"image\/jpeg\" \/>\n<meta name=\"author\" content=\"La Gu\u00eda de Pamplona\" \/>\n<meta name=\"twitter:card\" content=\"summary_large_image\" \/>\n<meta name=\"twitter:creator\" content=\"@LaGuiadPamplona\" \/>\n<meta name=\"twitter:site\" content=\"@LaGuiadPamplona\" \/>\n<meta name=\"twitter:label1\" content=\"Escrito por\" \/>\n\t<meta name=\"twitter:data1\" content=\"La Gu\u00eda de Pamplona\" \/>\n\t<meta name=\"twitter:label2\" content=\"Tiempo de lectura\" \/>\n\t<meta name=\"twitter:data2\" content=\"4 minutos\" \/>\n<script type=\"application\/ld+json\" class=\"yoast-schema-graph\">{\"@context\":\"https:\\\/\\\/schema.org\",\"@graph\":[{\"@type\":\"Article\",\"@id\":\"https:\\\/\\\/www.laguiadepamplona.com\\\/actualidad\\\/civivox-centro-comunitario-antzara-bideberri-y-la-comision-de-fiestas-de-mendillorri-presentan-el-sabado-rojo-estandar-mejor-espectaculo-de-calle-en-feten\\\/#article\",\"isPartOf\":{\"@id\":\"https:\\\/\\\/www.laguiadepamplona.com\\\/actualidad\\\/civivox-centro-comunitario-antzara-bideberri-y-la-comision-de-fiestas-de-mendillorri-presentan-el-sabado-rojo-estandar-mejor-espectaculo-de-calle-en-feten\\\/\"},\"author\":{\"name\":\"La Gu\u00eda de Pamplona\",\"@id\":\"https:\\\/\\\/www.laguiadepamplona.com\\\/actualidad\\\/#\\\/schema\\\/person\\\/efe887376f0213d4657c93adc50b1fdb\"},\"headline\":\"Civivox, Centro Comunitario Antzara, Bideberri y la Comisi\u00f3n de Fiestas de Mendillorri presentan el s\u00e1bado \u2018Rojo est\u00e1ndar\u2019, mejor espect\u00e1culo de calle en FETEN\",\"datePublished\":\"2019-05-16T10:52:53+00:00\",\"mainEntityOfPage\":{\"@id\":\"https:\\\/\\\/www.laguiadepamplona.com\\\/actualidad\\\/civivox-centro-comunitario-antzara-bideberri-y-la-comision-de-fiestas-de-mendillorri-presentan-el-sabado-rojo-estandar-mejor-espectaculo-de-calle-en-feten\\\/\"},\"wordCount\":827,\"commentCount\":0,\"publisher\":{\"@id\":\"https:\\\/\\\/www.laguiadepamplona.com\\\/actualidad\\\/#organization\"},\"image\":{\"@id\":\"https:\\\/\\\/www.laguiadepamplona.com\\\/actualidad\\\/civivox-centro-comunitario-antzara-bideberri-y-la-comision-de-fiestas-de-mendillorri-presentan-el-sabado-rojo-estandar-mejor-espectaculo-de-calle-en-feten\\\/#primaryimage\"},\"thumbnailUrl\":\"https:\\\/\\\/www.laguiadepamplona.com\\\/actualidad\\\/wp-content\\\/uploads\\\/2019\\\/05\\\/Rojo-estandar.jpg\",\"articleSection\":[\"Ayto Pamplona\"],\"inLanguage\":\"es\",\"potentialAction\":[{\"@type\":\"CommentAction\",\"name\":\"Comment\",\"target\":[\"https:\\\/\\\/www.laguiadepamplona.com\\\/actualidad\\\/civivox-centro-comunitario-antzara-bideberri-y-la-comision-de-fiestas-de-mendillorri-presentan-el-sabado-rojo-estandar-mejor-espectaculo-de-calle-en-feten\\\/#respond\"]}]},{\"@type\":\"WebPage\",\"@id\":\"https:\\\/\\\/www.laguiadepamplona.com\\\/actualidad\\\/civivox-centro-comunitario-antzara-bideberri-y-la-comision-de-fiestas-de-mendillorri-presentan-el-sabado-rojo-estandar-mejor-espectaculo-de-calle-en-feten\\\/\",\"url\":\"https:\\\/\\\/www.laguiadepamplona.com\\\/actualidad\\\/civivox-centro-comunitario-antzara-bideberri-y-la-comision-de-fiestas-de-mendillorri-presentan-el-sabado-rojo-estandar-mejor-espectaculo-de-calle-en-feten\\\/\",\"name\":\"Civivox, Centro Comunitario Antzara, Bideberri y la Comisi\u00f3n de Fiestas de Mendillorri presentan el s\u00e1bado \u2018Rojo est\u00e1ndar\u2019, mejor espect\u00e1culo de calle en FETEN\",\"isPartOf\":{\"@id\":\"https:\\\/\\\/www.laguiadepamplona.com\\\/actualidad\\\/#website\"},\"primaryImageOfPage\":{\"@id\":\"https:\\\/\\\/www.laguiadepamplona.com\\\/actualidad\\\/civivox-centro-comunitario-antzara-bideberri-y-la-comision-de-fiestas-de-mendillorri-presentan-el-sabado-rojo-estandar-mejor-espectaculo-de-calle-en-feten\\\/#primaryimage\"},\"image\":{\"@id\":\"https:\\\/\\\/www.laguiadepamplona.com\\\/actualidad\\\/civivox-centro-comunitario-antzara-bideberri-y-la-comision-de-fiestas-de-mendillorri-presentan-el-sabado-rojo-estandar-mejor-espectaculo-de-calle-en-feten\\\/#primaryimage\"},\"thumbnailUrl\":\"https:\\\/\\\/www.laguiadepamplona.com\\\/actualidad\\\/wp-content\\\/uploads\\\/2019\\\/05\\\/Rojo-estandar.jpg\",\"datePublished\":\"2019-05-16T10:52:53+00:00\",\"breadcrumb\":{\"@id\":\"https:\\\/\\\/www.laguiadepamplona.com\\\/actualidad\\\/civivox-centro-comunitario-antzara-bideberri-y-la-comision-de-fiestas-de-mendillorri-presentan-el-sabado-rojo-estandar-mejor-espectaculo-de-calle-en-feten\\\/#breadcrumb\"},\"inLanguage\":\"es\",\"potentialAction\":[{\"@type\":\"ReadAction\",\"target\":[\"https:\\\/\\\/www.laguiadepamplona.com\\\/actualidad\\\/civivox-centro-comunitario-antzara-bideberri-y-la-comision-de-fiestas-de-mendillorri-presentan-el-sabado-rojo-estandar-mejor-espectaculo-de-calle-en-feten\\\/\"]}]},{\"@type\":\"ImageObject\",\"inLanguage\":\"es\",\"@id\":\"https:\\\/\\\/www.laguiadepamplona.com\\\/actualidad\\\/civivox-centro-comunitario-antzara-bideberri-y-la-comision-de-fiestas-de-mendillorri-presentan-el-sabado-rojo-estandar-mejor-espectaculo-de-calle-en-feten\\\/#primaryimage\",\"url\":\"https:\\\/\\\/www.laguiadepamplona.com\\\/actualidad\\\/wp-content\\\/uploads\\\/2019\\\/05\\\/Rojo-estandar.jpg\",\"contentUrl\":\"https:\\\/\\\/www.laguiadepamplona.com\\\/actualidad\\\/wp-content\\\/uploads\\\/2019\\\/05\\\/Rojo-estandar.jpg\",\"width\":1080,\"height\":639},{\"@type\":\"BreadcrumbList\",\"@id\":\"https:\\\/\\\/www.laguiadepamplona.com\\\/actualidad\\\/civivox-centro-comunitario-antzara-bideberri-y-la-comision-de-fiestas-de-mendillorri-presentan-el-sabado-rojo-estandar-mejor-espectaculo-de-calle-en-feten\\\/#breadcrumb\",\"itemListElement\":[{\"@type\":\"ListItem\",\"position\":1,\"name\":\"Portada\",\"item\":\"https:\\\/\\\/www.laguiadepamplona.com\\\/actualidad\\\/\"},{\"@type\":\"ListItem\",\"position\":2,\"name\":\"Civivox, Centro Comunitario Antzara, Bideberri y la Comisi\u00f3n de Fiestas de Mendillorri presentan el s\u00e1bado \u2018Rojo est\u00e1ndar\u2019, mejor espect\u00e1culo de calle en FETEN\"}]},{\"@type\":\"WebSite\",\"@id\":\"https:\\\/\\\/www.laguiadepamplona.com\\\/actualidad\\\/#website\",\"url\":\"https:\\\/\\\/www.laguiadepamplona.com\\\/actualidad\\\/\",\"name\":\"La gu\u00eda de Pamplona\",\"description\":\"Noticias de Pamplona\",\"publisher\":{\"@id\":\"https:\\\/\\\/www.laguiadepamplona.com\\\/actualidad\\\/#organization\"},\"potentialAction\":[{\"@type\":\"SearchAction\",\"target\":{\"@type\":\"EntryPoint\",\"urlTemplate\":\"https:\\\/\\\/www.laguiadepamplona.com\\\/actualidad\\\/?s={search_term_string}\"},\"query-input\":{\"@type\":\"PropertyValueSpecification\",\"valueRequired\":true,\"valueName\":\"search_term_string\"}}],\"inLanguage\":\"es\"},{\"@type\":\"Organization\",\"@id\":\"https:\\\/\\\/www.laguiadepamplona.com\\\/actualidad\\\/#organization\",\"name\":\"La Gu\u00eda de Pamplona \\\/ Noticias\",\"url\":\"https:\\\/\\\/www.laguiadepamplona.com\\\/actualidad\\\/\",\"logo\":{\"@type\":\"ImageObject\",\"inLanguage\":\"es\",\"@id\":\"https:\\\/\\\/www.laguiadepamplona.com\\\/actualidad\\\/#\\\/schema\\\/logo\\\/image\\\/\",\"url\":\"https:\\\/\\\/www.laguiadepamplona.com\\\/actualidad\\\/wp-content\\\/uploads\\\/2018\\\/11\\\/logo-laguiadepamplona18-web1.png\",\"contentUrl\":\"https:\\\/\\\/www.laguiadepamplona.com\\\/actualidad\\\/wp-content\\\/uploads\\\/2018\\\/11\\\/logo-laguiadepamplona18-web1.png\",\"width\":600,\"height\":196,\"caption\":\"La Gu\u00eda de Pamplona \\\/ Noticias\"},\"image\":{\"@id\":\"https:\\\/\\\/www.laguiadepamplona.com\\\/actualidad\\\/#\\\/schema\\\/logo\\\/image\\\/\"},\"sameAs\":[\"https:\\\/\\\/www.facebook.com\\\/laguiadepamplonacom-133175176762273\\\/?ref=hl\",\"https:\\\/\\\/x.com\\\/LaGuiadPamplona\",\"https:\\\/\\\/www.instagram.com\\\/la_guia_de_pamplona\\\/\",\"https:\\\/\\\/www.youtube.com\\\/user\\\/laguiadepamplona\"]},{\"@type\":\"Person\",\"@id\":\"https:\\\/\\\/www.laguiadepamplona.com\\\/actualidad\\\/#\\\/schema\\\/person\\\/efe887376f0213d4657c93adc50b1fdb\",\"name\":\"La Gu\u00eda de Pamplona\",\"image\":{\"@type\":\"ImageObject\",\"inLanguage\":\"es\",\"@id\":\"https:\\\/\\\/secure.gravatar.com\\\/avatar\\\/b6992f131dc8d30ab0dff15446e9d346d9dbd95992de0fef795073f5ea83a81c?s=96&d=mm&r=g\",\"url\":\"https:\\\/\\\/secure.gravatar.com\\\/avatar\\\/b6992f131dc8d30ab0dff15446e9d346d9dbd95992de0fef795073f5ea83a81c?s=96&d=mm&r=g\",\"contentUrl\":\"https:\\\/\\\/secure.gravatar.com\\\/avatar\\\/b6992f131dc8d30ab0dff15446e9d346d9dbd95992de0fef795073f5ea83a81c?s=96&d=mm&r=g\",\"caption\":\"La Gu\u00eda de Pamplona\"}}]}<\/script>\n<!-- \/ Yoast SEO plugin. -->","yoast_head_json":{"title":"Civivox, Centro Comunitario Antzara, Bideberri y la Comisi\u00f3n de Fiestas de Mendillorri presentan el s\u00e1bado \u2018Rojo est\u00e1ndar\u2019, mejor espect\u00e1culo de calle en FETEN","robots":{"index":"index","follow":"follow","max-snippet":"max-snippet:-1","max-image-preview":"max-image-preview:large","max-video-preview":"max-video-preview:-1"},"canonical":"https:\/\/www.laguiadepamplona.com\/actualidad\/civivox-centro-comunitario-antzara-bideberri-y-la-comision-de-fiestas-de-mendillorri-presentan-el-sabado-rojo-estandar-mejor-espectaculo-de-calle-en-feten\/","og_locale":"es_ES","og_type":"article","og_title":"Civivox, Centro Comunitario Antzara, Bideberri y la Comisi\u00f3n de Fiestas de Mendillorri presentan el s\u00e1bado \u2018Rojo est\u00e1ndar\u2019, mejor espect\u00e1culo de calle en FETEN","og_url":"https:\/\/www.laguiadepamplona.com\/actualidad\/civivox-centro-comunitario-antzara-bideberri-y-la-comision-de-fiestas-de-mendillorri-presentan-el-sabado-rojo-estandar-mejor-espectaculo-de-calle-en-feten\/","og_site_name":"La Gu\u00eda de Pamplona","article_publisher":"https:\/\/www.facebook.com\/laguiadepamplonacom-133175176762273\/?ref=hl","article_published_time":"2019-05-16T10:52:53+00:00","og_image":[{"width":1080,"height":639,"url":"https:\/\/www.laguiadepamplona.com\/actualidad\/wp-content\/uploads\/2019\/05\/Rojo-estandar.jpg","type":"image\/jpeg"}],"author":"La Gu\u00eda de Pamplona","twitter_card":"summary_large_image","twitter_creator":"@LaGuiadPamplona","twitter_site":"@LaGuiadPamplona","twitter_misc":{"Escrito por":"La Gu\u00eda de Pamplona","Tiempo de lectura":"4 minutos"},"schema":{"@context":"https:\/\/schema.org","@graph":[{"@type":"Article","@id":"https:\/\/www.laguiadepamplona.com\/actualidad\/civivox-centro-comunitario-antzara-bideberri-y-la-comision-de-fiestas-de-mendillorri-presentan-el-sabado-rojo-estandar-mejor-espectaculo-de-calle-en-feten\/#article","isPartOf":{"@id":"https:\/\/www.laguiadepamplona.com\/actualidad\/civivox-centro-comunitario-antzara-bideberri-y-la-comision-de-fiestas-de-mendillorri-presentan-el-sabado-rojo-estandar-mejor-espectaculo-de-calle-en-feten\/"},"author":{"name":"La Gu\u00eda de Pamplona","@id":"https:\/\/www.laguiadepamplona.com\/actualidad\/#\/schema\/person\/efe887376f0213d4657c93adc50b1fdb"},"headline":"Civivox, Centro Comunitario Antzara, Bideberri y la Comisi\u00f3n de Fiestas de Mendillorri presentan el s\u00e1bado \u2018Rojo est\u00e1ndar\u2019, mejor espect\u00e1culo de calle en FETEN","datePublished":"2019-05-16T10:52:53+00:00","mainEntityOfPage":{"@id":"https:\/\/www.laguiadepamplona.com\/actualidad\/civivox-centro-comunitario-antzara-bideberri-y-la-comision-de-fiestas-de-mendillorri-presentan-el-sabado-rojo-estandar-mejor-espectaculo-de-calle-en-feten\/"},"wordCount":827,"commentCount":0,"publisher":{"@id":"https:\/\/www.laguiadepamplona.com\/actualidad\/#organization"},"image":{"@id":"https:\/\/www.laguiadepamplona.com\/actualidad\/civivox-centro-comunitario-antzara-bideberri-y-la-comision-de-fiestas-de-mendillorri-presentan-el-sabado-rojo-estandar-mejor-espectaculo-de-calle-en-feten\/#primaryimage"},"thumbnailUrl":"https:\/\/www.laguiadepamplona.com\/actualidad\/wp-content\/uploads\/2019\/05\/Rojo-estandar.jpg","articleSection":["Ayto Pamplona"],"inLanguage":"es","potentialAction":[{"@type":"CommentAction","name":"Comment","target":["https:\/\/www.laguiadepamplona.com\/actualidad\/civivox-centro-comunitario-antzara-bideberri-y-la-comision-de-fiestas-de-mendillorri-presentan-el-sabado-rojo-estandar-mejor-espectaculo-de-calle-en-feten\/#respond"]}]},{"@type":"WebPage","@id":"https:\/\/www.laguiadepamplona.com\/actualidad\/civivox-centro-comunitario-antzara-bideberri-y-la-comision-de-fiestas-de-mendillorri-presentan-el-sabado-rojo-estandar-mejor-espectaculo-de-calle-en-feten\/","url":"https:\/\/www.laguiadepamplona.com\/actualidad\/civivox-centro-comunitario-antzara-bideberri-y-la-comision-de-fiestas-de-mendillorri-presentan-el-sabado-rojo-estandar-mejor-espectaculo-de-calle-en-feten\/","name":"Civivox, Centro Comunitario Antzara, Bideberri y la Comisi\u00f3n de Fiestas de Mendillorri presentan el s\u00e1bado \u2018Rojo est\u00e1ndar\u2019, mejor espect\u00e1culo de calle en FETEN","isPartOf":{"@id":"https:\/\/www.laguiadepamplona.com\/actualidad\/#website"},"primaryImageOfPage":{"@id":"https:\/\/www.laguiadepamplona.com\/actualidad\/civivox-centro-comunitario-antzara-bideberri-y-la-comision-de-fiestas-de-mendillorri-presentan-el-sabado-rojo-estandar-mejor-espectaculo-de-calle-en-feten\/#primaryimage"},"image":{"@id":"https:\/\/www.laguiadepamplona.com\/actualidad\/civivox-centro-comunitario-antzara-bideberri-y-la-comision-de-fiestas-de-mendillorri-presentan-el-sabado-rojo-estandar-mejor-espectaculo-de-calle-en-feten\/#primaryimage"},"thumbnailUrl":"https:\/\/www.laguiadepamplona.com\/actualidad\/wp-content\/uploads\/2019\/05\/Rojo-estandar.jpg","datePublished":"2019-05-16T10:52:53+00:00","breadcrumb":{"@id":"https:\/\/www.laguiadepamplona.com\/actualidad\/civivox-centro-comunitario-antzara-bideberri-y-la-comision-de-fiestas-de-mendillorri-presentan-el-sabado-rojo-estandar-mejor-espectaculo-de-calle-en-feten\/#breadcrumb"},"inLanguage":"es","potentialAction":[{"@type":"ReadAction","target":["https:\/\/www.laguiadepamplona.com\/actualidad\/civivox-centro-comunitario-antzara-bideberri-y-la-comision-de-fiestas-de-mendillorri-presentan-el-sabado-rojo-estandar-mejor-espectaculo-de-calle-en-feten\/"]}]},{"@type":"ImageObject","inLanguage":"es","@id":"https:\/\/www.laguiadepamplona.com\/actualidad\/civivox-centro-comunitario-antzara-bideberri-y-la-comision-de-fiestas-de-mendillorri-presentan-el-sabado-rojo-estandar-mejor-espectaculo-de-calle-en-feten\/#primaryimage","url":"https:\/\/www.laguiadepamplona.com\/actualidad\/wp-content\/uploads\/2019\/05\/Rojo-estandar.jpg","contentUrl":"https:\/\/www.laguiadepamplona.com\/actualidad\/wp-content\/uploads\/2019\/05\/Rojo-estandar.jpg","width":1080,"height":639},{"@type":"BreadcrumbList","@id":"https:\/\/www.laguiadepamplona.com\/actualidad\/civivox-centro-comunitario-antzara-bideberri-y-la-comision-de-fiestas-de-mendillorri-presentan-el-sabado-rojo-estandar-mejor-espectaculo-de-calle-en-feten\/#breadcrumb","itemListElement":[{"@type":"ListItem","position":1,"name":"Portada","item":"https:\/\/www.laguiadepamplona.com\/actualidad\/"},{"@type":"ListItem","position":2,"name":"Civivox, Centro Comunitario Antzara, Bideberri y la Comisi\u00f3n de Fiestas de Mendillorri presentan el s\u00e1bado \u2018Rojo est\u00e1ndar\u2019, mejor espect\u00e1culo de calle en FETEN"}]},{"@type":"WebSite","@id":"https:\/\/www.laguiadepamplona.com\/actualidad\/#website","url":"https:\/\/www.laguiadepamplona.com\/actualidad\/","name":"La gu\u00eda de Pamplona","description":"Noticias de Pamplona","publisher":{"@id":"https:\/\/www.laguiadepamplona.com\/actualidad\/#organization"},"potentialAction":[{"@type":"SearchAction","target":{"@type":"EntryPoint","urlTemplate":"https:\/\/www.laguiadepamplona.com\/actualidad\/?s={search_term_string}"},"query-input":{"@type":"PropertyValueSpecification","valueRequired":true,"valueName":"search_term_string"}}],"inLanguage":"es"},{"@type":"Organization","@id":"https:\/\/www.laguiadepamplona.com\/actualidad\/#organization","name":"La Gu\u00eda de Pamplona \/ Noticias","url":"https:\/\/www.laguiadepamplona.com\/actualidad\/","logo":{"@type":"ImageObject","inLanguage":"es","@id":"https:\/\/www.laguiadepamplona.com\/actualidad\/#\/schema\/logo\/image\/","url":"https:\/\/www.laguiadepamplona.com\/actualidad\/wp-content\/uploads\/2018\/11\/logo-laguiadepamplona18-web1.png","contentUrl":"https:\/\/www.laguiadepamplona.com\/actualidad\/wp-content\/uploads\/2018\/11\/logo-laguiadepamplona18-web1.png","width":600,"height":196,"caption":"La Gu\u00eda de Pamplona \/ Noticias"},"image":{"@id":"https:\/\/www.laguiadepamplona.com\/actualidad\/#\/schema\/logo\/image\/"},"sameAs":["https:\/\/www.facebook.com\/laguiadepamplonacom-133175176762273\/?ref=hl","https:\/\/x.com\/LaGuiadPamplona","https:\/\/www.instagram.com\/la_guia_de_pamplona\/","https:\/\/www.youtube.com\/user\/laguiadepamplona"]},{"@type":"Person","@id":"https:\/\/www.laguiadepamplona.com\/actualidad\/#\/schema\/person\/efe887376f0213d4657c93adc50b1fdb","name":"La Gu\u00eda de Pamplona","image":{"@type":"ImageObject","inLanguage":"es","@id":"https:\/\/secure.gravatar.com\/avatar\/b6992f131dc8d30ab0dff15446e9d346d9dbd95992de0fef795073f5ea83a81c?s=96&d=mm&r=g","url":"https:\/\/secure.gravatar.com\/avatar\/b6992f131dc8d30ab0dff15446e9d346d9dbd95992de0fef795073f5ea83a81c?s=96&d=mm&r=g","contentUrl":"https:\/\/secure.gravatar.com\/avatar\/b6992f131dc8d30ab0dff15446e9d346d9dbd95992de0fef795073f5ea83a81c?s=96&d=mm&r=g","caption":"La Gu\u00eda de Pamplona"}}]}},"post_mailing_queue_ids":[],"_links":{"self":[{"href":"https:\/\/www.laguiadepamplona.com\/actualidad\/wp-json\/wp\/v2\/posts\/22196","targetHints":{"allow":["GET"]}}],"collection":[{"href":"https:\/\/www.laguiadepamplona.com\/actualidad\/wp-json\/wp\/v2\/posts"}],"about":[{"href":"https:\/\/www.laguiadepamplona.com\/actualidad\/wp-json\/wp\/v2\/types\/post"}],"author":[{"embeddable":true,"href":"https:\/\/www.laguiadepamplona.com\/actualidad\/wp-json\/wp\/v2\/users\/1"}],"replies":[{"embeddable":true,"href":"https:\/\/www.laguiadepamplona.com\/actualidad\/wp-json\/wp\/v2\/comments?post=22196"}],"version-history":[{"count":0,"href":"https:\/\/www.laguiadepamplona.com\/actualidad\/wp-json\/wp\/v2\/posts\/22196\/revisions"}],"wp:featuredmedia":[{"embeddable":true,"href":"https:\/\/www.laguiadepamplona.com\/actualidad\/wp-json\/wp\/v2\/media\/22198"}],"wp:attachment":[{"href":"https:\/\/www.laguiadepamplona.com\/actualidad\/wp-json\/wp\/v2\/media?parent=22196"}],"wp:term":[{"taxonomy":"category","embeddable":true,"href":"https:\/\/www.laguiadepamplona.com\/actualidad\/wp-json\/wp\/v2\/categories?post=22196"},{"taxonomy":"post_tag","embeddable":true,"href":"https:\/\/www.laguiadepamplona.com\/actualidad\/wp-json\/wp\/v2\/tags?post=22196"}],"curies":[{"name":"wp","href":"https:\/\/api.w.org\/{rel}","templated":true}]}}