{"id":21942,"date":"2019-05-07T15:18:02","date_gmt":"2019-05-07T13:18:02","guid":{"rendered":"https:\/\/www.laguiadepamplona.es\/actualidad\/?p=21942"},"modified":"2019-05-07T15:18:02","modified_gmt":"2019-05-07T13:18:02","slug":"el-ayuntamiento-amplia-la-gestion-de-quiosco-bar-de-la-ciudadela-durante-el-verano-mientras-se-pone-en-marcha-el-servicio-de-hosteleria-en-la-sala-de-armas","status":"publish","type":"post","link":"https:\/\/www.laguiadepamplona.com\/actualidad\/el-ayuntamiento-amplia-la-gestion-de-quiosco-bar-de-la-ciudadela-durante-el-verano-mientras-se-pone-en-marcha-el-servicio-de-hosteleria-en-la-sala-de-armas\/","title":{"rendered":"El Ayuntamiento ampl\u00eda la gesti\u00f3n de quiosco-bar de la Ciudadela durante el verano mientras se pone en marcha el servicio de hosteler\u00eda en la Sala de Armas"},"content":{"rendered":"<p><!--more--><\/p>\n<h3>La Junta de Gobierno Local amplia el arrendamiento del quiosco para el periodo estival a la misma empresa que lo ha gestionado los \u00faltimos a\u00f1os<\/h3>\n<p>La Junta de Gobierno Local ha aprobado en su sesi\u00f3n de hoy la adjudicaci\u00f3n directa del contrato de arrendamiento del quiosco-bar de la Ciudadela para el pr\u00f3ximo verano, de manera que se pueda atender a las personas que participen en las actividades culturales organizadas durante ese tiempo. La empresa que ha gestionado este servicio de hosteler\u00eda desde 2015 finalizaba el contrato el 26 de junio. Sin embargo, dada la situaci\u00f3n del espacio en el que se desarrolla la actividad, alejada de cualquier establecimiento de hosteler\u00eda en m\u00e1s de 500 metros, con una climatolog\u00eda en esas fechas previsiblemente calurosas y con presencia de numerosas personas, y por el inter\u00e9s p\u00fablico, se ha realizado una nueva adjudicaci\u00f3n hasta el 15 de octubre a favor de esta misma sociedad, Catering Cock S.L., por un precio de 413,58 euros. La cantidad es la parte proporcional al arrendamiento anual.<\/p>\n<p>El Ayuntamiento ha optado por esta f\u00f3rmula teniendo en cuenta el proyecto que existe para instalar una cafeter\u00eda en la planta baja de Sala de Armas, un proyecto con el que se quiere atender tanto a las personas que acuden a Ciudadela a ver exposiciones como a las que participan en las actividades que ser realizan. Para la puesta en marcha del nuevo servicio es necesario acometer previamente una obra para instalar la calefacci\u00f3n, unos trabajos previstos para mediados de octubre. Mientras tanto, quienes se acerquen a Ciudadela durante los meses estivales, en los que se suceden numerosas actividades musicales y teatrales por las tardes, la atenci\u00f3n se realizar\u00e1 en el m\u00f3dulo municipal instalado en la actualidad. Evitando as\u00ed que haya que desplazarse unos 500 metros hasta la zona de bares m\u00e1s cercana.<\/p>\n<p><strong>Abierto fines de semana ma\u00f1ana y tarde y durante el verano tambi\u00e9n las tardes<\/strong><\/p>\n<p>El Cocktail Bar Ciudadela permanece abierto los fines de semana de 11.30 a 15 y de 16.30 a 21.30 horas y durante el verano, todas las tardes a partir de las 16.30 horas hasta el cierre de la Ciudadela. Solo cierra entre el 5 y el 17 de julio cuando la Ciudadela no abre sus puertas al p\u00fablico por el lanzamiento de los fuegos artificiales desde su interior.<\/p>\n<p>El quiosco, situado en el exterior de la Sala de Armas, dispone de una amplia terraza de 100 m<sup>2 <\/sup>que cuenta con mesas, taburetes, pufs y toldos. Su oferta gastron\u00f3mica puede variar y ampliarse en funci\u00f3n de los eventos de verano que hay en Ciudadela, aunque de forma continuada la carta presenta, por ejemplo, fritos Reyno Gourmet, bravas Pamplona style, mini fritos, perritos calientes con quesos navarros o gildas. Dentro de la oferta de bebidas se pueden encontrar gin&amp;tonics y combinados premiums, cocktails y su especialidad, mojirose.<\/p>\n","protected":false},"excerpt":{"rendered":"","protected":false},"author":1,"featured_media":17956,"comment_status":"open","ping_status":"closed","sticky":false,"template":"","format":"standard","meta":{"footnotes":""},"categories":[2],"tags":[],"class_list":["post-21942","post","type-post","status-publish","format-standard","has-post-thumbnail","hentry","category-ayuntamiento-pamplona"],"yoast_head":"<!-- This site is optimized with the Yoast SEO plugin v27.3 - https:\/\/yoast.com\/product\/yoast-seo-wordpress\/ -->\n<title>El Ayuntamiento ampl\u00eda la gesti\u00f3n de quiosco-bar de la Ciudadela durante el verano mientras se pone en marcha el servicio de hosteler\u00eda en la Sala de Armas<\/title>\n<meta name=\"robots\" content=\"index, follow, max-snippet:-1, max-image-preview:large, max-video-preview:-1\" \/>\n<link rel=\"canonical\" href=\"https:\/\/www.laguiadepamplona.com\/actualidad\/el-ayuntamiento-amplia-la-gestion-de-quiosco-bar-de-la-ciudadela-durante-el-verano-mientras-se-pone-en-marcha-el-servicio-de-hosteleria-en-la-sala-de-armas\/\" \/>\n<meta property=\"og:locale\" content=\"es_ES\" \/>\n<meta property=\"og:type\" content=\"article\" \/>\n<meta property=\"og:title\" content=\"El Ayuntamiento ampl\u00eda la gesti\u00f3n de quiosco-bar de la Ciudadela durante el verano mientras se pone en marcha el servicio de hosteler\u00eda en la Sala de Armas\" \/>\n<meta property=\"og:url\" content=\"https:\/\/www.laguiadepamplona.com\/actualidad\/el-ayuntamiento-amplia-la-gestion-de-quiosco-bar-de-la-ciudadela-durante-el-verano-mientras-se-pone-en-marcha-el-servicio-de-hosteleria-en-la-sala-de-armas\/\" \/>\n<meta property=\"og:site_name\" content=\"La Gu\u00eda de Pamplona\" \/>\n<meta property=\"article:publisher\" content=\"https:\/\/www.facebook.com\/laguiadepamplonacom-133175176762273\/?ref=hl\" \/>\n<meta property=\"article:published_time\" content=\"2019-05-07T13:18:02+00:00\" \/>\n<meta property=\"og:image\" content=\"https:\/\/www.laguiadepamplona.com\/actualidad\/wp-content\/uploads\/2018\/06\/quisco-bar-ciudadela.jpg\" \/>\n\t<meta property=\"og:image:width\" content=\"1000\" \/>\n\t<meta property=\"og:image:height\" content=\"547\" \/>\n\t<meta property=\"og:image:type\" content=\"image\/jpeg\" \/>\n<meta name=\"author\" content=\"La Gu\u00eda de Pamplona\" \/>\n<meta name=\"twitter:card\" content=\"summary_large_image\" \/>\n<meta name=\"twitter:creator\" content=\"@LaGuiadPamplona\" \/>\n<meta name=\"twitter:site\" content=\"@LaGuiadPamplona\" \/>\n<meta name=\"twitter:label1\" content=\"Escrito por\" \/>\n\t<meta name=\"twitter:data1\" content=\"La Gu\u00eda de Pamplona\" \/>\n\t<meta name=\"twitter:label2\" content=\"Tiempo de lectura\" \/>\n\t<meta name=\"twitter:data2\" content=\"2 minutos\" \/>\n<script type=\"application\/ld+json\" class=\"yoast-schema-graph\">{\"@context\":\"https:\\\/\\\/schema.org\",\"@graph\":[{\"@type\":\"Article\",\"@id\":\"https:\\\/\\\/www.laguiadepamplona.com\\\/actualidad\\\/el-ayuntamiento-amplia-la-gestion-de-quiosco-bar-de-la-ciudadela-durante-el-verano-mientras-se-pone-en-marcha-el-servicio-de-hosteleria-en-la-sala-de-armas\\\/#article\",\"isPartOf\":{\"@id\":\"https:\\\/\\\/www.laguiadepamplona.com\\\/actualidad\\\/el-ayuntamiento-amplia-la-gestion-de-quiosco-bar-de-la-ciudadela-durante-el-verano-mientras-se-pone-en-marcha-el-servicio-de-hosteleria-en-la-sala-de-armas\\\/\"},\"author\":{\"name\":\"La Gu\u00eda de Pamplona\",\"@id\":\"https:\\\/\\\/www.laguiadepamplona.com\\\/actualidad\\\/#\\\/schema\\\/person\\\/efe887376f0213d4657c93adc50b1fdb\"},\"headline\":\"El Ayuntamiento ampl\u00eda la gesti\u00f3n de quiosco-bar de la Ciudadela durante el verano mientras se pone en marcha el servicio de hosteler\u00eda en la Sala de Armas\",\"datePublished\":\"2019-05-07T13:18:02+00:00\",\"mainEntityOfPage\":{\"@id\":\"https:\\\/\\\/www.laguiadepamplona.com\\\/actualidad\\\/el-ayuntamiento-amplia-la-gestion-de-quiosco-bar-de-la-ciudadela-durante-el-verano-mientras-se-pone-en-marcha-el-servicio-de-hosteleria-en-la-sala-de-armas\\\/\"},\"wordCount\":513,\"commentCount\":0,\"publisher\":{\"@id\":\"https:\\\/\\\/www.laguiadepamplona.com\\\/actualidad\\\/#organization\"},\"image\":{\"@id\":\"https:\\\/\\\/www.laguiadepamplona.com\\\/actualidad\\\/el-ayuntamiento-amplia-la-gestion-de-quiosco-bar-de-la-ciudadela-durante-el-verano-mientras-se-pone-en-marcha-el-servicio-de-hosteleria-en-la-sala-de-armas\\\/#primaryimage\"},\"thumbnailUrl\":\"https:\\\/\\\/www.laguiadepamplona.com\\\/actualidad\\\/wp-content\\\/uploads\\\/2018\\\/06\\\/quisco-bar-ciudadela.jpg\",\"articleSection\":[\"Ayto Pamplona\"],\"inLanguage\":\"es\",\"potentialAction\":[{\"@type\":\"CommentAction\",\"name\":\"Comment\",\"target\":[\"https:\\\/\\\/www.laguiadepamplona.com\\\/actualidad\\\/el-ayuntamiento-amplia-la-gestion-de-quiosco-bar-de-la-ciudadela-durante-el-verano-mientras-se-pone-en-marcha-el-servicio-de-hosteleria-en-la-sala-de-armas\\\/#respond\"]}]},{\"@type\":\"WebPage\",\"@id\":\"https:\\\/\\\/www.laguiadepamplona.com\\\/actualidad\\\/el-ayuntamiento-amplia-la-gestion-de-quiosco-bar-de-la-ciudadela-durante-el-verano-mientras-se-pone-en-marcha-el-servicio-de-hosteleria-en-la-sala-de-armas\\\/\",\"url\":\"https:\\\/\\\/www.laguiadepamplona.com\\\/actualidad\\\/el-ayuntamiento-amplia-la-gestion-de-quiosco-bar-de-la-ciudadela-durante-el-verano-mientras-se-pone-en-marcha-el-servicio-de-hosteleria-en-la-sala-de-armas\\\/\",\"name\":\"El Ayuntamiento ampl\u00eda la gesti\u00f3n de quiosco-bar de la Ciudadela durante el verano mientras se pone en marcha el servicio de hosteler\u00eda en la Sala de Armas\",\"isPartOf\":{\"@id\":\"https:\\\/\\\/www.laguiadepamplona.com\\\/actualidad\\\/#website\"},\"primaryImageOfPage\":{\"@id\":\"https:\\\/\\\/www.laguiadepamplona.com\\\/actualidad\\\/el-ayuntamiento-amplia-la-gestion-de-quiosco-bar-de-la-ciudadela-durante-el-verano-mientras-se-pone-en-marcha-el-servicio-de-hosteleria-en-la-sala-de-armas\\\/#primaryimage\"},\"image\":{\"@id\":\"https:\\\/\\\/www.laguiadepamplona.com\\\/actualidad\\\/el-ayuntamiento-amplia-la-gestion-de-quiosco-bar-de-la-ciudadela-durante-el-verano-mientras-se-pone-en-marcha-el-servicio-de-hosteleria-en-la-sala-de-armas\\\/#primaryimage\"},\"thumbnailUrl\":\"https:\\\/\\\/www.laguiadepamplona.com\\\/actualidad\\\/wp-content\\\/uploads\\\/2018\\\/06\\\/quisco-bar-ciudadela.jpg\",\"datePublished\":\"2019-05-07T13:18:02+00:00\",\"breadcrumb\":{\"@id\":\"https:\\\/\\\/www.laguiadepamplona.com\\\/actualidad\\\/el-ayuntamiento-amplia-la-gestion-de-quiosco-bar-de-la-ciudadela-durante-el-verano-mientras-se-pone-en-marcha-el-servicio-de-hosteleria-en-la-sala-de-armas\\\/#breadcrumb\"},\"inLanguage\":\"es\",\"potentialAction\":[{\"@type\":\"ReadAction\",\"target\":[\"https:\\\/\\\/www.laguiadepamplona.com\\\/actualidad\\\/el-ayuntamiento-amplia-la-gestion-de-quiosco-bar-de-la-ciudadela-durante-el-verano-mientras-se-pone-en-marcha-el-servicio-de-hosteleria-en-la-sala-de-armas\\\/\"]}]},{\"@type\":\"ImageObject\",\"inLanguage\":\"es\",\"@id\":\"https:\\\/\\\/www.laguiadepamplona.com\\\/actualidad\\\/el-ayuntamiento-amplia-la-gestion-de-quiosco-bar-de-la-ciudadela-durante-el-verano-mientras-se-pone-en-marcha-el-servicio-de-hosteleria-en-la-sala-de-armas\\\/#primaryimage\",\"url\":\"https:\\\/\\\/www.laguiadepamplona.com\\\/actualidad\\\/wp-content\\\/uploads\\\/2018\\\/06\\\/quisco-bar-ciudadela.jpg\",\"contentUrl\":\"https:\\\/\\\/www.laguiadepamplona.com\\\/actualidad\\\/wp-content\\\/uploads\\\/2018\\\/06\\\/quisco-bar-ciudadela.jpg\",\"width\":1000,\"height\":547},{\"@type\":\"BreadcrumbList\",\"@id\":\"https:\\\/\\\/www.laguiadepamplona.com\\\/actualidad\\\/el-ayuntamiento-amplia-la-gestion-de-quiosco-bar-de-la-ciudadela-durante-el-verano-mientras-se-pone-en-marcha-el-servicio-de-hosteleria-en-la-sala-de-armas\\\/#breadcrumb\",\"itemListElement\":[{\"@type\":\"ListItem\",\"position\":1,\"name\":\"Portada\",\"item\":\"https:\\\/\\\/www.laguiadepamplona.com\\\/actualidad\\\/\"},{\"@type\":\"ListItem\",\"position\":2,\"name\":\"El Ayuntamiento ampl\u00eda la gesti\u00f3n de quiosco-bar de la Ciudadela durante el verano mientras se pone en marcha el servicio de hosteler\u00eda en la Sala de Armas\"}]},{\"@type\":\"WebSite\",\"@id\":\"https:\\\/\\\/www.laguiadepamplona.com\\\/actualidad\\\/#website\",\"url\":\"https:\\\/\\\/www.laguiadepamplona.com\\\/actualidad\\\/\",\"name\":\"La gu\u00eda de Pamplona\",\"description\":\"Noticias de Pamplona\",\"publisher\":{\"@id\":\"https:\\\/\\\/www.laguiadepamplona.com\\\/actualidad\\\/#organization\"},\"potentialAction\":[{\"@type\":\"SearchAction\",\"target\":{\"@type\":\"EntryPoint\",\"urlTemplate\":\"https:\\\/\\\/www.laguiadepamplona.com\\\/actualidad\\\/?s={search_term_string}\"},\"query-input\":{\"@type\":\"PropertyValueSpecification\",\"valueRequired\":true,\"valueName\":\"search_term_string\"}}],\"inLanguage\":\"es\"},{\"@type\":\"Organization\",\"@id\":\"https:\\\/\\\/www.laguiadepamplona.com\\\/actualidad\\\/#organization\",\"name\":\"La Gu\u00eda de Pamplona \\\/ Noticias\",\"url\":\"https:\\\/\\\/www.laguiadepamplona.com\\\/actualidad\\\/\",\"logo\":{\"@type\":\"ImageObject\",\"inLanguage\":\"es\",\"@id\":\"https:\\\/\\\/www.laguiadepamplona.com\\\/actualidad\\\/#\\\/schema\\\/logo\\\/image\\\/\",\"url\":\"https:\\\/\\\/www.laguiadepamplona.com\\\/actualidad\\\/wp-content\\\/uploads\\\/2018\\\/11\\\/logo-laguiadepamplona18-web1.png\",\"contentUrl\":\"https:\\\/\\\/www.laguiadepamplona.com\\\/actualidad\\\/wp-content\\\/uploads\\\/2018\\\/11\\\/logo-laguiadepamplona18-web1.png\",\"width\":600,\"height\":196,\"caption\":\"La Gu\u00eda de Pamplona \\\/ Noticias\"},\"image\":{\"@id\":\"https:\\\/\\\/www.laguiadepamplona.com\\\/actualidad\\\/#\\\/schema\\\/logo\\\/image\\\/\"},\"sameAs\":[\"https:\\\/\\\/www.facebook.com\\\/laguiadepamplonacom-133175176762273\\\/?ref=hl\",\"https:\\\/\\\/x.com\\\/LaGuiadPamplona\",\"https:\\\/\\\/www.instagram.com\\\/la_guia_de_pamplona\\\/\",\"https:\\\/\\\/www.youtube.com\\\/user\\\/laguiadepamplona\"]},{\"@type\":\"Person\",\"@id\":\"https:\\\/\\\/www.laguiadepamplona.com\\\/actualidad\\\/#\\\/schema\\\/person\\\/efe887376f0213d4657c93adc50b1fdb\",\"name\":\"La Gu\u00eda de Pamplona\",\"image\":{\"@type\":\"ImageObject\",\"inLanguage\":\"es\",\"@id\":\"https:\\\/\\\/secure.gravatar.com\\\/avatar\\\/b6992f131dc8d30ab0dff15446e9d346d9dbd95992de0fef795073f5ea83a81c?s=96&d=mm&r=g\",\"url\":\"https:\\\/\\\/secure.gravatar.com\\\/avatar\\\/b6992f131dc8d30ab0dff15446e9d346d9dbd95992de0fef795073f5ea83a81c?s=96&d=mm&r=g\",\"contentUrl\":\"https:\\\/\\\/secure.gravatar.com\\\/avatar\\\/b6992f131dc8d30ab0dff15446e9d346d9dbd95992de0fef795073f5ea83a81c?s=96&d=mm&r=g\",\"caption\":\"La Gu\u00eda de Pamplona\"}}]}<\/script>\n<!-- \/ Yoast SEO plugin. -->","yoast_head_json":{"title":"El Ayuntamiento ampl\u00eda la gesti\u00f3n de quiosco-bar de la Ciudadela durante el verano mientras se pone en marcha el servicio de hosteler\u00eda en la Sala de Armas","robots":{"index":"index","follow":"follow","max-snippet":"max-snippet:-1","max-image-preview":"max-image-preview:large","max-video-preview":"max-video-preview:-1"},"canonical":"https:\/\/www.laguiadepamplona.com\/actualidad\/el-ayuntamiento-amplia-la-gestion-de-quiosco-bar-de-la-ciudadela-durante-el-verano-mientras-se-pone-en-marcha-el-servicio-de-hosteleria-en-la-sala-de-armas\/","og_locale":"es_ES","og_type":"article","og_title":"El Ayuntamiento ampl\u00eda la gesti\u00f3n de quiosco-bar de la Ciudadela durante el verano mientras se pone en marcha el servicio de hosteler\u00eda en la Sala de Armas","og_url":"https:\/\/www.laguiadepamplona.com\/actualidad\/el-ayuntamiento-amplia-la-gestion-de-quiosco-bar-de-la-ciudadela-durante-el-verano-mientras-se-pone-en-marcha-el-servicio-de-hosteleria-en-la-sala-de-armas\/","og_site_name":"La Gu\u00eda de Pamplona","article_publisher":"https:\/\/www.facebook.com\/laguiadepamplonacom-133175176762273\/?ref=hl","article_published_time":"2019-05-07T13:18:02+00:00","og_image":[{"width":1000,"height":547,"url":"https:\/\/www.laguiadepamplona.com\/actualidad\/wp-content\/uploads\/2018\/06\/quisco-bar-ciudadela.jpg","type":"image\/jpeg"}],"author":"La Gu\u00eda de Pamplona","twitter_card":"summary_large_image","twitter_creator":"@LaGuiadPamplona","twitter_site":"@LaGuiadPamplona","twitter_misc":{"Escrito por":"La Gu\u00eda de Pamplona","Tiempo de lectura":"2 minutos"},"schema":{"@context":"https:\/\/schema.org","@graph":[{"@type":"Article","@id":"https:\/\/www.laguiadepamplona.com\/actualidad\/el-ayuntamiento-amplia-la-gestion-de-quiosco-bar-de-la-ciudadela-durante-el-verano-mientras-se-pone-en-marcha-el-servicio-de-hosteleria-en-la-sala-de-armas\/#article","isPartOf":{"@id":"https:\/\/www.laguiadepamplona.com\/actualidad\/el-ayuntamiento-amplia-la-gestion-de-quiosco-bar-de-la-ciudadela-durante-el-verano-mientras-se-pone-en-marcha-el-servicio-de-hosteleria-en-la-sala-de-armas\/"},"author":{"name":"La Gu\u00eda de Pamplona","@id":"https:\/\/www.laguiadepamplona.com\/actualidad\/#\/schema\/person\/efe887376f0213d4657c93adc50b1fdb"},"headline":"El Ayuntamiento ampl\u00eda la gesti\u00f3n de quiosco-bar de la Ciudadela durante el verano mientras se pone en marcha el servicio de hosteler\u00eda en la Sala de Armas","datePublished":"2019-05-07T13:18:02+00:00","mainEntityOfPage":{"@id":"https:\/\/www.laguiadepamplona.com\/actualidad\/el-ayuntamiento-amplia-la-gestion-de-quiosco-bar-de-la-ciudadela-durante-el-verano-mientras-se-pone-en-marcha-el-servicio-de-hosteleria-en-la-sala-de-armas\/"},"wordCount":513,"commentCount":0,"publisher":{"@id":"https:\/\/www.laguiadepamplona.com\/actualidad\/#organization"},"image":{"@id":"https:\/\/www.laguiadepamplona.com\/actualidad\/el-ayuntamiento-amplia-la-gestion-de-quiosco-bar-de-la-ciudadela-durante-el-verano-mientras-se-pone-en-marcha-el-servicio-de-hosteleria-en-la-sala-de-armas\/#primaryimage"},"thumbnailUrl":"https:\/\/www.laguiadepamplona.com\/actualidad\/wp-content\/uploads\/2018\/06\/quisco-bar-ciudadela.jpg","articleSection":["Ayto Pamplona"],"inLanguage":"es","potentialAction":[{"@type":"CommentAction","name":"Comment","target":["https:\/\/www.laguiadepamplona.com\/actualidad\/el-ayuntamiento-amplia-la-gestion-de-quiosco-bar-de-la-ciudadela-durante-el-verano-mientras-se-pone-en-marcha-el-servicio-de-hosteleria-en-la-sala-de-armas\/#respond"]}]},{"@type":"WebPage","@id":"https:\/\/www.laguiadepamplona.com\/actualidad\/el-ayuntamiento-amplia-la-gestion-de-quiosco-bar-de-la-ciudadela-durante-el-verano-mientras-se-pone-en-marcha-el-servicio-de-hosteleria-en-la-sala-de-armas\/","url":"https:\/\/www.laguiadepamplona.com\/actualidad\/el-ayuntamiento-amplia-la-gestion-de-quiosco-bar-de-la-ciudadela-durante-el-verano-mientras-se-pone-en-marcha-el-servicio-de-hosteleria-en-la-sala-de-armas\/","name":"El Ayuntamiento ampl\u00eda la gesti\u00f3n de quiosco-bar de la Ciudadela durante el verano mientras se pone en marcha el servicio de hosteler\u00eda en la Sala de Armas","isPartOf":{"@id":"https:\/\/www.laguiadepamplona.com\/actualidad\/#website"},"primaryImageOfPage":{"@id":"https:\/\/www.laguiadepamplona.com\/actualidad\/el-ayuntamiento-amplia-la-gestion-de-quiosco-bar-de-la-ciudadela-durante-el-verano-mientras-se-pone-en-marcha-el-servicio-de-hosteleria-en-la-sala-de-armas\/#primaryimage"},"image":{"@id":"https:\/\/www.laguiadepamplona.com\/actualidad\/el-ayuntamiento-amplia-la-gestion-de-quiosco-bar-de-la-ciudadela-durante-el-verano-mientras-se-pone-en-marcha-el-servicio-de-hosteleria-en-la-sala-de-armas\/#primaryimage"},"thumbnailUrl":"https:\/\/www.laguiadepamplona.com\/actualidad\/wp-content\/uploads\/2018\/06\/quisco-bar-ciudadela.jpg","datePublished":"2019-05-07T13:18:02+00:00","breadcrumb":{"@id":"https:\/\/www.laguiadepamplona.com\/actualidad\/el-ayuntamiento-amplia-la-gestion-de-quiosco-bar-de-la-ciudadela-durante-el-verano-mientras-se-pone-en-marcha-el-servicio-de-hosteleria-en-la-sala-de-armas\/#breadcrumb"},"inLanguage":"es","potentialAction":[{"@type":"ReadAction","target":["https:\/\/www.laguiadepamplona.com\/actualidad\/el-ayuntamiento-amplia-la-gestion-de-quiosco-bar-de-la-ciudadela-durante-el-verano-mientras-se-pone-en-marcha-el-servicio-de-hosteleria-en-la-sala-de-armas\/"]}]},{"@type":"ImageObject","inLanguage":"es","@id":"https:\/\/www.laguiadepamplona.com\/actualidad\/el-ayuntamiento-amplia-la-gestion-de-quiosco-bar-de-la-ciudadela-durante-el-verano-mientras-se-pone-en-marcha-el-servicio-de-hosteleria-en-la-sala-de-armas\/#primaryimage","url":"https:\/\/www.laguiadepamplona.com\/actualidad\/wp-content\/uploads\/2018\/06\/quisco-bar-ciudadela.jpg","contentUrl":"https:\/\/www.laguiadepamplona.com\/actualidad\/wp-content\/uploads\/2018\/06\/quisco-bar-ciudadela.jpg","width":1000,"height":547},{"@type":"BreadcrumbList","@id":"https:\/\/www.laguiadepamplona.com\/actualidad\/el-ayuntamiento-amplia-la-gestion-de-quiosco-bar-de-la-ciudadela-durante-el-verano-mientras-se-pone-en-marcha-el-servicio-de-hosteleria-en-la-sala-de-armas\/#breadcrumb","itemListElement":[{"@type":"ListItem","position":1,"name":"Portada","item":"https:\/\/www.laguiadepamplona.com\/actualidad\/"},{"@type":"ListItem","position":2,"name":"El Ayuntamiento ampl\u00eda la gesti\u00f3n de quiosco-bar de la Ciudadela durante el verano mientras se pone en marcha el servicio de hosteler\u00eda en la Sala de Armas"}]},{"@type":"WebSite","@id":"https:\/\/www.laguiadepamplona.com\/actualidad\/#website","url":"https:\/\/www.laguiadepamplona.com\/actualidad\/","name":"La gu\u00eda de Pamplona","description":"Noticias de Pamplona","publisher":{"@id":"https:\/\/www.laguiadepamplona.com\/actualidad\/#organization"},"potentialAction":[{"@type":"SearchAction","target":{"@type":"EntryPoint","urlTemplate":"https:\/\/www.laguiadepamplona.com\/actualidad\/?s={search_term_string}"},"query-input":{"@type":"PropertyValueSpecification","valueRequired":true,"valueName":"search_term_string"}}],"inLanguage":"es"},{"@type":"Organization","@id":"https:\/\/www.laguiadepamplona.com\/actualidad\/#organization","name":"La Gu\u00eda de Pamplona \/ Noticias","url":"https:\/\/www.laguiadepamplona.com\/actualidad\/","logo":{"@type":"ImageObject","inLanguage":"es","@id":"https:\/\/www.laguiadepamplona.com\/actualidad\/#\/schema\/logo\/image\/","url":"https:\/\/www.laguiadepamplona.com\/actualidad\/wp-content\/uploads\/2018\/11\/logo-laguiadepamplona18-web1.png","contentUrl":"https:\/\/www.laguiadepamplona.com\/actualidad\/wp-content\/uploads\/2018\/11\/logo-laguiadepamplona18-web1.png","width":600,"height":196,"caption":"La Gu\u00eda de Pamplona \/ Noticias"},"image":{"@id":"https:\/\/www.laguiadepamplona.com\/actualidad\/#\/schema\/logo\/image\/"},"sameAs":["https:\/\/www.facebook.com\/laguiadepamplonacom-133175176762273\/?ref=hl","https:\/\/x.com\/LaGuiadPamplona","https:\/\/www.instagram.com\/la_guia_de_pamplona\/","https:\/\/www.youtube.com\/user\/laguiadepamplona"]},{"@type":"Person","@id":"https:\/\/www.laguiadepamplona.com\/actualidad\/#\/schema\/person\/efe887376f0213d4657c93adc50b1fdb","name":"La Gu\u00eda de Pamplona","image":{"@type":"ImageObject","inLanguage":"es","@id":"https:\/\/secure.gravatar.com\/avatar\/b6992f131dc8d30ab0dff15446e9d346d9dbd95992de0fef795073f5ea83a81c?s=96&d=mm&r=g","url":"https:\/\/secure.gravatar.com\/avatar\/b6992f131dc8d30ab0dff15446e9d346d9dbd95992de0fef795073f5ea83a81c?s=96&d=mm&r=g","contentUrl":"https:\/\/secure.gravatar.com\/avatar\/b6992f131dc8d30ab0dff15446e9d346d9dbd95992de0fef795073f5ea83a81c?s=96&d=mm&r=g","caption":"La Gu\u00eda de Pamplona"}}]}},"post_mailing_queue_ids":[],"_links":{"self":[{"href":"https:\/\/www.laguiadepamplona.com\/actualidad\/wp-json\/wp\/v2\/posts\/21942","targetHints":{"allow":["GET"]}}],"collection":[{"href":"https:\/\/www.laguiadepamplona.com\/actualidad\/wp-json\/wp\/v2\/posts"}],"about":[{"href":"https:\/\/www.laguiadepamplona.com\/actualidad\/wp-json\/wp\/v2\/types\/post"}],"author":[{"embeddable":true,"href":"https:\/\/www.laguiadepamplona.com\/actualidad\/wp-json\/wp\/v2\/users\/1"}],"replies":[{"embeddable":true,"href":"https:\/\/www.laguiadepamplona.com\/actualidad\/wp-json\/wp\/v2\/comments?post=21942"}],"version-history":[{"count":0,"href":"https:\/\/www.laguiadepamplona.com\/actualidad\/wp-json\/wp\/v2\/posts\/21942\/revisions"}],"wp:featuredmedia":[{"embeddable":true,"href":"https:\/\/www.laguiadepamplona.com\/actualidad\/wp-json\/wp\/v2\/media\/17956"}],"wp:attachment":[{"href":"https:\/\/www.laguiadepamplona.com\/actualidad\/wp-json\/wp\/v2\/media?parent=21942"}],"wp:term":[{"taxonomy":"category","embeddable":true,"href":"https:\/\/www.laguiadepamplona.com\/actualidad\/wp-json\/wp\/v2\/categories?post=21942"},{"taxonomy":"post_tag","embeddable":true,"href":"https:\/\/www.laguiadepamplona.com\/actualidad\/wp-json\/wp\/v2\/tags?post=21942"}],"curies":[{"name":"wp","href":"https:\/\/api.w.org\/{rel}","templated":true}]}}