{"id":21931,"date":"2019-05-06T17:33:34","date_gmt":"2019-05-06T15:33:34","guid":{"rendered":"https:\/\/www.laguiadepamplona.es\/actualidad\/?p=21931"},"modified":"2019-05-06T17:33:34","modified_gmt":"2019-05-06T15:33:34","slug":"sjem-lanza-la-campana-el-valor-de-la-cercania-una-campana-de-promocion-del-comercio-local","status":"publish","type":"post","link":"https:\/\/www.laguiadepamplona.com\/actualidad\/sjem-lanza-la-campana-el-valor-de-la-cercania-una-campana-de-promocion-del-comercio-local\/","title":{"rendered":"SJEM lanza la campa\u00f1a \u201cEl valor de la cercan\u00eda\u2026\u201d una campa\u00f1a de promoci\u00f3n del comercio local."},"content":{"rendered":"<p><!--more--><\/p>\n<p><strong>La Asociaci\u00f3n de Comerciantes de San Juan, Ermitaga\u00f1a y Mendebaldea (SJEM), con el patrocinio del Gobierno de Navarra y Caja Rural de Navarra, ha puesto en marcha la campa\u00f1a \u201cEl valor de la cercan\u00eda\u2026\u201dque arranca este s\u00e1bado. Durante la campa\u00f1a las personas que presenten un ticket de compra de cualquiera de los establecimientos participantes podr\u00e1 llevarse una planta con flor de temporada. Para ello la asociaci\u00f3n instalar\u00e1 3 puntos de reparto de plantas (uno por barrio). <\/strong><\/p>\n<p><strong><a href=\"https:\/\/www.laguiadepamplona.es\/actualidad\/wp-content\/uploads\/2019\/05\/EL-VALOR-DE-LA-CERCANIA.jpg\"><img loading=\"lazy\" decoding=\"async\" class=\"alignleft size-medium wp-image-21934\" src=\"https:\/\/www.laguiadepamplona.es\/actualidad\/wp-content\/uploads\/2019\/05\/EL-VALOR-DE-LA-CERCANIA-425x300.jpg\" alt=\"\" width=\"425\" height=\"300\" srcset=\"https:\/\/www.laguiadepamplona.com\/actualidad\/wp-content\/uploads\/2019\/05\/EL-VALOR-DE-LA-CERCANIA-425x300.jpg 425w, https:\/\/www.laguiadepamplona.com\/actualidad\/wp-content\/uploads\/2019\/05\/EL-VALOR-DE-LA-CERCANIA-768x542.jpg 768w, https:\/\/www.laguiadepamplona.com\/actualidad\/wp-content\/uploads\/2019\/05\/EL-VALOR-DE-LA-CERCANIA-966x682.jpg 966w, https:\/\/www.laguiadepamplona.com\/actualidad\/wp-content\/uploads\/2019\/05\/EL-VALOR-DE-LA-CERCANIA-640x452.jpg 640w, https:\/\/www.laguiadepamplona.com\/actualidad\/wp-content\/uploads\/2019\/05\/EL-VALOR-DE-LA-CERCANIA.jpg 1607w\" sizes=\"auto, (max-width: 425px) 100vw, 425px\" \/><\/a><\/strong>La cercan\u00eda es una de las virtudes que m\u00e1s diferencia al comercio, la hosteler\u00eda y los servicios de proximidad. Porque, \u201c&#8230; detr\u00e1s de nuestras tiendas hay un trato, una atenci\u00f3n, un t\u00fa a t\u00fa muy diferente. Un comercio de <strong>personas para personas\u2026<\/strong> Y queremos poner eso en valor\u201d comenta Jose Mar\u00eda Basarte de Bay\u00f3n Moda, presidente de la asociaci\u00f3n.<\/p>\n<p>Por ello, desde SJEM se ha organizado una campa\u00f1a para dar a conocer a esas personas que est\u00e1 detr\u00e1s de cada tienda y a la vez, tener un detalle con los clientes. En concreto la campa\u00f1a consiste en la colocaci\u00f3n de un punto de reparto de flor en zonas de paso de cada barrio durante varios s\u00e1bados por la ma\u00f1ana del mes de mayo y junio. En ellos, presentando un ticket de compra de esa semana de los establecimientos participantes en la campa\u00f1a, el cliente se puede llevar una<strong> planta con flor de temporada, <\/strong>una por persona y d\u00eda. En esos puntos de reparto se van a instalar sendas pancartas de 3m. x 2m. en las que saldr\u00e1 una gran <strong>foto de equipo <\/strong>(foto adjunta) de diferentes comerciantes de la asociaci\u00f3n con el eslogan el \u201c<em>valor de la cercan\u00eda\u201d <\/em>y una relaci\u00f3n de todos los establecimientos de la asociaci\u00f3n. Los clientes podr\u00e1n retirar la planta en horario de 12.30 a 14.00. *Una planta por persona y d\u00eda.<\/p>\n<p>La campa\u00f1a terminar\u00e1 con una fiesta que organiza el Ayuntamiento de Pamplona con la colaboraci\u00f3n de las asociaciones. Esta fiesta llamada <strong>Comercio Hace Ciudad<\/strong> contar\u00e1 con diferentes actuaciones en puntos c\u00e9ntricos de los barrios: concierto, chocolatada, hinchables y m\u00e1s sorpresas.<\/p>\n<p>&nbsp;<\/p>\n<p><strong>UBICACIONES: puntos de reparto. <\/strong><\/p>\n<p><span style=\"color: #ff0000;\"><strong>\u00a0S\u00e1bado 11 de mayo.<\/strong><\/span><\/p>\n<p><strong>San Juan. <\/strong>Avnd. Bayona con C\/ Monasterio de Belate. (al lado de Bakinter).<\/p>\n<p><strong>Ermitaga\u00f1a. <\/strong>Avnd. Bayona 56. (al lado de Golem Bayona).<\/p>\n<p><strong>Mendebaldea. <\/strong>Avnd. de Bara\u00f1\u00e1in con C\/ Irunlarrea. (al lado de Cafeter\u00eda Mendebaldea).<\/p>\n<p>&nbsp;<\/p>\n<p><span style=\"color: #ff0000;\"><strong>S\u00e1bado 18 de mayo.<\/strong><\/span><\/p>\n<p><strong>San Juan. <\/strong>Avnd. Bayona 3. (al lado de Cerca de Florister\u00eda Torrens).<\/p>\n<p><strong>Ermitaga\u00f1a. <\/strong>C\/ Ermitaga\u00f1a a la altura del n\u00famero 4 un poco m\u00e1s adelante. (Frente a Farmacia).<\/p>\n<p><strong>Mendebaldea. <\/strong>Paseo de Irunlarrea a la altura del n\u00famero 13. (al lado de\u00a0 Resturante La Oveja Negra).<\/p>\n<p>&nbsp;<\/p>\n<p><span style=\"color: #ff0000;\"><strong>S\u00e1bado 25 de mayo.<\/strong><\/span><\/p>\n<p><strong>San Juan. <\/strong>Crude Avnd. Bayona con Sancho El Fuerte. (al lado de Caja Rural de Navarra).<\/p>\n<p><strong>Ermitaga\u00f1a. <\/strong>C\/ Sancho Ram\u00edrez, a la altura del n\u00famero 9. (al lado de Centro Auditivo Sancho Ram\u00edrez).<\/p>\n<p><strong>Mendebaldea. <\/strong>Cruce C\/ Benjam\u00edn de Tudela con Paseo de Irunlarrea. (al lado de Taberna).<\/p>\n<p>&nbsp;<\/p>\n<p><span style=\"color: #ff0000;\"><strong>S\u00e1bado 1 de junio.<\/strong><\/span><\/p>\n<p><strong>San Juan. <\/strong>Avnd. Bayona con C\/ Monasterio de Belate. (al lado de Bakinter).<\/p>\n<p><strong>Ermitaga\u00f1a. <\/strong>Avnd. Bayona 56. (al lado de Golem Bayona).<\/p>\n<p><strong>Mendebaldea. <\/strong>Avnd. de Bara\u00f1\u00e1in con C\/ Irunlarrea. (al lado de Cafeter\u00eda Mendebaldea).<\/p>\n<p>&nbsp;<\/p>\n<p><strong>Fiesta Comercio Hace Ciudad: <\/strong>viernes 14 de junio de 17.00 a 20.00. (San Juan: Pz. Monasterio de Azuelo, Ermitaga\u00f1a: C\/ Ermitaga\u00f1a, Mendebaldea: Paseo de Mendebaldea).<\/p>\n<p>&nbsp;<\/p>\n<p><strong>COLABORACIONES:\u00a0 <\/strong>la asociaci\u00f3n ha contado con la colaboraci\u00f3n del Gobierno de Navarra, el Ayuntamiento de Pamplona y Caja Rural de Navarra para la organziaci\u00f3n de esta campa\u00f1a. Desde la asociaci\u00f3n quieren agradecer p\u00fablicamente su apoyo.<\/p>\n<p>&nbsp;<\/p>\n<p>Para m\u00e1s informaci\u00f3n puede consultar la web: <a href=\"http:\/\/www.sanjuanermitaganamendebaldea.com\" target=\"_blank\" rel=\"noopener noreferrer\">www.sanjuanermitaganamendebaldea.com<\/a><\/p>\n","protected":false},"excerpt":{"rendered":"","protected":false},"author":1,"featured_media":21933,"comment_status":"open","ping_status":"closed","sticky":false,"template":"","format":"standard","meta":{"footnotes":""},"categories":[9398],"tags":[],"class_list":["post-21931","post","type-post","status-publish","format-standard","has-post-thumbnail","hentry","category-asociaciones"],"yoast_head":"<!-- This site is optimized with the Yoast SEO plugin v27.3 - https:\/\/yoast.com\/product\/yoast-seo-wordpress\/ -->\n<title>SJEM lanza la campa\u00f1a \u201cEl valor de la cercan\u00eda\u2026\u201d una campa\u00f1a de promoci\u00f3n del comercio local.<\/title>\n<meta name=\"robots\" content=\"index, follow, max-snippet:-1, max-image-preview:large, max-video-preview:-1\" \/>\n<link rel=\"canonical\" href=\"https:\/\/www.laguiadepamplona.com\/actualidad\/sjem-lanza-la-campana-el-valor-de-la-cercania-una-campana-de-promocion-del-comercio-local\/\" \/>\n<meta property=\"og:locale\" content=\"es_ES\" \/>\n<meta property=\"og:type\" content=\"article\" \/>\n<meta property=\"og:title\" content=\"SJEM lanza la campa\u00f1a \u201cEl valor de la cercan\u00eda\u2026\u201d una campa\u00f1a de promoci\u00f3n del comercio local.\" \/>\n<meta property=\"og:url\" content=\"https:\/\/www.laguiadepamplona.com\/actualidad\/sjem-lanza-la-campana-el-valor-de-la-cercania-una-campana-de-promocion-del-comercio-local\/\" \/>\n<meta property=\"og:site_name\" content=\"La Gu\u00eda de Pamplona\" \/>\n<meta property=\"article:publisher\" content=\"https:\/\/www.facebook.com\/laguiadepamplonacom-133175176762273\/?ref=hl\" \/>\n<meta property=\"article:published_time\" content=\"2019-05-06T15:33:34+00:00\" \/>\n<meta property=\"og:image\" content=\"https:\/\/www.laguiadepamplona.com\/actualidad\/wp-content\/uploads\/2019\/05\/FOTO-SJEM.jpg\" \/>\n\t<meta property=\"og:image:width\" content=\"1900\" \/>\n\t<meta property=\"og:image:height\" content=\"1137\" \/>\n\t<meta property=\"og:image:type\" content=\"image\/jpeg\" \/>\n<meta name=\"author\" content=\"La Gu\u00eda de Pamplona\" \/>\n<meta name=\"twitter:card\" content=\"summary_large_image\" \/>\n<meta name=\"twitter:creator\" content=\"@LaGuiadPamplona\" \/>\n<meta name=\"twitter:site\" content=\"@LaGuiadPamplona\" \/>\n<meta name=\"twitter:label1\" content=\"Escrito por\" \/>\n\t<meta name=\"twitter:data1\" content=\"La Gu\u00eda de Pamplona\" \/>\n\t<meta name=\"twitter:label2\" content=\"Tiempo de lectura\" \/>\n\t<meta name=\"twitter:data2\" content=\"3 minutos\" \/>\n<script type=\"application\/ld+json\" class=\"yoast-schema-graph\">{\"@context\":\"https:\\\/\\\/schema.org\",\"@graph\":[{\"@type\":\"Article\",\"@id\":\"https:\\\/\\\/www.laguiadepamplona.com\\\/actualidad\\\/sjem-lanza-la-campana-el-valor-de-la-cercania-una-campana-de-promocion-del-comercio-local\\\/#article\",\"isPartOf\":{\"@id\":\"https:\\\/\\\/www.laguiadepamplona.com\\\/actualidad\\\/sjem-lanza-la-campana-el-valor-de-la-cercania-una-campana-de-promocion-del-comercio-local\\\/\"},\"author\":{\"name\":\"La Gu\u00eda de Pamplona\",\"@id\":\"https:\\\/\\\/www.laguiadepamplona.com\\\/actualidad\\\/#\\\/schema\\\/person\\\/efe887376f0213d4657c93adc50b1fdb\"},\"headline\":\"SJEM lanza la campa\u00f1a \u201cEl valor de la cercan\u00eda\u2026\u201d una campa\u00f1a de promoci\u00f3n del comercio local.\",\"datePublished\":\"2019-05-06T15:33:34+00:00\",\"mainEntityOfPage\":{\"@id\":\"https:\\\/\\\/www.laguiadepamplona.com\\\/actualidad\\\/sjem-lanza-la-campana-el-valor-de-la-cercania-una-campana-de-promocion-del-comercio-local\\\/\"},\"wordCount\":667,\"commentCount\":0,\"publisher\":{\"@id\":\"https:\\\/\\\/www.laguiadepamplona.com\\\/actualidad\\\/#organization\"},\"image\":{\"@id\":\"https:\\\/\\\/www.laguiadepamplona.com\\\/actualidad\\\/sjem-lanza-la-campana-el-valor-de-la-cercania-una-campana-de-promocion-del-comercio-local\\\/#primaryimage\"},\"thumbnailUrl\":\"https:\\\/\\\/www.laguiadepamplona.com\\\/actualidad\\\/wp-content\\\/uploads\\\/2019\\\/05\\\/FOTO-SJEM.jpg\",\"articleSection\":[\"Asociaciones\"],\"inLanguage\":\"es\",\"potentialAction\":[{\"@type\":\"CommentAction\",\"name\":\"Comment\",\"target\":[\"https:\\\/\\\/www.laguiadepamplona.com\\\/actualidad\\\/sjem-lanza-la-campana-el-valor-de-la-cercania-una-campana-de-promocion-del-comercio-local\\\/#respond\"]}]},{\"@type\":\"WebPage\",\"@id\":\"https:\\\/\\\/www.laguiadepamplona.com\\\/actualidad\\\/sjem-lanza-la-campana-el-valor-de-la-cercania-una-campana-de-promocion-del-comercio-local\\\/\",\"url\":\"https:\\\/\\\/www.laguiadepamplona.com\\\/actualidad\\\/sjem-lanza-la-campana-el-valor-de-la-cercania-una-campana-de-promocion-del-comercio-local\\\/\",\"name\":\"SJEM lanza la campa\u00f1a \u201cEl valor de la cercan\u00eda\u2026\u201d una campa\u00f1a de promoci\u00f3n del comercio local.\",\"isPartOf\":{\"@id\":\"https:\\\/\\\/www.laguiadepamplona.com\\\/actualidad\\\/#website\"},\"primaryImageOfPage\":{\"@id\":\"https:\\\/\\\/www.laguiadepamplona.com\\\/actualidad\\\/sjem-lanza-la-campana-el-valor-de-la-cercania-una-campana-de-promocion-del-comercio-local\\\/#primaryimage\"},\"image\":{\"@id\":\"https:\\\/\\\/www.laguiadepamplona.com\\\/actualidad\\\/sjem-lanza-la-campana-el-valor-de-la-cercania-una-campana-de-promocion-del-comercio-local\\\/#primaryimage\"},\"thumbnailUrl\":\"https:\\\/\\\/www.laguiadepamplona.com\\\/actualidad\\\/wp-content\\\/uploads\\\/2019\\\/05\\\/FOTO-SJEM.jpg\",\"datePublished\":\"2019-05-06T15:33:34+00:00\",\"breadcrumb\":{\"@id\":\"https:\\\/\\\/www.laguiadepamplona.com\\\/actualidad\\\/sjem-lanza-la-campana-el-valor-de-la-cercania-una-campana-de-promocion-del-comercio-local\\\/#breadcrumb\"},\"inLanguage\":\"es\",\"potentialAction\":[{\"@type\":\"ReadAction\",\"target\":[\"https:\\\/\\\/www.laguiadepamplona.com\\\/actualidad\\\/sjem-lanza-la-campana-el-valor-de-la-cercania-una-campana-de-promocion-del-comercio-local\\\/\"]}]},{\"@type\":\"ImageObject\",\"inLanguage\":\"es\",\"@id\":\"https:\\\/\\\/www.laguiadepamplona.com\\\/actualidad\\\/sjem-lanza-la-campana-el-valor-de-la-cercania-una-campana-de-promocion-del-comercio-local\\\/#primaryimage\",\"url\":\"https:\\\/\\\/www.laguiadepamplona.com\\\/actualidad\\\/wp-content\\\/uploads\\\/2019\\\/05\\\/FOTO-SJEM.jpg\",\"contentUrl\":\"https:\\\/\\\/www.laguiadepamplona.com\\\/actualidad\\\/wp-content\\\/uploads\\\/2019\\\/05\\\/FOTO-SJEM.jpg\",\"width\":1900,\"height\":1137},{\"@type\":\"BreadcrumbList\",\"@id\":\"https:\\\/\\\/www.laguiadepamplona.com\\\/actualidad\\\/sjem-lanza-la-campana-el-valor-de-la-cercania-una-campana-de-promocion-del-comercio-local\\\/#breadcrumb\",\"itemListElement\":[{\"@type\":\"ListItem\",\"position\":1,\"name\":\"Portada\",\"item\":\"https:\\\/\\\/www.laguiadepamplona.com\\\/actualidad\\\/\"},{\"@type\":\"ListItem\",\"position\":2,\"name\":\"SJEM lanza la campa\u00f1a \u201cEl valor de la cercan\u00eda\u2026\u201d una campa\u00f1a de promoci\u00f3n del comercio local.\"}]},{\"@type\":\"WebSite\",\"@id\":\"https:\\\/\\\/www.laguiadepamplona.com\\\/actualidad\\\/#website\",\"url\":\"https:\\\/\\\/www.laguiadepamplona.com\\\/actualidad\\\/\",\"name\":\"La gu\u00eda de Pamplona\",\"description\":\"Noticias de Pamplona\",\"publisher\":{\"@id\":\"https:\\\/\\\/www.laguiadepamplona.com\\\/actualidad\\\/#organization\"},\"potentialAction\":[{\"@type\":\"SearchAction\",\"target\":{\"@type\":\"EntryPoint\",\"urlTemplate\":\"https:\\\/\\\/www.laguiadepamplona.com\\\/actualidad\\\/?s={search_term_string}\"},\"query-input\":{\"@type\":\"PropertyValueSpecification\",\"valueRequired\":true,\"valueName\":\"search_term_string\"}}],\"inLanguage\":\"es\"},{\"@type\":\"Organization\",\"@id\":\"https:\\\/\\\/www.laguiadepamplona.com\\\/actualidad\\\/#organization\",\"name\":\"La Gu\u00eda de Pamplona \\\/ Noticias\",\"url\":\"https:\\\/\\\/www.laguiadepamplona.com\\\/actualidad\\\/\",\"logo\":{\"@type\":\"ImageObject\",\"inLanguage\":\"es\",\"@id\":\"https:\\\/\\\/www.laguiadepamplona.com\\\/actualidad\\\/#\\\/schema\\\/logo\\\/image\\\/\",\"url\":\"https:\\\/\\\/www.laguiadepamplona.com\\\/actualidad\\\/wp-content\\\/uploads\\\/2018\\\/11\\\/logo-laguiadepamplona18-web1.png\",\"contentUrl\":\"https:\\\/\\\/www.laguiadepamplona.com\\\/actualidad\\\/wp-content\\\/uploads\\\/2018\\\/11\\\/logo-laguiadepamplona18-web1.png\",\"width\":600,\"height\":196,\"caption\":\"La Gu\u00eda de Pamplona \\\/ Noticias\"},\"image\":{\"@id\":\"https:\\\/\\\/www.laguiadepamplona.com\\\/actualidad\\\/#\\\/schema\\\/logo\\\/image\\\/\"},\"sameAs\":[\"https:\\\/\\\/www.facebook.com\\\/laguiadepamplonacom-133175176762273\\\/?ref=hl\",\"https:\\\/\\\/x.com\\\/LaGuiadPamplona\",\"https:\\\/\\\/www.instagram.com\\\/la_guia_de_pamplona\\\/\",\"https:\\\/\\\/www.youtube.com\\\/user\\\/laguiadepamplona\"]},{\"@type\":\"Person\",\"@id\":\"https:\\\/\\\/www.laguiadepamplona.com\\\/actualidad\\\/#\\\/schema\\\/person\\\/efe887376f0213d4657c93adc50b1fdb\",\"name\":\"La Gu\u00eda de Pamplona\",\"image\":{\"@type\":\"ImageObject\",\"inLanguage\":\"es\",\"@id\":\"https:\\\/\\\/secure.gravatar.com\\\/avatar\\\/b6992f131dc8d30ab0dff15446e9d346d9dbd95992de0fef795073f5ea83a81c?s=96&d=mm&r=g\",\"url\":\"https:\\\/\\\/secure.gravatar.com\\\/avatar\\\/b6992f131dc8d30ab0dff15446e9d346d9dbd95992de0fef795073f5ea83a81c?s=96&d=mm&r=g\",\"contentUrl\":\"https:\\\/\\\/secure.gravatar.com\\\/avatar\\\/b6992f131dc8d30ab0dff15446e9d346d9dbd95992de0fef795073f5ea83a81c?s=96&d=mm&r=g\",\"caption\":\"La Gu\u00eda de Pamplona\"}}]}<\/script>\n<!-- \/ Yoast SEO plugin. -->","yoast_head_json":{"title":"SJEM lanza la campa\u00f1a \u201cEl valor de la cercan\u00eda\u2026\u201d una campa\u00f1a de promoci\u00f3n del comercio local.","robots":{"index":"index","follow":"follow","max-snippet":"max-snippet:-1","max-image-preview":"max-image-preview:large","max-video-preview":"max-video-preview:-1"},"canonical":"https:\/\/www.laguiadepamplona.com\/actualidad\/sjem-lanza-la-campana-el-valor-de-la-cercania-una-campana-de-promocion-del-comercio-local\/","og_locale":"es_ES","og_type":"article","og_title":"SJEM lanza la campa\u00f1a \u201cEl valor de la cercan\u00eda\u2026\u201d una campa\u00f1a de promoci\u00f3n del comercio local.","og_url":"https:\/\/www.laguiadepamplona.com\/actualidad\/sjem-lanza-la-campana-el-valor-de-la-cercania-una-campana-de-promocion-del-comercio-local\/","og_site_name":"La Gu\u00eda de Pamplona","article_publisher":"https:\/\/www.facebook.com\/laguiadepamplonacom-133175176762273\/?ref=hl","article_published_time":"2019-05-06T15:33:34+00:00","og_image":[{"width":1900,"height":1137,"url":"https:\/\/www.laguiadepamplona.com\/actualidad\/wp-content\/uploads\/2019\/05\/FOTO-SJEM.jpg","type":"image\/jpeg"}],"author":"La Gu\u00eda de Pamplona","twitter_card":"summary_large_image","twitter_creator":"@LaGuiadPamplona","twitter_site":"@LaGuiadPamplona","twitter_misc":{"Escrito por":"La Gu\u00eda de Pamplona","Tiempo de lectura":"3 minutos"},"schema":{"@context":"https:\/\/schema.org","@graph":[{"@type":"Article","@id":"https:\/\/www.laguiadepamplona.com\/actualidad\/sjem-lanza-la-campana-el-valor-de-la-cercania-una-campana-de-promocion-del-comercio-local\/#article","isPartOf":{"@id":"https:\/\/www.laguiadepamplona.com\/actualidad\/sjem-lanza-la-campana-el-valor-de-la-cercania-una-campana-de-promocion-del-comercio-local\/"},"author":{"name":"La Gu\u00eda de Pamplona","@id":"https:\/\/www.laguiadepamplona.com\/actualidad\/#\/schema\/person\/efe887376f0213d4657c93adc50b1fdb"},"headline":"SJEM lanza la campa\u00f1a \u201cEl valor de la cercan\u00eda\u2026\u201d una campa\u00f1a de promoci\u00f3n del comercio local.","datePublished":"2019-05-06T15:33:34+00:00","mainEntityOfPage":{"@id":"https:\/\/www.laguiadepamplona.com\/actualidad\/sjem-lanza-la-campana-el-valor-de-la-cercania-una-campana-de-promocion-del-comercio-local\/"},"wordCount":667,"commentCount":0,"publisher":{"@id":"https:\/\/www.laguiadepamplona.com\/actualidad\/#organization"},"image":{"@id":"https:\/\/www.laguiadepamplona.com\/actualidad\/sjem-lanza-la-campana-el-valor-de-la-cercania-una-campana-de-promocion-del-comercio-local\/#primaryimage"},"thumbnailUrl":"https:\/\/www.laguiadepamplona.com\/actualidad\/wp-content\/uploads\/2019\/05\/FOTO-SJEM.jpg","articleSection":["Asociaciones"],"inLanguage":"es","potentialAction":[{"@type":"CommentAction","name":"Comment","target":["https:\/\/www.laguiadepamplona.com\/actualidad\/sjem-lanza-la-campana-el-valor-de-la-cercania-una-campana-de-promocion-del-comercio-local\/#respond"]}]},{"@type":"WebPage","@id":"https:\/\/www.laguiadepamplona.com\/actualidad\/sjem-lanza-la-campana-el-valor-de-la-cercania-una-campana-de-promocion-del-comercio-local\/","url":"https:\/\/www.laguiadepamplona.com\/actualidad\/sjem-lanza-la-campana-el-valor-de-la-cercania-una-campana-de-promocion-del-comercio-local\/","name":"SJEM lanza la campa\u00f1a \u201cEl valor de la cercan\u00eda\u2026\u201d una campa\u00f1a de promoci\u00f3n del comercio local.","isPartOf":{"@id":"https:\/\/www.laguiadepamplona.com\/actualidad\/#website"},"primaryImageOfPage":{"@id":"https:\/\/www.laguiadepamplona.com\/actualidad\/sjem-lanza-la-campana-el-valor-de-la-cercania-una-campana-de-promocion-del-comercio-local\/#primaryimage"},"image":{"@id":"https:\/\/www.laguiadepamplona.com\/actualidad\/sjem-lanza-la-campana-el-valor-de-la-cercania-una-campana-de-promocion-del-comercio-local\/#primaryimage"},"thumbnailUrl":"https:\/\/www.laguiadepamplona.com\/actualidad\/wp-content\/uploads\/2019\/05\/FOTO-SJEM.jpg","datePublished":"2019-05-06T15:33:34+00:00","breadcrumb":{"@id":"https:\/\/www.laguiadepamplona.com\/actualidad\/sjem-lanza-la-campana-el-valor-de-la-cercania-una-campana-de-promocion-del-comercio-local\/#breadcrumb"},"inLanguage":"es","potentialAction":[{"@type":"ReadAction","target":["https:\/\/www.laguiadepamplona.com\/actualidad\/sjem-lanza-la-campana-el-valor-de-la-cercania-una-campana-de-promocion-del-comercio-local\/"]}]},{"@type":"ImageObject","inLanguage":"es","@id":"https:\/\/www.laguiadepamplona.com\/actualidad\/sjem-lanza-la-campana-el-valor-de-la-cercania-una-campana-de-promocion-del-comercio-local\/#primaryimage","url":"https:\/\/www.laguiadepamplona.com\/actualidad\/wp-content\/uploads\/2019\/05\/FOTO-SJEM.jpg","contentUrl":"https:\/\/www.laguiadepamplona.com\/actualidad\/wp-content\/uploads\/2019\/05\/FOTO-SJEM.jpg","width":1900,"height":1137},{"@type":"BreadcrumbList","@id":"https:\/\/www.laguiadepamplona.com\/actualidad\/sjem-lanza-la-campana-el-valor-de-la-cercania-una-campana-de-promocion-del-comercio-local\/#breadcrumb","itemListElement":[{"@type":"ListItem","position":1,"name":"Portada","item":"https:\/\/www.laguiadepamplona.com\/actualidad\/"},{"@type":"ListItem","position":2,"name":"SJEM lanza la campa\u00f1a \u201cEl valor de la cercan\u00eda\u2026\u201d una campa\u00f1a de promoci\u00f3n del comercio local."}]},{"@type":"WebSite","@id":"https:\/\/www.laguiadepamplona.com\/actualidad\/#website","url":"https:\/\/www.laguiadepamplona.com\/actualidad\/","name":"La gu\u00eda de Pamplona","description":"Noticias de Pamplona","publisher":{"@id":"https:\/\/www.laguiadepamplona.com\/actualidad\/#organization"},"potentialAction":[{"@type":"SearchAction","target":{"@type":"EntryPoint","urlTemplate":"https:\/\/www.laguiadepamplona.com\/actualidad\/?s={search_term_string}"},"query-input":{"@type":"PropertyValueSpecification","valueRequired":true,"valueName":"search_term_string"}}],"inLanguage":"es"},{"@type":"Organization","@id":"https:\/\/www.laguiadepamplona.com\/actualidad\/#organization","name":"La Gu\u00eda de Pamplona \/ Noticias","url":"https:\/\/www.laguiadepamplona.com\/actualidad\/","logo":{"@type":"ImageObject","inLanguage":"es","@id":"https:\/\/www.laguiadepamplona.com\/actualidad\/#\/schema\/logo\/image\/","url":"https:\/\/www.laguiadepamplona.com\/actualidad\/wp-content\/uploads\/2018\/11\/logo-laguiadepamplona18-web1.png","contentUrl":"https:\/\/www.laguiadepamplona.com\/actualidad\/wp-content\/uploads\/2018\/11\/logo-laguiadepamplona18-web1.png","width":600,"height":196,"caption":"La Gu\u00eda de Pamplona \/ Noticias"},"image":{"@id":"https:\/\/www.laguiadepamplona.com\/actualidad\/#\/schema\/logo\/image\/"},"sameAs":["https:\/\/www.facebook.com\/laguiadepamplonacom-133175176762273\/?ref=hl","https:\/\/x.com\/LaGuiadPamplona","https:\/\/www.instagram.com\/la_guia_de_pamplona\/","https:\/\/www.youtube.com\/user\/laguiadepamplona"]},{"@type":"Person","@id":"https:\/\/www.laguiadepamplona.com\/actualidad\/#\/schema\/person\/efe887376f0213d4657c93adc50b1fdb","name":"La Gu\u00eda de Pamplona","image":{"@type":"ImageObject","inLanguage":"es","@id":"https:\/\/secure.gravatar.com\/avatar\/b6992f131dc8d30ab0dff15446e9d346d9dbd95992de0fef795073f5ea83a81c?s=96&d=mm&r=g","url":"https:\/\/secure.gravatar.com\/avatar\/b6992f131dc8d30ab0dff15446e9d346d9dbd95992de0fef795073f5ea83a81c?s=96&d=mm&r=g","contentUrl":"https:\/\/secure.gravatar.com\/avatar\/b6992f131dc8d30ab0dff15446e9d346d9dbd95992de0fef795073f5ea83a81c?s=96&d=mm&r=g","caption":"La Gu\u00eda de Pamplona"}}]}},"post_mailing_queue_ids":[],"_links":{"self":[{"href":"https:\/\/www.laguiadepamplona.com\/actualidad\/wp-json\/wp\/v2\/posts\/21931","targetHints":{"allow":["GET"]}}],"collection":[{"href":"https:\/\/www.laguiadepamplona.com\/actualidad\/wp-json\/wp\/v2\/posts"}],"about":[{"href":"https:\/\/www.laguiadepamplona.com\/actualidad\/wp-json\/wp\/v2\/types\/post"}],"author":[{"embeddable":true,"href":"https:\/\/www.laguiadepamplona.com\/actualidad\/wp-json\/wp\/v2\/users\/1"}],"replies":[{"embeddable":true,"href":"https:\/\/www.laguiadepamplona.com\/actualidad\/wp-json\/wp\/v2\/comments?post=21931"}],"version-history":[{"count":0,"href":"https:\/\/www.laguiadepamplona.com\/actualidad\/wp-json\/wp\/v2\/posts\/21931\/revisions"}],"wp:featuredmedia":[{"embeddable":true,"href":"https:\/\/www.laguiadepamplona.com\/actualidad\/wp-json\/wp\/v2\/media\/21933"}],"wp:attachment":[{"href":"https:\/\/www.laguiadepamplona.com\/actualidad\/wp-json\/wp\/v2\/media?parent=21931"}],"wp:term":[{"taxonomy":"category","embeddable":true,"href":"https:\/\/www.laguiadepamplona.com\/actualidad\/wp-json\/wp\/v2\/categories?post=21931"},{"taxonomy":"post_tag","embeddable":true,"href":"https:\/\/www.laguiadepamplona.com\/actualidad\/wp-json\/wp\/v2\/tags?post=21931"}],"curies":[{"name":"wp","href":"https:\/\/api.w.org\/{rel}","templated":true}]}}