{"id":21921,"date":"2019-05-06T15:15:53","date_gmt":"2019-05-06T13:15:53","guid":{"rendered":"https:\/\/www.laguiadepamplona.es\/actualidad\/?p=21921"},"modified":"2019-05-06T15:15:53","modified_gmt":"2019-05-06T13:15:53","slug":"beheko-larraine-cierra-este-miercoles-el-ciclo-de-teatro-para-publico-joven-y-adulto-antzerki-aroa-con-la-comedia-critica-manifestu-bat","status":"publish","type":"post","link":"https:\/\/www.laguiadepamplona.com\/actualidad\/beheko-larraine-cierra-este-miercoles-el-ciclo-de-teatro-para-publico-joven-y-adulto-antzerki-aroa-con-la-comedia-critica-manifestu-bat\/","title":{"rendered":"Beheko Larraine cierra este mi\u00e9rcoles el ciclo de teatro para p\u00fablico joven y adulto Antzerki Aroa con la comedia cr\u00edtica Manifestu bat"},"content":{"rendered":"<p><!--more--><\/p>\n<h3>La representaci\u00f3n es en la Escuela Navarra de Teatro a las 20 horas y las entradas cuestan de 8 euros para p\u00fablico general y 5 euros para grupos<\/h3>\n<p>La compa\u00f1\u00eda Beheko Larraine cerrar\u00e1 este mi\u00e9rcoles, 8 de mayo, la edici\u00f3n de esta primavera del ciclo de teatro para p\u00fablico joven y adulto Antzerki Aroa con la comedia cr\u00edtica Manifestu bat, un trabajo basado en el humor y la iron\u00eda. La representaci\u00f3n tendr\u00e1 lugar en la Escuela Navarra de Teatro a las 20 horas. Las entradas ya est\u00e1n disponibles online en la web de la ENT <a href=\"http:\/\/www.laescueladeteatro.com\/\" target=\"_blank\" rel=\"noopener noreferrer\">www.laescueladeteatro.com<\/a> y presencialmente en la propia taquilla del centro. Tienen un precio de 8 euros para el p\u00fablico general y una tarifa reducida de 5 euros para grupos.<\/p>\n<p><em>Manifestu bat<\/em>, una mirada ir\u00f3nica sobre la vida y la muerte protagonizada por un personaje condenado a ser marginado y que consigue ser el centro de atenci\u00f3n en su despedida. En ese momento, se manifestan sus voces interiores acaparando la mirada del p\u00fablico, los invitados a \u201cla gran fiesta\u201d, que no son otros que el p\u00fablico que asiste a su funeral. De esta manera, se crea una estrecha e \u00edntima relaci\u00f3n con el p\u00fablico.<\/p>\n<p>Seg\u00fan su protagonista, es una mirada ir\u00f3nica sobre la vida y la muerte; presenta diferentes miradas y distintas realidades. Tomando las contradicciones como punto de partida, ha ido creando la palabra y la acci\u00f3n hasta presentar un espect\u00e1culo, con una escenograf\u00eda compuesta por dos elementos, en el que ofrece un interesante juego del cuerpo f\u00edsico de la actriz. Adem\u00e1s, invita a una reflexi\u00f3n sobre el g\u00e9nero, ya que el personaje, intencionadamente, no refleja uno en concreto.<\/p>\n<p>Miren Tirapu naci\u00f3 en Pamplona en 1981. Est\u00e1 diplomada en el Centre de Estudis Cinematografics de Catalunya. Tambi\u00e9n se ha formado como actriz y directora en distintos cursos como, por ejemplo, en Barcelona con Mar\u00eda Stoyanova, en Grotowski Institute de Polonia y en el E.I.C.TV de Cuba. Tambi\u00e9n ha realizado investigaciones en t\u00e9cnicas de interpretaci\u00f3n junto a Maria Stoyanova en Barcelona. Tras trabajar con distintas compa\u00f1\u00edas como <em>A<\/em><em>rtedrama<\/em><em>, <\/em><em>Dejav\u00fa Panpin<\/em> y <em>Le petit Th\u00e9\u00e2tre de Pain,<\/em> puso en marcha Beheko Larraine y compagina este trabajo con talleres para p\u00fablico infantil y adulto. Asimismo, ha impartido numerosos cursos<em>.<\/em><\/p>\n","protected":false},"excerpt":{"rendered":"","protected":false},"author":1,"featured_media":21923,"comment_status":"open","ping_status":"closed","sticky":false,"template":"","format":"standard","meta":{"footnotes":""},"categories":[2],"tags":[],"class_list":["post-21921","post","type-post","status-publish","format-standard","has-post-thumbnail","hentry","category-ayuntamiento-pamplona"],"yoast_head":"<!-- This site is optimized with the Yoast SEO plugin v27.5 - https:\/\/yoast.com\/product\/yoast-seo-wordpress\/ -->\n<title>Beheko Larraine cierra este mi\u00e9rcoles el ciclo de teatro para p\u00fablico joven y adulto Antzerki Aroa con la comedia cr\u00edtica Manifestu bat<\/title>\n<meta name=\"robots\" content=\"index, follow, max-snippet:-1, max-image-preview:large, max-video-preview:-1\" \/>\n<link rel=\"canonical\" href=\"https:\/\/www.laguiadepamplona.com\/actualidad\/beheko-larraine-cierra-este-miercoles-el-ciclo-de-teatro-para-publico-joven-y-adulto-antzerki-aroa-con-la-comedia-critica-manifestu-bat\/\" \/>\n<meta property=\"og:locale\" content=\"es_ES\" \/>\n<meta property=\"og:type\" content=\"article\" \/>\n<meta property=\"og:title\" content=\"Beheko Larraine cierra este mi\u00e9rcoles el ciclo de teatro para p\u00fablico joven y adulto Antzerki Aroa con la comedia cr\u00edtica Manifestu bat\" \/>\n<meta property=\"og:url\" content=\"https:\/\/www.laguiadepamplona.com\/actualidad\/beheko-larraine-cierra-este-miercoles-el-ciclo-de-teatro-para-publico-joven-y-adulto-antzerki-aroa-con-la-comedia-critica-manifestu-bat\/\" \/>\n<meta property=\"og:site_name\" content=\"La Gu\u00eda de Pamplona\" \/>\n<meta property=\"article:publisher\" content=\"https:\/\/www.facebook.com\/laguiadepamplonacom-133175176762273\/?ref=hl\" \/>\n<meta property=\"article:published_time\" content=\"2019-05-06T13:15:53+00:00\" \/>\n<meta property=\"og:image\" content=\"https:\/\/www.laguiadepamplona.com\/actualidad\/wp-content\/uploads\/2019\/05\/19.05.06_antzerki_aroa_manifestu_bat.jpg\" \/>\n\t<meta property=\"og:image:width\" content=\"1900\" \/>\n\t<meta property=\"og:image:height\" content=\"1269\" \/>\n\t<meta property=\"og:image:type\" content=\"image\/jpeg\" \/>\n<meta name=\"author\" content=\"La Gu\u00eda de Pamplona\" \/>\n<meta name=\"twitter:card\" content=\"summary_large_image\" \/>\n<meta name=\"twitter:creator\" content=\"@LaGuiadPamplona\" \/>\n<meta name=\"twitter:site\" content=\"@LaGuiadPamplona\" \/>\n<meta name=\"twitter:label1\" content=\"Escrito por\" \/>\n\t<meta name=\"twitter:data1\" content=\"La Gu\u00eda de Pamplona\" \/>\n\t<meta name=\"twitter:label2\" content=\"Tiempo de lectura\" \/>\n\t<meta name=\"twitter:data2\" content=\"2 minutos\" \/>\n<script type=\"application\/ld+json\" class=\"yoast-schema-graph\">{\"@context\":\"https:\\\/\\\/schema.org\",\"@graph\":[{\"@type\":\"Article\",\"@id\":\"https:\\\/\\\/www.laguiadepamplona.com\\\/actualidad\\\/beheko-larraine-cierra-este-miercoles-el-ciclo-de-teatro-para-publico-joven-y-adulto-antzerki-aroa-con-la-comedia-critica-manifestu-bat\\\/#article\",\"isPartOf\":{\"@id\":\"https:\\\/\\\/www.laguiadepamplona.com\\\/actualidad\\\/beheko-larraine-cierra-este-miercoles-el-ciclo-de-teatro-para-publico-joven-y-adulto-antzerki-aroa-con-la-comedia-critica-manifestu-bat\\\/\"},\"author\":{\"name\":\"La Gu\u00eda de Pamplona\",\"@id\":\"https:\\\/\\\/www.laguiadepamplona.com\\\/actualidad\\\/#\\\/schema\\\/person\\\/efe887376f0213d4657c93adc50b1fdb\"},\"headline\":\"Beheko Larraine cierra este mi\u00e9rcoles el ciclo de teatro para p\u00fablico joven y adulto Antzerki Aroa con la comedia cr\u00edtica Manifestu bat\",\"datePublished\":\"2019-05-06T13:15:53+00:00\",\"mainEntityOfPage\":{\"@id\":\"https:\\\/\\\/www.laguiadepamplona.com\\\/actualidad\\\/beheko-larraine-cierra-este-miercoles-el-ciclo-de-teatro-para-publico-joven-y-adulto-antzerki-aroa-con-la-comedia-critica-manifestu-bat\\\/\"},\"wordCount\":427,\"commentCount\":0,\"publisher\":{\"@id\":\"https:\\\/\\\/www.laguiadepamplona.com\\\/actualidad\\\/#organization\"},\"image\":{\"@id\":\"https:\\\/\\\/www.laguiadepamplona.com\\\/actualidad\\\/beheko-larraine-cierra-este-miercoles-el-ciclo-de-teatro-para-publico-joven-y-adulto-antzerki-aroa-con-la-comedia-critica-manifestu-bat\\\/#primaryimage\"},\"thumbnailUrl\":\"https:\\\/\\\/www.laguiadepamplona.com\\\/actualidad\\\/wp-content\\\/uploads\\\/2019\\\/05\\\/19.05.06_antzerki_aroa_manifestu_bat.jpg\",\"articleSection\":[\"Ayto Pamplona\"],\"inLanguage\":\"es\",\"potentialAction\":[{\"@type\":\"CommentAction\",\"name\":\"Comment\",\"target\":[\"https:\\\/\\\/www.laguiadepamplona.com\\\/actualidad\\\/beheko-larraine-cierra-este-miercoles-el-ciclo-de-teatro-para-publico-joven-y-adulto-antzerki-aroa-con-la-comedia-critica-manifestu-bat\\\/#respond\"]}]},{\"@type\":\"WebPage\",\"@id\":\"https:\\\/\\\/www.laguiadepamplona.com\\\/actualidad\\\/beheko-larraine-cierra-este-miercoles-el-ciclo-de-teatro-para-publico-joven-y-adulto-antzerki-aroa-con-la-comedia-critica-manifestu-bat\\\/\",\"url\":\"https:\\\/\\\/www.laguiadepamplona.com\\\/actualidad\\\/beheko-larraine-cierra-este-miercoles-el-ciclo-de-teatro-para-publico-joven-y-adulto-antzerki-aroa-con-la-comedia-critica-manifestu-bat\\\/\",\"name\":\"Beheko Larraine cierra este mi\u00e9rcoles el ciclo de teatro para p\u00fablico joven y adulto Antzerki Aroa con la comedia cr\u00edtica Manifestu bat\",\"isPartOf\":{\"@id\":\"https:\\\/\\\/www.laguiadepamplona.com\\\/actualidad\\\/#website\"},\"primaryImageOfPage\":{\"@id\":\"https:\\\/\\\/www.laguiadepamplona.com\\\/actualidad\\\/beheko-larraine-cierra-este-miercoles-el-ciclo-de-teatro-para-publico-joven-y-adulto-antzerki-aroa-con-la-comedia-critica-manifestu-bat\\\/#primaryimage\"},\"image\":{\"@id\":\"https:\\\/\\\/www.laguiadepamplona.com\\\/actualidad\\\/beheko-larraine-cierra-este-miercoles-el-ciclo-de-teatro-para-publico-joven-y-adulto-antzerki-aroa-con-la-comedia-critica-manifestu-bat\\\/#primaryimage\"},\"thumbnailUrl\":\"https:\\\/\\\/www.laguiadepamplona.com\\\/actualidad\\\/wp-content\\\/uploads\\\/2019\\\/05\\\/19.05.06_antzerki_aroa_manifestu_bat.jpg\",\"datePublished\":\"2019-05-06T13:15:53+00:00\",\"breadcrumb\":{\"@id\":\"https:\\\/\\\/www.laguiadepamplona.com\\\/actualidad\\\/beheko-larraine-cierra-este-miercoles-el-ciclo-de-teatro-para-publico-joven-y-adulto-antzerki-aroa-con-la-comedia-critica-manifestu-bat\\\/#breadcrumb\"},\"inLanguage\":\"es\",\"potentialAction\":[{\"@type\":\"ReadAction\",\"target\":[\"https:\\\/\\\/www.laguiadepamplona.com\\\/actualidad\\\/beheko-larraine-cierra-este-miercoles-el-ciclo-de-teatro-para-publico-joven-y-adulto-antzerki-aroa-con-la-comedia-critica-manifestu-bat\\\/\"]}]},{\"@type\":\"ImageObject\",\"inLanguage\":\"es\",\"@id\":\"https:\\\/\\\/www.laguiadepamplona.com\\\/actualidad\\\/beheko-larraine-cierra-este-miercoles-el-ciclo-de-teatro-para-publico-joven-y-adulto-antzerki-aroa-con-la-comedia-critica-manifestu-bat\\\/#primaryimage\",\"url\":\"https:\\\/\\\/www.laguiadepamplona.com\\\/actualidad\\\/wp-content\\\/uploads\\\/2019\\\/05\\\/19.05.06_antzerki_aroa_manifestu_bat.jpg\",\"contentUrl\":\"https:\\\/\\\/www.laguiadepamplona.com\\\/actualidad\\\/wp-content\\\/uploads\\\/2019\\\/05\\\/19.05.06_antzerki_aroa_manifestu_bat.jpg\",\"width\":1900,\"height\":1269},{\"@type\":\"BreadcrumbList\",\"@id\":\"https:\\\/\\\/www.laguiadepamplona.com\\\/actualidad\\\/beheko-larraine-cierra-este-miercoles-el-ciclo-de-teatro-para-publico-joven-y-adulto-antzerki-aroa-con-la-comedia-critica-manifestu-bat\\\/#breadcrumb\",\"itemListElement\":[{\"@type\":\"ListItem\",\"position\":1,\"name\":\"Portada\",\"item\":\"https:\\\/\\\/www.laguiadepamplona.com\\\/actualidad\\\/\"},{\"@type\":\"ListItem\",\"position\":2,\"name\":\"Beheko Larraine cierra este mi\u00e9rcoles el ciclo de teatro para p\u00fablico joven y adulto Antzerki Aroa con la comedia cr\u00edtica Manifestu bat\"}]},{\"@type\":\"WebSite\",\"@id\":\"https:\\\/\\\/www.laguiadepamplona.com\\\/actualidad\\\/#website\",\"url\":\"https:\\\/\\\/www.laguiadepamplona.com\\\/actualidad\\\/\",\"name\":\"La gu\u00eda de Pamplona\",\"description\":\"Noticias de Pamplona\",\"publisher\":{\"@id\":\"https:\\\/\\\/www.laguiadepamplona.com\\\/actualidad\\\/#organization\"},\"potentialAction\":[{\"@type\":\"SearchAction\",\"target\":{\"@type\":\"EntryPoint\",\"urlTemplate\":\"https:\\\/\\\/www.laguiadepamplona.com\\\/actualidad\\\/?s={search_term_string}\"},\"query-input\":{\"@type\":\"PropertyValueSpecification\",\"valueRequired\":true,\"valueName\":\"search_term_string\"}}],\"inLanguage\":\"es\"},{\"@type\":\"Organization\",\"@id\":\"https:\\\/\\\/www.laguiadepamplona.com\\\/actualidad\\\/#organization\",\"name\":\"La Gu\u00eda de Pamplona \\\/ Noticias\",\"url\":\"https:\\\/\\\/www.laguiadepamplona.com\\\/actualidad\\\/\",\"logo\":{\"@type\":\"ImageObject\",\"inLanguage\":\"es\",\"@id\":\"https:\\\/\\\/www.laguiadepamplona.com\\\/actualidad\\\/#\\\/schema\\\/logo\\\/image\\\/\",\"url\":\"https:\\\/\\\/www.laguiadepamplona.com\\\/actualidad\\\/wp-content\\\/uploads\\\/2018\\\/11\\\/logo-laguiadepamplona18-web1.png\",\"contentUrl\":\"https:\\\/\\\/www.laguiadepamplona.com\\\/actualidad\\\/wp-content\\\/uploads\\\/2018\\\/11\\\/logo-laguiadepamplona18-web1.png\",\"width\":600,\"height\":196,\"caption\":\"La Gu\u00eda de Pamplona \\\/ Noticias\"},\"image\":{\"@id\":\"https:\\\/\\\/www.laguiadepamplona.com\\\/actualidad\\\/#\\\/schema\\\/logo\\\/image\\\/\"},\"sameAs\":[\"https:\\\/\\\/www.facebook.com\\\/laguiadepamplonacom-133175176762273\\\/?ref=hl\",\"https:\\\/\\\/x.com\\\/LaGuiadPamplona\",\"https:\\\/\\\/www.instagram.com\\\/la_guia_de_pamplona\\\/\",\"https:\\\/\\\/www.youtube.com\\\/user\\\/laguiadepamplona\"]},{\"@type\":\"Person\",\"@id\":\"https:\\\/\\\/www.laguiadepamplona.com\\\/actualidad\\\/#\\\/schema\\\/person\\\/efe887376f0213d4657c93adc50b1fdb\",\"name\":\"La Gu\u00eda de Pamplona\",\"image\":{\"@type\":\"ImageObject\",\"inLanguage\":\"es\",\"@id\":\"https:\\\/\\\/secure.gravatar.com\\\/avatar\\\/b6992f131dc8d30ab0dff15446e9d346d9dbd95992de0fef795073f5ea83a81c?s=96&d=mm&r=g\",\"url\":\"https:\\\/\\\/secure.gravatar.com\\\/avatar\\\/b6992f131dc8d30ab0dff15446e9d346d9dbd95992de0fef795073f5ea83a81c?s=96&d=mm&r=g\",\"contentUrl\":\"https:\\\/\\\/secure.gravatar.com\\\/avatar\\\/b6992f131dc8d30ab0dff15446e9d346d9dbd95992de0fef795073f5ea83a81c?s=96&d=mm&r=g\",\"caption\":\"La Gu\u00eda de Pamplona\"}}]}<\/script>\n<!-- \/ Yoast SEO plugin. -->","yoast_head_json":{"title":"Beheko Larraine cierra este mi\u00e9rcoles el ciclo de teatro para p\u00fablico joven y adulto Antzerki Aroa con la comedia cr\u00edtica Manifestu bat","robots":{"index":"index","follow":"follow","max-snippet":"max-snippet:-1","max-image-preview":"max-image-preview:large","max-video-preview":"max-video-preview:-1"},"canonical":"https:\/\/www.laguiadepamplona.com\/actualidad\/beheko-larraine-cierra-este-miercoles-el-ciclo-de-teatro-para-publico-joven-y-adulto-antzerki-aroa-con-la-comedia-critica-manifestu-bat\/","og_locale":"es_ES","og_type":"article","og_title":"Beheko Larraine cierra este mi\u00e9rcoles el ciclo de teatro para p\u00fablico joven y adulto Antzerki Aroa con la comedia cr\u00edtica Manifestu bat","og_url":"https:\/\/www.laguiadepamplona.com\/actualidad\/beheko-larraine-cierra-este-miercoles-el-ciclo-de-teatro-para-publico-joven-y-adulto-antzerki-aroa-con-la-comedia-critica-manifestu-bat\/","og_site_name":"La Gu\u00eda de Pamplona","article_publisher":"https:\/\/www.facebook.com\/laguiadepamplonacom-133175176762273\/?ref=hl","article_published_time":"2019-05-06T13:15:53+00:00","og_image":[{"width":1900,"height":1269,"url":"https:\/\/www.laguiadepamplona.com\/actualidad\/wp-content\/uploads\/2019\/05\/19.05.06_antzerki_aroa_manifestu_bat.jpg","type":"image\/jpeg"}],"author":"La Gu\u00eda de Pamplona","twitter_card":"summary_large_image","twitter_creator":"@LaGuiadPamplona","twitter_site":"@LaGuiadPamplona","twitter_misc":{"Escrito por":"La Gu\u00eda de Pamplona","Tiempo de lectura":"2 minutos"},"schema":{"@context":"https:\/\/schema.org","@graph":[{"@type":"Article","@id":"https:\/\/www.laguiadepamplona.com\/actualidad\/beheko-larraine-cierra-este-miercoles-el-ciclo-de-teatro-para-publico-joven-y-adulto-antzerki-aroa-con-la-comedia-critica-manifestu-bat\/#article","isPartOf":{"@id":"https:\/\/www.laguiadepamplona.com\/actualidad\/beheko-larraine-cierra-este-miercoles-el-ciclo-de-teatro-para-publico-joven-y-adulto-antzerki-aroa-con-la-comedia-critica-manifestu-bat\/"},"author":{"name":"La Gu\u00eda de Pamplona","@id":"https:\/\/www.laguiadepamplona.com\/actualidad\/#\/schema\/person\/efe887376f0213d4657c93adc50b1fdb"},"headline":"Beheko Larraine cierra este mi\u00e9rcoles el ciclo de teatro para p\u00fablico joven y adulto Antzerki Aroa con la comedia cr\u00edtica Manifestu bat","datePublished":"2019-05-06T13:15:53+00:00","mainEntityOfPage":{"@id":"https:\/\/www.laguiadepamplona.com\/actualidad\/beheko-larraine-cierra-este-miercoles-el-ciclo-de-teatro-para-publico-joven-y-adulto-antzerki-aroa-con-la-comedia-critica-manifestu-bat\/"},"wordCount":427,"commentCount":0,"publisher":{"@id":"https:\/\/www.laguiadepamplona.com\/actualidad\/#organization"},"image":{"@id":"https:\/\/www.laguiadepamplona.com\/actualidad\/beheko-larraine-cierra-este-miercoles-el-ciclo-de-teatro-para-publico-joven-y-adulto-antzerki-aroa-con-la-comedia-critica-manifestu-bat\/#primaryimage"},"thumbnailUrl":"https:\/\/www.laguiadepamplona.com\/actualidad\/wp-content\/uploads\/2019\/05\/19.05.06_antzerki_aroa_manifestu_bat.jpg","articleSection":["Ayto Pamplona"],"inLanguage":"es","potentialAction":[{"@type":"CommentAction","name":"Comment","target":["https:\/\/www.laguiadepamplona.com\/actualidad\/beheko-larraine-cierra-este-miercoles-el-ciclo-de-teatro-para-publico-joven-y-adulto-antzerki-aroa-con-la-comedia-critica-manifestu-bat\/#respond"]}]},{"@type":"WebPage","@id":"https:\/\/www.laguiadepamplona.com\/actualidad\/beheko-larraine-cierra-este-miercoles-el-ciclo-de-teatro-para-publico-joven-y-adulto-antzerki-aroa-con-la-comedia-critica-manifestu-bat\/","url":"https:\/\/www.laguiadepamplona.com\/actualidad\/beheko-larraine-cierra-este-miercoles-el-ciclo-de-teatro-para-publico-joven-y-adulto-antzerki-aroa-con-la-comedia-critica-manifestu-bat\/","name":"Beheko Larraine cierra este mi\u00e9rcoles el ciclo de teatro para p\u00fablico joven y adulto Antzerki Aroa con la comedia cr\u00edtica Manifestu bat","isPartOf":{"@id":"https:\/\/www.laguiadepamplona.com\/actualidad\/#website"},"primaryImageOfPage":{"@id":"https:\/\/www.laguiadepamplona.com\/actualidad\/beheko-larraine-cierra-este-miercoles-el-ciclo-de-teatro-para-publico-joven-y-adulto-antzerki-aroa-con-la-comedia-critica-manifestu-bat\/#primaryimage"},"image":{"@id":"https:\/\/www.laguiadepamplona.com\/actualidad\/beheko-larraine-cierra-este-miercoles-el-ciclo-de-teatro-para-publico-joven-y-adulto-antzerki-aroa-con-la-comedia-critica-manifestu-bat\/#primaryimage"},"thumbnailUrl":"https:\/\/www.laguiadepamplona.com\/actualidad\/wp-content\/uploads\/2019\/05\/19.05.06_antzerki_aroa_manifestu_bat.jpg","datePublished":"2019-05-06T13:15:53+00:00","breadcrumb":{"@id":"https:\/\/www.laguiadepamplona.com\/actualidad\/beheko-larraine-cierra-este-miercoles-el-ciclo-de-teatro-para-publico-joven-y-adulto-antzerki-aroa-con-la-comedia-critica-manifestu-bat\/#breadcrumb"},"inLanguage":"es","potentialAction":[{"@type":"ReadAction","target":["https:\/\/www.laguiadepamplona.com\/actualidad\/beheko-larraine-cierra-este-miercoles-el-ciclo-de-teatro-para-publico-joven-y-adulto-antzerki-aroa-con-la-comedia-critica-manifestu-bat\/"]}]},{"@type":"ImageObject","inLanguage":"es","@id":"https:\/\/www.laguiadepamplona.com\/actualidad\/beheko-larraine-cierra-este-miercoles-el-ciclo-de-teatro-para-publico-joven-y-adulto-antzerki-aroa-con-la-comedia-critica-manifestu-bat\/#primaryimage","url":"https:\/\/www.laguiadepamplona.com\/actualidad\/wp-content\/uploads\/2019\/05\/19.05.06_antzerki_aroa_manifestu_bat.jpg","contentUrl":"https:\/\/www.laguiadepamplona.com\/actualidad\/wp-content\/uploads\/2019\/05\/19.05.06_antzerki_aroa_manifestu_bat.jpg","width":1900,"height":1269},{"@type":"BreadcrumbList","@id":"https:\/\/www.laguiadepamplona.com\/actualidad\/beheko-larraine-cierra-este-miercoles-el-ciclo-de-teatro-para-publico-joven-y-adulto-antzerki-aroa-con-la-comedia-critica-manifestu-bat\/#breadcrumb","itemListElement":[{"@type":"ListItem","position":1,"name":"Portada","item":"https:\/\/www.laguiadepamplona.com\/actualidad\/"},{"@type":"ListItem","position":2,"name":"Beheko Larraine cierra este mi\u00e9rcoles el ciclo de teatro para p\u00fablico joven y adulto Antzerki Aroa con la comedia cr\u00edtica Manifestu bat"}]},{"@type":"WebSite","@id":"https:\/\/www.laguiadepamplona.com\/actualidad\/#website","url":"https:\/\/www.laguiadepamplona.com\/actualidad\/","name":"La gu\u00eda de Pamplona","description":"Noticias de Pamplona","publisher":{"@id":"https:\/\/www.laguiadepamplona.com\/actualidad\/#organization"},"potentialAction":[{"@type":"SearchAction","target":{"@type":"EntryPoint","urlTemplate":"https:\/\/www.laguiadepamplona.com\/actualidad\/?s={search_term_string}"},"query-input":{"@type":"PropertyValueSpecification","valueRequired":true,"valueName":"search_term_string"}}],"inLanguage":"es"},{"@type":"Organization","@id":"https:\/\/www.laguiadepamplona.com\/actualidad\/#organization","name":"La Gu\u00eda de Pamplona \/ Noticias","url":"https:\/\/www.laguiadepamplona.com\/actualidad\/","logo":{"@type":"ImageObject","inLanguage":"es","@id":"https:\/\/www.laguiadepamplona.com\/actualidad\/#\/schema\/logo\/image\/","url":"https:\/\/www.laguiadepamplona.com\/actualidad\/wp-content\/uploads\/2018\/11\/logo-laguiadepamplona18-web1.png","contentUrl":"https:\/\/www.laguiadepamplona.com\/actualidad\/wp-content\/uploads\/2018\/11\/logo-laguiadepamplona18-web1.png","width":600,"height":196,"caption":"La Gu\u00eda de Pamplona \/ Noticias"},"image":{"@id":"https:\/\/www.laguiadepamplona.com\/actualidad\/#\/schema\/logo\/image\/"},"sameAs":["https:\/\/www.facebook.com\/laguiadepamplonacom-133175176762273\/?ref=hl","https:\/\/x.com\/LaGuiadPamplona","https:\/\/www.instagram.com\/la_guia_de_pamplona\/","https:\/\/www.youtube.com\/user\/laguiadepamplona"]},{"@type":"Person","@id":"https:\/\/www.laguiadepamplona.com\/actualidad\/#\/schema\/person\/efe887376f0213d4657c93adc50b1fdb","name":"La Gu\u00eda de Pamplona","image":{"@type":"ImageObject","inLanguage":"es","@id":"https:\/\/secure.gravatar.com\/avatar\/b6992f131dc8d30ab0dff15446e9d346d9dbd95992de0fef795073f5ea83a81c?s=96&d=mm&r=g","url":"https:\/\/secure.gravatar.com\/avatar\/b6992f131dc8d30ab0dff15446e9d346d9dbd95992de0fef795073f5ea83a81c?s=96&d=mm&r=g","contentUrl":"https:\/\/secure.gravatar.com\/avatar\/b6992f131dc8d30ab0dff15446e9d346d9dbd95992de0fef795073f5ea83a81c?s=96&d=mm&r=g","caption":"La Gu\u00eda de Pamplona"}}]}},"post_mailing_queue_ids":[],"_links":{"self":[{"href":"https:\/\/www.laguiadepamplona.com\/actualidad\/wp-json\/wp\/v2\/posts\/21921","targetHints":{"allow":["GET"]}}],"collection":[{"href":"https:\/\/www.laguiadepamplona.com\/actualidad\/wp-json\/wp\/v2\/posts"}],"about":[{"href":"https:\/\/www.laguiadepamplona.com\/actualidad\/wp-json\/wp\/v2\/types\/post"}],"author":[{"embeddable":true,"href":"https:\/\/www.laguiadepamplona.com\/actualidad\/wp-json\/wp\/v2\/users\/1"}],"replies":[{"embeddable":true,"href":"https:\/\/www.laguiadepamplona.com\/actualidad\/wp-json\/wp\/v2\/comments?post=21921"}],"version-history":[{"count":0,"href":"https:\/\/www.laguiadepamplona.com\/actualidad\/wp-json\/wp\/v2\/posts\/21921\/revisions"}],"wp:featuredmedia":[{"embeddable":true,"href":"https:\/\/www.laguiadepamplona.com\/actualidad\/wp-json\/wp\/v2\/media\/21923"}],"wp:attachment":[{"href":"https:\/\/www.laguiadepamplona.com\/actualidad\/wp-json\/wp\/v2\/media?parent=21921"}],"wp:term":[{"taxonomy":"category","embeddable":true,"href":"https:\/\/www.laguiadepamplona.com\/actualidad\/wp-json\/wp\/v2\/categories?post=21921"},{"taxonomy":"post_tag","embeddable":true,"href":"https:\/\/www.laguiadepamplona.com\/actualidad\/wp-json\/wp\/v2\/tags?post=21921"}],"curies":[{"name":"wp","href":"https:\/\/api.w.org\/{rel}","templated":true}]}}