{"id":21917,"date":"2019-05-06T15:13:52","date_gmt":"2019-05-06T13:13:52","guid":{"rendered":"https:\/\/www.laguiadepamplona.es\/actualidad\/?p=21917"},"modified":"2019-05-06T15:13:52","modified_gmt":"2019-05-06T13:13:52","slug":"convocadas-las-subvenciones-para-la-realizacion-de-proyectos-que-promuevan-la-igualdad-de-oportunidades-y-la-plena-integracion-social-de-personas-lgtbi","status":"publish","type":"post","link":"https:\/\/www.laguiadepamplona.com\/actualidad\/convocadas-las-subvenciones-para-la-realizacion-de-proyectos-que-promuevan-la-igualdad-de-oportunidades-y-la-plena-integracion-social-de-personas-lgtbi\/","title":{"rendered":"Convocadas las subvenciones para la realizaci\u00f3n de proyectos que promuevan la igualdad de oportunidades y la plena integraci\u00f3n social de personas LGTBI"},"content":{"rendered":"<p><!--more--><\/p>\n<h3>Las ayudas est\u00e1n dirigidas a asociaciones, colectivos y entidades LGTBI sin \u00e1nimo de lucro y cuentan con un presupuesto de 20.000 euros<\/h3>\n<p>El Ayuntamiento de Pamplona ha convocado las subvenciones en r\u00e9gimen de concurrencia competitiva destinadas a asociaciones, colectivos y entidades LGTBI sin \u00e1nimo de lucro para la financiaci\u00f3n de proyectos que promuevan la igualdad de oportunidades, la participaci\u00f3n y la presencia de personas lesbianas, gays, transexuales, transg\u00e9nero, bisexuales e intersexuales en la vida social, econ\u00f3mica, cultural y laboral. Se busca, asimismo, apoyar el avance del conocimiento, la investigaci\u00f3n y la difusi\u00f3n de estudios y documentaci\u00f3n que favorezcan esa integraci\u00f3n.<\/p>\n<p>La convocatoria est\u00e1 dotada con 20.000 euros y se financiar\u00e1n entre un 75% y un 100% de la cuant\u00eda solicitada, en funci\u00f3n de la puntuaci\u00f3n obtenida en la valoraci\u00f3n, con un m\u00e1ximo de 4.000 euros por entidad solicitante. Una misma entidad podr\u00e1 presentarse de forma individual y de forma agrupada con otras entidades, siempre que el proyecto presentado sea distinto. Estas ayudas pretenden ser una herramienta de apoyo a actuaciones encaminadas al desarrollo de proyectos y actividades por la igualdad, la libertad y el respeto por la diversidad sexual para reforzar el compromiso en la promoci\u00f3n de la igualdad y los derechos humanos para las personas LGTBI. Las actividades deben realizarse entre el 1 de enero y el 31 de diciembre de este a\u00f1o.<\/p>\n<p>Se subvencionar\u00e1n proyectos para actuaciones dirigidas a la informaci\u00f3n y sensibilizaci\u00f3n sobre derechos civiles y no discriminaci\u00f3n, participaci\u00f3n social, orientaci\u00f3n sexual, expresi\u00f3n de g\u00e9nero e identidad sexual o de g\u00e9nero; actuaciones dirigidas al fomento de las relaciones saludables e igualitarias entre las personas LGTBI; actuaciones dirigidas a la promoci\u00f3n, conmemoraci\u00f3n y visibilizaci\u00f3n de fechas de especial relevancia LGTBI; actuaciones que favorezcan y promocionen la inserci\u00f3n laboral de las personas LGTBI; o actuaciones dirigidas a la sensibilizaci\u00f3n y fomento de la convivencia que tengan como finalidad el pleno ejercicio del derecho de la igualdad de trato, el respeto a la dignidad de las personas LGTBI, la protecci\u00f3n contra cualquier forma de discriminaci\u00f3n o actos o conductas intolerables.<\/p>\n<p>Asimismo, se podr\u00e1n subvencionar actuaciones dirigidas a potenciar y mantener las redes dirigidas a compartir, intercambiar y unificar estrategias de actuaci\u00f3n, experiencias, buenas pr\u00e1cticas y herramientas de intervenci\u00f3n que favorezcan el conocimiento de las diferentes problem\u00e1ticas asociadas a las personas LGTBI; actuaciones dirigidas a investigar y difundir estudios y otra documentaci\u00f3n que favorezcan el diagn\u00f3stico, an\u00e1lisis y visibilizaci\u00f3n de la situaci\u00f3n de las personas LGTBI; o actuaciones dirigidas a recuperar el protagonismo, visibilidad y aportaciones de las personas LGTBI en todos los \u00e1mbitos de la sociedad.<\/p>\n<p><strong>Plazo de presentaci\u00f3n, requisitos y valoraci\u00f3n de las propuestas<\/strong><\/p>\n<p>Las entidades que quieran concurrir a esta convocatoria podr\u00e1n presentar la documentaci\u00f3n requerida hasta el 3 de junio de forma telem\u00e1tica a trav\u00e9s de la sede electr\u00f3nica del Ayuntamiento de Pamplona (tr\u00e1mite \u2018solicitud electr\u00f3nica de subvenciones para personas f\u00edsicas\u2019). La convocatoria se public\u00f3 en el Bolet\u00edn Oficial de Navarra n\u00famero 84 de XXX de 2 de mayo de 2019.<\/p>\n<p>Las entidades y colectivos que se presenten deben carecer de \u00e1nimo de lucro, estar\u00e1n constituidos legalmente e inscritos en el registro correspondiente, tener domicilio social y fiscal en Pamplona, no tener suscrito convenio de colaboraci\u00f3n ni contrato con el Ayuntamiento o incluir como objetivo en sus estatutos su compromiso con la mejora de la situaci\u00f3n y el avance hacia la igualdad de las personas LGTBI en cualquiera de los \u00e1mbitos de la vida, entre otros requisitos.<\/p>\n<p>Para valorar las solicitudes se tendr\u00e1n en cuenta dos tipos de criterios: por una parte, criterios en relaci\u00f3n con la entidad o entidades solicitantes (25 puntos) y, por otra, criterios relativos al proyecto (75 puntos), como su calidad t\u00e9cnica, coherencia, enfoque LGTBI, viabilidad de las acciones o el aprendizaje y cambio de valores que promueva. Se subvencionar\u00e1n gastos directos (honorarios de ponentes, material fungible, gastos de locales y equipamientos, material inform\u00e1tico\u2026) e indirectos (porcentajes de gesti\u00f3n administrativa, alquiler de local, consumos de luz, agua y tel\u00e9fono\u2026) asociados al proyecto.<\/p>\n","protected":false},"excerpt":{"rendered":"","protected":false},"author":1,"featured_media":11094,"comment_status":"open","ping_status":"closed","sticky":false,"template":"","format":"standard","meta":{"footnotes":""},"categories":[2],"tags":[],"class_list":["post-21917","post","type-post","status-publish","format-standard","has-post-thumbnail","hentry","category-ayuntamiento-pamplona"],"yoast_head":"<!-- This site is optimized with the Yoast SEO plugin v27.5 - https:\/\/yoast.com\/product\/yoast-seo-wordpress\/ -->\n<title>Convocadas las subvenciones para la realizaci\u00f3n de proyectos que promuevan la igualdad de oportunidades y la plena integraci\u00f3n social de personas LGTBI<\/title>\n<meta name=\"robots\" content=\"index, follow, max-snippet:-1, max-image-preview:large, max-video-preview:-1\" \/>\n<link rel=\"canonical\" href=\"https:\/\/www.laguiadepamplona.com\/actualidad\/convocadas-las-subvenciones-para-la-realizacion-de-proyectos-que-promuevan-la-igualdad-de-oportunidades-y-la-plena-integracion-social-de-personas-lgtbi\/\" \/>\n<meta property=\"og:locale\" content=\"es_ES\" \/>\n<meta property=\"og:type\" content=\"article\" \/>\n<meta property=\"og:title\" content=\"Convocadas las subvenciones para la realizaci\u00f3n de proyectos que promuevan la igualdad de oportunidades y la plena integraci\u00f3n social de personas LGTBI\" \/>\n<meta property=\"og:url\" content=\"https:\/\/www.laguiadepamplona.com\/actualidad\/convocadas-las-subvenciones-para-la-realizacion-de-proyectos-que-promuevan-la-igualdad-de-oportunidades-y-la-plena-integracion-social-de-personas-lgtbi\/\" \/>\n<meta property=\"og:site_name\" content=\"La Gu\u00eda de Pamplona\" \/>\n<meta property=\"article:publisher\" content=\"https:\/\/www.facebook.com\/laguiadepamplonacom-133175176762273\/?ref=hl\" \/>\n<meta property=\"article:published_time\" content=\"2019-05-06T13:13:52+00:00\" \/>\n<meta property=\"og:image\" content=\"https:\/\/www.laguiadepamplona.com\/actualidad\/wp-content\/uploads\/2016\/12\/orgullo-gay-bandera-lgtb.jpg\" \/>\n\t<meta property=\"og:image:width\" content=\"860\" \/>\n\t<meta property=\"og:image:height\" content=\"520\" \/>\n\t<meta property=\"og:image:type\" content=\"image\/jpeg\" \/>\n<meta name=\"author\" content=\"La Gu\u00eda de Pamplona\" \/>\n<meta name=\"twitter:card\" content=\"summary_large_image\" \/>\n<meta name=\"twitter:creator\" content=\"@LaGuiadPamplona\" \/>\n<meta name=\"twitter:site\" content=\"@LaGuiadPamplona\" \/>\n<meta name=\"twitter:label1\" content=\"Escrito por\" \/>\n\t<meta name=\"twitter:data1\" content=\"La Gu\u00eda de Pamplona\" \/>\n\t<meta name=\"twitter:label2\" content=\"Tiempo de lectura\" \/>\n\t<meta name=\"twitter:data2\" content=\"4 minutos\" \/>\n<script type=\"application\/ld+json\" class=\"yoast-schema-graph\">{\"@context\":\"https:\\\/\\\/schema.org\",\"@graph\":[{\"@type\":\"Article\",\"@id\":\"https:\\\/\\\/www.laguiadepamplona.com\\\/actualidad\\\/convocadas-las-subvenciones-para-la-realizacion-de-proyectos-que-promuevan-la-igualdad-de-oportunidades-y-la-plena-integracion-social-de-personas-lgtbi\\\/#article\",\"isPartOf\":{\"@id\":\"https:\\\/\\\/www.laguiadepamplona.com\\\/actualidad\\\/convocadas-las-subvenciones-para-la-realizacion-de-proyectos-que-promuevan-la-igualdad-de-oportunidades-y-la-plena-integracion-social-de-personas-lgtbi\\\/\"},\"author\":{\"name\":\"La Gu\u00eda de Pamplona\",\"@id\":\"https:\\\/\\\/www.laguiadepamplona.com\\\/actualidad\\\/#\\\/schema\\\/person\\\/efe887376f0213d4657c93adc50b1fdb\"},\"headline\":\"Convocadas las subvenciones para la realizaci\u00f3n de proyectos que promuevan la igualdad de oportunidades y la plena integraci\u00f3n social de personas LGTBI\",\"datePublished\":\"2019-05-06T13:13:52+00:00\",\"mainEntityOfPage\":{\"@id\":\"https:\\\/\\\/www.laguiadepamplona.com\\\/actualidad\\\/convocadas-las-subvenciones-para-la-realizacion-de-proyectos-que-promuevan-la-igualdad-de-oportunidades-y-la-plena-integracion-social-de-personas-lgtbi\\\/\"},\"wordCount\":736,\"commentCount\":0,\"publisher\":{\"@id\":\"https:\\\/\\\/www.laguiadepamplona.com\\\/actualidad\\\/#organization\"},\"image\":{\"@id\":\"https:\\\/\\\/www.laguiadepamplona.com\\\/actualidad\\\/convocadas-las-subvenciones-para-la-realizacion-de-proyectos-que-promuevan-la-igualdad-de-oportunidades-y-la-plena-integracion-social-de-personas-lgtbi\\\/#primaryimage\"},\"thumbnailUrl\":\"https:\\\/\\\/www.laguiadepamplona.com\\\/actualidad\\\/wp-content\\\/uploads\\\/2016\\\/12\\\/orgullo-gay-bandera-lgtb.jpg\",\"articleSection\":[\"Ayto Pamplona\"],\"inLanguage\":\"es\",\"potentialAction\":[{\"@type\":\"CommentAction\",\"name\":\"Comment\",\"target\":[\"https:\\\/\\\/www.laguiadepamplona.com\\\/actualidad\\\/convocadas-las-subvenciones-para-la-realizacion-de-proyectos-que-promuevan-la-igualdad-de-oportunidades-y-la-plena-integracion-social-de-personas-lgtbi\\\/#respond\"]}]},{\"@type\":\"WebPage\",\"@id\":\"https:\\\/\\\/www.laguiadepamplona.com\\\/actualidad\\\/convocadas-las-subvenciones-para-la-realizacion-de-proyectos-que-promuevan-la-igualdad-de-oportunidades-y-la-plena-integracion-social-de-personas-lgtbi\\\/\",\"url\":\"https:\\\/\\\/www.laguiadepamplona.com\\\/actualidad\\\/convocadas-las-subvenciones-para-la-realizacion-de-proyectos-que-promuevan-la-igualdad-de-oportunidades-y-la-plena-integracion-social-de-personas-lgtbi\\\/\",\"name\":\"Convocadas las subvenciones para la realizaci\u00f3n de proyectos que promuevan la igualdad de oportunidades y la plena integraci\u00f3n social de personas LGTBI\",\"isPartOf\":{\"@id\":\"https:\\\/\\\/www.laguiadepamplona.com\\\/actualidad\\\/#website\"},\"primaryImageOfPage\":{\"@id\":\"https:\\\/\\\/www.laguiadepamplona.com\\\/actualidad\\\/convocadas-las-subvenciones-para-la-realizacion-de-proyectos-que-promuevan-la-igualdad-de-oportunidades-y-la-plena-integracion-social-de-personas-lgtbi\\\/#primaryimage\"},\"image\":{\"@id\":\"https:\\\/\\\/www.laguiadepamplona.com\\\/actualidad\\\/convocadas-las-subvenciones-para-la-realizacion-de-proyectos-que-promuevan-la-igualdad-de-oportunidades-y-la-plena-integracion-social-de-personas-lgtbi\\\/#primaryimage\"},\"thumbnailUrl\":\"https:\\\/\\\/www.laguiadepamplona.com\\\/actualidad\\\/wp-content\\\/uploads\\\/2016\\\/12\\\/orgullo-gay-bandera-lgtb.jpg\",\"datePublished\":\"2019-05-06T13:13:52+00:00\",\"breadcrumb\":{\"@id\":\"https:\\\/\\\/www.laguiadepamplona.com\\\/actualidad\\\/convocadas-las-subvenciones-para-la-realizacion-de-proyectos-que-promuevan-la-igualdad-de-oportunidades-y-la-plena-integracion-social-de-personas-lgtbi\\\/#breadcrumb\"},\"inLanguage\":\"es\",\"potentialAction\":[{\"@type\":\"ReadAction\",\"target\":[\"https:\\\/\\\/www.laguiadepamplona.com\\\/actualidad\\\/convocadas-las-subvenciones-para-la-realizacion-de-proyectos-que-promuevan-la-igualdad-de-oportunidades-y-la-plena-integracion-social-de-personas-lgtbi\\\/\"]}]},{\"@type\":\"ImageObject\",\"inLanguage\":\"es\",\"@id\":\"https:\\\/\\\/www.laguiadepamplona.com\\\/actualidad\\\/convocadas-las-subvenciones-para-la-realizacion-de-proyectos-que-promuevan-la-igualdad-de-oportunidades-y-la-plena-integracion-social-de-personas-lgtbi\\\/#primaryimage\",\"url\":\"https:\\\/\\\/www.laguiadepamplona.com\\\/actualidad\\\/wp-content\\\/uploads\\\/2016\\\/12\\\/orgullo-gay-bandera-lgtb.jpg\",\"contentUrl\":\"https:\\\/\\\/www.laguiadepamplona.com\\\/actualidad\\\/wp-content\\\/uploads\\\/2016\\\/12\\\/orgullo-gay-bandera-lgtb.jpg\",\"width\":860,\"height\":520,\"caption\":\"lgtbi\"},{\"@type\":\"BreadcrumbList\",\"@id\":\"https:\\\/\\\/www.laguiadepamplona.com\\\/actualidad\\\/convocadas-las-subvenciones-para-la-realizacion-de-proyectos-que-promuevan-la-igualdad-de-oportunidades-y-la-plena-integracion-social-de-personas-lgtbi\\\/#breadcrumb\",\"itemListElement\":[{\"@type\":\"ListItem\",\"position\":1,\"name\":\"Portada\",\"item\":\"https:\\\/\\\/www.laguiadepamplona.com\\\/actualidad\\\/\"},{\"@type\":\"ListItem\",\"position\":2,\"name\":\"Convocadas las subvenciones para la realizaci\u00f3n de proyectos que promuevan la igualdad de oportunidades y la plena integraci\u00f3n social de personas LGTBI\"}]},{\"@type\":\"WebSite\",\"@id\":\"https:\\\/\\\/www.laguiadepamplona.com\\\/actualidad\\\/#website\",\"url\":\"https:\\\/\\\/www.laguiadepamplona.com\\\/actualidad\\\/\",\"name\":\"La gu\u00eda de Pamplona\",\"description\":\"Noticias de Pamplona\",\"publisher\":{\"@id\":\"https:\\\/\\\/www.laguiadepamplona.com\\\/actualidad\\\/#organization\"},\"potentialAction\":[{\"@type\":\"SearchAction\",\"target\":{\"@type\":\"EntryPoint\",\"urlTemplate\":\"https:\\\/\\\/www.laguiadepamplona.com\\\/actualidad\\\/?s={search_term_string}\"},\"query-input\":{\"@type\":\"PropertyValueSpecification\",\"valueRequired\":true,\"valueName\":\"search_term_string\"}}],\"inLanguage\":\"es\"},{\"@type\":\"Organization\",\"@id\":\"https:\\\/\\\/www.laguiadepamplona.com\\\/actualidad\\\/#organization\",\"name\":\"La Gu\u00eda de Pamplona \\\/ Noticias\",\"url\":\"https:\\\/\\\/www.laguiadepamplona.com\\\/actualidad\\\/\",\"logo\":{\"@type\":\"ImageObject\",\"inLanguage\":\"es\",\"@id\":\"https:\\\/\\\/www.laguiadepamplona.com\\\/actualidad\\\/#\\\/schema\\\/logo\\\/image\\\/\",\"url\":\"https:\\\/\\\/www.laguiadepamplona.com\\\/actualidad\\\/wp-content\\\/uploads\\\/2018\\\/11\\\/logo-laguiadepamplona18-web1.png\",\"contentUrl\":\"https:\\\/\\\/www.laguiadepamplona.com\\\/actualidad\\\/wp-content\\\/uploads\\\/2018\\\/11\\\/logo-laguiadepamplona18-web1.png\",\"width\":600,\"height\":196,\"caption\":\"La Gu\u00eda de Pamplona \\\/ Noticias\"},\"image\":{\"@id\":\"https:\\\/\\\/www.laguiadepamplona.com\\\/actualidad\\\/#\\\/schema\\\/logo\\\/image\\\/\"},\"sameAs\":[\"https:\\\/\\\/www.facebook.com\\\/laguiadepamplonacom-133175176762273\\\/?ref=hl\",\"https:\\\/\\\/x.com\\\/LaGuiadPamplona\",\"https:\\\/\\\/www.instagram.com\\\/la_guia_de_pamplona\\\/\",\"https:\\\/\\\/www.youtube.com\\\/user\\\/laguiadepamplona\"]},{\"@type\":\"Person\",\"@id\":\"https:\\\/\\\/www.laguiadepamplona.com\\\/actualidad\\\/#\\\/schema\\\/person\\\/efe887376f0213d4657c93adc50b1fdb\",\"name\":\"La Gu\u00eda de Pamplona\",\"image\":{\"@type\":\"ImageObject\",\"inLanguage\":\"es\",\"@id\":\"https:\\\/\\\/secure.gravatar.com\\\/avatar\\\/b6992f131dc8d30ab0dff15446e9d346d9dbd95992de0fef795073f5ea83a81c?s=96&d=mm&r=g\",\"url\":\"https:\\\/\\\/secure.gravatar.com\\\/avatar\\\/b6992f131dc8d30ab0dff15446e9d346d9dbd95992de0fef795073f5ea83a81c?s=96&d=mm&r=g\",\"contentUrl\":\"https:\\\/\\\/secure.gravatar.com\\\/avatar\\\/b6992f131dc8d30ab0dff15446e9d346d9dbd95992de0fef795073f5ea83a81c?s=96&d=mm&r=g\",\"caption\":\"La Gu\u00eda de Pamplona\"}}]}<\/script>\n<!-- \/ Yoast SEO plugin. -->","yoast_head_json":{"title":"Convocadas las subvenciones para la realizaci\u00f3n de proyectos que promuevan la igualdad de oportunidades y la plena integraci\u00f3n social de personas LGTBI","robots":{"index":"index","follow":"follow","max-snippet":"max-snippet:-1","max-image-preview":"max-image-preview:large","max-video-preview":"max-video-preview:-1"},"canonical":"https:\/\/www.laguiadepamplona.com\/actualidad\/convocadas-las-subvenciones-para-la-realizacion-de-proyectos-que-promuevan-la-igualdad-de-oportunidades-y-la-plena-integracion-social-de-personas-lgtbi\/","og_locale":"es_ES","og_type":"article","og_title":"Convocadas las subvenciones para la realizaci\u00f3n de proyectos que promuevan la igualdad de oportunidades y la plena integraci\u00f3n social de personas LGTBI","og_url":"https:\/\/www.laguiadepamplona.com\/actualidad\/convocadas-las-subvenciones-para-la-realizacion-de-proyectos-que-promuevan-la-igualdad-de-oportunidades-y-la-plena-integracion-social-de-personas-lgtbi\/","og_site_name":"La Gu\u00eda de Pamplona","article_publisher":"https:\/\/www.facebook.com\/laguiadepamplonacom-133175176762273\/?ref=hl","article_published_time":"2019-05-06T13:13:52+00:00","og_image":[{"width":860,"height":520,"url":"https:\/\/www.laguiadepamplona.com\/actualidad\/wp-content\/uploads\/2016\/12\/orgullo-gay-bandera-lgtb.jpg","type":"image\/jpeg"}],"author":"La Gu\u00eda de Pamplona","twitter_card":"summary_large_image","twitter_creator":"@LaGuiadPamplona","twitter_site":"@LaGuiadPamplona","twitter_misc":{"Escrito por":"La Gu\u00eda de Pamplona","Tiempo de lectura":"4 minutos"},"schema":{"@context":"https:\/\/schema.org","@graph":[{"@type":"Article","@id":"https:\/\/www.laguiadepamplona.com\/actualidad\/convocadas-las-subvenciones-para-la-realizacion-de-proyectos-que-promuevan-la-igualdad-de-oportunidades-y-la-plena-integracion-social-de-personas-lgtbi\/#article","isPartOf":{"@id":"https:\/\/www.laguiadepamplona.com\/actualidad\/convocadas-las-subvenciones-para-la-realizacion-de-proyectos-que-promuevan-la-igualdad-de-oportunidades-y-la-plena-integracion-social-de-personas-lgtbi\/"},"author":{"name":"La Gu\u00eda de Pamplona","@id":"https:\/\/www.laguiadepamplona.com\/actualidad\/#\/schema\/person\/efe887376f0213d4657c93adc50b1fdb"},"headline":"Convocadas las subvenciones para la realizaci\u00f3n de proyectos que promuevan la igualdad de oportunidades y la plena integraci\u00f3n social de personas LGTBI","datePublished":"2019-05-06T13:13:52+00:00","mainEntityOfPage":{"@id":"https:\/\/www.laguiadepamplona.com\/actualidad\/convocadas-las-subvenciones-para-la-realizacion-de-proyectos-que-promuevan-la-igualdad-de-oportunidades-y-la-plena-integracion-social-de-personas-lgtbi\/"},"wordCount":736,"commentCount":0,"publisher":{"@id":"https:\/\/www.laguiadepamplona.com\/actualidad\/#organization"},"image":{"@id":"https:\/\/www.laguiadepamplona.com\/actualidad\/convocadas-las-subvenciones-para-la-realizacion-de-proyectos-que-promuevan-la-igualdad-de-oportunidades-y-la-plena-integracion-social-de-personas-lgtbi\/#primaryimage"},"thumbnailUrl":"https:\/\/www.laguiadepamplona.com\/actualidad\/wp-content\/uploads\/2016\/12\/orgullo-gay-bandera-lgtb.jpg","articleSection":["Ayto Pamplona"],"inLanguage":"es","potentialAction":[{"@type":"CommentAction","name":"Comment","target":["https:\/\/www.laguiadepamplona.com\/actualidad\/convocadas-las-subvenciones-para-la-realizacion-de-proyectos-que-promuevan-la-igualdad-de-oportunidades-y-la-plena-integracion-social-de-personas-lgtbi\/#respond"]}]},{"@type":"WebPage","@id":"https:\/\/www.laguiadepamplona.com\/actualidad\/convocadas-las-subvenciones-para-la-realizacion-de-proyectos-que-promuevan-la-igualdad-de-oportunidades-y-la-plena-integracion-social-de-personas-lgtbi\/","url":"https:\/\/www.laguiadepamplona.com\/actualidad\/convocadas-las-subvenciones-para-la-realizacion-de-proyectos-que-promuevan-la-igualdad-de-oportunidades-y-la-plena-integracion-social-de-personas-lgtbi\/","name":"Convocadas las subvenciones para la realizaci\u00f3n de proyectos que promuevan la igualdad de oportunidades y la plena integraci\u00f3n social de personas LGTBI","isPartOf":{"@id":"https:\/\/www.laguiadepamplona.com\/actualidad\/#website"},"primaryImageOfPage":{"@id":"https:\/\/www.laguiadepamplona.com\/actualidad\/convocadas-las-subvenciones-para-la-realizacion-de-proyectos-que-promuevan-la-igualdad-de-oportunidades-y-la-plena-integracion-social-de-personas-lgtbi\/#primaryimage"},"image":{"@id":"https:\/\/www.laguiadepamplona.com\/actualidad\/convocadas-las-subvenciones-para-la-realizacion-de-proyectos-que-promuevan-la-igualdad-de-oportunidades-y-la-plena-integracion-social-de-personas-lgtbi\/#primaryimage"},"thumbnailUrl":"https:\/\/www.laguiadepamplona.com\/actualidad\/wp-content\/uploads\/2016\/12\/orgullo-gay-bandera-lgtb.jpg","datePublished":"2019-05-06T13:13:52+00:00","breadcrumb":{"@id":"https:\/\/www.laguiadepamplona.com\/actualidad\/convocadas-las-subvenciones-para-la-realizacion-de-proyectos-que-promuevan-la-igualdad-de-oportunidades-y-la-plena-integracion-social-de-personas-lgtbi\/#breadcrumb"},"inLanguage":"es","potentialAction":[{"@type":"ReadAction","target":["https:\/\/www.laguiadepamplona.com\/actualidad\/convocadas-las-subvenciones-para-la-realizacion-de-proyectos-que-promuevan-la-igualdad-de-oportunidades-y-la-plena-integracion-social-de-personas-lgtbi\/"]}]},{"@type":"ImageObject","inLanguage":"es","@id":"https:\/\/www.laguiadepamplona.com\/actualidad\/convocadas-las-subvenciones-para-la-realizacion-de-proyectos-que-promuevan-la-igualdad-de-oportunidades-y-la-plena-integracion-social-de-personas-lgtbi\/#primaryimage","url":"https:\/\/www.laguiadepamplona.com\/actualidad\/wp-content\/uploads\/2016\/12\/orgullo-gay-bandera-lgtb.jpg","contentUrl":"https:\/\/www.laguiadepamplona.com\/actualidad\/wp-content\/uploads\/2016\/12\/orgullo-gay-bandera-lgtb.jpg","width":860,"height":520,"caption":"lgtbi"},{"@type":"BreadcrumbList","@id":"https:\/\/www.laguiadepamplona.com\/actualidad\/convocadas-las-subvenciones-para-la-realizacion-de-proyectos-que-promuevan-la-igualdad-de-oportunidades-y-la-plena-integracion-social-de-personas-lgtbi\/#breadcrumb","itemListElement":[{"@type":"ListItem","position":1,"name":"Portada","item":"https:\/\/www.laguiadepamplona.com\/actualidad\/"},{"@type":"ListItem","position":2,"name":"Convocadas las subvenciones para la realizaci\u00f3n de proyectos que promuevan la igualdad de oportunidades y la plena integraci\u00f3n social de personas LGTBI"}]},{"@type":"WebSite","@id":"https:\/\/www.laguiadepamplona.com\/actualidad\/#website","url":"https:\/\/www.laguiadepamplona.com\/actualidad\/","name":"La gu\u00eda de Pamplona","description":"Noticias de Pamplona","publisher":{"@id":"https:\/\/www.laguiadepamplona.com\/actualidad\/#organization"},"potentialAction":[{"@type":"SearchAction","target":{"@type":"EntryPoint","urlTemplate":"https:\/\/www.laguiadepamplona.com\/actualidad\/?s={search_term_string}"},"query-input":{"@type":"PropertyValueSpecification","valueRequired":true,"valueName":"search_term_string"}}],"inLanguage":"es"},{"@type":"Organization","@id":"https:\/\/www.laguiadepamplona.com\/actualidad\/#organization","name":"La Gu\u00eda de Pamplona \/ Noticias","url":"https:\/\/www.laguiadepamplona.com\/actualidad\/","logo":{"@type":"ImageObject","inLanguage":"es","@id":"https:\/\/www.laguiadepamplona.com\/actualidad\/#\/schema\/logo\/image\/","url":"https:\/\/www.laguiadepamplona.com\/actualidad\/wp-content\/uploads\/2018\/11\/logo-laguiadepamplona18-web1.png","contentUrl":"https:\/\/www.laguiadepamplona.com\/actualidad\/wp-content\/uploads\/2018\/11\/logo-laguiadepamplona18-web1.png","width":600,"height":196,"caption":"La Gu\u00eda de Pamplona \/ Noticias"},"image":{"@id":"https:\/\/www.laguiadepamplona.com\/actualidad\/#\/schema\/logo\/image\/"},"sameAs":["https:\/\/www.facebook.com\/laguiadepamplonacom-133175176762273\/?ref=hl","https:\/\/x.com\/LaGuiadPamplona","https:\/\/www.instagram.com\/la_guia_de_pamplona\/","https:\/\/www.youtube.com\/user\/laguiadepamplona"]},{"@type":"Person","@id":"https:\/\/www.laguiadepamplona.com\/actualidad\/#\/schema\/person\/efe887376f0213d4657c93adc50b1fdb","name":"La Gu\u00eda de Pamplona","image":{"@type":"ImageObject","inLanguage":"es","@id":"https:\/\/secure.gravatar.com\/avatar\/b6992f131dc8d30ab0dff15446e9d346d9dbd95992de0fef795073f5ea83a81c?s=96&d=mm&r=g","url":"https:\/\/secure.gravatar.com\/avatar\/b6992f131dc8d30ab0dff15446e9d346d9dbd95992de0fef795073f5ea83a81c?s=96&d=mm&r=g","contentUrl":"https:\/\/secure.gravatar.com\/avatar\/b6992f131dc8d30ab0dff15446e9d346d9dbd95992de0fef795073f5ea83a81c?s=96&d=mm&r=g","caption":"La Gu\u00eda de Pamplona"}}]}},"post_mailing_queue_ids":[],"_links":{"self":[{"href":"https:\/\/www.laguiadepamplona.com\/actualidad\/wp-json\/wp\/v2\/posts\/21917","targetHints":{"allow":["GET"]}}],"collection":[{"href":"https:\/\/www.laguiadepamplona.com\/actualidad\/wp-json\/wp\/v2\/posts"}],"about":[{"href":"https:\/\/www.laguiadepamplona.com\/actualidad\/wp-json\/wp\/v2\/types\/post"}],"author":[{"embeddable":true,"href":"https:\/\/www.laguiadepamplona.com\/actualidad\/wp-json\/wp\/v2\/users\/1"}],"replies":[{"embeddable":true,"href":"https:\/\/www.laguiadepamplona.com\/actualidad\/wp-json\/wp\/v2\/comments?post=21917"}],"version-history":[{"count":0,"href":"https:\/\/www.laguiadepamplona.com\/actualidad\/wp-json\/wp\/v2\/posts\/21917\/revisions"}],"wp:featuredmedia":[{"embeddable":true,"href":"https:\/\/www.laguiadepamplona.com\/actualidad\/wp-json\/wp\/v2\/media\/11094"}],"wp:attachment":[{"href":"https:\/\/www.laguiadepamplona.com\/actualidad\/wp-json\/wp\/v2\/media?parent=21917"}],"wp:term":[{"taxonomy":"category","embeddable":true,"href":"https:\/\/www.laguiadepamplona.com\/actualidad\/wp-json\/wp\/v2\/categories?post=21917"},{"taxonomy":"post_tag","embeddable":true,"href":"https:\/\/www.laguiadepamplona.com\/actualidad\/wp-json\/wp\/v2\/tags?post=21917"}],"curies":[{"name":"wp","href":"https:\/\/api.w.org\/{rel}","templated":true}]}}