{"id":21913,"date":"2019-05-06T15:13:13","date_gmt":"2019-05-06T13:13:13","guid":{"rendered":"https:\/\/www.laguiadepamplona.es\/actualidad\/?p=21913"},"modified":"2019-05-06T15:13:13","modified_gmt":"2019-05-06T13:13:13","slug":"el-museo-de-educacion-ambiental-acoge-unas-jornadas-de-debate-y-proyeccion-de-cortometrajes-para-tratar-la-transicion-energetica-en-europa","status":"publish","type":"post","link":"https:\/\/www.laguiadepamplona.com\/actualidad\/el-museo-de-educacion-ambiental-acoge-unas-jornadas-de-debate-y-proyeccion-de-cortometrajes-para-tratar-la-transicion-energetica-en-europa\/","title":{"rendered":"El Museo de Educaci\u00f3n Ambiental acoge unas jornadas de debate y proyecci\u00f3n de cortometrajes para tratar la transici\u00f3n energ\u00e9tica en Europa"},"content":{"rendered":"<p><!--more--><\/p>\n<h3>Las citas ser\u00e1n martes y mi\u00e9rcoles y se organizan en el marco de Ecozine, el festival internacional que celebrar\u00e1 Pamplona del 13 al 16 de mayo<\/h3>\n<p>El Museo de Educaci\u00f3n Ambiental acoge esta semana unas jornadas de debate y proyecci\u00f3n de cortometrajes para tratar la transici\u00f3n energ\u00e9tica en Europa. Las citas ser\u00e1n este martes y mi\u00e9rcoles, a las 18 horas, y se organizan en el marco de Ecozine, el festival internacional de cine y medio ambiente cuya secci\u00f3n oficial se celebrar\u00e1 en Pamplona del 13 al 16 de mayo. La participaci\u00f3n en estas jornadas es libre.<\/p>\n<p>En concreto, las jornadas est\u00e1n organizadas por la Asociaci\u00f3n Ecozine, coorganizado con el Institut Fran\u00e7ais de Zaragoza y la Temporada Cultural del Institut Fran\u00e7ais (TIFE). El objetivo es poner sobre la mesa c\u00f3mo se est\u00e1 llevando a cabo la transici\u00f3n energ\u00e9tica en diferentes pa\u00edses de Europa, bien a partir de del debate bien a partir de producciones audiovisuales.<\/p>\n<p>El martes 7 de mayo tendr\u00e1 lugar la mesa de debate \u2018Europa frente a los retos de la transici\u00f3n energ\u00e9tica\u2019. Contar\u00e1 con la participaci\u00f3n de los expertos Eric Vidalenc (Francia), Daniel Pavlic (Croacia) y Joel Dozzi en representaci\u00f3n del Ayuntamiento de Pamplona. Tras una breve presentaci\u00f3n de la situaci\u00f3n de cada pa\u00eds en el tema energ\u00e9tico, se realizar\u00e1 un debate posterior, donde se atender\u00e1n a las preguntas del p\u00fablico.<\/p>\n<p>El mi\u00e9rcoles 8 de mayo a partir de las 18 horas tendr\u00e1 lugar una proyecci\u00f3n de cortometrajes europeos de la GreenFilm Network, la Red de festivales de tem\u00e1tica ambiental. A trav\u00e9s de diferentes trabajos, se realizar\u00e1 una presentaci\u00f3n de experiencias y proyectos sobre transici\u00f3n como \u201cAlter Nativas\u201d y \u201cCarr\u00edcola, pueblo en transici\u00f3n\u201d. Ser\u00e1n 7 cortometrajes, de origen franc\u00e9s, austriaco, portuguesa, espa\u00f1ola o croata que hablan desde el impacto de la extracci\u00f3n de lignito hasta los efectos transfronterizos del uso de la energ\u00eda.<\/p>\n<p><strong>Curr\u00edculos de los expertos<\/strong><\/p>\n<p>Eric Vidalenc es un especialista en temas energ\u00e9ticos. Autor de art\u00edculos especializados y p\u00fablicos sobre temas energ\u00e9ticos, colabora con Alternatives Economiques. Interviene puntualmente en temas econ\u00f3micos y energ\u00e9ticos en varias instituciones de educaci\u00f3n superior (Universidad Par\u00eds Pante\u00f3n Sorbona, Nantes, Saint Quentin en Yvelines, Master DD HEC &#8230;) y como experto de la Agencia Nacional de Investigaci\u00f3n (Proyectos gen\u00e9ricos 2015) y la Comisi\u00f3n Europea (Horizonte 2020). Actualmente, es responsable de la divisi\u00f3n de Ciudades y Energ\u00eda Sostenibles de la Oficina Regional de la Agencia de Gesti\u00f3n de Energ\u00eda y Medio Ambiente de Francia (ADEME).<\/p>\n<p>Daniel Pavlic es activista, dise\u00f1ador, periodista y cineasta, nacido en 1974 en Sisak (Croacia). Como activista de la asociaci\u00f3n no gubernamental KAOS &#8211; Escena alternativa de Kostajnicki-\u00a0 ha revitalizado la vida cultural, ecol\u00f3gica y social de la ciudad a orillas del r\u00edo Una. Conocido por sus actitudes antinucleares, fue pionero en Croacia en iniciar actividades contra los desechos nucleares en la regi\u00f3n de Trgovskoj.\u00a0 Actualmente trabaja en el Sal\u00f3n de la Cultura\u00a0en Sisak, como cineasta,\u00a0y dirige la escena Ecol\u00f3gica y Cultural en Kostajnica. Organiza el festival de cine PRESS, SEFF &#8211; Emerald eco film festival (festival de cine en bici para la protecci\u00f3n del medio ambiente) y el documental Fibula en Sisak. Describi\u00f3 el trabajo de activistas en comunidades locales en el libro La historia del valle Smaragdne.<\/p>\n<p>Joel Dozzi es el actual Director del Servicio de Energ\u00eda Verde del Ayuntamiento de Pamplona. De nacionalidad francesa vive hace a\u00f1os en Pamplona. Bi\u00f3logo de formaci\u00f3n, ha trabajado en el desarrollo de medidas medioambientales a nivel local, la evaluaci\u00f3n de pol\u00edticas medioambientales o la gesti\u00f3n de proyectos europeos de medioambiente. El Servicio de Energ\u00eda Verde que lidera actualmente ha puesto en marcha la operadora energ\u00e9tica, y lleva a cabo la gesti\u00f3n de producci\u00f3n de energ\u00eda fotovoltaica de los edificios municipales.<\/p>\n","protected":false},"excerpt":{"rendered":"","protected":false},"author":1,"featured_media":11071,"comment_status":"open","ping_status":"closed","sticky":false,"template":"","format":"standard","meta":{"footnotes":""},"categories":[2],"tags":[],"class_list":["post-21913","post","type-post","status-publish","format-standard","has-post-thumbnail","hentry","category-ayuntamiento-pamplona"],"yoast_head":"<!-- This site is optimized with the Yoast SEO plugin v27.5 - https:\/\/yoast.com\/product\/yoast-seo-wordpress\/ -->\n<title>El Museo de Educaci\u00f3n Ambiental acoge unas jornadas de debate y proyecci\u00f3n de cortometrajes para tratar la transici\u00f3n energ\u00e9tica en Europa<\/title>\n<meta name=\"robots\" content=\"index, follow, max-snippet:-1, max-image-preview:large, max-video-preview:-1\" \/>\n<link rel=\"canonical\" href=\"https:\/\/www.laguiadepamplona.com\/actualidad\/el-museo-de-educacion-ambiental-acoge-unas-jornadas-de-debate-y-proyeccion-de-cortometrajes-para-tratar-la-transicion-energetica-en-europa\/\" \/>\n<meta property=\"og:locale\" content=\"es_ES\" \/>\n<meta property=\"og:type\" content=\"article\" \/>\n<meta property=\"og:title\" content=\"El Museo de Educaci\u00f3n Ambiental acoge unas jornadas de debate y proyecci\u00f3n de cortometrajes para tratar la transici\u00f3n energ\u00e9tica en Europa\" \/>\n<meta property=\"og:url\" content=\"https:\/\/www.laguiadepamplona.com\/actualidad\/el-museo-de-educacion-ambiental-acoge-unas-jornadas-de-debate-y-proyeccion-de-cortometrajes-para-tratar-la-transicion-energetica-en-europa\/\" \/>\n<meta property=\"og:site_name\" content=\"La Gu\u00eda de Pamplona\" \/>\n<meta property=\"article:publisher\" content=\"https:\/\/www.facebook.com\/laguiadepamplonacom-133175176762273\/?ref=hl\" \/>\n<meta property=\"article:published_time\" content=\"2019-05-06T13:13:13+00:00\" \/>\n<meta property=\"og:image\" content=\"https:\/\/www.laguiadepamplona.com\/actualidad\/wp-content\/uploads\/2016\/12\/Museo-Educacion-Ambiental-Pamplona.jpg\" \/>\n\t<meta property=\"og:image:width\" content=\"627\" \/>\n\t<meta property=\"og:image:height\" content=\"352\" \/>\n\t<meta property=\"og:image:type\" content=\"image\/jpeg\" \/>\n<meta name=\"author\" content=\"La Gu\u00eda de Pamplona\" \/>\n<meta name=\"twitter:card\" content=\"summary_large_image\" \/>\n<meta name=\"twitter:creator\" content=\"@LaGuiadPamplona\" \/>\n<meta name=\"twitter:site\" content=\"@LaGuiadPamplona\" \/>\n<meta name=\"twitter:label1\" content=\"Escrito por\" \/>\n\t<meta name=\"twitter:data1\" content=\"La Gu\u00eda de Pamplona\" \/>\n\t<meta name=\"twitter:label2\" content=\"Tiempo de lectura\" \/>\n\t<meta name=\"twitter:data2\" content=\"3 minutos\" \/>\n<script type=\"application\/ld+json\" class=\"yoast-schema-graph\">{\"@context\":\"https:\\\/\\\/schema.org\",\"@graph\":[{\"@type\":\"Article\",\"@id\":\"https:\\\/\\\/www.laguiadepamplona.com\\\/actualidad\\\/el-museo-de-educacion-ambiental-acoge-unas-jornadas-de-debate-y-proyeccion-de-cortometrajes-para-tratar-la-transicion-energetica-en-europa\\\/#article\",\"isPartOf\":{\"@id\":\"https:\\\/\\\/www.laguiadepamplona.com\\\/actualidad\\\/el-museo-de-educacion-ambiental-acoge-unas-jornadas-de-debate-y-proyeccion-de-cortometrajes-para-tratar-la-transicion-energetica-en-europa\\\/\"},\"author\":{\"name\":\"La Gu\u00eda de Pamplona\",\"@id\":\"https:\\\/\\\/www.laguiadepamplona.com\\\/actualidad\\\/#\\\/schema\\\/person\\\/efe887376f0213d4657c93adc50b1fdb\"},\"headline\":\"El Museo de Educaci\u00f3n Ambiental acoge unas jornadas de debate y proyecci\u00f3n de cortometrajes para tratar la transici\u00f3n energ\u00e9tica en Europa\",\"datePublished\":\"2019-05-06T13:13:13+00:00\",\"mainEntityOfPage\":{\"@id\":\"https:\\\/\\\/www.laguiadepamplona.com\\\/actualidad\\\/el-museo-de-educacion-ambiental-acoge-unas-jornadas-de-debate-y-proyeccion-de-cortometrajes-para-tratar-la-transicion-energetica-en-europa\\\/\"},\"wordCount\":702,\"commentCount\":0,\"publisher\":{\"@id\":\"https:\\\/\\\/www.laguiadepamplona.com\\\/actualidad\\\/#organization\"},\"image\":{\"@id\":\"https:\\\/\\\/www.laguiadepamplona.com\\\/actualidad\\\/el-museo-de-educacion-ambiental-acoge-unas-jornadas-de-debate-y-proyeccion-de-cortometrajes-para-tratar-la-transicion-energetica-en-europa\\\/#primaryimage\"},\"thumbnailUrl\":\"https:\\\/\\\/www.laguiadepamplona.com\\\/actualidad\\\/wp-content\\\/uploads\\\/2016\\\/12\\\/Museo-Educacion-Ambiental-Pamplona.jpg\",\"articleSection\":[\"Ayto Pamplona\"],\"inLanguage\":\"es\",\"potentialAction\":[{\"@type\":\"CommentAction\",\"name\":\"Comment\",\"target\":[\"https:\\\/\\\/www.laguiadepamplona.com\\\/actualidad\\\/el-museo-de-educacion-ambiental-acoge-unas-jornadas-de-debate-y-proyeccion-de-cortometrajes-para-tratar-la-transicion-energetica-en-europa\\\/#respond\"]}]},{\"@type\":\"WebPage\",\"@id\":\"https:\\\/\\\/www.laguiadepamplona.com\\\/actualidad\\\/el-museo-de-educacion-ambiental-acoge-unas-jornadas-de-debate-y-proyeccion-de-cortometrajes-para-tratar-la-transicion-energetica-en-europa\\\/\",\"url\":\"https:\\\/\\\/www.laguiadepamplona.com\\\/actualidad\\\/el-museo-de-educacion-ambiental-acoge-unas-jornadas-de-debate-y-proyeccion-de-cortometrajes-para-tratar-la-transicion-energetica-en-europa\\\/\",\"name\":\"El Museo de Educaci\u00f3n Ambiental acoge unas jornadas de debate y proyecci\u00f3n de cortometrajes para tratar la transici\u00f3n energ\u00e9tica en Europa\",\"isPartOf\":{\"@id\":\"https:\\\/\\\/www.laguiadepamplona.com\\\/actualidad\\\/#website\"},\"primaryImageOfPage\":{\"@id\":\"https:\\\/\\\/www.laguiadepamplona.com\\\/actualidad\\\/el-museo-de-educacion-ambiental-acoge-unas-jornadas-de-debate-y-proyeccion-de-cortometrajes-para-tratar-la-transicion-energetica-en-europa\\\/#primaryimage\"},\"image\":{\"@id\":\"https:\\\/\\\/www.laguiadepamplona.com\\\/actualidad\\\/el-museo-de-educacion-ambiental-acoge-unas-jornadas-de-debate-y-proyeccion-de-cortometrajes-para-tratar-la-transicion-energetica-en-europa\\\/#primaryimage\"},\"thumbnailUrl\":\"https:\\\/\\\/www.laguiadepamplona.com\\\/actualidad\\\/wp-content\\\/uploads\\\/2016\\\/12\\\/Museo-Educacion-Ambiental-Pamplona.jpg\",\"datePublished\":\"2019-05-06T13:13:13+00:00\",\"breadcrumb\":{\"@id\":\"https:\\\/\\\/www.laguiadepamplona.com\\\/actualidad\\\/el-museo-de-educacion-ambiental-acoge-unas-jornadas-de-debate-y-proyeccion-de-cortometrajes-para-tratar-la-transicion-energetica-en-europa\\\/#breadcrumb\"},\"inLanguage\":\"es\",\"potentialAction\":[{\"@type\":\"ReadAction\",\"target\":[\"https:\\\/\\\/www.laguiadepamplona.com\\\/actualidad\\\/el-museo-de-educacion-ambiental-acoge-unas-jornadas-de-debate-y-proyeccion-de-cortometrajes-para-tratar-la-transicion-energetica-en-europa\\\/\"]}]},{\"@type\":\"ImageObject\",\"inLanguage\":\"es\",\"@id\":\"https:\\\/\\\/www.laguiadepamplona.com\\\/actualidad\\\/el-museo-de-educacion-ambiental-acoge-unas-jornadas-de-debate-y-proyeccion-de-cortometrajes-para-tratar-la-transicion-energetica-en-europa\\\/#primaryimage\",\"url\":\"https:\\\/\\\/www.laguiadepamplona.com\\\/actualidad\\\/wp-content\\\/uploads\\\/2016\\\/12\\\/Museo-Educacion-Ambiental-Pamplona.jpg\",\"contentUrl\":\"https:\\\/\\\/www.laguiadepamplona.com\\\/actualidad\\\/wp-content\\\/uploads\\\/2016\\\/12\\\/Museo-Educacion-Ambiental-Pamplona.jpg\",\"width\":627,\"height\":352},{\"@type\":\"BreadcrumbList\",\"@id\":\"https:\\\/\\\/www.laguiadepamplona.com\\\/actualidad\\\/el-museo-de-educacion-ambiental-acoge-unas-jornadas-de-debate-y-proyeccion-de-cortometrajes-para-tratar-la-transicion-energetica-en-europa\\\/#breadcrumb\",\"itemListElement\":[{\"@type\":\"ListItem\",\"position\":1,\"name\":\"Portada\",\"item\":\"https:\\\/\\\/www.laguiadepamplona.com\\\/actualidad\\\/\"},{\"@type\":\"ListItem\",\"position\":2,\"name\":\"El Museo de Educaci\u00f3n Ambiental acoge unas jornadas de debate y proyecci\u00f3n de cortometrajes para tratar la transici\u00f3n energ\u00e9tica en Europa\"}]},{\"@type\":\"WebSite\",\"@id\":\"https:\\\/\\\/www.laguiadepamplona.com\\\/actualidad\\\/#website\",\"url\":\"https:\\\/\\\/www.laguiadepamplona.com\\\/actualidad\\\/\",\"name\":\"La gu\u00eda de Pamplona\",\"description\":\"Noticias de Pamplona\",\"publisher\":{\"@id\":\"https:\\\/\\\/www.laguiadepamplona.com\\\/actualidad\\\/#organization\"},\"potentialAction\":[{\"@type\":\"SearchAction\",\"target\":{\"@type\":\"EntryPoint\",\"urlTemplate\":\"https:\\\/\\\/www.laguiadepamplona.com\\\/actualidad\\\/?s={search_term_string}\"},\"query-input\":{\"@type\":\"PropertyValueSpecification\",\"valueRequired\":true,\"valueName\":\"search_term_string\"}}],\"inLanguage\":\"es\"},{\"@type\":\"Organization\",\"@id\":\"https:\\\/\\\/www.laguiadepamplona.com\\\/actualidad\\\/#organization\",\"name\":\"La Gu\u00eda de Pamplona \\\/ Noticias\",\"url\":\"https:\\\/\\\/www.laguiadepamplona.com\\\/actualidad\\\/\",\"logo\":{\"@type\":\"ImageObject\",\"inLanguage\":\"es\",\"@id\":\"https:\\\/\\\/www.laguiadepamplona.com\\\/actualidad\\\/#\\\/schema\\\/logo\\\/image\\\/\",\"url\":\"https:\\\/\\\/www.laguiadepamplona.com\\\/actualidad\\\/wp-content\\\/uploads\\\/2018\\\/11\\\/logo-laguiadepamplona18-web1.png\",\"contentUrl\":\"https:\\\/\\\/www.laguiadepamplona.com\\\/actualidad\\\/wp-content\\\/uploads\\\/2018\\\/11\\\/logo-laguiadepamplona18-web1.png\",\"width\":600,\"height\":196,\"caption\":\"La Gu\u00eda de Pamplona \\\/ Noticias\"},\"image\":{\"@id\":\"https:\\\/\\\/www.laguiadepamplona.com\\\/actualidad\\\/#\\\/schema\\\/logo\\\/image\\\/\"},\"sameAs\":[\"https:\\\/\\\/www.facebook.com\\\/laguiadepamplonacom-133175176762273\\\/?ref=hl\",\"https:\\\/\\\/x.com\\\/LaGuiadPamplona\",\"https:\\\/\\\/www.instagram.com\\\/la_guia_de_pamplona\\\/\",\"https:\\\/\\\/www.youtube.com\\\/user\\\/laguiadepamplona\"]},{\"@type\":\"Person\",\"@id\":\"https:\\\/\\\/www.laguiadepamplona.com\\\/actualidad\\\/#\\\/schema\\\/person\\\/efe887376f0213d4657c93adc50b1fdb\",\"name\":\"La Gu\u00eda de Pamplona\",\"image\":{\"@type\":\"ImageObject\",\"inLanguage\":\"es\",\"@id\":\"https:\\\/\\\/secure.gravatar.com\\\/avatar\\\/b6992f131dc8d30ab0dff15446e9d346d9dbd95992de0fef795073f5ea83a81c?s=96&d=mm&r=g\",\"url\":\"https:\\\/\\\/secure.gravatar.com\\\/avatar\\\/b6992f131dc8d30ab0dff15446e9d346d9dbd95992de0fef795073f5ea83a81c?s=96&d=mm&r=g\",\"contentUrl\":\"https:\\\/\\\/secure.gravatar.com\\\/avatar\\\/b6992f131dc8d30ab0dff15446e9d346d9dbd95992de0fef795073f5ea83a81c?s=96&d=mm&r=g\",\"caption\":\"La Gu\u00eda de Pamplona\"}}]}<\/script>\n<!-- \/ Yoast SEO plugin. -->","yoast_head_json":{"title":"El Museo de Educaci\u00f3n Ambiental acoge unas jornadas de debate y proyecci\u00f3n de cortometrajes para tratar la transici\u00f3n energ\u00e9tica en Europa","robots":{"index":"index","follow":"follow","max-snippet":"max-snippet:-1","max-image-preview":"max-image-preview:large","max-video-preview":"max-video-preview:-1"},"canonical":"https:\/\/www.laguiadepamplona.com\/actualidad\/el-museo-de-educacion-ambiental-acoge-unas-jornadas-de-debate-y-proyeccion-de-cortometrajes-para-tratar-la-transicion-energetica-en-europa\/","og_locale":"es_ES","og_type":"article","og_title":"El Museo de Educaci\u00f3n Ambiental acoge unas jornadas de debate y proyecci\u00f3n de cortometrajes para tratar la transici\u00f3n energ\u00e9tica en Europa","og_url":"https:\/\/www.laguiadepamplona.com\/actualidad\/el-museo-de-educacion-ambiental-acoge-unas-jornadas-de-debate-y-proyeccion-de-cortometrajes-para-tratar-la-transicion-energetica-en-europa\/","og_site_name":"La Gu\u00eda de Pamplona","article_publisher":"https:\/\/www.facebook.com\/laguiadepamplonacom-133175176762273\/?ref=hl","article_published_time":"2019-05-06T13:13:13+00:00","og_image":[{"width":627,"height":352,"url":"https:\/\/www.laguiadepamplona.com\/actualidad\/wp-content\/uploads\/2016\/12\/Museo-Educacion-Ambiental-Pamplona.jpg","type":"image\/jpeg"}],"author":"La Gu\u00eda de Pamplona","twitter_card":"summary_large_image","twitter_creator":"@LaGuiadPamplona","twitter_site":"@LaGuiadPamplona","twitter_misc":{"Escrito por":"La Gu\u00eda de Pamplona","Tiempo de lectura":"3 minutos"},"schema":{"@context":"https:\/\/schema.org","@graph":[{"@type":"Article","@id":"https:\/\/www.laguiadepamplona.com\/actualidad\/el-museo-de-educacion-ambiental-acoge-unas-jornadas-de-debate-y-proyeccion-de-cortometrajes-para-tratar-la-transicion-energetica-en-europa\/#article","isPartOf":{"@id":"https:\/\/www.laguiadepamplona.com\/actualidad\/el-museo-de-educacion-ambiental-acoge-unas-jornadas-de-debate-y-proyeccion-de-cortometrajes-para-tratar-la-transicion-energetica-en-europa\/"},"author":{"name":"La Gu\u00eda de Pamplona","@id":"https:\/\/www.laguiadepamplona.com\/actualidad\/#\/schema\/person\/efe887376f0213d4657c93adc50b1fdb"},"headline":"El Museo de Educaci\u00f3n Ambiental acoge unas jornadas de debate y proyecci\u00f3n de cortometrajes para tratar la transici\u00f3n energ\u00e9tica en Europa","datePublished":"2019-05-06T13:13:13+00:00","mainEntityOfPage":{"@id":"https:\/\/www.laguiadepamplona.com\/actualidad\/el-museo-de-educacion-ambiental-acoge-unas-jornadas-de-debate-y-proyeccion-de-cortometrajes-para-tratar-la-transicion-energetica-en-europa\/"},"wordCount":702,"commentCount":0,"publisher":{"@id":"https:\/\/www.laguiadepamplona.com\/actualidad\/#organization"},"image":{"@id":"https:\/\/www.laguiadepamplona.com\/actualidad\/el-museo-de-educacion-ambiental-acoge-unas-jornadas-de-debate-y-proyeccion-de-cortometrajes-para-tratar-la-transicion-energetica-en-europa\/#primaryimage"},"thumbnailUrl":"https:\/\/www.laguiadepamplona.com\/actualidad\/wp-content\/uploads\/2016\/12\/Museo-Educacion-Ambiental-Pamplona.jpg","articleSection":["Ayto Pamplona"],"inLanguage":"es","potentialAction":[{"@type":"CommentAction","name":"Comment","target":["https:\/\/www.laguiadepamplona.com\/actualidad\/el-museo-de-educacion-ambiental-acoge-unas-jornadas-de-debate-y-proyeccion-de-cortometrajes-para-tratar-la-transicion-energetica-en-europa\/#respond"]}]},{"@type":"WebPage","@id":"https:\/\/www.laguiadepamplona.com\/actualidad\/el-museo-de-educacion-ambiental-acoge-unas-jornadas-de-debate-y-proyeccion-de-cortometrajes-para-tratar-la-transicion-energetica-en-europa\/","url":"https:\/\/www.laguiadepamplona.com\/actualidad\/el-museo-de-educacion-ambiental-acoge-unas-jornadas-de-debate-y-proyeccion-de-cortometrajes-para-tratar-la-transicion-energetica-en-europa\/","name":"El Museo de Educaci\u00f3n Ambiental acoge unas jornadas de debate y proyecci\u00f3n de cortometrajes para tratar la transici\u00f3n energ\u00e9tica en Europa","isPartOf":{"@id":"https:\/\/www.laguiadepamplona.com\/actualidad\/#website"},"primaryImageOfPage":{"@id":"https:\/\/www.laguiadepamplona.com\/actualidad\/el-museo-de-educacion-ambiental-acoge-unas-jornadas-de-debate-y-proyeccion-de-cortometrajes-para-tratar-la-transicion-energetica-en-europa\/#primaryimage"},"image":{"@id":"https:\/\/www.laguiadepamplona.com\/actualidad\/el-museo-de-educacion-ambiental-acoge-unas-jornadas-de-debate-y-proyeccion-de-cortometrajes-para-tratar-la-transicion-energetica-en-europa\/#primaryimage"},"thumbnailUrl":"https:\/\/www.laguiadepamplona.com\/actualidad\/wp-content\/uploads\/2016\/12\/Museo-Educacion-Ambiental-Pamplona.jpg","datePublished":"2019-05-06T13:13:13+00:00","breadcrumb":{"@id":"https:\/\/www.laguiadepamplona.com\/actualidad\/el-museo-de-educacion-ambiental-acoge-unas-jornadas-de-debate-y-proyeccion-de-cortometrajes-para-tratar-la-transicion-energetica-en-europa\/#breadcrumb"},"inLanguage":"es","potentialAction":[{"@type":"ReadAction","target":["https:\/\/www.laguiadepamplona.com\/actualidad\/el-museo-de-educacion-ambiental-acoge-unas-jornadas-de-debate-y-proyeccion-de-cortometrajes-para-tratar-la-transicion-energetica-en-europa\/"]}]},{"@type":"ImageObject","inLanguage":"es","@id":"https:\/\/www.laguiadepamplona.com\/actualidad\/el-museo-de-educacion-ambiental-acoge-unas-jornadas-de-debate-y-proyeccion-de-cortometrajes-para-tratar-la-transicion-energetica-en-europa\/#primaryimage","url":"https:\/\/www.laguiadepamplona.com\/actualidad\/wp-content\/uploads\/2016\/12\/Museo-Educacion-Ambiental-Pamplona.jpg","contentUrl":"https:\/\/www.laguiadepamplona.com\/actualidad\/wp-content\/uploads\/2016\/12\/Museo-Educacion-Ambiental-Pamplona.jpg","width":627,"height":352},{"@type":"BreadcrumbList","@id":"https:\/\/www.laguiadepamplona.com\/actualidad\/el-museo-de-educacion-ambiental-acoge-unas-jornadas-de-debate-y-proyeccion-de-cortometrajes-para-tratar-la-transicion-energetica-en-europa\/#breadcrumb","itemListElement":[{"@type":"ListItem","position":1,"name":"Portada","item":"https:\/\/www.laguiadepamplona.com\/actualidad\/"},{"@type":"ListItem","position":2,"name":"El Museo de Educaci\u00f3n Ambiental acoge unas jornadas de debate y proyecci\u00f3n de cortometrajes para tratar la transici\u00f3n energ\u00e9tica en Europa"}]},{"@type":"WebSite","@id":"https:\/\/www.laguiadepamplona.com\/actualidad\/#website","url":"https:\/\/www.laguiadepamplona.com\/actualidad\/","name":"La gu\u00eda de Pamplona","description":"Noticias de Pamplona","publisher":{"@id":"https:\/\/www.laguiadepamplona.com\/actualidad\/#organization"},"potentialAction":[{"@type":"SearchAction","target":{"@type":"EntryPoint","urlTemplate":"https:\/\/www.laguiadepamplona.com\/actualidad\/?s={search_term_string}"},"query-input":{"@type":"PropertyValueSpecification","valueRequired":true,"valueName":"search_term_string"}}],"inLanguage":"es"},{"@type":"Organization","@id":"https:\/\/www.laguiadepamplona.com\/actualidad\/#organization","name":"La Gu\u00eda de Pamplona \/ Noticias","url":"https:\/\/www.laguiadepamplona.com\/actualidad\/","logo":{"@type":"ImageObject","inLanguage":"es","@id":"https:\/\/www.laguiadepamplona.com\/actualidad\/#\/schema\/logo\/image\/","url":"https:\/\/www.laguiadepamplona.com\/actualidad\/wp-content\/uploads\/2018\/11\/logo-laguiadepamplona18-web1.png","contentUrl":"https:\/\/www.laguiadepamplona.com\/actualidad\/wp-content\/uploads\/2018\/11\/logo-laguiadepamplona18-web1.png","width":600,"height":196,"caption":"La Gu\u00eda de Pamplona \/ Noticias"},"image":{"@id":"https:\/\/www.laguiadepamplona.com\/actualidad\/#\/schema\/logo\/image\/"},"sameAs":["https:\/\/www.facebook.com\/laguiadepamplonacom-133175176762273\/?ref=hl","https:\/\/x.com\/LaGuiadPamplona","https:\/\/www.instagram.com\/la_guia_de_pamplona\/","https:\/\/www.youtube.com\/user\/laguiadepamplona"]},{"@type":"Person","@id":"https:\/\/www.laguiadepamplona.com\/actualidad\/#\/schema\/person\/efe887376f0213d4657c93adc50b1fdb","name":"La Gu\u00eda de Pamplona","image":{"@type":"ImageObject","inLanguage":"es","@id":"https:\/\/secure.gravatar.com\/avatar\/b6992f131dc8d30ab0dff15446e9d346d9dbd95992de0fef795073f5ea83a81c?s=96&d=mm&r=g","url":"https:\/\/secure.gravatar.com\/avatar\/b6992f131dc8d30ab0dff15446e9d346d9dbd95992de0fef795073f5ea83a81c?s=96&d=mm&r=g","contentUrl":"https:\/\/secure.gravatar.com\/avatar\/b6992f131dc8d30ab0dff15446e9d346d9dbd95992de0fef795073f5ea83a81c?s=96&d=mm&r=g","caption":"La Gu\u00eda de Pamplona"}}]}},"post_mailing_queue_ids":[],"_links":{"self":[{"href":"https:\/\/www.laguiadepamplona.com\/actualidad\/wp-json\/wp\/v2\/posts\/21913","targetHints":{"allow":["GET"]}}],"collection":[{"href":"https:\/\/www.laguiadepamplona.com\/actualidad\/wp-json\/wp\/v2\/posts"}],"about":[{"href":"https:\/\/www.laguiadepamplona.com\/actualidad\/wp-json\/wp\/v2\/types\/post"}],"author":[{"embeddable":true,"href":"https:\/\/www.laguiadepamplona.com\/actualidad\/wp-json\/wp\/v2\/users\/1"}],"replies":[{"embeddable":true,"href":"https:\/\/www.laguiadepamplona.com\/actualidad\/wp-json\/wp\/v2\/comments?post=21913"}],"version-history":[{"count":0,"href":"https:\/\/www.laguiadepamplona.com\/actualidad\/wp-json\/wp\/v2\/posts\/21913\/revisions"}],"wp:featuredmedia":[{"embeddable":true,"href":"https:\/\/www.laguiadepamplona.com\/actualidad\/wp-json\/wp\/v2\/media\/11071"}],"wp:attachment":[{"href":"https:\/\/www.laguiadepamplona.com\/actualidad\/wp-json\/wp\/v2\/media?parent=21913"}],"wp:term":[{"taxonomy":"category","embeddable":true,"href":"https:\/\/www.laguiadepamplona.com\/actualidad\/wp-json\/wp\/v2\/categories?post=21913"},{"taxonomy":"post_tag","embeddable":true,"href":"https:\/\/www.laguiadepamplona.com\/actualidad\/wp-json\/wp\/v2\/tags?post=21913"}],"curies":[{"name":"wp","href":"https:\/\/api.w.org\/{rel}","templated":true}]}}