{"id":21908,"date":"2019-05-06T15:12:21","date_gmt":"2019-05-06T13:12:21","guid":{"rendered":"https:\/\/www.laguiadepamplona.es\/actualidad\/?p=21908"},"modified":"2019-05-06T15:12:21","modified_gmt":"2019-05-06T13:12:21","slug":"pamplona-correra-el-2-de-junio-para-recaudar-fondos-contra-el-cancer","status":"publish","type":"post","link":"https:\/\/www.laguiadepamplona.com\/actualidad\/pamplona-correra-el-2-de-junio-para-recaudar-fondos-contra-el-cancer\/","title":{"rendered":"Pamplona correr\u00e1 el 2 de junio para recaudar fondos contra el c\u00e1ncer"},"content":{"rendered":"<p><!--more--><\/p>\n<h3>Hoy se abren las inscripciones para participar en la VI edici\u00f3n de esta Marcha solidaria, organizada por la Asociaci\u00f3n Espa\u00f1ola contra el C\u00e1ncer en Navarra<\/h3>\n<p>Pamplona correr\u00e1 el pr\u00f3ximo domingo 2 de junio para recaudar fondos para la lucha contra el c\u00e1ncer. Se trata de la VI edici\u00f3n de esta marcha solidaria, una cita anual convocada por la Asociaci\u00f3n Espa\u00f1ola Contra el C\u00e1ncer en Navarra (AECC) para hacer part\u00edcipe a la ciudadan\u00eda de una carrera popular que recorrer\u00e1 el centro de Pamplona hasta sumar 5 kil\u00f3metros, con salida en la Ciudadela y final en el Paseo de Sarasate. Esta prueba, abierta a todos, tiene un car\u00e1cter l\u00fadico-deportivo y no competitivo.<\/p>\n<p>Esta ma\u00f1ana ha presentado la concejala delegada de Desarrollo Comunitario, Esther Cremaes, y el presidente de AECC en Navarra, Francisco Arasanz, acompa\u00f1ados por la directora territorial de Caixabank en Navarra, Ana Diez, y el presidente de la Fundaci\u00f3n Caja Navarra, Javier Miranda. En el acto estaban presentes tambi\u00e9n algunas de las empresas patrocinadores que hacen posible la marcha y las actividades familiares que se realizar\u00e1n en el punto de llegada.<\/p>\n<p>Corredores y colectivos o personas solidarias que quieran contribuir con un dorsal, aunque no lleguen a pisar el recorrido, pueden solicitar desde hoy la inscripci\u00f3n en la VI Marcha a trav\u00e9s de Internet en <a href=\"http:\/\/www.rockthesport.com\" target=\"_blank\" rel=\"noopener noreferrer\">www.rockthesport.com<\/a>. Adem\u00e1s, desde el lunes 20 de mayo hasta las 14 horas del 1 de junio se podr\u00e1 realizar la inscripci\u00f3n presencial en la planta de deportes de El Corte Ingl\u00e9s en horario comercial. El precio por inscripci\u00f3n ser\u00e1 de 6 euros.<\/p>\n<p>Esta cita destinar\u00e1 \u00edntegramente los recursos obtenidos a la investigaci\u00f3n sobre el c\u00e1ncer, eje clave para luchar contra esta enfermedad. Navarra registra cada a\u00f1o alrededor de 3.400 nuevos casos de\u00a0c\u00e1ncer invasivo\u00a0entre su poblaci\u00f3n, excluyendo los c\u00e1nceres de piel no melanoma. El 59% de los nuevos diagn\u00f3sticos se da en hombres, con una edad media de 68 a\u00f1os, y el 41% en mujeres, con una edad media de 66. El\u00a0c\u00e1ncer de pulm\u00f3n\u00a0es en la Comunidad foral la primera causa de muerte prematura, es decir, antes de los 75 a\u00f1os. Seg\u00fan los datos de Salud, la incidencia de c\u00e1ncer en Navarra es similar a la estimada en Espa\u00f1a, de 341 casos por 100.000 habitantes en hombres y 208 casos por 100.000 habitantes en mujeres. En 2017 fallecieron en Navarra 1.586 personas por c\u00e1ncer, de las cuales el 61% eran hombres.<\/p>\n<p>Seg\u00fan ha se\u00f1alado Francisco Arasanz, con las marchas de Pamplona y Tudela la AECC de Navarra obtuvo en 2018 69.500 euros para investigaci\u00f3n, tanto de participantes en las marchas como de empresas. Gracias a este proyecto y a otras acciones organizadas por la AECC o por terceros, la AECC de Navarra pudo financiar el segundo a\u00f1o un proyecto de investigaci\u00f3n del doctor David Escors en Navarrabiomed (el proyecto es de 300.000 euros a tres a\u00f1os) y dos becas predoctorales. Para 2019, la AECC de Navarra tiene previsto destinar m\u00e1s de 200.000 euros para continuar con estos y otros proyectos, y la marcha de Pamplona es importante para alcanzar este objetivo.<\/p>\n<p><strong>Novedad: dorsales para empresas<\/strong><\/p>\n<p>La VI Marcha solidaria por la investigaci\u00f3n contra el c\u00e1ncer comenzar\u00e1 a las 11 de la ma\u00f1ana del domingo 2 de junio, con la Ciudadela como punto de partida. Los deportistas y corredores ser\u00e1n los primeros en tomar la salida, seguidos del resto de participantes que podr\u00e1n realizar, cada uno a su ritmo, los cinco kil\u00f3metros de recorrido por buena parte del Casco Antiguo en un itinerario que les llevar\u00e1 por Taconera, Mayor, plaza del Consistorial, Estafeta, Duque de Ahumada, plaza del Castillo y Paseo de Sarasate.<\/p>\n<p>Responsables del club Hiru Herri de Burlada actuar\u00e1n como directores t\u00e9cnicos de la prueba y voluntarios de Asvona y Cruz Roja ayudar\u00e1n en el desarrollo de la marcha y atendr\u00e1n sus incidencias, contando con servicio de ambulancia como precauci\u00f3n. La prueba acabar\u00e1 con actividades para todos los p\u00fablicos en el Paseo de Sarasate.<\/p>\n<p>Este a\u00f1o, como novedad, las empresas pueden comprar dorsales para sus empleados y el d\u00eda de la marcha se entregar\u00e1 un diploma a aquellas empresas que inscriban un m\u00ednimo de 50 trabajadores.<\/p>\n<p>Pese a su car\u00e1cter no competitivo, como todos los a\u00f1os s\u00ed que habr\u00e1 premios. La colaboraci\u00f3n de m\u00e1s de treinta asociaciones, organismos y empresas har\u00e1 posible que al menos 300 de los participantes puedan recoger tantos regalos y premios al finalizar la marcha otros, todos ellos de muy distinto uso y valor, pero en todo caso solidarios. Y es que se trata de donaciones desinteresadas de compa\u00f1\u00edas y colectivos colaboradores que se adjudicar\u00e1n mediante sorteo entre los n\u00fameros de dorsal. La relaci\u00f3n de dorsales premiados se dar\u00e1 a conocer a la llegada de la marcha en un gran mural junto, que es el lugar donde tambi\u00e9n se podr\u00e1n recoger. Adem\u00e1s, se entregar\u00e1n dos trofeos: uno al participante m\u00e1s joven y otro al m\u00e1s veterano.<\/p>\n<p><strong>Todos contra el c\u00e1ncer: un esfuerzo social general<\/strong><\/p>\n<p>AECC Navarra con actividades de este tipo, adem\u00e1s de recaudar fondos contra el c\u00e1ncer, busca hacer hincapi\u00e9 en la necesidad de esfuerzos globales aunando fuerzas desde el sector p\u00fablico, el privado, las entidades asociativas y las instituciones educativas y de investigaci\u00f3n. Por ello el dise\u00f1o de la marcha refleja este car\u00e1cter de lucha global.<\/p>\n<p>El Ayuntamiento de Pamplona colabora con los medios necesarios para hacer posible la marcha. La Fundaci\u00f3n Caja Navarra y la Fundaci\u00f3n \u201cla Caixa\u201d patrocinan este evento, dentro de su esfuerzo de obra social. En este caso su respaldo es un impulso a la sensibilizaci\u00f3n, ya que ambas fundaciones tienen fondos espec\u00edficos destinados a la investigaci\u00f3n biom\u00e9dica en Navarra en campos como las enfermedades neurodegenerativas, el VIH, las enfermedades cardiovasculares o el c\u00e1ncer. Pero adem\u00e1s otras organizaciones aportan esfuerzo para hacer la marcha posible, como son El Corte Ingles, M. Torres, Cl\u00ednica Baviera, Farplus, Grupo Logistico Disayt, Frutos secos Plis Plas, Sol\u00e1n de Cabras, eventos, etc.<\/p>\n<p>En la rueda de prensa de hoy, la responsable de Caixabank en Navarra, Ana D\u00edez, ha felicitado a la Asociaci\u00f3n \u201cpor mantener viva, a\u00f1o tras a\u00f1o, esta iniciativa cuyo objetivo es concienciar a la sociedad de la necesidad de ser solidarios y trabajar unidos en la lucha contra el c\u00e1ncer y, por otro lado, recaudar fondos para impulsar la investigaci\u00f3n frente a esta enfermedad\u201d. Seg\u00fan palabras de Javier Miranda, \u00abFundaci\u00f3n Caja Navarra se suma a esta iniciativa de la Asociaci\u00f3n Navarra contra el C\u00e1ncer dentro de su apuesta por la investigaci\u00f3n. Dentro del Plan Estrat\u00e9gico de nuestra entidad, presentado el pasado a\u00f1o, la apuesta por la ciencia y la investigaci\u00f3n se encuentra entre una de las cuestiones importantes que nos hemos planteado como un reto. Por ello, el objetivo final de esta marcha, recaudar fondos con este fin, est\u00e1 relacionado con nuestra misi\u00f3n como Fundaci\u00f3n\u00bb.<\/p>\n<p>&nbsp;<\/p>\n","protected":false},"excerpt":{"rendered":"","protected":false},"author":1,"featured_media":21910,"comment_status":"open","ping_status":"closed","sticky":false,"template":"","format":"standard","meta":{"footnotes":""},"categories":[2],"tags":[],"class_list":["post-21908","post","type-post","status-publish","format-standard","has-post-thumbnail","hentry","category-ayuntamiento-pamplona"],"yoast_head":"<!-- This site is optimized with the Yoast SEO plugin v27.5 - https:\/\/yoast.com\/product\/yoast-seo-wordpress\/ -->\n<title>Pamplona correr\u00e1 el 2 de junio para recaudar fondos contra el c\u00e1ncer<\/title>\n<meta name=\"robots\" content=\"index, follow, max-snippet:-1, max-image-preview:large, max-video-preview:-1\" \/>\n<link rel=\"canonical\" href=\"https:\/\/www.laguiadepamplona.com\/actualidad\/pamplona-correra-el-2-de-junio-para-recaudar-fondos-contra-el-cancer\/\" \/>\n<meta property=\"og:locale\" content=\"es_ES\" \/>\n<meta property=\"og:type\" content=\"article\" \/>\n<meta property=\"og:title\" content=\"Pamplona correr\u00e1 el 2 de junio para recaudar fondos contra el c\u00e1ncer\" \/>\n<meta property=\"og:url\" content=\"https:\/\/www.laguiadepamplona.com\/actualidad\/pamplona-correra-el-2-de-junio-para-recaudar-fondos-contra-el-cancer\/\" \/>\n<meta property=\"og:site_name\" content=\"La Gu\u00eda de Pamplona\" \/>\n<meta property=\"article:publisher\" content=\"https:\/\/www.facebook.com\/laguiadepamplonacom-133175176762273\/?ref=hl\" \/>\n<meta property=\"article:published_time\" content=\"2019-05-06T13:12:21+00:00\" \/>\n<meta property=\"og:image\" content=\"https:\/\/www.laguiadepamplona.com\/actualidad\/wp-content\/uploads\/2019\/05\/vi_marcha_aecc_pamplona.jpg\" \/>\n\t<meta property=\"og:image:width\" content=\"667\" \/>\n\t<meta property=\"og:image:height\" content=\"500\" \/>\n\t<meta property=\"og:image:type\" content=\"image\/jpeg\" \/>\n<meta name=\"author\" content=\"La Gu\u00eda de Pamplona\" \/>\n<meta name=\"twitter:card\" content=\"summary_large_image\" \/>\n<meta name=\"twitter:creator\" content=\"@LaGuiadPamplona\" \/>\n<meta name=\"twitter:site\" content=\"@LaGuiadPamplona\" \/>\n<meta name=\"twitter:label1\" content=\"Escrito por\" \/>\n\t<meta name=\"twitter:data1\" content=\"La Gu\u00eda de Pamplona\" \/>\n\t<meta name=\"twitter:label2\" content=\"Tiempo de lectura\" \/>\n\t<meta name=\"twitter:data2\" content=\"6 minutos\" \/>\n<script type=\"application\/ld+json\" class=\"yoast-schema-graph\">{\"@context\":\"https:\\\/\\\/schema.org\",\"@graph\":[{\"@type\":\"Article\",\"@id\":\"https:\\\/\\\/www.laguiadepamplona.com\\\/actualidad\\\/pamplona-correra-el-2-de-junio-para-recaudar-fondos-contra-el-cancer\\\/#article\",\"isPartOf\":{\"@id\":\"https:\\\/\\\/www.laguiadepamplona.com\\\/actualidad\\\/pamplona-correra-el-2-de-junio-para-recaudar-fondos-contra-el-cancer\\\/\"},\"author\":{\"name\":\"La Gu\u00eda de Pamplona\",\"@id\":\"https:\\\/\\\/www.laguiadepamplona.com\\\/actualidad\\\/#\\\/schema\\\/person\\\/efe887376f0213d4657c93adc50b1fdb\"},\"headline\":\"Pamplona correr\u00e1 el 2 de junio para recaudar fondos contra el c\u00e1ncer\",\"datePublished\":\"2019-05-06T13:12:21+00:00\",\"mainEntityOfPage\":{\"@id\":\"https:\\\/\\\/www.laguiadepamplona.com\\\/actualidad\\\/pamplona-correra-el-2-de-junio-para-recaudar-fondos-contra-el-cancer\\\/\"},\"wordCount\":1217,\"commentCount\":0,\"publisher\":{\"@id\":\"https:\\\/\\\/www.laguiadepamplona.com\\\/actualidad\\\/#organization\"},\"image\":{\"@id\":\"https:\\\/\\\/www.laguiadepamplona.com\\\/actualidad\\\/pamplona-correra-el-2-de-junio-para-recaudar-fondos-contra-el-cancer\\\/#primaryimage\"},\"thumbnailUrl\":\"https:\\\/\\\/www.laguiadepamplona.com\\\/actualidad\\\/wp-content\\\/uploads\\\/2019\\\/05\\\/vi_marcha_aecc_pamplona.jpg\",\"articleSection\":[\"Ayto Pamplona\"],\"inLanguage\":\"es\",\"potentialAction\":[{\"@type\":\"CommentAction\",\"name\":\"Comment\",\"target\":[\"https:\\\/\\\/www.laguiadepamplona.com\\\/actualidad\\\/pamplona-correra-el-2-de-junio-para-recaudar-fondos-contra-el-cancer\\\/#respond\"]}]},{\"@type\":\"WebPage\",\"@id\":\"https:\\\/\\\/www.laguiadepamplona.com\\\/actualidad\\\/pamplona-correra-el-2-de-junio-para-recaudar-fondos-contra-el-cancer\\\/\",\"url\":\"https:\\\/\\\/www.laguiadepamplona.com\\\/actualidad\\\/pamplona-correra-el-2-de-junio-para-recaudar-fondos-contra-el-cancer\\\/\",\"name\":\"Pamplona correr\u00e1 el 2 de junio para recaudar fondos contra el c\u00e1ncer\",\"isPartOf\":{\"@id\":\"https:\\\/\\\/www.laguiadepamplona.com\\\/actualidad\\\/#website\"},\"primaryImageOfPage\":{\"@id\":\"https:\\\/\\\/www.laguiadepamplona.com\\\/actualidad\\\/pamplona-correra-el-2-de-junio-para-recaudar-fondos-contra-el-cancer\\\/#primaryimage\"},\"image\":{\"@id\":\"https:\\\/\\\/www.laguiadepamplona.com\\\/actualidad\\\/pamplona-correra-el-2-de-junio-para-recaudar-fondos-contra-el-cancer\\\/#primaryimage\"},\"thumbnailUrl\":\"https:\\\/\\\/www.laguiadepamplona.com\\\/actualidad\\\/wp-content\\\/uploads\\\/2019\\\/05\\\/vi_marcha_aecc_pamplona.jpg\",\"datePublished\":\"2019-05-06T13:12:21+00:00\",\"breadcrumb\":{\"@id\":\"https:\\\/\\\/www.laguiadepamplona.com\\\/actualidad\\\/pamplona-correra-el-2-de-junio-para-recaudar-fondos-contra-el-cancer\\\/#breadcrumb\"},\"inLanguage\":\"es\",\"potentialAction\":[{\"@type\":\"ReadAction\",\"target\":[\"https:\\\/\\\/www.laguiadepamplona.com\\\/actualidad\\\/pamplona-correra-el-2-de-junio-para-recaudar-fondos-contra-el-cancer\\\/\"]}]},{\"@type\":\"ImageObject\",\"inLanguage\":\"es\",\"@id\":\"https:\\\/\\\/www.laguiadepamplona.com\\\/actualidad\\\/pamplona-correra-el-2-de-junio-para-recaudar-fondos-contra-el-cancer\\\/#primaryimage\",\"url\":\"https:\\\/\\\/www.laguiadepamplona.com\\\/actualidad\\\/wp-content\\\/uploads\\\/2019\\\/05\\\/vi_marcha_aecc_pamplona.jpg\",\"contentUrl\":\"https:\\\/\\\/www.laguiadepamplona.com\\\/actualidad\\\/wp-content\\\/uploads\\\/2019\\\/05\\\/vi_marcha_aecc_pamplona.jpg\",\"width\":667,\"height\":500},{\"@type\":\"BreadcrumbList\",\"@id\":\"https:\\\/\\\/www.laguiadepamplona.com\\\/actualidad\\\/pamplona-correra-el-2-de-junio-para-recaudar-fondos-contra-el-cancer\\\/#breadcrumb\",\"itemListElement\":[{\"@type\":\"ListItem\",\"position\":1,\"name\":\"Portada\",\"item\":\"https:\\\/\\\/www.laguiadepamplona.com\\\/actualidad\\\/\"},{\"@type\":\"ListItem\",\"position\":2,\"name\":\"Pamplona correr\u00e1 el 2 de junio para recaudar fondos contra el c\u00e1ncer\"}]},{\"@type\":\"WebSite\",\"@id\":\"https:\\\/\\\/www.laguiadepamplona.com\\\/actualidad\\\/#website\",\"url\":\"https:\\\/\\\/www.laguiadepamplona.com\\\/actualidad\\\/\",\"name\":\"La gu\u00eda de Pamplona\",\"description\":\"Noticias de Pamplona\",\"publisher\":{\"@id\":\"https:\\\/\\\/www.laguiadepamplona.com\\\/actualidad\\\/#organization\"},\"potentialAction\":[{\"@type\":\"SearchAction\",\"target\":{\"@type\":\"EntryPoint\",\"urlTemplate\":\"https:\\\/\\\/www.laguiadepamplona.com\\\/actualidad\\\/?s={search_term_string}\"},\"query-input\":{\"@type\":\"PropertyValueSpecification\",\"valueRequired\":true,\"valueName\":\"search_term_string\"}}],\"inLanguage\":\"es\"},{\"@type\":\"Organization\",\"@id\":\"https:\\\/\\\/www.laguiadepamplona.com\\\/actualidad\\\/#organization\",\"name\":\"La Gu\u00eda de Pamplona \\\/ Noticias\",\"url\":\"https:\\\/\\\/www.laguiadepamplona.com\\\/actualidad\\\/\",\"logo\":{\"@type\":\"ImageObject\",\"inLanguage\":\"es\",\"@id\":\"https:\\\/\\\/www.laguiadepamplona.com\\\/actualidad\\\/#\\\/schema\\\/logo\\\/image\\\/\",\"url\":\"https:\\\/\\\/www.laguiadepamplona.com\\\/actualidad\\\/wp-content\\\/uploads\\\/2018\\\/11\\\/logo-laguiadepamplona18-web1.png\",\"contentUrl\":\"https:\\\/\\\/www.laguiadepamplona.com\\\/actualidad\\\/wp-content\\\/uploads\\\/2018\\\/11\\\/logo-laguiadepamplona18-web1.png\",\"width\":600,\"height\":196,\"caption\":\"La Gu\u00eda de Pamplona \\\/ Noticias\"},\"image\":{\"@id\":\"https:\\\/\\\/www.laguiadepamplona.com\\\/actualidad\\\/#\\\/schema\\\/logo\\\/image\\\/\"},\"sameAs\":[\"https:\\\/\\\/www.facebook.com\\\/laguiadepamplonacom-133175176762273\\\/?ref=hl\",\"https:\\\/\\\/x.com\\\/LaGuiadPamplona\",\"https:\\\/\\\/www.instagram.com\\\/la_guia_de_pamplona\\\/\",\"https:\\\/\\\/www.youtube.com\\\/user\\\/laguiadepamplona\"]},{\"@type\":\"Person\",\"@id\":\"https:\\\/\\\/www.laguiadepamplona.com\\\/actualidad\\\/#\\\/schema\\\/person\\\/efe887376f0213d4657c93adc50b1fdb\",\"name\":\"La Gu\u00eda de Pamplona\",\"image\":{\"@type\":\"ImageObject\",\"inLanguage\":\"es\",\"@id\":\"https:\\\/\\\/secure.gravatar.com\\\/avatar\\\/b6992f131dc8d30ab0dff15446e9d346d9dbd95992de0fef795073f5ea83a81c?s=96&d=mm&r=g\",\"url\":\"https:\\\/\\\/secure.gravatar.com\\\/avatar\\\/b6992f131dc8d30ab0dff15446e9d346d9dbd95992de0fef795073f5ea83a81c?s=96&d=mm&r=g\",\"contentUrl\":\"https:\\\/\\\/secure.gravatar.com\\\/avatar\\\/b6992f131dc8d30ab0dff15446e9d346d9dbd95992de0fef795073f5ea83a81c?s=96&d=mm&r=g\",\"caption\":\"La Gu\u00eda de Pamplona\"}}]}<\/script>\n<!-- \/ Yoast SEO plugin. -->","yoast_head_json":{"title":"Pamplona correr\u00e1 el 2 de junio para recaudar fondos contra el c\u00e1ncer","robots":{"index":"index","follow":"follow","max-snippet":"max-snippet:-1","max-image-preview":"max-image-preview:large","max-video-preview":"max-video-preview:-1"},"canonical":"https:\/\/www.laguiadepamplona.com\/actualidad\/pamplona-correra-el-2-de-junio-para-recaudar-fondos-contra-el-cancer\/","og_locale":"es_ES","og_type":"article","og_title":"Pamplona correr\u00e1 el 2 de junio para recaudar fondos contra el c\u00e1ncer","og_url":"https:\/\/www.laguiadepamplona.com\/actualidad\/pamplona-correra-el-2-de-junio-para-recaudar-fondos-contra-el-cancer\/","og_site_name":"La Gu\u00eda de Pamplona","article_publisher":"https:\/\/www.facebook.com\/laguiadepamplonacom-133175176762273\/?ref=hl","article_published_time":"2019-05-06T13:12:21+00:00","og_image":[{"width":667,"height":500,"url":"https:\/\/www.laguiadepamplona.com\/actualidad\/wp-content\/uploads\/2019\/05\/vi_marcha_aecc_pamplona.jpg","type":"image\/jpeg"}],"author":"La Gu\u00eda de Pamplona","twitter_card":"summary_large_image","twitter_creator":"@LaGuiadPamplona","twitter_site":"@LaGuiadPamplona","twitter_misc":{"Escrito por":"La Gu\u00eda de Pamplona","Tiempo de lectura":"6 minutos"},"schema":{"@context":"https:\/\/schema.org","@graph":[{"@type":"Article","@id":"https:\/\/www.laguiadepamplona.com\/actualidad\/pamplona-correra-el-2-de-junio-para-recaudar-fondos-contra-el-cancer\/#article","isPartOf":{"@id":"https:\/\/www.laguiadepamplona.com\/actualidad\/pamplona-correra-el-2-de-junio-para-recaudar-fondos-contra-el-cancer\/"},"author":{"name":"La Gu\u00eda de Pamplona","@id":"https:\/\/www.laguiadepamplona.com\/actualidad\/#\/schema\/person\/efe887376f0213d4657c93adc50b1fdb"},"headline":"Pamplona correr\u00e1 el 2 de junio para recaudar fondos contra el c\u00e1ncer","datePublished":"2019-05-06T13:12:21+00:00","mainEntityOfPage":{"@id":"https:\/\/www.laguiadepamplona.com\/actualidad\/pamplona-correra-el-2-de-junio-para-recaudar-fondos-contra-el-cancer\/"},"wordCount":1217,"commentCount":0,"publisher":{"@id":"https:\/\/www.laguiadepamplona.com\/actualidad\/#organization"},"image":{"@id":"https:\/\/www.laguiadepamplona.com\/actualidad\/pamplona-correra-el-2-de-junio-para-recaudar-fondos-contra-el-cancer\/#primaryimage"},"thumbnailUrl":"https:\/\/www.laguiadepamplona.com\/actualidad\/wp-content\/uploads\/2019\/05\/vi_marcha_aecc_pamplona.jpg","articleSection":["Ayto Pamplona"],"inLanguage":"es","potentialAction":[{"@type":"CommentAction","name":"Comment","target":["https:\/\/www.laguiadepamplona.com\/actualidad\/pamplona-correra-el-2-de-junio-para-recaudar-fondos-contra-el-cancer\/#respond"]}]},{"@type":"WebPage","@id":"https:\/\/www.laguiadepamplona.com\/actualidad\/pamplona-correra-el-2-de-junio-para-recaudar-fondos-contra-el-cancer\/","url":"https:\/\/www.laguiadepamplona.com\/actualidad\/pamplona-correra-el-2-de-junio-para-recaudar-fondos-contra-el-cancer\/","name":"Pamplona correr\u00e1 el 2 de junio para recaudar fondos contra el c\u00e1ncer","isPartOf":{"@id":"https:\/\/www.laguiadepamplona.com\/actualidad\/#website"},"primaryImageOfPage":{"@id":"https:\/\/www.laguiadepamplona.com\/actualidad\/pamplona-correra-el-2-de-junio-para-recaudar-fondos-contra-el-cancer\/#primaryimage"},"image":{"@id":"https:\/\/www.laguiadepamplona.com\/actualidad\/pamplona-correra-el-2-de-junio-para-recaudar-fondos-contra-el-cancer\/#primaryimage"},"thumbnailUrl":"https:\/\/www.laguiadepamplona.com\/actualidad\/wp-content\/uploads\/2019\/05\/vi_marcha_aecc_pamplona.jpg","datePublished":"2019-05-06T13:12:21+00:00","breadcrumb":{"@id":"https:\/\/www.laguiadepamplona.com\/actualidad\/pamplona-correra-el-2-de-junio-para-recaudar-fondos-contra-el-cancer\/#breadcrumb"},"inLanguage":"es","potentialAction":[{"@type":"ReadAction","target":["https:\/\/www.laguiadepamplona.com\/actualidad\/pamplona-correra-el-2-de-junio-para-recaudar-fondos-contra-el-cancer\/"]}]},{"@type":"ImageObject","inLanguage":"es","@id":"https:\/\/www.laguiadepamplona.com\/actualidad\/pamplona-correra-el-2-de-junio-para-recaudar-fondos-contra-el-cancer\/#primaryimage","url":"https:\/\/www.laguiadepamplona.com\/actualidad\/wp-content\/uploads\/2019\/05\/vi_marcha_aecc_pamplona.jpg","contentUrl":"https:\/\/www.laguiadepamplona.com\/actualidad\/wp-content\/uploads\/2019\/05\/vi_marcha_aecc_pamplona.jpg","width":667,"height":500},{"@type":"BreadcrumbList","@id":"https:\/\/www.laguiadepamplona.com\/actualidad\/pamplona-correra-el-2-de-junio-para-recaudar-fondos-contra-el-cancer\/#breadcrumb","itemListElement":[{"@type":"ListItem","position":1,"name":"Portada","item":"https:\/\/www.laguiadepamplona.com\/actualidad\/"},{"@type":"ListItem","position":2,"name":"Pamplona correr\u00e1 el 2 de junio para recaudar fondos contra el c\u00e1ncer"}]},{"@type":"WebSite","@id":"https:\/\/www.laguiadepamplona.com\/actualidad\/#website","url":"https:\/\/www.laguiadepamplona.com\/actualidad\/","name":"La gu\u00eda de Pamplona","description":"Noticias de Pamplona","publisher":{"@id":"https:\/\/www.laguiadepamplona.com\/actualidad\/#organization"},"potentialAction":[{"@type":"SearchAction","target":{"@type":"EntryPoint","urlTemplate":"https:\/\/www.laguiadepamplona.com\/actualidad\/?s={search_term_string}"},"query-input":{"@type":"PropertyValueSpecification","valueRequired":true,"valueName":"search_term_string"}}],"inLanguage":"es"},{"@type":"Organization","@id":"https:\/\/www.laguiadepamplona.com\/actualidad\/#organization","name":"La Gu\u00eda de Pamplona \/ Noticias","url":"https:\/\/www.laguiadepamplona.com\/actualidad\/","logo":{"@type":"ImageObject","inLanguage":"es","@id":"https:\/\/www.laguiadepamplona.com\/actualidad\/#\/schema\/logo\/image\/","url":"https:\/\/www.laguiadepamplona.com\/actualidad\/wp-content\/uploads\/2018\/11\/logo-laguiadepamplona18-web1.png","contentUrl":"https:\/\/www.laguiadepamplona.com\/actualidad\/wp-content\/uploads\/2018\/11\/logo-laguiadepamplona18-web1.png","width":600,"height":196,"caption":"La Gu\u00eda de Pamplona \/ Noticias"},"image":{"@id":"https:\/\/www.laguiadepamplona.com\/actualidad\/#\/schema\/logo\/image\/"},"sameAs":["https:\/\/www.facebook.com\/laguiadepamplonacom-133175176762273\/?ref=hl","https:\/\/x.com\/LaGuiadPamplona","https:\/\/www.instagram.com\/la_guia_de_pamplona\/","https:\/\/www.youtube.com\/user\/laguiadepamplona"]},{"@type":"Person","@id":"https:\/\/www.laguiadepamplona.com\/actualidad\/#\/schema\/person\/efe887376f0213d4657c93adc50b1fdb","name":"La Gu\u00eda de Pamplona","image":{"@type":"ImageObject","inLanguage":"es","@id":"https:\/\/secure.gravatar.com\/avatar\/b6992f131dc8d30ab0dff15446e9d346d9dbd95992de0fef795073f5ea83a81c?s=96&d=mm&r=g","url":"https:\/\/secure.gravatar.com\/avatar\/b6992f131dc8d30ab0dff15446e9d346d9dbd95992de0fef795073f5ea83a81c?s=96&d=mm&r=g","contentUrl":"https:\/\/secure.gravatar.com\/avatar\/b6992f131dc8d30ab0dff15446e9d346d9dbd95992de0fef795073f5ea83a81c?s=96&d=mm&r=g","caption":"La Gu\u00eda de Pamplona"}}]}},"post_mailing_queue_ids":[],"_links":{"self":[{"href":"https:\/\/www.laguiadepamplona.com\/actualidad\/wp-json\/wp\/v2\/posts\/21908","targetHints":{"allow":["GET"]}}],"collection":[{"href":"https:\/\/www.laguiadepamplona.com\/actualidad\/wp-json\/wp\/v2\/posts"}],"about":[{"href":"https:\/\/www.laguiadepamplona.com\/actualidad\/wp-json\/wp\/v2\/types\/post"}],"author":[{"embeddable":true,"href":"https:\/\/www.laguiadepamplona.com\/actualidad\/wp-json\/wp\/v2\/users\/1"}],"replies":[{"embeddable":true,"href":"https:\/\/www.laguiadepamplona.com\/actualidad\/wp-json\/wp\/v2\/comments?post=21908"}],"version-history":[{"count":0,"href":"https:\/\/www.laguiadepamplona.com\/actualidad\/wp-json\/wp\/v2\/posts\/21908\/revisions"}],"wp:featuredmedia":[{"embeddable":true,"href":"https:\/\/www.laguiadepamplona.com\/actualidad\/wp-json\/wp\/v2\/media\/21910"}],"wp:attachment":[{"href":"https:\/\/www.laguiadepamplona.com\/actualidad\/wp-json\/wp\/v2\/media?parent=21908"}],"wp:term":[{"taxonomy":"category","embeddable":true,"href":"https:\/\/www.laguiadepamplona.com\/actualidad\/wp-json\/wp\/v2\/categories?post=21908"},{"taxonomy":"post_tag","embeddable":true,"href":"https:\/\/www.laguiadepamplona.com\/actualidad\/wp-json\/wp\/v2\/tags?post=21908"}],"curies":[{"name":"wp","href":"https:\/\/api.w.org\/{rel}","templated":true}]}}