{"id":21897,"date":"2019-05-03T16:37:36","date_gmt":"2019-05-03T14:37:36","guid":{"rendered":"https:\/\/www.laguiadepamplona.es\/actualidad\/?p=21897"},"modified":"2019-05-03T16:37:36","modified_gmt":"2019-05-03T14:37:36","slug":"la-nueva-unidad-de-barrio-de-txantrea-ubicada-en-la-planta-baja-del-edificio-de-salesianas-ha-sido-presentada-a-las-entidades-del-barrio","status":"publish","type":"post","link":"https:\/\/www.laguiadepamplona.com\/actualidad\/la-nueva-unidad-de-barrio-de-txantrea-ubicada-en-la-planta-baja-del-edificio-de-salesianas-ha-sido-presentada-a-las-entidades-del-barrio\/","title":{"rendered":"La nueva Unidad de Barrio de Txantrea, ubicada en la planta baja del edificio de Salesianas, ha sido presentada a las entidades del barrio"},"content":{"rendered":"<p><!--more--><\/p>\n<h3>All\u00ed han recibido informaci\u00f3n sobre el funcionamiento de los cuatro programas que gestiona la unidad para una poblaci\u00f3n de 19.908 personas<\/h3>\n<p><a href=\"https:\/\/www.laguiadepamplona.es\/actualidad\/wp-content\/uploads\/2019\/05\/19.05.03_visita_unidad_barrio_txantrea.jpg\"><img loading=\"lazy\" decoding=\"async\" class=\"alignleft size-medium wp-image-21899\" src=\"https:\/\/www.laguiadepamplona.es\/actualidad\/wp-content\/uploads\/2019\/05\/19.05.03_visita_unidad_barrio_txantrea-450x300.jpg\" alt=\"\" width=\"450\" height=\"300\" srcset=\"https:\/\/www.laguiadepamplona.com\/actualidad\/wp-content\/uploads\/2019\/05\/19.05.03_visita_unidad_barrio_txantrea-450x300.jpg 450w, https:\/\/www.laguiadepamplona.com\/actualidad\/wp-content\/uploads\/2019\/05\/19.05.03_visita_unidad_barrio_txantrea-768x512.jpg 768w, https:\/\/www.laguiadepamplona.com\/actualidad\/wp-content\/uploads\/2019\/05\/19.05.03_visita_unidad_barrio_txantrea-1024x682.jpg 1024w, https:\/\/www.laguiadepamplona.com\/actualidad\/wp-content\/uploads\/2019\/05\/19.05.03_visita_unidad_barrio_txantrea-640x426.jpg 640w, https:\/\/www.laguiadepamplona.com\/actualidad\/wp-content\/uploads\/2019\/05\/19.05.03_visita_unidad_barrio_txantrea.jpg 1900w\" sizes=\"auto, (max-width: 450px) 100vw, 450px\" \/><\/a>Desde del 26 de marzo est\u00e1 abierta a la ciudadan\u00eda la nueva Unidad de Barrio de Txantrea en el edificio de Salesianas (calle Cuenca de Pamplona, 24). Pero hoy, a primera hora de la tarde, ha tenido lugar un acto de acogida y de difusi\u00f3n informativa para la representaci\u00f3n de centros y asociaciones del barrio que trabajan con esta infraestructura. En el acto ha estado presente personal de servicios sociales y de la direcci\u00f3n del \u00e1rea.<\/p>\n<p>La UB Txantrea en Salesianas requiri\u00f3 obras previas para remodelar planta baja del edificio y adaptarla a sus funciones propias. Actualmente cuenta con una plantilla de ocho figuras t\u00e9cnicas de Trabajo Social a jornada completa, dos de Integraci\u00f3n social y personal administrativo (dos personas). La Unidad de Barrio da servicio a una poblaci\u00f3n de 19.908 personas, que es el n\u00famero de vecinos censados en estos momentos, un 14,9% de ellos menores de 18 a\u00f1os. La Unidad de Barrio atiende de lunes a viernes, en horario de 8.30 a 14.30 horas, previa solicitud de cita.<\/p>\n<p>En el acto de esta tarde, adem\u00e1s, se ha invitado a los presentes a un aperitivo preparado por el alumnado del curso de Operaciones B\u00e1sicas de Cocina, una iniciativa de Formaci\u00f3n para el empleo del Ayuntamiento de Pamplona cofinanciado por el Servicio Navarro de Empleo de Gobierno de Navarra. Entre las entidades representativas del barrio hoy se han dado cita en Salesianas responsables de Centros Escolares, escuelas Infantiles, APYMAS, asociaciones que trabajan con mayores, con infancia, con personas de otras nacionalidades y asociaciones de vecinos en general, entre otras.<\/p>\n<p><strong>Cuatro programas con alta demanda<\/strong><\/p>\n<p>La Unidad de Barrio de Txantrea ofrece los cuatro programas que conforman la atenci\u00f3n primaria: el programa de acogida y orientaci\u00f3n social, que ofrece una primera respuesta a las demandas de la ciudadan\u00eda mediante el acceso a las prestaciones de protecci\u00f3n social; el programa de promoci\u00f3n de la autonom\u00eda personal y atenci\u00f3n a las personas en situaci\u00f3n de dependencia, centrado en la atenci\u00f3n a personas para que puedan mantenerse en su medio habitual el m\u00e1ximo tiempo posible; el programa de incorporaci\u00f3n social, que busca favorecer la incorporaci\u00f3n social de personas en situaciones que generan o pueden generar exclusi\u00f3n social; y el programa de atenci\u00f3n a la infancia y familia, que tiene el objetivo de garantizar los derechos de los ni\u00f1os y adolescentes, asegurando un entorno que permita su desarrollo personal.<\/p>\n<p>Durante el a\u00f1o pasado, la unidad atendi\u00f3 6.897 citas y se abrieron 396 nuevos expedientes. Hubo tambi\u00e9n en 2018 un total de 161 expedientes de SAD (familias atendidas por el Servicio de Atenci\u00f3n Domiciliaria) y se tramitaron 859 expedientes de rentas garantizada. En total, desde su puesta en marcha, contabilizan 7.301 expedientes abiertos, es decir, familias atendidas a lo largo de estos a\u00f1os.<\/p>\n<p>El traslado al edificio de Salesianas (ala izquierda, planta baja) culmin\u00f3 el 26 de marzo y su objetivo era resolver los problemas de espacio de la anterior ubicaci\u00f3n, ya que las instalaciones antiguas se hab\u00edan quedado peque\u00f1as por el aumento, tanto de la demanda de los usuarios, como de las necesidades propias del personal municipal que trabaja en la unidad. Las obras de adecuaci\u00f3n han requerido una inversi\u00f3n de 325.127 euros y con ellas se han generado 11 despachos, una sala de reuniones y una zona de administraci\u00f3n para dar servicio al barrio.<\/p>\n","protected":false},"excerpt":{"rendered":"","protected":false},"author":1,"featured_media":21900,"comment_status":"open","ping_status":"closed","sticky":false,"template":"","format":"standard","meta":{"footnotes":""},"categories":[2],"tags":[],"class_list":["post-21897","post","type-post","status-publish","format-standard","has-post-thumbnail","hentry","category-ayuntamiento-pamplona"],"yoast_head":"<!-- This site is optimized with the Yoast SEO plugin v27.5 - https:\/\/yoast.com\/product\/yoast-seo-wordpress\/ -->\n<title>La nueva Unidad de Barrio de Txantrea, ubicada en la planta baja del edificio de Salesianas, ha sido presentada a las entidades del barrio<\/title>\n<meta name=\"robots\" content=\"index, follow, max-snippet:-1, max-image-preview:large, max-video-preview:-1\" \/>\n<link rel=\"canonical\" href=\"https:\/\/www.laguiadepamplona.com\/actualidad\/la-nueva-unidad-de-barrio-de-txantrea-ubicada-en-la-planta-baja-del-edificio-de-salesianas-ha-sido-presentada-a-las-entidades-del-barrio\/\" \/>\n<meta property=\"og:locale\" content=\"es_ES\" \/>\n<meta property=\"og:type\" content=\"article\" \/>\n<meta property=\"og:title\" content=\"La nueva Unidad de Barrio de Txantrea, ubicada en la planta baja del edificio de Salesianas, ha sido presentada a las entidades del barrio\" \/>\n<meta property=\"og:url\" content=\"https:\/\/www.laguiadepamplona.com\/actualidad\/la-nueva-unidad-de-barrio-de-txantrea-ubicada-en-la-planta-baja-del-edificio-de-salesianas-ha-sido-presentada-a-las-entidades-del-barrio\/\" \/>\n<meta property=\"og:site_name\" content=\"La Gu\u00eda de Pamplona\" \/>\n<meta property=\"article:publisher\" content=\"https:\/\/www.facebook.com\/laguiadepamplonacom-133175176762273\/?ref=hl\" \/>\n<meta property=\"article:published_time\" content=\"2019-05-03T14:37:36+00:00\" \/>\n<meta property=\"og:image\" content=\"https:\/\/www.laguiadepamplona.com\/actualidad\/wp-content\/uploads\/2019\/05\/19.05.03_visita_unidad_barrio_txantrea_1.jpg\" \/>\n\t<meta property=\"og:image:width\" content=\"1900\" \/>\n\t<meta property=\"og:image:height\" content=\"1166\" \/>\n\t<meta property=\"og:image:type\" content=\"image\/jpeg\" \/>\n<meta name=\"author\" content=\"La Gu\u00eda de Pamplona\" \/>\n<meta name=\"twitter:card\" content=\"summary_large_image\" \/>\n<meta name=\"twitter:creator\" content=\"@LaGuiadPamplona\" \/>\n<meta name=\"twitter:site\" content=\"@LaGuiadPamplona\" \/>\n<meta name=\"twitter:label1\" content=\"Escrito por\" \/>\n\t<meta name=\"twitter:data1\" content=\"La Gu\u00eda de Pamplona\" \/>\n\t<meta name=\"twitter:label2\" content=\"Tiempo de lectura\" \/>\n\t<meta name=\"twitter:data2\" content=\"3 minutos\" \/>\n<script type=\"application\/ld+json\" class=\"yoast-schema-graph\">{\"@context\":\"https:\\\/\\\/schema.org\",\"@graph\":[{\"@type\":\"Article\",\"@id\":\"https:\\\/\\\/www.laguiadepamplona.com\\\/actualidad\\\/la-nueva-unidad-de-barrio-de-txantrea-ubicada-en-la-planta-baja-del-edificio-de-salesianas-ha-sido-presentada-a-las-entidades-del-barrio\\\/#article\",\"isPartOf\":{\"@id\":\"https:\\\/\\\/www.laguiadepamplona.com\\\/actualidad\\\/la-nueva-unidad-de-barrio-de-txantrea-ubicada-en-la-planta-baja-del-edificio-de-salesianas-ha-sido-presentada-a-las-entidades-del-barrio\\\/\"},\"author\":{\"name\":\"La Gu\u00eda de Pamplona\",\"@id\":\"https:\\\/\\\/www.laguiadepamplona.com\\\/actualidad\\\/#\\\/schema\\\/person\\\/efe887376f0213d4657c93adc50b1fdb\"},\"headline\":\"La nueva Unidad de Barrio de Txantrea, ubicada en la planta baja del edificio de Salesianas, ha sido presentada a las entidades del barrio\",\"datePublished\":\"2019-05-03T14:37:36+00:00\",\"mainEntityOfPage\":{\"@id\":\"https:\\\/\\\/www.laguiadepamplona.com\\\/actualidad\\\/la-nueva-unidad-de-barrio-de-txantrea-ubicada-en-la-planta-baja-del-edificio-de-salesianas-ha-sido-presentada-a-las-entidades-del-barrio\\\/\"},\"wordCount\":617,\"commentCount\":0,\"publisher\":{\"@id\":\"https:\\\/\\\/www.laguiadepamplona.com\\\/actualidad\\\/#organization\"},\"image\":{\"@id\":\"https:\\\/\\\/www.laguiadepamplona.com\\\/actualidad\\\/la-nueva-unidad-de-barrio-de-txantrea-ubicada-en-la-planta-baja-del-edificio-de-salesianas-ha-sido-presentada-a-las-entidades-del-barrio\\\/#primaryimage\"},\"thumbnailUrl\":\"https:\\\/\\\/www.laguiadepamplona.com\\\/actualidad\\\/wp-content\\\/uploads\\\/2019\\\/05\\\/19.05.03_visita_unidad_barrio_txantrea_1.jpg\",\"articleSection\":[\"Ayto Pamplona\"],\"inLanguage\":\"es\",\"potentialAction\":[{\"@type\":\"CommentAction\",\"name\":\"Comment\",\"target\":[\"https:\\\/\\\/www.laguiadepamplona.com\\\/actualidad\\\/la-nueva-unidad-de-barrio-de-txantrea-ubicada-en-la-planta-baja-del-edificio-de-salesianas-ha-sido-presentada-a-las-entidades-del-barrio\\\/#respond\"]}]},{\"@type\":\"WebPage\",\"@id\":\"https:\\\/\\\/www.laguiadepamplona.com\\\/actualidad\\\/la-nueva-unidad-de-barrio-de-txantrea-ubicada-en-la-planta-baja-del-edificio-de-salesianas-ha-sido-presentada-a-las-entidades-del-barrio\\\/\",\"url\":\"https:\\\/\\\/www.laguiadepamplona.com\\\/actualidad\\\/la-nueva-unidad-de-barrio-de-txantrea-ubicada-en-la-planta-baja-del-edificio-de-salesianas-ha-sido-presentada-a-las-entidades-del-barrio\\\/\",\"name\":\"La nueva Unidad de Barrio de Txantrea, ubicada en la planta baja del edificio de Salesianas, ha sido presentada a las entidades del barrio\",\"isPartOf\":{\"@id\":\"https:\\\/\\\/www.laguiadepamplona.com\\\/actualidad\\\/#website\"},\"primaryImageOfPage\":{\"@id\":\"https:\\\/\\\/www.laguiadepamplona.com\\\/actualidad\\\/la-nueva-unidad-de-barrio-de-txantrea-ubicada-en-la-planta-baja-del-edificio-de-salesianas-ha-sido-presentada-a-las-entidades-del-barrio\\\/#primaryimage\"},\"image\":{\"@id\":\"https:\\\/\\\/www.laguiadepamplona.com\\\/actualidad\\\/la-nueva-unidad-de-barrio-de-txantrea-ubicada-en-la-planta-baja-del-edificio-de-salesianas-ha-sido-presentada-a-las-entidades-del-barrio\\\/#primaryimage\"},\"thumbnailUrl\":\"https:\\\/\\\/www.laguiadepamplona.com\\\/actualidad\\\/wp-content\\\/uploads\\\/2019\\\/05\\\/19.05.03_visita_unidad_barrio_txantrea_1.jpg\",\"datePublished\":\"2019-05-03T14:37:36+00:00\",\"breadcrumb\":{\"@id\":\"https:\\\/\\\/www.laguiadepamplona.com\\\/actualidad\\\/la-nueva-unidad-de-barrio-de-txantrea-ubicada-en-la-planta-baja-del-edificio-de-salesianas-ha-sido-presentada-a-las-entidades-del-barrio\\\/#breadcrumb\"},\"inLanguage\":\"es\",\"potentialAction\":[{\"@type\":\"ReadAction\",\"target\":[\"https:\\\/\\\/www.laguiadepamplona.com\\\/actualidad\\\/la-nueva-unidad-de-barrio-de-txantrea-ubicada-en-la-planta-baja-del-edificio-de-salesianas-ha-sido-presentada-a-las-entidades-del-barrio\\\/\"]}]},{\"@type\":\"ImageObject\",\"inLanguage\":\"es\",\"@id\":\"https:\\\/\\\/www.laguiadepamplona.com\\\/actualidad\\\/la-nueva-unidad-de-barrio-de-txantrea-ubicada-en-la-planta-baja-del-edificio-de-salesianas-ha-sido-presentada-a-las-entidades-del-barrio\\\/#primaryimage\",\"url\":\"https:\\\/\\\/www.laguiadepamplona.com\\\/actualidad\\\/wp-content\\\/uploads\\\/2019\\\/05\\\/19.05.03_visita_unidad_barrio_txantrea_1.jpg\",\"contentUrl\":\"https:\\\/\\\/www.laguiadepamplona.com\\\/actualidad\\\/wp-content\\\/uploads\\\/2019\\\/05\\\/19.05.03_visita_unidad_barrio_txantrea_1.jpg\",\"width\":1900,\"height\":1166},{\"@type\":\"BreadcrumbList\",\"@id\":\"https:\\\/\\\/www.laguiadepamplona.com\\\/actualidad\\\/la-nueva-unidad-de-barrio-de-txantrea-ubicada-en-la-planta-baja-del-edificio-de-salesianas-ha-sido-presentada-a-las-entidades-del-barrio\\\/#breadcrumb\",\"itemListElement\":[{\"@type\":\"ListItem\",\"position\":1,\"name\":\"Portada\",\"item\":\"https:\\\/\\\/www.laguiadepamplona.com\\\/actualidad\\\/\"},{\"@type\":\"ListItem\",\"position\":2,\"name\":\"La nueva Unidad de Barrio de Txantrea, ubicada en la planta baja del edificio de Salesianas, ha sido presentada a las entidades del barrio\"}]},{\"@type\":\"WebSite\",\"@id\":\"https:\\\/\\\/www.laguiadepamplona.com\\\/actualidad\\\/#website\",\"url\":\"https:\\\/\\\/www.laguiadepamplona.com\\\/actualidad\\\/\",\"name\":\"La gu\u00eda de Pamplona\",\"description\":\"Noticias de Pamplona\",\"publisher\":{\"@id\":\"https:\\\/\\\/www.laguiadepamplona.com\\\/actualidad\\\/#organization\"},\"potentialAction\":[{\"@type\":\"SearchAction\",\"target\":{\"@type\":\"EntryPoint\",\"urlTemplate\":\"https:\\\/\\\/www.laguiadepamplona.com\\\/actualidad\\\/?s={search_term_string}\"},\"query-input\":{\"@type\":\"PropertyValueSpecification\",\"valueRequired\":true,\"valueName\":\"search_term_string\"}}],\"inLanguage\":\"es\"},{\"@type\":\"Organization\",\"@id\":\"https:\\\/\\\/www.laguiadepamplona.com\\\/actualidad\\\/#organization\",\"name\":\"La Gu\u00eda de Pamplona \\\/ Noticias\",\"url\":\"https:\\\/\\\/www.laguiadepamplona.com\\\/actualidad\\\/\",\"logo\":{\"@type\":\"ImageObject\",\"inLanguage\":\"es\",\"@id\":\"https:\\\/\\\/www.laguiadepamplona.com\\\/actualidad\\\/#\\\/schema\\\/logo\\\/image\\\/\",\"url\":\"https:\\\/\\\/www.laguiadepamplona.com\\\/actualidad\\\/wp-content\\\/uploads\\\/2018\\\/11\\\/logo-laguiadepamplona18-web1.png\",\"contentUrl\":\"https:\\\/\\\/www.laguiadepamplona.com\\\/actualidad\\\/wp-content\\\/uploads\\\/2018\\\/11\\\/logo-laguiadepamplona18-web1.png\",\"width\":600,\"height\":196,\"caption\":\"La Gu\u00eda de Pamplona \\\/ Noticias\"},\"image\":{\"@id\":\"https:\\\/\\\/www.laguiadepamplona.com\\\/actualidad\\\/#\\\/schema\\\/logo\\\/image\\\/\"},\"sameAs\":[\"https:\\\/\\\/www.facebook.com\\\/laguiadepamplonacom-133175176762273\\\/?ref=hl\",\"https:\\\/\\\/x.com\\\/LaGuiadPamplona\",\"https:\\\/\\\/www.instagram.com\\\/la_guia_de_pamplona\\\/\",\"https:\\\/\\\/www.youtube.com\\\/user\\\/laguiadepamplona\"]},{\"@type\":\"Person\",\"@id\":\"https:\\\/\\\/www.laguiadepamplona.com\\\/actualidad\\\/#\\\/schema\\\/person\\\/efe887376f0213d4657c93adc50b1fdb\",\"name\":\"La Gu\u00eda de Pamplona\",\"image\":{\"@type\":\"ImageObject\",\"inLanguage\":\"es\",\"@id\":\"https:\\\/\\\/secure.gravatar.com\\\/avatar\\\/b6992f131dc8d30ab0dff15446e9d346d9dbd95992de0fef795073f5ea83a81c?s=96&d=mm&r=g\",\"url\":\"https:\\\/\\\/secure.gravatar.com\\\/avatar\\\/b6992f131dc8d30ab0dff15446e9d346d9dbd95992de0fef795073f5ea83a81c?s=96&d=mm&r=g\",\"contentUrl\":\"https:\\\/\\\/secure.gravatar.com\\\/avatar\\\/b6992f131dc8d30ab0dff15446e9d346d9dbd95992de0fef795073f5ea83a81c?s=96&d=mm&r=g\",\"caption\":\"La Gu\u00eda de Pamplona\"}}]}<\/script>\n<!-- \/ Yoast SEO plugin. -->","yoast_head_json":{"title":"La nueva Unidad de Barrio de Txantrea, ubicada en la planta baja del edificio de Salesianas, ha sido presentada a las entidades del barrio","robots":{"index":"index","follow":"follow","max-snippet":"max-snippet:-1","max-image-preview":"max-image-preview:large","max-video-preview":"max-video-preview:-1"},"canonical":"https:\/\/www.laguiadepamplona.com\/actualidad\/la-nueva-unidad-de-barrio-de-txantrea-ubicada-en-la-planta-baja-del-edificio-de-salesianas-ha-sido-presentada-a-las-entidades-del-barrio\/","og_locale":"es_ES","og_type":"article","og_title":"La nueva Unidad de Barrio de Txantrea, ubicada en la planta baja del edificio de Salesianas, ha sido presentada a las entidades del barrio","og_url":"https:\/\/www.laguiadepamplona.com\/actualidad\/la-nueva-unidad-de-barrio-de-txantrea-ubicada-en-la-planta-baja-del-edificio-de-salesianas-ha-sido-presentada-a-las-entidades-del-barrio\/","og_site_name":"La Gu\u00eda de Pamplona","article_publisher":"https:\/\/www.facebook.com\/laguiadepamplonacom-133175176762273\/?ref=hl","article_published_time":"2019-05-03T14:37:36+00:00","og_image":[{"width":1900,"height":1166,"url":"https:\/\/www.laguiadepamplona.com\/actualidad\/wp-content\/uploads\/2019\/05\/19.05.03_visita_unidad_barrio_txantrea_1.jpg","type":"image\/jpeg"}],"author":"La Gu\u00eda de Pamplona","twitter_card":"summary_large_image","twitter_creator":"@LaGuiadPamplona","twitter_site":"@LaGuiadPamplona","twitter_misc":{"Escrito por":"La Gu\u00eda de Pamplona","Tiempo de lectura":"3 minutos"},"schema":{"@context":"https:\/\/schema.org","@graph":[{"@type":"Article","@id":"https:\/\/www.laguiadepamplona.com\/actualidad\/la-nueva-unidad-de-barrio-de-txantrea-ubicada-en-la-planta-baja-del-edificio-de-salesianas-ha-sido-presentada-a-las-entidades-del-barrio\/#article","isPartOf":{"@id":"https:\/\/www.laguiadepamplona.com\/actualidad\/la-nueva-unidad-de-barrio-de-txantrea-ubicada-en-la-planta-baja-del-edificio-de-salesianas-ha-sido-presentada-a-las-entidades-del-barrio\/"},"author":{"name":"La Gu\u00eda de Pamplona","@id":"https:\/\/www.laguiadepamplona.com\/actualidad\/#\/schema\/person\/efe887376f0213d4657c93adc50b1fdb"},"headline":"La nueva Unidad de Barrio de Txantrea, ubicada en la planta baja del edificio de Salesianas, ha sido presentada a las entidades del barrio","datePublished":"2019-05-03T14:37:36+00:00","mainEntityOfPage":{"@id":"https:\/\/www.laguiadepamplona.com\/actualidad\/la-nueva-unidad-de-barrio-de-txantrea-ubicada-en-la-planta-baja-del-edificio-de-salesianas-ha-sido-presentada-a-las-entidades-del-barrio\/"},"wordCount":617,"commentCount":0,"publisher":{"@id":"https:\/\/www.laguiadepamplona.com\/actualidad\/#organization"},"image":{"@id":"https:\/\/www.laguiadepamplona.com\/actualidad\/la-nueva-unidad-de-barrio-de-txantrea-ubicada-en-la-planta-baja-del-edificio-de-salesianas-ha-sido-presentada-a-las-entidades-del-barrio\/#primaryimage"},"thumbnailUrl":"https:\/\/www.laguiadepamplona.com\/actualidad\/wp-content\/uploads\/2019\/05\/19.05.03_visita_unidad_barrio_txantrea_1.jpg","articleSection":["Ayto Pamplona"],"inLanguage":"es","potentialAction":[{"@type":"CommentAction","name":"Comment","target":["https:\/\/www.laguiadepamplona.com\/actualidad\/la-nueva-unidad-de-barrio-de-txantrea-ubicada-en-la-planta-baja-del-edificio-de-salesianas-ha-sido-presentada-a-las-entidades-del-barrio\/#respond"]}]},{"@type":"WebPage","@id":"https:\/\/www.laguiadepamplona.com\/actualidad\/la-nueva-unidad-de-barrio-de-txantrea-ubicada-en-la-planta-baja-del-edificio-de-salesianas-ha-sido-presentada-a-las-entidades-del-barrio\/","url":"https:\/\/www.laguiadepamplona.com\/actualidad\/la-nueva-unidad-de-barrio-de-txantrea-ubicada-en-la-planta-baja-del-edificio-de-salesianas-ha-sido-presentada-a-las-entidades-del-barrio\/","name":"La nueva Unidad de Barrio de Txantrea, ubicada en la planta baja del edificio de Salesianas, ha sido presentada a las entidades del barrio","isPartOf":{"@id":"https:\/\/www.laguiadepamplona.com\/actualidad\/#website"},"primaryImageOfPage":{"@id":"https:\/\/www.laguiadepamplona.com\/actualidad\/la-nueva-unidad-de-barrio-de-txantrea-ubicada-en-la-planta-baja-del-edificio-de-salesianas-ha-sido-presentada-a-las-entidades-del-barrio\/#primaryimage"},"image":{"@id":"https:\/\/www.laguiadepamplona.com\/actualidad\/la-nueva-unidad-de-barrio-de-txantrea-ubicada-en-la-planta-baja-del-edificio-de-salesianas-ha-sido-presentada-a-las-entidades-del-barrio\/#primaryimage"},"thumbnailUrl":"https:\/\/www.laguiadepamplona.com\/actualidad\/wp-content\/uploads\/2019\/05\/19.05.03_visita_unidad_barrio_txantrea_1.jpg","datePublished":"2019-05-03T14:37:36+00:00","breadcrumb":{"@id":"https:\/\/www.laguiadepamplona.com\/actualidad\/la-nueva-unidad-de-barrio-de-txantrea-ubicada-en-la-planta-baja-del-edificio-de-salesianas-ha-sido-presentada-a-las-entidades-del-barrio\/#breadcrumb"},"inLanguage":"es","potentialAction":[{"@type":"ReadAction","target":["https:\/\/www.laguiadepamplona.com\/actualidad\/la-nueva-unidad-de-barrio-de-txantrea-ubicada-en-la-planta-baja-del-edificio-de-salesianas-ha-sido-presentada-a-las-entidades-del-barrio\/"]}]},{"@type":"ImageObject","inLanguage":"es","@id":"https:\/\/www.laguiadepamplona.com\/actualidad\/la-nueva-unidad-de-barrio-de-txantrea-ubicada-en-la-planta-baja-del-edificio-de-salesianas-ha-sido-presentada-a-las-entidades-del-barrio\/#primaryimage","url":"https:\/\/www.laguiadepamplona.com\/actualidad\/wp-content\/uploads\/2019\/05\/19.05.03_visita_unidad_barrio_txantrea_1.jpg","contentUrl":"https:\/\/www.laguiadepamplona.com\/actualidad\/wp-content\/uploads\/2019\/05\/19.05.03_visita_unidad_barrio_txantrea_1.jpg","width":1900,"height":1166},{"@type":"BreadcrumbList","@id":"https:\/\/www.laguiadepamplona.com\/actualidad\/la-nueva-unidad-de-barrio-de-txantrea-ubicada-en-la-planta-baja-del-edificio-de-salesianas-ha-sido-presentada-a-las-entidades-del-barrio\/#breadcrumb","itemListElement":[{"@type":"ListItem","position":1,"name":"Portada","item":"https:\/\/www.laguiadepamplona.com\/actualidad\/"},{"@type":"ListItem","position":2,"name":"La nueva Unidad de Barrio de Txantrea, ubicada en la planta baja del edificio de Salesianas, ha sido presentada a las entidades del barrio"}]},{"@type":"WebSite","@id":"https:\/\/www.laguiadepamplona.com\/actualidad\/#website","url":"https:\/\/www.laguiadepamplona.com\/actualidad\/","name":"La gu\u00eda de Pamplona","description":"Noticias de Pamplona","publisher":{"@id":"https:\/\/www.laguiadepamplona.com\/actualidad\/#organization"},"potentialAction":[{"@type":"SearchAction","target":{"@type":"EntryPoint","urlTemplate":"https:\/\/www.laguiadepamplona.com\/actualidad\/?s={search_term_string}"},"query-input":{"@type":"PropertyValueSpecification","valueRequired":true,"valueName":"search_term_string"}}],"inLanguage":"es"},{"@type":"Organization","@id":"https:\/\/www.laguiadepamplona.com\/actualidad\/#organization","name":"La Gu\u00eda de Pamplona \/ Noticias","url":"https:\/\/www.laguiadepamplona.com\/actualidad\/","logo":{"@type":"ImageObject","inLanguage":"es","@id":"https:\/\/www.laguiadepamplona.com\/actualidad\/#\/schema\/logo\/image\/","url":"https:\/\/www.laguiadepamplona.com\/actualidad\/wp-content\/uploads\/2018\/11\/logo-laguiadepamplona18-web1.png","contentUrl":"https:\/\/www.laguiadepamplona.com\/actualidad\/wp-content\/uploads\/2018\/11\/logo-laguiadepamplona18-web1.png","width":600,"height":196,"caption":"La Gu\u00eda de Pamplona \/ Noticias"},"image":{"@id":"https:\/\/www.laguiadepamplona.com\/actualidad\/#\/schema\/logo\/image\/"},"sameAs":["https:\/\/www.facebook.com\/laguiadepamplonacom-133175176762273\/?ref=hl","https:\/\/x.com\/LaGuiadPamplona","https:\/\/www.instagram.com\/la_guia_de_pamplona\/","https:\/\/www.youtube.com\/user\/laguiadepamplona"]},{"@type":"Person","@id":"https:\/\/www.laguiadepamplona.com\/actualidad\/#\/schema\/person\/efe887376f0213d4657c93adc50b1fdb","name":"La Gu\u00eda de Pamplona","image":{"@type":"ImageObject","inLanguage":"es","@id":"https:\/\/secure.gravatar.com\/avatar\/b6992f131dc8d30ab0dff15446e9d346d9dbd95992de0fef795073f5ea83a81c?s=96&d=mm&r=g","url":"https:\/\/secure.gravatar.com\/avatar\/b6992f131dc8d30ab0dff15446e9d346d9dbd95992de0fef795073f5ea83a81c?s=96&d=mm&r=g","contentUrl":"https:\/\/secure.gravatar.com\/avatar\/b6992f131dc8d30ab0dff15446e9d346d9dbd95992de0fef795073f5ea83a81c?s=96&d=mm&r=g","caption":"La Gu\u00eda de Pamplona"}}]}},"post_mailing_queue_ids":[],"_links":{"self":[{"href":"https:\/\/www.laguiadepamplona.com\/actualidad\/wp-json\/wp\/v2\/posts\/21897","targetHints":{"allow":["GET"]}}],"collection":[{"href":"https:\/\/www.laguiadepamplona.com\/actualidad\/wp-json\/wp\/v2\/posts"}],"about":[{"href":"https:\/\/www.laguiadepamplona.com\/actualidad\/wp-json\/wp\/v2\/types\/post"}],"author":[{"embeddable":true,"href":"https:\/\/www.laguiadepamplona.com\/actualidad\/wp-json\/wp\/v2\/users\/1"}],"replies":[{"embeddable":true,"href":"https:\/\/www.laguiadepamplona.com\/actualidad\/wp-json\/wp\/v2\/comments?post=21897"}],"version-history":[{"count":0,"href":"https:\/\/www.laguiadepamplona.com\/actualidad\/wp-json\/wp\/v2\/posts\/21897\/revisions"}],"wp:featuredmedia":[{"embeddable":true,"href":"https:\/\/www.laguiadepamplona.com\/actualidad\/wp-json\/wp\/v2\/media\/21900"}],"wp:attachment":[{"href":"https:\/\/www.laguiadepamplona.com\/actualidad\/wp-json\/wp\/v2\/media?parent=21897"}],"wp:term":[{"taxonomy":"category","embeddable":true,"href":"https:\/\/www.laguiadepamplona.com\/actualidad\/wp-json\/wp\/v2\/categories?post=21897"},{"taxonomy":"post_tag","embeddable":true,"href":"https:\/\/www.laguiadepamplona.com\/actualidad\/wp-json\/wp\/v2\/tags?post=21897"}],"curies":[{"name":"wp","href":"https:\/\/api.w.org\/{rel}","templated":true}]}}