{"id":21884,"date":"2019-05-03T16:34:05","date_gmt":"2019-05-03T14:34:05","guid":{"rendered":"https:\/\/www.laguiadepamplona.es\/actualidad\/?p=21884"},"modified":"2019-05-03T16:34:05","modified_gmt":"2019-05-03T14:34:05","slug":"fractales-geometricos-asociados-a-valores-para-la-ciudad-el-lunes-pamplona-contara-con-cuatro-jardines-efimeros-ejecutados-por-entidades-de-insercion-y-escuelas-taller","status":"publish","type":"post","link":"https:\/\/www.laguiadepamplona.com\/actualidad\/fractales-geometricos-asociados-a-valores-para-la-ciudad-el-lunes-pamplona-contara-con-cuatro-jardines-efimeros-ejecutados-por-entidades-de-insercion-y-escuelas-taller\/","title":{"rendered":"Fractales geom\u00e9tricos asociados a valores para la ciudad: el lunes Pamplona contar\u00e1 con cuatro jardines ef\u00edmeros ejecutados por entidades de inserci\u00f3n y Escuelas Taller"},"content":{"rendered":"<p><!--more--><\/p>\n<h3>Las creaciones de \u2018Flores con causa\u2019 se podr\u00e1n ver hasta el 12 de mayo en Condestable, Corralillos y los baluartes de Guadalupe y San Bartolom\u00e9<\/h3>\n<p>Este pr\u00f3ximo lunes contin\u00faa la programaci\u00f3n de \u2018Pamplona es flor\u2019 con la apertura de cuatro jardines ef\u00edmeros basados en fractales (modelos geom\u00e9tricos que se repiten con regularidad en la naturaleza) y que, adem\u00e1s, quieren representar cuatro valores que quiere reivindicar Pamplona: interculturalidad, igualdad, sostenibilidad y biodiversidad. Adem\u00e1s, para marcar su car\u00e1cter inclusivo, los cuatro espacios, de alrededor de 100 m<sup>2<\/sup>, ser\u00e1n ejecutados por entidades de inserci\u00f3n sociolaboral y Escuelas Taller: Tasubinsa, Elkarkide, Lantxotegi y Fundaci\u00f3n Ilund\u00e1in.<\/p>\n<p>\u2018Flores con causa\u2019, que es el t\u00edtulo espec\u00edfico de esta actividad, se extender\u00e1 de 6 al 12 de mayo y sus escenarios ser\u00e1n el patio de Condestable, los corrales de Santo Domingo y dos zonas de la fortificaci\u00f3n: el baluarte de Guadalupe y la herradura interior del Centro de Interpretaci\u00f3n de las Fortificaciones en el baluarte de San Bartolom\u00e9. Todos los jardines ser\u00e1n realizados con 20.000 plantas en flor de diversos coloridos y elementos reutilizados y han sido dise\u00f1ados por el Servicio de Parques, Jardines y Zonas verdes del Ayuntamiento de Pamplona. Las formas-fractales elegidas: son la ramificada o \u2018arb\u00f3rea\u2019, la espiral, la sucesi\u00f3n de curvas en un meandro y la hexagonal o \u2018de colmena\u2019. Cada jard\u00edn llevar\u00e1 su panel informativo.<\/p>\n<p>Est\u00e1 previsto que el lunes 6 de mayo, entre las 11 y las 13 horas, se pueda asistir a la construcci\u00f3n del jard\u00edn de Condestable, una estructura ramificada con forma de \u00e1rbol que representar\u00e1 estos d\u00edas la Interculturalidad de la ciudad. Los trabajos de realizaci\u00f3n de los otros tres espacios comenzaron a principio de esta semana y los de Corralillos y baluarte San Bartolom\u00e9 se rematar\u00e1n el lunes. Aunque el de Condestable es el \u00fanico bajo techo, los otros tres jardines est\u00e1n en espacios acotados que se abrir\u00e1n al p\u00fablico de 10 a 20 horas.<\/p>\n<p>\u2018Pamplona es flor\u2019 quiere ser un gran contenedor de iniciativas primaverales en la ciudad. Comenz\u00f3 en marzo y re\u00fane trabajo transversal de varias \u00e1reas municipales de cara a la sostenibilidad, la potenciaci\u00f3n del entorno urbano, el fomento del turismo y de la sensibilidad art\u00edstica. Hasta el 12 de mayo en la ciudad se est\u00e1n sucediendo m\u00e1s de una veintena de actividades como los jardines ef\u00edmeros de Naturart, visitas a los parques singulares, recorridos por las \u2018joyas silvestres\u2019 o plantaciones, como los barrios de colores. Todas las actividades tienen car\u00e1cter gratuito y pueden consultarse en la web municipal <a href=\"http:\/\/www.pamplona.es\" target=\"_blank\" rel=\"noopener noreferrer\">www.pamplona.es<\/a>.<\/p>\n<p><strong>Geometr\u00eda y Bot\u00e1nica<\/strong><\/p>\n<p>Un fractal es un dise\u00f1o geom\u00e9trico cuya estructura b\u00e1sica, fragmentada o aparentemente irregular, se repite en realidad a diferentes escalas. Son im\u00e1genes que aparecen regularmente en la naturaleza y \u2018Pamplona es flor\u2019 ha elegido cuatro de ellos: los \u00e1rboles, la espiral, las curvas de los meandros fluviales y las celdillas hexagonales de un panal. Este \u2018dibujo matem\u00e1tico\u2019 se va a reproducir, en una escala mensurable, con elementos reutilizados y plantas en flor en cuatro espacios de la ciudad y los jardines ef\u00edmeros han sido pensados para proyectar valores importantes para la sociedad.<\/p>\n<p>Para la realizaci\u00f3n de los jardines se emplear\u00e1n flores de temporada como Begonias, Tagetes, Petunias, Alisum o Nomeolvides. Se emplear\u00e1n 3.000 plantas en el jard\u00edn de Corralillos de Santo Domingo, 4.000 en el de Condestable, 6.000 en el del baluarte de San Bartolom\u00e9 (herradura del Centro de Interpretaci\u00f3n de las Fortificaciones, en el parque de la Media Luna), y 7.000 en el del baluarte de Guadalupe, que se podr\u00e1 contemplar desde el mirador del Caballo Blanco.<\/p>\n<p>El Ayuntamiento de Pamplona pretende que el destino final de una parte de las plantas empleadas en estas creaciones sea llegar a los centros educativos mediante una campa\u00f1a que asocie las flores y los valores.<\/p>\n<p><strong>\u00c9tica social<\/strong><\/p>\n<p>La forma arb\u00f3rea (fractal ramificado) ser\u00e1 realizada por personal de Elkarkide en el Patio Renacentista de Condestable y quiere simbolizar la Interculturalidad, la interacci\u00f3n igualitaria entre personas y grupos con identidades culturales espec\u00edficas, una interacci\u00f3n que multiplica el patrimonio cultural y social de la ciudad. La espiral ejecutada por Fundaci\u00f3n Ilund\u00e1in se levantar\u00e1 en Corralillos. Ser\u00e1 un jard\u00edn representativo de la Igualdad como parte de la dignidad inherente a todos los seres humanos; en este dibujo floral todas y cada una de sus partes son necesarias para configurar el resultado.<\/p>\n<p>En el entorno del patrimonio fortificado de Pamplona habr\u00e1 dos jardines m\u00e1s. El fractal asignado a la Escuela Talller Lantxotegi en el baluarte de Guadalupe quiere reproducir el meandro del Arga a su paso por Pamplona, una silueta que va marcando curvas cada vez m\u00e1s pronunciadas hasta acabar perdiendo flujo. Representar\u00e1 la Sostenibilidad, la satisfacci\u00f3n de las necesidades actuales sin comprometer los recursos para el futuro; un espacio para repensar el sistema de consumo y el equilibrio global.<\/p>\n<p>El del baluarte de San Bartolom\u00e9, finalmente, ser\u00e1 llevado a cabo por personal de Tasubinsa y se basa en un fractal hexagonal (geometr\u00eda de colmena) que quiere representar la vocaci\u00f3n de la ciudad como refugio. Dedicado a la Biodiversidad, transmite la amplia variedad de seres vivos resultado de millones de a\u00f1os de evoluci\u00f3n y tambi\u00e9n la variedad de sus ecosistemas y gen\u00e9ticas que sustentan la vida sobre el planeta.<\/p>\n<p>&nbsp;<\/p>\n","protected":false},"excerpt":{"rendered":"","protected":false},"author":1,"featured_media":21886,"comment_status":"open","ping_status":"closed","sticky":false,"template":"","format":"standard","meta":{"footnotes":""},"categories":[2],"tags":[],"class_list":["post-21884","post","type-post","status-publish","format-standard","has-post-thumbnail","hentry","category-ayuntamiento-pamplona"],"yoast_head":"<!-- This site is optimized with the Yoast SEO plugin v27.5 - https:\/\/yoast.com\/product\/yoast-seo-wordpress\/ -->\n<title>Fractales geom\u00e9tricos asociados a valores para la ciudad: el lunes Pamplona contar\u00e1 con cuatro jardines ef\u00edmeros ejecutados por entidades de inserci\u00f3n y Escuelas Taller<\/title>\n<meta name=\"robots\" content=\"index, follow, max-snippet:-1, max-image-preview:large, max-video-preview:-1\" \/>\n<link rel=\"canonical\" href=\"https:\/\/www.laguiadepamplona.com\/actualidad\/fractales-geometricos-asociados-a-valores-para-la-ciudad-el-lunes-pamplona-contara-con-cuatro-jardines-efimeros-ejecutados-por-entidades-de-insercion-y-escuelas-taller\/\" \/>\n<meta property=\"og:locale\" content=\"es_ES\" \/>\n<meta property=\"og:type\" content=\"article\" \/>\n<meta property=\"og:title\" content=\"Fractales geom\u00e9tricos asociados a valores para la ciudad: el lunes Pamplona contar\u00e1 con cuatro jardines ef\u00edmeros ejecutados por entidades de inserci\u00f3n y Escuelas Taller\" \/>\n<meta property=\"og:url\" content=\"https:\/\/www.laguiadepamplona.com\/actualidad\/fractales-geometricos-asociados-a-valores-para-la-ciudad-el-lunes-pamplona-contara-con-cuatro-jardines-efimeros-ejecutados-por-entidades-de-insercion-y-escuelas-taller\/\" \/>\n<meta property=\"og:site_name\" content=\"La Gu\u00eda de Pamplona\" \/>\n<meta property=\"article:publisher\" content=\"https:\/\/www.facebook.com\/laguiadepamplonacom-133175176762273\/?ref=hl\" \/>\n<meta property=\"article:published_time\" content=\"2019-05-03T14:34:05+00:00\" \/>\n<meta property=\"og:image\" content=\"https:\/\/www.laguiadepamplona.com\/actualidad\/wp-content\/uploads\/2019\/05\/19.05.03_fractal_rio_flores_causa.jpg\" \/>\n\t<meta property=\"og:image:width\" content=\"1579\" \/>\n\t<meta property=\"og:image:height\" content=\"907\" \/>\n\t<meta property=\"og:image:type\" content=\"image\/jpeg\" \/>\n<meta name=\"author\" content=\"La Gu\u00eda de Pamplona\" \/>\n<meta name=\"twitter:card\" content=\"summary_large_image\" \/>\n<meta name=\"twitter:creator\" content=\"@LaGuiadPamplona\" \/>\n<meta name=\"twitter:site\" content=\"@LaGuiadPamplona\" \/>\n<meta name=\"twitter:label1\" content=\"Escrito por\" \/>\n\t<meta name=\"twitter:data1\" content=\"La Gu\u00eda de Pamplona\" \/>\n\t<meta name=\"twitter:label2\" content=\"Tiempo de lectura\" \/>\n\t<meta name=\"twitter:data2\" content=\"5 minutos\" \/>\n<script type=\"application\/ld+json\" class=\"yoast-schema-graph\">{\"@context\":\"https:\\\/\\\/schema.org\",\"@graph\":[{\"@type\":\"Article\",\"@id\":\"https:\\\/\\\/www.laguiadepamplona.com\\\/actualidad\\\/fractales-geometricos-asociados-a-valores-para-la-ciudad-el-lunes-pamplona-contara-con-cuatro-jardines-efimeros-ejecutados-por-entidades-de-insercion-y-escuelas-taller\\\/#article\",\"isPartOf\":{\"@id\":\"https:\\\/\\\/www.laguiadepamplona.com\\\/actualidad\\\/fractales-geometricos-asociados-a-valores-para-la-ciudad-el-lunes-pamplona-contara-con-cuatro-jardines-efimeros-ejecutados-por-entidades-de-insercion-y-escuelas-taller\\\/\"},\"author\":{\"name\":\"La Gu\u00eda de Pamplona\",\"@id\":\"https:\\\/\\\/www.laguiadepamplona.com\\\/actualidad\\\/#\\\/schema\\\/person\\\/efe887376f0213d4657c93adc50b1fdb\"},\"headline\":\"Fractales geom\u00e9tricos asociados a valores para la ciudad: el lunes Pamplona contar\u00e1 con cuatro jardines ef\u00edmeros ejecutados por entidades de inserci\u00f3n y Escuelas Taller\",\"datePublished\":\"2019-05-03T14:34:05+00:00\",\"mainEntityOfPage\":{\"@id\":\"https:\\\/\\\/www.laguiadepamplona.com\\\/actualidad\\\/fractales-geometricos-asociados-a-valores-para-la-ciudad-el-lunes-pamplona-contara-con-cuatro-jardines-efimeros-ejecutados-por-entidades-de-insercion-y-escuelas-taller\\\/\"},\"wordCount\":943,\"commentCount\":0,\"publisher\":{\"@id\":\"https:\\\/\\\/www.laguiadepamplona.com\\\/actualidad\\\/#organization\"},\"image\":{\"@id\":\"https:\\\/\\\/www.laguiadepamplona.com\\\/actualidad\\\/fractales-geometricos-asociados-a-valores-para-la-ciudad-el-lunes-pamplona-contara-con-cuatro-jardines-efimeros-ejecutados-por-entidades-de-insercion-y-escuelas-taller\\\/#primaryimage\"},\"thumbnailUrl\":\"https:\\\/\\\/www.laguiadepamplona.com\\\/actualidad\\\/wp-content\\\/uploads\\\/2019\\\/05\\\/19.05.03_fractal_rio_flores_causa.jpg\",\"articleSection\":[\"Ayto Pamplona\"],\"inLanguage\":\"es\",\"potentialAction\":[{\"@type\":\"CommentAction\",\"name\":\"Comment\",\"target\":[\"https:\\\/\\\/www.laguiadepamplona.com\\\/actualidad\\\/fractales-geometricos-asociados-a-valores-para-la-ciudad-el-lunes-pamplona-contara-con-cuatro-jardines-efimeros-ejecutados-por-entidades-de-insercion-y-escuelas-taller\\\/#respond\"]}]},{\"@type\":\"WebPage\",\"@id\":\"https:\\\/\\\/www.laguiadepamplona.com\\\/actualidad\\\/fractales-geometricos-asociados-a-valores-para-la-ciudad-el-lunes-pamplona-contara-con-cuatro-jardines-efimeros-ejecutados-por-entidades-de-insercion-y-escuelas-taller\\\/\",\"url\":\"https:\\\/\\\/www.laguiadepamplona.com\\\/actualidad\\\/fractales-geometricos-asociados-a-valores-para-la-ciudad-el-lunes-pamplona-contara-con-cuatro-jardines-efimeros-ejecutados-por-entidades-de-insercion-y-escuelas-taller\\\/\",\"name\":\"Fractales geom\u00e9tricos asociados a valores para la ciudad: el lunes Pamplona contar\u00e1 con cuatro jardines ef\u00edmeros ejecutados por entidades de inserci\u00f3n y Escuelas Taller\",\"isPartOf\":{\"@id\":\"https:\\\/\\\/www.laguiadepamplona.com\\\/actualidad\\\/#website\"},\"primaryImageOfPage\":{\"@id\":\"https:\\\/\\\/www.laguiadepamplona.com\\\/actualidad\\\/fractales-geometricos-asociados-a-valores-para-la-ciudad-el-lunes-pamplona-contara-con-cuatro-jardines-efimeros-ejecutados-por-entidades-de-insercion-y-escuelas-taller\\\/#primaryimage\"},\"image\":{\"@id\":\"https:\\\/\\\/www.laguiadepamplona.com\\\/actualidad\\\/fractales-geometricos-asociados-a-valores-para-la-ciudad-el-lunes-pamplona-contara-con-cuatro-jardines-efimeros-ejecutados-por-entidades-de-insercion-y-escuelas-taller\\\/#primaryimage\"},\"thumbnailUrl\":\"https:\\\/\\\/www.laguiadepamplona.com\\\/actualidad\\\/wp-content\\\/uploads\\\/2019\\\/05\\\/19.05.03_fractal_rio_flores_causa.jpg\",\"datePublished\":\"2019-05-03T14:34:05+00:00\",\"breadcrumb\":{\"@id\":\"https:\\\/\\\/www.laguiadepamplona.com\\\/actualidad\\\/fractales-geometricos-asociados-a-valores-para-la-ciudad-el-lunes-pamplona-contara-con-cuatro-jardines-efimeros-ejecutados-por-entidades-de-insercion-y-escuelas-taller\\\/#breadcrumb\"},\"inLanguage\":\"es\",\"potentialAction\":[{\"@type\":\"ReadAction\",\"target\":[\"https:\\\/\\\/www.laguiadepamplona.com\\\/actualidad\\\/fractales-geometricos-asociados-a-valores-para-la-ciudad-el-lunes-pamplona-contara-con-cuatro-jardines-efimeros-ejecutados-por-entidades-de-insercion-y-escuelas-taller\\\/\"]}]},{\"@type\":\"ImageObject\",\"inLanguage\":\"es\",\"@id\":\"https:\\\/\\\/www.laguiadepamplona.com\\\/actualidad\\\/fractales-geometricos-asociados-a-valores-para-la-ciudad-el-lunes-pamplona-contara-con-cuatro-jardines-efimeros-ejecutados-por-entidades-de-insercion-y-escuelas-taller\\\/#primaryimage\",\"url\":\"https:\\\/\\\/www.laguiadepamplona.com\\\/actualidad\\\/wp-content\\\/uploads\\\/2019\\\/05\\\/19.05.03_fractal_rio_flores_causa.jpg\",\"contentUrl\":\"https:\\\/\\\/www.laguiadepamplona.com\\\/actualidad\\\/wp-content\\\/uploads\\\/2019\\\/05\\\/19.05.03_fractal_rio_flores_causa.jpg\",\"width\":1579,\"height\":907},{\"@type\":\"BreadcrumbList\",\"@id\":\"https:\\\/\\\/www.laguiadepamplona.com\\\/actualidad\\\/fractales-geometricos-asociados-a-valores-para-la-ciudad-el-lunes-pamplona-contara-con-cuatro-jardines-efimeros-ejecutados-por-entidades-de-insercion-y-escuelas-taller\\\/#breadcrumb\",\"itemListElement\":[{\"@type\":\"ListItem\",\"position\":1,\"name\":\"Portada\",\"item\":\"https:\\\/\\\/www.laguiadepamplona.com\\\/actualidad\\\/\"},{\"@type\":\"ListItem\",\"position\":2,\"name\":\"Fractales geom\u00e9tricos asociados a valores para la ciudad: el lunes Pamplona contar\u00e1 con cuatro jardines ef\u00edmeros ejecutados por entidades de inserci\u00f3n y Escuelas Taller\"}]},{\"@type\":\"WebSite\",\"@id\":\"https:\\\/\\\/www.laguiadepamplona.com\\\/actualidad\\\/#website\",\"url\":\"https:\\\/\\\/www.laguiadepamplona.com\\\/actualidad\\\/\",\"name\":\"La gu\u00eda de Pamplona\",\"description\":\"Noticias de Pamplona\",\"publisher\":{\"@id\":\"https:\\\/\\\/www.laguiadepamplona.com\\\/actualidad\\\/#organization\"},\"potentialAction\":[{\"@type\":\"SearchAction\",\"target\":{\"@type\":\"EntryPoint\",\"urlTemplate\":\"https:\\\/\\\/www.laguiadepamplona.com\\\/actualidad\\\/?s={search_term_string}\"},\"query-input\":{\"@type\":\"PropertyValueSpecification\",\"valueRequired\":true,\"valueName\":\"search_term_string\"}}],\"inLanguage\":\"es\"},{\"@type\":\"Organization\",\"@id\":\"https:\\\/\\\/www.laguiadepamplona.com\\\/actualidad\\\/#organization\",\"name\":\"La Gu\u00eda de Pamplona \\\/ Noticias\",\"url\":\"https:\\\/\\\/www.laguiadepamplona.com\\\/actualidad\\\/\",\"logo\":{\"@type\":\"ImageObject\",\"inLanguage\":\"es\",\"@id\":\"https:\\\/\\\/www.laguiadepamplona.com\\\/actualidad\\\/#\\\/schema\\\/logo\\\/image\\\/\",\"url\":\"https:\\\/\\\/www.laguiadepamplona.com\\\/actualidad\\\/wp-content\\\/uploads\\\/2018\\\/11\\\/logo-laguiadepamplona18-web1.png\",\"contentUrl\":\"https:\\\/\\\/www.laguiadepamplona.com\\\/actualidad\\\/wp-content\\\/uploads\\\/2018\\\/11\\\/logo-laguiadepamplona18-web1.png\",\"width\":600,\"height\":196,\"caption\":\"La Gu\u00eda de Pamplona \\\/ Noticias\"},\"image\":{\"@id\":\"https:\\\/\\\/www.laguiadepamplona.com\\\/actualidad\\\/#\\\/schema\\\/logo\\\/image\\\/\"},\"sameAs\":[\"https:\\\/\\\/www.facebook.com\\\/laguiadepamplonacom-133175176762273\\\/?ref=hl\",\"https:\\\/\\\/x.com\\\/LaGuiadPamplona\",\"https:\\\/\\\/www.instagram.com\\\/la_guia_de_pamplona\\\/\",\"https:\\\/\\\/www.youtube.com\\\/user\\\/laguiadepamplona\"]},{\"@type\":\"Person\",\"@id\":\"https:\\\/\\\/www.laguiadepamplona.com\\\/actualidad\\\/#\\\/schema\\\/person\\\/efe887376f0213d4657c93adc50b1fdb\",\"name\":\"La Gu\u00eda de Pamplona\",\"image\":{\"@type\":\"ImageObject\",\"inLanguage\":\"es\",\"@id\":\"https:\\\/\\\/secure.gravatar.com\\\/avatar\\\/b6992f131dc8d30ab0dff15446e9d346d9dbd95992de0fef795073f5ea83a81c?s=96&d=mm&r=g\",\"url\":\"https:\\\/\\\/secure.gravatar.com\\\/avatar\\\/b6992f131dc8d30ab0dff15446e9d346d9dbd95992de0fef795073f5ea83a81c?s=96&d=mm&r=g\",\"contentUrl\":\"https:\\\/\\\/secure.gravatar.com\\\/avatar\\\/b6992f131dc8d30ab0dff15446e9d346d9dbd95992de0fef795073f5ea83a81c?s=96&d=mm&r=g\",\"caption\":\"La Gu\u00eda de Pamplona\"}}]}<\/script>\n<!-- \/ Yoast SEO plugin. -->","yoast_head_json":{"title":"Fractales geom\u00e9tricos asociados a valores para la ciudad: el lunes Pamplona contar\u00e1 con cuatro jardines ef\u00edmeros ejecutados por entidades de inserci\u00f3n y Escuelas Taller","robots":{"index":"index","follow":"follow","max-snippet":"max-snippet:-1","max-image-preview":"max-image-preview:large","max-video-preview":"max-video-preview:-1"},"canonical":"https:\/\/www.laguiadepamplona.com\/actualidad\/fractales-geometricos-asociados-a-valores-para-la-ciudad-el-lunes-pamplona-contara-con-cuatro-jardines-efimeros-ejecutados-por-entidades-de-insercion-y-escuelas-taller\/","og_locale":"es_ES","og_type":"article","og_title":"Fractales geom\u00e9tricos asociados a valores para la ciudad: el lunes Pamplona contar\u00e1 con cuatro jardines ef\u00edmeros ejecutados por entidades de inserci\u00f3n y Escuelas Taller","og_url":"https:\/\/www.laguiadepamplona.com\/actualidad\/fractales-geometricos-asociados-a-valores-para-la-ciudad-el-lunes-pamplona-contara-con-cuatro-jardines-efimeros-ejecutados-por-entidades-de-insercion-y-escuelas-taller\/","og_site_name":"La Gu\u00eda de Pamplona","article_publisher":"https:\/\/www.facebook.com\/laguiadepamplonacom-133175176762273\/?ref=hl","article_published_time":"2019-05-03T14:34:05+00:00","og_image":[{"width":1579,"height":907,"url":"https:\/\/www.laguiadepamplona.com\/actualidad\/wp-content\/uploads\/2019\/05\/19.05.03_fractal_rio_flores_causa.jpg","type":"image\/jpeg"}],"author":"La Gu\u00eda de Pamplona","twitter_card":"summary_large_image","twitter_creator":"@LaGuiadPamplona","twitter_site":"@LaGuiadPamplona","twitter_misc":{"Escrito por":"La Gu\u00eda de Pamplona","Tiempo de lectura":"5 minutos"},"schema":{"@context":"https:\/\/schema.org","@graph":[{"@type":"Article","@id":"https:\/\/www.laguiadepamplona.com\/actualidad\/fractales-geometricos-asociados-a-valores-para-la-ciudad-el-lunes-pamplona-contara-con-cuatro-jardines-efimeros-ejecutados-por-entidades-de-insercion-y-escuelas-taller\/#article","isPartOf":{"@id":"https:\/\/www.laguiadepamplona.com\/actualidad\/fractales-geometricos-asociados-a-valores-para-la-ciudad-el-lunes-pamplona-contara-con-cuatro-jardines-efimeros-ejecutados-por-entidades-de-insercion-y-escuelas-taller\/"},"author":{"name":"La Gu\u00eda de Pamplona","@id":"https:\/\/www.laguiadepamplona.com\/actualidad\/#\/schema\/person\/efe887376f0213d4657c93adc50b1fdb"},"headline":"Fractales geom\u00e9tricos asociados a valores para la ciudad: el lunes Pamplona contar\u00e1 con cuatro jardines ef\u00edmeros ejecutados por entidades de inserci\u00f3n y Escuelas Taller","datePublished":"2019-05-03T14:34:05+00:00","mainEntityOfPage":{"@id":"https:\/\/www.laguiadepamplona.com\/actualidad\/fractales-geometricos-asociados-a-valores-para-la-ciudad-el-lunes-pamplona-contara-con-cuatro-jardines-efimeros-ejecutados-por-entidades-de-insercion-y-escuelas-taller\/"},"wordCount":943,"commentCount":0,"publisher":{"@id":"https:\/\/www.laguiadepamplona.com\/actualidad\/#organization"},"image":{"@id":"https:\/\/www.laguiadepamplona.com\/actualidad\/fractales-geometricos-asociados-a-valores-para-la-ciudad-el-lunes-pamplona-contara-con-cuatro-jardines-efimeros-ejecutados-por-entidades-de-insercion-y-escuelas-taller\/#primaryimage"},"thumbnailUrl":"https:\/\/www.laguiadepamplona.com\/actualidad\/wp-content\/uploads\/2019\/05\/19.05.03_fractal_rio_flores_causa.jpg","articleSection":["Ayto Pamplona"],"inLanguage":"es","potentialAction":[{"@type":"CommentAction","name":"Comment","target":["https:\/\/www.laguiadepamplona.com\/actualidad\/fractales-geometricos-asociados-a-valores-para-la-ciudad-el-lunes-pamplona-contara-con-cuatro-jardines-efimeros-ejecutados-por-entidades-de-insercion-y-escuelas-taller\/#respond"]}]},{"@type":"WebPage","@id":"https:\/\/www.laguiadepamplona.com\/actualidad\/fractales-geometricos-asociados-a-valores-para-la-ciudad-el-lunes-pamplona-contara-con-cuatro-jardines-efimeros-ejecutados-por-entidades-de-insercion-y-escuelas-taller\/","url":"https:\/\/www.laguiadepamplona.com\/actualidad\/fractales-geometricos-asociados-a-valores-para-la-ciudad-el-lunes-pamplona-contara-con-cuatro-jardines-efimeros-ejecutados-por-entidades-de-insercion-y-escuelas-taller\/","name":"Fractales geom\u00e9tricos asociados a valores para la ciudad: el lunes Pamplona contar\u00e1 con cuatro jardines ef\u00edmeros ejecutados por entidades de inserci\u00f3n y Escuelas Taller","isPartOf":{"@id":"https:\/\/www.laguiadepamplona.com\/actualidad\/#website"},"primaryImageOfPage":{"@id":"https:\/\/www.laguiadepamplona.com\/actualidad\/fractales-geometricos-asociados-a-valores-para-la-ciudad-el-lunes-pamplona-contara-con-cuatro-jardines-efimeros-ejecutados-por-entidades-de-insercion-y-escuelas-taller\/#primaryimage"},"image":{"@id":"https:\/\/www.laguiadepamplona.com\/actualidad\/fractales-geometricos-asociados-a-valores-para-la-ciudad-el-lunes-pamplona-contara-con-cuatro-jardines-efimeros-ejecutados-por-entidades-de-insercion-y-escuelas-taller\/#primaryimage"},"thumbnailUrl":"https:\/\/www.laguiadepamplona.com\/actualidad\/wp-content\/uploads\/2019\/05\/19.05.03_fractal_rio_flores_causa.jpg","datePublished":"2019-05-03T14:34:05+00:00","breadcrumb":{"@id":"https:\/\/www.laguiadepamplona.com\/actualidad\/fractales-geometricos-asociados-a-valores-para-la-ciudad-el-lunes-pamplona-contara-con-cuatro-jardines-efimeros-ejecutados-por-entidades-de-insercion-y-escuelas-taller\/#breadcrumb"},"inLanguage":"es","potentialAction":[{"@type":"ReadAction","target":["https:\/\/www.laguiadepamplona.com\/actualidad\/fractales-geometricos-asociados-a-valores-para-la-ciudad-el-lunes-pamplona-contara-con-cuatro-jardines-efimeros-ejecutados-por-entidades-de-insercion-y-escuelas-taller\/"]}]},{"@type":"ImageObject","inLanguage":"es","@id":"https:\/\/www.laguiadepamplona.com\/actualidad\/fractales-geometricos-asociados-a-valores-para-la-ciudad-el-lunes-pamplona-contara-con-cuatro-jardines-efimeros-ejecutados-por-entidades-de-insercion-y-escuelas-taller\/#primaryimage","url":"https:\/\/www.laguiadepamplona.com\/actualidad\/wp-content\/uploads\/2019\/05\/19.05.03_fractal_rio_flores_causa.jpg","contentUrl":"https:\/\/www.laguiadepamplona.com\/actualidad\/wp-content\/uploads\/2019\/05\/19.05.03_fractal_rio_flores_causa.jpg","width":1579,"height":907},{"@type":"BreadcrumbList","@id":"https:\/\/www.laguiadepamplona.com\/actualidad\/fractales-geometricos-asociados-a-valores-para-la-ciudad-el-lunes-pamplona-contara-con-cuatro-jardines-efimeros-ejecutados-por-entidades-de-insercion-y-escuelas-taller\/#breadcrumb","itemListElement":[{"@type":"ListItem","position":1,"name":"Portada","item":"https:\/\/www.laguiadepamplona.com\/actualidad\/"},{"@type":"ListItem","position":2,"name":"Fractales geom\u00e9tricos asociados a valores para la ciudad: el lunes Pamplona contar\u00e1 con cuatro jardines ef\u00edmeros ejecutados por entidades de inserci\u00f3n y Escuelas Taller"}]},{"@type":"WebSite","@id":"https:\/\/www.laguiadepamplona.com\/actualidad\/#website","url":"https:\/\/www.laguiadepamplona.com\/actualidad\/","name":"La gu\u00eda de Pamplona","description":"Noticias de Pamplona","publisher":{"@id":"https:\/\/www.laguiadepamplona.com\/actualidad\/#organization"},"potentialAction":[{"@type":"SearchAction","target":{"@type":"EntryPoint","urlTemplate":"https:\/\/www.laguiadepamplona.com\/actualidad\/?s={search_term_string}"},"query-input":{"@type":"PropertyValueSpecification","valueRequired":true,"valueName":"search_term_string"}}],"inLanguage":"es"},{"@type":"Organization","@id":"https:\/\/www.laguiadepamplona.com\/actualidad\/#organization","name":"La Gu\u00eda de Pamplona \/ Noticias","url":"https:\/\/www.laguiadepamplona.com\/actualidad\/","logo":{"@type":"ImageObject","inLanguage":"es","@id":"https:\/\/www.laguiadepamplona.com\/actualidad\/#\/schema\/logo\/image\/","url":"https:\/\/www.laguiadepamplona.com\/actualidad\/wp-content\/uploads\/2018\/11\/logo-laguiadepamplona18-web1.png","contentUrl":"https:\/\/www.laguiadepamplona.com\/actualidad\/wp-content\/uploads\/2018\/11\/logo-laguiadepamplona18-web1.png","width":600,"height":196,"caption":"La Gu\u00eda de Pamplona \/ Noticias"},"image":{"@id":"https:\/\/www.laguiadepamplona.com\/actualidad\/#\/schema\/logo\/image\/"},"sameAs":["https:\/\/www.facebook.com\/laguiadepamplonacom-133175176762273\/?ref=hl","https:\/\/x.com\/LaGuiadPamplona","https:\/\/www.instagram.com\/la_guia_de_pamplona\/","https:\/\/www.youtube.com\/user\/laguiadepamplona"]},{"@type":"Person","@id":"https:\/\/www.laguiadepamplona.com\/actualidad\/#\/schema\/person\/efe887376f0213d4657c93adc50b1fdb","name":"La Gu\u00eda de Pamplona","image":{"@type":"ImageObject","inLanguage":"es","@id":"https:\/\/secure.gravatar.com\/avatar\/b6992f131dc8d30ab0dff15446e9d346d9dbd95992de0fef795073f5ea83a81c?s=96&d=mm&r=g","url":"https:\/\/secure.gravatar.com\/avatar\/b6992f131dc8d30ab0dff15446e9d346d9dbd95992de0fef795073f5ea83a81c?s=96&d=mm&r=g","contentUrl":"https:\/\/secure.gravatar.com\/avatar\/b6992f131dc8d30ab0dff15446e9d346d9dbd95992de0fef795073f5ea83a81c?s=96&d=mm&r=g","caption":"La Gu\u00eda de Pamplona"}}]}},"post_mailing_queue_ids":[],"_links":{"self":[{"href":"https:\/\/www.laguiadepamplona.com\/actualidad\/wp-json\/wp\/v2\/posts\/21884","targetHints":{"allow":["GET"]}}],"collection":[{"href":"https:\/\/www.laguiadepamplona.com\/actualidad\/wp-json\/wp\/v2\/posts"}],"about":[{"href":"https:\/\/www.laguiadepamplona.com\/actualidad\/wp-json\/wp\/v2\/types\/post"}],"author":[{"embeddable":true,"href":"https:\/\/www.laguiadepamplona.com\/actualidad\/wp-json\/wp\/v2\/users\/1"}],"replies":[{"embeddable":true,"href":"https:\/\/www.laguiadepamplona.com\/actualidad\/wp-json\/wp\/v2\/comments?post=21884"}],"version-history":[{"count":0,"href":"https:\/\/www.laguiadepamplona.com\/actualidad\/wp-json\/wp\/v2\/posts\/21884\/revisions"}],"wp:featuredmedia":[{"embeddable":true,"href":"https:\/\/www.laguiadepamplona.com\/actualidad\/wp-json\/wp\/v2\/media\/21886"}],"wp:attachment":[{"href":"https:\/\/www.laguiadepamplona.com\/actualidad\/wp-json\/wp\/v2\/media?parent=21884"}],"wp:term":[{"taxonomy":"category","embeddable":true,"href":"https:\/\/www.laguiadepamplona.com\/actualidad\/wp-json\/wp\/v2\/categories?post=21884"},{"taxonomy":"post_tag","embeddable":true,"href":"https:\/\/www.laguiadepamplona.com\/actualidad\/wp-json\/wp\/v2\/tags?post=21884"}],"curies":[{"name":"wp","href":"https:\/\/api.w.org\/{rel}","templated":true}]}}