{"id":21880,"date":"2019-05-03T16:32:20","date_gmt":"2019-05-03T14:32:20","guid":{"rendered":"https:\/\/www.laguiadepamplona.es\/actualidad\/?p=21880"},"modified":"2019-05-03T16:40:06","modified_gmt":"2019-05-03T14:40:06","slug":"condestable-acoge-la-entrega-de-una-treintena-de-reconocimientos-a-agentes-de-policia-con-motivo-del-dia-de-las-policias-municipales-de-la-comarca-de-pamplona","status":"publish","type":"post","link":"https:\/\/www.laguiadepamplona.com\/actualidad\/condestable-acoge-la-entrega-de-una-treintena-de-reconocimientos-a-agentes-de-policia-con-motivo-del-dia-de-las-policias-municipales-de-la-comarca-de-pamplona\/","title":{"rendered":"Condestable acoge la entrega de una treintena de reconocimientos a agentes de polic\u00eda con motivo del D\u00eda de las Polic\u00edas Municipales de la Comarca de Pamplona"},"content":{"rendered":"<p><!--more--><\/p>\n<h3>Han participado ayuntamientos y polic\u00edas municipales de Pamplona, Anso\u00e1in, Bara\u00f1\u00e1in, Berriozar, Burlada, No\u00e1in, Valle de Eg\u00fc\u00e9s, Villava y Zizur Mayor<\/h3>\n<p>El Palacio del Condestable ha sido la sede este a\u00f1o de la celebraci\u00f3n del D\u00eda de las Polic\u00edas Municipales de la Comarca de Pamplona. Una celebraci\u00f3n que ha reunido a representantes de nueve cuerpos policiales, as\u00ed como a alcaldes y concejales de los ayuntamientos firmantes del acuerdo de colaboraci\u00f3n por el que se instaura este d\u00eda de confraternizaci\u00f3n. El alcalde de Pamplona, Joseba Asiron, ha ejercido como anfitri\u00f3n, ya que este a\u00f1o le tocaba organizar la jornada a la Polic\u00eda Municipal de Pamplona, junto a la concejala delegada de Seguridad Ciudadana y Convivencia, Itziar G\u00f3mez, y el jefe de la Polic\u00eda Municipal, Jes\u00fas Mun\u00e1rriz.<\/p>\n<p>Durante el acto se han entregado una treintena de reconocimientos p\u00fablicos a agentes de los cuerpos de polic\u00eda municipal. En concreto, se han entregado 26 felicitaciones p\u00fablicas por servicios realizados, su competencia y actividad o por el riesgo en el cumplimiento de su deber; 3 medallas que han recibido el jefe de la Polic\u00eda Municipal de Zizur Mayor, Xabier Mart\u00ednez, el agente primero de Polic\u00eda Municipal de Bara\u00f1\u00e1in, Miguel \u00c1ngel Zuasti, y el jefe de secci\u00f3n de coordinaci\u00f3n de seguridad de la Direcci\u00f3n General de Interior del Gobierno de Navarra, Alfredo Ondarra; 1 placa de agradecimiento a la jefa provincial de Tr\u00e1fico de Navarra, Bel\u00e9n Santamar\u00eda y 1 placa de servicios distinguidos al jefe de la Polic\u00eda Municipal de Villava, Pedro Z\u00fa\u00f1iga.<\/p>\n<p>En el D\u00eda de las Polic\u00edas de la Comarca han participado los cuerpos policiales y ayuntamientos de Pamplona, Anso\u00e1in, Bara\u00f1\u00e1in, Berriozar, Burlada, No\u00e1in, Valle de Eg\u00fc\u00e9s, Villava y Zizur Mayor. Al acto han acudido, adem\u00e1s, el alcalde de Berriozar, Ra\u00fal Maiza, el alcalde de Burlada, Txema Noval, el alcalde de No\u00e1in, Alberto Ilund\u00e1in, el alcalde del Valle de Eg\u00fc\u00e9s, Alfonso Etxeberr\u00eda, el alcalde de Villava, Mikel Oteiza, el alcalde de Zizur Mayor, Jon Gond\u00e1n, el concejal de Seguridad Ciudadana del Ayuntamiento de Bara\u00f1\u00e1in, I\u00f1aki L\u00f3pez, y el concejal del Ayuntamiento de Anso\u00e1in, Ibai Ant\u00f3n.<\/p>\n<p>El Ayuntamiento de Pamplona, y por tanto la Polic\u00eda Municipal de Pamplona, se sumaron en marzo del a\u00f1o pasado a esta iniciativa, a trav\u00e9s de un convenio de colaboraci\u00f3n que tiene por objeto la organizaci\u00f3n de actos protocolarios, actividades formativas, t\u00e9cnico-policiales, deportivas y de confraternizaci\u00f3n entre los miembros de los cuerpos de polic\u00eda municipal de los consistorios firmantes. A esos actos y actividades podr\u00e1n ser invitados a participar y\/o acudir miembros de otros cuerpos de seguridad e instituciones que, por su trabajo diario y\/o caracter\u00edsticas, tengan relaci\u00f3n profesional con la organizaci\u00f3n, as\u00ed como autoridades y personalidades tambi\u00e9n relacionadas.<\/p>\n","protected":false},"excerpt":{"rendered":"","protected":false},"author":1,"featured_media":21905,"comment_status":"open","ping_status":"closed","sticky":false,"template":"","format":"standard","meta":{"footnotes":""},"categories":[2],"tags":[],"class_list":["post-21880","post","type-post","status-publish","format-standard","has-post-thumbnail","hentry","category-ayuntamiento-pamplona"],"yoast_head":"<!-- This site is optimized with the Yoast SEO plugin v27.5 - https:\/\/yoast.com\/product\/yoast-seo-wordpress\/ -->\n<title>Condestable acoge la entrega de una treintena de reconocimientos a agentes de polic\u00eda con motivo del D\u00eda de las Polic\u00edas Municipales de la Comarca de Pamplona<\/title>\n<meta name=\"robots\" content=\"index, follow, max-snippet:-1, max-image-preview:large, max-video-preview:-1\" \/>\n<link rel=\"canonical\" href=\"https:\/\/www.laguiadepamplona.com\/actualidad\/condestable-acoge-la-entrega-de-una-treintena-de-reconocimientos-a-agentes-de-policia-con-motivo-del-dia-de-las-policias-municipales-de-la-comarca-de-pamplona\/\" \/>\n<meta property=\"og:locale\" content=\"es_ES\" \/>\n<meta property=\"og:type\" content=\"article\" \/>\n<meta property=\"og:title\" content=\"Condestable acoge la entrega de una treintena de reconocimientos a agentes de polic\u00eda con motivo del D\u00eda de las Polic\u00edas Municipales de la Comarca de Pamplona\" \/>\n<meta property=\"og:url\" content=\"https:\/\/www.laguiadepamplona.com\/actualidad\/condestable-acoge-la-entrega-de-una-treintena-de-reconocimientos-a-agentes-de-policia-con-motivo-del-dia-de-las-policias-municipales-de-la-comarca-de-pamplona\/\" \/>\n<meta property=\"og:site_name\" content=\"La Gu\u00eda de Pamplona\" \/>\n<meta property=\"article:publisher\" content=\"https:\/\/www.facebook.com\/laguiadepamplonacom-133175176762273\/?ref=hl\" \/>\n<meta property=\"article:published_time\" content=\"2019-05-03T14:32:20+00:00\" \/>\n<meta property=\"article:modified_time\" content=\"2019-05-03T14:40:06+00:00\" \/>\n<meta property=\"og:image\" content=\"https:\/\/www.laguiadepamplona.com\/actualidad\/wp-content\/uploads\/2019\/05\/19.05.03_dia_policias_municipales_omarca.jpg\" \/>\n\t<meta property=\"og:image:width\" content=\"1900\" \/>\n\t<meta property=\"og:image:height\" content=\"1266\" \/>\n\t<meta property=\"og:image:type\" content=\"image\/jpeg\" \/>\n<meta name=\"author\" content=\"La Gu\u00eda de Pamplona\" \/>\n<meta name=\"twitter:card\" content=\"summary_large_image\" \/>\n<meta name=\"twitter:creator\" content=\"@LaGuiadPamplona\" \/>\n<meta name=\"twitter:site\" content=\"@LaGuiadPamplona\" \/>\n<meta name=\"twitter:label1\" content=\"Escrito por\" \/>\n\t<meta name=\"twitter:data1\" content=\"La Gu\u00eda de Pamplona\" \/>\n\t<meta name=\"twitter:label2\" content=\"Tiempo de lectura\" \/>\n\t<meta name=\"twitter:data2\" content=\"3 minutos\" \/>\n<script type=\"application\/ld+json\" class=\"yoast-schema-graph\">{\"@context\":\"https:\\\/\\\/schema.org\",\"@graph\":[{\"@type\":\"Article\",\"@id\":\"https:\\\/\\\/www.laguiadepamplona.com\\\/actualidad\\\/condestable-acoge-la-entrega-de-una-treintena-de-reconocimientos-a-agentes-de-policia-con-motivo-del-dia-de-las-policias-municipales-de-la-comarca-de-pamplona\\\/#article\",\"isPartOf\":{\"@id\":\"https:\\\/\\\/www.laguiadepamplona.com\\\/actualidad\\\/condestable-acoge-la-entrega-de-una-treintena-de-reconocimientos-a-agentes-de-policia-con-motivo-del-dia-de-las-policias-municipales-de-la-comarca-de-pamplona\\\/\"},\"author\":{\"name\":\"La Gu\u00eda de Pamplona\",\"@id\":\"https:\\\/\\\/www.laguiadepamplona.com\\\/actualidad\\\/#\\\/schema\\\/person\\\/efe887376f0213d4657c93adc50b1fdb\"},\"headline\":\"Condestable acoge la entrega de una treintena de reconocimientos a agentes de polic\u00eda con motivo del D\u00eda de las Polic\u00edas Municipales de la Comarca de Pamplona\",\"datePublished\":\"2019-05-03T14:32:20+00:00\",\"dateModified\":\"2019-05-03T14:40:06+00:00\",\"mainEntityOfPage\":{\"@id\":\"https:\\\/\\\/www.laguiadepamplona.com\\\/actualidad\\\/condestable-acoge-la-entrega-de-una-treintena-de-reconocimientos-a-agentes-de-policia-con-motivo-del-dia-de-las-policias-municipales-de-la-comarca-de-pamplona\\\/\"},\"wordCount\":531,\"commentCount\":0,\"publisher\":{\"@id\":\"https:\\\/\\\/www.laguiadepamplona.com\\\/actualidad\\\/#organization\"},\"image\":{\"@id\":\"https:\\\/\\\/www.laguiadepamplona.com\\\/actualidad\\\/condestable-acoge-la-entrega-de-una-treintena-de-reconocimientos-a-agentes-de-policia-con-motivo-del-dia-de-las-policias-municipales-de-la-comarca-de-pamplona\\\/#primaryimage\"},\"thumbnailUrl\":\"https:\\\/\\\/www.laguiadepamplona.com\\\/actualidad\\\/wp-content\\\/uploads\\\/2019\\\/05\\\/19.05.03_dia_policias_municipales_omarca.jpg\",\"articleSection\":[\"Ayto Pamplona\"],\"inLanguage\":\"es\",\"potentialAction\":[{\"@type\":\"CommentAction\",\"name\":\"Comment\",\"target\":[\"https:\\\/\\\/www.laguiadepamplona.com\\\/actualidad\\\/condestable-acoge-la-entrega-de-una-treintena-de-reconocimientos-a-agentes-de-policia-con-motivo-del-dia-de-las-policias-municipales-de-la-comarca-de-pamplona\\\/#respond\"]}]},{\"@type\":\"WebPage\",\"@id\":\"https:\\\/\\\/www.laguiadepamplona.com\\\/actualidad\\\/condestable-acoge-la-entrega-de-una-treintena-de-reconocimientos-a-agentes-de-policia-con-motivo-del-dia-de-las-policias-municipales-de-la-comarca-de-pamplona\\\/\",\"url\":\"https:\\\/\\\/www.laguiadepamplona.com\\\/actualidad\\\/condestable-acoge-la-entrega-de-una-treintena-de-reconocimientos-a-agentes-de-policia-con-motivo-del-dia-de-las-policias-municipales-de-la-comarca-de-pamplona\\\/\",\"name\":\"Condestable acoge la entrega de una treintena de reconocimientos a agentes de polic\u00eda con motivo del D\u00eda de las Polic\u00edas Municipales de la Comarca de Pamplona\",\"isPartOf\":{\"@id\":\"https:\\\/\\\/www.laguiadepamplona.com\\\/actualidad\\\/#website\"},\"primaryImageOfPage\":{\"@id\":\"https:\\\/\\\/www.laguiadepamplona.com\\\/actualidad\\\/condestable-acoge-la-entrega-de-una-treintena-de-reconocimientos-a-agentes-de-policia-con-motivo-del-dia-de-las-policias-municipales-de-la-comarca-de-pamplona\\\/#primaryimage\"},\"image\":{\"@id\":\"https:\\\/\\\/www.laguiadepamplona.com\\\/actualidad\\\/condestable-acoge-la-entrega-de-una-treintena-de-reconocimientos-a-agentes-de-policia-con-motivo-del-dia-de-las-policias-municipales-de-la-comarca-de-pamplona\\\/#primaryimage\"},\"thumbnailUrl\":\"https:\\\/\\\/www.laguiadepamplona.com\\\/actualidad\\\/wp-content\\\/uploads\\\/2019\\\/05\\\/19.05.03_dia_policias_municipales_omarca.jpg\",\"datePublished\":\"2019-05-03T14:32:20+00:00\",\"dateModified\":\"2019-05-03T14:40:06+00:00\",\"breadcrumb\":{\"@id\":\"https:\\\/\\\/www.laguiadepamplona.com\\\/actualidad\\\/condestable-acoge-la-entrega-de-una-treintena-de-reconocimientos-a-agentes-de-policia-con-motivo-del-dia-de-las-policias-municipales-de-la-comarca-de-pamplona\\\/#breadcrumb\"},\"inLanguage\":\"es\",\"potentialAction\":[{\"@type\":\"ReadAction\",\"target\":[\"https:\\\/\\\/www.laguiadepamplona.com\\\/actualidad\\\/condestable-acoge-la-entrega-de-una-treintena-de-reconocimientos-a-agentes-de-policia-con-motivo-del-dia-de-las-policias-municipales-de-la-comarca-de-pamplona\\\/\"]}]},{\"@type\":\"ImageObject\",\"inLanguage\":\"es\",\"@id\":\"https:\\\/\\\/www.laguiadepamplona.com\\\/actualidad\\\/condestable-acoge-la-entrega-de-una-treintena-de-reconocimientos-a-agentes-de-policia-con-motivo-del-dia-de-las-policias-municipales-de-la-comarca-de-pamplona\\\/#primaryimage\",\"url\":\"https:\\\/\\\/www.laguiadepamplona.com\\\/actualidad\\\/wp-content\\\/uploads\\\/2019\\\/05\\\/19.05.03_dia_policias_municipales_omarca.jpg\",\"contentUrl\":\"https:\\\/\\\/www.laguiadepamplona.com\\\/actualidad\\\/wp-content\\\/uploads\\\/2019\\\/05\\\/19.05.03_dia_policias_municipales_omarca.jpg\",\"width\":1900,\"height\":1266},{\"@type\":\"BreadcrumbList\",\"@id\":\"https:\\\/\\\/www.laguiadepamplona.com\\\/actualidad\\\/condestable-acoge-la-entrega-de-una-treintena-de-reconocimientos-a-agentes-de-policia-con-motivo-del-dia-de-las-policias-municipales-de-la-comarca-de-pamplona\\\/#breadcrumb\",\"itemListElement\":[{\"@type\":\"ListItem\",\"position\":1,\"name\":\"Portada\",\"item\":\"https:\\\/\\\/www.laguiadepamplona.com\\\/actualidad\\\/\"},{\"@type\":\"ListItem\",\"position\":2,\"name\":\"Condestable acoge la entrega de una treintena de reconocimientos a agentes de polic\u00eda con motivo del D\u00eda de las Polic\u00edas Municipales de la Comarca de Pamplona\"}]},{\"@type\":\"WebSite\",\"@id\":\"https:\\\/\\\/www.laguiadepamplona.com\\\/actualidad\\\/#website\",\"url\":\"https:\\\/\\\/www.laguiadepamplona.com\\\/actualidad\\\/\",\"name\":\"La gu\u00eda de Pamplona\",\"description\":\"Noticias de Pamplona\",\"publisher\":{\"@id\":\"https:\\\/\\\/www.laguiadepamplona.com\\\/actualidad\\\/#organization\"},\"potentialAction\":[{\"@type\":\"SearchAction\",\"target\":{\"@type\":\"EntryPoint\",\"urlTemplate\":\"https:\\\/\\\/www.laguiadepamplona.com\\\/actualidad\\\/?s={search_term_string}\"},\"query-input\":{\"@type\":\"PropertyValueSpecification\",\"valueRequired\":true,\"valueName\":\"search_term_string\"}}],\"inLanguage\":\"es\"},{\"@type\":\"Organization\",\"@id\":\"https:\\\/\\\/www.laguiadepamplona.com\\\/actualidad\\\/#organization\",\"name\":\"La Gu\u00eda de Pamplona \\\/ Noticias\",\"url\":\"https:\\\/\\\/www.laguiadepamplona.com\\\/actualidad\\\/\",\"logo\":{\"@type\":\"ImageObject\",\"inLanguage\":\"es\",\"@id\":\"https:\\\/\\\/www.laguiadepamplona.com\\\/actualidad\\\/#\\\/schema\\\/logo\\\/image\\\/\",\"url\":\"https:\\\/\\\/www.laguiadepamplona.com\\\/actualidad\\\/wp-content\\\/uploads\\\/2018\\\/11\\\/logo-laguiadepamplona18-web1.png\",\"contentUrl\":\"https:\\\/\\\/www.laguiadepamplona.com\\\/actualidad\\\/wp-content\\\/uploads\\\/2018\\\/11\\\/logo-laguiadepamplona18-web1.png\",\"width\":600,\"height\":196,\"caption\":\"La Gu\u00eda de Pamplona \\\/ Noticias\"},\"image\":{\"@id\":\"https:\\\/\\\/www.laguiadepamplona.com\\\/actualidad\\\/#\\\/schema\\\/logo\\\/image\\\/\"},\"sameAs\":[\"https:\\\/\\\/www.facebook.com\\\/laguiadepamplonacom-133175176762273\\\/?ref=hl\",\"https:\\\/\\\/x.com\\\/LaGuiadPamplona\",\"https:\\\/\\\/www.instagram.com\\\/la_guia_de_pamplona\\\/\",\"https:\\\/\\\/www.youtube.com\\\/user\\\/laguiadepamplona\"]},{\"@type\":\"Person\",\"@id\":\"https:\\\/\\\/www.laguiadepamplona.com\\\/actualidad\\\/#\\\/schema\\\/person\\\/efe887376f0213d4657c93adc50b1fdb\",\"name\":\"La Gu\u00eda de Pamplona\",\"image\":{\"@type\":\"ImageObject\",\"inLanguage\":\"es\",\"@id\":\"https:\\\/\\\/secure.gravatar.com\\\/avatar\\\/b6992f131dc8d30ab0dff15446e9d346d9dbd95992de0fef795073f5ea83a81c?s=96&d=mm&r=g\",\"url\":\"https:\\\/\\\/secure.gravatar.com\\\/avatar\\\/b6992f131dc8d30ab0dff15446e9d346d9dbd95992de0fef795073f5ea83a81c?s=96&d=mm&r=g\",\"contentUrl\":\"https:\\\/\\\/secure.gravatar.com\\\/avatar\\\/b6992f131dc8d30ab0dff15446e9d346d9dbd95992de0fef795073f5ea83a81c?s=96&d=mm&r=g\",\"caption\":\"La Gu\u00eda de Pamplona\"}}]}<\/script>\n<!-- \/ Yoast SEO plugin. -->","yoast_head_json":{"title":"Condestable acoge la entrega de una treintena de reconocimientos a agentes de polic\u00eda con motivo del D\u00eda de las Polic\u00edas Municipales de la Comarca de Pamplona","robots":{"index":"index","follow":"follow","max-snippet":"max-snippet:-1","max-image-preview":"max-image-preview:large","max-video-preview":"max-video-preview:-1"},"canonical":"https:\/\/www.laguiadepamplona.com\/actualidad\/condestable-acoge-la-entrega-de-una-treintena-de-reconocimientos-a-agentes-de-policia-con-motivo-del-dia-de-las-policias-municipales-de-la-comarca-de-pamplona\/","og_locale":"es_ES","og_type":"article","og_title":"Condestable acoge la entrega de una treintena de reconocimientos a agentes de polic\u00eda con motivo del D\u00eda de las Polic\u00edas Municipales de la Comarca de Pamplona","og_url":"https:\/\/www.laguiadepamplona.com\/actualidad\/condestable-acoge-la-entrega-de-una-treintena-de-reconocimientos-a-agentes-de-policia-con-motivo-del-dia-de-las-policias-municipales-de-la-comarca-de-pamplona\/","og_site_name":"La Gu\u00eda de Pamplona","article_publisher":"https:\/\/www.facebook.com\/laguiadepamplonacom-133175176762273\/?ref=hl","article_published_time":"2019-05-03T14:32:20+00:00","article_modified_time":"2019-05-03T14:40:06+00:00","og_image":[{"width":1900,"height":1266,"url":"https:\/\/www.laguiadepamplona.com\/actualidad\/wp-content\/uploads\/2019\/05\/19.05.03_dia_policias_municipales_omarca.jpg","type":"image\/jpeg"}],"author":"La Gu\u00eda de Pamplona","twitter_card":"summary_large_image","twitter_creator":"@LaGuiadPamplona","twitter_site":"@LaGuiadPamplona","twitter_misc":{"Escrito por":"La Gu\u00eda de Pamplona","Tiempo de lectura":"3 minutos"},"schema":{"@context":"https:\/\/schema.org","@graph":[{"@type":"Article","@id":"https:\/\/www.laguiadepamplona.com\/actualidad\/condestable-acoge-la-entrega-de-una-treintena-de-reconocimientos-a-agentes-de-policia-con-motivo-del-dia-de-las-policias-municipales-de-la-comarca-de-pamplona\/#article","isPartOf":{"@id":"https:\/\/www.laguiadepamplona.com\/actualidad\/condestable-acoge-la-entrega-de-una-treintena-de-reconocimientos-a-agentes-de-policia-con-motivo-del-dia-de-las-policias-municipales-de-la-comarca-de-pamplona\/"},"author":{"name":"La Gu\u00eda de Pamplona","@id":"https:\/\/www.laguiadepamplona.com\/actualidad\/#\/schema\/person\/efe887376f0213d4657c93adc50b1fdb"},"headline":"Condestable acoge la entrega de una treintena de reconocimientos a agentes de polic\u00eda con motivo del D\u00eda de las Polic\u00edas Municipales de la Comarca de Pamplona","datePublished":"2019-05-03T14:32:20+00:00","dateModified":"2019-05-03T14:40:06+00:00","mainEntityOfPage":{"@id":"https:\/\/www.laguiadepamplona.com\/actualidad\/condestable-acoge-la-entrega-de-una-treintena-de-reconocimientos-a-agentes-de-policia-con-motivo-del-dia-de-las-policias-municipales-de-la-comarca-de-pamplona\/"},"wordCount":531,"commentCount":0,"publisher":{"@id":"https:\/\/www.laguiadepamplona.com\/actualidad\/#organization"},"image":{"@id":"https:\/\/www.laguiadepamplona.com\/actualidad\/condestable-acoge-la-entrega-de-una-treintena-de-reconocimientos-a-agentes-de-policia-con-motivo-del-dia-de-las-policias-municipales-de-la-comarca-de-pamplona\/#primaryimage"},"thumbnailUrl":"https:\/\/www.laguiadepamplona.com\/actualidad\/wp-content\/uploads\/2019\/05\/19.05.03_dia_policias_municipales_omarca.jpg","articleSection":["Ayto Pamplona"],"inLanguage":"es","potentialAction":[{"@type":"CommentAction","name":"Comment","target":["https:\/\/www.laguiadepamplona.com\/actualidad\/condestable-acoge-la-entrega-de-una-treintena-de-reconocimientos-a-agentes-de-policia-con-motivo-del-dia-de-las-policias-municipales-de-la-comarca-de-pamplona\/#respond"]}]},{"@type":"WebPage","@id":"https:\/\/www.laguiadepamplona.com\/actualidad\/condestable-acoge-la-entrega-de-una-treintena-de-reconocimientos-a-agentes-de-policia-con-motivo-del-dia-de-las-policias-municipales-de-la-comarca-de-pamplona\/","url":"https:\/\/www.laguiadepamplona.com\/actualidad\/condestable-acoge-la-entrega-de-una-treintena-de-reconocimientos-a-agentes-de-policia-con-motivo-del-dia-de-las-policias-municipales-de-la-comarca-de-pamplona\/","name":"Condestable acoge la entrega de una treintena de reconocimientos a agentes de polic\u00eda con motivo del D\u00eda de las Polic\u00edas Municipales de la Comarca de Pamplona","isPartOf":{"@id":"https:\/\/www.laguiadepamplona.com\/actualidad\/#website"},"primaryImageOfPage":{"@id":"https:\/\/www.laguiadepamplona.com\/actualidad\/condestable-acoge-la-entrega-de-una-treintena-de-reconocimientos-a-agentes-de-policia-con-motivo-del-dia-de-las-policias-municipales-de-la-comarca-de-pamplona\/#primaryimage"},"image":{"@id":"https:\/\/www.laguiadepamplona.com\/actualidad\/condestable-acoge-la-entrega-de-una-treintena-de-reconocimientos-a-agentes-de-policia-con-motivo-del-dia-de-las-policias-municipales-de-la-comarca-de-pamplona\/#primaryimage"},"thumbnailUrl":"https:\/\/www.laguiadepamplona.com\/actualidad\/wp-content\/uploads\/2019\/05\/19.05.03_dia_policias_municipales_omarca.jpg","datePublished":"2019-05-03T14:32:20+00:00","dateModified":"2019-05-03T14:40:06+00:00","breadcrumb":{"@id":"https:\/\/www.laguiadepamplona.com\/actualidad\/condestable-acoge-la-entrega-de-una-treintena-de-reconocimientos-a-agentes-de-policia-con-motivo-del-dia-de-las-policias-municipales-de-la-comarca-de-pamplona\/#breadcrumb"},"inLanguage":"es","potentialAction":[{"@type":"ReadAction","target":["https:\/\/www.laguiadepamplona.com\/actualidad\/condestable-acoge-la-entrega-de-una-treintena-de-reconocimientos-a-agentes-de-policia-con-motivo-del-dia-de-las-policias-municipales-de-la-comarca-de-pamplona\/"]}]},{"@type":"ImageObject","inLanguage":"es","@id":"https:\/\/www.laguiadepamplona.com\/actualidad\/condestable-acoge-la-entrega-de-una-treintena-de-reconocimientos-a-agentes-de-policia-con-motivo-del-dia-de-las-policias-municipales-de-la-comarca-de-pamplona\/#primaryimage","url":"https:\/\/www.laguiadepamplona.com\/actualidad\/wp-content\/uploads\/2019\/05\/19.05.03_dia_policias_municipales_omarca.jpg","contentUrl":"https:\/\/www.laguiadepamplona.com\/actualidad\/wp-content\/uploads\/2019\/05\/19.05.03_dia_policias_municipales_omarca.jpg","width":1900,"height":1266},{"@type":"BreadcrumbList","@id":"https:\/\/www.laguiadepamplona.com\/actualidad\/condestable-acoge-la-entrega-de-una-treintena-de-reconocimientos-a-agentes-de-policia-con-motivo-del-dia-de-las-policias-municipales-de-la-comarca-de-pamplona\/#breadcrumb","itemListElement":[{"@type":"ListItem","position":1,"name":"Portada","item":"https:\/\/www.laguiadepamplona.com\/actualidad\/"},{"@type":"ListItem","position":2,"name":"Condestable acoge la entrega de una treintena de reconocimientos a agentes de polic\u00eda con motivo del D\u00eda de las Polic\u00edas Municipales de la Comarca de Pamplona"}]},{"@type":"WebSite","@id":"https:\/\/www.laguiadepamplona.com\/actualidad\/#website","url":"https:\/\/www.laguiadepamplona.com\/actualidad\/","name":"La gu\u00eda de Pamplona","description":"Noticias de Pamplona","publisher":{"@id":"https:\/\/www.laguiadepamplona.com\/actualidad\/#organization"},"potentialAction":[{"@type":"SearchAction","target":{"@type":"EntryPoint","urlTemplate":"https:\/\/www.laguiadepamplona.com\/actualidad\/?s={search_term_string}"},"query-input":{"@type":"PropertyValueSpecification","valueRequired":true,"valueName":"search_term_string"}}],"inLanguage":"es"},{"@type":"Organization","@id":"https:\/\/www.laguiadepamplona.com\/actualidad\/#organization","name":"La Gu\u00eda de Pamplona \/ Noticias","url":"https:\/\/www.laguiadepamplona.com\/actualidad\/","logo":{"@type":"ImageObject","inLanguage":"es","@id":"https:\/\/www.laguiadepamplona.com\/actualidad\/#\/schema\/logo\/image\/","url":"https:\/\/www.laguiadepamplona.com\/actualidad\/wp-content\/uploads\/2018\/11\/logo-laguiadepamplona18-web1.png","contentUrl":"https:\/\/www.laguiadepamplona.com\/actualidad\/wp-content\/uploads\/2018\/11\/logo-laguiadepamplona18-web1.png","width":600,"height":196,"caption":"La Gu\u00eda de Pamplona \/ Noticias"},"image":{"@id":"https:\/\/www.laguiadepamplona.com\/actualidad\/#\/schema\/logo\/image\/"},"sameAs":["https:\/\/www.facebook.com\/laguiadepamplonacom-133175176762273\/?ref=hl","https:\/\/x.com\/LaGuiadPamplona","https:\/\/www.instagram.com\/la_guia_de_pamplona\/","https:\/\/www.youtube.com\/user\/laguiadepamplona"]},{"@type":"Person","@id":"https:\/\/www.laguiadepamplona.com\/actualidad\/#\/schema\/person\/efe887376f0213d4657c93adc50b1fdb","name":"La Gu\u00eda de Pamplona","image":{"@type":"ImageObject","inLanguage":"es","@id":"https:\/\/secure.gravatar.com\/avatar\/b6992f131dc8d30ab0dff15446e9d346d9dbd95992de0fef795073f5ea83a81c?s=96&d=mm&r=g","url":"https:\/\/secure.gravatar.com\/avatar\/b6992f131dc8d30ab0dff15446e9d346d9dbd95992de0fef795073f5ea83a81c?s=96&d=mm&r=g","contentUrl":"https:\/\/secure.gravatar.com\/avatar\/b6992f131dc8d30ab0dff15446e9d346d9dbd95992de0fef795073f5ea83a81c?s=96&d=mm&r=g","caption":"La Gu\u00eda de Pamplona"}}]}},"post_mailing_queue_ids":[],"_links":{"self":[{"href":"https:\/\/www.laguiadepamplona.com\/actualidad\/wp-json\/wp\/v2\/posts\/21880","targetHints":{"allow":["GET"]}}],"collection":[{"href":"https:\/\/www.laguiadepamplona.com\/actualidad\/wp-json\/wp\/v2\/posts"}],"about":[{"href":"https:\/\/www.laguiadepamplona.com\/actualidad\/wp-json\/wp\/v2\/types\/post"}],"author":[{"embeddable":true,"href":"https:\/\/www.laguiadepamplona.com\/actualidad\/wp-json\/wp\/v2\/users\/1"}],"replies":[{"embeddable":true,"href":"https:\/\/www.laguiadepamplona.com\/actualidad\/wp-json\/wp\/v2\/comments?post=21880"}],"version-history":[{"count":0,"href":"https:\/\/www.laguiadepamplona.com\/actualidad\/wp-json\/wp\/v2\/posts\/21880\/revisions"}],"wp:featuredmedia":[{"embeddable":true,"href":"https:\/\/www.laguiadepamplona.com\/actualidad\/wp-json\/wp\/v2\/media\/21905"}],"wp:attachment":[{"href":"https:\/\/www.laguiadepamplona.com\/actualidad\/wp-json\/wp\/v2\/media?parent=21880"}],"wp:term":[{"taxonomy":"category","embeddable":true,"href":"https:\/\/www.laguiadepamplona.com\/actualidad\/wp-json\/wp\/v2\/categories?post=21880"},{"taxonomy":"post_tag","embeddable":true,"href":"https:\/\/www.laguiadepamplona.com\/actualidad\/wp-json\/wp\/v2\/tags?post=21880"}],"curies":[{"name":"wp","href":"https:\/\/api.w.org\/{rel}","templated":true}]}}