{"id":21876,"date":"2019-05-03T16:31:44","date_gmt":"2019-05-03T14:31:44","guid":{"rendered":"https:\/\/www.laguiadepamplona.es\/actualidad\/?p=21876"},"modified":"2019-05-03T16:31:44","modified_gmt":"2019-05-03T14:31:44","slug":"la-explotacion-sexual-de-mujeres-y-ninas-sera-el-centro-de-la-charla-que-este-lunes-acogera-la-casa-de-la-juventud-de-la-mano-de-medicos-del-mundo-y-accion-contra-la-trata","status":"publish","type":"post","link":"https:\/\/www.laguiadepamplona.com\/actualidad\/la-explotacion-sexual-de-mujeres-y-ninas-sera-el-centro-de-la-charla-que-este-lunes-acogera-la-casa-de-la-juventud-de-la-mano-de-medicos-del-mundo-y-accion-contra-la-trata\/","title":{"rendered":"La explotaci\u00f3n sexual de mujeres y ni\u00f1as ser\u00e1 el centro de la charla que este lunes acoger\u00e1 la Casa de la Juventud de la mano de M\u00e9dicos del Mundo y Acci\u00f3n Contra la Trata"},"content":{"rendered":"<p><!--more--><\/p>\n<h3>Es una de las actividades de ALBOAN y SEI colaboraci\u00f3n con el Programa de Cooperaci\u00f3n para el Desarrollo del Ayuntamiento de Pamplona<\/h3>\n<p>El pr\u00f3ximo lunes 6 de mayo se celebra en la Casa de la Juventud de Pamplona la charla sobre \u2018Trata de mujeres y ni\u00f1as, la esclavitud del nuevo siglo\u2019. Ser\u00e1 a las 19 horas, con entrada libre y estar\u00e1 a cargo de ponentes de las asociaciones M\u00e9dicos del Mundo Navarra y Acci\u00f3n Contra la Trata (ACT). Es una de las actividades de la programaci\u00f3n de \u2018Una Ventana al mundo, formaci\u00f3n para la solidaridad\u2019, un conjunto de actividades de sensibilizaci\u00f3n que llevan a cabo la Fundaci\u00f3n ALBOAN y la Asociaci\u00f3n SEI, en colaboraci\u00f3n con el Programa de Cooperaci\u00f3n para el Desarrollo del Ayuntamiento de Pamplona.<\/p>\n<p>Las personas que se encargar\u00e1n de impartirla son Iratxe Arrechea, miembros de la asociaci\u00f3n M\u00e9dicos del Mundo; Alicia Gim\u00e9nez y Joy Amen Omoruyi, superviviente de la trata de mujeres y actual mediadora en la entidad Acci\u00f3n contra la Trata. En la sesi\u00f3n se hablar\u00e1 de las cifras generales, pero tambi\u00e9n se descender\u00e1 a historias concretas contadas de primera mano y se abordar\u00e1 el por qu\u00e9 esta realidad que est\u00e1 directamente relacionada con el g\u00e9nero, ya que el 80%de personas sometidas a trata con fines de explotaci\u00f3n sexual son mujeres y ni\u00f1as, la gran mayor\u00eda menores de 25 a\u00f1os.<\/p>\n<p>La trata con fines de explotaci\u00f3n sexual es una realidad estrechamente ligada a la prostituci\u00f3n. Las asociaciones que luchan por erradicar la trata como ataque directo a los derechos humanos estiman que, en la actualidad la prostituci\u00f3n alcanza a unos 40 millones de personas en el mundo. Las cifras sit\u00faan en Espa\u00f1a a 45.000 mujeres y ni\u00f1as en situaci\u00f3n de prostituci\u00f3n. En Navarra, , se aborda la trata de mujeres y ni\u00f1as con fines de explotaci\u00f3n sexual desde diferentes organismos e instituciones y se han creado diferentes mecanismos y herramientas para trabajar en esta \u00e1rea, erradicar la trata de mujeres con fines de explotaci\u00f3n sexual y proporcionar los servicios de atenci\u00f3n necesarios para las v\u00edctimas de trata.<\/p>\n<p><strong>Dos asociaciones contra la explotaci\u00f3n<\/strong><\/p>\n<p>Las asociaciones que participar\u00e1n ma\u00f1ana invitadas por SEI y Alboan tienen una larga trayectoria en la lucha contra la trata y la explotaci\u00f3n sexual de las mujeres y ni\u00f1as. M\u00e9dicos del Mundo es una asociaci\u00f3n independiente que trabaja para hacer efectivo el derecho a la salud para todas las personas, especialmente para las poblaciones vulnerables, excluidas o v\u00edctimas de cat\u00e1strofes naturales, hambrunas, enfermedades, conflictos armados o violencia pol\u00edtica. Desarrolla sus proyectos tanto en Espa\u00f1a, como en 19 pa\u00edses de Asia, Am\u00e9rica, \u00c1frica, Oriente Medio y Europa.<\/p>\n<p>Por su parte Acci\u00f3n contra la Trata lucha contra este fen\u00f3meno desde en diversos niveles de actuaci\u00f3n, desde su dimensi\u00f3n local, nacional e internacional y busca promover valores de igualdad que permitan alcanzar una sociedad y una ciudadan\u00eda sana en las relaciones entre personas. Y es que la trata con fines de explotaci\u00f3n sexual es una de las representaciones m\u00e1s crudas de la desigualdad de g\u00e9nero, convirtiendo a mujeres y ni\u00f1as en simple mercanc\u00eda a manos de varones.<\/p>\n<p><strong>\u2018Una Ventana al mundo, formaci\u00f3n para la solidaridad\u2019<\/strong><\/p>\n<p><span style=\"color: #ff0000;\"><strong>Lunes, 6 de mayo<\/strong><\/span><\/p>\n<p><strong>CHARLA<\/strong><\/p>\n<ul>\n<li><strong>Trata de mujeres y ni\u00f1as, la esclavitud del nuevo siglo<\/strong><\/li>\n<li><strong>Participan: M\u00e9dicos del Mundo Navarra y Acci\u00f3n Contra la Trata (ACT)<\/strong><\/li>\n<li><strong>Organizan: Fundaci\u00f3n Alboan y Asociaci\u00f3n SEI<\/strong><\/li>\n<li><strong>Casa De la Juventud. 19 horas. Entrada libre<\/strong><\/li>\n<\/ul>\n","protected":false},"excerpt":{"rendered":"","protected":false},"author":1,"featured_media":13864,"comment_status":"open","ping_status":"closed","sticky":false,"template":"","format":"standard","meta":{"footnotes":""},"categories":[2],"tags":[],"class_list":["post-21876","post","type-post","status-publish","format-standard","has-post-thumbnail","hentry","category-ayuntamiento-pamplona"],"yoast_head":"<!-- This site is optimized with the Yoast SEO plugin v27.5 - https:\/\/yoast.com\/product\/yoast-seo-wordpress\/ -->\n<title>La explotaci\u00f3n sexual de mujeres y ni\u00f1as ser\u00e1 el centro de la charla que este lunes acoger\u00e1 la Casa de la Juventud de la mano de M\u00e9dicos del Mundo y Acci\u00f3n Contra la Trata<\/title>\n<meta name=\"robots\" content=\"index, follow, max-snippet:-1, max-image-preview:large, max-video-preview:-1\" \/>\n<link rel=\"canonical\" href=\"https:\/\/www.laguiadepamplona.com\/actualidad\/la-explotacion-sexual-de-mujeres-y-ninas-sera-el-centro-de-la-charla-que-este-lunes-acogera-la-casa-de-la-juventud-de-la-mano-de-medicos-del-mundo-y-accion-contra-la-trata\/\" \/>\n<meta property=\"og:locale\" content=\"es_ES\" \/>\n<meta property=\"og:type\" content=\"article\" \/>\n<meta property=\"og:title\" content=\"La explotaci\u00f3n sexual de mujeres y ni\u00f1as ser\u00e1 el centro de la charla que este lunes acoger\u00e1 la Casa de la Juventud de la mano de M\u00e9dicos del Mundo y Acci\u00f3n Contra la Trata\" \/>\n<meta property=\"og:url\" content=\"https:\/\/www.laguiadepamplona.com\/actualidad\/la-explotacion-sexual-de-mujeres-y-ninas-sera-el-centro-de-la-charla-que-este-lunes-acogera-la-casa-de-la-juventud-de-la-mano-de-medicos-del-mundo-y-accion-contra-la-trata\/\" \/>\n<meta property=\"og:site_name\" content=\"La Gu\u00eda de Pamplona\" \/>\n<meta property=\"article:publisher\" content=\"https:\/\/www.facebook.com\/laguiadepamplonacom-133175176762273\/?ref=hl\" \/>\n<meta property=\"article:published_time\" content=\"2019-05-03T14:31:44+00:00\" \/>\n<meta property=\"og:image\" content=\"https:\/\/www.laguiadepamplona.com\/actualidad\/wp-content\/uploads\/2017\/08\/cada_dia_plan_juventud.jpg\" \/>\n\t<meta property=\"og:image:width\" content=\"1000\" \/>\n\t<meta property=\"og:image:height\" content=\"527\" \/>\n\t<meta property=\"og:image:type\" content=\"image\/jpeg\" \/>\n<meta name=\"author\" content=\"La Gu\u00eda de Pamplona\" \/>\n<meta name=\"twitter:card\" content=\"summary_large_image\" \/>\n<meta name=\"twitter:creator\" content=\"@LaGuiadPamplona\" \/>\n<meta name=\"twitter:site\" content=\"@LaGuiadPamplona\" \/>\n<meta name=\"twitter:label1\" content=\"Escrito por\" \/>\n\t<meta name=\"twitter:data1\" content=\"La Gu\u00eda de Pamplona\" \/>\n\t<meta name=\"twitter:label2\" content=\"Tiempo de lectura\" \/>\n\t<meta name=\"twitter:data2\" content=\"3 minutos\" \/>\n<script type=\"application\/ld+json\" class=\"yoast-schema-graph\">{\"@context\":\"https:\\\/\\\/schema.org\",\"@graph\":[{\"@type\":\"Article\",\"@id\":\"https:\\\/\\\/www.laguiadepamplona.com\\\/actualidad\\\/la-explotacion-sexual-de-mujeres-y-ninas-sera-el-centro-de-la-charla-que-este-lunes-acogera-la-casa-de-la-juventud-de-la-mano-de-medicos-del-mundo-y-accion-contra-la-trata\\\/#article\",\"isPartOf\":{\"@id\":\"https:\\\/\\\/www.laguiadepamplona.com\\\/actualidad\\\/la-explotacion-sexual-de-mujeres-y-ninas-sera-el-centro-de-la-charla-que-este-lunes-acogera-la-casa-de-la-juventud-de-la-mano-de-medicos-del-mundo-y-accion-contra-la-trata\\\/\"},\"author\":{\"name\":\"La Gu\u00eda de Pamplona\",\"@id\":\"https:\\\/\\\/www.laguiadepamplona.com\\\/actualidad\\\/#\\\/schema\\\/person\\\/efe887376f0213d4657c93adc50b1fdb\"},\"headline\":\"La explotaci\u00f3n sexual de mujeres y ni\u00f1as ser\u00e1 el centro de la charla que este lunes acoger\u00e1 la Casa de la Juventud de la mano de M\u00e9dicos del Mundo y Acci\u00f3n Contra la Trata\",\"datePublished\":\"2019-05-03T14:31:44+00:00\",\"mainEntityOfPage\":{\"@id\":\"https:\\\/\\\/www.laguiadepamplona.com\\\/actualidad\\\/la-explotacion-sexual-de-mujeres-y-ninas-sera-el-centro-de-la-charla-que-este-lunes-acogera-la-casa-de-la-juventud-de-la-mano-de-medicos-del-mundo-y-accion-contra-la-trata\\\/\"},\"wordCount\":654,\"commentCount\":0,\"publisher\":{\"@id\":\"https:\\\/\\\/www.laguiadepamplona.com\\\/actualidad\\\/#organization\"},\"image\":{\"@id\":\"https:\\\/\\\/www.laguiadepamplona.com\\\/actualidad\\\/la-explotacion-sexual-de-mujeres-y-ninas-sera-el-centro-de-la-charla-que-este-lunes-acogera-la-casa-de-la-juventud-de-la-mano-de-medicos-del-mundo-y-accion-contra-la-trata\\\/#primaryimage\"},\"thumbnailUrl\":\"https:\\\/\\\/www.laguiadepamplona.com\\\/actualidad\\\/wp-content\\\/uploads\\\/2017\\\/08\\\/cada_dia_plan_juventud.jpg\",\"articleSection\":[\"Ayto Pamplona\"],\"inLanguage\":\"es\",\"potentialAction\":[{\"@type\":\"CommentAction\",\"name\":\"Comment\",\"target\":[\"https:\\\/\\\/www.laguiadepamplona.com\\\/actualidad\\\/la-explotacion-sexual-de-mujeres-y-ninas-sera-el-centro-de-la-charla-que-este-lunes-acogera-la-casa-de-la-juventud-de-la-mano-de-medicos-del-mundo-y-accion-contra-la-trata\\\/#respond\"]}]},{\"@type\":\"WebPage\",\"@id\":\"https:\\\/\\\/www.laguiadepamplona.com\\\/actualidad\\\/la-explotacion-sexual-de-mujeres-y-ninas-sera-el-centro-de-la-charla-que-este-lunes-acogera-la-casa-de-la-juventud-de-la-mano-de-medicos-del-mundo-y-accion-contra-la-trata\\\/\",\"url\":\"https:\\\/\\\/www.laguiadepamplona.com\\\/actualidad\\\/la-explotacion-sexual-de-mujeres-y-ninas-sera-el-centro-de-la-charla-que-este-lunes-acogera-la-casa-de-la-juventud-de-la-mano-de-medicos-del-mundo-y-accion-contra-la-trata\\\/\",\"name\":\"La explotaci\u00f3n sexual de mujeres y ni\u00f1as ser\u00e1 el centro de la charla que este lunes acoger\u00e1 la Casa de la Juventud de la mano de M\u00e9dicos del Mundo y Acci\u00f3n Contra la Trata\",\"isPartOf\":{\"@id\":\"https:\\\/\\\/www.laguiadepamplona.com\\\/actualidad\\\/#website\"},\"primaryImageOfPage\":{\"@id\":\"https:\\\/\\\/www.laguiadepamplona.com\\\/actualidad\\\/la-explotacion-sexual-de-mujeres-y-ninas-sera-el-centro-de-la-charla-que-este-lunes-acogera-la-casa-de-la-juventud-de-la-mano-de-medicos-del-mundo-y-accion-contra-la-trata\\\/#primaryimage\"},\"image\":{\"@id\":\"https:\\\/\\\/www.laguiadepamplona.com\\\/actualidad\\\/la-explotacion-sexual-de-mujeres-y-ninas-sera-el-centro-de-la-charla-que-este-lunes-acogera-la-casa-de-la-juventud-de-la-mano-de-medicos-del-mundo-y-accion-contra-la-trata\\\/#primaryimage\"},\"thumbnailUrl\":\"https:\\\/\\\/www.laguiadepamplona.com\\\/actualidad\\\/wp-content\\\/uploads\\\/2017\\\/08\\\/cada_dia_plan_juventud.jpg\",\"datePublished\":\"2019-05-03T14:31:44+00:00\",\"breadcrumb\":{\"@id\":\"https:\\\/\\\/www.laguiadepamplona.com\\\/actualidad\\\/la-explotacion-sexual-de-mujeres-y-ninas-sera-el-centro-de-la-charla-que-este-lunes-acogera-la-casa-de-la-juventud-de-la-mano-de-medicos-del-mundo-y-accion-contra-la-trata\\\/#breadcrumb\"},\"inLanguage\":\"es\",\"potentialAction\":[{\"@type\":\"ReadAction\",\"target\":[\"https:\\\/\\\/www.laguiadepamplona.com\\\/actualidad\\\/la-explotacion-sexual-de-mujeres-y-ninas-sera-el-centro-de-la-charla-que-este-lunes-acogera-la-casa-de-la-juventud-de-la-mano-de-medicos-del-mundo-y-accion-contra-la-trata\\\/\"]}]},{\"@type\":\"ImageObject\",\"inLanguage\":\"es\",\"@id\":\"https:\\\/\\\/www.laguiadepamplona.com\\\/actualidad\\\/la-explotacion-sexual-de-mujeres-y-ninas-sera-el-centro-de-la-charla-que-este-lunes-acogera-la-casa-de-la-juventud-de-la-mano-de-medicos-del-mundo-y-accion-contra-la-trata\\\/#primaryimage\",\"url\":\"https:\\\/\\\/www.laguiadepamplona.com\\\/actualidad\\\/wp-content\\\/uploads\\\/2017\\\/08\\\/cada_dia_plan_juventud.jpg\",\"contentUrl\":\"https:\\\/\\\/www.laguiadepamplona.com\\\/actualidad\\\/wp-content\\\/uploads\\\/2017\\\/08\\\/cada_dia_plan_juventud.jpg\",\"width\":1000,\"height\":527},{\"@type\":\"BreadcrumbList\",\"@id\":\"https:\\\/\\\/www.laguiadepamplona.com\\\/actualidad\\\/la-explotacion-sexual-de-mujeres-y-ninas-sera-el-centro-de-la-charla-que-este-lunes-acogera-la-casa-de-la-juventud-de-la-mano-de-medicos-del-mundo-y-accion-contra-la-trata\\\/#breadcrumb\",\"itemListElement\":[{\"@type\":\"ListItem\",\"position\":1,\"name\":\"Portada\",\"item\":\"https:\\\/\\\/www.laguiadepamplona.com\\\/actualidad\\\/\"},{\"@type\":\"ListItem\",\"position\":2,\"name\":\"La explotaci\u00f3n sexual de mujeres y ni\u00f1as ser\u00e1 el centro de la charla que este lunes acoger\u00e1 la Casa de la Juventud de la mano de M\u00e9dicos del Mundo y Acci\u00f3n Contra la Trata\"}]},{\"@type\":\"WebSite\",\"@id\":\"https:\\\/\\\/www.laguiadepamplona.com\\\/actualidad\\\/#website\",\"url\":\"https:\\\/\\\/www.laguiadepamplona.com\\\/actualidad\\\/\",\"name\":\"La gu\u00eda de Pamplona\",\"description\":\"Noticias de Pamplona\",\"publisher\":{\"@id\":\"https:\\\/\\\/www.laguiadepamplona.com\\\/actualidad\\\/#organization\"},\"potentialAction\":[{\"@type\":\"SearchAction\",\"target\":{\"@type\":\"EntryPoint\",\"urlTemplate\":\"https:\\\/\\\/www.laguiadepamplona.com\\\/actualidad\\\/?s={search_term_string}\"},\"query-input\":{\"@type\":\"PropertyValueSpecification\",\"valueRequired\":true,\"valueName\":\"search_term_string\"}}],\"inLanguage\":\"es\"},{\"@type\":\"Organization\",\"@id\":\"https:\\\/\\\/www.laguiadepamplona.com\\\/actualidad\\\/#organization\",\"name\":\"La Gu\u00eda de Pamplona \\\/ Noticias\",\"url\":\"https:\\\/\\\/www.laguiadepamplona.com\\\/actualidad\\\/\",\"logo\":{\"@type\":\"ImageObject\",\"inLanguage\":\"es\",\"@id\":\"https:\\\/\\\/www.laguiadepamplona.com\\\/actualidad\\\/#\\\/schema\\\/logo\\\/image\\\/\",\"url\":\"https:\\\/\\\/www.laguiadepamplona.com\\\/actualidad\\\/wp-content\\\/uploads\\\/2018\\\/11\\\/logo-laguiadepamplona18-web1.png\",\"contentUrl\":\"https:\\\/\\\/www.laguiadepamplona.com\\\/actualidad\\\/wp-content\\\/uploads\\\/2018\\\/11\\\/logo-laguiadepamplona18-web1.png\",\"width\":600,\"height\":196,\"caption\":\"La Gu\u00eda de Pamplona \\\/ Noticias\"},\"image\":{\"@id\":\"https:\\\/\\\/www.laguiadepamplona.com\\\/actualidad\\\/#\\\/schema\\\/logo\\\/image\\\/\"},\"sameAs\":[\"https:\\\/\\\/www.facebook.com\\\/laguiadepamplonacom-133175176762273\\\/?ref=hl\",\"https:\\\/\\\/x.com\\\/LaGuiadPamplona\",\"https:\\\/\\\/www.instagram.com\\\/la_guia_de_pamplona\\\/\",\"https:\\\/\\\/www.youtube.com\\\/user\\\/laguiadepamplona\"]},{\"@type\":\"Person\",\"@id\":\"https:\\\/\\\/www.laguiadepamplona.com\\\/actualidad\\\/#\\\/schema\\\/person\\\/efe887376f0213d4657c93adc50b1fdb\",\"name\":\"La Gu\u00eda de Pamplona\",\"image\":{\"@type\":\"ImageObject\",\"inLanguage\":\"es\",\"@id\":\"https:\\\/\\\/secure.gravatar.com\\\/avatar\\\/b6992f131dc8d30ab0dff15446e9d346d9dbd95992de0fef795073f5ea83a81c?s=96&d=mm&r=g\",\"url\":\"https:\\\/\\\/secure.gravatar.com\\\/avatar\\\/b6992f131dc8d30ab0dff15446e9d346d9dbd95992de0fef795073f5ea83a81c?s=96&d=mm&r=g\",\"contentUrl\":\"https:\\\/\\\/secure.gravatar.com\\\/avatar\\\/b6992f131dc8d30ab0dff15446e9d346d9dbd95992de0fef795073f5ea83a81c?s=96&d=mm&r=g\",\"caption\":\"La Gu\u00eda de Pamplona\"}}]}<\/script>\n<!-- \/ Yoast SEO plugin. -->","yoast_head_json":{"title":"La explotaci\u00f3n sexual de mujeres y ni\u00f1as ser\u00e1 el centro de la charla que este lunes acoger\u00e1 la Casa de la Juventud de la mano de M\u00e9dicos del Mundo y Acci\u00f3n Contra la Trata","robots":{"index":"index","follow":"follow","max-snippet":"max-snippet:-1","max-image-preview":"max-image-preview:large","max-video-preview":"max-video-preview:-1"},"canonical":"https:\/\/www.laguiadepamplona.com\/actualidad\/la-explotacion-sexual-de-mujeres-y-ninas-sera-el-centro-de-la-charla-que-este-lunes-acogera-la-casa-de-la-juventud-de-la-mano-de-medicos-del-mundo-y-accion-contra-la-trata\/","og_locale":"es_ES","og_type":"article","og_title":"La explotaci\u00f3n sexual de mujeres y ni\u00f1as ser\u00e1 el centro de la charla que este lunes acoger\u00e1 la Casa de la Juventud de la mano de M\u00e9dicos del Mundo y Acci\u00f3n Contra la Trata","og_url":"https:\/\/www.laguiadepamplona.com\/actualidad\/la-explotacion-sexual-de-mujeres-y-ninas-sera-el-centro-de-la-charla-que-este-lunes-acogera-la-casa-de-la-juventud-de-la-mano-de-medicos-del-mundo-y-accion-contra-la-trata\/","og_site_name":"La Gu\u00eda de Pamplona","article_publisher":"https:\/\/www.facebook.com\/laguiadepamplonacom-133175176762273\/?ref=hl","article_published_time":"2019-05-03T14:31:44+00:00","og_image":[{"width":1000,"height":527,"url":"https:\/\/www.laguiadepamplona.com\/actualidad\/wp-content\/uploads\/2017\/08\/cada_dia_plan_juventud.jpg","type":"image\/jpeg"}],"author":"La Gu\u00eda de Pamplona","twitter_card":"summary_large_image","twitter_creator":"@LaGuiadPamplona","twitter_site":"@LaGuiadPamplona","twitter_misc":{"Escrito por":"La Gu\u00eda de Pamplona","Tiempo de lectura":"3 minutos"},"schema":{"@context":"https:\/\/schema.org","@graph":[{"@type":"Article","@id":"https:\/\/www.laguiadepamplona.com\/actualidad\/la-explotacion-sexual-de-mujeres-y-ninas-sera-el-centro-de-la-charla-que-este-lunes-acogera-la-casa-de-la-juventud-de-la-mano-de-medicos-del-mundo-y-accion-contra-la-trata\/#article","isPartOf":{"@id":"https:\/\/www.laguiadepamplona.com\/actualidad\/la-explotacion-sexual-de-mujeres-y-ninas-sera-el-centro-de-la-charla-que-este-lunes-acogera-la-casa-de-la-juventud-de-la-mano-de-medicos-del-mundo-y-accion-contra-la-trata\/"},"author":{"name":"La Gu\u00eda de Pamplona","@id":"https:\/\/www.laguiadepamplona.com\/actualidad\/#\/schema\/person\/efe887376f0213d4657c93adc50b1fdb"},"headline":"La explotaci\u00f3n sexual de mujeres y ni\u00f1as ser\u00e1 el centro de la charla que este lunes acoger\u00e1 la Casa de la Juventud de la mano de M\u00e9dicos del Mundo y Acci\u00f3n Contra la Trata","datePublished":"2019-05-03T14:31:44+00:00","mainEntityOfPage":{"@id":"https:\/\/www.laguiadepamplona.com\/actualidad\/la-explotacion-sexual-de-mujeres-y-ninas-sera-el-centro-de-la-charla-que-este-lunes-acogera-la-casa-de-la-juventud-de-la-mano-de-medicos-del-mundo-y-accion-contra-la-trata\/"},"wordCount":654,"commentCount":0,"publisher":{"@id":"https:\/\/www.laguiadepamplona.com\/actualidad\/#organization"},"image":{"@id":"https:\/\/www.laguiadepamplona.com\/actualidad\/la-explotacion-sexual-de-mujeres-y-ninas-sera-el-centro-de-la-charla-que-este-lunes-acogera-la-casa-de-la-juventud-de-la-mano-de-medicos-del-mundo-y-accion-contra-la-trata\/#primaryimage"},"thumbnailUrl":"https:\/\/www.laguiadepamplona.com\/actualidad\/wp-content\/uploads\/2017\/08\/cada_dia_plan_juventud.jpg","articleSection":["Ayto Pamplona"],"inLanguage":"es","potentialAction":[{"@type":"CommentAction","name":"Comment","target":["https:\/\/www.laguiadepamplona.com\/actualidad\/la-explotacion-sexual-de-mujeres-y-ninas-sera-el-centro-de-la-charla-que-este-lunes-acogera-la-casa-de-la-juventud-de-la-mano-de-medicos-del-mundo-y-accion-contra-la-trata\/#respond"]}]},{"@type":"WebPage","@id":"https:\/\/www.laguiadepamplona.com\/actualidad\/la-explotacion-sexual-de-mujeres-y-ninas-sera-el-centro-de-la-charla-que-este-lunes-acogera-la-casa-de-la-juventud-de-la-mano-de-medicos-del-mundo-y-accion-contra-la-trata\/","url":"https:\/\/www.laguiadepamplona.com\/actualidad\/la-explotacion-sexual-de-mujeres-y-ninas-sera-el-centro-de-la-charla-que-este-lunes-acogera-la-casa-de-la-juventud-de-la-mano-de-medicos-del-mundo-y-accion-contra-la-trata\/","name":"La explotaci\u00f3n sexual de mujeres y ni\u00f1as ser\u00e1 el centro de la charla que este lunes acoger\u00e1 la Casa de la Juventud de la mano de M\u00e9dicos del Mundo y Acci\u00f3n Contra la Trata","isPartOf":{"@id":"https:\/\/www.laguiadepamplona.com\/actualidad\/#website"},"primaryImageOfPage":{"@id":"https:\/\/www.laguiadepamplona.com\/actualidad\/la-explotacion-sexual-de-mujeres-y-ninas-sera-el-centro-de-la-charla-que-este-lunes-acogera-la-casa-de-la-juventud-de-la-mano-de-medicos-del-mundo-y-accion-contra-la-trata\/#primaryimage"},"image":{"@id":"https:\/\/www.laguiadepamplona.com\/actualidad\/la-explotacion-sexual-de-mujeres-y-ninas-sera-el-centro-de-la-charla-que-este-lunes-acogera-la-casa-de-la-juventud-de-la-mano-de-medicos-del-mundo-y-accion-contra-la-trata\/#primaryimage"},"thumbnailUrl":"https:\/\/www.laguiadepamplona.com\/actualidad\/wp-content\/uploads\/2017\/08\/cada_dia_plan_juventud.jpg","datePublished":"2019-05-03T14:31:44+00:00","breadcrumb":{"@id":"https:\/\/www.laguiadepamplona.com\/actualidad\/la-explotacion-sexual-de-mujeres-y-ninas-sera-el-centro-de-la-charla-que-este-lunes-acogera-la-casa-de-la-juventud-de-la-mano-de-medicos-del-mundo-y-accion-contra-la-trata\/#breadcrumb"},"inLanguage":"es","potentialAction":[{"@type":"ReadAction","target":["https:\/\/www.laguiadepamplona.com\/actualidad\/la-explotacion-sexual-de-mujeres-y-ninas-sera-el-centro-de-la-charla-que-este-lunes-acogera-la-casa-de-la-juventud-de-la-mano-de-medicos-del-mundo-y-accion-contra-la-trata\/"]}]},{"@type":"ImageObject","inLanguage":"es","@id":"https:\/\/www.laguiadepamplona.com\/actualidad\/la-explotacion-sexual-de-mujeres-y-ninas-sera-el-centro-de-la-charla-que-este-lunes-acogera-la-casa-de-la-juventud-de-la-mano-de-medicos-del-mundo-y-accion-contra-la-trata\/#primaryimage","url":"https:\/\/www.laguiadepamplona.com\/actualidad\/wp-content\/uploads\/2017\/08\/cada_dia_plan_juventud.jpg","contentUrl":"https:\/\/www.laguiadepamplona.com\/actualidad\/wp-content\/uploads\/2017\/08\/cada_dia_plan_juventud.jpg","width":1000,"height":527},{"@type":"BreadcrumbList","@id":"https:\/\/www.laguiadepamplona.com\/actualidad\/la-explotacion-sexual-de-mujeres-y-ninas-sera-el-centro-de-la-charla-que-este-lunes-acogera-la-casa-de-la-juventud-de-la-mano-de-medicos-del-mundo-y-accion-contra-la-trata\/#breadcrumb","itemListElement":[{"@type":"ListItem","position":1,"name":"Portada","item":"https:\/\/www.laguiadepamplona.com\/actualidad\/"},{"@type":"ListItem","position":2,"name":"La explotaci\u00f3n sexual de mujeres y ni\u00f1as ser\u00e1 el centro de la charla que este lunes acoger\u00e1 la Casa de la Juventud de la mano de M\u00e9dicos del Mundo y Acci\u00f3n Contra la Trata"}]},{"@type":"WebSite","@id":"https:\/\/www.laguiadepamplona.com\/actualidad\/#website","url":"https:\/\/www.laguiadepamplona.com\/actualidad\/","name":"La gu\u00eda de Pamplona","description":"Noticias de Pamplona","publisher":{"@id":"https:\/\/www.laguiadepamplona.com\/actualidad\/#organization"},"potentialAction":[{"@type":"SearchAction","target":{"@type":"EntryPoint","urlTemplate":"https:\/\/www.laguiadepamplona.com\/actualidad\/?s={search_term_string}"},"query-input":{"@type":"PropertyValueSpecification","valueRequired":true,"valueName":"search_term_string"}}],"inLanguage":"es"},{"@type":"Organization","@id":"https:\/\/www.laguiadepamplona.com\/actualidad\/#organization","name":"La Gu\u00eda de Pamplona \/ Noticias","url":"https:\/\/www.laguiadepamplona.com\/actualidad\/","logo":{"@type":"ImageObject","inLanguage":"es","@id":"https:\/\/www.laguiadepamplona.com\/actualidad\/#\/schema\/logo\/image\/","url":"https:\/\/www.laguiadepamplona.com\/actualidad\/wp-content\/uploads\/2018\/11\/logo-laguiadepamplona18-web1.png","contentUrl":"https:\/\/www.laguiadepamplona.com\/actualidad\/wp-content\/uploads\/2018\/11\/logo-laguiadepamplona18-web1.png","width":600,"height":196,"caption":"La Gu\u00eda de Pamplona \/ Noticias"},"image":{"@id":"https:\/\/www.laguiadepamplona.com\/actualidad\/#\/schema\/logo\/image\/"},"sameAs":["https:\/\/www.facebook.com\/laguiadepamplonacom-133175176762273\/?ref=hl","https:\/\/x.com\/LaGuiadPamplona","https:\/\/www.instagram.com\/la_guia_de_pamplona\/","https:\/\/www.youtube.com\/user\/laguiadepamplona"]},{"@type":"Person","@id":"https:\/\/www.laguiadepamplona.com\/actualidad\/#\/schema\/person\/efe887376f0213d4657c93adc50b1fdb","name":"La Gu\u00eda de Pamplona","image":{"@type":"ImageObject","inLanguage":"es","@id":"https:\/\/secure.gravatar.com\/avatar\/b6992f131dc8d30ab0dff15446e9d346d9dbd95992de0fef795073f5ea83a81c?s=96&d=mm&r=g","url":"https:\/\/secure.gravatar.com\/avatar\/b6992f131dc8d30ab0dff15446e9d346d9dbd95992de0fef795073f5ea83a81c?s=96&d=mm&r=g","contentUrl":"https:\/\/secure.gravatar.com\/avatar\/b6992f131dc8d30ab0dff15446e9d346d9dbd95992de0fef795073f5ea83a81c?s=96&d=mm&r=g","caption":"La Gu\u00eda de Pamplona"}}]}},"post_mailing_queue_ids":[],"_links":{"self":[{"href":"https:\/\/www.laguiadepamplona.com\/actualidad\/wp-json\/wp\/v2\/posts\/21876","targetHints":{"allow":["GET"]}}],"collection":[{"href":"https:\/\/www.laguiadepamplona.com\/actualidad\/wp-json\/wp\/v2\/posts"}],"about":[{"href":"https:\/\/www.laguiadepamplona.com\/actualidad\/wp-json\/wp\/v2\/types\/post"}],"author":[{"embeddable":true,"href":"https:\/\/www.laguiadepamplona.com\/actualidad\/wp-json\/wp\/v2\/users\/1"}],"replies":[{"embeddable":true,"href":"https:\/\/www.laguiadepamplona.com\/actualidad\/wp-json\/wp\/v2\/comments?post=21876"}],"version-history":[{"count":0,"href":"https:\/\/www.laguiadepamplona.com\/actualidad\/wp-json\/wp\/v2\/posts\/21876\/revisions"}],"wp:featuredmedia":[{"embeddable":true,"href":"https:\/\/www.laguiadepamplona.com\/actualidad\/wp-json\/wp\/v2\/media\/13864"}],"wp:attachment":[{"href":"https:\/\/www.laguiadepamplona.com\/actualidad\/wp-json\/wp\/v2\/media?parent=21876"}],"wp:term":[{"taxonomy":"category","embeddable":true,"href":"https:\/\/www.laguiadepamplona.com\/actualidad\/wp-json\/wp\/v2\/categories?post=21876"},{"taxonomy":"post_tag","embeddable":true,"href":"https:\/\/www.laguiadepamplona.com\/actualidad\/wp-json\/wp\/v2\/tags?post=21876"}],"curies":[{"name":"wp","href":"https:\/\/api.w.org\/{rel}","templated":true}]}}