{"id":21872,"date":"2019-05-03T16:30:50","date_gmt":"2019-05-03T14:30:50","guid":{"rendered":"https:\/\/www.laguiadepamplona.es\/actualidad\/?p=21872"},"modified":"2019-05-03T16:30:50","modified_gmt":"2019-05-03T14:30:50","slug":"el-ayuntamiento-organiza-talleres-familiares-y-escolares-en-ciudadela-para-conocer-la-coleccion-municipal-de-arte-abstracto-y-realizar-una-actividad-plastica","status":"publish","type":"post","link":"https:\/\/www.laguiadepamplona.com\/actualidad\/el-ayuntamiento-organiza-talleres-familiares-y-escolares-en-ciudadela-para-conocer-la-coleccion-municipal-de-arte-abstracto-y-realizar-una-actividad-plastica\/","title":{"rendered":"El Ayuntamiento organiza talleres familiares y escolares en Ciudadela para conocer la colecci\u00f3n municipal de arte abstracto y realizar una actividad pl\u00e1stica"},"content":{"rendered":"<p><!--more--><\/p>\n<h3>Se realizar\u00e1n los domingos de mayo y de la primera quincena de junio y la participaci\u00f3n es libre<\/h3>\n<p>El Ayuntamiento de Pamplona ha organizado talleres familiares y escolares en Ciudadela para conocer la colecci\u00f3n municipal de arte abstracto y realizar una actividad pl\u00e1stica. Los talleres familiares se realizar\u00e1n todos los domingos de mayo y los tres primeros de junio, de 11.30 a 13.30 horas, y la participaci\u00f3n es libre, sin necesidad de inscripci\u00f3n previa. Por su parte, los talleres escolares se desarrollar\u00e1n hasta el 30 de junio en horario escolar y los centros pueden apuntarse a trav\u00e9s del email <a href=\"mailto:cultura@pamplona.es\">cultura@pamplona.es<\/a>, <a href=\"mailto:a.santesteban@pamplona.es\">a.santesteban@pamplona.es<\/a> o en el tel\u00e9fono 948 420960.<\/p>\n<p>La propuesta para los grupos de familias consiste en la realizaci\u00f3n de talleres abiertos. Para los m\u00e1s puntuales se llevar\u00e1 a cabo una breve explicaci\u00f3n sobre la exposici\u00f3n y el arte abstracto, seguida de una actividad pl\u00e1stica para realizar en familia. La actividad se desarrollar\u00e1 a lo largo de dos horas, en las cuales se ir\u00e1n turnando los participantes. Los talleres se celebrar\u00e1n los d\u00edas 5, 12, 19 y 26 de mayo, y 2, 9 y 16 de junio.<\/p>\n<p>La exposici\u00f3n \u2018Abstraktu\u2019 presenta un recorrido por la evoluci\u00f3n del arte abstracto, a trav\u00e9s de 84 obras de la Colecci\u00f3n de Arte Contempor\u00e1neo del Ayuntamiento. La muestra recorre en la Sala de Armas de la Ciudadela la evoluci\u00f3n de la abstracci\u00f3n en el arte desde mediados de los 70 hasta la actualidad, a trav\u00e9s de diferentes disciplinas art\u00edsticas y de autores locales, nacionales e internacionales.<\/p>\n<p>Esta muestra supone una reivindicaci\u00f3n de la abstracci\u00f3n como un lenguaje m\u00e1s del arte en un af\u00e1n por romper las barreras de la incomprensi\u00f3n o el rechazo que ha sufrido art\u00edsticamente por parte sobre todo del p\u00fablico. El lenguaje art\u00edstico de las obras expuestas muestra la importancia de lo abstracto, de lo inefable, de lo inexplicable, de lo incomprensible\u2026En definitiva, la propuesta de esta exposici\u00f3n busca que quien la visite se deje llevar con sentimientos y sensaciones, por los colores, las formas y las texturas de cada una de las obras.<\/p>\n<p>Las obras han sido creadas, cada una de ellas, por un artista diferente. La exposici\u00f3n, por tanto, recoge 84 visiones de la abstracci\u00f3n y lo abstracto y su evoluci\u00f3n a lo largo del \u00faltimo siglo. No en vano, el autor de m\u00e1s edad con una obra en la muestra naci\u00f3 en 1922 y el m\u00e1s joven en 1986. M\u00e1s de seis d\u00e9cadas de arte, en las salas 1 y 2 de la Sala de Armas, en las que se funden creadores locales, nacionales e internacionales. Entre los 22 creadores locales se encuentran nombres como Javier Balda, Gonzalo Nicuesa, Alberto Jos\u00e9 Orella, Koldo Sebasti\u00e1n o Mariano Royo. Entre los nacionales, se muestran obras de Antoni T\u00e0pies, Jos\u00e9 Manuel Broto, Txomin Badiola o Jos\u00e9 Luis Zumeta. La exposici\u00f3n cuenta, asimismo, con artistas internacionales como Roland Fisher, Mark Francis, Eduardo Stup\u00eda o Peter Zimmermann.<\/p>\n<p>Adem\u00e1s de los talleres, se han previsto dos visitas experimentales a la exposici\u00f3n en las que se invitar\u00e1 a artistas, pensadores y comisarios a reflexionar sobre las pr\u00e1cticas art\u00edsticas contempor\u00e1neas. El 23 de mayo, a las 19 horas, se llevar\u00e1 a cabo una visita experimental a trav\u00e9s de la danza con Ghislaine Verano; el 6 de junio, tambi\u00e9n a las 19 horas, Zuzuzu Kolektiboa propondr\u00e1 una visita con m\u00fasica y pintura en directo. Hiriartea se abre a todo tipo de p\u00fablicos y por ello se han organizado talleres experienciales que, bajo el t\u00edtulo de \u2018Viaje a ninguna parte\u2019, se dirigen a familiar y menores de 0 a 3 a\u00f1os. Se busca que las personas participantes reflexionen sobre las pr\u00e1cticas art\u00edsticas en la cultura desde la infancia y descubran el arte de manera pr\u00e1ctica.<\/p>\n<p>&nbsp;<\/p>\n","protected":false},"excerpt":{"rendered":"","protected":false},"author":1,"featured_media":17345,"comment_status":"open","ping_status":"closed","sticky":false,"template":"","format":"standard","meta":{"footnotes":""},"categories":[2],"tags":[],"class_list":["post-21872","post","type-post","status-publish","format-standard","has-post-thumbnail","hentry","category-ayuntamiento-pamplona"],"yoast_head":"<!-- This site is optimized with the Yoast SEO plugin v27.5 - https:\/\/yoast.com\/product\/yoast-seo-wordpress\/ -->\n<title>El Ayuntamiento organiza talleres familiares y escolares en Ciudadela para conocer la colecci\u00f3n municipal de arte abstracto y realizar una actividad pl\u00e1stica<\/title>\n<meta name=\"robots\" content=\"index, follow, max-snippet:-1, max-image-preview:large, max-video-preview:-1\" \/>\n<link rel=\"canonical\" href=\"https:\/\/www.laguiadepamplona.com\/actualidad\/el-ayuntamiento-organiza-talleres-familiares-y-escolares-en-ciudadela-para-conocer-la-coleccion-municipal-de-arte-abstracto-y-realizar-una-actividad-plastica\/\" \/>\n<meta property=\"og:locale\" content=\"es_ES\" \/>\n<meta property=\"og:type\" content=\"article\" \/>\n<meta property=\"og:title\" content=\"El Ayuntamiento organiza talleres familiares y escolares en Ciudadela para conocer la colecci\u00f3n municipal de arte abstracto y realizar una actividad pl\u00e1stica\" \/>\n<meta property=\"og:url\" content=\"https:\/\/www.laguiadepamplona.com\/actualidad\/el-ayuntamiento-organiza-talleres-familiares-y-escolares-en-ciudadela-para-conocer-la-coleccion-municipal-de-arte-abstracto-y-realizar-una-actividad-plastica\/\" \/>\n<meta property=\"og:site_name\" content=\"La Gu\u00eda de Pamplona\" \/>\n<meta property=\"article:publisher\" content=\"https:\/\/www.facebook.com\/laguiadepamplonacom-133175176762273\/?ref=hl\" \/>\n<meta property=\"article:published_time\" content=\"2019-05-03T14:30:50+00:00\" \/>\n<meta property=\"og:image\" content=\"https:\/\/www.laguiadepamplona.com\/actualidad\/wp-content\/uploads\/2018\/05\/sala-armas-ciudadela.jpg\" \/>\n\t<meta property=\"og:image:width\" content=\"1000\" \/>\n\t<meta property=\"og:image:height\" content=\"667\" \/>\n\t<meta property=\"og:image:type\" content=\"image\/jpeg\" \/>\n<meta name=\"author\" content=\"La Gu\u00eda de Pamplona\" \/>\n<meta name=\"twitter:card\" content=\"summary_large_image\" \/>\n<meta name=\"twitter:creator\" content=\"@LaGuiadPamplona\" \/>\n<meta name=\"twitter:site\" content=\"@LaGuiadPamplona\" \/>\n<meta name=\"twitter:label1\" content=\"Escrito por\" \/>\n\t<meta name=\"twitter:data1\" content=\"La Gu\u00eda de Pamplona\" \/>\n\t<meta name=\"twitter:label2\" content=\"Tiempo de lectura\" \/>\n\t<meta name=\"twitter:data2\" content=\"3 minutos\" \/>\n<script type=\"application\/ld+json\" class=\"yoast-schema-graph\">{\"@context\":\"https:\\\/\\\/schema.org\",\"@graph\":[{\"@type\":\"Article\",\"@id\":\"https:\\\/\\\/www.laguiadepamplona.com\\\/actualidad\\\/el-ayuntamiento-organiza-talleres-familiares-y-escolares-en-ciudadela-para-conocer-la-coleccion-municipal-de-arte-abstracto-y-realizar-una-actividad-plastica\\\/#article\",\"isPartOf\":{\"@id\":\"https:\\\/\\\/www.laguiadepamplona.com\\\/actualidad\\\/el-ayuntamiento-organiza-talleres-familiares-y-escolares-en-ciudadela-para-conocer-la-coleccion-municipal-de-arte-abstracto-y-realizar-una-actividad-plastica\\\/\"},\"author\":{\"name\":\"La Gu\u00eda de Pamplona\",\"@id\":\"https:\\\/\\\/www.laguiadepamplona.com\\\/actualidad\\\/#\\\/schema\\\/person\\\/efe887376f0213d4657c93adc50b1fdb\"},\"headline\":\"El Ayuntamiento organiza talleres familiares y escolares en Ciudadela para conocer la colecci\u00f3n municipal de arte abstracto y realizar una actividad pl\u00e1stica\",\"datePublished\":\"2019-05-03T14:30:50+00:00\",\"mainEntityOfPage\":{\"@id\":\"https:\\\/\\\/www.laguiadepamplona.com\\\/actualidad\\\/el-ayuntamiento-organiza-talleres-familiares-y-escolares-en-ciudadela-para-conocer-la-coleccion-municipal-de-arte-abstracto-y-realizar-una-actividad-plastica\\\/\"},\"wordCount\":682,\"commentCount\":0,\"publisher\":{\"@id\":\"https:\\\/\\\/www.laguiadepamplona.com\\\/actualidad\\\/#organization\"},\"image\":{\"@id\":\"https:\\\/\\\/www.laguiadepamplona.com\\\/actualidad\\\/el-ayuntamiento-organiza-talleres-familiares-y-escolares-en-ciudadela-para-conocer-la-coleccion-municipal-de-arte-abstracto-y-realizar-una-actividad-plastica\\\/#primaryimage\"},\"thumbnailUrl\":\"https:\\\/\\\/www.laguiadepamplona.com\\\/actualidad\\\/wp-content\\\/uploads\\\/2018\\\/05\\\/sala-armas-ciudadela.jpg\",\"articleSection\":[\"Ayto Pamplona\"],\"inLanguage\":\"es\",\"potentialAction\":[{\"@type\":\"CommentAction\",\"name\":\"Comment\",\"target\":[\"https:\\\/\\\/www.laguiadepamplona.com\\\/actualidad\\\/el-ayuntamiento-organiza-talleres-familiares-y-escolares-en-ciudadela-para-conocer-la-coleccion-municipal-de-arte-abstracto-y-realizar-una-actividad-plastica\\\/#respond\"]}]},{\"@type\":\"WebPage\",\"@id\":\"https:\\\/\\\/www.laguiadepamplona.com\\\/actualidad\\\/el-ayuntamiento-organiza-talleres-familiares-y-escolares-en-ciudadela-para-conocer-la-coleccion-municipal-de-arte-abstracto-y-realizar-una-actividad-plastica\\\/\",\"url\":\"https:\\\/\\\/www.laguiadepamplona.com\\\/actualidad\\\/el-ayuntamiento-organiza-talleres-familiares-y-escolares-en-ciudadela-para-conocer-la-coleccion-municipal-de-arte-abstracto-y-realizar-una-actividad-plastica\\\/\",\"name\":\"El Ayuntamiento organiza talleres familiares y escolares en Ciudadela para conocer la colecci\u00f3n municipal de arte abstracto y realizar una actividad pl\u00e1stica\",\"isPartOf\":{\"@id\":\"https:\\\/\\\/www.laguiadepamplona.com\\\/actualidad\\\/#website\"},\"primaryImageOfPage\":{\"@id\":\"https:\\\/\\\/www.laguiadepamplona.com\\\/actualidad\\\/el-ayuntamiento-organiza-talleres-familiares-y-escolares-en-ciudadela-para-conocer-la-coleccion-municipal-de-arte-abstracto-y-realizar-una-actividad-plastica\\\/#primaryimage\"},\"image\":{\"@id\":\"https:\\\/\\\/www.laguiadepamplona.com\\\/actualidad\\\/el-ayuntamiento-organiza-talleres-familiares-y-escolares-en-ciudadela-para-conocer-la-coleccion-municipal-de-arte-abstracto-y-realizar-una-actividad-plastica\\\/#primaryimage\"},\"thumbnailUrl\":\"https:\\\/\\\/www.laguiadepamplona.com\\\/actualidad\\\/wp-content\\\/uploads\\\/2018\\\/05\\\/sala-armas-ciudadela.jpg\",\"datePublished\":\"2019-05-03T14:30:50+00:00\",\"breadcrumb\":{\"@id\":\"https:\\\/\\\/www.laguiadepamplona.com\\\/actualidad\\\/el-ayuntamiento-organiza-talleres-familiares-y-escolares-en-ciudadela-para-conocer-la-coleccion-municipal-de-arte-abstracto-y-realizar-una-actividad-plastica\\\/#breadcrumb\"},\"inLanguage\":\"es\",\"potentialAction\":[{\"@type\":\"ReadAction\",\"target\":[\"https:\\\/\\\/www.laguiadepamplona.com\\\/actualidad\\\/el-ayuntamiento-organiza-talleres-familiares-y-escolares-en-ciudadela-para-conocer-la-coleccion-municipal-de-arte-abstracto-y-realizar-una-actividad-plastica\\\/\"]}]},{\"@type\":\"ImageObject\",\"inLanguage\":\"es\",\"@id\":\"https:\\\/\\\/www.laguiadepamplona.com\\\/actualidad\\\/el-ayuntamiento-organiza-talleres-familiares-y-escolares-en-ciudadela-para-conocer-la-coleccion-municipal-de-arte-abstracto-y-realizar-una-actividad-plastica\\\/#primaryimage\",\"url\":\"https:\\\/\\\/www.laguiadepamplona.com\\\/actualidad\\\/wp-content\\\/uploads\\\/2018\\\/05\\\/sala-armas-ciudadela.jpg\",\"contentUrl\":\"https:\\\/\\\/www.laguiadepamplona.com\\\/actualidad\\\/wp-content\\\/uploads\\\/2018\\\/05\\\/sala-armas-ciudadela.jpg\",\"width\":1000,\"height\":667},{\"@type\":\"BreadcrumbList\",\"@id\":\"https:\\\/\\\/www.laguiadepamplona.com\\\/actualidad\\\/el-ayuntamiento-organiza-talleres-familiares-y-escolares-en-ciudadela-para-conocer-la-coleccion-municipal-de-arte-abstracto-y-realizar-una-actividad-plastica\\\/#breadcrumb\",\"itemListElement\":[{\"@type\":\"ListItem\",\"position\":1,\"name\":\"Portada\",\"item\":\"https:\\\/\\\/www.laguiadepamplona.com\\\/actualidad\\\/\"},{\"@type\":\"ListItem\",\"position\":2,\"name\":\"El Ayuntamiento organiza talleres familiares y escolares en Ciudadela para conocer la colecci\u00f3n municipal de arte abstracto y realizar una actividad pl\u00e1stica\"}]},{\"@type\":\"WebSite\",\"@id\":\"https:\\\/\\\/www.laguiadepamplona.com\\\/actualidad\\\/#website\",\"url\":\"https:\\\/\\\/www.laguiadepamplona.com\\\/actualidad\\\/\",\"name\":\"La gu\u00eda de Pamplona\",\"description\":\"Noticias de Pamplona\",\"publisher\":{\"@id\":\"https:\\\/\\\/www.laguiadepamplona.com\\\/actualidad\\\/#organization\"},\"potentialAction\":[{\"@type\":\"SearchAction\",\"target\":{\"@type\":\"EntryPoint\",\"urlTemplate\":\"https:\\\/\\\/www.laguiadepamplona.com\\\/actualidad\\\/?s={search_term_string}\"},\"query-input\":{\"@type\":\"PropertyValueSpecification\",\"valueRequired\":true,\"valueName\":\"search_term_string\"}}],\"inLanguage\":\"es\"},{\"@type\":\"Organization\",\"@id\":\"https:\\\/\\\/www.laguiadepamplona.com\\\/actualidad\\\/#organization\",\"name\":\"La Gu\u00eda de Pamplona \\\/ Noticias\",\"url\":\"https:\\\/\\\/www.laguiadepamplona.com\\\/actualidad\\\/\",\"logo\":{\"@type\":\"ImageObject\",\"inLanguage\":\"es\",\"@id\":\"https:\\\/\\\/www.laguiadepamplona.com\\\/actualidad\\\/#\\\/schema\\\/logo\\\/image\\\/\",\"url\":\"https:\\\/\\\/www.laguiadepamplona.com\\\/actualidad\\\/wp-content\\\/uploads\\\/2018\\\/11\\\/logo-laguiadepamplona18-web1.png\",\"contentUrl\":\"https:\\\/\\\/www.laguiadepamplona.com\\\/actualidad\\\/wp-content\\\/uploads\\\/2018\\\/11\\\/logo-laguiadepamplona18-web1.png\",\"width\":600,\"height\":196,\"caption\":\"La Gu\u00eda de Pamplona \\\/ Noticias\"},\"image\":{\"@id\":\"https:\\\/\\\/www.laguiadepamplona.com\\\/actualidad\\\/#\\\/schema\\\/logo\\\/image\\\/\"},\"sameAs\":[\"https:\\\/\\\/www.facebook.com\\\/laguiadepamplonacom-133175176762273\\\/?ref=hl\",\"https:\\\/\\\/x.com\\\/LaGuiadPamplona\",\"https:\\\/\\\/www.instagram.com\\\/la_guia_de_pamplona\\\/\",\"https:\\\/\\\/www.youtube.com\\\/user\\\/laguiadepamplona\"]},{\"@type\":\"Person\",\"@id\":\"https:\\\/\\\/www.laguiadepamplona.com\\\/actualidad\\\/#\\\/schema\\\/person\\\/efe887376f0213d4657c93adc50b1fdb\",\"name\":\"La Gu\u00eda de Pamplona\",\"image\":{\"@type\":\"ImageObject\",\"inLanguage\":\"es\",\"@id\":\"https:\\\/\\\/secure.gravatar.com\\\/avatar\\\/b6992f131dc8d30ab0dff15446e9d346d9dbd95992de0fef795073f5ea83a81c?s=96&d=mm&r=g\",\"url\":\"https:\\\/\\\/secure.gravatar.com\\\/avatar\\\/b6992f131dc8d30ab0dff15446e9d346d9dbd95992de0fef795073f5ea83a81c?s=96&d=mm&r=g\",\"contentUrl\":\"https:\\\/\\\/secure.gravatar.com\\\/avatar\\\/b6992f131dc8d30ab0dff15446e9d346d9dbd95992de0fef795073f5ea83a81c?s=96&d=mm&r=g\",\"caption\":\"La Gu\u00eda de Pamplona\"}}]}<\/script>\n<!-- \/ Yoast SEO plugin. -->","yoast_head_json":{"title":"El Ayuntamiento organiza talleres familiares y escolares en Ciudadela para conocer la colecci\u00f3n municipal de arte abstracto y realizar una actividad pl\u00e1stica","robots":{"index":"index","follow":"follow","max-snippet":"max-snippet:-1","max-image-preview":"max-image-preview:large","max-video-preview":"max-video-preview:-1"},"canonical":"https:\/\/www.laguiadepamplona.com\/actualidad\/el-ayuntamiento-organiza-talleres-familiares-y-escolares-en-ciudadela-para-conocer-la-coleccion-municipal-de-arte-abstracto-y-realizar-una-actividad-plastica\/","og_locale":"es_ES","og_type":"article","og_title":"El Ayuntamiento organiza talleres familiares y escolares en Ciudadela para conocer la colecci\u00f3n municipal de arte abstracto y realizar una actividad pl\u00e1stica","og_url":"https:\/\/www.laguiadepamplona.com\/actualidad\/el-ayuntamiento-organiza-talleres-familiares-y-escolares-en-ciudadela-para-conocer-la-coleccion-municipal-de-arte-abstracto-y-realizar-una-actividad-plastica\/","og_site_name":"La Gu\u00eda de Pamplona","article_publisher":"https:\/\/www.facebook.com\/laguiadepamplonacom-133175176762273\/?ref=hl","article_published_time":"2019-05-03T14:30:50+00:00","og_image":[{"width":1000,"height":667,"url":"https:\/\/www.laguiadepamplona.com\/actualidad\/wp-content\/uploads\/2018\/05\/sala-armas-ciudadela.jpg","type":"image\/jpeg"}],"author":"La Gu\u00eda de Pamplona","twitter_card":"summary_large_image","twitter_creator":"@LaGuiadPamplona","twitter_site":"@LaGuiadPamplona","twitter_misc":{"Escrito por":"La Gu\u00eda de Pamplona","Tiempo de lectura":"3 minutos"},"schema":{"@context":"https:\/\/schema.org","@graph":[{"@type":"Article","@id":"https:\/\/www.laguiadepamplona.com\/actualidad\/el-ayuntamiento-organiza-talleres-familiares-y-escolares-en-ciudadela-para-conocer-la-coleccion-municipal-de-arte-abstracto-y-realizar-una-actividad-plastica\/#article","isPartOf":{"@id":"https:\/\/www.laguiadepamplona.com\/actualidad\/el-ayuntamiento-organiza-talleres-familiares-y-escolares-en-ciudadela-para-conocer-la-coleccion-municipal-de-arte-abstracto-y-realizar-una-actividad-plastica\/"},"author":{"name":"La Gu\u00eda de Pamplona","@id":"https:\/\/www.laguiadepamplona.com\/actualidad\/#\/schema\/person\/efe887376f0213d4657c93adc50b1fdb"},"headline":"El Ayuntamiento organiza talleres familiares y escolares en Ciudadela para conocer la colecci\u00f3n municipal de arte abstracto y realizar una actividad pl\u00e1stica","datePublished":"2019-05-03T14:30:50+00:00","mainEntityOfPage":{"@id":"https:\/\/www.laguiadepamplona.com\/actualidad\/el-ayuntamiento-organiza-talleres-familiares-y-escolares-en-ciudadela-para-conocer-la-coleccion-municipal-de-arte-abstracto-y-realizar-una-actividad-plastica\/"},"wordCount":682,"commentCount":0,"publisher":{"@id":"https:\/\/www.laguiadepamplona.com\/actualidad\/#organization"},"image":{"@id":"https:\/\/www.laguiadepamplona.com\/actualidad\/el-ayuntamiento-organiza-talleres-familiares-y-escolares-en-ciudadela-para-conocer-la-coleccion-municipal-de-arte-abstracto-y-realizar-una-actividad-plastica\/#primaryimage"},"thumbnailUrl":"https:\/\/www.laguiadepamplona.com\/actualidad\/wp-content\/uploads\/2018\/05\/sala-armas-ciudadela.jpg","articleSection":["Ayto Pamplona"],"inLanguage":"es","potentialAction":[{"@type":"CommentAction","name":"Comment","target":["https:\/\/www.laguiadepamplona.com\/actualidad\/el-ayuntamiento-organiza-talleres-familiares-y-escolares-en-ciudadela-para-conocer-la-coleccion-municipal-de-arte-abstracto-y-realizar-una-actividad-plastica\/#respond"]}]},{"@type":"WebPage","@id":"https:\/\/www.laguiadepamplona.com\/actualidad\/el-ayuntamiento-organiza-talleres-familiares-y-escolares-en-ciudadela-para-conocer-la-coleccion-municipal-de-arte-abstracto-y-realizar-una-actividad-plastica\/","url":"https:\/\/www.laguiadepamplona.com\/actualidad\/el-ayuntamiento-organiza-talleres-familiares-y-escolares-en-ciudadela-para-conocer-la-coleccion-municipal-de-arte-abstracto-y-realizar-una-actividad-plastica\/","name":"El Ayuntamiento organiza talleres familiares y escolares en Ciudadela para conocer la colecci\u00f3n municipal de arte abstracto y realizar una actividad pl\u00e1stica","isPartOf":{"@id":"https:\/\/www.laguiadepamplona.com\/actualidad\/#website"},"primaryImageOfPage":{"@id":"https:\/\/www.laguiadepamplona.com\/actualidad\/el-ayuntamiento-organiza-talleres-familiares-y-escolares-en-ciudadela-para-conocer-la-coleccion-municipal-de-arte-abstracto-y-realizar-una-actividad-plastica\/#primaryimage"},"image":{"@id":"https:\/\/www.laguiadepamplona.com\/actualidad\/el-ayuntamiento-organiza-talleres-familiares-y-escolares-en-ciudadela-para-conocer-la-coleccion-municipal-de-arte-abstracto-y-realizar-una-actividad-plastica\/#primaryimage"},"thumbnailUrl":"https:\/\/www.laguiadepamplona.com\/actualidad\/wp-content\/uploads\/2018\/05\/sala-armas-ciudadela.jpg","datePublished":"2019-05-03T14:30:50+00:00","breadcrumb":{"@id":"https:\/\/www.laguiadepamplona.com\/actualidad\/el-ayuntamiento-organiza-talleres-familiares-y-escolares-en-ciudadela-para-conocer-la-coleccion-municipal-de-arte-abstracto-y-realizar-una-actividad-plastica\/#breadcrumb"},"inLanguage":"es","potentialAction":[{"@type":"ReadAction","target":["https:\/\/www.laguiadepamplona.com\/actualidad\/el-ayuntamiento-organiza-talleres-familiares-y-escolares-en-ciudadela-para-conocer-la-coleccion-municipal-de-arte-abstracto-y-realizar-una-actividad-plastica\/"]}]},{"@type":"ImageObject","inLanguage":"es","@id":"https:\/\/www.laguiadepamplona.com\/actualidad\/el-ayuntamiento-organiza-talleres-familiares-y-escolares-en-ciudadela-para-conocer-la-coleccion-municipal-de-arte-abstracto-y-realizar-una-actividad-plastica\/#primaryimage","url":"https:\/\/www.laguiadepamplona.com\/actualidad\/wp-content\/uploads\/2018\/05\/sala-armas-ciudadela.jpg","contentUrl":"https:\/\/www.laguiadepamplona.com\/actualidad\/wp-content\/uploads\/2018\/05\/sala-armas-ciudadela.jpg","width":1000,"height":667},{"@type":"BreadcrumbList","@id":"https:\/\/www.laguiadepamplona.com\/actualidad\/el-ayuntamiento-organiza-talleres-familiares-y-escolares-en-ciudadela-para-conocer-la-coleccion-municipal-de-arte-abstracto-y-realizar-una-actividad-plastica\/#breadcrumb","itemListElement":[{"@type":"ListItem","position":1,"name":"Portada","item":"https:\/\/www.laguiadepamplona.com\/actualidad\/"},{"@type":"ListItem","position":2,"name":"El Ayuntamiento organiza talleres familiares y escolares en Ciudadela para conocer la colecci\u00f3n municipal de arte abstracto y realizar una actividad pl\u00e1stica"}]},{"@type":"WebSite","@id":"https:\/\/www.laguiadepamplona.com\/actualidad\/#website","url":"https:\/\/www.laguiadepamplona.com\/actualidad\/","name":"La gu\u00eda de Pamplona","description":"Noticias de Pamplona","publisher":{"@id":"https:\/\/www.laguiadepamplona.com\/actualidad\/#organization"},"potentialAction":[{"@type":"SearchAction","target":{"@type":"EntryPoint","urlTemplate":"https:\/\/www.laguiadepamplona.com\/actualidad\/?s={search_term_string}"},"query-input":{"@type":"PropertyValueSpecification","valueRequired":true,"valueName":"search_term_string"}}],"inLanguage":"es"},{"@type":"Organization","@id":"https:\/\/www.laguiadepamplona.com\/actualidad\/#organization","name":"La Gu\u00eda de Pamplona \/ Noticias","url":"https:\/\/www.laguiadepamplona.com\/actualidad\/","logo":{"@type":"ImageObject","inLanguage":"es","@id":"https:\/\/www.laguiadepamplona.com\/actualidad\/#\/schema\/logo\/image\/","url":"https:\/\/www.laguiadepamplona.com\/actualidad\/wp-content\/uploads\/2018\/11\/logo-laguiadepamplona18-web1.png","contentUrl":"https:\/\/www.laguiadepamplona.com\/actualidad\/wp-content\/uploads\/2018\/11\/logo-laguiadepamplona18-web1.png","width":600,"height":196,"caption":"La Gu\u00eda de Pamplona \/ Noticias"},"image":{"@id":"https:\/\/www.laguiadepamplona.com\/actualidad\/#\/schema\/logo\/image\/"},"sameAs":["https:\/\/www.facebook.com\/laguiadepamplonacom-133175176762273\/?ref=hl","https:\/\/x.com\/LaGuiadPamplona","https:\/\/www.instagram.com\/la_guia_de_pamplona\/","https:\/\/www.youtube.com\/user\/laguiadepamplona"]},{"@type":"Person","@id":"https:\/\/www.laguiadepamplona.com\/actualidad\/#\/schema\/person\/efe887376f0213d4657c93adc50b1fdb","name":"La Gu\u00eda de Pamplona","image":{"@type":"ImageObject","inLanguage":"es","@id":"https:\/\/secure.gravatar.com\/avatar\/b6992f131dc8d30ab0dff15446e9d346d9dbd95992de0fef795073f5ea83a81c?s=96&d=mm&r=g","url":"https:\/\/secure.gravatar.com\/avatar\/b6992f131dc8d30ab0dff15446e9d346d9dbd95992de0fef795073f5ea83a81c?s=96&d=mm&r=g","contentUrl":"https:\/\/secure.gravatar.com\/avatar\/b6992f131dc8d30ab0dff15446e9d346d9dbd95992de0fef795073f5ea83a81c?s=96&d=mm&r=g","caption":"La Gu\u00eda de Pamplona"}}]}},"post_mailing_queue_ids":[],"_links":{"self":[{"href":"https:\/\/www.laguiadepamplona.com\/actualidad\/wp-json\/wp\/v2\/posts\/21872","targetHints":{"allow":["GET"]}}],"collection":[{"href":"https:\/\/www.laguiadepamplona.com\/actualidad\/wp-json\/wp\/v2\/posts"}],"about":[{"href":"https:\/\/www.laguiadepamplona.com\/actualidad\/wp-json\/wp\/v2\/types\/post"}],"author":[{"embeddable":true,"href":"https:\/\/www.laguiadepamplona.com\/actualidad\/wp-json\/wp\/v2\/users\/1"}],"replies":[{"embeddable":true,"href":"https:\/\/www.laguiadepamplona.com\/actualidad\/wp-json\/wp\/v2\/comments?post=21872"}],"version-history":[{"count":0,"href":"https:\/\/www.laguiadepamplona.com\/actualidad\/wp-json\/wp\/v2\/posts\/21872\/revisions"}],"wp:featuredmedia":[{"embeddable":true,"href":"https:\/\/www.laguiadepamplona.com\/actualidad\/wp-json\/wp\/v2\/media\/17345"}],"wp:attachment":[{"href":"https:\/\/www.laguiadepamplona.com\/actualidad\/wp-json\/wp\/v2\/media?parent=21872"}],"wp:term":[{"taxonomy":"category","embeddable":true,"href":"https:\/\/www.laguiadepamplona.com\/actualidad\/wp-json\/wp\/v2\/categories?post=21872"},{"taxonomy":"post_tag","embeddable":true,"href":"https:\/\/www.laguiadepamplona.com\/actualidad\/wp-json\/wp\/v2\/tags?post=21872"}],"curies":[{"name":"wp","href":"https:\/\/api.w.org\/{rel}","templated":true}]}}