{"id":21868,"date":"2019-05-03T16:30:06","date_gmt":"2019-05-03T14:30:06","guid":{"rendered":"https:\/\/www.laguiadepamplona.es\/actualidad\/?p=21868"},"modified":"2019-05-03T16:30:06","modified_gmt":"2019-05-03T14:30:06","slug":"el-ayuntamiento-de-pamplona-ofrecera-el-proximo-miercoles-un-taller-destinado-a-explicar-las-novedades-en-las-subvenciones-juveniles-del-consistorio","status":"publish","type":"post","link":"https:\/\/www.laguiadepamplona.com\/actualidad\/el-ayuntamiento-de-pamplona-ofrecera-el-proximo-miercoles-un-taller-destinado-a-explicar-las-novedades-en-las-subvenciones-juveniles-del-consistorio\/","title":{"rendered":"El Ayuntamiento de Pamplona ofrecer\u00e1 el pr\u00f3ximo mi\u00e9rcoles un taller destinado a explicar las novedades en las subvenciones juveniles del Consistorio"},"content":{"rendered":"<p><!--more--><\/p>\n<h3>La sesi\u00f3n est\u00e1 destinada a entidades juveniles o entidades que realicen actividades para personas j\u00f3venes y tendr\u00e1 lugar en la Casa de la Juventud<\/h3>\n<p>La Casa de la Juventud (calle Sang\u00fcesa, 30) acoger\u00e1 el pr\u00f3ximo 8 de mayo, a las 18 horas, una sesi\u00f3n destinada a facilitar la participaci\u00f3n de entidades juveniles o entidades que realicen actividades para j\u00f3venes en la ciudad en la convocatoria de Subvenciones de proyectos y actividades juveniles del Consistorio. La finalidad de estas ayudas es apoyar econ\u00f3micamente proyectos o actividades puntuales que lleven a cabo en materia de Juventud entidades sin \u00e1nimo de lucro durante todo este a\u00f1o 2019, actividades que siempre deber\u00e1n estar dirigidas a j\u00f3venes de hasta 30 a\u00f1os.<\/p>\n<p>La sesi\u00f3n, con entrada libre, tendr\u00e1 aproximadamente hora y media de duraci\u00f3n y estar\u00e1 dirigida por Ana Bel\u00e9n Albero (responsable de la Asesor\u00eda de Asociacionismo de la Casa de la Juventud) y en ella habr\u00e1 tambi\u00e9n integrantes de personal t\u00e9cnico municipal.<\/p>\n<p>La idea de la sesi\u00f3n es ayudar a que las entidades que se presenten comprendan los t\u00e9rminos concretos de lo que se les pide para as\u00ed puedan cumplir m\u00e1s f\u00e1cilmente las bases, dado que una de las principales fuentes de financiaci\u00f3n de las asociaciones son las subvenciones p\u00fablicas. En la reuni\u00f3n se podr\u00e1 conocer lo relativo a la introducci\u00f3n como \u00fanica v\u00eda de tramitaci\u00f3n la telem\u00e1tica, la reducci\u00f3n de documentaci\u00f3n a aportar y los cambios que recoge la convocatoria en cuanto los porcentajes de subvenci\u00f3n. Las nuevas bases se enmarcan en el proceso de mejora de procedimientos administrativos que, en general, se est\u00e1 trabajando para el conjunto de subvenciones municipales.<\/p>\n<p><strong>Explicar pormenorizadamente los cambios<\/strong><\/p>\n<p>Esta sesi\u00f3n forma parte de las medidas de apoyo y acompa\u00f1amiento a las entidades que interact\u00faan con la administraci\u00f3n local, en este caso para un p\u00fablico vinculado directamente al sector juvenil. El desarrollo del taller se centrar\u00e1 en dar a conocer las principales novedades y requisitos de la convocatoria, as\u00ed como el modo de presentaci\u00f3n de las propuestas. Tambi\u00e9n se asesorar\u00e1 a las entidades sobre las cuestiones m\u00e1s comunes a tener en cuenta a la hora de solicitar una subvenci\u00f3n y se resolver\u00e1n dudas. Finalmente, reuniones de este tipo pretenden servir de espacio de encuentro y de canal de comunicaci\u00f3n e intercambio de ideas entre j\u00f3venes, grupos y asociaciones juveniles y entre \u00e9stos y la Administraci\u00f3n.<\/p>\n<p>Las subvenciones, que se publicar\u00e1n pr\u00f3ximamente, son tanto para proyectos como para actividades puntuales, y tendr\u00e1n un importe total de 51.000 euros (36.000 para proyectos y 15.000 para actividades). De entre las novedades m\u00e1s relevantes est\u00e1 la v\u00eda de tramitaci\u00f3n, que en 2019 va a ser exclusivamente telem\u00e1tica y requiere el pertinente certificado, un sistema que permitir\u00e1 aligerar la carga de documentaci\u00f3n que hay que trasladar a la administraci\u00f3n.<\/p>\n<p>Adem\u00e1s, en las nuevas bases adem\u00e1s se incrementa el porcentaje de financiaci\u00f3n m\u00e1ximo de cada proyecto que pasa, de un l\u00edmite del 70%, al del 90%, con un m\u00e1ximo de 8.000 euros por proyecto. Asimismo, el porcentaje m\u00e1ximo de financiaci\u00f3n de actividades puntuales ser\u00e1 del 100%, aunque nunca superior de los 2.000 euros.<\/p>\n<p>El plazo de presentaci\u00f3n de ambas modalidades de ayudas ser\u00e1 de un mes a partir del d\u00eda siguiente a su publicaci\u00f3n en el Bolet\u00edn Oficial de Navarra.<\/p>\n","protected":false},"excerpt":{"rendered":"","protected":false},"author":1,"featured_media":13864,"comment_status":"open","ping_status":"closed","sticky":false,"template":"","format":"standard","meta":{"footnotes":""},"categories":[2],"tags":[],"class_list":["post-21868","post","type-post","status-publish","format-standard","has-post-thumbnail","hentry","category-ayuntamiento-pamplona"],"yoast_head":"<!-- This site is optimized with the Yoast SEO plugin v27.5 - https:\/\/yoast.com\/product\/yoast-seo-wordpress\/ -->\n<title>El Ayuntamiento de Pamplona ofrecer\u00e1 el pr\u00f3ximo mi\u00e9rcoles un taller destinado a explicar las novedades en las subvenciones juveniles del Consistorio<\/title>\n<meta name=\"robots\" content=\"index, follow, max-snippet:-1, max-image-preview:large, max-video-preview:-1\" \/>\n<link rel=\"canonical\" href=\"https:\/\/www.laguiadepamplona.com\/actualidad\/el-ayuntamiento-de-pamplona-ofrecera-el-proximo-miercoles-un-taller-destinado-a-explicar-las-novedades-en-las-subvenciones-juveniles-del-consistorio\/\" \/>\n<meta property=\"og:locale\" content=\"es_ES\" \/>\n<meta property=\"og:type\" content=\"article\" \/>\n<meta property=\"og:title\" content=\"El Ayuntamiento de Pamplona ofrecer\u00e1 el pr\u00f3ximo mi\u00e9rcoles un taller destinado a explicar las novedades en las subvenciones juveniles del Consistorio\" \/>\n<meta property=\"og:url\" content=\"https:\/\/www.laguiadepamplona.com\/actualidad\/el-ayuntamiento-de-pamplona-ofrecera-el-proximo-miercoles-un-taller-destinado-a-explicar-las-novedades-en-las-subvenciones-juveniles-del-consistorio\/\" \/>\n<meta property=\"og:site_name\" content=\"La Gu\u00eda de Pamplona\" \/>\n<meta property=\"article:publisher\" content=\"https:\/\/www.facebook.com\/laguiadepamplonacom-133175176762273\/?ref=hl\" \/>\n<meta property=\"article:published_time\" content=\"2019-05-03T14:30:06+00:00\" \/>\n<meta property=\"og:image\" content=\"https:\/\/www.laguiadepamplona.com\/actualidad\/wp-content\/uploads\/2017\/08\/cada_dia_plan_juventud.jpg\" \/>\n\t<meta property=\"og:image:width\" content=\"1000\" \/>\n\t<meta property=\"og:image:height\" content=\"527\" \/>\n\t<meta property=\"og:image:type\" content=\"image\/jpeg\" \/>\n<meta name=\"author\" content=\"La Gu\u00eda de Pamplona\" \/>\n<meta name=\"twitter:card\" content=\"summary_large_image\" \/>\n<meta name=\"twitter:creator\" content=\"@LaGuiadPamplona\" \/>\n<meta name=\"twitter:site\" content=\"@LaGuiadPamplona\" \/>\n<meta name=\"twitter:label1\" content=\"Escrito por\" \/>\n\t<meta name=\"twitter:data1\" content=\"La Gu\u00eda de Pamplona\" \/>\n\t<meta name=\"twitter:label2\" content=\"Tiempo de lectura\" \/>\n\t<meta name=\"twitter:data2\" content=\"3 minutos\" \/>\n<script type=\"application\/ld+json\" class=\"yoast-schema-graph\">{\"@context\":\"https:\\\/\\\/schema.org\",\"@graph\":[{\"@type\":\"Article\",\"@id\":\"https:\\\/\\\/www.laguiadepamplona.com\\\/actualidad\\\/el-ayuntamiento-de-pamplona-ofrecera-el-proximo-miercoles-un-taller-destinado-a-explicar-las-novedades-en-las-subvenciones-juveniles-del-consistorio\\\/#article\",\"isPartOf\":{\"@id\":\"https:\\\/\\\/www.laguiadepamplona.com\\\/actualidad\\\/el-ayuntamiento-de-pamplona-ofrecera-el-proximo-miercoles-un-taller-destinado-a-explicar-las-novedades-en-las-subvenciones-juveniles-del-consistorio\\\/\"},\"author\":{\"name\":\"La Gu\u00eda de Pamplona\",\"@id\":\"https:\\\/\\\/www.laguiadepamplona.com\\\/actualidad\\\/#\\\/schema\\\/person\\\/efe887376f0213d4657c93adc50b1fdb\"},\"headline\":\"El Ayuntamiento de Pamplona ofrecer\u00e1 el pr\u00f3ximo mi\u00e9rcoles un taller destinado a explicar las novedades en las subvenciones juveniles del Consistorio\",\"datePublished\":\"2019-05-03T14:30:06+00:00\",\"mainEntityOfPage\":{\"@id\":\"https:\\\/\\\/www.laguiadepamplona.com\\\/actualidad\\\/el-ayuntamiento-de-pamplona-ofrecera-el-proximo-miercoles-un-taller-destinado-a-explicar-las-novedades-en-las-subvenciones-juveniles-del-consistorio\\\/\"},\"wordCount\":611,\"commentCount\":0,\"publisher\":{\"@id\":\"https:\\\/\\\/www.laguiadepamplona.com\\\/actualidad\\\/#organization\"},\"image\":{\"@id\":\"https:\\\/\\\/www.laguiadepamplona.com\\\/actualidad\\\/el-ayuntamiento-de-pamplona-ofrecera-el-proximo-miercoles-un-taller-destinado-a-explicar-las-novedades-en-las-subvenciones-juveniles-del-consistorio\\\/#primaryimage\"},\"thumbnailUrl\":\"https:\\\/\\\/www.laguiadepamplona.com\\\/actualidad\\\/wp-content\\\/uploads\\\/2017\\\/08\\\/cada_dia_plan_juventud.jpg\",\"articleSection\":[\"Ayto Pamplona\"],\"inLanguage\":\"es\",\"potentialAction\":[{\"@type\":\"CommentAction\",\"name\":\"Comment\",\"target\":[\"https:\\\/\\\/www.laguiadepamplona.com\\\/actualidad\\\/el-ayuntamiento-de-pamplona-ofrecera-el-proximo-miercoles-un-taller-destinado-a-explicar-las-novedades-en-las-subvenciones-juveniles-del-consistorio\\\/#respond\"]}]},{\"@type\":\"WebPage\",\"@id\":\"https:\\\/\\\/www.laguiadepamplona.com\\\/actualidad\\\/el-ayuntamiento-de-pamplona-ofrecera-el-proximo-miercoles-un-taller-destinado-a-explicar-las-novedades-en-las-subvenciones-juveniles-del-consistorio\\\/\",\"url\":\"https:\\\/\\\/www.laguiadepamplona.com\\\/actualidad\\\/el-ayuntamiento-de-pamplona-ofrecera-el-proximo-miercoles-un-taller-destinado-a-explicar-las-novedades-en-las-subvenciones-juveniles-del-consistorio\\\/\",\"name\":\"El Ayuntamiento de Pamplona ofrecer\u00e1 el pr\u00f3ximo mi\u00e9rcoles un taller destinado a explicar las novedades en las subvenciones juveniles del Consistorio\",\"isPartOf\":{\"@id\":\"https:\\\/\\\/www.laguiadepamplona.com\\\/actualidad\\\/#website\"},\"primaryImageOfPage\":{\"@id\":\"https:\\\/\\\/www.laguiadepamplona.com\\\/actualidad\\\/el-ayuntamiento-de-pamplona-ofrecera-el-proximo-miercoles-un-taller-destinado-a-explicar-las-novedades-en-las-subvenciones-juveniles-del-consistorio\\\/#primaryimage\"},\"image\":{\"@id\":\"https:\\\/\\\/www.laguiadepamplona.com\\\/actualidad\\\/el-ayuntamiento-de-pamplona-ofrecera-el-proximo-miercoles-un-taller-destinado-a-explicar-las-novedades-en-las-subvenciones-juveniles-del-consistorio\\\/#primaryimage\"},\"thumbnailUrl\":\"https:\\\/\\\/www.laguiadepamplona.com\\\/actualidad\\\/wp-content\\\/uploads\\\/2017\\\/08\\\/cada_dia_plan_juventud.jpg\",\"datePublished\":\"2019-05-03T14:30:06+00:00\",\"breadcrumb\":{\"@id\":\"https:\\\/\\\/www.laguiadepamplona.com\\\/actualidad\\\/el-ayuntamiento-de-pamplona-ofrecera-el-proximo-miercoles-un-taller-destinado-a-explicar-las-novedades-en-las-subvenciones-juveniles-del-consistorio\\\/#breadcrumb\"},\"inLanguage\":\"es\",\"potentialAction\":[{\"@type\":\"ReadAction\",\"target\":[\"https:\\\/\\\/www.laguiadepamplona.com\\\/actualidad\\\/el-ayuntamiento-de-pamplona-ofrecera-el-proximo-miercoles-un-taller-destinado-a-explicar-las-novedades-en-las-subvenciones-juveniles-del-consistorio\\\/\"]}]},{\"@type\":\"ImageObject\",\"inLanguage\":\"es\",\"@id\":\"https:\\\/\\\/www.laguiadepamplona.com\\\/actualidad\\\/el-ayuntamiento-de-pamplona-ofrecera-el-proximo-miercoles-un-taller-destinado-a-explicar-las-novedades-en-las-subvenciones-juveniles-del-consistorio\\\/#primaryimage\",\"url\":\"https:\\\/\\\/www.laguiadepamplona.com\\\/actualidad\\\/wp-content\\\/uploads\\\/2017\\\/08\\\/cada_dia_plan_juventud.jpg\",\"contentUrl\":\"https:\\\/\\\/www.laguiadepamplona.com\\\/actualidad\\\/wp-content\\\/uploads\\\/2017\\\/08\\\/cada_dia_plan_juventud.jpg\",\"width\":1000,\"height\":527},{\"@type\":\"BreadcrumbList\",\"@id\":\"https:\\\/\\\/www.laguiadepamplona.com\\\/actualidad\\\/el-ayuntamiento-de-pamplona-ofrecera-el-proximo-miercoles-un-taller-destinado-a-explicar-las-novedades-en-las-subvenciones-juveniles-del-consistorio\\\/#breadcrumb\",\"itemListElement\":[{\"@type\":\"ListItem\",\"position\":1,\"name\":\"Portada\",\"item\":\"https:\\\/\\\/www.laguiadepamplona.com\\\/actualidad\\\/\"},{\"@type\":\"ListItem\",\"position\":2,\"name\":\"El Ayuntamiento de Pamplona ofrecer\u00e1 el pr\u00f3ximo mi\u00e9rcoles un taller destinado a explicar las novedades en las subvenciones juveniles del Consistorio\"}]},{\"@type\":\"WebSite\",\"@id\":\"https:\\\/\\\/www.laguiadepamplona.com\\\/actualidad\\\/#website\",\"url\":\"https:\\\/\\\/www.laguiadepamplona.com\\\/actualidad\\\/\",\"name\":\"La gu\u00eda de Pamplona\",\"description\":\"Noticias de Pamplona\",\"publisher\":{\"@id\":\"https:\\\/\\\/www.laguiadepamplona.com\\\/actualidad\\\/#organization\"},\"potentialAction\":[{\"@type\":\"SearchAction\",\"target\":{\"@type\":\"EntryPoint\",\"urlTemplate\":\"https:\\\/\\\/www.laguiadepamplona.com\\\/actualidad\\\/?s={search_term_string}\"},\"query-input\":{\"@type\":\"PropertyValueSpecification\",\"valueRequired\":true,\"valueName\":\"search_term_string\"}}],\"inLanguage\":\"es\"},{\"@type\":\"Organization\",\"@id\":\"https:\\\/\\\/www.laguiadepamplona.com\\\/actualidad\\\/#organization\",\"name\":\"La Gu\u00eda de Pamplona \\\/ Noticias\",\"url\":\"https:\\\/\\\/www.laguiadepamplona.com\\\/actualidad\\\/\",\"logo\":{\"@type\":\"ImageObject\",\"inLanguage\":\"es\",\"@id\":\"https:\\\/\\\/www.laguiadepamplona.com\\\/actualidad\\\/#\\\/schema\\\/logo\\\/image\\\/\",\"url\":\"https:\\\/\\\/www.laguiadepamplona.com\\\/actualidad\\\/wp-content\\\/uploads\\\/2018\\\/11\\\/logo-laguiadepamplona18-web1.png\",\"contentUrl\":\"https:\\\/\\\/www.laguiadepamplona.com\\\/actualidad\\\/wp-content\\\/uploads\\\/2018\\\/11\\\/logo-laguiadepamplona18-web1.png\",\"width\":600,\"height\":196,\"caption\":\"La Gu\u00eda de Pamplona \\\/ Noticias\"},\"image\":{\"@id\":\"https:\\\/\\\/www.laguiadepamplona.com\\\/actualidad\\\/#\\\/schema\\\/logo\\\/image\\\/\"},\"sameAs\":[\"https:\\\/\\\/www.facebook.com\\\/laguiadepamplonacom-133175176762273\\\/?ref=hl\",\"https:\\\/\\\/x.com\\\/LaGuiadPamplona\",\"https:\\\/\\\/www.instagram.com\\\/la_guia_de_pamplona\\\/\",\"https:\\\/\\\/www.youtube.com\\\/user\\\/laguiadepamplona\"]},{\"@type\":\"Person\",\"@id\":\"https:\\\/\\\/www.laguiadepamplona.com\\\/actualidad\\\/#\\\/schema\\\/person\\\/efe887376f0213d4657c93adc50b1fdb\",\"name\":\"La Gu\u00eda de Pamplona\",\"image\":{\"@type\":\"ImageObject\",\"inLanguage\":\"es\",\"@id\":\"https:\\\/\\\/secure.gravatar.com\\\/avatar\\\/b6992f131dc8d30ab0dff15446e9d346d9dbd95992de0fef795073f5ea83a81c?s=96&d=mm&r=g\",\"url\":\"https:\\\/\\\/secure.gravatar.com\\\/avatar\\\/b6992f131dc8d30ab0dff15446e9d346d9dbd95992de0fef795073f5ea83a81c?s=96&d=mm&r=g\",\"contentUrl\":\"https:\\\/\\\/secure.gravatar.com\\\/avatar\\\/b6992f131dc8d30ab0dff15446e9d346d9dbd95992de0fef795073f5ea83a81c?s=96&d=mm&r=g\",\"caption\":\"La Gu\u00eda de Pamplona\"}}]}<\/script>\n<!-- \/ Yoast SEO plugin. -->","yoast_head_json":{"title":"El Ayuntamiento de Pamplona ofrecer\u00e1 el pr\u00f3ximo mi\u00e9rcoles un taller destinado a explicar las novedades en las subvenciones juveniles del Consistorio","robots":{"index":"index","follow":"follow","max-snippet":"max-snippet:-1","max-image-preview":"max-image-preview:large","max-video-preview":"max-video-preview:-1"},"canonical":"https:\/\/www.laguiadepamplona.com\/actualidad\/el-ayuntamiento-de-pamplona-ofrecera-el-proximo-miercoles-un-taller-destinado-a-explicar-las-novedades-en-las-subvenciones-juveniles-del-consistorio\/","og_locale":"es_ES","og_type":"article","og_title":"El Ayuntamiento de Pamplona ofrecer\u00e1 el pr\u00f3ximo mi\u00e9rcoles un taller destinado a explicar las novedades en las subvenciones juveniles del Consistorio","og_url":"https:\/\/www.laguiadepamplona.com\/actualidad\/el-ayuntamiento-de-pamplona-ofrecera-el-proximo-miercoles-un-taller-destinado-a-explicar-las-novedades-en-las-subvenciones-juveniles-del-consistorio\/","og_site_name":"La Gu\u00eda de Pamplona","article_publisher":"https:\/\/www.facebook.com\/laguiadepamplonacom-133175176762273\/?ref=hl","article_published_time":"2019-05-03T14:30:06+00:00","og_image":[{"width":1000,"height":527,"url":"https:\/\/www.laguiadepamplona.com\/actualidad\/wp-content\/uploads\/2017\/08\/cada_dia_plan_juventud.jpg","type":"image\/jpeg"}],"author":"La Gu\u00eda de Pamplona","twitter_card":"summary_large_image","twitter_creator":"@LaGuiadPamplona","twitter_site":"@LaGuiadPamplona","twitter_misc":{"Escrito por":"La Gu\u00eda de Pamplona","Tiempo de lectura":"3 minutos"},"schema":{"@context":"https:\/\/schema.org","@graph":[{"@type":"Article","@id":"https:\/\/www.laguiadepamplona.com\/actualidad\/el-ayuntamiento-de-pamplona-ofrecera-el-proximo-miercoles-un-taller-destinado-a-explicar-las-novedades-en-las-subvenciones-juveniles-del-consistorio\/#article","isPartOf":{"@id":"https:\/\/www.laguiadepamplona.com\/actualidad\/el-ayuntamiento-de-pamplona-ofrecera-el-proximo-miercoles-un-taller-destinado-a-explicar-las-novedades-en-las-subvenciones-juveniles-del-consistorio\/"},"author":{"name":"La Gu\u00eda de Pamplona","@id":"https:\/\/www.laguiadepamplona.com\/actualidad\/#\/schema\/person\/efe887376f0213d4657c93adc50b1fdb"},"headline":"El Ayuntamiento de Pamplona ofrecer\u00e1 el pr\u00f3ximo mi\u00e9rcoles un taller destinado a explicar las novedades en las subvenciones juveniles del Consistorio","datePublished":"2019-05-03T14:30:06+00:00","mainEntityOfPage":{"@id":"https:\/\/www.laguiadepamplona.com\/actualidad\/el-ayuntamiento-de-pamplona-ofrecera-el-proximo-miercoles-un-taller-destinado-a-explicar-las-novedades-en-las-subvenciones-juveniles-del-consistorio\/"},"wordCount":611,"commentCount":0,"publisher":{"@id":"https:\/\/www.laguiadepamplona.com\/actualidad\/#organization"},"image":{"@id":"https:\/\/www.laguiadepamplona.com\/actualidad\/el-ayuntamiento-de-pamplona-ofrecera-el-proximo-miercoles-un-taller-destinado-a-explicar-las-novedades-en-las-subvenciones-juveniles-del-consistorio\/#primaryimage"},"thumbnailUrl":"https:\/\/www.laguiadepamplona.com\/actualidad\/wp-content\/uploads\/2017\/08\/cada_dia_plan_juventud.jpg","articleSection":["Ayto Pamplona"],"inLanguage":"es","potentialAction":[{"@type":"CommentAction","name":"Comment","target":["https:\/\/www.laguiadepamplona.com\/actualidad\/el-ayuntamiento-de-pamplona-ofrecera-el-proximo-miercoles-un-taller-destinado-a-explicar-las-novedades-en-las-subvenciones-juveniles-del-consistorio\/#respond"]}]},{"@type":"WebPage","@id":"https:\/\/www.laguiadepamplona.com\/actualidad\/el-ayuntamiento-de-pamplona-ofrecera-el-proximo-miercoles-un-taller-destinado-a-explicar-las-novedades-en-las-subvenciones-juveniles-del-consistorio\/","url":"https:\/\/www.laguiadepamplona.com\/actualidad\/el-ayuntamiento-de-pamplona-ofrecera-el-proximo-miercoles-un-taller-destinado-a-explicar-las-novedades-en-las-subvenciones-juveniles-del-consistorio\/","name":"El Ayuntamiento de Pamplona ofrecer\u00e1 el pr\u00f3ximo mi\u00e9rcoles un taller destinado a explicar las novedades en las subvenciones juveniles del Consistorio","isPartOf":{"@id":"https:\/\/www.laguiadepamplona.com\/actualidad\/#website"},"primaryImageOfPage":{"@id":"https:\/\/www.laguiadepamplona.com\/actualidad\/el-ayuntamiento-de-pamplona-ofrecera-el-proximo-miercoles-un-taller-destinado-a-explicar-las-novedades-en-las-subvenciones-juveniles-del-consistorio\/#primaryimage"},"image":{"@id":"https:\/\/www.laguiadepamplona.com\/actualidad\/el-ayuntamiento-de-pamplona-ofrecera-el-proximo-miercoles-un-taller-destinado-a-explicar-las-novedades-en-las-subvenciones-juveniles-del-consistorio\/#primaryimage"},"thumbnailUrl":"https:\/\/www.laguiadepamplona.com\/actualidad\/wp-content\/uploads\/2017\/08\/cada_dia_plan_juventud.jpg","datePublished":"2019-05-03T14:30:06+00:00","breadcrumb":{"@id":"https:\/\/www.laguiadepamplona.com\/actualidad\/el-ayuntamiento-de-pamplona-ofrecera-el-proximo-miercoles-un-taller-destinado-a-explicar-las-novedades-en-las-subvenciones-juveniles-del-consistorio\/#breadcrumb"},"inLanguage":"es","potentialAction":[{"@type":"ReadAction","target":["https:\/\/www.laguiadepamplona.com\/actualidad\/el-ayuntamiento-de-pamplona-ofrecera-el-proximo-miercoles-un-taller-destinado-a-explicar-las-novedades-en-las-subvenciones-juveniles-del-consistorio\/"]}]},{"@type":"ImageObject","inLanguage":"es","@id":"https:\/\/www.laguiadepamplona.com\/actualidad\/el-ayuntamiento-de-pamplona-ofrecera-el-proximo-miercoles-un-taller-destinado-a-explicar-las-novedades-en-las-subvenciones-juveniles-del-consistorio\/#primaryimage","url":"https:\/\/www.laguiadepamplona.com\/actualidad\/wp-content\/uploads\/2017\/08\/cada_dia_plan_juventud.jpg","contentUrl":"https:\/\/www.laguiadepamplona.com\/actualidad\/wp-content\/uploads\/2017\/08\/cada_dia_plan_juventud.jpg","width":1000,"height":527},{"@type":"BreadcrumbList","@id":"https:\/\/www.laguiadepamplona.com\/actualidad\/el-ayuntamiento-de-pamplona-ofrecera-el-proximo-miercoles-un-taller-destinado-a-explicar-las-novedades-en-las-subvenciones-juveniles-del-consistorio\/#breadcrumb","itemListElement":[{"@type":"ListItem","position":1,"name":"Portada","item":"https:\/\/www.laguiadepamplona.com\/actualidad\/"},{"@type":"ListItem","position":2,"name":"El Ayuntamiento de Pamplona ofrecer\u00e1 el pr\u00f3ximo mi\u00e9rcoles un taller destinado a explicar las novedades en las subvenciones juveniles del Consistorio"}]},{"@type":"WebSite","@id":"https:\/\/www.laguiadepamplona.com\/actualidad\/#website","url":"https:\/\/www.laguiadepamplona.com\/actualidad\/","name":"La gu\u00eda de Pamplona","description":"Noticias de Pamplona","publisher":{"@id":"https:\/\/www.laguiadepamplona.com\/actualidad\/#organization"},"potentialAction":[{"@type":"SearchAction","target":{"@type":"EntryPoint","urlTemplate":"https:\/\/www.laguiadepamplona.com\/actualidad\/?s={search_term_string}"},"query-input":{"@type":"PropertyValueSpecification","valueRequired":true,"valueName":"search_term_string"}}],"inLanguage":"es"},{"@type":"Organization","@id":"https:\/\/www.laguiadepamplona.com\/actualidad\/#organization","name":"La Gu\u00eda de Pamplona \/ Noticias","url":"https:\/\/www.laguiadepamplona.com\/actualidad\/","logo":{"@type":"ImageObject","inLanguage":"es","@id":"https:\/\/www.laguiadepamplona.com\/actualidad\/#\/schema\/logo\/image\/","url":"https:\/\/www.laguiadepamplona.com\/actualidad\/wp-content\/uploads\/2018\/11\/logo-laguiadepamplona18-web1.png","contentUrl":"https:\/\/www.laguiadepamplona.com\/actualidad\/wp-content\/uploads\/2018\/11\/logo-laguiadepamplona18-web1.png","width":600,"height":196,"caption":"La Gu\u00eda de Pamplona \/ Noticias"},"image":{"@id":"https:\/\/www.laguiadepamplona.com\/actualidad\/#\/schema\/logo\/image\/"},"sameAs":["https:\/\/www.facebook.com\/laguiadepamplonacom-133175176762273\/?ref=hl","https:\/\/x.com\/LaGuiadPamplona","https:\/\/www.instagram.com\/la_guia_de_pamplona\/","https:\/\/www.youtube.com\/user\/laguiadepamplona"]},{"@type":"Person","@id":"https:\/\/www.laguiadepamplona.com\/actualidad\/#\/schema\/person\/efe887376f0213d4657c93adc50b1fdb","name":"La Gu\u00eda de Pamplona","image":{"@type":"ImageObject","inLanguage":"es","@id":"https:\/\/secure.gravatar.com\/avatar\/b6992f131dc8d30ab0dff15446e9d346d9dbd95992de0fef795073f5ea83a81c?s=96&d=mm&r=g","url":"https:\/\/secure.gravatar.com\/avatar\/b6992f131dc8d30ab0dff15446e9d346d9dbd95992de0fef795073f5ea83a81c?s=96&d=mm&r=g","contentUrl":"https:\/\/secure.gravatar.com\/avatar\/b6992f131dc8d30ab0dff15446e9d346d9dbd95992de0fef795073f5ea83a81c?s=96&d=mm&r=g","caption":"La Gu\u00eda de Pamplona"}}]}},"post_mailing_queue_ids":[],"_links":{"self":[{"href":"https:\/\/www.laguiadepamplona.com\/actualidad\/wp-json\/wp\/v2\/posts\/21868","targetHints":{"allow":["GET"]}}],"collection":[{"href":"https:\/\/www.laguiadepamplona.com\/actualidad\/wp-json\/wp\/v2\/posts"}],"about":[{"href":"https:\/\/www.laguiadepamplona.com\/actualidad\/wp-json\/wp\/v2\/types\/post"}],"author":[{"embeddable":true,"href":"https:\/\/www.laguiadepamplona.com\/actualidad\/wp-json\/wp\/v2\/users\/1"}],"replies":[{"embeddable":true,"href":"https:\/\/www.laguiadepamplona.com\/actualidad\/wp-json\/wp\/v2\/comments?post=21868"}],"version-history":[{"count":0,"href":"https:\/\/www.laguiadepamplona.com\/actualidad\/wp-json\/wp\/v2\/posts\/21868\/revisions"}],"wp:featuredmedia":[{"embeddable":true,"href":"https:\/\/www.laguiadepamplona.com\/actualidad\/wp-json\/wp\/v2\/media\/13864"}],"wp:attachment":[{"href":"https:\/\/www.laguiadepamplona.com\/actualidad\/wp-json\/wp\/v2\/media?parent=21868"}],"wp:term":[{"taxonomy":"category","embeddable":true,"href":"https:\/\/www.laguiadepamplona.com\/actualidad\/wp-json\/wp\/v2\/categories?post=21868"},{"taxonomy":"post_tag","embeddable":true,"href":"https:\/\/www.laguiadepamplona.com\/actualidad\/wp-json\/wp\/v2\/tags?post=21868"}],"curies":[{"name":"wp","href":"https:\/\/api.w.org\/{rel}","templated":true}]}}