{"id":21864,"date":"2019-05-03T16:29:27","date_gmt":"2019-05-03T14:29:27","guid":{"rendered":"https:\/\/www.laguiadepamplona.es\/actualidad\/?p=21864"},"modified":"2019-05-03T16:29:27","modified_gmt":"2019-05-03T14:29:27","slug":"el-baritono-inaki-fresan-cierra-el-ciclo-musicas-de-domingo-en-condestable-con-un-concierto-con-piezas-basadas-en-obras-de-federico-garcia-lorca","status":"publish","type":"post","link":"https:\/\/www.laguiadepamplona.com\/actualidad\/el-baritono-inaki-fresan-cierra-el-ciclo-musicas-de-domingo-en-condestable-con-un-concierto-con-piezas-basadas-en-obras-de-federico-garcia-lorca\/","title":{"rendered":"El bar\u00edtono I\u00f1aki Fres\u00e1n cierra el ciclo M\u00fasicas de Domingo en Condestable con un concierto con piezas basadas en obras de Federico Garc\u00eda Lorca"},"content":{"rendered":"<p><!--more--><\/p>\n<h3>La actuaci\u00f3n tendr\u00e1 lugar el domingo a partir de las 12.30 horas en el patio de Condestable, con entrada libre<\/h3>\n<p>M\u00fasica basada en textos de Federico Garc\u00eda Lorca y la voz del bar\u00edtono navarro I\u00f1aki Fres\u00e1n se fusionan este domingo en Condestable en el concierto \u2018El mundo de Federico. La palabra cantada\u2019. La actuaci\u00f3n cerrar\u00e1 el ciclo M\u00fasicas de Domingo, organizado por el Ayuntamiento de Pamplona a trav\u00e9s de la red Civivox. El concierto se celebrar\u00e1 en el patio de Condestable, a partir de las 12.30 horas, con entrada libre hasta completar el aforo.<\/p>\n<p>Son muchos los compositores que han trasladado la poes\u00eda de Federico Garc\u00eda Lorca a la m\u00fasica, adem\u00e1s con diferentes estilos. Poemas del \u2018Romancero Gitano\u2019, \u2018Gr\u00e1fico de la petenera\u2019, canciones infantiles\u2026 llevadas al pentagrama por los mexicanos Revueltas y Moreno, el rioplatense Caama\u00f1o o los nacionales Garc\u00eda Leoz, Garc\u00eda Abril, Oltra y Ortega. Ese es parte del repertorio de un concierto con el que I\u00f1aki Fres\u00e1n para recordar a uno de los grandes poetas del pa\u00eds.<\/p>\n<p>Nacido en Pamplona, I\u00f1aki Fres\u00e1n ha sido premiado en distintos concursos internacionales. Por ejemplo, la Fundaci\u00f3n para el Desarrollo del Arte, la Ciencia y la Literatura de la provincia de Salzburgo le concedi\u00f3 el Premio para el Fomento del Canto en el marco de la Sommerakademie del Mozarteum. Ha actuado en la Sala Gaveau, Champs Elyse\u00e9s y \u00d3pera C\u00f3mica de Par\u00eds, \u00d3pera de Niza y Montpellier, Gulbenkian y San Carlo de Lisboa, Konzerthaus de Viena, Queen Elisabeth Hall y Barbican Hall de Londres, Sala de las columnas de Mosc\u00fa, Filarm\u00f3nica de Riga y San Petersburgo, Sala Glocke de Bremen, Avenida de Buenos Aires, Nezahualkoyolt de M\u00e9xico DF o los teatros de Treviso, Lyon, Parma, Roma y Regio Calabria. Colabora habitualmente con diferentes formaciones sinf\u00f3nicas. Asimismo, ha grabado para los sellos Claves, Melod\u00eda, Harmon\u00eda Mundi, Auvidis y Elkar; dos de estas grabaciones obtienen el Premio de la M\u00fasica en Francia.<\/p>\n<p>&nbsp;<\/p>\n<p><strong>M\u00fasicas de domingo<\/strong><\/p>\n<p><strong>Domingo 5 de mayo, 12.30 horas. Patio de Civivox Condestable<\/strong><\/p>\n<ul>\n<li><strong>El mundo de Federico. La palabra cantada<\/strong><\/li>\n<li><strong>I\u00f1aki Fres\u00e1n<\/strong><\/li>\n<li><strong>Entrada libre, hasta completar el aforo<\/strong><\/li>\n<\/ul>\n<p>&nbsp;<\/p>\n","protected":false},"excerpt":{"rendered":"","protected":false},"author":1,"featured_media":17390,"comment_status":"open","ping_status":"closed","sticky":false,"template":"","format":"standard","meta":{"footnotes":""},"categories":[2],"tags":[],"class_list":["post-21864","post","type-post","status-publish","format-standard","has-post-thumbnail","hentry","category-ayuntamiento-pamplona"],"yoast_head":"<!-- This site is optimized with the Yoast SEO plugin v27.5 - https:\/\/yoast.com\/product\/yoast-seo-wordpress\/ -->\n<title>El bar\u00edtono I\u00f1aki Fres\u00e1n cierra el ciclo M\u00fasicas de Domingo en Condestable con un concierto con piezas basadas en obras de Federico Garc\u00eda Lorca<\/title>\n<meta name=\"robots\" content=\"index, follow, max-snippet:-1, max-image-preview:large, max-video-preview:-1\" \/>\n<link rel=\"canonical\" href=\"https:\/\/www.laguiadepamplona.com\/actualidad\/el-baritono-inaki-fresan-cierra-el-ciclo-musicas-de-domingo-en-condestable-con-un-concierto-con-piezas-basadas-en-obras-de-federico-garcia-lorca\/\" \/>\n<meta property=\"og:locale\" content=\"es_ES\" \/>\n<meta property=\"og:type\" content=\"article\" \/>\n<meta property=\"og:title\" content=\"El bar\u00edtono I\u00f1aki Fres\u00e1n cierra el ciclo M\u00fasicas de Domingo en Condestable con un concierto con piezas basadas en obras de Federico Garc\u00eda Lorca\" \/>\n<meta property=\"og:url\" content=\"https:\/\/www.laguiadepamplona.com\/actualidad\/el-baritono-inaki-fresan-cierra-el-ciclo-musicas-de-domingo-en-condestable-con-un-concierto-con-piezas-basadas-en-obras-de-federico-garcia-lorca\/\" \/>\n<meta property=\"og:site_name\" content=\"La Gu\u00eda de Pamplona\" \/>\n<meta property=\"article:publisher\" content=\"https:\/\/www.facebook.com\/laguiadepamplonacom-133175176762273\/?ref=hl\" \/>\n<meta property=\"article:published_time\" content=\"2019-05-03T14:29:27+00:00\" \/>\n<meta property=\"og:image\" content=\"https:\/\/www.laguiadepamplona.com\/actualidad\/wp-content\/uploads\/2018\/05\/palacio-condestable.jpg\" \/>\n\t<meta property=\"og:image:width\" content=\"950\" \/>\n\t<meta property=\"og:image:height\" content=\"634\" \/>\n\t<meta property=\"og:image:type\" content=\"image\/jpeg\" \/>\n<meta name=\"author\" content=\"La Gu\u00eda de Pamplona\" \/>\n<meta name=\"twitter:card\" content=\"summary_large_image\" \/>\n<meta name=\"twitter:creator\" content=\"@LaGuiadPamplona\" \/>\n<meta name=\"twitter:site\" content=\"@LaGuiadPamplona\" \/>\n<meta name=\"twitter:label1\" content=\"Escrito por\" \/>\n\t<meta name=\"twitter:data1\" content=\"La Gu\u00eda de Pamplona\" \/>\n\t<meta name=\"twitter:label2\" content=\"Tiempo de lectura\" \/>\n\t<meta name=\"twitter:data2\" content=\"2 minutos\" \/>\n<script type=\"application\/ld+json\" class=\"yoast-schema-graph\">{\"@context\":\"https:\\\/\\\/schema.org\",\"@graph\":[{\"@type\":\"Article\",\"@id\":\"https:\\\/\\\/www.laguiadepamplona.com\\\/actualidad\\\/el-baritono-inaki-fresan-cierra-el-ciclo-musicas-de-domingo-en-condestable-con-un-concierto-con-piezas-basadas-en-obras-de-federico-garcia-lorca\\\/#article\",\"isPartOf\":{\"@id\":\"https:\\\/\\\/www.laguiadepamplona.com\\\/actualidad\\\/el-baritono-inaki-fresan-cierra-el-ciclo-musicas-de-domingo-en-condestable-con-un-concierto-con-piezas-basadas-en-obras-de-federico-garcia-lorca\\\/\"},\"author\":{\"name\":\"La Gu\u00eda de Pamplona\",\"@id\":\"https:\\\/\\\/www.laguiadepamplona.com\\\/actualidad\\\/#\\\/schema\\\/person\\\/efe887376f0213d4657c93adc50b1fdb\"},\"headline\":\"El bar\u00edtono I\u00f1aki Fres\u00e1n cierra el ciclo M\u00fasicas de Domingo en Condestable con un concierto con piezas basadas en obras de Federico Garc\u00eda Lorca\",\"datePublished\":\"2019-05-03T14:29:27+00:00\",\"mainEntityOfPage\":{\"@id\":\"https:\\\/\\\/www.laguiadepamplona.com\\\/actualidad\\\/el-baritono-inaki-fresan-cierra-el-ciclo-musicas-de-domingo-en-condestable-con-un-concierto-con-piezas-basadas-en-obras-de-federico-garcia-lorca\\\/\"},\"wordCount\":408,\"commentCount\":0,\"publisher\":{\"@id\":\"https:\\\/\\\/www.laguiadepamplona.com\\\/actualidad\\\/#organization\"},\"image\":{\"@id\":\"https:\\\/\\\/www.laguiadepamplona.com\\\/actualidad\\\/el-baritono-inaki-fresan-cierra-el-ciclo-musicas-de-domingo-en-condestable-con-un-concierto-con-piezas-basadas-en-obras-de-federico-garcia-lorca\\\/#primaryimage\"},\"thumbnailUrl\":\"https:\\\/\\\/www.laguiadepamplona.com\\\/actualidad\\\/wp-content\\\/uploads\\\/2018\\\/05\\\/palacio-condestable.jpg\",\"articleSection\":[\"Ayto Pamplona\"],\"inLanguage\":\"es\",\"potentialAction\":[{\"@type\":\"CommentAction\",\"name\":\"Comment\",\"target\":[\"https:\\\/\\\/www.laguiadepamplona.com\\\/actualidad\\\/el-baritono-inaki-fresan-cierra-el-ciclo-musicas-de-domingo-en-condestable-con-un-concierto-con-piezas-basadas-en-obras-de-federico-garcia-lorca\\\/#respond\"]}]},{\"@type\":\"WebPage\",\"@id\":\"https:\\\/\\\/www.laguiadepamplona.com\\\/actualidad\\\/el-baritono-inaki-fresan-cierra-el-ciclo-musicas-de-domingo-en-condestable-con-un-concierto-con-piezas-basadas-en-obras-de-federico-garcia-lorca\\\/\",\"url\":\"https:\\\/\\\/www.laguiadepamplona.com\\\/actualidad\\\/el-baritono-inaki-fresan-cierra-el-ciclo-musicas-de-domingo-en-condestable-con-un-concierto-con-piezas-basadas-en-obras-de-federico-garcia-lorca\\\/\",\"name\":\"El bar\u00edtono I\u00f1aki Fres\u00e1n cierra el ciclo M\u00fasicas de Domingo en Condestable con un concierto con piezas basadas en obras de Federico Garc\u00eda Lorca\",\"isPartOf\":{\"@id\":\"https:\\\/\\\/www.laguiadepamplona.com\\\/actualidad\\\/#website\"},\"primaryImageOfPage\":{\"@id\":\"https:\\\/\\\/www.laguiadepamplona.com\\\/actualidad\\\/el-baritono-inaki-fresan-cierra-el-ciclo-musicas-de-domingo-en-condestable-con-un-concierto-con-piezas-basadas-en-obras-de-federico-garcia-lorca\\\/#primaryimage\"},\"image\":{\"@id\":\"https:\\\/\\\/www.laguiadepamplona.com\\\/actualidad\\\/el-baritono-inaki-fresan-cierra-el-ciclo-musicas-de-domingo-en-condestable-con-un-concierto-con-piezas-basadas-en-obras-de-federico-garcia-lorca\\\/#primaryimage\"},\"thumbnailUrl\":\"https:\\\/\\\/www.laguiadepamplona.com\\\/actualidad\\\/wp-content\\\/uploads\\\/2018\\\/05\\\/palacio-condestable.jpg\",\"datePublished\":\"2019-05-03T14:29:27+00:00\",\"breadcrumb\":{\"@id\":\"https:\\\/\\\/www.laguiadepamplona.com\\\/actualidad\\\/el-baritono-inaki-fresan-cierra-el-ciclo-musicas-de-domingo-en-condestable-con-un-concierto-con-piezas-basadas-en-obras-de-federico-garcia-lorca\\\/#breadcrumb\"},\"inLanguage\":\"es\",\"potentialAction\":[{\"@type\":\"ReadAction\",\"target\":[\"https:\\\/\\\/www.laguiadepamplona.com\\\/actualidad\\\/el-baritono-inaki-fresan-cierra-el-ciclo-musicas-de-domingo-en-condestable-con-un-concierto-con-piezas-basadas-en-obras-de-federico-garcia-lorca\\\/\"]}]},{\"@type\":\"ImageObject\",\"inLanguage\":\"es\",\"@id\":\"https:\\\/\\\/www.laguiadepamplona.com\\\/actualidad\\\/el-baritono-inaki-fresan-cierra-el-ciclo-musicas-de-domingo-en-condestable-con-un-concierto-con-piezas-basadas-en-obras-de-federico-garcia-lorca\\\/#primaryimage\",\"url\":\"https:\\\/\\\/www.laguiadepamplona.com\\\/actualidad\\\/wp-content\\\/uploads\\\/2018\\\/05\\\/palacio-condestable.jpg\",\"contentUrl\":\"https:\\\/\\\/www.laguiadepamplona.com\\\/actualidad\\\/wp-content\\\/uploads\\\/2018\\\/05\\\/palacio-condestable.jpg\",\"width\":950,\"height\":634,\"caption\":\"civivox condestable\"},{\"@type\":\"BreadcrumbList\",\"@id\":\"https:\\\/\\\/www.laguiadepamplona.com\\\/actualidad\\\/el-baritono-inaki-fresan-cierra-el-ciclo-musicas-de-domingo-en-condestable-con-un-concierto-con-piezas-basadas-en-obras-de-federico-garcia-lorca\\\/#breadcrumb\",\"itemListElement\":[{\"@type\":\"ListItem\",\"position\":1,\"name\":\"Portada\",\"item\":\"https:\\\/\\\/www.laguiadepamplona.com\\\/actualidad\\\/\"},{\"@type\":\"ListItem\",\"position\":2,\"name\":\"El bar\u00edtono I\u00f1aki Fres\u00e1n cierra el ciclo M\u00fasicas de Domingo en Condestable con un concierto con piezas basadas en obras de Federico Garc\u00eda Lorca\"}]},{\"@type\":\"WebSite\",\"@id\":\"https:\\\/\\\/www.laguiadepamplona.com\\\/actualidad\\\/#website\",\"url\":\"https:\\\/\\\/www.laguiadepamplona.com\\\/actualidad\\\/\",\"name\":\"La gu\u00eda de Pamplona\",\"description\":\"Noticias de Pamplona\",\"publisher\":{\"@id\":\"https:\\\/\\\/www.laguiadepamplona.com\\\/actualidad\\\/#organization\"},\"potentialAction\":[{\"@type\":\"SearchAction\",\"target\":{\"@type\":\"EntryPoint\",\"urlTemplate\":\"https:\\\/\\\/www.laguiadepamplona.com\\\/actualidad\\\/?s={search_term_string}\"},\"query-input\":{\"@type\":\"PropertyValueSpecification\",\"valueRequired\":true,\"valueName\":\"search_term_string\"}}],\"inLanguage\":\"es\"},{\"@type\":\"Organization\",\"@id\":\"https:\\\/\\\/www.laguiadepamplona.com\\\/actualidad\\\/#organization\",\"name\":\"La Gu\u00eda de Pamplona \\\/ Noticias\",\"url\":\"https:\\\/\\\/www.laguiadepamplona.com\\\/actualidad\\\/\",\"logo\":{\"@type\":\"ImageObject\",\"inLanguage\":\"es\",\"@id\":\"https:\\\/\\\/www.laguiadepamplona.com\\\/actualidad\\\/#\\\/schema\\\/logo\\\/image\\\/\",\"url\":\"https:\\\/\\\/www.laguiadepamplona.com\\\/actualidad\\\/wp-content\\\/uploads\\\/2018\\\/11\\\/logo-laguiadepamplona18-web1.png\",\"contentUrl\":\"https:\\\/\\\/www.laguiadepamplona.com\\\/actualidad\\\/wp-content\\\/uploads\\\/2018\\\/11\\\/logo-laguiadepamplona18-web1.png\",\"width\":600,\"height\":196,\"caption\":\"La Gu\u00eda de Pamplona \\\/ Noticias\"},\"image\":{\"@id\":\"https:\\\/\\\/www.laguiadepamplona.com\\\/actualidad\\\/#\\\/schema\\\/logo\\\/image\\\/\"},\"sameAs\":[\"https:\\\/\\\/www.facebook.com\\\/laguiadepamplonacom-133175176762273\\\/?ref=hl\",\"https:\\\/\\\/x.com\\\/LaGuiadPamplona\",\"https:\\\/\\\/www.instagram.com\\\/la_guia_de_pamplona\\\/\",\"https:\\\/\\\/www.youtube.com\\\/user\\\/laguiadepamplona\"]},{\"@type\":\"Person\",\"@id\":\"https:\\\/\\\/www.laguiadepamplona.com\\\/actualidad\\\/#\\\/schema\\\/person\\\/efe887376f0213d4657c93adc50b1fdb\",\"name\":\"La Gu\u00eda de Pamplona\",\"image\":{\"@type\":\"ImageObject\",\"inLanguage\":\"es\",\"@id\":\"https:\\\/\\\/secure.gravatar.com\\\/avatar\\\/b6992f131dc8d30ab0dff15446e9d346d9dbd95992de0fef795073f5ea83a81c?s=96&d=mm&r=g\",\"url\":\"https:\\\/\\\/secure.gravatar.com\\\/avatar\\\/b6992f131dc8d30ab0dff15446e9d346d9dbd95992de0fef795073f5ea83a81c?s=96&d=mm&r=g\",\"contentUrl\":\"https:\\\/\\\/secure.gravatar.com\\\/avatar\\\/b6992f131dc8d30ab0dff15446e9d346d9dbd95992de0fef795073f5ea83a81c?s=96&d=mm&r=g\",\"caption\":\"La Gu\u00eda de Pamplona\"}}]}<\/script>\n<!-- \/ Yoast SEO plugin. -->","yoast_head_json":{"title":"El bar\u00edtono I\u00f1aki Fres\u00e1n cierra el ciclo M\u00fasicas de Domingo en Condestable con un concierto con piezas basadas en obras de Federico Garc\u00eda Lorca","robots":{"index":"index","follow":"follow","max-snippet":"max-snippet:-1","max-image-preview":"max-image-preview:large","max-video-preview":"max-video-preview:-1"},"canonical":"https:\/\/www.laguiadepamplona.com\/actualidad\/el-baritono-inaki-fresan-cierra-el-ciclo-musicas-de-domingo-en-condestable-con-un-concierto-con-piezas-basadas-en-obras-de-federico-garcia-lorca\/","og_locale":"es_ES","og_type":"article","og_title":"El bar\u00edtono I\u00f1aki Fres\u00e1n cierra el ciclo M\u00fasicas de Domingo en Condestable con un concierto con piezas basadas en obras de Federico Garc\u00eda Lorca","og_url":"https:\/\/www.laguiadepamplona.com\/actualidad\/el-baritono-inaki-fresan-cierra-el-ciclo-musicas-de-domingo-en-condestable-con-un-concierto-con-piezas-basadas-en-obras-de-federico-garcia-lorca\/","og_site_name":"La Gu\u00eda de Pamplona","article_publisher":"https:\/\/www.facebook.com\/laguiadepamplonacom-133175176762273\/?ref=hl","article_published_time":"2019-05-03T14:29:27+00:00","og_image":[{"width":950,"height":634,"url":"https:\/\/www.laguiadepamplona.com\/actualidad\/wp-content\/uploads\/2018\/05\/palacio-condestable.jpg","type":"image\/jpeg"}],"author":"La Gu\u00eda de Pamplona","twitter_card":"summary_large_image","twitter_creator":"@LaGuiadPamplona","twitter_site":"@LaGuiadPamplona","twitter_misc":{"Escrito por":"La Gu\u00eda de Pamplona","Tiempo de lectura":"2 minutos"},"schema":{"@context":"https:\/\/schema.org","@graph":[{"@type":"Article","@id":"https:\/\/www.laguiadepamplona.com\/actualidad\/el-baritono-inaki-fresan-cierra-el-ciclo-musicas-de-domingo-en-condestable-con-un-concierto-con-piezas-basadas-en-obras-de-federico-garcia-lorca\/#article","isPartOf":{"@id":"https:\/\/www.laguiadepamplona.com\/actualidad\/el-baritono-inaki-fresan-cierra-el-ciclo-musicas-de-domingo-en-condestable-con-un-concierto-con-piezas-basadas-en-obras-de-federico-garcia-lorca\/"},"author":{"name":"La Gu\u00eda de Pamplona","@id":"https:\/\/www.laguiadepamplona.com\/actualidad\/#\/schema\/person\/efe887376f0213d4657c93adc50b1fdb"},"headline":"El bar\u00edtono I\u00f1aki Fres\u00e1n cierra el ciclo M\u00fasicas de Domingo en Condestable con un concierto con piezas basadas en obras de Federico Garc\u00eda Lorca","datePublished":"2019-05-03T14:29:27+00:00","mainEntityOfPage":{"@id":"https:\/\/www.laguiadepamplona.com\/actualidad\/el-baritono-inaki-fresan-cierra-el-ciclo-musicas-de-domingo-en-condestable-con-un-concierto-con-piezas-basadas-en-obras-de-federico-garcia-lorca\/"},"wordCount":408,"commentCount":0,"publisher":{"@id":"https:\/\/www.laguiadepamplona.com\/actualidad\/#organization"},"image":{"@id":"https:\/\/www.laguiadepamplona.com\/actualidad\/el-baritono-inaki-fresan-cierra-el-ciclo-musicas-de-domingo-en-condestable-con-un-concierto-con-piezas-basadas-en-obras-de-federico-garcia-lorca\/#primaryimage"},"thumbnailUrl":"https:\/\/www.laguiadepamplona.com\/actualidad\/wp-content\/uploads\/2018\/05\/palacio-condestable.jpg","articleSection":["Ayto Pamplona"],"inLanguage":"es","potentialAction":[{"@type":"CommentAction","name":"Comment","target":["https:\/\/www.laguiadepamplona.com\/actualidad\/el-baritono-inaki-fresan-cierra-el-ciclo-musicas-de-domingo-en-condestable-con-un-concierto-con-piezas-basadas-en-obras-de-federico-garcia-lorca\/#respond"]}]},{"@type":"WebPage","@id":"https:\/\/www.laguiadepamplona.com\/actualidad\/el-baritono-inaki-fresan-cierra-el-ciclo-musicas-de-domingo-en-condestable-con-un-concierto-con-piezas-basadas-en-obras-de-federico-garcia-lorca\/","url":"https:\/\/www.laguiadepamplona.com\/actualidad\/el-baritono-inaki-fresan-cierra-el-ciclo-musicas-de-domingo-en-condestable-con-un-concierto-con-piezas-basadas-en-obras-de-federico-garcia-lorca\/","name":"El bar\u00edtono I\u00f1aki Fres\u00e1n cierra el ciclo M\u00fasicas de Domingo en Condestable con un concierto con piezas basadas en obras de Federico Garc\u00eda Lorca","isPartOf":{"@id":"https:\/\/www.laguiadepamplona.com\/actualidad\/#website"},"primaryImageOfPage":{"@id":"https:\/\/www.laguiadepamplona.com\/actualidad\/el-baritono-inaki-fresan-cierra-el-ciclo-musicas-de-domingo-en-condestable-con-un-concierto-con-piezas-basadas-en-obras-de-federico-garcia-lorca\/#primaryimage"},"image":{"@id":"https:\/\/www.laguiadepamplona.com\/actualidad\/el-baritono-inaki-fresan-cierra-el-ciclo-musicas-de-domingo-en-condestable-con-un-concierto-con-piezas-basadas-en-obras-de-federico-garcia-lorca\/#primaryimage"},"thumbnailUrl":"https:\/\/www.laguiadepamplona.com\/actualidad\/wp-content\/uploads\/2018\/05\/palacio-condestable.jpg","datePublished":"2019-05-03T14:29:27+00:00","breadcrumb":{"@id":"https:\/\/www.laguiadepamplona.com\/actualidad\/el-baritono-inaki-fresan-cierra-el-ciclo-musicas-de-domingo-en-condestable-con-un-concierto-con-piezas-basadas-en-obras-de-federico-garcia-lorca\/#breadcrumb"},"inLanguage":"es","potentialAction":[{"@type":"ReadAction","target":["https:\/\/www.laguiadepamplona.com\/actualidad\/el-baritono-inaki-fresan-cierra-el-ciclo-musicas-de-domingo-en-condestable-con-un-concierto-con-piezas-basadas-en-obras-de-federico-garcia-lorca\/"]}]},{"@type":"ImageObject","inLanguage":"es","@id":"https:\/\/www.laguiadepamplona.com\/actualidad\/el-baritono-inaki-fresan-cierra-el-ciclo-musicas-de-domingo-en-condestable-con-un-concierto-con-piezas-basadas-en-obras-de-federico-garcia-lorca\/#primaryimage","url":"https:\/\/www.laguiadepamplona.com\/actualidad\/wp-content\/uploads\/2018\/05\/palacio-condestable.jpg","contentUrl":"https:\/\/www.laguiadepamplona.com\/actualidad\/wp-content\/uploads\/2018\/05\/palacio-condestable.jpg","width":950,"height":634,"caption":"civivox condestable"},{"@type":"BreadcrumbList","@id":"https:\/\/www.laguiadepamplona.com\/actualidad\/el-baritono-inaki-fresan-cierra-el-ciclo-musicas-de-domingo-en-condestable-con-un-concierto-con-piezas-basadas-en-obras-de-federico-garcia-lorca\/#breadcrumb","itemListElement":[{"@type":"ListItem","position":1,"name":"Portada","item":"https:\/\/www.laguiadepamplona.com\/actualidad\/"},{"@type":"ListItem","position":2,"name":"El bar\u00edtono I\u00f1aki Fres\u00e1n cierra el ciclo M\u00fasicas de Domingo en Condestable con un concierto con piezas basadas en obras de Federico Garc\u00eda Lorca"}]},{"@type":"WebSite","@id":"https:\/\/www.laguiadepamplona.com\/actualidad\/#website","url":"https:\/\/www.laguiadepamplona.com\/actualidad\/","name":"La gu\u00eda de Pamplona","description":"Noticias de Pamplona","publisher":{"@id":"https:\/\/www.laguiadepamplona.com\/actualidad\/#organization"},"potentialAction":[{"@type":"SearchAction","target":{"@type":"EntryPoint","urlTemplate":"https:\/\/www.laguiadepamplona.com\/actualidad\/?s={search_term_string}"},"query-input":{"@type":"PropertyValueSpecification","valueRequired":true,"valueName":"search_term_string"}}],"inLanguage":"es"},{"@type":"Organization","@id":"https:\/\/www.laguiadepamplona.com\/actualidad\/#organization","name":"La Gu\u00eda de Pamplona \/ Noticias","url":"https:\/\/www.laguiadepamplona.com\/actualidad\/","logo":{"@type":"ImageObject","inLanguage":"es","@id":"https:\/\/www.laguiadepamplona.com\/actualidad\/#\/schema\/logo\/image\/","url":"https:\/\/www.laguiadepamplona.com\/actualidad\/wp-content\/uploads\/2018\/11\/logo-laguiadepamplona18-web1.png","contentUrl":"https:\/\/www.laguiadepamplona.com\/actualidad\/wp-content\/uploads\/2018\/11\/logo-laguiadepamplona18-web1.png","width":600,"height":196,"caption":"La Gu\u00eda de Pamplona \/ Noticias"},"image":{"@id":"https:\/\/www.laguiadepamplona.com\/actualidad\/#\/schema\/logo\/image\/"},"sameAs":["https:\/\/www.facebook.com\/laguiadepamplonacom-133175176762273\/?ref=hl","https:\/\/x.com\/LaGuiadPamplona","https:\/\/www.instagram.com\/la_guia_de_pamplona\/","https:\/\/www.youtube.com\/user\/laguiadepamplona"]},{"@type":"Person","@id":"https:\/\/www.laguiadepamplona.com\/actualidad\/#\/schema\/person\/efe887376f0213d4657c93adc50b1fdb","name":"La Gu\u00eda de Pamplona","image":{"@type":"ImageObject","inLanguage":"es","@id":"https:\/\/secure.gravatar.com\/avatar\/b6992f131dc8d30ab0dff15446e9d346d9dbd95992de0fef795073f5ea83a81c?s=96&d=mm&r=g","url":"https:\/\/secure.gravatar.com\/avatar\/b6992f131dc8d30ab0dff15446e9d346d9dbd95992de0fef795073f5ea83a81c?s=96&d=mm&r=g","contentUrl":"https:\/\/secure.gravatar.com\/avatar\/b6992f131dc8d30ab0dff15446e9d346d9dbd95992de0fef795073f5ea83a81c?s=96&d=mm&r=g","caption":"La Gu\u00eda de Pamplona"}}]}},"post_mailing_queue_ids":[],"_links":{"self":[{"href":"https:\/\/www.laguiadepamplona.com\/actualidad\/wp-json\/wp\/v2\/posts\/21864","targetHints":{"allow":["GET"]}}],"collection":[{"href":"https:\/\/www.laguiadepamplona.com\/actualidad\/wp-json\/wp\/v2\/posts"}],"about":[{"href":"https:\/\/www.laguiadepamplona.com\/actualidad\/wp-json\/wp\/v2\/types\/post"}],"author":[{"embeddable":true,"href":"https:\/\/www.laguiadepamplona.com\/actualidad\/wp-json\/wp\/v2\/users\/1"}],"replies":[{"embeddable":true,"href":"https:\/\/www.laguiadepamplona.com\/actualidad\/wp-json\/wp\/v2\/comments?post=21864"}],"version-history":[{"count":0,"href":"https:\/\/www.laguiadepamplona.com\/actualidad\/wp-json\/wp\/v2\/posts\/21864\/revisions"}],"wp:featuredmedia":[{"embeddable":true,"href":"https:\/\/www.laguiadepamplona.com\/actualidad\/wp-json\/wp\/v2\/media\/17390"}],"wp:attachment":[{"href":"https:\/\/www.laguiadepamplona.com\/actualidad\/wp-json\/wp\/v2\/media?parent=21864"}],"wp:term":[{"taxonomy":"category","embeddable":true,"href":"https:\/\/www.laguiadepamplona.com\/actualidad\/wp-json\/wp\/v2\/categories?post=21864"},{"taxonomy":"post_tag","embeddable":true,"href":"https:\/\/www.laguiadepamplona.com\/actualidad\/wp-json\/wp\/v2\/tags?post=21864"}],"curies":[{"name":"wp","href":"https:\/\/api.w.org\/{rel}","templated":true}]}}