{"id":21853,"date":"2019-05-03T12:01:56","date_gmt":"2019-05-03T10:01:56","guid":{"rendered":"https:\/\/www.laguiadepamplona.es\/actualidad\/?p=21853"},"modified":"2019-05-03T16:39:40","modified_gmt":"2019-05-03T14:39:40","slug":"el-cartel-ayer-sone-con-un-6-de-julio-de-edurne-tainta-balda-elegido-para-anunciar-los-sanfermines-2019-en-una-votacion-con-la-participacion-mas-alta-de-todos-los-anos","status":"publish","type":"post","link":"https:\/\/www.laguiadepamplona.com\/actualidad\/el-cartel-ayer-sone-con-un-6-de-julio-de-edurne-tainta-balda-elegido-para-anunciar-los-sanfermines-2019-en-una-votacion-con-la-participacion-mas-alta-de-todos-los-anos\/","title":{"rendered":"El cartel \u2018Ayer so\u00f1\u00e9 con un 6 de Julio\u2019, de Edurne Ta\u00ednta Balda, elegido para anunciar los Sanfermines 2019 en una votaci\u00f3n con la participaci\u00f3n m\u00e1s alta de todos los a\u00f1os"},"content":{"rendered":"<p><!--more--><\/p>\n<h3 class=\"2-subtitulo-western\">De los 10.629 votos, 3.180 (29,9%) fueron para el cartel ganador, 2.183 (20,5%) para \u2018Txist-jazz\u2019 y 1.991 (18,7%) para \u2018Zaldiko\u2019<\/h3>\n<p><a href=\"https:\/\/www.laguiadepamplona.es\/actualidad\/wp-content\/uploads\/2019\/05\/3_AYER-SO\u00d1E-CON-UN-6-DE-JULIO.jpg\"><img loading=\"lazy\" decoding=\"async\" class=\"alignleft size-medium wp-image-21857\" src=\"https:\/\/www.laguiadepamplona.es\/actualidad\/wp-content\/uploads\/2019\/05\/3_AYER-SO\u00d1E-CON-UN-6-DE-JULIO-210x300.jpg\" alt=\"\" width=\"210\" height=\"300\" srcset=\"https:\/\/www.laguiadepamplona.com\/actualidad\/wp-content\/uploads\/2019\/05\/3_AYER-SO\u00d1E-CON-UN-6-DE-JULIO-210x300.jpg 210w, https:\/\/www.laguiadepamplona.com\/actualidad\/wp-content\/uploads\/2019\/05\/3_AYER-SO\u00d1E-CON-UN-6-DE-JULIO-768x1097.jpg 768w, https:\/\/www.laguiadepamplona.com\/actualidad\/wp-content\/uploads\/2019\/05\/3_AYER-SO\u00d1E-CON-UN-6-DE-JULIO-477x682.jpg 477w, https:\/\/www.laguiadepamplona.com\/actualidad\/wp-content\/uploads\/2019\/05\/3_AYER-SO\u00d1E-CON-UN-6-DE-JULIO-640x915.jpg 640w, https:\/\/www.laguiadepamplona.com\/actualidad\/wp-content\/uploads\/2019\/05\/3_AYER-SO\u00d1E-CON-UN-6-DE-JULIO.jpg 1233w\" sizes=\"auto, (max-width: 210px) 100vw, 210px\" \/><\/a>El cartel \u2018Ayer so\u00f1\u00e9 con un 6 de julio\u2019, de Edurne Ta\u00ednta Balda, ha sido el elegido para anunciar los Sanfermines de 2019 en una votaci\u00f3n que ha contado con la participaci\u00f3n m\u00e1s alta desde que se puso en marcha este sistema de elecci\u00f3n del cartel en 2008. Han votado 10.629 personas. De esta manera, el Chupinazo en la Plaza Consistorial se convertir\u00e1 en la imagen representativa de las fiestas y su autora, en la sexta mujer que dise\u00f1a el cartel ganador y en una de las personas m\u00e1s j\u00f3venes. El premio est\u00e1 dotado con 3.600 euros.<\/p>\n<p>El cartel, n\u00famero 3, ha recibido 3.180 votos, lo que significa el 29,9% del total. A continuaci\u00f3n, se han situado \u2018Txist-jazz\u2019, de Daniel Burgui Iguzkiza y Unai Beroiz Nieto, que ha sumado 2.183 votos, el 20,5%, y \u2018Zaldiko\u2019, de Koldo Aiestaran, que ha logrado 1.991 apoyos, el 18,7%. El alcalde de Pamplona, Joseba Asiron, y la concejala delegada de Cultura y Educaci\u00f3n, Maider Beloki, han dado a conocer todos los datos esta ma\u00f1ana en una rueda de prensa en la que tambi\u00e9n ha participado la autora ganadora.<\/p>\n<p><b>Autora de 24 a\u00f1os con formaci\u00f3n en ilustraci\u00f3n, dise\u00f1o gr\u00e1fico y publicidad<\/b><\/p>\n<p><a href=\"https:\/\/www.laguiadepamplona.es\/actualidad\/wp-content\/uploads\/2019\/05\/19.05.03_Cartel-San-Ferm\u00edn-2019.jpg\"><img loading=\"lazy\" decoding=\"async\" class=\"alignleft size-medium wp-image-21903\" src=\"https:\/\/www.laguiadepamplona.es\/actualidad\/wp-content\/uploads\/2019\/05\/19.05.03_Cartel-San-Ferm\u00edn-2019-450x300.jpg\" alt=\"\" width=\"450\" height=\"300\" srcset=\"https:\/\/www.laguiadepamplona.com\/actualidad\/wp-content\/uploads\/2019\/05\/19.05.03_Cartel-San-Ferm\u00edn-2019-450x300.jpg 450w, https:\/\/www.laguiadepamplona.com\/actualidad\/wp-content\/uploads\/2019\/05\/19.05.03_Cartel-San-Ferm\u00edn-2019-768x512.jpg 768w, https:\/\/www.laguiadepamplona.com\/actualidad\/wp-content\/uploads\/2019\/05\/19.05.03_Cartel-San-Ferm\u00edn-2019-1024x682.jpg 1024w, https:\/\/www.laguiadepamplona.com\/actualidad\/wp-content\/uploads\/2019\/05\/19.05.03_Cartel-San-Ferm\u00edn-2019-640x427.jpg 640w, https:\/\/www.laguiadepamplona.com\/actualidad\/wp-content\/uploads\/2019\/05\/19.05.03_Cartel-San-Ferm\u00edn-2019.jpg 1620w\" sizes=\"auto, (max-width: 450px) 100vw, 450px\" \/><\/a>Edurne Ta\u00ednta Balda (Burlada, 4 de diciembre de 1994) est\u00e1 cursando en la actualidad Grado de Ilustraci\u00f3n (2017\/19) y es t\u00e9cnica en Dise\u00f1o Gr\u00e1fico y Publicidad (2014\/16), titulaciones obtenidas tras formarse en el IES Iturrama BHI y en Askatasuna BHI. Su imagen ha seguido la estela de otros carteles elegidos para representar los Sanfermines en los que tanto el Chupinazo como la fachada del Ayuntamiento y la Plaza Consistorial han sido elementos importantes. El \u00faltimo, en 2009, obra de \u00c1ngel Blanco. Anteriormente, estos iconos de las fiestas tambi\u00e9n estuvieron presentes en los dise\u00f1os de Jos\u00e9 Luis y Alberto Ollo Casas en 1898 y Francisco Bastida Marchi\u00f1ena en 1984. Y en d\u00e9cadas pasadas, por ejemplo, en los de Jes\u00fas Basiano de 1929 y Enrique Mart\u00edn Gonz\u00e1lez de 1994.<\/p>\n<p>Edurne Ta\u00ednta es la sexta mujer que dise\u00f1a el cartel de las fiestas de San Ferm\u00edn y contin\u00faa los pasos de Adriana Eransus Azpilicueta, ganadora en la votaci\u00f3n del a\u00f1o pasado con \u2018Pamplona, ciudad de luces\u2019 al obtener 2.200 votos, el 33,8% de los 6.511 emitidos. Tambi\u00e9n por este sistema fue elegida la imagen de Elixabete Bordonaba en 2013. Anteriormente, en concursos sin votaci\u00f3n popular, se eligieron las obras de Cristina Calvo en 2006, Marta Coronado y Mikel Urmeneta en 2004 y Francis Bartolozzi y Pedro Lozano de Sot\u00e9s en 1974.<\/p>\n<p><b>708 votos diarios que superan los 514 de la anterior votaci\u00f3n con mayor media<\/b><\/p>\n<p>En la votaci\u00f3n de este a\u00f1o, abierta a las personas empadronadas en la ciudad y que se ha realizado entre el 16 y el 30 de abril, han participado 10.629 personas, 4.118 m\u00e1s que el a\u00f1o pasado, lo que representa un incremento del 63%. Esta cifra de participaci\u00f3n supera los registros m\u00e1s altos, que se obtuvieron los primeros a\u00f1os de votaci\u00f3n, cuando se sumaron 9.782 personas participantes en 2009, 8.633 en 2010 y 8.227 en 2011. Desde el punto de vista de la media de sufragios diarios obtenidos, tambi\u00e9n alcanza el r\u00e9cord ya que durante 2019 han llegado una media de 708,6 votos al d\u00eda. Las mayores medias se hab\u00edan alcanzado en 2009 con 514,8; 2016 con 506,5; y 2018 con 500,8.<\/p>\n<p>El gran incremento entre el dato publicado un d\u00eda antes de finalizar la votaci\u00f3n, cuando se contabilizaron 7.609 participantes, y el resultado final se debe en gran parte a que en esta ocasi\u00f3n se han contabilizado los votos presenciales en los Civivox en el \u00faltimo momento. Las papeletas recogidas en los siete centros Civivox en los que se instaron urnas fueron 1.841 (el 17% del total). La v\u00eda que m\u00e1s personas utiliz\u00f3 fue la digital, ya que a trav\u00e9s de <span style=\"color: #0000ff;\"><a href=\"http:\/\/www.pamplona.es\/\"><span style=\"color: #000000;\">www.pamplona.es<\/span><\/a><\/span> y <span style=\"color: #0000ff;\"><a href=\"http:\/\/www.sanferminoficial.com\/\"><span style=\"color: #000000;\">www.sanferminoficial.com<\/span><\/a><\/span> llegaron 8.616 apoyos (81%). A trav\u00e9s del Tel\u00e9fono de Atenci\u00f3n Ciudadana solamente se recogieron 172 sufragios (2%). Estos datos apuntalan la tendencia de a\u00f1os anteriores. En 2018, utilizaron Internet el 77% de las personas participantes, el voto presencial fue del 20% y el telef\u00f3nico el 3%. En 2017 por internet vot\u00f3 un 74% de las personas participantes; un 24% lo hicieron presencialmente y un 2% por tel\u00e9fono.<\/p>\n<p><b>Sue\u00f1o o realidad de una ma\u00f1ana del 6 de julio con un plano cinematogr\u00e1fico<\/b><\/p>\n<p>Ayer so\u00f1\u00e9 con un 6 de Julio\u2019 es un cartel inspirado en el d\u00eda anterior al Chupinazo. En palabras de su autora, \u201cen esos nervios de la noche anterior, esas ganas irrefutables de que llegue ya el 6 de julio, esa cuenta atr\u00e1s que todos los pamplonicas hacemos, ansiamos y deseamos\u201d. Por esa raz\u00f3n, ha elegido el despertar o amanecer de ese d\u00eda con un plano cinematogr\u00e1fico y ofrece a qui\u00e9n lo ve \u201cgozar de esas vistas y estar en el balc\u00f3n viendo el inicio de las fiestas\u201d. Se trata de un plano general y un \u00e1ngulo picado en el que se ve la fachada de la Casa Consistorial y la aglomeraci\u00f3n de la gente desde un balc\u00f3n del edificio de la izquierda, lo que ser\u00eda Casa Seminario.<\/p>\n<p>La autora deja a la elecci\u00f3n de la persona espectadora, a su libre interpretaci\u00f3n, si quien ve la imagen que aparece en el cartel es un pamplonica que se despierta, se dirige al balc\u00f3n de su habitaci\u00f3n y ve el momento con el que ha estado so\u00f1ando o es alguien que est\u00e1 so\u00f1ando con el Chupinazo. De esta forma quiere \u2018interacturar con ese momento tan emblem\u00e1tico de nuestras fiestas. Por eso, hace referencia al pasado pero tambi\u00e9n al presente porque el acontecimiento est\u00e1 sucediendo en ese mismo instante\u201d. Adem\u00e1s, ha querido reflejar en la imagen las dos caras de los Sanfermines, el d\u00eda y la noche, utilizando para ello tonos c\u00e1lidos y fr\u00edos. En palabras de Edurne Ta\u00ednta, \u201clos colores que plasman la luz y la sombra tienen doble simbolog\u00eda. La zona de colores fr\u00edos y azulados hace referencia al mundo de la noche, un mundo que tantas cr\u00edticas y estereotipos tiene, sin tener en cuenta que es otra caracter\u00edstica m\u00e1s que le da esencia a los Sanfermines. De este modo, en esta zona de la imagen, los confetis del d\u00eda se convierten en estrellas deslumbrantes de la noche, generando as\u00ed una ambientaci\u00f3n po\u00e9tica y rompiendo con el estereotipo que se le ha afincado. La zona iluminada por el sol natural es c\u00e1lida, amarillenta, anaranjada y ros\u00e1cea. Con este tipo de colores, que no son reales, he querido reflejar el mundo del sue\u00f1o y de la fantas\u00eda. Por ello, los colores que aparecen en el dise\u00f1o no son los que realmente reflejan la realidad, manifiestan el mundo on\u00edrico en el que est\u00e1 el protagonista o el espectador cuando vive el Chupinazo\u201d.<\/p>\n<p>A prop\u00f3sito de otros detalles, se\u00f1ala que \u201cel color ros\u00e1ceo de las banderas crea en el espectador una atenci\u00f3n inmediata a ese punto central. Son banderas neutras sin ning\u00fan tipo de icono ni sello pol\u00edtico, creando as\u00ed en el espectador otro tipo de intereses que no sean los que nos separan a la sociedad continuamente\u201d.<\/p>\n<p><b>Exposici\u00f3n de los 20 carteles preseleccionados en Condestable a partir del 28 de junio<\/b><\/p>\n<p>Este a\u00f1o, el Ayuntamiento de Pamplona introdujo como novedad en el certamen que las personas participantes deb\u00edan presentar el arte final o cartel definitivo en formato jpg y no un boceto como en la \u00faltima edici\u00f3n. Adem\u00e1s, opcionalmente, se pod\u00eda acompa\u00f1ar con un documento sobre el concepto te\u00f3rico de la obra y los elementos que la conforman (composici\u00f3n, colores, tipograf\u00eda, simbolog\u00eda, etc.).<\/p>\n<p>Entre todas las obras, el jurado del concurso de carteles de San Ferm\u00edn seleccion\u00f3 los 20 que deb\u00edan presentarse en soporte f\u00edsico para elegir entre ellos los 8 finalistas que llegaron a la votaci\u00f3n popular. Para la producci\u00f3n de cada uno de los carteles se concedi\u00f3 una ayuda municipal de 100 euros. Las 20 obras podr\u00e1n verse expuestas en el Palacio del Condestable entre el 28 de junio y el 25 de agosto.<\/p>\n<p align=\"JUSTIFY\"><span style=\"font-family: Arial, sans-serif;\"><span style=\"font-size: small;\">Al concurso se presentaron 277 carteles. De ellos, 106 (38% del total) proced\u00edan de Pamplona mientras que del resto de Navarra llegaron otros 56 (20% del total). Adem\u00e1s, hubo 113 obras de otras provincias (41% de las presentadas) y 2 de otros pa\u00edses (casi el 1%).<\/span><\/span><\/p>\n<h4>Votaci\u00f3n popular cartel San Ferm\u00edn 2019<\/h4>\n<ul>\n<li><b>Votos registrados<\/b><br \/>\n<table border=\"1\" width=\"506\" frame=\"BELOW\" rules=\"ROWS\" cellspacing=\"0\" cellpadding=\"5\">\n<colgroup>\n<col width=\"70\" \/>\n<col width=\"70\" \/>\n<col width=\"73\" \/>\n<col width=\"73\" \/>\n<col width=\"79\" \/>\n<col width=\"81\" \/> <\/colgroup>\n<tbody>\n<tr>\n<td width=\"70\" height=\"31\"><b>Cartel<\/b><\/td>\n<td width=\"70\"><b>Internet<\/b><\/td>\n<td width=\"73\"><b>Presencial<\/b><\/td>\n<td width=\"73\"><b>Telef\u00f3nico<\/b><\/td>\n<td width=\"79\"><b>Total votos<\/b><\/td>\n<td valign=\"TOP\" width=\"81\"><b>% Votos<\/b><\/td>\n<\/tr>\n<tr>\n<td width=\"70\" height=\"11\">N\u00ba 1<\/td>\n<td width=\"70\">637<\/td>\n<td width=\"73\">97<\/td>\n<td width=\"73\">12<\/td>\n<td width=\"79\"><b>746<\/b><\/td>\n<td valign=\"TOP\" width=\"81\">7%<\/td>\n<\/tr>\n<tr>\n<td width=\"70\" height=\"11\">N\u00ba 2<\/td>\n<td width=\"70\">137<\/td>\n<td width=\"73\">34<\/td>\n<td width=\"73\"><\/td>\n<td width=\"79\"><b>171<\/b><\/td>\n<td valign=\"TOP\" width=\"81\">\n<p align=\"RIGHT\"><span style=\"color: #000000;\"><span style=\"font-family: Arial, sans-serif;\"><span style=\"font-size: small;\">1,6%<\/span><\/span><\/span><\/p>\n<\/td>\n<\/tr>\n<tr>\n<td width=\"70\" height=\"11\">\n<p lang=\"es-ES\" align=\"JUSTIFY\"><span style=\"color: #000000;\"><span style=\"font-family: Arial, sans-serif;\"><span style=\"font-size: small;\">N\u00ba 3<\/span><\/span><\/span><\/p>\n<\/td>\n<td width=\"70\">\n<p align=\"RIGHT\"><span style=\"color: #000000;\"><span style=\"font-family: Arial, sans-serif;\"><span style=\"font-size: small;\">2.572<\/span><\/span><\/span><\/p>\n<\/td>\n<td width=\"73\">\n<p align=\"RIGHT\"><span style=\"color: #000000;\"><span style=\"font-family: Arial, sans-serif;\"><span style=\"font-size: small;\">551<\/span><\/span><\/span><\/p>\n<\/td>\n<td width=\"73\">\n<p align=\"RIGHT\"><span style=\"color: #000000;\"><span style=\"font-family: Arial, sans-serif;\"><span style=\"font-size: small;\">57<\/span><\/span><\/span><\/p>\n<\/td>\n<td width=\"79\">\n<p align=\"RIGHT\"><span style=\"color: #000000;\"><span style=\"font-family: Arial, sans-serif;\"><span style=\"font-size: small;\"><b>3.180<\/b><\/span><\/span><\/span><\/p>\n<\/td>\n<td valign=\"TOP\" width=\"81\">\n<p align=\"RIGHT\"><span style=\"color: #000000;\"><span style=\"font-family: Arial, sans-serif;\"><span style=\"font-size: small;\">29,9%<\/span><\/span><\/span><\/p>\n<\/td>\n<\/tr>\n<tr>\n<td width=\"70\" height=\"11\">\n<p lang=\"es-ES\" align=\"JUSTIFY\"><span style=\"color: #000000;\"><span style=\"font-family: Arial, sans-serif;\"><span style=\"font-size: small;\">N\u00ba 4<\/span><\/span><\/span><\/p>\n<\/td>\n<td width=\"70\">\n<p align=\"RIGHT\"><span style=\"color: #000000;\"><span style=\"font-family: Arial, sans-serif;\"><span style=\"font-size: small;\">929<\/span><\/span><\/span><\/p>\n<\/td>\n<td width=\"73\">\n<p align=\"RIGHT\"><span style=\"color: #000000;\"><span style=\"font-family: Arial, sans-serif;\"><span style=\"font-size: small;\">148<\/span><\/span><\/span><\/p>\n<\/td>\n<td width=\"73\">\n<p align=\"RIGHT\"><span style=\"color: #000000;\"><span style=\"font-family: Arial, sans-serif;\"><span style=\"font-size: small;\">33<\/span><\/span><\/span><\/p>\n<\/td>\n<td width=\"79\">\n<p align=\"RIGHT\"><span style=\"color: #000000;\"><span style=\"font-family: Arial, sans-serif;\"><span style=\"font-size: small;\"><b>1.110<\/b><\/span><\/span><\/span><\/p>\n<\/td>\n<td valign=\"TOP\" width=\"81\">\n<p align=\"RIGHT\"><span style=\"color: #000000;\"><span style=\"font-family: Arial, sans-serif;\"><span style=\"font-size: small;\">10.4%<\/span><\/span><\/span><\/p>\n<\/td>\n<\/tr>\n<tr>\n<td width=\"70\" height=\"11\">\n<p lang=\"es-ES\" align=\"JUSTIFY\"><span style=\"color: #000000;\"><span style=\"font-family: Arial, sans-serif;\"><span style=\"font-size: small;\">N\u00ba 5<\/span><\/span><\/span><\/p>\n<\/td>\n<td width=\"70\">\n<p align=\"RIGHT\"><span style=\"color: #000000;\"><span style=\"font-family: Arial, sans-serif;\"><span style=\"font-size: small;\">472<\/span><\/span><\/span><\/p>\n<\/td>\n<td width=\"73\">\n<p align=\"RIGHT\"><span style=\"color: #000000;\"><span style=\"font-family: Arial, sans-serif;\"><span style=\"font-size: small;\">96<\/span><\/span><\/span><\/p>\n<\/td>\n<td width=\"73\">\n<p align=\"RIGHT\"><span style=\"color: #000000;\"><span style=\"font-family: Arial, sans-serif;\"><span style=\"font-size: small;\">4<\/span><\/span><\/span><\/p>\n<\/td>\n<td width=\"79\">\n<p align=\"RIGHT\"><span style=\"color: #000000;\"><span style=\"font-family: Arial, sans-serif;\"><span style=\"font-size: small;\"><b>572<\/b><\/span><\/span><\/span><\/p>\n<\/td>\n<td valign=\"TOP\" width=\"81\">\n<p align=\"RIGHT\"><span style=\"color: #000000;\"><span style=\"font-family: Arial, sans-serif;\"><span style=\"font-size: small;\">5,4%<\/span><\/span><\/span><\/p>\n<\/td>\n<\/tr>\n<tr>\n<td width=\"70\" height=\"11\">\n<p lang=\"es-ES\" align=\"JUSTIFY\"><span style=\"color: #000000;\"><span style=\"font-family: Arial, sans-serif;\"><span style=\"font-size: small;\">N\u00ba 6<\/span><\/span><\/span><\/p>\n<\/td>\n<td width=\"70\">\n<p align=\"RIGHT\"><span style=\"color: #000000;\"><span style=\"font-family: Arial, sans-serif;\"><span style=\"font-size: small;\">503<\/span><\/span><\/span><\/p>\n<\/td>\n<td width=\"73\">\n<p align=\"RIGHT\"><span style=\"color: #000000;\"><span style=\"font-family: Arial, sans-serif;\"><span style=\"font-size: small;\">165<\/span><\/span><\/span><\/p>\n<\/td>\n<td width=\"73\">\n<p align=\"RIGHT\"><span style=\"color: #000000;\"><span style=\"font-family: Arial, sans-serif;\"><span style=\"font-size: small;\">8<\/span><\/span><\/span><\/p>\n<\/td>\n<td width=\"79\">\n<p align=\"RIGHT\"><span style=\"color: #000000;\"><span style=\"font-family: Arial, sans-serif;\"><span style=\"font-size: small;\"><b>676<\/b><\/span><\/span><\/span><\/p>\n<\/td>\n<td valign=\"TOP\" width=\"81\">\n<p align=\"RIGHT\"><span style=\"color: #000000;\"><span style=\"font-family: Arial, sans-serif;\"><span style=\"font-size: small;\">6,4%<\/span><\/span><\/span><\/p>\n<\/td>\n<\/tr>\n<tr>\n<td width=\"70\" height=\"11\">\n<p lang=\"es-ES\" align=\"JUSTIFY\"><span style=\"color: #000000;\"><span style=\"font-family: Arial, sans-serif;\"><span style=\"font-size: small;\">N\u00ba 7<\/span><\/span><\/span><\/p>\n<\/td>\n<td width=\"70\">\n<p align=\"RIGHT\"><span style=\"color: #000000;\"><span style=\"font-family: Arial, sans-serif;\"><span style=\"font-size: small;\">1.587<\/span><\/span><\/span><\/p>\n<\/td>\n<td width=\"73\">\n<p align=\"RIGHT\"><span style=\"color: #000000;\"><span style=\"font-family: Arial, sans-serif;\"><span style=\"font-size: small;\">376<\/span><\/span><\/span><\/p>\n<\/td>\n<td width=\"73\">\n<p align=\"RIGHT\"><span style=\"color: #000000;\"><span style=\"font-family: Arial, sans-serif;\"><span style=\"font-size: small;\">28<\/span><\/span><\/span><\/p>\n<\/td>\n<td width=\"79\">\n<p align=\"RIGHT\"><span style=\"color: #000000;\"><span style=\"font-family: Arial, sans-serif;\"><span style=\"font-size: small;\"><b>1.991<\/b><\/span><\/span><\/span><\/p>\n<\/td>\n<td valign=\"TOP\" width=\"81\">\n<p align=\"RIGHT\"><span style=\"color: #000000;\"><span style=\"font-family: Arial, sans-serif;\"><span style=\"font-size: small;\">18,7%<\/span><\/span><\/span><\/p>\n<\/td>\n<\/tr>\n<tr>\n<td width=\"70\" height=\"11\">\n<p lang=\"es-ES\" align=\"JUSTIFY\"><span style=\"color: #000000;\"><span style=\"font-family: Arial, sans-serif;\"><span style=\"font-size: small;\">N\u00ba 8<\/span><\/span><\/span><\/p>\n<\/td>\n<td width=\"70\">\n<p align=\"RIGHT\"><span style=\"color: #000000;\"><span style=\"font-family: Arial, sans-serif;\"><span style=\"font-size: small;\">1.779<\/span><\/span><\/span><\/p>\n<\/td>\n<td width=\"73\">\n<p align=\"RIGHT\"><span style=\"color: #000000;\"><span style=\"font-family: Arial, sans-serif;\"><span style=\"font-size: small;\">374<\/span><\/span><\/span><\/p>\n<\/td>\n<td width=\"73\">\n<p align=\"RIGHT\"><span style=\"color: #000000;\"><span style=\"font-family: Arial, sans-serif;\"><span style=\"font-size: small;\">30<\/span><\/span><\/span><\/p>\n<\/td>\n<td width=\"79\">\n<p align=\"RIGHT\"><span style=\"color: #000000;\"><span style=\"font-family: Arial, sans-serif;\"><span style=\"font-size: small;\"><b>2.183<\/b><\/span><\/span><\/span><\/p>\n<\/td>\n<td valign=\"TOP\" width=\"81\">\n<p align=\"RIGHT\"><span style=\"color: #000000;\"><span style=\"font-family: Arial, sans-serif;\"><span style=\"font-size: small;\">20,5%<\/span><\/span><\/span><\/p>\n<\/td>\n<\/tr>\n<tr>\n<td width=\"70\" height=\"10\">\n<p align=\"JUSTIFY\"><span style=\"color: #000000;\"><span style=\"font-family: Arial, sans-serif;\"><span style=\"font-size: small;\"><b>TOTAL<\/b><\/span><\/span><\/span><\/p>\n<\/td>\n<td valign=\"BOTTOM\" width=\"70\">\n<p align=\"RIGHT\"><span style=\"color: #000000;\"><span style=\"font-family: Arial, sans-serif;\"><span style=\"font-size: small;\"><b>8.616<\/b><\/span><\/span><\/span><\/p>\n<\/td>\n<td valign=\"BOTTOM\" width=\"73\">\n<p align=\"RIGHT\"><span style=\"color: #000000;\"><span style=\"font-family: Arial, sans-serif;\"><span style=\"font-size: small;\"><b>1.841<\/b><\/span><\/span><\/span><\/p>\n<\/td>\n<td valign=\"BOTTOM\" width=\"73\">\n<p align=\"RIGHT\"><span style=\"color: #000000;\"><span style=\"font-family: Arial, sans-serif;\"><span style=\"font-size: small;\"><b>172<\/b><\/span><\/span><\/span><\/p>\n<\/td>\n<td valign=\"BOTTOM\" width=\"79\">\n<p align=\"RIGHT\"><span style=\"color: #000000;\"><span style=\"font-family: Arial, sans-serif;\"><span style=\"font-size: small;\"><b>10.629<\/b><\/span><\/span><\/span><\/p>\n<\/td>\n<td valign=\"TOP\" width=\"81\"><\/td>\n<\/tr>\n<\/tbody>\n<\/table>\n<\/li>\n<li>\n<p lang=\"es-ES\" align=\"JUSTIFY\"><span style=\"font-family: Arial, sans-serif;\"><span style=\"font-size: small;\"><b>Anteriores votaciones populares<\/b><\/span><\/span><\/p>\n<table border=\"1\" width=\"657\" cellspacing=\"0\" cellpadding=\"5\">\n<colgroup>\n<col width=\"85\" \/>\n<col width=\"36\" \/>\n<col width=\"36\" \/>\n<col width=\"36\" \/>\n<col width=\"36\" \/>\n<col width=\"36\" \/>\n<col width=\"36\" \/>\n<col width=\"36\" \/>\n<col width=\"36\" \/>\n<col width=\"36\" \/>\n<col width=\"36\" \/>\n<col width=\"36\" \/>\n<col width=\"44\" \/> <\/colgroup>\n<tbody>\n<tr>\n<td width=\"85\">\n<p lang=\"es-ES\" align=\"CENTER\"><span style=\"font-family: Arial, sans-serif;\"><span style=\"font-size: small;\"><b>A\u00f1o<\/b><\/span><\/span><\/p>\n<\/td>\n<td valign=\"TOP\" width=\"36\">\n<p lang=\"es-ES\" align=\"CENTER\"><span style=\"font-family: Arial, sans-serif;\"><span style=\"font-size: small;\"><b>2008<\/b><\/span><\/span><\/p>\n<\/td>\n<td width=\"36\">\n<p lang=\"es-ES\" align=\"CENTER\"><span style=\"font-family: Arial, sans-serif;\"><span style=\"font-size: small;\"><b>2009<\/b><\/span><\/span><\/p>\n<\/td>\n<td width=\"36\">\n<p lang=\"es-ES\" align=\"CENTER\"><span style=\"font-family: Arial, sans-serif;\"><span style=\"font-size: small;\"><b>2010<\/b><\/span><\/span><\/p>\n<\/td>\n<td width=\"36\">\n<p lang=\"es-ES\" align=\"CENTER\"><span style=\"font-family: Arial, sans-serif;\"><span style=\"font-size: small;\"><b>2011<\/b><\/span><\/span><\/p>\n<\/td>\n<td width=\"36\">\n<p lang=\"es-ES\" align=\"CENTER\"><span style=\"font-family: Arial, sans-serif;\"><span style=\"font-size: small;\"><b>2012<\/b><\/span><\/span><\/p>\n<\/td>\n<td valign=\"TOP\" width=\"36\">\n<p lang=\"es-ES\" align=\"CENTER\"><span style=\"font-family: Arial, sans-serif;\"><span style=\"font-size: small;\"><b>2013<\/b><\/span><\/span><\/p>\n<\/td>\n<td valign=\"TOP\" width=\"36\">\n<p lang=\"es-ES\" align=\"CENTER\"><span style=\"font-family: Arial, sans-serif;\"><span style=\"font-size: small;\"><b>2014<\/b><\/span><\/span><\/p>\n<\/td>\n<td valign=\"TOP\" width=\"36\">\n<p lang=\"es-ES\" align=\"CENTER\"><span style=\"font-family: Arial, sans-serif;\"><span style=\"font-size: small;\"><b>2015<\/b><\/span><\/span><\/p>\n<\/td>\n<td valign=\"TOP\" width=\"36\">\n<p lang=\"es-ES\" align=\"CENTER\"><span style=\"font-family: Arial, sans-serif;\"><span style=\"font-size: small;\"><b>2016<\/b><\/span><\/span><\/p>\n<\/td>\n<td valign=\"TOP\" width=\"36\">\n<p lang=\"es-ES\" align=\"CENTER\"><span style=\"font-family: Arial, sans-serif;\"><span style=\"font-size: small;\"><b>2017<\/b><\/span><\/span><\/p>\n<\/td>\n<td valign=\"TOP\" width=\"36\">\n<p lang=\"es-ES\" align=\"CENTER\"><span style=\"font-family: Arial, sans-serif;\"><span style=\"font-size: small;\"><b>2018<\/b><\/span><\/span><\/p>\n<\/td>\n<td valign=\"TOP\" width=\"44\">\n<p lang=\"es-ES\" align=\"CENTER\"><span style=\"font-family: Arial, sans-serif;\"><span style=\"font-size: small;\"><b>2019<\/b><\/span><\/span><\/p>\n<\/td>\n<\/tr>\n<tr>\n<td width=\"85\">\n<p lang=\"es-ES\" align=\"JUSTIFY\"><span style=\"font-family: Arial, sans-serif;\"><span style=\"font-size: small;\">Votos emitidos<\/span><\/span><\/p>\n<\/td>\n<td width=\"36\">\n<p lang=\"es-ES\" align=\"JUSTIFY\"><span style=\"font-family: Arial, sans-serif;\"><span style=\"font-size: small;\">6.391<\/span><\/span><\/p>\n<\/td>\n<td width=\"36\">\n<p lang=\"es-ES\" align=\"JUSTIFY\"><span style=\"font-family: Arial, sans-serif;\"><span style=\"font-size: small;\">9.782<\/span><\/span><\/p>\n<\/td>\n<td width=\"36\">\n<p lang=\"es-ES\" align=\"JUSTIFY\"><span style=\"font-family: Arial, sans-serif;\"><span style=\"font-size: small;\">8.633<\/span><\/span><\/p>\n<\/td>\n<td width=\"36\">\n<p lang=\"es-ES\" align=\"JUSTIFY\"><span style=\"font-family: Arial, sans-serif;\"><span style=\"font-size: small;\">8.227<\/span><\/span><\/p>\n<\/td>\n<td width=\"36\">\n<p lang=\"es-ES\" align=\"JUSTIFY\"><span style=\"font-family: Arial, sans-serif;\"><span style=\"font-size: small;\">6.422<\/span><\/span><\/p>\n<\/td>\n<td width=\"36\">\n<p lang=\"es-ES\" align=\"JUSTIFY\"><span style=\"font-family: Arial, sans-serif;\"><span style=\"font-size: small;\">4.964<\/span><\/span><\/p>\n<\/td>\n<td width=\"36\">\n<p lang=\"es-ES\" align=\"JUSTIFY\"><span style=\"font-family: Arial, sans-serif;\"><span style=\"font-size: small;\">3.474<\/span><\/span><\/p>\n<\/td>\n<td width=\"36\">\n<p lang=\"es-ES\" align=\"JUSTIFY\"><span style=\"font-family: Arial, sans-serif;\"><span style=\"font-size: small;\">5.124<\/span><\/span><\/p>\n<\/td>\n<td width=\"36\">\n<p lang=\"es-ES\" align=\"JUSTIFY\"><span style=\"font-family: Arial, sans-serif;\"><span style=\"font-size: small;\">6.078<\/span><\/span><\/p>\n<\/td>\n<td width=\"36\">\n<p lang=\"es-ES\" align=\"JUSTIFY\"><span style=\"font-family: Arial, sans-serif;\"><span style=\"font-size: small;\">5.682<\/span><\/span><\/p>\n<\/td>\n<td width=\"36\">\n<p lang=\"es-ES\" align=\"JUSTIFY\"><span style=\"font-family: Arial, sans-serif;\"><span style=\"font-size: small;\">6.511<\/span><\/span><\/p>\n<\/td>\n<td width=\"44\">\n<p lang=\"es-ES\" align=\"JUSTIFY\"><span style=\"font-family: Arial, sans-serif;\"><span style=\"font-size: small;\">10.629<\/span><\/span><\/p>\n<\/td>\n<\/tr>\n<tr>\n<td width=\"85\">\n<p lang=\"es-ES\" align=\"JUSTIFY\"><span style=\"font-family: Arial, sans-serif;\"><span style=\"font-size: small;\">D\u00edas votaci\u00f3n<\/span><\/span><\/p>\n<\/td>\n<td width=\"36\">\n<p lang=\"es-ES\" align=\"CENTER\"><span style=\"font-family: Arial, sans-serif;\"><span style=\"font-size: small;\">16<\/span><\/span><\/p>\n<\/td>\n<td width=\"36\">\n<p lang=\"es-ES\" align=\"CENTER\"><span style=\"font-family: Arial, sans-serif;\"><span style=\"font-size: small;\">19<\/span><\/span><\/p>\n<\/td>\n<td width=\"36\">\n<p lang=\"es-ES\" align=\"CENTER\"><span style=\"font-family: Arial, sans-serif;\"><span style=\"font-size: small;\">22<\/span><\/span><\/p>\n<\/td>\n<td width=\"36\">\n<p lang=\"es-ES\" align=\"CENTER\"><span style=\"font-family: Arial, sans-serif;\"><span style=\"font-size: small;\">24<\/span><\/span><\/p>\n<\/td>\n<td width=\"36\">\n<p lang=\"es-ES\" align=\"CENTER\"><span style=\"font-family: Arial, sans-serif;\"><span style=\"font-size: small;\">18<\/span><\/span><\/p>\n<\/td>\n<td width=\"36\">\n<p lang=\"es-ES\" align=\"CENTER\"><span style=\"font-family: Arial, sans-serif;\"><span style=\"font-size: small;\">19<\/span><\/span><\/p>\n<\/td>\n<td width=\"36\">\n<p lang=\"es-ES\" align=\"CENTER\"><span style=\"font-family: Arial, sans-serif;\"><span style=\"font-size: small;\">19<\/span><\/span><\/p>\n<\/td>\n<td width=\"36\">\n<p lang=\"es-ES\" align=\"CENTER\"><span style=\"font-family: Arial, sans-serif;\"><span style=\"font-size: small;\">12<\/span><\/span><\/p>\n<\/td>\n<td width=\"36\">\n<p lang=\"es-ES\" align=\"CENTER\"><span style=\"font-family: Arial, sans-serif;\"><span style=\"font-size: small;\">12<\/span><\/span><\/p>\n<\/td>\n<td width=\"36\">\n<p lang=\"es-ES\" align=\"CENTER\"><span style=\"font-family: Arial, sans-serif;\"><span style=\"font-size: small;\">17<\/span><\/span><\/p>\n<\/td>\n<td width=\"36\">\n<p lang=\"es-ES\" align=\"CENTER\"><span style=\"font-family: Arial, sans-serif;\"><span style=\"font-size: small;\">13<\/span><\/span><\/p>\n<\/td>\n<td width=\"44\">\n<p lang=\"es-ES\" align=\"CENTER\"><span style=\"font-family: Arial, sans-serif;\"><span style=\"font-size: small;\">15<\/span><\/span><\/p>\n<\/td>\n<\/tr>\n<tr>\n<td width=\"85\">\n<p lang=\"es-ES\" align=\"LEFT\"><span style=\"font-family: Arial, sans-serif;\"><span style=\"font-size: small;\">Media diaria votos<\/span><\/span><\/p>\n<\/td>\n<td width=\"36\">\n<p lang=\"es-ES\" align=\"JUSTIFY\"><span style=\"font-family: Arial, sans-serif;\"><span style=\"font-size: small;\">399,4<\/span><\/span><\/p>\n<\/td>\n<td width=\"36\">\n<p lang=\"es-ES\" align=\"JUSTIFY\"><span style=\"font-family: Arial, sans-serif;\"><span style=\"font-size: small;\">514,8<\/span><\/span><\/p>\n<\/td>\n<td width=\"36\">\n<p lang=\"es-ES\" align=\"JUSTIFY\"><span style=\"font-family: Arial, sans-serif;\"><span style=\"font-size: small;\">392,4<\/span><\/span><\/p>\n<\/td>\n<td width=\"36\">\n<p lang=\"es-ES\" align=\"JUSTIFY\"><span style=\"font-family: Arial, sans-serif;\"><span style=\"font-size: small;\">342,7<\/span><\/span><\/p>\n<\/td>\n<td width=\"36\">\n<p lang=\"es-ES\" align=\"JUSTIFY\"><span style=\"font-family: Arial, sans-serif;\"><span style=\"font-size: small;\">356,7<\/span><\/span><\/p>\n<\/td>\n<td width=\"36\">\n<p lang=\"es-ES\" align=\"JUSTIFY\"><span style=\"font-family: Arial, sans-serif;\"><span style=\"font-size: small;\">261,2<\/span><\/span><\/p>\n<\/td>\n<td width=\"36\">\n<p lang=\"es-ES\" align=\"JUSTIFY\"><span style=\"font-family: Arial, sans-serif;\"><span style=\"font-size: small;\">182,8<\/span><\/span><\/p>\n<\/td>\n<td width=\"36\">\n<p lang=\"es-ES\" align=\"JUSTIFY\"><span style=\"font-family: Arial, sans-serif;\"><span style=\"font-size: small;\">427<\/span><\/span><\/p>\n<\/td>\n<td width=\"36\">\n<p lang=\"es-ES\" align=\"JUSTIFY\"><span style=\"font-family: Arial, sans-serif;\"><span style=\"font-size: small;\">506,5<\/span><\/span><\/p>\n<\/td>\n<td width=\"36\">\n<p lang=\"es-ES\" align=\"JUSTIFY\"><span style=\"font-family: Arial, sans-serif;\"><span style=\"font-size: small;\">334,2<\/span><\/span><\/p>\n<\/td>\n<td width=\"36\">\n<p lang=\"es-ES\" align=\"JUSTIFY\"><span style=\"font-family: Arial, sans-serif;\"><span style=\"font-size: small;\">500,8<\/span><\/span><\/p>\n<\/td>\n<td width=\"44\">\n<p lang=\"es-ES\" align=\"JUSTIFY\"><span style=\"font-family: Arial, sans-serif;\"><span style=\"font-size: small;\">708,6<\/span><\/span><\/p>\n<\/td>\n<\/tr>\n<\/tbody>\n<\/table>\n<\/li>\n<li><b>Carteles, lemas, autores y procedencia<\/b><\/li>\n<li>N\u00ba 1. 37 &#8211; El arte est\u00e1 en la calle, de \u00c1lvaro Garc\u00eda Echeverr\u00eda (Pamplona)<\/li>\n<li>N\u00ba 2. 90 \u2013 Unicidad, de Cristina Moreno Veguez (Madrid)<\/li>\n<li>N\u00ba 3. 105- Ayer so\u00f1\u00e9 con un 6 de julio, de Edurne Ta\u00ednta Balda (Burlada)<\/li>\n<li>N\u00ba 4. 143 \u2013 Tras de ti, de \u00d3scar Rubio Sola (Bara\u00f1\u00e1in)<\/li>\n<li>N\u00ba 5. 217 &#8211; Marea de sentimiento, de Edurne Balenciaga Gonz\u00e1lez (Palma de Mallorca, reside en Pamplona)<\/li>\n<li>N\u00ba 6. 233 \u2013 Skyline, de Felipe Montero Prado (Ciudad Real)<\/li>\n<li>N\u00ba 7. 234 \u2013 Zaldiko, de Koldo Aiestaran (Pamplona, reside en Muskitz)<\/li>\n<li>N\u00ba 8. 270 &#8211; \u2018Txist-jazz\u2019, de Daniel Burgui Iguzkiza y Unai Beroiz Nieto (Pamplona y Burlada)<\/li>\n<\/ul>\n","protected":false},"excerpt":{"rendered":"","protected":false},"author":1,"featured_media":21856,"comment_status":"open","ping_status":"closed","sticky":false,"template":"","format":"standard","meta":{"footnotes":""},"categories":[2],"tags":[],"class_list":["post-21853","post","type-post","status-publish","format-standard","has-post-thumbnail","hentry","category-ayuntamiento-pamplona"],"yoast_head":"<!-- This site is optimized with the Yoast SEO plugin v27.5 - https:\/\/yoast.com\/product\/yoast-seo-wordpress\/ -->\n<title>El cartel \u2018Ayer so\u00f1\u00e9 con un 6 de Julio\u2019, de Edurne Ta\u00ednta Balda, elegido para anunciar los Sanfermines 2019 en una votaci\u00f3n con la participaci\u00f3n m\u00e1s alta de todos los a\u00f1os<\/title>\n<meta name=\"robots\" content=\"index, follow, max-snippet:-1, max-image-preview:large, max-video-preview:-1\" \/>\n<link rel=\"canonical\" href=\"https:\/\/www.laguiadepamplona.com\/actualidad\/el-cartel-ayer-sone-con-un-6-de-julio-de-edurne-tainta-balda-elegido-para-anunciar-los-sanfermines-2019-en-una-votacion-con-la-participacion-mas-alta-de-todos-los-anos\/\" \/>\n<meta property=\"og:locale\" content=\"es_ES\" \/>\n<meta property=\"og:type\" content=\"article\" \/>\n<meta property=\"og:title\" content=\"El cartel \u2018Ayer so\u00f1\u00e9 con un 6 de Julio\u2019, de Edurne Ta\u00ednta Balda, elegido para anunciar los Sanfermines 2019 en una votaci\u00f3n con la participaci\u00f3n m\u00e1s alta de todos los a\u00f1os\" \/>\n<meta property=\"og:url\" content=\"https:\/\/www.laguiadepamplona.com\/actualidad\/el-cartel-ayer-sone-con-un-6-de-julio-de-edurne-tainta-balda-elegido-para-anunciar-los-sanfermines-2019-en-una-votacion-con-la-participacion-mas-alta-de-todos-los-anos\/\" \/>\n<meta property=\"og:site_name\" content=\"La Gu\u00eda de Pamplona\" \/>\n<meta property=\"article:publisher\" content=\"https:\/\/www.facebook.com\/laguiadepamplonacom-133175176762273\/?ref=hl\" \/>\n<meta property=\"article:published_time\" content=\"2019-05-03T10:01:56+00:00\" \/>\n<meta property=\"article:modified_time\" content=\"2019-05-03T14:39:40+00:00\" \/>\n<meta property=\"og:image\" content=\"https:\/\/www.laguiadepamplona.com\/actualidad\/wp-content\/uploads\/2019\/05\/3_AYER-SO\u00d1E-CON-UN-6-DE-JULIO-2.jpg\" \/>\n\t<meta property=\"og:image:width\" content=\"1233\" \/>\n\t<meta property=\"og:image:height\" content=\"606\" \/>\n\t<meta property=\"og:image:type\" content=\"image\/jpeg\" \/>\n<meta name=\"author\" content=\"La Gu\u00eda de Pamplona\" \/>\n<meta name=\"twitter:card\" content=\"summary_large_image\" \/>\n<meta name=\"twitter:creator\" content=\"@LaGuiadPamplona\" \/>\n<meta name=\"twitter:site\" content=\"@LaGuiadPamplona\" \/>\n<meta name=\"twitter:label1\" content=\"Escrito por\" \/>\n\t<meta name=\"twitter:data1\" content=\"La Gu\u00eda de Pamplona\" \/>\n\t<meta name=\"twitter:label2\" content=\"Tiempo de lectura\" \/>\n\t<meta name=\"twitter:data2\" content=\"8 minutos\" \/>\n<script type=\"application\/ld+json\" class=\"yoast-schema-graph\">{\"@context\":\"https:\\\/\\\/schema.org\",\"@graph\":[{\"@type\":\"Article\",\"@id\":\"https:\\\/\\\/www.laguiadepamplona.com\\\/actualidad\\\/el-cartel-ayer-sone-con-un-6-de-julio-de-edurne-tainta-balda-elegido-para-anunciar-los-sanfermines-2019-en-una-votacion-con-la-participacion-mas-alta-de-todos-los-anos\\\/#article\",\"isPartOf\":{\"@id\":\"https:\\\/\\\/www.laguiadepamplona.com\\\/actualidad\\\/el-cartel-ayer-sone-con-un-6-de-julio-de-edurne-tainta-balda-elegido-para-anunciar-los-sanfermines-2019-en-una-votacion-con-la-participacion-mas-alta-de-todos-los-anos\\\/\"},\"author\":{\"name\":\"La Gu\u00eda de Pamplona\",\"@id\":\"https:\\\/\\\/www.laguiadepamplona.com\\\/actualidad\\\/#\\\/schema\\\/person\\\/efe887376f0213d4657c93adc50b1fdb\"},\"headline\":\"El cartel \u2018Ayer so\u00f1\u00e9 con un 6 de Julio\u2019, de Edurne Ta\u00ednta Balda, elegido para anunciar los Sanfermines 2019 en una votaci\u00f3n con la participaci\u00f3n m\u00e1s alta de todos los a\u00f1os\",\"datePublished\":\"2019-05-03T10:01:56+00:00\",\"dateModified\":\"2019-05-03T14:39:40+00:00\",\"mainEntityOfPage\":{\"@id\":\"https:\\\/\\\/www.laguiadepamplona.com\\\/actualidad\\\/el-cartel-ayer-sone-con-un-6-de-julio-de-edurne-tainta-balda-elegido-para-anunciar-los-sanfermines-2019-en-una-votacion-con-la-participacion-mas-alta-de-todos-los-anos\\\/\"},\"wordCount\":1597,\"commentCount\":0,\"publisher\":{\"@id\":\"https:\\\/\\\/www.laguiadepamplona.com\\\/actualidad\\\/#organization\"},\"image\":{\"@id\":\"https:\\\/\\\/www.laguiadepamplona.com\\\/actualidad\\\/el-cartel-ayer-sone-con-un-6-de-julio-de-edurne-tainta-balda-elegido-para-anunciar-los-sanfermines-2019-en-una-votacion-con-la-participacion-mas-alta-de-todos-los-anos\\\/#primaryimage\"},\"thumbnailUrl\":\"https:\\\/\\\/www.laguiadepamplona.com\\\/actualidad\\\/wp-content\\\/uploads\\\/2019\\\/05\\\/3_AYER-SO\u00d1E-CON-UN-6-DE-JULIO-2.jpg\",\"articleSection\":[\"Ayto Pamplona\"],\"inLanguage\":\"es\",\"potentialAction\":[{\"@type\":\"CommentAction\",\"name\":\"Comment\",\"target\":[\"https:\\\/\\\/www.laguiadepamplona.com\\\/actualidad\\\/el-cartel-ayer-sone-con-un-6-de-julio-de-edurne-tainta-balda-elegido-para-anunciar-los-sanfermines-2019-en-una-votacion-con-la-participacion-mas-alta-de-todos-los-anos\\\/#respond\"]}]},{\"@type\":\"WebPage\",\"@id\":\"https:\\\/\\\/www.laguiadepamplona.com\\\/actualidad\\\/el-cartel-ayer-sone-con-un-6-de-julio-de-edurne-tainta-balda-elegido-para-anunciar-los-sanfermines-2019-en-una-votacion-con-la-participacion-mas-alta-de-todos-los-anos\\\/\",\"url\":\"https:\\\/\\\/www.laguiadepamplona.com\\\/actualidad\\\/el-cartel-ayer-sone-con-un-6-de-julio-de-edurne-tainta-balda-elegido-para-anunciar-los-sanfermines-2019-en-una-votacion-con-la-participacion-mas-alta-de-todos-los-anos\\\/\",\"name\":\"El cartel \u2018Ayer so\u00f1\u00e9 con un 6 de Julio\u2019, de Edurne Ta\u00ednta Balda, elegido para anunciar los Sanfermines 2019 en una votaci\u00f3n con la participaci\u00f3n m\u00e1s alta de todos los a\u00f1os\",\"isPartOf\":{\"@id\":\"https:\\\/\\\/www.laguiadepamplona.com\\\/actualidad\\\/#website\"},\"primaryImageOfPage\":{\"@id\":\"https:\\\/\\\/www.laguiadepamplona.com\\\/actualidad\\\/el-cartel-ayer-sone-con-un-6-de-julio-de-edurne-tainta-balda-elegido-para-anunciar-los-sanfermines-2019-en-una-votacion-con-la-participacion-mas-alta-de-todos-los-anos\\\/#primaryimage\"},\"image\":{\"@id\":\"https:\\\/\\\/www.laguiadepamplona.com\\\/actualidad\\\/el-cartel-ayer-sone-con-un-6-de-julio-de-edurne-tainta-balda-elegido-para-anunciar-los-sanfermines-2019-en-una-votacion-con-la-participacion-mas-alta-de-todos-los-anos\\\/#primaryimage\"},\"thumbnailUrl\":\"https:\\\/\\\/www.laguiadepamplona.com\\\/actualidad\\\/wp-content\\\/uploads\\\/2019\\\/05\\\/3_AYER-SO\u00d1E-CON-UN-6-DE-JULIO-2.jpg\",\"datePublished\":\"2019-05-03T10:01:56+00:00\",\"dateModified\":\"2019-05-03T14:39:40+00:00\",\"breadcrumb\":{\"@id\":\"https:\\\/\\\/www.laguiadepamplona.com\\\/actualidad\\\/el-cartel-ayer-sone-con-un-6-de-julio-de-edurne-tainta-balda-elegido-para-anunciar-los-sanfermines-2019-en-una-votacion-con-la-participacion-mas-alta-de-todos-los-anos\\\/#breadcrumb\"},\"inLanguage\":\"es\",\"potentialAction\":[{\"@type\":\"ReadAction\",\"target\":[\"https:\\\/\\\/www.laguiadepamplona.com\\\/actualidad\\\/el-cartel-ayer-sone-con-un-6-de-julio-de-edurne-tainta-balda-elegido-para-anunciar-los-sanfermines-2019-en-una-votacion-con-la-participacion-mas-alta-de-todos-los-anos\\\/\"]}]},{\"@type\":\"ImageObject\",\"inLanguage\":\"es\",\"@id\":\"https:\\\/\\\/www.laguiadepamplona.com\\\/actualidad\\\/el-cartel-ayer-sone-con-un-6-de-julio-de-edurne-tainta-balda-elegido-para-anunciar-los-sanfermines-2019-en-una-votacion-con-la-participacion-mas-alta-de-todos-los-anos\\\/#primaryimage\",\"url\":\"https:\\\/\\\/www.laguiadepamplona.com\\\/actualidad\\\/wp-content\\\/uploads\\\/2019\\\/05\\\/3_AYER-SO\u00d1E-CON-UN-6-DE-JULIO-2.jpg\",\"contentUrl\":\"https:\\\/\\\/www.laguiadepamplona.com\\\/actualidad\\\/wp-content\\\/uploads\\\/2019\\\/05\\\/3_AYER-SO\u00d1E-CON-UN-6-DE-JULIO-2.jpg\",\"width\":1233,\"height\":606},{\"@type\":\"BreadcrumbList\",\"@id\":\"https:\\\/\\\/www.laguiadepamplona.com\\\/actualidad\\\/el-cartel-ayer-sone-con-un-6-de-julio-de-edurne-tainta-balda-elegido-para-anunciar-los-sanfermines-2019-en-una-votacion-con-la-participacion-mas-alta-de-todos-los-anos\\\/#breadcrumb\",\"itemListElement\":[{\"@type\":\"ListItem\",\"position\":1,\"name\":\"Portada\",\"item\":\"https:\\\/\\\/www.laguiadepamplona.com\\\/actualidad\\\/\"},{\"@type\":\"ListItem\",\"position\":2,\"name\":\"El cartel \u2018Ayer so\u00f1\u00e9 con un 6 de Julio\u2019, de Edurne Ta\u00ednta Balda, elegido para anunciar los Sanfermines 2019 en una votaci\u00f3n con la participaci\u00f3n m\u00e1s alta de todos los a\u00f1os\"}]},{\"@type\":\"WebSite\",\"@id\":\"https:\\\/\\\/www.laguiadepamplona.com\\\/actualidad\\\/#website\",\"url\":\"https:\\\/\\\/www.laguiadepamplona.com\\\/actualidad\\\/\",\"name\":\"La gu\u00eda de Pamplona\",\"description\":\"Noticias de Pamplona\",\"publisher\":{\"@id\":\"https:\\\/\\\/www.laguiadepamplona.com\\\/actualidad\\\/#organization\"},\"potentialAction\":[{\"@type\":\"SearchAction\",\"target\":{\"@type\":\"EntryPoint\",\"urlTemplate\":\"https:\\\/\\\/www.laguiadepamplona.com\\\/actualidad\\\/?s={search_term_string}\"},\"query-input\":{\"@type\":\"PropertyValueSpecification\",\"valueRequired\":true,\"valueName\":\"search_term_string\"}}],\"inLanguage\":\"es\"},{\"@type\":\"Organization\",\"@id\":\"https:\\\/\\\/www.laguiadepamplona.com\\\/actualidad\\\/#organization\",\"name\":\"La Gu\u00eda de Pamplona \\\/ Noticias\",\"url\":\"https:\\\/\\\/www.laguiadepamplona.com\\\/actualidad\\\/\",\"logo\":{\"@type\":\"ImageObject\",\"inLanguage\":\"es\",\"@id\":\"https:\\\/\\\/www.laguiadepamplona.com\\\/actualidad\\\/#\\\/schema\\\/logo\\\/image\\\/\",\"url\":\"https:\\\/\\\/www.laguiadepamplona.com\\\/actualidad\\\/wp-content\\\/uploads\\\/2018\\\/11\\\/logo-laguiadepamplona18-web1.png\",\"contentUrl\":\"https:\\\/\\\/www.laguiadepamplona.com\\\/actualidad\\\/wp-content\\\/uploads\\\/2018\\\/11\\\/logo-laguiadepamplona18-web1.png\",\"width\":600,\"height\":196,\"caption\":\"La Gu\u00eda de Pamplona \\\/ Noticias\"},\"image\":{\"@id\":\"https:\\\/\\\/www.laguiadepamplona.com\\\/actualidad\\\/#\\\/schema\\\/logo\\\/image\\\/\"},\"sameAs\":[\"https:\\\/\\\/www.facebook.com\\\/laguiadepamplonacom-133175176762273\\\/?ref=hl\",\"https:\\\/\\\/x.com\\\/LaGuiadPamplona\",\"https:\\\/\\\/www.instagram.com\\\/la_guia_de_pamplona\\\/\",\"https:\\\/\\\/www.youtube.com\\\/user\\\/laguiadepamplona\"]},{\"@type\":\"Person\",\"@id\":\"https:\\\/\\\/www.laguiadepamplona.com\\\/actualidad\\\/#\\\/schema\\\/person\\\/efe887376f0213d4657c93adc50b1fdb\",\"name\":\"La Gu\u00eda de Pamplona\",\"image\":{\"@type\":\"ImageObject\",\"inLanguage\":\"es\",\"@id\":\"https:\\\/\\\/secure.gravatar.com\\\/avatar\\\/b6992f131dc8d30ab0dff15446e9d346d9dbd95992de0fef795073f5ea83a81c?s=96&d=mm&r=g\",\"url\":\"https:\\\/\\\/secure.gravatar.com\\\/avatar\\\/b6992f131dc8d30ab0dff15446e9d346d9dbd95992de0fef795073f5ea83a81c?s=96&d=mm&r=g\",\"contentUrl\":\"https:\\\/\\\/secure.gravatar.com\\\/avatar\\\/b6992f131dc8d30ab0dff15446e9d346d9dbd95992de0fef795073f5ea83a81c?s=96&d=mm&r=g\",\"caption\":\"La Gu\u00eda de Pamplona\"}}]}<\/script>\n<!-- \/ Yoast SEO plugin. -->","yoast_head_json":{"title":"El cartel \u2018Ayer so\u00f1\u00e9 con un 6 de Julio\u2019, de Edurne Ta\u00ednta Balda, elegido para anunciar los Sanfermines 2019 en una votaci\u00f3n con la participaci\u00f3n m\u00e1s alta de todos los a\u00f1os","robots":{"index":"index","follow":"follow","max-snippet":"max-snippet:-1","max-image-preview":"max-image-preview:large","max-video-preview":"max-video-preview:-1"},"canonical":"https:\/\/www.laguiadepamplona.com\/actualidad\/el-cartel-ayer-sone-con-un-6-de-julio-de-edurne-tainta-balda-elegido-para-anunciar-los-sanfermines-2019-en-una-votacion-con-la-participacion-mas-alta-de-todos-los-anos\/","og_locale":"es_ES","og_type":"article","og_title":"El cartel \u2018Ayer so\u00f1\u00e9 con un 6 de Julio\u2019, de Edurne Ta\u00ednta Balda, elegido para anunciar los Sanfermines 2019 en una votaci\u00f3n con la participaci\u00f3n m\u00e1s alta de todos los a\u00f1os","og_url":"https:\/\/www.laguiadepamplona.com\/actualidad\/el-cartel-ayer-sone-con-un-6-de-julio-de-edurne-tainta-balda-elegido-para-anunciar-los-sanfermines-2019-en-una-votacion-con-la-participacion-mas-alta-de-todos-los-anos\/","og_site_name":"La Gu\u00eda de Pamplona","article_publisher":"https:\/\/www.facebook.com\/laguiadepamplonacom-133175176762273\/?ref=hl","article_published_time":"2019-05-03T10:01:56+00:00","article_modified_time":"2019-05-03T14:39:40+00:00","og_image":[{"width":1233,"height":606,"url":"https:\/\/www.laguiadepamplona.com\/actualidad\/wp-content\/uploads\/2019\/05\/3_AYER-SO\u00d1E-CON-UN-6-DE-JULIO-2.jpg","type":"image\/jpeg"}],"author":"La Gu\u00eda de Pamplona","twitter_card":"summary_large_image","twitter_creator":"@LaGuiadPamplona","twitter_site":"@LaGuiadPamplona","twitter_misc":{"Escrito por":"La Gu\u00eda de Pamplona","Tiempo de lectura":"8 minutos"},"schema":{"@context":"https:\/\/schema.org","@graph":[{"@type":"Article","@id":"https:\/\/www.laguiadepamplona.com\/actualidad\/el-cartel-ayer-sone-con-un-6-de-julio-de-edurne-tainta-balda-elegido-para-anunciar-los-sanfermines-2019-en-una-votacion-con-la-participacion-mas-alta-de-todos-los-anos\/#article","isPartOf":{"@id":"https:\/\/www.laguiadepamplona.com\/actualidad\/el-cartel-ayer-sone-con-un-6-de-julio-de-edurne-tainta-balda-elegido-para-anunciar-los-sanfermines-2019-en-una-votacion-con-la-participacion-mas-alta-de-todos-los-anos\/"},"author":{"name":"La Gu\u00eda de Pamplona","@id":"https:\/\/www.laguiadepamplona.com\/actualidad\/#\/schema\/person\/efe887376f0213d4657c93adc50b1fdb"},"headline":"El cartel \u2018Ayer so\u00f1\u00e9 con un 6 de Julio\u2019, de Edurne Ta\u00ednta Balda, elegido para anunciar los Sanfermines 2019 en una votaci\u00f3n con la participaci\u00f3n m\u00e1s alta de todos los a\u00f1os","datePublished":"2019-05-03T10:01:56+00:00","dateModified":"2019-05-03T14:39:40+00:00","mainEntityOfPage":{"@id":"https:\/\/www.laguiadepamplona.com\/actualidad\/el-cartel-ayer-sone-con-un-6-de-julio-de-edurne-tainta-balda-elegido-para-anunciar-los-sanfermines-2019-en-una-votacion-con-la-participacion-mas-alta-de-todos-los-anos\/"},"wordCount":1597,"commentCount":0,"publisher":{"@id":"https:\/\/www.laguiadepamplona.com\/actualidad\/#organization"},"image":{"@id":"https:\/\/www.laguiadepamplona.com\/actualidad\/el-cartel-ayer-sone-con-un-6-de-julio-de-edurne-tainta-balda-elegido-para-anunciar-los-sanfermines-2019-en-una-votacion-con-la-participacion-mas-alta-de-todos-los-anos\/#primaryimage"},"thumbnailUrl":"https:\/\/www.laguiadepamplona.com\/actualidad\/wp-content\/uploads\/2019\/05\/3_AYER-SO\u00d1E-CON-UN-6-DE-JULIO-2.jpg","articleSection":["Ayto Pamplona"],"inLanguage":"es","potentialAction":[{"@type":"CommentAction","name":"Comment","target":["https:\/\/www.laguiadepamplona.com\/actualidad\/el-cartel-ayer-sone-con-un-6-de-julio-de-edurne-tainta-balda-elegido-para-anunciar-los-sanfermines-2019-en-una-votacion-con-la-participacion-mas-alta-de-todos-los-anos\/#respond"]}]},{"@type":"WebPage","@id":"https:\/\/www.laguiadepamplona.com\/actualidad\/el-cartel-ayer-sone-con-un-6-de-julio-de-edurne-tainta-balda-elegido-para-anunciar-los-sanfermines-2019-en-una-votacion-con-la-participacion-mas-alta-de-todos-los-anos\/","url":"https:\/\/www.laguiadepamplona.com\/actualidad\/el-cartel-ayer-sone-con-un-6-de-julio-de-edurne-tainta-balda-elegido-para-anunciar-los-sanfermines-2019-en-una-votacion-con-la-participacion-mas-alta-de-todos-los-anos\/","name":"El cartel \u2018Ayer so\u00f1\u00e9 con un 6 de Julio\u2019, de Edurne Ta\u00ednta Balda, elegido para anunciar los Sanfermines 2019 en una votaci\u00f3n con la participaci\u00f3n m\u00e1s alta de todos los a\u00f1os","isPartOf":{"@id":"https:\/\/www.laguiadepamplona.com\/actualidad\/#website"},"primaryImageOfPage":{"@id":"https:\/\/www.laguiadepamplona.com\/actualidad\/el-cartel-ayer-sone-con-un-6-de-julio-de-edurne-tainta-balda-elegido-para-anunciar-los-sanfermines-2019-en-una-votacion-con-la-participacion-mas-alta-de-todos-los-anos\/#primaryimage"},"image":{"@id":"https:\/\/www.laguiadepamplona.com\/actualidad\/el-cartel-ayer-sone-con-un-6-de-julio-de-edurne-tainta-balda-elegido-para-anunciar-los-sanfermines-2019-en-una-votacion-con-la-participacion-mas-alta-de-todos-los-anos\/#primaryimage"},"thumbnailUrl":"https:\/\/www.laguiadepamplona.com\/actualidad\/wp-content\/uploads\/2019\/05\/3_AYER-SO\u00d1E-CON-UN-6-DE-JULIO-2.jpg","datePublished":"2019-05-03T10:01:56+00:00","dateModified":"2019-05-03T14:39:40+00:00","breadcrumb":{"@id":"https:\/\/www.laguiadepamplona.com\/actualidad\/el-cartel-ayer-sone-con-un-6-de-julio-de-edurne-tainta-balda-elegido-para-anunciar-los-sanfermines-2019-en-una-votacion-con-la-participacion-mas-alta-de-todos-los-anos\/#breadcrumb"},"inLanguage":"es","potentialAction":[{"@type":"ReadAction","target":["https:\/\/www.laguiadepamplona.com\/actualidad\/el-cartel-ayer-sone-con-un-6-de-julio-de-edurne-tainta-balda-elegido-para-anunciar-los-sanfermines-2019-en-una-votacion-con-la-participacion-mas-alta-de-todos-los-anos\/"]}]},{"@type":"ImageObject","inLanguage":"es","@id":"https:\/\/www.laguiadepamplona.com\/actualidad\/el-cartel-ayer-sone-con-un-6-de-julio-de-edurne-tainta-balda-elegido-para-anunciar-los-sanfermines-2019-en-una-votacion-con-la-participacion-mas-alta-de-todos-los-anos\/#primaryimage","url":"https:\/\/www.laguiadepamplona.com\/actualidad\/wp-content\/uploads\/2019\/05\/3_AYER-SO\u00d1E-CON-UN-6-DE-JULIO-2.jpg","contentUrl":"https:\/\/www.laguiadepamplona.com\/actualidad\/wp-content\/uploads\/2019\/05\/3_AYER-SO\u00d1E-CON-UN-6-DE-JULIO-2.jpg","width":1233,"height":606},{"@type":"BreadcrumbList","@id":"https:\/\/www.laguiadepamplona.com\/actualidad\/el-cartel-ayer-sone-con-un-6-de-julio-de-edurne-tainta-balda-elegido-para-anunciar-los-sanfermines-2019-en-una-votacion-con-la-participacion-mas-alta-de-todos-los-anos\/#breadcrumb","itemListElement":[{"@type":"ListItem","position":1,"name":"Portada","item":"https:\/\/www.laguiadepamplona.com\/actualidad\/"},{"@type":"ListItem","position":2,"name":"El cartel \u2018Ayer so\u00f1\u00e9 con un 6 de Julio\u2019, de Edurne Ta\u00ednta Balda, elegido para anunciar los Sanfermines 2019 en una votaci\u00f3n con la participaci\u00f3n m\u00e1s alta de todos los a\u00f1os"}]},{"@type":"WebSite","@id":"https:\/\/www.laguiadepamplona.com\/actualidad\/#website","url":"https:\/\/www.laguiadepamplona.com\/actualidad\/","name":"La gu\u00eda de Pamplona","description":"Noticias de Pamplona","publisher":{"@id":"https:\/\/www.laguiadepamplona.com\/actualidad\/#organization"},"potentialAction":[{"@type":"SearchAction","target":{"@type":"EntryPoint","urlTemplate":"https:\/\/www.laguiadepamplona.com\/actualidad\/?s={search_term_string}"},"query-input":{"@type":"PropertyValueSpecification","valueRequired":true,"valueName":"search_term_string"}}],"inLanguage":"es"},{"@type":"Organization","@id":"https:\/\/www.laguiadepamplona.com\/actualidad\/#organization","name":"La Gu\u00eda de Pamplona \/ Noticias","url":"https:\/\/www.laguiadepamplona.com\/actualidad\/","logo":{"@type":"ImageObject","inLanguage":"es","@id":"https:\/\/www.laguiadepamplona.com\/actualidad\/#\/schema\/logo\/image\/","url":"https:\/\/www.laguiadepamplona.com\/actualidad\/wp-content\/uploads\/2018\/11\/logo-laguiadepamplona18-web1.png","contentUrl":"https:\/\/www.laguiadepamplona.com\/actualidad\/wp-content\/uploads\/2018\/11\/logo-laguiadepamplona18-web1.png","width":600,"height":196,"caption":"La Gu\u00eda de Pamplona \/ Noticias"},"image":{"@id":"https:\/\/www.laguiadepamplona.com\/actualidad\/#\/schema\/logo\/image\/"},"sameAs":["https:\/\/www.facebook.com\/laguiadepamplonacom-133175176762273\/?ref=hl","https:\/\/x.com\/LaGuiadPamplona","https:\/\/www.instagram.com\/la_guia_de_pamplona\/","https:\/\/www.youtube.com\/user\/laguiadepamplona"]},{"@type":"Person","@id":"https:\/\/www.laguiadepamplona.com\/actualidad\/#\/schema\/person\/efe887376f0213d4657c93adc50b1fdb","name":"La Gu\u00eda de Pamplona","image":{"@type":"ImageObject","inLanguage":"es","@id":"https:\/\/secure.gravatar.com\/avatar\/b6992f131dc8d30ab0dff15446e9d346d9dbd95992de0fef795073f5ea83a81c?s=96&d=mm&r=g","url":"https:\/\/secure.gravatar.com\/avatar\/b6992f131dc8d30ab0dff15446e9d346d9dbd95992de0fef795073f5ea83a81c?s=96&d=mm&r=g","contentUrl":"https:\/\/secure.gravatar.com\/avatar\/b6992f131dc8d30ab0dff15446e9d346d9dbd95992de0fef795073f5ea83a81c?s=96&d=mm&r=g","caption":"La Gu\u00eda de Pamplona"}}]}},"post_mailing_queue_ids":[],"_links":{"self":[{"href":"https:\/\/www.laguiadepamplona.com\/actualidad\/wp-json\/wp\/v2\/posts\/21853","targetHints":{"allow":["GET"]}}],"collection":[{"href":"https:\/\/www.laguiadepamplona.com\/actualidad\/wp-json\/wp\/v2\/posts"}],"about":[{"href":"https:\/\/www.laguiadepamplona.com\/actualidad\/wp-json\/wp\/v2\/types\/post"}],"author":[{"embeddable":true,"href":"https:\/\/www.laguiadepamplona.com\/actualidad\/wp-json\/wp\/v2\/users\/1"}],"replies":[{"embeddable":true,"href":"https:\/\/www.laguiadepamplona.com\/actualidad\/wp-json\/wp\/v2\/comments?post=21853"}],"version-history":[{"count":0,"href":"https:\/\/www.laguiadepamplona.com\/actualidad\/wp-json\/wp\/v2\/posts\/21853\/revisions"}],"wp:featuredmedia":[{"embeddable":true,"href":"https:\/\/www.laguiadepamplona.com\/actualidad\/wp-json\/wp\/v2\/media\/21856"}],"wp:attachment":[{"href":"https:\/\/www.laguiadepamplona.com\/actualidad\/wp-json\/wp\/v2\/media?parent=21853"}],"wp:term":[{"taxonomy":"category","embeddable":true,"href":"https:\/\/www.laguiadepamplona.com\/actualidad\/wp-json\/wp\/v2\/categories?post=21853"},{"taxonomy":"post_tag","embeddable":true,"href":"https:\/\/www.laguiadepamplona.com\/actualidad\/wp-json\/wp\/v2\/tags?post=21853"}],"curies":[{"name":"wp","href":"https:\/\/api.w.org\/{rel}","templated":true}]}}