{"id":21840,"date":"2019-05-02T17:19:48","date_gmt":"2019-05-02T15:19:48","guid":{"rendered":"https:\/\/www.laguiadepamplona.es\/actualidad\/?p=21840"},"modified":"2019-05-02T17:19:48","modified_gmt":"2019-05-02T15:19:48","slug":"ayuntamiento-de-pamplona-y-bilbaoarte-proyectaran-este-sabado-en-condestable-otono-tardio-del-director-japones-yasujiro-ozu","status":"publish","type":"post","link":"https:\/\/www.laguiadepamplona.com\/actualidad\/ayuntamiento-de-pamplona-y-bilbaoarte-proyectaran-este-sabado-en-condestable-otono-tardio-del-director-japones-yasujiro-ozu\/","title":{"rendered":"Ayuntamiento de Pamplona y Bilbaoarte proyectar\u00e1n este s\u00e1bado en Condestable \u2018Oto\u00f1o tard\u00edo\u2019, del director japon\u00e9s Yasujiro Ozu"},"content":{"rendered":"<p><!--more--><\/p>\n<h3>La entrada a la sesi\u00f3n, a las 19.30 horas, ser\u00e1 libre, pero hay que recoger invitaciones desde una hora antes<\/h3>\n<p>La siguiente propuesta del ciclo de cine dedicado a Yasujiro Ozu ser\u00e1, este pr\u00f3ximo s\u00e1bado 4 de mayo, el filme \u2018Oto\u00f1o tard\u00edo\u2019 (Jap\u00f3n, 1960, 130 min.). La sesi\u00f3n, como todas las del ciclo, tendr\u00e1 lugar a las 19.30 horas, con entrada libre previa retirada de invitaciones desde una hora antes (m\u00e1ximo dos por persona) y la pel\u00edcula se proyectar\u00e1 en versi\u00f3n original subtitulada.<\/p>\n<p>La pel\u00edcula vuelve a usar el tema del matrimonio para reflejar la sociedad tradicional japonesa y la evoluci\u00f3n de los c\u00f3digos de conducta por la cercan\u00eda de la sensibilidad occidental. Los oficios de celestina de tres amigos de una familia que se acaba de quedar sin figura paterna se ven condicionados porque, para casar a la hija, primero deber\u00e1n encontrarle pretendiente a la reciente viuda.<\/p>\n<p>El pr\u00f3ximo s\u00e1bado 11 de mayo el filme \u2018El sabor del sake\u2019 (Jap\u00f3n, 1962, 112 min.) podr\u00e1 fin a un ciclo de cine \u2018de autor\u2019 que comenz\u00f3 el pasado 16 de marzo y que forma parte de la colaboraci\u00f3n entre el Ayuntamiento de Pamplona y Bilbaoarte, un trabajo conjunto que ha tra\u00eddo hasta Pamplona ciclos monogr\u00e1ficos sobre Igmar Bergman, Jacques Tati y Akira Kurosawa, adem\u00e1s del de Ozu, que encara su recta final. La pr\u00f3xima pel\u00edcula cuenta la historia de un viudo que convive con una hija a la que considera en edad de contraer matrimonio. Pese a su rechazo inicial, la joven acaba cas\u00e1ndose\u2026.<\/p>\n<p><span style=\"color: #ff0000;\"><strong>Ciclo de cine Yasujiro Ozu<\/strong><\/span><\/p>\n<p><strong>Lugar: <span style=\"color: #ff0000;\">Civivox Condestable<\/span><\/strong><\/p>\n<p><strong>Horario: <span style=\"color: #ff0000;\">19.30 horas<\/span><\/strong><\/p>\n<p><strong>S\u00e1bado 4 de mayo<\/strong><\/p>\n<ul>\n<li><span style=\"color: #ff0000;\"><strong>Oto\u00f1o tard\u00edo (Jap\u00f3n, 1960, 130 min.)<\/strong><\/span><\/li>\n<\/ul>\n<p><strong>S\u00e1bado 11 de mayo<\/strong><\/p>\n<ul>\n<li><strong><span style=\"color: #ff0000;\">El sabor del sake (Jap\u00f3n, 1962, 112 min.)<\/span><\/strong><\/li>\n<\/ul>\n","protected":false},"excerpt":{"rendered":"","protected":false},"author":1,"featured_media":21842,"comment_status":"open","ping_status":"closed","sticky":false,"template":"","format":"standard","meta":{"footnotes":""},"categories":[2],"tags":[],"class_list":["post-21840","post","type-post","status-publish","format-standard","has-post-thumbnail","hentry","category-ayuntamiento-pamplona"],"yoast_head":"<!-- This site is optimized with the Yoast SEO plugin v27.5 - https:\/\/yoast.com\/product\/yoast-seo-wordpress\/ -->\n<title>Ayuntamiento de Pamplona y Bilbaoarte proyectar\u00e1n este s\u00e1bado en Condestable \u2018Oto\u00f1o tard\u00edo\u2019, del director japon\u00e9s Yasujiro Ozu<\/title>\n<meta name=\"robots\" content=\"index, follow, max-snippet:-1, max-image-preview:large, max-video-preview:-1\" \/>\n<link rel=\"canonical\" href=\"https:\/\/www.laguiadepamplona.com\/actualidad\/ayuntamiento-de-pamplona-y-bilbaoarte-proyectaran-este-sabado-en-condestable-otono-tardio-del-director-japones-yasujiro-ozu\/\" \/>\n<meta property=\"og:locale\" content=\"es_ES\" \/>\n<meta property=\"og:type\" content=\"article\" \/>\n<meta property=\"og:title\" content=\"Ayuntamiento de Pamplona y Bilbaoarte proyectar\u00e1n este s\u00e1bado en Condestable \u2018Oto\u00f1o tard\u00edo\u2019, del director japon\u00e9s Yasujiro Ozu\" \/>\n<meta property=\"og:url\" content=\"https:\/\/www.laguiadepamplona.com\/actualidad\/ayuntamiento-de-pamplona-y-bilbaoarte-proyectaran-este-sabado-en-condestable-otono-tardio-del-director-japones-yasujiro-ozu\/\" \/>\n<meta property=\"og:site_name\" content=\"La Gu\u00eda de Pamplona\" \/>\n<meta property=\"article:publisher\" content=\"https:\/\/www.facebook.com\/laguiadepamplonacom-133175176762273\/?ref=hl\" \/>\n<meta property=\"article:published_time\" content=\"2019-05-02T15:19:48+00:00\" \/>\n<meta property=\"og:image\" content=\"https:\/\/www.laguiadepamplona.com\/actualidad\/wp-content\/uploads\/2019\/05\/19.05.02_cine_ozu_oto\u00f1o_tardio.jpg\" \/>\n\t<meta property=\"og:image:width\" content=\"1500\" \/>\n\t<meta property=\"og:image:height\" content=\"972\" \/>\n\t<meta property=\"og:image:type\" content=\"image\/jpeg\" \/>\n<meta name=\"author\" content=\"La Gu\u00eda de Pamplona\" \/>\n<meta name=\"twitter:card\" content=\"summary_large_image\" \/>\n<meta name=\"twitter:creator\" content=\"@LaGuiadPamplona\" \/>\n<meta name=\"twitter:site\" content=\"@LaGuiadPamplona\" \/>\n<meta name=\"twitter:label1\" content=\"Escrito por\" \/>\n\t<meta name=\"twitter:data1\" content=\"La Gu\u00eda de Pamplona\" \/>\n\t<meta name=\"twitter:label2\" content=\"Tiempo de lectura\" \/>\n\t<meta name=\"twitter:data2\" content=\"2 minutos\" \/>\n<script type=\"application\/ld+json\" class=\"yoast-schema-graph\">{\"@context\":\"https:\\\/\\\/schema.org\",\"@graph\":[{\"@type\":\"Article\",\"@id\":\"https:\\\/\\\/www.laguiadepamplona.com\\\/actualidad\\\/ayuntamiento-de-pamplona-y-bilbaoarte-proyectaran-este-sabado-en-condestable-otono-tardio-del-director-japones-yasujiro-ozu\\\/#article\",\"isPartOf\":{\"@id\":\"https:\\\/\\\/www.laguiadepamplona.com\\\/actualidad\\\/ayuntamiento-de-pamplona-y-bilbaoarte-proyectaran-este-sabado-en-condestable-otono-tardio-del-director-japones-yasujiro-ozu\\\/\"},\"author\":{\"name\":\"La Gu\u00eda de Pamplona\",\"@id\":\"https:\\\/\\\/www.laguiadepamplona.com\\\/actualidad\\\/#\\\/schema\\\/person\\\/efe887376f0213d4657c93adc50b1fdb\"},\"headline\":\"Ayuntamiento de Pamplona y Bilbaoarte proyectar\u00e1n este s\u00e1bado en Condestable \u2018Oto\u00f1o tard\u00edo\u2019, del director japon\u00e9s Yasujiro Ozu\",\"datePublished\":\"2019-05-02T15:19:48+00:00\",\"mainEntityOfPage\":{\"@id\":\"https:\\\/\\\/www.laguiadepamplona.com\\\/actualidad\\\/ayuntamiento-de-pamplona-y-bilbaoarte-proyectaran-este-sabado-en-condestable-otono-tardio-del-director-japones-yasujiro-ozu\\\/\"},\"wordCount\":323,\"commentCount\":0,\"publisher\":{\"@id\":\"https:\\\/\\\/www.laguiadepamplona.com\\\/actualidad\\\/#organization\"},\"image\":{\"@id\":\"https:\\\/\\\/www.laguiadepamplona.com\\\/actualidad\\\/ayuntamiento-de-pamplona-y-bilbaoarte-proyectaran-este-sabado-en-condestable-otono-tardio-del-director-japones-yasujiro-ozu\\\/#primaryimage\"},\"thumbnailUrl\":\"https:\\\/\\\/www.laguiadepamplona.com\\\/actualidad\\\/wp-content\\\/uploads\\\/2019\\\/05\\\/19.05.02_cine_ozu_oto\u00f1o_tardio.jpg\",\"articleSection\":[\"Ayto Pamplona\"],\"inLanguage\":\"es\",\"potentialAction\":[{\"@type\":\"CommentAction\",\"name\":\"Comment\",\"target\":[\"https:\\\/\\\/www.laguiadepamplona.com\\\/actualidad\\\/ayuntamiento-de-pamplona-y-bilbaoarte-proyectaran-este-sabado-en-condestable-otono-tardio-del-director-japones-yasujiro-ozu\\\/#respond\"]}]},{\"@type\":\"WebPage\",\"@id\":\"https:\\\/\\\/www.laguiadepamplona.com\\\/actualidad\\\/ayuntamiento-de-pamplona-y-bilbaoarte-proyectaran-este-sabado-en-condestable-otono-tardio-del-director-japones-yasujiro-ozu\\\/\",\"url\":\"https:\\\/\\\/www.laguiadepamplona.com\\\/actualidad\\\/ayuntamiento-de-pamplona-y-bilbaoarte-proyectaran-este-sabado-en-condestable-otono-tardio-del-director-japones-yasujiro-ozu\\\/\",\"name\":\"Ayuntamiento de Pamplona y Bilbaoarte proyectar\u00e1n este s\u00e1bado en Condestable \u2018Oto\u00f1o tard\u00edo\u2019, del director japon\u00e9s Yasujiro Ozu\",\"isPartOf\":{\"@id\":\"https:\\\/\\\/www.laguiadepamplona.com\\\/actualidad\\\/#website\"},\"primaryImageOfPage\":{\"@id\":\"https:\\\/\\\/www.laguiadepamplona.com\\\/actualidad\\\/ayuntamiento-de-pamplona-y-bilbaoarte-proyectaran-este-sabado-en-condestable-otono-tardio-del-director-japones-yasujiro-ozu\\\/#primaryimage\"},\"image\":{\"@id\":\"https:\\\/\\\/www.laguiadepamplona.com\\\/actualidad\\\/ayuntamiento-de-pamplona-y-bilbaoarte-proyectaran-este-sabado-en-condestable-otono-tardio-del-director-japones-yasujiro-ozu\\\/#primaryimage\"},\"thumbnailUrl\":\"https:\\\/\\\/www.laguiadepamplona.com\\\/actualidad\\\/wp-content\\\/uploads\\\/2019\\\/05\\\/19.05.02_cine_ozu_oto\u00f1o_tardio.jpg\",\"datePublished\":\"2019-05-02T15:19:48+00:00\",\"breadcrumb\":{\"@id\":\"https:\\\/\\\/www.laguiadepamplona.com\\\/actualidad\\\/ayuntamiento-de-pamplona-y-bilbaoarte-proyectaran-este-sabado-en-condestable-otono-tardio-del-director-japones-yasujiro-ozu\\\/#breadcrumb\"},\"inLanguage\":\"es\",\"potentialAction\":[{\"@type\":\"ReadAction\",\"target\":[\"https:\\\/\\\/www.laguiadepamplona.com\\\/actualidad\\\/ayuntamiento-de-pamplona-y-bilbaoarte-proyectaran-este-sabado-en-condestable-otono-tardio-del-director-japones-yasujiro-ozu\\\/\"]}]},{\"@type\":\"ImageObject\",\"inLanguage\":\"es\",\"@id\":\"https:\\\/\\\/www.laguiadepamplona.com\\\/actualidad\\\/ayuntamiento-de-pamplona-y-bilbaoarte-proyectaran-este-sabado-en-condestable-otono-tardio-del-director-japones-yasujiro-ozu\\\/#primaryimage\",\"url\":\"https:\\\/\\\/www.laguiadepamplona.com\\\/actualidad\\\/wp-content\\\/uploads\\\/2019\\\/05\\\/19.05.02_cine_ozu_oto\u00f1o_tardio.jpg\",\"contentUrl\":\"https:\\\/\\\/www.laguiadepamplona.com\\\/actualidad\\\/wp-content\\\/uploads\\\/2019\\\/05\\\/19.05.02_cine_ozu_oto\u00f1o_tardio.jpg\",\"width\":1500,\"height\":972},{\"@type\":\"BreadcrumbList\",\"@id\":\"https:\\\/\\\/www.laguiadepamplona.com\\\/actualidad\\\/ayuntamiento-de-pamplona-y-bilbaoarte-proyectaran-este-sabado-en-condestable-otono-tardio-del-director-japones-yasujiro-ozu\\\/#breadcrumb\",\"itemListElement\":[{\"@type\":\"ListItem\",\"position\":1,\"name\":\"Portada\",\"item\":\"https:\\\/\\\/www.laguiadepamplona.com\\\/actualidad\\\/\"},{\"@type\":\"ListItem\",\"position\":2,\"name\":\"Ayuntamiento de Pamplona y Bilbaoarte proyectar\u00e1n este s\u00e1bado en Condestable \u2018Oto\u00f1o tard\u00edo\u2019, del director japon\u00e9s Yasujiro Ozu\"}]},{\"@type\":\"WebSite\",\"@id\":\"https:\\\/\\\/www.laguiadepamplona.com\\\/actualidad\\\/#website\",\"url\":\"https:\\\/\\\/www.laguiadepamplona.com\\\/actualidad\\\/\",\"name\":\"La gu\u00eda de Pamplona\",\"description\":\"Noticias de Pamplona\",\"publisher\":{\"@id\":\"https:\\\/\\\/www.laguiadepamplona.com\\\/actualidad\\\/#organization\"},\"potentialAction\":[{\"@type\":\"SearchAction\",\"target\":{\"@type\":\"EntryPoint\",\"urlTemplate\":\"https:\\\/\\\/www.laguiadepamplona.com\\\/actualidad\\\/?s={search_term_string}\"},\"query-input\":{\"@type\":\"PropertyValueSpecification\",\"valueRequired\":true,\"valueName\":\"search_term_string\"}}],\"inLanguage\":\"es\"},{\"@type\":\"Organization\",\"@id\":\"https:\\\/\\\/www.laguiadepamplona.com\\\/actualidad\\\/#organization\",\"name\":\"La Gu\u00eda de Pamplona \\\/ Noticias\",\"url\":\"https:\\\/\\\/www.laguiadepamplona.com\\\/actualidad\\\/\",\"logo\":{\"@type\":\"ImageObject\",\"inLanguage\":\"es\",\"@id\":\"https:\\\/\\\/www.laguiadepamplona.com\\\/actualidad\\\/#\\\/schema\\\/logo\\\/image\\\/\",\"url\":\"https:\\\/\\\/www.laguiadepamplona.com\\\/actualidad\\\/wp-content\\\/uploads\\\/2018\\\/11\\\/logo-laguiadepamplona18-web1.png\",\"contentUrl\":\"https:\\\/\\\/www.laguiadepamplona.com\\\/actualidad\\\/wp-content\\\/uploads\\\/2018\\\/11\\\/logo-laguiadepamplona18-web1.png\",\"width\":600,\"height\":196,\"caption\":\"La Gu\u00eda de Pamplona \\\/ Noticias\"},\"image\":{\"@id\":\"https:\\\/\\\/www.laguiadepamplona.com\\\/actualidad\\\/#\\\/schema\\\/logo\\\/image\\\/\"},\"sameAs\":[\"https:\\\/\\\/www.facebook.com\\\/laguiadepamplonacom-133175176762273\\\/?ref=hl\",\"https:\\\/\\\/x.com\\\/LaGuiadPamplona\",\"https:\\\/\\\/www.instagram.com\\\/la_guia_de_pamplona\\\/\",\"https:\\\/\\\/www.youtube.com\\\/user\\\/laguiadepamplona\"]},{\"@type\":\"Person\",\"@id\":\"https:\\\/\\\/www.laguiadepamplona.com\\\/actualidad\\\/#\\\/schema\\\/person\\\/efe887376f0213d4657c93adc50b1fdb\",\"name\":\"La Gu\u00eda de Pamplona\",\"image\":{\"@type\":\"ImageObject\",\"inLanguage\":\"es\",\"@id\":\"https:\\\/\\\/secure.gravatar.com\\\/avatar\\\/b6992f131dc8d30ab0dff15446e9d346d9dbd95992de0fef795073f5ea83a81c?s=96&d=mm&r=g\",\"url\":\"https:\\\/\\\/secure.gravatar.com\\\/avatar\\\/b6992f131dc8d30ab0dff15446e9d346d9dbd95992de0fef795073f5ea83a81c?s=96&d=mm&r=g\",\"contentUrl\":\"https:\\\/\\\/secure.gravatar.com\\\/avatar\\\/b6992f131dc8d30ab0dff15446e9d346d9dbd95992de0fef795073f5ea83a81c?s=96&d=mm&r=g\",\"caption\":\"La Gu\u00eda de Pamplona\"}}]}<\/script>\n<!-- \/ Yoast SEO plugin. -->","yoast_head_json":{"title":"Ayuntamiento de Pamplona y Bilbaoarte proyectar\u00e1n este s\u00e1bado en Condestable \u2018Oto\u00f1o tard\u00edo\u2019, del director japon\u00e9s Yasujiro Ozu","robots":{"index":"index","follow":"follow","max-snippet":"max-snippet:-1","max-image-preview":"max-image-preview:large","max-video-preview":"max-video-preview:-1"},"canonical":"https:\/\/www.laguiadepamplona.com\/actualidad\/ayuntamiento-de-pamplona-y-bilbaoarte-proyectaran-este-sabado-en-condestable-otono-tardio-del-director-japones-yasujiro-ozu\/","og_locale":"es_ES","og_type":"article","og_title":"Ayuntamiento de Pamplona y Bilbaoarte proyectar\u00e1n este s\u00e1bado en Condestable \u2018Oto\u00f1o tard\u00edo\u2019, del director japon\u00e9s Yasujiro Ozu","og_url":"https:\/\/www.laguiadepamplona.com\/actualidad\/ayuntamiento-de-pamplona-y-bilbaoarte-proyectaran-este-sabado-en-condestable-otono-tardio-del-director-japones-yasujiro-ozu\/","og_site_name":"La Gu\u00eda de Pamplona","article_publisher":"https:\/\/www.facebook.com\/laguiadepamplonacom-133175176762273\/?ref=hl","article_published_time":"2019-05-02T15:19:48+00:00","og_image":[{"width":1500,"height":972,"url":"https:\/\/www.laguiadepamplona.com\/actualidad\/wp-content\/uploads\/2019\/05\/19.05.02_cine_ozu_oto\u00f1o_tardio.jpg","type":"image\/jpeg"}],"author":"La Gu\u00eda de Pamplona","twitter_card":"summary_large_image","twitter_creator":"@LaGuiadPamplona","twitter_site":"@LaGuiadPamplona","twitter_misc":{"Escrito por":"La Gu\u00eda de Pamplona","Tiempo de lectura":"2 minutos"},"schema":{"@context":"https:\/\/schema.org","@graph":[{"@type":"Article","@id":"https:\/\/www.laguiadepamplona.com\/actualidad\/ayuntamiento-de-pamplona-y-bilbaoarte-proyectaran-este-sabado-en-condestable-otono-tardio-del-director-japones-yasujiro-ozu\/#article","isPartOf":{"@id":"https:\/\/www.laguiadepamplona.com\/actualidad\/ayuntamiento-de-pamplona-y-bilbaoarte-proyectaran-este-sabado-en-condestable-otono-tardio-del-director-japones-yasujiro-ozu\/"},"author":{"name":"La Gu\u00eda de Pamplona","@id":"https:\/\/www.laguiadepamplona.com\/actualidad\/#\/schema\/person\/efe887376f0213d4657c93adc50b1fdb"},"headline":"Ayuntamiento de Pamplona y Bilbaoarte proyectar\u00e1n este s\u00e1bado en Condestable \u2018Oto\u00f1o tard\u00edo\u2019, del director japon\u00e9s Yasujiro Ozu","datePublished":"2019-05-02T15:19:48+00:00","mainEntityOfPage":{"@id":"https:\/\/www.laguiadepamplona.com\/actualidad\/ayuntamiento-de-pamplona-y-bilbaoarte-proyectaran-este-sabado-en-condestable-otono-tardio-del-director-japones-yasujiro-ozu\/"},"wordCount":323,"commentCount":0,"publisher":{"@id":"https:\/\/www.laguiadepamplona.com\/actualidad\/#organization"},"image":{"@id":"https:\/\/www.laguiadepamplona.com\/actualidad\/ayuntamiento-de-pamplona-y-bilbaoarte-proyectaran-este-sabado-en-condestable-otono-tardio-del-director-japones-yasujiro-ozu\/#primaryimage"},"thumbnailUrl":"https:\/\/www.laguiadepamplona.com\/actualidad\/wp-content\/uploads\/2019\/05\/19.05.02_cine_ozu_oto\u00f1o_tardio.jpg","articleSection":["Ayto Pamplona"],"inLanguage":"es","potentialAction":[{"@type":"CommentAction","name":"Comment","target":["https:\/\/www.laguiadepamplona.com\/actualidad\/ayuntamiento-de-pamplona-y-bilbaoarte-proyectaran-este-sabado-en-condestable-otono-tardio-del-director-japones-yasujiro-ozu\/#respond"]}]},{"@type":"WebPage","@id":"https:\/\/www.laguiadepamplona.com\/actualidad\/ayuntamiento-de-pamplona-y-bilbaoarte-proyectaran-este-sabado-en-condestable-otono-tardio-del-director-japones-yasujiro-ozu\/","url":"https:\/\/www.laguiadepamplona.com\/actualidad\/ayuntamiento-de-pamplona-y-bilbaoarte-proyectaran-este-sabado-en-condestable-otono-tardio-del-director-japones-yasujiro-ozu\/","name":"Ayuntamiento de Pamplona y Bilbaoarte proyectar\u00e1n este s\u00e1bado en Condestable \u2018Oto\u00f1o tard\u00edo\u2019, del director japon\u00e9s Yasujiro Ozu","isPartOf":{"@id":"https:\/\/www.laguiadepamplona.com\/actualidad\/#website"},"primaryImageOfPage":{"@id":"https:\/\/www.laguiadepamplona.com\/actualidad\/ayuntamiento-de-pamplona-y-bilbaoarte-proyectaran-este-sabado-en-condestable-otono-tardio-del-director-japones-yasujiro-ozu\/#primaryimage"},"image":{"@id":"https:\/\/www.laguiadepamplona.com\/actualidad\/ayuntamiento-de-pamplona-y-bilbaoarte-proyectaran-este-sabado-en-condestable-otono-tardio-del-director-japones-yasujiro-ozu\/#primaryimage"},"thumbnailUrl":"https:\/\/www.laguiadepamplona.com\/actualidad\/wp-content\/uploads\/2019\/05\/19.05.02_cine_ozu_oto\u00f1o_tardio.jpg","datePublished":"2019-05-02T15:19:48+00:00","breadcrumb":{"@id":"https:\/\/www.laguiadepamplona.com\/actualidad\/ayuntamiento-de-pamplona-y-bilbaoarte-proyectaran-este-sabado-en-condestable-otono-tardio-del-director-japones-yasujiro-ozu\/#breadcrumb"},"inLanguage":"es","potentialAction":[{"@type":"ReadAction","target":["https:\/\/www.laguiadepamplona.com\/actualidad\/ayuntamiento-de-pamplona-y-bilbaoarte-proyectaran-este-sabado-en-condestable-otono-tardio-del-director-japones-yasujiro-ozu\/"]}]},{"@type":"ImageObject","inLanguage":"es","@id":"https:\/\/www.laguiadepamplona.com\/actualidad\/ayuntamiento-de-pamplona-y-bilbaoarte-proyectaran-este-sabado-en-condestable-otono-tardio-del-director-japones-yasujiro-ozu\/#primaryimage","url":"https:\/\/www.laguiadepamplona.com\/actualidad\/wp-content\/uploads\/2019\/05\/19.05.02_cine_ozu_oto\u00f1o_tardio.jpg","contentUrl":"https:\/\/www.laguiadepamplona.com\/actualidad\/wp-content\/uploads\/2019\/05\/19.05.02_cine_ozu_oto\u00f1o_tardio.jpg","width":1500,"height":972},{"@type":"BreadcrumbList","@id":"https:\/\/www.laguiadepamplona.com\/actualidad\/ayuntamiento-de-pamplona-y-bilbaoarte-proyectaran-este-sabado-en-condestable-otono-tardio-del-director-japones-yasujiro-ozu\/#breadcrumb","itemListElement":[{"@type":"ListItem","position":1,"name":"Portada","item":"https:\/\/www.laguiadepamplona.com\/actualidad\/"},{"@type":"ListItem","position":2,"name":"Ayuntamiento de Pamplona y Bilbaoarte proyectar\u00e1n este s\u00e1bado en Condestable \u2018Oto\u00f1o tard\u00edo\u2019, del director japon\u00e9s Yasujiro Ozu"}]},{"@type":"WebSite","@id":"https:\/\/www.laguiadepamplona.com\/actualidad\/#website","url":"https:\/\/www.laguiadepamplona.com\/actualidad\/","name":"La gu\u00eda de Pamplona","description":"Noticias de Pamplona","publisher":{"@id":"https:\/\/www.laguiadepamplona.com\/actualidad\/#organization"},"potentialAction":[{"@type":"SearchAction","target":{"@type":"EntryPoint","urlTemplate":"https:\/\/www.laguiadepamplona.com\/actualidad\/?s={search_term_string}"},"query-input":{"@type":"PropertyValueSpecification","valueRequired":true,"valueName":"search_term_string"}}],"inLanguage":"es"},{"@type":"Organization","@id":"https:\/\/www.laguiadepamplona.com\/actualidad\/#organization","name":"La Gu\u00eda de Pamplona \/ Noticias","url":"https:\/\/www.laguiadepamplona.com\/actualidad\/","logo":{"@type":"ImageObject","inLanguage":"es","@id":"https:\/\/www.laguiadepamplona.com\/actualidad\/#\/schema\/logo\/image\/","url":"https:\/\/www.laguiadepamplona.com\/actualidad\/wp-content\/uploads\/2018\/11\/logo-laguiadepamplona18-web1.png","contentUrl":"https:\/\/www.laguiadepamplona.com\/actualidad\/wp-content\/uploads\/2018\/11\/logo-laguiadepamplona18-web1.png","width":600,"height":196,"caption":"La Gu\u00eda de Pamplona \/ Noticias"},"image":{"@id":"https:\/\/www.laguiadepamplona.com\/actualidad\/#\/schema\/logo\/image\/"},"sameAs":["https:\/\/www.facebook.com\/laguiadepamplonacom-133175176762273\/?ref=hl","https:\/\/x.com\/LaGuiadPamplona","https:\/\/www.instagram.com\/la_guia_de_pamplona\/","https:\/\/www.youtube.com\/user\/laguiadepamplona"]},{"@type":"Person","@id":"https:\/\/www.laguiadepamplona.com\/actualidad\/#\/schema\/person\/efe887376f0213d4657c93adc50b1fdb","name":"La Gu\u00eda de Pamplona","image":{"@type":"ImageObject","inLanguage":"es","@id":"https:\/\/secure.gravatar.com\/avatar\/b6992f131dc8d30ab0dff15446e9d346d9dbd95992de0fef795073f5ea83a81c?s=96&d=mm&r=g","url":"https:\/\/secure.gravatar.com\/avatar\/b6992f131dc8d30ab0dff15446e9d346d9dbd95992de0fef795073f5ea83a81c?s=96&d=mm&r=g","contentUrl":"https:\/\/secure.gravatar.com\/avatar\/b6992f131dc8d30ab0dff15446e9d346d9dbd95992de0fef795073f5ea83a81c?s=96&d=mm&r=g","caption":"La Gu\u00eda de Pamplona"}}]}},"post_mailing_queue_ids":[],"_links":{"self":[{"href":"https:\/\/www.laguiadepamplona.com\/actualidad\/wp-json\/wp\/v2\/posts\/21840","targetHints":{"allow":["GET"]}}],"collection":[{"href":"https:\/\/www.laguiadepamplona.com\/actualidad\/wp-json\/wp\/v2\/posts"}],"about":[{"href":"https:\/\/www.laguiadepamplona.com\/actualidad\/wp-json\/wp\/v2\/types\/post"}],"author":[{"embeddable":true,"href":"https:\/\/www.laguiadepamplona.com\/actualidad\/wp-json\/wp\/v2\/users\/1"}],"replies":[{"embeddable":true,"href":"https:\/\/www.laguiadepamplona.com\/actualidad\/wp-json\/wp\/v2\/comments?post=21840"}],"version-history":[{"count":0,"href":"https:\/\/www.laguiadepamplona.com\/actualidad\/wp-json\/wp\/v2\/posts\/21840\/revisions"}],"wp:featuredmedia":[{"embeddable":true,"href":"https:\/\/www.laguiadepamplona.com\/actualidad\/wp-json\/wp\/v2\/media\/21842"}],"wp:attachment":[{"href":"https:\/\/www.laguiadepamplona.com\/actualidad\/wp-json\/wp\/v2\/media?parent=21840"}],"wp:term":[{"taxonomy":"category","embeddable":true,"href":"https:\/\/www.laguiadepamplona.com\/actualidad\/wp-json\/wp\/v2\/categories?post=21840"},{"taxonomy":"post_tag","embeddable":true,"href":"https:\/\/www.laguiadepamplona.com\/actualidad\/wp-json\/wp\/v2\/tags?post=21840"}],"curies":[{"name":"wp","href":"https:\/\/api.w.org\/{rel}","templated":true}]}}