{"id":21836,"date":"2019-05-02T17:16:07","date_gmt":"2019-05-02T15:16:07","guid":{"rendered":"https:\/\/www.laguiadepamplona.es\/actualidad\/?p=21836"},"modified":"2019-05-02T17:16:07","modified_gmt":"2019-05-02T15:16:07","slug":"txalaroa-presenta-del-6-al-18-de-mayo-en-civivox-jus-la-rocha-y-san-jorge-conferencias-espacios-creativos-y-espectaculos-musicales-con-la-txalaparta-de-protagonista","status":"publish","type":"post","link":"https:\/\/www.laguiadepamplona.com\/actualidad\/txalaroa-presenta-del-6-al-18-de-mayo-en-civivox-jus-la-rocha-y-san-jorge-conferencias-espacios-creativos-y-espectaculos-musicales-con-la-txalaparta-de-protagonista\/","title":{"rendered":"Txalaroa presenta, del 6 al 18 de mayo en Civivox Jus la Rocha y San Jorge, conferencias, espacios creativos y espect\u00e1culos musicales con la txalaparta de protagonista"},"content":{"rendered":"<p><!--more--><\/p>\n<h3>El ciclo comienza el lunes con un curso de iniciaci\u00f3n a la txalaparta para personas adultas<\/h3>\n<p>La txalaparta volver\u00e1 a ser este a\u00f1o la protagonista en una nueva edici\u00f3n del ciclo Txalaroa 2019 que comenzar\u00e1 este lunes 6 de mayo, con un curso de iniciaci\u00f3n a este instrumento dirigido a personas adultas e impartido por miembros de Hutsun Txalaparta Taldea. Hasta el 18 de mayo Txalaroa 2019 ofrecer\u00e1, adem\u00e1s conferencias y espect\u00e1culos musicales en Civivox Jus la Rocha y Civivox San Jorge.<\/p>\n<p>Las inscripciones para este taller pueden realizarse en <a href=\"http:\/\/www.pamplonaescultura.es\" target=\"_blank\" rel=\"noopener noreferrer\">www.pamplonaescultura.es<\/a>, el Tel\u00e9fono de Atenci\u00f3n Ciudadana 010 o 948420100 y presencialmente en los centros Civivox. El taller se desarrollar\u00e1 los d\u00edas 6, 8, 13 y 15 de mayo a las 19 horas en Civivox Jus la Rocha. Tiene un precio de inscripci\u00f3n de 3 euros. En \u00e9l, se ofrece la oportunidad de llevar a cabo un primer contacto con el instrumento y de conocer sus reglas b\u00e1sicas, desde los golpes m\u00e1s tradicionales hasta una peque\u00f1a inmersi\u00f3n en la txalaparta moderna, la kirikoketa y la tobera.<\/p>\n<p>Las actividades continuar\u00e1n el 9 de mayo a las 19.30 horas en Civivox Jus la Rocha con una conferencia de Mar\u00eda Escribano, que presentar\u00e1 su investigaci\u00f3n doctoral a cerca de la txalaparta como tradici\u00f3n e instrumento sonoro y, sobre todo, como fen\u00f3meno social. Continuando con los encuentros, el 14 de mayo ser\u00e1 el turno de Hutsun Txalaparta y una charla-presentaci\u00f3n del documental sobre su estancia en Marruecos. Lleva por t\u00edtulo \u2018Hamaika herrialde hizkuntza bat\u2019 y tendr\u00e1 lugar en Civivox Jus la Rocha a las 19.30 horas.<\/p>\n<p>El jueves 16 de mayo habr\u00e1 una clase magistral con Lara Mitxelena, Ixi Jauregi y Gema In\u00e9s del grupo Bihotz a las 19.30 horas y el s\u00e1bado 18, a las 12 horas, tambi\u00e9n en Civivox Jus la Rocha, Peio San Mill\u00e1n presentar\u00e1 un nuevo m\u00e9todo de ense\u00f1anza de la txalaparta que se basa en un trabajo diferente con el instrumento y en actuar sobre el ego, lo que se refleja en una manera distinta y m\u00e1s relajada de afrontar la vida.<\/p>\n<p><strong>Espect\u00e1culos en Civivox San Jorge<\/strong><\/p>\n<p>Txalaroa 2019 presentar\u00e1 en Civivox San Jorge los espect\u00e1culos musicales, que tienen entrada libre con reparto de invitaciones desde una hora antes. El primero tendr\u00e1 lugar este viernes 10 de mayo, a partir de las 19.30 horas de la mano de Juan Mari Beltr\u00e1n, uno de los protagonistas del instrumento en los a\u00f1os 70. Tocar\u00e1 la txalaparta mezclada con otros instrumentos y acompa\u00f1ado de versos de Joxanton Arze.<\/p>\n<p>El siguiente viernes, el 17 de mayo, tambi\u00e9n a las 19.30 horas, ser\u00e1 el turno de Basabi y el espect\u00e1culo \u2018Bakun\u2019. Se trata de un viaje visual lleno de matices que despiertan la imaginaci\u00f3n del espectador a partir de elementos propios de nuestra cultura acompa\u00f1ados por m\u00fasica popular.<\/p>\n<p>&nbsp;<\/p>\n<p><strong>Txalaroa 2019<\/strong><\/p>\n<ul>\n<li><span style=\"color: #ff0000;\"><strong>Curso de iniciaci\u00f3n a la txalaparta<\/strong><\/span>\n<ul>\n<li><strong>Hutsun Txalaparta Taldea<\/strong><\/li>\n<li><strong>6, 8, 13 y 15 de mayo, lunes. 19 horas. Civivox Jus la Rocha. Inscripciones 3 euros en <a href=\"http:\/\/www.pamplonaescultura.es\" target=\"_blank\" rel=\"noopener noreferrer\">pamplonaescultura.es<\/a>, tel\u00e9fono 010 o 948420100 y centros Civivox<\/strong><\/li>\n<\/ul>\n<\/li>\n<li><span style=\"color: #ff0000;\"><strong>La txalaparta, un universo. Conferencia<\/strong><\/span>\n<ul>\n<li><strong>Mar\u00eda Escribano<\/strong><\/li>\n<li><strong>9 de mayo, jueves. 19.30 horas. Civivox Jus la Rocha. Entrada libre con reparto de invitaciones desde una hora antes<\/strong><\/li>\n<\/ul>\n<\/li>\n<li><span style=\"color: #ff0000;\"><strong>Hotz-larretan. Euskera. M\u00fasica<\/strong><\/span>\n<ul>\n<li><strong>Juan Mari Beltr\u00e1n<\/strong><\/li>\n<li><strong>10 de mayo, viernes. 19.30 horas. Civivox San Jorge. Entrada libre con reparto de invitaciones desde una hora antes<\/strong><\/li>\n<\/ul>\n<\/li>\n<li><span style=\"color: #ff0000;\"><strong>Hamaika herrialde hizkuntza bat. Conferencia<\/strong><\/span>\n<ul>\n<li><strong>Hutsun Txalaparta Taldea<\/strong><\/li>\n<li><strong>14 de mayo, martes. 19.30 horas. Civivox Jus la Rocha. Entrada libre con reparto de invitaciones desde una hora antes<\/strong><\/li>\n<\/ul>\n<\/li>\n<li><span style=\"color: #ff0000;\"><strong>Master class con grupo Bihotz<\/strong><\/span>\n<ul>\n<li><strong>Lara Mitxelena, Ixi Jauregi y Gema In\u00e9s<\/strong><\/li>\n<li><strong>16 de mayo, jueves. 19.30 horas. Civivox Jus la Rocha. Entrada libre con reparto de invitaciones desde una hora antes<\/strong><\/li>\n<\/ul>\n<\/li>\n<li><span style=\"color: #ff0000;\"><strong> M\u00fasica<\/strong><\/span>\n<ul>\n<li><strong>Basabi<\/strong><\/li>\n<li><strong>17 de mayo, viernes. 19.30 horas. Civivox San Jorge. Entrada libre con reparto de invitaciones desde una hora antes<\/strong><\/li>\n<\/ul>\n<\/li>\n<li><span style=\"color: #ff0000;\"><strong>Txalaparta y autoconocimiento. Conferencia<\/strong><\/span>\n<ul>\n<li><strong>Peio San Mill\u00e1n<\/strong><\/li>\n<li><strong>18 de mayo, s\u00e1bado. 12 horas. Civivox Jus la Rocha. Entrada libre con reparto de invitaciones desde una hora antes<\/strong><\/li>\n<\/ul>\n<\/li>\n<\/ul>\n","protected":false},"excerpt":{"rendered":"","protected":false},"author":1,"featured_media":11047,"comment_status":"open","ping_status":"closed","sticky":false,"template":"","format":"standard","meta":{"footnotes":""},"categories":[2],"tags":[],"class_list":["post-21836","post","type-post","status-publish","format-standard","has-post-thumbnail","hentry","category-ayuntamiento-pamplona"],"yoast_head":"<!-- This site is optimized with the Yoast SEO plugin v27.5 - https:\/\/yoast.com\/product\/yoast-seo-wordpress\/ -->\n<title>Txalaroa presenta, del 6 al 18 de mayo en Civivox Jus la Rocha y San Jorge, conferencias, espacios creativos y espect\u00e1culos musicales con la txalaparta de protagonista<\/title>\n<meta name=\"robots\" content=\"index, follow, max-snippet:-1, max-image-preview:large, max-video-preview:-1\" \/>\n<link rel=\"canonical\" href=\"https:\/\/www.laguiadepamplona.com\/actualidad\/txalaroa-presenta-del-6-al-18-de-mayo-en-civivox-jus-la-rocha-y-san-jorge-conferencias-espacios-creativos-y-espectaculos-musicales-con-la-txalaparta-de-protagonista\/\" \/>\n<meta property=\"og:locale\" content=\"es_ES\" \/>\n<meta property=\"og:type\" content=\"article\" \/>\n<meta property=\"og:title\" content=\"Txalaroa presenta, del 6 al 18 de mayo en Civivox Jus la Rocha y San Jorge, conferencias, espacios creativos y espect\u00e1culos musicales con la txalaparta de protagonista\" \/>\n<meta property=\"og:url\" content=\"https:\/\/www.laguiadepamplona.com\/actualidad\/txalaroa-presenta-del-6-al-18-de-mayo-en-civivox-jus-la-rocha-y-san-jorge-conferencias-espacios-creativos-y-espectaculos-musicales-con-la-txalaparta-de-protagonista\/\" \/>\n<meta property=\"og:site_name\" content=\"La Gu\u00eda de Pamplona\" \/>\n<meta property=\"article:publisher\" content=\"https:\/\/www.facebook.com\/laguiadepamplonacom-133175176762273\/?ref=hl\" \/>\n<meta property=\"article:published_time\" content=\"2019-05-02T15:16:07+00:00\" \/>\n<meta property=\"og:image\" content=\"https:\/\/www.laguiadepamplona.com\/actualidad\/wp-content\/uploads\/2016\/12\/civivox-san-jorge.jpg\" \/>\n\t<meta property=\"og:image:width\" content=\"900\" \/>\n\t<meta property=\"og:image:height\" content=\"675\" \/>\n\t<meta property=\"og:image:type\" content=\"image\/jpeg\" \/>\n<meta name=\"author\" content=\"La Gu\u00eda de Pamplona\" \/>\n<meta name=\"twitter:card\" content=\"summary_large_image\" \/>\n<meta name=\"twitter:creator\" content=\"@LaGuiadPamplona\" \/>\n<meta name=\"twitter:site\" content=\"@LaGuiadPamplona\" \/>\n<meta name=\"twitter:label1\" content=\"Escrito por\" \/>\n\t<meta name=\"twitter:data1\" content=\"La Gu\u00eda de Pamplona\" \/>\n\t<meta name=\"twitter:label2\" content=\"Tiempo de lectura\" \/>\n\t<meta name=\"twitter:data2\" content=\"3 minutos\" \/>\n<script type=\"application\/ld+json\" class=\"yoast-schema-graph\">{\"@context\":\"https:\\\/\\\/schema.org\",\"@graph\":[{\"@type\":\"Article\",\"@id\":\"https:\\\/\\\/www.laguiadepamplona.com\\\/actualidad\\\/txalaroa-presenta-del-6-al-18-de-mayo-en-civivox-jus-la-rocha-y-san-jorge-conferencias-espacios-creativos-y-espectaculos-musicales-con-la-txalaparta-de-protagonista\\\/#article\",\"isPartOf\":{\"@id\":\"https:\\\/\\\/www.laguiadepamplona.com\\\/actualidad\\\/txalaroa-presenta-del-6-al-18-de-mayo-en-civivox-jus-la-rocha-y-san-jorge-conferencias-espacios-creativos-y-espectaculos-musicales-con-la-txalaparta-de-protagonista\\\/\"},\"author\":{\"name\":\"La Gu\u00eda de Pamplona\",\"@id\":\"https:\\\/\\\/www.laguiadepamplona.com\\\/actualidad\\\/#\\\/schema\\\/person\\\/efe887376f0213d4657c93adc50b1fdb\"},\"headline\":\"Txalaroa presenta, del 6 al 18 de mayo en Civivox Jus la Rocha y San Jorge, conferencias, espacios creativos y espect\u00e1culos musicales con la txalaparta de protagonista\",\"datePublished\":\"2019-05-02T15:16:07+00:00\",\"mainEntityOfPage\":{\"@id\":\"https:\\\/\\\/www.laguiadepamplona.com\\\/actualidad\\\/txalaroa-presenta-del-6-al-18-de-mayo-en-civivox-jus-la-rocha-y-san-jorge-conferencias-espacios-creativos-y-espectaculos-musicales-con-la-txalaparta-de-protagonista\\\/\"},\"wordCount\":690,\"commentCount\":0,\"publisher\":{\"@id\":\"https:\\\/\\\/www.laguiadepamplona.com\\\/actualidad\\\/#organization\"},\"image\":{\"@id\":\"https:\\\/\\\/www.laguiadepamplona.com\\\/actualidad\\\/txalaroa-presenta-del-6-al-18-de-mayo-en-civivox-jus-la-rocha-y-san-jorge-conferencias-espacios-creativos-y-espectaculos-musicales-con-la-txalaparta-de-protagonista\\\/#primaryimage\"},\"thumbnailUrl\":\"https:\\\/\\\/www.laguiadepamplona.com\\\/actualidad\\\/wp-content\\\/uploads\\\/2016\\\/12\\\/civivox-san-jorge.jpg\",\"articleSection\":[\"Ayto Pamplona\"],\"inLanguage\":\"es\",\"potentialAction\":[{\"@type\":\"CommentAction\",\"name\":\"Comment\",\"target\":[\"https:\\\/\\\/www.laguiadepamplona.com\\\/actualidad\\\/txalaroa-presenta-del-6-al-18-de-mayo-en-civivox-jus-la-rocha-y-san-jorge-conferencias-espacios-creativos-y-espectaculos-musicales-con-la-txalaparta-de-protagonista\\\/#respond\"]}]},{\"@type\":\"WebPage\",\"@id\":\"https:\\\/\\\/www.laguiadepamplona.com\\\/actualidad\\\/txalaroa-presenta-del-6-al-18-de-mayo-en-civivox-jus-la-rocha-y-san-jorge-conferencias-espacios-creativos-y-espectaculos-musicales-con-la-txalaparta-de-protagonista\\\/\",\"url\":\"https:\\\/\\\/www.laguiadepamplona.com\\\/actualidad\\\/txalaroa-presenta-del-6-al-18-de-mayo-en-civivox-jus-la-rocha-y-san-jorge-conferencias-espacios-creativos-y-espectaculos-musicales-con-la-txalaparta-de-protagonista\\\/\",\"name\":\"Txalaroa presenta, del 6 al 18 de mayo en Civivox Jus la Rocha y San Jorge, conferencias, espacios creativos y espect\u00e1culos musicales con la txalaparta de protagonista\",\"isPartOf\":{\"@id\":\"https:\\\/\\\/www.laguiadepamplona.com\\\/actualidad\\\/#website\"},\"primaryImageOfPage\":{\"@id\":\"https:\\\/\\\/www.laguiadepamplona.com\\\/actualidad\\\/txalaroa-presenta-del-6-al-18-de-mayo-en-civivox-jus-la-rocha-y-san-jorge-conferencias-espacios-creativos-y-espectaculos-musicales-con-la-txalaparta-de-protagonista\\\/#primaryimage\"},\"image\":{\"@id\":\"https:\\\/\\\/www.laguiadepamplona.com\\\/actualidad\\\/txalaroa-presenta-del-6-al-18-de-mayo-en-civivox-jus-la-rocha-y-san-jorge-conferencias-espacios-creativos-y-espectaculos-musicales-con-la-txalaparta-de-protagonista\\\/#primaryimage\"},\"thumbnailUrl\":\"https:\\\/\\\/www.laguiadepamplona.com\\\/actualidad\\\/wp-content\\\/uploads\\\/2016\\\/12\\\/civivox-san-jorge.jpg\",\"datePublished\":\"2019-05-02T15:16:07+00:00\",\"breadcrumb\":{\"@id\":\"https:\\\/\\\/www.laguiadepamplona.com\\\/actualidad\\\/txalaroa-presenta-del-6-al-18-de-mayo-en-civivox-jus-la-rocha-y-san-jorge-conferencias-espacios-creativos-y-espectaculos-musicales-con-la-txalaparta-de-protagonista\\\/#breadcrumb\"},\"inLanguage\":\"es\",\"potentialAction\":[{\"@type\":\"ReadAction\",\"target\":[\"https:\\\/\\\/www.laguiadepamplona.com\\\/actualidad\\\/txalaroa-presenta-del-6-al-18-de-mayo-en-civivox-jus-la-rocha-y-san-jorge-conferencias-espacios-creativos-y-espectaculos-musicales-con-la-txalaparta-de-protagonista\\\/\"]}]},{\"@type\":\"ImageObject\",\"inLanguage\":\"es\",\"@id\":\"https:\\\/\\\/www.laguiadepamplona.com\\\/actualidad\\\/txalaroa-presenta-del-6-al-18-de-mayo-en-civivox-jus-la-rocha-y-san-jorge-conferencias-espacios-creativos-y-espectaculos-musicales-con-la-txalaparta-de-protagonista\\\/#primaryimage\",\"url\":\"https:\\\/\\\/www.laguiadepamplona.com\\\/actualidad\\\/wp-content\\\/uploads\\\/2016\\\/12\\\/civivox-san-jorge.jpg\",\"contentUrl\":\"https:\\\/\\\/www.laguiadepamplona.com\\\/actualidad\\\/wp-content\\\/uploads\\\/2016\\\/12\\\/civivox-san-jorge.jpg\",\"width\":900,\"height\":675},{\"@type\":\"BreadcrumbList\",\"@id\":\"https:\\\/\\\/www.laguiadepamplona.com\\\/actualidad\\\/txalaroa-presenta-del-6-al-18-de-mayo-en-civivox-jus-la-rocha-y-san-jorge-conferencias-espacios-creativos-y-espectaculos-musicales-con-la-txalaparta-de-protagonista\\\/#breadcrumb\",\"itemListElement\":[{\"@type\":\"ListItem\",\"position\":1,\"name\":\"Portada\",\"item\":\"https:\\\/\\\/www.laguiadepamplona.com\\\/actualidad\\\/\"},{\"@type\":\"ListItem\",\"position\":2,\"name\":\"Txalaroa presenta, del 6 al 18 de mayo en Civivox Jus la Rocha y San Jorge, conferencias, espacios creativos y espect\u00e1culos musicales con la txalaparta de protagonista\"}]},{\"@type\":\"WebSite\",\"@id\":\"https:\\\/\\\/www.laguiadepamplona.com\\\/actualidad\\\/#website\",\"url\":\"https:\\\/\\\/www.laguiadepamplona.com\\\/actualidad\\\/\",\"name\":\"La gu\u00eda de Pamplona\",\"description\":\"Noticias de Pamplona\",\"publisher\":{\"@id\":\"https:\\\/\\\/www.laguiadepamplona.com\\\/actualidad\\\/#organization\"},\"potentialAction\":[{\"@type\":\"SearchAction\",\"target\":{\"@type\":\"EntryPoint\",\"urlTemplate\":\"https:\\\/\\\/www.laguiadepamplona.com\\\/actualidad\\\/?s={search_term_string}\"},\"query-input\":{\"@type\":\"PropertyValueSpecification\",\"valueRequired\":true,\"valueName\":\"search_term_string\"}}],\"inLanguage\":\"es\"},{\"@type\":\"Organization\",\"@id\":\"https:\\\/\\\/www.laguiadepamplona.com\\\/actualidad\\\/#organization\",\"name\":\"La Gu\u00eda de Pamplona \\\/ Noticias\",\"url\":\"https:\\\/\\\/www.laguiadepamplona.com\\\/actualidad\\\/\",\"logo\":{\"@type\":\"ImageObject\",\"inLanguage\":\"es\",\"@id\":\"https:\\\/\\\/www.laguiadepamplona.com\\\/actualidad\\\/#\\\/schema\\\/logo\\\/image\\\/\",\"url\":\"https:\\\/\\\/www.laguiadepamplona.com\\\/actualidad\\\/wp-content\\\/uploads\\\/2018\\\/11\\\/logo-laguiadepamplona18-web1.png\",\"contentUrl\":\"https:\\\/\\\/www.laguiadepamplona.com\\\/actualidad\\\/wp-content\\\/uploads\\\/2018\\\/11\\\/logo-laguiadepamplona18-web1.png\",\"width\":600,\"height\":196,\"caption\":\"La Gu\u00eda de Pamplona \\\/ Noticias\"},\"image\":{\"@id\":\"https:\\\/\\\/www.laguiadepamplona.com\\\/actualidad\\\/#\\\/schema\\\/logo\\\/image\\\/\"},\"sameAs\":[\"https:\\\/\\\/www.facebook.com\\\/laguiadepamplonacom-133175176762273\\\/?ref=hl\",\"https:\\\/\\\/x.com\\\/LaGuiadPamplona\",\"https:\\\/\\\/www.instagram.com\\\/la_guia_de_pamplona\\\/\",\"https:\\\/\\\/www.youtube.com\\\/user\\\/laguiadepamplona\"]},{\"@type\":\"Person\",\"@id\":\"https:\\\/\\\/www.laguiadepamplona.com\\\/actualidad\\\/#\\\/schema\\\/person\\\/efe887376f0213d4657c93adc50b1fdb\",\"name\":\"La Gu\u00eda de Pamplona\",\"image\":{\"@type\":\"ImageObject\",\"inLanguage\":\"es\",\"@id\":\"https:\\\/\\\/secure.gravatar.com\\\/avatar\\\/b6992f131dc8d30ab0dff15446e9d346d9dbd95992de0fef795073f5ea83a81c?s=96&d=mm&r=g\",\"url\":\"https:\\\/\\\/secure.gravatar.com\\\/avatar\\\/b6992f131dc8d30ab0dff15446e9d346d9dbd95992de0fef795073f5ea83a81c?s=96&d=mm&r=g\",\"contentUrl\":\"https:\\\/\\\/secure.gravatar.com\\\/avatar\\\/b6992f131dc8d30ab0dff15446e9d346d9dbd95992de0fef795073f5ea83a81c?s=96&d=mm&r=g\",\"caption\":\"La Gu\u00eda de Pamplona\"}}]}<\/script>\n<!-- \/ Yoast SEO plugin. -->","yoast_head_json":{"title":"Txalaroa presenta, del 6 al 18 de mayo en Civivox Jus la Rocha y San Jorge, conferencias, espacios creativos y espect\u00e1culos musicales con la txalaparta de protagonista","robots":{"index":"index","follow":"follow","max-snippet":"max-snippet:-1","max-image-preview":"max-image-preview:large","max-video-preview":"max-video-preview:-1"},"canonical":"https:\/\/www.laguiadepamplona.com\/actualidad\/txalaroa-presenta-del-6-al-18-de-mayo-en-civivox-jus-la-rocha-y-san-jorge-conferencias-espacios-creativos-y-espectaculos-musicales-con-la-txalaparta-de-protagonista\/","og_locale":"es_ES","og_type":"article","og_title":"Txalaroa presenta, del 6 al 18 de mayo en Civivox Jus la Rocha y San Jorge, conferencias, espacios creativos y espect\u00e1culos musicales con la txalaparta de protagonista","og_url":"https:\/\/www.laguiadepamplona.com\/actualidad\/txalaroa-presenta-del-6-al-18-de-mayo-en-civivox-jus-la-rocha-y-san-jorge-conferencias-espacios-creativos-y-espectaculos-musicales-con-la-txalaparta-de-protagonista\/","og_site_name":"La Gu\u00eda de Pamplona","article_publisher":"https:\/\/www.facebook.com\/laguiadepamplonacom-133175176762273\/?ref=hl","article_published_time":"2019-05-02T15:16:07+00:00","og_image":[{"width":900,"height":675,"url":"https:\/\/www.laguiadepamplona.com\/actualidad\/wp-content\/uploads\/2016\/12\/civivox-san-jorge.jpg","type":"image\/jpeg"}],"author":"La Gu\u00eda de Pamplona","twitter_card":"summary_large_image","twitter_creator":"@LaGuiadPamplona","twitter_site":"@LaGuiadPamplona","twitter_misc":{"Escrito por":"La Gu\u00eda de Pamplona","Tiempo de lectura":"3 minutos"},"schema":{"@context":"https:\/\/schema.org","@graph":[{"@type":"Article","@id":"https:\/\/www.laguiadepamplona.com\/actualidad\/txalaroa-presenta-del-6-al-18-de-mayo-en-civivox-jus-la-rocha-y-san-jorge-conferencias-espacios-creativos-y-espectaculos-musicales-con-la-txalaparta-de-protagonista\/#article","isPartOf":{"@id":"https:\/\/www.laguiadepamplona.com\/actualidad\/txalaroa-presenta-del-6-al-18-de-mayo-en-civivox-jus-la-rocha-y-san-jorge-conferencias-espacios-creativos-y-espectaculos-musicales-con-la-txalaparta-de-protagonista\/"},"author":{"name":"La Gu\u00eda de Pamplona","@id":"https:\/\/www.laguiadepamplona.com\/actualidad\/#\/schema\/person\/efe887376f0213d4657c93adc50b1fdb"},"headline":"Txalaroa presenta, del 6 al 18 de mayo en Civivox Jus la Rocha y San Jorge, conferencias, espacios creativos y espect\u00e1culos musicales con la txalaparta de protagonista","datePublished":"2019-05-02T15:16:07+00:00","mainEntityOfPage":{"@id":"https:\/\/www.laguiadepamplona.com\/actualidad\/txalaroa-presenta-del-6-al-18-de-mayo-en-civivox-jus-la-rocha-y-san-jorge-conferencias-espacios-creativos-y-espectaculos-musicales-con-la-txalaparta-de-protagonista\/"},"wordCount":690,"commentCount":0,"publisher":{"@id":"https:\/\/www.laguiadepamplona.com\/actualidad\/#organization"},"image":{"@id":"https:\/\/www.laguiadepamplona.com\/actualidad\/txalaroa-presenta-del-6-al-18-de-mayo-en-civivox-jus-la-rocha-y-san-jorge-conferencias-espacios-creativos-y-espectaculos-musicales-con-la-txalaparta-de-protagonista\/#primaryimage"},"thumbnailUrl":"https:\/\/www.laguiadepamplona.com\/actualidad\/wp-content\/uploads\/2016\/12\/civivox-san-jorge.jpg","articleSection":["Ayto Pamplona"],"inLanguage":"es","potentialAction":[{"@type":"CommentAction","name":"Comment","target":["https:\/\/www.laguiadepamplona.com\/actualidad\/txalaroa-presenta-del-6-al-18-de-mayo-en-civivox-jus-la-rocha-y-san-jorge-conferencias-espacios-creativos-y-espectaculos-musicales-con-la-txalaparta-de-protagonista\/#respond"]}]},{"@type":"WebPage","@id":"https:\/\/www.laguiadepamplona.com\/actualidad\/txalaroa-presenta-del-6-al-18-de-mayo-en-civivox-jus-la-rocha-y-san-jorge-conferencias-espacios-creativos-y-espectaculos-musicales-con-la-txalaparta-de-protagonista\/","url":"https:\/\/www.laguiadepamplona.com\/actualidad\/txalaroa-presenta-del-6-al-18-de-mayo-en-civivox-jus-la-rocha-y-san-jorge-conferencias-espacios-creativos-y-espectaculos-musicales-con-la-txalaparta-de-protagonista\/","name":"Txalaroa presenta, del 6 al 18 de mayo en Civivox Jus la Rocha y San Jorge, conferencias, espacios creativos y espect\u00e1culos musicales con la txalaparta de protagonista","isPartOf":{"@id":"https:\/\/www.laguiadepamplona.com\/actualidad\/#website"},"primaryImageOfPage":{"@id":"https:\/\/www.laguiadepamplona.com\/actualidad\/txalaroa-presenta-del-6-al-18-de-mayo-en-civivox-jus-la-rocha-y-san-jorge-conferencias-espacios-creativos-y-espectaculos-musicales-con-la-txalaparta-de-protagonista\/#primaryimage"},"image":{"@id":"https:\/\/www.laguiadepamplona.com\/actualidad\/txalaroa-presenta-del-6-al-18-de-mayo-en-civivox-jus-la-rocha-y-san-jorge-conferencias-espacios-creativos-y-espectaculos-musicales-con-la-txalaparta-de-protagonista\/#primaryimage"},"thumbnailUrl":"https:\/\/www.laguiadepamplona.com\/actualidad\/wp-content\/uploads\/2016\/12\/civivox-san-jorge.jpg","datePublished":"2019-05-02T15:16:07+00:00","breadcrumb":{"@id":"https:\/\/www.laguiadepamplona.com\/actualidad\/txalaroa-presenta-del-6-al-18-de-mayo-en-civivox-jus-la-rocha-y-san-jorge-conferencias-espacios-creativos-y-espectaculos-musicales-con-la-txalaparta-de-protagonista\/#breadcrumb"},"inLanguage":"es","potentialAction":[{"@type":"ReadAction","target":["https:\/\/www.laguiadepamplona.com\/actualidad\/txalaroa-presenta-del-6-al-18-de-mayo-en-civivox-jus-la-rocha-y-san-jorge-conferencias-espacios-creativos-y-espectaculos-musicales-con-la-txalaparta-de-protagonista\/"]}]},{"@type":"ImageObject","inLanguage":"es","@id":"https:\/\/www.laguiadepamplona.com\/actualidad\/txalaroa-presenta-del-6-al-18-de-mayo-en-civivox-jus-la-rocha-y-san-jorge-conferencias-espacios-creativos-y-espectaculos-musicales-con-la-txalaparta-de-protagonista\/#primaryimage","url":"https:\/\/www.laguiadepamplona.com\/actualidad\/wp-content\/uploads\/2016\/12\/civivox-san-jorge.jpg","contentUrl":"https:\/\/www.laguiadepamplona.com\/actualidad\/wp-content\/uploads\/2016\/12\/civivox-san-jorge.jpg","width":900,"height":675},{"@type":"BreadcrumbList","@id":"https:\/\/www.laguiadepamplona.com\/actualidad\/txalaroa-presenta-del-6-al-18-de-mayo-en-civivox-jus-la-rocha-y-san-jorge-conferencias-espacios-creativos-y-espectaculos-musicales-con-la-txalaparta-de-protagonista\/#breadcrumb","itemListElement":[{"@type":"ListItem","position":1,"name":"Portada","item":"https:\/\/www.laguiadepamplona.com\/actualidad\/"},{"@type":"ListItem","position":2,"name":"Txalaroa presenta, del 6 al 18 de mayo en Civivox Jus la Rocha y San Jorge, conferencias, espacios creativos y espect\u00e1culos musicales con la txalaparta de protagonista"}]},{"@type":"WebSite","@id":"https:\/\/www.laguiadepamplona.com\/actualidad\/#website","url":"https:\/\/www.laguiadepamplona.com\/actualidad\/","name":"La gu\u00eda de Pamplona","description":"Noticias de Pamplona","publisher":{"@id":"https:\/\/www.laguiadepamplona.com\/actualidad\/#organization"},"potentialAction":[{"@type":"SearchAction","target":{"@type":"EntryPoint","urlTemplate":"https:\/\/www.laguiadepamplona.com\/actualidad\/?s={search_term_string}"},"query-input":{"@type":"PropertyValueSpecification","valueRequired":true,"valueName":"search_term_string"}}],"inLanguage":"es"},{"@type":"Organization","@id":"https:\/\/www.laguiadepamplona.com\/actualidad\/#organization","name":"La Gu\u00eda de Pamplona \/ Noticias","url":"https:\/\/www.laguiadepamplona.com\/actualidad\/","logo":{"@type":"ImageObject","inLanguage":"es","@id":"https:\/\/www.laguiadepamplona.com\/actualidad\/#\/schema\/logo\/image\/","url":"https:\/\/www.laguiadepamplona.com\/actualidad\/wp-content\/uploads\/2018\/11\/logo-laguiadepamplona18-web1.png","contentUrl":"https:\/\/www.laguiadepamplona.com\/actualidad\/wp-content\/uploads\/2018\/11\/logo-laguiadepamplona18-web1.png","width":600,"height":196,"caption":"La Gu\u00eda de Pamplona \/ Noticias"},"image":{"@id":"https:\/\/www.laguiadepamplona.com\/actualidad\/#\/schema\/logo\/image\/"},"sameAs":["https:\/\/www.facebook.com\/laguiadepamplonacom-133175176762273\/?ref=hl","https:\/\/x.com\/LaGuiadPamplona","https:\/\/www.instagram.com\/la_guia_de_pamplona\/","https:\/\/www.youtube.com\/user\/laguiadepamplona"]},{"@type":"Person","@id":"https:\/\/www.laguiadepamplona.com\/actualidad\/#\/schema\/person\/efe887376f0213d4657c93adc50b1fdb","name":"La Gu\u00eda de Pamplona","image":{"@type":"ImageObject","inLanguage":"es","@id":"https:\/\/secure.gravatar.com\/avatar\/b6992f131dc8d30ab0dff15446e9d346d9dbd95992de0fef795073f5ea83a81c?s=96&d=mm&r=g","url":"https:\/\/secure.gravatar.com\/avatar\/b6992f131dc8d30ab0dff15446e9d346d9dbd95992de0fef795073f5ea83a81c?s=96&d=mm&r=g","contentUrl":"https:\/\/secure.gravatar.com\/avatar\/b6992f131dc8d30ab0dff15446e9d346d9dbd95992de0fef795073f5ea83a81c?s=96&d=mm&r=g","caption":"La Gu\u00eda de Pamplona"}}]}},"post_mailing_queue_ids":[],"_links":{"self":[{"href":"https:\/\/www.laguiadepamplona.com\/actualidad\/wp-json\/wp\/v2\/posts\/21836","targetHints":{"allow":["GET"]}}],"collection":[{"href":"https:\/\/www.laguiadepamplona.com\/actualidad\/wp-json\/wp\/v2\/posts"}],"about":[{"href":"https:\/\/www.laguiadepamplona.com\/actualidad\/wp-json\/wp\/v2\/types\/post"}],"author":[{"embeddable":true,"href":"https:\/\/www.laguiadepamplona.com\/actualidad\/wp-json\/wp\/v2\/users\/1"}],"replies":[{"embeddable":true,"href":"https:\/\/www.laguiadepamplona.com\/actualidad\/wp-json\/wp\/v2\/comments?post=21836"}],"version-history":[{"count":0,"href":"https:\/\/www.laguiadepamplona.com\/actualidad\/wp-json\/wp\/v2\/posts\/21836\/revisions"}],"wp:featuredmedia":[{"embeddable":true,"href":"https:\/\/www.laguiadepamplona.com\/actualidad\/wp-json\/wp\/v2\/media\/11047"}],"wp:attachment":[{"href":"https:\/\/www.laguiadepamplona.com\/actualidad\/wp-json\/wp\/v2\/media?parent=21836"}],"wp:term":[{"taxonomy":"category","embeddable":true,"href":"https:\/\/www.laguiadepamplona.com\/actualidad\/wp-json\/wp\/v2\/categories?post=21836"},{"taxonomy":"post_tag","embeddable":true,"href":"https:\/\/www.laguiadepamplona.com\/actualidad\/wp-json\/wp\/v2\/tags?post=21836"}],"curies":[{"name":"wp","href":"https:\/\/api.w.org\/{rel}","templated":true}]}}