{"id":21832,"date":"2019-05-02T17:12:42","date_gmt":"2019-05-02T15:12:42","guid":{"rendered":"https:\/\/www.laguiadepamplona.es\/actualidad\/?p=21832"},"modified":"2019-05-02T17:12:42","modified_gmt":"2019-05-02T15:12:42","slug":"teloncillo-teatro-propone-para-este-sabado-en-civivox-mendillorri-una-doble-sesion-matinal-de-la-obra-la-granja-dirigida-a-menores-de-1-a-3-anos","status":"publish","type":"post","link":"https:\/\/www.laguiadepamplona.com\/actualidad\/teloncillo-teatro-propone-para-este-sabado-en-civivox-mendillorri-una-doble-sesion-matinal-de-la-obra-la-granja-dirigida-a-menores-de-1-a-3-anos\/","title":{"rendered":"Teloncillo Teatro propone para este s\u00e1bado en Civivox Mendillorri una doble sesi\u00f3n matinal de la obra \u2018La granja\u2019, dirigida a menores de 1 a 3 a\u00f1os"},"content":{"rendered":"<p><!--more--><\/p>\n<h3>La programaci\u00f3n infantil se completa el s\u00e1bado con dos espect\u00e1culos de magia en Civivox Ensanche y Civivox Milagrosa<\/h3>\n<p>Este s\u00e1bado la red Civivox contin\u00faa con su programaci\u00f3n dirigida a p\u00fablico infantil y familiar. Civivox Mendillorri acoger\u00e1 a las 11 y a las 12.30 horas una doble sesi\u00f3n de la obra \u2018La Granja\u2019, premio FETEN 2018 al Mejor Espect\u00e1culo para la Primera Infancia, que pondr\u00e1 en escena la compa\u00f1\u00eda Teloncillo Teatro. Las entradas se venden al precio de 3 euros. Tambi\u00e9n habr\u00e1 dos espect\u00e1culos de magia, a las 12 y a las 18.30 horas, en Civivox Ensanche y Civivox Milagrosa, a cargo de la compa\u00f1\u00eda M de Magia, con entrada libre previa retirada de invitaciones.<\/p>\n<p>Maruja la granjera se levanta al cantar el gallo, se quita cuatro lega\u00f1as y se lava como un gato. El p\u00fablico pasar\u00e1 el d\u00eda en su granja, despertando a todos los animales, dando el biber\u00f3n a cuatro cerditos o curando a la vecina de Do\u00f1a Loba gracias a los cinco lobitos. Tambi\u00e9n se involucrar\u00e1 al p\u00fablico en la b\u00fasqueda de quince docenas de huevos y, con la vieja oveja Miranda, se bailar\u00e1 incluso rock and roll. La obra est\u00e1 dirigida a p\u00fablico infantil de 1 a 3 a\u00f1os. Quedan entradas \u00fanicamente para la funci\u00f3n de las 12.30 horas.<\/p>\n<p>La compa\u00f1\u00eda Teloncillo Teatro naci\u00f3 en 1975. Por aquel entonces, diversificaba su trabajo con montajes para adultos y producciones dirigidas a p\u00fablico infantil. A partir de 1996, su repertorio se ha especializado en espect\u00e1culos para menores y familiar, dirigidos a distintas edades y ciclos, tocando distintos temas y utilizando diferentes t\u00e9cnicas teatrales. Algunos de sus montajes incorporan m\u00fasica y canciones en directo; en otros el trabajo se centra s\u00f3lo en el texto y el trabajo actoral. En 2013 recibieron el Premio Nacional de Artes Esc\u00e9nicas para la Infancia y la Juventud \u201cpor la accesibilidad de sus espect\u00e1culos en los que se conjugan diferentes disciplinas esc\u00e9nicas y la reelaboraci\u00f3n de elementos tradicionales, dando como resultado propuestas honestas y coherentes\u201d. En 2015 la compa\u00f1\u00eda fue finalista en los XVIII Premios MAX de las Artes Esc\u00e9nicas.<\/p>\n<p><strong>Magia para p\u00fablico infantil y familiar<\/strong><\/p>\n<p>El s\u00e1bado tambi\u00e9n tendr\u00e1 como protagonista a la magia, con dos espect\u00e1culos que tendr\u00e1n lugar en Civivox Ensanche y Civivox Milagrosa, por la ma\u00f1ana y por la tarde, respectivamente, ambos dirigidos a p\u00fablico infantil y familiar. A las 12 horas, con entrada libre previa retirada de invitaciones, la compa\u00f1\u00eda M de Magia pondr\u00e1 en escena su espect\u00e1culo \u2018Titirimagia\u2019. El conocido titiritero y mago Rodolfo Cuentahilos est\u00e1 de visita en la ciudad. Viene a contar sus \u00faltimas historias, en las que puedes participar formando parte de ellas. Magia, cuentos y experiencias para que el p\u00fablico disfrute de un d\u00eda titiritero.<\/p>\n<p>Ya por la tarde, la misma compa\u00f1\u00eda M de Magia representar\u00e1 un espect\u00e1culo diferente en Civivox Milagrosa. En \u2018Que la magia te acompa\u00f1e\u2019 se ha detectado la aparici\u00f3n de una gran fuerza m\u00e1gica cerca del barrio de la Milagrosa. Un maestro Jedi especialista en magia se ha acercado para ver qu\u00e9 pasa. Seguramente el maestro necesite ayuda y sean quienes asistan al espect\u00e1culo lo que le deben ayudar y vivir con \u00e9l una experiencia m\u00e1gica en grupo. La funci\u00f3n comenzar\u00e1 a las 18.30 horas, con entrada libre previa retirada de invitaciones desde una hora antes.<\/p>\n<p>&nbsp;<\/p>\n<p>&nbsp;<\/p>\n<p><strong>Red Civivox. Actividades para p\u00fablico infantil y familiar. S\u00e1bado 4 de mayo<\/strong><\/p>\n<p><span style=\"color: #ff0000;\"><strong>TEATRO PARA BEB\u00c9S<\/strong><\/span><\/p>\n<ul>\n<li><span style=\"color: #ff0000;\"><strong>La granja. Teloncillo teatro<\/strong><\/span><\/li>\n<li><strong>Para menores de 1 a 3 a\u00f1os<\/strong><\/li>\n<li><strong>Civivox Mendillorri. 11 y 12.30 horas. Entrada: 3 euros por persona (m\u00e1ximo 1 persona adulta con cada beb\u00e9)<\/strong><\/li>\n<\/ul>\n<p>&nbsp;<\/p>\n<p><span style=\"color: #ff0000;\"><strong>MAGIA<\/strong><\/span><\/p>\n<ul>\n<li><span style=\"color: #ff0000;\"><strong> Compa\u00f1\u00eda M de Magia<\/strong><\/span><\/li>\n<li><strong>Para p\u00fablico infantil y familiar<\/strong><\/li>\n<li><strong>Civivox Ensanche. 12 horas. Entrada libre, previa retirada de invitaci\u00f3n desde una hora antes (m\u00e1ximo dos por persona)<\/strong><\/li>\n<\/ul>\n<p>&nbsp;<\/p>\n<p><span style=\"color: #ff0000;\"><strong>MAGIA<\/strong><\/span><\/p>\n<ul>\n<li><span style=\"color: #ff0000;\"><strong>Que la magia te acompa\u00f1e. Compa\u00f1\u00eda M de Magia<\/strong><\/span><\/li>\n<li><strong>Para p\u00fablico infantil y familiar<\/strong><\/li>\n<li><strong>Civivox Milagrosa. .30 horas. Entrada libre, previa retirada de invitaci\u00f3n desde una hora antes (m\u00e1ximo dos por persona)<\/strong><\/li>\n<\/ul>\n<p>&nbsp;<\/p>\n","protected":false},"excerpt":{"rendered":"","protected":false},"author":1,"featured_media":11011,"comment_status":"open","ping_status":"closed","sticky":false,"template":"","format":"standard","meta":{"footnotes":""},"categories":[2],"tags":[],"class_list":["post-21832","post","type-post","status-publish","format-standard","has-post-thumbnail","hentry","category-ayuntamiento-pamplona"],"yoast_head":"<!-- This site is optimized with the Yoast SEO plugin v27.5 - https:\/\/yoast.com\/product\/yoast-seo-wordpress\/ -->\n<title>Teloncillo Teatro propone para este s\u00e1bado en Civivox Mendillorri una doble sesi\u00f3n matinal de la obra \u2018La granja\u2019, dirigida a menores de 1 a 3 a\u00f1os<\/title>\n<meta name=\"robots\" content=\"index, follow, max-snippet:-1, max-image-preview:large, max-video-preview:-1\" \/>\n<link rel=\"canonical\" href=\"https:\/\/www.laguiadepamplona.com\/actualidad\/teloncillo-teatro-propone-para-este-sabado-en-civivox-mendillorri-una-doble-sesion-matinal-de-la-obra-la-granja-dirigida-a-menores-de-1-a-3-anos\/\" \/>\n<meta property=\"og:locale\" content=\"es_ES\" \/>\n<meta property=\"og:type\" content=\"article\" \/>\n<meta property=\"og:title\" content=\"Teloncillo Teatro propone para este s\u00e1bado en Civivox Mendillorri una doble sesi\u00f3n matinal de la obra \u2018La granja\u2019, dirigida a menores de 1 a 3 a\u00f1os\" \/>\n<meta property=\"og:url\" content=\"https:\/\/www.laguiadepamplona.com\/actualidad\/teloncillo-teatro-propone-para-este-sabado-en-civivox-mendillorri-una-doble-sesion-matinal-de-la-obra-la-granja-dirigida-a-menores-de-1-a-3-anos\/\" \/>\n<meta property=\"og:site_name\" content=\"La Gu\u00eda de Pamplona\" \/>\n<meta property=\"article:publisher\" content=\"https:\/\/www.facebook.com\/laguiadepamplonacom-133175176762273\/?ref=hl\" \/>\n<meta property=\"article:published_time\" content=\"2019-05-02T15:12:42+00:00\" \/>\n<meta property=\"og:image\" content=\"https:\/\/www.laguiadepamplona.com\/actualidad\/wp-content\/uploads\/2016\/12\/civivox-mendillorri.jpg\" \/>\n\t<meta property=\"og:image:width\" content=\"870\" \/>\n\t<meta property=\"og:image:height\" content=\"390\" \/>\n\t<meta property=\"og:image:type\" content=\"image\/jpeg\" \/>\n<meta name=\"author\" content=\"La Gu\u00eda de Pamplona\" \/>\n<meta name=\"twitter:card\" content=\"summary_large_image\" \/>\n<meta name=\"twitter:creator\" content=\"@LaGuiadPamplona\" \/>\n<meta name=\"twitter:site\" content=\"@LaGuiadPamplona\" \/>\n<meta name=\"twitter:label1\" content=\"Escrito por\" \/>\n\t<meta name=\"twitter:data1\" content=\"La Gu\u00eda de Pamplona\" \/>\n\t<meta name=\"twitter:label2\" content=\"Tiempo de lectura\" \/>\n\t<meta name=\"twitter:data2\" content=\"4 minutos\" \/>\n<script type=\"application\/ld+json\" class=\"yoast-schema-graph\">{\"@context\":\"https:\\\/\\\/schema.org\",\"@graph\":[{\"@type\":\"Article\",\"@id\":\"https:\\\/\\\/www.laguiadepamplona.com\\\/actualidad\\\/teloncillo-teatro-propone-para-este-sabado-en-civivox-mendillorri-una-doble-sesion-matinal-de-la-obra-la-granja-dirigida-a-menores-de-1-a-3-anos\\\/#article\",\"isPartOf\":{\"@id\":\"https:\\\/\\\/www.laguiadepamplona.com\\\/actualidad\\\/teloncillo-teatro-propone-para-este-sabado-en-civivox-mendillorri-una-doble-sesion-matinal-de-la-obra-la-granja-dirigida-a-menores-de-1-a-3-anos\\\/\"},\"author\":{\"name\":\"La Gu\u00eda de Pamplona\",\"@id\":\"https:\\\/\\\/www.laguiadepamplona.com\\\/actualidad\\\/#\\\/schema\\\/person\\\/efe887376f0213d4657c93adc50b1fdb\"},\"headline\":\"Teloncillo Teatro propone para este s\u00e1bado en Civivox Mendillorri una doble sesi\u00f3n matinal de la obra \u2018La granja\u2019, dirigida a menores de 1 a 3 a\u00f1os\",\"datePublished\":\"2019-05-02T15:12:42+00:00\",\"mainEntityOfPage\":{\"@id\":\"https:\\\/\\\/www.laguiadepamplona.com\\\/actualidad\\\/teloncillo-teatro-propone-para-este-sabado-en-civivox-mendillorri-una-doble-sesion-matinal-de-la-obra-la-granja-dirigida-a-menores-de-1-a-3-anos\\\/\"},\"wordCount\":727,\"commentCount\":0,\"publisher\":{\"@id\":\"https:\\\/\\\/www.laguiadepamplona.com\\\/actualidad\\\/#organization\"},\"image\":{\"@id\":\"https:\\\/\\\/www.laguiadepamplona.com\\\/actualidad\\\/teloncillo-teatro-propone-para-este-sabado-en-civivox-mendillorri-una-doble-sesion-matinal-de-la-obra-la-granja-dirigida-a-menores-de-1-a-3-anos\\\/#primaryimage\"},\"thumbnailUrl\":\"https:\\\/\\\/www.laguiadepamplona.com\\\/actualidad\\\/wp-content\\\/uploads\\\/2016\\\/12\\\/civivox-mendillorri.jpg\",\"articleSection\":[\"Ayto Pamplona\"],\"inLanguage\":\"es\",\"potentialAction\":[{\"@type\":\"CommentAction\",\"name\":\"Comment\",\"target\":[\"https:\\\/\\\/www.laguiadepamplona.com\\\/actualidad\\\/teloncillo-teatro-propone-para-este-sabado-en-civivox-mendillorri-una-doble-sesion-matinal-de-la-obra-la-granja-dirigida-a-menores-de-1-a-3-anos\\\/#respond\"]}]},{\"@type\":\"WebPage\",\"@id\":\"https:\\\/\\\/www.laguiadepamplona.com\\\/actualidad\\\/teloncillo-teatro-propone-para-este-sabado-en-civivox-mendillorri-una-doble-sesion-matinal-de-la-obra-la-granja-dirigida-a-menores-de-1-a-3-anos\\\/\",\"url\":\"https:\\\/\\\/www.laguiadepamplona.com\\\/actualidad\\\/teloncillo-teatro-propone-para-este-sabado-en-civivox-mendillorri-una-doble-sesion-matinal-de-la-obra-la-granja-dirigida-a-menores-de-1-a-3-anos\\\/\",\"name\":\"Teloncillo Teatro propone para este s\u00e1bado en Civivox Mendillorri una doble sesi\u00f3n matinal de la obra \u2018La granja\u2019, dirigida a menores de 1 a 3 a\u00f1os\",\"isPartOf\":{\"@id\":\"https:\\\/\\\/www.laguiadepamplona.com\\\/actualidad\\\/#website\"},\"primaryImageOfPage\":{\"@id\":\"https:\\\/\\\/www.laguiadepamplona.com\\\/actualidad\\\/teloncillo-teatro-propone-para-este-sabado-en-civivox-mendillorri-una-doble-sesion-matinal-de-la-obra-la-granja-dirigida-a-menores-de-1-a-3-anos\\\/#primaryimage\"},\"image\":{\"@id\":\"https:\\\/\\\/www.laguiadepamplona.com\\\/actualidad\\\/teloncillo-teatro-propone-para-este-sabado-en-civivox-mendillorri-una-doble-sesion-matinal-de-la-obra-la-granja-dirigida-a-menores-de-1-a-3-anos\\\/#primaryimage\"},\"thumbnailUrl\":\"https:\\\/\\\/www.laguiadepamplona.com\\\/actualidad\\\/wp-content\\\/uploads\\\/2016\\\/12\\\/civivox-mendillorri.jpg\",\"datePublished\":\"2019-05-02T15:12:42+00:00\",\"breadcrumb\":{\"@id\":\"https:\\\/\\\/www.laguiadepamplona.com\\\/actualidad\\\/teloncillo-teatro-propone-para-este-sabado-en-civivox-mendillorri-una-doble-sesion-matinal-de-la-obra-la-granja-dirigida-a-menores-de-1-a-3-anos\\\/#breadcrumb\"},\"inLanguage\":\"es\",\"potentialAction\":[{\"@type\":\"ReadAction\",\"target\":[\"https:\\\/\\\/www.laguiadepamplona.com\\\/actualidad\\\/teloncillo-teatro-propone-para-este-sabado-en-civivox-mendillorri-una-doble-sesion-matinal-de-la-obra-la-granja-dirigida-a-menores-de-1-a-3-anos\\\/\"]}]},{\"@type\":\"ImageObject\",\"inLanguage\":\"es\",\"@id\":\"https:\\\/\\\/www.laguiadepamplona.com\\\/actualidad\\\/teloncillo-teatro-propone-para-este-sabado-en-civivox-mendillorri-una-doble-sesion-matinal-de-la-obra-la-granja-dirigida-a-menores-de-1-a-3-anos\\\/#primaryimage\",\"url\":\"https:\\\/\\\/www.laguiadepamplona.com\\\/actualidad\\\/wp-content\\\/uploads\\\/2016\\\/12\\\/civivox-mendillorri.jpg\",\"contentUrl\":\"https:\\\/\\\/www.laguiadepamplona.com\\\/actualidad\\\/wp-content\\\/uploads\\\/2016\\\/12\\\/civivox-mendillorri.jpg\",\"width\":870,\"height\":390},{\"@type\":\"BreadcrumbList\",\"@id\":\"https:\\\/\\\/www.laguiadepamplona.com\\\/actualidad\\\/teloncillo-teatro-propone-para-este-sabado-en-civivox-mendillorri-una-doble-sesion-matinal-de-la-obra-la-granja-dirigida-a-menores-de-1-a-3-anos\\\/#breadcrumb\",\"itemListElement\":[{\"@type\":\"ListItem\",\"position\":1,\"name\":\"Portada\",\"item\":\"https:\\\/\\\/www.laguiadepamplona.com\\\/actualidad\\\/\"},{\"@type\":\"ListItem\",\"position\":2,\"name\":\"Teloncillo Teatro propone para este s\u00e1bado en Civivox Mendillorri una doble sesi\u00f3n matinal de la obra \u2018La granja\u2019, dirigida a menores de 1 a 3 a\u00f1os\"}]},{\"@type\":\"WebSite\",\"@id\":\"https:\\\/\\\/www.laguiadepamplona.com\\\/actualidad\\\/#website\",\"url\":\"https:\\\/\\\/www.laguiadepamplona.com\\\/actualidad\\\/\",\"name\":\"La gu\u00eda de Pamplona\",\"description\":\"Noticias de Pamplona\",\"publisher\":{\"@id\":\"https:\\\/\\\/www.laguiadepamplona.com\\\/actualidad\\\/#organization\"},\"potentialAction\":[{\"@type\":\"SearchAction\",\"target\":{\"@type\":\"EntryPoint\",\"urlTemplate\":\"https:\\\/\\\/www.laguiadepamplona.com\\\/actualidad\\\/?s={search_term_string}\"},\"query-input\":{\"@type\":\"PropertyValueSpecification\",\"valueRequired\":true,\"valueName\":\"search_term_string\"}}],\"inLanguage\":\"es\"},{\"@type\":\"Organization\",\"@id\":\"https:\\\/\\\/www.laguiadepamplona.com\\\/actualidad\\\/#organization\",\"name\":\"La Gu\u00eda de Pamplona \\\/ Noticias\",\"url\":\"https:\\\/\\\/www.laguiadepamplona.com\\\/actualidad\\\/\",\"logo\":{\"@type\":\"ImageObject\",\"inLanguage\":\"es\",\"@id\":\"https:\\\/\\\/www.laguiadepamplona.com\\\/actualidad\\\/#\\\/schema\\\/logo\\\/image\\\/\",\"url\":\"https:\\\/\\\/www.laguiadepamplona.com\\\/actualidad\\\/wp-content\\\/uploads\\\/2018\\\/11\\\/logo-laguiadepamplona18-web1.png\",\"contentUrl\":\"https:\\\/\\\/www.laguiadepamplona.com\\\/actualidad\\\/wp-content\\\/uploads\\\/2018\\\/11\\\/logo-laguiadepamplona18-web1.png\",\"width\":600,\"height\":196,\"caption\":\"La Gu\u00eda de Pamplona \\\/ Noticias\"},\"image\":{\"@id\":\"https:\\\/\\\/www.laguiadepamplona.com\\\/actualidad\\\/#\\\/schema\\\/logo\\\/image\\\/\"},\"sameAs\":[\"https:\\\/\\\/www.facebook.com\\\/laguiadepamplonacom-133175176762273\\\/?ref=hl\",\"https:\\\/\\\/x.com\\\/LaGuiadPamplona\",\"https:\\\/\\\/www.instagram.com\\\/la_guia_de_pamplona\\\/\",\"https:\\\/\\\/www.youtube.com\\\/user\\\/laguiadepamplona\"]},{\"@type\":\"Person\",\"@id\":\"https:\\\/\\\/www.laguiadepamplona.com\\\/actualidad\\\/#\\\/schema\\\/person\\\/efe887376f0213d4657c93adc50b1fdb\",\"name\":\"La Gu\u00eda de Pamplona\",\"image\":{\"@type\":\"ImageObject\",\"inLanguage\":\"es\",\"@id\":\"https:\\\/\\\/secure.gravatar.com\\\/avatar\\\/b6992f131dc8d30ab0dff15446e9d346d9dbd95992de0fef795073f5ea83a81c?s=96&d=mm&r=g\",\"url\":\"https:\\\/\\\/secure.gravatar.com\\\/avatar\\\/b6992f131dc8d30ab0dff15446e9d346d9dbd95992de0fef795073f5ea83a81c?s=96&d=mm&r=g\",\"contentUrl\":\"https:\\\/\\\/secure.gravatar.com\\\/avatar\\\/b6992f131dc8d30ab0dff15446e9d346d9dbd95992de0fef795073f5ea83a81c?s=96&d=mm&r=g\",\"caption\":\"La Gu\u00eda de Pamplona\"}}]}<\/script>\n<!-- \/ Yoast SEO plugin. -->","yoast_head_json":{"title":"Teloncillo Teatro propone para este s\u00e1bado en Civivox Mendillorri una doble sesi\u00f3n matinal de la obra \u2018La granja\u2019, dirigida a menores de 1 a 3 a\u00f1os","robots":{"index":"index","follow":"follow","max-snippet":"max-snippet:-1","max-image-preview":"max-image-preview:large","max-video-preview":"max-video-preview:-1"},"canonical":"https:\/\/www.laguiadepamplona.com\/actualidad\/teloncillo-teatro-propone-para-este-sabado-en-civivox-mendillorri-una-doble-sesion-matinal-de-la-obra-la-granja-dirigida-a-menores-de-1-a-3-anos\/","og_locale":"es_ES","og_type":"article","og_title":"Teloncillo Teatro propone para este s\u00e1bado en Civivox Mendillorri una doble sesi\u00f3n matinal de la obra \u2018La granja\u2019, dirigida a menores de 1 a 3 a\u00f1os","og_url":"https:\/\/www.laguiadepamplona.com\/actualidad\/teloncillo-teatro-propone-para-este-sabado-en-civivox-mendillorri-una-doble-sesion-matinal-de-la-obra-la-granja-dirigida-a-menores-de-1-a-3-anos\/","og_site_name":"La Gu\u00eda de Pamplona","article_publisher":"https:\/\/www.facebook.com\/laguiadepamplonacom-133175176762273\/?ref=hl","article_published_time":"2019-05-02T15:12:42+00:00","og_image":[{"width":870,"height":390,"url":"https:\/\/www.laguiadepamplona.com\/actualidad\/wp-content\/uploads\/2016\/12\/civivox-mendillorri.jpg","type":"image\/jpeg"}],"author":"La Gu\u00eda de Pamplona","twitter_card":"summary_large_image","twitter_creator":"@LaGuiadPamplona","twitter_site":"@LaGuiadPamplona","twitter_misc":{"Escrito por":"La Gu\u00eda de Pamplona","Tiempo de lectura":"4 minutos"},"schema":{"@context":"https:\/\/schema.org","@graph":[{"@type":"Article","@id":"https:\/\/www.laguiadepamplona.com\/actualidad\/teloncillo-teatro-propone-para-este-sabado-en-civivox-mendillorri-una-doble-sesion-matinal-de-la-obra-la-granja-dirigida-a-menores-de-1-a-3-anos\/#article","isPartOf":{"@id":"https:\/\/www.laguiadepamplona.com\/actualidad\/teloncillo-teatro-propone-para-este-sabado-en-civivox-mendillorri-una-doble-sesion-matinal-de-la-obra-la-granja-dirigida-a-menores-de-1-a-3-anos\/"},"author":{"name":"La Gu\u00eda de Pamplona","@id":"https:\/\/www.laguiadepamplona.com\/actualidad\/#\/schema\/person\/efe887376f0213d4657c93adc50b1fdb"},"headline":"Teloncillo Teatro propone para este s\u00e1bado en Civivox Mendillorri una doble sesi\u00f3n matinal de la obra \u2018La granja\u2019, dirigida a menores de 1 a 3 a\u00f1os","datePublished":"2019-05-02T15:12:42+00:00","mainEntityOfPage":{"@id":"https:\/\/www.laguiadepamplona.com\/actualidad\/teloncillo-teatro-propone-para-este-sabado-en-civivox-mendillorri-una-doble-sesion-matinal-de-la-obra-la-granja-dirigida-a-menores-de-1-a-3-anos\/"},"wordCount":727,"commentCount":0,"publisher":{"@id":"https:\/\/www.laguiadepamplona.com\/actualidad\/#organization"},"image":{"@id":"https:\/\/www.laguiadepamplona.com\/actualidad\/teloncillo-teatro-propone-para-este-sabado-en-civivox-mendillorri-una-doble-sesion-matinal-de-la-obra-la-granja-dirigida-a-menores-de-1-a-3-anos\/#primaryimage"},"thumbnailUrl":"https:\/\/www.laguiadepamplona.com\/actualidad\/wp-content\/uploads\/2016\/12\/civivox-mendillorri.jpg","articleSection":["Ayto Pamplona"],"inLanguage":"es","potentialAction":[{"@type":"CommentAction","name":"Comment","target":["https:\/\/www.laguiadepamplona.com\/actualidad\/teloncillo-teatro-propone-para-este-sabado-en-civivox-mendillorri-una-doble-sesion-matinal-de-la-obra-la-granja-dirigida-a-menores-de-1-a-3-anos\/#respond"]}]},{"@type":"WebPage","@id":"https:\/\/www.laguiadepamplona.com\/actualidad\/teloncillo-teatro-propone-para-este-sabado-en-civivox-mendillorri-una-doble-sesion-matinal-de-la-obra-la-granja-dirigida-a-menores-de-1-a-3-anos\/","url":"https:\/\/www.laguiadepamplona.com\/actualidad\/teloncillo-teatro-propone-para-este-sabado-en-civivox-mendillorri-una-doble-sesion-matinal-de-la-obra-la-granja-dirigida-a-menores-de-1-a-3-anos\/","name":"Teloncillo Teatro propone para este s\u00e1bado en Civivox Mendillorri una doble sesi\u00f3n matinal de la obra \u2018La granja\u2019, dirigida a menores de 1 a 3 a\u00f1os","isPartOf":{"@id":"https:\/\/www.laguiadepamplona.com\/actualidad\/#website"},"primaryImageOfPage":{"@id":"https:\/\/www.laguiadepamplona.com\/actualidad\/teloncillo-teatro-propone-para-este-sabado-en-civivox-mendillorri-una-doble-sesion-matinal-de-la-obra-la-granja-dirigida-a-menores-de-1-a-3-anos\/#primaryimage"},"image":{"@id":"https:\/\/www.laguiadepamplona.com\/actualidad\/teloncillo-teatro-propone-para-este-sabado-en-civivox-mendillorri-una-doble-sesion-matinal-de-la-obra-la-granja-dirigida-a-menores-de-1-a-3-anos\/#primaryimage"},"thumbnailUrl":"https:\/\/www.laguiadepamplona.com\/actualidad\/wp-content\/uploads\/2016\/12\/civivox-mendillorri.jpg","datePublished":"2019-05-02T15:12:42+00:00","breadcrumb":{"@id":"https:\/\/www.laguiadepamplona.com\/actualidad\/teloncillo-teatro-propone-para-este-sabado-en-civivox-mendillorri-una-doble-sesion-matinal-de-la-obra-la-granja-dirigida-a-menores-de-1-a-3-anos\/#breadcrumb"},"inLanguage":"es","potentialAction":[{"@type":"ReadAction","target":["https:\/\/www.laguiadepamplona.com\/actualidad\/teloncillo-teatro-propone-para-este-sabado-en-civivox-mendillorri-una-doble-sesion-matinal-de-la-obra-la-granja-dirigida-a-menores-de-1-a-3-anos\/"]}]},{"@type":"ImageObject","inLanguage":"es","@id":"https:\/\/www.laguiadepamplona.com\/actualidad\/teloncillo-teatro-propone-para-este-sabado-en-civivox-mendillorri-una-doble-sesion-matinal-de-la-obra-la-granja-dirigida-a-menores-de-1-a-3-anos\/#primaryimage","url":"https:\/\/www.laguiadepamplona.com\/actualidad\/wp-content\/uploads\/2016\/12\/civivox-mendillorri.jpg","contentUrl":"https:\/\/www.laguiadepamplona.com\/actualidad\/wp-content\/uploads\/2016\/12\/civivox-mendillorri.jpg","width":870,"height":390},{"@type":"BreadcrumbList","@id":"https:\/\/www.laguiadepamplona.com\/actualidad\/teloncillo-teatro-propone-para-este-sabado-en-civivox-mendillorri-una-doble-sesion-matinal-de-la-obra-la-granja-dirigida-a-menores-de-1-a-3-anos\/#breadcrumb","itemListElement":[{"@type":"ListItem","position":1,"name":"Portada","item":"https:\/\/www.laguiadepamplona.com\/actualidad\/"},{"@type":"ListItem","position":2,"name":"Teloncillo Teatro propone para este s\u00e1bado en Civivox Mendillorri una doble sesi\u00f3n matinal de la obra \u2018La granja\u2019, dirigida a menores de 1 a 3 a\u00f1os"}]},{"@type":"WebSite","@id":"https:\/\/www.laguiadepamplona.com\/actualidad\/#website","url":"https:\/\/www.laguiadepamplona.com\/actualidad\/","name":"La gu\u00eda de Pamplona","description":"Noticias de Pamplona","publisher":{"@id":"https:\/\/www.laguiadepamplona.com\/actualidad\/#organization"},"potentialAction":[{"@type":"SearchAction","target":{"@type":"EntryPoint","urlTemplate":"https:\/\/www.laguiadepamplona.com\/actualidad\/?s={search_term_string}"},"query-input":{"@type":"PropertyValueSpecification","valueRequired":true,"valueName":"search_term_string"}}],"inLanguage":"es"},{"@type":"Organization","@id":"https:\/\/www.laguiadepamplona.com\/actualidad\/#organization","name":"La Gu\u00eda de Pamplona \/ Noticias","url":"https:\/\/www.laguiadepamplona.com\/actualidad\/","logo":{"@type":"ImageObject","inLanguage":"es","@id":"https:\/\/www.laguiadepamplona.com\/actualidad\/#\/schema\/logo\/image\/","url":"https:\/\/www.laguiadepamplona.com\/actualidad\/wp-content\/uploads\/2018\/11\/logo-laguiadepamplona18-web1.png","contentUrl":"https:\/\/www.laguiadepamplona.com\/actualidad\/wp-content\/uploads\/2018\/11\/logo-laguiadepamplona18-web1.png","width":600,"height":196,"caption":"La Gu\u00eda de Pamplona \/ Noticias"},"image":{"@id":"https:\/\/www.laguiadepamplona.com\/actualidad\/#\/schema\/logo\/image\/"},"sameAs":["https:\/\/www.facebook.com\/laguiadepamplonacom-133175176762273\/?ref=hl","https:\/\/x.com\/LaGuiadPamplona","https:\/\/www.instagram.com\/la_guia_de_pamplona\/","https:\/\/www.youtube.com\/user\/laguiadepamplona"]},{"@type":"Person","@id":"https:\/\/www.laguiadepamplona.com\/actualidad\/#\/schema\/person\/efe887376f0213d4657c93adc50b1fdb","name":"La Gu\u00eda de Pamplona","image":{"@type":"ImageObject","inLanguage":"es","@id":"https:\/\/secure.gravatar.com\/avatar\/b6992f131dc8d30ab0dff15446e9d346d9dbd95992de0fef795073f5ea83a81c?s=96&d=mm&r=g","url":"https:\/\/secure.gravatar.com\/avatar\/b6992f131dc8d30ab0dff15446e9d346d9dbd95992de0fef795073f5ea83a81c?s=96&d=mm&r=g","contentUrl":"https:\/\/secure.gravatar.com\/avatar\/b6992f131dc8d30ab0dff15446e9d346d9dbd95992de0fef795073f5ea83a81c?s=96&d=mm&r=g","caption":"La Gu\u00eda de Pamplona"}}]}},"post_mailing_queue_ids":[],"_links":{"self":[{"href":"https:\/\/www.laguiadepamplona.com\/actualidad\/wp-json\/wp\/v2\/posts\/21832","targetHints":{"allow":["GET"]}}],"collection":[{"href":"https:\/\/www.laguiadepamplona.com\/actualidad\/wp-json\/wp\/v2\/posts"}],"about":[{"href":"https:\/\/www.laguiadepamplona.com\/actualidad\/wp-json\/wp\/v2\/types\/post"}],"author":[{"embeddable":true,"href":"https:\/\/www.laguiadepamplona.com\/actualidad\/wp-json\/wp\/v2\/users\/1"}],"replies":[{"embeddable":true,"href":"https:\/\/www.laguiadepamplona.com\/actualidad\/wp-json\/wp\/v2\/comments?post=21832"}],"version-history":[{"count":0,"href":"https:\/\/www.laguiadepamplona.com\/actualidad\/wp-json\/wp\/v2\/posts\/21832\/revisions"}],"wp:featuredmedia":[{"embeddable":true,"href":"https:\/\/www.laguiadepamplona.com\/actualidad\/wp-json\/wp\/v2\/media\/11011"}],"wp:attachment":[{"href":"https:\/\/www.laguiadepamplona.com\/actualidad\/wp-json\/wp\/v2\/media?parent=21832"}],"wp:term":[{"taxonomy":"category","embeddable":true,"href":"https:\/\/www.laguiadepamplona.com\/actualidad\/wp-json\/wp\/v2\/categories?post=21832"},{"taxonomy":"post_tag","embeddable":true,"href":"https:\/\/www.laguiadepamplona.com\/actualidad\/wp-json\/wp\/v2\/tags?post=21832"}],"curies":[{"name":"wp","href":"https:\/\/api.w.org\/{rel}","templated":true}]}}