{"id":2174,"date":"2014-06-27T10:54:14","date_gmt":"2014-06-27T10:54:14","guid":{"rendered":"http:\/\/laguiadepamplona.com\/actualidad\/?p=2174"},"modified":"2014-06-27T10:54:14","modified_gmt":"2014-06-27T10:54:14","slug":"delegadas-las-presidencias-de-los-festejos-taurinos-de-la-feria-del-toro-de-san-fermin-2014","status":"publish","type":"post","link":"https:\/\/www.laguiadepamplona.com\/actualidad\/delegadas-las-presidencias-de-los-festejos-taurinos-de-la-feria-del-toro-de-san-fermin-2014\/","title":{"rendered":"Delegadas las presidencias de los festejos taurinos de la Feria del Toro de San Ferm\u00edn 2014"},"content":{"rendered":"<p><a href=\"http:\/\/laguiadepamplona.com\/actualidad\/wp-content\/uploads\/2014\/06\/cartel_feria_del_Toro_2014.jpg\"><img loading=\"lazy\" decoding=\"async\" class=\"alignleft size-medium wp-image-2175\" src=\"http:\/\/laguiadepamplona.com\/actualidad\/wp-content\/uploads\/2014\/06\/cartel_feria_del_Toro_2014-210x300.jpg\" alt=\"cartel_feria_del_Toro_2014\" width=\"210\" height=\"300\" \/><\/a>El alcalde de Pamplona, Enrique Maya, ha aprobado la resoluci\u00f3n en la que delega siete de las ocho presidencias de las corridas de toros de fiestas, as\u00ed como la presidencia de la novillada y la corrida de rejones. Como es tradici\u00f3n, el propio alcalde presidir\u00e1 la corrida de toros del 7 de julio, festividad de San Ferm\u00edn. Tres concejales de UPN, dos de Nafarroa Bai, uno de PSN y uno del PP presidir\u00e1n los festejos de la Feria del Toro de los pr\u00f3ximos Sanfermines.<\/p>\n<p>El martes 8 de julio presidir\u00e1 la corrida, con toros de Dolores Aguirre, Gabriel Viedam (UPN); el mi\u00e9rcoles 9, con astados de Victoriano del R\u00edo, ser\u00e1 el turno de Javier Leoz (Nabai); el jueves 10 presidir\u00e1 Eduardo Vall (PSN) y protagonizar\u00e1n la corrido los toros de Garcigrande \u2013 Domingo Hern\u00e1ndez. El viernes 11 de julio, con toros de Jandilla, la corrida contar\u00e1 con la presidencia de Cristina Sanz (PP). El s\u00e1bado 12, con astados de Fuente Ymbro, presidir\u00e1 Ana Elizalde (UPN); el domingo 13 sera el turno de I\u00f1aki Cabas\u00e9s (Nabai) que ser\u00e1 el encargado de repartir los trofeos que los toreros logren de los toros de Adolfo Mart\u00edn. Por \u00faltimo, Juan Jos\u00e9 Echeverr\u00eda (UPN) presidir\u00e1 el \u00faltimo festejo, con toros de Miura el lunes 14 de julio. La presidencia de la novillada del d\u00eda 5, que comenzar\u00e1 a las 20 horas, la ejercer\u00e1 Juan Ignacio Ganuza Senosi\u00e1in y la de la corrida de rejones del 6 de julio, a las 18.30 horas, Pedro Ba\u00f1ales Leoz.<\/p>\n<p>La labor de la presidencia en una corrida de toros consiste en dar inicio al espect\u00e1culo, en dar los avisos a los diestros o en decidir, en los casos en los que haya devoluciones de toros o en los que se plantee la suspensi\u00f3n de las corridas por eventos climatol\u00f3gicos. Asimismo, dirigen la celebraci\u00f3n a trav\u00e9s del uso de pa\u00f1uelos de colores (blanco para iniciarla, verde para devolver las reses al corral, rojos para las banderillas negras, azul para que el toro de la vuelta al ruedo o naranja para indultar al morlaco). Tambi\u00e9n deciden sobre los cambios de tercio, la concesi\u00f3n de trofeos y, en definitiva, sobre todos los extremos necesarios para el buen desarrollo del espect\u00e1culo taurino. Los presidentes cuentan con asesores taurinos para la toma de decisiones.<\/p>\n<p>&nbsp;<\/p>\n<p><strong>Presidencias Feria del Toro 2014<\/strong><\/p>\n<ul>\n<li><strong>D\u00eda 5: <\/strong>Juan Ignacio Ganuza Senosi\u00e1in<\/li>\n<li><strong>D\u00eda 6: <\/strong>Pedro Ba\u00f1ales Leoz<\/li>\n<li><strong>D\u00eda 7: <\/strong>Enrique Maya (UPN)<\/li>\n<li><strong>D\u00eda 8: <\/strong>Gabriel Viedma (UPN)<\/li>\n<li><strong>D\u00eda 9: <\/strong>Javier Leoz (Nabai)<\/li>\n<li><strong>D\u00eda 10: <\/strong>Eduardo Vall (PSN)<\/li>\n<li><strong>D\u00eda 11: <\/strong>Cristina Sanz (PP)<\/li>\n<li><strong>D\u00eda 12: <\/strong>Ana Elizalde (UPN)<\/li>\n<li><strong>D\u00eda 13: <\/strong>I\u00f1aki Cabas\u00e9s (Nabai)<\/li>\n<li><strong>D\u00eda 14: <\/strong>Juan Jos\u00e9 Echeverr\u00eda (UPN)<\/li>\n<\/ul>\n<p>&nbsp;<\/p>\n","protected":false},"excerpt":{"rendered":"<p>El alcalde de Pamplona, Enrique Maya, ha aprobado la resoluci\u00f3n en la que delega siete de las ocho presidencias de las corridas de toros de fiestas, as\u00ed como la presidencia&#8230;<\/p>\n","protected":false},"author":1,"featured_media":2175,"comment_status":"open","ping_status":"open","sticky":false,"template":"","format":"standard","meta":{"footnotes":""},"categories":[2],"tags":[5,6,509,1802,1803,8,9,315,1804],"class_list":["post-2174","post","type-post","status-publish","format-standard","has-post-thumbnail","hentry","category-ayuntamiento-pamplona","tag-actualidad","tag-ayto-pamplona","tag-ayuntamiento-de-pamplona","tag-feria-del-toro","tag-festejos","tag-noticias","tag-pamplona","tag-san-fermin-2014","tag-taurinos"],"yoast_head":"<!-- This site is optimized with the Yoast SEO plugin v27.5 - https:\/\/yoast.com\/product\/yoast-seo-wordpress\/ -->\n<title>Delegadas las presidencias de los festejos taurinos de la Feria del Toro de San Ferm\u00edn 2014<\/title>\n<meta name=\"robots\" content=\"index, follow, max-snippet:-1, max-image-preview:large, max-video-preview:-1\" \/>\n<link rel=\"canonical\" href=\"https:\/\/www.laguiadepamplona.com\/actualidad\/delegadas-las-presidencias-de-los-festejos-taurinos-de-la-feria-del-toro-de-san-fermin-2014\/\" \/>\n<meta property=\"og:locale\" content=\"es_ES\" \/>\n<meta property=\"og:type\" content=\"article\" \/>\n<meta property=\"og:title\" content=\"Delegadas las presidencias de los festejos taurinos de la Feria del Toro de San Ferm\u00edn 2014\" \/>\n<meta property=\"og:description\" content=\"El alcalde de Pamplona, Enrique Maya, ha aprobado la resoluci\u00f3n en la que delega siete de las ocho presidencias de las corridas de toros de fiestas, as\u00ed como la presidencia...\" \/>\n<meta property=\"og:url\" content=\"https:\/\/www.laguiadepamplona.com\/actualidad\/delegadas-las-presidencias-de-los-festejos-taurinos-de-la-feria-del-toro-de-san-fermin-2014\/\" \/>\n<meta property=\"og:site_name\" content=\"La Gu\u00eda de Pamplona\" \/>\n<meta property=\"article:publisher\" content=\"https:\/\/www.facebook.com\/laguiadepamplonacom-133175176762273\/?ref=hl\" \/>\n<meta property=\"article:published_time\" content=\"2014-06-27T10:54:14+00:00\" \/>\n<meta name=\"author\" content=\"La Gu\u00eda de Pamplona\" \/>\n<meta name=\"twitter:card\" content=\"summary_large_image\" \/>\n<meta name=\"twitter:creator\" content=\"@LaGuiadPamplona\" \/>\n<meta name=\"twitter:site\" content=\"@LaGuiadPamplona\" \/>\n<meta name=\"twitter:label1\" content=\"Escrito por\" \/>\n\t<meta name=\"twitter:data1\" content=\"La Gu\u00eda de Pamplona\" \/>\n\t<meta name=\"twitter:label2\" content=\"Tiempo de lectura\" \/>\n\t<meta name=\"twitter:data2\" content=\"2 minutos\" \/>\n<script type=\"application\/ld+json\" class=\"yoast-schema-graph\">{\"@context\":\"https:\\\/\\\/schema.org\",\"@graph\":[{\"@type\":\"Article\",\"@id\":\"https:\\\/\\\/www.laguiadepamplona.com\\\/actualidad\\\/delegadas-las-presidencias-de-los-festejos-taurinos-de-la-feria-del-toro-de-san-fermin-2014\\\/#article\",\"isPartOf\":{\"@id\":\"https:\\\/\\\/www.laguiadepamplona.com\\\/actualidad\\\/delegadas-las-presidencias-de-los-festejos-taurinos-de-la-feria-del-toro-de-san-fermin-2014\\\/\"},\"author\":{\"name\":\"La Gu\u00eda de Pamplona\",\"@id\":\"https:\\\/\\\/www.laguiadepamplona.com\\\/actualidad\\\/#\\\/schema\\\/person\\\/efe887376f0213d4657c93adc50b1fdb\"},\"headline\":\"Delegadas las presidencias de los festejos taurinos de la Feria del Toro de San Ferm\u00edn 2014\",\"datePublished\":\"2014-06-27T10:54:14+00:00\",\"mainEntityOfPage\":{\"@id\":\"https:\\\/\\\/www.laguiadepamplona.com\\\/actualidad\\\/delegadas-las-presidencias-de-los-festejos-taurinos-de-la-feria-del-toro-de-san-fermin-2014\\\/\"},\"wordCount\":472,\"commentCount\":0,\"publisher\":{\"@id\":\"https:\\\/\\\/www.laguiadepamplona.com\\\/actualidad\\\/#organization\"},\"image\":{\"@id\":\"https:\\\/\\\/www.laguiadepamplona.com\\\/actualidad\\\/delegadas-las-presidencias-de-los-festejos-taurinos-de-la-feria-del-toro-de-san-fermin-2014\\\/#primaryimage\"},\"thumbnailUrl\":\"\",\"keywords\":[\"actualidad\",\"ayto pamplona\",\"Ayuntamiento de Pamplona\",\"feria del toro\",\"festejos\",\"noticias\",\"pamplona\",\"San Ferm\u00edn 2014\",\"taurinos\"],\"articleSection\":[\"Ayto Pamplona\"],\"inLanguage\":\"es\",\"potentialAction\":[{\"@type\":\"CommentAction\",\"name\":\"Comment\",\"target\":[\"https:\\\/\\\/www.laguiadepamplona.com\\\/actualidad\\\/delegadas-las-presidencias-de-los-festejos-taurinos-de-la-feria-del-toro-de-san-fermin-2014\\\/#respond\"]}]},{\"@type\":\"WebPage\",\"@id\":\"https:\\\/\\\/www.laguiadepamplona.com\\\/actualidad\\\/delegadas-las-presidencias-de-los-festejos-taurinos-de-la-feria-del-toro-de-san-fermin-2014\\\/\",\"url\":\"https:\\\/\\\/www.laguiadepamplona.com\\\/actualidad\\\/delegadas-las-presidencias-de-los-festejos-taurinos-de-la-feria-del-toro-de-san-fermin-2014\\\/\",\"name\":\"Delegadas las presidencias de los festejos taurinos de la Feria del Toro de San Ferm\u00edn 2014\",\"isPartOf\":{\"@id\":\"https:\\\/\\\/www.laguiadepamplona.com\\\/actualidad\\\/#website\"},\"primaryImageOfPage\":{\"@id\":\"https:\\\/\\\/www.laguiadepamplona.com\\\/actualidad\\\/delegadas-las-presidencias-de-los-festejos-taurinos-de-la-feria-del-toro-de-san-fermin-2014\\\/#primaryimage\"},\"image\":{\"@id\":\"https:\\\/\\\/www.laguiadepamplona.com\\\/actualidad\\\/delegadas-las-presidencias-de-los-festejos-taurinos-de-la-feria-del-toro-de-san-fermin-2014\\\/#primaryimage\"},\"thumbnailUrl\":\"\",\"datePublished\":\"2014-06-27T10:54:14+00:00\",\"breadcrumb\":{\"@id\":\"https:\\\/\\\/www.laguiadepamplona.com\\\/actualidad\\\/delegadas-las-presidencias-de-los-festejos-taurinos-de-la-feria-del-toro-de-san-fermin-2014\\\/#breadcrumb\"},\"inLanguage\":\"es\",\"potentialAction\":[{\"@type\":\"ReadAction\",\"target\":[\"https:\\\/\\\/www.laguiadepamplona.com\\\/actualidad\\\/delegadas-las-presidencias-de-los-festejos-taurinos-de-la-feria-del-toro-de-san-fermin-2014\\\/\"]}]},{\"@type\":\"ImageObject\",\"inLanguage\":\"es\",\"@id\":\"https:\\\/\\\/www.laguiadepamplona.com\\\/actualidad\\\/delegadas-las-presidencias-de-los-festejos-taurinos-de-la-feria-del-toro-de-san-fermin-2014\\\/#primaryimage\",\"url\":\"\",\"contentUrl\":\"\"},{\"@type\":\"BreadcrumbList\",\"@id\":\"https:\\\/\\\/www.laguiadepamplona.com\\\/actualidad\\\/delegadas-las-presidencias-de-los-festejos-taurinos-de-la-feria-del-toro-de-san-fermin-2014\\\/#breadcrumb\",\"itemListElement\":[{\"@type\":\"ListItem\",\"position\":1,\"name\":\"Portada\",\"item\":\"https:\\\/\\\/www.laguiadepamplona.com\\\/actualidad\\\/\"},{\"@type\":\"ListItem\",\"position\":2,\"name\":\"Delegadas las presidencias de los festejos taurinos de la Feria del Toro de San Ferm\u00edn 2014\"}]},{\"@type\":\"WebSite\",\"@id\":\"https:\\\/\\\/www.laguiadepamplona.com\\\/actualidad\\\/#website\",\"url\":\"https:\\\/\\\/www.laguiadepamplona.com\\\/actualidad\\\/\",\"name\":\"La gu\u00eda de Pamplona\",\"description\":\"Noticias de Pamplona\",\"publisher\":{\"@id\":\"https:\\\/\\\/www.laguiadepamplona.com\\\/actualidad\\\/#organization\"},\"potentialAction\":[{\"@type\":\"SearchAction\",\"target\":{\"@type\":\"EntryPoint\",\"urlTemplate\":\"https:\\\/\\\/www.laguiadepamplona.com\\\/actualidad\\\/?s={search_term_string}\"},\"query-input\":{\"@type\":\"PropertyValueSpecification\",\"valueRequired\":true,\"valueName\":\"search_term_string\"}}],\"inLanguage\":\"es\"},{\"@type\":\"Organization\",\"@id\":\"https:\\\/\\\/www.laguiadepamplona.com\\\/actualidad\\\/#organization\",\"name\":\"La Gu\u00eda de Pamplona \\\/ Noticias\",\"url\":\"https:\\\/\\\/www.laguiadepamplona.com\\\/actualidad\\\/\",\"logo\":{\"@type\":\"ImageObject\",\"inLanguage\":\"es\",\"@id\":\"https:\\\/\\\/www.laguiadepamplona.com\\\/actualidad\\\/#\\\/schema\\\/logo\\\/image\\\/\",\"url\":\"https:\\\/\\\/www.laguiadepamplona.com\\\/actualidad\\\/wp-content\\\/uploads\\\/2018\\\/11\\\/logo-laguiadepamplona18-web1.png\",\"contentUrl\":\"https:\\\/\\\/www.laguiadepamplona.com\\\/actualidad\\\/wp-content\\\/uploads\\\/2018\\\/11\\\/logo-laguiadepamplona18-web1.png\",\"width\":600,\"height\":196,\"caption\":\"La Gu\u00eda de Pamplona \\\/ Noticias\"},\"image\":{\"@id\":\"https:\\\/\\\/www.laguiadepamplona.com\\\/actualidad\\\/#\\\/schema\\\/logo\\\/image\\\/\"},\"sameAs\":[\"https:\\\/\\\/www.facebook.com\\\/laguiadepamplonacom-133175176762273\\\/?ref=hl\",\"https:\\\/\\\/x.com\\\/LaGuiadPamplona\",\"https:\\\/\\\/www.instagram.com\\\/la_guia_de_pamplona\\\/\",\"https:\\\/\\\/www.youtube.com\\\/user\\\/laguiadepamplona\"]},{\"@type\":\"Person\",\"@id\":\"https:\\\/\\\/www.laguiadepamplona.com\\\/actualidad\\\/#\\\/schema\\\/person\\\/efe887376f0213d4657c93adc50b1fdb\",\"name\":\"La Gu\u00eda de Pamplona\",\"image\":{\"@type\":\"ImageObject\",\"inLanguage\":\"es\",\"@id\":\"https:\\\/\\\/secure.gravatar.com\\\/avatar\\\/b6992f131dc8d30ab0dff15446e9d346d9dbd95992de0fef795073f5ea83a81c?s=96&d=mm&r=g\",\"url\":\"https:\\\/\\\/secure.gravatar.com\\\/avatar\\\/b6992f131dc8d30ab0dff15446e9d346d9dbd95992de0fef795073f5ea83a81c?s=96&d=mm&r=g\",\"contentUrl\":\"https:\\\/\\\/secure.gravatar.com\\\/avatar\\\/b6992f131dc8d30ab0dff15446e9d346d9dbd95992de0fef795073f5ea83a81c?s=96&d=mm&r=g\",\"caption\":\"La Gu\u00eda de Pamplona\"}}]}<\/script>\n<!-- \/ Yoast SEO plugin. -->","yoast_head_json":{"title":"Delegadas las presidencias de los festejos taurinos de la Feria del Toro de San Ferm\u00edn 2014","robots":{"index":"index","follow":"follow","max-snippet":"max-snippet:-1","max-image-preview":"max-image-preview:large","max-video-preview":"max-video-preview:-1"},"canonical":"https:\/\/www.laguiadepamplona.com\/actualidad\/delegadas-las-presidencias-de-los-festejos-taurinos-de-la-feria-del-toro-de-san-fermin-2014\/","og_locale":"es_ES","og_type":"article","og_title":"Delegadas las presidencias de los festejos taurinos de la Feria del Toro de San Ferm\u00edn 2014","og_description":"El alcalde de Pamplona, Enrique Maya, ha aprobado la resoluci\u00f3n en la que delega siete de las ocho presidencias de las corridas de toros de fiestas, as\u00ed como la presidencia...","og_url":"https:\/\/www.laguiadepamplona.com\/actualidad\/delegadas-las-presidencias-de-los-festejos-taurinos-de-la-feria-del-toro-de-san-fermin-2014\/","og_site_name":"La Gu\u00eda de Pamplona","article_publisher":"https:\/\/www.facebook.com\/laguiadepamplonacom-133175176762273\/?ref=hl","article_published_time":"2014-06-27T10:54:14+00:00","author":"La Gu\u00eda de Pamplona","twitter_card":"summary_large_image","twitter_creator":"@LaGuiadPamplona","twitter_site":"@LaGuiadPamplona","twitter_misc":{"Escrito por":"La Gu\u00eda de Pamplona","Tiempo de lectura":"2 minutos"},"schema":{"@context":"https:\/\/schema.org","@graph":[{"@type":"Article","@id":"https:\/\/www.laguiadepamplona.com\/actualidad\/delegadas-las-presidencias-de-los-festejos-taurinos-de-la-feria-del-toro-de-san-fermin-2014\/#article","isPartOf":{"@id":"https:\/\/www.laguiadepamplona.com\/actualidad\/delegadas-las-presidencias-de-los-festejos-taurinos-de-la-feria-del-toro-de-san-fermin-2014\/"},"author":{"name":"La Gu\u00eda de Pamplona","@id":"https:\/\/www.laguiadepamplona.com\/actualidad\/#\/schema\/person\/efe887376f0213d4657c93adc50b1fdb"},"headline":"Delegadas las presidencias de los festejos taurinos de la Feria del Toro de San Ferm\u00edn 2014","datePublished":"2014-06-27T10:54:14+00:00","mainEntityOfPage":{"@id":"https:\/\/www.laguiadepamplona.com\/actualidad\/delegadas-las-presidencias-de-los-festejos-taurinos-de-la-feria-del-toro-de-san-fermin-2014\/"},"wordCount":472,"commentCount":0,"publisher":{"@id":"https:\/\/www.laguiadepamplona.com\/actualidad\/#organization"},"image":{"@id":"https:\/\/www.laguiadepamplona.com\/actualidad\/delegadas-las-presidencias-de-los-festejos-taurinos-de-la-feria-del-toro-de-san-fermin-2014\/#primaryimage"},"thumbnailUrl":"","keywords":["actualidad","ayto pamplona","Ayuntamiento de Pamplona","feria del toro","festejos","noticias","pamplona","San Ferm\u00edn 2014","taurinos"],"articleSection":["Ayto Pamplona"],"inLanguage":"es","potentialAction":[{"@type":"CommentAction","name":"Comment","target":["https:\/\/www.laguiadepamplona.com\/actualidad\/delegadas-las-presidencias-de-los-festejos-taurinos-de-la-feria-del-toro-de-san-fermin-2014\/#respond"]}]},{"@type":"WebPage","@id":"https:\/\/www.laguiadepamplona.com\/actualidad\/delegadas-las-presidencias-de-los-festejos-taurinos-de-la-feria-del-toro-de-san-fermin-2014\/","url":"https:\/\/www.laguiadepamplona.com\/actualidad\/delegadas-las-presidencias-de-los-festejos-taurinos-de-la-feria-del-toro-de-san-fermin-2014\/","name":"Delegadas las presidencias de los festejos taurinos de la Feria del Toro de San Ferm\u00edn 2014","isPartOf":{"@id":"https:\/\/www.laguiadepamplona.com\/actualidad\/#website"},"primaryImageOfPage":{"@id":"https:\/\/www.laguiadepamplona.com\/actualidad\/delegadas-las-presidencias-de-los-festejos-taurinos-de-la-feria-del-toro-de-san-fermin-2014\/#primaryimage"},"image":{"@id":"https:\/\/www.laguiadepamplona.com\/actualidad\/delegadas-las-presidencias-de-los-festejos-taurinos-de-la-feria-del-toro-de-san-fermin-2014\/#primaryimage"},"thumbnailUrl":"","datePublished":"2014-06-27T10:54:14+00:00","breadcrumb":{"@id":"https:\/\/www.laguiadepamplona.com\/actualidad\/delegadas-las-presidencias-de-los-festejos-taurinos-de-la-feria-del-toro-de-san-fermin-2014\/#breadcrumb"},"inLanguage":"es","potentialAction":[{"@type":"ReadAction","target":["https:\/\/www.laguiadepamplona.com\/actualidad\/delegadas-las-presidencias-de-los-festejos-taurinos-de-la-feria-del-toro-de-san-fermin-2014\/"]}]},{"@type":"ImageObject","inLanguage":"es","@id":"https:\/\/www.laguiadepamplona.com\/actualidad\/delegadas-las-presidencias-de-los-festejos-taurinos-de-la-feria-del-toro-de-san-fermin-2014\/#primaryimage","url":"","contentUrl":""},{"@type":"BreadcrumbList","@id":"https:\/\/www.laguiadepamplona.com\/actualidad\/delegadas-las-presidencias-de-los-festejos-taurinos-de-la-feria-del-toro-de-san-fermin-2014\/#breadcrumb","itemListElement":[{"@type":"ListItem","position":1,"name":"Portada","item":"https:\/\/www.laguiadepamplona.com\/actualidad\/"},{"@type":"ListItem","position":2,"name":"Delegadas las presidencias de los festejos taurinos de la Feria del Toro de San Ferm\u00edn 2014"}]},{"@type":"WebSite","@id":"https:\/\/www.laguiadepamplona.com\/actualidad\/#website","url":"https:\/\/www.laguiadepamplona.com\/actualidad\/","name":"La gu\u00eda de Pamplona","description":"Noticias de Pamplona","publisher":{"@id":"https:\/\/www.laguiadepamplona.com\/actualidad\/#organization"},"potentialAction":[{"@type":"SearchAction","target":{"@type":"EntryPoint","urlTemplate":"https:\/\/www.laguiadepamplona.com\/actualidad\/?s={search_term_string}"},"query-input":{"@type":"PropertyValueSpecification","valueRequired":true,"valueName":"search_term_string"}}],"inLanguage":"es"},{"@type":"Organization","@id":"https:\/\/www.laguiadepamplona.com\/actualidad\/#organization","name":"La Gu\u00eda de Pamplona \/ Noticias","url":"https:\/\/www.laguiadepamplona.com\/actualidad\/","logo":{"@type":"ImageObject","inLanguage":"es","@id":"https:\/\/www.laguiadepamplona.com\/actualidad\/#\/schema\/logo\/image\/","url":"https:\/\/www.laguiadepamplona.com\/actualidad\/wp-content\/uploads\/2018\/11\/logo-laguiadepamplona18-web1.png","contentUrl":"https:\/\/www.laguiadepamplona.com\/actualidad\/wp-content\/uploads\/2018\/11\/logo-laguiadepamplona18-web1.png","width":600,"height":196,"caption":"La Gu\u00eda de Pamplona \/ Noticias"},"image":{"@id":"https:\/\/www.laguiadepamplona.com\/actualidad\/#\/schema\/logo\/image\/"},"sameAs":["https:\/\/www.facebook.com\/laguiadepamplonacom-133175176762273\/?ref=hl","https:\/\/x.com\/LaGuiadPamplona","https:\/\/www.instagram.com\/la_guia_de_pamplona\/","https:\/\/www.youtube.com\/user\/laguiadepamplona"]},{"@type":"Person","@id":"https:\/\/www.laguiadepamplona.com\/actualidad\/#\/schema\/person\/efe887376f0213d4657c93adc50b1fdb","name":"La Gu\u00eda de Pamplona","image":{"@type":"ImageObject","inLanguage":"es","@id":"https:\/\/secure.gravatar.com\/avatar\/b6992f131dc8d30ab0dff15446e9d346d9dbd95992de0fef795073f5ea83a81c?s=96&d=mm&r=g","url":"https:\/\/secure.gravatar.com\/avatar\/b6992f131dc8d30ab0dff15446e9d346d9dbd95992de0fef795073f5ea83a81c?s=96&d=mm&r=g","contentUrl":"https:\/\/secure.gravatar.com\/avatar\/b6992f131dc8d30ab0dff15446e9d346d9dbd95992de0fef795073f5ea83a81c?s=96&d=mm&r=g","caption":"La Gu\u00eda de Pamplona"}}]}},"post_mailing_queue_ids":[],"_links":{"self":[{"href":"https:\/\/www.laguiadepamplona.com\/actualidad\/wp-json\/wp\/v2\/posts\/2174","targetHints":{"allow":["GET"]}}],"collection":[{"href":"https:\/\/www.laguiadepamplona.com\/actualidad\/wp-json\/wp\/v2\/posts"}],"about":[{"href":"https:\/\/www.laguiadepamplona.com\/actualidad\/wp-json\/wp\/v2\/types\/post"}],"author":[{"embeddable":true,"href":"https:\/\/www.laguiadepamplona.com\/actualidad\/wp-json\/wp\/v2\/users\/1"}],"replies":[{"embeddable":true,"href":"https:\/\/www.laguiadepamplona.com\/actualidad\/wp-json\/wp\/v2\/comments?post=2174"}],"version-history":[{"count":0,"href":"https:\/\/www.laguiadepamplona.com\/actualidad\/wp-json\/wp\/v2\/posts\/2174\/revisions"}],"wp:featuredmedia":[{"embeddable":true,"href":"https:\/\/www.laguiadepamplona.com\/actualidad\/wp-json\/"}],"wp:attachment":[{"href":"https:\/\/www.laguiadepamplona.com\/actualidad\/wp-json\/wp\/v2\/media?parent=2174"}],"wp:term":[{"taxonomy":"category","embeddable":true,"href":"https:\/\/www.laguiadepamplona.com\/actualidad\/wp-json\/wp\/v2\/categories?post=2174"},{"taxonomy":"post_tag","embeddable":true,"href":"https:\/\/www.laguiadepamplona.com\/actualidad\/wp-json\/wp\/v2\/tags?post=2174"}],"curies":[{"name":"wp","href":"https:\/\/api.w.org\/{rel}","templated":true}]}}