{"id":2167,"date":"2014-06-27T10:45:46","date_gmt":"2014-06-27T10:45:46","guid":{"rendered":"http:\/\/laguiadepamplona.com\/actualidad\/?p=2167"},"modified":"2014-06-27T10:45:46","modified_gmt":"2014-06-27T10:45:46","slug":"el-grupo-de-folklore-duguna-acompanara-a-la-corporacion-municipal-en-san-fermin-y-realizara-las-actuaciones-de-los-dantzaris-municipales-durante-el-ano","status":"publish","type":"post","link":"https:\/\/www.laguiadepamplona.com\/actualidad\/el-grupo-de-folklore-duguna-acompanara-a-la-corporacion-municipal-en-san-fermin-y-realizara-las-actuaciones-de-los-dantzaris-municipales-durante-el-ano\/","title":{"rendered":"El Grupo de Folklore Duguna acompa\u00f1ar\u00e1 a la corporaci\u00f3n municipal en San Ferm\u00edn y realizar\u00e1 las actuaciones de los dantzaris municipales durante el a\u00f1o"},"content":{"rendered":"<h4>El contrato asciende a 21.500 euros, IVA excluido, y se adjudica por especificidad art\u00edstica<\/h4>\n<p class=\"Textonota\"><a href=\"http:\/\/laguiadepamplona.com\/actualidad\/wp-content\/uploads\/2014\/06\/Duguna-Folklore-Taldea.jpg\"><img loading=\"lazy\" decoding=\"async\" class=\"alignleft size-medium wp-image-2168\" src=\"http:\/\/laguiadepamplona.com\/actualidad\/wp-content\/uploads\/2014\/06\/Duguna-Folklore-Taldea-300x200.jpg\" alt=\"Duguna Folklore Taldea\" width=\"300\" height=\"200\" \/><\/a>El Ayuntamiento de Pamplona ha aprobado mediante resoluci\u00f3n el contrato con Duguna Folklore Taldea \u2013 Grupo de Folklore Duguna para que realicen las actuaciones de dantzaris del cortejo municipal y otros actuaciones de inter\u00e9s durante 2014. El contrato asciende a 21.500 euros, IVA excluido, e incluye la presencia y bailes del grupo en varios actos entre el 6 de julio y el 29 de noviembre.<\/p>\n<p class=\"Textonota\">El contrato incluye, en concreto, la participaci\u00f3n de Duguna en salidas junto a la corporaci\u00f3n municipal en la procesi\u00f3n de San Ferm\u00edn el 7 de julio, en la Octava del 14 de julio, en el Privilegio de la Uni\u00f3n el 8 de septiembre y en la festividad de San Saturnino el 29 de noviembre. Adem\u00e1s se incluye la participaci\u00f3n en las fiestas de San Ferm\u00edn de Aldapa en el mes de septiembre y la posibilidad de realizar otras dos actuaciones de los \u2018Dantzaris del Ayuntamiento de Pamplona\u2019 que ser\u00e1n establecidas entre el grupo y el \u00e1rea de Educaci\u00f3n y Cultura.<\/p>\n<p class=\"Textonota\">Al igual que el caso de la comparsa de gigantes y cabezudos, la adjudicaci\u00f3n del contrato se ha llevado a cabo por \u201cespecificidad art\u00edstica\u201d, tal y como recoge la Ley Foral de Contratos P\u00fablicos. En los \u00faltimos a\u00f1os se ha ido creando un repertorio de coreograf\u00edas espec\u00edficamente ideado para ser bailado por los dantzaris, repertorio que sus autores han inscrito en el Registro de la Propiedad Intelectual. Los autores de esas coreograf\u00edas, San Blas Eguneko Soka-dantza, San Juan Bezperako Soka-dantza, San Ferm\u00edn Aldapakoaren Ezpata-dantza y San Ferm\u00edn Aldapakoaren irradaka, incluidas como obligatorias para bailar en las condiciones de contrataci\u00f3n de los dantzaris, han cedido los derechos de uso sobre ellas a Duguna, por lo que es el \u00fanico grupo que puede interpretarlas.<\/p>\n<p class=\"Textonota\">El contrato recoge tambi\u00e9n que el vestuario y estandarte de los \u2018Dantzaris del Ayuntamiento de Pamplona\u2019 que porten en el cortejo municipal deber\u00e1 ajustarse al dise\u00f1o de Pedro Lozano Sot\u00e9s en 1949. Adem\u00e1s, portar\u00e1n \u00fanicamente la bandera oficial de los dantzaris del Ayuntamiento de Pamplona, correspondiendo a la corporaci\u00f3n municipal llevar las banderas oficiales. Duguna, en sus actuaciones al margen de las actuaciones municipales, no vestir\u00e1 el traje oficial ni portar\u00e1 la bandera oficial de los Dantzaris del Ayuntamiento de Pamplona. El contrato incluye que Duguna correr\u00e1 cargo de los gastos originados con el mantenimiento y conservaci\u00f3n ordinario de los trajes y elementos decorativos, que deber\u00e1 tener en \u00f3ptimas condiciones.<\/p>\n<p class=\"Textonota\">\n","protected":false},"excerpt":{"rendered":"<p>El contrato asciende a 21.500 euros, IVA excluido, y se adjudica por especificidad art\u00edstica El Ayuntamiento de Pamplona ha aprobado mediante resoluci\u00f3n el contrato con Duguna Folklore Taldea \u2013 Grupo&#8230;<\/p>\n","protected":false},"author":1,"featured_media":2168,"comment_status":"open","ping_status":"open","sticky":false,"template":"","format":"standard","meta":{"footnotes":""},"categories":[2],"tags":[5,6,509,1796,1797,1798,8,9,506],"class_list":["post-2167","post","type-post","status-publish","format-standard","has-post-thumbnail","hentry","category-ayuntamiento-pamplona","tag-actualidad","tag-ayto-pamplona","tag-ayuntamiento-de-pamplona","tag-corporacion","tag-dantzari","tag-duguna-folklore-taldea","tag-noticias","tag-pamplona","tag-san-fermin"],"yoast_head":"<!-- This site is optimized with the Yoast SEO plugin v27.5 - https:\/\/yoast.com\/product\/yoast-seo-wordpress\/ -->\n<title>El Grupo de Folklore Duguna acompa\u00f1ar\u00e1 a la corporaci\u00f3n municipal en San Ferm\u00edn y realizar\u00e1 las actuaciones de los dantzaris municipales durante el a\u00f1o<\/title>\n<meta name=\"robots\" content=\"index, follow, max-snippet:-1, max-image-preview:large, max-video-preview:-1\" \/>\n<link rel=\"canonical\" href=\"https:\/\/www.laguiadepamplona.com\/actualidad\/el-grupo-de-folklore-duguna-acompanara-a-la-corporacion-municipal-en-san-fermin-y-realizara-las-actuaciones-de-los-dantzaris-municipales-durante-el-ano\/\" \/>\n<meta property=\"og:locale\" content=\"es_ES\" \/>\n<meta property=\"og:type\" content=\"article\" \/>\n<meta property=\"og:title\" content=\"El Grupo de Folklore Duguna acompa\u00f1ar\u00e1 a la corporaci\u00f3n municipal en San Ferm\u00edn y realizar\u00e1 las actuaciones de los dantzaris municipales durante el a\u00f1o\" \/>\n<meta property=\"og:description\" content=\"El contrato asciende a 21.500 euros, IVA excluido, y se adjudica por especificidad art\u00edstica El Ayuntamiento de Pamplona ha aprobado mediante resoluci\u00f3n el contrato con Duguna Folklore Taldea \u2013 Grupo...\" \/>\n<meta property=\"og:url\" content=\"https:\/\/www.laguiadepamplona.com\/actualidad\/el-grupo-de-folklore-duguna-acompanara-a-la-corporacion-municipal-en-san-fermin-y-realizara-las-actuaciones-de-los-dantzaris-municipales-durante-el-ano\/\" \/>\n<meta property=\"og:site_name\" content=\"La Gu\u00eda de Pamplona\" \/>\n<meta property=\"article:publisher\" content=\"https:\/\/www.facebook.com\/laguiadepamplonacom-133175176762273\/?ref=hl\" \/>\n<meta property=\"article:published_time\" content=\"2014-06-27T10:45:46+00:00\" \/>\n<meta name=\"author\" content=\"La Gu\u00eda de Pamplona\" \/>\n<meta name=\"twitter:card\" content=\"summary_large_image\" \/>\n<meta name=\"twitter:creator\" content=\"@LaGuiadPamplona\" \/>\n<meta name=\"twitter:site\" content=\"@LaGuiadPamplona\" \/>\n<meta name=\"twitter:label1\" content=\"Escrito por\" \/>\n\t<meta name=\"twitter:data1\" content=\"La Gu\u00eda de Pamplona\" \/>\n\t<meta name=\"twitter:label2\" content=\"Tiempo de lectura\" \/>\n\t<meta name=\"twitter:data2\" content=\"2 minutos\" \/>\n<script type=\"application\/ld+json\" class=\"yoast-schema-graph\">{\"@context\":\"https:\\\/\\\/schema.org\",\"@graph\":[{\"@type\":\"Article\",\"@id\":\"https:\\\/\\\/www.laguiadepamplona.com\\\/actualidad\\\/el-grupo-de-folklore-duguna-acompanara-a-la-corporacion-municipal-en-san-fermin-y-realizara-las-actuaciones-de-los-dantzaris-municipales-durante-el-ano\\\/#article\",\"isPartOf\":{\"@id\":\"https:\\\/\\\/www.laguiadepamplona.com\\\/actualidad\\\/el-grupo-de-folklore-duguna-acompanara-a-la-corporacion-municipal-en-san-fermin-y-realizara-las-actuaciones-de-los-dantzaris-municipales-durante-el-ano\\\/\"},\"author\":{\"name\":\"La Gu\u00eda de Pamplona\",\"@id\":\"https:\\\/\\\/www.laguiadepamplona.com\\\/actualidad\\\/#\\\/schema\\\/person\\\/efe887376f0213d4657c93adc50b1fdb\"},\"headline\":\"El Grupo de Folklore Duguna acompa\u00f1ar\u00e1 a la corporaci\u00f3n municipal en San Ferm\u00edn y realizar\u00e1 las actuaciones de los dantzaris municipales durante el a\u00f1o\",\"datePublished\":\"2014-06-27T10:45:46+00:00\",\"mainEntityOfPage\":{\"@id\":\"https:\\\/\\\/www.laguiadepamplona.com\\\/actualidad\\\/el-grupo-de-folklore-duguna-acompanara-a-la-corporacion-municipal-en-san-fermin-y-realizara-las-actuaciones-de-los-dantzaris-municipales-durante-el-ano\\\/\"},\"wordCount\":458,\"commentCount\":0,\"publisher\":{\"@id\":\"https:\\\/\\\/www.laguiadepamplona.com\\\/actualidad\\\/#organization\"},\"image\":{\"@id\":\"https:\\\/\\\/www.laguiadepamplona.com\\\/actualidad\\\/el-grupo-de-folklore-duguna-acompanara-a-la-corporacion-municipal-en-san-fermin-y-realizara-las-actuaciones-de-los-dantzaris-municipales-durante-el-ano\\\/#primaryimage\"},\"thumbnailUrl\":\"\",\"keywords\":[\"actualidad\",\"ayto pamplona\",\"Ayuntamiento de Pamplona\",\"corporaci\u00f3n\",\"dantzari\",\"Duguna Folklore Taldea\",\"noticias\",\"pamplona\",\"san ferm\u00edn\"],\"articleSection\":[\"Ayto Pamplona\"],\"inLanguage\":\"es\",\"potentialAction\":[{\"@type\":\"CommentAction\",\"name\":\"Comment\",\"target\":[\"https:\\\/\\\/www.laguiadepamplona.com\\\/actualidad\\\/el-grupo-de-folklore-duguna-acompanara-a-la-corporacion-municipal-en-san-fermin-y-realizara-las-actuaciones-de-los-dantzaris-municipales-durante-el-ano\\\/#respond\"]}]},{\"@type\":\"WebPage\",\"@id\":\"https:\\\/\\\/www.laguiadepamplona.com\\\/actualidad\\\/el-grupo-de-folklore-duguna-acompanara-a-la-corporacion-municipal-en-san-fermin-y-realizara-las-actuaciones-de-los-dantzaris-municipales-durante-el-ano\\\/\",\"url\":\"https:\\\/\\\/www.laguiadepamplona.com\\\/actualidad\\\/el-grupo-de-folklore-duguna-acompanara-a-la-corporacion-municipal-en-san-fermin-y-realizara-las-actuaciones-de-los-dantzaris-municipales-durante-el-ano\\\/\",\"name\":\"El Grupo de Folklore Duguna acompa\u00f1ar\u00e1 a la corporaci\u00f3n municipal en San Ferm\u00edn y realizar\u00e1 las actuaciones de los dantzaris municipales durante el a\u00f1o\",\"isPartOf\":{\"@id\":\"https:\\\/\\\/www.laguiadepamplona.com\\\/actualidad\\\/#website\"},\"primaryImageOfPage\":{\"@id\":\"https:\\\/\\\/www.laguiadepamplona.com\\\/actualidad\\\/el-grupo-de-folklore-duguna-acompanara-a-la-corporacion-municipal-en-san-fermin-y-realizara-las-actuaciones-de-los-dantzaris-municipales-durante-el-ano\\\/#primaryimage\"},\"image\":{\"@id\":\"https:\\\/\\\/www.laguiadepamplona.com\\\/actualidad\\\/el-grupo-de-folklore-duguna-acompanara-a-la-corporacion-municipal-en-san-fermin-y-realizara-las-actuaciones-de-los-dantzaris-municipales-durante-el-ano\\\/#primaryimage\"},\"thumbnailUrl\":\"\",\"datePublished\":\"2014-06-27T10:45:46+00:00\",\"breadcrumb\":{\"@id\":\"https:\\\/\\\/www.laguiadepamplona.com\\\/actualidad\\\/el-grupo-de-folklore-duguna-acompanara-a-la-corporacion-municipal-en-san-fermin-y-realizara-las-actuaciones-de-los-dantzaris-municipales-durante-el-ano\\\/#breadcrumb\"},\"inLanguage\":\"es\",\"potentialAction\":[{\"@type\":\"ReadAction\",\"target\":[\"https:\\\/\\\/www.laguiadepamplona.com\\\/actualidad\\\/el-grupo-de-folklore-duguna-acompanara-a-la-corporacion-municipal-en-san-fermin-y-realizara-las-actuaciones-de-los-dantzaris-municipales-durante-el-ano\\\/\"]}]},{\"@type\":\"ImageObject\",\"inLanguage\":\"es\",\"@id\":\"https:\\\/\\\/www.laguiadepamplona.com\\\/actualidad\\\/el-grupo-de-folklore-duguna-acompanara-a-la-corporacion-municipal-en-san-fermin-y-realizara-las-actuaciones-de-los-dantzaris-municipales-durante-el-ano\\\/#primaryimage\",\"url\":\"\",\"contentUrl\":\"\"},{\"@type\":\"BreadcrumbList\",\"@id\":\"https:\\\/\\\/www.laguiadepamplona.com\\\/actualidad\\\/el-grupo-de-folklore-duguna-acompanara-a-la-corporacion-municipal-en-san-fermin-y-realizara-las-actuaciones-de-los-dantzaris-municipales-durante-el-ano\\\/#breadcrumb\",\"itemListElement\":[{\"@type\":\"ListItem\",\"position\":1,\"name\":\"Portada\",\"item\":\"https:\\\/\\\/www.laguiadepamplona.com\\\/actualidad\\\/\"},{\"@type\":\"ListItem\",\"position\":2,\"name\":\"El Grupo de Folklore Duguna acompa\u00f1ar\u00e1 a la corporaci\u00f3n municipal en San Ferm\u00edn y realizar\u00e1 las actuaciones de los dantzaris municipales durante el a\u00f1o\"}]},{\"@type\":\"WebSite\",\"@id\":\"https:\\\/\\\/www.laguiadepamplona.com\\\/actualidad\\\/#website\",\"url\":\"https:\\\/\\\/www.laguiadepamplona.com\\\/actualidad\\\/\",\"name\":\"La gu\u00eda de Pamplona\",\"description\":\"Noticias de Pamplona\",\"publisher\":{\"@id\":\"https:\\\/\\\/www.laguiadepamplona.com\\\/actualidad\\\/#organization\"},\"potentialAction\":[{\"@type\":\"SearchAction\",\"target\":{\"@type\":\"EntryPoint\",\"urlTemplate\":\"https:\\\/\\\/www.laguiadepamplona.com\\\/actualidad\\\/?s={search_term_string}\"},\"query-input\":{\"@type\":\"PropertyValueSpecification\",\"valueRequired\":true,\"valueName\":\"search_term_string\"}}],\"inLanguage\":\"es\"},{\"@type\":\"Organization\",\"@id\":\"https:\\\/\\\/www.laguiadepamplona.com\\\/actualidad\\\/#organization\",\"name\":\"La Gu\u00eda de Pamplona \\\/ Noticias\",\"url\":\"https:\\\/\\\/www.laguiadepamplona.com\\\/actualidad\\\/\",\"logo\":{\"@type\":\"ImageObject\",\"inLanguage\":\"es\",\"@id\":\"https:\\\/\\\/www.laguiadepamplona.com\\\/actualidad\\\/#\\\/schema\\\/logo\\\/image\\\/\",\"url\":\"https:\\\/\\\/www.laguiadepamplona.com\\\/actualidad\\\/wp-content\\\/uploads\\\/2018\\\/11\\\/logo-laguiadepamplona18-web1.png\",\"contentUrl\":\"https:\\\/\\\/www.laguiadepamplona.com\\\/actualidad\\\/wp-content\\\/uploads\\\/2018\\\/11\\\/logo-laguiadepamplona18-web1.png\",\"width\":600,\"height\":196,\"caption\":\"La Gu\u00eda de Pamplona \\\/ Noticias\"},\"image\":{\"@id\":\"https:\\\/\\\/www.laguiadepamplona.com\\\/actualidad\\\/#\\\/schema\\\/logo\\\/image\\\/\"},\"sameAs\":[\"https:\\\/\\\/www.facebook.com\\\/laguiadepamplonacom-133175176762273\\\/?ref=hl\",\"https:\\\/\\\/x.com\\\/LaGuiadPamplona\",\"https:\\\/\\\/www.instagram.com\\\/la_guia_de_pamplona\\\/\",\"https:\\\/\\\/www.youtube.com\\\/user\\\/laguiadepamplona\"]},{\"@type\":\"Person\",\"@id\":\"https:\\\/\\\/www.laguiadepamplona.com\\\/actualidad\\\/#\\\/schema\\\/person\\\/efe887376f0213d4657c93adc50b1fdb\",\"name\":\"La Gu\u00eda de Pamplona\",\"image\":{\"@type\":\"ImageObject\",\"inLanguage\":\"es\",\"@id\":\"https:\\\/\\\/secure.gravatar.com\\\/avatar\\\/b6992f131dc8d30ab0dff15446e9d346d9dbd95992de0fef795073f5ea83a81c?s=96&d=mm&r=g\",\"url\":\"https:\\\/\\\/secure.gravatar.com\\\/avatar\\\/b6992f131dc8d30ab0dff15446e9d346d9dbd95992de0fef795073f5ea83a81c?s=96&d=mm&r=g\",\"contentUrl\":\"https:\\\/\\\/secure.gravatar.com\\\/avatar\\\/b6992f131dc8d30ab0dff15446e9d346d9dbd95992de0fef795073f5ea83a81c?s=96&d=mm&r=g\",\"caption\":\"La Gu\u00eda de Pamplona\"}}]}<\/script>\n<!-- \/ Yoast SEO plugin. -->","yoast_head_json":{"title":"El Grupo de Folklore Duguna acompa\u00f1ar\u00e1 a la corporaci\u00f3n municipal en San Ferm\u00edn y realizar\u00e1 las actuaciones de los dantzaris municipales durante el a\u00f1o","robots":{"index":"index","follow":"follow","max-snippet":"max-snippet:-1","max-image-preview":"max-image-preview:large","max-video-preview":"max-video-preview:-1"},"canonical":"https:\/\/www.laguiadepamplona.com\/actualidad\/el-grupo-de-folklore-duguna-acompanara-a-la-corporacion-municipal-en-san-fermin-y-realizara-las-actuaciones-de-los-dantzaris-municipales-durante-el-ano\/","og_locale":"es_ES","og_type":"article","og_title":"El Grupo de Folklore Duguna acompa\u00f1ar\u00e1 a la corporaci\u00f3n municipal en San Ferm\u00edn y realizar\u00e1 las actuaciones de los dantzaris municipales durante el a\u00f1o","og_description":"El contrato asciende a 21.500 euros, IVA excluido, y se adjudica por especificidad art\u00edstica El Ayuntamiento de Pamplona ha aprobado mediante resoluci\u00f3n el contrato con Duguna Folklore Taldea \u2013 Grupo...","og_url":"https:\/\/www.laguiadepamplona.com\/actualidad\/el-grupo-de-folklore-duguna-acompanara-a-la-corporacion-municipal-en-san-fermin-y-realizara-las-actuaciones-de-los-dantzaris-municipales-durante-el-ano\/","og_site_name":"La Gu\u00eda de Pamplona","article_publisher":"https:\/\/www.facebook.com\/laguiadepamplonacom-133175176762273\/?ref=hl","article_published_time":"2014-06-27T10:45:46+00:00","author":"La Gu\u00eda de Pamplona","twitter_card":"summary_large_image","twitter_creator":"@LaGuiadPamplona","twitter_site":"@LaGuiadPamplona","twitter_misc":{"Escrito por":"La Gu\u00eda de Pamplona","Tiempo de lectura":"2 minutos"},"schema":{"@context":"https:\/\/schema.org","@graph":[{"@type":"Article","@id":"https:\/\/www.laguiadepamplona.com\/actualidad\/el-grupo-de-folklore-duguna-acompanara-a-la-corporacion-municipal-en-san-fermin-y-realizara-las-actuaciones-de-los-dantzaris-municipales-durante-el-ano\/#article","isPartOf":{"@id":"https:\/\/www.laguiadepamplona.com\/actualidad\/el-grupo-de-folklore-duguna-acompanara-a-la-corporacion-municipal-en-san-fermin-y-realizara-las-actuaciones-de-los-dantzaris-municipales-durante-el-ano\/"},"author":{"name":"La Gu\u00eda de Pamplona","@id":"https:\/\/www.laguiadepamplona.com\/actualidad\/#\/schema\/person\/efe887376f0213d4657c93adc50b1fdb"},"headline":"El Grupo de Folklore Duguna acompa\u00f1ar\u00e1 a la corporaci\u00f3n municipal en San Ferm\u00edn y realizar\u00e1 las actuaciones de los dantzaris municipales durante el a\u00f1o","datePublished":"2014-06-27T10:45:46+00:00","mainEntityOfPage":{"@id":"https:\/\/www.laguiadepamplona.com\/actualidad\/el-grupo-de-folklore-duguna-acompanara-a-la-corporacion-municipal-en-san-fermin-y-realizara-las-actuaciones-de-los-dantzaris-municipales-durante-el-ano\/"},"wordCount":458,"commentCount":0,"publisher":{"@id":"https:\/\/www.laguiadepamplona.com\/actualidad\/#organization"},"image":{"@id":"https:\/\/www.laguiadepamplona.com\/actualidad\/el-grupo-de-folklore-duguna-acompanara-a-la-corporacion-municipal-en-san-fermin-y-realizara-las-actuaciones-de-los-dantzaris-municipales-durante-el-ano\/#primaryimage"},"thumbnailUrl":"","keywords":["actualidad","ayto pamplona","Ayuntamiento de Pamplona","corporaci\u00f3n","dantzari","Duguna Folklore Taldea","noticias","pamplona","san ferm\u00edn"],"articleSection":["Ayto Pamplona"],"inLanguage":"es","potentialAction":[{"@type":"CommentAction","name":"Comment","target":["https:\/\/www.laguiadepamplona.com\/actualidad\/el-grupo-de-folklore-duguna-acompanara-a-la-corporacion-municipal-en-san-fermin-y-realizara-las-actuaciones-de-los-dantzaris-municipales-durante-el-ano\/#respond"]}]},{"@type":"WebPage","@id":"https:\/\/www.laguiadepamplona.com\/actualidad\/el-grupo-de-folklore-duguna-acompanara-a-la-corporacion-municipal-en-san-fermin-y-realizara-las-actuaciones-de-los-dantzaris-municipales-durante-el-ano\/","url":"https:\/\/www.laguiadepamplona.com\/actualidad\/el-grupo-de-folklore-duguna-acompanara-a-la-corporacion-municipal-en-san-fermin-y-realizara-las-actuaciones-de-los-dantzaris-municipales-durante-el-ano\/","name":"El Grupo de Folklore Duguna acompa\u00f1ar\u00e1 a la corporaci\u00f3n municipal en San Ferm\u00edn y realizar\u00e1 las actuaciones de los dantzaris municipales durante el a\u00f1o","isPartOf":{"@id":"https:\/\/www.laguiadepamplona.com\/actualidad\/#website"},"primaryImageOfPage":{"@id":"https:\/\/www.laguiadepamplona.com\/actualidad\/el-grupo-de-folklore-duguna-acompanara-a-la-corporacion-municipal-en-san-fermin-y-realizara-las-actuaciones-de-los-dantzaris-municipales-durante-el-ano\/#primaryimage"},"image":{"@id":"https:\/\/www.laguiadepamplona.com\/actualidad\/el-grupo-de-folklore-duguna-acompanara-a-la-corporacion-municipal-en-san-fermin-y-realizara-las-actuaciones-de-los-dantzaris-municipales-durante-el-ano\/#primaryimage"},"thumbnailUrl":"","datePublished":"2014-06-27T10:45:46+00:00","breadcrumb":{"@id":"https:\/\/www.laguiadepamplona.com\/actualidad\/el-grupo-de-folklore-duguna-acompanara-a-la-corporacion-municipal-en-san-fermin-y-realizara-las-actuaciones-de-los-dantzaris-municipales-durante-el-ano\/#breadcrumb"},"inLanguage":"es","potentialAction":[{"@type":"ReadAction","target":["https:\/\/www.laguiadepamplona.com\/actualidad\/el-grupo-de-folklore-duguna-acompanara-a-la-corporacion-municipal-en-san-fermin-y-realizara-las-actuaciones-de-los-dantzaris-municipales-durante-el-ano\/"]}]},{"@type":"ImageObject","inLanguage":"es","@id":"https:\/\/www.laguiadepamplona.com\/actualidad\/el-grupo-de-folklore-duguna-acompanara-a-la-corporacion-municipal-en-san-fermin-y-realizara-las-actuaciones-de-los-dantzaris-municipales-durante-el-ano\/#primaryimage","url":"","contentUrl":""},{"@type":"BreadcrumbList","@id":"https:\/\/www.laguiadepamplona.com\/actualidad\/el-grupo-de-folklore-duguna-acompanara-a-la-corporacion-municipal-en-san-fermin-y-realizara-las-actuaciones-de-los-dantzaris-municipales-durante-el-ano\/#breadcrumb","itemListElement":[{"@type":"ListItem","position":1,"name":"Portada","item":"https:\/\/www.laguiadepamplona.com\/actualidad\/"},{"@type":"ListItem","position":2,"name":"El Grupo de Folklore Duguna acompa\u00f1ar\u00e1 a la corporaci\u00f3n municipal en San Ferm\u00edn y realizar\u00e1 las actuaciones de los dantzaris municipales durante el a\u00f1o"}]},{"@type":"WebSite","@id":"https:\/\/www.laguiadepamplona.com\/actualidad\/#website","url":"https:\/\/www.laguiadepamplona.com\/actualidad\/","name":"La gu\u00eda de Pamplona","description":"Noticias de Pamplona","publisher":{"@id":"https:\/\/www.laguiadepamplona.com\/actualidad\/#organization"},"potentialAction":[{"@type":"SearchAction","target":{"@type":"EntryPoint","urlTemplate":"https:\/\/www.laguiadepamplona.com\/actualidad\/?s={search_term_string}"},"query-input":{"@type":"PropertyValueSpecification","valueRequired":true,"valueName":"search_term_string"}}],"inLanguage":"es"},{"@type":"Organization","@id":"https:\/\/www.laguiadepamplona.com\/actualidad\/#organization","name":"La Gu\u00eda de Pamplona \/ Noticias","url":"https:\/\/www.laguiadepamplona.com\/actualidad\/","logo":{"@type":"ImageObject","inLanguage":"es","@id":"https:\/\/www.laguiadepamplona.com\/actualidad\/#\/schema\/logo\/image\/","url":"https:\/\/www.laguiadepamplona.com\/actualidad\/wp-content\/uploads\/2018\/11\/logo-laguiadepamplona18-web1.png","contentUrl":"https:\/\/www.laguiadepamplona.com\/actualidad\/wp-content\/uploads\/2018\/11\/logo-laguiadepamplona18-web1.png","width":600,"height":196,"caption":"La Gu\u00eda de Pamplona \/ Noticias"},"image":{"@id":"https:\/\/www.laguiadepamplona.com\/actualidad\/#\/schema\/logo\/image\/"},"sameAs":["https:\/\/www.facebook.com\/laguiadepamplonacom-133175176762273\/?ref=hl","https:\/\/x.com\/LaGuiadPamplona","https:\/\/www.instagram.com\/la_guia_de_pamplona\/","https:\/\/www.youtube.com\/user\/laguiadepamplona"]},{"@type":"Person","@id":"https:\/\/www.laguiadepamplona.com\/actualidad\/#\/schema\/person\/efe887376f0213d4657c93adc50b1fdb","name":"La Gu\u00eda de Pamplona","image":{"@type":"ImageObject","inLanguage":"es","@id":"https:\/\/secure.gravatar.com\/avatar\/b6992f131dc8d30ab0dff15446e9d346d9dbd95992de0fef795073f5ea83a81c?s=96&d=mm&r=g","url":"https:\/\/secure.gravatar.com\/avatar\/b6992f131dc8d30ab0dff15446e9d346d9dbd95992de0fef795073f5ea83a81c?s=96&d=mm&r=g","contentUrl":"https:\/\/secure.gravatar.com\/avatar\/b6992f131dc8d30ab0dff15446e9d346d9dbd95992de0fef795073f5ea83a81c?s=96&d=mm&r=g","caption":"La Gu\u00eda de Pamplona"}}]}},"post_mailing_queue_ids":[],"_links":{"self":[{"href":"https:\/\/www.laguiadepamplona.com\/actualidad\/wp-json\/wp\/v2\/posts\/2167","targetHints":{"allow":["GET"]}}],"collection":[{"href":"https:\/\/www.laguiadepamplona.com\/actualidad\/wp-json\/wp\/v2\/posts"}],"about":[{"href":"https:\/\/www.laguiadepamplona.com\/actualidad\/wp-json\/wp\/v2\/types\/post"}],"author":[{"embeddable":true,"href":"https:\/\/www.laguiadepamplona.com\/actualidad\/wp-json\/wp\/v2\/users\/1"}],"replies":[{"embeddable":true,"href":"https:\/\/www.laguiadepamplona.com\/actualidad\/wp-json\/wp\/v2\/comments?post=2167"}],"version-history":[{"count":0,"href":"https:\/\/www.laguiadepamplona.com\/actualidad\/wp-json\/wp\/v2\/posts\/2167\/revisions"}],"wp:featuredmedia":[{"embeddable":true,"href":"https:\/\/www.laguiadepamplona.com\/actualidad\/wp-json\/"}],"wp:attachment":[{"href":"https:\/\/www.laguiadepamplona.com\/actualidad\/wp-json\/wp\/v2\/media?parent=2167"}],"wp:term":[{"taxonomy":"category","embeddable":true,"href":"https:\/\/www.laguiadepamplona.com\/actualidad\/wp-json\/wp\/v2\/categories?post=2167"},{"taxonomy":"post_tag","embeddable":true,"href":"https:\/\/www.laguiadepamplona.com\/actualidad\/wp-json\/wp\/v2\/tags?post=2167"}],"curies":[{"name":"wp","href":"https:\/\/api.w.org\/{rel}","templated":true}]}}