{"id":2164,"date":"2014-06-27T10:43:48","date_gmt":"2014-06-27T10:43:48","guid":{"rendered":"http:\/\/laguiadepamplona.com\/actualidad\/?p=2164"},"modified":"2014-06-27T10:43:48","modified_gmt":"2014-06-27T10:43:48","slug":"la-casa-de-la-juventud-permanecera-cerrada-del-1-al-15-de-julio-y-reabrira-el-dia-16-con-el-horario-de-verano","status":"publish","type":"post","link":"https:\/\/www.laguiadepamplona.com\/actualidad\/la-casa-de-la-juventud-permanecera-cerrada-del-1-al-15-de-julio-y-reabrira-el-dia-16-con-el-horario-de-verano\/","title":{"rendered":"La Casa de la Juventud permanecer\u00e1 cerrada del 1 al 15 de julio y reabrir\u00e1 el d\u00eda 16 con el horario de verano"},"content":{"rendered":"<p><a href=\"http:\/\/laguiadepamplona.com\/actualidad\/wp-content\/uploads\/2014\/06\/casajuventud-pamplona.jpg\"><img loading=\"lazy\" decoding=\"async\" class=\"alignleft size-medium wp-image-2165\" src=\"http:\/\/laguiadepamplona.com\/actualidad\/wp-content\/uploads\/2014\/06\/casajuventud-pamplona-300x200.jpg\" alt=\"casajuventud pamplona\" width=\"300\" height=\"200\" \/><\/a>La Casa de la Juventud permanecer\u00e1 cerrada del 1 al 15 de julio y reabrir\u00e1 mi\u00e9rcoles d\u00eda 16. Hasta el 31 de agosto contar\u00e1 con el horario habitual de verano, en el que abrir\u00e1 de lunes a viernes, manteniendo el s\u00e1bado como festivo. Continuar\u00e1n la atenci\u00f3n de la Oficina de Informaci\u00f3n Juvenil, el servicio de cesi\u00f3n de salas, la ciberaula y las asesor\u00edas psicol\u00f3gica, jur\u00eddica y de estudios. Tambi\u00e9n se desarrollar\u00e1n los seis cursos y los cinco talleres de inform\u00e1tica programados para agosto, cuyo plazo de inscripci\u00f3n ser\u00e1 hasta el jueves 31 de julio.<\/p>\n<p>La Oficina de Informaci\u00f3n Juvenil estar\u00e1 abierta por las ma\u00f1anas de 9 a 12 horas y por las tardes de 17 a 22 horas. La cesi\u00f3n de salas podr\u00e1 solicitarse en los mismos horarios, de lunes a viernes de 9 a 12 horas y de 17 a 22 horas. Por su parte, la ciberaula permanecer\u00e1 cerrada durante el mes de julio y retomar\u00e1 su funcionamiento el 1 de agosto, de lunes a viernes, de 17 a 22 horas.<\/p>\n<p>Adem\u00e1s, durante el verano seguir\u00e1n abiertas las asesor\u00edas psicol\u00f3gica, jur\u00eddica, de asociacionismo y de estudios. La asesor\u00eda psicol\u00f3gica y la de estudios, ocio y tiempo libre estar\u00e1n abiertas del 16 al 31 de julio y del 4 al 13 de agosto. La primera de ellas, los lunes en horario de 10 a 12 y de 17 a 21 horas, y la segunda, los mi\u00e9rcoles de 10 a 12 y de 17 a 21 horas. La asesor\u00eda jur\u00eddica atender\u00e1 consultas del 5 al 28 de agosto, los martes y jueves de 10 a 12 y de 17 a 20 horas. La asesor\u00eda de asociacionismo abrir\u00e1 del 6 al 27 de agosto, los mi\u00e9rcoles de 10 a 12 horas.<\/p>\n<p>&nbsp;<\/p>\n<p>&nbsp;<\/p>\n<p><strong>horarios de verano. casa de la juventud<\/strong><\/p>\n<ul>\n<li><strong>Del 1 al 15 de julio, cerrada<\/strong><\/li>\n<li><strong>Oficina de Informaci\u00f3n Juvenil:<\/strong><\/li>\n<\/ul>\n<p>o\u00a0\u00a0 Del 16 de julio al 31 de agosto<\/p>\n<p>o\u00a0\u00a0 De lunes a viernes, de 9 a 12 horas y de 17 a 22 horas<\/p>\n<ul>\n<li><strong>Servicio de Cesi\u00f3n de Salas:<\/strong><\/li>\n<\/ul>\n<p>o\u00a0\u00a0 Del 16 de julio al 31 de agosto<\/p>\n<p>o\u00a0\u00a0 De lunes a viernes de 9 a 12 horas y de 17 a 22 horas<\/p>\n<ul>\n<li><strong>Ciberaula:<\/strong><\/li>\n<\/ul>\n<p>o\u00a0\u00a0 Julio: cerrado<\/p>\n<p>o\u00a0\u00a0 Agosto: de lunes a viernes, de 17 a 22 horas<\/p>\n<ul>\n<li><strong>Asesor\u00edas:\u00a0 <\/strong><\/li>\n<\/ul>\n<p>o\u00a0\u00a0 Psicol\u00f3gica: del 16 al 31 de julio y del 4 al 13 de agosto, lunes de 10 a 12 y de 17 a 21 horas<\/p>\n<p>o\u00a0\u00a0 Jur\u00eddica: del 5 al 28 de agosto, martes y jueves de 10 a 12 y de 17 a 20 horas<\/p>\n<p>o\u00a0\u00a0 Asociacionismo: del 6 al 27 de agosto, mi\u00e9rcoles de 10 a 12<\/p>\n<p>o\u00a0\u00a0 Estudios, Ocio y Tiempo Libre: del 16 al 31 de julio y del 4 al 13 de agosto, mi\u00e9rcoles de 10 a 12 y de 17 a 21 horas<\/p>\n<p>&nbsp;<\/p>\n","protected":false},"excerpt":{"rendered":"<p>La Casa de la Juventud permanecer\u00e1 cerrada del 1 al 15 de julio y reabrir\u00e1 mi\u00e9rcoles d\u00eda 16. Hasta el 31 de agosto contar\u00e1 con el horario habitual de verano,&#8230;<\/p>\n","protected":false},"author":1,"featured_media":2165,"comment_status":"open","ping_status":"open","sticky":false,"template":"","format":"standard","meta":{"footnotes":""},"categories":[2],"tags":[5,6,509,783,1643,8,9,1795],"class_list":["post-2164","post","type-post","status-publish","format-standard","has-post-thumbnail","hentry","category-ayuntamiento-pamplona","tag-actualidad","tag-ayto-pamplona","tag-ayuntamiento-de-pamplona","tag-casa-juventud","tag-horarios","tag-noticias","tag-pamplona","tag-verano-2014"],"yoast_head":"<!-- This site is optimized with the Yoast SEO plugin v27.5 - https:\/\/yoast.com\/product\/yoast-seo-wordpress\/ -->\n<title>La Casa de la Juventud permanecer\u00e1 cerrada del 1 al 15 de julio y reabrir\u00e1 el d\u00eda 16 con el horario de verano<\/title>\n<meta name=\"robots\" content=\"index, follow, max-snippet:-1, max-image-preview:large, max-video-preview:-1\" \/>\n<link rel=\"canonical\" href=\"https:\/\/www.laguiadepamplona.com\/actualidad\/la-casa-de-la-juventud-permanecera-cerrada-del-1-al-15-de-julio-y-reabrira-el-dia-16-con-el-horario-de-verano\/\" \/>\n<meta property=\"og:locale\" content=\"es_ES\" \/>\n<meta property=\"og:type\" content=\"article\" \/>\n<meta property=\"og:title\" content=\"La Casa de la Juventud permanecer\u00e1 cerrada del 1 al 15 de julio y reabrir\u00e1 el d\u00eda 16 con el horario de verano\" \/>\n<meta property=\"og:description\" content=\"La Casa de la Juventud permanecer\u00e1 cerrada del 1 al 15 de julio y reabrir\u00e1 mi\u00e9rcoles d\u00eda 16. Hasta el 31 de agosto contar\u00e1 con el horario habitual de verano,...\" \/>\n<meta property=\"og:url\" content=\"https:\/\/www.laguiadepamplona.com\/actualidad\/la-casa-de-la-juventud-permanecera-cerrada-del-1-al-15-de-julio-y-reabrira-el-dia-16-con-el-horario-de-verano\/\" \/>\n<meta property=\"og:site_name\" content=\"La Gu\u00eda de Pamplona\" \/>\n<meta property=\"article:publisher\" content=\"https:\/\/www.facebook.com\/laguiadepamplonacom-133175176762273\/?ref=hl\" \/>\n<meta property=\"article:published_time\" content=\"2014-06-27T10:43:48+00:00\" \/>\n<meta name=\"author\" content=\"La Gu\u00eda de Pamplona\" \/>\n<meta name=\"twitter:card\" content=\"summary_large_image\" \/>\n<meta name=\"twitter:creator\" content=\"@LaGuiadPamplona\" \/>\n<meta name=\"twitter:site\" content=\"@LaGuiadPamplona\" \/>\n<meta name=\"twitter:label1\" content=\"Escrito por\" \/>\n\t<meta name=\"twitter:data1\" content=\"La Gu\u00eda de Pamplona\" \/>\n\t<meta name=\"twitter:label2\" content=\"Tiempo de lectura\" \/>\n\t<meta name=\"twitter:data2\" content=\"2 minutos\" \/>\n<script type=\"application\/ld+json\" class=\"yoast-schema-graph\">{\"@context\":\"https:\\\/\\\/schema.org\",\"@graph\":[{\"@type\":\"Article\",\"@id\":\"https:\\\/\\\/www.laguiadepamplona.com\\\/actualidad\\\/la-casa-de-la-juventud-permanecera-cerrada-del-1-al-15-de-julio-y-reabrira-el-dia-16-con-el-horario-de-verano\\\/#article\",\"isPartOf\":{\"@id\":\"https:\\\/\\\/www.laguiadepamplona.com\\\/actualidad\\\/la-casa-de-la-juventud-permanecera-cerrada-del-1-al-15-de-julio-y-reabrira-el-dia-16-con-el-horario-de-verano\\\/\"},\"author\":{\"name\":\"La Gu\u00eda de Pamplona\",\"@id\":\"https:\\\/\\\/www.laguiadepamplona.com\\\/actualidad\\\/#\\\/schema\\\/person\\\/efe887376f0213d4657c93adc50b1fdb\"},\"headline\":\"La Casa de la Juventud permanecer\u00e1 cerrada del 1 al 15 de julio y reabrir\u00e1 el d\u00eda 16 con el horario de verano\",\"datePublished\":\"2014-06-27T10:43:48+00:00\",\"mainEntityOfPage\":{\"@id\":\"https:\\\/\\\/www.laguiadepamplona.com\\\/actualidad\\\/la-casa-de-la-juventud-permanecera-cerrada-del-1-al-15-de-julio-y-reabrira-el-dia-16-con-el-horario-de-verano\\\/\"},\"wordCount\":449,\"commentCount\":0,\"publisher\":{\"@id\":\"https:\\\/\\\/www.laguiadepamplona.com\\\/actualidad\\\/#organization\"},\"image\":{\"@id\":\"https:\\\/\\\/www.laguiadepamplona.com\\\/actualidad\\\/la-casa-de-la-juventud-permanecera-cerrada-del-1-al-15-de-julio-y-reabrira-el-dia-16-con-el-horario-de-verano\\\/#primaryimage\"},\"thumbnailUrl\":\"\",\"keywords\":[\"actualidad\",\"ayto pamplona\",\"Ayuntamiento de Pamplona\",\"casa juventud\",\"horarios\",\"noticias\",\"pamplona\",\"verano 2014\"],\"articleSection\":[\"Ayto Pamplona\"],\"inLanguage\":\"es\",\"potentialAction\":[{\"@type\":\"CommentAction\",\"name\":\"Comment\",\"target\":[\"https:\\\/\\\/www.laguiadepamplona.com\\\/actualidad\\\/la-casa-de-la-juventud-permanecera-cerrada-del-1-al-15-de-julio-y-reabrira-el-dia-16-con-el-horario-de-verano\\\/#respond\"]}]},{\"@type\":\"WebPage\",\"@id\":\"https:\\\/\\\/www.laguiadepamplona.com\\\/actualidad\\\/la-casa-de-la-juventud-permanecera-cerrada-del-1-al-15-de-julio-y-reabrira-el-dia-16-con-el-horario-de-verano\\\/\",\"url\":\"https:\\\/\\\/www.laguiadepamplona.com\\\/actualidad\\\/la-casa-de-la-juventud-permanecera-cerrada-del-1-al-15-de-julio-y-reabrira-el-dia-16-con-el-horario-de-verano\\\/\",\"name\":\"La Casa de la Juventud permanecer\u00e1 cerrada del 1 al 15 de julio y reabrir\u00e1 el d\u00eda 16 con el horario de verano\",\"isPartOf\":{\"@id\":\"https:\\\/\\\/www.laguiadepamplona.com\\\/actualidad\\\/#website\"},\"primaryImageOfPage\":{\"@id\":\"https:\\\/\\\/www.laguiadepamplona.com\\\/actualidad\\\/la-casa-de-la-juventud-permanecera-cerrada-del-1-al-15-de-julio-y-reabrira-el-dia-16-con-el-horario-de-verano\\\/#primaryimage\"},\"image\":{\"@id\":\"https:\\\/\\\/www.laguiadepamplona.com\\\/actualidad\\\/la-casa-de-la-juventud-permanecera-cerrada-del-1-al-15-de-julio-y-reabrira-el-dia-16-con-el-horario-de-verano\\\/#primaryimage\"},\"thumbnailUrl\":\"\",\"datePublished\":\"2014-06-27T10:43:48+00:00\",\"breadcrumb\":{\"@id\":\"https:\\\/\\\/www.laguiadepamplona.com\\\/actualidad\\\/la-casa-de-la-juventud-permanecera-cerrada-del-1-al-15-de-julio-y-reabrira-el-dia-16-con-el-horario-de-verano\\\/#breadcrumb\"},\"inLanguage\":\"es\",\"potentialAction\":[{\"@type\":\"ReadAction\",\"target\":[\"https:\\\/\\\/www.laguiadepamplona.com\\\/actualidad\\\/la-casa-de-la-juventud-permanecera-cerrada-del-1-al-15-de-julio-y-reabrira-el-dia-16-con-el-horario-de-verano\\\/\"]}]},{\"@type\":\"ImageObject\",\"inLanguage\":\"es\",\"@id\":\"https:\\\/\\\/www.laguiadepamplona.com\\\/actualidad\\\/la-casa-de-la-juventud-permanecera-cerrada-del-1-al-15-de-julio-y-reabrira-el-dia-16-con-el-horario-de-verano\\\/#primaryimage\",\"url\":\"\",\"contentUrl\":\"\"},{\"@type\":\"BreadcrumbList\",\"@id\":\"https:\\\/\\\/www.laguiadepamplona.com\\\/actualidad\\\/la-casa-de-la-juventud-permanecera-cerrada-del-1-al-15-de-julio-y-reabrira-el-dia-16-con-el-horario-de-verano\\\/#breadcrumb\",\"itemListElement\":[{\"@type\":\"ListItem\",\"position\":1,\"name\":\"Portada\",\"item\":\"https:\\\/\\\/www.laguiadepamplona.com\\\/actualidad\\\/\"},{\"@type\":\"ListItem\",\"position\":2,\"name\":\"La Casa de la Juventud permanecer\u00e1 cerrada del 1 al 15 de julio y reabrir\u00e1 el d\u00eda 16 con el horario de verano\"}]},{\"@type\":\"WebSite\",\"@id\":\"https:\\\/\\\/www.laguiadepamplona.com\\\/actualidad\\\/#website\",\"url\":\"https:\\\/\\\/www.laguiadepamplona.com\\\/actualidad\\\/\",\"name\":\"La gu\u00eda de Pamplona\",\"description\":\"Noticias de Pamplona\",\"publisher\":{\"@id\":\"https:\\\/\\\/www.laguiadepamplona.com\\\/actualidad\\\/#organization\"},\"potentialAction\":[{\"@type\":\"SearchAction\",\"target\":{\"@type\":\"EntryPoint\",\"urlTemplate\":\"https:\\\/\\\/www.laguiadepamplona.com\\\/actualidad\\\/?s={search_term_string}\"},\"query-input\":{\"@type\":\"PropertyValueSpecification\",\"valueRequired\":true,\"valueName\":\"search_term_string\"}}],\"inLanguage\":\"es\"},{\"@type\":\"Organization\",\"@id\":\"https:\\\/\\\/www.laguiadepamplona.com\\\/actualidad\\\/#organization\",\"name\":\"La Gu\u00eda de Pamplona \\\/ Noticias\",\"url\":\"https:\\\/\\\/www.laguiadepamplona.com\\\/actualidad\\\/\",\"logo\":{\"@type\":\"ImageObject\",\"inLanguage\":\"es\",\"@id\":\"https:\\\/\\\/www.laguiadepamplona.com\\\/actualidad\\\/#\\\/schema\\\/logo\\\/image\\\/\",\"url\":\"https:\\\/\\\/www.laguiadepamplona.com\\\/actualidad\\\/wp-content\\\/uploads\\\/2018\\\/11\\\/logo-laguiadepamplona18-web1.png\",\"contentUrl\":\"https:\\\/\\\/www.laguiadepamplona.com\\\/actualidad\\\/wp-content\\\/uploads\\\/2018\\\/11\\\/logo-laguiadepamplona18-web1.png\",\"width\":600,\"height\":196,\"caption\":\"La Gu\u00eda de Pamplona \\\/ Noticias\"},\"image\":{\"@id\":\"https:\\\/\\\/www.laguiadepamplona.com\\\/actualidad\\\/#\\\/schema\\\/logo\\\/image\\\/\"},\"sameAs\":[\"https:\\\/\\\/www.facebook.com\\\/laguiadepamplonacom-133175176762273\\\/?ref=hl\",\"https:\\\/\\\/x.com\\\/LaGuiadPamplona\",\"https:\\\/\\\/www.instagram.com\\\/la_guia_de_pamplona\\\/\",\"https:\\\/\\\/www.youtube.com\\\/user\\\/laguiadepamplona\"]},{\"@type\":\"Person\",\"@id\":\"https:\\\/\\\/www.laguiadepamplona.com\\\/actualidad\\\/#\\\/schema\\\/person\\\/efe887376f0213d4657c93adc50b1fdb\",\"name\":\"La Gu\u00eda de Pamplona\",\"image\":{\"@type\":\"ImageObject\",\"inLanguage\":\"es\",\"@id\":\"https:\\\/\\\/secure.gravatar.com\\\/avatar\\\/b6992f131dc8d30ab0dff15446e9d346d9dbd95992de0fef795073f5ea83a81c?s=96&d=mm&r=g\",\"url\":\"https:\\\/\\\/secure.gravatar.com\\\/avatar\\\/b6992f131dc8d30ab0dff15446e9d346d9dbd95992de0fef795073f5ea83a81c?s=96&d=mm&r=g\",\"contentUrl\":\"https:\\\/\\\/secure.gravatar.com\\\/avatar\\\/b6992f131dc8d30ab0dff15446e9d346d9dbd95992de0fef795073f5ea83a81c?s=96&d=mm&r=g\",\"caption\":\"La Gu\u00eda de Pamplona\"}}]}<\/script>\n<!-- \/ Yoast SEO plugin. -->","yoast_head_json":{"title":"La Casa de la Juventud permanecer\u00e1 cerrada del 1 al 15 de julio y reabrir\u00e1 el d\u00eda 16 con el horario de verano","robots":{"index":"index","follow":"follow","max-snippet":"max-snippet:-1","max-image-preview":"max-image-preview:large","max-video-preview":"max-video-preview:-1"},"canonical":"https:\/\/www.laguiadepamplona.com\/actualidad\/la-casa-de-la-juventud-permanecera-cerrada-del-1-al-15-de-julio-y-reabrira-el-dia-16-con-el-horario-de-verano\/","og_locale":"es_ES","og_type":"article","og_title":"La Casa de la Juventud permanecer\u00e1 cerrada del 1 al 15 de julio y reabrir\u00e1 el d\u00eda 16 con el horario de verano","og_description":"La Casa de la Juventud permanecer\u00e1 cerrada del 1 al 15 de julio y reabrir\u00e1 mi\u00e9rcoles d\u00eda 16. Hasta el 31 de agosto contar\u00e1 con el horario habitual de verano,...","og_url":"https:\/\/www.laguiadepamplona.com\/actualidad\/la-casa-de-la-juventud-permanecera-cerrada-del-1-al-15-de-julio-y-reabrira-el-dia-16-con-el-horario-de-verano\/","og_site_name":"La Gu\u00eda de Pamplona","article_publisher":"https:\/\/www.facebook.com\/laguiadepamplonacom-133175176762273\/?ref=hl","article_published_time":"2014-06-27T10:43:48+00:00","author":"La Gu\u00eda de Pamplona","twitter_card":"summary_large_image","twitter_creator":"@LaGuiadPamplona","twitter_site":"@LaGuiadPamplona","twitter_misc":{"Escrito por":"La Gu\u00eda de Pamplona","Tiempo de lectura":"2 minutos"},"schema":{"@context":"https:\/\/schema.org","@graph":[{"@type":"Article","@id":"https:\/\/www.laguiadepamplona.com\/actualidad\/la-casa-de-la-juventud-permanecera-cerrada-del-1-al-15-de-julio-y-reabrira-el-dia-16-con-el-horario-de-verano\/#article","isPartOf":{"@id":"https:\/\/www.laguiadepamplona.com\/actualidad\/la-casa-de-la-juventud-permanecera-cerrada-del-1-al-15-de-julio-y-reabrira-el-dia-16-con-el-horario-de-verano\/"},"author":{"name":"La Gu\u00eda de Pamplona","@id":"https:\/\/www.laguiadepamplona.com\/actualidad\/#\/schema\/person\/efe887376f0213d4657c93adc50b1fdb"},"headline":"La Casa de la Juventud permanecer\u00e1 cerrada del 1 al 15 de julio y reabrir\u00e1 el d\u00eda 16 con el horario de verano","datePublished":"2014-06-27T10:43:48+00:00","mainEntityOfPage":{"@id":"https:\/\/www.laguiadepamplona.com\/actualidad\/la-casa-de-la-juventud-permanecera-cerrada-del-1-al-15-de-julio-y-reabrira-el-dia-16-con-el-horario-de-verano\/"},"wordCount":449,"commentCount":0,"publisher":{"@id":"https:\/\/www.laguiadepamplona.com\/actualidad\/#organization"},"image":{"@id":"https:\/\/www.laguiadepamplona.com\/actualidad\/la-casa-de-la-juventud-permanecera-cerrada-del-1-al-15-de-julio-y-reabrira-el-dia-16-con-el-horario-de-verano\/#primaryimage"},"thumbnailUrl":"","keywords":["actualidad","ayto pamplona","Ayuntamiento de Pamplona","casa juventud","horarios","noticias","pamplona","verano 2014"],"articleSection":["Ayto Pamplona"],"inLanguage":"es","potentialAction":[{"@type":"CommentAction","name":"Comment","target":["https:\/\/www.laguiadepamplona.com\/actualidad\/la-casa-de-la-juventud-permanecera-cerrada-del-1-al-15-de-julio-y-reabrira-el-dia-16-con-el-horario-de-verano\/#respond"]}]},{"@type":"WebPage","@id":"https:\/\/www.laguiadepamplona.com\/actualidad\/la-casa-de-la-juventud-permanecera-cerrada-del-1-al-15-de-julio-y-reabrira-el-dia-16-con-el-horario-de-verano\/","url":"https:\/\/www.laguiadepamplona.com\/actualidad\/la-casa-de-la-juventud-permanecera-cerrada-del-1-al-15-de-julio-y-reabrira-el-dia-16-con-el-horario-de-verano\/","name":"La Casa de la Juventud permanecer\u00e1 cerrada del 1 al 15 de julio y reabrir\u00e1 el d\u00eda 16 con el horario de verano","isPartOf":{"@id":"https:\/\/www.laguiadepamplona.com\/actualidad\/#website"},"primaryImageOfPage":{"@id":"https:\/\/www.laguiadepamplona.com\/actualidad\/la-casa-de-la-juventud-permanecera-cerrada-del-1-al-15-de-julio-y-reabrira-el-dia-16-con-el-horario-de-verano\/#primaryimage"},"image":{"@id":"https:\/\/www.laguiadepamplona.com\/actualidad\/la-casa-de-la-juventud-permanecera-cerrada-del-1-al-15-de-julio-y-reabrira-el-dia-16-con-el-horario-de-verano\/#primaryimage"},"thumbnailUrl":"","datePublished":"2014-06-27T10:43:48+00:00","breadcrumb":{"@id":"https:\/\/www.laguiadepamplona.com\/actualidad\/la-casa-de-la-juventud-permanecera-cerrada-del-1-al-15-de-julio-y-reabrira-el-dia-16-con-el-horario-de-verano\/#breadcrumb"},"inLanguage":"es","potentialAction":[{"@type":"ReadAction","target":["https:\/\/www.laguiadepamplona.com\/actualidad\/la-casa-de-la-juventud-permanecera-cerrada-del-1-al-15-de-julio-y-reabrira-el-dia-16-con-el-horario-de-verano\/"]}]},{"@type":"ImageObject","inLanguage":"es","@id":"https:\/\/www.laguiadepamplona.com\/actualidad\/la-casa-de-la-juventud-permanecera-cerrada-del-1-al-15-de-julio-y-reabrira-el-dia-16-con-el-horario-de-verano\/#primaryimage","url":"","contentUrl":""},{"@type":"BreadcrumbList","@id":"https:\/\/www.laguiadepamplona.com\/actualidad\/la-casa-de-la-juventud-permanecera-cerrada-del-1-al-15-de-julio-y-reabrira-el-dia-16-con-el-horario-de-verano\/#breadcrumb","itemListElement":[{"@type":"ListItem","position":1,"name":"Portada","item":"https:\/\/www.laguiadepamplona.com\/actualidad\/"},{"@type":"ListItem","position":2,"name":"La Casa de la Juventud permanecer\u00e1 cerrada del 1 al 15 de julio y reabrir\u00e1 el d\u00eda 16 con el horario de verano"}]},{"@type":"WebSite","@id":"https:\/\/www.laguiadepamplona.com\/actualidad\/#website","url":"https:\/\/www.laguiadepamplona.com\/actualidad\/","name":"La gu\u00eda de Pamplona","description":"Noticias de Pamplona","publisher":{"@id":"https:\/\/www.laguiadepamplona.com\/actualidad\/#organization"},"potentialAction":[{"@type":"SearchAction","target":{"@type":"EntryPoint","urlTemplate":"https:\/\/www.laguiadepamplona.com\/actualidad\/?s={search_term_string}"},"query-input":{"@type":"PropertyValueSpecification","valueRequired":true,"valueName":"search_term_string"}}],"inLanguage":"es"},{"@type":"Organization","@id":"https:\/\/www.laguiadepamplona.com\/actualidad\/#organization","name":"La Gu\u00eda de Pamplona \/ Noticias","url":"https:\/\/www.laguiadepamplona.com\/actualidad\/","logo":{"@type":"ImageObject","inLanguage":"es","@id":"https:\/\/www.laguiadepamplona.com\/actualidad\/#\/schema\/logo\/image\/","url":"https:\/\/www.laguiadepamplona.com\/actualidad\/wp-content\/uploads\/2018\/11\/logo-laguiadepamplona18-web1.png","contentUrl":"https:\/\/www.laguiadepamplona.com\/actualidad\/wp-content\/uploads\/2018\/11\/logo-laguiadepamplona18-web1.png","width":600,"height":196,"caption":"La Gu\u00eda de Pamplona \/ Noticias"},"image":{"@id":"https:\/\/www.laguiadepamplona.com\/actualidad\/#\/schema\/logo\/image\/"},"sameAs":["https:\/\/www.facebook.com\/laguiadepamplonacom-133175176762273\/?ref=hl","https:\/\/x.com\/LaGuiadPamplona","https:\/\/www.instagram.com\/la_guia_de_pamplona\/","https:\/\/www.youtube.com\/user\/laguiadepamplona"]},{"@type":"Person","@id":"https:\/\/www.laguiadepamplona.com\/actualidad\/#\/schema\/person\/efe887376f0213d4657c93adc50b1fdb","name":"La Gu\u00eda de Pamplona","image":{"@type":"ImageObject","inLanguage":"es","@id":"https:\/\/secure.gravatar.com\/avatar\/b6992f131dc8d30ab0dff15446e9d346d9dbd95992de0fef795073f5ea83a81c?s=96&d=mm&r=g","url":"https:\/\/secure.gravatar.com\/avatar\/b6992f131dc8d30ab0dff15446e9d346d9dbd95992de0fef795073f5ea83a81c?s=96&d=mm&r=g","contentUrl":"https:\/\/secure.gravatar.com\/avatar\/b6992f131dc8d30ab0dff15446e9d346d9dbd95992de0fef795073f5ea83a81c?s=96&d=mm&r=g","caption":"La Gu\u00eda de Pamplona"}}]}},"post_mailing_queue_ids":[],"_links":{"self":[{"href":"https:\/\/www.laguiadepamplona.com\/actualidad\/wp-json\/wp\/v2\/posts\/2164","targetHints":{"allow":["GET"]}}],"collection":[{"href":"https:\/\/www.laguiadepamplona.com\/actualidad\/wp-json\/wp\/v2\/posts"}],"about":[{"href":"https:\/\/www.laguiadepamplona.com\/actualidad\/wp-json\/wp\/v2\/types\/post"}],"author":[{"embeddable":true,"href":"https:\/\/www.laguiadepamplona.com\/actualidad\/wp-json\/wp\/v2\/users\/1"}],"replies":[{"embeddable":true,"href":"https:\/\/www.laguiadepamplona.com\/actualidad\/wp-json\/wp\/v2\/comments?post=2164"}],"version-history":[{"count":0,"href":"https:\/\/www.laguiadepamplona.com\/actualidad\/wp-json\/wp\/v2\/posts\/2164\/revisions"}],"wp:featuredmedia":[{"embeddable":true,"href":"https:\/\/www.laguiadepamplona.com\/actualidad\/wp-json\/"}],"wp:attachment":[{"href":"https:\/\/www.laguiadepamplona.com\/actualidad\/wp-json\/wp\/v2\/media?parent=2164"}],"wp:term":[{"taxonomy":"category","embeddable":true,"href":"https:\/\/www.laguiadepamplona.com\/actualidad\/wp-json\/wp\/v2\/categories?post=2164"},{"taxonomy":"post_tag","embeddable":true,"href":"https:\/\/www.laguiadepamplona.com\/actualidad\/wp-json\/wp\/v2\/tags?post=2164"}],"curies":[{"name":"wp","href":"https:\/\/api.w.org\/{rel}","templated":true}]}}