{"id":2127,"date":"2014-06-25T12:35:06","date_gmt":"2014-06-25T12:35:06","guid":{"rendered":"http:\/\/laguiadepamplona.com\/actualidad\/?p=2127"},"modified":"2014-06-25T12:35:06","modified_gmt":"2014-06-25T12:35:06","slug":"848-personas-han-estado-recibiendo-esta-primavera-el-servicio-de-alertas-informativas-sobre-el-nivel-de-polen","status":"publish","type":"post","link":"https:\/\/www.laguiadepamplona.com\/actualidad\/848-personas-han-estado-recibiendo-esta-primavera-el-servicio-de-alertas-informativas-sobre-el-nivel-de-polen\/","title":{"rendered":"848 personas han estado recibiendo esta primavera el servicio de alertas informativas sobre el nivel de polen"},"content":{"rendered":"<h4>Esta semana es la \u00faltima de una temporada que se abri\u00f3 el 17 de marzo<\/h4>\n<p><a href=\"http:\/\/laguiadepamplona.com\/actualidad\/wp-content\/uploads\/2014\/06\/alergia-al-polen.jpg\"><img loading=\"lazy\" decoding=\"async\" class=\"alignleft size-medium wp-image-2128\" src=\"http:\/\/laguiadepamplona.com\/actualidad\/wp-content\/uploads\/2014\/06\/alergia-al-polen-300x180.jpg\" alt=\"alergia-al-polen\" width=\"300\" height=\"180\" \/><\/a>El Ayuntamiento de Pamplona cierra por esta temporada el servicio de alertas sobre la previsi\u00f3n de nivel de polen en la ciudad. Esta iniciativa proactiva, que se ha integrado entre los servicios inteligentes de la Estrategia Smart City Pamplona, naci\u00f3 en 2009 y hoy depende en su aplicaci\u00f3n de las \u00e1reas de Medio Ambiente y Participaci\u00f3n Ciudadana del Consistorio. La informaci\u00f3n que se env\u00eda en las alertas proviene del Instituto de Salud P\u00fablica y Laboral de Navarra y est\u00e1 vinculada al captador de polen situado en la ciudad.<\/p>\n<p>848 ciudadanos han estado recibiendo esta primavera las alertas semanales sobre el nivel de polinizaci\u00f3n de las principales especies vegetales presentes en Pamplona que pudieran ocasionar molestias Las especies sobre las que se ha informado son: Aliso, Abedul, Cupres\u00e1ceas, Fresno, Olmo, Pl\u00e1tano de paseo, Encina-Quercus, Casta\u00f1o, Gram\u00edneas, Olivo, Plantago, Pino, Urtic\u00e1ceas. En la pr\u00f3xima campa\u00f1a los datos de estos usuarios seguir\u00e1n activos, a no ser que espec\u00edficamente se den de baja en el servicio.<\/p>\n<p>En las 15 semanas en las que ha estado vigente (coincidiendo con el periodo de polinizaci\u00f3n), el Consistorio ha enviado a las personas suscritas al servicio 10.055 mensajes y 1.128 mails, unas cifras superiores a los 6.106 SMS y 641 e-mails enviado en la campa\u00f1a anterior. Adem\u00e1s, a lo largo de este periodo ha habido 5.698 accesos a la informaci\u00f3n colgada en <a href=\"http:\/\/www.pamplona.es\/\">www.pamplona.es<\/a><\/p>\n<p><strong>Seis a\u00f1os alertando a los ciudadanos a trav\u00e9s de la tecnolog\u00eda<\/strong><\/p>\n<p>La progresi\u00f3n de usuarios en estos seis a\u00f1os ha sido evidente, desde los 330 de 2010 o los 362 de 2012, hasta los 848 de 2014. Esta temporada, adem\u00e1s, ha sido el a\u00f1o en el que m\u00e1s usuarios han solicitado el alta en el servicio ya que si en 2013 se dieron de alta 168 ciudadanos, llegando hasta la cifra de 530 usuarios, en 2014 el incremento ha sido de 318 personas.<\/p>\n<p>En las \u00faltimas cinco campa\u00f1as las p\u00e1ginas vinculadas a este servicio han tenido 24.973 accesos de los que 5.698 han sido en la primavera de 2014. La predicci\u00f3n que m\u00e1s visitas recibi\u00f3 fue la de la semana del 19 de mayo con 669. En los a\u00f1os anteriores las cifras de visitas fueron las siguientes: 6.075 en 2013; 3.564 accesos en 2012; 5.709 en 2011 y 3.927 en 2010.<\/p>\n<p>Para solicitar este servicio municipal s\u00f3lo es necesario inscribirse llamando al Tel\u00e9fono de Atenci\u00f3n Ciudadana 010. En esa llamada es necesario indicar al operador el nombre y el n\u00famero de tel\u00e9fono m\u00f3vil o la direcci\u00f3n de correo electr\u00f3nico donde se desea recibir esta informaci\u00f3n. Los niveles de polinizaci\u00f3n se difunden, adem\u00e1s, a trav\u00e9s del espacio de servicio p\u00fablico en radio \u2018D\u00eda a d\u00eda tu ciudad\u2019 y de la p\u00e1gina web municipal <a href=\"http:\/\/www.pamplona.es\/\">www.pamplona.es<\/a>.<\/p>\n<p><strong>Los datos de la campa\u00f1a marzo-junio 2014<\/strong><\/p>\n<ul>\n<li><strong>Hist\u00f3rico de usuarios<\/strong><\/li>\n<\/ul>\n<table width=\"400\">\n<tbody>\n<tr>\n<td width=\"99\"><strong>a\u00f1o<\/strong><\/td>\n<td width=\"61\"><strong>2010<\/strong><\/td>\n<td width=\"58\"><strong>2011<\/strong><\/td>\n<td width=\"63\"><strong>2012<\/strong><\/td>\n<td width=\"59\"><strong>2013<\/strong><\/td>\n<td width=\"59\"><strong>2014<\/strong><\/td>\n<\/tr>\n<tr>\n<td width=\"99\"><strong>N\u00ba inscritos<\/strong><\/td>\n<td width=\"61\">330<\/td>\n<td width=\"58\">236<\/td>\n<td width=\"63\">362<\/td>\n<td width=\"59\">530<\/td>\n<td width=\"59\">848<\/td>\n<\/tr>\n<\/tbody>\n<\/table>\n<ul>\n<li><strong>Especies<\/strong> sobre las que se ha estado informando son: Aliso, Abedul, Cupres\u00e1ceas, Fresno, Olmo, Pl\u00e1tano de paseo, Encina-Quercus, Casta\u00f1o, Gram\u00edneas, Olivo, Plantago, Pino, Urtic\u00e1ceas.<\/li>\n<li><strong>N\u00ba de SMS enviados:<\/strong> 10.055<\/li>\n<li><strong>N\u00ba de mails enviados:<\/strong> 1.128<\/li>\n<li><strong>N\u00ba de accesos v\u00eda web:<\/strong> 5.698<\/li>\n<\/ul>\n<p>&nbsp;<\/p>\n","protected":false},"excerpt":{"rendered":"<p>Esta semana es la \u00faltima de una temporada que se abri\u00f3 el 17 de marzo El Ayuntamiento de Pamplona cierra por esta temporada el servicio de alertas sobre la previsi\u00f3n&#8230;<\/p>\n","protected":false},"author":1,"featured_media":2128,"comment_status":"open","ping_status":"open","sticky":false,"template":"","format":"standard","meta":{"footnotes":""},"categories":[2],"tags":[5,1760,6,509,1761,1762,8,9],"class_list":["post-2127","post","type-post","status-publish","format-standard","has-post-thumbnail","hentry","category-ayuntamiento-pamplona","tag-actualidad","tag-alertas","tag-ayto-pamplona","tag-ayuntamiento-de-pamplona","tag-informativas","tag-nivel-de-polen","tag-noticias","tag-pamplona"],"yoast_head":"<!-- This site is optimized with the Yoast SEO plugin v27.5 - https:\/\/yoast.com\/product\/yoast-seo-wordpress\/ -->\n<title>848 personas han estado recibiendo esta primavera el servicio de alertas informativas sobre el nivel de polen<\/title>\n<meta name=\"robots\" content=\"index, follow, max-snippet:-1, max-image-preview:large, max-video-preview:-1\" \/>\n<link rel=\"canonical\" href=\"https:\/\/www.laguiadepamplona.com\/actualidad\/848-personas-han-estado-recibiendo-esta-primavera-el-servicio-de-alertas-informativas-sobre-el-nivel-de-polen\/\" \/>\n<meta property=\"og:locale\" content=\"es_ES\" \/>\n<meta property=\"og:type\" content=\"article\" \/>\n<meta property=\"og:title\" content=\"848 personas han estado recibiendo esta primavera el servicio de alertas informativas sobre el nivel de polen\" \/>\n<meta property=\"og:description\" content=\"Esta semana es la \u00faltima de una temporada que se abri\u00f3 el 17 de marzo El Ayuntamiento de Pamplona cierra por esta temporada el servicio de alertas sobre la previsi\u00f3n...\" \/>\n<meta property=\"og:url\" content=\"https:\/\/www.laguiadepamplona.com\/actualidad\/848-personas-han-estado-recibiendo-esta-primavera-el-servicio-de-alertas-informativas-sobre-el-nivel-de-polen\/\" \/>\n<meta property=\"og:site_name\" content=\"La Gu\u00eda de Pamplona\" \/>\n<meta property=\"article:publisher\" content=\"https:\/\/www.facebook.com\/laguiadepamplonacom-133175176762273\/?ref=hl\" \/>\n<meta property=\"article:published_time\" content=\"2014-06-25T12:35:06+00:00\" \/>\n<meta name=\"author\" content=\"La Gu\u00eda de Pamplona\" \/>\n<meta name=\"twitter:card\" content=\"summary_large_image\" \/>\n<meta name=\"twitter:creator\" content=\"@LaGuiadPamplona\" \/>\n<meta name=\"twitter:site\" content=\"@LaGuiadPamplona\" \/>\n<meta name=\"twitter:label1\" content=\"Escrito por\" \/>\n\t<meta name=\"twitter:data1\" content=\"La Gu\u00eda de Pamplona\" \/>\n\t<meta name=\"twitter:label2\" content=\"Tiempo de lectura\" \/>\n\t<meta name=\"twitter:data2\" content=\"3 minutos\" \/>\n<script type=\"application\/ld+json\" class=\"yoast-schema-graph\">{\"@context\":\"https:\\\/\\\/schema.org\",\"@graph\":[{\"@type\":\"Article\",\"@id\":\"https:\\\/\\\/www.laguiadepamplona.com\\\/actualidad\\\/848-personas-han-estado-recibiendo-esta-primavera-el-servicio-de-alertas-informativas-sobre-el-nivel-de-polen\\\/#article\",\"isPartOf\":{\"@id\":\"https:\\\/\\\/www.laguiadepamplona.com\\\/actualidad\\\/848-personas-han-estado-recibiendo-esta-primavera-el-servicio-de-alertas-informativas-sobre-el-nivel-de-polen\\\/\"},\"author\":{\"name\":\"La Gu\u00eda de Pamplona\",\"@id\":\"https:\\\/\\\/www.laguiadepamplona.com\\\/actualidad\\\/#\\\/schema\\\/person\\\/efe887376f0213d4657c93adc50b1fdb\"},\"headline\":\"848 personas han estado recibiendo esta primavera el servicio de alertas informativas sobre el nivel de polen\",\"datePublished\":\"2014-06-25T12:35:06+00:00\",\"mainEntityOfPage\":{\"@id\":\"https:\\\/\\\/www.laguiadepamplona.com\\\/actualidad\\\/848-personas-han-estado-recibiendo-esta-primavera-el-servicio-de-alertas-informativas-sobre-el-nivel-de-polen\\\/\"},\"wordCount\":557,\"commentCount\":0,\"publisher\":{\"@id\":\"https:\\\/\\\/www.laguiadepamplona.com\\\/actualidad\\\/#organization\"},\"image\":{\"@id\":\"https:\\\/\\\/www.laguiadepamplona.com\\\/actualidad\\\/848-personas-han-estado-recibiendo-esta-primavera-el-servicio-de-alertas-informativas-sobre-el-nivel-de-polen\\\/#primaryimage\"},\"thumbnailUrl\":\"\",\"keywords\":[\"actualidad\",\"alertas\",\"ayto pamplona\",\"Ayuntamiento de Pamplona\",\"informativas\",\"nivel de polen\",\"noticias\",\"pamplona\"],\"articleSection\":[\"Ayto Pamplona\"],\"inLanguage\":\"es\",\"potentialAction\":[{\"@type\":\"CommentAction\",\"name\":\"Comment\",\"target\":[\"https:\\\/\\\/www.laguiadepamplona.com\\\/actualidad\\\/848-personas-han-estado-recibiendo-esta-primavera-el-servicio-de-alertas-informativas-sobre-el-nivel-de-polen\\\/#respond\"]}]},{\"@type\":\"WebPage\",\"@id\":\"https:\\\/\\\/www.laguiadepamplona.com\\\/actualidad\\\/848-personas-han-estado-recibiendo-esta-primavera-el-servicio-de-alertas-informativas-sobre-el-nivel-de-polen\\\/\",\"url\":\"https:\\\/\\\/www.laguiadepamplona.com\\\/actualidad\\\/848-personas-han-estado-recibiendo-esta-primavera-el-servicio-de-alertas-informativas-sobre-el-nivel-de-polen\\\/\",\"name\":\"848 personas han estado recibiendo esta primavera el servicio de alertas informativas sobre el nivel de polen\",\"isPartOf\":{\"@id\":\"https:\\\/\\\/www.laguiadepamplona.com\\\/actualidad\\\/#website\"},\"primaryImageOfPage\":{\"@id\":\"https:\\\/\\\/www.laguiadepamplona.com\\\/actualidad\\\/848-personas-han-estado-recibiendo-esta-primavera-el-servicio-de-alertas-informativas-sobre-el-nivel-de-polen\\\/#primaryimage\"},\"image\":{\"@id\":\"https:\\\/\\\/www.laguiadepamplona.com\\\/actualidad\\\/848-personas-han-estado-recibiendo-esta-primavera-el-servicio-de-alertas-informativas-sobre-el-nivel-de-polen\\\/#primaryimage\"},\"thumbnailUrl\":\"\",\"datePublished\":\"2014-06-25T12:35:06+00:00\",\"breadcrumb\":{\"@id\":\"https:\\\/\\\/www.laguiadepamplona.com\\\/actualidad\\\/848-personas-han-estado-recibiendo-esta-primavera-el-servicio-de-alertas-informativas-sobre-el-nivel-de-polen\\\/#breadcrumb\"},\"inLanguage\":\"es\",\"potentialAction\":[{\"@type\":\"ReadAction\",\"target\":[\"https:\\\/\\\/www.laguiadepamplona.com\\\/actualidad\\\/848-personas-han-estado-recibiendo-esta-primavera-el-servicio-de-alertas-informativas-sobre-el-nivel-de-polen\\\/\"]}]},{\"@type\":\"ImageObject\",\"inLanguage\":\"es\",\"@id\":\"https:\\\/\\\/www.laguiadepamplona.com\\\/actualidad\\\/848-personas-han-estado-recibiendo-esta-primavera-el-servicio-de-alertas-informativas-sobre-el-nivel-de-polen\\\/#primaryimage\",\"url\":\"\",\"contentUrl\":\"\"},{\"@type\":\"BreadcrumbList\",\"@id\":\"https:\\\/\\\/www.laguiadepamplona.com\\\/actualidad\\\/848-personas-han-estado-recibiendo-esta-primavera-el-servicio-de-alertas-informativas-sobre-el-nivel-de-polen\\\/#breadcrumb\",\"itemListElement\":[{\"@type\":\"ListItem\",\"position\":1,\"name\":\"Portada\",\"item\":\"https:\\\/\\\/www.laguiadepamplona.com\\\/actualidad\\\/\"},{\"@type\":\"ListItem\",\"position\":2,\"name\":\"848 personas han estado recibiendo esta primavera el servicio de alertas informativas sobre el nivel de polen\"}]},{\"@type\":\"WebSite\",\"@id\":\"https:\\\/\\\/www.laguiadepamplona.com\\\/actualidad\\\/#website\",\"url\":\"https:\\\/\\\/www.laguiadepamplona.com\\\/actualidad\\\/\",\"name\":\"La gu\u00eda de Pamplona\",\"description\":\"Noticias de Pamplona\",\"publisher\":{\"@id\":\"https:\\\/\\\/www.laguiadepamplona.com\\\/actualidad\\\/#organization\"},\"potentialAction\":[{\"@type\":\"SearchAction\",\"target\":{\"@type\":\"EntryPoint\",\"urlTemplate\":\"https:\\\/\\\/www.laguiadepamplona.com\\\/actualidad\\\/?s={search_term_string}\"},\"query-input\":{\"@type\":\"PropertyValueSpecification\",\"valueRequired\":true,\"valueName\":\"search_term_string\"}}],\"inLanguage\":\"es\"},{\"@type\":\"Organization\",\"@id\":\"https:\\\/\\\/www.laguiadepamplona.com\\\/actualidad\\\/#organization\",\"name\":\"La Gu\u00eda de Pamplona \\\/ Noticias\",\"url\":\"https:\\\/\\\/www.laguiadepamplona.com\\\/actualidad\\\/\",\"logo\":{\"@type\":\"ImageObject\",\"inLanguage\":\"es\",\"@id\":\"https:\\\/\\\/www.laguiadepamplona.com\\\/actualidad\\\/#\\\/schema\\\/logo\\\/image\\\/\",\"url\":\"https:\\\/\\\/www.laguiadepamplona.com\\\/actualidad\\\/wp-content\\\/uploads\\\/2018\\\/11\\\/logo-laguiadepamplona18-web1.png\",\"contentUrl\":\"https:\\\/\\\/www.laguiadepamplona.com\\\/actualidad\\\/wp-content\\\/uploads\\\/2018\\\/11\\\/logo-laguiadepamplona18-web1.png\",\"width\":600,\"height\":196,\"caption\":\"La Gu\u00eda de Pamplona \\\/ Noticias\"},\"image\":{\"@id\":\"https:\\\/\\\/www.laguiadepamplona.com\\\/actualidad\\\/#\\\/schema\\\/logo\\\/image\\\/\"},\"sameAs\":[\"https:\\\/\\\/www.facebook.com\\\/laguiadepamplonacom-133175176762273\\\/?ref=hl\",\"https:\\\/\\\/x.com\\\/LaGuiadPamplona\",\"https:\\\/\\\/www.instagram.com\\\/la_guia_de_pamplona\\\/\",\"https:\\\/\\\/www.youtube.com\\\/user\\\/laguiadepamplona\"]},{\"@type\":\"Person\",\"@id\":\"https:\\\/\\\/www.laguiadepamplona.com\\\/actualidad\\\/#\\\/schema\\\/person\\\/efe887376f0213d4657c93adc50b1fdb\",\"name\":\"La Gu\u00eda de Pamplona\",\"image\":{\"@type\":\"ImageObject\",\"inLanguage\":\"es\",\"@id\":\"https:\\\/\\\/secure.gravatar.com\\\/avatar\\\/b6992f131dc8d30ab0dff15446e9d346d9dbd95992de0fef795073f5ea83a81c?s=96&d=mm&r=g\",\"url\":\"https:\\\/\\\/secure.gravatar.com\\\/avatar\\\/b6992f131dc8d30ab0dff15446e9d346d9dbd95992de0fef795073f5ea83a81c?s=96&d=mm&r=g\",\"contentUrl\":\"https:\\\/\\\/secure.gravatar.com\\\/avatar\\\/b6992f131dc8d30ab0dff15446e9d346d9dbd95992de0fef795073f5ea83a81c?s=96&d=mm&r=g\",\"caption\":\"La Gu\u00eda de Pamplona\"}}]}<\/script>\n<!-- \/ Yoast SEO plugin. -->","yoast_head_json":{"title":"848 personas han estado recibiendo esta primavera el servicio de alertas informativas sobre el nivel de polen","robots":{"index":"index","follow":"follow","max-snippet":"max-snippet:-1","max-image-preview":"max-image-preview:large","max-video-preview":"max-video-preview:-1"},"canonical":"https:\/\/www.laguiadepamplona.com\/actualidad\/848-personas-han-estado-recibiendo-esta-primavera-el-servicio-de-alertas-informativas-sobre-el-nivel-de-polen\/","og_locale":"es_ES","og_type":"article","og_title":"848 personas han estado recibiendo esta primavera el servicio de alertas informativas sobre el nivel de polen","og_description":"Esta semana es la \u00faltima de una temporada que se abri\u00f3 el 17 de marzo El Ayuntamiento de Pamplona cierra por esta temporada el servicio de alertas sobre la previsi\u00f3n...","og_url":"https:\/\/www.laguiadepamplona.com\/actualidad\/848-personas-han-estado-recibiendo-esta-primavera-el-servicio-de-alertas-informativas-sobre-el-nivel-de-polen\/","og_site_name":"La Gu\u00eda de Pamplona","article_publisher":"https:\/\/www.facebook.com\/laguiadepamplonacom-133175176762273\/?ref=hl","article_published_time":"2014-06-25T12:35:06+00:00","author":"La Gu\u00eda de Pamplona","twitter_card":"summary_large_image","twitter_creator":"@LaGuiadPamplona","twitter_site":"@LaGuiadPamplona","twitter_misc":{"Escrito por":"La Gu\u00eda de Pamplona","Tiempo de lectura":"3 minutos"},"schema":{"@context":"https:\/\/schema.org","@graph":[{"@type":"Article","@id":"https:\/\/www.laguiadepamplona.com\/actualidad\/848-personas-han-estado-recibiendo-esta-primavera-el-servicio-de-alertas-informativas-sobre-el-nivel-de-polen\/#article","isPartOf":{"@id":"https:\/\/www.laguiadepamplona.com\/actualidad\/848-personas-han-estado-recibiendo-esta-primavera-el-servicio-de-alertas-informativas-sobre-el-nivel-de-polen\/"},"author":{"name":"La Gu\u00eda de Pamplona","@id":"https:\/\/www.laguiadepamplona.com\/actualidad\/#\/schema\/person\/efe887376f0213d4657c93adc50b1fdb"},"headline":"848 personas han estado recibiendo esta primavera el servicio de alertas informativas sobre el nivel de polen","datePublished":"2014-06-25T12:35:06+00:00","mainEntityOfPage":{"@id":"https:\/\/www.laguiadepamplona.com\/actualidad\/848-personas-han-estado-recibiendo-esta-primavera-el-servicio-de-alertas-informativas-sobre-el-nivel-de-polen\/"},"wordCount":557,"commentCount":0,"publisher":{"@id":"https:\/\/www.laguiadepamplona.com\/actualidad\/#organization"},"image":{"@id":"https:\/\/www.laguiadepamplona.com\/actualidad\/848-personas-han-estado-recibiendo-esta-primavera-el-servicio-de-alertas-informativas-sobre-el-nivel-de-polen\/#primaryimage"},"thumbnailUrl":"","keywords":["actualidad","alertas","ayto pamplona","Ayuntamiento de Pamplona","informativas","nivel de polen","noticias","pamplona"],"articleSection":["Ayto Pamplona"],"inLanguage":"es","potentialAction":[{"@type":"CommentAction","name":"Comment","target":["https:\/\/www.laguiadepamplona.com\/actualidad\/848-personas-han-estado-recibiendo-esta-primavera-el-servicio-de-alertas-informativas-sobre-el-nivel-de-polen\/#respond"]}]},{"@type":"WebPage","@id":"https:\/\/www.laguiadepamplona.com\/actualidad\/848-personas-han-estado-recibiendo-esta-primavera-el-servicio-de-alertas-informativas-sobre-el-nivel-de-polen\/","url":"https:\/\/www.laguiadepamplona.com\/actualidad\/848-personas-han-estado-recibiendo-esta-primavera-el-servicio-de-alertas-informativas-sobre-el-nivel-de-polen\/","name":"848 personas han estado recibiendo esta primavera el servicio de alertas informativas sobre el nivel de polen","isPartOf":{"@id":"https:\/\/www.laguiadepamplona.com\/actualidad\/#website"},"primaryImageOfPage":{"@id":"https:\/\/www.laguiadepamplona.com\/actualidad\/848-personas-han-estado-recibiendo-esta-primavera-el-servicio-de-alertas-informativas-sobre-el-nivel-de-polen\/#primaryimage"},"image":{"@id":"https:\/\/www.laguiadepamplona.com\/actualidad\/848-personas-han-estado-recibiendo-esta-primavera-el-servicio-de-alertas-informativas-sobre-el-nivel-de-polen\/#primaryimage"},"thumbnailUrl":"","datePublished":"2014-06-25T12:35:06+00:00","breadcrumb":{"@id":"https:\/\/www.laguiadepamplona.com\/actualidad\/848-personas-han-estado-recibiendo-esta-primavera-el-servicio-de-alertas-informativas-sobre-el-nivel-de-polen\/#breadcrumb"},"inLanguage":"es","potentialAction":[{"@type":"ReadAction","target":["https:\/\/www.laguiadepamplona.com\/actualidad\/848-personas-han-estado-recibiendo-esta-primavera-el-servicio-de-alertas-informativas-sobre-el-nivel-de-polen\/"]}]},{"@type":"ImageObject","inLanguage":"es","@id":"https:\/\/www.laguiadepamplona.com\/actualidad\/848-personas-han-estado-recibiendo-esta-primavera-el-servicio-de-alertas-informativas-sobre-el-nivel-de-polen\/#primaryimage","url":"","contentUrl":""},{"@type":"BreadcrumbList","@id":"https:\/\/www.laguiadepamplona.com\/actualidad\/848-personas-han-estado-recibiendo-esta-primavera-el-servicio-de-alertas-informativas-sobre-el-nivel-de-polen\/#breadcrumb","itemListElement":[{"@type":"ListItem","position":1,"name":"Portada","item":"https:\/\/www.laguiadepamplona.com\/actualidad\/"},{"@type":"ListItem","position":2,"name":"848 personas han estado recibiendo esta primavera el servicio de alertas informativas sobre el nivel de polen"}]},{"@type":"WebSite","@id":"https:\/\/www.laguiadepamplona.com\/actualidad\/#website","url":"https:\/\/www.laguiadepamplona.com\/actualidad\/","name":"La gu\u00eda de Pamplona","description":"Noticias de Pamplona","publisher":{"@id":"https:\/\/www.laguiadepamplona.com\/actualidad\/#organization"},"potentialAction":[{"@type":"SearchAction","target":{"@type":"EntryPoint","urlTemplate":"https:\/\/www.laguiadepamplona.com\/actualidad\/?s={search_term_string}"},"query-input":{"@type":"PropertyValueSpecification","valueRequired":true,"valueName":"search_term_string"}}],"inLanguage":"es"},{"@type":"Organization","@id":"https:\/\/www.laguiadepamplona.com\/actualidad\/#organization","name":"La Gu\u00eda de Pamplona \/ Noticias","url":"https:\/\/www.laguiadepamplona.com\/actualidad\/","logo":{"@type":"ImageObject","inLanguage":"es","@id":"https:\/\/www.laguiadepamplona.com\/actualidad\/#\/schema\/logo\/image\/","url":"https:\/\/www.laguiadepamplona.com\/actualidad\/wp-content\/uploads\/2018\/11\/logo-laguiadepamplona18-web1.png","contentUrl":"https:\/\/www.laguiadepamplona.com\/actualidad\/wp-content\/uploads\/2018\/11\/logo-laguiadepamplona18-web1.png","width":600,"height":196,"caption":"La Gu\u00eda de Pamplona \/ Noticias"},"image":{"@id":"https:\/\/www.laguiadepamplona.com\/actualidad\/#\/schema\/logo\/image\/"},"sameAs":["https:\/\/www.facebook.com\/laguiadepamplonacom-133175176762273\/?ref=hl","https:\/\/x.com\/LaGuiadPamplona","https:\/\/www.instagram.com\/la_guia_de_pamplona\/","https:\/\/www.youtube.com\/user\/laguiadepamplona"]},{"@type":"Person","@id":"https:\/\/www.laguiadepamplona.com\/actualidad\/#\/schema\/person\/efe887376f0213d4657c93adc50b1fdb","name":"La Gu\u00eda de Pamplona","image":{"@type":"ImageObject","inLanguage":"es","@id":"https:\/\/secure.gravatar.com\/avatar\/b6992f131dc8d30ab0dff15446e9d346d9dbd95992de0fef795073f5ea83a81c?s=96&d=mm&r=g","url":"https:\/\/secure.gravatar.com\/avatar\/b6992f131dc8d30ab0dff15446e9d346d9dbd95992de0fef795073f5ea83a81c?s=96&d=mm&r=g","contentUrl":"https:\/\/secure.gravatar.com\/avatar\/b6992f131dc8d30ab0dff15446e9d346d9dbd95992de0fef795073f5ea83a81c?s=96&d=mm&r=g","caption":"La Gu\u00eda de Pamplona"}}]}},"post_mailing_queue_ids":[],"_links":{"self":[{"href":"https:\/\/www.laguiadepamplona.com\/actualidad\/wp-json\/wp\/v2\/posts\/2127","targetHints":{"allow":["GET"]}}],"collection":[{"href":"https:\/\/www.laguiadepamplona.com\/actualidad\/wp-json\/wp\/v2\/posts"}],"about":[{"href":"https:\/\/www.laguiadepamplona.com\/actualidad\/wp-json\/wp\/v2\/types\/post"}],"author":[{"embeddable":true,"href":"https:\/\/www.laguiadepamplona.com\/actualidad\/wp-json\/wp\/v2\/users\/1"}],"replies":[{"embeddable":true,"href":"https:\/\/www.laguiadepamplona.com\/actualidad\/wp-json\/wp\/v2\/comments?post=2127"}],"version-history":[{"count":0,"href":"https:\/\/www.laguiadepamplona.com\/actualidad\/wp-json\/wp\/v2\/posts\/2127\/revisions"}],"wp:featuredmedia":[{"embeddable":true,"href":"https:\/\/www.laguiadepamplona.com\/actualidad\/wp-json\/"}],"wp:attachment":[{"href":"https:\/\/www.laguiadepamplona.com\/actualidad\/wp-json\/wp\/v2\/media?parent=2127"}],"wp:term":[{"taxonomy":"category","embeddable":true,"href":"https:\/\/www.laguiadepamplona.com\/actualidad\/wp-json\/wp\/v2\/categories?post=2127"},{"taxonomy":"post_tag","embeddable":true,"href":"https:\/\/www.laguiadepamplona.com\/actualidad\/wp-json\/wp\/v2\/tags?post=2127"}],"curies":[{"name":"wp","href":"https:\/\/api.w.org\/{rel}","templated":true}]}}