{"id":20857,"date":"2019-03-15T14:25:33","date_gmt":"2019-03-15T12:25:33","guid":{"rendered":"https:\/\/www.laguiadepamplona.es\/actualidad\/?p=20857"},"modified":"2019-03-15T14:25:33","modified_gmt":"2019-03-15T12:25:33","slug":"la-tercera-edicion-del-festival-internacional-de-cine-y-artes-escenicas-zinegoak-reivindica-la-libertad-de-expresion-de-genero-y-visibilizar-al-colectivo-gaylesbotrans-en-navarra","status":"publish","type":"post","link":"https:\/\/www.laguiadepamplona.com\/actualidad\/la-tercera-edicion-del-festival-internacional-de-cine-y-artes-escenicas-zinegoak-reivindica-la-libertad-de-expresion-de-genero-y-visibilizar-al-colectivo-gaylesbotrans-en-navarra\/","title":{"rendered":"La tercera edici\u00f3n del Festival Internacional de Cine y Artes Esc\u00e9nicas Zinegoak reivindica la libertad de expresi\u00f3n de g\u00e9nero y visibilizar al colectivo gaylesbotrans en Navarra"},"content":{"rendered":"<p><!--more--><\/p>\n<h3>Pamplona acoge la muestra los d\u00edas 1, 2 y 3 de abril, y se complementar\u00e1 con sesiones en Tafalla, Anso\u00e1in y Tudela durante este mes de marzo<\/h3>\n<p>El Festival Internacional de Cine y Artes Esc\u00e9nicas Zinegoak reivindicar\u00e1 en esta nueva edici\u00f3n la libertad de expresi\u00f3n de g\u00e9nero y la visibilizaci\u00f3n del colectivo gaylesbotrans en Navarra. Pamplona acoger\u00e1 la muestra por tercer a\u00f1o consecutivo, con proyecciones y encuentros los d\u00edas 1, 2 y 3 de abril, y se complementar\u00e1 con sesiones en Tafalla, Anso\u00e1in y Tudela durante este mes de marzo.<\/p>\n<p>La primera teniente de alcalde de Pamplona, Patricia Perales; y los alcaldes de Tafalla, Arturo Goldaracena; y Ansoain, Ander Oroz; junto con Noelia Ruiz, representante de Kattalingorri, han presentado esta ma\u00f1ana en rueda de prensa la iniciativa, que cumple su decimosexta edici\u00f3n. El festival naci\u00f3 en Bilbao en 2004 como herramienta de sensibilizaci\u00f3n a trav\u00e9s de la cultura, el cine y las artes esc\u00e9nicas. Este festival se celebra habitualmente en el mes de febrero en Bilbao, si bien en marzo \u2018gira\u2019 por diversas localidades vascas, convirti\u00e9ndose en todo un referente de festivales LGTB a nivel internacional.<\/p>\n<p>Zinegoak proyecta m\u00e1s de 100 trabajos esc\u00e9nicos audiovisuales (largometrajes, cortometrajes, documentales, etc.), muchos de ellos premiados en distintos cert\u00e1menes internacionales. En anteriores ediciones, han participado m\u00e1s de 10.000 personas en Zinegoak. Con la extensi\u00f3n navarra de Zinegoak, se busca generar acciones y alianzas pol\u00edticas, culturales, sociales, econ\u00f3micas y jur\u00eddicas tendentes a validar y respetar los derechos de la diversidad sexual y de g\u00e9nero. Otro de los objetivos es el de proponer y ejecutar acciones de sensibilizaci\u00f3n para mejorar la calidad de vida de la poblaci\u00f3n LGTBI, promover la auto-representaci\u00f3n y la autonom\u00eda de estos colectivos. Y se busca asimismo aminorar y erradicar las discriminaciones, injusticias o atropellos padecidos por raz\u00f3n de la diversidad sexual y de g\u00e9nero.<\/p>\n<p><strong>Expresi\u00f3n de g\u00e9nero<\/strong><\/p>\n<p>El objetivo concreto de esta edici\u00f3n de Zinegoak es incidir en la expresi\u00f3n de g\u00e9nero, es decir, en mostrarse y expresarse tal cual sea cada persona. El cartel de la muestra recoge el retrato de \u2018Cassandro el Ex\u00f3tico\u2019, luchador mexicano, triple campe\u00f3n del mundo en su categor\u00eda y uno de los primeros que hicieron p\u00fablica su orientaci\u00f3n sexual en un mundo masculinizado como el de la lucha libre mexicana. Con esta imagen, realizada por la fot\u00f3grafa Katie Orlinsky, el festival quiere mostrar la necesidad de no coartarse a la hora de mostrarse y relacionarse con otras personas.<\/p>\n<p>En Pamplona, las actividades de Zinegoak estar\u00e1n organizadas conjuntamente por el Ayuntamiento y la asociaci\u00f3n Kattalingorri, espacio de referencia, abierto y plural que agrupa a los colectivos LGTBI de Navarra y que trabaja principalmente en prestar un servicio de atenci\u00f3n e informaci\u00f3n a la poblaci\u00f3n lesbiana, gay, bisexual y trans. La propuesta se centra en tres sesiones abiertas al p\u00fablico en los cines Golem Baiona los d\u00edas 1, 2 y 3 de abril, todas a las 20 horas. Cada proyecci\u00f3n incluye un pase de largometraje (ficci\u00f3n o documental) y muestra de cortos, presentaci\u00f3n y posterior debate con personas invitadas.<\/p>\n<p>El lunes 1 de abril se proyectar\u00e1 \u2018Rafiki\u2019, un film que sigue la evoluci\u00f3n de dos chicas kenianas que acaban descubriendo el amor entre ellas y que deciden seguir el camino de la felicidad, en lugar del de la seguridad. El gui\u00f3n est\u00e1 basado en el relato breve \u2018Jambula Tree\u2019, de la escritora ugandesa M\u00f3nica Arac de Nyeko. El martes 2 de abril ser\u00e1 el turno del largometraje franc\u00e9s \u2018Ni d\u2019\u00c8ve ni d\u2019Adam. Une historie intersexe\u2019. Esta pieza reflexiona sobre la manera en que la gente intersex busca reapropiarse de sus cuerpos y construir sus propias identidades, y cuestiona qu\u00e9 est\u00e1n dispuestas a hacer nuestras sociedades en nombre de las normas sociales y qu\u00e9 es lo que significa ser hombre, ser mujer, o ser un poco de ambos g\u00e9neros.<\/p>\n<p>El festival se cerrar\u00e1 el mi\u00e9rcoles 3 de abril con la proyecci\u00f3n de seis cortometrajes: \u2018Anders\u2019, de Reinout Hellenthal; \u2018Vidi ja ti nea\u2019, de Goran Stolevski; \u2018Devi\u2019, de Karishma Dev Dube; \u2018Malik\u2019, de Nathan Carli; \u2018Oasis\u2019, de Alejandro Zuno; y \u2018No me olvides\u2019, de Ferr\u00e1n Navarro-Beltr\u00e1n.<\/p>\n<p>En Tafalla, la cita ser\u00e1 el viernes 22 de marzo, con una muestra de cortometrajes que se proyectar\u00e1n a partir de las 19 horas en la Casa de la Juventud \u2018La Kolasa\u2019. La muestra llegar\u00e1 a Tudela el martes 26 de marzo, en esta ocasi\u00f3n al Cine Moncayo, donde tambi\u00e9n se proyectar\u00e1 una muestra de cortometrajes, a partir de las 19.45 horas. El viernes 29 de marzo, el festival llega a Ansoain, al teatro de Ansoain, donde se proyectar\u00e1 a partir de las 21 horas el documental \u2018Monument van trots\u2019, de Sebastiaan Kes. Se trata de una producci\u00f3n que viaja al origen de la emancipaci\u00f3n gay en los Pa\u00edses Bajos, para narrar c\u00f3mo pas\u00f3 este pa\u00eds de ejecutar a personas sodomitas en el siglo XVIII a ser el primero en el mundo en legalizar el matrimonio gay en el a\u00f1o 2001. El documental cuenta sin censuras la historia presente y pasada de la \u2018revoluci\u00f3n rosa\u2019 en los Pa\u00edses Bajos.<\/p>\n<p>&nbsp;<\/p>\n","protected":false},"excerpt":{"rendered":"","protected":false},"author":1,"featured_media":20859,"comment_status":"open","ping_status":"closed","sticky":false,"template":"","format":"standard","meta":{"footnotes":""},"categories":[2],"tags":[],"class_list":["post-20857","post","type-post","status-publish","format-standard","has-post-thumbnail","hentry","category-ayuntamiento-pamplona"],"yoast_head":"<!-- This site is optimized with the Yoast SEO plugin v27.9 - https:\/\/yoast.com\/product\/yoast-seo-wordpress\/ -->\n<title>La tercera edici\u00f3n del Festival Internacional de Cine y Artes Esc\u00e9nicas Zinegoak reivindica la libertad de expresi\u00f3n de g\u00e9nero y visibilizar al colectivo gaylesbotrans en Navarra<\/title>\n<meta name=\"robots\" content=\"index, follow, max-snippet:-1, max-image-preview:large, max-video-preview:-1\" \/>\n<link rel=\"canonical\" href=\"https:\/\/www.laguiadepamplona.com\/actualidad\/la-tercera-edicion-del-festival-internacional-de-cine-y-artes-escenicas-zinegoak-reivindica-la-libertad-de-expresion-de-genero-y-visibilizar-al-colectivo-gaylesbotrans-en-navarra\/\" \/>\n<meta property=\"og:locale\" content=\"es_ES\" \/>\n<meta property=\"og:type\" content=\"article\" \/>\n<meta property=\"og:title\" content=\"La tercera edici\u00f3n del Festival Internacional de Cine y Artes Esc\u00e9nicas Zinegoak reivindica la libertad de expresi\u00f3n de g\u00e9nero y visibilizar al colectivo gaylesbotrans en Navarra\" \/>\n<meta property=\"og:url\" content=\"https:\/\/www.laguiadepamplona.com\/actualidad\/la-tercera-edicion-del-festival-internacional-de-cine-y-artes-escenicas-zinegoak-reivindica-la-libertad-de-expresion-de-genero-y-visibilizar-al-colectivo-gaylesbotrans-en-navarra\/\" \/>\n<meta property=\"og:site_name\" content=\"La Gu\u00eda de Pamplona Noticias y actualidad\" \/>\n<meta property=\"article:publisher\" content=\"https:\/\/www.facebook.com\/laguiadepamplonacom-133175176762273\/?ref=hl\" \/>\n<meta property=\"article:published_time\" content=\"2019-03-15T12:25:33+00:00\" \/>\n<meta property=\"og:image\" content=\"https:\/\/www.laguiadepamplona.com\/actualidad\/wp-content\/uploads\/2019\/03\/zinegoak2019banner.jpg\" \/>\n\t<meta property=\"og:image:width\" content=\"1500\" \/>\n\t<meta property=\"og:image:height\" content=\"500\" \/>\n\t<meta property=\"og:image:type\" content=\"image\/jpeg\" \/>\n<meta name=\"author\" content=\"La Gu\u00eda de Pamplona\" \/>\n<meta name=\"twitter:card\" content=\"summary_large_image\" \/>\n<meta name=\"twitter:creator\" content=\"@LaGuiadPamplona\" \/>\n<meta name=\"twitter:site\" content=\"@LaGuiadPamplona\" \/>\n<meta name=\"twitter:label1\" content=\"Escrito por\" \/>\n\t<meta name=\"twitter:data1\" content=\"La Gu\u00eda de Pamplona\" \/>\n\t<meta name=\"twitter:label2\" content=\"Tiempo de lectura\" \/>\n\t<meta name=\"twitter:data2\" content=\"4 minutos\" \/>\n<script type=\"application\/ld+json\" class=\"yoast-schema-graph\">{\"@context\":\"https:\\\/\\\/schema.org\",\"@graph\":[{\"@type\":\"Article\",\"@id\":\"https:\\\/\\\/www.laguiadepamplona.com\\\/actualidad\\\/la-tercera-edicion-del-festival-internacional-de-cine-y-artes-escenicas-zinegoak-reivindica-la-libertad-de-expresion-de-genero-y-visibilizar-al-colectivo-gaylesbotrans-en-navarra\\\/#article\",\"isPartOf\":{\"@id\":\"https:\\\/\\\/www.laguiadepamplona.com\\\/actualidad\\\/la-tercera-edicion-del-festival-internacional-de-cine-y-artes-escenicas-zinegoak-reivindica-la-libertad-de-expresion-de-genero-y-visibilizar-al-colectivo-gaylesbotrans-en-navarra\\\/\"},\"author\":{\"name\":\"La Gu\u00eda de Pamplona\",\"@id\":\"https:\\\/\\\/www.laguiadepamplona.com\\\/actualidad\\\/#\\\/schema\\\/person\\\/efe887376f0213d4657c93adc50b1fdb\"},\"headline\":\"La tercera edici\u00f3n del Festival Internacional de Cine y Artes Esc\u00e9nicas Zinegoak reivindica la libertad de expresi\u00f3n de g\u00e9nero y visibilizar al colectivo gaylesbotrans en Navarra\",\"datePublished\":\"2019-03-15T12:25:33+00:00\",\"mainEntityOfPage\":{\"@id\":\"https:\\\/\\\/www.laguiadepamplona.com\\\/actualidad\\\/la-tercera-edicion-del-festival-internacional-de-cine-y-artes-escenicas-zinegoak-reivindica-la-libertad-de-expresion-de-genero-y-visibilizar-al-colectivo-gaylesbotrans-en-navarra\\\/\"},\"wordCount\":919,\"commentCount\":0,\"publisher\":{\"@id\":\"https:\\\/\\\/www.laguiadepamplona.com\\\/actualidad\\\/#organization\"},\"image\":{\"@id\":\"https:\\\/\\\/www.laguiadepamplona.com\\\/actualidad\\\/la-tercera-edicion-del-festival-internacional-de-cine-y-artes-escenicas-zinegoak-reivindica-la-libertad-de-expresion-de-genero-y-visibilizar-al-colectivo-gaylesbotrans-en-navarra\\\/#primaryimage\"},\"thumbnailUrl\":\"https:\\\/\\\/www.laguiadepamplona.com\\\/actualidad\\\/wp-content\\\/uploads\\\/2019\\\/03\\\/zinegoak2019banner.jpg\",\"articleSection\":[\"Ayto Pamplona\"],\"inLanguage\":\"es\",\"potentialAction\":[{\"@type\":\"CommentAction\",\"name\":\"Comment\",\"target\":[\"https:\\\/\\\/www.laguiadepamplona.com\\\/actualidad\\\/la-tercera-edicion-del-festival-internacional-de-cine-y-artes-escenicas-zinegoak-reivindica-la-libertad-de-expresion-de-genero-y-visibilizar-al-colectivo-gaylesbotrans-en-navarra\\\/#respond\"]}]},{\"@type\":\"WebPage\",\"@id\":\"https:\\\/\\\/www.laguiadepamplona.com\\\/actualidad\\\/la-tercera-edicion-del-festival-internacional-de-cine-y-artes-escenicas-zinegoak-reivindica-la-libertad-de-expresion-de-genero-y-visibilizar-al-colectivo-gaylesbotrans-en-navarra\\\/\",\"url\":\"https:\\\/\\\/www.laguiadepamplona.com\\\/actualidad\\\/la-tercera-edicion-del-festival-internacional-de-cine-y-artes-escenicas-zinegoak-reivindica-la-libertad-de-expresion-de-genero-y-visibilizar-al-colectivo-gaylesbotrans-en-navarra\\\/\",\"name\":\"La tercera edici\u00f3n del Festival Internacional de Cine y Artes Esc\u00e9nicas Zinegoak reivindica la libertad de expresi\u00f3n de g\u00e9nero y visibilizar al colectivo gaylesbotrans en Navarra\",\"isPartOf\":{\"@id\":\"https:\\\/\\\/www.laguiadepamplona.com\\\/actualidad\\\/#website\"},\"primaryImageOfPage\":{\"@id\":\"https:\\\/\\\/www.laguiadepamplona.com\\\/actualidad\\\/la-tercera-edicion-del-festival-internacional-de-cine-y-artes-escenicas-zinegoak-reivindica-la-libertad-de-expresion-de-genero-y-visibilizar-al-colectivo-gaylesbotrans-en-navarra\\\/#primaryimage\"},\"image\":{\"@id\":\"https:\\\/\\\/www.laguiadepamplona.com\\\/actualidad\\\/la-tercera-edicion-del-festival-internacional-de-cine-y-artes-escenicas-zinegoak-reivindica-la-libertad-de-expresion-de-genero-y-visibilizar-al-colectivo-gaylesbotrans-en-navarra\\\/#primaryimage\"},\"thumbnailUrl\":\"https:\\\/\\\/www.laguiadepamplona.com\\\/actualidad\\\/wp-content\\\/uploads\\\/2019\\\/03\\\/zinegoak2019banner.jpg\",\"datePublished\":\"2019-03-15T12:25:33+00:00\",\"breadcrumb\":{\"@id\":\"https:\\\/\\\/www.laguiadepamplona.com\\\/actualidad\\\/la-tercera-edicion-del-festival-internacional-de-cine-y-artes-escenicas-zinegoak-reivindica-la-libertad-de-expresion-de-genero-y-visibilizar-al-colectivo-gaylesbotrans-en-navarra\\\/#breadcrumb\"},\"inLanguage\":\"es\",\"potentialAction\":[{\"@type\":\"ReadAction\",\"target\":[\"https:\\\/\\\/www.laguiadepamplona.com\\\/actualidad\\\/la-tercera-edicion-del-festival-internacional-de-cine-y-artes-escenicas-zinegoak-reivindica-la-libertad-de-expresion-de-genero-y-visibilizar-al-colectivo-gaylesbotrans-en-navarra\\\/\"]}]},{\"@type\":\"ImageObject\",\"inLanguage\":\"es\",\"@id\":\"https:\\\/\\\/www.laguiadepamplona.com\\\/actualidad\\\/la-tercera-edicion-del-festival-internacional-de-cine-y-artes-escenicas-zinegoak-reivindica-la-libertad-de-expresion-de-genero-y-visibilizar-al-colectivo-gaylesbotrans-en-navarra\\\/#primaryimage\",\"url\":\"https:\\\/\\\/www.laguiadepamplona.com\\\/actualidad\\\/wp-content\\\/uploads\\\/2019\\\/03\\\/zinegoak2019banner.jpg\",\"contentUrl\":\"https:\\\/\\\/www.laguiadepamplona.com\\\/actualidad\\\/wp-content\\\/uploads\\\/2019\\\/03\\\/zinegoak2019banner.jpg\",\"width\":1500,\"height\":500},{\"@type\":\"BreadcrumbList\",\"@id\":\"https:\\\/\\\/www.laguiadepamplona.com\\\/actualidad\\\/la-tercera-edicion-del-festival-internacional-de-cine-y-artes-escenicas-zinegoak-reivindica-la-libertad-de-expresion-de-genero-y-visibilizar-al-colectivo-gaylesbotrans-en-navarra\\\/#breadcrumb\",\"itemListElement\":[{\"@type\":\"ListItem\",\"position\":1,\"name\":\"Portada\",\"item\":\"https:\\\/\\\/www.laguiadepamplona.com\\\/actualidad\\\/\"},{\"@type\":\"ListItem\",\"position\":2,\"name\":\"La tercera edici\u00f3n del Festival Internacional de Cine y Artes Esc\u00e9nicas Zinegoak reivindica la libertad de expresi\u00f3n de g\u00e9nero y visibilizar al colectivo gaylesbotrans en Navarra\"}]},{\"@type\":\"WebSite\",\"@id\":\"https:\\\/\\\/www.laguiadepamplona.com\\\/actualidad\\\/#website\",\"url\":\"https:\\\/\\\/www.laguiadepamplona.com\\\/actualidad\\\/\",\"name\":\"La gu\u00eda de Pamplona\",\"description\":\"Noticias de Pamplona\",\"publisher\":{\"@id\":\"https:\\\/\\\/www.laguiadepamplona.com\\\/actualidad\\\/#organization\"},\"potentialAction\":[{\"@type\":\"SearchAction\",\"target\":{\"@type\":\"EntryPoint\",\"urlTemplate\":\"https:\\\/\\\/www.laguiadepamplona.com\\\/actualidad\\\/?s={search_term_string}\"},\"query-input\":{\"@type\":\"PropertyValueSpecification\",\"valueRequired\":true,\"valueName\":\"search_term_string\"}}],\"inLanguage\":\"es\"},{\"@type\":\"Organization\",\"@id\":\"https:\\\/\\\/www.laguiadepamplona.com\\\/actualidad\\\/#organization\",\"name\":\"La Gu\u00eda de Pamplona \\\/ Noticias\",\"url\":\"https:\\\/\\\/www.laguiadepamplona.com\\\/actualidad\\\/\",\"logo\":{\"@type\":\"ImageObject\",\"inLanguage\":\"es\",\"@id\":\"https:\\\/\\\/www.laguiadepamplona.com\\\/actualidad\\\/#\\\/schema\\\/logo\\\/image\\\/\",\"url\":\"https:\\\/\\\/www.laguiadepamplona.com\\\/actualidad\\\/wp-content\\\/uploads\\\/2018\\\/11\\\/logo-laguiadepamplona18-web1.png\",\"contentUrl\":\"https:\\\/\\\/www.laguiadepamplona.com\\\/actualidad\\\/wp-content\\\/uploads\\\/2018\\\/11\\\/logo-laguiadepamplona18-web1.png\",\"width\":600,\"height\":196,\"caption\":\"La Gu\u00eda de Pamplona \\\/ Noticias\"},\"image\":{\"@id\":\"https:\\\/\\\/www.laguiadepamplona.com\\\/actualidad\\\/#\\\/schema\\\/logo\\\/image\\\/\"},\"sameAs\":[\"https:\\\/\\\/www.facebook.com\\\/laguiadepamplonacom-133175176762273\\\/?ref=hl\",\"https:\\\/\\\/x.com\\\/LaGuiadPamplona\",\"https:\\\/\\\/www.instagram.com\\\/la_guia_de_pamplona\\\/\",\"https:\\\/\\\/www.youtube.com\\\/user\\\/laguiadepamplona\"]},{\"@type\":\"Person\",\"@id\":\"https:\\\/\\\/www.laguiadepamplona.com\\\/actualidad\\\/#\\\/schema\\\/person\\\/efe887376f0213d4657c93adc50b1fdb\",\"name\":\"La Gu\u00eda de Pamplona\",\"image\":{\"@type\":\"ImageObject\",\"inLanguage\":\"es\",\"@id\":\"https:\\\/\\\/secure.gravatar.com\\\/avatar\\\/b6992f131dc8d30ab0dff15446e9d346d9dbd95992de0fef795073f5ea83a81c?s=96&d=mm&r=g\",\"url\":\"https:\\\/\\\/secure.gravatar.com\\\/avatar\\\/b6992f131dc8d30ab0dff15446e9d346d9dbd95992de0fef795073f5ea83a81c?s=96&d=mm&r=g\",\"contentUrl\":\"https:\\\/\\\/secure.gravatar.com\\\/avatar\\\/b6992f131dc8d30ab0dff15446e9d346d9dbd95992de0fef795073f5ea83a81c?s=96&d=mm&r=g\",\"caption\":\"La Gu\u00eda de Pamplona\"}}]}<\/script>\n<!-- \/ Yoast SEO plugin. -->","yoast_head_json":{"title":"La tercera edici\u00f3n del Festival Internacional de Cine y Artes Esc\u00e9nicas Zinegoak reivindica la libertad de expresi\u00f3n de g\u00e9nero y visibilizar al colectivo gaylesbotrans en Navarra","robots":{"index":"index","follow":"follow","max-snippet":"max-snippet:-1","max-image-preview":"max-image-preview:large","max-video-preview":"max-video-preview:-1"},"canonical":"https:\/\/www.laguiadepamplona.com\/actualidad\/la-tercera-edicion-del-festival-internacional-de-cine-y-artes-escenicas-zinegoak-reivindica-la-libertad-de-expresion-de-genero-y-visibilizar-al-colectivo-gaylesbotrans-en-navarra\/","og_locale":"es_ES","og_type":"article","og_title":"La tercera edici\u00f3n del Festival Internacional de Cine y Artes Esc\u00e9nicas Zinegoak reivindica la libertad de expresi\u00f3n de g\u00e9nero y visibilizar al colectivo gaylesbotrans en Navarra","og_url":"https:\/\/www.laguiadepamplona.com\/actualidad\/la-tercera-edicion-del-festival-internacional-de-cine-y-artes-escenicas-zinegoak-reivindica-la-libertad-de-expresion-de-genero-y-visibilizar-al-colectivo-gaylesbotrans-en-navarra\/","og_site_name":"La Gu\u00eda de Pamplona Noticias y actualidad","article_publisher":"https:\/\/www.facebook.com\/laguiadepamplonacom-133175176762273\/?ref=hl","article_published_time":"2019-03-15T12:25:33+00:00","og_image":[{"width":1500,"height":500,"url":"https:\/\/www.laguiadepamplona.com\/actualidad\/wp-content\/uploads\/2019\/03\/zinegoak2019banner.jpg","type":"image\/jpeg"}],"author":"La Gu\u00eda de Pamplona","twitter_card":"summary_large_image","twitter_creator":"@LaGuiadPamplona","twitter_site":"@LaGuiadPamplona","twitter_misc":{"Escrito por":"La Gu\u00eda de Pamplona","Tiempo de lectura":"4 minutos"},"schema":{"@context":"https:\/\/schema.org","@graph":[{"@type":"Article","@id":"https:\/\/www.laguiadepamplona.com\/actualidad\/la-tercera-edicion-del-festival-internacional-de-cine-y-artes-escenicas-zinegoak-reivindica-la-libertad-de-expresion-de-genero-y-visibilizar-al-colectivo-gaylesbotrans-en-navarra\/#article","isPartOf":{"@id":"https:\/\/www.laguiadepamplona.com\/actualidad\/la-tercera-edicion-del-festival-internacional-de-cine-y-artes-escenicas-zinegoak-reivindica-la-libertad-de-expresion-de-genero-y-visibilizar-al-colectivo-gaylesbotrans-en-navarra\/"},"author":{"name":"La Gu\u00eda de Pamplona","@id":"https:\/\/www.laguiadepamplona.com\/actualidad\/#\/schema\/person\/efe887376f0213d4657c93adc50b1fdb"},"headline":"La tercera edici\u00f3n del Festival Internacional de Cine y Artes Esc\u00e9nicas Zinegoak reivindica la libertad de expresi\u00f3n de g\u00e9nero y visibilizar al colectivo gaylesbotrans en Navarra","datePublished":"2019-03-15T12:25:33+00:00","mainEntityOfPage":{"@id":"https:\/\/www.laguiadepamplona.com\/actualidad\/la-tercera-edicion-del-festival-internacional-de-cine-y-artes-escenicas-zinegoak-reivindica-la-libertad-de-expresion-de-genero-y-visibilizar-al-colectivo-gaylesbotrans-en-navarra\/"},"wordCount":919,"commentCount":0,"publisher":{"@id":"https:\/\/www.laguiadepamplona.com\/actualidad\/#organization"},"image":{"@id":"https:\/\/www.laguiadepamplona.com\/actualidad\/la-tercera-edicion-del-festival-internacional-de-cine-y-artes-escenicas-zinegoak-reivindica-la-libertad-de-expresion-de-genero-y-visibilizar-al-colectivo-gaylesbotrans-en-navarra\/#primaryimage"},"thumbnailUrl":"https:\/\/www.laguiadepamplona.com\/actualidad\/wp-content\/uploads\/2019\/03\/zinegoak2019banner.jpg","articleSection":["Ayto Pamplona"],"inLanguage":"es","potentialAction":[{"@type":"CommentAction","name":"Comment","target":["https:\/\/www.laguiadepamplona.com\/actualidad\/la-tercera-edicion-del-festival-internacional-de-cine-y-artes-escenicas-zinegoak-reivindica-la-libertad-de-expresion-de-genero-y-visibilizar-al-colectivo-gaylesbotrans-en-navarra\/#respond"]}]},{"@type":"WebPage","@id":"https:\/\/www.laguiadepamplona.com\/actualidad\/la-tercera-edicion-del-festival-internacional-de-cine-y-artes-escenicas-zinegoak-reivindica-la-libertad-de-expresion-de-genero-y-visibilizar-al-colectivo-gaylesbotrans-en-navarra\/","url":"https:\/\/www.laguiadepamplona.com\/actualidad\/la-tercera-edicion-del-festival-internacional-de-cine-y-artes-escenicas-zinegoak-reivindica-la-libertad-de-expresion-de-genero-y-visibilizar-al-colectivo-gaylesbotrans-en-navarra\/","name":"La tercera edici\u00f3n del Festival Internacional de Cine y Artes Esc\u00e9nicas Zinegoak reivindica la libertad de expresi\u00f3n de g\u00e9nero y visibilizar al colectivo gaylesbotrans en Navarra","isPartOf":{"@id":"https:\/\/www.laguiadepamplona.com\/actualidad\/#website"},"primaryImageOfPage":{"@id":"https:\/\/www.laguiadepamplona.com\/actualidad\/la-tercera-edicion-del-festival-internacional-de-cine-y-artes-escenicas-zinegoak-reivindica-la-libertad-de-expresion-de-genero-y-visibilizar-al-colectivo-gaylesbotrans-en-navarra\/#primaryimage"},"image":{"@id":"https:\/\/www.laguiadepamplona.com\/actualidad\/la-tercera-edicion-del-festival-internacional-de-cine-y-artes-escenicas-zinegoak-reivindica-la-libertad-de-expresion-de-genero-y-visibilizar-al-colectivo-gaylesbotrans-en-navarra\/#primaryimage"},"thumbnailUrl":"https:\/\/www.laguiadepamplona.com\/actualidad\/wp-content\/uploads\/2019\/03\/zinegoak2019banner.jpg","datePublished":"2019-03-15T12:25:33+00:00","breadcrumb":{"@id":"https:\/\/www.laguiadepamplona.com\/actualidad\/la-tercera-edicion-del-festival-internacional-de-cine-y-artes-escenicas-zinegoak-reivindica-la-libertad-de-expresion-de-genero-y-visibilizar-al-colectivo-gaylesbotrans-en-navarra\/#breadcrumb"},"inLanguage":"es","potentialAction":[{"@type":"ReadAction","target":["https:\/\/www.laguiadepamplona.com\/actualidad\/la-tercera-edicion-del-festival-internacional-de-cine-y-artes-escenicas-zinegoak-reivindica-la-libertad-de-expresion-de-genero-y-visibilizar-al-colectivo-gaylesbotrans-en-navarra\/"]}]},{"@type":"ImageObject","inLanguage":"es","@id":"https:\/\/www.laguiadepamplona.com\/actualidad\/la-tercera-edicion-del-festival-internacional-de-cine-y-artes-escenicas-zinegoak-reivindica-la-libertad-de-expresion-de-genero-y-visibilizar-al-colectivo-gaylesbotrans-en-navarra\/#primaryimage","url":"https:\/\/www.laguiadepamplona.com\/actualidad\/wp-content\/uploads\/2019\/03\/zinegoak2019banner.jpg","contentUrl":"https:\/\/www.laguiadepamplona.com\/actualidad\/wp-content\/uploads\/2019\/03\/zinegoak2019banner.jpg","width":1500,"height":500},{"@type":"BreadcrumbList","@id":"https:\/\/www.laguiadepamplona.com\/actualidad\/la-tercera-edicion-del-festival-internacional-de-cine-y-artes-escenicas-zinegoak-reivindica-la-libertad-de-expresion-de-genero-y-visibilizar-al-colectivo-gaylesbotrans-en-navarra\/#breadcrumb","itemListElement":[{"@type":"ListItem","position":1,"name":"Portada","item":"https:\/\/www.laguiadepamplona.com\/actualidad\/"},{"@type":"ListItem","position":2,"name":"La tercera edici\u00f3n del Festival Internacional de Cine y Artes Esc\u00e9nicas Zinegoak reivindica la libertad de expresi\u00f3n de g\u00e9nero y visibilizar al colectivo gaylesbotrans en Navarra"}]},{"@type":"WebSite","@id":"https:\/\/www.laguiadepamplona.com\/actualidad\/#website","url":"https:\/\/www.laguiadepamplona.com\/actualidad\/","name":"La gu\u00eda de Pamplona","description":"Noticias de Pamplona","publisher":{"@id":"https:\/\/www.laguiadepamplona.com\/actualidad\/#organization"},"potentialAction":[{"@type":"SearchAction","target":{"@type":"EntryPoint","urlTemplate":"https:\/\/www.laguiadepamplona.com\/actualidad\/?s={search_term_string}"},"query-input":{"@type":"PropertyValueSpecification","valueRequired":true,"valueName":"search_term_string"}}],"inLanguage":"es"},{"@type":"Organization","@id":"https:\/\/www.laguiadepamplona.com\/actualidad\/#organization","name":"La Gu\u00eda de Pamplona \/ Noticias","url":"https:\/\/www.laguiadepamplona.com\/actualidad\/","logo":{"@type":"ImageObject","inLanguage":"es","@id":"https:\/\/www.laguiadepamplona.com\/actualidad\/#\/schema\/logo\/image\/","url":"https:\/\/www.laguiadepamplona.com\/actualidad\/wp-content\/uploads\/2018\/11\/logo-laguiadepamplona18-web1.png","contentUrl":"https:\/\/www.laguiadepamplona.com\/actualidad\/wp-content\/uploads\/2018\/11\/logo-laguiadepamplona18-web1.png","width":600,"height":196,"caption":"La Gu\u00eda de Pamplona \/ Noticias"},"image":{"@id":"https:\/\/www.laguiadepamplona.com\/actualidad\/#\/schema\/logo\/image\/"},"sameAs":["https:\/\/www.facebook.com\/laguiadepamplonacom-133175176762273\/?ref=hl","https:\/\/x.com\/LaGuiadPamplona","https:\/\/www.instagram.com\/la_guia_de_pamplona\/","https:\/\/www.youtube.com\/user\/laguiadepamplona"]},{"@type":"Person","@id":"https:\/\/www.laguiadepamplona.com\/actualidad\/#\/schema\/person\/efe887376f0213d4657c93adc50b1fdb","name":"La Gu\u00eda de Pamplona","image":{"@type":"ImageObject","inLanguage":"es","@id":"https:\/\/secure.gravatar.com\/avatar\/b6992f131dc8d30ab0dff15446e9d346d9dbd95992de0fef795073f5ea83a81c?s=96&d=mm&r=g","url":"https:\/\/secure.gravatar.com\/avatar\/b6992f131dc8d30ab0dff15446e9d346d9dbd95992de0fef795073f5ea83a81c?s=96&d=mm&r=g","contentUrl":"https:\/\/secure.gravatar.com\/avatar\/b6992f131dc8d30ab0dff15446e9d346d9dbd95992de0fef795073f5ea83a81c?s=96&d=mm&r=g","caption":"La Gu\u00eda de Pamplona"}}]}},"post_mailing_queue_ids":[],"_links":{"self":[{"href":"https:\/\/www.laguiadepamplona.com\/actualidad\/wp-json\/wp\/v2\/posts\/20857","targetHints":{"allow":["GET"]}}],"collection":[{"href":"https:\/\/www.laguiadepamplona.com\/actualidad\/wp-json\/wp\/v2\/posts"}],"about":[{"href":"https:\/\/www.laguiadepamplona.com\/actualidad\/wp-json\/wp\/v2\/types\/post"}],"author":[{"embeddable":true,"href":"https:\/\/www.laguiadepamplona.com\/actualidad\/wp-json\/wp\/v2\/users\/1"}],"replies":[{"embeddable":true,"href":"https:\/\/www.laguiadepamplona.com\/actualidad\/wp-json\/wp\/v2\/comments?post=20857"}],"version-history":[{"count":0,"href":"https:\/\/www.laguiadepamplona.com\/actualidad\/wp-json\/wp\/v2\/posts\/20857\/revisions"}],"wp:featuredmedia":[{"embeddable":true,"href":"https:\/\/www.laguiadepamplona.com\/actualidad\/wp-json\/wp\/v2\/media\/20859"}],"wp:attachment":[{"href":"https:\/\/www.laguiadepamplona.com\/actualidad\/wp-json\/wp\/v2\/media?parent=20857"}],"wp:term":[{"taxonomy":"category","embeddable":true,"href":"https:\/\/www.laguiadepamplona.com\/actualidad\/wp-json\/wp\/v2\/categories?post=20857"},{"taxonomy":"post_tag","embeddable":true,"href":"https:\/\/www.laguiadepamplona.com\/actualidad\/wp-json\/wp\/v2\/tags?post=20857"}],"curies":[{"name":"wp","href":"https:\/\/api.w.org\/{rel}","templated":true}]}}