{"id":20827,"date":"2019-03-14T13:47:24","date_gmt":"2019-03-14T11:47:24","guid":{"rendered":"https:\/\/www.laguiadepamplona.es\/actualidad\/?p=20827"},"modified":"2019-03-14T13:47:24","modified_gmt":"2019-03-14T11:47:24","slug":"comienzan-en-condestable-las-proyecciones-del-ciclo-de-cine-dedicado-al-director-japones-yasujiro-ozu","status":"publish","type":"post","link":"https:\/\/www.laguiadepamplona.com\/actualidad\/comienzan-en-condestable-las-proyecciones-del-ciclo-de-cine-dedicado-al-director-japones-yasujiro-ozu\/","title":{"rendered":"Comienzan en Condestable las proyecciones del ciclo de cine dedicado al director japon\u00e9s Yasujiro Ozu"},"content":{"rendered":"<p><!--more--><\/p>\n<h3>Este s\u00e1bado se iniciar\u00e1n las sesiones con la exhibici\u00f3n del filme \u2018Primavera tard\u00eda\u2019, a las 19.30 horas, con entrada libre previa retirada de invitaci\u00f3n<\/h3>\n<p><a href=\"https:\/\/www.laguiadepamplona.es\/actualidad\/wp-content\/uploads\/2019\/03\/19.03.14_ozu_primavera_tardia.jpg\"><img loading=\"lazy\" decoding=\"async\" class=\"alignleft size-medium wp-image-20829\" src=\"https:\/\/www.laguiadepamplona.es\/actualidad\/wp-content\/uploads\/2019\/03\/19.03.14_ozu_primavera_tardia-211x300.jpg\" alt=\"\" width=\"211\" height=\"300\" srcset=\"https:\/\/www.laguiadepamplona.com\/actualidad\/wp-content\/uploads\/2019\/03\/19.03.14_ozu_primavera_tardia-211x300.jpg 211w, https:\/\/www.laguiadepamplona.com\/actualidad\/wp-content\/uploads\/2019\/03\/19.03.14_ozu_primavera_tardia-768x1090.jpg 768w, https:\/\/www.laguiadepamplona.com\/actualidad\/wp-content\/uploads\/2019\/03\/19.03.14_ozu_primavera_tardia-481x682.jpg 481w, https:\/\/www.laguiadepamplona.com\/actualidad\/wp-content\/uploads\/2019\/03\/19.03.14_ozu_primavera_tardia-640x908.jpg 640w, https:\/\/www.laguiadepamplona.com\/actualidad\/wp-content\/uploads\/2019\/03\/19.03.14_ozu_primavera_tardia.jpg 1057w\" sizes=\"auto, (max-width: 211px) 100vw, 211px\" \/><\/a>Este s\u00e1bado se iniciar\u00e1, en Civivox Condestable, la proyecci\u00f3n de los ocho filmes programados de la filmograf\u00eda del realizador japon\u00e9s Yasujiro Ozu. Tras la conferencia de la semana pasada este s\u00e1bado comienza la exhibici\u00f3n de pel\u00edculas del ciclo con \u2018Primavera tard\u00eda\u2019 (Jap\u00f3n, 1949, 118 min.). Este filme, considerado uno de los mejores del director, es el primer t\u00edtulo de la llamada \u201cTrilog\u00eda de Noriko\u201d, tres cintas en las que la actriz Setsuko Hara interpreta a otras tantas mujeres llamadas Noriko. Las otras dos pel\u00edculas que completan la trilog\u00eda son \u2018El comienzo del verano\u2019 (Jap\u00f3n, 1951, 130 min.) y \u2018Cuentos de Tokio\u2019 (Jap\u00f3n,1953, 139 min.) que se proyectar\u00e1n los d\u00edas 23 y 30 de marzo, respectivamente.<\/p>\n<p>La pel\u00edcula de este s\u00e1bado es un drama que se circunscribe al \u00e1mbito de las relaciones familiares. La narraci\u00f3n cuenta la historia de Noriko, una mujer que vive con su padre, un profesor viudo que est\u00e1 a su cuidado. Su padre desea casarla porque, por su edad y seg\u00fan los criterios de su sociedad, ya deber\u00eda haber dado ese paso. Quiere el matrimonio para su hija, aunque ello le suponga quedarse solo. Sin embargo, el mejor candidato para ese enlace se casa con otra mujer\u2026<\/p>\n<p>La sesi\u00f3n, como todas las del ciclo, tendr\u00e1 lugar a las 19.30 horas, con entrada libre previa retirada de invitaciones desde una hora antes (m\u00e1ximo dos por persona); la pel\u00edcula se proyectar\u00e1 en versi\u00f3n original subtitulada. Este ciclo de cine se extender\u00e1 hasta mayo y forma parte del cine \u2018de autor\u2019 que vienen programando el Ayuntamiento de Pamplona y Bilbaoarte.<\/p>\n<p><strong>Ciclo de cine Yasujiro Ozu<\/strong><\/p>\n<ul>\n<li><strong>Lugar: <\/strong>Civivox Condestable<\/li>\n<li><strong>Horario: <\/strong>30 horas<\/li>\n<\/ul>\n<p><strong>S\u00e1bado 16 de marzo<\/strong><\/p>\n<ul>\n<li>Primavera tard\u00eda (Jap\u00f3n, 1949, 108 min.)<\/li>\n<\/ul>\n<p><strong>S\u00e1bado 23 de marzo<\/strong><\/p>\n<ul>\n<li>El comienzo del verano (Jap\u00f3n, 1951, 130 min.)<\/li>\n<\/ul>\n","protected":false},"excerpt":{"rendered":"","protected":false},"author":1,"featured_media":20830,"comment_status":"open","ping_status":"closed","sticky":false,"template":"","format":"standard","meta":{"footnotes":""},"categories":[2],"tags":[],"class_list":["post-20827","post","type-post","status-publish","format-standard","has-post-thumbnail","hentry","category-ayuntamiento-pamplona"],"yoast_head":"<!-- This site is optimized with the Yoast SEO plugin v27.9 - https:\/\/yoast.com\/product\/yoast-seo-wordpress\/ -->\n<title>Comienzan en Condestable las proyecciones del ciclo de cine dedicado al director japon\u00e9s Yasujiro Ozu<\/title>\n<meta name=\"robots\" content=\"index, follow, max-snippet:-1, max-image-preview:large, max-video-preview:-1\" \/>\n<link rel=\"canonical\" href=\"https:\/\/www.laguiadepamplona.com\/actualidad\/comienzan-en-condestable-las-proyecciones-del-ciclo-de-cine-dedicado-al-director-japones-yasujiro-ozu\/\" \/>\n<meta property=\"og:locale\" content=\"es_ES\" \/>\n<meta property=\"og:type\" content=\"article\" \/>\n<meta property=\"og:title\" content=\"Comienzan en Condestable las proyecciones del ciclo de cine dedicado al director japon\u00e9s Yasujiro Ozu\" \/>\n<meta property=\"og:url\" content=\"https:\/\/www.laguiadepamplona.com\/actualidad\/comienzan-en-condestable-las-proyecciones-del-ciclo-de-cine-dedicado-al-director-japones-yasujiro-ozu\/\" \/>\n<meta property=\"og:site_name\" content=\"La Gu\u00eda de Pamplona Noticias y actualidad\" \/>\n<meta property=\"article:publisher\" content=\"https:\/\/www.facebook.com\/laguiadepamplonacom-133175176762273\/?ref=hl\" \/>\n<meta property=\"article:published_time\" content=\"2019-03-14T11:47:24+00:00\" \/>\n<meta property=\"og:image\" content=\"https:\/\/www.laguiadepamplona.com\/actualidad\/wp-content\/uploads\/2019\/03\/19.03.14_ozu_primavera_tardia2.jpg\" \/>\n\t<meta property=\"og:image:width\" content=\"1280\" \/>\n\t<meta property=\"og:image:height\" content=\"784\" \/>\n\t<meta property=\"og:image:type\" content=\"image\/jpeg\" \/>\n<meta name=\"author\" content=\"La Gu\u00eda de Pamplona\" \/>\n<meta name=\"twitter:card\" content=\"summary_large_image\" \/>\n<meta name=\"twitter:creator\" content=\"@LaGuiadPamplona\" \/>\n<meta name=\"twitter:site\" content=\"@LaGuiadPamplona\" \/>\n<meta name=\"twitter:label1\" content=\"Escrito por\" \/>\n\t<meta name=\"twitter:data1\" content=\"La Gu\u00eda de Pamplona\" \/>\n\t<meta name=\"twitter:label2\" content=\"Tiempo de lectura\" \/>\n\t<meta name=\"twitter:data2\" content=\"2 minutos\" \/>\n<script type=\"application\/ld+json\" class=\"yoast-schema-graph\">{\"@context\":\"https:\\\/\\\/schema.org\",\"@graph\":[{\"@type\":\"Article\",\"@id\":\"https:\\\/\\\/www.laguiadepamplona.com\\\/actualidad\\\/comienzan-en-condestable-las-proyecciones-del-ciclo-de-cine-dedicado-al-director-japones-yasujiro-ozu\\\/#article\",\"isPartOf\":{\"@id\":\"https:\\\/\\\/www.laguiadepamplona.com\\\/actualidad\\\/comienzan-en-condestable-las-proyecciones-del-ciclo-de-cine-dedicado-al-director-japones-yasujiro-ozu\\\/\"},\"author\":{\"name\":\"La Gu\u00eda de Pamplona\",\"@id\":\"https:\\\/\\\/www.laguiadepamplona.com\\\/actualidad\\\/#\\\/schema\\\/person\\\/efe887376f0213d4657c93adc50b1fdb\"},\"headline\":\"Comienzan en Condestable las proyecciones del ciclo de cine dedicado al director japon\u00e9s Yasujiro Ozu\",\"datePublished\":\"2019-03-14T11:47:24+00:00\",\"mainEntityOfPage\":{\"@id\":\"https:\\\/\\\/www.laguiadepamplona.com\\\/actualidad\\\/comienzan-en-condestable-las-proyecciones-del-ciclo-de-cine-dedicado-al-director-japones-yasujiro-ozu\\\/\"},\"wordCount\":353,\"commentCount\":0,\"publisher\":{\"@id\":\"https:\\\/\\\/www.laguiadepamplona.com\\\/actualidad\\\/#organization\"},\"image\":{\"@id\":\"https:\\\/\\\/www.laguiadepamplona.com\\\/actualidad\\\/comienzan-en-condestable-las-proyecciones-del-ciclo-de-cine-dedicado-al-director-japones-yasujiro-ozu\\\/#primaryimage\"},\"thumbnailUrl\":\"https:\\\/\\\/www.laguiadepamplona.com\\\/actualidad\\\/wp-content\\\/uploads\\\/2019\\\/03\\\/19.03.14_ozu_primavera_tardia2.jpg\",\"articleSection\":[\"Ayto Pamplona\"],\"inLanguage\":\"es\",\"potentialAction\":[{\"@type\":\"CommentAction\",\"name\":\"Comment\",\"target\":[\"https:\\\/\\\/www.laguiadepamplona.com\\\/actualidad\\\/comienzan-en-condestable-las-proyecciones-del-ciclo-de-cine-dedicado-al-director-japones-yasujiro-ozu\\\/#respond\"]}]},{\"@type\":\"WebPage\",\"@id\":\"https:\\\/\\\/www.laguiadepamplona.com\\\/actualidad\\\/comienzan-en-condestable-las-proyecciones-del-ciclo-de-cine-dedicado-al-director-japones-yasujiro-ozu\\\/\",\"url\":\"https:\\\/\\\/www.laguiadepamplona.com\\\/actualidad\\\/comienzan-en-condestable-las-proyecciones-del-ciclo-de-cine-dedicado-al-director-japones-yasujiro-ozu\\\/\",\"name\":\"Comienzan en Condestable las proyecciones del ciclo de cine dedicado al director japon\u00e9s Yasujiro Ozu\",\"isPartOf\":{\"@id\":\"https:\\\/\\\/www.laguiadepamplona.com\\\/actualidad\\\/#website\"},\"primaryImageOfPage\":{\"@id\":\"https:\\\/\\\/www.laguiadepamplona.com\\\/actualidad\\\/comienzan-en-condestable-las-proyecciones-del-ciclo-de-cine-dedicado-al-director-japones-yasujiro-ozu\\\/#primaryimage\"},\"image\":{\"@id\":\"https:\\\/\\\/www.laguiadepamplona.com\\\/actualidad\\\/comienzan-en-condestable-las-proyecciones-del-ciclo-de-cine-dedicado-al-director-japones-yasujiro-ozu\\\/#primaryimage\"},\"thumbnailUrl\":\"https:\\\/\\\/www.laguiadepamplona.com\\\/actualidad\\\/wp-content\\\/uploads\\\/2019\\\/03\\\/19.03.14_ozu_primavera_tardia2.jpg\",\"datePublished\":\"2019-03-14T11:47:24+00:00\",\"breadcrumb\":{\"@id\":\"https:\\\/\\\/www.laguiadepamplona.com\\\/actualidad\\\/comienzan-en-condestable-las-proyecciones-del-ciclo-de-cine-dedicado-al-director-japones-yasujiro-ozu\\\/#breadcrumb\"},\"inLanguage\":\"es\",\"potentialAction\":[{\"@type\":\"ReadAction\",\"target\":[\"https:\\\/\\\/www.laguiadepamplona.com\\\/actualidad\\\/comienzan-en-condestable-las-proyecciones-del-ciclo-de-cine-dedicado-al-director-japones-yasujiro-ozu\\\/\"]}]},{\"@type\":\"ImageObject\",\"inLanguage\":\"es\",\"@id\":\"https:\\\/\\\/www.laguiadepamplona.com\\\/actualidad\\\/comienzan-en-condestable-las-proyecciones-del-ciclo-de-cine-dedicado-al-director-japones-yasujiro-ozu\\\/#primaryimage\",\"url\":\"https:\\\/\\\/www.laguiadepamplona.com\\\/actualidad\\\/wp-content\\\/uploads\\\/2019\\\/03\\\/19.03.14_ozu_primavera_tardia2.jpg\",\"contentUrl\":\"https:\\\/\\\/www.laguiadepamplona.com\\\/actualidad\\\/wp-content\\\/uploads\\\/2019\\\/03\\\/19.03.14_ozu_primavera_tardia2.jpg\",\"width\":1280,\"height\":784},{\"@type\":\"BreadcrumbList\",\"@id\":\"https:\\\/\\\/www.laguiadepamplona.com\\\/actualidad\\\/comienzan-en-condestable-las-proyecciones-del-ciclo-de-cine-dedicado-al-director-japones-yasujiro-ozu\\\/#breadcrumb\",\"itemListElement\":[{\"@type\":\"ListItem\",\"position\":1,\"name\":\"Portada\",\"item\":\"https:\\\/\\\/www.laguiadepamplona.com\\\/actualidad\\\/\"},{\"@type\":\"ListItem\",\"position\":2,\"name\":\"Comienzan en Condestable las proyecciones del ciclo de cine dedicado al director japon\u00e9s Yasujiro Ozu\"}]},{\"@type\":\"WebSite\",\"@id\":\"https:\\\/\\\/www.laguiadepamplona.com\\\/actualidad\\\/#website\",\"url\":\"https:\\\/\\\/www.laguiadepamplona.com\\\/actualidad\\\/\",\"name\":\"La gu\u00eda de Pamplona\",\"description\":\"Noticias de Pamplona\",\"publisher\":{\"@id\":\"https:\\\/\\\/www.laguiadepamplona.com\\\/actualidad\\\/#organization\"},\"potentialAction\":[{\"@type\":\"SearchAction\",\"target\":{\"@type\":\"EntryPoint\",\"urlTemplate\":\"https:\\\/\\\/www.laguiadepamplona.com\\\/actualidad\\\/?s={search_term_string}\"},\"query-input\":{\"@type\":\"PropertyValueSpecification\",\"valueRequired\":true,\"valueName\":\"search_term_string\"}}],\"inLanguage\":\"es\"},{\"@type\":\"Organization\",\"@id\":\"https:\\\/\\\/www.laguiadepamplona.com\\\/actualidad\\\/#organization\",\"name\":\"La Gu\u00eda de Pamplona \\\/ Noticias\",\"url\":\"https:\\\/\\\/www.laguiadepamplona.com\\\/actualidad\\\/\",\"logo\":{\"@type\":\"ImageObject\",\"inLanguage\":\"es\",\"@id\":\"https:\\\/\\\/www.laguiadepamplona.com\\\/actualidad\\\/#\\\/schema\\\/logo\\\/image\\\/\",\"url\":\"https:\\\/\\\/www.laguiadepamplona.com\\\/actualidad\\\/wp-content\\\/uploads\\\/2018\\\/11\\\/logo-laguiadepamplona18-web1.png\",\"contentUrl\":\"https:\\\/\\\/www.laguiadepamplona.com\\\/actualidad\\\/wp-content\\\/uploads\\\/2018\\\/11\\\/logo-laguiadepamplona18-web1.png\",\"width\":600,\"height\":196,\"caption\":\"La Gu\u00eda de Pamplona \\\/ Noticias\"},\"image\":{\"@id\":\"https:\\\/\\\/www.laguiadepamplona.com\\\/actualidad\\\/#\\\/schema\\\/logo\\\/image\\\/\"},\"sameAs\":[\"https:\\\/\\\/www.facebook.com\\\/laguiadepamplonacom-133175176762273\\\/?ref=hl\",\"https:\\\/\\\/x.com\\\/LaGuiadPamplona\",\"https:\\\/\\\/www.instagram.com\\\/la_guia_de_pamplona\\\/\",\"https:\\\/\\\/www.youtube.com\\\/user\\\/laguiadepamplona\"]},{\"@type\":\"Person\",\"@id\":\"https:\\\/\\\/www.laguiadepamplona.com\\\/actualidad\\\/#\\\/schema\\\/person\\\/efe887376f0213d4657c93adc50b1fdb\",\"name\":\"La Gu\u00eda de Pamplona\",\"image\":{\"@type\":\"ImageObject\",\"inLanguage\":\"es\",\"@id\":\"https:\\\/\\\/secure.gravatar.com\\\/avatar\\\/b6992f131dc8d30ab0dff15446e9d346d9dbd95992de0fef795073f5ea83a81c?s=96&d=mm&r=g\",\"url\":\"https:\\\/\\\/secure.gravatar.com\\\/avatar\\\/b6992f131dc8d30ab0dff15446e9d346d9dbd95992de0fef795073f5ea83a81c?s=96&d=mm&r=g\",\"contentUrl\":\"https:\\\/\\\/secure.gravatar.com\\\/avatar\\\/b6992f131dc8d30ab0dff15446e9d346d9dbd95992de0fef795073f5ea83a81c?s=96&d=mm&r=g\",\"caption\":\"La Gu\u00eda de Pamplona\"}}]}<\/script>\n<!-- \/ Yoast SEO plugin. -->","yoast_head_json":{"title":"Comienzan en Condestable las proyecciones del ciclo de cine dedicado al director japon\u00e9s Yasujiro Ozu","robots":{"index":"index","follow":"follow","max-snippet":"max-snippet:-1","max-image-preview":"max-image-preview:large","max-video-preview":"max-video-preview:-1"},"canonical":"https:\/\/www.laguiadepamplona.com\/actualidad\/comienzan-en-condestable-las-proyecciones-del-ciclo-de-cine-dedicado-al-director-japones-yasujiro-ozu\/","og_locale":"es_ES","og_type":"article","og_title":"Comienzan en Condestable las proyecciones del ciclo de cine dedicado al director japon\u00e9s Yasujiro Ozu","og_url":"https:\/\/www.laguiadepamplona.com\/actualidad\/comienzan-en-condestable-las-proyecciones-del-ciclo-de-cine-dedicado-al-director-japones-yasujiro-ozu\/","og_site_name":"La Gu\u00eda de Pamplona Noticias y actualidad","article_publisher":"https:\/\/www.facebook.com\/laguiadepamplonacom-133175176762273\/?ref=hl","article_published_time":"2019-03-14T11:47:24+00:00","og_image":[{"width":1280,"height":784,"url":"https:\/\/www.laguiadepamplona.com\/actualidad\/wp-content\/uploads\/2019\/03\/19.03.14_ozu_primavera_tardia2.jpg","type":"image\/jpeg"}],"author":"La Gu\u00eda de Pamplona","twitter_card":"summary_large_image","twitter_creator":"@LaGuiadPamplona","twitter_site":"@LaGuiadPamplona","twitter_misc":{"Escrito por":"La Gu\u00eda de Pamplona","Tiempo de lectura":"2 minutos"},"schema":{"@context":"https:\/\/schema.org","@graph":[{"@type":"Article","@id":"https:\/\/www.laguiadepamplona.com\/actualidad\/comienzan-en-condestable-las-proyecciones-del-ciclo-de-cine-dedicado-al-director-japones-yasujiro-ozu\/#article","isPartOf":{"@id":"https:\/\/www.laguiadepamplona.com\/actualidad\/comienzan-en-condestable-las-proyecciones-del-ciclo-de-cine-dedicado-al-director-japones-yasujiro-ozu\/"},"author":{"name":"La Gu\u00eda de Pamplona","@id":"https:\/\/www.laguiadepamplona.com\/actualidad\/#\/schema\/person\/efe887376f0213d4657c93adc50b1fdb"},"headline":"Comienzan en Condestable las proyecciones del ciclo de cine dedicado al director japon\u00e9s Yasujiro Ozu","datePublished":"2019-03-14T11:47:24+00:00","mainEntityOfPage":{"@id":"https:\/\/www.laguiadepamplona.com\/actualidad\/comienzan-en-condestable-las-proyecciones-del-ciclo-de-cine-dedicado-al-director-japones-yasujiro-ozu\/"},"wordCount":353,"commentCount":0,"publisher":{"@id":"https:\/\/www.laguiadepamplona.com\/actualidad\/#organization"},"image":{"@id":"https:\/\/www.laguiadepamplona.com\/actualidad\/comienzan-en-condestable-las-proyecciones-del-ciclo-de-cine-dedicado-al-director-japones-yasujiro-ozu\/#primaryimage"},"thumbnailUrl":"https:\/\/www.laguiadepamplona.com\/actualidad\/wp-content\/uploads\/2019\/03\/19.03.14_ozu_primavera_tardia2.jpg","articleSection":["Ayto Pamplona"],"inLanguage":"es","potentialAction":[{"@type":"CommentAction","name":"Comment","target":["https:\/\/www.laguiadepamplona.com\/actualidad\/comienzan-en-condestable-las-proyecciones-del-ciclo-de-cine-dedicado-al-director-japones-yasujiro-ozu\/#respond"]}]},{"@type":"WebPage","@id":"https:\/\/www.laguiadepamplona.com\/actualidad\/comienzan-en-condestable-las-proyecciones-del-ciclo-de-cine-dedicado-al-director-japones-yasujiro-ozu\/","url":"https:\/\/www.laguiadepamplona.com\/actualidad\/comienzan-en-condestable-las-proyecciones-del-ciclo-de-cine-dedicado-al-director-japones-yasujiro-ozu\/","name":"Comienzan en Condestable las proyecciones del ciclo de cine dedicado al director japon\u00e9s Yasujiro Ozu","isPartOf":{"@id":"https:\/\/www.laguiadepamplona.com\/actualidad\/#website"},"primaryImageOfPage":{"@id":"https:\/\/www.laguiadepamplona.com\/actualidad\/comienzan-en-condestable-las-proyecciones-del-ciclo-de-cine-dedicado-al-director-japones-yasujiro-ozu\/#primaryimage"},"image":{"@id":"https:\/\/www.laguiadepamplona.com\/actualidad\/comienzan-en-condestable-las-proyecciones-del-ciclo-de-cine-dedicado-al-director-japones-yasujiro-ozu\/#primaryimage"},"thumbnailUrl":"https:\/\/www.laguiadepamplona.com\/actualidad\/wp-content\/uploads\/2019\/03\/19.03.14_ozu_primavera_tardia2.jpg","datePublished":"2019-03-14T11:47:24+00:00","breadcrumb":{"@id":"https:\/\/www.laguiadepamplona.com\/actualidad\/comienzan-en-condestable-las-proyecciones-del-ciclo-de-cine-dedicado-al-director-japones-yasujiro-ozu\/#breadcrumb"},"inLanguage":"es","potentialAction":[{"@type":"ReadAction","target":["https:\/\/www.laguiadepamplona.com\/actualidad\/comienzan-en-condestable-las-proyecciones-del-ciclo-de-cine-dedicado-al-director-japones-yasujiro-ozu\/"]}]},{"@type":"ImageObject","inLanguage":"es","@id":"https:\/\/www.laguiadepamplona.com\/actualidad\/comienzan-en-condestable-las-proyecciones-del-ciclo-de-cine-dedicado-al-director-japones-yasujiro-ozu\/#primaryimage","url":"https:\/\/www.laguiadepamplona.com\/actualidad\/wp-content\/uploads\/2019\/03\/19.03.14_ozu_primavera_tardia2.jpg","contentUrl":"https:\/\/www.laguiadepamplona.com\/actualidad\/wp-content\/uploads\/2019\/03\/19.03.14_ozu_primavera_tardia2.jpg","width":1280,"height":784},{"@type":"BreadcrumbList","@id":"https:\/\/www.laguiadepamplona.com\/actualidad\/comienzan-en-condestable-las-proyecciones-del-ciclo-de-cine-dedicado-al-director-japones-yasujiro-ozu\/#breadcrumb","itemListElement":[{"@type":"ListItem","position":1,"name":"Portada","item":"https:\/\/www.laguiadepamplona.com\/actualidad\/"},{"@type":"ListItem","position":2,"name":"Comienzan en Condestable las proyecciones del ciclo de cine dedicado al director japon\u00e9s Yasujiro Ozu"}]},{"@type":"WebSite","@id":"https:\/\/www.laguiadepamplona.com\/actualidad\/#website","url":"https:\/\/www.laguiadepamplona.com\/actualidad\/","name":"La gu\u00eda de Pamplona","description":"Noticias de Pamplona","publisher":{"@id":"https:\/\/www.laguiadepamplona.com\/actualidad\/#organization"},"potentialAction":[{"@type":"SearchAction","target":{"@type":"EntryPoint","urlTemplate":"https:\/\/www.laguiadepamplona.com\/actualidad\/?s={search_term_string}"},"query-input":{"@type":"PropertyValueSpecification","valueRequired":true,"valueName":"search_term_string"}}],"inLanguage":"es"},{"@type":"Organization","@id":"https:\/\/www.laguiadepamplona.com\/actualidad\/#organization","name":"La Gu\u00eda de Pamplona \/ Noticias","url":"https:\/\/www.laguiadepamplona.com\/actualidad\/","logo":{"@type":"ImageObject","inLanguage":"es","@id":"https:\/\/www.laguiadepamplona.com\/actualidad\/#\/schema\/logo\/image\/","url":"https:\/\/www.laguiadepamplona.com\/actualidad\/wp-content\/uploads\/2018\/11\/logo-laguiadepamplona18-web1.png","contentUrl":"https:\/\/www.laguiadepamplona.com\/actualidad\/wp-content\/uploads\/2018\/11\/logo-laguiadepamplona18-web1.png","width":600,"height":196,"caption":"La Gu\u00eda de Pamplona \/ Noticias"},"image":{"@id":"https:\/\/www.laguiadepamplona.com\/actualidad\/#\/schema\/logo\/image\/"},"sameAs":["https:\/\/www.facebook.com\/laguiadepamplonacom-133175176762273\/?ref=hl","https:\/\/x.com\/LaGuiadPamplona","https:\/\/www.instagram.com\/la_guia_de_pamplona\/","https:\/\/www.youtube.com\/user\/laguiadepamplona"]},{"@type":"Person","@id":"https:\/\/www.laguiadepamplona.com\/actualidad\/#\/schema\/person\/efe887376f0213d4657c93adc50b1fdb","name":"La Gu\u00eda de Pamplona","image":{"@type":"ImageObject","inLanguage":"es","@id":"https:\/\/secure.gravatar.com\/avatar\/b6992f131dc8d30ab0dff15446e9d346d9dbd95992de0fef795073f5ea83a81c?s=96&d=mm&r=g","url":"https:\/\/secure.gravatar.com\/avatar\/b6992f131dc8d30ab0dff15446e9d346d9dbd95992de0fef795073f5ea83a81c?s=96&d=mm&r=g","contentUrl":"https:\/\/secure.gravatar.com\/avatar\/b6992f131dc8d30ab0dff15446e9d346d9dbd95992de0fef795073f5ea83a81c?s=96&d=mm&r=g","caption":"La Gu\u00eda de Pamplona"}}]}},"post_mailing_queue_ids":[],"_links":{"self":[{"href":"https:\/\/www.laguiadepamplona.com\/actualidad\/wp-json\/wp\/v2\/posts\/20827","targetHints":{"allow":["GET"]}}],"collection":[{"href":"https:\/\/www.laguiadepamplona.com\/actualidad\/wp-json\/wp\/v2\/posts"}],"about":[{"href":"https:\/\/www.laguiadepamplona.com\/actualidad\/wp-json\/wp\/v2\/types\/post"}],"author":[{"embeddable":true,"href":"https:\/\/www.laguiadepamplona.com\/actualidad\/wp-json\/wp\/v2\/users\/1"}],"replies":[{"embeddable":true,"href":"https:\/\/www.laguiadepamplona.com\/actualidad\/wp-json\/wp\/v2\/comments?post=20827"}],"version-history":[{"count":0,"href":"https:\/\/www.laguiadepamplona.com\/actualidad\/wp-json\/wp\/v2\/posts\/20827\/revisions"}],"wp:featuredmedia":[{"embeddable":true,"href":"https:\/\/www.laguiadepamplona.com\/actualidad\/wp-json\/wp\/v2\/media\/20830"}],"wp:attachment":[{"href":"https:\/\/www.laguiadepamplona.com\/actualidad\/wp-json\/wp\/v2\/media?parent=20827"}],"wp:term":[{"taxonomy":"category","embeddable":true,"href":"https:\/\/www.laguiadepamplona.com\/actualidad\/wp-json\/wp\/v2\/categories?post=20827"},{"taxonomy":"post_tag","embeddable":true,"href":"https:\/\/www.laguiadepamplona.com\/actualidad\/wp-json\/wp\/v2\/tags?post=20827"}],"curies":[{"name":"wp","href":"https:\/\/api.w.org\/{rel}","templated":true}]}}