{"id":20823,"date":"2019-03-14T13:44:33","date_gmt":"2019-03-14T11:44:33","guid":{"rendered":"https:\/\/www.laguiadepamplona.es\/actualidad\/?p=20823"},"modified":"2019-03-14T13:44:33","modified_gmt":"2019-03-14T11:44:33","slug":"quedan-siete-dias-para-poder-presentar-originales-al-concurso-de-carteles-de-san-fermin-2019","status":"publish","type":"post","link":"https:\/\/www.laguiadepamplona.com\/actualidad\/quedan-siete-dias-para-poder-presentar-originales-al-concurso-de-carteles-de-san-fermin-2019\/","title":{"rendered":"Quedan siete d\u00edas para poder presentar originales al concurso de carteles de San Ferm\u00edn 2019"},"content":{"rendered":"<p><!--more--><\/p>\n<h3>El 5 de abril el jurado seleccionar\u00e1 las 20 obras semifinalistas que deber\u00e1n se entregarse en soporte r\u00edgido para la siguiente fase<\/h3>\n<p>Hasta las 14 horas del 20 de marzo. Es la fecha l\u00edmite para entregar originales al \u2018Concurso elecci\u00f3n cartel San Ferm\u00edn 2019\u2019 que convoca el Ayuntamiento de Pamplona. El lugar para hacerlo es el \u00e1rea de Cultura y Educaci\u00f3n del Ayuntamiento de Pamplona (Descalzos, 72 \u2013 2\u00aa planta; 31001 Pamplona. Navarra. Tel\u00e9fono 948 420 960) o los establecidos en la Ley de Procedimiento Administrativo Com\u00fan de las Administraciones P\u00fablicas.<\/p>\n<p>Las propuestas deben entregarse en una memoria USB y en formato jpg. (arte final o fotograf\u00eda) con un tama\u00f1o 1.000 mm x 700mm y deben contener el texto \u2018Pamplona\/ Iru\u00f1a San Ferm\u00edn 2019 6 al 14 de julio \/ Uztailaren 6tik 14ra\u2019. Opcionalmente pueden llevar anexo un documento de un m\u00e1ximo de dos folios (DIN A4\/ Word) que explique el concepto te\u00f3rico de la obra.<\/p>\n<p>Esta documentaci\u00f3n no debe contener firma de la persona autora ni datos que la identifiquen. Solamente se har\u00e1 referencia al lema elegido para el cartel. Cada autor o autora podr\u00e1 presentar un solo cartel, original e in\u00e9dito, de t\u00e9cnica libre. La participaci\u00f3n est\u00e1 abierta a cualquier persona, con la salvedad de que no pueden presentarse obras finalistas de ediciones anteriores. El premio para quien gane es certamen es de 3.600 euros.<\/p>\n<p><strong>Una selecci\u00f3n de 20 originales<\/strong><\/p>\n<p>El 5 de abril comenzar\u00e1 la segunda fase. Una vez recogidas todas las propuestas, un jurado presidido por la directora del \u00e1rea de Cultura y Educaci\u00f3n, Maitena Muruz\u00e1bal, y compuesto por cinco profesionales del campo del dise\u00f1o, la comunicaci\u00f3n o las artes pl\u00e1sticas, as\u00ed como el t\u00e9cnico de Artes Pl\u00e1sticas del Ayuntamiento, deber\u00e1 reducir la cifra de carteles a 20. Los n\u00fameros de plicas se publicar\u00e1n en la p\u00e1gina web del Ayuntamiento de Pamplona, <a href=\"http:\/\/www.pamplona.es\/\" target=\"_blank\" rel=\"noopener noreferrer\">www.pamplona.es<\/a>, junto a las instrucciones de producci\u00f3n y entrega de los carteles preseleccionados en el formato requerido.<\/p>\n<p>Y es que esos ser\u00e1n los que se entreguen en soporte r\u00edgido para una nueva valoraci\u00f3n, porque de entre ellos el jurado seleccionar\u00e1 los 8 finalistas. Entonces se abrir\u00e1, durante al menos 10 d\u00edas, la fase de elecci\u00f3n definitiva en la que se pedir\u00e1 la participaci\u00f3n de personas empadronadas en Pamplona. El plazo para entregar los carteles en soporte r\u00edgido concluir\u00e1 el 12 de abril y el Consistorio abonar\u00e1 a los creadores un m\u00e1ximo de 100 euros concepto de producci\u00f3n, una cantidad que se abonar\u00e1 una vez resuelto el certamen.<\/p>\n<p><strong>Especificaciones de entrega<\/strong><\/p>\n<p><strong>Elementos:<\/strong><\/p>\n<p><strong><u>Una USB<\/u><\/strong> en la que se haya creado una carpeta nombrada con el lema elegido y que incluya<\/p>\n<p>1.- El arte final o una fotograf\u00eda del cartel definitivo, cuyo formato ser\u00e1 de 1000mm x 700mm y en formato JPG, con el texto \u2018Pamplona\/ Iru\u00f1a San Ferm\u00edn 2019 6 al 14 de julio \/ Uztailaren 6tik 14ra\u2019<\/p>\n<p>2.- Opcionalmente un desarrollo te\u00f3rico del concepto y elementos que conforman el cartel (composici\u00f3n, colores, tipograf\u00eda, simbolog\u00eda&#8230;), con una extensi\u00f3n m\u00e1xima de dos folios DIN A4 en formato word<\/p>\n<p>Esta documentaci\u00f3n no debe contener firma de la persona autora ni datos que identifiquen la identifiquen<\/p>\n<p><strong><u>Sobre cerrado<\/u><\/strong>:<\/p>\n<p>En su exterior figurar\u00e1 el lema del cartel<\/p>\n<p>En su interior deber\u00e1n constar el nombre y apellidos de la persona autora, domicilio, n\u00famero de tel\u00e9fono, direcci\u00f3n de correo electr\u00f3nico, fotocopia del DNI, un breve curr\u00edculum profesional y una declaraci\u00f3n firmada en la que la persona autora indique que la obra presentada es original e in\u00e9dita<\/p>\n<p>La autor\u00eda del cartel no podr\u00e1 hacerse p\u00fablica en ning\u00fan momento del proceso del concurso<\/p>\n","protected":false},"excerpt":{"rendered":"","protected":false},"author":1,"featured_media":17589,"comment_status":"open","ping_status":"closed","sticky":false,"template":"","format":"standard","meta":{"footnotes":""},"categories":[2],"tags":[],"class_list":["post-20823","post","type-post","status-publish","format-standard","has-post-thumbnail","hentry","category-ayuntamiento-pamplona"],"yoast_head":"<!-- This site is optimized with the Yoast SEO plugin v27.9 - https:\/\/yoast.com\/product\/yoast-seo-wordpress\/ -->\n<title>Quedan siete d\u00edas para poder presentar originales al concurso de carteles de San Ferm\u00edn 2019<\/title>\n<meta name=\"robots\" content=\"index, follow, max-snippet:-1, max-image-preview:large, max-video-preview:-1\" \/>\n<link rel=\"canonical\" href=\"https:\/\/www.laguiadepamplona.com\/actualidad\/quedan-siete-dias-para-poder-presentar-originales-al-concurso-de-carteles-de-san-fermin-2019\/\" \/>\n<meta property=\"og:locale\" content=\"es_ES\" \/>\n<meta property=\"og:type\" content=\"article\" \/>\n<meta property=\"og:title\" content=\"Quedan siete d\u00edas para poder presentar originales al concurso de carteles de San Ferm\u00edn 2019\" \/>\n<meta property=\"og:url\" content=\"https:\/\/www.laguiadepamplona.com\/actualidad\/quedan-siete-dias-para-poder-presentar-originales-al-concurso-de-carteles-de-san-fermin-2019\/\" \/>\n<meta property=\"og:site_name\" content=\"La Gu\u00eda de Pamplona Noticias y actualidad\" \/>\n<meta property=\"article:publisher\" content=\"https:\/\/www.facebook.com\/laguiadepamplonacom-133175176762273\/?ref=hl\" \/>\n<meta property=\"article:published_time\" content=\"2019-03-14T11:44:33+00:00\" \/>\n<meta property=\"og:image\" content=\"https:\/\/www.laguiadepamplona.com\/actualidad\/wp-content\/uploads\/2018\/05\/san-fermin-2018.jpg\" \/>\n\t<meta property=\"og:image:width\" content=\"1000\" \/>\n\t<meta property=\"og:image:height\" content=\"457\" \/>\n\t<meta property=\"og:image:type\" content=\"image\/jpeg\" \/>\n<meta name=\"author\" content=\"La Gu\u00eda de Pamplona\" \/>\n<meta name=\"twitter:card\" content=\"summary_large_image\" \/>\n<meta name=\"twitter:creator\" content=\"@LaGuiadPamplona\" \/>\n<meta name=\"twitter:site\" content=\"@LaGuiadPamplona\" \/>\n<meta name=\"twitter:label1\" content=\"Escrito por\" \/>\n\t<meta name=\"twitter:data1\" content=\"La Gu\u00eda de Pamplona\" \/>\n\t<meta name=\"twitter:label2\" content=\"Tiempo de lectura\" \/>\n\t<meta name=\"twitter:data2\" content=\"3 minutos\" \/>\n<script type=\"application\/ld+json\" class=\"yoast-schema-graph\">{\"@context\":\"https:\\\/\\\/schema.org\",\"@graph\":[{\"@type\":\"Article\",\"@id\":\"https:\\\/\\\/www.laguiadepamplona.com\\\/actualidad\\\/quedan-siete-dias-para-poder-presentar-originales-al-concurso-de-carteles-de-san-fermin-2019\\\/#article\",\"isPartOf\":{\"@id\":\"https:\\\/\\\/www.laguiadepamplona.com\\\/actualidad\\\/quedan-siete-dias-para-poder-presentar-originales-al-concurso-de-carteles-de-san-fermin-2019\\\/\"},\"author\":{\"name\":\"La Gu\u00eda de Pamplona\",\"@id\":\"https:\\\/\\\/www.laguiadepamplona.com\\\/actualidad\\\/#\\\/schema\\\/person\\\/efe887376f0213d4657c93adc50b1fdb\"},\"headline\":\"Quedan siete d\u00edas para poder presentar originales al concurso de carteles de San Ferm\u00edn 2019\",\"datePublished\":\"2019-03-14T11:44:33+00:00\",\"mainEntityOfPage\":{\"@id\":\"https:\\\/\\\/www.laguiadepamplona.com\\\/actualidad\\\/quedan-siete-dias-para-poder-presentar-originales-al-concurso-de-carteles-de-san-fermin-2019\\\/\"},\"wordCount\":640,\"commentCount\":0,\"publisher\":{\"@id\":\"https:\\\/\\\/www.laguiadepamplona.com\\\/actualidad\\\/#organization\"},\"image\":{\"@id\":\"https:\\\/\\\/www.laguiadepamplona.com\\\/actualidad\\\/quedan-siete-dias-para-poder-presentar-originales-al-concurso-de-carteles-de-san-fermin-2019\\\/#primaryimage\"},\"thumbnailUrl\":\"https:\\\/\\\/www.laguiadepamplona.com\\\/actualidad\\\/wp-content\\\/uploads\\\/2018\\\/05\\\/san-fermin-2018.jpg\",\"articleSection\":[\"Ayto Pamplona\"],\"inLanguage\":\"es\",\"potentialAction\":[{\"@type\":\"CommentAction\",\"name\":\"Comment\",\"target\":[\"https:\\\/\\\/www.laguiadepamplona.com\\\/actualidad\\\/quedan-siete-dias-para-poder-presentar-originales-al-concurso-de-carteles-de-san-fermin-2019\\\/#respond\"]}]},{\"@type\":\"WebPage\",\"@id\":\"https:\\\/\\\/www.laguiadepamplona.com\\\/actualidad\\\/quedan-siete-dias-para-poder-presentar-originales-al-concurso-de-carteles-de-san-fermin-2019\\\/\",\"url\":\"https:\\\/\\\/www.laguiadepamplona.com\\\/actualidad\\\/quedan-siete-dias-para-poder-presentar-originales-al-concurso-de-carteles-de-san-fermin-2019\\\/\",\"name\":\"Quedan siete d\u00edas para poder presentar originales al concurso de carteles de San Ferm\u00edn 2019\",\"isPartOf\":{\"@id\":\"https:\\\/\\\/www.laguiadepamplona.com\\\/actualidad\\\/#website\"},\"primaryImageOfPage\":{\"@id\":\"https:\\\/\\\/www.laguiadepamplona.com\\\/actualidad\\\/quedan-siete-dias-para-poder-presentar-originales-al-concurso-de-carteles-de-san-fermin-2019\\\/#primaryimage\"},\"image\":{\"@id\":\"https:\\\/\\\/www.laguiadepamplona.com\\\/actualidad\\\/quedan-siete-dias-para-poder-presentar-originales-al-concurso-de-carteles-de-san-fermin-2019\\\/#primaryimage\"},\"thumbnailUrl\":\"https:\\\/\\\/www.laguiadepamplona.com\\\/actualidad\\\/wp-content\\\/uploads\\\/2018\\\/05\\\/san-fermin-2018.jpg\",\"datePublished\":\"2019-03-14T11:44:33+00:00\",\"breadcrumb\":{\"@id\":\"https:\\\/\\\/www.laguiadepamplona.com\\\/actualidad\\\/quedan-siete-dias-para-poder-presentar-originales-al-concurso-de-carteles-de-san-fermin-2019\\\/#breadcrumb\"},\"inLanguage\":\"es\",\"potentialAction\":[{\"@type\":\"ReadAction\",\"target\":[\"https:\\\/\\\/www.laguiadepamplona.com\\\/actualidad\\\/quedan-siete-dias-para-poder-presentar-originales-al-concurso-de-carteles-de-san-fermin-2019\\\/\"]}]},{\"@type\":\"ImageObject\",\"inLanguage\":\"es\",\"@id\":\"https:\\\/\\\/www.laguiadepamplona.com\\\/actualidad\\\/quedan-siete-dias-para-poder-presentar-originales-al-concurso-de-carteles-de-san-fermin-2019\\\/#primaryimage\",\"url\":\"https:\\\/\\\/www.laguiadepamplona.com\\\/actualidad\\\/wp-content\\\/uploads\\\/2018\\\/05\\\/san-fermin-2018.jpg\",\"contentUrl\":\"https:\\\/\\\/www.laguiadepamplona.com\\\/actualidad\\\/wp-content\\\/uploads\\\/2018\\\/05\\\/san-fermin-2018.jpg\",\"width\":1000,\"height\":457},{\"@type\":\"BreadcrumbList\",\"@id\":\"https:\\\/\\\/www.laguiadepamplona.com\\\/actualidad\\\/quedan-siete-dias-para-poder-presentar-originales-al-concurso-de-carteles-de-san-fermin-2019\\\/#breadcrumb\",\"itemListElement\":[{\"@type\":\"ListItem\",\"position\":1,\"name\":\"Portada\",\"item\":\"https:\\\/\\\/www.laguiadepamplona.com\\\/actualidad\\\/\"},{\"@type\":\"ListItem\",\"position\":2,\"name\":\"Quedan siete d\u00edas para poder presentar originales al concurso de carteles de San Ferm\u00edn 2019\"}]},{\"@type\":\"WebSite\",\"@id\":\"https:\\\/\\\/www.laguiadepamplona.com\\\/actualidad\\\/#website\",\"url\":\"https:\\\/\\\/www.laguiadepamplona.com\\\/actualidad\\\/\",\"name\":\"La gu\u00eda de Pamplona\",\"description\":\"Noticias de Pamplona\",\"publisher\":{\"@id\":\"https:\\\/\\\/www.laguiadepamplona.com\\\/actualidad\\\/#organization\"},\"potentialAction\":[{\"@type\":\"SearchAction\",\"target\":{\"@type\":\"EntryPoint\",\"urlTemplate\":\"https:\\\/\\\/www.laguiadepamplona.com\\\/actualidad\\\/?s={search_term_string}\"},\"query-input\":{\"@type\":\"PropertyValueSpecification\",\"valueRequired\":true,\"valueName\":\"search_term_string\"}}],\"inLanguage\":\"es\"},{\"@type\":\"Organization\",\"@id\":\"https:\\\/\\\/www.laguiadepamplona.com\\\/actualidad\\\/#organization\",\"name\":\"La Gu\u00eda de Pamplona \\\/ Noticias\",\"url\":\"https:\\\/\\\/www.laguiadepamplona.com\\\/actualidad\\\/\",\"logo\":{\"@type\":\"ImageObject\",\"inLanguage\":\"es\",\"@id\":\"https:\\\/\\\/www.laguiadepamplona.com\\\/actualidad\\\/#\\\/schema\\\/logo\\\/image\\\/\",\"url\":\"https:\\\/\\\/www.laguiadepamplona.com\\\/actualidad\\\/wp-content\\\/uploads\\\/2018\\\/11\\\/logo-laguiadepamplona18-web1.png\",\"contentUrl\":\"https:\\\/\\\/www.laguiadepamplona.com\\\/actualidad\\\/wp-content\\\/uploads\\\/2018\\\/11\\\/logo-laguiadepamplona18-web1.png\",\"width\":600,\"height\":196,\"caption\":\"La Gu\u00eda de Pamplona \\\/ Noticias\"},\"image\":{\"@id\":\"https:\\\/\\\/www.laguiadepamplona.com\\\/actualidad\\\/#\\\/schema\\\/logo\\\/image\\\/\"},\"sameAs\":[\"https:\\\/\\\/www.facebook.com\\\/laguiadepamplonacom-133175176762273\\\/?ref=hl\",\"https:\\\/\\\/x.com\\\/LaGuiadPamplona\",\"https:\\\/\\\/www.instagram.com\\\/la_guia_de_pamplona\\\/\",\"https:\\\/\\\/www.youtube.com\\\/user\\\/laguiadepamplona\"]},{\"@type\":\"Person\",\"@id\":\"https:\\\/\\\/www.laguiadepamplona.com\\\/actualidad\\\/#\\\/schema\\\/person\\\/efe887376f0213d4657c93adc50b1fdb\",\"name\":\"La Gu\u00eda de Pamplona\",\"image\":{\"@type\":\"ImageObject\",\"inLanguage\":\"es\",\"@id\":\"https:\\\/\\\/secure.gravatar.com\\\/avatar\\\/b6992f131dc8d30ab0dff15446e9d346d9dbd95992de0fef795073f5ea83a81c?s=96&d=mm&r=g\",\"url\":\"https:\\\/\\\/secure.gravatar.com\\\/avatar\\\/b6992f131dc8d30ab0dff15446e9d346d9dbd95992de0fef795073f5ea83a81c?s=96&d=mm&r=g\",\"contentUrl\":\"https:\\\/\\\/secure.gravatar.com\\\/avatar\\\/b6992f131dc8d30ab0dff15446e9d346d9dbd95992de0fef795073f5ea83a81c?s=96&d=mm&r=g\",\"caption\":\"La Gu\u00eda de Pamplona\"}}]}<\/script>\n<!-- \/ Yoast SEO plugin. -->","yoast_head_json":{"title":"Quedan siete d\u00edas para poder presentar originales al concurso de carteles de San Ferm\u00edn 2019","robots":{"index":"index","follow":"follow","max-snippet":"max-snippet:-1","max-image-preview":"max-image-preview:large","max-video-preview":"max-video-preview:-1"},"canonical":"https:\/\/www.laguiadepamplona.com\/actualidad\/quedan-siete-dias-para-poder-presentar-originales-al-concurso-de-carteles-de-san-fermin-2019\/","og_locale":"es_ES","og_type":"article","og_title":"Quedan siete d\u00edas para poder presentar originales al concurso de carteles de San Ferm\u00edn 2019","og_url":"https:\/\/www.laguiadepamplona.com\/actualidad\/quedan-siete-dias-para-poder-presentar-originales-al-concurso-de-carteles-de-san-fermin-2019\/","og_site_name":"La Gu\u00eda de Pamplona Noticias y actualidad","article_publisher":"https:\/\/www.facebook.com\/laguiadepamplonacom-133175176762273\/?ref=hl","article_published_time":"2019-03-14T11:44:33+00:00","og_image":[{"width":1000,"height":457,"url":"https:\/\/www.laguiadepamplona.com\/actualidad\/wp-content\/uploads\/2018\/05\/san-fermin-2018.jpg","type":"image\/jpeg"}],"author":"La Gu\u00eda de Pamplona","twitter_card":"summary_large_image","twitter_creator":"@LaGuiadPamplona","twitter_site":"@LaGuiadPamplona","twitter_misc":{"Escrito por":"La Gu\u00eda de Pamplona","Tiempo de lectura":"3 minutos"},"schema":{"@context":"https:\/\/schema.org","@graph":[{"@type":"Article","@id":"https:\/\/www.laguiadepamplona.com\/actualidad\/quedan-siete-dias-para-poder-presentar-originales-al-concurso-de-carteles-de-san-fermin-2019\/#article","isPartOf":{"@id":"https:\/\/www.laguiadepamplona.com\/actualidad\/quedan-siete-dias-para-poder-presentar-originales-al-concurso-de-carteles-de-san-fermin-2019\/"},"author":{"name":"La Gu\u00eda de Pamplona","@id":"https:\/\/www.laguiadepamplona.com\/actualidad\/#\/schema\/person\/efe887376f0213d4657c93adc50b1fdb"},"headline":"Quedan siete d\u00edas para poder presentar originales al concurso de carteles de San Ferm\u00edn 2019","datePublished":"2019-03-14T11:44:33+00:00","mainEntityOfPage":{"@id":"https:\/\/www.laguiadepamplona.com\/actualidad\/quedan-siete-dias-para-poder-presentar-originales-al-concurso-de-carteles-de-san-fermin-2019\/"},"wordCount":640,"commentCount":0,"publisher":{"@id":"https:\/\/www.laguiadepamplona.com\/actualidad\/#organization"},"image":{"@id":"https:\/\/www.laguiadepamplona.com\/actualidad\/quedan-siete-dias-para-poder-presentar-originales-al-concurso-de-carteles-de-san-fermin-2019\/#primaryimage"},"thumbnailUrl":"https:\/\/www.laguiadepamplona.com\/actualidad\/wp-content\/uploads\/2018\/05\/san-fermin-2018.jpg","articleSection":["Ayto Pamplona"],"inLanguage":"es","potentialAction":[{"@type":"CommentAction","name":"Comment","target":["https:\/\/www.laguiadepamplona.com\/actualidad\/quedan-siete-dias-para-poder-presentar-originales-al-concurso-de-carteles-de-san-fermin-2019\/#respond"]}]},{"@type":"WebPage","@id":"https:\/\/www.laguiadepamplona.com\/actualidad\/quedan-siete-dias-para-poder-presentar-originales-al-concurso-de-carteles-de-san-fermin-2019\/","url":"https:\/\/www.laguiadepamplona.com\/actualidad\/quedan-siete-dias-para-poder-presentar-originales-al-concurso-de-carteles-de-san-fermin-2019\/","name":"Quedan siete d\u00edas para poder presentar originales al concurso de carteles de San Ferm\u00edn 2019","isPartOf":{"@id":"https:\/\/www.laguiadepamplona.com\/actualidad\/#website"},"primaryImageOfPage":{"@id":"https:\/\/www.laguiadepamplona.com\/actualidad\/quedan-siete-dias-para-poder-presentar-originales-al-concurso-de-carteles-de-san-fermin-2019\/#primaryimage"},"image":{"@id":"https:\/\/www.laguiadepamplona.com\/actualidad\/quedan-siete-dias-para-poder-presentar-originales-al-concurso-de-carteles-de-san-fermin-2019\/#primaryimage"},"thumbnailUrl":"https:\/\/www.laguiadepamplona.com\/actualidad\/wp-content\/uploads\/2018\/05\/san-fermin-2018.jpg","datePublished":"2019-03-14T11:44:33+00:00","breadcrumb":{"@id":"https:\/\/www.laguiadepamplona.com\/actualidad\/quedan-siete-dias-para-poder-presentar-originales-al-concurso-de-carteles-de-san-fermin-2019\/#breadcrumb"},"inLanguage":"es","potentialAction":[{"@type":"ReadAction","target":["https:\/\/www.laguiadepamplona.com\/actualidad\/quedan-siete-dias-para-poder-presentar-originales-al-concurso-de-carteles-de-san-fermin-2019\/"]}]},{"@type":"ImageObject","inLanguage":"es","@id":"https:\/\/www.laguiadepamplona.com\/actualidad\/quedan-siete-dias-para-poder-presentar-originales-al-concurso-de-carteles-de-san-fermin-2019\/#primaryimage","url":"https:\/\/www.laguiadepamplona.com\/actualidad\/wp-content\/uploads\/2018\/05\/san-fermin-2018.jpg","contentUrl":"https:\/\/www.laguiadepamplona.com\/actualidad\/wp-content\/uploads\/2018\/05\/san-fermin-2018.jpg","width":1000,"height":457},{"@type":"BreadcrumbList","@id":"https:\/\/www.laguiadepamplona.com\/actualidad\/quedan-siete-dias-para-poder-presentar-originales-al-concurso-de-carteles-de-san-fermin-2019\/#breadcrumb","itemListElement":[{"@type":"ListItem","position":1,"name":"Portada","item":"https:\/\/www.laguiadepamplona.com\/actualidad\/"},{"@type":"ListItem","position":2,"name":"Quedan siete d\u00edas para poder presentar originales al concurso de carteles de San Ferm\u00edn 2019"}]},{"@type":"WebSite","@id":"https:\/\/www.laguiadepamplona.com\/actualidad\/#website","url":"https:\/\/www.laguiadepamplona.com\/actualidad\/","name":"La gu\u00eda de Pamplona","description":"Noticias de Pamplona","publisher":{"@id":"https:\/\/www.laguiadepamplona.com\/actualidad\/#organization"},"potentialAction":[{"@type":"SearchAction","target":{"@type":"EntryPoint","urlTemplate":"https:\/\/www.laguiadepamplona.com\/actualidad\/?s={search_term_string}"},"query-input":{"@type":"PropertyValueSpecification","valueRequired":true,"valueName":"search_term_string"}}],"inLanguage":"es"},{"@type":"Organization","@id":"https:\/\/www.laguiadepamplona.com\/actualidad\/#organization","name":"La Gu\u00eda de Pamplona \/ Noticias","url":"https:\/\/www.laguiadepamplona.com\/actualidad\/","logo":{"@type":"ImageObject","inLanguage":"es","@id":"https:\/\/www.laguiadepamplona.com\/actualidad\/#\/schema\/logo\/image\/","url":"https:\/\/www.laguiadepamplona.com\/actualidad\/wp-content\/uploads\/2018\/11\/logo-laguiadepamplona18-web1.png","contentUrl":"https:\/\/www.laguiadepamplona.com\/actualidad\/wp-content\/uploads\/2018\/11\/logo-laguiadepamplona18-web1.png","width":600,"height":196,"caption":"La Gu\u00eda de Pamplona \/ Noticias"},"image":{"@id":"https:\/\/www.laguiadepamplona.com\/actualidad\/#\/schema\/logo\/image\/"},"sameAs":["https:\/\/www.facebook.com\/laguiadepamplonacom-133175176762273\/?ref=hl","https:\/\/x.com\/LaGuiadPamplona","https:\/\/www.instagram.com\/la_guia_de_pamplona\/","https:\/\/www.youtube.com\/user\/laguiadepamplona"]},{"@type":"Person","@id":"https:\/\/www.laguiadepamplona.com\/actualidad\/#\/schema\/person\/efe887376f0213d4657c93adc50b1fdb","name":"La Gu\u00eda de Pamplona","image":{"@type":"ImageObject","inLanguage":"es","@id":"https:\/\/secure.gravatar.com\/avatar\/b6992f131dc8d30ab0dff15446e9d346d9dbd95992de0fef795073f5ea83a81c?s=96&d=mm&r=g","url":"https:\/\/secure.gravatar.com\/avatar\/b6992f131dc8d30ab0dff15446e9d346d9dbd95992de0fef795073f5ea83a81c?s=96&d=mm&r=g","contentUrl":"https:\/\/secure.gravatar.com\/avatar\/b6992f131dc8d30ab0dff15446e9d346d9dbd95992de0fef795073f5ea83a81c?s=96&d=mm&r=g","caption":"La Gu\u00eda de Pamplona"}}]}},"post_mailing_queue_ids":[],"_links":{"self":[{"href":"https:\/\/www.laguiadepamplona.com\/actualidad\/wp-json\/wp\/v2\/posts\/20823","targetHints":{"allow":["GET"]}}],"collection":[{"href":"https:\/\/www.laguiadepamplona.com\/actualidad\/wp-json\/wp\/v2\/posts"}],"about":[{"href":"https:\/\/www.laguiadepamplona.com\/actualidad\/wp-json\/wp\/v2\/types\/post"}],"author":[{"embeddable":true,"href":"https:\/\/www.laguiadepamplona.com\/actualidad\/wp-json\/wp\/v2\/users\/1"}],"replies":[{"embeddable":true,"href":"https:\/\/www.laguiadepamplona.com\/actualidad\/wp-json\/wp\/v2\/comments?post=20823"}],"version-history":[{"count":0,"href":"https:\/\/www.laguiadepamplona.com\/actualidad\/wp-json\/wp\/v2\/posts\/20823\/revisions"}],"wp:featuredmedia":[{"embeddable":true,"href":"https:\/\/www.laguiadepamplona.com\/actualidad\/wp-json\/wp\/v2\/media\/17589"}],"wp:attachment":[{"href":"https:\/\/www.laguiadepamplona.com\/actualidad\/wp-json\/wp\/v2\/media?parent=20823"}],"wp:term":[{"taxonomy":"category","embeddable":true,"href":"https:\/\/www.laguiadepamplona.com\/actualidad\/wp-json\/wp\/v2\/categories?post=20823"},{"taxonomy":"post_tag","embeddable":true,"href":"https:\/\/www.laguiadepamplona.com\/actualidad\/wp-json\/wp\/v2\/tags?post=20823"}],"curies":[{"name":"wp","href":"https:\/\/api.w.org\/{rel}","templated":true}]}}