{"id":20790,"date":"2019-03-13T16:43:52","date_gmt":"2019-03-13T14:43:52","guid":{"rendered":"https:\/\/www.laguiadepamplona.es\/actualidad\/?p=20790"},"modified":"2019-03-13T16:46:24","modified_gmt":"2019-03-13T14:46:24","slug":"el-naturalista-joaquin-araujo-presenta-ante-el-ayuntamiento-de-pamplona-intervegas-una-iniciativa-en-red-de-proteccion-del-patrimonio-agrario-y-los-suelos-fertiles","status":"publish","type":"post","link":"https:\/\/www.laguiadepamplona.com\/actualidad\/el-naturalista-joaquin-araujo-presenta-ante-el-ayuntamiento-de-pamplona-intervegas-una-iniciativa-en-red-de-proteccion-del-patrimonio-agrario-y-los-suelos-fertiles\/","title":{"rendered":"El naturalista Joaqu\u00edn Araujo presenta ante el Ayuntamiento de Pamplona \u2018Intervegas\u2019, una iniciativa en red de protecci\u00f3n del patrimonio agrario y los suelos f\u00e9rtiles"},"content":{"rendered":"<p><!--more--><\/p>\n<h3>Esta ma\u00f1ana ha sido recibido por la comisi\u00f3n de Urbanismo<\/h3>\n<p><a href=\"https:\/\/www.laguiadepamplona.es\/actualidad\/wp-content\/uploads\/2019\/03\/19.03.12_cartel_araujo_intervegas1.jpg\"><img loading=\"lazy\" decoding=\"async\" class=\"alignleft size-medium wp-image-20749\" src=\"https:\/\/www.laguiadepamplona.es\/actualidad\/wp-content\/uploads\/2019\/03\/19.03.12_cartel_araujo_intervegas1-225x300.jpg\" alt=\"\" width=\"225\" height=\"300\" srcset=\"https:\/\/www.laguiadepamplona.com\/actualidad\/wp-content\/uploads\/2019\/03\/19.03.12_cartel_araujo_intervegas1-225x300.jpg 225w, https:\/\/www.laguiadepamplona.com\/actualidad\/wp-content\/uploads\/2019\/03\/19.03.12_cartel_araujo_intervegas1-512x682.jpg 512w, https:\/\/www.laguiadepamplona.com\/actualidad\/wp-content\/uploads\/2019\/03\/19.03.12_cartel_araujo_intervegas1-640x853.jpg 640w, https:\/\/www.laguiadepamplona.com\/actualidad\/wp-content\/uploads\/2019\/03\/19.03.12_cartel_araujo_intervegas1.jpg 750w\" sizes=\"auto, (max-width: 225px) 100vw, 225px\" \/><\/a>Esta ma\u00f1ana a los miembros de la comisi\u00f3n de Urbanismo de Pamplona han recibido al naturalista y divulgador ambiental Joaqu\u00edn Araujo durante su sesi\u00f3n ordinaria. \u00c9l es la cabeza visible de \u2018Intervegas\u2019 una estrategia con horizonte 2031 que busca un pacto global para la soberan\u00eda alimentaria y defensa del territorio en todo el Estado, a trav\u00e9s de la protecci\u00f3n y dinamizaci\u00f3n de los llamados \u2018Territorios Agrarios Hist\u00f3ricos\u2019. Araujo quer\u00eda, en esta sesi\u00f3n, solicitar su compromiso con este proyecto conservacionista que pretende aglutinar a las 17 comunidades aut\u00f3nomas en ese objetivo. Antes del encuentro con los ediles, el alcalde Pamplona, Joseba Asiron, se ha entrevistado con el experto.<\/p>\n<p>Y es que el conocido naturalista en estos momentos est\u00e1 difundiendo los contenidos de \u2018Intervegas. Pacto para la Soberan\u00eda Alimentaria y Defensa del Territorio: Protecci\u00f3n y Dinamizaci\u00f3n de los Territorios Agrarios\u2019, una iniciativa en red que quiere aunar a instituciones, municipios, asociaciones y colectivos, y a la que se ya se han sumado ayuntamientos como los de Granada, Tafalla o Valencia, e instituciones como la Diputaci\u00f3n de Granada o el Parlamento Andaluz.<\/p>\n<p>La idea del proyecto es alcanzar un acuerdo de protecci\u00f3n de las vegas y suelos f\u00e9rtiles, desde los periurbanos a los profundamente rurales, ya que son considerados como reservas alimentarias estrat\u00e9gicas esenciales para la ciudadan\u00eda. Tienen, adem\u00e1s, la virtualidad de ser espacios de producci\u00f3n de cercan\u00eda y por tanto m\u00e1s sostenibles, seg\u00fan los promotores del proyecto, y ayudan a la mejora de la alimentaci\u00f3n de las poblaciones, ya que permiten obtener productos frescos de calidad.<\/p>\n<p>A mediados de febrero el mismo Araujo fue portavoz de estas tesis en la sesi\u00f3n en la que se present\u00f3 una Proposici\u00f3n de Ley que busca la creaci\u00f3n de una norma de car\u00e1cter nacional que proteja estos territorios y que sea la base para su pervivencia, dinamizaci\u00f3n y para la recuperaci\u00f3n de aquellos entornos degradados. La Proposici\u00f3n de Ley ahora est\u00e1 en tramitaci\u00f3n en el Congreso de los Diputados. En Navarra el equipo coordinador de la iniciativa \u2018Intervegas\u2019 es la Fundaci\u00f3n Mundubat.<\/p>\n<p><strong>Una jornada presencial al a\u00f1o y trabajo digital interanual<\/strong><\/p>\n<p>La defensa de los territorios agrarios, explican quienes apoyan la iniciativa, es necesaria por el deterioro y desnaturalizaci\u00f3n a los que actualmente se encuentran sometidos y dado su potencial como fuente de riqueza y empleo, adem\u00e1s de encarnar importantes valores agrarios, culturales, educativos, paisaj\u00edsticos y ambientales. Esta iniciativa en pro del Patrimonio agr\u00edcola comenz\u00f3 a gestarse en 2015 como una federaci\u00f3n estatal cuya \u00faltima reuni\u00f3n fue en octubre de 2018 en Murcia.<\/p>\n<p>La idea es realizar una jornada anual de puesta en com\u00fan que ir\u00e1 itinerando por las diversas comunidades aut\u00f3nomas. Pero el trabajo tiene, adem\u00e1s, una componente digital a trav\u00e9s de la Plataforma Digital Intervegas, un espacio virtual de car\u00e1cter abierto, cuya funci\u00f3n es dar continuidad a lo acordado en las jornadas usando la red, dar difusi\u00f3n del contenido y la informaci\u00f3n de los diferentes espacios agrarios en internet y crear una red de agentes que trabajan en o para los diversos territorios para que puedan compartir informaci\u00f3n fuera de los actos presenciales. Adem\u00e1s de cumplir las veces de blog, esta plataforma pretende combinar tres herramientas digitales: MAPEO, GRAFO, APP m\u00f3viles que sirven para facilitar la comunicaci\u00f3n entre agentes adem\u00e1s de la autogesti\u00f3n de las diferentes comunidades.<\/p>\n<p>&nbsp;<\/p>\n","protected":false},"excerpt":{"rendered":"","protected":false},"author":1,"featured_media":20748,"comment_status":"open","ping_status":"closed","sticky":false,"template":"","format":"standard","meta":{"footnotes":""},"categories":[2],"tags":[],"class_list":["post-20790","post","type-post","status-publish","format-standard","has-post-thumbnail","hentry","category-ayuntamiento-pamplona"],"yoast_head":"<!-- This site is optimized with the Yoast SEO plugin v27.9 - https:\/\/yoast.com\/product\/yoast-seo-wordpress\/ -->\n<title>El naturalista Joaqu\u00edn Araujo presenta ante el Ayuntamiento de Pamplona \u2018Intervegas\u2019, una iniciativa en red de protecci\u00f3n del patrimonio agrario y los suelos f\u00e9rtiles<\/title>\n<meta name=\"robots\" content=\"index, follow, max-snippet:-1, max-image-preview:large, max-video-preview:-1\" \/>\n<link rel=\"canonical\" href=\"https:\/\/www.laguiadepamplona.com\/actualidad\/el-naturalista-joaquin-araujo-presenta-ante-el-ayuntamiento-de-pamplona-intervegas-una-iniciativa-en-red-de-proteccion-del-patrimonio-agrario-y-los-suelos-fertiles\/\" \/>\n<meta property=\"og:locale\" content=\"es_ES\" \/>\n<meta property=\"og:type\" content=\"article\" \/>\n<meta property=\"og:title\" content=\"El naturalista Joaqu\u00edn Araujo presenta ante el Ayuntamiento de Pamplona \u2018Intervegas\u2019, una iniciativa en red de protecci\u00f3n del patrimonio agrario y los suelos f\u00e9rtiles\" \/>\n<meta property=\"og:url\" content=\"https:\/\/www.laguiadepamplona.com\/actualidad\/el-naturalista-joaquin-araujo-presenta-ante-el-ayuntamiento-de-pamplona-intervegas-una-iniciativa-en-red-de-proteccion-del-patrimonio-agrario-y-los-suelos-fertiles\/\" \/>\n<meta property=\"og:site_name\" content=\"La Gu\u00eda de Pamplona Noticias y actualidad\" \/>\n<meta property=\"article:publisher\" content=\"https:\/\/www.facebook.com\/laguiadepamplonacom-133175176762273\/?ref=hl\" \/>\n<meta property=\"article:published_time\" content=\"2019-03-13T14:43:52+00:00\" \/>\n<meta property=\"article:modified_time\" content=\"2019-03-13T14:46:24+00:00\" \/>\n<meta property=\"og:image\" content=\"https:\/\/www.laguiadepamplona.com\/actualidad\/wp-content\/uploads\/2019\/03\/19.03.12_cartel_araujo_intervegas.jpg\" \/>\n\t<meta property=\"og:image:width\" content=\"1920\" \/>\n\t<meta property=\"og:image:height\" content=\"1031\" \/>\n\t<meta property=\"og:image:type\" content=\"image\/jpeg\" \/>\n<meta name=\"author\" content=\"La Gu\u00eda de Pamplona\" \/>\n<meta name=\"twitter:card\" content=\"summary_large_image\" \/>\n<meta name=\"twitter:creator\" content=\"@LaGuiadPamplona\" \/>\n<meta name=\"twitter:site\" content=\"@LaGuiadPamplona\" \/>\n<meta name=\"twitter:label1\" content=\"Escrito por\" \/>\n\t<meta name=\"twitter:data1\" content=\"La Gu\u00eda de Pamplona\" \/>\n\t<meta name=\"twitter:label2\" content=\"Tiempo de lectura\" \/>\n\t<meta name=\"twitter:data2\" content=\"3 minutos\" \/>\n<script type=\"application\/ld+json\" class=\"yoast-schema-graph\">{\"@context\":\"https:\\\/\\\/schema.org\",\"@graph\":[{\"@type\":\"Article\",\"@id\":\"https:\\\/\\\/www.laguiadepamplona.com\\\/actualidad\\\/el-naturalista-joaquin-araujo-presenta-ante-el-ayuntamiento-de-pamplona-intervegas-una-iniciativa-en-red-de-proteccion-del-patrimonio-agrario-y-los-suelos-fertiles\\\/#article\",\"isPartOf\":{\"@id\":\"https:\\\/\\\/www.laguiadepamplona.com\\\/actualidad\\\/el-naturalista-joaquin-araujo-presenta-ante-el-ayuntamiento-de-pamplona-intervegas-una-iniciativa-en-red-de-proteccion-del-patrimonio-agrario-y-los-suelos-fertiles\\\/\"},\"author\":{\"name\":\"La Gu\u00eda de Pamplona\",\"@id\":\"https:\\\/\\\/www.laguiadepamplona.com\\\/actualidad\\\/#\\\/schema\\\/person\\\/efe887376f0213d4657c93adc50b1fdb\"},\"headline\":\"El naturalista Joaqu\u00edn Araujo presenta ante el Ayuntamiento de Pamplona \u2018Intervegas\u2019, una iniciativa en red de protecci\u00f3n del patrimonio agrario y los suelos f\u00e9rtiles\",\"datePublished\":\"2019-03-13T14:43:52+00:00\",\"dateModified\":\"2019-03-13T14:46:24+00:00\",\"mainEntityOfPage\":{\"@id\":\"https:\\\/\\\/www.laguiadepamplona.com\\\/actualidad\\\/el-naturalista-joaquin-araujo-presenta-ante-el-ayuntamiento-de-pamplona-intervegas-una-iniciativa-en-red-de-proteccion-del-patrimonio-agrario-y-los-suelos-fertiles\\\/\"},\"wordCount\":635,\"commentCount\":0,\"publisher\":{\"@id\":\"https:\\\/\\\/www.laguiadepamplona.com\\\/actualidad\\\/#organization\"},\"image\":{\"@id\":\"https:\\\/\\\/www.laguiadepamplona.com\\\/actualidad\\\/el-naturalista-joaquin-araujo-presenta-ante-el-ayuntamiento-de-pamplona-intervegas-una-iniciativa-en-red-de-proteccion-del-patrimonio-agrario-y-los-suelos-fertiles\\\/#primaryimage\"},\"thumbnailUrl\":\"https:\\\/\\\/www.laguiadepamplona.com\\\/actualidad\\\/wp-content\\\/uploads\\\/2019\\\/03\\\/19.03.12_cartel_araujo_intervegas.jpg\",\"articleSection\":[\"Ayto Pamplona\"],\"inLanguage\":\"es\",\"potentialAction\":[{\"@type\":\"CommentAction\",\"name\":\"Comment\",\"target\":[\"https:\\\/\\\/www.laguiadepamplona.com\\\/actualidad\\\/el-naturalista-joaquin-araujo-presenta-ante-el-ayuntamiento-de-pamplona-intervegas-una-iniciativa-en-red-de-proteccion-del-patrimonio-agrario-y-los-suelos-fertiles\\\/#respond\"]}]},{\"@type\":\"WebPage\",\"@id\":\"https:\\\/\\\/www.laguiadepamplona.com\\\/actualidad\\\/el-naturalista-joaquin-araujo-presenta-ante-el-ayuntamiento-de-pamplona-intervegas-una-iniciativa-en-red-de-proteccion-del-patrimonio-agrario-y-los-suelos-fertiles\\\/\",\"url\":\"https:\\\/\\\/www.laguiadepamplona.com\\\/actualidad\\\/el-naturalista-joaquin-araujo-presenta-ante-el-ayuntamiento-de-pamplona-intervegas-una-iniciativa-en-red-de-proteccion-del-patrimonio-agrario-y-los-suelos-fertiles\\\/\",\"name\":\"El naturalista Joaqu\u00edn Araujo presenta ante el Ayuntamiento de Pamplona \u2018Intervegas\u2019, una iniciativa en red de protecci\u00f3n del patrimonio agrario y los suelos f\u00e9rtiles\",\"isPartOf\":{\"@id\":\"https:\\\/\\\/www.laguiadepamplona.com\\\/actualidad\\\/#website\"},\"primaryImageOfPage\":{\"@id\":\"https:\\\/\\\/www.laguiadepamplona.com\\\/actualidad\\\/el-naturalista-joaquin-araujo-presenta-ante-el-ayuntamiento-de-pamplona-intervegas-una-iniciativa-en-red-de-proteccion-del-patrimonio-agrario-y-los-suelos-fertiles\\\/#primaryimage\"},\"image\":{\"@id\":\"https:\\\/\\\/www.laguiadepamplona.com\\\/actualidad\\\/el-naturalista-joaquin-araujo-presenta-ante-el-ayuntamiento-de-pamplona-intervegas-una-iniciativa-en-red-de-proteccion-del-patrimonio-agrario-y-los-suelos-fertiles\\\/#primaryimage\"},\"thumbnailUrl\":\"https:\\\/\\\/www.laguiadepamplona.com\\\/actualidad\\\/wp-content\\\/uploads\\\/2019\\\/03\\\/19.03.12_cartel_araujo_intervegas.jpg\",\"datePublished\":\"2019-03-13T14:43:52+00:00\",\"dateModified\":\"2019-03-13T14:46:24+00:00\",\"breadcrumb\":{\"@id\":\"https:\\\/\\\/www.laguiadepamplona.com\\\/actualidad\\\/el-naturalista-joaquin-araujo-presenta-ante-el-ayuntamiento-de-pamplona-intervegas-una-iniciativa-en-red-de-proteccion-del-patrimonio-agrario-y-los-suelos-fertiles\\\/#breadcrumb\"},\"inLanguage\":\"es\",\"potentialAction\":[{\"@type\":\"ReadAction\",\"target\":[\"https:\\\/\\\/www.laguiadepamplona.com\\\/actualidad\\\/el-naturalista-joaquin-araujo-presenta-ante-el-ayuntamiento-de-pamplona-intervegas-una-iniciativa-en-red-de-proteccion-del-patrimonio-agrario-y-los-suelos-fertiles\\\/\"]}]},{\"@type\":\"ImageObject\",\"inLanguage\":\"es\",\"@id\":\"https:\\\/\\\/www.laguiadepamplona.com\\\/actualidad\\\/el-naturalista-joaquin-araujo-presenta-ante-el-ayuntamiento-de-pamplona-intervegas-una-iniciativa-en-red-de-proteccion-del-patrimonio-agrario-y-los-suelos-fertiles\\\/#primaryimage\",\"url\":\"https:\\\/\\\/www.laguiadepamplona.com\\\/actualidad\\\/wp-content\\\/uploads\\\/2019\\\/03\\\/19.03.12_cartel_araujo_intervegas.jpg\",\"contentUrl\":\"https:\\\/\\\/www.laguiadepamplona.com\\\/actualidad\\\/wp-content\\\/uploads\\\/2019\\\/03\\\/19.03.12_cartel_araujo_intervegas.jpg\",\"width\":1920,\"height\":1031},{\"@type\":\"BreadcrumbList\",\"@id\":\"https:\\\/\\\/www.laguiadepamplona.com\\\/actualidad\\\/el-naturalista-joaquin-araujo-presenta-ante-el-ayuntamiento-de-pamplona-intervegas-una-iniciativa-en-red-de-proteccion-del-patrimonio-agrario-y-los-suelos-fertiles\\\/#breadcrumb\",\"itemListElement\":[{\"@type\":\"ListItem\",\"position\":1,\"name\":\"Portada\",\"item\":\"https:\\\/\\\/www.laguiadepamplona.com\\\/actualidad\\\/\"},{\"@type\":\"ListItem\",\"position\":2,\"name\":\"El naturalista Joaqu\u00edn Araujo presenta ante el Ayuntamiento de Pamplona \u2018Intervegas\u2019, una iniciativa en red de protecci\u00f3n del patrimonio agrario y los suelos f\u00e9rtiles\"}]},{\"@type\":\"WebSite\",\"@id\":\"https:\\\/\\\/www.laguiadepamplona.com\\\/actualidad\\\/#website\",\"url\":\"https:\\\/\\\/www.laguiadepamplona.com\\\/actualidad\\\/\",\"name\":\"La gu\u00eda de Pamplona\",\"description\":\"Noticias de Pamplona\",\"publisher\":{\"@id\":\"https:\\\/\\\/www.laguiadepamplona.com\\\/actualidad\\\/#organization\"},\"potentialAction\":[{\"@type\":\"SearchAction\",\"target\":{\"@type\":\"EntryPoint\",\"urlTemplate\":\"https:\\\/\\\/www.laguiadepamplona.com\\\/actualidad\\\/?s={search_term_string}\"},\"query-input\":{\"@type\":\"PropertyValueSpecification\",\"valueRequired\":true,\"valueName\":\"search_term_string\"}}],\"inLanguage\":\"es\"},{\"@type\":\"Organization\",\"@id\":\"https:\\\/\\\/www.laguiadepamplona.com\\\/actualidad\\\/#organization\",\"name\":\"La Gu\u00eda de Pamplona \\\/ Noticias\",\"url\":\"https:\\\/\\\/www.laguiadepamplona.com\\\/actualidad\\\/\",\"logo\":{\"@type\":\"ImageObject\",\"inLanguage\":\"es\",\"@id\":\"https:\\\/\\\/www.laguiadepamplona.com\\\/actualidad\\\/#\\\/schema\\\/logo\\\/image\\\/\",\"url\":\"https:\\\/\\\/www.laguiadepamplona.com\\\/actualidad\\\/wp-content\\\/uploads\\\/2018\\\/11\\\/logo-laguiadepamplona18-web1.png\",\"contentUrl\":\"https:\\\/\\\/www.laguiadepamplona.com\\\/actualidad\\\/wp-content\\\/uploads\\\/2018\\\/11\\\/logo-laguiadepamplona18-web1.png\",\"width\":600,\"height\":196,\"caption\":\"La Gu\u00eda de Pamplona \\\/ Noticias\"},\"image\":{\"@id\":\"https:\\\/\\\/www.laguiadepamplona.com\\\/actualidad\\\/#\\\/schema\\\/logo\\\/image\\\/\"},\"sameAs\":[\"https:\\\/\\\/www.facebook.com\\\/laguiadepamplonacom-133175176762273\\\/?ref=hl\",\"https:\\\/\\\/x.com\\\/LaGuiadPamplona\",\"https:\\\/\\\/www.instagram.com\\\/la_guia_de_pamplona\\\/\",\"https:\\\/\\\/www.youtube.com\\\/user\\\/laguiadepamplona\"]},{\"@type\":\"Person\",\"@id\":\"https:\\\/\\\/www.laguiadepamplona.com\\\/actualidad\\\/#\\\/schema\\\/person\\\/efe887376f0213d4657c93adc50b1fdb\",\"name\":\"La Gu\u00eda de Pamplona\",\"image\":{\"@type\":\"ImageObject\",\"inLanguage\":\"es\",\"@id\":\"https:\\\/\\\/secure.gravatar.com\\\/avatar\\\/b6992f131dc8d30ab0dff15446e9d346d9dbd95992de0fef795073f5ea83a81c?s=96&d=mm&r=g\",\"url\":\"https:\\\/\\\/secure.gravatar.com\\\/avatar\\\/b6992f131dc8d30ab0dff15446e9d346d9dbd95992de0fef795073f5ea83a81c?s=96&d=mm&r=g\",\"contentUrl\":\"https:\\\/\\\/secure.gravatar.com\\\/avatar\\\/b6992f131dc8d30ab0dff15446e9d346d9dbd95992de0fef795073f5ea83a81c?s=96&d=mm&r=g\",\"caption\":\"La Gu\u00eda de Pamplona\"}}]}<\/script>\n<!-- \/ Yoast SEO plugin. -->","yoast_head_json":{"title":"El naturalista Joaqu\u00edn Araujo presenta ante el Ayuntamiento de Pamplona \u2018Intervegas\u2019, una iniciativa en red de protecci\u00f3n del patrimonio agrario y los suelos f\u00e9rtiles","robots":{"index":"index","follow":"follow","max-snippet":"max-snippet:-1","max-image-preview":"max-image-preview:large","max-video-preview":"max-video-preview:-1"},"canonical":"https:\/\/www.laguiadepamplona.com\/actualidad\/el-naturalista-joaquin-araujo-presenta-ante-el-ayuntamiento-de-pamplona-intervegas-una-iniciativa-en-red-de-proteccion-del-patrimonio-agrario-y-los-suelos-fertiles\/","og_locale":"es_ES","og_type":"article","og_title":"El naturalista Joaqu\u00edn Araujo presenta ante el Ayuntamiento de Pamplona \u2018Intervegas\u2019, una iniciativa en red de protecci\u00f3n del patrimonio agrario y los suelos f\u00e9rtiles","og_url":"https:\/\/www.laguiadepamplona.com\/actualidad\/el-naturalista-joaquin-araujo-presenta-ante-el-ayuntamiento-de-pamplona-intervegas-una-iniciativa-en-red-de-proteccion-del-patrimonio-agrario-y-los-suelos-fertiles\/","og_site_name":"La Gu\u00eda de Pamplona Noticias y actualidad","article_publisher":"https:\/\/www.facebook.com\/laguiadepamplonacom-133175176762273\/?ref=hl","article_published_time":"2019-03-13T14:43:52+00:00","article_modified_time":"2019-03-13T14:46:24+00:00","og_image":[{"width":1920,"height":1031,"url":"https:\/\/www.laguiadepamplona.com\/actualidad\/wp-content\/uploads\/2019\/03\/19.03.12_cartel_araujo_intervegas.jpg","type":"image\/jpeg"}],"author":"La Gu\u00eda de Pamplona","twitter_card":"summary_large_image","twitter_creator":"@LaGuiadPamplona","twitter_site":"@LaGuiadPamplona","twitter_misc":{"Escrito por":"La Gu\u00eda de Pamplona","Tiempo de lectura":"3 minutos"},"schema":{"@context":"https:\/\/schema.org","@graph":[{"@type":"Article","@id":"https:\/\/www.laguiadepamplona.com\/actualidad\/el-naturalista-joaquin-araujo-presenta-ante-el-ayuntamiento-de-pamplona-intervegas-una-iniciativa-en-red-de-proteccion-del-patrimonio-agrario-y-los-suelos-fertiles\/#article","isPartOf":{"@id":"https:\/\/www.laguiadepamplona.com\/actualidad\/el-naturalista-joaquin-araujo-presenta-ante-el-ayuntamiento-de-pamplona-intervegas-una-iniciativa-en-red-de-proteccion-del-patrimonio-agrario-y-los-suelos-fertiles\/"},"author":{"name":"La Gu\u00eda de Pamplona","@id":"https:\/\/www.laguiadepamplona.com\/actualidad\/#\/schema\/person\/efe887376f0213d4657c93adc50b1fdb"},"headline":"El naturalista Joaqu\u00edn Araujo presenta ante el Ayuntamiento de Pamplona \u2018Intervegas\u2019, una iniciativa en red de protecci\u00f3n del patrimonio agrario y los suelos f\u00e9rtiles","datePublished":"2019-03-13T14:43:52+00:00","dateModified":"2019-03-13T14:46:24+00:00","mainEntityOfPage":{"@id":"https:\/\/www.laguiadepamplona.com\/actualidad\/el-naturalista-joaquin-araujo-presenta-ante-el-ayuntamiento-de-pamplona-intervegas-una-iniciativa-en-red-de-proteccion-del-patrimonio-agrario-y-los-suelos-fertiles\/"},"wordCount":635,"commentCount":0,"publisher":{"@id":"https:\/\/www.laguiadepamplona.com\/actualidad\/#organization"},"image":{"@id":"https:\/\/www.laguiadepamplona.com\/actualidad\/el-naturalista-joaquin-araujo-presenta-ante-el-ayuntamiento-de-pamplona-intervegas-una-iniciativa-en-red-de-proteccion-del-patrimonio-agrario-y-los-suelos-fertiles\/#primaryimage"},"thumbnailUrl":"https:\/\/www.laguiadepamplona.com\/actualidad\/wp-content\/uploads\/2019\/03\/19.03.12_cartel_araujo_intervegas.jpg","articleSection":["Ayto Pamplona"],"inLanguage":"es","potentialAction":[{"@type":"CommentAction","name":"Comment","target":["https:\/\/www.laguiadepamplona.com\/actualidad\/el-naturalista-joaquin-araujo-presenta-ante-el-ayuntamiento-de-pamplona-intervegas-una-iniciativa-en-red-de-proteccion-del-patrimonio-agrario-y-los-suelos-fertiles\/#respond"]}]},{"@type":"WebPage","@id":"https:\/\/www.laguiadepamplona.com\/actualidad\/el-naturalista-joaquin-araujo-presenta-ante-el-ayuntamiento-de-pamplona-intervegas-una-iniciativa-en-red-de-proteccion-del-patrimonio-agrario-y-los-suelos-fertiles\/","url":"https:\/\/www.laguiadepamplona.com\/actualidad\/el-naturalista-joaquin-araujo-presenta-ante-el-ayuntamiento-de-pamplona-intervegas-una-iniciativa-en-red-de-proteccion-del-patrimonio-agrario-y-los-suelos-fertiles\/","name":"El naturalista Joaqu\u00edn Araujo presenta ante el Ayuntamiento de Pamplona \u2018Intervegas\u2019, una iniciativa en red de protecci\u00f3n del patrimonio agrario y los suelos f\u00e9rtiles","isPartOf":{"@id":"https:\/\/www.laguiadepamplona.com\/actualidad\/#website"},"primaryImageOfPage":{"@id":"https:\/\/www.laguiadepamplona.com\/actualidad\/el-naturalista-joaquin-araujo-presenta-ante-el-ayuntamiento-de-pamplona-intervegas-una-iniciativa-en-red-de-proteccion-del-patrimonio-agrario-y-los-suelos-fertiles\/#primaryimage"},"image":{"@id":"https:\/\/www.laguiadepamplona.com\/actualidad\/el-naturalista-joaquin-araujo-presenta-ante-el-ayuntamiento-de-pamplona-intervegas-una-iniciativa-en-red-de-proteccion-del-patrimonio-agrario-y-los-suelos-fertiles\/#primaryimage"},"thumbnailUrl":"https:\/\/www.laguiadepamplona.com\/actualidad\/wp-content\/uploads\/2019\/03\/19.03.12_cartel_araujo_intervegas.jpg","datePublished":"2019-03-13T14:43:52+00:00","dateModified":"2019-03-13T14:46:24+00:00","breadcrumb":{"@id":"https:\/\/www.laguiadepamplona.com\/actualidad\/el-naturalista-joaquin-araujo-presenta-ante-el-ayuntamiento-de-pamplona-intervegas-una-iniciativa-en-red-de-proteccion-del-patrimonio-agrario-y-los-suelos-fertiles\/#breadcrumb"},"inLanguage":"es","potentialAction":[{"@type":"ReadAction","target":["https:\/\/www.laguiadepamplona.com\/actualidad\/el-naturalista-joaquin-araujo-presenta-ante-el-ayuntamiento-de-pamplona-intervegas-una-iniciativa-en-red-de-proteccion-del-patrimonio-agrario-y-los-suelos-fertiles\/"]}]},{"@type":"ImageObject","inLanguage":"es","@id":"https:\/\/www.laguiadepamplona.com\/actualidad\/el-naturalista-joaquin-araujo-presenta-ante-el-ayuntamiento-de-pamplona-intervegas-una-iniciativa-en-red-de-proteccion-del-patrimonio-agrario-y-los-suelos-fertiles\/#primaryimage","url":"https:\/\/www.laguiadepamplona.com\/actualidad\/wp-content\/uploads\/2019\/03\/19.03.12_cartel_araujo_intervegas.jpg","contentUrl":"https:\/\/www.laguiadepamplona.com\/actualidad\/wp-content\/uploads\/2019\/03\/19.03.12_cartel_araujo_intervegas.jpg","width":1920,"height":1031},{"@type":"BreadcrumbList","@id":"https:\/\/www.laguiadepamplona.com\/actualidad\/el-naturalista-joaquin-araujo-presenta-ante-el-ayuntamiento-de-pamplona-intervegas-una-iniciativa-en-red-de-proteccion-del-patrimonio-agrario-y-los-suelos-fertiles\/#breadcrumb","itemListElement":[{"@type":"ListItem","position":1,"name":"Portada","item":"https:\/\/www.laguiadepamplona.com\/actualidad\/"},{"@type":"ListItem","position":2,"name":"El naturalista Joaqu\u00edn Araujo presenta ante el Ayuntamiento de Pamplona \u2018Intervegas\u2019, una iniciativa en red de protecci\u00f3n del patrimonio agrario y los suelos f\u00e9rtiles"}]},{"@type":"WebSite","@id":"https:\/\/www.laguiadepamplona.com\/actualidad\/#website","url":"https:\/\/www.laguiadepamplona.com\/actualidad\/","name":"La gu\u00eda de Pamplona","description":"Noticias de Pamplona","publisher":{"@id":"https:\/\/www.laguiadepamplona.com\/actualidad\/#organization"},"potentialAction":[{"@type":"SearchAction","target":{"@type":"EntryPoint","urlTemplate":"https:\/\/www.laguiadepamplona.com\/actualidad\/?s={search_term_string}"},"query-input":{"@type":"PropertyValueSpecification","valueRequired":true,"valueName":"search_term_string"}}],"inLanguage":"es"},{"@type":"Organization","@id":"https:\/\/www.laguiadepamplona.com\/actualidad\/#organization","name":"La Gu\u00eda de Pamplona \/ Noticias","url":"https:\/\/www.laguiadepamplona.com\/actualidad\/","logo":{"@type":"ImageObject","inLanguage":"es","@id":"https:\/\/www.laguiadepamplona.com\/actualidad\/#\/schema\/logo\/image\/","url":"https:\/\/www.laguiadepamplona.com\/actualidad\/wp-content\/uploads\/2018\/11\/logo-laguiadepamplona18-web1.png","contentUrl":"https:\/\/www.laguiadepamplona.com\/actualidad\/wp-content\/uploads\/2018\/11\/logo-laguiadepamplona18-web1.png","width":600,"height":196,"caption":"La Gu\u00eda de Pamplona \/ Noticias"},"image":{"@id":"https:\/\/www.laguiadepamplona.com\/actualidad\/#\/schema\/logo\/image\/"},"sameAs":["https:\/\/www.facebook.com\/laguiadepamplonacom-133175176762273\/?ref=hl","https:\/\/x.com\/LaGuiadPamplona","https:\/\/www.instagram.com\/la_guia_de_pamplona\/","https:\/\/www.youtube.com\/user\/laguiadepamplona"]},{"@type":"Person","@id":"https:\/\/www.laguiadepamplona.com\/actualidad\/#\/schema\/person\/efe887376f0213d4657c93adc50b1fdb","name":"La Gu\u00eda de Pamplona","image":{"@type":"ImageObject","inLanguage":"es","@id":"https:\/\/secure.gravatar.com\/avatar\/b6992f131dc8d30ab0dff15446e9d346d9dbd95992de0fef795073f5ea83a81c?s=96&d=mm&r=g","url":"https:\/\/secure.gravatar.com\/avatar\/b6992f131dc8d30ab0dff15446e9d346d9dbd95992de0fef795073f5ea83a81c?s=96&d=mm&r=g","contentUrl":"https:\/\/secure.gravatar.com\/avatar\/b6992f131dc8d30ab0dff15446e9d346d9dbd95992de0fef795073f5ea83a81c?s=96&d=mm&r=g","caption":"La Gu\u00eda de Pamplona"}}]}},"post_mailing_queue_ids":[],"_links":{"self":[{"href":"https:\/\/www.laguiadepamplona.com\/actualidad\/wp-json\/wp\/v2\/posts\/20790","targetHints":{"allow":["GET"]}}],"collection":[{"href":"https:\/\/www.laguiadepamplona.com\/actualidad\/wp-json\/wp\/v2\/posts"}],"about":[{"href":"https:\/\/www.laguiadepamplona.com\/actualidad\/wp-json\/wp\/v2\/types\/post"}],"author":[{"embeddable":true,"href":"https:\/\/www.laguiadepamplona.com\/actualidad\/wp-json\/wp\/v2\/users\/1"}],"replies":[{"embeddable":true,"href":"https:\/\/www.laguiadepamplona.com\/actualidad\/wp-json\/wp\/v2\/comments?post=20790"}],"version-history":[{"count":0,"href":"https:\/\/www.laguiadepamplona.com\/actualidad\/wp-json\/wp\/v2\/posts\/20790\/revisions"}],"wp:featuredmedia":[{"embeddable":true,"href":"https:\/\/www.laguiadepamplona.com\/actualidad\/wp-json\/wp\/v2\/media\/20748"}],"wp:attachment":[{"href":"https:\/\/www.laguiadepamplona.com\/actualidad\/wp-json\/wp\/v2\/media?parent=20790"}],"wp:term":[{"taxonomy":"category","embeddable":true,"href":"https:\/\/www.laguiadepamplona.com\/actualidad\/wp-json\/wp\/v2\/categories?post=20790"},{"taxonomy":"post_tag","embeddable":true,"href":"https:\/\/www.laguiadepamplona.com\/actualidad\/wp-json\/wp\/v2\/tags?post=20790"}],"curies":[{"name":"wp","href":"https:\/\/api.w.org\/{rel}","templated":true}]}}