{"id":20572,"date":"2019-02-27T16:46:33","date_gmt":"2019-02-27T14:46:33","guid":{"rendered":"https:\/\/www.laguiadepamplona.es\/actualidad\/?p=20572"},"modified":"2019-02-27T16:46:33","modified_gmt":"2019-02-27T14:46:33","slug":"la-proxima-semana-comienzan-las-jornadas-organizadas-por-ayuntamiento-y-cein-para-presentar-las-ultimas-tendencias-en-comercio","status":"publish","type":"post","link":"https:\/\/www.laguiadepamplona.com\/actualidad\/la-proxima-semana-comienzan-las-jornadas-organizadas-por-ayuntamiento-y-cein-para-presentar-las-ultimas-tendencias-en-comercio\/","title":{"rendered":"La pr\u00f3xima semana comienzan las jornadas organizadas por Ayuntamiento y Cein para presentar las \u00faltimas tendencias en comercio"},"content":{"rendered":"<p><!--more--><\/p>\n<h3>Hasta noviembre se han organizado 13 sesiones que abordar\u00e1n nuevas f\u00f3rmulas de comunicaci\u00f3n, ventas por internet o escaparates<\/h3>\n<p>El Ayuntamiento de Pamplona ha promovido para este a\u00f1o, en colaboraci\u00f3n con CEIN, 13 jornadas dirigidas a comercios de la capital en las que se van a presentar las \u00faltimas tendencias, centr\u00e1ndose principalmente en fomentar la digitalizaci\u00f3n de sus negocios. Comenzar\u00e1n el pr\u00f3ximo lunes, 4 de marzo, con una sesi\u00f3n titulada \u2018El arte de vender moda\u2019 impartida por Cristina Navarlaz.<\/p>\n<p>Las inscripciones, al igual que para el resto de sesiones, son gratuitas y pueden realizarse a trav\u00e9s del correo electr\u00f3nico administracion@cein.es o del tel\u00e9fono 848430030. Todas las jornadas tendr\u00e1n lugar en el Palacio de Condestable (calle Mayor n\u00famero 2, 2\u00aa planta), en horario de 14 a 16 horas. Estas jornadas forman parte de las medidas previstas en el plan estrat\u00e9gico de Comercio de Pamplona, en el eje de emprendimiento y competitividad.<\/p>\n<p>Con estas iniciativa, el Consistorio quiere dotar a las personas comerciantes de Pamplona de herramientas para la modernizaci\u00f3n de sus negocios, para profundizar en el marketing digital y para la mejora de las ventas. El a\u00f1o pasado, en una iniciativa similar, se desarrollaron 12 sesiones entre mayo, junio, septiembre, octubre y noviembre que sumaron un total de 352 asistentes. Con acciones como estas, el Ayuntamiento quiere apoyar al comercio de la ciudad que da un valor a\u00f1adido \u00fanico a las calles del centro y a los barrios. Aportan vida y animaci\u00f3n a la vez que contribuyen a la econom\u00eda y a la creaci\u00f3n de empleo.<\/p>\n<p>Las 13 sesiones de este a\u00f1o se han repartido en los dos semestres. En el primero, adem\u00e1s de la venta de moda, se van a abordar temas como la transformaci\u00f3n del comercio en la era digital, Facebook e Instagram, el blog y las noticias de inter\u00e9s, la comunicaci\u00f3n con el cliente por <em>mailchimp<\/em> y Whatsapp o la rentabilidad del espacio. A partir de septiembre, la formaci\u00f3n continuar\u00e1 con sesiones centradas en v\u00eddeos de Youtube, el e-commerce, los escaparates y el \u2018visual merchandising\u2019 o las ventas en Amazon.<\/p>\n<p>Las jornadas estar\u00e1n impartidas por profesionales como Cristina Navarlaz, Juana Ciganda de Ciganda&amp;Koch, Aleix Vals de LiquiD, Alberto Laiglesia y Ana L\u00f3pez de Ilune, Amaya Lozano de Luks&amp;Company y Alex Saiz de Microapps.<\/p>\n<p>&nbsp;<\/p>\n<p><strong>Jornadas Tendencias en Comercio. 2019<\/strong><\/p>\n<ul>\n<li>4 de marzo.<strong>El arte de vender moda. \u00daltimas tendencias<\/strong>. Con Cristina Navarlaz.<\/li>\n<li>11 y 12 de marzo. <strong>Transformaci\u00f3n del comercio en la era digital<\/strong>. Con Aleix Vals. LiquiD.<\/li>\n<li>25 de marzo, <strong>Public\u00edtate en Facebook e Instagram<\/strong>. Con Juana Ciganda. Ciganda&amp;Koch.<\/li>\n<li>8 de abril. <strong>Miprimer blog o c\u00f3mo generar noticias de inter\u00e9s<\/strong>. Con Alberto Laiglesia. Ilune.<\/li>\n<li>15 de abril. <strong>C\u00f3mo me comunico con micliente: \u00bfmailchimp? \u00bfWhatsapp?<\/strong> Con Alberto Laiglesia. Ilune.<\/li>\n<li>20 de mayo. <strong>Rentabiliza tu espacio al m\u00e1ximo<\/strong>. Con Amaya Lozano. Luks&amp;Company.<\/li>\n<li>3 de junio. <strong>Instagram para mi comercio<\/strong>. Con Juana Ciganda. Ciganda&amp;Koch.<\/li>\n<li>23 de septiembre <strong>C\u00f3mo grabar un v\u00eddeo para Youtube<\/strong>. Con Ana L\u00f3pez. Ilune.<\/li>\n<li>30 de septiembre. <strong>C\u00f3mo subir un v\u00eddeo a Youtube<\/strong>. Con Ana L\u00f3pez. Ilune.<\/li>\n<li>7 de octubre. <strong>\u00bfEl e-commerce es para m\u00ed?.<\/strong> Con Juana Ciganda. Ciganda&amp;Koch.<\/li>\n<li>21 de octubre. <strong>Visual merchandising<\/strong>. Con Cristina Navarlaz.<\/li>\n<li>4 de noviembre. <strong>Sorprende con tu escaparate de Navidad<\/strong>. Con Amaya Lozano. Luks&amp;Company.<\/li>\n<li>18 de noviembre. <strong>Incrementa tus ventas con Amazon<\/strong>. Con Alex Saiz Verdaguer. Microapps.<\/li>\n<\/ul>\n","protected":false},"excerpt":{"rendered":"","protected":false},"author":1,"featured_media":14999,"comment_status":"open","ping_status":"closed","sticky":false,"template":"","format":"standard","meta":{"footnotes":""},"categories":[2],"tags":[],"class_list":["post-20572","post","type-post","status-publish","format-standard","has-post-thumbnail","hentry","category-ayuntamiento-pamplona"],"yoast_head":"<!-- This site is optimized with the Yoast SEO plugin v27.9 - https:\/\/yoast.com\/product\/yoast-seo-wordpress\/ -->\n<title>La pr\u00f3xima semana comienzan las jornadas organizadas por Ayuntamiento y Cein para presentar las \u00faltimas tendencias en comercio<\/title>\n<meta name=\"robots\" content=\"index, follow, max-snippet:-1, max-image-preview:large, max-video-preview:-1\" \/>\n<link rel=\"canonical\" href=\"https:\/\/www.laguiadepamplona.com\/actualidad\/la-proxima-semana-comienzan-las-jornadas-organizadas-por-ayuntamiento-y-cein-para-presentar-las-ultimas-tendencias-en-comercio\/\" \/>\n<meta property=\"og:locale\" content=\"es_ES\" \/>\n<meta property=\"og:type\" content=\"article\" \/>\n<meta property=\"og:title\" content=\"La pr\u00f3xima semana comienzan las jornadas organizadas por Ayuntamiento y Cein para presentar las \u00faltimas tendencias en comercio\" \/>\n<meta property=\"og:url\" content=\"https:\/\/www.laguiadepamplona.com\/actualidad\/la-proxima-semana-comienzan-las-jornadas-organizadas-por-ayuntamiento-y-cein-para-presentar-las-ultimas-tendencias-en-comercio\/\" \/>\n<meta property=\"og:site_name\" content=\"La Gu\u00eda de Pamplona Noticias y actualidad\" \/>\n<meta property=\"article:publisher\" content=\"https:\/\/www.facebook.com\/laguiadepamplonacom-133175176762273\/?ref=hl\" \/>\n<meta property=\"article:published_time\" content=\"2019-02-27T14:46:33+00:00\" \/>\n<meta property=\"og:image\" content=\"https:\/\/www.laguiadepamplona.com\/actualidad\/wp-content\/uploads\/2017\/11\/Edificio-CEIN-04.jpg\" \/>\n\t<meta property=\"og:image:width\" content=\"805\" \/>\n\t<meta property=\"og:image:height\" content=\"350\" \/>\n\t<meta property=\"og:image:type\" content=\"image\/jpeg\" \/>\n<meta name=\"author\" content=\"La Gu\u00eda de Pamplona\" \/>\n<meta name=\"twitter:card\" content=\"summary_large_image\" \/>\n<meta name=\"twitter:creator\" content=\"@LaGuiadPamplona\" \/>\n<meta name=\"twitter:site\" content=\"@LaGuiadPamplona\" \/>\n<meta name=\"twitter:label1\" content=\"Escrito por\" \/>\n\t<meta name=\"twitter:data1\" content=\"La Gu\u00eda de Pamplona\" \/>\n\t<meta name=\"twitter:label2\" content=\"Tiempo de lectura\" \/>\n\t<meta name=\"twitter:data2\" content=\"3 minutos\" \/>\n<script type=\"application\/ld+json\" class=\"yoast-schema-graph\">{\"@context\":\"https:\\\/\\\/schema.org\",\"@graph\":[{\"@type\":\"Article\",\"@id\":\"https:\\\/\\\/www.laguiadepamplona.com\\\/actualidad\\\/la-proxima-semana-comienzan-las-jornadas-organizadas-por-ayuntamiento-y-cein-para-presentar-las-ultimas-tendencias-en-comercio\\\/#article\",\"isPartOf\":{\"@id\":\"https:\\\/\\\/www.laguiadepamplona.com\\\/actualidad\\\/la-proxima-semana-comienzan-las-jornadas-organizadas-por-ayuntamiento-y-cein-para-presentar-las-ultimas-tendencias-en-comercio\\\/\"},\"author\":{\"name\":\"La Gu\u00eda de Pamplona\",\"@id\":\"https:\\\/\\\/www.laguiadepamplona.com\\\/actualidad\\\/#\\\/schema\\\/person\\\/efe887376f0213d4657c93adc50b1fdb\"},\"headline\":\"La pr\u00f3xima semana comienzan las jornadas organizadas por Ayuntamiento y Cein para presentar las \u00faltimas tendencias en comercio\",\"datePublished\":\"2019-02-27T14:46:33+00:00\",\"mainEntityOfPage\":{\"@id\":\"https:\\\/\\\/www.laguiadepamplona.com\\\/actualidad\\\/la-proxima-semana-comienzan-las-jornadas-organizadas-por-ayuntamiento-y-cein-para-presentar-las-ultimas-tendencias-en-comercio\\\/\"},\"wordCount\":597,\"commentCount\":0,\"publisher\":{\"@id\":\"https:\\\/\\\/www.laguiadepamplona.com\\\/actualidad\\\/#organization\"},\"image\":{\"@id\":\"https:\\\/\\\/www.laguiadepamplona.com\\\/actualidad\\\/la-proxima-semana-comienzan-las-jornadas-organizadas-por-ayuntamiento-y-cein-para-presentar-las-ultimas-tendencias-en-comercio\\\/#primaryimage\"},\"thumbnailUrl\":\"https:\\\/\\\/www.laguiadepamplona.com\\\/actualidad\\\/wp-content\\\/uploads\\\/2017\\\/11\\\/Edificio-CEIN-04.jpg\",\"articleSection\":[\"Ayto Pamplona\"],\"inLanguage\":\"es\",\"potentialAction\":[{\"@type\":\"CommentAction\",\"name\":\"Comment\",\"target\":[\"https:\\\/\\\/www.laguiadepamplona.com\\\/actualidad\\\/la-proxima-semana-comienzan-las-jornadas-organizadas-por-ayuntamiento-y-cein-para-presentar-las-ultimas-tendencias-en-comercio\\\/#respond\"]}]},{\"@type\":\"WebPage\",\"@id\":\"https:\\\/\\\/www.laguiadepamplona.com\\\/actualidad\\\/la-proxima-semana-comienzan-las-jornadas-organizadas-por-ayuntamiento-y-cein-para-presentar-las-ultimas-tendencias-en-comercio\\\/\",\"url\":\"https:\\\/\\\/www.laguiadepamplona.com\\\/actualidad\\\/la-proxima-semana-comienzan-las-jornadas-organizadas-por-ayuntamiento-y-cein-para-presentar-las-ultimas-tendencias-en-comercio\\\/\",\"name\":\"La pr\u00f3xima semana comienzan las jornadas organizadas por Ayuntamiento y Cein para presentar las \u00faltimas tendencias en comercio\",\"isPartOf\":{\"@id\":\"https:\\\/\\\/www.laguiadepamplona.com\\\/actualidad\\\/#website\"},\"primaryImageOfPage\":{\"@id\":\"https:\\\/\\\/www.laguiadepamplona.com\\\/actualidad\\\/la-proxima-semana-comienzan-las-jornadas-organizadas-por-ayuntamiento-y-cein-para-presentar-las-ultimas-tendencias-en-comercio\\\/#primaryimage\"},\"image\":{\"@id\":\"https:\\\/\\\/www.laguiadepamplona.com\\\/actualidad\\\/la-proxima-semana-comienzan-las-jornadas-organizadas-por-ayuntamiento-y-cein-para-presentar-las-ultimas-tendencias-en-comercio\\\/#primaryimage\"},\"thumbnailUrl\":\"https:\\\/\\\/www.laguiadepamplona.com\\\/actualidad\\\/wp-content\\\/uploads\\\/2017\\\/11\\\/Edificio-CEIN-04.jpg\",\"datePublished\":\"2019-02-27T14:46:33+00:00\",\"breadcrumb\":{\"@id\":\"https:\\\/\\\/www.laguiadepamplona.com\\\/actualidad\\\/la-proxima-semana-comienzan-las-jornadas-organizadas-por-ayuntamiento-y-cein-para-presentar-las-ultimas-tendencias-en-comercio\\\/#breadcrumb\"},\"inLanguage\":\"es\",\"potentialAction\":[{\"@type\":\"ReadAction\",\"target\":[\"https:\\\/\\\/www.laguiadepamplona.com\\\/actualidad\\\/la-proxima-semana-comienzan-las-jornadas-organizadas-por-ayuntamiento-y-cein-para-presentar-las-ultimas-tendencias-en-comercio\\\/\"]}]},{\"@type\":\"ImageObject\",\"inLanguage\":\"es\",\"@id\":\"https:\\\/\\\/www.laguiadepamplona.com\\\/actualidad\\\/la-proxima-semana-comienzan-las-jornadas-organizadas-por-ayuntamiento-y-cein-para-presentar-las-ultimas-tendencias-en-comercio\\\/#primaryimage\",\"url\":\"https:\\\/\\\/www.laguiadepamplona.com\\\/actualidad\\\/wp-content\\\/uploads\\\/2017\\\/11\\\/Edificio-CEIN-04.jpg\",\"contentUrl\":\"https:\\\/\\\/www.laguiadepamplona.com\\\/actualidad\\\/wp-content\\\/uploads\\\/2017\\\/11\\\/Edificio-CEIN-04.jpg\",\"width\":805,\"height\":350,\"caption\":\"cein\"},{\"@type\":\"BreadcrumbList\",\"@id\":\"https:\\\/\\\/www.laguiadepamplona.com\\\/actualidad\\\/la-proxima-semana-comienzan-las-jornadas-organizadas-por-ayuntamiento-y-cein-para-presentar-las-ultimas-tendencias-en-comercio\\\/#breadcrumb\",\"itemListElement\":[{\"@type\":\"ListItem\",\"position\":1,\"name\":\"Portada\",\"item\":\"https:\\\/\\\/www.laguiadepamplona.com\\\/actualidad\\\/\"},{\"@type\":\"ListItem\",\"position\":2,\"name\":\"La pr\u00f3xima semana comienzan las jornadas organizadas por Ayuntamiento y Cein para presentar las \u00faltimas tendencias en comercio\"}]},{\"@type\":\"WebSite\",\"@id\":\"https:\\\/\\\/www.laguiadepamplona.com\\\/actualidad\\\/#website\",\"url\":\"https:\\\/\\\/www.laguiadepamplona.com\\\/actualidad\\\/\",\"name\":\"La gu\u00eda de Pamplona\",\"description\":\"Noticias de Pamplona\",\"publisher\":{\"@id\":\"https:\\\/\\\/www.laguiadepamplona.com\\\/actualidad\\\/#organization\"},\"potentialAction\":[{\"@type\":\"SearchAction\",\"target\":{\"@type\":\"EntryPoint\",\"urlTemplate\":\"https:\\\/\\\/www.laguiadepamplona.com\\\/actualidad\\\/?s={search_term_string}\"},\"query-input\":{\"@type\":\"PropertyValueSpecification\",\"valueRequired\":true,\"valueName\":\"search_term_string\"}}],\"inLanguage\":\"es\"},{\"@type\":\"Organization\",\"@id\":\"https:\\\/\\\/www.laguiadepamplona.com\\\/actualidad\\\/#organization\",\"name\":\"La Gu\u00eda de Pamplona \\\/ Noticias\",\"url\":\"https:\\\/\\\/www.laguiadepamplona.com\\\/actualidad\\\/\",\"logo\":{\"@type\":\"ImageObject\",\"inLanguage\":\"es\",\"@id\":\"https:\\\/\\\/www.laguiadepamplona.com\\\/actualidad\\\/#\\\/schema\\\/logo\\\/image\\\/\",\"url\":\"https:\\\/\\\/www.laguiadepamplona.com\\\/actualidad\\\/wp-content\\\/uploads\\\/2018\\\/11\\\/logo-laguiadepamplona18-web1.png\",\"contentUrl\":\"https:\\\/\\\/www.laguiadepamplona.com\\\/actualidad\\\/wp-content\\\/uploads\\\/2018\\\/11\\\/logo-laguiadepamplona18-web1.png\",\"width\":600,\"height\":196,\"caption\":\"La Gu\u00eda de Pamplona \\\/ Noticias\"},\"image\":{\"@id\":\"https:\\\/\\\/www.laguiadepamplona.com\\\/actualidad\\\/#\\\/schema\\\/logo\\\/image\\\/\"},\"sameAs\":[\"https:\\\/\\\/www.facebook.com\\\/laguiadepamplonacom-133175176762273\\\/?ref=hl\",\"https:\\\/\\\/x.com\\\/LaGuiadPamplona\",\"https:\\\/\\\/www.instagram.com\\\/la_guia_de_pamplona\\\/\",\"https:\\\/\\\/www.youtube.com\\\/user\\\/laguiadepamplona\"]},{\"@type\":\"Person\",\"@id\":\"https:\\\/\\\/www.laguiadepamplona.com\\\/actualidad\\\/#\\\/schema\\\/person\\\/efe887376f0213d4657c93adc50b1fdb\",\"name\":\"La Gu\u00eda de Pamplona\",\"image\":{\"@type\":\"ImageObject\",\"inLanguage\":\"es\",\"@id\":\"https:\\\/\\\/secure.gravatar.com\\\/avatar\\\/b6992f131dc8d30ab0dff15446e9d346d9dbd95992de0fef795073f5ea83a81c?s=96&d=mm&r=g\",\"url\":\"https:\\\/\\\/secure.gravatar.com\\\/avatar\\\/b6992f131dc8d30ab0dff15446e9d346d9dbd95992de0fef795073f5ea83a81c?s=96&d=mm&r=g\",\"contentUrl\":\"https:\\\/\\\/secure.gravatar.com\\\/avatar\\\/b6992f131dc8d30ab0dff15446e9d346d9dbd95992de0fef795073f5ea83a81c?s=96&d=mm&r=g\",\"caption\":\"La Gu\u00eda de Pamplona\"}}]}<\/script>\n<!-- \/ Yoast SEO plugin. -->","yoast_head_json":{"title":"La pr\u00f3xima semana comienzan las jornadas organizadas por Ayuntamiento y Cein para presentar las \u00faltimas tendencias en comercio","robots":{"index":"index","follow":"follow","max-snippet":"max-snippet:-1","max-image-preview":"max-image-preview:large","max-video-preview":"max-video-preview:-1"},"canonical":"https:\/\/www.laguiadepamplona.com\/actualidad\/la-proxima-semana-comienzan-las-jornadas-organizadas-por-ayuntamiento-y-cein-para-presentar-las-ultimas-tendencias-en-comercio\/","og_locale":"es_ES","og_type":"article","og_title":"La pr\u00f3xima semana comienzan las jornadas organizadas por Ayuntamiento y Cein para presentar las \u00faltimas tendencias en comercio","og_url":"https:\/\/www.laguiadepamplona.com\/actualidad\/la-proxima-semana-comienzan-las-jornadas-organizadas-por-ayuntamiento-y-cein-para-presentar-las-ultimas-tendencias-en-comercio\/","og_site_name":"La Gu\u00eda de Pamplona Noticias y actualidad","article_publisher":"https:\/\/www.facebook.com\/laguiadepamplonacom-133175176762273\/?ref=hl","article_published_time":"2019-02-27T14:46:33+00:00","og_image":[{"width":805,"height":350,"url":"https:\/\/www.laguiadepamplona.com\/actualidad\/wp-content\/uploads\/2017\/11\/Edificio-CEIN-04.jpg","type":"image\/jpeg"}],"author":"La Gu\u00eda de Pamplona","twitter_card":"summary_large_image","twitter_creator":"@LaGuiadPamplona","twitter_site":"@LaGuiadPamplona","twitter_misc":{"Escrito por":"La Gu\u00eda de Pamplona","Tiempo de lectura":"3 minutos"},"schema":{"@context":"https:\/\/schema.org","@graph":[{"@type":"Article","@id":"https:\/\/www.laguiadepamplona.com\/actualidad\/la-proxima-semana-comienzan-las-jornadas-organizadas-por-ayuntamiento-y-cein-para-presentar-las-ultimas-tendencias-en-comercio\/#article","isPartOf":{"@id":"https:\/\/www.laguiadepamplona.com\/actualidad\/la-proxima-semana-comienzan-las-jornadas-organizadas-por-ayuntamiento-y-cein-para-presentar-las-ultimas-tendencias-en-comercio\/"},"author":{"name":"La Gu\u00eda de Pamplona","@id":"https:\/\/www.laguiadepamplona.com\/actualidad\/#\/schema\/person\/efe887376f0213d4657c93adc50b1fdb"},"headline":"La pr\u00f3xima semana comienzan las jornadas organizadas por Ayuntamiento y Cein para presentar las \u00faltimas tendencias en comercio","datePublished":"2019-02-27T14:46:33+00:00","mainEntityOfPage":{"@id":"https:\/\/www.laguiadepamplona.com\/actualidad\/la-proxima-semana-comienzan-las-jornadas-organizadas-por-ayuntamiento-y-cein-para-presentar-las-ultimas-tendencias-en-comercio\/"},"wordCount":597,"commentCount":0,"publisher":{"@id":"https:\/\/www.laguiadepamplona.com\/actualidad\/#organization"},"image":{"@id":"https:\/\/www.laguiadepamplona.com\/actualidad\/la-proxima-semana-comienzan-las-jornadas-organizadas-por-ayuntamiento-y-cein-para-presentar-las-ultimas-tendencias-en-comercio\/#primaryimage"},"thumbnailUrl":"https:\/\/www.laguiadepamplona.com\/actualidad\/wp-content\/uploads\/2017\/11\/Edificio-CEIN-04.jpg","articleSection":["Ayto Pamplona"],"inLanguage":"es","potentialAction":[{"@type":"CommentAction","name":"Comment","target":["https:\/\/www.laguiadepamplona.com\/actualidad\/la-proxima-semana-comienzan-las-jornadas-organizadas-por-ayuntamiento-y-cein-para-presentar-las-ultimas-tendencias-en-comercio\/#respond"]}]},{"@type":"WebPage","@id":"https:\/\/www.laguiadepamplona.com\/actualidad\/la-proxima-semana-comienzan-las-jornadas-organizadas-por-ayuntamiento-y-cein-para-presentar-las-ultimas-tendencias-en-comercio\/","url":"https:\/\/www.laguiadepamplona.com\/actualidad\/la-proxima-semana-comienzan-las-jornadas-organizadas-por-ayuntamiento-y-cein-para-presentar-las-ultimas-tendencias-en-comercio\/","name":"La pr\u00f3xima semana comienzan las jornadas organizadas por Ayuntamiento y Cein para presentar las \u00faltimas tendencias en comercio","isPartOf":{"@id":"https:\/\/www.laguiadepamplona.com\/actualidad\/#website"},"primaryImageOfPage":{"@id":"https:\/\/www.laguiadepamplona.com\/actualidad\/la-proxima-semana-comienzan-las-jornadas-organizadas-por-ayuntamiento-y-cein-para-presentar-las-ultimas-tendencias-en-comercio\/#primaryimage"},"image":{"@id":"https:\/\/www.laguiadepamplona.com\/actualidad\/la-proxima-semana-comienzan-las-jornadas-organizadas-por-ayuntamiento-y-cein-para-presentar-las-ultimas-tendencias-en-comercio\/#primaryimage"},"thumbnailUrl":"https:\/\/www.laguiadepamplona.com\/actualidad\/wp-content\/uploads\/2017\/11\/Edificio-CEIN-04.jpg","datePublished":"2019-02-27T14:46:33+00:00","breadcrumb":{"@id":"https:\/\/www.laguiadepamplona.com\/actualidad\/la-proxima-semana-comienzan-las-jornadas-organizadas-por-ayuntamiento-y-cein-para-presentar-las-ultimas-tendencias-en-comercio\/#breadcrumb"},"inLanguage":"es","potentialAction":[{"@type":"ReadAction","target":["https:\/\/www.laguiadepamplona.com\/actualidad\/la-proxima-semana-comienzan-las-jornadas-organizadas-por-ayuntamiento-y-cein-para-presentar-las-ultimas-tendencias-en-comercio\/"]}]},{"@type":"ImageObject","inLanguage":"es","@id":"https:\/\/www.laguiadepamplona.com\/actualidad\/la-proxima-semana-comienzan-las-jornadas-organizadas-por-ayuntamiento-y-cein-para-presentar-las-ultimas-tendencias-en-comercio\/#primaryimage","url":"https:\/\/www.laguiadepamplona.com\/actualidad\/wp-content\/uploads\/2017\/11\/Edificio-CEIN-04.jpg","contentUrl":"https:\/\/www.laguiadepamplona.com\/actualidad\/wp-content\/uploads\/2017\/11\/Edificio-CEIN-04.jpg","width":805,"height":350,"caption":"cein"},{"@type":"BreadcrumbList","@id":"https:\/\/www.laguiadepamplona.com\/actualidad\/la-proxima-semana-comienzan-las-jornadas-organizadas-por-ayuntamiento-y-cein-para-presentar-las-ultimas-tendencias-en-comercio\/#breadcrumb","itemListElement":[{"@type":"ListItem","position":1,"name":"Portada","item":"https:\/\/www.laguiadepamplona.com\/actualidad\/"},{"@type":"ListItem","position":2,"name":"La pr\u00f3xima semana comienzan las jornadas organizadas por Ayuntamiento y Cein para presentar las \u00faltimas tendencias en comercio"}]},{"@type":"WebSite","@id":"https:\/\/www.laguiadepamplona.com\/actualidad\/#website","url":"https:\/\/www.laguiadepamplona.com\/actualidad\/","name":"La gu\u00eda de Pamplona","description":"Noticias de Pamplona","publisher":{"@id":"https:\/\/www.laguiadepamplona.com\/actualidad\/#organization"},"potentialAction":[{"@type":"SearchAction","target":{"@type":"EntryPoint","urlTemplate":"https:\/\/www.laguiadepamplona.com\/actualidad\/?s={search_term_string}"},"query-input":{"@type":"PropertyValueSpecification","valueRequired":true,"valueName":"search_term_string"}}],"inLanguage":"es"},{"@type":"Organization","@id":"https:\/\/www.laguiadepamplona.com\/actualidad\/#organization","name":"La Gu\u00eda de Pamplona \/ Noticias","url":"https:\/\/www.laguiadepamplona.com\/actualidad\/","logo":{"@type":"ImageObject","inLanguage":"es","@id":"https:\/\/www.laguiadepamplona.com\/actualidad\/#\/schema\/logo\/image\/","url":"https:\/\/www.laguiadepamplona.com\/actualidad\/wp-content\/uploads\/2018\/11\/logo-laguiadepamplona18-web1.png","contentUrl":"https:\/\/www.laguiadepamplona.com\/actualidad\/wp-content\/uploads\/2018\/11\/logo-laguiadepamplona18-web1.png","width":600,"height":196,"caption":"La Gu\u00eda de Pamplona \/ Noticias"},"image":{"@id":"https:\/\/www.laguiadepamplona.com\/actualidad\/#\/schema\/logo\/image\/"},"sameAs":["https:\/\/www.facebook.com\/laguiadepamplonacom-133175176762273\/?ref=hl","https:\/\/x.com\/LaGuiadPamplona","https:\/\/www.instagram.com\/la_guia_de_pamplona\/","https:\/\/www.youtube.com\/user\/laguiadepamplona"]},{"@type":"Person","@id":"https:\/\/www.laguiadepamplona.com\/actualidad\/#\/schema\/person\/efe887376f0213d4657c93adc50b1fdb","name":"La Gu\u00eda de Pamplona","image":{"@type":"ImageObject","inLanguage":"es","@id":"https:\/\/secure.gravatar.com\/avatar\/b6992f131dc8d30ab0dff15446e9d346d9dbd95992de0fef795073f5ea83a81c?s=96&d=mm&r=g","url":"https:\/\/secure.gravatar.com\/avatar\/b6992f131dc8d30ab0dff15446e9d346d9dbd95992de0fef795073f5ea83a81c?s=96&d=mm&r=g","contentUrl":"https:\/\/secure.gravatar.com\/avatar\/b6992f131dc8d30ab0dff15446e9d346d9dbd95992de0fef795073f5ea83a81c?s=96&d=mm&r=g","caption":"La Gu\u00eda de Pamplona"}}]}},"post_mailing_queue_ids":[],"_links":{"self":[{"href":"https:\/\/www.laguiadepamplona.com\/actualidad\/wp-json\/wp\/v2\/posts\/20572","targetHints":{"allow":["GET"]}}],"collection":[{"href":"https:\/\/www.laguiadepamplona.com\/actualidad\/wp-json\/wp\/v2\/posts"}],"about":[{"href":"https:\/\/www.laguiadepamplona.com\/actualidad\/wp-json\/wp\/v2\/types\/post"}],"author":[{"embeddable":true,"href":"https:\/\/www.laguiadepamplona.com\/actualidad\/wp-json\/wp\/v2\/users\/1"}],"replies":[{"embeddable":true,"href":"https:\/\/www.laguiadepamplona.com\/actualidad\/wp-json\/wp\/v2\/comments?post=20572"}],"version-history":[{"count":0,"href":"https:\/\/www.laguiadepamplona.com\/actualidad\/wp-json\/wp\/v2\/posts\/20572\/revisions"}],"wp:featuredmedia":[{"embeddable":true,"href":"https:\/\/www.laguiadepamplona.com\/actualidad\/wp-json\/wp\/v2\/media\/14999"}],"wp:attachment":[{"href":"https:\/\/www.laguiadepamplona.com\/actualidad\/wp-json\/wp\/v2\/media?parent=20572"}],"wp:term":[{"taxonomy":"category","embeddable":true,"href":"https:\/\/www.laguiadepamplona.com\/actualidad\/wp-json\/wp\/v2\/categories?post=20572"},{"taxonomy":"post_tag","embeddable":true,"href":"https:\/\/www.laguiadepamplona.com\/actualidad\/wp-json\/wp\/v2\/tags?post=20572"}],"curies":[{"name":"wp","href":"https:\/\/api.w.org\/{rel}","templated":true}]}}