{"id":20521,"date":"2019-02-22T17:04:55","date_gmt":"2019-02-22T15:04:55","guid":{"rendered":"https:\/\/www.laguiadepamplona.es\/actualidad\/?p=20521"},"modified":"2019-02-22T17:04:55","modified_gmt":"2019-02-22T15:04:55","slug":"el-lunes-comienza-la-tercera-y-ultima-fase-de-las-obras-de-mejora-en-los-ascensores-de-calle-descalzos-que-se-prolongara-hasta-mediados-de-abril","status":"publish","type":"post","link":"https:\/\/www.laguiadepamplona.com\/actualidad\/el-lunes-comienza-la-tercera-y-ultima-fase-de-las-obras-de-mejora-en-los-ascensores-de-calle-descalzos-que-se-prolongara-hasta-mediados-de-abril\/","title":{"rendered":"El lunes comienza la tercera y \u00faltima fase de las obras de mejora en los ascensores de calle Descalzos, que se prolongar\u00e1 hasta mediados de abril"},"content":{"rendered":"<p><!--more--><\/p>\n<h3>Durante la realizaci\u00f3n de los trabajos siempre se mantendr\u00e1 operativo al menos uno de los ascensores<\/h3>\n<p>El Ayuntamiento de Pamplona va a acometer a partir del lunes 25 de febrero la tercera y \u00faltima fase de las obras de mejora de los ascensores de Descalzos, que une el barrio de Rochapea con el Casco Antiguo. Los trabajos concluir\u00e1n previsiblemente a mediados del mes de abril y durante la realizaci\u00f3n de las obras siempre se mantendr\u00e1 operativo al menos uno de los dos ascensores.<\/p>\n<p>Esta tercera fase, en concreto, incluye la mejora de las puertas de planta y de cabina y otras peque\u00f1as actuaciones t\u00e9cnicas relacionadas con el sistema de rescate para los bomberos y los mecanismos de cabina. Con estas actuaciones se dar\u00e1n por concluidos los trabajos para modernizar esta infraestructura iniciados en el \u00faltimo trimestre del a\u00f1o pasado para evitar tambi\u00e9n posibles aver\u00edas. El Ayuntamiento ha invertido para ello 174.418 euros. Desde la realizaci\u00f3n de estas reformas las aver\u00edas se han reducido en un 63%.<\/p>\n<p>El Ayuntamiento de Pamplona pone a disposici\u00f3n de la ciudadan\u00eda el tel\u00e9fono 010 \u2013 948 420 100, con llamada gratuita, para atender cualquier queja, sugerencia, molestia o duda que estos trabajos pueden suponer.<\/p>\n","protected":false},"excerpt":{"rendered":"","protected":false},"author":1,"featured_media":17600,"comment_status":"open","ping_status":"closed","sticky":false,"template":"","format":"standard","meta":{"footnotes":""},"categories":[2],"tags":[],"class_list":["post-20521","post","type-post","status-publish","format-standard","has-post-thumbnail","hentry","category-ayuntamiento-pamplona"],"yoast_head":"<!-- This site is optimized with the Yoast SEO plugin v27.9 - https:\/\/yoast.com\/product\/yoast-seo-wordpress\/ -->\n<title>El lunes comienza la tercera y \u00faltima fase de las obras de mejora en los ascensores de calle Descalzos, que se prolongar\u00e1 hasta mediados de abril<\/title>\n<meta name=\"robots\" content=\"index, follow, max-snippet:-1, max-image-preview:large, max-video-preview:-1\" \/>\n<link rel=\"canonical\" href=\"https:\/\/www.laguiadepamplona.com\/actualidad\/el-lunes-comienza-la-tercera-y-ultima-fase-de-las-obras-de-mejora-en-los-ascensores-de-calle-descalzos-que-se-prolongara-hasta-mediados-de-abril\/\" \/>\n<meta property=\"og:locale\" content=\"es_ES\" \/>\n<meta property=\"og:type\" content=\"article\" \/>\n<meta property=\"og:title\" content=\"El lunes comienza la tercera y \u00faltima fase de las obras de mejora en los ascensores de calle Descalzos, que se prolongar\u00e1 hasta mediados de abril\" \/>\n<meta property=\"og:url\" content=\"https:\/\/www.laguiadepamplona.com\/actualidad\/el-lunes-comienza-la-tercera-y-ultima-fase-de-las-obras-de-mejora-en-los-ascensores-de-calle-descalzos-que-se-prolongara-hasta-mediados-de-abril\/\" \/>\n<meta property=\"og:site_name\" content=\"La Gu\u00eda de Pamplona Noticias y actualidad\" \/>\n<meta property=\"article:publisher\" content=\"https:\/\/www.facebook.com\/laguiadepamplonacom-133175176762273\/?ref=hl\" \/>\n<meta property=\"article:published_time\" content=\"2019-02-22T15:04:55+00:00\" \/>\n<meta property=\"og:image\" content=\"https:\/\/www.laguiadepamplona.com\/actualidad\/wp-content\/uploads\/2018\/05\/ayto-pamplona-3.jpg\" \/>\n\t<meta property=\"og:image:width\" content=\"1000\" \/>\n\t<meta property=\"og:image:height\" content=\"555\" \/>\n\t<meta property=\"og:image:type\" content=\"image\/jpeg\" \/>\n<meta name=\"author\" content=\"La Gu\u00eda de Pamplona\" \/>\n<meta name=\"twitter:card\" content=\"summary_large_image\" \/>\n<meta name=\"twitter:creator\" content=\"@LaGuiadPamplona\" \/>\n<meta name=\"twitter:site\" content=\"@LaGuiadPamplona\" \/>\n<meta name=\"twitter:label1\" content=\"Escrito por\" \/>\n\t<meta name=\"twitter:data1\" content=\"La Gu\u00eda de Pamplona\" \/>\n\t<meta name=\"twitter:label2\" content=\"Tiempo de lectura\" \/>\n\t<meta name=\"twitter:data2\" content=\"1 minuto\" \/>\n<script type=\"application\/ld+json\" class=\"yoast-schema-graph\">{\"@context\":\"https:\\\/\\\/schema.org\",\"@graph\":[{\"@type\":\"Article\",\"@id\":\"https:\\\/\\\/www.laguiadepamplona.com\\\/actualidad\\\/el-lunes-comienza-la-tercera-y-ultima-fase-de-las-obras-de-mejora-en-los-ascensores-de-calle-descalzos-que-se-prolongara-hasta-mediados-de-abril\\\/#article\",\"isPartOf\":{\"@id\":\"https:\\\/\\\/www.laguiadepamplona.com\\\/actualidad\\\/el-lunes-comienza-la-tercera-y-ultima-fase-de-las-obras-de-mejora-en-los-ascensores-de-calle-descalzos-que-se-prolongara-hasta-mediados-de-abril\\\/\"},\"author\":{\"name\":\"La Gu\u00eda de Pamplona\",\"@id\":\"https:\\\/\\\/www.laguiadepamplona.com\\\/actualidad\\\/#\\\/schema\\\/person\\\/efe887376f0213d4657c93adc50b1fdb\"},\"headline\":\"El lunes comienza la tercera y \u00faltima fase de las obras de mejora en los ascensores de calle Descalzos, que se prolongar\u00e1 hasta mediados de abril\",\"datePublished\":\"2019-02-22T15:04:55+00:00\",\"mainEntityOfPage\":{\"@id\":\"https:\\\/\\\/www.laguiadepamplona.com\\\/actualidad\\\/el-lunes-comienza-la-tercera-y-ultima-fase-de-las-obras-de-mejora-en-los-ascensores-de-calle-descalzos-que-se-prolongara-hasta-mediados-de-abril\\\/\"},\"wordCount\":231,\"commentCount\":0,\"publisher\":{\"@id\":\"https:\\\/\\\/www.laguiadepamplona.com\\\/actualidad\\\/#organization\"},\"image\":{\"@id\":\"https:\\\/\\\/www.laguiadepamplona.com\\\/actualidad\\\/el-lunes-comienza-la-tercera-y-ultima-fase-de-las-obras-de-mejora-en-los-ascensores-de-calle-descalzos-que-se-prolongara-hasta-mediados-de-abril\\\/#primaryimage\"},\"thumbnailUrl\":\"https:\\\/\\\/www.laguiadepamplona.com\\\/actualidad\\\/wp-content\\\/uploads\\\/2018\\\/05\\\/ayto-pamplona-3.jpg\",\"articleSection\":[\"Ayto Pamplona\"],\"inLanguage\":\"es\",\"potentialAction\":[{\"@type\":\"CommentAction\",\"name\":\"Comment\",\"target\":[\"https:\\\/\\\/www.laguiadepamplona.com\\\/actualidad\\\/el-lunes-comienza-la-tercera-y-ultima-fase-de-las-obras-de-mejora-en-los-ascensores-de-calle-descalzos-que-se-prolongara-hasta-mediados-de-abril\\\/#respond\"]}]},{\"@type\":\"WebPage\",\"@id\":\"https:\\\/\\\/www.laguiadepamplona.com\\\/actualidad\\\/el-lunes-comienza-la-tercera-y-ultima-fase-de-las-obras-de-mejora-en-los-ascensores-de-calle-descalzos-que-se-prolongara-hasta-mediados-de-abril\\\/\",\"url\":\"https:\\\/\\\/www.laguiadepamplona.com\\\/actualidad\\\/el-lunes-comienza-la-tercera-y-ultima-fase-de-las-obras-de-mejora-en-los-ascensores-de-calle-descalzos-que-se-prolongara-hasta-mediados-de-abril\\\/\",\"name\":\"El lunes comienza la tercera y \u00faltima fase de las obras de mejora en los ascensores de calle Descalzos, que se prolongar\u00e1 hasta mediados de abril\",\"isPartOf\":{\"@id\":\"https:\\\/\\\/www.laguiadepamplona.com\\\/actualidad\\\/#website\"},\"primaryImageOfPage\":{\"@id\":\"https:\\\/\\\/www.laguiadepamplona.com\\\/actualidad\\\/el-lunes-comienza-la-tercera-y-ultima-fase-de-las-obras-de-mejora-en-los-ascensores-de-calle-descalzos-que-se-prolongara-hasta-mediados-de-abril\\\/#primaryimage\"},\"image\":{\"@id\":\"https:\\\/\\\/www.laguiadepamplona.com\\\/actualidad\\\/el-lunes-comienza-la-tercera-y-ultima-fase-de-las-obras-de-mejora-en-los-ascensores-de-calle-descalzos-que-se-prolongara-hasta-mediados-de-abril\\\/#primaryimage\"},\"thumbnailUrl\":\"https:\\\/\\\/www.laguiadepamplona.com\\\/actualidad\\\/wp-content\\\/uploads\\\/2018\\\/05\\\/ayto-pamplona-3.jpg\",\"datePublished\":\"2019-02-22T15:04:55+00:00\",\"breadcrumb\":{\"@id\":\"https:\\\/\\\/www.laguiadepamplona.com\\\/actualidad\\\/el-lunes-comienza-la-tercera-y-ultima-fase-de-las-obras-de-mejora-en-los-ascensores-de-calle-descalzos-que-se-prolongara-hasta-mediados-de-abril\\\/#breadcrumb\"},\"inLanguage\":\"es\",\"potentialAction\":[{\"@type\":\"ReadAction\",\"target\":[\"https:\\\/\\\/www.laguiadepamplona.com\\\/actualidad\\\/el-lunes-comienza-la-tercera-y-ultima-fase-de-las-obras-de-mejora-en-los-ascensores-de-calle-descalzos-que-se-prolongara-hasta-mediados-de-abril\\\/\"]}]},{\"@type\":\"ImageObject\",\"inLanguage\":\"es\",\"@id\":\"https:\\\/\\\/www.laguiadepamplona.com\\\/actualidad\\\/el-lunes-comienza-la-tercera-y-ultima-fase-de-las-obras-de-mejora-en-los-ascensores-de-calle-descalzos-que-se-prolongara-hasta-mediados-de-abril\\\/#primaryimage\",\"url\":\"https:\\\/\\\/www.laguiadepamplona.com\\\/actualidad\\\/wp-content\\\/uploads\\\/2018\\\/05\\\/ayto-pamplona-3.jpg\",\"contentUrl\":\"https:\\\/\\\/www.laguiadepamplona.com\\\/actualidad\\\/wp-content\\\/uploads\\\/2018\\\/05\\\/ayto-pamplona-3.jpg\",\"width\":1000,\"height\":555},{\"@type\":\"BreadcrumbList\",\"@id\":\"https:\\\/\\\/www.laguiadepamplona.com\\\/actualidad\\\/el-lunes-comienza-la-tercera-y-ultima-fase-de-las-obras-de-mejora-en-los-ascensores-de-calle-descalzos-que-se-prolongara-hasta-mediados-de-abril\\\/#breadcrumb\",\"itemListElement\":[{\"@type\":\"ListItem\",\"position\":1,\"name\":\"Portada\",\"item\":\"https:\\\/\\\/www.laguiadepamplona.com\\\/actualidad\\\/\"},{\"@type\":\"ListItem\",\"position\":2,\"name\":\"El lunes comienza la tercera y \u00faltima fase de las obras de mejora en los ascensores de calle Descalzos, que se prolongar\u00e1 hasta mediados de abril\"}]},{\"@type\":\"WebSite\",\"@id\":\"https:\\\/\\\/www.laguiadepamplona.com\\\/actualidad\\\/#website\",\"url\":\"https:\\\/\\\/www.laguiadepamplona.com\\\/actualidad\\\/\",\"name\":\"La gu\u00eda de Pamplona\",\"description\":\"Noticias de Pamplona\",\"publisher\":{\"@id\":\"https:\\\/\\\/www.laguiadepamplona.com\\\/actualidad\\\/#organization\"},\"potentialAction\":[{\"@type\":\"SearchAction\",\"target\":{\"@type\":\"EntryPoint\",\"urlTemplate\":\"https:\\\/\\\/www.laguiadepamplona.com\\\/actualidad\\\/?s={search_term_string}\"},\"query-input\":{\"@type\":\"PropertyValueSpecification\",\"valueRequired\":true,\"valueName\":\"search_term_string\"}}],\"inLanguage\":\"es\"},{\"@type\":\"Organization\",\"@id\":\"https:\\\/\\\/www.laguiadepamplona.com\\\/actualidad\\\/#organization\",\"name\":\"La Gu\u00eda de Pamplona \\\/ Noticias\",\"url\":\"https:\\\/\\\/www.laguiadepamplona.com\\\/actualidad\\\/\",\"logo\":{\"@type\":\"ImageObject\",\"inLanguage\":\"es\",\"@id\":\"https:\\\/\\\/www.laguiadepamplona.com\\\/actualidad\\\/#\\\/schema\\\/logo\\\/image\\\/\",\"url\":\"https:\\\/\\\/www.laguiadepamplona.com\\\/actualidad\\\/wp-content\\\/uploads\\\/2018\\\/11\\\/logo-laguiadepamplona18-web1.png\",\"contentUrl\":\"https:\\\/\\\/www.laguiadepamplona.com\\\/actualidad\\\/wp-content\\\/uploads\\\/2018\\\/11\\\/logo-laguiadepamplona18-web1.png\",\"width\":600,\"height\":196,\"caption\":\"La Gu\u00eda de Pamplona \\\/ Noticias\"},\"image\":{\"@id\":\"https:\\\/\\\/www.laguiadepamplona.com\\\/actualidad\\\/#\\\/schema\\\/logo\\\/image\\\/\"},\"sameAs\":[\"https:\\\/\\\/www.facebook.com\\\/laguiadepamplonacom-133175176762273\\\/?ref=hl\",\"https:\\\/\\\/x.com\\\/LaGuiadPamplona\",\"https:\\\/\\\/www.instagram.com\\\/la_guia_de_pamplona\\\/\",\"https:\\\/\\\/www.youtube.com\\\/user\\\/laguiadepamplona\"]},{\"@type\":\"Person\",\"@id\":\"https:\\\/\\\/www.laguiadepamplona.com\\\/actualidad\\\/#\\\/schema\\\/person\\\/efe887376f0213d4657c93adc50b1fdb\",\"name\":\"La Gu\u00eda de Pamplona\",\"image\":{\"@type\":\"ImageObject\",\"inLanguage\":\"es\",\"@id\":\"https:\\\/\\\/secure.gravatar.com\\\/avatar\\\/b6992f131dc8d30ab0dff15446e9d346d9dbd95992de0fef795073f5ea83a81c?s=96&d=mm&r=g\",\"url\":\"https:\\\/\\\/secure.gravatar.com\\\/avatar\\\/b6992f131dc8d30ab0dff15446e9d346d9dbd95992de0fef795073f5ea83a81c?s=96&d=mm&r=g\",\"contentUrl\":\"https:\\\/\\\/secure.gravatar.com\\\/avatar\\\/b6992f131dc8d30ab0dff15446e9d346d9dbd95992de0fef795073f5ea83a81c?s=96&d=mm&r=g\",\"caption\":\"La Gu\u00eda de Pamplona\"}}]}<\/script>\n<!-- \/ Yoast SEO plugin. -->","yoast_head_json":{"title":"El lunes comienza la tercera y \u00faltima fase de las obras de mejora en los ascensores de calle Descalzos, que se prolongar\u00e1 hasta mediados de abril","robots":{"index":"index","follow":"follow","max-snippet":"max-snippet:-1","max-image-preview":"max-image-preview:large","max-video-preview":"max-video-preview:-1"},"canonical":"https:\/\/www.laguiadepamplona.com\/actualidad\/el-lunes-comienza-la-tercera-y-ultima-fase-de-las-obras-de-mejora-en-los-ascensores-de-calle-descalzos-que-se-prolongara-hasta-mediados-de-abril\/","og_locale":"es_ES","og_type":"article","og_title":"El lunes comienza la tercera y \u00faltima fase de las obras de mejora en los ascensores de calle Descalzos, que se prolongar\u00e1 hasta mediados de abril","og_url":"https:\/\/www.laguiadepamplona.com\/actualidad\/el-lunes-comienza-la-tercera-y-ultima-fase-de-las-obras-de-mejora-en-los-ascensores-de-calle-descalzos-que-se-prolongara-hasta-mediados-de-abril\/","og_site_name":"La Gu\u00eda de Pamplona Noticias y actualidad","article_publisher":"https:\/\/www.facebook.com\/laguiadepamplonacom-133175176762273\/?ref=hl","article_published_time":"2019-02-22T15:04:55+00:00","og_image":[{"width":1000,"height":555,"url":"https:\/\/www.laguiadepamplona.com\/actualidad\/wp-content\/uploads\/2018\/05\/ayto-pamplona-3.jpg","type":"image\/jpeg"}],"author":"La Gu\u00eda de Pamplona","twitter_card":"summary_large_image","twitter_creator":"@LaGuiadPamplona","twitter_site":"@LaGuiadPamplona","twitter_misc":{"Escrito por":"La Gu\u00eda de Pamplona","Tiempo de lectura":"1 minuto"},"schema":{"@context":"https:\/\/schema.org","@graph":[{"@type":"Article","@id":"https:\/\/www.laguiadepamplona.com\/actualidad\/el-lunes-comienza-la-tercera-y-ultima-fase-de-las-obras-de-mejora-en-los-ascensores-de-calle-descalzos-que-se-prolongara-hasta-mediados-de-abril\/#article","isPartOf":{"@id":"https:\/\/www.laguiadepamplona.com\/actualidad\/el-lunes-comienza-la-tercera-y-ultima-fase-de-las-obras-de-mejora-en-los-ascensores-de-calle-descalzos-que-se-prolongara-hasta-mediados-de-abril\/"},"author":{"name":"La Gu\u00eda de Pamplona","@id":"https:\/\/www.laguiadepamplona.com\/actualidad\/#\/schema\/person\/efe887376f0213d4657c93adc50b1fdb"},"headline":"El lunes comienza la tercera y \u00faltima fase de las obras de mejora en los ascensores de calle Descalzos, que se prolongar\u00e1 hasta mediados de abril","datePublished":"2019-02-22T15:04:55+00:00","mainEntityOfPage":{"@id":"https:\/\/www.laguiadepamplona.com\/actualidad\/el-lunes-comienza-la-tercera-y-ultima-fase-de-las-obras-de-mejora-en-los-ascensores-de-calle-descalzos-que-se-prolongara-hasta-mediados-de-abril\/"},"wordCount":231,"commentCount":0,"publisher":{"@id":"https:\/\/www.laguiadepamplona.com\/actualidad\/#organization"},"image":{"@id":"https:\/\/www.laguiadepamplona.com\/actualidad\/el-lunes-comienza-la-tercera-y-ultima-fase-de-las-obras-de-mejora-en-los-ascensores-de-calle-descalzos-que-se-prolongara-hasta-mediados-de-abril\/#primaryimage"},"thumbnailUrl":"https:\/\/www.laguiadepamplona.com\/actualidad\/wp-content\/uploads\/2018\/05\/ayto-pamplona-3.jpg","articleSection":["Ayto Pamplona"],"inLanguage":"es","potentialAction":[{"@type":"CommentAction","name":"Comment","target":["https:\/\/www.laguiadepamplona.com\/actualidad\/el-lunes-comienza-la-tercera-y-ultima-fase-de-las-obras-de-mejora-en-los-ascensores-de-calle-descalzos-que-se-prolongara-hasta-mediados-de-abril\/#respond"]}]},{"@type":"WebPage","@id":"https:\/\/www.laguiadepamplona.com\/actualidad\/el-lunes-comienza-la-tercera-y-ultima-fase-de-las-obras-de-mejora-en-los-ascensores-de-calle-descalzos-que-se-prolongara-hasta-mediados-de-abril\/","url":"https:\/\/www.laguiadepamplona.com\/actualidad\/el-lunes-comienza-la-tercera-y-ultima-fase-de-las-obras-de-mejora-en-los-ascensores-de-calle-descalzos-que-se-prolongara-hasta-mediados-de-abril\/","name":"El lunes comienza la tercera y \u00faltima fase de las obras de mejora en los ascensores de calle Descalzos, que se prolongar\u00e1 hasta mediados de abril","isPartOf":{"@id":"https:\/\/www.laguiadepamplona.com\/actualidad\/#website"},"primaryImageOfPage":{"@id":"https:\/\/www.laguiadepamplona.com\/actualidad\/el-lunes-comienza-la-tercera-y-ultima-fase-de-las-obras-de-mejora-en-los-ascensores-de-calle-descalzos-que-se-prolongara-hasta-mediados-de-abril\/#primaryimage"},"image":{"@id":"https:\/\/www.laguiadepamplona.com\/actualidad\/el-lunes-comienza-la-tercera-y-ultima-fase-de-las-obras-de-mejora-en-los-ascensores-de-calle-descalzos-que-se-prolongara-hasta-mediados-de-abril\/#primaryimage"},"thumbnailUrl":"https:\/\/www.laguiadepamplona.com\/actualidad\/wp-content\/uploads\/2018\/05\/ayto-pamplona-3.jpg","datePublished":"2019-02-22T15:04:55+00:00","breadcrumb":{"@id":"https:\/\/www.laguiadepamplona.com\/actualidad\/el-lunes-comienza-la-tercera-y-ultima-fase-de-las-obras-de-mejora-en-los-ascensores-de-calle-descalzos-que-se-prolongara-hasta-mediados-de-abril\/#breadcrumb"},"inLanguage":"es","potentialAction":[{"@type":"ReadAction","target":["https:\/\/www.laguiadepamplona.com\/actualidad\/el-lunes-comienza-la-tercera-y-ultima-fase-de-las-obras-de-mejora-en-los-ascensores-de-calle-descalzos-que-se-prolongara-hasta-mediados-de-abril\/"]}]},{"@type":"ImageObject","inLanguage":"es","@id":"https:\/\/www.laguiadepamplona.com\/actualidad\/el-lunes-comienza-la-tercera-y-ultima-fase-de-las-obras-de-mejora-en-los-ascensores-de-calle-descalzos-que-se-prolongara-hasta-mediados-de-abril\/#primaryimage","url":"https:\/\/www.laguiadepamplona.com\/actualidad\/wp-content\/uploads\/2018\/05\/ayto-pamplona-3.jpg","contentUrl":"https:\/\/www.laguiadepamplona.com\/actualidad\/wp-content\/uploads\/2018\/05\/ayto-pamplona-3.jpg","width":1000,"height":555},{"@type":"BreadcrumbList","@id":"https:\/\/www.laguiadepamplona.com\/actualidad\/el-lunes-comienza-la-tercera-y-ultima-fase-de-las-obras-de-mejora-en-los-ascensores-de-calle-descalzos-que-se-prolongara-hasta-mediados-de-abril\/#breadcrumb","itemListElement":[{"@type":"ListItem","position":1,"name":"Portada","item":"https:\/\/www.laguiadepamplona.com\/actualidad\/"},{"@type":"ListItem","position":2,"name":"El lunes comienza la tercera y \u00faltima fase de las obras de mejora en los ascensores de calle Descalzos, que se prolongar\u00e1 hasta mediados de abril"}]},{"@type":"WebSite","@id":"https:\/\/www.laguiadepamplona.com\/actualidad\/#website","url":"https:\/\/www.laguiadepamplona.com\/actualidad\/","name":"La gu\u00eda de Pamplona","description":"Noticias de Pamplona","publisher":{"@id":"https:\/\/www.laguiadepamplona.com\/actualidad\/#organization"},"potentialAction":[{"@type":"SearchAction","target":{"@type":"EntryPoint","urlTemplate":"https:\/\/www.laguiadepamplona.com\/actualidad\/?s={search_term_string}"},"query-input":{"@type":"PropertyValueSpecification","valueRequired":true,"valueName":"search_term_string"}}],"inLanguage":"es"},{"@type":"Organization","@id":"https:\/\/www.laguiadepamplona.com\/actualidad\/#organization","name":"La Gu\u00eda de Pamplona \/ Noticias","url":"https:\/\/www.laguiadepamplona.com\/actualidad\/","logo":{"@type":"ImageObject","inLanguage":"es","@id":"https:\/\/www.laguiadepamplona.com\/actualidad\/#\/schema\/logo\/image\/","url":"https:\/\/www.laguiadepamplona.com\/actualidad\/wp-content\/uploads\/2018\/11\/logo-laguiadepamplona18-web1.png","contentUrl":"https:\/\/www.laguiadepamplona.com\/actualidad\/wp-content\/uploads\/2018\/11\/logo-laguiadepamplona18-web1.png","width":600,"height":196,"caption":"La Gu\u00eda de Pamplona \/ Noticias"},"image":{"@id":"https:\/\/www.laguiadepamplona.com\/actualidad\/#\/schema\/logo\/image\/"},"sameAs":["https:\/\/www.facebook.com\/laguiadepamplonacom-133175176762273\/?ref=hl","https:\/\/x.com\/LaGuiadPamplona","https:\/\/www.instagram.com\/la_guia_de_pamplona\/","https:\/\/www.youtube.com\/user\/laguiadepamplona"]},{"@type":"Person","@id":"https:\/\/www.laguiadepamplona.com\/actualidad\/#\/schema\/person\/efe887376f0213d4657c93adc50b1fdb","name":"La Gu\u00eda de Pamplona","image":{"@type":"ImageObject","inLanguage":"es","@id":"https:\/\/secure.gravatar.com\/avatar\/b6992f131dc8d30ab0dff15446e9d346d9dbd95992de0fef795073f5ea83a81c?s=96&d=mm&r=g","url":"https:\/\/secure.gravatar.com\/avatar\/b6992f131dc8d30ab0dff15446e9d346d9dbd95992de0fef795073f5ea83a81c?s=96&d=mm&r=g","contentUrl":"https:\/\/secure.gravatar.com\/avatar\/b6992f131dc8d30ab0dff15446e9d346d9dbd95992de0fef795073f5ea83a81c?s=96&d=mm&r=g","caption":"La Gu\u00eda de Pamplona"}}]}},"post_mailing_queue_ids":[],"_links":{"self":[{"href":"https:\/\/www.laguiadepamplona.com\/actualidad\/wp-json\/wp\/v2\/posts\/20521","targetHints":{"allow":["GET"]}}],"collection":[{"href":"https:\/\/www.laguiadepamplona.com\/actualidad\/wp-json\/wp\/v2\/posts"}],"about":[{"href":"https:\/\/www.laguiadepamplona.com\/actualidad\/wp-json\/wp\/v2\/types\/post"}],"author":[{"embeddable":true,"href":"https:\/\/www.laguiadepamplona.com\/actualidad\/wp-json\/wp\/v2\/users\/1"}],"replies":[{"embeddable":true,"href":"https:\/\/www.laguiadepamplona.com\/actualidad\/wp-json\/wp\/v2\/comments?post=20521"}],"version-history":[{"count":0,"href":"https:\/\/www.laguiadepamplona.com\/actualidad\/wp-json\/wp\/v2\/posts\/20521\/revisions"}],"wp:featuredmedia":[{"embeddable":true,"href":"https:\/\/www.laguiadepamplona.com\/actualidad\/wp-json\/wp\/v2\/media\/17600"}],"wp:attachment":[{"href":"https:\/\/www.laguiadepamplona.com\/actualidad\/wp-json\/wp\/v2\/media?parent=20521"}],"wp:term":[{"taxonomy":"category","embeddable":true,"href":"https:\/\/www.laguiadepamplona.com\/actualidad\/wp-json\/wp\/v2\/categories?post=20521"},{"taxonomy":"post_tag","embeddable":true,"href":"https:\/\/www.laguiadepamplona.com\/actualidad\/wp-json\/wp\/v2\/tags?post=20521"}],"curies":[{"name":"wp","href":"https:\/\/api.w.org\/{rel}","templated":true}]}}