{"id":20475,"date":"2019-02-20T17:50:58","date_gmt":"2019-02-20T15:50:58","guid":{"rendered":"https:\/\/www.laguiadepamplona.es\/actualidad\/?p=20475"},"modified":"2019-02-20T17:50:58","modified_gmt":"2019-02-20T15:50:58","slug":"entregados-los-diplomas-a-los-artistas-participantes-en-los-primeros-talleres-de-profesionalizacion-del-programa-acompanarte-organizados-en-el-coliving-de-calle-mayor","status":"publish","type":"post","link":"https:\/\/www.laguiadepamplona.com\/actualidad\/entregados-los-diplomas-a-los-artistas-participantes-en-los-primeros-talleres-de-profesionalizacion-del-programa-acompanarte-organizados-en-el-coliving-de-calle-mayor\/","title":{"rendered":"Entregados los diplomas a los artistas participantes en los primeros talleres de profesionalizaci\u00f3n del programa Acompa\u00f1arte organizados en el Coliving de calle Mayor"},"content":{"rendered":"<p><!--more--><\/p>\n<h3>Los diplomas se entregaron en una \u00faltima sesi\u00f3n para la reflexi\u00f3n en la que se recabaron impresiones para la mejora a futuro de los talleres<\/h3>\n<p>La concejala delegada de Cultura y Educaci\u00f3n, Maider Beloki, ha entregado los diplomas a los diez artistas que han participado en los primeros talleres de profesionalizaci\u00f3n del programa Acompa\u00f1arte. Esta iniciativa forma parte de las acciones que el Ayuntamiento de Pamplona, en colaboraci\u00f3n con el Gobierno de Navarra, est\u00e1n impulsando para el desarrollo profesional de las industrias creativas.<\/p>\n<p>Acompa\u00f1arte es un programa de formaci\u00f3n y acompa\u00f1amiento, que est\u00e1 todav\u00eda en fase de elaboraci\u00f3n, y que incluye, entre otras actividades, diversos talleres formativos, coaching profesional y tutor\u00edas personalizadas. La primera fase de este programa ha estado desarrollada y coordinada por Jos\u00e9 Manuel Puerta y se ha llevado a cabo en el espacio Coliving \u2013 Coworking de la calle Mayor entre el 30 de enero y el 14 de febrero. Han participado diez artistas de diversas disciplinas (m\u00fasica, audiovisual, pl\u00e1stica, magia), que han recibido formaci\u00f3n en cuatro talleres, de cuatro horas cada uno, sobre aspectos laborales y fiscales; financiaci\u00f3n de proyectos art\u00edsticos; derechos de autor y propiedad intelectual; y marketing y comunicaci\u00f3n. Adem\u00e1s, se realizaron dos sesiones de coaching profesional y tutor\u00eda especializadas para cada artista. Las sesiones fueron impartidas por profesorado experto en las materias.<\/p>\n<p>Los diplomas se entregaron en una \u00faltima sesi\u00f3n del programa dedicada a la reflexi\u00f3n en la que, adem\u00e1s de la concejala, particip\u00f3 la directora de Cultura y Educaci\u00f3n, Maitena Muruz\u00e1bal. Se recabaron impresiones sobre el programa y la formaci\u00f3n para trabajar en la mejora de posibles aspectos de cara a futuras ediciones. Se valoraron cuestiones como la necesidad de talleres de ese tipo para hacer frente a la precariedad de condiciones que tienen los artistas y para desarrollarse profesionalmente. Se hizo hincapi\u00e9 en incluir m\u00e1s m\u00f3dulos formativos, en una formaci\u00f3n continua, en la posibilidad de hacer formaci\u00f3n segregada por disciplinas art\u00edsticas y en ampliar la formaci\u00f3n a aspectos como el marketing o la comunicaci\u00f3n.<\/p>\n<p>Estos talleres se enmarcan en el proyecto CREACITY, en el que participa el Ayuntamiento de Pamplona. El proyecto ha sido cofinanciado al 65% por el Fondo Europeo de Desarrollo Regional (FEDER), a trav\u00e9s del Programa Interreg V-A Espa\u00f1a-Francia-Andorra (POCTEFA 2014-2020). El objetivo de POCTEFA es reforzar la integraci\u00f3n econ\u00f3mica y social de la zona fronteriza Espa\u00f1a-Francia-Andorra. Su ayuda se concentra en el desarrollo de actividades econ\u00f3micas, sociales y medioambientales transfronterizas a trav\u00e9s de estrategias conjuntas a favor del desarrollo territorial sostenible.<\/p>\n","protected":false},"excerpt":{"rendered":"","protected":false},"author":1,"featured_media":20476,"comment_status":"open","ping_status":"closed","sticky":false,"template":"","format":"standard","meta":{"footnotes":""},"categories":[2],"tags":[],"class_list":["post-20475","post","type-post","status-publish","format-standard","has-post-thumbnail","hentry","category-ayuntamiento-pamplona"],"yoast_head":"<!-- This site is optimized with the Yoast SEO plugin v27.5 - https:\/\/yoast.com\/product\/yoast-seo-wordpress\/ -->\n<title>Entregados los diplomas a los artistas participantes en los primeros talleres de profesionalizaci\u00f3n del programa Acompa\u00f1arte organizados en el Coliving de calle Mayor<\/title>\n<meta name=\"robots\" content=\"index, follow, max-snippet:-1, max-image-preview:large, max-video-preview:-1\" \/>\n<link rel=\"canonical\" href=\"https:\/\/www.laguiadepamplona.com\/actualidad\/entregados-los-diplomas-a-los-artistas-participantes-en-los-primeros-talleres-de-profesionalizacion-del-programa-acompanarte-organizados-en-el-coliving-de-calle-mayor\/\" \/>\n<meta property=\"og:locale\" content=\"es_ES\" \/>\n<meta property=\"og:type\" content=\"article\" \/>\n<meta property=\"og:title\" content=\"Entregados los diplomas a los artistas participantes en los primeros talleres de profesionalizaci\u00f3n del programa Acompa\u00f1arte organizados en el Coliving de calle Mayor\" \/>\n<meta property=\"og:url\" content=\"https:\/\/www.laguiadepamplona.com\/actualidad\/entregados-los-diplomas-a-los-artistas-participantes-en-los-primeros-talleres-de-profesionalizacion-del-programa-acompanarte-organizados-en-el-coliving-de-calle-mayor\/\" \/>\n<meta property=\"og:site_name\" content=\"La Gu\u00eda de Pamplona\" \/>\n<meta property=\"article:publisher\" content=\"https:\/\/www.facebook.com\/laguiadepamplonacom-133175176762273\/?ref=hl\" \/>\n<meta property=\"article:published_time\" content=\"2019-02-20T15:50:58+00:00\" \/>\n<meta property=\"og:image\" content=\"https:\/\/www.laguiadepamplona.com\/actualidad\/wp-content\/uploads\/2019\/02\/19.02.20_clausura_tallers_profesionalizacion_artistica_coliving.jpg\" \/>\n\t<meta property=\"og:image:width\" content=\"1920\" \/>\n\t<meta property=\"og:image:height\" content=\"1334\" \/>\n\t<meta property=\"og:image:type\" content=\"image\/jpeg\" \/>\n<meta name=\"author\" content=\"La Gu\u00eda de Pamplona\" \/>\n<meta name=\"twitter:card\" content=\"summary_large_image\" \/>\n<meta name=\"twitter:creator\" content=\"@LaGuiadPamplona\" \/>\n<meta name=\"twitter:site\" content=\"@LaGuiadPamplona\" \/>\n<meta name=\"twitter:label1\" content=\"Escrito por\" \/>\n\t<meta name=\"twitter:data1\" content=\"La Gu\u00eda de Pamplona\" \/>\n\t<meta name=\"twitter:label2\" content=\"Tiempo de lectura\" \/>\n\t<meta name=\"twitter:data2\" content=\"2 minutos\" \/>\n<script type=\"application\/ld+json\" class=\"yoast-schema-graph\">{\"@context\":\"https:\\\/\\\/schema.org\",\"@graph\":[{\"@type\":\"Article\",\"@id\":\"https:\\\/\\\/www.laguiadepamplona.com\\\/actualidad\\\/entregados-los-diplomas-a-los-artistas-participantes-en-los-primeros-talleres-de-profesionalizacion-del-programa-acompanarte-organizados-en-el-coliving-de-calle-mayor\\\/#article\",\"isPartOf\":{\"@id\":\"https:\\\/\\\/www.laguiadepamplona.com\\\/actualidad\\\/entregados-los-diplomas-a-los-artistas-participantes-en-los-primeros-talleres-de-profesionalizacion-del-programa-acompanarte-organizados-en-el-coliving-de-calle-mayor\\\/\"},\"author\":{\"name\":\"La Gu\u00eda de Pamplona\",\"@id\":\"https:\\\/\\\/www.laguiadepamplona.com\\\/actualidad\\\/#\\\/schema\\\/person\\\/efe887376f0213d4657c93adc50b1fdb\"},\"headline\":\"Entregados los diplomas a los artistas participantes en los primeros talleres de profesionalizaci\u00f3n del programa Acompa\u00f1arte organizados en el Coliving de calle Mayor\",\"datePublished\":\"2019-02-20T15:50:58+00:00\",\"mainEntityOfPage\":{\"@id\":\"https:\\\/\\\/www.laguiadepamplona.com\\\/actualidad\\\/entregados-los-diplomas-a-los-artistas-participantes-en-los-primeros-talleres-de-profesionalizacion-del-programa-acompanarte-organizados-en-el-coliving-de-calle-mayor\\\/\"},\"wordCount\":476,\"commentCount\":0,\"publisher\":{\"@id\":\"https:\\\/\\\/www.laguiadepamplona.com\\\/actualidad\\\/#organization\"},\"image\":{\"@id\":\"https:\\\/\\\/www.laguiadepamplona.com\\\/actualidad\\\/entregados-los-diplomas-a-los-artistas-participantes-en-los-primeros-talleres-de-profesionalizacion-del-programa-acompanarte-organizados-en-el-coliving-de-calle-mayor\\\/#primaryimage\"},\"thumbnailUrl\":\"https:\\\/\\\/www.laguiadepamplona.com\\\/actualidad\\\/wp-content\\\/uploads\\\/2019\\\/02\\\/19.02.20_clausura_tallers_profesionalizacion_artistica_coliving.jpg\",\"articleSection\":[\"Ayto Pamplona\"],\"inLanguage\":\"es\",\"potentialAction\":[{\"@type\":\"CommentAction\",\"name\":\"Comment\",\"target\":[\"https:\\\/\\\/www.laguiadepamplona.com\\\/actualidad\\\/entregados-los-diplomas-a-los-artistas-participantes-en-los-primeros-talleres-de-profesionalizacion-del-programa-acompanarte-organizados-en-el-coliving-de-calle-mayor\\\/#respond\"]}]},{\"@type\":\"WebPage\",\"@id\":\"https:\\\/\\\/www.laguiadepamplona.com\\\/actualidad\\\/entregados-los-diplomas-a-los-artistas-participantes-en-los-primeros-talleres-de-profesionalizacion-del-programa-acompanarte-organizados-en-el-coliving-de-calle-mayor\\\/\",\"url\":\"https:\\\/\\\/www.laguiadepamplona.com\\\/actualidad\\\/entregados-los-diplomas-a-los-artistas-participantes-en-los-primeros-talleres-de-profesionalizacion-del-programa-acompanarte-organizados-en-el-coliving-de-calle-mayor\\\/\",\"name\":\"Entregados los diplomas a los artistas participantes en los primeros talleres de profesionalizaci\u00f3n del programa Acompa\u00f1arte organizados en el Coliving de calle Mayor\",\"isPartOf\":{\"@id\":\"https:\\\/\\\/www.laguiadepamplona.com\\\/actualidad\\\/#website\"},\"primaryImageOfPage\":{\"@id\":\"https:\\\/\\\/www.laguiadepamplona.com\\\/actualidad\\\/entregados-los-diplomas-a-los-artistas-participantes-en-los-primeros-talleres-de-profesionalizacion-del-programa-acompanarte-organizados-en-el-coliving-de-calle-mayor\\\/#primaryimage\"},\"image\":{\"@id\":\"https:\\\/\\\/www.laguiadepamplona.com\\\/actualidad\\\/entregados-los-diplomas-a-los-artistas-participantes-en-los-primeros-talleres-de-profesionalizacion-del-programa-acompanarte-organizados-en-el-coliving-de-calle-mayor\\\/#primaryimage\"},\"thumbnailUrl\":\"https:\\\/\\\/www.laguiadepamplona.com\\\/actualidad\\\/wp-content\\\/uploads\\\/2019\\\/02\\\/19.02.20_clausura_tallers_profesionalizacion_artistica_coliving.jpg\",\"datePublished\":\"2019-02-20T15:50:58+00:00\",\"breadcrumb\":{\"@id\":\"https:\\\/\\\/www.laguiadepamplona.com\\\/actualidad\\\/entregados-los-diplomas-a-los-artistas-participantes-en-los-primeros-talleres-de-profesionalizacion-del-programa-acompanarte-organizados-en-el-coliving-de-calle-mayor\\\/#breadcrumb\"},\"inLanguage\":\"es\",\"potentialAction\":[{\"@type\":\"ReadAction\",\"target\":[\"https:\\\/\\\/www.laguiadepamplona.com\\\/actualidad\\\/entregados-los-diplomas-a-los-artistas-participantes-en-los-primeros-talleres-de-profesionalizacion-del-programa-acompanarte-organizados-en-el-coliving-de-calle-mayor\\\/\"]}]},{\"@type\":\"ImageObject\",\"inLanguage\":\"es\",\"@id\":\"https:\\\/\\\/www.laguiadepamplona.com\\\/actualidad\\\/entregados-los-diplomas-a-los-artistas-participantes-en-los-primeros-talleres-de-profesionalizacion-del-programa-acompanarte-organizados-en-el-coliving-de-calle-mayor\\\/#primaryimage\",\"url\":\"https:\\\/\\\/www.laguiadepamplona.com\\\/actualidad\\\/wp-content\\\/uploads\\\/2019\\\/02\\\/19.02.20_clausura_tallers_profesionalizacion_artistica_coliving.jpg\",\"contentUrl\":\"https:\\\/\\\/www.laguiadepamplona.com\\\/actualidad\\\/wp-content\\\/uploads\\\/2019\\\/02\\\/19.02.20_clausura_tallers_profesionalizacion_artistica_coliving.jpg\",\"width\":1920,\"height\":1334},{\"@type\":\"BreadcrumbList\",\"@id\":\"https:\\\/\\\/www.laguiadepamplona.com\\\/actualidad\\\/entregados-los-diplomas-a-los-artistas-participantes-en-los-primeros-talleres-de-profesionalizacion-del-programa-acompanarte-organizados-en-el-coliving-de-calle-mayor\\\/#breadcrumb\",\"itemListElement\":[{\"@type\":\"ListItem\",\"position\":1,\"name\":\"Portada\",\"item\":\"https:\\\/\\\/www.laguiadepamplona.com\\\/actualidad\\\/\"},{\"@type\":\"ListItem\",\"position\":2,\"name\":\"Entregados los diplomas a los artistas participantes en los primeros talleres de profesionalizaci\u00f3n del programa Acompa\u00f1arte organizados en el Coliving de calle Mayor\"}]},{\"@type\":\"WebSite\",\"@id\":\"https:\\\/\\\/www.laguiadepamplona.com\\\/actualidad\\\/#website\",\"url\":\"https:\\\/\\\/www.laguiadepamplona.com\\\/actualidad\\\/\",\"name\":\"La gu\u00eda de Pamplona\",\"description\":\"Noticias de Pamplona\",\"publisher\":{\"@id\":\"https:\\\/\\\/www.laguiadepamplona.com\\\/actualidad\\\/#organization\"},\"potentialAction\":[{\"@type\":\"SearchAction\",\"target\":{\"@type\":\"EntryPoint\",\"urlTemplate\":\"https:\\\/\\\/www.laguiadepamplona.com\\\/actualidad\\\/?s={search_term_string}\"},\"query-input\":{\"@type\":\"PropertyValueSpecification\",\"valueRequired\":true,\"valueName\":\"search_term_string\"}}],\"inLanguage\":\"es\"},{\"@type\":\"Organization\",\"@id\":\"https:\\\/\\\/www.laguiadepamplona.com\\\/actualidad\\\/#organization\",\"name\":\"La Gu\u00eda de Pamplona \\\/ Noticias\",\"url\":\"https:\\\/\\\/www.laguiadepamplona.com\\\/actualidad\\\/\",\"logo\":{\"@type\":\"ImageObject\",\"inLanguage\":\"es\",\"@id\":\"https:\\\/\\\/www.laguiadepamplona.com\\\/actualidad\\\/#\\\/schema\\\/logo\\\/image\\\/\",\"url\":\"https:\\\/\\\/www.laguiadepamplona.com\\\/actualidad\\\/wp-content\\\/uploads\\\/2018\\\/11\\\/logo-laguiadepamplona18-web1.png\",\"contentUrl\":\"https:\\\/\\\/www.laguiadepamplona.com\\\/actualidad\\\/wp-content\\\/uploads\\\/2018\\\/11\\\/logo-laguiadepamplona18-web1.png\",\"width\":600,\"height\":196,\"caption\":\"La Gu\u00eda de Pamplona \\\/ Noticias\"},\"image\":{\"@id\":\"https:\\\/\\\/www.laguiadepamplona.com\\\/actualidad\\\/#\\\/schema\\\/logo\\\/image\\\/\"},\"sameAs\":[\"https:\\\/\\\/www.facebook.com\\\/laguiadepamplonacom-133175176762273\\\/?ref=hl\",\"https:\\\/\\\/x.com\\\/LaGuiadPamplona\",\"https:\\\/\\\/www.instagram.com\\\/la_guia_de_pamplona\\\/\",\"https:\\\/\\\/www.youtube.com\\\/user\\\/laguiadepamplona\"]},{\"@type\":\"Person\",\"@id\":\"https:\\\/\\\/www.laguiadepamplona.com\\\/actualidad\\\/#\\\/schema\\\/person\\\/efe887376f0213d4657c93adc50b1fdb\",\"name\":\"La Gu\u00eda de Pamplona\",\"image\":{\"@type\":\"ImageObject\",\"inLanguage\":\"es\",\"@id\":\"https:\\\/\\\/secure.gravatar.com\\\/avatar\\\/b6992f131dc8d30ab0dff15446e9d346d9dbd95992de0fef795073f5ea83a81c?s=96&d=mm&r=g\",\"url\":\"https:\\\/\\\/secure.gravatar.com\\\/avatar\\\/b6992f131dc8d30ab0dff15446e9d346d9dbd95992de0fef795073f5ea83a81c?s=96&d=mm&r=g\",\"contentUrl\":\"https:\\\/\\\/secure.gravatar.com\\\/avatar\\\/b6992f131dc8d30ab0dff15446e9d346d9dbd95992de0fef795073f5ea83a81c?s=96&d=mm&r=g\",\"caption\":\"La Gu\u00eda de Pamplona\"}}]}<\/script>\n<!-- \/ Yoast SEO plugin. -->","yoast_head_json":{"title":"Entregados los diplomas a los artistas participantes en los primeros talleres de profesionalizaci\u00f3n del programa Acompa\u00f1arte organizados en el Coliving de calle Mayor","robots":{"index":"index","follow":"follow","max-snippet":"max-snippet:-1","max-image-preview":"max-image-preview:large","max-video-preview":"max-video-preview:-1"},"canonical":"https:\/\/www.laguiadepamplona.com\/actualidad\/entregados-los-diplomas-a-los-artistas-participantes-en-los-primeros-talleres-de-profesionalizacion-del-programa-acompanarte-organizados-en-el-coliving-de-calle-mayor\/","og_locale":"es_ES","og_type":"article","og_title":"Entregados los diplomas a los artistas participantes en los primeros talleres de profesionalizaci\u00f3n del programa Acompa\u00f1arte organizados en el Coliving de calle Mayor","og_url":"https:\/\/www.laguiadepamplona.com\/actualidad\/entregados-los-diplomas-a-los-artistas-participantes-en-los-primeros-talleres-de-profesionalizacion-del-programa-acompanarte-organizados-en-el-coliving-de-calle-mayor\/","og_site_name":"La Gu\u00eda de Pamplona","article_publisher":"https:\/\/www.facebook.com\/laguiadepamplonacom-133175176762273\/?ref=hl","article_published_time":"2019-02-20T15:50:58+00:00","og_image":[{"width":1920,"height":1334,"url":"https:\/\/www.laguiadepamplona.com\/actualidad\/wp-content\/uploads\/2019\/02\/19.02.20_clausura_tallers_profesionalizacion_artistica_coliving.jpg","type":"image\/jpeg"}],"author":"La Gu\u00eda de Pamplona","twitter_card":"summary_large_image","twitter_creator":"@LaGuiadPamplona","twitter_site":"@LaGuiadPamplona","twitter_misc":{"Escrito por":"La Gu\u00eda de Pamplona","Tiempo de lectura":"2 minutos"},"schema":{"@context":"https:\/\/schema.org","@graph":[{"@type":"Article","@id":"https:\/\/www.laguiadepamplona.com\/actualidad\/entregados-los-diplomas-a-los-artistas-participantes-en-los-primeros-talleres-de-profesionalizacion-del-programa-acompanarte-organizados-en-el-coliving-de-calle-mayor\/#article","isPartOf":{"@id":"https:\/\/www.laguiadepamplona.com\/actualidad\/entregados-los-diplomas-a-los-artistas-participantes-en-los-primeros-talleres-de-profesionalizacion-del-programa-acompanarte-organizados-en-el-coliving-de-calle-mayor\/"},"author":{"name":"La Gu\u00eda de Pamplona","@id":"https:\/\/www.laguiadepamplona.com\/actualidad\/#\/schema\/person\/efe887376f0213d4657c93adc50b1fdb"},"headline":"Entregados los diplomas a los artistas participantes en los primeros talleres de profesionalizaci\u00f3n del programa Acompa\u00f1arte organizados en el Coliving de calle Mayor","datePublished":"2019-02-20T15:50:58+00:00","mainEntityOfPage":{"@id":"https:\/\/www.laguiadepamplona.com\/actualidad\/entregados-los-diplomas-a-los-artistas-participantes-en-los-primeros-talleres-de-profesionalizacion-del-programa-acompanarte-organizados-en-el-coliving-de-calle-mayor\/"},"wordCount":476,"commentCount":0,"publisher":{"@id":"https:\/\/www.laguiadepamplona.com\/actualidad\/#organization"},"image":{"@id":"https:\/\/www.laguiadepamplona.com\/actualidad\/entregados-los-diplomas-a-los-artistas-participantes-en-los-primeros-talleres-de-profesionalizacion-del-programa-acompanarte-organizados-en-el-coliving-de-calle-mayor\/#primaryimage"},"thumbnailUrl":"https:\/\/www.laguiadepamplona.com\/actualidad\/wp-content\/uploads\/2019\/02\/19.02.20_clausura_tallers_profesionalizacion_artistica_coliving.jpg","articleSection":["Ayto Pamplona"],"inLanguage":"es","potentialAction":[{"@type":"CommentAction","name":"Comment","target":["https:\/\/www.laguiadepamplona.com\/actualidad\/entregados-los-diplomas-a-los-artistas-participantes-en-los-primeros-talleres-de-profesionalizacion-del-programa-acompanarte-organizados-en-el-coliving-de-calle-mayor\/#respond"]}]},{"@type":"WebPage","@id":"https:\/\/www.laguiadepamplona.com\/actualidad\/entregados-los-diplomas-a-los-artistas-participantes-en-los-primeros-talleres-de-profesionalizacion-del-programa-acompanarte-organizados-en-el-coliving-de-calle-mayor\/","url":"https:\/\/www.laguiadepamplona.com\/actualidad\/entregados-los-diplomas-a-los-artistas-participantes-en-los-primeros-talleres-de-profesionalizacion-del-programa-acompanarte-organizados-en-el-coliving-de-calle-mayor\/","name":"Entregados los diplomas a los artistas participantes en los primeros talleres de profesionalizaci\u00f3n del programa Acompa\u00f1arte organizados en el Coliving de calle Mayor","isPartOf":{"@id":"https:\/\/www.laguiadepamplona.com\/actualidad\/#website"},"primaryImageOfPage":{"@id":"https:\/\/www.laguiadepamplona.com\/actualidad\/entregados-los-diplomas-a-los-artistas-participantes-en-los-primeros-talleres-de-profesionalizacion-del-programa-acompanarte-organizados-en-el-coliving-de-calle-mayor\/#primaryimage"},"image":{"@id":"https:\/\/www.laguiadepamplona.com\/actualidad\/entregados-los-diplomas-a-los-artistas-participantes-en-los-primeros-talleres-de-profesionalizacion-del-programa-acompanarte-organizados-en-el-coliving-de-calle-mayor\/#primaryimage"},"thumbnailUrl":"https:\/\/www.laguiadepamplona.com\/actualidad\/wp-content\/uploads\/2019\/02\/19.02.20_clausura_tallers_profesionalizacion_artistica_coliving.jpg","datePublished":"2019-02-20T15:50:58+00:00","breadcrumb":{"@id":"https:\/\/www.laguiadepamplona.com\/actualidad\/entregados-los-diplomas-a-los-artistas-participantes-en-los-primeros-talleres-de-profesionalizacion-del-programa-acompanarte-organizados-en-el-coliving-de-calle-mayor\/#breadcrumb"},"inLanguage":"es","potentialAction":[{"@type":"ReadAction","target":["https:\/\/www.laguiadepamplona.com\/actualidad\/entregados-los-diplomas-a-los-artistas-participantes-en-los-primeros-talleres-de-profesionalizacion-del-programa-acompanarte-organizados-en-el-coliving-de-calle-mayor\/"]}]},{"@type":"ImageObject","inLanguage":"es","@id":"https:\/\/www.laguiadepamplona.com\/actualidad\/entregados-los-diplomas-a-los-artistas-participantes-en-los-primeros-talleres-de-profesionalizacion-del-programa-acompanarte-organizados-en-el-coliving-de-calle-mayor\/#primaryimage","url":"https:\/\/www.laguiadepamplona.com\/actualidad\/wp-content\/uploads\/2019\/02\/19.02.20_clausura_tallers_profesionalizacion_artistica_coliving.jpg","contentUrl":"https:\/\/www.laguiadepamplona.com\/actualidad\/wp-content\/uploads\/2019\/02\/19.02.20_clausura_tallers_profesionalizacion_artistica_coliving.jpg","width":1920,"height":1334},{"@type":"BreadcrumbList","@id":"https:\/\/www.laguiadepamplona.com\/actualidad\/entregados-los-diplomas-a-los-artistas-participantes-en-los-primeros-talleres-de-profesionalizacion-del-programa-acompanarte-organizados-en-el-coliving-de-calle-mayor\/#breadcrumb","itemListElement":[{"@type":"ListItem","position":1,"name":"Portada","item":"https:\/\/www.laguiadepamplona.com\/actualidad\/"},{"@type":"ListItem","position":2,"name":"Entregados los diplomas a los artistas participantes en los primeros talleres de profesionalizaci\u00f3n del programa Acompa\u00f1arte organizados en el Coliving de calle Mayor"}]},{"@type":"WebSite","@id":"https:\/\/www.laguiadepamplona.com\/actualidad\/#website","url":"https:\/\/www.laguiadepamplona.com\/actualidad\/","name":"La gu\u00eda de Pamplona","description":"Noticias de Pamplona","publisher":{"@id":"https:\/\/www.laguiadepamplona.com\/actualidad\/#organization"},"potentialAction":[{"@type":"SearchAction","target":{"@type":"EntryPoint","urlTemplate":"https:\/\/www.laguiadepamplona.com\/actualidad\/?s={search_term_string}"},"query-input":{"@type":"PropertyValueSpecification","valueRequired":true,"valueName":"search_term_string"}}],"inLanguage":"es"},{"@type":"Organization","@id":"https:\/\/www.laguiadepamplona.com\/actualidad\/#organization","name":"La Gu\u00eda de Pamplona \/ Noticias","url":"https:\/\/www.laguiadepamplona.com\/actualidad\/","logo":{"@type":"ImageObject","inLanguage":"es","@id":"https:\/\/www.laguiadepamplona.com\/actualidad\/#\/schema\/logo\/image\/","url":"https:\/\/www.laguiadepamplona.com\/actualidad\/wp-content\/uploads\/2018\/11\/logo-laguiadepamplona18-web1.png","contentUrl":"https:\/\/www.laguiadepamplona.com\/actualidad\/wp-content\/uploads\/2018\/11\/logo-laguiadepamplona18-web1.png","width":600,"height":196,"caption":"La Gu\u00eda de Pamplona \/ Noticias"},"image":{"@id":"https:\/\/www.laguiadepamplona.com\/actualidad\/#\/schema\/logo\/image\/"},"sameAs":["https:\/\/www.facebook.com\/laguiadepamplonacom-133175176762273\/?ref=hl","https:\/\/x.com\/LaGuiadPamplona","https:\/\/www.instagram.com\/la_guia_de_pamplona\/","https:\/\/www.youtube.com\/user\/laguiadepamplona"]},{"@type":"Person","@id":"https:\/\/www.laguiadepamplona.com\/actualidad\/#\/schema\/person\/efe887376f0213d4657c93adc50b1fdb","name":"La Gu\u00eda de Pamplona","image":{"@type":"ImageObject","inLanguage":"es","@id":"https:\/\/secure.gravatar.com\/avatar\/b6992f131dc8d30ab0dff15446e9d346d9dbd95992de0fef795073f5ea83a81c?s=96&d=mm&r=g","url":"https:\/\/secure.gravatar.com\/avatar\/b6992f131dc8d30ab0dff15446e9d346d9dbd95992de0fef795073f5ea83a81c?s=96&d=mm&r=g","contentUrl":"https:\/\/secure.gravatar.com\/avatar\/b6992f131dc8d30ab0dff15446e9d346d9dbd95992de0fef795073f5ea83a81c?s=96&d=mm&r=g","caption":"La Gu\u00eda de Pamplona"}}]}},"post_mailing_queue_ids":[],"_links":{"self":[{"href":"https:\/\/www.laguiadepamplona.com\/actualidad\/wp-json\/wp\/v2\/posts\/20475","targetHints":{"allow":["GET"]}}],"collection":[{"href":"https:\/\/www.laguiadepamplona.com\/actualidad\/wp-json\/wp\/v2\/posts"}],"about":[{"href":"https:\/\/www.laguiadepamplona.com\/actualidad\/wp-json\/wp\/v2\/types\/post"}],"author":[{"embeddable":true,"href":"https:\/\/www.laguiadepamplona.com\/actualidad\/wp-json\/wp\/v2\/users\/1"}],"replies":[{"embeddable":true,"href":"https:\/\/www.laguiadepamplona.com\/actualidad\/wp-json\/wp\/v2\/comments?post=20475"}],"version-history":[{"count":0,"href":"https:\/\/www.laguiadepamplona.com\/actualidad\/wp-json\/wp\/v2\/posts\/20475\/revisions"}],"wp:featuredmedia":[{"embeddable":true,"href":"https:\/\/www.laguiadepamplona.com\/actualidad\/wp-json\/wp\/v2\/media\/20476"}],"wp:attachment":[{"href":"https:\/\/www.laguiadepamplona.com\/actualidad\/wp-json\/wp\/v2\/media?parent=20475"}],"wp:term":[{"taxonomy":"category","embeddable":true,"href":"https:\/\/www.laguiadepamplona.com\/actualidad\/wp-json\/wp\/v2\/categories?post=20475"},{"taxonomy":"post_tag","embeddable":true,"href":"https:\/\/www.laguiadepamplona.com\/actualidad\/wp-json\/wp\/v2\/tags?post=20475"}],"curies":[{"name":"wp","href":"https:\/\/api.w.org\/{rel}","templated":true}]}}