{"id":2047,"date":"2014-06-20T13:35:58","date_gmt":"2014-06-20T12:35:58","guid":{"rendered":"http:\/\/laguiadepamplona.es\/noticias\/?p=2047"},"modified":"2014-06-20T13:35:58","modified_gmt":"2014-06-20T12:35:58","slug":"el-sevillano-carlos-vaquerizo-ganador-del-viii-premio-de-poesia-ciudad-de-pamplona-con-la-obra-preludio-de-una-mirada","status":"publish","type":"post","link":"https:\/\/www.laguiadepamplona.com\/actualidad\/el-sevillano-carlos-vaquerizo-ganador-del-viii-premio-de-poesia-ciudad-de-pamplona-con-la-obra-preludio-de-una-mirada\/","title":{"rendered":"El sevillano Carlos Vaquerizo, ganador del VIII Premio de Poes\u00eda Ciudad de Pamplona con la obra \u2018Preludio de una mirada\u2019"},"content":{"rendered":"<h4>Al concurso se hab\u00edan presentado un total de 180 poemarios, de los que 8 proced\u00edan de Navarra y 17 del extranjero<\/h4>\n<p><a href=\"http:\/\/laguiadepamplona.es\/noticias\/wp-content\/uploads\/2014\/06\/Carlos-Vaquerizo-Torres.jpg\"><img loading=\"lazy\" decoding=\"async\" class=\"alignleft size-medium wp-image-2048\" src=\"http:\/\/laguiadepamplona.es\/noticias\/wp-content\/uploads\/2014\/06\/Carlos-Vaquerizo-Torres-300x200.jpg\" alt=\"Carlos Vaquerizo Torres\" width=\"300\" height=\"200\" \/><\/a>El sevillano Carlos Vaquerizo Torres ha sido el ganador del VIII Premio de Poes\u00eda Ciudad de Pamplona con la obra titulada \u2018Preludio de una mirada\u2019. La plica ha sido abierta este mediod\u00eda por la directora del \u00e1rea de Educaci\u00f3n y Cultura, Teresa Lasheras, en un acto celebrado en el Palacio del Condestable. Este certamen est\u00e1 organizado por el Ateneo Navarro con el patrocinio del Ayuntamiento de Pamplona. El premio est\u00e1 dotado con 3.000 euros y la edici\u00f3n del libro.<\/p>\n<p>Este a\u00f1o se han recibido 180 poemarios, de los que 142 tienen procedencia espa\u00f1ola y 8 han sido presentados desde Navarra. El resto han sido enviados desde pa\u00edses como Argentina (7), Chile (3), Colombia (3), Cuba (2), Estados Unidos (1) e Israel (1). A la edici\u00f3n del a\u00f1o pasado se presentaron 138 trabajos, de los que 117 proced\u00eda de Espa\u00f1a (18 de Navarra) y el resto de otros puntos como Alemania, Brasil, Costa Rica, Cuba, Estados Unidos, Israel y M\u00e9xico. Result\u00f3 ganador el extreme\u00f1o Jos\u00e9 Antonio Ram\u00edrez Lozano.<\/p>\n<p>Por comunidades, como ha sido habitual tambi\u00e9n en ediciones anteriores, las que m\u00e1s obras han remitido son Andaluc\u00eda con 30, Madrid con 27 y Catalu\u00f1a con 22. Adem\u00e1s, han llegado trabajos de la Comunidad Valenciana (9), Galicia y Castilla la Mancha (7 de cada una), Castilla y Le\u00f3n y Arag\u00f3n (6 de cada una), Extremadura (5) y Asturias y Canarias (3 de cada una). Por \u00faltimo, han venido dos poemarios de Baleares, La Rioja, Murcia y Pa\u00eds Vasco y uno de Cantabria.<\/p>\n<p><strong>Premiado con el Adon\u00e1is y con el Ciudad de Almu\u00f1\u00e9car<\/strong><\/p>\n<p>Carlos Vaquerizo naci\u00f3 en Sevilla el 27 de junio de 1978. Est\u00e1 licenciado en Filolog\u00eda Hisp\u00e1nica por la Universidad de Sevilla y actualmente trabaja como profesor de Ense\u00f1anza Secundaria. Fue galardonado en 2006 con el Premio Adon\u00e1is por su obra \u2018Fiera venganza del tiempo\u2019. Tras unos a\u00f1os trabajando pero sin difundir su obra, este a\u00f1o, adem\u00e1s de con el Premio de Poes\u00eda Ciudad de Pamplona, ha sido galardonado con el Premio de Poes\u00eda Ciudad de Almu\u00f1\u00e9car por \u2018Tributo de Caronte\u2019. Adem\u00e1s, ha sido antologado por el Ateneo de Sevilla en \u2018Homenaje a la fiesta del soneto\u2019 y en \u2018De labores y esperanzas\u2019. Asimismo, ha sido rese\u00f1ado en publicaciones como Nueva Revista, Puerto, Poes\u00eda Digital, ABC Cultural, Diario de Sevilla o Granada Hoy, entre otros medios. Como ponente ha participado en congresos literarios celebrados en Puerto de Santa Mar\u00eda y en Lima y ha estado presente en ferias de libros de varias ciudades andaluzas.<\/p>\n<p>El jurado que ha participado en la deliberaci\u00f3n de esta ma\u00f1ana ha estado compuesto por el poeta Jes\u00fas Mun\u00e1rriz, Joan Gonper (Editorial Celya), Jos\u00e9 Luis Allo y Margarita Iriarte (vicepresidente y vocal de Literatura y Ling\u00fc\u00edstica del Ateneo Navarro, respectivamente) y Javier Asi\u00e1in, que ha actuado como secretario.<\/p>\n<p>&nbsp;<\/p>\n<p><strong>ganadores premio poes\u00eda ciudad de pamplona<\/strong><\/p>\n<ul>\n<li>2007: Manuel Jurado L\u00f3pez<\/li>\n<li>2008: Manuel Laespada Vizca\u00edno<\/li>\n<li>2009: Andr\u00e9s Garc\u00eda Cerd\u00e1n<\/li>\n<li>2010: Alfonso Pascal Ros<\/li>\n<li>2011: Teresa N\u00fa\u00f1ez<\/li>\n<li>2012: Julio C\u00e9sar Jim\u00e9nez<\/li>\n<li>2013: Jos\u00e9 Antonio Ram\u00edrez Lozano<\/li>\n<li>2014: Carlos Vaquerizo Torres<\/li>\n<\/ul>\n<p>&nbsp;<\/p>\n","protected":false},"excerpt":{"rendered":"<p>Al concurso se hab\u00edan presentado un total de 180 poemarios, de los que 8 proced\u00edan de Navarra y 17 del extranjero El sevillano Carlos Vaquerizo Torres ha sido el ganador&#8230;<\/p>\n","protected":false},"author":1,"featured_media":2088,"comment_status":"open","ping_status":"open","sticky":false,"template":"","format":"standard","meta":{"footnotes":""},"categories":[2],"tags":[5,6,509,1715,1716,8,9,1717,1718],"class_list":["post-2047","post","type-post","status-publish","format-standard","has-post-thumbnail","hentry","category-ayuntamiento-pamplona","tag-actualidad","tag-ayto-pamplona","tag-ayuntamiento-de-pamplona","tag-carlos-vaquerizo-torres","tag-ciudad-de-pamplona","tag-noticias","tag-pamplona","tag-preludio-de-una-mirada","tag-viii-premio-de-poesia"],"yoast_head":"<!-- This site is optimized with the Yoast SEO plugin v27.5 - https:\/\/yoast.com\/product\/yoast-seo-wordpress\/ -->\n<title>El sevillano Carlos Vaquerizo, ganador del VIII Premio de Poes\u00eda Ciudad de Pamplona con la obra \u2018Preludio de una mirada\u2019<\/title>\n<meta name=\"robots\" content=\"index, follow, max-snippet:-1, max-image-preview:large, max-video-preview:-1\" \/>\n<link rel=\"canonical\" href=\"https:\/\/www.laguiadepamplona.com\/actualidad\/el-sevillano-carlos-vaquerizo-ganador-del-viii-premio-de-poesia-ciudad-de-pamplona-con-la-obra-preludio-de-una-mirada\/\" \/>\n<meta property=\"og:locale\" content=\"es_ES\" \/>\n<meta property=\"og:type\" content=\"article\" \/>\n<meta property=\"og:title\" content=\"El sevillano Carlos Vaquerizo, ganador del VIII Premio de Poes\u00eda Ciudad de Pamplona con la obra \u2018Preludio de una mirada\u2019\" \/>\n<meta property=\"og:description\" content=\"Al concurso se hab\u00edan presentado un total de 180 poemarios, de los que 8 proced\u00edan de Navarra y 17 del extranjero El sevillano Carlos Vaquerizo Torres ha sido el ganador...\" \/>\n<meta property=\"og:url\" content=\"https:\/\/www.laguiadepamplona.com\/actualidad\/el-sevillano-carlos-vaquerizo-ganador-del-viii-premio-de-poesia-ciudad-de-pamplona-con-la-obra-preludio-de-una-mirada\/\" \/>\n<meta property=\"og:site_name\" content=\"La Gu\u00eda de Pamplona\" \/>\n<meta property=\"article:publisher\" content=\"https:\/\/www.facebook.com\/laguiadepamplonacom-133175176762273\/?ref=hl\" \/>\n<meta property=\"article:published_time\" content=\"2014-06-20T12:35:58+00:00\" \/>\n<meta name=\"author\" content=\"La Gu\u00eda de Pamplona\" \/>\n<meta name=\"twitter:card\" content=\"summary_large_image\" \/>\n<meta name=\"twitter:creator\" content=\"@LaGuiadPamplona\" \/>\n<meta name=\"twitter:site\" content=\"@LaGuiadPamplona\" \/>\n<meta name=\"twitter:label1\" content=\"Escrito por\" \/>\n\t<meta name=\"twitter:data1\" content=\"La Gu\u00eda de Pamplona\" \/>\n\t<meta name=\"twitter:label2\" content=\"Tiempo de lectura\" \/>\n\t<meta name=\"twitter:data2\" content=\"3 minutos\" \/>\n<script type=\"application\/ld+json\" class=\"yoast-schema-graph\">{\"@context\":\"https:\\\/\\\/schema.org\",\"@graph\":[{\"@type\":\"Article\",\"@id\":\"https:\\\/\\\/www.laguiadepamplona.com\\\/actualidad\\\/el-sevillano-carlos-vaquerizo-ganador-del-viii-premio-de-poesia-ciudad-de-pamplona-con-la-obra-preludio-de-una-mirada\\\/#article\",\"isPartOf\":{\"@id\":\"https:\\\/\\\/www.laguiadepamplona.com\\\/actualidad\\\/el-sevillano-carlos-vaquerizo-ganador-del-viii-premio-de-poesia-ciudad-de-pamplona-con-la-obra-preludio-de-una-mirada\\\/\"},\"author\":{\"name\":\"La Gu\u00eda de Pamplona\",\"@id\":\"https:\\\/\\\/www.laguiadepamplona.com\\\/actualidad\\\/#\\\/schema\\\/person\\\/efe887376f0213d4657c93adc50b1fdb\"},\"headline\":\"El sevillano Carlos Vaquerizo, ganador del VIII Premio de Poes\u00eda Ciudad de Pamplona con la obra \u2018Preludio de una mirada\u2019\",\"datePublished\":\"2014-06-20T12:35:58+00:00\",\"mainEntityOfPage\":{\"@id\":\"https:\\\/\\\/www.laguiadepamplona.com\\\/actualidad\\\/el-sevillano-carlos-vaquerizo-ganador-del-viii-premio-de-poesia-ciudad-de-pamplona-con-la-obra-preludio-de-una-mirada\\\/\"},\"wordCount\":563,\"commentCount\":0,\"publisher\":{\"@id\":\"https:\\\/\\\/www.laguiadepamplona.com\\\/actualidad\\\/#organization\"},\"image\":{\"@id\":\"https:\\\/\\\/www.laguiadepamplona.com\\\/actualidad\\\/el-sevillano-carlos-vaquerizo-ganador-del-viii-premio-de-poesia-ciudad-de-pamplona-con-la-obra-preludio-de-una-mirada\\\/#primaryimage\"},\"thumbnailUrl\":\"\",\"keywords\":[\"actualidad\",\"ayto pamplona\",\"Ayuntamiento de Pamplona\",\"Carlos Vaquerizo Torres\",\"Ciudad de Pamplona\",\"noticias\",\"pamplona\",\"Preludio de una mirada\",\"VIII Premio de Poes\u00eda\"],\"articleSection\":[\"Ayto Pamplona\"],\"inLanguage\":\"es\",\"potentialAction\":[{\"@type\":\"CommentAction\",\"name\":\"Comment\",\"target\":[\"https:\\\/\\\/www.laguiadepamplona.com\\\/actualidad\\\/el-sevillano-carlos-vaquerizo-ganador-del-viii-premio-de-poesia-ciudad-de-pamplona-con-la-obra-preludio-de-una-mirada\\\/#respond\"]}]},{\"@type\":\"WebPage\",\"@id\":\"https:\\\/\\\/www.laguiadepamplona.com\\\/actualidad\\\/el-sevillano-carlos-vaquerizo-ganador-del-viii-premio-de-poesia-ciudad-de-pamplona-con-la-obra-preludio-de-una-mirada\\\/\",\"url\":\"https:\\\/\\\/www.laguiadepamplona.com\\\/actualidad\\\/el-sevillano-carlos-vaquerizo-ganador-del-viii-premio-de-poesia-ciudad-de-pamplona-con-la-obra-preludio-de-una-mirada\\\/\",\"name\":\"El sevillano Carlos Vaquerizo, ganador del VIII Premio de Poes\u00eda Ciudad de Pamplona con la obra \u2018Preludio de una mirada\u2019\",\"isPartOf\":{\"@id\":\"https:\\\/\\\/www.laguiadepamplona.com\\\/actualidad\\\/#website\"},\"primaryImageOfPage\":{\"@id\":\"https:\\\/\\\/www.laguiadepamplona.com\\\/actualidad\\\/el-sevillano-carlos-vaquerizo-ganador-del-viii-premio-de-poesia-ciudad-de-pamplona-con-la-obra-preludio-de-una-mirada\\\/#primaryimage\"},\"image\":{\"@id\":\"https:\\\/\\\/www.laguiadepamplona.com\\\/actualidad\\\/el-sevillano-carlos-vaquerizo-ganador-del-viii-premio-de-poesia-ciudad-de-pamplona-con-la-obra-preludio-de-una-mirada\\\/#primaryimage\"},\"thumbnailUrl\":\"\",\"datePublished\":\"2014-06-20T12:35:58+00:00\",\"breadcrumb\":{\"@id\":\"https:\\\/\\\/www.laguiadepamplona.com\\\/actualidad\\\/el-sevillano-carlos-vaquerizo-ganador-del-viii-premio-de-poesia-ciudad-de-pamplona-con-la-obra-preludio-de-una-mirada\\\/#breadcrumb\"},\"inLanguage\":\"es\",\"potentialAction\":[{\"@type\":\"ReadAction\",\"target\":[\"https:\\\/\\\/www.laguiadepamplona.com\\\/actualidad\\\/el-sevillano-carlos-vaquerizo-ganador-del-viii-premio-de-poesia-ciudad-de-pamplona-con-la-obra-preludio-de-una-mirada\\\/\"]}]},{\"@type\":\"ImageObject\",\"inLanguage\":\"es\",\"@id\":\"https:\\\/\\\/www.laguiadepamplona.com\\\/actualidad\\\/el-sevillano-carlos-vaquerizo-ganador-del-viii-premio-de-poesia-ciudad-de-pamplona-con-la-obra-preludio-de-una-mirada\\\/#primaryimage\",\"url\":\"\",\"contentUrl\":\"\"},{\"@type\":\"BreadcrumbList\",\"@id\":\"https:\\\/\\\/www.laguiadepamplona.com\\\/actualidad\\\/el-sevillano-carlos-vaquerizo-ganador-del-viii-premio-de-poesia-ciudad-de-pamplona-con-la-obra-preludio-de-una-mirada\\\/#breadcrumb\",\"itemListElement\":[{\"@type\":\"ListItem\",\"position\":1,\"name\":\"Portada\",\"item\":\"https:\\\/\\\/www.laguiadepamplona.com\\\/actualidad\\\/\"},{\"@type\":\"ListItem\",\"position\":2,\"name\":\"El sevillano Carlos Vaquerizo, ganador del VIII Premio de Poes\u00eda Ciudad de Pamplona con la obra \u2018Preludio de una mirada\u2019\"}]},{\"@type\":\"WebSite\",\"@id\":\"https:\\\/\\\/www.laguiadepamplona.com\\\/actualidad\\\/#website\",\"url\":\"https:\\\/\\\/www.laguiadepamplona.com\\\/actualidad\\\/\",\"name\":\"La gu\u00eda de Pamplona\",\"description\":\"Noticias de Pamplona\",\"publisher\":{\"@id\":\"https:\\\/\\\/www.laguiadepamplona.com\\\/actualidad\\\/#organization\"},\"potentialAction\":[{\"@type\":\"SearchAction\",\"target\":{\"@type\":\"EntryPoint\",\"urlTemplate\":\"https:\\\/\\\/www.laguiadepamplona.com\\\/actualidad\\\/?s={search_term_string}\"},\"query-input\":{\"@type\":\"PropertyValueSpecification\",\"valueRequired\":true,\"valueName\":\"search_term_string\"}}],\"inLanguage\":\"es\"},{\"@type\":\"Organization\",\"@id\":\"https:\\\/\\\/www.laguiadepamplona.com\\\/actualidad\\\/#organization\",\"name\":\"La Gu\u00eda de Pamplona \\\/ Noticias\",\"url\":\"https:\\\/\\\/www.laguiadepamplona.com\\\/actualidad\\\/\",\"logo\":{\"@type\":\"ImageObject\",\"inLanguage\":\"es\",\"@id\":\"https:\\\/\\\/www.laguiadepamplona.com\\\/actualidad\\\/#\\\/schema\\\/logo\\\/image\\\/\",\"url\":\"https:\\\/\\\/www.laguiadepamplona.com\\\/actualidad\\\/wp-content\\\/uploads\\\/2018\\\/11\\\/logo-laguiadepamplona18-web1.png\",\"contentUrl\":\"https:\\\/\\\/www.laguiadepamplona.com\\\/actualidad\\\/wp-content\\\/uploads\\\/2018\\\/11\\\/logo-laguiadepamplona18-web1.png\",\"width\":600,\"height\":196,\"caption\":\"La Gu\u00eda de Pamplona \\\/ Noticias\"},\"image\":{\"@id\":\"https:\\\/\\\/www.laguiadepamplona.com\\\/actualidad\\\/#\\\/schema\\\/logo\\\/image\\\/\"},\"sameAs\":[\"https:\\\/\\\/www.facebook.com\\\/laguiadepamplonacom-133175176762273\\\/?ref=hl\",\"https:\\\/\\\/x.com\\\/LaGuiadPamplona\",\"https:\\\/\\\/www.instagram.com\\\/la_guia_de_pamplona\\\/\",\"https:\\\/\\\/www.youtube.com\\\/user\\\/laguiadepamplona\"]},{\"@type\":\"Person\",\"@id\":\"https:\\\/\\\/www.laguiadepamplona.com\\\/actualidad\\\/#\\\/schema\\\/person\\\/efe887376f0213d4657c93adc50b1fdb\",\"name\":\"La Gu\u00eda de Pamplona\",\"image\":{\"@type\":\"ImageObject\",\"inLanguage\":\"es\",\"@id\":\"https:\\\/\\\/secure.gravatar.com\\\/avatar\\\/b6992f131dc8d30ab0dff15446e9d346d9dbd95992de0fef795073f5ea83a81c?s=96&d=mm&r=g\",\"url\":\"https:\\\/\\\/secure.gravatar.com\\\/avatar\\\/b6992f131dc8d30ab0dff15446e9d346d9dbd95992de0fef795073f5ea83a81c?s=96&d=mm&r=g\",\"contentUrl\":\"https:\\\/\\\/secure.gravatar.com\\\/avatar\\\/b6992f131dc8d30ab0dff15446e9d346d9dbd95992de0fef795073f5ea83a81c?s=96&d=mm&r=g\",\"caption\":\"La Gu\u00eda de Pamplona\"}}]}<\/script>\n<!-- \/ Yoast SEO plugin. -->","yoast_head_json":{"title":"El sevillano Carlos Vaquerizo, ganador del VIII Premio de Poes\u00eda Ciudad de Pamplona con la obra \u2018Preludio de una mirada\u2019","robots":{"index":"index","follow":"follow","max-snippet":"max-snippet:-1","max-image-preview":"max-image-preview:large","max-video-preview":"max-video-preview:-1"},"canonical":"https:\/\/www.laguiadepamplona.com\/actualidad\/el-sevillano-carlos-vaquerizo-ganador-del-viii-premio-de-poesia-ciudad-de-pamplona-con-la-obra-preludio-de-una-mirada\/","og_locale":"es_ES","og_type":"article","og_title":"El sevillano Carlos Vaquerizo, ganador del VIII Premio de Poes\u00eda Ciudad de Pamplona con la obra \u2018Preludio de una mirada\u2019","og_description":"Al concurso se hab\u00edan presentado un total de 180 poemarios, de los que 8 proced\u00edan de Navarra y 17 del extranjero El sevillano Carlos Vaquerizo Torres ha sido el ganador...","og_url":"https:\/\/www.laguiadepamplona.com\/actualidad\/el-sevillano-carlos-vaquerizo-ganador-del-viii-premio-de-poesia-ciudad-de-pamplona-con-la-obra-preludio-de-una-mirada\/","og_site_name":"La Gu\u00eda de Pamplona","article_publisher":"https:\/\/www.facebook.com\/laguiadepamplonacom-133175176762273\/?ref=hl","article_published_time":"2014-06-20T12:35:58+00:00","author":"La Gu\u00eda de Pamplona","twitter_card":"summary_large_image","twitter_creator":"@LaGuiadPamplona","twitter_site":"@LaGuiadPamplona","twitter_misc":{"Escrito por":"La Gu\u00eda de Pamplona","Tiempo de lectura":"3 minutos"},"schema":{"@context":"https:\/\/schema.org","@graph":[{"@type":"Article","@id":"https:\/\/www.laguiadepamplona.com\/actualidad\/el-sevillano-carlos-vaquerizo-ganador-del-viii-premio-de-poesia-ciudad-de-pamplona-con-la-obra-preludio-de-una-mirada\/#article","isPartOf":{"@id":"https:\/\/www.laguiadepamplona.com\/actualidad\/el-sevillano-carlos-vaquerizo-ganador-del-viii-premio-de-poesia-ciudad-de-pamplona-con-la-obra-preludio-de-una-mirada\/"},"author":{"name":"La Gu\u00eda de Pamplona","@id":"https:\/\/www.laguiadepamplona.com\/actualidad\/#\/schema\/person\/efe887376f0213d4657c93adc50b1fdb"},"headline":"El sevillano Carlos Vaquerizo, ganador del VIII Premio de Poes\u00eda Ciudad de Pamplona con la obra \u2018Preludio de una mirada\u2019","datePublished":"2014-06-20T12:35:58+00:00","mainEntityOfPage":{"@id":"https:\/\/www.laguiadepamplona.com\/actualidad\/el-sevillano-carlos-vaquerizo-ganador-del-viii-premio-de-poesia-ciudad-de-pamplona-con-la-obra-preludio-de-una-mirada\/"},"wordCount":563,"commentCount":0,"publisher":{"@id":"https:\/\/www.laguiadepamplona.com\/actualidad\/#organization"},"image":{"@id":"https:\/\/www.laguiadepamplona.com\/actualidad\/el-sevillano-carlos-vaquerizo-ganador-del-viii-premio-de-poesia-ciudad-de-pamplona-con-la-obra-preludio-de-una-mirada\/#primaryimage"},"thumbnailUrl":"","keywords":["actualidad","ayto pamplona","Ayuntamiento de Pamplona","Carlos Vaquerizo Torres","Ciudad de Pamplona","noticias","pamplona","Preludio de una mirada","VIII Premio de Poes\u00eda"],"articleSection":["Ayto Pamplona"],"inLanguage":"es","potentialAction":[{"@type":"CommentAction","name":"Comment","target":["https:\/\/www.laguiadepamplona.com\/actualidad\/el-sevillano-carlos-vaquerizo-ganador-del-viii-premio-de-poesia-ciudad-de-pamplona-con-la-obra-preludio-de-una-mirada\/#respond"]}]},{"@type":"WebPage","@id":"https:\/\/www.laguiadepamplona.com\/actualidad\/el-sevillano-carlos-vaquerizo-ganador-del-viii-premio-de-poesia-ciudad-de-pamplona-con-la-obra-preludio-de-una-mirada\/","url":"https:\/\/www.laguiadepamplona.com\/actualidad\/el-sevillano-carlos-vaquerizo-ganador-del-viii-premio-de-poesia-ciudad-de-pamplona-con-la-obra-preludio-de-una-mirada\/","name":"El sevillano Carlos Vaquerizo, ganador del VIII Premio de Poes\u00eda Ciudad de Pamplona con la obra \u2018Preludio de una mirada\u2019","isPartOf":{"@id":"https:\/\/www.laguiadepamplona.com\/actualidad\/#website"},"primaryImageOfPage":{"@id":"https:\/\/www.laguiadepamplona.com\/actualidad\/el-sevillano-carlos-vaquerizo-ganador-del-viii-premio-de-poesia-ciudad-de-pamplona-con-la-obra-preludio-de-una-mirada\/#primaryimage"},"image":{"@id":"https:\/\/www.laguiadepamplona.com\/actualidad\/el-sevillano-carlos-vaquerizo-ganador-del-viii-premio-de-poesia-ciudad-de-pamplona-con-la-obra-preludio-de-una-mirada\/#primaryimage"},"thumbnailUrl":"","datePublished":"2014-06-20T12:35:58+00:00","breadcrumb":{"@id":"https:\/\/www.laguiadepamplona.com\/actualidad\/el-sevillano-carlos-vaquerizo-ganador-del-viii-premio-de-poesia-ciudad-de-pamplona-con-la-obra-preludio-de-una-mirada\/#breadcrumb"},"inLanguage":"es","potentialAction":[{"@type":"ReadAction","target":["https:\/\/www.laguiadepamplona.com\/actualidad\/el-sevillano-carlos-vaquerizo-ganador-del-viii-premio-de-poesia-ciudad-de-pamplona-con-la-obra-preludio-de-una-mirada\/"]}]},{"@type":"ImageObject","inLanguage":"es","@id":"https:\/\/www.laguiadepamplona.com\/actualidad\/el-sevillano-carlos-vaquerizo-ganador-del-viii-premio-de-poesia-ciudad-de-pamplona-con-la-obra-preludio-de-una-mirada\/#primaryimage","url":"","contentUrl":""},{"@type":"BreadcrumbList","@id":"https:\/\/www.laguiadepamplona.com\/actualidad\/el-sevillano-carlos-vaquerizo-ganador-del-viii-premio-de-poesia-ciudad-de-pamplona-con-la-obra-preludio-de-una-mirada\/#breadcrumb","itemListElement":[{"@type":"ListItem","position":1,"name":"Portada","item":"https:\/\/www.laguiadepamplona.com\/actualidad\/"},{"@type":"ListItem","position":2,"name":"El sevillano Carlos Vaquerizo, ganador del VIII Premio de Poes\u00eda Ciudad de Pamplona con la obra \u2018Preludio de una mirada\u2019"}]},{"@type":"WebSite","@id":"https:\/\/www.laguiadepamplona.com\/actualidad\/#website","url":"https:\/\/www.laguiadepamplona.com\/actualidad\/","name":"La gu\u00eda de Pamplona","description":"Noticias de Pamplona","publisher":{"@id":"https:\/\/www.laguiadepamplona.com\/actualidad\/#organization"},"potentialAction":[{"@type":"SearchAction","target":{"@type":"EntryPoint","urlTemplate":"https:\/\/www.laguiadepamplona.com\/actualidad\/?s={search_term_string}"},"query-input":{"@type":"PropertyValueSpecification","valueRequired":true,"valueName":"search_term_string"}}],"inLanguage":"es"},{"@type":"Organization","@id":"https:\/\/www.laguiadepamplona.com\/actualidad\/#organization","name":"La Gu\u00eda de Pamplona \/ Noticias","url":"https:\/\/www.laguiadepamplona.com\/actualidad\/","logo":{"@type":"ImageObject","inLanguage":"es","@id":"https:\/\/www.laguiadepamplona.com\/actualidad\/#\/schema\/logo\/image\/","url":"https:\/\/www.laguiadepamplona.com\/actualidad\/wp-content\/uploads\/2018\/11\/logo-laguiadepamplona18-web1.png","contentUrl":"https:\/\/www.laguiadepamplona.com\/actualidad\/wp-content\/uploads\/2018\/11\/logo-laguiadepamplona18-web1.png","width":600,"height":196,"caption":"La Gu\u00eda de Pamplona \/ Noticias"},"image":{"@id":"https:\/\/www.laguiadepamplona.com\/actualidad\/#\/schema\/logo\/image\/"},"sameAs":["https:\/\/www.facebook.com\/laguiadepamplonacom-133175176762273\/?ref=hl","https:\/\/x.com\/LaGuiadPamplona","https:\/\/www.instagram.com\/la_guia_de_pamplona\/","https:\/\/www.youtube.com\/user\/laguiadepamplona"]},{"@type":"Person","@id":"https:\/\/www.laguiadepamplona.com\/actualidad\/#\/schema\/person\/efe887376f0213d4657c93adc50b1fdb","name":"La Gu\u00eda de Pamplona","image":{"@type":"ImageObject","inLanguage":"es","@id":"https:\/\/secure.gravatar.com\/avatar\/b6992f131dc8d30ab0dff15446e9d346d9dbd95992de0fef795073f5ea83a81c?s=96&d=mm&r=g","url":"https:\/\/secure.gravatar.com\/avatar\/b6992f131dc8d30ab0dff15446e9d346d9dbd95992de0fef795073f5ea83a81c?s=96&d=mm&r=g","contentUrl":"https:\/\/secure.gravatar.com\/avatar\/b6992f131dc8d30ab0dff15446e9d346d9dbd95992de0fef795073f5ea83a81c?s=96&d=mm&r=g","caption":"La Gu\u00eda de Pamplona"}}]}},"post_mailing_queue_ids":[],"_links":{"self":[{"href":"https:\/\/www.laguiadepamplona.com\/actualidad\/wp-json\/wp\/v2\/posts\/2047","targetHints":{"allow":["GET"]}}],"collection":[{"href":"https:\/\/www.laguiadepamplona.com\/actualidad\/wp-json\/wp\/v2\/posts"}],"about":[{"href":"https:\/\/www.laguiadepamplona.com\/actualidad\/wp-json\/wp\/v2\/types\/post"}],"author":[{"embeddable":true,"href":"https:\/\/www.laguiadepamplona.com\/actualidad\/wp-json\/wp\/v2\/users\/1"}],"replies":[{"embeddable":true,"href":"https:\/\/www.laguiadepamplona.com\/actualidad\/wp-json\/wp\/v2\/comments?post=2047"}],"version-history":[{"count":0,"href":"https:\/\/www.laguiadepamplona.com\/actualidad\/wp-json\/wp\/v2\/posts\/2047\/revisions"}],"wp:featuredmedia":[{"embeddable":true,"href":"https:\/\/www.laguiadepamplona.com\/actualidad\/wp-json\/"}],"wp:attachment":[{"href":"https:\/\/www.laguiadepamplona.com\/actualidad\/wp-json\/wp\/v2\/media?parent=2047"}],"wp:term":[{"taxonomy":"category","embeddable":true,"href":"https:\/\/www.laguiadepamplona.com\/actualidad\/wp-json\/wp\/v2\/categories?post=2047"},{"taxonomy":"post_tag","embeddable":true,"href":"https:\/\/www.laguiadepamplona.com\/actualidad\/wp-json\/wp\/v2\/tags?post=2047"}],"curies":[{"name":"wp","href":"https:\/\/api.w.org\/{rel}","templated":true}]}}