{"id":20465,"date":"2019-02-19T17:53:41","date_gmt":"2019-02-19T15:53:41","guid":{"rendered":"https:\/\/www.laguiadepamplona.es\/actualidad\/?p=20465"},"modified":"2019-02-19T17:53:41","modified_gmt":"2019-02-19T15:53:41","slug":"la-casa-de-la-juventud-acoge-miercoles-y-jueves-la-presentacion-de-la-semana-de-accion-mundial-por-la-educacion-same","status":"publish","type":"post","link":"https:\/\/www.laguiadepamplona.com\/actualidad\/la-casa-de-la-juventud-acoge-miercoles-y-jueves-la-presentacion-de-la-semana-de-accion-mundial-por-la-educacion-same\/","title":{"rendered":"La Casa de la Juventud acoge mi\u00e9rcoles y jueves la presentaci\u00f3n de la Semana de Acci\u00f3n Mundial por la Educaci\u00f3n (SAME)"},"content":{"rendered":"<p><!--more--><\/p>\n<h3>\u2018Defendemos la educaci\u00f3n, sostenemos el mundo\u2019 es el lema de una edici\u00f3n que busca promover una educaci\u00f3n inclusiva, equitativa y de calidad<\/h3>\n<p>Las asociaciones Madre Coraje, Fundaci\u00f3n Fabre y FISC presentar\u00e1n este mi\u00e9rcoles en castellano y el jueves en euskera en la Casa de la Juventud la Semana de Acci\u00f3n Mundial por la Educaci\u00f3n (SAME). La edici\u00f3n de 2019 se desarrollar\u00e1 del 1 al 7 de abril con el lema \u2018Defendemos la educaci\u00f3n, sostenemos el mundo\u2019. Se trata de una de las actividades m\u00e1s significativas de la Campa\u00f1a Mundial por la Educaci\u00f3n, coalici\u00f3n internacional que defiende el derecho a la educaci\u00f3n de todas las personas.<\/p>\n<p>Este a\u00f1o se apuesta por garantizar una educaci\u00f3n inclusiva, equitativa y de calidad y promover oportunidades de aprendizaje para toda la vida para todos y todas. Antes de iniciar en abril las actividades propiamente dichas de la SAME, se pretende con esta presentaci\u00f3n, que tendr\u00e1 lugar ambos d\u00edas a las 17.30 horas, con entrada libre, que profesorado y educadores de Navarra, junto a su alumnado, tengan las herramientas necesarias para defender y promover el derecho a la educaci\u00f3n. Participar\u00e1n en las sesiones Unai Zabaleta Aldaz y Laura Irurzun Urdi\u00e1in de la ING Madre Coraje y Celia Pinedo Pardo de la Fundaci\u00f3n Fabre.<\/p>\n<p>Las presentaciones dar\u00e1n pautas sobre c\u00f3mo trabajar la sostenibilidad medioambiental, social y econ\u00f3mica en las aulas. En la primera parte, se realizar\u00e1 una presentaci\u00f3n de la campa\u00f1a y de la propuesta de este a\u00f1o, vinculada con los objetivos de desarrollo sostenibles y la sostenibilidad social y medioambiental. Posteriormente, en una segunda parte, se llevar\u00e1 a cabo una breve explicaci\u00f3n te\u00f3rica en la que se aplicar\u00e1n herramientas online y ejemplos de din\u00e1micas que poder realizar en el aula. Despu\u00e9s, se realizar\u00e1 un taller de trabajo pr\u00e1ctico para conocer y ver las posibilidades concretas de aplicaci\u00f3n de los recursos educativos propuestos para cada nivel. Ser\u00e1 el propio profesorado quien viva, comparta y enriquezca la propuesta.<\/p>\n<p><strong>Objetivos de la SAME<\/strong><\/p>\n<p>La Semana de Acci\u00f3n Mundial por la Educaci\u00f3n 2019 quiere hacer especial hincapi\u00e9 en promover la toma de conciencia sobre la importancia de garantizar el derecho a una educaci\u00f3n plenamente inclusiva y equitativa para todas las personas y durante toda la vida, y mejorar el conocimiento sobre los retos existentes para lograr dicho objetivo. Asimismo, pretende dar a conocer los distintos retos medioambientales y sociales a los que se enfrenta la humanidad actualmente, la interconexi\u00f3n entre ellos y c\u00f3mo afectan al bienestar y el ejercicio de los derechos a las personas de todo el mundo.<\/p>\n<p>Se busca tambi\u00e9n conocer la realidad en la que viven millones de ni\u00f1os y ni\u00f1as que no pueden ejercer su derecho a la educaci\u00f3n y asumir como ciudadan\u00eda activa la propia responsabilidad frente a situaciones de injusticia, a la vez que promover entre el alumnado la reflexi\u00f3n y la movilizaci\u00f3n. Entre los objetivos, est\u00e1n tambi\u00e9n trabajar las propias propuestas de la SAME enmarcadas en la Campa\u00f1a Mundial por la Educaci\u00f3n y vivenciar din\u00e1micas concretas propuestas por los recursos educativos de la SAME 2019.<\/p>\n<p><strong>Asociaciones organizadoras de la SAME<\/strong><\/p>\n<p>Madre Coraje, Fundaci\u00f3n Fabre y FISC son las tres asociaciones que organizan esta Semana de Acci\u00f3n Mundial por la Educaci\u00f3n (SAME). Madre Coraje coopera en el desarrollo de las comunidades empobrecidas de Per\u00fa y Mozambique con ayuda humanitaria y proyectos de desarrollo sostenible, con voluntarios y socios comprometidos con la igualdad, la lucha contra la injusticia y el respeto al medioambiente, educando y sensibilizando a su entorno m\u00e1s cercano.<\/p>\n<p>Fundaci\u00f3n Fabre busca contribuir al desarrollo de los pueblos ofreciendo una oportunidad para el cambio a cada uno de los beneficiarios, potenciando la justicia y el bien social, la solidaridad y los valores inherentes a la familia. En sus proyectos el punto central es la persona, su capacitaci\u00f3n, formaci\u00f3n y capacidad de generar ingresos, que le permitan salir del c\u00edrculo de la pobreza.<\/p>\n<p>FISC es la ONG de la Compa\u00f1\u00eda de Mar\u00eda, comprometida con la educaci\u00f3n y cooperaci\u00f3n para el desarrollo, que prioriza los derechos humanos, la equidad de g\u00e9nero y el fortalecimiento de las capacidades de las personas y colectivos para colaborar en la construcci\u00f3n de una sociedad m\u00e1s justa, participativa y promotora de paz y libertad.<\/p>\n","protected":false},"excerpt":{"rendered":"","protected":false},"author":1,"featured_media":13864,"comment_status":"open","ping_status":"closed","sticky":false,"template":"","format":"standard","meta":{"footnotes":""},"categories":[2],"tags":[],"class_list":["post-20465","post","type-post","status-publish","format-standard","has-post-thumbnail","hentry","category-ayuntamiento-pamplona"],"yoast_head":"<!-- This site is optimized with the Yoast SEO plugin v27.3 - https:\/\/yoast.com\/product\/yoast-seo-wordpress\/ -->\n<title>La Casa de la Juventud acoge mi\u00e9rcoles y jueves la presentaci\u00f3n de la Semana de Acci\u00f3n Mundial por la Educaci\u00f3n (SAME)<\/title>\n<meta name=\"robots\" content=\"index, follow, max-snippet:-1, max-image-preview:large, max-video-preview:-1\" \/>\n<link rel=\"canonical\" href=\"https:\/\/www.laguiadepamplona.com\/actualidad\/la-casa-de-la-juventud-acoge-miercoles-y-jueves-la-presentacion-de-la-semana-de-accion-mundial-por-la-educacion-same\/\" \/>\n<meta property=\"og:locale\" content=\"es_ES\" \/>\n<meta property=\"og:type\" content=\"article\" \/>\n<meta property=\"og:title\" content=\"La Casa de la Juventud acoge mi\u00e9rcoles y jueves la presentaci\u00f3n de la Semana de Acci\u00f3n Mundial por la Educaci\u00f3n (SAME)\" \/>\n<meta property=\"og:url\" content=\"https:\/\/www.laguiadepamplona.com\/actualidad\/la-casa-de-la-juventud-acoge-miercoles-y-jueves-la-presentacion-de-la-semana-de-accion-mundial-por-la-educacion-same\/\" \/>\n<meta property=\"og:site_name\" content=\"La Gu\u00eda de Pamplona\" \/>\n<meta property=\"article:publisher\" content=\"https:\/\/www.facebook.com\/laguiadepamplonacom-133175176762273\/?ref=hl\" \/>\n<meta property=\"article:published_time\" content=\"2019-02-19T15:53:41+00:00\" \/>\n<meta property=\"og:image\" content=\"https:\/\/www.laguiadepamplona.com\/actualidad\/wp-content\/uploads\/2017\/08\/cada_dia_plan_juventud.jpg\" \/>\n\t<meta property=\"og:image:width\" content=\"1000\" \/>\n\t<meta property=\"og:image:height\" content=\"527\" \/>\n\t<meta property=\"og:image:type\" content=\"image\/jpeg\" \/>\n<meta name=\"author\" content=\"La Gu\u00eda de Pamplona\" \/>\n<meta name=\"twitter:card\" content=\"summary_large_image\" \/>\n<meta name=\"twitter:creator\" content=\"@LaGuiadPamplona\" \/>\n<meta name=\"twitter:site\" content=\"@LaGuiadPamplona\" \/>\n<meta name=\"twitter:label1\" content=\"Escrito por\" \/>\n\t<meta name=\"twitter:data1\" content=\"La Gu\u00eda de Pamplona\" \/>\n\t<meta name=\"twitter:label2\" content=\"Tiempo de lectura\" \/>\n\t<meta name=\"twitter:data2\" content=\"4 minutos\" \/>\n<script type=\"application\/ld+json\" class=\"yoast-schema-graph\">{\"@context\":\"https:\\\/\\\/schema.org\",\"@graph\":[{\"@type\":\"Article\",\"@id\":\"https:\\\/\\\/www.laguiadepamplona.com\\\/actualidad\\\/la-casa-de-la-juventud-acoge-miercoles-y-jueves-la-presentacion-de-la-semana-de-accion-mundial-por-la-educacion-same\\\/#article\",\"isPartOf\":{\"@id\":\"https:\\\/\\\/www.laguiadepamplona.com\\\/actualidad\\\/la-casa-de-la-juventud-acoge-miercoles-y-jueves-la-presentacion-de-la-semana-de-accion-mundial-por-la-educacion-same\\\/\"},\"author\":{\"name\":\"La Gu\u00eda de Pamplona\",\"@id\":\"https:\\\/\\\/www.laguiadepamplona.com\\\/actualidad\\\/#\\\/schema\\\/person\\\/efe887376f0213d4657c93adc50b1fdb\"},\"headline\":\"La Casa de la Juventud acoge mi\u00e9rcoles y jueves la presentaci\u00f3n de la Semana de Acci\u00f3n Mundial por la Educaci\u00f3n (SAME)\",\"datePublished\":\"2019-02-19T15:53:41+00:00\",\"mainEntityOfPage\":{\"@id\":\"https:\\\/\\\/www.laguiadepamplona.com\\\/actualidad\\\/la-casa-de-la-juventud-acoge-miercoles-y-jueves-la-presentacion-de-la-semana-de-accion-mundial-por-la-educacion-same\\\/\"},\"wordCount\":781,\"commentCount\":0,\"publisher\":{\"@id\":\"https:\\\/\\\/www.laguiadepamplona.com\\\/actualidad\\\/#organization\"},\"image\":{\"@id\":\"https:\\\/\\\/www.laguiadepamplona.com\\\/actualidad\\\/la-casa-de-la-juventud-acoge-miercoles-y-jueves-la-presentacion-de-la-semana-de-accion-mundial-por-la-educacion-same\\\/#primaryimage\"},\"thumbnailUrl\":\"https:\\\/\\\/www.laguiadepamplona.com\\\/actualidad\\\/wp-content\\\/uploads\\\/2017\\\/08\\\/cada_dia_plan_juventud.jpg\",\"articleSection\":[\"Ayto Pamplona\"],\"inLanguage\":\"es\",\"potentialAction\":[{\"@type\":\"CommentAction\",\"name\":\"Comment\",\"target\":[\"https:\\\/\\\/www.laguiadepamplona.com\\\/actualidad\\\/la-casa-de-la-juventud-acoge-miercoles-y-jueves-la-presentacion-de-la-semana-de-accion-mundial-por-la-educacion-same\\\/#respond\"]}]},{\"@type\":\"WebPage\",\"@id\":\"https:\\\/\\\/www.laguiadepamplona.com\\\/actualidad\\\/la-casa-de-la-juventud-acoge-miercoles-y-jueves-la-presentacion-de-la-semana-de-accion-mundial-por-la-educacion-same\\\/\",\"url\":\"https:\\\/\\\/www.laguiadepamplona.com\\\/actualidad\\\/la-casa-de-la-juventud-acoge-miercoles-y-jueves-la-presentacion-de-la-semana-de-accion-mundial-por-la-educacion-same\\\/\",\"name\":\"La Casa de la Juventud acoge mi\u00e9rcoles y jueves la presentaci\u00f3n de la Semana de Acci\u00f3n Mundial por la Educaci\u00f3n (SAME)\",\"isPartOf\":{\"@id\":\"https:\\\/\\\/www.laguiadepamplona.com\\\/actualidad\\\/#website\"},\"primaryImageOfPage\":{\"@id\":\"https:\\\/\\\/www.laguiadepamplona.com\\\/actualidad\\\/la-casa-de-la-juventud-acoge-miercoles-y-jueves-la-presentacion-de-la-semana-de-accion-mundial-por-la-educacion-same\\\/#primaryimage\"},\"image\":{\"@id\":\"https:\\\/\\\/www.laguiadepamplona.com\\\/actualidad\\\/la-casa-de-la-juventud-acoge-miercoles-y-jueves-la-presentacion-de-la-semana-de-accion-mundial-por-la-educacion-same\\\/#primaryimage\"},\"thumbnailUrl\":\"https:\\\/\\\/www.laguiadepamplona.com\\\/actualidad\\\/wp-content\\\/uploads\\\/2017\\\/08\\\/cada_dia_plan_juventud.jpg\",\"datePublished\":\"2019-02-19T15:53:41+00:00\",\"breadcrumb\":{\"@id\":\"https:\\\/\\\/www.laguiadepamplona.com\\\/actualidad\\\/la-casa-de-la-juventud-acoge-miercoles-y-jueves-la-presentacion-de-la-semana-de-accion-mundial-por-la-educacion-same\\\/#breadcrumb\"},\"inLanguage\":\"es\",\"potentialAction\":[{\"@type\":\"ReadAction\",\"target\":[\"https:\\\/\\\/www.laguiadepamplona.com\\\/actualidad\\\/la-casa-de-la-juventud-acoge-miercoles-y-jueves-la-presentacion-de-la-semana-de-accion-mundial-por-la-educacion-same\\\/\"]}]},{\"@type\":\"ImageObject\",\"inLanguage\":\"es\",\"@id\":\"https:\\\/\\\/www.laguiadepamplona.com\\\/actualidad\\\/la-casa-de-la-juventud-acoge-miercoles-y-jueves-la-presentacion-de-la-semana-de-accion-mundial-por-la-educacion-same\\\/#primaryimage\",\"url\":\"https:\\\/\\\/www.laguiadepamplona.com\\\/actualidad\\\/wp-content\\\/uploads\\\/2017\\\/08\\\/cada_dia_plan_juventud.jpg\",\"contentUrl\":\"https:\\\/\\\/www.laguiadepamplona.com\\\/actualidad\\\/wp-content\\\/uploads\\\/2017\\\/08\\\/cada_dia_plan_juventud.jpg\",\"width\":1000,\"height\":527},{\"@type\":\"BreadcrumbList\",\"@id\":\"https:\\\/\\\/www.laguiadepamplona.com\\\/actualidad\\\/la-casa-de-la-juventud-acoge-miercoles-y-jueves-la-presentacion-de-la-semana-de-accion-mundial-por-la-educacion-same\\\/#breadcrumb\",\"itemListElement\":[{\"@type\":\"ListItem\",\"position\":1,\"name\":\"Portada\",\"item\":\"https:\\\/\\\/www.laguiadepamplona.com\\\/actualidad\\\/\"},{\"@type\":\"ListItem\",\"position\":2,\"name\":\"La Casa de la Juventud acoge mi\u00e9rcoles y jueves la presentaci\u00f3n de la Semana de Acci\u00f3n Mundial por la Educaci\u00f3n (SAME)\"}]},{\"@type\":\"WebSite\",\"@id\":\"https:\\\/\\\/www.laguiadepamplona.com\\\/actualidad\\\/#website\",\"url\":\"https:\\\/\\\/www.laguiadepamplona.com\\\/actualidad\\\/\",\"name\":\"La gu\u00eda de Pamplona\",\"description\":\"Noticias de Pamplona\",\"publisher\":{\"@id\":\"https:\\\/\\\/www.laguiadepamplona.com\\\/actualidad\\\/#organization\"},\"potentialAction\":[{\"@type\":\"SearchAction\",\"target\":{\"@type\":\"EntryPoint\",\"urlTemplate\":\"https:\\\/\\\/www.laguiadepamplona.com\\\/actualidad\\\/?s={search_term_string}\"},\"query-input\":{\"@type\":\"PropertyValueSpecification\",\"valueRequired\":true,\"valueName\":\"search_term_string\"}}],\"inLanguage\":\"es\"},{\"@type\":\"Organization\",\"@id\":\"https:\\\/\\\/www.laguiadepamplona.com\\\/actualidad\\\/#organization\",\"name\":\"La Gu\u00eda de Pamplona \\\/ Noticias\",\"url\":\"https:\\\/\\\/www.laguiadepamplona.com\\\/actualidad\\\/\",\"logo\":{\"@type\":\"ImageObject\",\"inLanguage\":\"es\",\"@id\":\"https:\\\/\\\/www.laguiadepamplona.com\\\/actualidad\\\/#\\\/schema\\\/logo\\\/image\\\/\",\"url\":\"https:\\\/\\\/www.laguiadepamplona.com\\\/actualidad\\\/wp-content\\\/uploads\\\/2018\\\/11\\\/logo-laguiadepamplona18-web1.png\",\"contentUrl\":\"https:\\\/\\\/www.laguiadepamplona.com\\\/actualidad\\\/wp-content\\\/uploads\\\/2018\\\/11\\\/logo-laguiadepamplona18-web1.png\",\"width\":600,\"height\":196,\"caption\":\"La Gu\u00eda de Pamplona \\\/ Noticias\"},\"image\":{\"@id\":\"https:\\\/\\\/www.laguiadepamplona.com\\\/actualidad\\\/#\\\/schema\\\/logo\\\/image\\\/\"},\"sameAs\":[\"https:\\\/\\\/www.facebook.com\\\/laguiadepamplonacom-133175176762273\\\/?ref=hl\",\"https:\\\/\\\/x.com\\\/LaGuiadPamplona\",\"https:\\\/\\\/www.instagram.com\\\/la_guia_de_pamplona\\\/\",\"https:\\\/\\\/www.youtube.com\\\/user\\\/laguiadepamplona\"]},{\"@type\":\"Person\",\"@id\":\"https:\\\/\\\/www.laguiadepamplona.com\\\/actualidad\\\/#\\\/schema\\\/person\\\/efe887376f0213d4657c93adc50b1fdb\",\"name\":\"La Gu\u00eda de Pamplona\",\"image\":{\"@type\":\"ImageObject\",\"inLanguage\":\"es\",\"@id\":\"https:\\\/\\\/secure.gravatar.com\\\/avatar\\\/b6992f131dc8d30ab0dff15446e9d346d9dbd95992de0fef795073f5ea83a81c?s=96&d=mm&r=g\",\"url\":\"https:\\\/\\\/secure.gravatar.com\\\/avatar\\\/b6992f131dc8d30ab0dff15446e9d346d9dbd95992de0fef795073f5ea83a81c?s=96&d=mm&r=g\",\"contentUrl\":\"https:\\\/\\\/secure.gravatar.com\\\/avatar\\\/b6992f131dc8d30ab0dff15446e9d346d9dbd95992de0fef795073f5ea83a81c?s=96&d=mm&r=g\",\"caption\":\"La Gu\u00eda de Pamplona\"}}]}<\/script>\n<!-- \/ Yoast SEO plugin. -->","yoast_head_json":{"title":"La Casa de la Juventud acoge mi\u00e9rcoles y jueves la presentaci\u00f3n de la Semana de Acci\u00f3n Mundial por la Educaci\u00f3n (SAME)","robots":{"index":"index","follow":"follow","max-snippet":"max-snippet:-1","max-image-preview":"max-image-preview:large","max-video-preview":"max-video-preview:-1"},"canonical":"https:\/\/www.laguiadepamplona.com\/actualidad\/la-casa-de-la-juventud-acoge-miercoles-y-jueves-la-presentacion-de-la-semana-de-accion-mundial-por-la-educacion-same\/","og_locale":"es_ES","og_type":"article","og_title":"La Casa de la Juventud acoge mi\u00e9rcoles y jueves la presentaci\u00f3n de la Semana de Acci\u00f3n Mundial por la Educaci\u00f3n (SAME)","og_url":"https:\/\/www.laguiadepamplona.com\/actualidad\/la-casa-de-la-juventud-acoge-miercoles-y-jueves-la-presentacion-de-la-semana-de-accion-mundial-por-la-educacion-same\/","og_site_name":"La Gu\u00eda de Pamplona","article_publisher":"https:\/\/www.facebook.com\/laguiadepamplonacom-133175176762273\/?ref=hl","article_published_time":"2019-02-19T15:53:41+00:00","og_image":[{"width":1000,"height":527,"url":"https:\/\/www.laguiadepamplona.com\/actualidad\/wp-content\/uploads\/2017\/08\/cada_dia_plan_juventud.jpg","type":"image\/jpeg"}],"author":"La Gu\u00eda de Pamplona","twitter_card":"summary_large_image","twitter_creator":"@LaGuiadPamplona","twitter_site":"@LaGuiadPamplona","twitter_misc":{"Escrito por":"La Gu\u00eda de Pamplona","Tiempo de lectura":"4 minutos"},"schema":{"@context":"https:\/\/schema.org","@graph":[{"@type":"Article","@id":"https:\/\/www.laguiadepamplona.com\/actualidad\/la-casa-de-la-juventud-acoge-miercoles-y-jueves-la-presentacion-de-la-semana-de-accion-mundial-por-la-educacion-same\/#article","isPartOf":{"@id":"https:\/\/www.laguiadepamplona.com\/actualidad\/la-casa-de-la-juventud-acoge-miercoles-y-jueves-la-presentacion-de-la-semana-de-accion-mundial-por-la-educacion-same\/"},"author":{"name":"La Gu\u00eda de Pamplona","@id":"https:\/\/www.laguiadepamplona.com\/actualidad\/#\/schema\/person\/efe887376f0213d4657c93adc50b1fdb"},"headline":"La Casa de la Juventud acoge mi\u00e9rcoles y jueves la presentaci\u00f3n de la Semana de Acci\u00f3n Mundial por la Educaci\u00f3n (SAME)","datePublished":"2019-02-19T15:53:41+00:00","mainEntityOfPage":{"@id":"https:\/\/www.laguiadepamplona.com\/actualidad\/la-casa-de-la-juventud-acoge-miercoles-y-jueves-la-presentacion-de-la-semana-de-accion-mundial-por-la-educacion-same\/"},"wordCount":781,"commentCount":0,"publisher":{"@id":"https:\/\/www.laguiadepamplona.com\/actualidad\/#organization"},"image":{"@id":"https:\/\/www.laguiadepamplona.com\/actualidad\/la-casa-de-la-juventud-acoge-miercoles-y-jueves-la-presentacion-de-la-semana-de-accion-mundial-por-la-educacion-same\/#primaryimage"},"thumbnailUrl":"https:\/\/www.laguiadepamplona.com\/actualidad\/wp-content\/uploads\/2017\/08\/cada_dia_plan_juventud.jpg","articleSection":["Ayto Pamplona"],"inLanguage":"es","potentialAction":[{"@type":"CommentAction","name":"Comment","target":["https:\/\/www.laguiadepamplona.com\/actualidad\/la-casa-de-la-juventud-acoge-miercoles-y-jueves-la-presentacion-de-la-semana-de-accion-mundial-por-la-educacion-same\/#respond"]}]},{"@type":"WebPage","@id":"https:\/\/www.laguiadepamplona.com\/actualidad\/la-casa-de-la-juventud-acoge-miercoles-y-jueves-la-presentacion-de-la-semana-de-accion-mundial-por-la-educacion-same\/","url":"https:\/\/www.laguiadepamplona.com\/actualidad\/la-casa-de-la-juventud-acoge-miercoles-y-jueves-la-presentacion-de-la-semana-de-accion-mundial-por-la-educacion-same\/","name":"La Casa de la Juventud acoge mi\u00e9rcoles y jueves la presentaci\u00f3n de la Semana de Acci\u00f3n Mundial por la Educaci\u00f3n (SAME)","isPartOf":{"@id":"https:\/\/www.laguiadepamplona.com\/actualidad\/#website"},"primaryImageOfPage":{"@id":"https:\/\/www.laguiadepamplona.com\/actualidad\/la-casa-de-la-juventud-acoge-miercoles-y-jueves-la-presentacion-de-la-semana-de-accion-mundial-por-la-educacion-same\/#primaryimage"},"image":{"@id":"https:\/\/www.laguiadepamplona.com\/actualidad\/la-casa-de-la-juventud-acoge-miercoles-y-jueves-la-presentacion-de-la-semana-de-accion-mundial-por-la-educacion-same\/#primaryimage"},"thumbnailUrl":"https:\/\/www.laguiadepamplona.com\/actualidad\/wp-content\/uploads\/2017\/08\/cada_dia_plan_juventud.jpg","datePublished":"2019-02-19T15:53:41+00:00","breadcrumb":{"@id":"https:\/\/www.laguiadepamplona.com\/actualidad\/la-casa-de-la-juventud-acoge-miercoles-y-jueves-la-presentacion-de-la-semana-de-accion-mundial-por-la-educacion-same\/#breadcrumb"},"inLanguage":"es","potentialAction":[{"@type":"ReadAction","target":["https:\/\/www.laguiadepamplona.com\/actualidad\/la-casa-de-la-juventud-acoge-miercoles-y-jueves-la-presentacion-de-la-semana-de-accion-mundial-por-la-educacion-same\/"]}]},{"@type":"ImageObject","inLanguage":"es","@id":"https:\/\/www.laguiadepamplona.com\/actualidad\/la-casa-de-la-juventud-acoge-miercoles-y-jueves-la-presentacion-de-la-semana-de-accion-mundial-por-la-educacion-same\/#primaryimage","url":"https:\/\/www.laguiadepamplona.com\/actualidad\/wp-content\/uploads\/2017\/08\/cada_dia_plan_juventud.jpg","contentUrl":"https:\/\/www.laguiadepamplona.com\/actualidad\/wp-content\/uploads\/2017\/08\/cada_dia_plan_juventud.jpg","width":1000,"height":527},{"@type":"BreadcrumbList","@id":"https:\/\/www.laguiadepamplona.com\/actualidad\/la-casa-de-la-juventud-acoge-miercoles-y-jueves-la-presentacion-de-la-semana-de-accion-mundial-por-la-educacion-same\/#breadcrumb","itemListElement":[{"@type":"ListItem","position":1,"name":"Portada","item":"https:\/\/www.laguiadepamplona.com\/actualidad\/"},{"@type":"ListItem","position":2,"name":"La Casa de la Juventud acoge mi\u00e9rcoles y jueves la presentaci\u00f3n de la Semana de Acci\u00f3n Mundial por la Educaci\u00f3n (SAME)"}]},{"@type":"WebSite","@id":"https:\/\/www.laguiadepamplona.com\/actualidad\/#website","url":"https:\/\/www.laguiadepamplona.com\/actualidad\/","name":"La gu\u00eda de Pamplona","description":"Noticias de Pamplona","publisher":{"@id":"https:\/\/www.laguiadepamplona.com\/actualidad\/#organization"},"potentialAction":[{"@type":"SearchAction","target":{"@type":"EntryPoint","urlTemplate":"https:\/\/www.laguiadepamplona.com\/actualidad\/?s={search_term_string}"},"query-input":{"@type":"PropertyValueSpecification","valueRequired":true,"valueName":"search_term_string"}}],"inLanguage":"es"},{"@type":"Organization","@id":"https:\/\/www.laguiadepamplona.com\/actualidad\/#organization","name":"La Gu\u00eda de Pamplona \/ Noticias","url":"https:\/\/www.laguiadepamplona.com\/actualidad\/","logo":{"@type":"ImageObject","inLanguage":"es","@id":"https:\/\/www.laguiadepamplona.com\/actualidad\/#\/schema\/logo\/image\/","url":"https:\/\/www.laguiadepamplona.com\/actualidad\/wp-content\/uploads\/2018\/11\/logo-laguiadepamplona18-web1.png","contentUrl":"https:\/\/www.laguiadepamplona.com\/actualidad\/wp-content\/uploads\/2018\/11\/logo-laguiadepamplona18-web1.png","width":600,"height":196,"caption":"La Gu\u00eda de Pamplona \/ Noticias"},"image":{"@id":"https:\/\/www.laguiadepamplona.com\/actualidad\/#\/schema\/logo\/image\/"},"sameAs":["https:\/\/www.facebook.com\/laguiadepamplonacom-133175176762273\/?ref=hl","https:\/\/x.com\/LaGuiadPamplona","https:\/\/www.instagram.com\/la_guia_de_pamplona\/","https:\/\/www.youtube.com\/user\/laguiadepamplona"]},{"@type":"Person","@id":"https:\/\/www.laguiadepamplona.com\/actualidad\/#\/schema\/person\/efe887376f0213d4657c93adc50b1fdb","name":"La Gu\u00eda de Pamplona","image":{"@type":"ImageObject","inLanguage":"es","@id":"https:\/\/secure.gravatar.com\/avatar\/b6992f131dc8d30ab0dff15446e9d346d9dbd95992de0fef795073f5ea83a81c?s=96&d=mm&r=g","url":"https:\/\/secure.gravatar.com\/avatar\/b6992f131dc8d30ab0dff15446e9d346d9dbd95992de0fef795073f5ea83a81c?s=96&d=mm&r=g","contentUrl":"https:\/\/secure.gravatar.com\/avatar\/b6992f131dc8d30ab0dff15446e9d346d9dbd95992de0fef795073f5ea83a81c?s=96&d=mm&r=g","caption":"La Gu\u00eda de Pamplona"}}]}},"post_mailing_queue_ids":[],"_links":{"self":[{"href":"https:\/\/www.laguiadepamplona.com\/actualidad\/wp-json\/wp\/v2\/posts\/20465","targetHints":{"allow":["GET"]}}],"collection":[{"href":"https:\/\/www.laguiadepamplona.com\/actualidad\/wp-json\/wp\/v2\/posts"}],"about":[{"href":"https:\/\/www.laguiadepamplona.com\/actualidad\/wp-json\/wp\/v2\/types\/post"}],"author":[{"embeddable":true,"href":"https:\/\/www.laguiadepamplona.com\/actualidad\/wp-json\/wp\/v2\/users\/1"}],"replies":[{"embeddable":true,"href":"https:\/\/www.laguiadepamplona.com\/actualidad\/wp-json\/wp\/v2\/comments?post=20465"}],"version-history":[{"count":0,"href":"https:\/\/www.laguiadepamplona.com\/actualidad\/wp-json\/wp\/v2\/posts\/20465\/revisions"}],"wp:featuredmedia":[{"embeddable":true,"href":"https:\/\/www.laguiadepamplona.com\/actualidad\/wp-json\/wp\/v2\/media\/13864"}],"wp:attachment":[{"href":"https:\/\/www.laguiadepamplona.com\/actualidad\/wp-json\/wp\/v2\/media?parent=20465"}],"wp:term":[{"taxonomy":"category","embeddable":true,"href":"https:\/\/www.laguiadepamplona.com\/actualidad\/wp-json\/wp\/v2\/categories?post=20465"},{"taxonomy":"post_tag","embeddable":true,"href":"https:\/\/www.laguiadepamplona.com\/actualidad\/wp-json\/wp\/v2\/tags?post=20465"}],"curies":[{"name":"wp","href":"https:\/\/api.w.org\/{rel}","templated":true}]}}