{"id":20463,"date":"2019-02-19T17:52:42","date_gmt":"2019-02-19T15:52:42","guid":{"rendered":"https:\/\/www.laguiadepamplona.es\/actualidad\/?p=20463"},"modified":"2019-02-19T17:52:42","modified_gmt":"2019-02-19T15:52:42","slug":"civivox-milagrosa-inicia-este-miercoles-un-ciclo-de-conferencias-sobre-el-control-del-tiempo-frente-a-la-amenaza-del-estres","status":"publish","type":"post","link":"https:\/\/www.laguiadepamplona.com\/actualidad\/civivox-milagrosa-inicia-este-miercoles-un-ciclo-de-conferencias-sobre-el-control-del-tiempo-frente-a-la-amenaza-del-estres\/","title":{"rendered":"Civivox Milagrosa inicia este mi\u00e9rcoles un ciclo de conferencias sobre el control del tiempo frente a la amenaza del estr\u00e9s"},"content":{"rendered":"<p><!--more--><\/p>\n<h3>La primera sesi\u00f3n, sobre la gesti\u00f3n del tiempo, comenzar\u00e1 a las 19.30 horas, con entrada libre previa retirada de invitaciones<\/h3>\n<p>La red Civivox ha organizado entre febrero y abril tres conferencias en las que se abordar\u00e1 una problem\u00e1tica actual como el control del tiempo frente a la amenaza del estr\u00e9s. Las sesiones comenzar\u00e1n este mi\u00e9rcoles con una charla sobre la gesti\u00f3n del tiempo impartida por la licenciada el Psicolog\u00eda, Carmen Gon\u00e7alves. Todas las conferencias tendr\u00e1 lugar en Civivox Milagrosa, a las 19.30 horas, con entrada libre, previa retirada de invitaciones.<\/p>\n<p>En \u2018Gesti\u00f3n del tiempo: lib\u00e9rate del estr\u00e9s y gana bienestar\u2019 se diferenciar\u00e1 lo urgente de la importante, se conocer\u00e1 a los ladrones del tiempo y se hablar\u00e1 de t\u00e9cnicas eficaces para gestionar ese tiempo correctamente. Y es que la falta de tiempo, o la sensaci\u00f3n de ellos, causan en muchas personas cuadros de estr\u00e9s y ansiedad.<\/p>\n<p>La segunda charla, el mi\u00e9rcoles martes 13 de marzo, insistir\u00e1 en esa liberaci\u00f3n del estr\u00e9s bajo el t\u00edtulo \u2018Un momento para vivir el momento\u2019. Ante la sociedad de las prisas las personas deben encontrar un espacio vital en el que descansar la mente para ganar energ\u00eda, salud y calidad de vida. El momento no se vive pensando ni prometiendo sino con consciencia, conducta, armon\u00eda y contacto. La sesi\u00f3n la llevar\u00e1 cabo el diplomado en Trabajo Social,\u00a0coach y experto en motivaci\u00f3n personal, Leonardo Resano.<\/p>\n<p>Cerrar\u00e1 el ciclo, el mi\u00e9rcoles 10 de abril, una conferencia sobre t\u00e9cnicas eficaces para combatir el estr\u00e9s impartida tambi\u00e9n por Cristina Gon\u00e7alves. En ella, se conocer\u00e1n estrategias que ayuden en un cambio de actitud y que tengan un impacto positivo para combatir el estr\u00e9s. El estr\u00e9s es un sentimiento de tensi\u00f3n f\u00edsica y mental que dificulta la vida de quien lo sufre. La manera de pensar, sentir y actuar depende en gran medida de c\u00f3mo se afrontan situaciones que se pueden considerar estresantes, como puede ser la falta de tiempo.<\/p>\n<p>&nbsp;<\/p>\n<p><strong>El control del tiempo frente a la amenaza del estr\u00e9s<\/strong><\/p>\n<ul>\n<li><strong>Mi\u00e9rcoles 20 de febrero, 19.30 horas. Civivox Milagrosa<\/strong>\n<ul>\n<li><strong>Gesti\u00f3n del tiempo: lib\u00e9rate del estr\u00e9s y gana bienestar<\/strong><\/li>\n<li>Ponente: Cristina Gon\u00e7alves<\/li>\n<li>Entrada libre, previa retirada de invitaciones<\/li>\n<\/ul>\n<\/li>\n<li><strong>Mi\u00e9rcoles 13 de marzo, 19.30 horas. Civivox Milagrosa<\/strong>\n<ul>\n<li><strong>Un momento para vivir el momento<\/strong><\/li>\n<li>Ponente: Leonardo Resano<\/li>\n<li>Entrada libre, previa retirada de invitaciones<\/li>\n<\/ul>\n<\/li>\n<li><strong>Mi\u00e9rcoles 10 de abril, 19.30 horas. Civivox Milagrosa<\/strong>\n<ul>\n<li><strong>T\u00e9cnicas eficaces para combatir el estr\u00e9s<\/strong><\/li>\n<li>Ponente: Cristina Gon\u00e7alves<\/li>\n<li>Entrada libre, previa retirada de invitaciones<\/li>\n<\/ul>\n<\/li>\n<\/ul>\n","protected":false},"excerpt":{"rendered":"","protected":false},"author":1,"featured_media":11074,"comment_status":"open","ping_status":"closed","sticky":false,"template":"","format":"standard","meta":{"footnotes":""},"categories":[2],"tags":[],"class_list":["post-20463","post","type-post","status-publish","format-standard","has-post-thumbnail","hentry","category-ayuntamiento-pamplona"],"yoast_head":"<!-- This site is optimized with the Yoast SEO plugin v27.3 - https:\/\/yoast.com\/product\/yoast-seo-wordpress\/ -->\n<title>Civivox Milagrosa inicia este mi\u00e9rcoles un ciclo de conferencias sobre el control del tiempo frente a la amenaza del estr\u00e9s<\/title>\n<meta name=\"robots\" content=\"index, follow, max-snippet:-1, max-image-preview:large, max-video-preview:-1\" \/>\n<link rel=\"canonical\" href=\"https:\/\/www.laguiadepamplona.com\/actualidad\/civivox-milagrosa-inicia-este-miercoles-un-ciclo-de-conferencias-sobre-el-control-del-tiempo-frente-a-la-amenaza-del-estres\/\" \/>\n<meta property=\"og:locale\" content=\"es_ES\" \/>\n<meta property=\"og:type\" content=\"article\" \/>\n<meta property=\"og:title\" content=\"Civivox Milagrosa inicia este mi\u00e9rcoles un ciclo de conferencias sobre el control del tiempo frente a la amenaza del estr\u00e9s\" \/>\n<meta property=\"og:url\" content=\"https:\/\/www.laguiadepamplona.com\/actualidad\/civivox-milagrosa-inicia-este-miercoles-un-ciclo-de-conferencias-sobre-el-control-del-tiempo-frente-a-la-amenaza-del-estres\/\" \/>\n<meta property=\"og:site_name\" content=\"La Gu\u00eda de Pamplona\" \/>\n<meta property=\"article:publisher\" content=\"https:\/\/www.facebook.com\/laguiadepamplonacom-133175176762273\/?ref=hl\" \/>\n<meta property=\"article:published_time\" content=\"2019-02-19T15:52:42+00:00\" \/>\n<meta property=\"og:image\" content=\"https:\/\/www.laguiadepamplona.com\/actualidad\/wp-content\/uploads\/2016\/12\/civivox-milagrosa-900x598.jpg\" \/>\n\t<meta property=\"og:image:width\" content=\"900\" \/>\n\t<meta property=\"og:image:height\" content=\"598\" \/>\n\t<meta property=\"og:image:type\" content=\"image\/jpeg\" \/>\n<meta name=\"author\" content=\"La Gu\u00eda de Pamplona\" \/>\n<meta name=\"twitter:card\" content=\"summary_large_image\" \/>\n<meta name=\"twitter:creator\" content=\"@LaGuiadPamplona\" \/>\n<meta name=\"twitter:site\" content=\"@LaGuiadPamplona\" \/>\n<meta name=\"twitter:label1\" content=\"Escrito por\" \/>\n\t<meta name=\"twitter:data1\" content=\"La Gu\u00eda de Pamplona\" \/>\n\t<meta name=\"twitter:label2\" content=\"Tiempo de lectura\" \/>\n\t<meta name=\"twitter:data2\" content=\"2 minutos\" \/>\n<script type=\"application\/ld+json\" class=\"yoast-schema-graph\">{\"@context\":\"https:\\\/\\\/schema.org\",\"@graph\":[{\"@type\":\"Article\",\"@id\":\"https:\\\/\\\/www.laguiadepamplona.com\\\/actualidad\\\/civivox-milagrosa-inicia-este-miercoles-un-ciclo-de-conferencias-sobre-el-control-del-tiempo-frente-a-la-amenaza-del-estres\\\/#article\",\"isPartOf\":{\"@id\":\"https:\\\/\\\/www.laguiadepamplona.com\\\/actualidad\\\/civivox-milagrosa-inicia-este-miercoles-un-ciclo-de-conferencias-sobre-el-control-del-tiempo-frente-a-la-amenaza-del-estres\\\/\"},\"author\":{\"name\":\"La Gu\u00eda de Pamplona\",\"@id\":\"https:\\\/\\\/www.laguiadepamplona.com\\\/actualidad\\\/#\\\/schema\\\/person\\\/efe887376f0213d4657c93adc50b1fdb\"},\"headline\":\"Civivox Milagrosa inicia este mi\u00e9rcoles un ciclo de conferencias sobre el control del tiempo frente a la amenaza del estr\u00e9s\",\"datePublished\":\"2019-02-19T15:52:42+00:00\",\"mainEntityOfPage\":{\"@id\":\"https:\\\/\\\/www.laguiadepamplona.com\\\/actualidad\\\/civivox-milagrosa-inicia-este-miercoles-un-ciclo-de-conferencias-sobre-el-control-del-tiempo-frente-a-la-amenaza-del-estres\\\/\"},\"wordCount\":460,\"commentCount\":0,\"publisher\":{\"@id\":\"https:\\\/\\\/www.laguiadepamplona.com\\\/actualidad\\\/#organization\"},\"image\":{\"@id\":\"https:\\\/\\\/www.laguiadepamplona.com\\\/actualidad\\\/civivox-milagrosa-inicia-este-miercoles-un-ciclo-de-conferencias-sobre-el-control-del-tiempo-frente-a-la-amenaza-del-estres\\\/#primaryimage\"},\"thumbnailUrl\":\"https:\\\/\\\/www.laguiadepamplona.com\\\/actualidad\\\/wp-content\\\/uploads\\\/2016\\\/12\\\/civivox-milagrosa-900x598.jpg\",\"articleSection\":[\"Ayto Pamplona\"],\"inLanguage\":\"es\",\"potentialAction\":[{\"@type\":\"CommentAction\",\"name\":\"Comment\",\"target\":[\"https:\\\/\\\/www.laguiadepamplona.com\\\/actualidad\\\/civivox-milagrosa-inicia-este-miercoles-un-ciclo-de-conferencias-sobre-el-control-del-tiempo-frente-a-la-amenaza-del-estres\\\/#respond\"]}]},{\"@type\":\"WebPage\",\"@id\":\"https:\\\/\\\/www.laguiadepamplona.com\\\/actualidad\\\/civivox-milagrosa-inicia-este-miercoles-un-ciclo-de-conferencias-sobre-el-control-del-tiempo-frente-a-la-amenaza-del-estres\\\/\",\"url\":\"https:\\\/\\\/www.laguiadepamplona.com\\\/actualidad\\\/civivox-milagrosa-inicia-este-miercoles-un-ciclo-de-conferencias-sobre-el-control-del-tiempo-frente-a-la-amenaza-del-estres\\\/\",\"name\":\"Civivox Milagrosa inicia este mi\u00e9rcoles un ciclo de conferencias sobre el control del tiempo frente a la amenaza del estr\u00e9s\",\"isPartOf\":{\"@id\":\"https:\\\/\\\/www.laguiadepamplona.com\\\/actualidad\\\/#website\"},\"primaryImageOfPage\":{\"@id\":\"https:\\\/\\\/www.laguiadepamplona.com\\\/actualidad\\\/civivox-milagrosa-inicia-este-miercoles-un-ciclo-de-conferencias-sobre-el-control-del-tiempo-frente-a-la-amenaza-del-estres\\\/#primaryimage\"},\"image\":{\"@id\":\"https:\\\/\\\/www.laguiadepamplona.com\\\/actualidad\\\/civivox-milagrosa-inicia-este-miercoles-un-ciclo-de-conferencias-sobre-el-control-del-tiempo-frente-a-la-amenaza-del-estres\\\/#primaryimage\"},\"thumbnailUrl\":\"https:\\\/\\\/www.laguiadepamplona.com\\\/actualidad\\\/wp-content\\\/uploads\\\/2016\\\/12\\\/civivox-milagrosa-900x598.jpg\",\"datePublished\":\"2019-02-19T15:52:42+00:00\",\"breadcrumb\":{\"@id\":\"https:\\\/\\\/www.laguiadepamplona.com\\\/actualidad\\\/civivox-milagrosa-inicia-este-miercoles-un-ciclo-de-conferencias-sobre-el-control-del-tiempo-frente-a-la-amenaza-del-estres\\\/#breadcrumb\"},\"inLanguage\":\"es\",\"potentialAction\":[{\"@type\":\"ReadAction\",\"target\":[\"https:\\\/\\\/www.laguiadepamplona.com\\\/actualidad\\\/civivox-milagrosa-inicia-este-miercoles-un-ciclo-de-conferencias-sobre-el-control-del-tiempo-frente-a-la-amenaza-del-estres\\\/\"]}]},{\"@type\":\"ImageObject\",\"inLanguage\":\"es\",\"@id\":\"https:\\\/\\\/www.laguiadepamplona.com\\\/actualidad\\\/civivox-milagrosa-inicia-este-miercoles-un-ciclo-de-conferencias-sobre-el-control-del-tiempo-frente-a-la-amenaza-del-estres\\\/#primaryimage\",\"url\":\"https:\\\/\\\/www.laguiadepamplona.com\\\/actualidad\\\/wp-content\\\/uploads\\\/2016\\\/12\\\/civivox-milagrosa-900x598.jpg\",\"contentUrl\":\"https:\\\/\\\/www.laguiadepamplona.com\\\/actualidad\\\/wp-content\\\/uploads\\\/2016\\\/12\\\/civivox-milagrosa-900x598.jpg\",\"width\":900,\"height\":598},{\"@type\":\"BreadcrumbList\",\"@id\":\"https:\\\/\\\/www.laguiadepamplona.com\\\/actualidad\\\/civivox-milagrosa-inicia-este-miercoles-un-ciclo-de-conferencias-sobre-el-control-del-tiempo-frente-a-la-amenaza-del-estres\\\/#breadcrumb\",\"itemListElement\":[{\"@type\":\"ListItem\",\"position\":1,\"name\":\"Portada\",\"item\":\"https:\\\/\\\/www.laguiadepamplona.com\\\/actualidad\\\/\"},{\"@type\":\"ListItem\",\"position\":2,\"name\":\"Civivox Milagrosa inicia este mi\u00e9rcoles un ciclo de conferencias sobre el control del tiempo frente a la amenaza del estr\u00e9s\"}]},{\"@type\":\"WebSite\",\"@id\":\"https:\\\/\\\/www.laguiadepamplona.com\\\/actualidad\\\/#website\",\"url\":\"https:\\\/\\\/www.laguiadepamplona.com\\\/actualidad\\\/\",\"name\":\"La gu\u00eda de Pamplona\",\"description\":\"Noticias de Pamplona\",\"publisher\":{\"@id\":\"https:\\\/\\\/www.laguiadepamplona.com\\\/actualidad\\\/#organization\"},\"potentialAction\":[{\"@type\":\"SearchAction\",\"target\":{\"@type\":\"EntryPoint\",\"urlTemplate\":\"https:\\\/\\\/www.laguiadepamplona.com\\\/actualidad\\\/?s={search_term_string}\"},\"query-input\":{\"@type\":\"PropertyValueSpecification\",\"valueRequired\":true,\"valueName\":\"search_term_string\"}}],\"inLanguage\":\"es\"},{\"@type\":\"Organization\",\"@id\":\"https:\\\/\\\/www.laguiadepamplona.com\\\/actualidad\\\/#organization\",\"name\":\"La Gu\u00eda de Pamplona \\\/ Noticias\",\"url\":\"https:\\\/\\\/www.laguiadepamplona.com\\\/actualidad\\\/\",\"logo\":{\"@type\":\"ImageObject\",\"inLanguage\":\"es\",\"@id\":\"https:\\\/\\\/www.laguiadepamplona.com\\\/actualidad\\\/#\\\/schema\\\/logo\\\/image\\\/\",\"url\":\"https:\\\/\\\/www.laguiadepamplona.com\\\/actualidad\\\/wp-content\\\/uploads\\\/2018\\\/11\\\/logo-laguiadepamplona18-web1.png\",\"contentUrl\":\"https:\\\/\\\/www.laguiadepamplona.com\\\/actualidad\\\/wp-content\\\/uploads\\\/2018\\\/11\\\/logo-laguiadepamplona18-web1.png\",\"width\":600,\"height\":196,\"caption\":\"La Gu\u00eda de Pamplona \\\/ Noticias\"},\"image\":{\"@id\":\"https:\\\/\\\/www.laguiadepamplona.com\\\/actualidad\\\/#\\\/schema\\\/logo\\\/image\\\/\"},\"sameAs\":[\"https:\\\/\\\/www.facebook.com\\\/laguiadepamplonacom-133175176762273\\\/?ref=hl\",\"https:\\\/\\\/x.com\\\/LaGuiadPamplona\",\"https:\\\/\\\/www.instagram.com\\\/la_guia_de_pamplona\\\/\",\"https:\\\/\\\/www.youtube.com\\\/user\\\/laguiadepamplona\"]},{\"@type\":\"Person\",\"@id\":\"https:\\\/\\\/www.laguiadepamplona.com\\\/actualidad\\\/#\\\/schema\\\/person\\\/efe887376f0213d4657c93adc50b1fdb\",\"name\":\"La Gu\u00eda de Pamplona\",\"image\":{\"@type\":\"ImageObject\",\"inLanguage\":\"es\",\"@id\":\"https:\\\/\\\/secure.gravatar.com\\\/avatar\\\/b6992f131dc8d30ab0dff15446e9d346d9dbd95992de0fef795073f5ea83a81c?s=96&d=mm&r=g\",\"url\":\"https:\\\/\\\/secure.gravatar.com\\\/avatar\\\/b6992f131dc8d30ab0dff15446e9d346d9dbd95992de0fef795073f5ea83a81c?s=96&d=mm&r=g\",\"contentUrl\":\"https:\\\/\\\/secure.gravatar.com\\\/avatar\\\/b6992f131dc8d30ab0dff15446e9d346d9dbd95992de0fef795073f5ea83a81c?s=96&d=mm&r=g\",\"caption\":\"La Gu\u00eda de Pamplona\"}}]}<\/script>\n<!-- \/ Yoast SEO plugin. -->","yoast_head_json":{"title":"Civivox Milagrosa inicia este mi\u00e9rcoles un ciclo de conferencias sobre el control del tiempo frente a la amenaza del estr\u00e9s","robots":{"index":"index","follow":"follow","max-snippet":"max-snippet:-1","max-image-preview":"max-image-preview:large","max-video-preview":"max-video-preview:-1"},"canonical":"https:\/\/www.laguiadepamplona.com\/actualidad\/civivox-milagrosa-inicia-este-miercoles-un-ciclo-de-conferencias-sobre-el-control-del-tiempo-frente-a-la-amenaza-del-estres\/","og_locale":"es_ES","og_type":"article","og_title":"Civivox Milagrosa inicia este mi\u00e9rcoles un ciclo de conferencias sobre el control del tiempo frente a la amenaza del estr\u00e9s","og_url":"https:\/\/www.laguiadepamplona.com\/actualidad\/civivox-milagrosa-inicia-este-miercoles-un-ciclo-de-conferencias-sobre-el-control-del-tiempo-frente-a-la-amenaza-del-estres\/","og_site_name":"La Gu\u00eda de Pamplona","article_publisher":"https:\/\/www.facebook.com\/laguiadepamplonacom-133175176762273\/?ref=hl","article_published_time":"2019-02-19T15:52:42+00:00","og_image":[{"width":900,"height":598,"url":"https:\/\/www.laguiadepamplona.com\/actualidad\/wp-content\/uploads\/2016\/12\/civivox-milagrosa-900x598.jpg","type":"image\/jpeg"}],"author":"La Gu\u00eda de Pamplona","twitter_card":"summary_large_image","twitter_creator":"@LaGuiadPamplona","twitter_site":"@LaGuiadPamplona","twitter_misc":{"Escrito por":"La Gu\u00eda de Pamplona","Tiempo de lectura":"2 minutos"},"schema":{"@context":"https:\/\/schema.org","@graph":[{"@type":"Article","@id":"https:\/\/www.laguiadepamplona.com\/actualidad\/civivox-milagrosa-inicia-este-miercoles-un-ciclo-de-conferencias-sobre-el-control-del-tiempo-frente-a-la-amenaza-del-estres\/#article","isPartOf":{"@id":"https:\/\/www.laguiadepamplona.com\/actualidad\/civivox-milagrosa-inicia-este-miercoles-un-ciclo-de-conferencias-sobre-el-control-del-tiempo-frente-a-la-amenaza-del-estres\/"},"author":{"name":"La Gu\u00eda de Pamplona","@id":"https:\/\/www.laguiadepamplona.com\/actualidad\/#\/schema\/person\/efe887376f0213d4657c93adc50b1fdb"},"headline":"Civivox Milagrosa inicia este mi\u00e9rcoles un ciclo de conferencias sobre el control del tiempo frente a la amenaza del estr\u00e9s","datePublished":"2019-02-19T15:52:42+00:00","mainEntityOfPage":{"@id":"https:\/\/www.laguiadepamplona.com\/actualidad\/civivox-milagrosa-inicia-este-miercoles-un-ciclo-de-conferencias-sobre-el-control-del-tiempo-frente-a-la-amenaza-del-estres\/"},"wordCount":460,"commentCount":0,"publisher":{"@id":"https:\/\/www.laguiadepamplona.com\/actualidad\/#organization"},"image":{"@id":"https:\/\/www.laguiadepamplona.com\/actualidad\/civivox-milagrosa-inicia-este-miercoles-un-ciclo-de-conferencias-sobre-el-control-del-tiempo-frente-a-la-amenaza-del-estres\/#primaryimage"},"thumbnailUrl":"https:\/\/www.laguiadepamplona.com\/actualidad\/wp-content\/uploads\/2016\/12\/civivox-milagrosa-900x598.jpg","articleSection":["Ayto Pamplona"],"inLanguage":"es","potentialAction":[{"@type":"CommentAction","name":"Comment","target":["https:\/\/www.laguiadepamplona.com\/actualidad\/civivox-milagrosa-inicia-este-miercoles-un-ciclo-de-conferencias-sobre-el-control-del-tiempo-frente-a-la-amenaza-del-estres\/#respond"]}]},{"@type":"WebPage","@id":"https:\/\/www.laguiadepamplona.com\/actualidad\/civivox-milagrosa-inicia-este-miercoles-un-ciclo-de-conferencias-sobre-el-control-del-tiempo-frente-a-la-amenaza-del-estres\/","url":"https:\/\/www.laguiadepamplona.com\/actualidad\/civivox-milagrosa-inicia-este-miercoles-un-ciclo-de-conferencias-sobre-el-control-del-tiempo-frente-a-la-amenaza-del-estres\/","name":"Civivox Milagrosa inicia este mi\u00e9rcoles un ciclo de conferencias sobre el control del tiempo frente a la amenaza del estr\u00e9s","isPartOf":{"@id":"https:\/\/www.laguiadepamplona.com\/actualidad\/#website"},"primaryImageOfPage":{"@id":"https:\/\/www.laguiadepamplona.com\/actualidad\/civivox-milagrosa-inicia-este-miercoles-un-ciclo-de-conferencias-sobre-el-control-del-tiempo-frente-a-la-amenaza-del-estres\/#primaryimage"},"image":{"@id":"https:\/\/www.laguiadepamplona.com\/actualidad\/civivox-milagrosa-inicia-este-miercoles-un-ciclo-de-conferencias-sobre-el-control-del-tiempo-frente-a-la-amenaza-del-estres\/#primaryimage"},"thumbnailUrl":"https:\/\/www.laguiadepamplona.com\/actualidad\/wp-content\/uploads\/2016\/12\/civivox-milagrosa-900x598.jpg","datePublished":"2019-02-19T15:52:42+00:00","breadcrumb":{"@id":"https:\/\/www.laguiadepamplona.com\/actualidad\/civivox-milagrosa-inicia-este-miercoles-un-ciclo-de-conferencias-sobre-el-control-del-tiempo-frente-a-la-amenaza-del-estres\/#breadcrumb"},"inLanguage":"es","potentialAction":[{"@type":"ReadAction","target":["https:\/\/www.laguiadepamplona.com\/actualidad\/civivox-milagrosa-inicia-este-miercoles-un-ciclo-de-conferencias-sobre-el-control-del-tiempo-frente-a-la-amenaza-del-estres\/"]}]},{"@type":"ImageObject","inLanguage":"es","@id":"https:\/\/www.laguiadepamplona.com\/actualidad\/civivox-milagrosa-inicia-este-miercoles-un-ciclo-de-conferencias-sobre-el-control-del-tiempo-frente-a-la-amenaza-del-estres\/#primaryimage","url":"https:\/\/www.laguiadepamplona.com\/actualidad\/wp-content\/uploads\/2016\/12\/civivox-milagrosa-900x598.jpg","contentUrl":"https:\/\/www.laguiadepamplona.com\/actualidad\/wp-content\/uploads\/2016\/12\/civivox-milagrosa-900x598.jpg","width":900,"height":598},{"@type":"BreadcrumbList","@id":"https:\/\/www.laguiadepamplona.com\/actualidad\/civivox-milagrosa-inicia-este-miercoles-un-ciclo-de-conferencias-sobre-el-control-del-tiempo-frente-a-la-amenaza-del-estres\/#breadcrumb","itemListElement":[{"@type":"ListItem","position":1,"name":"Portada","item":"https:\/\/www.laguiadepamplona.com\/actualidad\/"},{"@type":"ListItem","position":2,"name":"Civivox Milagrosa inicia este mi\u00e9rcoles un ciclo de conferencias sobre el control del tiempo frente a la amenaza del estr\u00e9s"}]},{"@type":"WebSite","@id":"https:\/\/www.laguiadepamplona.com\/actualidad\/#website","url":"https:\/\/www.laguiadepamplona.com\/actualidad\/","name":"La gu\u00eda de Pamplona","description":"Noticias de Pamplona","publisher":{"@id":"https:\/\/www.laguiadepamplona.com\/actualidad\/#organization"},"potentialAction":[{"@type":"SearchAction","target":{"@type":"EntryPoint","urlTemplate":"https:\/\/www.laguiadepamplona.com\/actualidad\/?s={search_term_string}"},"query-input":{"@type":"PropertyValueSpecification","valueRequired":true,"valueName":"search_term_string"}}],"inLanguage":"es"},{"@type":"Organization","@id":"https:\/\/www.laguiadepamplona.com\/actualidad\/#organization","name":"La Gu\u00eda de Pamplona \/ Noticias","url":"https:\/\/www.laguiadepamplona.com\/actualidad\/","logo":{"@type":"ImageObject","inLanguage":"es","@id":"https:\/\/www.laguiadepamplona.com\/actualidad\/#\/schema\/logo\/image\/","url":"https:\/\/www.laguiadepamplona.com\/actualidad\/wp-content\/uploads\/2018\/11\/logo-laguiadepamplona18-web1.png","contentUrl":"https:\/\/www.laguiadepamplona.com\/actualidad\/wp-content\/uploads\/2018\/11\/logo-laguiadepamplona18-web1.png","width":600,"height":196,"caption":"La Gu\u00eda de Pamplona \/ Noticias"},"image":{"@id":"https:\/\/www.laguiadepamplona.com\/actualidad\/#\/schema\/logo\/image\/"},"sameAs":["https:\/\/www.facebook.com\/laguiadepamplonacom-133175176762273\/?ref=hl","https:\/\/x.com\/LaGuiadPamplona","https:\/\/www.instagram.com\/la_guia_de_pamplona\/","https:\/\/www.youtube.com\/user\/laguiadepamplona"]},{"@type":"Person","@id":"https:\/\/www.laguiadepamplona.com\/actualidad\/#\/schema\/person\/efe887376f0213d4657c93adc50b1fdb","name":"La Gu\u00eda de Pamplona","image":{"@type":"ImageObject","inLanguage":"es","@id":"https:\/\/secure.gravatar.com\/avatar\/b6992f131dc8d30ab0dff15446e9d346d9dbd95992de0fef795073f5ea83a81c?s=96&d=mm&r=g","url":"https:\/\/secure.gravatar.com\/avatar\/b6992f131dc8d30ab0dff15446e9d346d9dbd95992de0fef795073f5ea83a81c?s=96&d=mm&r=g","contentUrl":"https:\/\/secure.gravatar.com\/avatar\/b6992f131dc8d30ab0dff15446e9d346d9dbd95992de0fef795073f5ea83a81c?s=96&d=mm&r=g","caption":"La Gu\u00eda de Pamplona"}}]}},"post_mailing_queue_ids":[],"_links":{"self":[{"href":"https:\/\/www.laguiadepamplona.com\/actualidad\/wp-json\/wp\/v2\/posts\/20463","targetHints":{"allow":["GET"]}}],"collection":[{"href":"https:\/\/www.laguiadepamplona.com\/actualidad\/wp-json\/wp\/v2\/posts"}],"about":[{"href":"https:\/\/www.laguiadepamplona.com\/actualidad\/wp-json\/wp\/v2\/types\/post"}],"author":[{"embeddable":true,"href":"https:\/\/www.laguiadepamplona.com\/actualidad\/wp-json\/wp\/v2\/users\/1"}],"replies":[{"embeddable":true,"href":"https:\/\/www.laguiadepamplona.com\/actualidad\/wp-json\/wp\/v2\/comments?post=20463"}],"version-history":[{"count":0,"href":"https:\/\/www.laguiadepamplona.com\/actualidad\/wp-json\/wp\/v2\/posts\/20463\/revisions"}],"wp:featuredmedia":[{"embeddable":true,"href":"https:\/\/www.laguiadepamplona.com\/actualidad\/wp-json\/wp\/v2\/media\/11074"}],"wp:attachment":[{"href":"https:\/\/www.laguiadepamplona.com\/actualidad\/wp-json\/wp\/v2\/media?parent=20463"}],"wp:term":[{"taxonomy":"category","embeddable":true,"href":"https:\/\/www.laguiadepamplona.com\/actualidad\/wp-json\/wp\/v2\/categories?post=20463"},{"taxonomy":"post_tag","embeddable":true,"href":"https:\/\/www.laguiadepamplona.com\/actualidad\/wp-json\/wp\/v2\/tags?post=20463"}],"curies":[{"name":"wp","href":"https:\/\/api.w.org\/{rel}","templated":true}]}}