{"id":20448,"date":"2019-02-18T19:40:23","date_gmt":"2019-02-18T17:40:23","guid":{"rendered":"https:\/\/www.laguiadepamplona.es\/actualidad\/?p=20448"},"modified":"2019-02-18T19:40:23","modified_gmt":"2019-02-18T17:40:23","slug":"pamplona-creara-una-comision-tecnico-politica-para-el-impulso-y-desarrollo-del-plan-de-infancia-2018-2022","status":"publish","type":"post","link":"https:\/\/www.laguiadepamplona.com\/actualidad\/pamplona-creara-una-comision-tecnico-politica-para-el-impulso-y-desarrollo-del-plan-de-infancia-2018-2022\/","title":{"rendered":"Pamplona crear\u00e1 una comisi\u00f3n t\u00e9cnico-pol\u00edtica para el impulso y desarrollo del Plan de Infancia 2018-2022"},"content":{"rendered":"<p><!--more--><\/p>\n<h3>El Ayuntamiento pide colaboraci\u00f3n a todos los grupos municipales para participar en este \u00f3rgano y lanzar las distintas acciones del plan<\/h3>\n<p>El Ayuntamiento de Pamplona crear\u00e1 una comisi\u00f3n t\u00e9cnico-pol\u00edtica para el impulso y desarrollo del Plan de Infancia de la ciudad, un proyecto que recoge las demandas y preocupaciones de la poblaci\u00f3n infantil, juvenil y adulta y que busca unificar acciones e impulsar iniciativas para garantizar los derechos de la poblaci\u00f3n infantil y adolescente en todos los \u00e1mbitos de su vida, adem\u00e1s de su desarrollo personal y social desde un enfoque de derechos. El plan tiene un horizonte 2018-2022 y para su impulso y desarrollo, el Ayuntamiento ha pedido la colaboraci\u00f3n a todos los grupos municipales para participar en esa nueva comisi\u00f3n, pilar para la coordinaci\u00f3n y lanzamiento del plan.<\/p>\n<p>As\u00ed se ha expuesto esta ma\u00f1ana en la Comisi\u00f3n Municipal de Asuntos Ciudadanos, donde la concejala delegada del \u00c1rea de Acci\u00f3n Social, Esther Cremaes, y t\u00e9cnicos municipales del equipo de infancia y familia del \u00e1rea han explicado un resumen del plan y han invitado a todos los concejales a sumarse activamente a \u00e9l. La nueva comisi\u00f3n tendr\u00e1 tres dimensiones: la pol\u00edtica, la t\u00e9cnica y la dinamizaci\u00f3n y confluencia a trav\u00e9s de la figura t\u00e9cnica coordinadora. Se busca que sea operativa y representativa para poder realizar su funci\u00f3n de forma realista, objetivable y adaptable.<\/p>\n<p>La parte t\u00e9cnica ser\u00e1 la encargada de impulsar, coordinar y dinamizar las \u00e1reas municipales implicadas en las diversas actuaciones; la parte de dinamizaci\u00f3n busca ser un \u00f3rgano de participaci\u00f3n infantil y adolescente; y la parte pol\u00edtica se plantea para garantizar el compromiso municipal en el desarrollo del plan. Por su parte, una persona t\u00e9cnica de referencia ser\u00e1 la encargada de unificar y coordinar las estructuras, ejercer las funciones de enlace con entidades y organismos, y ser responsable del proceso de evaluaci\u00f3n, seguimiento y mejora continua. Seg\u00fan recoge el plan, la poblaci\u00f3n menor de edad representa el 16,61% de la poblaci\u00f3n de Pamplona.<\/p>\n<p><strong>El primer plan de infancia y adolescencia<\/strong><\/p>\n<p>El Plan de Infancia y Adolescencia de Pamplona es el primer documento de este tipo de que se dota el Ayuntamiento. Se elabor\u00f3 a lo largo del a\u00f1o pasado con la vocaci\u00f3n de unificar todas las acciones que se est\u00e1n desarrollando en la actualidad y otras nuevas que se pretenden impulsar desde este a\u00f1o hasta 2022. Su elaboraci\u00f3n se realiz\u00f3 con la participaci\u00f3n de los propios protagonistas, familias, expertos y profesionales del \u00e1mbito que abarca el plan.<\/p>\n<p>El documento recoge desde el diagn\u00f3stico de la ciudad hasta las aportaciones de todos los grupos participantes. De ni\u00f1os y ni\u00f1as, el Plan apunta la demanda de espacios en los que jugar, practicar deporte, desarrollar la creaci\u00f3n art\u00edstica o mantener un contacto estrecho con la naturaleza adem\u00e1s de parques m\u00e1s divertidos y un cine en el centro de Pamplona. En la adolescencia las peticiones se centran en contar con lugares cubiertos donde poder reunirse y en facilidades para la creaci\u00f3n art\u00edstica no reglada y para practicar deporte, parques de skate, multiaventura o parkour. Tiene preocupaci\u00f3n y sensibilizaci\u00f3n con respecto a la violencia de g\u00e9nero, el machismo y la discriminaci\u00f3n por ser homosexual.<\/p>\n<p>La poblaci\u00f3n adulta, por ejemplo, realiza una valoraci\u00f3n positiva sobre la creaci\u00f3n de redes de infancia y adolescencia en la ciudad que promocionan el buen trato. Creen que deber\u00eda reforzarse la complementariedad entre servicios, la coordinaci\u00f3n en las actuaciones sobre casos concretos o el trabajo comunitario a favor de la infancia y la adolescencia. Demandan actuaciones de prevenci\u00f3n de las adicciones, del acoso entre iguales, la desprotecci\u00f3n infantil y la igualdad de g\u00e9nero.<\/p>\n<p>Respecto a la infancia en situaci\u00f3n de vulnerabilidad, el Plan ha detectado la necesidad de seguir trabajando en pro de la accesibilidad universal y un dise\u00f1o para todos atendiendo a la diversidad funcional; la sensibilizaci\u00f3n social y el apoyo hacia menores que padecen enfermedades cr\u00f3nicas. Se destaca la necesidad de considerar a quienes viven situaciones de violencia de g\u00e9nero como v\u00edctimas que requieren atenci\u00f3n y tratamientos reparadores espec\u00edficos.<\/p>\n<p><strong>Pamplona, Ciudad Amiga de la Infancia<\/strong><\/p>\n<p>Pamplona fue distinguida el pasado mes de noviembre como Ciudad Amiga de la Infancia, gracias a la elaboraci\u00f3n de este Plan y su compromiso en la promoci\u00f3n de los derechos de la infancia en sus pol\u00edticas municipales. El Programa Ciudades Amigas de la Infancia (CAI) est\u00e1 impulsado por UNICEF Comit\u00e9 Espa\u00f1ol, el Ministerio de Sanidad, Servicios Sociales e Igualdad, la Federaci\u00f3n Espa\u00f1ola de Municipios y Provincias (FEMP) y el Instituto Universitario de Necesidades y Derechos de la Infancia y la Adolescencia (IUNDIA).<\/p>\n<p>Se cre\u00f3 para impulsar y promover la aplicaci\u00f3n de la <strong>Convenci\u00f3n sobre los Derechos del Ni\u00f1o <\/strong>en el \u00e1mbito local, promocionar la participaci\u00f3n de los ni\u00f1os, ni\u00f1as y adolescentes en todos lo temas que les afectan, y fomentar el <strong>trabajo en red <\/strong>entre los distintos municipios que forman parte de esta iniciativa. El objetivo es que se dise\u00f1en e implementen pol\u00edticas p\u00fablicas eficaces para mejorar el <strong>bienestar de los menores<\/strong>, defendiendo sus derechos, fomentando su participaci\u00f3n y haciendo de las ciudades entornos m\u00e1s habitables, especialmente para los m\u00e1s j\u00f3venes.<\/p>\n<p>El Plan de Infancia es la herramienta fundamental con la que se van\u00a0 a desarrollar los compromisos alcanzados como ciudad amiga de la infancia.<\/p>\n","protected":false},"excerpt":{"rendered":"","protected":false},"author":1,"featured_media":17600,"comment_status":"open","ping_status":"closed","sticky":false,"template":"","format":"standard","meta":{"footnotes":""},"categories":[2],"tags":[],"class_list":["post-20448","post","type-post","status-publish","format-standard","has-post-thumbnail","hentry","category-ayuntamiento-pamplona"],"yoast_head":"<!-- This site is optimized with the Yoast SEO plugin v27.3 - https:\/\/yoast.com\/product\/yoast-seo-wordpress\/ -->\n<title>Pamplona crear\u00e1 una comisi\u00f3n t\u00e9cnico-pol\u00edtica para el impulso y desarrollo del Plan de Infancia 2018-2022<\/title>\n<meta name=\"robots\" content=\"index, follow, max-snippet:-1, max-image-preview:large, max-video-preview:-1\" \/>\n<link rel=\"canonical\" href=\"https:\/\/www.laguiadepamplona.com\/actualidad\/pamplona-creara-una-comision-tecnico-politica-para-el-impulso-y-desarrollo-del-plan-de-infancia-2018-2022\/\" \/>\n<meta property=\"og:locale\" content=\"es_ES\" \/>\n<meta property=\"og:type\" content=\"article\" \/>\n<meta property=\"og:title\" content=\"Pamplona crear\u00e1 una comisi\u00f3n t\u00e9cnico-pol\u00edtica para el impulso y desarrollo del Plan de Infancia 2018-2022\" \/>\n<meta property=\"og:url\" content=\"https:\/\/www.laguiadepamplona.com\/actualidad\/pamplona-creara-una-comision-tecnico-politica-para-el-impulso-y-desarrollo-del-plan-de-infancia-2018-2022\/\" \/>\n<meta property=\"og:site_name\" content=\"La Gu\u00eda de Pamplona\" \/>\n<meta property=\"article:publisher\" content=\"https:\/\/www.facebook.com\/laguiadepamplonacom-133175176762273\/?ref=hl\" \/>\n<meta property=\"article:published_time\" content=\"2019-02-18T17:40:23+00:00\" \/>\n<meta property=\"og:image\" content=\"https:\/\/www.laguiadepamplona.com\/actualidad\/wp-content\/uploads\/2018\/05\/ayto-pamplona-3.jpg\" \/>\n\t<meta property=\"og:image:width\" content=\"1000\" \/>\n\t<meta property=\"og:image:height\" content=\"555\" \/>\n\t<meta property=\"og:image:type\" content=\"image\/jpeg\" \/>\n<meta name=\"author\" content=\"La Gu\u00eda de Pamplona\" \/>\n<meta name=\"twitter:card\" content=\"summary_large_image\" \/>\n<meta name=\"twitter:creator\" content=\"@LaGuiadPamplona\" \/>\n<meta name=\"twitter:site\" content=\"@LaGuiadPamplona\" \/>\n<meta name=\"twitter:label1\" content=\"Escrito por\" \/>\n\t<meta name=\"twitter:data1\" content=\"La Gu\u00eda de Pamplona\" \/>\n\t<meta name=\"twitter:label2\" content=\"Tiempo de lectura\" \/>\n\t<meta name=\"twitter:data2\" content=\"5 minutos\" \/>\n<script type=\"application\/ld+json\" class=\"yoast-schema-graph\">{\"@context\":\"https:\\\/\\\/schema.org\",\"@graph\":[{\"@type\":\"Article\",\"@id\":\"https:\\\/\\\/www.laguiadepamplona.com\\\/actualidad\\\/pamplona-creara-una-comision-tecnico-politica-para-el-impulso-y-desarrollo-del-plan-de-infancia-2018-2022\\\/#article\",\"isPartOf\":{\"@id\":\"https:\\\/\\\/www.laguiadepamplona.com\\\/actualidad\\\/pamplona-creara-una-comision-tecnico-politica-para-el-impulso-y-desarrollo-del-plan-de-infancia-2018-2022\\\/\"},\"author\":{\"name\":\"La Gu\u00eda de Pamplona\",\"@id\":\"https:\\\/\\\/www.laguiadepamplona.com\\\/actualidad\\\/#\\\/schema\\\/person\\\/efe887376f0213d4657c93adc50b1fdb\"},\"headline\":\"Pamplona crear\u00e1 una comisi\u00f3n t\u00e9cnico-pol\u00edtica para el impulso y desarrollo del Plan de Infancia 2018-2022\",\"datePublished\":\"2019-02-18T17:40:23+00:00\",\"mainEntityOfPage\":{\"@id\":\"https:\\\/\\\/www.laguiadepamplona.com\\\/actualidad\\\/pamplona-creara-una-comision-tecnico-politica-para-el-impulso-y-desarrollo-del-plan-de-infancia-2018-2022\\\/\"},\"wordCount\":963,\"commentCount\":0,\"publisher\":{\"@id\":\"https:\\\/\\\/www.laguiadepamplona.com\\\/actualidad\\\/#organization\"},\"image\":{\"@id\":\"https:\\\/\\\/www.laguiadepamplona.com\\\/actualidad\\\/pamplona-creara-una-comision-tecnico-politica-para-el-impulso-y-desarrollo-del-plan-de-infancia-2018-2022\\\/#primaryimage\"},\"thumbnailUrl\":\"https:\\\/\\\/www.laguiadepamplona.com\\\/actualidad\\\/wp-content\\\/uploads\\\/2018\\\/05\\\/ayto-pamplona-3.jpg\",\"articleSection\":[\"Ayto Pamplona\"],\"inLanguage\":\"es\",\"potentialAction\":[{\"@type\":\"CommentAction\",\"name\":\"Comment\",\"target\":[\"https:\\\/\\\/www.laguiadepamplona.com\\\/actualidad\\\/pamplona-creara-una-comision-tecnico-politica-para-el-impulso-y-desarrollo-del-plan-de-infancia-2018-2022\\\/#respond\"]}]},{\"@type\":\"WebPage\",\"@id\":\"https:\\\/\\\/www.laguiadepamplona.com\\\/actualidad\\\/pamplona-creara-una-comision-tecnico-politica-para-el-impulso-y-desarrollo-del-plan-de-infancia-2018-2022\\\/\",\"url\":\"https:\\\/\\\/www.laguiadepamplona.com\\\/actualidad\\\/pamplona-creara-una-comision-tecnico-politica-para-el-impulso-y-desarrollo-del-plan-de-infancia-2018-2022\\\/\",\"name\":\"Pamplona crear\u00e1 una comisi\u00f3n t\u00e9cnico-pol\u00edtica para el impulso y desarrollo del Plan de Infancia 2018-2022\",\"isPartOf\":{\"@id\":\"https:\\\/\\\/www.laguiadepamplona.com\\\/actualidad\\\/#website\"},\"primaryImageOfPage\":{\"@id\":\"https:\\\/\\\/www.laguiadepamplona.com\\\/actualidad\\\/pamplona-creara-una-comision-tecnico-politica-para-el-impulso-y-desarrollo-del-plan-de-infancia-2018-2022\\\/#primaryimage\"},\"image\":{\"@id\":\"https:\\\/\\\/www.laguiadepamplona.com\\\/actualidad\\\/pamplona-creara-una-comision-tecnico-politica-para-el-impulso-y-desarrollo-del-plan-de-infancia-2018-2022\\\/#primaryimage\"},\"thumbnailUrl\":\"https:\\\/\\\/www.laguiadepamplona.com\\\/actualidad\\\/wp-content\\\/uploads\\\/2018\\\/05\\\/ayto-pamplona-3.jpg\",\"datePublished\":\"2019-02-18T17:40:23+00:00\",\"breadcrumb\":{\"@id\":\"https:\\\/\\\/www.laguiadepamplona.com\\\/actualidad\\\/pamplona-creara-una-comision-tecnico-politica-para-el-impulso-y-desarrollo-del-plan-de-infancia-2018-2022\\\/#breadcrumb\"},\"inLanguage\":\"es\",\"potentialAction\":[{\"@type\":\"ReadAction\",\"target\":[\"https:\\\/\\\/www.laguiadepamplona.com\\\/actualidad\\\/pamplona-creara-una-comision-tecnico-politica-para-el-impulso-y-desarrollo-del-plan-de-infancia-2018-2022\\\/\"]}]},{\"@type\":\"ImageObject\",\"inLanguage\":\"es\",\"@id\":\"https:\\\/\\\/www.laguiadepamplona.com\\\/actualidad\\\/pamplona-creara-una-comision-tecnico-politica-para-el-impulso-y-desarrollo-del-plan-de-infancia-2018-2022\\\/#primaryimage\",\"url\":\"https:\\\/\\\/www.laguiadepamplona.com\\\/actualidad\\\/wp-content\\\/uploads\\\/2018\\\/05\\\/ayto-pamplona-3.jpg\",\"contentUrl\":\"https:\\\/\\\/www.laguiadepamplona.com\\\/actualidad\\\/wp-content\\\/uploads\\\/2018\\\/05\\\/ayto-pamplona-3.jpg\",\"width\":1000,\"height\":555},{\"@type\":\"BreadcrumbList\",\"@id\":\"https:\\\/\\\/www.laguiadepamplona.com\\\/actualidad\\\/pamplona-creara-una-comision-tecnico-politica-para-el-impulso-y-desarrollo-del-plan-de-infancia-2018-2022\\\/#breadcrumb\",\"itemListElement\":[{\"@type\":\"ListItem\",\"position\":1,\"name\":\"Portada\",\"item\":\"https:\\\/\\\/www.laguiadepamplona.com\\\/actualidad\\\/\"},{\"@type\":\"ListItem\",\"position\":2,\"name\":\"Pamplona crear\u00e1 una comisi\u00f3n t\u00e9cnico-pol\u00edtica para el impulso y desarrollo del Plan de Infancia 2018-2022\"}]},{\"@type\":\"WebSite\",\"@id\":\"https:\\\/\\\/www.laguiadepamplona.com\\\/actualidad\\\/#website\",\"url\":\"https:\\\/\\\/www.laguiadepamplona.com\\\/actualidad\\\/\",\"name\":\"La gu\u00eda de Pamplona\",\"description\":\"Noticias de Pamplona\",\"publisher\":{\"@id\":\"https:\\\/\\\/www.laguiadepamplona.com\\\/actualidad\\\/#organization\"},\"potentialAction\":[{\"@type\":\"SearchAction\",\"target\":{\"@type\":\"EntryPoint\",\"urlTemplate\":\"https:\\\/\\\/www.laguiadepamplona.com\\\/actualidad\\\/?s={search_term_string}\"},\"query-input\":{\"@type\":\"PropertyValueSpecification\",\"valueRequired\":true,\"valueName\":\"search_term_string\"}}],\"inLanguage\":\"es\"},{\"@type\":\"Organization\",\"@id\":\"https:\\\/\\\/www.laguiadepamplona.com\\\/actualidad\\\/#organization\",\"name\":\"La Gu\u00eda de Pamplona \\\/ Noticias\",\"url\":\"https:\\\/\\\/www.laguiadepamplona.com\\\/actualidad\\\/\",\"logo\":{\"@type\":\"ImageObject\",\"inLanguage\":\"es\",\"@id\":\"https:\\\/\\\/www.laguiadepamplona.com\\\/actualidad\\\/#\\\/schema\\\/logo\\\/image\\\/\",\"url\":\"https:\\\/\\\/www.laguiadepamplona.com\\\/actualidad\\\/wp-content\\\/uploads\\\/2018\\\/11\\\/logo-laguiadepamplona18-web1.png\",\"contentUrl\":\"https:\\\/\\\/www.laguiadepamplona.com\\\/actualidad\\\/wp-content\\\/uploads\\\/2018\\\/11\\\/logo-laguiadepamplona18-web1.png\",\"width\":600,\"height\":196,\"caption\":\"La Gu\u00eda de Pamplona \\\/ Noticias\"},\"image\":{\"@id\":\"https:\\\/\\\/www.laguiadepamplona.com\\\/actualidad\\\/#\\\/schema\\\/logo\\\/image\\\/\"},\"sameAs\":[\"https:\\\/\\\/www.facebook.com\\\/laguiadepamplonacom-133175176762273\\\/?ref=hl\",\"https:\\\/\\\/x.com\\\/LaGuiadPamplona\",\"https:\\\/\\\/www.instagram.com\\\/la_guia_de_pamplona\\\/\",\"https:\\\/\\\/www.youtube.com\\\/user\\\/laguiadepamplona\"]},{\"@type\":\"Person\",\"@id\":\"https:\\\/\\\/www.laguiadepamplona.com\\\/actualidad\\\/#\\\/schema\\\/person\\\/efe887376f0213d4657c93adc50b1fdb\",\"name\":\"La Gu\u00eda de Pamplona\",\"image\":{\"@type\":\"ImageObject\",\"inLanguage\":\"es\",\"@id\":\"https:\\\/\\\/secure.gravatar.com\\\/avatar\\\/b6992f131dc8d30ab0dff15446e9d346d9dbd95992de0fef795073f5ea83a81c?s=96&d=mm&r=g\",\"url\":\"https:\\\/\\\/secure.gravatar.com\\\/avatar\\\/b6992f131dc8d30ab0dff15446e9d346d9dbd95992de0fef795073f5ea83a81c?s=96&d=mm&r=g\",\"contentUrl\":\"https:\\\/\\\/secure.gravatar.com\\\/avatar\\\/b6992f131dc8d30ab0dff15446e9d346d9dbd95992de0fef795073f5ea83a81c?s=96&d=mm&r=g\",\"caption\":\"La Gu\u00eda de Pamplona\"}}]}<\/script>\n<!-- \/ Yoast SEO plugin. -->","yoast_head_json":{"title":"Pamplona crear\u00e1 una comisi\u00f3n t\u00e9cnico-pol\u00edtica para el impulso y desarrollo del Plan de Infancia 2018-2022","robots":{"index":"index","follow":"follow","max-snippet":"max-snippet:-1","max-image-preview":"max-image-preview:large","max-video-preview":"max-video-preview:-1"},"canonical":"https:\/\/www.laguiadepamplona.com\/actualidad\/pamplona-creara-una-comision-tecnico-politica-para-el-impulso-y-desarrollo-del-plan-de-infancia-2018-2022\/","og_locale":"es_ES","og_type":"article","og_title":"Pamplona crear\u00e1 una comisi\u00f3n t\u00e9cnico-pol\u00edtica para el impulso y desarrollo del Plan de Infancia 2018-2022","og_url":"https:\/\/www.laguiadepamplona.com\/actualidad\/pamplona-creara-una-comision-tecnico-politica-para-el-impulso-y-desarrollo-del-plan-de-infancia-2018-2022\/","og_site_name":"La Gu\u00eda de Pamplona","article_publisher":"https:\/\/www.facebook.com\/laguiadepamplonacom-133175176762273\/?ref=hl","article_published_time":"2019-02-18T17:40:23+00:00","og_image":[{"width":1000,"height":555,"url":"https:\/\/www.laguiadepamplona.com\/actualidad\/wp-content\/uploads\/2018\/05\/ayto-pamplona-3.jpg","type":"image\/jpeg"}],"author":"La Gu\u00eda de Pamplona","twitter_card":"summary_large_image","twitter_creator":"@LaGuiadPamplona","twitter_site":"@LaGuiadPamplona","twitter_misc":{"Escrito por":"La Gu\u00eda de Pamplona","Tiempo de lectura":"5 minutos"},"schema":{"@context":"https:\/\/schema.org","@graph":[{"@type":"Article","@id":"https:\/\/www.laguiadepamplona.com\/actualidad\/pamplona-creara-una-comision-tecnico-politica-para-el-impulso-y-desarrollo-del-plan-de-infancia-2018-2022\/#article","isPartOf":{"@id":"https:\/\/www.laguiadepamplona.com\/actualidad\/pamplona-creara-una-comision-tecnico-politica-para-el-impulso-y-desarrollo-del-plan-de-infancia-2018-2022\/"},"author":{"name":"La Gu\u00eda de Pamplona","@id":"https:\/\/www.laguiadepamplona.com\/actualidad\/#\/schema\/person\/efe887376f0213d4657c93adc50b1fdb"},"headline":"Pamplona crear\u00e1 una comisi\u00f3n t\u00e9cnico-pol\u00edtica para el impulso y desarrollo del Plan de Infancia 2018-2022","datePublished":"2019-02-18T17:40:23+00:00","mainEntityOfPage":{"@id":"https:\/\/www.laguiadepamplona.com\/actualidad\/pamplona-creara-una-comision-tecnico-politica-para-el-impulso-y-desarrollo-del-plan-de-infancia-2018-2022\/"},"wordCount":963,"commentCount":0,"publisher":{"@id":"https:\/\/www.laguiadepamplona.com\/actualidad\/#organization"},"image":{"@id":"https:\/\/www.laguiadepamplona.com\/actualidad\/pamplona-creara-una-comision-tecnico-politica-para-el-impulso-y-desarrollo-del-plan-de-infancia-2018-2022\/#primaryimage"},"thumbnailUrl":"https:\/\/www.laguiadepamplona.com\/actualidad\/wp-content\/uploads\/2018\/05\/ayto-pamplona-3.jpg","articleSection":["Ayto Pamplona"],"inLanguage":"es","potentialAction":[{"@type":"CommentAction","name":"Comment","target":["https:\/\/www.laguiadepamplona.com\/actualidad\/pamplona-creara-una-comision-tecnico-politica-para-el-impulso-y-desarrollo-del-plan-de-infancia-2018-2022\/#respond"]}]},{"@type":"WebPage","@id":"https:\/\/www.laguiadepamplona.com\/actualidad\/pamplona-creara-una-comision-tecnico-politica-para-el-impulso-y-desarrollo-del-plan-de-infancia-2018-2022\/","url":"https:\/\/www.laguiadepamplona.com\/actualidad\/pamplona-creara-una-comision-tecnico-politica-para-el-impulso-y-desarrollo-del-plan-de-infancia-2018-2022\/","name":"Pamplona crear\u00e1 una comisi\u00f3n t\u00e9cnico-pol\u00edtica para el impulso y desarrollo del Plan de Infancia 2018-2022","isPartOf":{"@id":"https:\/\/www.laguiadepamplona.com\/actualidad\/#website"},"primaryImageOfPage":{"@id":"https:\/\/www.laguiadepamplona.com\/actualidad\/pamplona-creara-una-comision-tecnico-politica-para-el-impulso-y-desarrollo-del-plan-de-infancia-2018-2022\/#primaryimage"},"image":{"@id":"https:\/\/www.laguiadepamplona.com\/actualidad\/pamplona-creara-una-comision-tecnico-politica-para-el-impulso-y-desarrollo-del-plan-de-infancia-2018-2022\/#primaryimage"},"thumbnailUrl":"https:\/\/www.laguiadepamplona.com\/actualidad\/wp-content\/uploads\/2018\/05\/ayto-pamplona-3.jpg","datePublished":"2019-02-18T17:40:23+00:00","breadcrumb":{"@id":"https:\/\/www.laguiadepamplona.com\/actualidad\/pamplona-creara-una-comision-tecnico-politica-para-el-impulso-y-desarrollo-del-plan-de-infancia-2018-2022\/#breadcrumb"},"inLanguage":"es","potentialAction":[{"@type":"ReadAction","target":["https:\/\/www.laguiadepamplona.com\/actualidad\/pamplona-creara-una-comision-tecnico-politica-para-el-impulso-y-desarrollo-del-plan-de-infancia-2018-2022\/"]}]},{"@type":"ImageObject","inLanguage":"es","@id":"https:\/\/www.laguiadepamplona.com\/actualidad\/pamplona-creara-una-comision-tecnico-politica-para-el-impulso-y-desarrollo-del-plan-de-infancia-2018-2022\/#primaryimage","url":"https:\/\/www.laguiadepamplona.com\/actualidad\/wp-content\/uploads\/2018\/05\/ayto-pamplona-3.jpg","contentUrl":"https:\/\/www.laguiadepamplona.com\/actualidad\/wp-content\/uploads\/2018\/05\/ayto-pamplona-3.jpg","width":1000,"height":555},{"@type":"BreadcrumbList","@id":"https:\/\/www.laguiadepamplona.com\/actualidad\/pamplona-creara-una-comision-tecnico-politica-para-el-impulso-y-desarrollo-del-plan-de-infancia-2018-2022\/#breadcrumb","itemListElement":[{"@type":"ListItem","position":1,"name":"Portada","item":"https:\/\/www.laguiadepamplona.com\/actualidad\/"},{"@type":"ListItem","position":2,"name":"Pamplona crear\u00e1 una comisi\u00f3n t\u00e9cnico-pol\u00edtica para el impulso y desarrollo del Plan de Infancia 2018-2022"}]},{"@type":"WebSite","@id":"https:\/\/www.laguiadepamplona.com\/actualidad\/#website","url":"https:\/\/www.laguiadepamplona.com\/actualidad\/","name":"La gu\u00eda de Pamplona","description":"Noticias de Pamplona","publisher":{"@id":"https:\/\/www.laguiadepamplona.com\/actualidad\/#organization"},"potentialAction":[{"@type":"SearchAction","target":{"@type":"EntryPoint","urlTemplate":"https:\/\/www.laguiadepamplona.com\/actualidad\/?s={search_term_string}"},"query-input":{"@type":"PropertyValueSpecification","valueRequired":true,"valueName":"search_term_string"}}],"inLanguage":"es"},{"@type":"Organization","@id":"https:\/\/www.laguiadepamplona.com\/actualidad\/#organization","name":"La Gu\u00eda de Pamplona \/ Noticias","url":"https:\/\/www.laguiadepamplona.com\/actualidad\/","logo":{"@type":"ImageObject","inLanguage":"es","@id":"https:\/\/www.laguiadepamplona.com\/actualidad\/#\/schema\/logo\/image\/","url":"https:\/\/www.laguiadepamplona.com\/actualidad\/wp-content\/uploads\/2018\/11\/logo-laguiadepamplona18-web1.png","contentUrl":"https:\/\/www.laguiadepamplona.com\/actualidad\/wp-content\/uploads\/2018\/11\/logo-laguiadepamplona18-web1.png","width":600,"height":196,"caption":"La Gu\u00eda de Pamplona \/ Noticias"},"image":{"@id":"https:\/\/www.laguiadepamplona.com\/actualidad\/#\/schema\/logo\/image\/"},"sameAs":["https:\/\/www.facebook.com\/laguiadepamplonacom-133175176762273\/?ref=hl","https:\/\/x.com\/LaGuiadPamplona","https:\/\/www.instagram.com\/la_guia_de_pamplona\/","https:\/\/www.youtube.com\/user\/laguiadepamplona"]},{"@type":"Person","@id":"https:\/\/www.laguiadepamplona.com\/actualidad\/#\/schema\/person\/efe887376f0213d4657c93adc50b1fdb","name":"La Gu\u00eda de Pamplona","image":{"@type":"ImageObject","inLanguage":"es","@id":"https:\/\/secure.gravatar.com\/avatar\/b6992f131dc8d30ab0dff15446e9d346d9dbd95992de0fef795073f5ea83a81c?s=96&d=mm&r=g","url":"https:\/\/secure.gravatar.com\/avatar\/b6992f131dc8d30ab0dff15446e9d346d9dbd95992de0fef795073f5ea83a81c?s=96&d=mm&r=g","contentUrl":"https:\/\/secure.gravatar.com\/avatar\/b6992f131dc8d30ab0dff15446e9d346d9dbd95992de0fef795073f5ea83a81c?s=96&d=mm&r=g","caption":"La Gu\u00eda de Pamplona"}}]}},"post_mailing_queue_ids":[],"_links":{"self":[{"href":"https:\/\/www.laguiadepamplona.com\/actualidad\/wp-json\/wp\/v2\/posts\/20448","targetHints":{"allow":["GET"]}}],"collection":[{"href":"https:\/\/www.laguiadepamplona.com\/actualidad\/wp-json\/wp\/v2\/posts"}],"about":[{"href":"https:\/\/www.laguiadepamplona.com\/actualidad\/wp-json\/wp\/v2\/types\/post"}],"author":[{"embeddable":true,"href":"https:\/\/www.laguiadepamplona.com\/actualidad\/wp-json\/wp\/v2\/users\/1"}],"replies":[{"embeddable":true,"href":"https:\/\/www.laguiadepamplona.com\/actualidad\/wp-json\/wp\/v2\/comments?post=20448"}],"version-history":[{"count":0,"href":"https:\/\/www.laguiadepamplona.com\/actualidad\/wp-json\/wp\/v2\/posts\/20448\/revisions"}],"wp:featuredmedia":[{"embeddable":true,"href":"https:\/\/www.laguiadepamplona.com\/actualidad\/wp-json\/wp\/v2\/media\/17600"}],"wp:attachment":[{"href":"https:\/\/www.laguiadepamplona.com\/actualidad\/wp-json\/wp\/v2\/media?parent=20448"}],"wp:term":[{"taxonomy":"category","embeddable":true,"href":"https:\/\/www.laguiadepamplona.com\/actualidad\/wp-json\/wp\/v2\/categories?post=20448"},{"taxonomy":"post_tag","embeddable":true,"href":"https:\/\/www.laguiadepamplona.com\/actualidad\/wp-json\/wp\/v2\/tags?post=20448"}],"curies":[{"name":"wp","href":"https:\/\/api.w.org\/{rel}","templated":true}]}}