{"id":20444,"date":"2019-02-18T19:37:35","date_gmt":"2019-02-18T17:37:35","guid":{"rendered":"https:\/\/www.laguiadepamplona.es\/actualidad\/?p=20444"},"modified":"2019-02-18T19:37:35","modified_gmt":"2019-02-18T17:37:35","slug":"el-ayuntamiento-de-pamplona-elabora-un-diagnostico-de-las-necesidades-formativas-de-su-personal-municipal-en-materia-de-igualdad","status":"publish","type":"post","link":"https:\/\/www.laguiadepamplona.com\/actualidad\/el-ayuntamiento-de-pamplona-elabora-un-diagnostico-de-las-necesidades-formativas-de-su-personal-municipal-en-materia-de-igualdad\/","title":{"rendered":"El Ayuntamiento de Pamplona elabora un diagn\u00f3stico de las necesidades formativas de su personal municipal en materia de igualdad"},"content":{"rendered":"<p><!--more--><\/p>\n<h3>El 47,2% considera que el conocimiento en igualdad deber\u00eda ser exigible y el 61% muestra inter\u00e9s en recibir informaci\u00f3n sobre aspectos de la igualdad<\/h3>\n<p>La Comisi\u00f3n de Presidencia ha conocido esta ma\u00f1ana algunas de las conclusiones del diagn\u00f3stico elaborado por el Ayuntamiento sobre las necesidades formativas del personal municipal en materia de igualdad. El trabajo llevado a cabo ha estado subvencionado por el Instituto Navarro para la Igualdad (INAI). El 47,2% del personal municipal considera que el conocimiento en igualdad deber\u00eda ser exigible o valorable y un 61% muestra inter\u00e9s en recibir informaci\u00f3n en tem\u00e1tica variada, sobre todo en comunicaci\u00f3n no sexista, evaluaci\u00f3n del impacto de g\u00e9nero, coeducaci\u00f3n o pol\u00edticas de conciliaci\u00f3n.<\/p>\n<p>El diagn\u00f3stico busca identificar los distintos niveles de conocimiento actuales del personal municipal en materia de igualdad e identificar tambi\u00e9n las necesidades formativas necesarias para integrar la perspectiva de g\u00e9nero en la gesti\u00f3n municipal. Adem\u00e1s, trata de identificar amenazar y fortalezas respecto a la implementaci\u00f3n del <em>mainstreaming<\/em> de g\u00e9nero en la pr\u00e1ctica municipales y de aportar informaci\u00f3n significativa en la toma de decisiones orientada al dise\u00f1o posterior de un plan de formaci\u00f3n municipal plurianual en materia de Igualdad y LGTBI. Por \u00faltimo, se insta a crear las condiciones para que los procedimientos de trabajo y administrativos integren el principio de igualdad y a introducir la igualdad de oportunidades como elemento de calidad en la gesti\u00f3n de la administraci\u00f3n p\u00fablica.<\/p>\n<p>En cuanto a las posibilidades de formaci\u00f3n, el 52,7% apuesta por formaci\u00f3n presencial\u00a0 y casi un 64% prefiere formaci\u00f3n de menos de 15 horas. Mayoritariamente se prefiere para la formaci\u00f3n el primer trimestre del a\u00f1o. Por otra parte, el 52,8% del personal municipal participante (36,12% de mujeres y 16,6% de hombres) considera que tendr\u00eda alg\u00fan tipo de dificultad para asistir a una formaci\u00f3n presencial. El diagn\u00f3stico realiza 21 propuestas de acciones formativas, divididas en 5 cursos de nivel inicial, 7 cursos de nivel profundizaci\u00f3n y 9 cursos de nivel especializado, dirigidas a las distintas \u00e1reas municipales. Este trabajo se presentar\u00e1 al personal municipal que ha participado en su elaboraci\u00f3n en las pr\u00f3ximas semanas.<\/p>\n<p>A finales de 2018, el Ayuntamiento de Pamplona se plante\u00f3 realizar un an\u00e1lisis de las necesidades formativas, por niveles y categor\u00edas profesionales, a partir del cual identificar el grado de competencia existente en materia de igualdad de g\u00e9nero entre todo el personal municipal para detectar, as\u00ed, las necesidades a corto y medio plazo. Esta actuaci\u00f3n se enmarca en el III Plan para la Igualdad de Pamplona (2016 \u2013 2022), que cumpl\u00eda ya dos a\u00f1os tras su aprobaci\u00f3n en abril de 2016.<\/p>\n<p><strong>Sobre la participaci\u00f3n en el diagn\u00f3stico<\/strong><\/p>\n<p>La metodolog\u00eda que se ha aplicado para elaborar el diagn\u00f3stico combina aspectos cualitativos y cuantitativos. Entre los cualitativos, se ha llevado a cabo una revisi\u00f3n documental generada por las diferentes \u00e1reas, un estudio de los antecedentes en materia de formaci\u00f3n en igualdad, entrevistas semiestructuradas o grupos de discusi\u00f3n; los aspectos cuantitativos, por su parte, se han abordado mediante un cuestionario on-line.<\/p>\n<p>En cuanto a la participaci\u00f3n del personal municipal, un 72,2% de quienes han aportado en el diagn\u00f3stico son mujeres y de estas, un 44,44%, tienen una edad comprendida entre los 36 y los 50 a\u00f1os. Tambi\u00e9n han participado un 27,8% de hombres, principalmente, con una edad comprendida entre los 18 y los 35 a\u00f1os. Esta dato podr\u00eda indicar una mayor sensibilidad y preocupaci\u00f3n por mejorar conocimientos en materia de igualdad de los hombres m\u00e1s j\u00f3venes.<\/p>\n<p>Entre las tipolog\u00edas de contratos del personal que ha participado en el diagn\u00f3stico, destaca el personal funcionario de carrera, donde el porcentaje de mujeres casi triplica al de hombres. Principalmente, ha participado personal municipal de nivel A, que en su gran mayor\u00eda desempe\u00f1a su trabajo en horario de ma\u00f1ana.<\/p>\n<p>&nbsp;<\/p>\n","protected":false},"excerpt":{"rendered":"","protected":false},"author":1,"featured_media":17600,"comment_status":"open","ping_status":"closed","sticky":false,"template":"","format":"standard","meta":{"footnotes":""},"categories":[2],"tags":[],"class_list":["post-20444","post","type-post","status-publish","format-standard","has-post-thumbnail","hentry","category-ayuntamiento-pamplona"],"yoast_head":"<!-- This site is optimized with the Yoast SEO plugin v27.3 - https:\/\/yoast.com\/product\/yoast-seo-wordpress\/ -->\n<title>El Ayuntamiento de Pamplona elabora un diagn\u00f3stico de las necesidades formativas de su personal municipal en materia de igualdad<\/title>\n<meta name=\"robots\" content=\"index, follow, max-snippet:-1, max-image-preview:large, max-video-preview:-1\" \/>\n<link rel=\"canonical\" href=\"https:\/\/www.laguiadepamplona.com\/actualidad\/el-ayuntamiento-de-pamplona-elabora-un-diagnostico-de-las-necesidades-formativas-de-su-personal-municipal-en-materia-de-igualdad\/\" \/>\n<meta property=\"og:locale\" content=\"es_ES\" \/>\n<meta property=\"og:type\" content=\"article\" \/>\n<meta property=\"og:title\" content=\"El Ayuntamiento de Pamplona elabora un diagn\u00f3stico de las necesidades formativas de su personal municipal en materia de igualdad\" \/>\n<meta property=\"og:url\" content=\"https:\/\/www.laguiadepamplona.com\/actualidad\/el-ayuntamiento-de-pamplona-elabora-un-diagnostico-de-las-necesidades-formativas-de-su-personal-municipal-en-materia-de-igualdad\/\" \/>\n<meta property=\"og:site_name\" content=\"La Gu\u00eda de Pamplona\" \/>\n<meta property=\"article:publisher\" content=\"https:\/\/www.facebook.com\/laguiadepamplonacom-133175176762273\/?ref=hl\" \/>\n<meta property=\"article:published_time\" content=\"2019-02-18T17:37:35+00:00\" \/>\n<meta property=\"og:image\" content=\"https:\/\/www.laguiadepamplona.com\/actualidad\/wp-content\/uploads\/2018\/05\/ayto-pamplona-3.jpg\" \/>\n\t<meta property=\"og:image:width\" content=\"1000\" \/>\n\t<meta property=\"og:image:height\" content=\"555\" \/>\n\t<meta property=\"og:image:type\" content=\"image\/jpeg\" \/>\n<meta name=\"author\" content=\"La Gu\u00eda de Pamplona\" \/>\n<meta name=\"twitter:card\" content=\"summary_large_image\" \/>\n<meta name=\"twitter:creator\" content=\"@LaGuiadPamplona\" \/>\n<meta name=\"twitter:site\" content=\"@LaGuiadPamplona\" \/>\n<meta name=\"twitter:label1\" content=\"Escrito por\" \/>\n\t<meta name=\"twitter:data1\" content=\"La Gu\u00eda de Pamplona\" \/>\n\t<meta name=\"twitter:label2\" content=\"Tiempo de lectura\" \/>\n\t<meta name=\"twitter:data2\" content=\"3 minutos\" \/>\n<script type=\"application\/ld+json\" class=\"yoast-schema-graph\">{\"@context\":\"https:\\\/\\\/schema.org\",\"@graph\":[{\"@type\":\"Article\",\"@id\":\"https:\\\/\\\/www.laguiadepamplona.com\\\/actualidad\\\/el-ayuntamiento-de-pamplona-elabora-un-diagnostico-de-las-necesidades-formativas-de-su-personal-municipal-en-materia-de-igualdad\\\/#article\",\"isPartOf\":{\"@id\":\"https:\\\/\\\/www.laguiadepamplona.com\\\/actualidad\\\/el-ayuntamiento-de-pamplona-elabora-un-diagnostico-de-las-necesidades-formativas-de-su-personal-municipal-en-materia-de-igualdad\\\/\"},\"author\":{\"name\":\"La Gu\u00eda de Pamplona\",\"@id\":\"https:\\\/\\\/www.laguiadepamplona.com\\\/actualidad\\\/#\\\/schema\\\/person\\\/efe887376f0213d4657c93adc50b1fdb\"},\"headline\":\"El Ayuntamiento de Pamplona elabora un diagn\u00f3stico de las necesidades formativas de su personal municipal en materia de igualdad\",\"datePublished\":\"2019-02-18T17:37:35+00:00\",\"mainEntityOfPage\":{\"@id\":\"https:\\\/\\\/www.laguiadepamplona.com\\\/actualidad\\\/el-ayuntamiento-de-pamplona-elabora-un-diagnostico-de-las-necesidades-formativas-de-su-personal-municipal-en-materia-de-igualdad\\\/\"},\"wordCount\":681,\"commentCount\":0,\"publisher\":{\"@id\":\"https:\\\/\\\/www.laguiadepamplona.com\\\/actualidad\\\/#organization\"},\"image\":{\"@id\":\"https:\\\/\\\/www.laguiadepamplona.com\\\/actualidad\\\/el-ayuntamiento-de-pamplona-elabora-un-diagnostico-de-las-necesidades-formativas-de-su-personal-municipal-en-materia-de-igualdad\\\/#primaryimage\"},\"thumbnailUrl\":\"https:\\\/\\\/www.laguiadepamplona.com\\\/actualidad\\\/wp-content\\\/uploads\\\/2018\\\/05\\\/ayto-pamplona-3.jpg\",\"articleSection\":[\"Ayto Pamplona\"],\"inLanguage\":\"es\",\"potentialAction\":[{\"@type\":\"CommentAction\",\"name\":\"Comment\",\"target\":[\"https:\\\/\\\/www.laguiadepamplona.com\\\/actualidad\\\/el-ayuntamiento-de-pamplona-elabora-un-diagnostico-de-las-necesidades-formativas-de-su-personal-municipal-en-materia-de-igualdad\\\/#respond\"]}]},{\"@type\":\"WebPage\",\"@id\":\"https:\\\/\\\/www.laguiadepamplona.com\\\/actualidad\\\/el-ayuntamiento-de-pamplona-elabora-un-diagnostico-de-las-necesidades-formativas-de-su-personal-municipal-en-materia-de-igualdad\\\/\",\"url\":\"https:\\\/\\\/www.laguiadepamplona.com\\\/actualidad\\\/el-ayuntamiento-de-pamplona-elabora-un-diagnostico-de-las-necesidades-formativas-de-su-personal-municipal-en-materia-de-igualdad\\\/\",\"name\":\"El Ayuntamiento de Pamplona elabora un diagn\u00f3stico de las necesidades formativas de su personal municipal en materia de igualdad\",\"isPartOf\":{\"@id\":\"https:\\\/\\\/www.laguiadepamplona.com\\\/actualidad\\\/#website\"},\"primaryImageOfPage\":{\"@id\":\"https:\\\/\\\/www.laguiadepamplona.com\\\/actualidad\\\/el-ayuntamiento-de-pamplona-elabora-un-diagnostico-de-las-necesidades-formativas-de-su-personal-municipal-en-materia-de-igualdad\\\/#primaryimage\"},\"image\":{\"@id\":\"https:\\\/\\\/www.laguiadepamplona.com\\\/actualidad\\\/el-ayuntamiento-de-pamplona-elabora-un-diagnostico-de-las-necesidades-formativas-de-su-personal-municipal-en-materia-de-igualdad\\\/#primaryimage\"},\"thumbnailUrl\":\"https:\\\/\\\/www.laguiadepamplona.com\\\/actualidad\\\/wp-content\\\/uploads\\\/2018\\\/05\\\/ayto-pamplona-3.jpg\",\"datePublished\":\"2019-02-18T17:37:35+00:00\",\"breadcrumb\":{\"@id\":\"https:\\\/\\\/www.laguiadepamplona.com\\\/actualidad\\\/el-ayuntamiento-de-pamplona-elabora-un-diagnostico-de-las-necesidades-formativas-de-su-personal-municipal-en-materia-de-igualdad\\\/#breadcrumb\"},\"inLanguage\":\"es\",\"potentialAction\":[{\"@type\":\"ReadAction\",\"target\":[\"https:\\\/\\\/www.laguiadepamplona.com\\\/actualidad\\\/el-ayuntamiento-de-pamplona-elabora-un-diagnostico-de-las-necesidades-formativas-de-su-personal-municipal-en-materia-de-igualdad\\\/\"]}]},{\"@type\":\"ImageObject\",\"inLanguage\":\"es\",\"@id\":\"https:\\\/\\\/www.laguiadepamplona.com\\\/actualidad\\\/el-ayuntamiento-de-pamplona-elabora-un-diagnostico-de-las-necesidades-formativas-de-su-personal-municipal-en-materia-de-igualdad\\\/#primaryimage\",\"url\":\"https:\\\/\\\/www.laguiadepamplona.com\\\/actualidad\\\/wp-content\\\/uploads\\\/2018\\\/05\\\/ayto-pamplona-3.jpg\",\"contentUrl\":\"https:\\\/\\\/www.laguiadepamplona.com\\\/actualidad\\\/wp-content\\\/uploads\\\/2018\\\/05\\\/ayto-pamplona-3.jpg\",\"width\":1000,\"height\":555},{\"@type\":\"BreadcrumbList\",\"@id\":\"https:\\\/\\\/www.laguiadepamplona.com\\\/actualidad\\\/el-ayuntamiento-de-pamplona-elabora-un-diagnostico-de-las-necesidades-formativas-de-su-personal-municipal-en-materia-de-igualdad\\\/#breadcrumb\",\"itemListElement\":[{\"@type\":\"ListItem\",\"position\":1,\"name\":\"Portada\",\"item\":\"https:\\\/\\\/www.laguiadepamplona.com\\\/actualidad\\\/\"},{\"@type\":\"ListItem\",\"position\":2,\"name\":\"El Ayuntamiento de Pamplona elabora un diagn\u00f3stico de las necesidades formativas de su personal municipal en materia de igualdad\"}]},{\"@type\":\"WebSite\",\"@id\":\"https:\\\/\\\/www.laguiadepamplona.com\\\/actualidad\\\/#website\",\"url\":\"https:\\\/\\\/www.laguiadepamplona.com\\\/actualidad\\\/\",\"name\":\"La gu\u00eda de Pamplona\",\"description\":\"Noticias de Pamplona\",\"publisher\":{\"@id\":\"https:\\\/\\\/www.laguiadepamplona.com\\\/actualidad\\\/#organization\"},\"potentialAction\":[{\"@type\":\"SearchAction\",\"target\":{\"@type\":\"EntryPoint\",\"urlTemplate\":\"https:\\\/\\\/www.laguiadepamplona.com\\\/actualidad\\\/?s={search_term_string}\"},\"query-input\":{\"@type\":\"PropertyValueSpecification\",\"valueRequired\":true,\"valueName\":\"search_term_string\"}}],\"inLanguage\":\"es\"},{\"@type\":\"Organization\",\"@id\":\"https:\\\/\\\/www.laguiadepamplona.com\\\/actualidad\\\/#organization\",\"name\":\"La Gu\u00eda de Pamplona \\\/ Noticias\",\"url\":\"https:\\\/\\\/www.laguiadepamplona.com\\\/actualidad\\\/\",\"logo\":{\"@type\":\"ImageObject\",\"inLanguage\":\"es\",\"@id\":\"https:\\\/\\\/www.laguiadepamplona.com\\\/actualidad\\\/#\\\/schema\\\/logo\\\/image\\\/\",\"url\":\"https:\\\/\\\/www.laguiadepamplona.com\\\/actualidad\\\/wp-content\\\/uploads\\\/2018\\\/11\\\/logo-laguiadepamplona18-web1.png\",\"contentUrl\":\"https:\\\/\\\/www.laguiadepamplona.com\\\/actualidad\\\/wp-content\\\/uploads\\\/2018\\\/11\\\/logo-laguiadepamplona18-web1.png\",\"width\":600,\"height\":196,\"caption\":\"La Gu\u00eda de Pamplona \\\/ Noticias\"},\"image\":{\"@id\":\"https:\\\/\\\/www.laguiadepamplona.com\\\/actualidad\\\/#\\\/schema\\\/logo\\\/image\\\/\"},\"sameAs\":[\"https:\\\/\\\/www.facebook.com\\\/laguiadepamplonacom-133175176762273\\\/?ref=hl\",\"https:\\\/\\\/x.com\\\/LaGuiadPamplona\",\"https:\\\/\\\/www.instagram.com\\\/la_guia_de_pamplona\\\/\",\"https:\\\/\\\/www.youtube.com\\\/user\\\/laguiadepamplona\"]},{\"@type\":\"Person\",\"@id\":\"https:\\\/\\\/www.laguiadepamplona.com\\\/actualidad\\\/#\\\/schema\\\/person\\\/efe887376f0213d4657c93adc50b1fdb\",\"name\":\"La Gu\u00eda de Pamplona\",\"image\":{\"@type\":\"ImageObject\",\"inLanguage\":\"es\",\"@id\":\"https:\\\/\\\/secure.gravatar.com\\\/avatar\\\/b6992f131dc8d30ab0dff15446e9d346d9dbd95992de0fef795073f5ea83a81c?s=96&d=mm&r=g\",\"url\":\"https:\\\/\\\/secure.gravatar.com\\\/avatar\\\/b6992f131dc8d30ab0dff15446e9d346d9dbd95992de0fef795073f5ea83a81c?s=96&d=mm&r=g\",\"contentUrl\":\"https:\\\/\\\/secure.gravatar.com\\\/avatar\\\/b6992f131dc8d30ab0dff15446e9d346d9dbd95992de0fef795073f5ea83a81c?s=96&d=mm&r=g\",\"caption\":\"La Gu\u00eda de Pamplona\"}}]}<\/script>\n<!-- \/ Yoast SEO plugin. -->","yoast_head_json":{"title":"El Ayuntamiento de Pamplona elabora un diagn\u00f3stico de las necesidades formativas de su personal municipal en materia de igualdad","robots":{"index":"index","follow":"follow","max-snippet":"max-snippet:-1","max-image-preview":"max-image-preview:large","max-video-preview":"max-video-preview:-1"},"canonical":"https:\/\/www.laguiadepamplona.com\/actualidad\/el-ayuntamiento-de-pamplona-elabora-un-diagnostico-de-las-necesidades-formativas-de-su-personal-municipal-en-materia-de-igualdad\/","og_locale":"es_ES","og_type":"article","og_title":"El Ayuntamiento de Pamplona elabora un diagn\u00f3stico de las necesidades formativas de su personal municipal en materia de igualdad","og_url":"https:\/\/www.laguiadepamplona.com\/actualidad\/el-ayuntamiento-de-pamplona-elabora-un-diagnostico-de-las-necesidades-formativas-de-su-personal-municipal-en-materia-de-igualdad\/","og_site_name":"La Gu\u00eda de Pamplona","article_publisher":"https:\/\/www.facebook.com\/laguiadepamplonacom-133175176762273\/?ref=hl","article_published_time":"2019-02-18T17:37:35+00:00","og_image":[{"width":1000,"height":555,"url":"https:\/\/www.laguiadepamplona.com\/actualidad\/wp-content\/uploads\/2018\/05\/ayto-pamplona-3.jpg","type":"image\/jpeg"}],"author":"La Gu\u00eda de Pamplona","twitter_card":"summary_large_image","twitter_creator":"@LaGuiadPamplona","twitter_site":"@LaGuiadPamplona","twitter_misc":{"Escrito por":"La Gu\u00eda de Pamplona","Tiempo de lectura":"3 minutos"},"schema":{"@context":"https:\/\/schema.org","@graph":[{"@type":"Article","@id":"https:\/\/www.laguiadepamplona.com\/actualidad\/el-ayuntamiento-de-pamplona-elabora-un-diagnostico-de-las-necesidades-formativas-de-su-personal-municipal-en-materia-de-igualdad\/#article","isPartOf":{"@id":"https:\/\/www.laguiadepamplona.com\/actualidad\/el-ayuntamiento-de-pamplona-elabora-un-diagnostico-de-las-necesidades-formativas-de-su-personal-municipal-en-materia-de-igualdad\/"},"author":{"name":"La Gu\u00eda de Pamplona","@id":"https:\/\/www.laguiadepamplona.com\/actualidad\/#\/schema\/person\/efe887376f0213d4657c93adc50b1fdb"},"headline":"El Ayuntamiento de Pamplona elabora un diagn\u00f3stico de las necesidades formativas de su personal municipal en materia de igualdad","datePublished":"2019-02-18T17:37:35+00:00","mainEntityOfPage":{"@id":"https:\/\/www.laguiadepamplona.com\/actualidad\/el-ayuntamiento-de-pamplona-elabora-un-diagnostico-de-las-necesidades-formativas-de-su-personal-municipal-en-materia-de-igualdad\/"},"wordCount":681,"commentCount":0,"publisher":{"@id":"https:\/\/www.laguiadepamplona.com\/actualidad\/#organization"},"image":{"@id":"https:\/\/www.laguiadepamplona.com\/actualidad\/el-ayuntamiento-de-pamplona-elabora-un-diagnostico-de-las-necesidades-formativas-de-su-personal-municipal-en-materia-de-igualdad\/#primaryimage"},"thumbnailUrl":"https:\/\/www.laguiadepamplona.com\/actualidad\/wp-content\/uploads\/2018\/05\/ayto-pamplona-3.jpg","articleSection":["Ayto Pamplona"],"inLanguage":"es","potentialAction":[{"@type":"CommentAction","name":"Comment","target":["https:\/\/www.laguiadepamplona.com\/actualidad\/el-ayuntamiento-de-pamplona-elabora-un-diagnostico-de-las-necesidades-formativas-de-su-personal-municipal-en-materia-de-igualdad\/#respond"]}]},{"@type":"WebPage","@id":"https:\/\/www.laguiadepamplona.com\/actualidad\/el-ayuntamiento-de-pamplona-elabora-un-diagnostico-de-las-necesidades-formativas-de-su-personal-municipal-en-materia-de-igualdad\/","url":"https:\/\/www.laguiadepamplona.com\/actualidad\/el-ayuntamiento-de-pamplona-elabora-un-diagnostico-de-las-necesidades-formativas-de-su-personal-municipal-en-materia-de-igualdad\/","name":"El Ayuntamiento de Pamplona elabora un diagn\u00f3stico de las necesidades formativas de su personal municipal en materia de igualdad","isPartOf":{"@id":"https:\/\/www.laguiadepamplona.com\/actualidad\/#website"},"primaryImageOfPage":{"@id":"https:\/\/www.laguiadepamplona.com\/actualidad\/el-ayuntamiento-de-pamplona-elabora-un-diagnostico-de-las-necesidades-formativas-de-su-personal-municipal-en-materia-de-igualdad\/#primaryimage"},"image":{"@id":"https:\/\/www.laguiadepamplona.com\/actualidad\/el-ayuntamiento-de-pamplona-elabora-un-diagnostico-de-las-necesidades-formativas-de-su-personal-municipal-en-materia-de-igualdad\/#primaryimage"},"thumbnailUrl":"https:\/\/www.laguiadepamplona.com\/actualidad\/wp-content\/uploads\/2018\/05\/ayto-pamplona-3.jpg","datePublished":"2019-02-18T17:37:35+00:00","breadcrumb":{"@id":"https:\/\/www.laguiadepamplona.com\/actualidad\/el-ayuntamiento-de-pamplona-elabora-un-diagnostico-de-las-necesidades-formativas-de-su-personal-municipal-en-materia-de-igualdad\/#breadcrumb"},"inLanguage":"es","potentialAction":[{"@type":"ReadAction","target":["https:\/\/www.laguiadepamplona.com\/actualidad\/el-ayuntamiento-de-pamplona-elabora-un-diagnostico-de-las-necesidades-formativas-de-su-personal-municipal-en-materia-de-igualdad\/"]}]},{"@type":"ImageObject","inLanguage":"es","@id":"https:\/\/www.laguiadepamplona.com\/actualidad\/el-ayuntamiento-de-pamplona-elabora-un-diagnostico-de-las-necesidades-formativas-de-su-personal-municipal-en-materia-de-igualdad\/#primaryimage","url":"https:\/\/www.laguiadepamplona.com\/actualidad\/wp-content\/uploads\/2018\/05\/ayto-pamplona-3.jpg","contentUrl":"https:\/\/www.laguiadepamplona.com\/actualidad\/wp-content\/uploads\/2018\/05\/ayto-pamplona-3.jpg","width":1000,"height":555},{"@type":"BreadcrumbList","@id":"https:\/\/www.laguiadepamplona.com\/actualidad\/el-ayuntamiento-de-pamplona-elabora-un-diagnostico-de-las-necesidades-formativas-de-su-personal-municipal-en-materia-de-igualdad\/#breadcrumb","itemListElement":[{"@type":"ListItem","position":1,"name":"Portada","item":"https:\/\/www.laguiadepamplona.com\/actualidad\/"},{"@type":"ListItem","position":2,"name":"El Ayuntamiento de Pamplona elabora un diagn\u00f3stico de las necesidades formativas de su personal municipal en materia de igualdad"}]},{"@type":"WebSite","@id":"https:\/\/www.laguiadepamplona.com\/actualidad\/#website","url":"https:\/\/www.laguiadepamplona.com\/actualidad\/","name":"La gu\u00eda de Pamplona","description":"Noticias de Pamplona","publisher":{"@id":"https:\/\/www.laguiadepamplona.com\/actualidad\/#organization"},"potentialAction":[{"@type":"SearchAction","target":{"@type":"EntryPoint","urlTemplate":"https:\/\/www.laguiadepamplona.com\/actualidad\/?s={search_term_string}"},"query-input":{"@type":"PropertyValueSpecification","valueRequired":true,"valueName":"search_term_string"}}],"inLanguage":"es"},{"@type":"Organization","@id":"https:\/\/www.laguiadepamplona.com\/actualidad\/#organization","name":"La Gu\u00eda de Pamplona \/ Noticias","url":"https:\/\/www.laguiadepamplona.com\/actualidad\/","logo":{"@type":"ImageObject","inLanguage":"es","@id":"https:\/\/www.laguiadepamplona.com\/actualidad\/#\/schema\/logo\/image\/","url":"https:\/\/www.laguiadepamplona.com\/actualidad\/wp-content\/uploads\/2018\/11\/logo-laguiadepamplona18-web1.png","contentUrl":"https:\/\/www.laguiadepamplona.com\/actualidad\/wp-content\/uploads\/2018\/11\/logo-laguiadepamplona18-web1.png","width":600,"height":196,"caption":"La Gu\u00eda de Pamplona \/ Noticias"},"image":{"@id":"https:\/\/www.laguiadepamplona.com\/actualidad\/#\/schema\/logo\/image\/"},"sameAs":["https:\/\/www.facebook.com\/laguiadepamplonacom-133175176762273\/?ref=hl","https:\/\/x.com\/LaGuiadPamplona","https:\/\/www.instagram.com\/la_guia_de_pamplona\/","https:\/\/www.youtube.com\/user\/laguiadepamplona"]},{"@type":"Person","@id":"https:\/\/www.laguiadepamplona.com\/actualidad\/#\/schema\/person\/efe887376f0213d4657c93adc50b1fdb","name":"La Gu\u00eda de Pamplona","image":{"@type":"ImageObject","inLanguage":"es","@id":"https:\/\/secure.gravatar.com\/avatar\/b6992f131dc8d30ab0dff15446e9d346d9dbd95992de0fef795073f5ea83a81c?s=96&d=mm&r=g","url":"https:\/\/secure.gravatar.com\/avatar\/b6992f131dc8d30ab0dff15446e9d346d9dbd95992de0fef795073f5ea83a81c?s=96&d=mm&r=g","contentUrl":"https:\/\/secure.gravatar.com\/avatar\/b6992f131dc8d30ab0dff15446e9d346d9dbd95992de0fef795073f5ea83a81c?s=96&d=mm&r=g","caption":"La Gu\u00eda de Pamplona"}}]}},"post_mailing_queue_ids":[],"_links":{"self":[{"href":"https:\/\/www.laguiadepamplona.com\/actualidad\/wp-json\/wp\/v2\/posts\/20444","targetHints":{"allow":["GET"]}}],"collection":[{"href":"https:\/\/www.laguiadepamplona.com\/actualidad\/wp-json\/wp\/v2\/posts"}],"about":[{"href":"https:\/\/www.laguiadepamplona.com\/actualidad\/wp-json\/wp\/v2\/types\/post"}],"author":[{"embeddable":true,"href":"https:\/\/www.laguiadepamplona.com\/actualidad\/wp-json\/wp\/v2\/users\/1"}],"replies":[{"embeddable":true,"href":"https:\/\/www.laguiadepamplona.com\/actualidad\/wp-json\/wp\/v2\/comments?post=20444"}],"version-history":[{"count":0,"href":"https:\/\/www.laguiadepamplona.com\/actualidad\/wp-json\/wp\/v2\/posts\/20444\/revisions"}],"wp:featuredmedia":[{"embeddable":true,"href":"https:\/\/www.laguiadepamplona.com\/actualidad\/wp-json\/wp\/v2\/media\/17600"}],"wp:attachment":[{"href":"https:\/\/www.laguiadepamplona.com\/actualidad\/wp-json\/wp\/v2\/media?parent=20444"}],"wp:term":[{"taxonomy":"category","embeddable":true,"href":"https:\/\/www.laguiadepamplona.com\/actualidad\/wp-json\/wp\/v2\/categories?post=20444"},{"taxonomy":"post_tag","embeddable":true,"href":"https:\/\/www.laguiadepamplona.com\/actualidad\/wp-json\/wp\/v2\/tags?post=20444"}],"curies":[{"name":"wp","href":"https:\/\/api.w.org\/{rel}","templated":true}]}}