{"id":20442,"date":"2019-02-18T19:36:48","date_gmt":"2019-02-18T17:36:48","guid":{"rendered":"https:\/\/www.laguiadepamplona.es\/actualidad\/?p=20442"},"modified":"2019-02-18T19:36:48","modified_gmt":"2019-02-18T17:36:48","slug":"auzortzen-inaugura-una-nueva-linea-de-trabajo-en-red-en-los-barrios-con-actividades-culturales-y-sociales-en-mendillorri-organizadas-entre-civivox-antzara-y-bideberri","status":"publish","type":"post","link":"https:\/\/www.laguiadepamplona.com\/actualidad\/auzortzen-inaugura-una-nueva-linea-de-trabajo-en-red-en-los-barrios-con-actividades-culturales-y-sociales-en-mendillorri-organizadas-entre-civivox-antzara-y-bideberri\/","title":{"rendered":"\u2018Auzortzen\u2019 inaugura una nueva l\u00ednea de trabajo en red en los barrios con actividades culturales y sociales en Mendillorri organizadas entre Civivox, Antzara y Bideberri"},"content":{"rendered":"<p><!--more--><\/p>\n<h3>El primer ciclo, en colaboraci\u00f3n con M\u00e9dicos del Mundo de Navarra, es sobre la prostituci\u00f3n con una exposici\u00f3n y charlas en Civivox y Antzara<\/h3>\n<p>El Ayuntamiento de Pamplona ha puesto en marcha una nueva l\u00ednea de trabajo en red en la que quiere involucrar a distintas entidades que desarrollan sus actividades en un mismo barrio para que lleven a cabo sus iniciativas de manera coordinada e, incluso, conjunta. La concejala delegada de Desarrollo Comunitario, Esther Cremaes, la concejala delegada de Cultura y Educaci\u00f3n, Maider Beloki, y Xabi Senosi\u00e1in, de la Asociaci\u00f3n Bideberri que se encarga del Servicio de Acci\u00f3n Preventiva Comunitaria en Mendillorri-Erripaga\u00f1a han presentado hoy el nuevo proyecto \u2018Auzortzen\u2019.<\/p>\n<p>En esta iniciativa social y cultural est\u00e1n trabajando de manera coordinada Civivox, Antzara y Bideberri. Los tres servicios tienen numerosas caracter\u00edsticas en com\u00fan: trabajan en el d\u00eda a d\u00eda del barrio, son recursos centrados en la comunidad que impulsan la cultura de base y previenen situaciones de conflicto. En la misma rueda de prensa han dado a conocer la primera acci\u00f3n que han llevado a cabo, un ciclo de actividades en torno a la prostituci\u00f3n en la que tambi\u00e9n colabora M\u00e9dicos del Mundo de Navarra y que se desarrolla este mes de febrero. Para el D\u00eda de Mendillorri tambi\u00e9n se trabaja en una representaci\u00f3n teatral.<\/p>\n<p>Adem\u00e1s de construir un espacio de coordinaci\u00f3n conjunto para trabajar en red, entre los objetivos espec\u00edficos se sit\u00faan presentar alternativas de ocio m\u00e1s consistentes y plurales, generar espacios de cultura compartida, presentar estructuras comunitarias cohesionadas, ampliar las ofertas culturales buscando la eficiencia en espacio-tiempo, y hacer transversal la cultura comunitaria. \u2018Auzortzen\u2019 es un proceso abierto a nuevos agentes de Mendillorri interesados en participar.<\/p>\n<p><strong>Mentiras y realidad, \u00bfpor qu\u00e9 los hombres consumen mujeres?<\/strong><\/p>\n<p>Los tres agentes implicados en esta nueva forma de trabajar en Mendillorri han tenido en cuenta para su primera actividad conjunta el tema de la prostituci\u00f3n, un problema que consideran preocupa entre la juventud del barrio. En colaboraci\u00f3n con M\u00e9dicos del Mundo de Navarra, adem\u00e1s de la exposici\u00f3n, el ciclo ofrece una conferencia, un microteatro y una proyecci\u00f3n audiovisual. Los objetivos, seg\u00fan los impulsores, son poner de manifiesto el problema de la prostituci\u00f3n; dar voz a las necesidades y demandas a las mujeres que sufren la prostituci\u00f3n y sensibilizar a la gente joven de Mendillorri contra el consumo de mujeres. En l\u00ednea con los proyectos que suele trabajar M\u00e9dicos del Mundo de Navarra, se quiere desarrollar una mirada cr\u00edtica hacia las causas de las desigualdades y las injusticias, promoviendo el cambio social.<\/p>\n<p>La exposici\u00f3n, de fotograf\u00edas, puede verse en Civivox Mendillorri hasta el 28 de febrero y recoge caras de hombres con testimonios reales y sus \u201cexcusas\u201d. A sus espaldas se recogen las voces de las mujeres en prostituci\u00f3n. El horario de visita es de lunes a s\u00e1bado de 9 a 14 horas y de 17 a 22 horas. El mismo d\u00eda 28, tambi\u00e9n en Civivox Mendillorri, se celebrar\u00e1 una conferencia a las 19 horas. Titulada \u2018La prostituci\u00f3n en Navarra desde un enfoque de g\u00e9nero y derechos humanos\u2019, estar\u00e1 impartida por Ferm\u00edn Lorente. Antzara acoger\u00e1 el microrrelato y la proyecci\u00f3n.<\/p>\n<p>A trav\u00e9s de esta colaboraci\u00f3n, el D\u00eda de Mendillorri, que se organiza en mayo, contar\u00e1 con la obra ganadora de Premio Feten 2018 y Premio Lorca 2018 al mejor espect\u00e1culo de calle. \u2018Rojo est\u00e1ndar\u2019 est\u00e1 dirigida por Rosa D\u00edaz y es una propuesta de calle de teatro y circo. La idea es enriquecer el programa festivo del barrio ofreciendo una alternativa cultural para las familias del barrio al mismo tiempo que se promociona el circo como una actividad interesante para poder trabajarla en el futuro.<\/p>\n<p><strong>Tres entidades importantes en el barrio<\/strong><\/p>\n<p>Civivox Mendillorri es uno de los siete centros c\u00edvicos de la red municipal. Cuenta con biblioteca en la que hay una zona diferenciada de lectura infantil, sal\u00f3n de actos, sala de conferencias, taller de artes pl\u00e1sticas, aula de inform\u00e1tica, sala de danza y 5 aulas de usos m\u00faltiples. Adem\u00e1s de la programaci\u00f3n propia de cursos y ciclos de teatro danza o conferencias, entre otras actividades, cuenta con un programa de cesi\u00f3n de salas tanto para usos puntuales como para el curso completo.<\/p>\n<p>El Centro Comunitario de Iniciativa Social Antzara, de titularidad p\u00fablica, se gestiona a trav\u00e9s de un convenio. Se organiza alrededor de una asamblea en la que est\u00e1n representadas las entidades, colectivos y personas que desarrollan su trabajo socio-vecinal en el centro. Pueden acceder a la utilizaci\u00f3n y gesti\u00f3n del Centro Comunitario quienes los soliciten para actividad de acci\u00f3n comunitaria tras tener la aprobaci\u00f3n de la asamblea. Adem\u00e1s de facilitar el acceso al centro del tejido comunitario del barrio, entre los objetivos tiene fomentar la articulaci\u00f3n social; fortalecer las din\u00e1micas de cooperaci\u00f3n entre las entidades sociales, la ciudadan\u00eda y las instituciones, y desarrollar experiencias de aprendizaje y capacitaci\u00f3n socio-comunitaria.<\/p>\n<p>La Asociaci\u00f3n Bideberri es una de las ocho que durante este a\u00f1o est\u00e1n llevando a cabo la gesti\u00f3n del Servicio de Acci\u00f3n Preventiva Comunitaria en otros tantos barrios de la ciudad. La poblaci\u00f3n destinataria es toda la poblaci\u00f3n infantil y juvenil menor de 18 a\u00f1os y sus familias. Este recurso municipal tiene como objetivo promover que los menores de edad tengan un entorno que permita su desarrollo personal mediante actuaciones en el \u00e1mbito de su comunidad, y prevenir as\u00ed la aparici\u00f3n de situaciones de desprotecci\u00f3n. Las actividades realizadas se engloban en varios \u00e1mbitos: deporte; ludotecas, intercambios y campamentos; formaci\u00f3n y otras como participaci\u00f3n en el servicio de voluntariado europeo o acompa\u00f1amiento espec\u00edfico a menores y familias.<\/p>\n","protected":false},"excerpt":{"rendered":"","protected":false},"author":1,"featured_media":11011,"comment_status":"open","ping_status":"closed","sticky":false,"template":"","format":"standard","meta":{"footnotes":""},"categories":[2],"tags":[],"class_list":["post-20442","post","type-post","status-publish","format-standard","has-post-thumbnail","hentry","category-ayuntamiento-pamplona"],"yoast_head":"<!-- This site is optimized with the Yoast SEO plugin v27.3 - https:\/\/yoast.com\/product\/yoast-seo-wordpress\/ -->\n<title>\u2018Auzortzen\u2019 inaugura una nueva l\u00ednea de trabajo en red en los barrios con actividades culturales y sociales en Mendillorri organizadas entre Civivox, Antzara y Bideberri<\/title>\n<meta name=\"robots\" content=\"index, follow, max-snippet:-1, max-image-preview:large, max-video-preview:-1\" \/>\n<link rel=\"canonical\" href=\"https:\/\/www.laguiadepamplona.com\/actualidad\/auzortzen-inaugura-una-nueva-linea-de-trabajo-en-red-en-los-barrios-con-actividades-culturales-y-sociales-en-mendillorri-organizadas-entre-civivox-antzara-y-bideberri\/\" \/>\n<meta property=\"og:locale\" content=\"es_ES\" \/>\n<meta property=\"og:type\" content=\"article\" \/>\n<meta property=\"og:title\" content=\"\u2018Auzortzen\u2019 inaugura una nueva l\u00ednea de trabajo en red en los barrios con actividades culturales y sociales en Mendillorri organizadas entre Civivox, Antzara y Bideberri\" \/>\n<meta property=\"og:url\" content=\"https:\/\/www.laguiadepamplona.com\/actualidad\/auzortzen-inaugura-una-nueva-linea-de-trabajo-en-red-en-los-barrios-con-actividades-culturales-y-sociales-en-mendillorri-organizadas-entre-civivox-antzara-y-bideberri\/\" \/>\n<meta property=\"og:site_name\" content=\"La Gu\u00eda de Pamplona\" \/>\n<meta property=\"article:publisher\" content=\"https:\/\/www.facebook.com\/laguiadepamplonacom-133175176762273\/?ref=hl\" \/>\n<meta property=\"article:published_time\" content=\"2019-02-18T17:36:48+00:00\" \/>\n<meta property=\"og:image\" content=\"https:\/\/www.laguiadepamplona.com\/actualidad\/wp-content\/uploads\/2016\/12\/civivox-mendillorri.jpg\" \/>\n\t<meta property=\"og:image:width\" content=\"870\" \/>\n\t<meta property=\"og:image:height\" content=\"390\" \/>\n\t<meta property=\"og:image:type\" content=\"image\/jpeg\" \/>\n<meta name=\"author\" content=\"La Gu\u00eda de Pamplona\" \/>\n<meta name=\"twitter:card\" content=\"summary_large_image\" \/>\n<meta name=\"twitter:creator\" content=\"@LaGuiadPamplona\" \/>\n<meta name=\"twitter:site\" content=\"@LaGuiadPamplona\" \/>\n<meta name=\"twitter:label1\" content=\"Escrito por\" \/>\n\t<meta name=\"twitter:data1\" content=\"La Gu\u00eda de Pamplona\" \/>\n\t<meta name=\"twitter:label2\" content=\"Tiempo de lectura\" \/>\n\t<meta name=\"twitter:data2\" content=\"5 minutos\" \/>\n<script type=\"application\/ld+json\" class=\"yoast-schema-graph\">{\"@context\":\"https:\\\/\\\/schema.org\",\"@graph\":[{\"@type\":\"Article\",\"@id\":\"https:\\\/\\\/www.laguiadepamplona.com\\\/actualidad\\\/auzortzen-inaugura-una-nueva-linea-de-trabajo-en-red-en-los-barrios-con-actividades-culturales-y-sociales-en-mendillorri-organizadas-entre-civivox-antzara-y-bideberri\\\/#article\",\"isPartOf\":{\"@id\":\"https:\\\/\\\/www.laguiadepamplona.com\\\/actualidad\\\/auzortzen-inaugura-una-nueva-linea-de-trabajo-en-red-en-los-barrios-con-actividades-culturales-y-sociales-en-mendillorri-organizadas-entre-civivox-antzara-y-bideberri\\\/\"},\"author\":{\"name\":\"La Gu\u00eda de Pamplona\",\"@id\":\"https:\\\/\\\/www.laguiadepamplona.com\\\/actualidad\\\/#\\\/schema\\\/person\\\/efe887376f0213d4657c93adc50b1fdb\"},\"headline\":\"\u2018Auzortzen\u2019 inaugura una nueva l\u00ednea de trabajo en red en los barrios con actividades culturales y sociales en Mendillorri organizadas entre Civivox, Antzara y Bideberri\",\"datePublished\":\"2019-02-18T17:36:48+00:00\",\"mainEntityOfPage\":{\"@id\":\"https:\\\/\\\/www.laguiadepamplona.com\\\/actualidad\\\/auzortzen-inaugura-una-nueva-linea-de-trabajo-en-red-en-los-barrios-con-actividades-culturales-y-sociales-en-mendillorri-organizadas-entre-civivox-antzara-y-bideberri\\\/\"},\"wordCount\":1019,\"commentCount\":0,\"publisher\":{\"@id\":\"https:\\\/\\\/www.laguiadepamplona.com\\\/actualidad\\\/#organization\"},\"image\":{\"@id\":\"https:\\\/\\\/www.laguiadepamplona.com\\\/actualidad\\\/auzortzen-inaugura-una-nueva-linea-de-trabajo-en-red-en-los-barrios-con-actividades-culturales-y-sociales-en-mendillorri-organizadas-entre-civivox-antzara-y-bideberri\\\/#primaryimage\"},\"thumbnailUrl\":\"https:\\\/\\\/www.laguiadepamplona.com\\\/actualidad\\\/wp-content\\\/uploads\\\/2016\\\/12\\\/civivox-mendillorri.jpg\",\"articleSection\":[\"Ayto Pamplona\"],\"inLanguage\":\"es\",\"potentialAction\":[{\"@type\":\"CommentAction\",\"name\":\"Comment\",\"target\":[\"https:\\\/\\\/www.laguiadepamplona.com\\\/actualidad\\\/auzortzen-inaugura-una-nueva-linea-de-trabajo-en-red-en-los-barrios-con-actividades-culturales-y-sociales-en-mendillorri-organizadas-entre-civivox-antzara-y-bideberri\\\/#respond\"]}]},{\"@type\":\"WebPage\",\"@id\":\"https:\\\/\\\/www.laguiadepamplona.com\\\/actualidad\\\/auzortzen-inaugura-una-nueva-linea-de-trabajo-en-red-en-los-barrios-con-actividades-culturales-y-sociales-en-mendillorri-organizadas-entre-civivox-antzara-y-bideberri\\\/\",\"url\":\"https:\\\/\\\/www.laguiadepamplona.com\\\/actualidad\\\/auzortzen-inaugura-una-nueva-linea-de-trabajo-en-red-en-los-barrios-con-actividades-culturales-y-sociales-en-mendillorri-organizadas-entre-civivox-antzara-y-bideberri\\\/\",\"name\":\"\u2018Auzortzen\u2019 inaugura una nueva l\u00ednea de trabajo en red en los barrios con actividades culturales y sociales en Mendillorri organizadas entre Civivox, Antzara y Bideberri\",\"isPartOf\":{\"@id\":\"https:\\\/\\\/www.laguiadepamplona.com\\\/actualidad\\\/#website\"},\"primaryImageOfPage\":{\"@id\":\"https:\\\/\\\/www.laguiadepamplona.com\\\/actualidad\\\/auzortzen-inaugura-una-nueva-linea-de-trabajo-en-red-en-los-barrios-con-actividades-culturales-y-sociales-en-mendillorri-organizadas-entre-civivox-antzara-y-bideberri\\\/#primaryimage\"},\"image\":{\"@id\":\"https:\\\/\\\/www.laguiadepamplona.com\\\/actualidad\\\/auzortzen-inaugura-una-nueva-linea-de-trabajo-en-red-en-los-barrios-con-actividades-culturales-y-sociales-en-mendillorri-organizadas-entre-civivox-antzara-y-bideberri\\\/#primaryimage\"},\"thumbnailUrl\":\"https:\\\/\\\/www.laguiadepamplona.com\\\/actualidad\\\/wp-content\\\/uploads\\\/2016\\\/12\\\/civivox-mendillorri.jpg\",\"datePublished\":\"2019-02-18T17:36:48+00:00\",\"breadcrumb\":{\"@id\":\"https:\\\/\\\/www.laguiadepamplona.com\\\/actualidad\\\/auzortzen-inaugura-una-nueva-linea-de-trabajo-en-red-en-los-barrios-con-actividades-culturales-y-sociales-en-mendillorri-organizadas-entre-civivox-antzara-y-bideberri\\\/#breadcrumb\"},\"inLanguage\":\"es\",\"potentialAction\":[{\"@type\":\"ReadAction\",\"target\":[\"https:\\\/\\\/www.laguiadepamplona.com\\\/actualidad\\\/auzortzen-inaugura-una-nueva-linea-de-trabajo-en-red-en-los-barrios-con-actividades-culturales-y-sociales-en-mendillorri-organizadas-entre-civivox-antzara-y-bideberri\\\/\"]}]},{\"@type\":\"ImageObject\",\"inLanguage\":\"es\",\"@id\":\"https:\\\/\\\/www.laguiadepamplona.com\\\/actualidad\\\/auzortzen-inaugura-una-nueva-linea-de-trabajo-en-red-en-los-barrios-con-actividades-culturales-y-sociales-en-mendillorri-organizadas-entre-civivox-antzara-y-bideberri\\\/#primaryimage\",\"url\":\"https:\\\/\\\/www.laguiadepamplona.com\\\/actualidad\\\/wp-content\\\/uploads\\\/2016\\\/12\\\/civivox-mendillorri.jpg\",\"contentUrl\":\"https:\\\/\\\/www.laguiadepamplona.com\\\/actualidad\\\/wp-content\\\/uploads\\\/2016\\\/12\\\/civivox-mendillorri.jpg\",\"width\":870,\"height\":390},{\"@type\":\"BreadcrumbList\",\"@id\":\"https:\\\/\\\/www.laguiadepamplona.com\\\/actualidad\\\/auzortzen-inaugura-una-nueva-linea-de-trabajo-en-red-en-los-barrios-con-actividades-culturales-y-sociales-en-mendillorri-organizadas-entre-civivox-antzara-y-bideberri\\\/#breadcrumb\",\"itemListElement\":[{\"@type\":\"ListItem\",\"position\":1,\"name\":\"Portada\",\"item\":\"https:\\\/\\\/www.laguiadepamplona.com\\\/actualidad\\\/\"},{\"@type\":\"ListItem\",\"position\":2,\"name\":\"\u2018Auzortzen\u2019 inaugura una nueva l\u00ednea de trabajo en red en los barrios con actividades culturales y sociales en Mendillorri organizadas entre Civivox, Antzara y Bideberri\"}]},{\"@type\":\"WebSite\",\"@id\":\"https:\\\/\\\/www.laguiadepamplona.com\\\/actualidad\\\/#website\",\"url\":\"https:\\\/\\\/www.laguiadepamplona.com\\\/actualidad\\\/\",\"name\":\"La gu\u00eda de Pamplona\",\"description\":\"Noticias de Pamplona\",\"publisher\":{\"@id\":\"https:\\\/\\\/www.laguiadepamplona.com\\\/actualidad\\\/#organization\"},\"potentialAction\":[{\"@type\":\"SearchAction\",\"target\":{\"@type\":\"EntryPoint\",\"urlTemplate\":\"https:\\\/\\\/www.laguiadepamplona.com\\\/actualidad\\\/?s={search_term_string}\"},\"query-input\":{\"@type\":\"PropertyValueSpecification\",\"valueRequired\":true,\"valueName\":\"search_term_string\"}}],\"inLanguage\":\"es\"},{\"@type\":\"Organization\",\"@id\":\"https:\\\/\\\/www.laguiadepamplona.com\\\/actualidad\\\/#organization\",\"name\":\"La Gu\u00eda de Pamplona \\\/ Noticias\",\"url\":\"https:\\\/\\\/www.laguiadepamplona.com\\\/actualidad\\\/\",\"logo\":{\"@type\":\"ImageObject\",\"inLanguage\":\"es\",\"@id\":\"https:\\\/\\\/www.laguiadepamplona.com\\\/actualidad\\\/#\\\/schema\\\/logo\\\/image\\\/\",\"url\":\"https:\\\/\\\/www.laguiadepamplona.com\\\/actualidad\\\/wp-content\\\/uploads\\\/2018\\\/11\\\/logo-laguiadepamplona18-web1.png\",\"contentUrl\":\"https:\\\/\\\/www.laguiadepamplona.com\\\/actualidad\\\/wp-content\\\/uploads\\\/2018\\\/11\\\/logo-laguiadepamplona18-web1.png\",\"width\":600,\"height\":196,\"caption\":\"La Gu\u00eda de Pamplona \\\/ Noticias\"},\"image\":{\"@id\":\"https:\\\/\\\/www.laguiadepamplona.com\\\/actualidad\\\/#\\\/schema\\\/logo\\\/image\\\/\"},\"sameAs\":[\"https:\\\/\\\/www.facebook.com\\\/laguiadepamplonacom-133175176762273\\\/?ref=hl\",\"https:\\\/\\\/x.com\\\/LaGuiadPamplona\",\"https:\\\/\\\/www.instagram.com\\\/la_guia_de_pamplona\\\/\",\"https:\\\/\\\/www.youtube.com\\\/user\\\/laguiadepamplona\"]},{\"@type\":\"Person\",\"@id\":\"https:\\\/\\\/www.laguiadepamplona.com\\\/actualidad\\\/#\\\/schema\\\/person\\\/efe887376f0213d4657c93adc50b1fdb\",\"name\":\"La Gu\u00eda de Pamplona\",\"image\":{\"@type\":\"ImageObject\",\"inLanguage\":\"es\",\"@id\":\"https:\\\/\\\/secure.gravatar.com\\\/avatar\\\/b6992f131dc8d30ab0dff15446e9d346d9dbd95992de0fef795073f5ea83a81c?s=96&d=mm&r=g\",\"url\":\"https:\\\/\\\/secure.gravatar.com\\\/avatar\\\/b6992f131dc8d30ab0dff15446e9d346d9dbd95992de0fef795073f5ea83a81c?s=96&d=mm&r=g\",\"contentUrl\":\"https:\\\/\\\/secure.gravatar.com\\\/avatar\\\/b6992f131dc8d30ab0dff15446e9d346d9dbd95992de0fef795073f5ea83a81c?s=96&d=mm&r=g\",\"caption\":\"La Gu\u00eda de Pamplona\"}}]}<\/script>\n<!-- \/ Yoast SEO plugin. -->","yoast_head_json":{"title":"\u2018Auzortzen\u2019 inaugura una nueva l\u00ednea de trabajo en red en los barrios con actividades culturales y sociales en Mendillorri organizadas entre Civivox, Antzara y Bideberri","robots":{"index":"index","follow":"follow","max-snippet":"max-snippet:-1","max-image-preview":"max-image-preview:large","max-video-preview":"max-video-preview:-1"},"canonical":"https:\/\/www.laguiadepamplona.com\/actualidad\/auzortzen-inaugura-una-nueva-linea-de-trabajo-en-red-en-los-barrios-con-actividades-culturales-y-sociales-en-mendillorri-organizadas-entre-civivox-antzara-y-bideberri\/","og_locale":"es_ES","og_type":"article","og_title":"\u2018Auzortzen\u2019 inaugura una nueva l\u00ednea de trabajo en red en los barrios con actividades culturales y sociales en Mendillorri organizadas entre Civivox, Antzara y Bideberri","og_url":"https:\/\/www.laguiadepamplona.com\/actualidad\/auzortzen-inaugura-una-nueva-linea-de-trabajo-en-red-en-los-barrios-con-actividades-culturales-y-sociales-en-mendillorri-organizadas-entre-civivox-antzara-y-bideberri\/","og_site_name":"La Gu\u00eda de Pamplona","article_publisher":"https:\/\/www.facebook.com\/laguiadepamplonacom-133175176762273\/?ref=hl","article_published_time":"2019-02-18T17:36:48+00:00","og_image":[{"width":870,"height":390,"url":"https:\/\/www.laguiadepamplona.com\/actualidad\/wp-content\/uploads\/2016\/12\/civivox-mendillorri.jpg","type":"image\/jpeg"}],"author":"La Gu\u00eda de Pamplona","twitter_card":"summary_large_image","twitter_creator":"@LaGuiadPamplona","twitter_site":"@LaGuiadPamplona","twitter_misc":{"Escrito por":"La Gu\u00eda de Pamplona","Tiempo de lectura":"5 minutos"},"schema":{"@context":"https:\/\/schema.org","@graph":[{"@type":"Article","@id":"https:\/\/www.laguiadepamplona.com\/actualidad\/auzortzen-inaugura-una-nueva-linea-de-trabajo-en-red-en-los-barrios-con-actividades-culturales-y-sociales-en-mendillorri-organizadas-entre-civivox-antzara-y-bideberri\/#article","isPartOf":{"@id":"https:\/\/www.laguiadepamplona.com\/actualidad\/auzortzen-inaugura-una-nueva-linea-de-trabajo-en-red-en-los-barrios-con-actividades-culturales-y-sociales-en-mendillorri-organizadas-entre-civivox-antzara-y-bideberri\/"},"author":{"name":"La Gu\u00eda de Pamplona","@id":"https:\/\/www.laguiadepamplona.com\/actualidad\/#\/schema\/person\/efe887376f0213d4657c93adc50b1fdb"},"headline":"\u2018Auzortzen\u2019 inaugura una nueva l\u00ednea de trabajo en red en los barrios con actividades culturales y sociales en Mendillorri organizadas entre Civivox, Antzara y Bideberri","datePublished":"2019-02-18T17:36:48+00:00","mainEntityOfPage":{"@id":"https:\/\/www.laguiadepamplona.com\/actualidad\/auzortzen-inaugura-una-nueva-linea-de-trabajo-en-red-en-los-barrios-con-actividades-culturales-y-sociales-en-mendillorri-organizadas-entre-civivox-antzara-y-bideberri\/"},"wordCount":1019,"commentCount":0,"publisher":{"@id":"https:\/\/www.laguiadepamplona.com\/actualidad\/#organization"},"image":{"@id":"https:\/\/www.laguiadepamplona.com\/actualidad\/auzortzen-inaugura-una-nueva-linea-de-trabajo-en-red-en-los-barrios-con-actividades-culturales-y-sociales-en-mendillorri-organizadas-entre-civivox-antzara-y-bideberri\/#primaryimage"},"thumbnailUrl":"https:\/\/www.laguiadepamplona.com\/actualidad\/wp-content\/uploads\/2016\/12\/civivox-mendillorri.jpg","articleSection":["Ayto Pamplona"],"inLanguage":"es","potentialAction":[{"@type":"CommentAction","name":"Comment","target":["https:\/\/www.laguiadepamplona.com\/actualidad\/auzortzen-inaugura-una-nueva-linea-de-trabajo-en-red-en-los-barrios-con-actividades-culturales-y-sociales-en-mendillorri-organizadas-entre-civivox-antzara-y-bideberri\/#respond"]}]},{"@type":"WebPage","@id":"https:\/\/www.laguiadepamplona.com\/actualidad\/auzortzen-inaugura-una-nueva-linea-de-trabajo-en-red-en-los-barrios-con-actividades-culturales-y-sociales-en-mendillorri-organizadas-entre-civivox-antzara-y-bideberri\/","url":"https:\/\/www.laguiadepamplona.com\/actualidad\/auzortzen-inaugura-una-nueva-linea-de-trabajo-en-red-en-los-barrios-con-actividades-culturales-y-sociales-en-mendillorri-organizadas-entre-civivox-antzara-y-bideberri\/","name":"\u2018Auzortzen\u2019 inaugura una nueva l\u00ednea de trabajo en red en los barrios con actividades culturales y sociales en Mendillorri organizadas entre Civivox, Antzara y Bideberri","isPartOf":{"@id":"https:\/\/www.laguiadepamplona.com\/actualidad\/#website"},"primaryImageOfPage":{"@id":"https:\/\/www.laguiadepamplona.com\/actualidad\/auzortzen-inaugura-una-nueva-linea-de-trabajo-en-red-en-los-barrios-con-actividades-culturales-y-sociales-en-mendillorri-organizadas-entre-civivox-antzara-y-bideberri\/#primaryimage"},"image":{"@id":"https:\/\/www.laguiadepamplona.com\/actualidad\/auzortzen-inaugura-una-nueva-linea-de-trabajo-en-red-en-los-barrios-con-actividades-culturales-y-sociales-en-mendillorri-organizadas-entre-civivox-antzara-y-bideberri\/#primaryimage"},"thumbnailUrl":"https:\/\/www.laguiadepamplona.com\/actualidad\/wp-content\/uploads\/2016\/12\/civivox-mendillorri.jpg","datePublished":"2019-02-18T17:36:48+00:00","breadcrumb":{"@id":"https:\/\/www.laguiadepamplona.com\/actualidad\/auzortzen-inaugura-una-nueva-linea-de-trabajo-en-red-en-los-barrios-con-actividades-culturales-y-sociales-en-mendillorri-organizadas-entre-civivox-antzara-y-bideberri\/#breadcrumb"},"inLanguage":"es","potentialAction":[{"@type":"ReadAction","target":["https:\/\/www.laguiadepamplona.com\/actualidad\/auzortzen-inaugura-una-nueva-linea-de-trabajo-en-red-en-los-barrios-con-actividades-culturales-y-sociales-en-mendillorri-organizadas-entre-civivox-antzara-y-bideberri\/"]}]},{"@type":"ImageObject","inLanguage":"es","@id":"https:\/\/www.laguiadepamplona.com\/actualidad\/auzortzen-inaugura-una-nueva-linea-de-trabajo-en-red-en-los-barrios-con-actividades-culturales-y-sociales-en-mendillorri-organizadas-entre-civivox-antzara-y-bideberri\/#primaryimage","url":"https:\/\/www.laguiadepamplona.com\/actualidad\/wp-content\/uploads\/2016\/12\/civivox-mendillorri.jpg","contentUrl":"https:\/\/www.laguiadepamplona.com\/actualidad\/wp-content\/uploads\/2016\/12\/civivox-mendillorri.jpg","width":870,"height":390},{"@type":"BreadcrumbList","@id":"https:\/\/www.laguiadepamplona.com\/actualidad\/auzortzen-inaugura-una-nueva-linea-de-trabajo-en-red-en-los-barrios-con-actividades-culturales-y-sociales-en-mendillorri-organizadas-entre-civivox-antzara-y-bideberri\/#breadcrumb","itemListElement":[{"@type":"ListItem","position":1,"name":"Portada","item":"https:\/\/www.laguiadepamplona.com\/actualidad\/"},{"@type":"ListItem","position":2,"name":"\u2018Auzortzen\u2019 inaugura una nueva l\u00ednea de trabajo en red en los barrios con actividades culturales y sociales en Mendillorri organizadas entre Civivox, Antzara y Bideberri"}]},{"@type":"WebSite","@id":"https:\/\/www.laguiadepamplona.com\/actualidad\/#website","url":"https:\/\/www.laguiadepamplona.com\/actualidad\/","name":"La gu\u00eda de Pamplona","description":"Noticias de Pamplona","publisher":{"@id":"https:\/\/www.laguiadepamplona.com\/actualidad\/#organization"},"potentialAction":[{"@type":"SearchAction","target":{"@type":"EntryPoint","urlTemplate":"https:\/\/www.laguiadepamplona.com\/actualidad\/?s={search_term_string}"},"query-input":{"@type":"PropertyValueSpecification","valueRequired":true,"valueName":"search_term_string"}}],"inLanguage":"es"},{"@type":"Organization","@id":"https:\/\/www.laguiadepamplona.com\/actualidad\/#organization","name":"La Gu\u00eda de Pamplona \/ Noticias","url":"https:\/\/www.laguiadepamplona.com\/actualidad\/","logo":{"@type":"ImageObject","inLanguage":"es","@id":"https:\/\/www.laguiadepamplona.com\/actualidad\/#\/schema\/logo\/image\/","url":"https:\/\/www.laguiadepamplona.com\/actualidad\/wp-content\/uploads\/2018\/11\/logo-laguiadepamplona18-web1.png","contentUrl":"https:\/\/www.laguiadepamplona.com\/actualidad\/wp-content\/uploads\/2018\/11\/logo-laguiadepamplona18-web1.png","width":600,"height":196,"caption":"La Gu\u00eda de Pamplona \/ Noticias"},"image":{"@id":"https:\/\/www.laguiadepamplona.com\/actualidad\/#\/schema\/logo\/image\/"},"sameAs":["https:\/\/www.facebook.com\/laguiadepamplonacom-133175176762273\/?ref=hl","https:\/\/x.com\/LaGuiadPamplona","https:\/\/www.instagram.com\/la_guia_de_pamplona\/","https:\/\/www.youtube.com\/user\/laguiadepamplona"]},{"@type":"Person","@id":"https:\/\/www.laguiadepamplona.com\/actualidad\/#\/schema\/person\/efe887376f0213d4657c93adc50b1fdb","name":"La Gu\u00eda de Pamplona","image":{"@type":"ImageObject","inLanguage":"es","@id":"https:\/\/secure.gravatar.com\/avatar\/b6992f131dc8d30ab0dff15446e9d346d9dbd95992de0fef795073f5ea83a81c?s=96&d=mm&r=g","url":"https:\/\/secure.gravatar.com\/avatar\/b6992f131dc8d30ab0dff15446e9d346d9dbd95992de0fef795073f5ea83a81c?s=96&d=mm&r=g","contentUrl":"https:\/\/secure.gravatar.com\/avatar\/b6992f131dc8d30ab0dff15446e9d346d9dbd95992de0fef795073f5ea83a81c?s=96&d=mm&r=g","caption":"La Gu\u00eda de Pamplona"}}]}},"post_mailing_queue_ids":[],"_links":{"self":[{"href":"https:\/\/www.laguiadepamplona.com\/actualidad\/wp-json\/wp\/v2\/posts\/20442","targetHints":{"allow":["GET"]}}],"collection":[{"href":"https:\/\/www.laguiadepamplona.com\/actualidad\/wp-json\/wp\/v2\/posts"}],"about":[{"href":"https:\/\/www.laguiadepamplona.com\/actualidad\/wp-json\/wp\/v2\/types\/post"}],"author":[{"embeddable":true,"href":"https:\/\/www.laguiadepamplona.com\/actualidad\/wp-json\/wp\/v2\/users\/1"}],"replies":[{"embeddable":true,"href":"https:\/\/www.laguiadepamplona.com\/actualidad\/wp-json\/wp\/v2\/comments?post=20442"}],"version-history":[{"count":0,"href":"https:\/\/www.laguiadepamplona.com\/actualidad\/wp-json\/wp\/v2\/posts\/20442\/revisions"}],"wp:featuredmedia":[{"embeddable":true,"href":"https:\/\/www.laguiadepamplona.com\/actualidad\/wp-json\/wp\/v2\/media\/11011"}],"wp:attachment":[{"href":"https:\/\/www.laguiadepamplona.com\/actualidad\/wp-json\/wp\/v2\/media?parent=20442"}],"wp:term":[{"taxonomy":"category","embeddable":true,"href":"https:\/\/www.laguiadepamplona.com\/actualidad\/wp-json\/wp\/v2\/categories?post=20442"},{"taxonomy":"post_tag","embeddable":true,"href":"https:\/\/www.laguiadepamplona.com\/actualidad\/wp-json\/wp\/v2\/tags?post=20442"}],"curies":[{"name":"wp","href":"https:\/\/api.w.org\/{rel}","templated":true}]}}