{"id":20439,"date":"2019-02-18T19:35:31","date_gmt":"2019-02-18T17:35:31","guid":{"rendered":"https:\/\/www.laguiadepamplona.es\/actualidad\/?p=20439"},"modified":"2019-02-18T19:35:31","modified_gmt":"2019-02-18T17:35:31","slug":"vacaciones-en-roma-inicia-manana-la-cartelera-accesible-de-civiviox-mendillorri","status":"publish","type":"post","link":"https:\/\/www.laguiadepamplona.com\/actualidad\/vacaciones-en-roma-inicia-manana-la-cartelera-accesible-de-civiviox-mendillorri\/","title":{"rendered":"\u2018Vacaciones en Roma\u2019 inicia ma\u00f1ana la cartelera accesible de Civiviox Mendillorri"},"content":{"rendered":"<p><!--more--><\/p>\n<h3>Es la primera de las cuatro pel\u00edculas que se proyectar\u00e1n este cuatrimestre en ese centro, dentro del ciclo \u2018Ver, o\u00edr&#8230; y aplaudir\u2019<\/h3>\n<p>Este martes comienzan las proyecciones del ciclo \u2018Ver, o\u00edr&#8230; y aplaudir\u2019, un conjunto de actividades de la red Civivox destinadas a ofertar actividades accesibles a todos los ciudadanos. Dentro del ciclo este cuatrimestre se proyectar\u00e1n cuatro filmes comenzando ma\u00f1ana con \u2018Vacaciones en Roma\u2019 (EEUU, 1953, 118\u2019), una comedia rom\u00e1ntica de William Wyler protagonizada por Audrey Hepburn y Gregory Peck. Un periodista americano y una princesa de un peque\u00f1o pa\u00eds centroeuropeo que viaja de inc\u00f3gnito, se encuentran en la capital italiana y juntos vivir\u00e1n distintas experiencias en la ciudad.<\/p>\n<p>La pel\u00edcula, un cl\u00e1sico de la comedia rom\u00e1ntica con historia original del escritor, guionista y tambi\u00e9n director norteamericano Dalton Trumbo. La cinta, en blanco y negro, recibi\u00f3 tres Oscar (entre ellos al argumento original), un Globo de Oro, un BAFTA y diversos premios m\u00e1s, la mayor\u00eda centrados en la interpretaci\u00f3n de Audrey Hepburn. La pel\u00edcula se proyectar\u00e1 en Civivox Mendillorri a las 19 horas, con entrada libre previa retirada de invitaci\u00f3n desde una hora antes.<\/p>\n<p>Esta cartelera tiene previsto ofrecer una cinta cada mes y las sesiones ser\u00e1n siempre en martes. La pr\u00f3xima propuesta ser\u00e1 el 25 de marzo, una obra de principios del siglo pasado: \u2018Tiempos modernos\u2019 (EEUU, 1936, 89), la c\u00e9lebre s\u00e1tira sobre la alienaci\u00f3n y la industrializaci\u00f3n dirigida y protagonizada por Charles Chaplin que sigue tan vigente como cuando se rod\u00f3. Despu\u00e9s vendr\u00e1n \u2018La Venus de las pieles\u2019 (coproducci\u00f3n franco-polaca, 2013, 96\u2019) el 16 de abril y \u2018Desayuno con diamantes\u2019 (EEUU, 1961 115\u2019) el 14 de mayo.<\/p>\n<p><strong>CINE. Civivox Mendillorri. 19 horas<\/strong><\/p>\n<p><strong>Entrada libre, previa retirada de invitaci\u00f3n desde una hora antes del comienzo de la actividad, m\u00e1ximo dos por persona<\/strong><\/p>\n<p><strong>Con sistema de audiodescripci\u00f3n<\/strong><\/p>\n<p><strong>Martes 19 de febrero<\/strong><\/p>\n<ul>\n<li>Vacaciones en Roma (EEUU, 1953, 118\u2019), de William Wyler<\/li>\n<\/ul>\n<p><strong>Martes 26 de marzo<\/strong><\/p>\n<ul>\n<li>Tiempos modernos (EEUU, 1936, 89\u2019), de Charles Chaplin<\/li>\n<\/ul>\n","protected":false},"excerpt":{"rendered":"","protected":false},"author":1,"featured_media":20440,"comment_status":"open","ping_status":"closed","sticky":false,"template":"","format":"standard","meta":{"footnotes":""},"categories":[2],"tags":[],"class_list":["post-20439","post","type-post","status-publish","format-standard","has-post-thumbnail","hentry","category-ayuntamiento-pamplona"],"yoast_head":"<!-- This site is optimized with the Yoast SEO plugin v27.3 - https:\/\/yoast.com\/product\/yoast-seo-wordpress\/ -->\n<title>\u2018Vacaciones en Roma\u2019 inicia ma\u00f1ana la cartelera accesible de Civiviox Mendillorri<\/title>\n<meta name=\"robots\" content=\"index, follow, max-snippet:-1, max-image-preview:large, max-video-preview:-1\" \/>\n<link rel=\"canonical\" href=\"https:\/\/www.laguiadepamplona.com\/actualidad\/vacaciones-en-roma-inicia-manana-la-cartelera-accesible-de-civiviox-mendillorri\/\" \/>\n<meta property=\"og:locale\" content=\"es_ES\" \/>\n<meta property=\"og:type\" content=\"article\" \/>\n<meta property=\"og:title\" content=\"\u2018Vacaciones en Roma\u2019 inicia ma\u00f1ana la cartelera accesible de Civiviox Mendillorri\" \/>\n<meta property=\"og:url\" content=\"https:\/\/www.laguiadepamplona.com\/actualidad\/vacaciones-en-roma-inicia-manana-la-cartelera-accesible-de-civiviox-mendillorri\/\" \/>\n<meta property=\"og:site_name\" content=\"La Gu\u00eda de Pamplona\" \/>\n<meta property=\"article:publisher\" content=\"https:\/\/www.facebook.com\/laguiadepamplonacom-133175176762273\/?ref=hl\" \/>\n<meta property=\"article:published_time\" content=\"2019-02-18T17:35:31+00:00\" \/>\n<meta property=\"og:image\" content=\"https:\/\/www.laguiadepamplona.com\/actualidad\/wp-content\/uploads\/2019\/02\/vacaciones-en-roma-4.jpg\" \/>\n\t<meta property=\"og:image:width\" content=\"1600\" \/>\n\t<meta property=\"og:image:height\" content=\"1059\" \/>\n\t<meta property=\"og:image:type\" content=\"image\/jpeg\" \/>\n<meta name=\"author\" content=\"La Gu\u00eda de Pamplona\" \/>\n<meta name=\"twitter:card\" content=\"summary_large_image\" \/>\n<meta name=\"twitter:creator\" content=\"@LaGuiadPamplona\" \/>\n<meta name=\"twitter:site\" content=\"@LaGuiadPamplona\" \/>\n<meta name=\"twitter:label1\" content=\"Escrito por\" \/>\n\t<meta name=\"twitter:data1\" content=\"La Gu\u00eda de Pamplona\" \/>\n\t<meta name=\"twitter:label2\" content=\"Tiempo de lectura\" \/>\n\t<meta name=\"twitter:data2\" content=\"2 minutos\" \/>\n<script type=\"application\/ld+json\" class=\"yoast-schema-graph\">{\"@context\":\"https:\\\/\\\/schema.org\",\"@graph\":[{\"@type\":\"Article\",\"@id\":\"https:\\\/\\\/www.laguiadepamplona.com\\\/actualidad\\\/vacaciones-en-roma-inicia-manana-la-cartelera-accesible-de-civiviox-mendillorri\\\/#article\",\"isPartOf\":{\"@id\":\"https:\\\/\\\/www.laguiadepamplona.com\\\/actualidad\\\/vacaciones-en-roma-inicia-manana-la-cartelera-accesible-de-civiviox-mendillorri\\\/\"},\"author\":{\"name\":\"La Gu\u00eda de Pamplona\",\"@id\":\"https:\\\/\\\/www.laguiadepamplona.com\\\/actualidad\\\/#\\\/schema\\\/person\\\/efe887376f0213d4657c93adc50b1fdb\"},\"headline\":\"\u2018Vacaciones en Roma\u2019 inicia ma\u00f1ana la cartelera accesible de Civiviox Mendillorri\",\"datePublished\":\"2019-02-18T17:35:31+00:00\",\"mainEntityOfPage\":{\"@id\":\"https:\\\/\\\/www.laguiadepamplona.com\\\/actualidad\\\/vacaciones-en-roma-inicia-manana-la-cartelera-accesible-de-civiviox-mendillorri\\\/\"},\"wordCount\":348,\"commentCount\":0,\"publisher\":{\"@id\":\"https:\\\/\\\/www.laguiadepamplona.com\\\/actualidad\\\/#organization\"},\"image\":{\"@id\":\"https:\\\/\\\/www.laguiadepamplona.com\\\/actualidad\\\/vacaciones-en-roma-inicia-manana-la-cartelera-accesible-de-civiviox-mendillorri\\\/#primaryimage\"},\"thumbnailUrl\":\"https:\\\/\\\/www.laguiadepamplona.com\\\/actualidad\\\/wp-content\\\/uploads\\\/2019\\\/02\\\/vacaciones-en-roma-4.jpg\",\"articleSection\":[\"Ayto Pamplona\"],\"inLanguage\":\"es\",\"potentialAction\":[{\"@type\":\"CommentAction\",\"name\":\"Comment\",\"target\":[\"https:\\\/\\\/www.laguiadepamplona.com\\\/actualidad\\\/vacaciones-en-roma-inicia-manana-la-cartelera-accesible-de-civiviox-mendillorri\\\/#respond\"]}]},{\"@type\":\"WebPage\",\"@id\":\"https:\\\/\\\/www.laguiadepamplona.com\\\/actualidad\\\/vacaciones-en-roma-inicia-manana-la-cartelera-accesible-de-civiviox-mendillorri\\\/\",\"url\":\"https:\\\/\\\/www.laguiadepamplona.com\\\/actualidad\\\/vacaciones-en-roma-inicia-manana-la-cartelera-accesible-de-civiviox-mendillorri\\\/\",\"name\":\"\u2018Vacaciones en Roma\u2019 inicia ma\u00f1ana la cartelera accesible de Civiviox Mendillorri\",\"isPartOf\":{\"@id\":\"https:\\\/\\\/www.laguiadepamplona.com\\\/actualidad\\\/#website\"},\"primaryImageOfPage\":{\"@id\":\"https:\\\/\\\/www.laguiadepamplona.com\\\/actualidad\\\/vacaciones-en-roma-inicia-manana-la-cartelera-accesible-de-civiviox-mendillorri\\\/#primaryimage\"},\"image\":{\"@id\":\"https:\\\/\\\/www.laguiadepamplona.com\\\/actualidad\\\/vacaciones-en-roma-inicia-manana-la-cartelera-accesible-de-civiviox-mendillorri\\\/#primaryimage\"},\"thumbnailUrl\":\"https:\\\/\\\/www.laguiadepamplona.com\\\/actualidad\\\/wp-content\\\/uploads\\\/2019\\\/02\\\/vacaciones-en-roma-4.jpg\",\"datePublished\":\"2019-02-18T17:35:31+00:00\",\"breadcrumb\":{\"@id\":\"https:\\\/\\\/www.laguiadepamplona.com\\\/actualidad\\\/vacaciones-en-roma-inicia-manana-la-cartelera-accesible-de-civiviox-mendillorri\\\/#breadcrumb\"},\"inLanguage\":\"es\",\"potentialAction\":[{\"@type\":\"ReadAction\",\"target\":[\"https:\\\/\\\/www.laguiadepamplona.com\\\/actualidad\\\/vacaciones-en-roma-inicia-manana-la-cartelera-accesible-de-civiviox-mendillorri\\\/\"]}]},{\"@type\":\"ImageObject\",\"inLanguage\":\"es\",\"@id\":\"https:\\\/\\\/www.laguiadepamplona.com\\\/actualidad\\\/vacaciones-en-roma-inicia-manana-la-cartelera-accesible-de-civiviox-mendillorri\\\/#primaryimage\",\"url\":\"https:\\\/\\\/www.laguiadepamplona.com\\\/actualidad\\\/wp-content\\\/uploads\\\/2019\\\/02\\\/vacaciones-en-roma-4.jpg\",\"contentUrl\":\"https:\\\/\\\/www.laguiadepamplona.com\\\/actualidad\\\/wp-content\\\/uploads\\\/2019\\\/02\\\/vacaciones-en-roma-4.jpg\",\"width\":1600,\"height\":1059},{\"@type\":\"BreadcrumbList\",\"@id\":\"https:\\\/\\\/www.laguiadepamplona.com\\\/actualidad\\\/vacaciones-en-roma-inicia-manana-la-cartelera-accesible-de-civiviox-mendillorri\\\/#breadcrumb\",\"itemListElement\":[{\"@type\":\"ListItem\",\"position\":1,\"name\":\"Portada\",\"item\":\"https:\\\/\\\/www.laguiadepamplona.com\\\/actualidad\\\/\"},{\"@type\":\"ListItem\",\"position\":2,\"name\":\"\u2018Vacaciones en Roma\u2019 inicia ma\u00f1ana la cartelera accesible de Civiviox Mendillorri\"}]},{\"@type\":\"WebSite\",\"@id\":\"https:\\\/\\\/www.laguiadepamplona.com\\\/actualidad\\\/#website\",\"url\":\"https:\\\/\\\/www.laguiadepamplona.com\\\/actualidad\\\/\",\"name\":\"La gu\u00eda de Pamplona\",\"description\":\"Noticias de Pamplona\",\"publisher\":{\"@id\":\"https:\\\/\\\/www.laguiadepamplona.com\\\/actualidad\\\/#organization\"},\"potentialAction\":[{\"@type\":\"SearchAction\",\"target\":{\"@type\":\"EntryPoint\",\"urlTemplate\":\"https:\\\/\\\/www.laguiadepamplona.com\\\/actualidad\\\/?s={search_term_string}\"},\"query-input\":{\"@type\":\"PropertyValueSpecification\",\"valueRequired\":true,\"valueName\":\"search_term_string\"}}],\"inLanguage\":\"es\"},{\"@type\":\"Organization\",\"@id\":\"https:\\\/\\\/www.laguiadepamplona.com\\\/actualidad\\\/#organization\",\"name\":\"La Gu\u00eda de Pamplona \\\/ Noticias\",\"url\":\"https:\\\/\\\/www.laguiadepamplona.com\\\/actualidad\\\/\",\"logo\":{\"@type\":\"ImageObject\",\"inLanguage\":\"es\",\"@id\":\"https:\\\/\\\/www.laguiadepamplona.com\\\/actualidad\\\/#\\\/schema\\\/logo\\\/image\\\/\",\"url\":\"https:\\\/\\\/www.laguiadepamplona.com\\\/actualidad\\\/wp-content\\\/uploads\\\/2018\\\/11\\\/logo-laguiadepamplona18-web1.png\",\"contentUrl\":\"https:\\\/\\\/www.laguiadepamplona.com\\\/actualidad\\\/wp-content\\\/uploads\\\/2018\\\/11\\\/logo-laguiadepamplona18-web1.png\",\"width\":600,\"height\":196,\"caption\":\"La Gu\u00eda de Pamplona \\\/ Noticias\"},\"image\":{\"@id\":\"https:\\\/\\\/www.laguiadepamplona.com\\\/actualidad\\\/#\\\/schema\\\/logo\\\/image\\\/\"},\"sameAs\":[\"https:\\\/\\\/www.facebook.com\\\/laguiadepamplonacom-133175176762273\\\/?ref=hl\",\"https:\\\/\\\/x.com\\\/LaGuiadPamplona\",\"https:\\\/\\\/www.instagram.com\\\/la_guia_de_pamplona\\\/\",\"https:\\\/\\\/www.youtube.com\\\/user\\\/laguiadepamplona\"]},{\"@type\":\"Person\",\"@id\":\"https:\\\/\\\/www.laguiadepamplona.com\\\/actualidad\\\/#\\\/schema\\\/person\\\/efe887376f0213d4657c93adc50b1fdb\",\"name\":\"La Gu\u00eda de Pamplona\",\"image\":{\"@type\":\"ImageObject\",\"inLanguage\":\"es\",\"@id\":\"https:\\\/\\\/secure.gravatar.com\\\/avatar\\\/b6992f131dc8d30ab0dff15446e9d346d9dbd95992de0fef795073f5ea83a81c?s=96&d=mm&r=g\",\"url\":\"https:\\\/\\\/secure.gravatar.com\\\/avatar\\\/b6992f131dc8d30ab0dff15446e9d346d9dbd95992de0fef795073f5ea83a81c?s=96&d=mm&r=g\",\"contentUrl\":\"https:\\\/\\\/secure.gravatar.com\\\/avatar\\\/b6992f131dc8d30ab0dff15446e9d346d9dbd95992de0fef795073f5ea83a81c?s=96&d=mm&r=g\",\"caption\":\"La Gu\u00eda de Pamplona\"}}]}<\/script>\n<!-- \/ Yoast SEO plugin. -->","yoast_head_json":{"title":"\u2018Vacaciones en Roma\u2019 inicia ma\u00f1ana la cartelera accesible de Civiviox Mendillorri","robots":{"index":"index","follow":"follow","max-snippet":"max-snippet:-1","max-image-preview":"max-image-preview:large","max-video-preview":"max-video-preview:-1"},"canonical":"https:\/\/www.laguiadepamplona.com\/actualidad\/vacaciones-en-roma-inicia-manana-la-cartelera-accesible-de-civiviox-mendillorri\/","og_locale":"es_ES","og_type":"article","og_title":"\u2018Vacaciones en Roma\u2019 inicia ma\u00f1ana la cartelera accesible de Civiviox Mendillorri","og_url":"https:\/\/www.laguiadepamplona.com\/actualidad\/vacaciones-en-roma-inicia-manana-la-cartelera-accesible-de-civiviox-mendillorri\/","og_site_name":"La Gu\u00eda de Pamplona","article_publisher":"https:\/\/www.facebook.com\/laguiadepamplonacom-133175176762273\/?ref=hl","article_published_time":"2019-02-18T17:35:31+00:00","og_image":[{"width":1600,"height":1059,"url":"https:\/\/www.laguiadepamplona.com\/actualidad\/wp-content\/uploads\/2019\/02\/vacaciones-en-roma-4.jpg","type":"image\/jpeg"}],"author":"La Gu\u00eda de Pamplona","twitter_card":"summary_large_image","twitter_creator":"@LaGuiadPamplona","twitter_site":"@LaGuiadPamplona","twitter_misc":{"Escrito por":"La Gu\u00eda de Pamplona","Tiempo de lectura":"2 minutos"},"schema":{"@context":"https:\/\/schema.org","@graph":[{"@type":"Article","@id":"https:\/\/www.laguiadepamplona.com\/actualidad\/vacaciones-en-roma-inicia-manana-la-cartelera-accesible-de-civiviox-mendillorri\/#article","isPartOf":{"@id":"https:\/\/www.laguiadepamplona.com\/actualidad\/vacaciones-en-roma-inicia-manana-la-cartelera-accesible-de-civiviox-mendillorri\/"},"author":{"name":"La Gu\u00eda de Pamplona","@id":"https:\/\/www.laguiadepamplona.com\/actualidad\/#\/schema\/person\/efe887376f0213d4657c93adc50b1fdb"},"headline":"\u2018Vacaciones en Roma\u2019 inicia ma\u00f1ana la cartelera accesible de Civiviox Mendillorri","datePublished":"2019-02-18T17:35:31+00:00","mainEntityOfPage":{"@id":"https:\/\/www.laguiadepamplona.com\/actualidad\/vacaciones-en-roma-inicia-manana-la-cartelera-accesible-de-civiviox-mendillorri\/"},"wordCount":348,"commentCount":0,"publisher":{"@id":"https:\/\/www.laguiadepamplona.com\/actualidad\/#organization"},"image":{"@id":"https:\/\/www.laguiadepamplona.com\/actualidad\/vacaciones-en-roma-inicia-manana-la-cartelera-accesible-de-civiviox-mendillorri\/#primaryimage"},"thumbnailUrl":"https:\/\/www.laguiadepamplona.com\/actualidad\/wp-content\/uploads\/2019\/02\/vacaciones-en-roma-4.jpg","articleSection":["Ayto Pamplona"],"inLanguage":"es","potentialAction":[{"@type":"CommentAction","name":"Comment","target":["https:\/\/www.laguiadepamplona.com\/actualidad\/vacaciones-en-roma-inicia-manana-la-cartelera-accesible-de-civiviox-mendillorri\/#respond"]}]},{"@type":"WebPage","@id":"https:\/\/www.laguiadepamplona.com\/actualidad\/vacaciones-en-roma-inicia-manana-la-cartelera-accesible-de-civiviox-mendillorri\/","url":"https:\/\/www.laguiadepamplona.com\/actualidad\/vacaciones-en-roma-inicia-manana-la-cartelera-accesible-de-civiviox-mendillorri\/","name":"\u2018Vacaciones en Roma\u2019 inicia ma\u00f1ana la cartelera accesible de Civiviox Mendillorri","isPartOf":{"@id":"https:\/\/www.laguiadepamplona.com\/actualidad\/#website"},"primaryImageOfPage":{"@id":"https:\/\/www.laguiadepamplona.com\/actualidad\/vacaciones-en-roma-inicia-manana-la-cartelera-accesible-de-civiviox-mendillorri\/#primaryimage"},"image":{"@id":"https:\/\/www.laguiadepamplona.com\/actualidad\/vacaciones-en-roma-inicia-manana-la-cartelera-accesible-de-civiviox-mendillorri\/#primaryimage"},"thumbnailUrl":"https:\/\/www.laguiadepamplona.com\/actualidad\/wp-content\/uploads\/2019\/02\/vacaciones-en-roma-4.jpg","datePublished":"2019-02-18T17:35:31+00:00","breadcrumb":{"@id":"https:\/\/www.laguiadepamplona.com\/actualidad\/vacaciones-en-roma-inicia-manana-la-cartelera-accesible-de-civiviox-mendillorri\/#breadcrumb"},"inLanguage":"es","potentialAction":[{"@type":"ReadAction","target":["https:\/\/www.laguiadepamplona.com\/actualidad\/vacaciones-en-roma-inicia-manana-la-cartelera-accesible-de-civiviox-mendillorri\/"]}]},{"@type":"ImageObject","inLanguage":"es","@id":"https:\/\/www.laguiadepamplona.com\/actualidad\/vacaciones-en-roma-inicia-manana-la-cartelera-accesible-de-civiviox-mendillorri\/#primaryimage","url":"https:\/\/www.laguiadepamplona.com\/actualidad\/wp-content\/uploads\/2019\/02\/vacaciones-en-roma-4.jpg","contentUrl":"https:\/\/www.laguiadepamplona.com\/actualidad\/wp-content\/uploads\/2019\/02\/vacaciones-en-roma-4.jpg","width":1600,"height":1059},{"@type":"BreadcrumbList","@id":"https:\/\/www.laguiadepamplona.com\/actualidad\/vacaciones-en-roma-inicia-manana-la-cartelera-accesible-de-civiviox-mendillorri\/#breadcrumb","itemListElement":[{"@type":"ListItem","position":1,"name":"Portada","item":"https:\/\/www.laguiadepamplona.com\/actualidad\/"},{"@type":"ListItem","position":2,"name":"\u2018Vacaciones en Roma\u2019 inicia ma\u00f1ana la cartelera accesible de Civiviox Mendillorri"}]},{"@type":"WebSite","@id":"https:\/\/www.laguiadepamplona.com\/actualidad\/#website","url":"https:\/\/www.laguiadepamplona.com\/actualidad\/","name":"La gu\u00eda de Pamplona","description":"Noticias de Pamplona","publisher":{"@id":"https:\/\/www.laguiadepamplona.com\/actualidad\/#organization"},"potentialAction":[{"@type":"SearchAction","target":{"@type":"EntryPoint","urlTemplate":"https:\/\/www.laguiadepamplona.com\/actualidad\/?s={search_term_string}"},"query-input":{"@type":"PropertyValueSpecification","valueRequired":true,"valueName":"search_term_string"}}],"inLanguage":"es"},{"@type":"Organization","@id":"https:\/\/www.laguiadepamplona.com\/actualidad\/#organization","name":"La Gu\u00eda de Pamplona \/ Noticias","url":"https:\/\/www.laguiadepamplona.com\/actualidad\/","logo":{"@type":"ImageObject","inLanguage":"es","@id":"https:\/\/www.laguiadepamplona.com\/actualidad\/#\/schema\/logo\/image\/","url":"https:\/\/www.laguiadepamplona.com\/actualidad\/wp-content\/uploads\/2018\/11\/logo-laguiadepamplona18-web1.png","contentUrl":"https:\/\/www.laguiadepamplona.com\/actualidad\/wp-content\/uploads\/2018\/11\/logo-laguiadepamplona18-web1.png","width":600,"height":196,"caption":"La Gu\u00eda de Pamplona \/ Noticias"},"image":{"@id":"https:\/\/www.laguiadepamplona.com\/actualidad\/#\/schema\/logo\/image\/"},"sameAs":["https:\/\/www.facebook.com\/laguiadepamplonacom-133175176762273\/?ref=hl","https:\/\/x.com\/LaGuiadPamplona","https:\/\/www.instagram.com\/la_guia_de_pamplona\/","https:\/\/www.youtube.com\/user\/laguiadepamplona"]},{"@type":"Person","@id":"https:\/\/www.laguiadepamplona.com\/actualidad\/#\/schema\/person\/efe887376f0213d4657c93adc50b1fdb","name":"La Gu\u00eda de Pamplona","image":{"@type":"ImageObject","inLanguage":"es","@id":"https:\/\/secure.gravatar.com\/avatar\/b6992f131dc8d30ab0dff15446e9d346d9dbd95992de0fef795073f5ea83a81c?s=96&d=mm&r=g","url":"https:\/\/secure.gravatar.com\/avatar\/b6992f131dc8d30ab0dff15446e9d346d9dbd95992de0fef795073f5ea83a81c?s=96&d=mm&r=g","contentUrl":"https:\/\/secure.gravatar.com\/avatar\/b6992f131dc8d30ab0dff15446e9d346d9dbd95992de0fef795073f5ea83a81c?s=96&d=mm&r=g","caption":"La Gu\u00eda de Pamplona"}}]}},"post_mailing_queue_ids":[],"_links":{"self":[{"href":"https:\/\/www.laguiadepamplona.com\/actualidad\/wp-json\/wp\/v2\/posts\/20439","targetHints":{"allow":["GET"]}}],"collection":[{"href":"https:\/\/www.laguiadepamplona.com\/actualidad\/wp-json\/wp\/v2\/posts"}],"about":[{"href":"https:\/\/www.laguiadepamplona.com\/actualidad\/wp-json\/wp\/v2\/types\/post"}],"author":[{"embeddable":true,"href":"https:\/\/www.laguiadepamplona.com\/actualidad\/wp-json\/wp\/v2\/users\/1"}],"replies":[{"embeddable":true,"href":"https:\/\/www.laguiadepamplona.com\/actualidad\/wp-json\/wp\/v2\/comments?post=20439"}],"version-history":[{"count":0,"href":"https:\/\/www.laguiadepamplona.com\/actualidad\/wp-json\/wp\/v2\/posts\/20439\/revisions"}],"wp:featuredmedia":[{"embeddable":true,"href":"https:\/\/www.laguiadepamplona.com\/actualidad\/wp-json\/wp\/v2\/media\/20440"}],"wp:attachment":[{"href":"https:\/\/www.laguiadepamplona.com\/actualidad\/wp-json\/wp\/v2\/media?parent=20439"}],"wp:term":[{"taxonomy":"category","embeddable":true,"href":"https:\/\/www.laguiadepamplona.com\/actualidad\/wp-json\/wp\/v2\/categories?post=20439"},{"taxonomy":"post_tag","embeddable":true,"href":"https:\/\/www.laguiadepamplona.com\/actualidad\/wp-json\/wp\/v2\/tags?post=20439"}],"curies":[{"name":"wp","href":"https:\/\/api.w.org\/{rel}","templated":true}]}}